{"id":51733,"date":"2022-07-07T11:38:45","date_gmt":"2022-07-07T09:38:45","guid":{"rendered":"https:\/\/pmza.sk\/?p=51733"},"modified":"2022-08-02T11:50:57","modified_gmt":"2022-08-02T09:50:57","slug":"tvorive-piatky-na-budatinskom-hrade","status":"publish","type":"post","link":"https:\/\/pmza.sk\/?p=51733","title":{"rendered":"Tvoriv\u00e9 piatky na Budat\u00ednskom hrade"},"content":{"rendered":"<p>Po minuloro\u010dnom \u00faspechu sa Pova\u017esk\u00e9 m\u00fazeum rozhodlo aj tento rok usporiada\u0165 po\u010das letn\u00fdch pr\u00e1zdnin tvoriv\u00e9 dielne pre n\u00e1v\u0161tevn\u00edkov Budat\u00ednskeho hradu. Podujatie pre v\u0161etky vekov\u00e9 kateg\u00f3rie nesie pr\u00edzna\u010dn\u00fd n\u00e1zov Tvoriv\u00e9 piatky a\u00a0z\u00e1ujemcovia sa m\u00f4\u017eu te\u0161i\u0165 na dva dni pln\u00e9 kreat\u00edvnych \u010dinnost\u00ed. <em>\u201eChceli sme vymyslie\u0165 nie\u010do zauj\u00edmav\u00e9, \u010do by okrem prehliadky hradu mohlo zabavi\u0165 nielen deti, ale aj rodi\u010dov. Prv\u00fd term\u00edn je 15. j\u00fala a\u00a0budeme vyr\u00e1ba\u0165 mydlo. Z\u00e1ujemcovia sa zozn\u00e1mia s\u00a0mydlovou hmotou a\u00a0bylinkami a\u00a0hotov\u00fd v\u00fdrobok si m\u00f4\u017eu odnies\u0165 domov. Cena za t\u00fato tvoriv\u00fa diel\u0148u bude 2 eur\u00e1. Tvorbu viano\u010dn\u00fdch alebo ve\u013ekono\u010dn\u00fdch ozd\u00f4b met\u00f3dou falo\u0161n\u00e9ho patchworku si m\u00f4\u017eu vysk\u00fa\u0161a\u0165 29. j\u00fala a\u00a0za t\u00fato aktivitu zaplatia 2,50,\u201c <\/em>pribli\u017euje m\u00fazejn\u00e1 pedagogi\u010dka Lucia Milov\u00e1.<\/p>\n<p>N\u00e1v\u0161tevn\u00edci sa na tvoriv\u00e9 dielne nemusia objedn\u00e1va\u0165, sta\u010d\u00ed, ke\u010f po\u010das d\u0148a medzi 9.30 a\u00a015.30 pr\u00eddu priamo do v\u00fdchodn\u00e9ho pal\u00e1ca Budat\u00ednskeho hradu.<\/p>\n<p><img fetchpriority=\"high\" decoding=\"async\" class=\"alignnone wp-image-51734\" src=\"https:\/\/pmza.sk\/wp-content\/uploads\/2022\/07\/Piatky-255x360.jpg\" alt=\"\" width=\"317\" height=\"448\" srcset=\"https:\/\/pmza.sk\/wp-content\/uploads\/2022\/07\/Piatky-255x360.jpg 255w, https:\/\/pmza.sk\/wp-content\/uploads\/2022\/07\/Piatky-520x736.jpg 520w, https:\/\/pmza.sk\/wp-content\/uploads\/2022\/07\/Piatky-768x1086.jpg 768w, https:\/\/pmza.sk\/wp-content\/uploads\/2022\/07\/Piatky-1086x1536.jpg 1086w, https:\/\/pmza.sk\/wp-content\/uploads\/2022\/07\/Piatky-1448x2048.jpg 1448w, https:\/\/pmza.sk\/wp-content\/uploads\/2022\/07\/Piatky-600x849.jpg 600w, https:\/\/pmza.sk\/wp-content\/uploads\/2022\/07\/Piatky-scaled.jpg 1810w\" sizes=\"(max-width: 317px) 100vw, 317px\" \/><\/p>\n","protected":false},"excerpt":{"rendered":"<p>Po minuloro\u010dnom \u00faspechu sa Pova\u017esk\u00e9 m\u00fazeum rozhodlo aj tento rok usporiada\u0165 po\u010das letn\u00fdch pr\u00e1zdnin tvoriv\u00e9 dielne pre n\u00e1v\u0161tevn\u00edkov Budat\u00ednskeho hradu. Podujatie pre v\u0161etky vekov\u00e9 kateg\u00f3rie nesie pr\u00edzna\u010dn\u00fd n\u00e1zov Tvoriv\u00e9 piatky a\u00a0z\u00e1ujemcovia sa m\u00f4\u017eu te\u0161i\u0165 na dva dni pln\u00e9 kreat\u00edvnych \u010dinnost\u00ed. \u201eChceli sme vymyslie\u0165 nie\u010do zauj\u00edmav\u00e9, \u010do by okrem prehliadky hradu mohlo zabavi\u0165 nielen deti, ale [&hellip;]<\/p>\n","protected":false},"author":2,"featured_media":36548,"comment_status":"open","ping_status":"open","sticky":false,"template":"","format":"standard","meta":{"site-sidebar-layout":"default","site-content-layout":"default","ast-site-content-layout":"","site-content-style":"default","site-sidebar-style":"default","ast-global-header-display":"","ast-banner-title-visibility":"","ast-main-header-display":"","ast-hfb-above-header-display":"","ast-hfb-below-header-display":"","ast-hfb-mobile-header-display":"","site-post-title":"","ast-breadcrumbs-content":"","ast-featured-img":"","footer-sml-layout":"","theme-transparent-header-meta":"default","adv-header-id-meta":"","stick-header-meta":"default","header-above-stick-meta":"","header-main-stick-meta":"","header-below-stick-meta":"","astra-migrate-meta-layouts":"default","ast-page-background-enabled":"default","ast-page-background-meta":{"desktop":{"background-color":"var(--ast-global-color-4)","background-image":"","background-repeat":"repeat","background-position":"center center","background-size":"auto","background-attachment":"scroll","background-type":"","background-media":"","overlay-type":"","overlay-color":"","overlay-opacity":"","overlay-gradient":""},"tablet":{"background-color":"","background-image":"","background-repeat":"repeat","background-position":"center center","background-size":"auto","background-attachment":"scroll","background-type":"","background-media":"","overlay-type":"","overlay-color":"","overlay-opacity":"","overlay-gradient":""},"mobile":{"background-color":"","background-image":"","background-repeat":"repeat","background-position":"center center","background-size":"auto","background-attachment":"scroll","background-type":"","background-media":"","overlay-type":"","overlay-color":"","overlay-opacity":"","overlay-gradient":""}},"ast-content-background-meta":{"desktop":{"background-color":"var(--ast-global-color-5)","background-image":"","background-repeat":"repeat","background-position":"center center","background-size":"auto","background-attachment":"scroll","background-type":"","background-media":"","overlay-type":"","overlay-color":"","overlay-opacity":"","overlay-gradient":""},"tablet":{"background-color":"var(--ast-global-color-5)","background-image":"","background-repeat":"repeat","background-position":"center center","background-size":"auto","background-attachment":"scroll","background-type":"","background-media":"","overlay-type":"","overlay-color":"","overlay-opacity":"","overlay-gradient":""},"mobile":{"background-color":"var(--ast-global-color-5)","background-image":"","background-repeat":"repeat","background-position":"center center","background-size":"auto","background-attachment":"scroll","background-type":"","background-media":"","overlay-type":"","overlay-color":"","overlay-opacity":"","overlay-gradient":""}},"footnotes":""},"categories":[71],"tags":[],"class_list":["post-51733","post","type-post","status-publish","format-standard","has-post-thumbnail","hentry","category-podujatia"],"yoast_head":"<!-- This site is optimized with the Yoast SEO plugin v27.4 - https:\/\/yoast.com\/product\/yoast-seo-wordpress\/ -->\n<title>Tvoriv\u00e9 piatky na Budat\u00ednskom hrade - Pova\u017esk\u00e9 m\u00fazeum<\/title>\n<meta name=\"description\" content=\"Pova\u017esk\u00e9 m\u00fazeum organizuje po\u010das letn\u00fdch pr\u00e1zdnin na Budat\u00ednskom hrade Tvoriv\u00e9 piatky. Prv\u00fd term\u00edn je 15. j\u00fala a\u00a0budeme vyr\u00e1ba\u0165 mydlo. Z\u00e1ujemcovia sa zozn\u00e1mia s\u00a0mydlovou hmotou a\u00a0bylinkami a\u00a0hotov\u00fd v\u00fdrobok si m\u00f4\u017eu odnies\u0165 domov. Cena za t\u00fato tvoriv\u00fa diel\u0148u bude 2 eur\u00e1. Tvorbu viano\u010dn\u00fdch alebo ve\u013ekono\u010dn\u00fdch ozd\u00f4b met\u00f3dou falo\u0161n\u00e9ho patchworku si m\u00f4\u017eu vysk\u00fa\u0161a\u0165 29. j\u00fala a\u00a0za t\u00fato aktivitu zaplatia 2,50.\" \/>\n<meta name=\"robots\" content=\"index, follow, max-snippet:-1, max-image-preview:large, max-video-preview:-1\" \/>\n<link rel=\"canonical\" href=\"https:\/\/pmza.sk\/?p=51733\" \/>\n<meta property=\"og:locale\" content=\"sk_SK\" \/>\n<meta property=\"og:type\" content=\"article\" \/>\n<meta property=\"og:title\" content=\"Tvoriv\u00e9 piatky na Budat\u00ednskom hrade - Pova\u017esk\u00e9 m\u00fazeum\" \/>\n<meta property=\"og:description\" content=\"Pova\u017esk\u00e9 m\u00fazeum organizuje po\u010das letn\u00fdch pr\u00e1zdnin na Budat\u00ednskom hrade Tvoriv\u00e9 piatky. Prv\u00fd term\u00edn je 15. j\u00fala a\u00a0budeme vyr\u00e1ba\u0165 mydlo. Z\u00e1ujemcovia sa zozn\u00e1mia s\u00a0mydlovou hmotou a\u00a0bylinkami a\u00a0hotov\u00fd v\u00fdrobok si m\u00f4\u017eu odnies\u0165 domov. Cena za t\u00fato tvoriv\u00fa diel\u0148u bude 2 eur\u00e1. Tvorbu viano\u010dn\u00fdch alebo ve\u013ekono\u010dn\u00fdch ozd\u00f4b met\u00f3dou falo\u0161n\u00e9ho patchworku si m\u00f4\u017eu vysk\u00fa\u0161a\u0165 29. j\u00fala a\u00a0za t\u00fato aktivitu zaplatia 2,50.\" \/>\n<meta property=\"og:url\" content=\"https:\/\/pmza.sk\/?p=51733\" \/>\n<meta property=\"og:site_name\" content=\"Pova\u017esk\u00e9 m\u00fazeum\" \/>\n<meta property=\"article:publisher\" content=\"https:\/\/www.facebook.com\/povazskemuzeum\" \/>\n<meta property=\"article:published_time\" content=\"2022-07-07T09:38:45+00:00\" \/>\n<meta property=\"article:modified_time\" content=\"2022-08-02T09:50:57+00:00\" \/>\n<meta property=\"og:image\" content=\"https:\/\/pmza.sk\/wp-content\/uploads\/2019\/10\/IMG_7326.jpg\" \/>\n\t<meta property=\"og:image:width\" content=\"1024\" \/>\n\t<meta property=\"og:image:height\" content=\"683\" \/>\n\t<meta property=\"og:image:type\" content=\"image\/jpeg\" \/>\n<meta name=\"author\" content=\"Pova\u017esk\u00e9 m\u00fazeum\" \/>\n<meta name=\"twitter:card\" content=\"summary_large_image\" \/>\n<meta name=\"twitter:label1\" content=\"Autor\" \/>\n\t<meta name=\"twitter:data1\" content=\"Pova\u017esk\u00e9 m\u00fazeum\" \/>\n\t<meta name=\"twitter:label2\" content=\"Predpokladan\u00fd \u010das \u010d\u00edtania\" \/>\n\t<meta name=\"twitter:data2\" content=\"1 min\u00fata\" \/>\n<script type=\"application\/ld+json\" class=\"yoast-schema-graph\">{\"@context\":\"https:\\\/\\\/schema.org\",\"@graph\":[{\"@type\":\"Article\",\"@id\":\"https:\\\/\\\/pmza.sk\\\/?p=51733#article\",\"isPartOf\":{\"@id\":\"https:\\\/\\\/pmza.sk\\\/?p=51733\"},\"author\":{\"name\":\"Pova\u017esk\u00e9 m\u00fazeum\",\"@id\":\"https:\\\/\\\/pmza.sk\\\/#\\\/schema\\\/person\\\/595e6a2ce731ea94dcd5d7f50a41ae33\"},\"headline\":\"Tvoriv\u00e9 piatky na Budat\u00ednskom hrade\",\"datePublished\":\"2022-07-07T09:38:45+00:00\",\"dateModified\":\"2022-08-02T09:50:57+00:00\",\"mainEntityOfPage\":{\"@id\":\"https:\\\/\\\/pmza.sk\\\/?p=51733\"},\"wordCount\":194,\"commentCount\":0,\"publisher\":{\"@id\":\"https:\\\/\\\/pmza.sk\\\/#organization\"},\"image\":{\"@id\":\"https:\\\/\\\/pmza.sk\\\/?p=51733#primaryimage\"},\"thumbnailUrl\":\"https:\\\/\\\/pmza.sk\\\/wp-content\\\/uploads\\\/2019\\\/10\\\/IMG_7326.jpg\",\"articleSection\":[\"Podujatia\"],\"inLanguage\":\"sk-SK\"},{\"@type\":\"WebPage\",\"@id\":\"https:\\\/\\\/pmza.sk\\\/?p=51733\",\"url\":\"https:\\\/\\\/pmza.sk\\\/?p=51733\",\"name\":\"Tvoriv\u00e9 piatky na Budat\u00ednskom hrade - Pova\u017esk\u00e9 m\u00fazeum\",\"isPartOf\":{\"@id\":\"https:\\\/\\\/pmza.sk\\\/#website\"},\"primaryImageOfPage\":{\"@id\":\"https:\\\/\\\/pmza.sk\\\/?p=51733#primaryimage\"},\"image\":{\"@id\":\"https:\\\/\\\/pmza.sk\\\/?p=51733#primaryimage\"},\"thumbnailUrl\":\"https:\\\/\\\/pmza.sk\\\/wp-content\\\/uploads\\\/2019\\\/10\\\/IMG_7326.jpg\",\"datePublished\":\"2022-07-07T09:38:45+00:00\",\"dateModified\":\"2022-08-02T09:50:57+00:00\",\"description\":\"Pova\u017esk\u00e9 m\u00fazeum organizuje po\u010das letn\u00fdch pr\u00e1zdnin na Budat\u00ednskom hrade Tvoriv\u00e9 piatky. Prv\u00fd term\u00edn je 15. j\u00fala a\u00a0budeme vyr\u00e1ba\u0165 mydlo. Z\u00e1ujemcovia sa zozn\u00e1mia s\u00a0mydlovou hmotou a\u00a0bylinkami a\u00a0hotov\u00fd v\u00fdrobok si m\u00f4\u017eu odnies\u0165 domov. Cena za t\u00fato tvoriv\u00fa diel\u0148u bude 2 eur\u00e1. Tvorbu viano\u010dn\u00fdch alebo ve\u013ekono\u010dn\u00fdch ozd\u00f4b met\u00f3dou falo\u0161n\u00e9ho patchworku si m\u00f4\u017eu vysk\u00fa\u0161a\u0165 29. j\u00fala a\u00a0za t\u00fato aktivitu zaplatia 2,50.\",\"breadcrumb\":{\"@id\":\"https:\\\/\\\/pmza.sk\\\/?p=51733#breadcrumb\"},\"inLanguage\":\"sk-SK\",\"potentialAction\":[{\"@type\":\"ReadAction\",\"target\":[\"https:\\\/\\\/pmza.sk\\\/?p=51733\"]}]},{\"@type\":\"ImageObject\",\"inLanguage\":\"sk-SK\",\"@id\":\"https:\\\/\\\/pmza.sk\\\/?p=51733#primaryimage\",\"url\":\"https:\\\/\\\/pmza.sk\\\/wp-content\\\/uploads\\\/2019\\\/10\\\/IMG_7326.jpg\",\"contentUrl\":\"https:\\\/\\\/pmza.sk\\\/wp-content\\\/uploads\\\/2019\\\/10\\\/IMG_7326.jpg\",\"width\":1024,\"height\":683},{\"@type\":\"BreadcrumbList\",\"@id\":\"https:\\\/\\\/pmza.sk\\\/?p=51733#breadcrumb\",\"itemListElement\":[{\"@type\":\"ListItem\",\"position\":1,\"name\":\"Domovsk\u00e1 str\u00e1nka\",\"item\":\"https:\\\/\\\/pmza.sk\\\/\"},{\"@type\":\"ListItem\",\"position\":2,\"name\":\"Tvoriv\u00e9 piatky na Budat\u00ednskom hrade\"}]},{\"@type\":\"WebSite\",\"@id\":\"https:\\\/\\\/pmza.sk\\\/#website\",\"url\":\"https:\\\/\\\/pmza.sk\\\/\",\"name\":\"Pova\u017esk\u00e9 m\u00fazeum\",\"description\":\"Pova\u017esk\u00e9 m\u00fazeum v \u017diline je region\u00e1lne m\u00fazeum so s\u00eddlom v Budat\u00edne. Jeho expoz\u00edcie s\u00fa zameran\u00e9 na dejiny slovensk\u00e9ho umenia, kult\u00fary a dopravy.\",\"publisher\":{\"@id\":\"https:\\\/\\\/pmza.sk\\\/#organization\"},\"potentialAction\":[{\"@type\":\"SearchAction\",\"target\":{\"@type\":\"EntryPoint\",\"urlTemplate\":\"https:\\\/\\\/pmza.sk\\\/?s={search_term_string}\"},\"query-input\":{\"@type\":\"PropertyValueSpecification\",\"valueRequired\":true,\"valueName\":\"search_term_string\"}}],\"inLanguage\":\"sk-SK\"},{\"@type\":\"Organization\",\"@id\":\"https:\\\/\\\/pmza.sk\\\/#organization\",\"name\":\"Pova\u017esk\u00e9 m\u00fazeum\",\"url\":\"https:\\\/\\\/pmza.sk\\\/\",\"logo\":{\"@type\":\"ImageObject\",\"inLanguage\":\"sk-SK\",\"@id\":\"https:\\\/\\\/pmza.sk\\\/#\\\/schema\\\/logo\\\/image\\\/\",\"url\":\"https:\\\/\\\/pmza.sk\\\/wp-content\\\/uploads\\\/2022\\\/01\\\/logo_PM_horizontal.jpg\",\"contentUrl\":\"https:\\\/\\\/pmza.sk\\\/wp-content\\\/uploads\\\/2022\\\/01\\\/logo_PM_horizontal.jpg\",\"width\":231,\"height\":142,\"caption\":\"Pova\u017esk\u00e9 m\u00fazeum\"},\"image\":{\"@id\":\"https:\\\/\\\/pmza.sk\\\/#\\\/schema\\\/logo\\\/image\\\/\"},\"sameAs\":[\"https:\\\/\\\/www.facebook.com\\\/povazskemuzeum\",\"https:\\\/\\\/www.instagram.com\\\/povazskemuzeum\\\/\"]},{\"@type\":\"Person\",\"@id\":\"https:\\\/\\\/pmza.sk\\\/#\\\/schema\\\/person\\\/595e6a2ce731ea94dcd5d7f50a41ae33\",\"name\":\"Pova\u017esk\u00e9 m\u00fazeum\",\"image\":{\"@type\":\"ImageObject\",\"inLanguage\":\"sk-SK\",\"@id\":\"https:\\\/\\\/secure.gravatar.com\\\/avatar\\\/2bb7f1561282132fb5826dfeccc66c7996d11ee392ac6aaf7ced8a1c2027fbb2?s=96&d=mm&r=g\",\"url\":\"https:\\\/\\\/secure.gravatar.com\\\/avatar\\\/2bb7f1561282132fb5826dfeccc66c7996d11ee392ac6aaf7ced8a1c2027fbb2?s=96&d=mm&r=g\",\"contentUrl\":\"https:\\\/\\\/secure.gravatar.com\\\/avatar\\\/2bb7f1561282132fb5826dfeccc66c7996d11ee392ac6aaf7ced8a1c2027fbb2?s=96&d=mm&r=g\",\"caption\":\"Pova\u017esk\u00e9 m\u00fazeum\"}}]}<\/script>\n<!-- \/ Yoast SEO plugin. -->","yoast_head_json":{"title":"Tvoriv\u00e9 piatky na Budat\u00ednskom hrade - Pova\u017esk\u00e9 m\u00fazeum","description":"Pova\u017esk\u00e9 m\u00fazeum organizuje po\u010das letn\u00fdch pr\u00e1zdnin na Budat\u00ednskom hrade Tvoriv\u00e9 piatky. Prv\u00fd term\u00edn je 15. j\u00fala a\u00a0budeme vyr\u00e1ba\u0165 mydlo. Z\u00e1ujemcovia sa zozn\u00e1mia s\u00a0mydlovou hmotou a\u00a0bylinkami a\u00a0hotov\u00fd v\u00fdrobok si m\u00f4\u017eu odnies\u0165 domov. Cena za t\u00fato tvoriv\u00fa diel\u0148u bude 2 eur\u00e1. Tvorbu viano\u010dn\u00fdch alebo ve\u013ekono\u010dn\u00fdch ozd\u00f4b met\u00f3dou falo\u0161n\u00e9ho patchworku si m\u00f4\u017eu vysk\u00fa\u0161a\u0165 29. j\u00fala a\u00a0za t\u00fato aktivitu zaplatia 2,50.","robots":{"index":"index","follow":"follow","max-snippet":"max-snippet:-1","max-image-preview":"max-image-preview:large","max-video-preview":"max-video-preview:-1"},"canonical":"https:\/\/pmza.sk\/?p=51733","og_locale":"sk_SK","og_type":"article","og_title":"Tvoriv\u00e9 piatky na Budat\u00ednskom hrade - Pova\u017esk\u00e9 m\u00fazeum","og_description":"Pova\u017esk\u00e9 m\u00fazeum organizuje po\u010das letn\u00fdch pr\u00e1zdnin na Budat\u00ednskom hrade Tvoriv\u00e9 piatky. Prv\u00fd term\u00edn je 15. j\u00fala a\u00a0budeme vyr\u00e1ba\u0165 mydlo. Z\u00e1ujemcovia sa zozn\u00e1mia s\u00a0mydlovou hmotou a\u00a0bylinkami a\u00a0hotov\u00fd v\u00fdrobok si m\u00f4\u017eu odnies\u0165 domov. Cena za t\u00fato tvoriv\u00fa diel\u0148u bude 2 eur\u00e1. Tvorbu viano\u010dn\u00fdch alebo ve\u013ekono\u010dn\u00fdch ozd\u00f4b met\u00f3dou falo\u0161n\u00e9ho patchworku si m\u00f4\u017eu vysk\u00fa\u0161a\u0165 29. j\u00fala a\u00a0za t\u00fato aktivitu zaplatia 2,50.","og_url":"https:\/\/pmza.sk\/?p=51733","og_site_name":"Pova\u017esk\u00e9 m\u00fazeum","article_publisher":"https:\/\/www.facebook.com\/povazskemuzeum","article_published_time":"2022-07-07T09:38:45+00:00","article_modified_time":"2022-08-02T09:50:57+00:00","og_image":[{"width":1024,"height":683,"url":"https:\/\/pmza.sk\/wp-content\/uploads\/2019\/10\/IMG_7326.jpg","type":"image\/jpeg"}],"author":"Pova\u017esk\u00e9 m\u00fazeum","twitter_card":"summary_large_image","twitter_misc":{"Autor":"Pova\u017esk\u00e9 m\u00fazeum","Predpokladan\u00fd \u010das \u010d\u00edtania":"1 min\u00fata"},"schema":{"@context":"https:\/\/schema.org","@graph":[{"@type":"Article","@id":"https:\/\/pmza.sk\/?p=51733#article","isPartOf":{"@id":"https:\/\/pmza.sk\/?p=51733"},"author":{"name":"Pova\u017esk\u00e9 m\u00fazeum","@id":"https:\/\/pmza.sk\/#\/schema\/person\/595e6a2ce731ea94dcd5d7f50a41ae33"},"headline":"Tvoriv\u00e9 piatky na Budat\u00ednskom hrade","datePublished":"2022-07-07T09:38:45+00:00","dateModified":"2022-08-02T09:50:57+00:00","mainEntityOfPage":{"@id":"https:\/\/pmza.sk\/?p=51733"},"wordCount":194,"commentCount":0,"publisher":{"@id":"https:\/\/pmza.sk\/#organization"},"image":{"@id":"https:\/\/pmza.sk\/?p=51733#primaryimage"},"thumbnailUrl":"https:\/\/pmza.sk\/wp-content\/uploads\/2019\/10\/IMG_7326.jpg","articleSection":["Podujatia"],"inLanguage":"sk-SK"},{"@type":"WebPage","@id":"https:\/\/pmza.sk\/?p=51733","url":"https:\/\/pmza.sk\/?p=51733","name":"Tvoriv\u00e9 piatky na Budat\u00ednskom hrade - Pova\u017esk\u00e9 m\u00fazeum","isPartOf":{"@id":"https:\/\/pmza.sk\/#website"},"primaryImageOfPage":{"@id":"https:\/\/pmza.sk\/?p=51733#primaryimage"},"image":{"@id":"https:\/\/pmza.sk\/?p=51733#primaryimage"},"thumbnailUrl":"https:\/\/pmza.sk\/wp-content\/uploads\/2019\/10\/IMG_7326.jpg","datePublished":"2022-07-07T09:38:45+00:00","dateModified":"2022-08-02T09:50:57+00:00","description":"Pova\u017esk\u00e9 m\u00fazeum organizuje po\u010das letn\u00fdch pr\u00e1zdnin na Budat\u00ednskom hrade Tvoriv\u00e9 piatky. Prv\u00fd term\u00edn je 15. j\u00fala a\u00a0budeme vyr\u00e1ba\u0165 mydlo. Z\u00e1ujemcovia sa zozn\u00e1mia s\u00a0mydlovou hmotou a\u00a0bylinkami a\u00a0hotov\u00fd v\u00fdrobok si m\u00f4\u017eu odnies\u0165 domov. Cena za t\u00fato tvoriv\u00fa diel\u0148u bude 2 eur\u00e1. Tvorbu viano\u010dn\u00fdch alebo ve\u013ekono\u010dn\u00fdch ozd\u00f4b met\u00f3dou falo\u0161n\u00e9ho patchworku si m\u00f4\u017eu vysk\u00fa\u0161a\u0165 29. j\u00fala a\u00a0za t\u00fato aktivitu zaplatia 2,50.","breadcrumb":{"@id":"https:\/\/pmza.sk\/?p=51733#breadcrumb"},"inLanguage":"sk-SK","potentialAction":[{"@type":"ReadAction","target":["https:\/\/pmza.sk\/?p=51733"]}]},{"@type":"ImageObject","inLanguage":"sk-SK","@id":"https:\/\/pmza.sk\/?p=51733#primaryimage","url":"https:\/\/pmza.sk\/wp-content\/uploads\/2019\/10\/IMG_7326.jpg","contentUrl":"https:\/\/pmza.sk\/wp-content\/uploads\/2019\/10\/IMG_7326.jpg","width":1024,"height":683},{"@type":"BreadcrumbList","@id":"https:\/\/pmza.sk\/?p=51733#breadcrumb","itemListElement":[{"@type":"ListItem","position":1,"name":"Domovsk\u00e1 str\u00e1nka","item":"https:\/\/pmza.sk\/"},{"@type":"ListItem","position":2,"name":"Tvoriv\u00e9 piatky na Budat\u00ednskom hrade"}]},{"@type":"WebSite","@id":"https:\/\/pmza.sk\/#website","url":"https:\/\/pmza.sk\/","name":"Pova\u017esk\u00e9 m\u00fazeum","description":"Pova\u017esk\u00e9 m\u00fazeum v \u017diline je region\u00e1lne m\u00fazeum so s\u00eddlom v Budat\u00edne. Jeho expoz\u00edcie s\u00fa zameran\u00e9 na dejiny slovensk\u00e9ho umenia, kult\u00fary a dopravy.","publisher":{"@id":"https:\/\/pmza.sk\/#organization"},"potentialAction":[{"@type":"SearchAction","target":{"@type":"EntryPoint","urlTemplate":"https:\/\/pmza.sk\/?s={search_term_string}"},"query-input":{"@type":"PropertyValueSpecification","valueRequired":true,"valueName":"search_term_string"}}],"inLanguage":"sk-SK"},{"@type":"Organization","@id":"https:\/\/pmza.sk\/#organization","name":"Pova\u017esk\u00e9 m\u00fazeum","url":"https:\/\/pmza.sk\/","logo":{"@type":"ImageObject","inLanguage":"sk-SK","@id":"https:\/\/pmza.sk\/#\/schema\/logo\/image\/","url":"https:\/\/pmza.sk\/wp-content\/uploads\/2022\/01\/logo_PM_horizontal.jpg","contentUrl":"https:\/\/pmza.sk\/wp-content\/uploads\/2022\/01\/logo_PM_horizontal.jpg","width":231,"height":142,"caption":"Pova\u017esk\u00e9 m\u00fazeum"},"image":{"@id":"https:\/\/pmza.sk\/#\/schema\/logo\/image\/"},"sameAs":["https:\/\/www.facebook.com\/povazskemuzeum","https:\/\/www.instagram.com\/povazskemuzeum\/"]},{"@type":"Person","@id":"https:\/\/pmza.sk\/#\/schema\/person\/595e6a2ce731ea94dcd5d7f50a41ae33","name":"Pova\u017esk\u00e9 m\u00fazeum","image":{"@type":"ImageObject","inLanguage":"sk-SK","@id":"https:\/\/secure.gravatar.com\/avatar\/2bb7f1561282132fb5826dfeccc66c7996d11ee392ac6aaf7ced8a1c2027fbb2?s=96&d=mm&r=g","url":"https:\/\/secure.gravatar.com\/avatar\/2bb7f1561282132fb5826dfeccc66c7996d11ee392ac6aaf7ced8a1c2027fbb2?s=96&d=mm&r=g","contentUrl":"https:\/\/secure.gravatar.com\/avatar\/2bb7f1561282132fb5826dfeccc66c7996d11ee392ac6aaf7ced8a1c2027fbb2?s=96&d=mm&r=g","caption":"Pova\u017esk\u00e9 m\u00fazeum"}}]}},"_links":{"self":[{"href":"https:\/\/pmza.sk\/index.php?rest_route=\/wp\/v2\/posts\/51733","targetHints":{"allow":["GET"]}}],"collection":[{"href":"https:\/\/pmza.sk\/index.php?rest_route=\/wp\/v2\/posts"}],"about":[{"href":"https:\/\/pmza.sk\/index.php?rest_route=\/wp\/v2\/types\/post"}],"author":[{"embeddable":true,"href":"https:\/\/pmza.sk\/index.php?rest_route=\/wp\/v2\/users\/2"}],"replies":[{"embeddable":true,"href":"https:\/\/pmza.sk\/index.php?rest_route=%2Fwp%2Fv2%2Fcomments&post=51733"}],"version-history":[{"count":0,"href":"https:\/\/pmza.sk\/index.php?rest_route=\/wp\/v2\/posts\/51733\/revisions"}],"wp:featuredmedia":[{"embeddable":true,"href":"https:\/\/pmza.sk\/index.php?rest_route=\/wp\/v2\/media\/36548"}],"wp:attachment":[{"href":"https:\/\/pmza.sk\/index.php?rest_route=%2Fwp%2Fv2%2Fmedia&parent=51733"}],"wp:term":[{"taxonomy":"category","embeddable":true,"href":"https:\/\/pmza.sk\/index.php?rest_route=%2Fwp%2Fv2%2Fcategories&post=51733"},{"taxonomy":"post_tag","embeddable":true,"href":"https:\/\/pmza.sk\/index.php?rest_route=%2Fwp%2Fv2%2Ftags&post=51733"}],"curies":[{"name":"wp","href":"https:\/\/api.w.org\/{rel}","templated":true}]}}