{"id":51749,"date":"2022-07-08T09:47:12","date_gmt":"2022-07-08T07:47:12","guid":{"rendered":"https:\/\/pmza.sk\/?p=51749"},"modified":"2025-05-15T07:11:22","modified_gmt":"2025-05-15T05:11:22","slug":"na-hrade-strecno-nova-archeologicka-expozicia-aj-muciaren","status":"publish","type":"post","link":"https:\/\/pmza.sk\/?p=51749","title":{"rendered":"Na hrade Stre\u010dno nov\u00e1 archeologick\u00e1 expoz\u00edcia aj mu\u010diare\u0148"},"content":{"rendered":"<p>Na hrade Stre\u010dno \u010dak\u00e1 v tejto sez\u00f3ne na n\u00e1v\u0161tevn\u00edkov viacero noviniek. Tou najv\u00e4\u010d\u0161ou je nov\u00e1 archeologick\u00e1 expoz\u00edcia, ktor\u00e1 je doplnen\u00e1 o r\u00f4zne n\u00e1lezy. V\u00a0prvej \u010dasti expoz\u00edcie s\u00fa prezentovan\u00e9 archeologick\u00e9 n\u00e1lezy z\u00a0obdobia od praveku a\u017e po stredovek, ktor\u00e9 sa na\u0161li po\u010das v\u00fdskumov v\u00a0Stre\u010dne a\u00a0v\u00a0okolit\u00fdch obciach. <em>\u201eN\u00e1v\u0161tevn\u00edci si m\u00f4\u017eu prezrie\u0165 keramiku lu\u017eickej a\u00a0p\u00fachovskej kult\u00fary \u010di zauj\u00edmav\u00fd s\u00fabor bronzov\u00fdch predmetov z\u00a0depotu objaven\u00e9ho v\u00a0Rosine. Z predmetov datovan\u00fdch do ve\u013ekomoravsk\u00e9ho obdobia mo\u017eno vidie\u0165 napr\u00edklad \u017eelezn\u00fd k\u013e\u00fa\u010d, motyku, sekeru,\u00a0radlicu, a tie\u017e unik\u00e1tny \u017eelezn\u00fd me\u010d z\u00a09. storo\u010dia,\u201c<\/em> pribli\u017euje archeologi\u010dka Pova\u017esk\u00e9ho m\u00fazea Andrea Slan\u00e1.<\/p>\n<p><img fetchpriority=\"high\" decoding=\"async\" class=\"alignnone size-medium wp-image-51750\" src=\"https:\/\/pmza.sk\/wp-content\/uploads\/2022\/07\/IMG_6191-540x360.jpg\" alt=\"\" width=\"540\" height=\"360\" srcset=\"https:\/\/pmza.sk\/wp-content\/uploads\/2022\/07\/IMG_6191-540x360.jpg 540w, https:\/\/pmza.sk\/wp-content\/uploads\/2022\/07\/IMG_6191-1104x736.jpg 1104w, https:\/\/pmza.sk\/wp-content\/uploads\/2022\/07\/IMG_6191-768x512.jpg 768w, https:\/\/pmza.sk\/wp-content\/uploads\/2022\/07\/IMG_6191-1536x1024.jpg 1536w, https:\/\/pmza.sk\/wp-content\/uploads\/2022\/07\/IMG_6191-2048x1365.jpg 2048w, https:\/\/pmza.sk\/wp-content\/uploads\/2022\/07\/IMG_6191-600x400.jpg 600w\" sizes=\"(max-width: 540px) 100vw, 540px\" \/><\/p>\n<p><img decoding=\"async\" class=\"alignnone size-medium wp-image-51751\" src=\"https:\/\/pmza.sk\/wp-content\/uploads\/2022\/07\/IMG_6194-540x360.jpg\" alt=\"\" width=\"540\" height=\"360\" srcset=\"https:\/\/pmza.sk\/wp-content\/uploads\/2022\/07\/IMG_6194-540x360.jpg 540w, https:\/\/pmza.sk\/wp-content\/uploads\/2022\/07\/IMG_6194-1104x736.jpg 1104w, https:\/\/pmza.sk\/wp-content\/uploads\/2022\/07\/IMG_6194-768x512.jpg 768w, https:\/\/pmza.sk\/wp-content\/uploads\/2022\/07\/IMG_6194-1536x1024.jpg 1536w, https:\/\/pmza.sk\/wp-content\/uploads\/2022\/07\/IMG_6194-2048x1365.jpg 2048w, https:\/\/pmza.sk\/wp-content\/uploads\/2022\/07\/IMG_6194-600x400.jpg 600w\" sizes=\"(max-width: 540px) 100vw, 540px\" \/><\/p>\n<p>V\u00a0\u010fal\u0161ej \u010dasti s\u00fa vystaven\u00e9 n\u00e1lezy objaven\u00e9 po\u010das v\u00fdskumov na okolit\u00fdch hradoch, ale najm\u00e4 priamo na hrade Stre\u010dno. <em>\u201e<\/em><em>Vo vitr\u00ednach s\u00fa prezentovan\u00e9 stredovek\u00e9 a\u00a0novovek\u00e9 expon\u00e1ty, napr\u00edklad kachlice a keramika z\u00a0hradu \u2013 d\u017eb\u00e1ny, hrnce, hrn\u010deky trojnoh\u00e1 panvica, zrekon\u0161truovan\u00e9 \u010dasti hrncov \u010di repliky n\u00e1dob. Niektor\u00e9 s\u00fa zdoben\u00e9 farebnou glaz\u00farou. Najzauj\u00edmavej\u0161\u00edm n\u00e1lezom je zrekon\u0161truovan\u00fd modr\u00fd majolikov\u00fd tanier \u2013 tzv. Ben\u00e1tske berettino, ktor\u00e9 doklad\u00e1 dovoz luxusnej keramiky na hrad. Z\u00a0kovov\u00fdch n\u00e1lezov mo\u017eno vidie\u0165 \u017eelezn\u00e9 kliny, klince, strely do ku\u0161e \u010di n\u00f4\u017e so zachovanou drevenou r\u00fa\u010dkou,\u201c <\/em>pokra\u010duje Andrea Slan\u00e1. Mnoh\u00e9 vystaven\u00e9 n\u00e1doby boli re\u0161taurovan\u00e9, pr\u00edpadne zhotoven\u00e9 nanovo formou repl\u00edk.<\/p>\n<p><img decoding=\"async\" class=\"alignnone size-medium wp-image-51752\" src=\"https:\/\/pmza.sk\/wp-content\/uploads\/2022\/07\/IMG_6212-540x360.jpg\" alt=\"\" width=\"540\" height=\"360\" srcset=\"https:\/\/pmza.sk\/wp-content\/uploads\/2022\/07\/IMG_6212-540x360.jpg 540w, https:\/\/pmza.sk\/wp-content\/uploads\/2022\/07\/IMG_6212-1104x736.jpg 1104w, https:\/\/pmza.sk\/wp-content\/uploads\/2022\/07\/IMG_6212-768x512.jpg 768w, https:\/\/pmza.sk\/wp-content\/uploads\/2022\/07\/IMG_6212-1536x1024.jpg 1536w, https:\/\/pmza.sk\/wp-content\/uploads\/2022\/07\/IMG_6212-2048x1365.jpg 2048w, https:\/\/pmza.sk\/wp-content\/uploads\/2022\/07\/IMG_6212-600x400.jpg 600w\" sizes=\"(max-width: 540px) 100vw, 540px\" \/><\/p>\n<p><img loading=\"lazy\" decoding=\"async\" class=\"alignnone size-medium wp-image-51753\" src=\"https:\/\/pmza.sk\/wp-content\/uploads\/2022\/07\/IMG_6196-540x360.jpg\" alt=\"\" width=\"540\" height=\"360\" srcset=\"https:\/\/pmza.sk\/wp-content\/uploads\/2022\/07\/IMG_6196-540x360.jpg 540w, https:\/\/pmza.sk\/wp-content\/uploads\/2022\/07\/IMG_6196-1104x736.jpg 1104w, https:\/\/pmza.sk\/wp-content\/uploads\/2022\/07\/IMG_6196-768x512.jpg 768w, https:\/\/pmza.sk\/wp-content\/uploads\/2022\/07\/IMG_6196-1536x1024.jpg 1536w, https:\/\/pmza.sk\/wp-content\/uploads\/2022\/07\/IMG_6196-2048x1365.jpg 2048w, https:\/\/pmza.sk\/wp-content\/uploads\/2022\/07\/IMG_6196-600x400.jpg 600w\" sizes=\"(max-width: 540px) 100vw, 540px\" \/><\/p>\n<p><img loading=\"lazy\" decoding=\"async\" class=\"alignnone size-medium wp-image-51754\" src=\"https:\/\/pmza.sk\/wp-content\/uploads\/2022\/07\/IMG_6216-480x360.jpg\" alt=\"\" width=\"480\" height=\"360\" srcset=\"https:\/\/pmza.sk\/wp-content\/uploads\/2022\/07\/IMG_6216-480x360.jpg 480w, https:\/\/pmza.sk\/wp-content\/uploads\/2022\/07\/IMG_6216-981x736.jpg 981w, https:\/\/pmza.sk\/wp-content\/uploads\/2022\/07\/IMG_6216-768x576.jpg 768w, https:\/\/pmza.sk\/wp-content\/uploads\/2022\/07\/IMG_6216-1536x1152.jpg 1536w, https:\/\/pmza.sk\/wp-content\/uploads\/2022\/07\/IMG_6216-2048x1536.jpg 2048w, https:\/\/pmza.sk\/wp-content\/uploads\/2022\/07\/IMG_6216-600x450.jpg 600w\" sizes=\"(max-width: 480px) 100vw, 480px\" \/><\/p>\n<p>S\u00fa\u010das\u0165ou prehliadky hradu je stredovek\u00e1 mu\u010diare\u0148, ktor\u00e1 je taktie\u017e vynoven\u00e1. P\u00f4vodne sa na hrade Stre\u010dno nenach\u00e1dzala, je v\u0161ak zauj\u00edmav\u00fdm doplnkom pre poznanie temnej str\u00e1nky stredoveku. V\u00a0expoz\u00edcii s\u00fa in\u0161talovan\u00e9 r\u00f4zne mu\u010diace n\u00e1stroje, ktor\u00fdmi sa obvinen\u00ed a\u00a0ods\u00faden\u00ed trestali a\u00a0mu\u010dili.<\/p>\n<p><img loading=\"lazy\" decoding=\"async\" class=\"alignnone size-medium wp-image-51755\" src=\"https:\/\/pmza.sk\/wp-content\/uploads\/2022\/07\/IMG_6188-537x360.jpg\" alt=\"\" width=\"537\" height=\"360\" srcset=\"https:\/\/pmza.sk\/wp-content\/uploads\/2022\/07\/IMG_6188-537x360.jpg 537w, https:\/\/pmza.sk\/wp-content\/uploads\/2022\/07\/IMG_6188-1098x736.jpg 1098w, https:\/\/pmza.sk\/wp-content\/uploads\/2022\/07\/IMG_6188-768x515.jpg 768w, https:\/\/pmza.sk\/wp-content\/uploads\/2022\/07\/IMG_6188-1536x1029.jpg 1536w, https:\/\/pmza.sk\/wp-content\/uploads\/2022\/07\/IMG_6188-2048x1372.jpg 2048w, https:\/\/pmza.sk\/wp-content\/uploads\/2022\/07\/IMG_6188-600x402.jpg 600w\" sizes=\"(max-width: 537px) 100vw, 537px\" \/><\/p>\n<p>Hrad Stre\u010dno je otvoren\u00fd ka\u017ed\u00fd de\u0148 od 9.00 do 17.00.<\/p>\n","protected":false},"excerpt":{"rendered":"<p>Na hrade Stre\u010dno \u010dak\u00e1 v tejto sez\u00f3ne na n\u00e1v\u0161tevn\u00edkov viacero noviniek. Tou najv\u00e4\u010d\u0161ou je nov\u00e1 archeologick\u00e1 expoz\u00edcia, ktor\u00e1 je doplnen\u00e1 o r\u00f4zne n\u00e1lezy. V\u00a0prvej \u010dasti expoz\u00edcie s\u00fa prezentovan\u00e9 archeologick\u00e9 n\u00e1lezy z\u00a0obdobia od praveku a\u017e po stredovek, ktor\u00e9 sa na\u0161li po\u010das v\u00fdskumov v\u00a0Stre\u010dne a\u00a0v\u00a0okolit\u00fdch obciach. \u201eN\u00e1v\u0161tevn\u00edci si m\u00f4\u017eu prezrie\u0165 keramiku lu\u017eickej a\u00a0p\u00fachovskej kult\u00fary \u010di zauj\u00edmav\u00fd s\u00fabor [&hellip;]<\/p>\n","protected":false},"author":2,"featured_media":51752,"comment_status":"closed","ping_status":"closed","sticky":false,"template":"","format":"standard","meta":{"site-sidebar-layout":"default","site-content-layout":"default","ast-site-content-layout":"default","site-content-style":"default","site-sidebar-style":"default","ast-global-header-display":"","ast-banner-title-visibility":"","ast-main-header-display":"","ast-hfb-above-header-display":"","ast-hfb-below-header-display":"","ast-hfb-mobile-header-display":"","site-post-title":"","ast-breadcrumbs-content":"","ast-featured-img":"","footer-sml-layout":"","theme-transparent-header-meta":"default","adv-header-id-meta":"","stick-header-meta":"default","header-above-stick-meta":"","header-main-stick-meta":"","header-below-stick-meta":"","astra-migrate-meta-layouts":"set","ast-page-background-enabled":"default","ast-page-background-meta":{"desktop":{"background-color":"var(--ast-global-color-4)","background-image":"","background-repeat":"repeat","background-position":"center center","background-size":"auto","background-attachment":"scroll","background-type":"","background-media":"","overlay-type":"","overlay-color":"","overlay-opacity":"","overlay-gradient":""},"tablet":{"background-color":"","background-image":"","background-repeat":"repeat","background-position":"center center","background-size":"auto","background-attachment":"scroll","background-type":"","background-media":"","overlay-type":"","overlay-color":"","overlay-opacity":"","overlay-gradient":""},"mobile":{"background-color":"","background-image":"","background-repeat":"repeat","background-position":"center center","background-size":"auto","background-attachment":"scroll","background-type":"","background-media":"","overlay-type":"","overlay-color":"","overlay-opacity":"","overlay-gradient":""}},"ast-content-background-meta":{"desktop":{"background-color":"var(--ast-global-color-5)","background-image":"","background-repeat":"repeat","background-position":"center center","background-size":"auto","background-attachment":"scroll","background-type":"","background-media":"","overlay-type":"","overlay-color":"","overlay-opacity":"","overlay-gradient":""},"tablet":{"background-color":"var(--ast-global-color-5)","background-image":"","background-repeat":"repeat","background-position":"center center","background-size":"auto","background-attachment":"scroll","background-type":"","background-media":"","overlay-type":"","overlay-color":"","overlay-opacity":"","overlay-gradient":""},"mobile":{"background-color":"var(--ast-global-color-5)","background-image":"","background-repeat":"repeat","background-position":"center center","background-size":"auto","background-attachment":"scroll","background-type":"","background-media":"","overlay-type":"","overlay-color":"","overlay-opacity":"","overlay-gradient":""}},"footnotes":""},"categories":[31],"tags":[],"class_list":["post-51749","post","type-post","status-publish","format-standard","has-post-thumbnail","hentry","category-aktuality"],"yoast_head":"<!-- This site is optimized with the Yoast SEO plugin v27.4 - https:\/\/yoast.com\/product\/yoast-seo-wordpress\/ -->\n<title>Na hrade Stre\u010dno nov\u00e1 archeologick\u00e1 expoz\u00edcia aj mu\u010diare\u0148 - Pova\u017esk\u00e9 m\u00fazeum<\/title>\n<meta name=\"robots\" content=\"index, follow, max-snippet:-1, max-image-preview:large, max-video-preview:-1\" \/>\n<link rel=\"canonical\" href=\"https:\/\/pmza.sk\/?p=51749\" \/>\n<meta property=\"og:locale\" content=\"sk_SK\" \/>\n<meta property=\"og:type\" content=\"article\" \/>\n<meta property=\"og:title\" content=\"Na hrade Stre\u010dno nov\u00e1 archeologick\u00e1 expoz\u00edcia aj mu\u010diare\u0148 - Pova\u017esk\u00e9 m\u00fazeum\" \/>\n<meta property=\"og:description\" content=\"Na hrade Stre\u010dno \u010dak\u00e1 v tejto sez\u00f3ne na n\u00e1v\u0161tevn\u00edkov viacero noviniek. Tou najv\u00e4\u010d\u0161ou je nov\u00e1 archeologick\u00e1 expoz\u00edcia, ktor\u00e1 je doplnen\u00e1 o r\u00f4zne n\u00e1lezy. V\u00a0prvej \u010dasti expoz\u00edcie s\u00fa prezentovan\u00e9 archeologick\u00e9 n\u00e1lezy z\u00a0obdobia od praveku a\u017e po stredovek, ktor\u00e9 sa na\u0161li po\u010das v\u00fdskumov v\u00a0Stre\u010dne a\u00a0v\u00a0okolit\u00fdch obciach. \u201eN\u00e1v\u0161tevn\u00edci si m\u00f4\u017eu prezrie\u0165 keramiku lu\u017eickej a\u00a0p\u00fachovskej kult\u00fary \u010di zauj\u00edmav\u00fd s\u00fabor [&hellip;]\" \/>\n<meta property=\"og:url\" content=\"https:\/\/pmza.sk\/?p=51749\" \/>\n<meta property=\"og:site_name\" content=\"Pova\u017esk\u00e9 m\u00fazeum\" \/>\n<meta property=\"article:publisher\" content=\"https:\/\/www.facebook.com\/povazskemuzeum\" \/>\n<meta property=\"article:published_time\" content=\"2022-07-08T07:47:12+00:00\" \/>\n<meta property=\"article:modified_time\" content=\"2025-05-15T05:11:22+00:00\" \/>\n<meta property=\"og:image\" content=\"https:\/\/pmza.sk\/wp-content\/uploads\/2022\/07\/IMG_6212-scaled.jpg\" \/>\n\t<meta property=\"og:image:width\" content=\"2560\" \/>\n\t<meta property=\"og:image:height\" content=\"1707\" \/>\n\t<meta property=\"og:image:type\" content=\"image\/jpeg\" \/>\n<meta name=\"author\" content=\"Pova\u017esk\u00e9 m\u00fazeum\" \/>\n<meta name=\"twitter:card\" content=\"summary_large_image\" \/>\n<meta name=\"twitter:label1\" content=\"Autor\" \/>\n\t<meta name=\"twitter:data1\" content=\"Pova\u017esk\u00e9 m\u00fazeum\" \/>\n\t<meta name=\"twitter:label2\" content=\"Predpokladan\u00fd \u010das \u010d\u00edtania\" \/>\n\t<meta name=\"twitter:data2\" content=\"2 min\u00faty\" \/>\n<script type=\"application\/ld+json\" class=\"yoast-schema-graph\">{\"@context\":\"https:\\\/\\\/schema.org\",\"@graph\":[{\"@type\":\"Article\",\"@id\":\"https:\\\/\\\/pmza.sk\\\/?p=51749#article\",\"isPartOf\":{\"@id\":\"https:\\\/\\\/pmza.sk\\\/?p=51749\"},\"author\":{\"name\":\"Pova\u017esk\u00e9 m\u00fazeum\",\"@id\":\"https:\\\/\\\/pmza.sk\\\/#\\\/schema\\\/person\\\/595e6a2ce731ea94dcd5d7f50a41ae33\"},\"headline\":\"Na hrade Stre\u010dno nov\u00e1 archeologick\u00e1 expoz\u00edcia aj mu\u010diare\u0148\",\"datePublished\":\"2022-07-08T07:47:12+00:00\",\"dateModified\":\"2025-05-15T05:11:22+00:00\",\"mainEntityOfPage\":{\"@id\":\"https:\\\/\\\/pmza.sk\\\/?p=51749\"},\"wordCount\":338,\"publisher\":{\"@id\":\"https:\\\/\\\/pmza.sk\\\/#organization\"},\"image\":{\"@id\":\"https:\\\/\\\/pmza.sk\\\/?p=51749#primaryimage\"},\"thumbnailUrl\":\"https:\\\/\\\/pmza.sk\\\/wp-content\\\/uploads\\\/2022\\\/07\\\/IMG_6212-scaled.jpg\",\"articleSection\":[\"Aktuality\"],\"inLanguage\":\"sk-SK\"},{\"@type\":\"WebPage\",\"@id\":\"https:\\\/\\\/pmza.sk\\\/?p=51749\",\"url\":\"https:\\\/\\\/pmza.sk\\\/?p=51749\",\"name\":\"Na hrade Stre\u010dno nov\u00e1 archeologick\u00e1 expoz\u00edcia aj mu\u010diare\u0148 - Pova\u017esk\u00e9 m\u00fazeum\",\"isPartOf\":{\"@id\":\"https:\\\/\\\/pmza.sk\\\/#website\"},\"primaryImageOfPage\":{\"@id\":\"https:\\\/\\\/pmza.sk\\\/?p=51749#primaryimage\"},\"image\":{\"@id\":\"https:\\\/\\\/pmza.sk\\\/?p=51749#primaryimage\"},\"thumbnailUrl\":\"https:\\\/\\\/pmza.sk\\\/wp-content\\\/uploads\\\/2022\\\/07\\\/IMG_6212-scaled.jpg\",\"datePublished\":\"2022-07-08T07:47:12+00:00\",\"dateModified\":\"2025-05-15T05:11:22+00:00\",\"breadcrumb\":{\"@id\":\"https:\\\/\\\/pmza.sk\\\/?p=51749#breadcrumb\"},\"inLanguage\":\"sk-SK\",\"potentialAction\":[{\"@type\":\"ReadAction\",\"target\":[\"https:\\\/\\\/pmza.sk\\\/?p=51749\"]}]},{\"@type\":\"ImageObject\",\"inLanguage\":\"sk-SK\",\"@id\":\"https:\\\/\\\/pmza.sk\\\/?p=51749#primaryimage\",\"url\":\"https:\\\/\\\/pmza.sk\\\/wp-content\\\/uploads\\\/2022\\\/07\\\/IMG_6212-scaled.jpg\",\"contentUrl\":\"https:\\\/\\\/pmza.sk\\\/wp-content\\\/uploads\\\/2022\\\/07\\\/IMG_6212-scaled.jpg\",\"width\":2560,\"height\":1707},{\"@type\":\"BreadcrumbList\",\"@id\":\"https:\\\/\\\/pmza.sk\\\/?p=51749#breadcrumb\",\"itemListElement\":[{\"@type\":\"ListItem\",\"position\":1,\"name\":\"Domovsk\u00e1 str\u00e1nka\",\"item\":\"https:\\\/\\\/pmza.sk\\\/\"},{\"@type\":\"ListItem\",\"position\":2,\"name\":\"Na hrade Stre\u010dno nov\u00e1 archeologick\u00e1 expoz\u00edcia aj mu\u010diare\u0148\"}]},{\"@type\":\"WebSite\",\"@id\":\"https:\\\/\\\/pmza.sk\\\/#website\",\"url\":\"https:\\\/\\\/pmza.sk\\\/\",\"name\":\"Pova\u017esk\u00e9 m\u00fazeum\",\"description\":\"Pova\u017esk\u00e9 m\u00fazeum v \u017diline je region\u00e1lne m\u00fazeum so s\u00eddlom v Budat\u00edne. Jeho expoz\u00edcie s\u00fa zameran\u00e9 na dejiny slovensk\u00e9ho umenia, kult\u00fary a dopravy.\",\"publisher\":{\"@id\":\"https:\\\/\\\/pmza.sk\\\/#organization\"},\"potentialAction\":[{\"@type\":\"SearchAction\",\"target\":{\"@type\":\"EntryPoint\",\"urlTemplate\":\"https:\\\/\\\/pmza.sk\\\/?s={search_term_string}\"},\"query-input\":{\"@type\":\"PropertyValueSpecification\",\"valueRequired\":true,\"valueName\":\"search_term_string\"}}],\"inLanguage\":\"sk-SK\"},{\"@type\":\"Organization\",\"@id\":\"https:\\\/\\\/pmza.sk\\\/#organization\",\"name\":\"Pova\u017esk\u00e9 m\u00fazeum\",\"url\":\"https:\\\/\\\/pmza.sk\\\/\",\"logo\":{\"@type\":\"ImageObject\",\"inLanguage\":\"sk-SK\",\"@id\":\"https:\\\/\\\/pmza.sk\\\/#\\\/schema\\\/logo\\\/image\\\/\",\"url\":\"https:\\\/\\\/pmza.sk\\\/wp-content\\\/uploads\\\/2022\\\/01\\\/logo_PM_horizontal.jpg\",\"contentUrl\":\"https:\\\/\\\/pmza.sk\\\/wp-content\\\/uploads\\\/2022\\\/01\\\/logo_PM_horizontal.jpg\",\"width\":231,\"height\":142,\"caption\":\"Pova\u017esk\u00e9 m\u00fazeum\"},\"image\":{\"@id\":\"https:\\\/\\\/pmza.sk\\\/#\\\/schema\\\/logo\\\/image\\\/\"},\"sameAs\":[\"https:\\\/\\\/www.facebook.com\\\/povazskemuzeum\",\"https:\\\/\\\/www.instagram.com\\\/povazskemuzeum\\\/\"]},{\"@type\":\"Person\",\"@id\":\"https:\\\/\\\/pmza.sk\\\/#\\\/schema\\\/person\\\/595e6a2ce731ea94dcd5d7f50a41ae33\",\"name\":\"Pova\u017esk\u00e9 m\u00fazeum\",\"image\":{\"@type\":\"ImageObject\",\"inLanguage\":\"sk-SK\",\"@id\":\"https:\\\/\\\/secure.gravatar.com\\\/avatar\\\/2bb7f1561282132fb5826dfeccc66c7996d11ee392ac6aaf7ced8a1c2027fbb2?s=96&d=mm&r=g\",\"url\":\"https:\\\/\\\/secure.gravatar.com\\\/avatar\\\/2bb7f1561282132fb5826dfeccc66c7996d11ee392ac6aaf7ced8a1c2027fbb2?s=96&d=mm&r=g\",\"contentUrl\":\"https:\\\/\\\/secure.gravatar.com\\\/avatar\\\/2bb7f1561282132fb5826dfeccc66c7996d11ee392ac6aaf7ced8a1c2027fbb2?s=96&d=mm&r=g\",\"caption\":\"Pova\u017esk\u00e9 m\u00fazeum\"}}]}<\/script>\n<!-- \/ Yoast SEO plugin. -->","yoast_head_json":{"title":"Na hrade Stre\u010dno nov\u00e1 archeologick\u00e1 expoz\u00edcia aj mu\u010diare\u0148 - Pova\u017esk\u00e9 m\u00fazeum","robots":{"index":"index","follow":"follow","max-snippet":"max-snippet:-1","max-image-preview":"max-image-preview:large","max-video-preview":"max-video-preview:-1"},"canonical":"https:\/\/pmza.sk\/?p=51749","og_locale":"sk_SK","og_type":"article","og_title":"Na hrade Stre\u010dno nov\u00e1 archeologick\u00e1 expoz\u00edcia aj mu\u010diare\u0148 - Pova\u017esk\u00e9 m\u00fazeum","og_description":"Na hrade Stre\u010dno \u010dak\u00e1 v tejto sez\u00f3ne na n\u00e1v\u0161tevn\u00edkov viacero noviniek. Tou najv\u00e4\u010d\u0161ou je nov\u00e1 archeologick\u00e1 expoz\u00edcia, ktor\u00e1 je doplnen\u00e1 o r\u00f4zne n\u00e1lezy. V\u00a0prvej \u010dasti expoz\u00edcie s\u00fa prezentovan\u00e9 archeologick\u00e9 n\u00e1lezy z\u00a0obdobia od praveku a\u017e po stredovek, ktor\u00e9 sa na\u0161li po\u010das v\u00fdskumov v\u00a0Stre\u010dne a\u00a0v\u00a0okolit\u00fdch obciach. \u201eN\u00e1v\u0161tevn\u00edci si m\u00f4\u017eu prezrie\u0165 keramiku lu\u017eickej a\u00a0p\u00fachovskej kult\u00fary \u010di zauj\u00edmav\u00fd s\u00fabor [&hellip;]","og_url":"https:\/\/pmza.sk\/?p=51749","og_site_name":"Pova\u017esk\u00e9 m\u00fazeum","article_publisher":"https:\/\/www.facebook.com\/povazskemuzeum","article_published_time":"2022-07-08T07:47:12+00:00","article_modified_time":"2025-05-15T05:11:22+00:00","og_image":[{"width":2560,"height":1707,"url":"https:\/\/pmza.sk\/wp-content\/uploads\/2022\/07\/IMG_6212-scaled.jpg","type":"image\/jpeg"}],"author":"Pova\u017esk\u00e9 m\u00fazeum","twitter_card":"summary_large_image","twitter_misc":{"Autor":"Pova\u017esk\u00e9 m\u00fazeum","Predpokladan\u00fd \u010das \u010d\u00edtania":"2 min\u00faty"},"schema":{"@context":"https:\/\/schema.org","@graph":[{"@type":"Article","@id":"https:\/\/pmza.sk\/?p=51749#article","isPartOf":{"@id":"https:\/\/pmza.sk\/?p=51749"},"author":{"name":"Pova\u017esk\u00e9 m\u00fazeum","@id":"https:\/\/pmza.sk\/#\/schema\/person\/595e6a2ce731ea94dcd5d7f50a41ae33"},"headline":"Na hrade Stre\u010dno nov\u00e1 archeologick\u00e1 expoz\u00edcia aj mu\u010diare\u0148","datePublished":"2022-07-08T07:47:12+00:00","dateModified":"2025-05-15T05:11:22+00:00","mainEntityOfPage":{"@id":"https:\/\/pmza.sk\/?p=51749"},"wordCount":338,"publisher":{"@id":"https:\/\/pmza.sk\/#organization"},"image":{"@id":"https:\/\/pmza.sk\/?p=51749#primaryimage"},"thumbnailUrl":"https:\/\/pmza.sk\/wp-content\/uploads\/2022\/07\/IMG_6212-scaled.jpg","articleSection":["Aktuality"],"inLanguage":"sk-SK"},{"@type":"WebPage","@id":"https:\/\/pmza.sk\/?p=51749","url":"https:\/\/pmza.sk\/?p=51749","name":"Na hrade Stre\u010dno nov\u00e1 archeologick\u00e1 expoz\u00edcia aj mu\u010diare\u0148 - Pova\u017esk\u00e9 m\u00fazeum","isPartOf":{"@id":"https:\/\/pmza.sk\/#website"},"primaryImageOfPage":{"@id":"https:\/\/pmza.sk\/?p=51749#primaryimage"},"image":{"@id":"https:\/\/pmza.sk\/?p=51749#primaryimage"},"thumbnailUrl":"https:\/\/pmza.sk\/wp-content\/uploads\/2022\/07\/IMG_6212-scaled.jpg","datePublished":"2022-07-08T07:47:12+00:00","dateModified":"2025-05-15T05:11:22+00:00","breadcrumb":{"@id":"https:\/\/pmza.sk\/?p=51749#breadcrumb"},"inLanguage":"sk-SK","potentialAction":[{"@type":"ReadAction","target":["https:\/\/pmza.sk\/?p=51749"]}]},{"@type":"ImageObject","inLanguage":"sk-SK","@id":"https:\/\/pmza.sk\/?p=51749#primaryimage","url":"https:\/\/pmza.sk\/wp-content\/uploads\/2022\/07\/IMG_6212-scaled.jpg","contentUrl":"https:\/\/pmza.sk\/wp-content\/uploads\/2022\/07\/IMG_6212-scaled.jpg","width":2560,"height":1707},{"@type":"BreadcrumbList","@id":"https:\/\/pmza.sk\/?p=51749#breadcrumb","itemListElement":[{"@type":"ListItem","position":1,"name":"Domovsk\u00e1 str\u00e1nka","item":"https:\/\/pmza.sk\/"},{"@type":"ListItem","position":2,"name":"Na hrade Stre\u010dno nov\u00e1 archeologick\u00e1 expoz\u00edcia aj mu\u010diare\u0148"}]},{"@type":"WebSite","@id":"https:\/\/pmza.sk\/#website","url":"https:\/\/pmza.sk\/","name":"Pova\u017esk\u00e9 m\u00fazeum","description":"Pova\u017esk\u00e9 m\u00fazeum v \u017diline je region\u00e1lne m\u00fazeum so s\u00eddlom v Budat\u00edne. Jeho expoz\u00edcie s\u00fa zameran\u00e9 na dejiny slovensk\u00e9ho umenia, kult\u00fary a dopravy.","publisher":{"@id":"https:\/\/pmza.sk\/#organization"},"potentialAction":[{"@type":"SearchAction","target":{"@type":"EntryPoint","urlTemplate":"https:\/\/pmza.sk\/?s={search_term_string}"},"query-input":{"@type":"PropertyValueSpecification","valueRequired":true,"valueName":"search_term_string"}}],"inLanguage":"sk-SK"},{"@type":"Organization","@id":"https:\/\/pmza.sk\/#organization","name":"Pova\u017esk\u00e9 m\u00fazeum","url":"https:\/\/pmza.sk\/","logo":{"@type":"ImageObject","inLanguage":"sk-SK","@id":"https:\/\/pmza.sk\/#\/schema\/logo\/image\/","url":"https:\/\/pmza.sk\/wp-content\/uploads\/2022\/01\/logo_PM_horizontal.jpg","contentUrl":"https:\/\/pmza.sk\/wp-content\/uploads\/2022\/01\/logo_PM_horizontal.jpg","width":231,"height":142,"caption":"Pova\u017esk\u00e9 m\u00fazeum"},"image":{"@id":"https:\/\/pmza.sk\/#\/schema\/logo\/image\/"},"sameAs":["https:\/\/www.facebook.com\/povazskemuzeum","https:\/\/www.instagram.com\/povazskemuzeum\/"]},{"@type":"Person","@id":"https:\/\/pmza.sk\/#\/schema\/person\/595e6a2ce731ea94dcd5d7f50a41ae33","name":"Pova\u017esk\u00e9 m\u00fazeum","image":{"@type":"ImageObject","inLanguage":"sk-SK","@id":"https:\/\/secure.gravatar.com\/avatar\/2bb7f1561282132fb5826dfeccc66c7996d11ee392ac6aaf7ced8a1c2027fbb2?s=96&d=mm&r=g","url":"https:\/\/secure.gravatar.com\/avatar\/2bb7f1561282132fb5826dfeccc66c7996d11ee392ac6aaf7ced8a1c2027fbb2?s=96&d=mm&r=g","contentUrl":"https:\/\/secure.gravatar.com\/avatar\/2bb7f1561282132fb5826dfeccc66c7996d11ee392ac6aaf7ced8a1c2027fbb2?s=96&d=mm&r=g","caption":"Pova\u017esk\u00e9 m\u00fazeum"}}]}},"_links":{"self":[{"href":"https:\/\/pmza.sk\/index.php?rest_route=\/wp\/v2\/posts\/51749","targetHints":{"allow":["GET"]}}],"collection":[{"href":"https:\/\/pmza.sk\/index.php?rest_route=\/wp\/v2\/posts"}],"about":[{"href":"https:\/\/pmza.sk\/index.php?rest_route=\/wp\/v2\/types\/post"}],"author":[{"embeddable":true,"href":"https:\/\/pmza.sk\/index.php?rest_route=\/wp\/v2\/users\/2"}],"replies":[{"embeddable":true,"href":"https:\/\/pmza.sk\/index.php?rest_route=%2Fwp%2Fv2%2Fcomments&post=51749"}],"version-history":[{"count":0,"href":"https:\/\/pmza.sk\/index.php?rest_route=\/wp\/v2\/posts\/51749\/revisions"}],"wp:featuredmedia":[{"embeddable":true,"href":"https:\/\/pmza.sk\/index.php?rest_route=\/wp\/v2\/media\/51752"}],"wp:attachment":[{"href":"https:\/\/pmza.sk\/index.php?rest_route=%2Fwp%2Fv2%2Fmedia&parent=51749"}],"wp:term":[{"taxonomy":"category","embeddable":true,"href":"https:\/\/pmza.sk\/index.php?rest_route=%2Fwp%2Fv2%2Fcategories&post=51749"},{"taxonomy":"post_tag","embeddable":true,"href":"https:\/\/pmza.sk\/index.php?rest_route=%2Fwp%2Fv2%2Ftags&post=51749"}],"curies":[{"name":"wp","href":"https:\/\/api.w.org\/{rel}","templated":true}]}}