{"id":51768,"date":"2022-07-12T11:45:34","date_gmt":"2022-07-12T09:45:34","guid":{"rendered":"https:\/\/pmza.sk\/?p=51768"},"modified":"2025-05-15T07:11:12","modified_gmt":"2025-05-15T05:11:12","slug":"archeologicky-vyskum-v-bytci-pokracuje","status":"publish","type":"post","link":"https:\/\/pmza.sk\/?p=51768","title":{"rendered":"Archeologick\u00fd v\u00fdskum v Byt\u010di pokra\u010duje"},"content":{"rendered":"<p>Archeologick\u00fd v\u00fdskum ka\u0161tie\u013ea v\u00a0Byt\u010di pokra\u010duje aj tento rok. Pova\u017esk\u00e9 m\u00fazeum, \u00a0Kysuck\u00e9 m\u00fazeum a\u00a0Slovensk\u00e9 n\u00e1rodn\u00e9 m\u00fazeum v\u00a0Martine realizuj\u00fa u\u017e druh\u00fa sez\u00f3nu v\u00fdskumu, ktor\u00fd sa tentoraz s\u00fastredil na n\u00e1dvorie. Minul\u00fd rok boli na n\u00e1dvor\u00ed v\u00a0dvoch sond\u00e1ch zachyten\u00e9 viacer\u00e9 muriv\u00e1 star\u0161ie ako ka\u0161tie\u013e. \u00dalohou tohtoro\u010dn\u00fdch pr\u00e1c je zisti\u0165 o\u00a0niekdaj\u0161ej z\u00e1stavbe priestoru dne\u0161n\u00e9ho n\u00e1dvoria \u010do najviac. Zatia\u013e bol odkryt\u00fd fragment novovekej kamennej dla\u017eby n\u00e1dvoria, nieko\u013eko mur\u00edv a vetracie okienko do pivnice \u010diasto\u010dne sk\u00famanej u\u017e v\u00a0minulom roku. Star\u0161ia z\u00e1stavba pozost\u00e1vaj\u00faca z\u00a0murovan\u00fdch objektov sa objavuje sk\u00f4r vo v\u00fdchodnej polovici n\u00e1dvoria. Naopak, v\u00a0z\u00e1padnej polovici sa muriv\u00e1 neobjavuj\u00fa. Zd\u00e1 sa, \u017ee v\u00a0tejto \u010dasti bude mo\u017en\u00e9 sk\u00fama\u0165 najstar\u0161iu etapu niekdaj\u0161ieho hradu, ktor\u00e1, ako sa za\u010d\u00edna ukazova\u0165, pozost\u00e1vala zrejme z\u00a0drevozemn\u00fdch stavieb. Aspo\u0148 to zatia\u013e nazna\u010duj\u00fa kolov\u00e9 jamy, v\u00a0ktor\u00fdch v stredoveku zrejme st\u00e1la palis\u00e1dov\u00e1 hradba obkolesuj\u00faca dreven\u00e9 budovy. Z nich sa do dne\u0161n\u00fdch dn\u00ed zachovali u\u017e len v\u00fdrazne sp\u00e1len\u00e9 vrstvy. Tie sved\u010dia o\u00a0po\u017eiarovom z\u00e1niku najstar\u0161ieho hradu. Zatia\u013e v\u0161ak nie je mo\u017en\u00e9 presnej\u0161ie \u010dasov\u00e9 ur\u010denie jednotliv\u00fdch f\u00e1z zaniknut\u00e9ho hradu v\u00a0Byt\u010di, a\u00a0to ani jeho drevenej, a\u00a0ani mlad\u0161ej, murovanej podoby.<\/p>\n<p>PhDr. Zuzana Stanekov\u00e1 (PM)<\/p>\n<p>Mgr. Danka Majer\u010d\u00edkov\u00e1 (KM)<\/p>\n<p>Mgr. Marek Both (SNM)<\/p>\n<p><img fetchpriority=\"high\" decoding=\"async\" class=\"alignnone size-medium wp-image-51769\" src=\"https:\/\/pmza.sk\/wp-content\/uploads\/2022\/07\/nadvorie-kolove-jamy-z-palisadoveho-opevnenia-azda-najstarsej-drevozemnej-pododby-hradu-vrcholny-stredovek-480x360.jpg\" alt=\"\" width=\"480\" height=\"360\" srcset=\"https:\/\/pmza.sk\/wp-content\/uploads\/2022\/07\/nadvorie-kolove-jamy-z-palisadoveho-opevnenia-azda-najstarsej-drevozemnej-pododby-hradu-vrcholny-stredovek-480x360.jpg 480w, https:\/\/pmza.sk\/wp-content\/uploads\/2022\/07\/nadvorie-kolove-jamy-z-palisadoveho-opevnenia-azda-najstarsej-drevozemnej-pododby-hradu-vrcholny-stredovek-980x736.jpg 980w, https:\/\/pmza.sk\/wp-content\/uploads\/2022\/07\/nadvorie-kolove-jamy-z-palisadoveho-opevnenia-azda-najstarsej-drevozemnej-pododby-hradu-vrcholny-stredovek-768x577.jpg 768w, https:\/\/pmza.sk\/wp-content\/uploads\/2022\/07\/nadvorie-kolove-jamy-z-palisadoveho-opevnenia-azda-najstarsej-drevozemnej-pododby-hradu-vrcholny-stredovek-1536x1153.jpg 1536w, https:\/\/pmza.sk\/wp-content\/uploads\/2022\/07\/nadvorie-kolove-jamy-z-palisadoveho-opevnenia-azda-najstarsej-drevozemnej-pododby-hradu-vrcholny-stredovek-2048x1538.jpg 2048w, https:\/\/pmza.sk\/wp-content\/uploads\/2022\/07\/nadvorie-kolove-jamy-z-palisadoveho-opevnenia-azda-najstarsej-drevozemnej-pododby-hradu-vrcholny-stredovek-600x450.jpg 600w\" sizes=\"(max-width: 480px) 100vw, 480px\" \/><\/p>\n<p>N\u00e1dvorie &#8211; kolov\u00e9 jamy z palis\u00e1dov\u00e9ho opevnenia azda najstar\u0161ej, drevozemnej podoby hradu &#8211; vrcholn\u00fd stredovek<\/p>\n<p><img decoding=\"async\" class=\"alignnone size-medium wp-image-51770\" src=\"https:\/\/pmza.sk\/wp-content\/uploads\/2022\/07\/nadvorie-archeologicky-vyskum-2022-aktualny-stav-z-jula-480x360.jpg\" alt=\"\" width=\"480\" height=\"360\" srcset=\"https:\/\/pmza.sk\/wp-content\/uploads\/2022\/07\/nadvorie-archeologicky-vyskum-2022-aktualny-stav-z-jula-480x360.jpg 480w, https:\/\/pmza.sk\/wp-content\/uploads\/2022\/07\/nadvorie-archeologicky-vyskum-2022-aktualny-stav-z-jula-980x736.jpg 980w, https:\/\/pmza.sk\/wp-content\/uploads\/2022\/07\/nadvorie-archeologicky-vyskum-2022-aktualny-stav-z-jula-768x577.jpg 768w, https:\/\/pmza.sk\/wp-content\/uploads\/2022\/07\/nadvorie-archeologicky-vyskum-2022-aktualny-stav-z-jula-1536x1153.jpg 1536w, https:\/\/pmza.sk\/wp-content\/uploads\/2022\/07\/nadvorie-archeologicky-vyskum-2022-aktualny-stav-z-jula-2048x1538.jpg 2048w, https:\/\/pmza.sk\/wp-content\/uploads\/2022\/07\/nadvorie-archeologicky-vyskum-2022-aktualny-stav-z-jula-600x450.jpg 600w\" sizes=\"(max-width: 480px) 100vw, 480px\" \/><\/p>\n<p>N\u00e1dvorie, archeologick\u00fd v\u00fdskum 2022, aktu\u00e1lny stav z j\u00fala<\/p>\n","protected":false},"excerpt":{"rendered":"<p>Archeologick\u00fd v\u00fdskum ka\u0161tie\u013ea v\u00a0Byt\u010di pokra\u010duje aj tento rok. Pova\u017esk\u00e9 m\u00fazeum, \u00a0Kysuck\u00e9 m\u00fazeum a\u00a0Slovensk\u00e9 n\u00e1rodn\u00e9 m\u00fazeum v\u00a0Martine realizuj\u00fa u\u017e druh\u00fa sez\u00f3nu v\u00fdskumu, ktor\u00fd sa tentoraz s\u00fastredil na n\u00e1dvorie. Minul\u00fd rok boli na n\u00e1dvor\u00ed v\u00a0dvoch sond\u00e1ch zachyten\u00e9 viacer\u00e9 muriv\u00e1 star\u0161ie ako ka\u0161tie\u013e. \u00dalohou tohtoro\u010dn\u00fdch pr\u00e1c je zisti\u0165 o\u00a0niekdaj\u0161ej z\u00e1stavbe priestoru dne\u0161n\u00e9ho n\u00e1dvoria \u010do najviac. Zatia\u013e bol odkryt\u00fd [&hellip;]<\/p>\n","protected":false},"author":2,"featured_media":51774,"comment_status":"closed","ping_status":"closed","sticky":false,"template":"","format":"standard","meta":{"site-sidebar-layout":"default","site-content-layout":"default","ast-site-content-layout":"default","site-content-style":"default","site-sidebar-style":"default","ast-global-header-display":"","ast-banner-title-visibility":"","ast-main-header-display":"","ast-hfb-above-header-display":"","ast-hfb-below-header-display":"","ast-hfb-mobile-header-display":"","site-post-title":"","ast-breadcrumbs-content":"","ast-featured-img":"","footer-sml-layout":"","theme-transparent-header-meta":"default","adv-header-id-meta":"","stick-header-meta":"default","header-above-stick-meta":"","header-main-stick-meta":"","header-below-stick-meta":"","astra-migrate-meta-layouts":"set","ast-page-background-enabled":"default","ast-page-background-meta":{"desktop":{"background-color":"var(--ast-global-color-4)","background-image":"","background-repeat":"repeat","background-position":"center center","background-size":"auto","background-attachment":"scroll","background-type":"","background-media":"","overlay-type":"","overlay-color":"","overlay-opacity":"","overlay-gradient":""},"tablet":{"background-color":"","background-image":"","background-repeat":"repeat","background-position":"center center","background-size":"auto","background-attachment":"scroll","background-type":"","background-media":"","overlay-type":"","overlay-color":"","overlay-opacity":"","overlay-gradient":""},"mobile":{"background-color":"","background-image":"","background-repeat":"repeat","background-position":"center center","background-size":"auto","background-attachment":"scroll","background-type":"","background-media":"","overlay-type":"","overlay-color":"","overlay-opacity":"","overlay-gradient":""}},"ast-content-background-meta":{"desktop":{"background-color":"var(--ast-global-color-5)","background-image":"","background-repeat":"repeat","background-position":"center center","background-size":"auto","background-attachment":"scroll","background-type":"","background-media":"","overlay-type":"","overlay-color":"","overlay-opacity":"","overlay-gradient":""},"tablet":{"background-color":"var(--ast-global-color-5)","background-image":"","background-repeat":"repeat","background-position":"center center","background-size":"auto","background-attachment":"scroll","background-type":"","background-media":"","overlay-type":"","overlay-color":"","overlay-opacity":"","overlay-gradient":""},"mobile":{"background-color":"var(--ast-global-color-5)","background-image":"","background-repeat":"repeat","background-position":"center center","background-size":"auto","background-attachment":"scroll","background-type":"","background-media":"","overlay-type":"","overlay-color":"","overlay-opacity":"","overlay-gradient":""}},"footnotes":""},"categories":[31],"tags":[],"class_list":["post-51768","post","type-post","status-publish","format-standard","has-post-thumbnail","hentry","category-aktuality"],"yoast_head":"<!-- This site is optimized with the Yoast SEO plugin v27.4 - https:\/\/yoast.com\/product\/yoast-seo-wordpress\/ -->\n<title>Archeologick\u00fd v\u00fdskum v Byt\u010di pokra\u010duje - Pova\u017esk\u00e9 m\u00fazeum<\/title>\n<meta name=\"robots\" content=\"index, follow, max-snippet:-1, max-image-preview:large, max-video-preview:-1\" \/>\n<link rel=\"canonical\" href=\"https:\/\/pmza.sk\/?p=51768\" \/>\n<meta property=\"og:locale\" content=\"sk_SK\" \/>\n<meta property=\"og:type\" content=\"article\" \/>\n<meta property=\"og:title\" content=\"Archeologick\u00fd v\u00fdskum v Byt\u010di pokra\u010duje - Pova\u017esk\u00e9 m\u00fazeum\" \/>\n<meta property=\"og:description\" content=\"Archeologick\u00fd v\u00fdskum ka\u0161tie\u013ea v\u00a0Byt\u010di pokra\u010duje aj tento rok. Pova\u017esk\u00e9 m\u00fazeum, \u00a0Kysuck\u00e9 m\u00fazeum a\u00a0Slovensk\u00e9 n\u00e1rodn\u00e9 m\u00fazeum v\u00a0Martine realizuj\u00fa u\u017e druh\u00fa sez\u00f3nu v\u00fdskumu, ktor\u00fd sa tentoraz s\u00fastredil na n\u00e1dvorie. Minul\u00fd rok boli na n\u00e1dvor\u00ed v\u00a0dvoch sond\u00e1ch zachyten\u00e9 viacer\u00e9 muriv\u00e1 star\u0161ie ako ka\u0161tie\u013e. \u00dalohou tohtoro\u010dn\u00fdch pr\u00e1c je zisti\u0165 o\u00a0niekdaj\u0161ej z\u00e1stavbe priestoru dne\u0161n\u00e9ho n\u00e1dvoria \u010do najviac. Zatia\u013e bol odkryt\u00fd [&hellip;]\" \/>\n<meta property=\"og:url\" content=\"https:\/\/pmza.sk\/?p=51768\" \/>\n<meta property=\"og:site_name\" content=\"Pova\u017esk\u00e9 m\u00fazeum\" \/>\n<meta property=\"article:publisher\" content=\"https:\/\/www.facebook.com\/povazskemuzeum\" \/>\n<meta property=\"article:published_time\" content=\"2022-07-12T09:45:34+00:00\" \/>\n<meta property=\"article:modified_time\" content=\"2025-05-15T05:11:12+00:00\" \/>\n<meta property=\"og:image\" content=\"https:\/\/pmza.sk\/wp-content\/uploads\/2022\/07\/nadvorie-cast-stredovekej-keramickej-nadoby-zachovanej-v-prepalenej-poziarovej-vrstve-web.jpg\" \/>\n\t<meta property=\"og:image:width\" content=\"1280\" \/>\n\t<meta property=\"og:image:height\" content=\"853\" \/>\n\t<meta property=\"og:image:type\" content=\"image\/jpeg\" \/>\n<meta name=\"author\" content=\"Pova\u017esk\u00e9 m\u00fazeum\" \/>\n<meta name=\"twitter:card\" content=\"summary_large_image\" \/>\n<meta name=\"twitter:label1\" content=\"Autor\" \/>\n\t<meta name=\"twitter:data1\" content=\"Pova\u017esk\u00e9 m\u00fazeum\" \/>\n\t<meta name=\"twitter:label2\" content=\"Predpokladan\u00fd \u010das \u010d\u00edtania\" \/>\n\t<meta name=\"twitter:data2\" content=\"2 min\u00faty\" \/>\n<script type=\"application\/ld+json\" class=\"yoast-schema-graph\">{\"@context\":\"https:\\\/\\\/schema.org\",\"@graph\":[{\"@type\":\"Article\",\"@id\":\"https:\\\/\\\/pmza.sk\\\/?p=51768#article\",\"isPartOf\":{\"@id\":\"https:\\\/\\\/pmza.sk\\\/?p=51768\"},\"author\":{\"name\":\"Pova\u017esk\u00e9 m\u00fazeum\",\"@id\":\"https:\\\/\\\/pmza.sk\\\/#\\\/schema\\\/person\\\/595e6a2ce731ea94dcd5d7f50a41ae33\"},\"headline\":\"Archeologick\u00fd v\u00fdskum v Byt\u010di pokra\u010duje\",\"datePublished\":\"2022-07-12T09:45:34+00:00\",\"dateModified\":\"2025-05-15T05:11:12+00:00\",\"mainEntityOfPage\":{\"@id\":\"https:\\\/\\\/pmza.sk\\\/?p=51768\"},\"wordCount\":302,\"publisher\":{\"@id\":\"https:\\\/\\\/pmza.sk\\\/#organization\"},\"image\":{\"@id\":\"https:\\\/\\\/pmza.sk\\\/?p=51768#primaryimage\"},\"thumbnailUrl\":\"https:\\\/\\\/pmza.sk\\\/wp-content\\\/uploads\\\/2022\\\/07\\\/nadvorie-cast-stredovekej-keramickej-nadoby-zachovanej-v-prepalenej-poziarovej-vrstve-web.jpg\",\"articleSection\":[\"Aktuality\"],\"inLanguage\":\"sk-SK\"},{\"@type\":\"WebPage\",\"@id\":\"https:\\\/\\\/pmza.sk\\\/?p=51768\",\"url\":\"https:\\\/\\\/pmza.sk\\\/?p=51768\",\"name\":\"Archeologick\u00fd v\u00fdskum v Byt\u010di pokra\u010duje - Pova\u017esk\u00e9 m\u00fazeum\",\"isPartOf\":{\"@id\":\"https:\\\/\\\/pmza.sk\\\/#website\"},\"primaryImageOfPage\":{\"@id\":\"https:\\\/\\\/pmza.sk\\\/?p=51768#primaryimage\"},\"image\":{\"@id\":\"https:\\\/\\\/pmza.sk\\\/?p=51768#primaryimage\"},\"thumbnailUrl\":\"https:\\\/\\\/pmza.sk\\\/wp-content\\\/uploads\\\/2022\\\/07\\\/nadvorie-cast-stredovekej-keramickej-nadoby-zachovanej-v-prepalenej-poziarovej-vrstve-web.jpg\",\"datePublished\":\"2022-07-12T09:45:34+00:00\",\"dateModified\":\"2025-05-15T05:11:12+00:00\",\"breadcrumb\":{\"@id\":\"https:\\\/\\\/pmza.sk\\\/?p=51768#breadcrumb\"},\"inLanguage\":\"sk-SK\",\"potentialAction\":[{\"@type\":\"ReadAction\",\"target\":[\"https:\\\/\\\/pmza.sk\\\/?p=51768\"]}]},{\"@type\":\"ImageObject\",\"inLanguage\":\"sk-SK\",\"@id\":\"https:\\\/\\\/pmza.sk\\\/?p=51768#primaryimage\",\"url\":\"https:\\\/\\\/pmza.sk\\\/wp-content\\\/uploads\\\/2022\\\/07\\\/nadvorie-cast-stredovekej-keramickej-nadoby-zachovanej-v-prepalenej-poziarovej-vrstve-web.jpg\",\"contentUrl\":\"https:\\\/\\\/pmza.sk\\\/wp-content\\\/uploads\\\/2022\\\/07\\\/nadvorie-cast-stredovekej-keramickej-nadoby-zachovanej-v-prepalenej-poziarovej-vrstve-web.jpg\",\"width\":1280,\"height\":853},{\"@type\":\"BreadcrumbList\",\"@id\":\"https:\\\/\\\/pmza.sk\\\/?p=51768#breadcrumb\",\"itemListElement\":[{\"@type\":\"ListItem\",\"position\":1,\"name\":\"Domovsk\u00e1 str\u00e1nka\",\"item\":\"https:\\\/\\\/pmza.sk\\\/\"},{\"@type\":\"ListItem\",\"position\":2,\"name\":\"Archeologick\u00fd v\u00fdskum v Byt\u010di pokra\u010duje\"}]},{\"@type\":\"WebSite\",\"@id\":\"https:\\\/\\\/pmza.sk\\\/#website\",\"url\":\"https:\\\/\\\/pmza.sk\\\/\",\"name\":\"Pova\u017esk\u00e9 m\u00fazeum\",\"description\":\"Pova\u017esk\u00e9 m\u00fazeum v \u017diline je region\u00e1lne m\u00fazeum so s\u00eddlom v Budat\u00edne. Jeho expoz\u00edcie s\u00fa zameran\u00e9 na dejiny slovensk\u00e9ho umenia, kult\u00fary a dopravy.\",\"publisher\":{\"@id\":\"https:\\\/\\\/pmza.sk\\\/#organization\"},\"potentialAction\":[{\"@type\":\"SearchAction\",\"target\":{\"@type\":\"EntryPoint\",\"urlTemplate\":\"https:\\\/\\\/pmza.sk\\\/?s={search_term_string}\"},\"query-input\":{\"@type\":\"PropertyValueSpecification\",\"valueRequired\":true,\"valueName\":\"search_term_string\"}}],\"inLanguage\":\"sk-SK\"},{\"@type\":\"Organization\",\"@id\":\"https:\\\/\\\/pmza.sk\\\/#organization\",\"name\":\"Pova\u017esk\u00e9 m\u00fazeum\",\"url\":\"https:\\\/\\\/pmza.sk\\\/\",\"logo\":{\"@type\":\"ImageObject\",\"inLanguage\":\"sk-SK\",\"@id\":\"https:\\\/\\\/pmza.sk\\\/#\\\/schema\\\/logo\\\/image\\\/\",\"url\":\"https:\\\/\\\/pmza.sk\\\/wp-content\\\/uploads\\\/2022\\\/01\\\/logo_PM_horizontal.jpg\",\"contentUrl\":\"https:\\\/\\\/pmza.sk\\\/wp-content\\\/uploads\\\/2022\\\/01\\\/logo_PM_horizontal.jpg\",\"width\":231,\"height\":142,\"caption\":\"Pova\u017esk\u00e9 m\u00fazeum\"},\"image\":{\"@id\":\"https:\\\/\\\/pmza.sk\\\/#\\\/schema\\\/logo\\\/image\\\/\"},\"sameAs\":[\"https:\\\/\\\/www.facebook.com\\\/povazskemuzeum\",\"https:\\\/\\\/www.instagram.com\\\/povazskemuzeum\\\/\"]},{\"@type\":\"Person\",\"@id\":\"https:\\\/\\\/pmza.sk\\\/#\\\/schema\\\/person\\\/595e6a2ce731ea94dcd5d7f50a41ae33\",\"name\":\"Pova\u017esk\u00e9 m\u00fazeum\",\"image\":{\"@type\":\"ImageObject\",\"inLanguage\":\"sk-SK\",\"@id\":\"https:\\\/\\\/secure.gravatar.com\\\/avatar\\\/2bb7f1561282132fb5826dfeccc66c7996d11ee392ac6aaf7ced8a1c2027fbb2?s=96&d=mm&r=g\",\"url\":\"https:\\\/\\\/secure.gravatar.com\\\/avatar\\\/2bb7f1561282132fb5826dfeccc66c7996d11ee392ac6aaf7ced8a1c2027fbb2?s=96&d=mm&r=g\",\"contentUrl\":\"https:\\\/\\\/secure.gravatar.com\\\/avatar\\\/2bb7f1561282132fb5826dfeccc66c7996d11ee392ac6aaf7ced8a1c2027fbb2?s=96&d=mm&r=g\",\"caption\":\"Pova\u017esk\u00e9 m\u00fazeum\"}}]}<\/script>\n<!-- \/ Yoast SEO plugin. -->","yoast_head_json":{"title":"Archeologick\u00fd v\u00fdskum v Byt\u010di pokra\u010duje - Pova\u017esk\u00e9 m\u00fazeum","robots":{"index":"index","follow":"follow","max-snippet":"max-snippet:-1","max-image-preview":"max-image-preview:large","max-video-preview":"max-video-preview:-1"},"canonical":"https:\/\/pmza.sk\/?p=51768","og_locale":"sk_SK","og_type":"article","og_title":"Archeologick\u00fd v\u00fdskum v Byt\u010di pokra\u010duje - Pova\u017esk\u00e9 m\u00fazeum","og_description":"Archeologick\u00fd v\u00fdskum ka\u0161tie\u013ea v\u00a0Byt\u010di pokra\u010duje aj tento rok. Pova\u017esk\u00e9 m\u00fazeum, \u00a0Kysuck\u00e9 m\u00fazeum a\u00a0Slovensk\u00e9 n\u00e1rodn\u00e9 m\u00fazeum v\u00a0Martine realizuj\u00fa u\u017e druh\u00fa sez\u00f3nu v\u00fdskumu, ktor\u00fd sa tentoraz s\u00fastredil na n\u00e1dvorie. Minul\u00fd rok boli na n\u00e1dvor\u00ed v\u00a0dvoch sond\u00e1ch zachyten\u00e9 viacer\u00e9 muriv\u00e1 star\u0161ie ako ka\u0161tie\u013e. \u00dalohou tohtoro\u010dn\u00fdch pr\u00e1c je zisti\u0165 o\u00a0niekdaj\u0161ej z\u00e1stavbe priestoru dne\u0161n\u00e9ho n\u00e1dvoria \u010do najviac. Zatia\u013e bol odkryt\u00fd [&hellip;]","og_url":"https:\/\/pmza.sk\/?p=51768","og_site_name":"Pova\u017esk\u00e9 m\u00fazeum","article_publisher":"https:\/\/www.facebook.com\/povazskemuzeum","article_published_time":"2022-07-12T09:45:34+00:00","article_modified_time":"2025-05-15T05:11:12+00:00","og_image":[{"width":1280,"height":853,"url":"https:\/\/pmza.sk\/wp-content\/uploads\/2022\/07\/nadvorie-cast-stredovekej-keramickej-nadoby-zachovanej-v-prepalenej-poziarovej-vrstve-web.jpg","type":"image\/jpeg"}],"author":"Pova\u017esk\u00e9 m\u00fazeum","twitter_card":"summary_large_image","twitter_misc":{"Autor":"Pova\u017esk\u00e9 m\u00fazeum","Predpokladan\u00fd \u010das \u010d\u00edtania":"2 min\u00faty"},"schema":{"@context":"https:\/\/schema.org","@graph":[{"@type":"Article","@id":"https:\/\/pmza.sk\/?p=51768#article","isPartOf":{"@id":"https:\/\/pmza.sk\/?p=51768"},"author":{"name":"Pova\u017esk\u00e9 m\u00fazeum","@id":"https:\/\/pmza.sk\/#\/schema\/person\/595e6a2ce731ea94dcd5d7f50a41ae33"},"headline":"Archeologick\u00fd v\u00fdskum v Byt\u010di pokra\u010duje","datePublished":"2022-07-12T09:45:34+00:00","dateModified":"2025-05-15T05:11:12+00:00","mainEntityOfPage":{"@id":"https:\/\/pmza.sk\/?p=51768"},"wordCount":302,"publisher":{"@id":"https:\/\/pmza.sk\/#organization"},"image":{"@id":"https:\/\/pmza.sk\/?p=51768#primaryimage"},"thumbnailUrl":"https:\/\/pmza.sk\/wp-content\/uploads\/2022\/07\/nadvorie-cast-stredovekej-keramickej-nadoby-zachovanej-v-prepalenej-poziarovej-vrstve-web.jpg","articleSection":["Aktuality"],"inLanguage":"sk-SK"},{"@type":"WebPage","@id":"https:\/\/pmza.sk\/?p=51768","url":"https:\/\/pmza.sk\/?p=51768","name":"Archeologick\u00fd v\u00fdskum v Byt\u010di pokra\u010duje - Pova\u017esk\u00e9 m\u00fazeum","isPartOf":{"@id":"https:\/\/pmza.sk\/#website"},"primaryImageOfPage":{"@id":"https:\/\/pmza.sk\/?p=51768#primaryimage"},"image":{"@id":"https:\/\/pmza.sk\/?p=51768#primaryimage"},"thumbnailUrl":"https:\/\/pmza.sk\/wp-content\/uploads\/2022\/07\/nadvorie-cast-stredovekej-keramickej-nadoby-zachovanej-v-prepalenej-poziarovej-vrstve-web.jpg","datePublished":"2022-07-12T09:45:34+00:00","dateModified":"2025-05-15T05:11:12+00:00","breadcrumb":{"@id":"https:\/\/pmza.sk\/?p=51768#breadcrumb"},"inLanguage":"sk-SK","potentialAction":[{"@type":"ReadAction","target":["https:\/\/pmza.sk\/?p=51768"]}]},{"@type":"ImageObject","inLanguage":"sk-SK","@id":"https:\/\/pmza.sk\/?p=51768#primaryimage","url":"https:\/\/pmza.sk\/wp-content\/uploads\/2022\/07\/nadvorie-cast-stredovekej-keramickej-nadoby-zachovanej-v-prepalenej-poziarovej-vrstve-web.jpg","contentUrl":"https:\/\/pmza.sk\/wp-content\/uploads\/2022\/07\/nadvorie-cast-stredovekej-keramickej-nadoby-zachovanej-v-prepalenej-poziarovej-vrstve-web.jpg","width":1280,"height":853},{"@type":"BreadcrumbList","@id":"https:\/\/pmza.sk\/?p=51768#breadcrumb","itemListElement":[{"@type":"ListItem","position":1,"name":"Domovsk\u00e1 str\u00e1nka","item":"https:\/\/pmza.sk\/"},{"@type":"ListItem","position":2,"name":"Archeologick\u00fd v\u00fdskum v Byt\u010di pokra\u010duje"}]},{"@type":"WebSite","@id":"https:\/\/pmza.sk\/#website","url":"https:\/\/pmza.sk\/","name":"Pova\u017esk\u00e9 m\u00fazeum","description":"Pova\u017esk\u00e9 m\u00fazeum v \u017diline je region\u00e1lne m\u00fazeum so s\u00eddlom v Budat\u00edne. Jeho expoz\u00edcie s\u00fa zameran\u00e9 na dejiny slovensk\u00e9ho umenia, kult\u00fary a dopravy.","publisher":{"@id":"https:\/\/pmza.sk\/#organization"},"potentialAction":[{"@type":"SearchAction","target":{"@type":"EntryPoint","urlTemplate":"https:\/\/pmza.sk\/?s={search_term_string}"},"query-input":{"@type":"PropertyValueSpecification","valueRequired":true,"valueName":"search_term_string"}}],"inLanguage":"sk-SK"},{"@type":"Organization","@id":"https:\/\/pmza.sk\/#organization","name":"Pova\u017esk\u00e9 m\u00fazeum","url":"https:\/\/pmza.sk\/","logo":{"@type":"ImageObject","inLanguage":"sk-SK","@id":"https:\/\/pmza.sk\/#\/schema\/logo\/image\/","url":"https:\/\/pmza.sk\/wp-content\/uploads\/2022\/01\/logo_PM_horizontal.jpg","contentUrl":"https:\/\/pmza.sk\/wp-content\/uploads\/2022\/01\/logo_PM_horizontal.jpg","width":231,"height":142,"caption":"Pova\u017esk\u00e9 m\u00fazeum"},"image":{"@id":"https:\/\/pmza.sk\/#\/schema\/logo\/image\/"},"sameAs":["https:\/\/www.facebook.com\/povazskemuzeum","https:\/\/www.instagram.com\/povazskemuzeum\/"]},{"@type":"Person","@id":"https:\/\/pmza.sk\/#\/schema\/person\/595e6a2ce731ea94dcd5d7f50a41ae33","name":"Pova\u017esk\u00e9 m\u00fazeum","image":{"@type":"ImageObject","inLanguage":"sk-SK","@id":"https:\/\/secure.gravatar.com\/avatar\/2bb7f1561282132fb5826dfeccc66c7996d11ee392ac6aaf7ced8a1c2027fbb2?s=96&d=mm&r=g","url":"https:\/\/secure.gravatar.com\/avatar\/2bb7f1561282132fb5826dfeccc66c7996d11ee392ac6aaf7ced8a1c2027fbb2?s=96&d=mm&r=g","contentUrl":"https:\/\/secure.gravatar.com\/avatar\/2bb7f1561282132fb5826dfeccc66c7996d11ee392ac6aaf7ced8a1c2027fbb2?s=96&d=mm&r=g","caption":"Pova\u017esk\u00e9 m\u00fazeum"}}]}},"_links":{"self":[{"href":"https:\/\/pmza.sk\/index.php?rest_route=\/wp\/v2\/posts\/51768","targetHints":{"allow":["GET"]}}],"collection":[{"href":"https:\/\/pmza.sk\/index.php?rest_route=\/wp\/v2\/posts"}],"about":[{"href":"https:\/\/pmza.sk\/index.php?rest_route=\/wp\/v2\/types\/post"}],"author":[{"embeddable":true,"href":"https:\/\/pmza.sk\/index.php?rest_route=\/wp\/v2\/users\/2"}],"replies":[{"embeddable":true,"href":"https:\/\/pmza.sk\/index.php?rest_route=%2Fwp%2Fv2%2Fcomments&post=51768"}],"version-history":[{"count":0,"href":"https:\/\/pmza.sk\/index.php?rest_route=\/wp\/v2\/posts\/51768\/revisions"}],"wp:featuredmedia":[{"embeddable":true,"href":"https:\/\/pmza.sk\/index.php?rest_route=\/wp\/v2\/media\/51774"}],"wp:attachment":[{"href":"https:\/\/pmza.sk\/index.php?rest_route=%2Fwp%2Fv2%2Fmedia&parent=51768"}],"wp:term":[{"taxonomy":"category","embeddable":true,"href":"https:\/\/pmza.sk\/index.php?rest_route=%2Fwp%2Fv2%2Fcategories&post=51768"},{"taxonomy":"post_tag","embeddable":true,"href":"https:\/\/pmza.sk\/index.php?rest_route=%2Fwp%2Fv2%2Ftags&post=51768"}],"curies":[{"name":"wp","href":"https:\/\/api.w.org\/{rel}","templated":true}]}}