{"id":51786,"date":"2022-07-19T14:39:35","date_gmt":"2022-07-19T12:39:35","guid":{"rendered":"https:\/\/pmza.sk\/?p=51786"},"modified":"2022-09-22T10:40:55","modified_gmt":"2022-09-22T08:40:55","slug":"ukoncenie-i-etapy-restaurovania-historickej-cirkevnej-zastavy","status":"publish","type":"post","link":"https:\/\/pmza.sk\/?p=51786","title":{"rendered":"Ukon\u010denie I. etapy re\u0161taurovania historickej cirkevnej z\u00e1stavy"},"content":{"rendered":"<p><strong>\u00a0\u201eNEDECANIA Z.\u00a0AMERIKI 1912.\u201c <\/strong><\/p>\n<p><strong>Ukon\u010denie I. etapy re\u0161taurovania historickej cirkevnej z\u00e1stavy <\/strong><\/p>\n<p>V\u00a0historick\u00fdch zbierkov\u00fdch fondoch Pova\u017esk\u00e9ho m\u00fazea sa nach\u00e1dza mno\u017estvo zauj\u00edmav\u00fdch a\u00a0historicky aj umelecky cenn\u00fdch zbierkov\u00fdch predmetov. Nie s\u00fa to len predmety z\u00a0oblasti vo\u013en\u00e9ho umenia, ale napr\u00edklad aj umeleck\u00e9ho remesla a\u00a0be\u017enej dobovej remeselnej i\u00a0priemyselnej v\u00fdroby. V\u00a0mnoh\u00fdch pr\u00edpadoch je v\u0161ak ich fyzick\u00fd stav nevyhovuj\u00faci a\u017e alarmuj\u00faci. K\u00a0tak\u00fdmto predmetom patr\u00ed aj historick\u00e1 cirkevn\u00e1 z\u00e1stava s\u00a0n\u00e1pisom: <em>\u201eNEDECANIA\u00a0 Z. AMERIKY 1912.\u201c<\/em>. Od jesene 2021 do j\u00fana tohto roku sa s\u00a0finan\u010dnou podporou Fondu na podporu umenia \u00faspe\u0161ne zrealizovala I. etapa jej re\u0161taurovania, ktor\u00e1 sa t\u00fdkala obnovy zna\u010dne po\u0161kodenej textilnej \u010dasti. Odborn\u00fdm garantom a\u00a0realiz\u00e1torkou cel\u00e9ho projektu bola re\u0161taur\u00e1torka historick\u00fdch text\u00edli\u00ed Mgr. art. Anna Blonska.<\/p>\n<p>Hoci spomenut\u00fd n\u00e1pis odkazuje k\u00a0daru svojim rod\u00e1kom od vys\u0165ahovalcov z\u00a0obce Nededza, bli\u017e\u0161ie inform\u00e1cie o\u00a0okolnostiach jej vzniku zatia\u013e\u00a0 nem\u00e1me. Tak napr\u00edklad zatia\u013e nevieme \u010di bola z\u00e1stava vyroben\u00e1 priamo v\u00a0USA alebo odtia\u013e pri\u0161li len finan\u010dn\u00e9 prostriedky na jej v\u00fdrobu. Zvolen\u00e9 mot\u00edvy sv\u00e4tcov na obojstranne ma\u013eovanom pl\u00e1tne ov\u00e1lneho tvaru, ktor\u00e9 je v\u0161it\u00e9 do stredu z\u00e1stavov\u00e9ho listu prirodzene odkazuj\u00fa k\u00a0dom\u00e1cemu ro\u013en\u00edckemu prostrediu, ku ktor\u00e9mu patril aj chov dobytka. V\u00a0pok\u013eaku sa modliaci Sv. Izidor zn\u00e1zornen\u00fd na averznej strane z\u00e1stavy je pova\u017eovan\u00fd za patr\u00f3na ro\u013en\u00edkov a\u00a0v\u00fdjav s\u00a0n\u00edm sa via\u017ee k\u00a0legende, pod\u013ea ktorej po\u010das jeho modlitieb na poli, pokra\u010doval za neho v\u00a0orbe anjel. Sv. Vendel\u00edn na strane druhej je podobne vn\u00edman\u00fd ako patr\u00f3n ro\u013en\u00edkov, tie\u017e\u00a0 sedliakov, pol\u00ed no\u00a0predov\u0161etk\u00fdm pastierov. Krajinn\u00e1 scen\u00e9ria s\u00a0ikonograficky tradi\u010dne po\u0148at\u00fdm Sv. Vendel\u00ednom ako mlad\u00fdm pastierom obklopen\u00fdm ovcami a\u00a0dobytkom, je doplnen\u00e1 o\u00a0mot\u00edv mal\u00e9ho kostol\u00edka so skupinou domov. Vo\u013en\u00e1 pripomienka na\u0161ich tradi\u010dn\u00fdch vidieckych re\u00e1li\u00ed tak dod\u00e1va sv\u00e4tcovi konkr\u00e9tnej\u0161\u00ed a osobnej\u0161\u00ed charakter. Nad ka\u017ed\u00fdm v\u00fdjavom s\u00fa umiestnen\u00e9 ru\u010dne ma\u013eovan\u00e9 n\u00e1pisy na tkanine s\u00a0menom pr\u00edslu\u0161n\u00e9ho sv\u00e4tca a\u00a0skratkou O.P. (orate pro \u2013 modli sa za), ktorej v\u00fdznam zv\u00fdraz\u0148uj\u00fa aj z\u00e1merne pou\u017eit\u00e9 p\u00f3zy post\u00e1v. T\u00e1to obrazov\u00e1 \u010das\u0165 je v\u0161ak v\u00a0s\u00fa\u010dasnosti vy\u0148at\u00e1 z\u00a0textiln\u00e9ho z\u00e1stavov\u00e9ho listu.\u00a0Zvlnen\u00e1 tkanina (p\u00f4vodne za\u0165a\u017eovan\u00e1 aj ma\u013eovan\u00fdm pl\u00e1tnom) tak mohla by\u0165 o\u010disten\u00e1 a vyrovnan\u00e1 za\u0165a\u017eovan\u00edm skl\u00ed\u010dkami. Spolu s\u00a0\u0148ou boli o\u010disten\u00e9 aj lemuj\u00face strapce a\u00a0tzv. pozamentierske strapce pripevnen\u00e9 k\u00a0spodnej \u010dasti ka\u017ed\u00e9ho z\u00a0piatich c\u00edpov za \u00fa\u010delom za\u0165a\u017eenia procesiovej z\u00e1stavy nesenej v\u00a0r\u00f4znych poveternostn\u00fdch podmienkach.<\/p>\n<p>Po\u0161koden\u00fd z\u00e1stavov\u00fd list musel by\u0165 \u010falej na jednej strane spevnen\u00fd hodv\u00e1bnou krepelinou, vopred zafarbenou farbou pr\u00edbuznou origin\u00e1lu a\u00a0rozsiahle trhliny scelen\u00e9 hodv\u00e1bnym vlasom, tie\u017e podobnej farebnosti. V\u00a0r\u00e1mci uskuto\u010dnenej re\u0161taur\u00e1torskej obnovy prebehlo aj zaretu\u0161ovanie men\u0161\u00edch f\u013eakov r\u00f4zneho p\u00f4vodu a\u00a0obnova jednotliv\u00fdch ru\u010dne ma\u013eovan\u00fdch n\u00e1pisov v\u00a0miere, ktor\u00e1 nenar\u00fa\u0161a starobyl\u00fd vzh\u013ead tohto vz\u00e1cneho zbierkov\u00e9ho predmetu. Jeho re\u0161taurovanie v\u0161ak bude e\u0161te pokra\u010dova\u0165 v\u00a0\u010fal\u0161\u00edch dvoch etap\u00e1ch. V\u00a0nich p\u00f4jde o\u00a0postupn\u00fa obnovu u\u017e spom\u00ednan\u00e9ho obojstranne ma\u013eovan\u00e9ho pl\u00e1tna a\u00a0z\u00e1vere\u010dn\u00fa kompletiz\u00e1ciu z\u00e1stavy.<\/p>\n<p>Text: Zdeno Hogh, Pova\u017esk\u00e9 m\u00fazeum, Foto: Anna Blonska, Anna Kuchar\u010d\u00edkov\u00e1<\/p>\n<p>Projekt z\u00a0verejn\u00fdch zdrojov podporil Fond na podporu umenia.<\/p>\n<p><img fetchpriority=\"high\" decoding=\"async\" class=\"alignnone wp-image-51787\" src=\"https:\/\/pmza.sk\/wp-content\/uploads\/2022\/07\/FPU_logo1_modre-480x360.jpg\" alt=\"\" width=\"359\" height=\"269\" srcset=\"https:\/\/pmza.sk\/wp-content\/uploads\/2022\/07\/FPU_logo1_modre-480x360.jpg 480w, https:\/\/pmza.sk\/wp-content\/uploads\/2022\/07\/FPU_logo1_modre-982x736.jpg 982w, https:\/\/pmza.sk\/wp-content\/uploads\/2022\/07\/FPU_logo1_modre-768x576.jpg 768w, https:\/\/pmza.sk\/wp-content\/uploads\/2022\/07\/FPU_logo1_modre-1536x1152.jpg 1536w, https:\/\/pmza.sk\/wp-content\/uploads\/2022\/07\/FPU_logo1_modre-2048x1536.jpg 2048w, https:\/\/pmza.sk\/wp-content\/uploads\/2022\/07\/FPU_logo1_modre-600x450.jpg 600w\" sizes=\"(max-width: 359px) 100vw, 359px\" \/><\/p>\n<figure id=\"attachment_52798\" aria-describedby=\"caption-attachment-52798\" style=\"width: 480px\" class=\"wp-caption alignnone\"><img decoding=\"async\" class=\"wp-image-52798 size-medium\" title=\"Zre\u0161taurovan\u00e1 textiln\u00e1 \u010das\u0165 z\u00e1stavy v ochrannom boxe z PH neutr\u00e1lneho materi\u00e1lu\" src=\"https:\/\/pmza.sk\/wp-content\/uploads\/2022\/07\/Zrestaurovana-textilna-cast-zastavy-v-ochrannom-boxe-z-PH-neutralneho-materialu-480x360.jpg\" alt=\"Zre\u0161taurovan\u00e1 textiln\u00e1 \u010das\u0165 z\u00e1stavy v ochrannom boxe z PH neutr\u00e1lneho materi\u00e1lu \" width=\"480\" height=\"360\" srcset=\"https:\/\/pmza.sk\/wp-content\/uploads\/2022\/07\/Zrestaurovana-textilna-cast-zastavy-v-ochrannom-boxe-z-PH-neutralneho-materialu-480x360.jpg 480w, https:\/\/pmza.sk\/wp-content\/uploads\/2022\/07\/Zrestaurovana-textilna-cast-zastavy-v-ochrannom-boxe-z-PH-neutralneho-materialu-981x736.jpg 981w, https:\/\/pmza.sk\/wp-content\/uploads\/2022\/07\/Zrestaurovana-textilna-cast-zastavy-v-ochrannom-boxe-z-PH-neutralneho-materialu-768x576.jpg 768w, https:\/\/pmza.sk\/wp-content\/uploads\/2022\/07\/Zrestaurovana-textilna-cast-zastavy-v-ochrannom-boxe-z-PH-neutralneho-materialu-600x450.jpg 600w, https:\/\/pmza.sk\/wp-content\/uploads\/2022\/07\/Zrestaurovana-textilna-cast-zastavy-v-ochrannom-boxe-z-PH-neutralneho-materialu.jpg 1280w\" sizes=\"(max-width: 480px) 100vw, 480px\" \/><figcaption id=\"caption-attachment-52798\" class=\"wp-caption-text\">Zre\u0161taurovan\u00e1 textiln\u00e1 \u010das\u0165 z\u00e1stavy v ochrannom boxe z PH neutr\u00e1lneho materi\u00e1lu<\/figcaption><\/figure>\n<figure style=\"width: 244px\" class=\"wp-caption alignnone\"><img decoding=\"async\" id=\"longdesc-return-51789\" class=\"size-medium wp-image-51789\" tabindex=\"-1\" src=\"https:\/\/pmza.sk\/wp-content\/uploads\/2022\/07\/historicka-cikevna-zastava-reverz-244x360.jpg\" alt=\"historick\u00e1 cikevn\u00e1 z\u00e1stava reverz\" width=\"244\" height=\"360\" longdesc=\"https:\/\/pmza.sk?longdesc=51789&amp;referrer=51786\" srcset=\"https:\/\/pmza.sk\/wp-content\/uploads\/2022\/07\/historicka-cikevna-zastava-reverz-244x360.jpg 244w, https:\/\/pmza.sk\/wp-content\/uploads\/2022\/07\/historicka-cikevna-zastava-reverz-498x736.jpg 498w, https:\/\/pmza.sk\/wp-content\/uploads\/2022\/07\/historicka-cikevna-zastava-reverz-768x1134.jpg 768w, https:\/\/pmza.sk\/wp-content\/uploads\/2022\/07\/historicka-cikevna-zastava-reverz-1040x1536.jpg 1040w, https:\/\/pmza.sk\/wp-content\/uploads\/2022\/07\/historicka-cikevna-zastava-reverz-600x886.jpg 600w, https:\/\/pmza.sk\/wp-content\/uploads\/2022\/07\/historicka-cikevna-zastava-reverz.jpg 1280w\" sizes=\"(max-width: 244px) 100vw, 244px\" \/><figcaption class=\"wp-caption-text\">historick\u00e1 cirkevn\u00e1 z\u00e1stava reverz<\/figcaption><\/figure>\n<figure style=\"width: 228px\" class=\"wp-caption alignnone\"><img loading=\"lazy\" decoding=\"async\" class=\"size-medium wp-image-51790\" src=\"https:\/\/pmza.sk\/wp-content\/uploads\/2022\/07\/historicka-cirkevna-zastava-averz-228x360.jpg\" alt=\"\" width=\"228\" height=\"360\" srcset=\"https:\/\/pmza.sk\/wp-content\/uploads\/2022\/07\/historicka-cirkevna-zastava-averz-228x360.jpg 228w, https:\/\/pmza.sk\/wp-content\/uploads\/2022\/07\/historicka-cirkevna-zastava-averz-466x736.jpg 466w, https:\/\/pmza.sk\/wp-content\/uploads\/2022\/07\/historicka-cirkevna-zastava-averz-768x1213.jpg 768w, https:\/\/pmza.sk\/wp-content\/uploads\/2022\/07\/historicka-cirkevna-zastava-averz-973x1536.jpg 973w, https:\/\/pmza.sk\/wp-content\/uploads\/2022\/07\/historicka-cirkevna-zastava-averz-600x947.jpg 600w, https:\/\/pmza.sk\/wp-content\/uploads\/2022\/07\/historicka-cirkevna-zastava-averz.jpg 1280w\" sizes=\"(max-width: 228px) 100vw, 228px\" \/><figcaption class=\"wp-caption-text\">historick\u00e1 cirkevn\u00e1 z\u00e1stava averz<\/figcaption><\/figure>\n<figure style=\"width: 480px\" class=\"wp-caption alignnone\"><img loading=\"lazy\" decoding=\"async\" class=\"size-medium wp-image-51788\" src=\"https:\/\/pmza.sk\/wp-content\/uploads\/2022\/07\/c.-4-web-480x360.jpg\" alt=\"\" width=\"480\" height=\"360\" srcset=\"https:\/\/pmza.sk\/wp-content\/uploads\/2022\/07\/c.-4-web-480x360.jpg 480w, https:\/\/pmza.sk\/wp-content\/uploads\/2022\/07\/c.-4-web-981x736.jpg 981w, https:\/\/pmza.sk\/wp-content\/uploads\/2022\/07\/c.-4-web-768x576.jpg 768w, https:\/\/pmza.sk\/wp-content\/uploads\/2022\/07\/c.-4-web-600x450.jpg 600w, https:\/\/pmza.sk\/wp-content\/uploads\/2022\/07\/c.-4-web.jpg 1280w\" sizes=\"(max-width: 480px) 100vw, 480px\" \/><figcaption class=\"wp-caption-text\">po\u0161koden\u00e1 tkanina s rozsiahlymi trhlinami, stav pred re\u0161taurovan\u00edm<\/figcaption><\/figure>\n<figure style=\"width: 250px\" class=\"wp-caption alignnone\"><img loading=\"lazy\" decoding=\"async\" class=\"size-medium wp-image-51791\" src=\"https:\/\/pmza.sk\/wp-content\/uploads\/2022\/07\/zastava-po-demontazi-ovalnej-malby-stav-pred-cistenim-250x360.jpg\" alt=\"\" width=\"250\" height=\"360\" srcset=\"https:\/\/pmza.sk\/wp-content\/uploads\/2022\/07\/zastava-po-demontazi-ovalnej-malby-stav-pred-cistenim-250x360.jpg 250w, https:\/\/pmza.sk\/wp-content\/uploads\/2022\/07\/zastava-po-demontazi-ovalnej-malby-stav-pred-cistenim-511x736.jpg 511w, https:\/\/pmza.sk\/wp-content\/uploads\/2022\/07\/zastava-po-demontazi-ovalnej-malby-stav-pred-cistenim-768x1107.jpg 768w, https:\/\/pmza.sk\/wp-content\/uploads\/2022\/07\/zastava-po-demontazi-ovalnej-malby-stav-pred-cistenim-1066x1536.jpg 1066w, https:\/\/pmza.sk\/wp-content\/uploads\/2022\/07\/zastava-po-demontazi-ovalnej-malby-stav-pred-cistenim-600x865.jpg 600w, https:\/\/pmza.sk\/wp-content\/uploads\/2022\/07\/zastava-po-demontazi-ovalnej-malby-stav-pred-cistenim.jpg 1280w\" sizes=\"(max-width: 250px) 100vw, 250px\" \/><figcaption class=\"wp-caption-text\">z\u00e1stava po demont\u00e1\u017ei ov\u00e1lnej ma\u013eby, stav pred \u010disten\u00edm<\/figcaption><\/figure>\n<figure style=\"width: 570px\" class=\"wp-caption alignnone\"><img loading=\"lazy\" decoding=\"async\" id=\"longdesc-return-51792\" class=\"size-medium wp-image-51792\" tabindex=\"-1\" src=\"https:\/\/pmza.sk\/wp-content\/uploads\/2022\/07\/cistenie-suchou-cestou-Wishab-hubkou-vpravo-vycistena-strana-vlavo-stav-pred-cistenim-570x350.jpg\" alt=\"\" width=\"570\" height=\"350\" longdesc=\"https:\/\/pmza.sk?longdesc=51792&amp;referrer=51786\" srcset=\"https:\/\/pmza.sk\/wp-content\/uploads\/2022\/07\/cistenie-suchou-cestou-Wishab-hubkou-vpravo-vycistena-strana-vlavo-stav-pred-cistenim-570x350.jpg 570w, https:\/\/pmza.sk\/wp-content\/uploads\/2022\/07\/cistenie-suchou-cestou-Wishab-hubkou-vpravo-vycistena-strana-vlavo-stav-pred-cistenim-1170x718.jpg 1170w, https:\/\/pmza.sk\/wp-content\/uploads\/2022\/07\/cistenie-suchou-cestou-Wishab-hubkou-vpravo-vycistena-strana-vlavo-stav-pred-cistenim-768x472.jpg 768w, https:\/\/pmza.sk\/wp-content\/uploads\/2022\/07\/cistenie-suchou-cestou-Wishab-hubkou-vpravo-vycistena-strana-vlavo-stav-pred-cistenim-600x368.jpg 600w, https:\/\/pmza.sk\/wp-content\/uploads\/2022\/07\/cistenie-suchou-cestou-Wishab-hubkou-vpravo-vycistena-strana-vlavo-stav-pred-cistenim.jpg 1280w\" sizes=\"(max-width: 570px) 100vw, 570px\" \/><figcaption class=\"wp-caption-text\">\u010distenie suchou cestou Wishab hubkou, vpravo vy\u010disten\u00e1 strana, v\u013eavo stav pred \u010disten\u00edm<\/figcaption><\/figure>\n<figure style=\"width: 270px\" class=\"wp-caption alignnone\"><img loading=\"lazy\" decoding=\"async\" class=\"size-medium wp-image-51793\" src=\"https:\/\/pmza.sk\/wp-content\/uploads\/2022\/07\/prekrytie-originalnej-tkaniny-pomocnou-hodvabnou-krepelinou-270x360.jpg\" alt=\"\" width=\"270\" height=\"360\" srcset=\"https:\/\/pmza.sk\/wp-content\/uploads\/2022\/07\/prekrytie-originalnej-tkaniny-pomocnou-hodvabnou-krepelinou-270x360.jpg 270w, https:\/\/pmza.sk\/wp-content\/uploads\/2022\/07\/prekrytie-originalnej-tkaniny-pomocnou-hodvabnou-krepelinou-552x736.jpg 552w, https:\/\/pmza.sk\/wp-content\/uploads\/2022\/07\/prekrytie-originalnej-tkaniny-pomocnou-hodvabnou-krepelinou-768x1024.jpg 768w, https:\/\/pmza.sk\/wp-content\/uploads\/2022\/07\/prekrytie-originalnej-tkaniny-pomocnou-hodvabnou-krepelinou-1152x1536.jpg 1152w, https:\/\/pmza.sk\/wp-content\/uploads\/2022\/07\/prekrytie-originalnej-tkaniny-pomocnou-hodvabnou-krepelinou-600x800.jpg 600w, https:\/\/pmza.sk\/wp-content\/uploads\/2022\/07\/prekrytie-originalnej-tkaniny-pomocnou-hodvabnou-krepelinou.jpg 1280w\" sizes=\"(max-width: 270px) 100vw, 270px\" \/><figcaption class=\"wp-caption-text\">prekrytie origin\u00e1lnej tkaniny pomocnou hodv\u00e1bnou krepelinou<\/figcaption><\/figure>\n<p>&nbsp;<\/p>\n<p>&nbsp;<\/p>\n<p>&nbsp;<\/p>\n<p>&nbsp;<\/p>\n<p>&nbsp;<\/p>\n<p>&nbsp;<\/p>\n<p>&nbsp;<\/p>\n<p>&nbsp;<\/p>\n<p>&nbsp;<\/p>\n<p>&nbsp;<\/p>\n<p>&nbsp;<\/p>\n<p>&nbsp;<\/p>\n<p>&nbsp;<\/p>\n<p>&nbsp;<\/p>\n<p>&nbsp;<\/p>\n<p>&nbsp;<\/p>\n<p>&nbsp;<\/p>\n<p>&nbsp;<\/p>\n<p>&nbsp;<\/p>\n","protected":false},"excerpt":{"rendered":"<p>\u00a0\u201eNEDECANIA Z.\u00a0AMERIKI 1912.\u201c Ukon\u010denie I. etapy re\u0161taurovania historickej cirkevnej z\u00e1stavy V\u00a0historick\u00fdch zbierkov\u00fdch fondoch Pova\u017esk\u00e9ho m\u00fazea sa nach\u00e1dza mno\u017estvo zauj\u00edmav\u00fdch a\u00a0historicky aj umelecky cenn\u00fdch zbierkov\u00fdch predmetov. Nie s\u00fa to len predmety z\u00a0oblasti vo\u013en\u00e9ho umenia, ale napr\u00edklad aj umeleck\u00e9ho remesla a\u00a0be\u017enej dobovej remeselnej i\u00a0priemyselnej v\u00fdroby. V\u00a0mnoh\u00fdch pr\u00edpadoch je v\u0161ak ich fyzick\u00fd stav nevyhovuj\u00faci a\u017e alarmuj\u00faci. K\u00a0tak\u00fdmto predmetom [&hellip;]<\/p>\n","protected":false},"author":2,"featured_media":52798,"comment_status":"open","ping_status":"open","sticky":false,"template":"","format":"standard","meta":{"site-sidebar-layout":"default","site-content-layout":"default","ast-site-content-layout":"","site-content-style":"default","site-sidebar-style":"default","ast-global-header-display":"","ast-banner-title-visibility":"","ast-main-header-display":"","ast-hfb-above-header-display":"","ast-hfb-below-header-display":"","ast-hfb-mobile-header-display":"","site-post-title":"","ast-breadcrumbs-content":"","ast-featured-img":"","footer-sml-layout":"","theme-transparent-header-meta":"default","adv-header-id-meta":"","stick-header-meta":"default","header-above-stick-meta":"","header-main-stick-meta":"","header-below-stick-meta":"","astra-migrate-meta-layouts":"default","ast-page-background-enabled":"default","ast-page-background-meta":{"desktop":{"background-color":"var(--ast-global-color-4)","background-image":"","background-repeat":"repeat","background-position":"center center","background-size":"auto","background-attachment":"scroll","background-type":"","background-media":"","overlay-type":"","overlay-color":"","overlay-opacity":"","overlay-gradient":""},"tablet":{"background-color":"","background-image":"","background-repeat":"repeat","background-position":"center center","background-size":"auto","background-attachment":"scroll","background-type":"","background-media":"","overlay-type":"","overlay-color":"","overlay-opacity":"","overlay-gradient":""},"mobile":{"background-color":"","background-image":"","background-repeat":"repeat","background-position":"center center","background-size":"auto","background-attachment":"scroll","background-type":"","background-media":"","overlay-type":"","overlay-color":"","overlay-opacity":"","overlay-gradient":""}},"ast-content-background-meta":{"desktop":{"background-color":"var(--ast-global-color-5)","background-image":"","background-repeat":"repeat","background-position":"center center","background-size":"auto","background-attachment":"scroll","background-type":"","background-media":"","overlay-type":"","overlay-color":"","overlay-opacity":"","overlay-gradient":""},"tablet":{"background-color":"var(--ast-global-color-5)","background-image":"","background-repeat":"repeat","background-position":"center center","background-size":"auto","background-attachment":"scroll","background-type":"","background-media":"","overlay-type":"","overlay-color":"","overlay-opacity":"","overlay-gradient":""},"mobile":{"background-color":"var(--ast-global-color-5)","background-image":"","background-repeat":"repeat","background-position":"center center","background-size":"auto","background-attachment":"scroll","background-type":"","background-media":"","overlay-type":"","overlay-color":"","overlay-opacity":"","overlay-gradient":""}},"footnotes":""},"categories":[31],"tags":[],"class_list":["post-51786","post","type-post","status-publish","format-standard","has-post-thumbnail","hentry","category-aktuality"],"yoast_head":"<!-- This site is optimized with the Yoast SEO plugin v27.4 - https:\/\/yoast.com\/product\/yoast-seo-wordpress\/ -->\n<title>Ukon\u010denie I. etapy re\u0161taurovania historickej cirkevnej z\u00e1stavy - Pova\u017esk\u00e9 m\u00fazeum<\/title>\n<meta name=\"robots\" content=\"index, follow, max-snippet:-1, max-image-preview:large, max-video-preview:-1\" \/>\n<link rel=\"canonical\" href=\"https:\/\/pmza.sk\/?p=51786\" \/>\n<meta property=\"og:locale\" content=\"sk_SK\" \/>\n<meta property=\"og:type\" content=\"article\" \/>\n<meta property=\"og:title\" content=\"Ukon\u010denie I. etapy re\u0161taurovania historickej cirkevnej z\u00e1stavy - Pova\u017esk\u00e9 m\u00fazeum\" \/>\n<meta property=\"og:description\" content=\"\u00a0\u201eNEDECANIA Z.\u00a0AMERIKI 1912.\u201c Ukon\u010denie I. etapy re\u0161taurovania historickej cirkevnej z\u00e1stavy V\u00a0historick\u00fdch zbierkov\u00fdch fondoch Pova\u017esk\u00e9ho m\u00fazea sa nach\u00e1dza mno\u017estvo zauj\u00edmav\u00fdch a\u00a0historicky aj umelecky cenn\u00fdch zbierkov\u00fdch predmetov. Nie s\u00fa to len predmety z\u00a0oblasti vo\u013en\u00e9ho umenia, ale napr\u00edklad aj umeleck\u00e9ho remesla a\u00a0be\u017enej dobovej remeselnej i\u00a0priemyselnej v\u00fdroby. V\u00a0mnoh\u00fdch pr\u00edpadoch je v\u0161ak ich fyzick\u00fd stav nevyhovuj\u00faci a\u017e alarmuj\u00faci. K\u00a0tak\u00fdmto predmetom [&hellip;]\" \/>\n<meta property=\"og:url\" content=\"https:\/\/pmza.sk\/?p=51786\" \/>\n<meta property=\"og:site_name\" content=\"Pova\u017esk\u00e9 m\u00fazeum\" \/>\n<meta property=\"article:publisher\" content=\"https:\/\/www.facebook.com\/povazskemuzeum\" \/>\n<meta property=\"article:published_time\" content=\"2022-07-19T12:39:35+00:00\" \/>\n<meta property=\"article:modified_time\" content=\"2022-09-22T08:40:55+00:00\" \/>\n<meta property=\"og:image\" content=\"https:\/\/pmza.sk\/wp-content\/uploads\/2022\/07\/Zrestaurovana-textilna-cast-zastavy-v-ochrannom-boxe-z-PH-neutralneho-materialu.jpg\" \/>\n\t<meta property=\"og:image:width\" content=\"1280\" \/>\n\t<meta property=\"og:image:height\" content=\"960\" \/>\n\t<meta property=\"og:image:type\" content=\"image\/jpeg\" \/>\n<meta name=\"author\" content=\"Pova\u017esk\u00e9 m\u00fazeum\" \/>\n<meta name=\"twitter:card\" content=\"summary_large_image\" \/>\n<meta name=\"twitter:label1\" content=\"Autor\" \/>\n\t<meta name=\"twitter:data1\" content=\"Pova\u017esk\u00e9 m\u00fazeum\" \/>\n\t<meta name=\"twitter:label2\" content=\"Predpokladan\u00fd \u010das \u010d\u00edtania\" \/>\n\t<meta name=\"twitter:data2\" content=\"4 min\u00faty\" \/>\n<script type=\"application\/ld+json\" class=\"yoast-schema-graph\">{\"@context\":\"https:\\\/\\\/schema.org\",\"@graph\":[{\"@type\":\"Article\",\"@id\":\"https:\\\/\\\/pmza.sk\\\/?p=51786#article\",\"isPartOf\":{\"@id\":\"https:\\\/\\\/pmza.sk\\\/?p=51786\"},\"author\":{\"name\":\"Pova\u017esk\u00e9 m\u00fazeum\",\"@id\":\"https:\\\/\\\/pmza.sk\\\/#\\\/schema\\\/person\\\/595e6a2ce731ea94dcd5d7f50a41ae33\"},\"headline\":\"Ukon\u010denie I. etapy re\u0161taurovania historickej cirkevnej z\u00e1stavy\",\"datePublished\":\"2022-07-19T12:39:35+00:00\",\"dateModified\":\"2022-09-22T08:40:55+00:00\",\"mainEntityOfPage\":{\"@id\":\"https:\\\/\\\/pmza.sk\\\/?p=51786\"},\"wordCount\":796,\"commentCount\":0,\"publisher\":{\"@id\":\"https:\\\/\\\/pmza.sk\\\/#organization\"},\"image\":{\"@id\":\"https:\\\/\\\/pmza.sk\\\/?p=51786#primaryimage\"},\"thumbnailUrl\":\"https:\\\/\\\/pmza.sk\\\/wp-content\\\/uploads\\\/2022\\\/07\\\/Zrestaurovana-textilna-cast-zastavy-v-ochrannom-boxe-z-PH-neutralneho-materialu.jpg\",\"articleSection\":[\"Aktuality\"],\"inLanguage\":\"sk-SK\"},{\"@type\":\"WebPage\",\"@id\":\"https:\\\/\\\/pmza.sk\\\/?p=51786\",\"url\":\"https:\\\/\\\/pmza.sk\\\/?p=51786\",\"name\":\"Ukon\u010denie I. etapy re\u0161taurovania historickej cirkevnej z\u00e1stavy - Pova\u017esk\u00e9 m\u00fazeum\",\"isPartOf\":{\"@id\":\"https:\\\/\\\/pmza.sk\\\/#website\"},\"primaryImageOfPage\":{\"@id\":\"https:\\\/\\\/pmza.sk\\\/?p=51786#primaryimage\"},\"image\":{\"@id\":\"https:\\\/\\\/pmza.sk\\\/?p=51786#primaryimage\"},\"thumbnailUrl\":\"https:\\\/\\\/pmza.sk\\\/wp-content\\\/uploads\\\/2022\\\/07\\\/Zrestaurovana-textilna-cast-zastavy-v-ochrannom-boxe-z-PH-neutralneho-materialu.jpg\",\"datePublished\":\"2022-07-19T12:39:35+00:00\",\"dateModified\":\"2022-09-22T08:40:55+00:00\",\"breadcrumb\":{\"@id\":\"https:\\\/\\\/pmza.sk\\\/?p=51786#breadcrumb\"},\"inLanguage\":\"sk-SK\",\"potentialAction\":[{\"@type\":\"ReadAction\",\"target\":[\"https:\\\/\\\/pmza.sk\\\/?p=51786\"]}]},{\"@type\":\"ImageObject\",\"inLanguage\":\"sk-SK\",\"@id\":\"https:\\\/\\\/pmza.sk\\\/?p=51786#primaryimage\",\"url\":\"https:\\\/\\\/pmza.sk\\\/wp-content\\\/uploads\\\/2022\\\/07\\\/Zrestaurovana-textilna-cast-zastavy-v-ochrannom-boxe-z-PH-neutralneho-materialu.jpg\",\"contentUrl\":\"https:\\\/\\\/pmza.sk\\\/wp-content\\\/uploads\\\/2022\\\/07\\\/Zrestaurovana-textilna-cast-zastavy-v-ochrannom-boxe-z-PH-neutralneho-materialu.jpg\",\"width\":1280,\"height\":960},{\"@type\":\"BreadcrumbList\",\"@id\":\"https:\\\/\\\/pmza.sk\\\/?p=51786#breadcrumb\",\"itemListElement\":[{\"@type\":\"ListItem\",\"position\":1,\"name\":\"Domovsk\u00e1 str\u00e1nka\",\"item\":\"https:\\\/\\\/pmza.sk\\\/\"},{\"@type\":\"ListItem\",\"position\":2,\"name\":\"Ukon\u010denie I. etapy re\u0161taurovania historickej cirkevnej z\u00e1stavy\"}]},{\"@type\":\"WebSite\",\"@id\":\"https:\\\/\\\/pmza.sk\\\/#website\",\"url\":\"https:\\\/\\\/pmza.sk\\\/\",\"name\":\"Pova\u017esk\u00e9 m\u00fazeum\",\"description\":\"Pova\u017esk\u00e9 m\u00fazeum v \u017diline je region\u00e1lne m\u00fazeum so s\u00eddlom v Budat\u00edne. Jeho expoz\u00edcie s\u00fa zameran\u00e9 na dejiny slovensk\u00e9ho umenia, kult\u00fary a dopravy.\",\"publisher\":{\"@id\":\"https:\\\/\\\/pmza.sk\\\/#organization\"},\"potentialAction\":[{\"@type\":\"SearchAction\",\"target\":{\"@type\":\"EntryPoint\",\"urlTemplate\":\"https:\\\/\\\/pmza.sk\\\/?s={search_term_string}\"},\"query-input\":{\"@type\":\"PropertyValueSpecification\",\"valueRequired\":true,\"valueName\":\"search_term_string\"}}],\"inLanguage\":\"sk-SK\"},{\"@type\":\"Organization\",\"@id\":\"https:\\\/\\\/pmza.sk\\\/#organization\",\"name\":\"Pova\u017esk\u00e9 m\u00fazeum\",\"url\":\"https:\\\/\\\/pmza.sk\\\/\",\"logo\":{\"@type\":\"ImageObject\",\"inLanguage\":\"sk-SK\",\"@id\":\"https:\\\/\\\/pmza.sk\\\/#\\\/schema\\\/logo\\\/image\\\/\",\"url\":\"https:\\\/\\\/pmza.sk\\\/wp-content\\\/uploads\\\/2022\\\/01\\\/logo_PM_horizontal.jpg\",\"contentUrl\":\"https:\\\/\\\/pmza.sk\\\/wp-content\\\/uploads\\\/2022\\\/01\\\/logo_PM_horizontal.jpg\",\"width\":231,\"height\":142,\"caption\":\"Pova\u017esk\u00e9 m\u00fazeum\"},\"image\":{\"@id\":\"https:\\\/\\\/pmza.sk\\\/#\\\/schema\\\/logo\\\/image\\\/\"},\"sameAs\":[\"https:\\\/\\\/www.facebook.com\\\/povazskemuzeum\",\"https:\\\/\\\/www.instagram.com\\\/povazskemuzeum\\\/\"]},{\"@type\":\"Person\",\"@id\":\"https:\\\/\\\/pmza.sk\\\/#\\\/schema\\\/person\\\/595e6a2ce731ea94dcd5d7f50a41ae33\",\"name\":\"Pova\u017esk\u00e9 m\u00fazeum\",\"image\":{\"@type\":\"ImageObject\",\"inLanguage\":\"sk-SK\",\"@id\":\"https:\\\/\\\/secure.gravatar.com\\\/avatar\\\/2bb7f1561282132fb5826dfeccc66c7996d11ee392ac6aaf7ced8a1c2027fbb2?s=96&d=mm&r=g\",\"url\":\"https:\\\/\\\/secure.gravatar.com\\\/avatar\\\/2bb7f1561282132fb5826dfeccc66c7996d11ee392ac6aaf7ced8a1c2027fbb2?s=96&d=mm&r=g\",\"contentUrl\":\"https:\\\/\\\/secure.gravatar.com\\\/avatar\\\/2bb7f1561282132fb5826dfeccc66c7996d11ee392ac6aaf7ced8a1c2027fbb2?s=96&d=mm&r=g\",\"caption\":\"Pova\u017esk\u00e9 m\u00fazeum\"}}]}<\/script>\n<!-- \/ Yoast SEO plugin. -->","yoast_head_json":{"title":"Ukon\u010denie I. etapy re\u0161taurovania historickej cirkevnej z\u00e1stavy - Pova\u017esk\u00e9 m\u00fazeum","robots":{"index":"index","follow":"follow","max-snippet":"max-snippet:-1","max-image-preview":"max-image-preview:large","max-video-preview":"max-video-preview:-1"},"canonical":"https:\/\/pmza.sk\/?p=51786","og_locale":"sk_SK","og_type":"article","og_title":"Ukon\u010denie I. etapy re\u0161taurovania historickej cirkevnej z\u00e1stavy - Pova\u017esk\u00e9 m\u00fazeum","og_description":"\u00a0\u201eNEDECANIA Z.\u00a0AMERIKI 1912.\u201c Ukon\u010denie I. etapy re\u0161taurovania historickej cirkevnej z\u00e1stavy V\u00a0historick\u00fdch zbierkov\u00fdch fondoch Pova\u017esk\u00e9ho m\u00fazea sa nach\u00e1dza mno\u017estvo zauj\u00edmav\u00fdch a\u00a0historicky aj umelecky cenn\u00fdch zbierkov\u00fdch predmetov. Nie s\u00fa to len predmety z\u00a0oblasti vo\u013en\u00e9ho umenia, ale napr\u00edklad aj umeleck\u00e9ho remesla a\u00a0be\u017enej dobovej remeselnej i\u00a0priemyselnej v\u00fdroby. V\u00a0mnoh\u00fdch pr\u00edpadoch je v\u0161ak ich fyzick\u00fd stav nevyhovuj\u00faci a\u017e alarmuj\u00faci. K\u00a0tak\u00fdmto predmetom [&hellip;]","og_url":"https:\/\/pmza.sk\/?p=51786","og_site_name":"Pova\u017esk\u00e9 m\u00fazeum","article_publisher":"https:\/\/www.facebook.com\/povazskemuzeum","article_published_time":"2022-07-19T12:39:35+00:00","article_modified_time":"2022-09-22T08:40:55+00:00","og_image":[{"width":1280,"height":960,"url":"https:\/\/pmza.sk\/wp-content\/uploads\/2022\/07\/Zrestaurovana-textilna-cast-zastavy-v-ochrannom-boxe-z-PH-neutralneho-materialu.jpg","type":"image\/jpeg"}],"author":"Pova\u017esk\u00e9 m\u00fazeum","twitter_card":"summary_large_image","twitter_misc":{"Autor":"Pova\u017esk\u00e9 m\u00fazeum","Predpokladan\u00fd \u010das \u010d\u00edtania":"4 min\u00faty"},"schema":{"@context":"https:\/\/schema.org","@graph":[{"@type":"Article","@id":"https:\/\/pmza.sk\/?p=51786#article","isPartOf":{"@id":"https:\/\/pmza.sk\/?p=51786"},"author":{"name":"Pova\u017esk\u00e9 m\u00fazeum","@id":"https:\/\/pmza.sk\/#\/schema\/person\/595e6a2ce731ea94dcd5d7f50a41ae33"},"headline":"Ukon\u010denie I. etapy re\u0161taurovania historickej cirkevnej z\u00e1stavy","datePublished":"2022-07-19T12:39:35+00:00","dateModified":"2022-09-22T08:40:55+00:00","mainEntityOfPage":{"@id":"https:\/\/pmza.sk\/?p=51786"},"wordCount":796,"commentCount":0,"publisher":{"@id":"https:\/\/pmza.sk\/#organization"},"image":{"@id":"https:\/\/pmza.sk\/?p=51786#primaryimage"},"thumbnailUrl":"https:\/\/pmza.sk\/wp-content\/uploads\/2022\/07\/Zrestaurovana-textilna-cast-zastavy-v-ochrannom-boxe-z-PH-neutralneho-materialu.jpg","articleSection":["Aktuality"],"inLanguage":"sk-SK"},{"@type":"WebPage","@id":"https:\/\/pmza.sk\/?p=51786","url":"https:\/\/pmza.sk\/?p=51786","name":"Ukon\u010denie I. etapy re\u0161taurovania historickej cirkevnej z\u00e1stavy - Pova\u017esk\u00e9 m\u00fazeum","isPartOf":{"@id":"https:\/\/pmza.sk\/#website"},"primaryImageOfPage":{"@id":"https:\/\/pmza.sk\/?p=51786#primaryimage"},"image":{"@id":"https:\/\/pmza.sk\/?p=51786#primaryimage"},"thumbnailUrl":"https:\/\/pmza.sk\/wp-content\/uploads\/2022\/07\/Zrestaurovana-textilna-cast-zastavy-v-ochrannom-boxe-z-PH-neutralneho-materialu.jpg","datePublished":"2022-07-19T12:39:35+00:00","dateModified":"2022-09-22T08:40:55+00:00","breadcrumb":{"@id":"https:\/\/pmza.sk\/?p=51786#breadcrumb"},"inLanguage":"sk-SK","potentialAction":[{"@type":"ReadAction","target":["https:\/\/pmza.sk\/?p=51786"]}]},{"@type":"ImageObject","inLanguage":"sk-SK","@id":"https:\/\/pmza.sk\/?p=51786#primaryimage","url":"https:\/\/pmza.sk\/wp-content\/uploads\/2022\/07\/Zrestaurovana-textilna-cast-zastavy-v-ochrannom-boxe-z-PH-neutralneho-materialu.jpg","contentUrl":"https:\/\/pmza.sk\/wp-content\/uploads\/2022\/07\/Zrestaurovana-textilna-cast-zastavy-v-ochrannom-boxe-z-PH-neutralneho-materialu.jpg","width":1280,"height":960},{"@type":"BreadcrumbList","@id":"https:\/\/pmza.sk\/?p=51786#breadcrumb","itemListElement":[{"@type":"ListItem","position":1,"name":"Domovsk\u00e1 str\u00e1nka","item":"https:\/\/pmza.sk\/"},{"@type":"ListItem","position":2,"name":"Ukon\u010denie I. etapy re\u0161taurovania historickej cirkevnej z\u00e1stavy"}]},{"@type":"WebSite","@id":"https:\/\/pmza.sk\/#website","url":"https:\/\/pmza.sk\/","name":"Pova\u017esk\u00e9 m\u00fazeum","description":"Pova\u017esk\u00e9 m\u00fazeum v \u017diline je region\u00e1lne m\u00fazeum so s\u00eddlom v Budat\u00edne. Jeho expoz\u00edcie s\u00fa zameran\u00e9 na dejiny slovensk\u00e9ho umenia, kult\u00fary a dopravy.","publisher":{"@id":"https:\/\/pmza.sk\/#organization"},"potentialAction":[{"@type":"SearchAction","target":{"@type":"EntryPoint","urlTemplate":"https:\/\/pmza.sk\/?s={search_term_string}"},"query-input":{"@type":"PropertyValueSpecification","valueRequired":true,"valueName":"search_term_string"}}],"inLanguage":"sk-SK"},{"@type":"Organization","@id":"https:\/\/pmza.sk\/#organization","name":"Pova\u017esk\u00e9 m\u00fazeum","url":"https:\/\/pmza.sk\/","logo":{"@type":"ImageObject","inLanguage":"sk-SK","@id":"https:\/\/pmza.sk\/#\/schema\/logo\/image\/","url":"https:\/\/pmza.sk\/wp-content\/uploads\/2022\/01\/logo_PM_horizontal.jpg","contentUrl":"https:\/\/pmza.sk\/wp-content\/uploads\/2022\/01\/logo_PM_horizontal.jpg","width":231,"height":142,"caption":"Pova\u017esk\u00e9 m\u00fazeum"},"image":{"@id":"https:\/\/pmza.sk\/#\/schema\/logo\/image\/"},"sameAs":["https:\/\/www.facebook.com\/povazskemuzeum","https:\/\/www.instagram.com\/povazskemuzeum\/"]},{"@type":"Person","@id":"https:\/\/pmza.sk\/#\/schema\/person\/595e6a2ce731ea94dcd5d7f50a41ae33","name":"Pova\u017esk\u00e9 m\u00fazeum","image":{"@type":"ImageObject","inLanguage":"sk-SK","@id":"https:\/\/secure.gravatar.com\/avatar\/2bb7f1561282132fb5826dfeccc66c7996d11ee392ac6aaf7ced8a1c2027fbb2?s=96&d=mm&r=g","url":"https:\/\/secure.gravatar.com\/avatar\/2bb7f1561282132fb5826dfeccc66c7996d11ee392ac6aaf7ced8a1c2027fbb2?s=96&d=mm&r=g","contentUrl":"https:\/\/secure.gravatar.com\/avatar\/2bb7f1561282132fb5826dfeccc66c7996d11ee392ac6aaf7ced8a1c2027fbb2?s=96&d=mm&r=g","caption":"Pova\u017esk\u00e9 m\u00fazeum"}}]}},"_links":{"self":[{"href":"https:\/\/pmza.sk\/index.php?rest_route=\/wp\/v2\/posts\/51786","targetHints":{"allow":["GET"]}}],"collection":[{"href":"https:\/\/pmza.sk\/index.php?rest_route=\/wp\/v2\/posts"}],"about":[{"href":"https:\/\/pmza.sk\/index.php?rest_route=\/wp\/v2\/types\/post"}],"author":[{"embeddable":true,"href":"https:\/\/pmza.sk\/index.php?rest_route=\/wp\/v2\/users\/2"}],"replies":[{"embeddable":true,"href":"https:\/\/pmza.sk\/index.php?rest_route=%2Fwp%2Fv2%2Fcomments&post=51786"}],"version-history":[{"count":0,"href":"https:\/\/pmza.sk\/index.php?rest_route=\/wp\/v2\/posts\/51786\/revisions"}],"wp:featuredmedia":[{"embeddable":true,"href":"https:\/\/pmza.sk\/index.php?rest_route=\/wp\/v2\/media\/52798"}],"wp:attachment":[{"href":"https:\/\/pmza.sk\/index.php?rest_route=%2Fwp%2Fv2%2Fmedia&parent=51786"}],"wp:term":[{"taxonomy":"category","embeddable":true,"href":"https:\/\/pmza.sk\/index.php?rest_route=%2Fwp%2Fv2%2Fcategories&post=51786"},{"taxonomy":"post_tag","embeddable":true,"href":"https:\/\/pmza.sk\/index.php?rest_route=%2Fwp%2Fv2%2Ftags&post=51786"}],"curies":[{"name":"wp","href":"https:\/\/api.w.org\/{rel}","templated":true}]}}