{"id":5189,"date":"2012-03-09T09:03:59","date_gmt":"2012-03-09T08:03:59","guid":{"rendered":"https:\/\/pmza.sk.sk\/?p=5189"},"modified":"2012-03-09T09:03:59","modified_gmt":"2012-03-09T08:03:59","slug":"picassova-holubica-mieru-v-spolocnosti-toreadorov-zavita-do-ziliny","status":"publish","type":"post","link":"https:\/\/pmza.sk\/?p=5189","title":{"rendered":"Picassova \u201eholubica mieru\u201c  v spolo\u010dnosti \u201etore\u00e1dorov\u201c zav\u00edta do \u017diliny"},"content":{"rendered":"<p><strong> <\/strong><\/p>\n<p><a href=\"https:\/\/pmza.sk\/wp-content\/uploads\/2012\/03\/Picasso-autoportret.jpg\"><img fetchpriority=\"high\" decoding=\"async\" class=\"alignleft size-medium wp-image-5190\" style=\"border: 2px solid black; margin: 4px;\" title=\"Picasso-autoportret\" src=\"https:\/\/pmza.sk.sk\/wp-content\/uploads\/2012\/03\/Picasso-autoportret-237x300.jpg\" alt=\"\" width=\"237\" height=\"300\" \/><\/a><span style=\"color: #ff0000;\"><\/span><span style=\"color: #ff0000;\"> <\/span><\/p>\n<p><strong> <\/strong>Pova\u017esk\u00e9 m\u00fazeum v\u00a0\u017diline aj tento rok pripravilo v\u00a0spolupr\u00e1ci s\u00a0nemeckou gal\u00e9riou Sundermann a\u00a0bratislavskou River Gallery mimoriadnu lah\u00f4dku pre milovn\u00edkov svetov\u00e9ho v\u00fdtvarn\u00e9ho umenia. Po minuloro\u010dnej exkluz\u00edvnej v\u00fdstave nemeck\u00fdch expresionistov bude v\u00fdstavn\u00e1 miestnos\u0165 are\u00e1lu Budat\u00ednskeho hradu v\u00a0\u017diline od 23. marca 2012 patri\u0165 v\u00fdtvarn\u00fdm \u00a0dielam kontroverzn\u00e9ho Pabla Picassa. \u201e<em>Picasso, ktor\u00e9ho stotridsiate v\u00fdro\u010die narodenia sme si pripomenuli pred rokom, bol jedn\u00fdm zo zakladate\u013eov kubizmu. Patr\u00ed k\u00a0umelcom, ktor\u00fdch nie je mo\u017en\u00e9 jednoducho zaradi\u0165 do jedin\u00e9ho \u0161t\u00fdlu. U\u017e ke\u010f v \u00a0rokoch 1906 a\u017e 1907 nama\u013eoval Sle\u010dny z\u00a0Avignonu ako prv\u00e9 kubistick\u00e9 dielo, predznamenal koniec realizmu a tradi\u010dn\u00e9ho nar\u00e1bania s\u00a0formami. A\u00a0hoci je asi najzn\u00e1mej\u0161\u00ed pr\u00e1ve v\u010faka kubizmu, jeho tvorba presahuje tak\u00fdto z\u00fa\u017een\u00fd poh\u013ead.<\/em> <em>Patril k najv\u00fdznamej\u0161\u00edm osobnostiam, ktor\u00e9 ovplyvnili cel\u00e9 modern\u00e9 dejiny v\u00fdtvarn\u00e9ho umenia,<\/em>\u201c povedala na \u00favod kunsthistori\u010dka Darina Arce a kur\u00e1torka v\u00fdstavy.<\/p>\n<p><!--more-->Picassovo umenie slovensk\u00e9mu publiku u\u017e nie je a\u017e tak nezn\u00e1me. Jeho b\u00fdkov a\u00a0Carmen mali mo\u017enos\u0165 vidie\u0165 n\u00e1v\u0161tevn\u00edci are\u00e1lu Budat\u00ednskeho hradu u\u017e v\u00a0roku 2010, kedy Pova\u017esk\u00e9 m\u00fazeum v\u00a0\u017diline vystavovalo jeho grafiky spolu s\u00a0grafikami Dal\u00edho a\u00a0Miroa. \u201e<em>N\u00e1\u0161 dlhoro\u010dn\u00fd nemeck\u00fd partner, Gal\u00e9ria Sundermann vo W\u0171rzburgu, n\u00e1m tentoraz zapo\u017ei\u010dal v\u00fdnimo\u010dn\u00fa kolekciu viac ako \u0161tyridsiatich litografi\u00ed, drevorezov, ryt\u00edn, dekup\u00e1\u017ei, plag\u00e1tov a\u00a0fotografi\u00ed, ktor\u00e9 Pablo Picasso tvoril v\u00a0rokoch 1931 a\u017e 1972. Pozoruhodn\u00e9 s\u00fa jeho ilustr\u00e1cie k\u00a0Ov\u00eddiov\u00fdm Metamorf\u00f3zam, litografie s\u00a0t\u00e9mou holubice mieru, b\u00fd\u010dich z\u00e1pasov, n\u00e1vrhy na plag\u00e1ty alebo kol\u00e1\u017eov\u00e9 diela o\u00a0tajomn\u00fdch bytostiach \u017eij\u00facich len za denn\u00e9ho svetla, takzvan\u00e9 Diurnes. Sme ve\u013emi radi, \u017ee sa n\u00e1m t\u00fato v\u00fdnimo\u010dn\u00fa udalos\u0165 podarilo zrealizova\u0165. Vn\u00edmam ju ako jednu z v\u00fdznamn\u00fdch aktiv\u00edt, ktor\u00fa m\u00fazeum tento rok pripravilo v\u00a0s\u00favislosti so 70. v\u00fdro\u010d\u00edm jeho vzniku<\/em>,\u201c dodal Boris Schubert, riadite\u013e Pova\u017esk\u00e9ho m\u00fazea v\u00a0\u017diline.<\/p>\n<p>Vernis\u00e1\u017e v\u00fdstavy Picassov\u00fdch diel sa uskuto\u010dn\u00ed v\u00a0piatok <strong>23. marca 2012 o\u00a017,00 hod.<\/strong> v\u00a0are\u00e1li Budat\u00ednskeho hradu. Pr\u00edjemn\u00fa atmosf\u00e9ru podve\u010dera spestria \u0161panielske rytmy v\u00a0podan\u00ed zn\u00e1meho \u017eilinsk\u00e9ho\u00a0 hudobn\u00edka Romana Kompan\u00edka.<\/p>\n<p>V\u00fdstava \u201e<strong>Pablo Picasso\u201c<\/strong> bude pr\u00edstupn\u00e1 verejnosti a\u017e do <strong>4. m\u00e1ja 2012.<\/strong> Organiz\u00e1torom je \u017dilinsk\u00fd samospr\u00e1vny kraj, Pova\u017esk\u00e9 m\u00fazeum v\u00a0\u017diline, Gal\u00e9ria Sundermann W\u0171rzburg, \u00a0a River Gallery Bratislava.<\/p>\n","protected":false},"excerpt":{"rendered":"<p>Pova\u017esk\u00e9 m\u00fazeum v\u00a0\u017diline aj tento rok pripravilo v\u00a0spolupr\u00e1ci s\u00a0nemeckou gal\u00e9riou Sundermann a\u00a0bratislavskou River Gallery mimoriadnu lah\u00f4dku pre milovn\u00edkov svetov\u00e9ho v\u00fdtvarn\u00e9ho umenia. Po minuloro\u010dnej exkluz\u00edvnej v\u00fdstave nemeck\u00fdch expresionistov bude v\u00fdstavn\u00e1 miestnos\u0165 are\u00e1lu Budat\u00ednskeho hradu v\u00a0\u017diline od 23. marca 2012 patri\u0165 v\u00fdtvarn\u00fdm \u00a0dielam kontroverzn\u00e9ho Pabla Picassa. \u201ePicasso, ktor\u00e9ho stotridsiate v\u00fdro\u010die narodenia sme si pripomenuli pred rokom, bol [&hellip;]<\/p>\n","protected":false},"author":2,"featured_media":0,"comment_status":"closed","ping_status":"closed","sticky":false,"template":"","format":"standard","meta":{"site-sidebar-layout":"default","site-content-layout":"","ast-site-content-layout":"","site-content-style":"default","site-sidebar-style":"default","ast-global-header-display":"","ast-banner-title-visibility":"","ast-main-header-display":"","ast-hfb-above-header-display":"","ast-hfb-below-header-display":"","ast-hfb-mobile-header-display":"","site-post-title":"","ast-breadcrumbs-content":"","ast-featured-img":"","footer-sml-layout":"","theme-transparent-header-meta":"","adv-header-id-meta":"","stick-header-meta":"","header-above-stick-meta":"","header-main-stick-meta":"","header-below-stick-meta":"","astra-migrate-meta-layouts":"default","ast-page-background-enabled":"default","ast-page-background-meta":{"desktop":{"background-color":"var(--ast-global-color-4)","background-image":"","background-repeat":"repeat","background-position":"center center","background-size":"auto","background-attachment":"scroll","background-type":"","background-media":"","overlay-type":"","overlay-color":"","overlay-opacity":"","overlay-gradient":""},"tablet":{"background-color":"","background-image":"","background-repeat":"repeat","background-position":"center center","background-size":"auto","background-attachment":"scroll","background-type":"","background-media":"","overlay-type":"","overlay-color":"","overlay-opacity":"","overlay-gradient":""},"mobile":{"background-color":"","background-image":"","background-repeat":"repeat","background-position":"center center","background-size":"auto","background-attachment":"scroll","background-type":"","background-media":"","overlay-type":"","overlay-color":"","overlay-opacity":"","overlay-gradient":""}},"ast-content-background-meta":{"desktop":{"background-color":"var(--ast-global-color-5)","background-image":"","background-repeat":"repeat","background-position":"center center","background-size":"auto","background-attachment":"scroll","background-type":"","background-media":"","overlay-type":"","overlay-color":"","overlay-opacity":"","overlay-gradient":""},"tablet":{"background-color":"var(--ast-global-color-5)","background-image":"","background-repeat":"repeat","background-position":"center center","background-size":"auto","background-attachment":"scroll","background-type":"","background-media":"","overlay-type":"","overlay-color":"","overlay-opacity":"","overlay-gradient":""},"mobile":{"background-color":"var(--ast-global-color-5)","background-image":"","background-repeat":"repeat","background-position":"center center","background-size":"auto","background-attachment":"scroll","background-type":"","background-media":"","overlay-type":"","overlay-color":"","overlay-opacity":"","overlay-gradient":""}},"footnotes":""},"categories":[32],"tags":[],"class_list":["post-5189","post","type-post","status-publish","format-standard","hentry","category-archiv-2012"],"yoast_head":"<!-- This site is optimized with the Yoast SEO plugin v27.4 - https:\/\/yoast.com\/product\/yoast-seo-wordpress\/ -->\n<title>Picassova \u201eholubica mieru\u201c v spolo\u010dnosti \u201etore\u00e1dorov\u201c zav\u00edta do \u017diliny - Pova\u017esk\u00e9 m\u00fazeum<\/title>\n<meta name=\"robots\" content=\"index, follow, max-snippet:-1, max-image-preview:large, max-video-preview:-1\" \/>\n<link rel=\"canonical\" href=\"https:\/\/pmza.sk\/?p=5189\" \/>\n<meta property=\"og:locale\" content=\"sk_SK\" \/>\n<meta property=\"og:type\" content=\"article\" \/>\n<meta property=\"og:title\" content=\"Picassova \u201eholubica mieru\u201c v spolo\u010dnosti \u201etore\u00e1dorov\u201c zav\u00edta do \u017diliny - Pova\u017esk\u00e9 m\u00fazeum\" \/>\n<meta property=\"og:description\" content=\"Pova\u017esk\u00e9 m\u00fazeum v\u00a0\u017diline aj tento rok pripravilo v\u00a0spolupr\u00e1ci s\u00a0nemeckou gal\u00e9riou Sundermann a\u00a0bratislavskou River Gallery mimoriadnu lah\u00f4dku pre milovn\u00edkov svetov\u00e9ho v\u00fdtvarn\u00e9ho umenia. Po minuloro\u010dnej exkluz\u00edvnej v\u00fdstave nemeck\u00fdch expresionistov bude v\u00fdstavn\u00e1 miestnos\u0165 are\u00e1lu Budat\u00ednskeho hradu v\u00a0\u017diline od 23. marca 2012 patri\u0165 v\u00fdtvarn\u00fdm \u00a0dielam kontroverzn\u00e9ho Pabla Picassa. \u201ePicasso, ktor\u00e9ho stotridsiate v\u00fdro\u010die narodenia sme si pripomenuli pred rokom, bol [&hellip;]\" \/>\n<meta property=\"og:url\" content=\"https:\/\/pmza.sk\/?p=5189\" \/>\n<meta property=\"og:site_name\" content=\"Pova\u017esk\u00e9 m\u00fazeum\" \/>\n<meta property=\"article:publisher\" content=\"https:\/\/www.facebook.com\/povazskemuzeum\" \/>\n<meta property=\"article:published_time\" content=\"2012-03-09T08:03:59+00:00\" \/>\n<meta property=\"og:image\" content=\"https:\/\/pmza.sk.sk\/wp-content\/uploads\/2012\/03\/Picasso-autoportret-237x300.jpg\" \/>\n<meta name=\"author\" content=\"Pova\u017esk\u00e9 m\u00fazeum\" \/>\n<meta name=\"twitter:card\" content=\"summary_large_image\" \/>\n<meta name=\"twitter:label1\" content=\"Autor\" \/>\n\t<meta name=\"twitter:data1\" content=\"Pova\u017esk\u00e9 m\u00fazeum\" \/>\n\t<meta name=\"twitter:label2\" content=\"Predpokladan\u00fd \u010das \u010d\u00edtania\" \/>\n\t<meta name=\"twitter:data2\" content=\"2 min\u00faty\" \/>\n<script type=\"application\/ld+json\" class=\"yoast-schema-graph\">{\"@context\":\"https:\\\/\\\/schema.org\",\"@graph\":[{\"@type\":\"Article\",\"@id\":\"https:\\\/\\\/pmza.sk\\\/?p=5189#article\",\"isPartOf\":{\"@id\":\"https:\\\/\\\/pmza.sk\\\/?p=5189\"},\"author\":{\"name\":\"Pova\u017esk\u00e9 m\u00fazeum\",\"@id\":\"https:\\\/\\\/pmza.sk\\\/#\\\/schema\\\/person\\\/595e6a2ce731ea94dcd5d7f50a41ae33\"},\"headline\":\"Picassova \u201eholubica mieru\u201c v spolo\u010dnosti \u201etore\u00e1dorov\u201c zav\u00edta do \u017diliny\",\"datePublished\":\"2012-03-09T08:03:59+00:00\",\"mainEntityOfPage\":{\"@id\":\"https:\\\/\\\/pmza.sk\\\/?p=5189\"},\"wordCount\":448,\"publisher\":{\"@id\":\"https:\\\/\\\/pmza.sk\\\/#organization\"},\"image\":{\"@id\":\"https:\\\/\\\/pmza.sk\\\/?p=5189#primaryimage\"},\"thumbnailUrl\":\"http:\\\/\\\/pmza.sk.sk\\\/wp-content\\\/uploads\\\/2012\\\/03\\\/Picasso-autoportret-237x300.jpg\",\"articleSection\":[\"Arch\u00edv 2012\"],\"inLanguage\":\"sk-SK\"},{\"@type\":\"WebPage\",\"@id\":\"https:\\\/\\\/pmza.sk\\\/?p=5189\",\"url\":\"https:\\\/\\\/pmza.sk\\\/?p=5189\",\"name\":\"Picassova \u201eholubica mieru\u201c v spolo\u010dnosti \u201etore\u00e1dorov\u201c zav\u00edta do \u017diliny - Pova\u017esk\u00e9 m\u00fazeum\",\"isPartOf\":{\"@id\":\"https:\\\/\\\/pmza.sk\\\/#website\"},\"primaryImageOfPage\":{\"@id\":\"https:\\\/\\\/pmza.sk\\\/?p=5189#primaryimage\"},\"image\":{\"@id\":\"https:\\\/\\\/pmza.sk\\\/?p=5189#primaryimage\"},\"thumbnailUrl\":\"http:\\\/\\\/pmza.sk.sk\\\/wp-content\\\/uploads\\\/2012\\\/03\\\/Picasso-autoportret-237x300.jpg\",\"datePublished\":\"2012-03-09T08:03:59+00:00\",\"breadcrumb\":{\"@id\":\"https:\\\/\\\/pmza.sk\\\/?p=5189#breadcrumb\"},\"inLanguage\":\"sk-SK\",\"potentialAction\":[{\"@type\":\"ReadAction\",\"target\":[\"https:\\\/\\\/pmza.sk\\\/?p=5189\"]}]},{\"@type\":\"ImageObject\",\"inLanguage\":\"sk-SK\",\"@id\":\"https:\\\/\\\/pmza.sk\\\/?p=5189#primaryimage\",\"url\":\"http:\\\/\\\/pmza.sk.sk\\\/wp-content\\\/uploads\\\/2012\\\/03\\\/Picasso-autoportret-237x300.jpg\",\"contentUrl\":\"http:\\\/\\\/pmza.sk.sk\\\/wp-content\\\/uploads\\\/2012\\\/03\\\/Picasso-autoportret-237x300.jpg\"},{\"@type\":\"BreadcrumbList\",\"@id\":\"https:\\\/\\\/pmza.sk\\\/?p=5189#breadcrumb\",\"itemListElement\":[{\"@type\":\"ListItem\",\"position\":1,\"name\":\"Domovsk\u00e1 str\u00e1nka\",\"item\":\"https:\\\/\\\/pmza.sk\\\/\"},{\"@type\":\"ListItem\",\"position\":2,\"name\":\"Picassova \u201eholubica mieru\u201c v spolo\u010dnosti \u201etore\u00e1dorov\u201c zav\u00edta do \u017diliny\"}]},{\"@type\":\"WebSite\",\"@id\":\"https:\\\/\\\/pmza.sk\\\/#website\",\"url\":\"https:\\\/\\\/pmza.sk\\\/\",\"name\":\"Pova\u017esk\u00e9 m\u00fazeum\",\"description\":\"Pova\u017esk\u00e9 m\u00fazeum v \u017diline je region\u00e1lne m\u00fazeum so s\u00eddlom v Budat\u00edne. Jeho expoz\u00edcie s\u00fa zameran\u00e9 na dejiny slovensk\u00e9ho umenia, kult\u00fary a dopravy.\",\"publisher\":{\"@id\":\"https:\\\/\\\/pmza.sk\\\/#organization\"},\"potentialAction\":[{\"@type\":\"SearchAction\",\"target\":{\"@type\":\"EntryPoint\",\"urlTemplate\":\"https:\\\/\\\/pmza.sk\\\/?s={search_term_string}\"},\"query-input\":{\"@type\":\"PropertyValueSpecification\",\"valueRequired\":true,\"valueName\":\"search_term_string\"}}],\"inLanguage\":\"sk-SK\"},{\"@type\":\"Organization\",\"@id\":\"https:\\\/\\\/pmza.sk\\\/#organization\",\"name\":\"Pova\u017esk\u00e9 m\u00fazeum\",\"url\":\"https:\\\/\\\/pmza.sk\\\/\",\"logo\":{\"@type\":\"ImageObject\",\"inLanguage\":\"sk-SK\",\"@id\":\"https:\\\/\\\/pmza.sk\\\/#\\\/schema\\\/logo\\\/image\\\/\",\"url\":\"https:\\\/\\\/pmza.sk\\\/wp-content\\\/uploads\\\/2022\\\/01\\\/logo_PM_horizontal.jpg\",\"contentUrl\":\"https:\\\/\\\/pmza.sk\\\/wp-content\\\/uploads\\\/2022\\\/01\\\/logo_PM_horizontal.jpg\",\"width\":231,\"height\":142,\"caption\":\"Pova\u017esk\u00e9 m\u00fazeum\"},\"image\":{\"@id\":\"https:\\\/\\\/pmza.sk\\\/#\\\/schema\\\/logo\\\/image\\\/\"},\"sameAs\":[\"https:\\\/\\\/www.facebook.com\\\/povazskemuzeum\",\"https:\\\/\\\/www.instagram.com\\\/povazskemuzeum\\\/\"]},{\"@type\":\"Person\",\"@id\":\"https:\\\/\\\/pmza.sk\\\/#\\\/schema\\\/person\\\/595e6a2ce731ea94dcd5d7f50a41ae33\",\"name\":\"Pova\u017esk\u00e9 m\u00fazeum\",\"image\":{\"@type\":\"ImageObject\",\"inLanguage\":\"sk-SK\",\"@id\":\"https:\\\/\\\/secure.gravatar.com\\\/avatar\\\/2bb7f1561282132fb5826dfeccc66c7996d11ee392ac6aaf7ced8a1c2027fbb2?s=96&d=mm&r=g\",\"url\":\"https:\\\/\\\/secure.gravatar.com\\\/avatar\\\/2bb7f1561282132fb5826dfeccc66c7996d11ee392ac6aaf7ced8a1c2027fbb2?s=96&d=mm&r=g\",\"contentUrl\":\"https:\\\/\\\/secure.gravatar.com\\\/avatar\\\/2bb7f1561282132fb5826dfeccc66c7996d11ee392ac6aaf7ced8a1c2027fbb2?s=96&d=mm&r=g\",\"caption\":\"Pova\u017esk\u00e9 m\u00fazeum\"}}]}<\/script>\n<!-- \/ Yoast SEO plugin. -->","yoast_head_json":{"title":"Picassova \u201eholubica mieru\u201c v spolo\u010dnosti \u201etore\u00e1dorov\u201c zav\u00edta do \u017diliny - Pova\u017esk\u00e9 m\u00fazeum","robots":{"index":"index","follow":"follow","max-snippet":"max-snippet:-1","max-image-preview":"max-image-preview:large","max-video-preview":"max-video-preview:-1"},"canonical":"https:\/\/pmza.sk\/?p=5189","og_locale":"sk_SK","og_type":"article","og_title":"Picassova \u201eholubica mieru\u201c v spolo\u010dnosti \u201etore\u00e1dorov\u201c zav\u00edta do \u017diliny - Pova\u017esk\u00e9 m\u00fazeum","og_description":"Pova\u017esk\u00e9 m\u00fazeum v\u00a0\u017diline aj tento rok pripravilo v\u00a0spolupr\u00e1ci s\u00a0nemeckou gal\u00e9riou Sundermann a\u00a0bratislavskou River Gallery mimoriadnu lah\u00f4dku pre milovn\u00edkov svetov\u00e9ho v\u00fdtvarn\u00e9ho umenia. Po minuloro\u010dnej exkluz\u00edvnej v\u00fdstave nemeck\u00fdch expresionistov bude v\u00fdstavn\u00e1 miestnos\u0165 are\u00e1lu Budat\u00ednskeho hradu v\u00a0\u017diline od 23. marca 2012 patri\u0165 v\u00fdtvarn\u00fdm \u00a0dielam kontroverzn\u00e9ho Pabla Picassa. \u201ePicasso, ktor\u00e9ho stotridsiate v\u00fdro\u010die narodenia sme si pripomenuli pred rokom, bol [&hellip;]","og_url":"https:\/\/pmza.sk\/?p=5189","og_site_name":"Pova\u017esk\u00e9 m\u00fazeum","article_publisher":"https:\/\/www.facebook.com\/povazskemuzeum","article_published_time":"2012-03-09T08:03:59+00:00","og_image":[{"url":"https:\/\/pmza.sk.sk\/wp-content\/uploads\/2012\/03\/Picasso-autoportret-237x300.jpg","type":"","width":"","height":""}],"author":"Pova\u017esk\u00e9 m\u00fazeum","twitter_card":"summary_large_image","twitter_misc":{"Autor":"Pova\u017esk\u00e9 m\u00fazeum","Predpokladan\u00fd \u010das \u010d\u00edtania":"2 min\u00faty"},"schema":{"@context":"https:\/\/schema.org","@graph":[{"@type":"Article","@id":"https:\/\/pmza.sk\/?p=5189#article","isPartOf":{"@id":"https:\/\/pmza.sk\/?p=5189"},"author":{"name":"Pova\u017esk\u00e9 m\u00fazeum","@id":"https:\/\/pmza.sk\/#\/schema\/person\/595e6a2ce731ea94dcd5d7f50a41ae33"},"headline":"Picassova \u201eholubica mieru\u201c v spolo\u010dnosti \u201etore\u00e1dorov\u201c zav\u00edta do \u017diliny","datePublished":"2012-03-09T08:03:59+00:00","mainEntityOfPage":{"@id":"https:\/\/pmza.sk\/?p=5189"},"wordCount":448,"publisher":{"@id":"https:\/\/pmza.sk\/#organization"},"image":{"@id":"https:\/\/pmza.sk\/?p=5189#primaryimage"},"thumbnailUrl":"https:\/\/pmza.sk.sk\/wp-content\/uploads\/2012\/03\/Picasso-autoportret-237x300.jpg","articleSection":["Arch\u00edv 2012"],"inLanguage":"sk-SK"},{"@type":"WebPage","@id":"https:\/\/pmza.sk\/?p=5189","url":"https:\/\/pmza.sk\/?p=5189","name":"Picassova \u201eholubica mieru\u201c v spolo\u010dnosti \u201etore\u00e1dorov\u201c zav\u00edta do \u017diliny - Pova\u017esk\u00e9 m\u00fazeum","isPartOf":{"@id":"https:\/\/pmza.sk\/#website"},"primaryImageOfPage":{"@id":"https:\/\/pmza.sk\/?p=5189#primaryimage"},"image":{"@id":"https:\/\/pmza.sk\/?p=5189#primaryimage"},"thumbnailUrl":"https:\/\/pmza.sk.sk\/wp-content\/uploads\/2012\/03\/Picasso-autoportret-237x300.jpg","datePublished":"2012-03-09T08:03:59+00:00","breadcrumb":{"@id":"https:\/\/pmza.sk\/?p=5189#breadcrumb"},"inLanguage":"sk-SK","potentialAction":[{"@type":"ReadAction","target":["https:\/\/pmza.sk\/?p=5189"]}]},{"@type":"ImageObject","inLanguage":"sk-SK","@id":"https:\/\/pmza.sk\/?p=5189#primaryimage","url":"https:\/\/pmza.sk.sk\/wp-content\/uploads\/2012\/03\/Picasso-autoportret-237x300.jpg","contentUrl":"https:\/\/pmza.sk.sk\/wp-content\/uploads\/2012\/03\/Picasso-autoportret-237x300.jpg"},{"@type":"BreadcrumbList","@id":"https:\/\/pmza.sk\/?p=5189#breadcrumb","itemListElement":[{"@type":"ListItem","position":1,"name":"Domovsk\u00e1 str\u00e1nka","item":"https:\/\/pmza.sk\/"},{"@type":"ListItem","position":2,"name":"Picassova \u201eholubica mieru\u201c v spolo\u010dnosti \u201etore\u00e1dorov\u201c zav\u00edta do \u017diliny"}]},{"@type":"WebSite","@id":"https:\/\/pmza.sk\/#website","url":"https:\/\/pmza.sk\/","name":"Pova\u017esk\u00e9 m\u00fazeum","description":"Pova\u017esk\u00e9 m\u00fazeum v \u017diline je region\u00e1lne m\u00fazeum so s\u00eddlom v Budat\u00edne. Jeho expoz\u00edcie s\u00fa zameran\u00e9 na dejiny slovensk\u00e9ho umenia, kult\u00fary a dopravy.","publisher":{"@id":"https:\/\/pmza.sk\/#organization"},"potentialAction":[{"@type":"SearchAction","target":{"@type":"EntryPoint","urlTemplate":"https:\/\/pmza.sk\/?s={search_term_string}"},"query-input":{"@type":"PropertyValueSpecification","valueRequired":true,"valueName":"search_term_string"}}],"inLanguage":"sk-SK"},{"@type":"Organization","@id":"https:\/\/pmza.sk\/#organization","name":"Pova\u017esk\u00e9 m\u00fazeum","url":"https:\/\/pmza.sk\/","logo":{"@type":"ImageObject","inLanguage":"sk-SK","@id":"https:\/\/pmza.sk\/#\/schema\/logo\/image\/","url":"https:\/\/pmza.sk\/wp-content\/uploads\/2022\/01\/logo_PM_horizontal.jpg","contentUrl":"https:\/\/pmza.sk\/wp-content\/uploads\/2022\/01\/logo_PM_horizontal.jpg","width":231,"height":142,"caption":"Pova\u017esk\u00e9 m\u00fazeum"},"image":{"@id":"https:\/\/pmza.sk\/#\/schema\/logo\/image\/"},"sameAs":["https:\/\/www.facebook.com\/povazskemuzeum","https:\/\/www.instagram.com\/povazskemuzeum\/"]},{"@type":"Person","@id":"https:\/\/pmza.sk\/#\/schema\/person\/595e6a2ce731ea94dcd5d7f50a41ae33","name":"Pova\u017esk\u00e9 m\u00fazeum","image":{"@type":"ImageObject","inLanguage":"sk-SK","@id":"https:\/\/secure.gravatar.com\/avatar\/2bb7f1561282132fb5826dfeccc66c7996d11ee392ac6aaf7ced8a1c2027fbb2?s=96&d=mm&r=g","url":"https:\/\/secure.gravatar.com\/avatar\/2bb7f1561282132fb5826dfeccc66c7996d11ee392ac6aaf7ced8a1c2027fbb2?s=96&d=mm&r=g","contentUrl":"https:\/\/secure.gravatar.com\/avatar\/2bb7f1561282132fb5826dfeccc66c7996d11ee392ac6aaf7ced8a1c2027fbb2?s=96&d=mm&r=g","caption":"Pova\u017esk\u00e9 m\u00fazeum"}}]}},"_links":{"self":[{"href":"https:\/\/pmza.sk\/index.php?rest_route=\/wp\/v2\/posts\/5189","targetHints":{"allow":["GET"]}}],"collection":[{"href":"https:\/\/pmza.sk\/index.php?rest_route=\/wp\/v2\/posts"}],"about":[{"href":"https:\/\/pmza.sk\/index.php?rest_route=\/wp\/v2\/types\/post"}],"author":[{"embeddable":true,"href":"https:\/\/pmza.sk\/index.php?rest_route=\/wp\/v2\/users\/2"}],"replies":[{"embeddable":true,"href":"https:\/\/pmza.sk\/index.php?rest_route=%2Fwp%2Fv2%2Fcomments&post=5189"}],"version-history":[{"count":0,"href":"https:\/\/pmza.sk\/index.php?rest_route=\/wp\/v2\/posts\/5189\/revisions"}],"wp:attachment":[{"href":"https:\/\/pmza.sk\/index.php?rest_route=%2Fwp%2Fv2%2Fmedia&parent=5189"}],"wp:term":[{"taxonomy":"category","embeddable":true,"href":"https:\/\/pmza.sk\/index.php?rest_route=%2Fwp%2Fv2%2Fcategories&post=5189"},{"taxonomy":"post_tag","embeddable":true,"href":"https:\/\/pmza.sk\/index.php?rest_route=%2Fwp%2Fv2%2Ftags&post=5189"}],"curies":[{"name":"wp","href":"https:\/\/api.w.org\/{rel}","templated":true}]}}