{"id":51890,"date":"2022-07-21T13:44:26","date_gmt":"2022-07-21T11:44:26","guid":{"rendered":"https:\/\/pmza.sk\/?p=51890"},"modified":"2022-08-01T07:24:04","modified_gmt":"2022-08-01T05:24:04","slug":"zbojnickym-chodnickom-3","status":"publish","type":"post","link":"https:\/\/pmza.sk\/?p=51890","title":{"rendered":"Zbojn\u00edckym chodn\u00ed\u010dkom"},"content":{"rendered":"<p>Pova\u017esk\u00e9 m\u00fazeum si po\u010das festivalu J\u00e1no\u0161\u00edkove dni v\u00a0sobotu 30. j\u00fala pripravilo v\u00a0Expoz\u00edcii J\u00e1no\u0161\u00edk a\u00a0Terchov\u00e1 zauj\u00edmav\u00e9 aktivity, ktor\u00e9 spestria prehliadku expoz\u00edcie. T\u00e1 je rozdelen\u00e1 do nieko\u013ek\u00fdch tematick\u00fdch celkov, pod\u00e1vaj\u00facich ucelen\u00fd obraz o\u00a0hist\u00f3rii a\u00a0n\u00e1rodopise obce Terchov\u00e1, jej jadrom je v\u0161ak Juraj J\u00e1no\u0161\u00edk ako historick\u00e1 aj\u00a0legend\u00e1rna osobnos\u0165.\u00a0A\u00a0pr\u00e1ve o\u00a0jeho \u017eivote bud\u00fa sc\u00e9nky v\u00a0podan\u00ed divadelno-hrav\u00e9ho zoskupenia RAZCA. <em>\u201eAko sa z mal\u00e9ho chudobn\u00e9ho chlapca stal najzn\u00e1mej\u0161\u00ed slovensk\u00fd zbojn\u00edk? Ako to bolo s jeho milou Ani\u010dkou? Ak\u00fa \u00falohu v jeho \u017eivote zohrala miestna terchovsk\u00e1 kr\u010dm\u00e1rka a gr\u00f3fka z hradu Stre\u010dno? A pre\u010do bola jeho kmotrou Zubat\u00e1? Ak chcete n\u00e1js\u0165 odpovede na tieto ot\u00e1zky, nenechajte si ujs\u0165 kr\u00e1tke, menej \u010di viac pravdiv\u00e9 sc\u00e9nky a pr\u00ed\u010fte do na\u0161ej expoz\u00edcie. Hra\u0165 budeme o 10.30, 13.00 a 15.00,\u201c<\/em> poz\u00fdva scen\u00e1ristka Katar\u00edna Mar\u0161alov\u00e1.<\/p>\n<p>Odraz j\u00e1no\u0161\u00edkovskej trad\u00edcie je zrete\u013en\u00fd v mnoh\u00fdch oblastiach \u013eudovej kult\u00fary, najv\u00fdraznej\u0161ie v \u013eudovom v\u00fdtvarnom umen\u00ed. V expoz\u00edcii ho prezentuj\u00fa po\u010detn\u00e9 dreven\u00e9 plastiky, ma\u013eovan\u00e1 keramika, skloma\u013eby, \u00a0meden\u00e9 reli\u00e9fy a\u00a0 kresby vystaven\u00e9 v centr\u00e1lnej \u010dasti expoz\u00edcie. Nimi sa m\u00f4\u017eu in\u0161pirova\u0165 n\u00e1v\u0161tevn\u00edci po\u010das tvoriv\u00fdch dieln\u00ed, ktor\u00e9 bud\u00fa prebieha\u0165 od 9.00 do 16.00. Tento rok si vysk\u00fa\u0161aj\u00fa ma\u013ebu na sklo a drevo, tak\u017ee m\u00f4\u017eu zapoji\u0165 svoju fant\u00e1ziu a prinies\u0165 si domov naozaj origin\u00e1lny suven\u00edr.<\/p>\n<p><img fetchpriority=\"high\" decoding=\"async\" class=\"alignnone wp-image-51891\" src=\"https:\/\/pmza.sk\/wp-content\/uploads\/2022\/07\/Zbojnickym-chodnickom-255x360.jpg\" alt=\"\" width=\"317\" height=\"448\" srcset=\"https:\/\/pmza.sk\/wp-content\/uploads\/2022\/07\/Zbojnickym-chodnickom-255x360.jpg 255w, https:\/\/pmza.sk\/wp-content\/uploads\/2022\/07\/Zbojnickym-chodnickom-520x736.jpg 520w, https:\/\/pmza.sk\/wp-content\/uploads\/2022\/07\/Zbojnickym-chodnickom-768x1086.jpg 768w, https:\/\/pmza.sk\/wp-content\/uploads\/2022\/07\/Zbojnickym-chodnickom-1086x1536.jpg 1086w, https:\/\/pmza.sk\/wp-content\/uploads\/2022\/07\/Zbojnickym-chodnickom-1448x2048.jpg 1448w, https:\/\/pmza.sk\/wp-content\/uploads\/2022\/07\/Zbojnickym-chodnickom-600x849.jpg 600w, https:\/\/pmza.sk\/wp-content\/uploads\/2022\/07\/Zbojnickym-chodnickom-scaled.jpg 1810w\" sizes=\"(max-width: 317px) 100vw, 317px\" \/><\/p>\n","protected":false},"excerpt":{"rendered":"<p>Pova\u017esk\u00e9 m\u00fazeum si po\u010das festivalu J\u00e1no\u0161\u00edkove dni v\u00a0sobotu 30. j\u00fala pripravilo v\u00a0Expoz\u00edcii J\u00e1no\u0161\u00edk a\u00a0Terchov\u00e1 zauj\u00edmav\u00e9 aktivity, ktor\u00e9 spestria prehliadku expoz\u00edcie. T\u00e1 je rozdelen\u00e1 do nieko\u013ek\u00fdch tematick\u00fdch celkov, pod\u00e1vaj\u00facich ucelen\u00fd obraz o\u00a0hist\u00f3rii a\u00a0n\u00e1rodopise obce Terchov\u00e1, jej jadrom je v\u0161ak Juraj J\u00e1no\u0161\u00edk ako historick\u00e1 aj\u00a0legend\u00e1rna osobnos\u0165.\u00a0A\u00a0pr\u00e1ve o\u00a0jeho \u017eivote bud\u00fa sc\u00e9nky v\u00a0podan\u00ed divadelno-hrav\u00e9ho zoskupenia RAZCA. \u201eAko sa z [&hellip;]<\/p>\n","protected":false},"author":2,"featured_media":35501,"comment_status":"open","ping_status":"open","sticky":false,"template":"","format":"standard","meta":{"site-sidebar-layout":"default","site-content-layout":"default","ast-site-content-layout":"","site-content-style":"default","site-sidebar-style":"default","ast-global-header-display":"","ast-banner-title-visibility":"","ast-main-header-display":"","ast-hfb-above-header-display":"","ast-hfb-below-header-display":"","ast-hfb-mobile-header-display":"","site-post-title":"","ast-breadcrumbs-content":"","ast-featured-img":"","footer-sml-layout":"","theme-transparent-header-meta":"default","adv-header-id-meta":"","stick-header-meta":"default","header-above-stick-meta":"","header-main-stick-meta":"","header-below-stick-meta":"","astra-migrate-meta-layouts":"default","ast-page-background-enabled":"default","ast-page-background-meta":{"desktop":{"background-color":"var(--ast-global-color-4)","background-image":"","background-repeat":"repeat","background-position":"center center","background-size":"auto","background-attachment":"scroll","background-type":"","background-media":"","overlay-type":"","overlay-color":"","overlay-opacity":"","overlay-gradient":""},"tablet":{"background-color":"","background-image":"","background-repeat":"repeat","background-position":"center center","background-size":"auto","background-attachment":"scroll","background-type":"","background-media":"","overlay-type":"","overlay-color":"","overlay-opacity":"","overlay-gradient":""},"mobile":{"background-color":"","background-image":"","background-repeat":"repeat","background-position":"center center","background-size":"auto","background-attachment":"scroll","background-type":"","background-media":"","overlay-type":"","overlay-color":"","overlay-opacity":"","overlay-gradient":""}},"ast-content-background-meta":{"desktop":{"background-color":"var(--ast-global-color-5)","background-image":"","background-repeat":"repeat","background-position":"center center","background-size":"auto","background-attachment":"scroll","background-type":"","background-media":"","overlay-type":"","overlay-color":"","overlay-opacity":"","overlay-gradient":""},"tablet":{"background-color":"var(--ast-global-color-5)","background-image":"","background-repeat":"repeat","background-position":"center center","background-size":"auto","background-attachment":"scroll","background-type":"","background-media":"","overlay-type":"","overlay-color":"","overlay-opacity":"","overlay-gradient":""},"mobile":{"background-color":"var(--ast-global-color-5)","background-image":"","background-repeat":"repeat","background-position":"center center","background-size":"auto","background-attachment":"scroll","background-type":"","background-media":"","overlay-type":"","overlay-color":"","overlay-opacity":"","overlay-gradient":""}},"footnotes":""},"categories":[71],"tags":[],"class_list":["post-51890","post","type-post","status-publish","format-standard","has-post-thumbnail","hentry","category-podujatia"],"yoast_head":"<!-- This site is optimized with the Yoast SEO plugin v27.4 - https:\/\/yoast.com\/product\/yoast-seo-wordpress\/ -->\n<title>Zbojn\u00edckym chodn\u00ed\u010dkom - Pova\u017esk\u00e9 m\u00fazeum<\/title>\n<meta name=\"description\" content=\"Pova\u017esk\u00e9 m\u00fazeum si po\u010das festivalu J\u00e1no\u0161\u00edkove dni v\u00a0sobotu 30. j\u00fala pripravilo v\u00a0Expoz\u00edcii J\u00e1no\u0161\u00edk a\u00a0Terchov\u00e1 zauj\u00edmav\u00e9 aktivity, ktor\u00e9 spestria prehliadku expoz\u00edcie. Ich s\u00fa\u010das\u0165ou bud\u00fa tvoriv\u00e9 dielne a sc\u00e9nky o \u017eivote Juraja J\u00e1no\u0161\u00edka v podan\u00ed RAZCA.\" \/>\n<meta name=\"robots\" content=\"index, follow, max-snippet:-1, max-image-preview:large, max-video-preview:-1\" \/>\n<link rel=\"canonical\" href=\"https:\/\/pmza.sk\/?p=51890\" \/>\n<meta property=\"og:locale\" content=\"sk_SK\" \/>\n<meta property=\"og:type\" content=\"article\" \/>\n<meta property=\"og:title\" content=\"Zbojn\u00edckym chodn\u00ed\u010dkom - Pova\u017esk\u00e9 m\u00fazeum\" \/>\n<meta property=\"og:description\" content=\"Pova\u017esk\u00e9 m\u00fazeum si po\u010das festivalu J\u00e1no\u0161\u00edkove dni v\u00a0sobotu 30. j\u00fala pripravilo v\u00a0Expoz\u00edcii J\u00e1no\u0161\u00edk a\u00a0Terchov\u00e1 zauj\u00edmav\u00e9 aktivity, ktor\u00e9 spestria prehliadku expoz\u00edcie. Ich s\u00fa\u010das\u0165ou bud\u00fa tvoriv\u00e9 dielne a sc\u00e9nky o \u017eivote Juraja J\u00e1no\u0161\u00edka v podan\u00ed RAZCA.\" \/>\n<meta property=\"og:url\" content=\"https:\/\/pmza.sk\/?p=51890\" \/>\n<meta property=\"og:site_name\" content=\"Pova\u017esk\u00e9 m\u00fazeum\" \/>\n<meta property=\"article:publisher\" content=\"https:\/\/www.facebook.com\/povazskemuzeum\" \/>\n<meta property=\"article:published_time\" content=\"2022-07-21T11:44:26+00:00\" \/>\n<meta property=\"article:modified_time\" content=\"2022-08-01T05:24:04+00:00\" \/>\n<meta property=\"og:image\" content=\"https:\/\/pmza.sk\/wp-content\/uploads\/2019\/08\/DSC_0131.jpg\" \/>\n\t<meta property=\"og:image:width\" content=\"1024\" \/>\n\t<meta property=\"og:image:height\" content=\"576\" \/>\n\t<meta property=\"og:image:type\" content=\"image\/jpeg\" \/>\n<meta name=\"author\" content=\"Pova\u017esk\u00e9 m\u00fazeum\" \/>\n<meta name=\"twitter:card\" content=\"summary_large_image\" \/>\n<meta name=\"twitter:label1\" content=\"Autor\" \/>\n\t<meta name=\"twitter:data1\" content=\"Pova\u017esk\u00e9 m\u00fazeum\" \/>\n\t<meta name=\"twitter:label2\" content=\"Predpokladan\u00fd \u010das \u010d\u00edtania\" \/>\n\t<meta name=\"twitter:data2\" content=\"1 min\u00fata\" \/>\n<script type=\"application\/ld+json\" class=\"yoast-schema-graph\">{\"@context\":\"https:\\\/\\\/schema.org\",\"@graph\":[{\"@type\":\"Article\",\"@id\":\"https:\\\/\\\/pmza.sk\\\/?p=51890#article\",\"isPartOf\":{\"@id\":\"https:\\\/\\\/pmza.sk\\\/?p=51890\"},\"author\":{\"name\":\"Pova\u017esk\u00e9 m\u00fazeum\",\"@id\":\"https:\\\/\\\/pmza.sk\\\/#\\\/schema\\\/person\\\/595e6a2ce731ea94dcd5d7f50a41ae33\"},\"headline\":\"Zbojn\u00edckym chodn\u00ed\u010dkom\",\"datePublished\":\"2022-07-21T11:44:26+00:00\",\"dateModified\":\"2022-08-01T05:24:04+00:00\",\"mainEntityOfPage\":{\"@id\":\"https:\\\/\\\/pmza.sk\\\/?p=51890\"},\"wordCount\":275,\"commentCount\":0,\"publisher\":{\"@id\":\"https:\\\/\\\/pmza.sk\\\/#organization\"},\"image\":{\"@id\":\"https:\\\/\\\/pmza.sk\\\/?p=51890#primaryimage\"},\"thumbnailUrl\":\"https:\\\/\\\/pmza.sk\\\/wp-content\\\/uploads\\\/2019\\\/08\\\/DSC_0131.jpg\",\"articleSection\":[\"Podujatia\"],\"inLanguage\":\"sk-SK\"},{\"@type\":\"WebPage\",\"@id\":\"https:\\\/\\\/pmza.sk\\\/?p=51890\",\"url\":\"https:\\\/\\\/pmza.sk\\\/?p=51890\",\"name\":\"Zbojn\u00edckym chodn\u00ed\u010dkom - Pova\u017esk\u00e9 m\u00fazeum\",\"isPartOf\":{\"@id\":\"https:\\\/\\\/pmza.sk\\\/#website\"},\"primaryImageOfPage\":{\"@id\":\"https:\\\/\\\/pmza.sk\\\/?p=51890#primaryimage\"},\"image\":{\"@id\":\"https:\\\/\\\/pmza.sk\\\/?p=51890#primaryimage\"},\"thumbnailUrl\":\"https:\\\/\\\/pmza.sk\\\/wp-content\\\/uploads\\\/2019\\\/08\\\/DSC_0131.jpg\",\"datePublished\":\"2022-07-21T11:44:26+00:00\",\"dateModified\":\"2022-08-01T05:24:04+00:00\",\"description\":\"Pova\u017esk\u00e9 m\u00fazeum si po\u010das festivalu J\u00e1no\u0161\u00edkove dni v\u00a0sobotu 30. j\u00fala pripravilo v\u00a0Expoz\u00edcii J\u00e1no\u0161\u00edk a\u00a0Terchov\u00e1 zauj\u00edmav\u00e9 aktivity, ktor\u00e9 spestria prehliadku expoz\u00edcie. Ich s\u00fa\u010das\u0165ou bud\u00fa tvoriv\u00e9 dielne a sc\u00e9nky o \u017eivote Juraja J\u00e1no\u0161\u00edka v podan\u00ed RAZCA.\",\"breadcrumb\":{\"@id\":\"https:\\\/\\\/pmza.sk\\\/?p=51890#breadcrumb\"},\"inLanguage\":\"sk-SK\",\"potentialAction\":[{\"@type\":\"ReadAction\",\"target\":[\"https:\\\/\\\/pmza.sk\\\/?p=51890\"]}]},{\"@type\":\"ImageObject\",\"inLanguage\":\"sk-SK\",\"@id\":\"https:\\\/\\\/pmza.sk\\\/?p=51890#primaryimage\",\"url\":\"https:\\\/\\\/pmza.sk\\\/wp-content\\\/uploads\\\/2019\\\/08\\\/DSC_0131.jpg\",\"contentUrl\":\"https:\\\/\\\/pmza.sk\\\/wp-content\\\/uploads\\\/2019\\\/08\\\/DSC_0131.jpg\",\"width\":1024,\"height\":576},{\"@type\":\"BreadcrumbList\",\"@id\":\"https:\\\/\\\/pmza.sk\\\/?p=51890#breadcrumb\",\"itemListElement\":[{\"@type\":\"ListItem\",\"position\":1,\"name\":\"Domovsk\u00e1 str\u00e1nka\",\"item\":\"https:\\\/\\\/pmza.sk\\\/\"},{\"@type\":\"ListItem\",\"position\":2,\"name\":\"Zbojn\u00edckym chodn\u00ed\u010dkom\"}]},{\"@type\":\"WebSite\",\"@id\":\"https:\\\/\\\/pmza.sk\\\/#website\",\"url\":\"https:\\\/\\\/pmza.sk\\\/\",\"name\":\"Pova\u017esk\u00e9 m\u00fazeum\",\"description\":\"Pova\u017esk\u00e9 m\u00fazeum v \u017diline je region\u00e1lne m\u00fazeum so s\u00eddlom v Budat\u00edne. Jeho expoz\u00edcie s\u00fa zameran\u00e9 na dejiny slovensk\u00e9ho umenia, kult\u00fary a dopravy.\",\"publisher\":{\"@id\":\"https:\\\/\\\/pmza.sk\\\/#organization\"},\"potentialAction\":[{\"@type\":\"SearchAction\",\"target\":{\"@type\":\"EntryPoint\",\"urlTemplate\":\"https:\\\/\\\/pmza.sk\\\/?s={search_term_string}\"},\"query-input\":{\"@type\":\"PropertyValueSpecification\",\"valueRequired\":true,\"valueName\":\"search_term_string\"}}],\"inLanguage\":\"sk-SK\"},{\"@type\":\"Organization\",\"@id\":\"https:\\\/\\\/pmza.sk\\\/#organization\",\"name\":\"Pova\u017esk\u00e9 m\u00fazeum\",\"url\":\"https:\\\/\\\/pmza.sk\\\/\",\"logo\":{\"@type\":\"ImageObject\",\"inLanguage\":\"sk-SK\",\"@id\":\"https:\\\/\\\/pmza.sk\\\/#\\\/schema\\\/logo\\\/image\\\/\",\"url\":\"https:\\\/\\\/pmza.sk\\\/wp-content\\\/uploads\\\/2022\\\/01\\\/logo_PM_horizontal.jpg\",\"contentUrl\":\"https:\\\/\\\/pmza.sk\\\/wp-content\\\/uploads\\\/2022\\\/01\\\/logo_PM_horizontal.jpg\",\"width\":231,\"height\":142,\"caption\":\"Pova\u017esk\u00e9 m\u00fazeum\"},\"image\":{\"@id\":\"https:\\\/\\\/pmza.sk\\\/#\\\/schema\\\/logo\\\/image\\\/\"},\"sameAs\":[\"https:\\\/\\\/www.facebook.com\\\/povazskemuzeum\",\"https:\\\/\\\/www.instagram.com\\\/povazskemuzeum\\\/\"]},{\"@type\":\"Person\",\"@id\":\"https:\\\/\\\/pmza.sk\\\/#\\\/schema\\\/person\\\/595e6a2ce731ea94dcd5d7f50a41ae33\",\"name\":\"Pova\u017esk\u00e9 m\u00fazeum\",\"image\":{\"@type\":\"ImageObject\",\"inLanguage\":\"sk-SK\",\"@id\":\"https:\\\/\\\/secure.gravatar.com\\\/avatar\\\/2bb7f1561282132fb5826dfeccc66c7996d11ee392ac6aaf7ced8a1c2027fbb2?s=96&d=mm&r=g\",\"url\":\"https:\\\/\\\/secure.gravatar.com\\\/avatar\\\/2bb7f1561282132fb5826dfeccc66c7996d11ee392ac6aaf7ced8a1c2027fbb2?s=96&d=mm&r=g\",\"contentUrl\":\"https:\\\/\\\/secure.gravatar.com\\\/avatar\\\/2bb7f1561282132fb5826dfeccc66c7996d11ee392ac6aaf7ced8a1c2027fbb2?s=96&d=mm&r=g\",\"caption\":\"Pova\u017esk\u00e9 m\u00fazeum\"}}]}<\/script>\n<!-- \/ Yoast SEO plugin. -->","yoast_head_json":{"title":"Zbojn\u00edckym chodn\u00ed\u010dkom - Pova\u017esk\u00e9 m\u00fazeum","description":"Pova\u017esk\u00e9 m\u00fazeum si po\u010das festivalu J\u00e1no\u0161\u00edkove dni v\u00a0sobotu 30. j\u00fala pripravilo v\u00a0Expoz\u00edcii J\u00e1no\u0161\u00edk a\u00a0Terchov\u00e1 zauj\u00edmav\u00e9 aktivity, ktor\u00e9 spestria prehliadku expoz\u00edcie. Ich s\u00fa\u010das\u0165ou bud\u00fa tvoriv\u00e9 dielne a sc\u00e9nky o \u017eivote Juraja J\u00e1no\u0161\u00edka v podan\u00ed RAZCA.","robots":{"index":"index","follow":"follow","max-snippet":"max-snippet:-1","max-image-preview":"max-image-preview:large","max-video-preview":"max-video-preview:-1"},"canonical":"https:\/\/pmza.sk\/?p=51890","og_locale":"sk_SK","og_type":"article","og_title":"Zbojn\u00edckym chodn\u00ed\u010dkom - Pova\u017esk\u00e9 m\u00fazeum","og_description":"Pova\u017esk\u00e9 m\u00fazeum si po\u010das festivalu J\u00e1no\u0161\u00edkove dni v\u00a0sobotu 30. j\u00fala pripravilo v\u00a0Expoz\u00edcii J\u00e1no\u0161\u00edk a\u00a0Terchov\u00e1 zauj\u00edmav\u00e9 aktivity, ktor\u00e9 spestria prehliadku expoz\u00edcie. Ich s\u00fa\u010das\u0165ou bud\u00fa tvoriv\u00e9 dielne a sc\u00e9nky o \u017eivote Juraja J\u00e1no\u0161\u00edka v podan\u00ed RAZCA.","og_url":"https:\/\/pmza.sk\/?p=51890","og_site_name":"Pova\u017esk\u00e9 m\u00fazeum","article_publisher":"https:\/\/www.facebook.com\/povazskemuzeum","article_published_time":"2022-07-21T11:44:26+00:00","article_modified_time":"2022-08-01T05:24:04+00:00","og_image":[{"width":1024,"height":576,"url":"https:\/\/pmza.sk\/wp-content\/uploads\/2019\/08\/DSC_0131.jpg","type":"image\/jpeg"}],"author":"Pova\u017esk\u00e9 m\u00fazeum","twitter_card":"summary_large_image","twitter_misc":{"Autor":"Pova\u017esk\u00e9 m\u00fazeum","Predpokladan\u00fd \u010das \u010d\u00edtania":"1 min\u00fata"},"schema":{"@context":"https:\/\/schema.org","@graph":[{"@type":"Article","@id":"https:\/\/pmza.sk\/?p=51890#article","isPartOf":{"@id":"https:\/\/pmza.sk\/?p=51890"},"author":{"name":"Pova\u017esk\u00e9 m\u00fazeum","@id":"https:\/\/pmza.sk\/#\/schema\/person\/595e6a2ce731ea94dcd5d7f50a41ae33"},"headline":"Zbojn\u00edckym chodn\u00ed\u010dkom","datePublished":"2022-07-21T11:44:26+00:00","dateModified":"2022-08-01T05:24:04+00:00","mainEntityOfPage":{"@id":"https:\/\/pmza.sk\/?p=51890"},"wordCount":275,"commentCount":0,"publisher":{"@id":"https:\/\/pmza.sk\/#organization"},"image":{"@id":"https:\/\/pmza.sk\/?p=51890#primaryimage"},"thumbnailUrl":"https:\/\/pmza.sk\/wp-content\/uploads\/2019\/08\/DSC_0131.jpg","articleSection":["Podujatia"],"inLanguage":"sk-SK"},{"@type":"WebPage","@id":"https:\/\/pmza.sk\/?p=51890","url":"https:\/\/pmza.sk\/?p=51890","name":"Zbojn\u00edckym chodn\u00ed\u010dkom - Pova\u017esk\u00e9 m\u00fazeum","isPartOf":{"@id":"https:\/\/pmza.sk\/#website"},"primaryImageOfPage":{"@id":"https:\/\/pmza.sk\/?p=51890#primaryimage"},"image":{"@id":"https:\/\/pmza.sk\/?p=51890#primaryimage"},"thumbnailUrl":"https:\/\/pmza.sk\/wp-content\/uploads\/2019\/08\/DSC_0131.jpg","datePublished":"2022-07-21T11:44:26+00:00","dateModified":"2022-08-01T05:24:04+00:00","description":"Pova\u017esk\u00e9 m\u00fazeum si po\u010das festivalu J\u00e1no\u0161\u00edkove dni v\u00a0sobotu 30. j\u00fala pripravilo v\u00a0Expoz\u00edcii J\u00e1no\u0161\u00edk a\u00a0Terchov\u00e1 zauj\u00edmav\u00e9 aktivity, ktor\u00e9 spestria prehliadku expoz\u00edcie. Ich s\u00fa\u010das\u0165ou bud\u00fa tvoriv\u00e9 dielne a sc\u00e9nky o \u017eivote Juraja J\u00e1no\u0161\u00edka v podan\u00ed RAZCA.","breadcrumb":{"@id":"https:\/\/pmza.sk\/?p=51890#breadcrumb"},"inLanguage":"sk-SK","potentialAction":[{"@type":"ReadAction","target":["https:\/\/pmza.sk\/?p=51890"]}]},{"@type":"ImageObject","inLanguage":"sk-SK","@id":"https:\/\/pmza.sk\/?p=51890#primaryimage","url":"https:\/\/pmza.sk\/wp-content\/uploads\/2019\/08\/DSC_0131.jpg","contentUrl":"https:\/\/pmza.sk\/wp-content\/uploads\/2019\/08\/DSC_0131.jpg","width":1024,"height":576},{"@type":"BreadcrumbList","@id":"https:\/\/pmza.sk\/?p=51890#breadcrumb","itemListElement":[{"@type":"ListItem","position":1,"name":"Domovsk\u00e1 str\u00e1nka","item":"https:\/\/pmza.sk\/"},{"@type":"ListItem","position":2,"name":"Zbojn\u00edckym chodn\u00ed\u010dkom"}]},{"@type":"WebSite","@id":"https:\/\/pmza.sk\/#website","url":"https:\/\/pmza.sk\/","name":"Pova\u017esk\u00e9 m\u00fazeum","description":"Pova\u017esk\u00e9 m\u00fazeum v \u017diline je region\u00e1lne m\u00fazeum so s\u00eddlom v Budat\u00edne. Jeho expoz\u00edcie s\u00fa zameran\u00e9 na dejiny slovensk\u00e9ho umenia, kult\u00fary a dopravy.","publisher":{"@id":"https:\/\/pmza.sk\/#organization"},"potentialAction":[{"@type":"SearchAction","target":{"@type":"EntryPoint","urlTemplate":"https:\/\/pmza.sk\/?s={search_term_string}"},"query-input":{"@type":"PropertyValueSpecification","valueRequired":true,"valueName":"search_term_string"}}],"inLanguage":"sk-SK"},{"@type":"Organization","@id":"https:\/\/pmza.sk\/#organization","name":"Pova\u017esk\u00e9 m\u00fazeum","url":"https:\/\/pmza.sk\/","logo":{"@type":"ImageObject","inLanguage":"sk-SK","@id":"https:\/\/pmza.sk\/#\/schema\/logo\/image\/","url":"https:\/\/pmza.sk\/wp-content\/uploads\/2022\/01\/logo_PM_horizontal.jpg","contentUrl":"https:\/\/pmza.sk\/wp-content\/uploads\/2022\/01\/logo_PM_horizontal.jpg","width":231,"height":142,"caption":"Pova\u017esk\u00e9 m\u00fazeum"},"image":{"@id":"https:\/\/pmza.sk\/#\/schema\/logo\/image\/"},"sameAs":["https:\/\/www.facebook.com\/povazskemuzeum","https:\/\/www.instagram.com\/povazskemuzeum\/"]},{"@type":"Person","@id":"https:\/\/pmza.sk\/#\/schema\/person\/595e6a2ce731ea94dcd5d7f50a41ae33","name":"Pova\u017esk\u00e9 m\u00fazeum","image":{"@type":"ImageObject","inLanguage":"sk-SK","@id":"https:\/\/secure.gravatar.com\/avatar\/2bb7f1561282132fb5826dfeccc66c7996d11ee392ac6aaf7ced8a1c2027fbb2?s=96&d=mm&r=g","url":"https:\/\/secure.gravatar.com\/avatar\/2bb7f1561282132fb5826dfeccc66c7996d11ee392ac6aaf7ced8a1c2027fbb2?s=96&d=mm&r=g","contentUrl":"https:\/\/secure.gravatar.com\/avatar\/2bb7f1561282132fb5826dfeccc66c7996d11ee392ac6aaf7ced8a1c2027fbb2?s=96&d=mm&r=g","caption":"Pova\u017esk\u00e9 m\u00fazeum"}}]}},"_links":{"self":[{"href":"https:\/\/pmza.sk\/index.php?rest_route=\/wp\/v2\/posts\/51890","targetHints":{"allow":["GET"]}}],"collection":[{"href":"https:\/\/pmza.sk\/index.php?rest_route=\/wp\/v2\/posts"}],"about":[{"href":"https:\/\/pmza.sk\/index.php?rest_route=\/wp\/v2\/types\/post"}],"author":[{"embeddable":true,"href":"https:\/\/pmza.sk\/index.php?rest_route=\/wp\/v2\/users\/2"}],"replies":[{"embeddable":true,"href":"https:\/\/pmza.sk\/index.php?rest_route=%2Fwp%2Fv2%2Fcomments&post=51890"}],"version-history":[{"count":0,"href":"https:\/\/pmza.sk\/index.php?rest_route=\/wp\/v2\/posts\/51890\/revisions"}],"wp:featuredmedia":[{"embeddable":true,"href":"https:\/\/pmza.sk\/index.php?rest_route=\/wp\/v2\/media\/35501"}],"wp:attachment":[{"href":"https:\/\/pmza.sk\/index.php?rest_route=%2Fwp%2Fv2%2Fmedia&parent=51890"}],"wp:term":[{"taxonomy":"category","embeddable":true,"href":"https:\/\/pmza.sk\/index.php?rest_route=%2Fwp%2Fv2%2Fcategories&post=51890"},{"taxonomy":"post_tag","embeddable":true,"href":"https:\/\/pmza.sk\/index.php?rest_route=%2Fwp%2Fv2%2Ftags&post=51890"}],"curies":[{"name":"wp","href":"https:\/\/api.w.org\/{rel}","templated":true}]}}