{"id":51953,"date":"2022-07-25T10:23:38","date_gmt":"2022-07-25T08:23:38","guid":{"rendered":"https:\/\/pmza.sk\/?p=51953"},"modified":"2022-08-11T09:17:48","modified_gmt":"2022-08-11T07:17:48","slug":"nocna-prehliadka-hradu-strecno-4","status":"publish","type":"post","link":"https:\/\/pmza.sk\/?p=51953","title":{"rendered":"No\u010dn\u00e1 prehliadka hradu Stre\u010dno"},"content":{"rendered":"<p>No\u010dn\u00e9 prehliadky na hrade Stre\u010dno s\u00fa vyh\u013ead\u00e1van\u00fdm podujat\u00edm, ktor\u00e9 po\u010das leta nav\u0161tevuj\u00fa mnoh\u00ed z\u00e1ujemcovia z\u00a0bl\u00edzka i \u010faleka. J\u00falov\u00e1 prehliadka mala ve\u013ek\u00fd \u00faspech a\u00a0Pova\u017esk\u00e9 m\u00fazeum ver\u00ed, \u017ee rovnako \u00faspe\u0161n\u00e1 bude aj t\u00e1 augustov\u00e1, ktor\u00e1 sa bude kona\u0165 v\u00a0stredu 10. 8. N\u00e1v\u0161tevn\u00edci sa m\u00f4\u017eu op\u00e4\u0165 te\u0161i\u0165 na pestr\u00fd program. Jeho s\u00fa\u010das\u0165ou bude z\u00e1\u017eitkov\u00e1 prehliadka s\u00a0n\u00e1zvom Hej, partiz\u00e1n, vezmi ma so sebou! v\u00a0podan\u00ed divadelno-hrav\u00e9ho zoskupenia RAZCA. <em>\u201e<\/em><em>Dej sa odohr\u00e1va v\u00a0priestoroch hradu na pozad\u00ed Slovensk\u00e9ho n\u00e1rodn\u00e9ho povstania, ktor\u00e9 priamo zasiahlo aj dejiny Stre\u010dna a\u00a0jeho okolia. N\u00e1v\u0161tevn\u00edkom sa sc\u00e9nky p\u00e1\u010dili, \u010do n\u00e1s povzbudilo do \u010fal\u0161ej tvorby a\u00a0u\u017e sa nem\u00f4\u017eeme do\u010dka\u0165 \u010fal\u0161ej prehliadky,\u201c <\/em>poz\u00fdva \u010dlenka zoskupenia Katar\u00edna Mar\u0161alov\u00e1. Na augustovej prehliadke sa predstav\u00ed aj skupina Kapor na sc\u00e9ne s\u00a0divadelnou hrou Robin Hood.<\/p>\n<p><em>\u00a0<\/em>Hradn\u00e9 m\u00fary na n\u00e1dvor\u00ed o\u017eij\u00fa prostredn\u00edctvom projekcie, ktor\u00e1 pribl\u00ed\u017ei v\u00fdznamn\u00e9 udalosti z\u00a0d\u00e1vnej i\u00a0ned\u00e1vnej hist\u00f3rie hradu Stre\u010dno. <em>\u201eCh\u00fdba\u0165 nebude ani \u00fachvatn\u00e1 oh\u0148ov\u00e1 show a\u00a0stredovek\u00e1 kuchy\u0148a rozvonia are\u00e1l hradu v\u010faka zdru\u017eeniu Cech Terra de Selinan. Atmosf\u00e9ru umocnia v\u00fdstrely z\u00a0dela, o\u00a0ktor\u00e9 sa postar\u00e1 OZ Turiec. Prehliadky bud\u00fa prebieha\u0165 v\u00a0\u0161iestich vstupoch od 20.00 do 22.30. Pri neskor\u0161\u00edch prehliadkach <\/em><em>odpor\u00fa\u010dame vzia\u0165 si so sebou baterky,\u201c <\/em>dod\u00e1va spr\u00e1vky\u0148a hradu Stre\u010dno Katar\u00edna Rep\u00e1\u0148ov\u00e1.<\/p>\n<p>Vstupn\u00e9 na no\u010dn\u00fa prehliadku je jednotn\u00e9 9 eur pre v\u0161etk\u00fdch n\u00e1v\u0161tevn\u00edkov bez rozdielu veku a vstupenky je mo\u017en\u00e9 zak\u00fapi\u0165 len cez predpredaj na:<\/p>\n<p>https:\/\/predpredaj.zoznam.sk\/sk\/listky\/nocna-prehliadka-hradu-strecno-2022-08-10\/<\/p>\n<p>&nbsp;<\/p>\n","protected":false},"excerpt":{"rendered":"<p>No\u010dn\u00e9 prehliadky na hrade Stre\u010dno s\u00fa vyh\u013ead\u00e1van\u00fdm podujat\u00edm, ktor\u00e9 po\u010das leta nav\u0161tevuj\u00fa mnoh\u00ed z\u00e1ujemcovia z\u00a0bl\u00edzka i \u010faleka. J\u00falov\u00e1 prehliadka mala ve\u013ek\u00fd \u00faspech a\u00a0Pova\u017esk\u00e9 m\u00fazeum ver\u00ed, \u017ee rovnako \u00faspe\u0161n\u00e1 bude aj t\u00e1 augustov\u00e1, ktor\u00e1 sa bude kona\u0165 v\u00a0stredu 10. 8. N\u00e1v\u0161tevn\u00edci sa m\u00f4\u017eu op\u00e4\u0165 te\u0161i\u0165 na pestr\u00fd program. Jeho s\u00fa\u010das\u0165ou bude z\u00e1\u017eitkov\u00e1 prehliadka s\u00a0n\u00e1zvom Hej, partiz\u00e1n, [&hellip;]<\/p>\n","protected":false},"author":2,"featured_media":51836,"comment_status":"open","ping_status":"open","sticky":false,"template":"","format":"standard","meta":{"site-sidebar-layout":"default","site-content-layout":"default","ast-site-content-layout":"","site-content-style":"default","site-sidebar-style":"default","ast-global-header-display":"","ast-banner-title-visibility":"","ast-main-header-display":"","ast-hfb-above-header-display":"","ast-hfb-below-header-display":"","ast-hfb-mobile-header-display":"","site-post-title":"","ast-breadcrumbs-content":"","ast-featured-img":"","footer-sml-layout":"","theme-transparent-header-meta":"default","adv-header-id-meta":"","stick-header-meta":"default","header-above-stick-meta":"","header-main-stick-meta":"","header-below-stick-meta":"","astra-migrate-meta-layouts":"default","ast-page-background-enabled":"default","ast-page-background-meta":{"desktop":{"background-color":"var(--ast-global-color-4)","background-image":"","background-repeat":"repeat","background-position":"center center","background-size":"auto","background-attachment":"scroll","background-type":"","background-media":"","overlay-type":"","overlay-color":"","overlay-opacity":"","overlay-gradient":""},"tablet":{"background-color":"","background-image":"","background-repeat":"repeat","background-position":"center center","background-size":"auto","background-attachment":"scroll","background-type":"","background-media":"","overlay-type":"","overlay-color":"","overlay-opacity":"","overlay-gradient":""},"mobile":{"background-color":"","background-image":"","background-repeat":"repeat","background-position":"center center","background-size":"auto","background-attachment":"scroll","background-type":"","background-media":"","overlay-type":"","overlay-color":"","overlay-opacity":"","overlay-gradient":""}},"ast-content-background-meta":{"desktop":{"background-color":"var(--ast-global-color-5)","background-image":"","background-repeat":"repeat","background-position":"center center","background-size":"auto","background-attachment":"scroll","background-type":"","background-media":"","overlay-type":"","overlay-color":"","overlay-opacity":"","overlay-gradient":""},"tablet":{"background-color":"var(--ast-global-color-5)","background-image":"","background-repeat":"repeat","background-position":"center center","background-size":"auto","background-attachment":"scroll","background-type":"","background-media":"","overlay-type":"","overlay-color":"","overlay-opacity":"","overlay-gradient":""},"mobile":{"background-color":"var(--ast-global-color-5)","background-image":"","background-repeat":"repeat","background-position":"center center","background-size":"auto","background-attachment":"scroll","background-type":"","background-media":"","overlay-type":"","overlay-color":"","overlay-opacity":"","overlay-gradient":""}},"footnotes":""},"categories":[71],"tags":[],"class_list":["post-51953","post","type-post","status-publish","format-standard","has-post-thumbnail","hentry","category-podujatia"],"yoast_head":"<!-- This site is optimized with the Yoast SEO plugin v27.4 - https:\/\/yoast.com\/product\/yoast-seo-wordpress\/ -->\n<title>No\u010dn\u00e1 prehliadka hradu Stre\u010dno - Pova\u017esk\u00e9 m\u00fazeum<\/title>\n<meta name=\"description\" content=\"No\u010dn\u00e9 prehliadky na hrade Stre\u010dno s\u00fa vyh\u013ead\u00e1van\u00fdm podujat\u00edm, ktor\u00e9 po\u010das leta nav\u0161tevuj\u00fa mnoh\u00ed z\u00e1ujemcovia z\u00a0bl\u00edzka i \u010faleka. J\u00falov\u00e1 prehliadka mala ve\u013ek\u00fd \u00faspech a\u00a0Pova\u017esk\u00e9 m\u00fazeum ver\u00ed, \u017ee rovnako \u00faspe\u0161n\u00e1 bude aj t\u00e1 augustov\u00e1, ktor\u00e1 sa bude kona\u0165 v\u00a0stredu 10. 8. N\u00e1v\u0161tevn\u00edci sa m\u00f4\u017eu op\u00e4\u0165 te\u0161i\u0165 na pestr\u00fd program.\" \/>\n<meta name=\"robots\" content=\"index, follow, max-snippet:-1, max-image-preview:large, max-video-preview:-1\" \/>\n<link rel=\"canonical\" href=\"https:\/\/pmza.sk\/?p=51953\" \/>\n<meta property=\"og:locale\" content=\"sk_SK\" \/>\n<meta property=\"og:type\" content=\"article\" \/>\n<meta property=\"og:title\" content=\"No\u010dn\u00e1 prehliadka hradu Stre\u010dno - Pova\u017esk\u00e9 m\u00fazeum\" \/>\n<meta property=\"og:description\" content=\"No\u010dn\u00e9 prehliadky na hrade Stre\u010dno s\u00fa vyh\u013ead\u00e1van\u00fdm podujat\u00edm, ktor\u00e9 po\u010das leta nav\u0161tevuj\u00fa mnoh\u00ed z\u00e1ujemcovia z\u00a0bl\u00edzka i \u010faleka. J\u00falov\u00e1 prehliadka mala ve\u013ek\u00fd \u00faspech a\u00a0Pova\u017esk\u00e9 m\u00fazeum ver\u00ed, \u017ee rovnako \u00faspe\u0161n\u00e1 bude aj t\u00e1 augustov\u00e1, ktor\u00e1 sa bude kona\u0165 v\u00a0stredu 10. 8. N\u00e1v\u0161tevn\u00edci sa m\u00f4\u017eu op\u00e4\u0165 te\u0161i\u0165 na pestr\u00fd program.\" \/>\n<meta property=\"og:url\" content=\"https:\/\/pmza.sk\/?p=51953\" \/>\n<meta property=\"og:site_name\" content=\"Pova\u017esk\u00e9 m\u00fazeum\" \/>\n<meta property=\"article:publisher\" content=\"https:\/\/www.facebook.com\/povazskemuzeum\" \/>\n<meta property=\"article:published_time\" content=\"2022-07-25T08:23:38+00:00\" \/>\n<meta property=\"article:modified_time\" content=\"2022-08-11T07:17:48+00:00\" \/>\n<meta property=\"og:image\" content=\"https:\/\/pmza.sk\/wp-content\/uploads\/2022\/07\/20220720_211613.jpg\" \/>\n\t<meta property=\"og:image:width\" content=\"1280\" \/>\n\t<meta property=\"og:image:height\" content=\"960\" \/>\n\t<meta property=\"og:image:type\" content=\"image\/jpeg\" \/>\n<meta name=\"author\" content=\"Pova\u017esk\u00e9 m\u00fazeum\" \/>\n<meta name=\"twitter:card\" content=\"summary_large_image\" \/>\n<meta name=\"twitter:label1\" content=\"Autor\" \/>\n\t<meta name=\"twitter:data1\" content=\"Pova\u017esk\u00e9 m\u00fazeum\" \/>\n\t<meta name=\"twitter:label2\" content=\"Predpokladan\u00fd \u010das \u010d\u00edtania\" \/>\n\t<meta name=\"twitter:data2\" content=\"2 min\u00faty\" \/>\n<script type=\"application\/ld+json\" class=\"yoast-schema-graph\">{\"@context\":\"https:\\\/\\\/schema.org\",\"@graph\":[{\"@type\":\"Article\",\"@id\":\"https:\\\/\\\/pmza.sk\\\/?p=51953#article\",\"isPartOf\":{\"@id\":\"https:\\\/\\\/pmza.sk\\\/?p=51953\"},\"author\":{\"name\":\"Pova\u017esk\u00e9 m\u00fazeum\",\"@id\":\"https:\\\/\\\/pmza.sk\\\/#\\\/schema\\\/person\\\/595e6a2ce731ea94dcd5d7f50a41ae33\"},\"headline\":\"No\u010dn\u00e1 prehliadka hradu Stre\u010dno\",\"datePublished\":\"2022-07-25T08:23:38+00:00\",\"dateModified\":\"2022-08-11T07:17:48+00:00\",\"mainEntityOfPage\":{\"@id\":\"https:\\\/\\\/pmza.sk\\\/?p=51953\"},\"wordCount\":310,\"commentCount\":0,\"publisher\":{\"@id\":\"https:\\\/\\\/pmza.sk\\\/#organization\"},\"image\":{\"@id\":\"https:\\\/\\\/pmza.sk\\\/?p=51953#primaryimage\"},\"thumbnailUrl\":\"https:\\\/\\\/pmza.sk\\\/wp-content\\\/uploads\\\/2022\\\/07\\\/20220720_211613.jpg\",\"articleSection\":[\"Podujatia\"],\"inLanguage\":\"sk-SK\"},{\"@type\":\"WebPage\",\"@id\":\"https:\\\/\\\/pmza.sk\\\/?p=51953\",\"url\":\"https:\\\/\\\/pmza.sk\\\/?p=51953\",\"name\":\"No\u010dn\u00e1 prehliadka hradu Stre\u010dno - Pova\u017esk\u00e9 m\u00fazeum\",\"isPartOf\":{\"@id\":\"https:\\\/\\\/pmza.sk\\\/#website\"},\"primaryImageOfPage\":{\"@id\":\"https:\\\/\\\/pmza.sk\\\/?p=51953#primaryimage\"},\"image\":{\"@id\":\"https:\\\/\\\/pmza.sk\\\/?p=51953#primaryimage\"},\"thumbnailUrl\":\"https:\\\/\\\/pmza.sk\\\/wp-content\\\/uploads\\\/2022\\\/07\\\/20220720_211613.jpg\",\"datePublished\":\"2022-07-25T08:23:38+00:00\",\"dateModified\":\"2022-08-11T07:17:48+00:00\",\"description\":\"No\u010dn\u00e9 prehliadky na hrade Stre\u010dno s\u00fa vyh\u013ead\u00e1van\u00fdm podujat\u00edm, ktor\u00e9 po\u010das leta nav\u0161tevuj\u00fa mnoh\u00ed z\u00e1ujemcovia z\u00a0bl\u00edzka i \u010faleka. J\u00falov\u00e1 prehliadka mala ve\u013ek\u00fd \u00faspech a\u00a0Pova\u017esk\u00e9 m\u00fazeum ver\u00ed, \u017ee rovnako \u00faspe\u0161n\u00e1 bude aj t\u00e1 augustov\u00e1, ktor\u00e1 sa bude kona\u0165 v\u00a0stredu 10. 8. N\u00e1v\u0161tevn\u00edci sa m\u00f4\u017eu op\u00e4\u0165 te\u0161i\u0165 na pestr\u00fd program.\",\"breadcrumb\":{\"@id\":\"https:\\\/\\\/pmza.sk\\\/?p=51953#breadcrumb\"},\"inLanguage\":\"sk-SK\",\"potentialAction\":[{\"@type\":\"ReadAction\",\"target\":[\"https:\\\/\\\/pmza.sk\\\/?p=51953\"]}]},{\"@type\":\"ImageObject\",\"inLanguage\":\"sk-SK\",\"@id\":\"https:\\\/\\\/pmza.sk\\\/?p=51953#primaryimage\",\"url\":\"https:\\\/\\\/pmza.sk\\\/wp-content\\\/uploads\\\/2022\\\/07\\\/20220720_211613.jpg\",\"contentUrl\":\"https:\\\/\\\/pmza.sk\\\/wp-content\\\/uploads\\\/2022\\\/07\\\/20220720_211613.jpg\",\"width\":1280,\"height\":960},{\"@type\":\"BreadcrumbList\",\"@id\":\"https:\\\/\\\/pmza.sk\\\/?p=51953#breadcrumb\",\"itemListElement\":[{\"@type\":\"ListItem\",\"position\":1,\"name\":\"Domovsk\u00e1 str\u00e1nka\",\"item\":\"https:\\\/\\\/pmza.sk\\\/\"},{\"@type\":\"ListItem\",\"position\":2,\"name\":\"No\u010dn\u00e1 prehliadka hradu Stre\u010dno\"}]},{\"@type\":\"WebSite\",\"@id\":\"https:\\\/\\\/pmza.sk\\\/#website\",\"url\":\"https:\\\/\\\/pmza.sk\\\/\",\"name\":\"Pova\u017esk\u00e9 m\u00fazeum\",\"description\":\"Pova\u017esk\u00e9 m\u00fazeum v \u017diline je region\u00e1lne m\u00fazeum so s\u00eddlom v Budat\u00edne. Jeho expoz\u00edcie s\u00fa zameran\u00e9 na dejiny slovensk\u00e9ho umenia, kult\u00fary a dopravy.\",\"publisher\":{\"@id\":\"https:\\\/\\\/pmza.sk\\\/#organization\"},\"potentialAction\":[{\"@type\":\"SearchAction\",\"target\":{\"@type\":\"EntryPoint\",\"urlTemplate\":\"https:\\\/\\\/pmza.sk\\\/?s={search_term_string}\"},\"query-input\":{\"@type\":\"PropertyValueSpecification\",\"valueRequired\":true,\"valueName\":\"search_term_string\"}}],\"inLanguage\":\"sk-SK\"},{\"@type\":\"Organization\",\"@id\":\"https:\\\/\\\/pmza.sk\\\/#organization\",\"name\":\"Pova\u017esk\u00e9 m\u00fazeum\",\"url\":\"https:\\\/\\\/pmza.sk\\\/\",\"logo\":{\"@type\":\"ImageObject\",\"inLanguage\":\"sk-SK\",\"@id\":\"https:\\\/\\\/pmza.sk\\\/#\\\/schema\\\/logo\\\/image\\\/\",\"url\":\"https:\\\/\\\/pmza.sk\\\/wp-content\\\/uploads\\\/2022\\\/01\\\/logo_PM_horizontal.jpg\",\"contentUrl\":\"https:\\\/\\\/pmza.sk\\\/wp-content\\\/uploads\\\/2022\\\/01\\\/logo_PM_horizontal.jpg\",\"width\":231,\"height\":142,\"caption\":\"Pova\u017esk\u00e9 m\u00fazeum\"},\"image\":{\"@id\":\"https:\\\/\\\/pmza.sk\\\/#\\\/schema\\\/logo\\\/image\\\/\"},\"sameAs\":[\"https:\\\/\\\/www.facebook.com\\\/povazskemuzeum\",\"https:\\\/\\\/www.instagram.com\\\/povazskemuzeum\\\/\"]},{\"@type\":\"Person\",\"@id\":\"https:\\\/\\\/pmza.sk\\\/#\\\/schema\\\/person\\\/595e6a2ce731ea94dcd5d7f50a41ae33\",\"name\":\"Pova\u017esk\u00e9 m\u00fazeum\",\"image\":{\"@type\":\"ImageObject\",\"inLanguage\":\"sk-SK\",\"@id\":\"https:\\\/\\\/secure.gravatar.com\\\/avatar\\\/2bb7f1561282132fb5826dfeccc66c7996d11ee392ac6aaf7ced8a1c2027fbb2?s=96&d=mm&r=g\",\"url\":\"https:\\\/\\\/secure.gravatar.com\\\/avatar\\\/2bb7f1561282132fb5826dfeccc66c7996d11ee392ac6aaf7ced8a1c2027fbb2?s=96&d=mm&r=g\",\"contentUrl\":\"https:\\\/\\\/secure.gravatar.com\\\/avatar\\\/2bb7f1561282132fb5826dfeccc66c7996d11ee392ac6aaf7ced8a1c2027fbb2?s=96&d=mm&r=g\",\"caption\":\"Pova\u017esk\u00e9 m\u00fazeum\"}}]}<\/script>\n<!-- \/ Yoast SEO plugin. -->","yoast_head_json":{"title":"No\u010dn\u00e1 prehliadka hradu Stre\u010dno - Pova\u017esk\u00e9 m\u00fazeum","description":"No\u010dn\u00e9 prehliadky na hrade Stre\u010dno s\u00fa vyh\u013ead\u00e1van\u00fdm podujat\u00edm, ktor\u00e9 po\u010das leta nav\u0161tevuj\u00fa mnoh\u00ed z\u00e1ujemcovia z\u00a0bl\u00edzka i \u010faleka. J\u00falov\u00e1 prehliadka mala ve\u013ek\u00fd \u00faspech a\u00a0Pova\u017esk\u00e9 m\u00fazeum ver\u00ed, \u017ee rovnako \u00faspe\u0161n\u00e1 bude aj t\u00e1 augustov\u00e1, ktor\u00e1 sa bude kona\u0165 v\u00a0stredu 10. 8. N\u00e1v\u0161tevn\u00edci sa m\u00f4\u017eu op\u00e4\u0165 te\u0161i\u0165 na pestr\u00fd program.","robots":{"index":"index","follow":"follow","max-snippet":"max-snippet:-1","max-image-preview":"max-image-preview:large","max-video-preview":"max-video-preview:-1"},"canonical":"https:\/\/pmza.sk\/?p=51953","og_locale":"sk_SK","og_type":"article","og_title":"No\u010dn\u00e1 prehliadka hradu Stre\u010dno - Pova\u017esk\u00e9 m\u00fazeum","og_description":"No\u010dn\u00e9 prehliadky na hrade Stre\u010dno s\u00fa vyh\u013ead\u00e1van\u00fdm podujat\u00edm, ktor\u00e9 po\u010das leta nav\u0161tevuj\u00fa mnoh\u00ed z\u00e1ujemcovia z\u00a0bl\u00edzka i \u010faleka. J\u00falov\u00e1 prehliadka mala ve\u013ek\u00fd \u00faspech a\u00a0Pova\u017esk\u00e9 m\u00fazeum ver\u00ed, \u017ee rovnako \u00faspe\u0161n\u00e1 bude aj t\u00e1 augustov\u00e1, ktor\u00e1 sa bude kona\u0165 v\u00a0stredu 10. 8. N\u00e1v\u0161tevn\u00edci sa m\u00f4\u017eu op\u00e4\u0165 te\u0161i\u0165 na pestr\u00fd program.","og_url":"https:\/\/pmza.sk\/?p=51953","og_site_name":"Pova\u017esk\u00e9 m\u00fazeum","article_publisher":"https:\/\/www.facebook.com\/povazskemuzeum","article_published_time":"2022-07-25T08:23:38+00:00","article_modified_time":"2022-08-11T07:17:48+00:00","og_image":[{"width":1280,"height":960,"url":"https:\/\/pmza.sk\/wp-content\/uploads\/2022\/07\/20220720_211613.jpg","type":"image\/jpeg"}],"author":"Pova\u017esk\u00e9 m\u00fazeum","twitter_card":"summary_large_image","twitter_misc":{"Autor":"Pova\u017esk\u00e9 m\u00fazeum","Predpokladan\u00fd \u010das \u010d\u00edtania":"2 min\u00faty"},"schema":{"@context":"https:\/\/schema.org","@graph":[{"@type":"Article","@id":"https:\/\/pmza.sk\/?p=51953#article","isPartOf":{"@id":"https:\/\/pmza.sk\/?p=51953"},"author":{"name":"Pova\u017esk\u00e9 m\u00fazeum","@id":"https:\/\/pmza.sk\/#\/schema\/person\/595e6a2ce731ea94dcd5d7f50a41ae33"},"headline":"No\u010dn\u00e1 prehliadka hradu Stre\u010dno","datePublished":"2022-07-25T08:23:38+00:00","dateModified":"2022-08-11T07:17:48+00:00","mainEntityOfPage":{"@id":"https:\/\/pmza.sk\/?p=51953"},"wordCount":310,"commentCount":0,"publisher":{"@id":"https:\/\/pmza.sk\/#organization"},"image":{"@id":"https:\/\/pmza.sk\/?p=51953#primaryimage"},"thumbnailUrl":"https:\/\/pmza.sk\/wp-content\/uploads\/2022\/07\/20220720_211613.jpg","articleSection":["Podujatia"],"inLanguage":"sk-SK"},{"@type":"WebPage","@id":"https:\/\/pmza.sk\/?p=51953","url":"https:\/\/pmza.sk\/?p=51953","name":"No\u010dn\u00e1 prehliadka hradu Stre\u010dno - Pova\u017esk\u00e9 m\u00fazeum","isPartOf":{"@id":"https:\/\/pmza.sk\/#website"},"primaryImageOfPage":{"@id":"https:\/\/pmza.sk\/?p=51953#primaryimage"},"image":{"@id":"https:\/\/pmza.sk\/?p=51953#primaryimage"},"thumbnailUrl":"https:\/\/pmza.sk\/wp-content\/uploads\/2022\/07\/20220720_211613.jpg","datePublished":"2022-07-25T08:23:38+00:00","dateModified":"2022-08-11T07:17:48+00:00","description":"No\u010dn\u00e9 prehliadky na hrade Stre\u010dno s\u00fa vyh\u013ead\u00e1van\u00fdm podujat\u00edm, ktor\u00e9 po\u010das leta nav\u0161tevuj\u00fa mnoh\u00ed z\u00e1ujemcovia z\u00a0bl\u00edzka i \u010faleka. J\u00falov\u00e1 prehliadka mala ve\u013ek\u00fd \u00faspech a\u00a0Pova\u017esk\u00e9 m\u00fazeum ver\u00ed, \u017ee rovnako \u00faspe\u0161n\u00e1 bude aj t\u00e1 augustov\u00e1, ktor\u00e1 sa bude kona\u0165 v\u00a0stredu 10. 8. N\u00e1v\u0161tevn\u00edci sa m\u00f4\u017eu op\u00e4\u0165 te\u0161i\u0165 na pestr\u00fd program.","breadcrumb":{"@id":"https:\/\/pmza.sk\/?p=51953#breadcrumb"},"inLanguage":"sk-SK","potentialAction":[{"@type":"ReadAction","target":["https:\/\/pmza.sk\/?p=51953"]}]},{"@type":"ImageObject","inLanguage":"sk-SK","@id":"https:\/\/pmza.sk\/?p=51953#primaryimage","url":"https:\/\/pmza.sk\/wp-content\/uploads\/2022\/07\/20220720_211613.jpg","contentUrl":"https:\/\/pmza.sk\/wp-content\/uploads\/2022\/07\/20220720_211613.jpg","width":1280,"height":960},{"@type":"BreadcrumbList","@id":"https:\/\/pmza.sk\/?p=51953#breadcrumb","itemListElement":[{"@type":"ListItem","position":1,"name":"Domovsk\u00e1 str\u00e1nka","item":"https:\/\/pmza.sk\/"},{"@type":"ListItem","position":2,"name":"No\u010dn\u00e1 prehliadka hradu Stre\u010dno"}]},{"@type":"WebSite","@id":"https:\/\/pmza.sk\/#website","url":"https:\/\/pmza.sk\/","name":"Pova\u017esk\u00e9 m\u00fazeum","description":"Pova\u017esk\u00e9 m\u00fazeum v \u017diline je region\u00e1lne m\u00fazeum so s\u00eddlom v Budat\u00edne. Jeho expoz\u00edcie s\u00fa zameran\u00e9 na dejiny slovensk\u00e9ho umenia, kult\u00fary a dopravy.","publisher":{"@id":"https:\/\/pmza.sk\/#organization"},"potentialAction":[{"@type":"SearchAction","target":{"@type":"EntryPoint","urlTemplate":"https:\/\/pmza.sk\/?s={search_term_string}"},"query-input":{"@type":"PropertyValueSpecification","valueRequired":true,"valueName":"search_term_string"}}],"inLanguage":"sk-SK"},{"@type":"Organization","@id":"https:\/\/pmza.sk\/#organization","name":"Pova\u017esk\u00e9 m\u00fazeum","url":"https:\/\/pmza.sk\/","logo":{"@type":"ImageObject","inLanguage":"sk-SK","@id":"https:\/\/pmza.sk\/#\/schema\/logo\/image\/","url":"https:\/\/pmza.sk\/wp-content\/uploads\/2022\/01\/logo_PM_horizontal.jpg","contentUrl":"https:\/\/pmza.sk\/wp-content\/uploads\/2022\/01\/logo_PM_horizontal.jpg","width":231,"height":142,"caption":"Pova\u017esk\u00e9 m\u00fazeum"},"image":{"@id":"https:\/\/pmza.sk\/#\/schema\/logo\/image\/"},"sameAs":["https:\/\/www.facebook.com\/povazskemuzeum","https:\/\/www.instagram.com\/povazskemuzeum\/"]},{"@type":"Person","@id":"https:\/\/pmza.sk\/#\/schema\/person\/595e6a2ce731ea94dcd5d7f50a41ae33","name":"Pova\u017esk\u00e9 m\u00fazeum","image":{"@type":"ImageObject","inLanguage":"sk-SK","@id":"https:\/\/secure.gravatar.com\/avatar\/2bb7f1561282132fb5826dfeccc66c7996d11ee392ac6aaf7ced8a1c2027fbb2?s=96&d=mm&r=g","url":"https:\/\/secure.gravatar.com\/avatar\/2bb7f1561282132fb5826dfeccc66c7996d11ee392ac6aaf7ced8a1c2027fbb2?s=96&d=mm&r=g","contentUrl":"https:\/\/secure.gravatar.com\/avatar\/2bb7f1561282132fb5826dfeccc66c7996d11ee392ac6aaf7ced8a1c2027fbb2?s=96&d=mm&r=g","caption":"Pova\u017esk\u00e9 m\u00fazeum"}}]}},"_links":{"self":[{"href":"https:\/\/pmza.sk\/index.php?rest_route=\/wp\/v2\/posts\/51953","targetHints":{"allow":["GET"]}}],"collection":[{"href":"https:\/\/pmza.sk\/index.php?rest_route=\/wp\/v2\/posts"}],"about":[{"href":"https:\/\/pmza.sk\/index.php?rest_route=\/wp\/v2\/types\/post"}],"author":[{"embeddable":true,"href":"https:\/\/pmza.sk\/index.php?rest_route=\/wp\/v2\/users\/2"}],"replies":[{"embeddable":true,"href":"https:\/\/pmza.sk\/index.php?rest_route=%2Fwp%2Fv2%2Fcomments&post=51953"}],"version-history":[{"count":0,"href":"https:\/\/pmza.sk\/index.php?rest_route=\/wp\/v2\/posts\/51953\/revisions"}],"wp:featuredmedia":[{"embeddable":true,"href":"https:\/\/pmza.sk\/index.php?rest_route=\/wp\/v2\/media\/51836"}],"wp:attachment":[{"href":"https:\/\/pmza.sk\/index.php?rest_route=%2Fwp%2Fv2%2Fmedia&parent=51953"}],"wp:term":[{"taxonomy":"category","embeddable":true,"href":"https:\/\/pmza.sk\/index.php?rest_route=%2Fwp%2Fv2%2Fcategories&post=51953"},{"taxonomy":"post_tag","embeddable":true,"href":"https:\/\/pmza.sk\/index.php?rest_route=%2Fwp%2Fv2%2Ftags&post=51953"}],"curies":[{"name":"wp","href":"https:\/\/api.w.org\/{rel}","templated":true}]}}