{"id":51989,"date":"2022-07-26T07:28:43","date_gmt":"2022-07-26T05:28:43","guid":{"rendered":"https:\/\/pmza.sk\/?p=51989"},"modified":"2022-08-08T08:39:30","modified_gmt":"2022-08-08T06:39:30","slug":"hradne-hry-zofie-bosniakovej-5","status":"publish","type":"post","link":"https:\/\/pmza.sk\/?p=51989","title":{"rendered":"Hradn\u00e9 hry \u017dofie Bosniakovej"},"content":{"rendered":"<p>Letn\u00e1 sez\u00f3na je v\u00a0plnom pr\u00fade a\u00a0hrad Stre\u010dno l\u00e1ka n\u00e1v\u0161tevn\u00edkov na r\u00f4zne atrakt\u00edvne podujatia. Najv\u00e4\u010d\u0161\u00edm s\u00fa Hradn\u00e9 hry \u017dofie Bosniakovej, ktor\u00e9 sa bud\u00fa kona\u0165 po dvoch rokoch. Z\u00e1ujemcov \u010dak\u00e1 v\u00a0nede\u013eu 7. augusta naozaj bohat\u00fd program.<\/p>\n<p>Tento rok ho spestria uk\u00e1\u017eky r\u00f4znych zauj\u00edmav\u00fdch remesiel. Bra\u0161n\u00e1r, svie\u010dkar \u010di kraj\u010d\u00edr z\u00a0Cechu Terra de Selinan uk\u00e1\u017eu, \u010di s\u00fa majstri hodn\u00ed svojho remesla. \u017divo bude aj na n\u00e1dvor\u00ed<em>. \u201eN\u00e1v\u0161tevn\u00edci sa m\u00f4\u017eu te\u0161i\u0165 na uk\u00e1\u017eky dobov\u00e9ho tanca a vyst\u00fapenie skupiny historick\u00e9ho \u0161ermu Bojn\u00edk. Ch\u00fdba\u0165 nebud\u00fa ani sokoliari sv. Bavona a\u00a0v\u0161etky deti zabav\u00ed vynikaj\u00faci m\u00edm Miro Kasprzyk. V\u00a0are\u00e1li hradu bude pre n\u00e1v\u0161tevn\u00edkov pripraven\u00e1\u00a0dobov\u00e1 kuchy\u0148a s\u00a0ochutn\u00e1vkou. V\u00a0delovom opevnen\u00ed hradu svoje remeslo predved\u00fa hradn\u00ed delostrelci z\u00a0OZ Turiec,\u201c<\/em> poz\u00fdva spr\u00e1vky\u0148a hradu Stre\u010dno Katar\u00edna Rep\u00e1\u0148ov\u00e1.<\/p>\n<p>Hrad bude pre n\u00e1v\u0161tevn\u00edkov pr\u00edstupn\u00fd od 9.00 do 17.00. Program na n\u00e1dvor\u00ed sa bude opakova\u0165 v pravideln\u00fdch \u010dasov\u00fdch intervaloch.<\/p>\n<p><img fetchpriority=\"high\" decoding=\"async\" class=\"alignnone size-medium wp-image-52070\" src=\"https:\/\/pmza.sk\/wp-content\/uploads\/2022\/07\/Hradne-hry-ZB-255x360.jpg\" alt=\"\" width=\"255\" height=\"360\" srcset=\"https:\/\/pmza.sk\/wp-content\/uploads\/2022\/07\/Hradne-hry-ZB-255x360.jpg 255w, https:\/\/pmza.sk\/wp-content\/uploads\/2022\/07\/Hradne-hry-ZB-520x736.jpg 520w, https:\/\/pmza.sk\/wp-content\/uploads\/2022\/07\/Hradne-hry-ZB-768x1086.jpg 768w, https:\/\/pmza.sk\/wp-content\/uploads\/2022\/07\/Hradne-hry-ZB-1086x1536.jpg 1086w, https:\/\/pmza.sk\/wp-content\/uploads\/2022\/07\/Hradne-hry-ZB-1448x2048.jpg 1448w, https:\/\/pmza.sk\/wp-content\/uploads\/2022\/07\/Hradne-hry-ZB-600x849.jpg 600w, https:\/\/pmza.sk\/wp-content\/uploads\/2022\/07\/Hradne-hry-ZB-scaled.jpg 1810w\" sizes=\"(max-width: 255px) 100vw, 255px\" \/><\/p>\n","protected":false},"excerpt":{"rendered":"<p>Letn\u00e1 sez\u00f3na je v\u00a0plnom pr\u00fade a\u00a0hrad Stre\u010dno l\u00e1ka n\u00e1v\u0161tevn\u00edkov na r\u00f4zne atrakt\u00edvne podujatia. Najv\u00e4\u010d\u0161\u00edm s\u00fa Hradn\u00e9 hry \u017dofie Bosniakovej, ktor\u00e9 sa bud\u00fa kona\u0165 po dvoch rokoch. Z\u00e1ujemcov \u010dak\u00e1 v\u00a0nede\u013eu 7. augusta naozaj bohat\u00fd program. Tento rok ho spestria uk\u00e1\u017eky r\u00f4znych zauj\u00edmav\u00fdch remesiel. Bra\u0161n\u00e1r, svie\u010dkar \u010di kraj\u010d\u00edr z\u00a0Cechu Terra de Selinan uk\u00e1\u017eu, \u010di s\u00fa majstri hodn\u00ed [&hellip;]<\/p>\n","protected":false},"author":2,"featured_media":35606,"comment_status":"open","ping_status":"open","sticky":false,"template":"","format":"standard","meta":{"site-sidebar-layout":"default","site-content-layout":"default","ast-site-content-layout":"","site-content-style":"default","site-sidebar-style":"default","ast-global-header-display":"","ast-banner-title-visibility":"","ast-main-header-display":"","ast-hfb-above-header-display":"","ast-hfb-below-header-display":"","ast-hfb-mobile-header-display":"","site-post-title":"","ast-breadcrumbs-content":"","ast-featured-img":"","footer-sml-layout":"","theme-transparent-header-meta":"default","adv-header-id-meta":"","stick-header-meta":"default","header-above-stick-meta":"","header-main-stick-meta":"","header-below-stick-meta":"","astra-migrate-meta-layouts":"default","ast-page-background-enabled":"default","ast-page-background-meta":{"desktop":{"background-color":"var(--ast-global-color-4)","background-image":"","background-repeat":"repeat","background-position":"center center","background-size":"auto","background-attachment":"scroll","background-type":"","background-media":"","overlay-type":"","overlay-color":"","overlay-opacity":"","overlay-gradient":""},"tablet":{"background-color":"","background-image":"","background-repeat":"repeat","background-position":"center center","background-size":"auto","background-attachment":"scroll","background-type":"","background-media":"","overlay-type":"","overlay-color":"","overlay-opacity":"","overlay-gradient":""},"mobile":{"background-color":"","background-image":"","background-repeat":"repeat","background-position":"center center","background-size":"auto","background-attachment":"scroll","background-type":"","background-media":"","overlay-type":"","overlay-color":"","overlay-opacity":"","overlay-gradient":""}},"ast-content-background-meta":{"desktop":{"background-color":"var(--ast-global-color-5)","background-image":"","background-repeat":"repeat","background-position":"center center","background-size":"auto","background-attachment":"scroll","background-type":"","background-media":"","overlay-type":"","overlay-color":"","overlay-opacity":"","overlay-gradient":""},"tablet":{"background-color":"var(--ast-global-color-5)","background-image":"","background-repeat":"repeat","background-position":"center center","background-size":"auto","background-attachment":"scroll","background-type":"","background-media":"","overlay-type":"","overlay-color":"","overlay-opacity":"","overlay-gradient":""},"mobile":{"background-color":"var(--ast-global-color-5)","background-image":"","background-repeat":"repeat","background-position":"center center","background-size":"auto","background-attachment":"scroll","background-type":"","background-media":"","overlay-type":"","overlay-color":"","overlay-opacity":"","overlay-gradient":""}},"footnotes":""},"categories":[71],"tags":[],"class_list":["post-51989","post","type-post","status-publish","format-standard","has-post-thumbnail","hentry","category-podujatia"],"yoast_head":"<!-- This site is optimized with the Yoast SEO plugin v27.4 - https:\/\/yoast.com\/product\/yoast-seo-wordpress\/ -->\n<title>Hradn\u00e9 hry \u017dofie Bosniakovej - Pova\u017esk\u00e9 m\u00fazeum<\/title>\n<meta name=\"description\" content=\"Letn\u00e1 sez\u00f3na je v plnom pr\u00fade a hrad Stre\u010dno l\u00e1ka n\u00e1v\u0161tevn\u00edkov na r\u00f4zne atrakt\u00edvne podujatia. Najv\u00e4\u010d\u0161\u00edm s\u00fa Hradn\u00e9 hry \u017dofie Bosniakovej, ktor\u00e9 sa bud\u00fa kona\u0165 po dvoch rokoch. Z\u00e1ujemcov \u010dak\u00e1 v nede\u013eu 7. augusta naozaj bohat\u00fd program. Tento rok ho spestria uk\u00e1\u017eky r\u00f4znych zauj\u00edmav\u00fdch remesiel. Bra\u0161n\u00e1r, svie\u010dkar, kraj\u010d\u00edr a obuvn\u00edk z Cechu Terra de Selinan uk\u00e1\u017eu, \u010di s\u00fa majstri hodn\u00ed svojho remesla. \u017divo bude aj na n\u00e1dvor\u00ed. N\u00e1v\u0161tevn\u00edci sa m\u00f4\u017eu te\u0161i\u0165 na uk\u00e1\u017eky dobov\u00e9ho tanca a vyst\u00fapenie skupiny historick\u00e9ho \u0161ermu Bojn\u00edk. Ch\u00fdba\u0165 nebud\u00fa ani sokoliari sv. Bavona a v\u0161etky deti zabav\u00ed vynikaj\u00faci m\u00edm Miro Kasprzyk. V are\u00e1li hradu bud\u00fa pre n\u00e1v\u0161tevn\u00edkov pripraven\u00e9 r\u00f4zne hry a dobov\u00e1 kuchy\u0148a s ochutn\u00e1vkou. V delovom opevnen\u00ed hradu svoje remeslo predved\u00fa hradn\u00ed delostrelci z OZ Turiec.\" \/>\n<meta name=\"robots\" content=\"index, follow, max-snippet:-1, max-image-preview:large, max-video-preview:-1\" \/>\n<link rel=\"canonical\" href=\"https:\/\/pmza.sk\/?p=51989\" \/>\n<meta property=\"og:locale\" content=\"sk_SK\" \/>\n<meta property=\"og:type\" content=\"article\" \/>\n<meta property=\"og:title\" content=\"Hradn\u00e9 hry \u017dofie Bosniakovej - Pova\u017esk\u00e9 m\u00fazeum\" \/>\n<meta property=\"og:description\" content=\"Letn\u00e1 sez\u00f3na je v plnom pr\u00fade a hrad Stre\u010dno l\u00e1ka n\u00e1v\u0161tevn\u00edkov na r\u00f4zne atrakt\u00edvne podujatia. Najv\u00e4\u010d\u0161\u00edm s\u00fa Hradn\u00e9 hry \u017dofie Bosniakovej, ktor\u00e9 sa bud\u00fa kona\u0165 po dvoch rokoch. Z\u00e1ujemcov \u010dak\u00e1 v nede\u013eu 7. augusta naozaj bohat\u00fd program. Tento rok ho spestria uk\u00e1\u017eky r\u00f4znych zauj\u00edmav\u00fdch remesiel. Bra\u0161n\u00e1r, svie\u010dkar, kraj\u010d\u00edr a obuvn\u00edk z Cechu Terra de Selinan uk\u00e1\u017eu, \u010di s\u00fa majstri hodn\u00ed svojho remesla. \u017divo bude aj na n\u00e1dvor\u00ed. N\u00e1v\u0161tevn\u00edci sa m\u00f4\u017eu te\u0161i\u0165 na uk\u00e1\u017eky dobov\u00e9ho tanca a vyst\u00fapenie skupiny historick\u00e9ho \u0161ermu Bojn\u00edk. Ch\u00fdba\u0165 nebud\u00fa ani sokoliari sv. Bavona a v\u0161etky deti zabav\u00ed vynikaj\u00faci m\u00edm Miro Kasprzyk. V are\u00e1li hradu bud\u00fa pre n\u00e1v\u0161tevn\u00edkov pripraven\u00e9 r\u00f4zne hry a dobov\u00e1 kuchy\u0148a s ochutn\u00e1vkou. V delovom opevnen\u00ed hradu svoje remeslo predved\u00fa hradn\u00ed delostrelci z OZ Turiec.\" \/>\n<meta property=\"og:url\" content=\"https:\/\/pmza.sk\/?p=51989\" \/>\n<meta property=\"og:site_name\" content=\"Pova\u017esk\u00e9 m\u00fazeum\" \/>\n<meta property=\"article:publisher\" content=\"https:\/\/www.facebook.com\/povazskemuzeum\" \/>\n<meta property=\"article:published_time\" content=\"2022-07-26T05:28:43+00:00\" \/>\n<meta property=\"article:modified_time\" content=\"2022-08-08T06:39:30+00:00\" \/>\n<meta property=\"og:image\" content=\"https:\/\/pmza.sk\/wp-content\/uploads\/2019\/08\/IMG_6732-Medium.jpg\" \/>\n\t<meta property=\"og:image:width\" content=\"1152\" \/>\n\t<meta property=\"og:image:height\" content=\"768\" \/>\n\t<meta property=\"og:image:type\" content=\"image\/jpeg\" \/>\n<meta name=\"author\" content=\"Pova\u017esk\u00e9 m\u00fazeum\" \/>\n<meta name=\"twitter:card\" content=\"summary_large_image\" \/>\n<meta name=\"twitter:label1\" content=\"Autor\" \/>\n\t<meta name=\"twitter:data1\" content=\"Pova\u017esk\u00e9 m\u00fazeum\" \/>\n\t<meta name=\"twitter:label2\" content=\"Predpokladan\u00fd \u010das \u010d\u00edtania\" \/>\n\t<meta name=\"twitter:data2\" content=\"1 min\u00fata\" \/>\n<script type=\"application\/ld+json\" class=\"yoast-schema-graph\">{\"@context\":\"https:\\\/\\\/schema.org\",\"@graph\":[{\"@type\":\"Article\",\"@id\":\"https:\\\/\\\/pmza.sk\\\/?p=51989#article\",\"isPartOf\":{\"@id\":\"https:\\\/\\\/pmza.sk\\\/?p=51989\"},\"author\":{\"name\":\"Pova\u017esk\u00e9 m\u00fazeum\",\"@id\":\"https:\\\/\\\/pmza.sk\\\/#\\\/schema\\\/person\\\/595e6a2ce731ea94dcd5d7f50a41ae33\"},\"headline\":\"Hradn\u00e9 hry \u017dofie Bosniakovej\",\"datePublished\":\"2022-07-26T05:28:43+00:00\",\"dateModified\":\"2022-08-08T06:39:30+00:00\",\"mainEntityOfPage\":{\"@id\":\"https:\\\/\\\/pmza.sk\\\/?p=51989\"},\"wordCount\":198,\"commentCount\":2,\"publisher\":{\"@id\":\"https:\\\/\\\/pmza.sk\\\/#organization\"},\"image\":{\"@id\":\"https:\\\/\\\/pmza.sk\\\/?p=51989#primaryimage\"},\"thumbnailUrl\":\"https:\\\/\\\/pmza.sk\\\/wp-content\\\/uploads\\\/2019\\\/08\\\/IMG_6732-Medium.jpg\",\"articleSection\":[\"Podujatia\"],\"inLanguage\":\"sk-SK\"},{\"@type\":\"WebPage\",\"@id\":\"https:\\\/\\\/pmza.sk\\\/?p=51989\",\"url\":\"https:\\\/\\\/pmza.sk\\\/?p=51989\",\"name\":\"Hradn\u00e9 hry \u017dofie Bosniakovej - Pova\u017esk\u00e9 m\u00fazeum\",\"isPartOf\":{\"@id\":\"https:\\\/\\\/pmza.sk\\\/#website\"},\"primaryImageOfPage\":{\"@id\":\"https:\\\/\\\/pmza.sk\\\/?p=51989#primaryimage\"},\"image\":{\"@id\":\"https:\\\/\\\/pmza.sk\\\/?p=51989#primaryimage\"},\"thumbnailUrl\":\"https:\\\/\\\/pmza.sk\\\/wp-content\\\/uploads\\\/2019\\\/08\\\/IMG_6732-Medium.jpg\",\"datePublished\":\"2022-07-26T05:28:43+00:00\",\"dateModified\":\"2022-08-08T06:39:30+00:00\",\"description\":\"Letn\u00e1 sez\u00f3na je v plnom pr\u00fade a hrad Stre\u010dno l\u00e1ka n\u00e1v\u0161tevn\u00edkov na r\u00f4zne atrakt\u00edvne podujatia. Najv\u00e4\u010d\u0161\u00edm s\u00fa Hradn\u00e9 hry \u017dofie Bosniakovej, ktor\u00e9 sa bud\u00fa kona\u0165 po dvoch rokoch. Z\u00e1ujemcov \u010dak\u00e1 v nede\u013eu 7. augusta naozaj bohat\u00fd program. Tento rok ho spestria uk\u00e1\u017eky r\u00f4znych zauj\u00edmav\u00fdch remesiel. Bra\u0161n\u00e1r, svie\u010dkar, kraj\u010d\u00edr a obuvn\u00edk z Cechu Terra de Selinan uk\u00e1\u017eu, \u010di s\u00fa majstri hodn\u00ed svojho remesla. \u017divo bude aj na n\u00e1dvor\u00ed. N\u00e1v\u0161tevn\u00edci sa m\u00f4\u017eu te\u0161i\u0165 na uk\u00e1\u017eky dobov\u00e9ho tanca a vyst\u00fapenie skupiny historick\u00e9ho \u0161ermu Bojn\u00edk. Ch\u00fdba\u0165 nebud\u00fa ani sokoliari sv. Bavona a v\u0161etky deti zabav\u00ed vynikaj\u00faci m\u00edm Miro Kasprzyk. V are\u00e1li hradu bud\u00fa pre n\u00e1v\u0161tevn\u00edkov pripraven\u00e9 r\u00f4zne hry a dobov\u00e1 kuchy\u0148a s ochutn\u00e1vkou. V delovom opevnen\u00ed hradu svoje remeslo predved\u00fa hradn\u00ed delostrelci z OZ Turiec.\",\"breadcrumb\":{\"@id\":\"https:\\\/\\\/pmza.sk\\\/?p=51989#breadcrumb\"},\"inLanguage\":\"sk-SK\",\"potentialAction\":[{\"@type\":\"ReadAction\",\"target\":[\"https:\\\/\\\/pmza.sk\\\/?p=51989\"]}]},{\"@type\":\"ImageObject\",\"inLanguage\":\"sk-SK\",\"@id\":\"https:\\\/\\\/pmza.sk\\\/?p=51989#primaryimage\",\"url\":\"https:\\\/\\\/pmza.sk\\\/wp-content\\\/uploads\\\/2019\\\/08\\\/IMG_6732-Medium.jpg\",\"contentUrl\":\"https:\\\/\\\/pmza.sk\\\/wp-content\\\/uploads\\\/2019\\\/08\\\/IMG_6732-Medium.jpg\",\"width\":1152,\"height\":768},{\"@type\":\"BreadcrumbList\",\"@id\":\"https:\\\/\\\/pmza.sk\\\/?p=51989#breadcrumb\",\"itemListElement\":[{\"@type\":\"ListItem\",\"position\":1,\"name\":\"Domovsk\u00e1 str\u00e1nka\",\"item\":\"https:\\\/\\\/pmza.sk\\\/\"},{\"@type\":\"ListItem\",\"position\":2,\"name\":\"Hradn\u00e9 hry \u017dofie Bosniakovej\"}]},{\"@type\":\"WebSite\",\"@id\":\"https:\\\/\\\/pmza.sk\\\/#website\",\"url\":\"https:\\\/\\\/pmza.sk\\\/\",\"name\":\"Pova\u017esk\u00e9 m\u00fazeum\",\"description\":\"Pova\u017esk\u00e9 m\u00fazeum v \u017diline je region\u00e1lne m\u00fazeum so s\u00eddlom v Budat\u00edne. Jeho expoz\u00edcie s\u00fa zameran\u00e9 na dejiny slovensk\u00e9ho umenia, kult\u00fary a dopravy.\",\"publisher\":{\"@id\":\"https:\\\/\\\/pmza.sk\\\/#organization\"},\"potentialAction\":[{\"@type\":\"SearchAction\",\"target\":{\"@type\":\"EntryPoint\",\"urlTemplate\":\"https:\\\/\\\/pmza.sk\\\/?s={search_term_string}\"},\"query-input\":{\"@type\":\"PropertyValueSpecification\",\"valueRequired\":true,\"valueName\":\"search_term_string\"}}],\"inLanguage\":\"sk-SK\"},{\"@type\":\"Organization\",\"@id\":\"https:\\\/\\\/pmza.sk\\\/#organization\",\"name\":\"Pova\u017esk\u00e9 m\u00fazeum\",\"url\":\"https:\\\/\\\/pmza.sk\\\/\",\"logo\":{\"@type\":\"ImageObject\",\"inLanguage\":\"sk-SK\",\"@id\":\"https:\\\/\\\/pmza.sk\\\/#\\\/schema\\\/logo\\\/image\\\/\",\"url\":\"https:\\\/\\\/pmza.sk\\\/wp-content\\\/uploads\\\/2022\\\/01\\\/logo_PM_horizontal.jpg\",\"contentUrl\":\"https:\\\/\\\/pmza.sk\\\/wp-content\\\/uploads\\\/2022\\\/01\\\/logo_PM_horizontal.jpg\",\"width\":231,\"height\":142,\"caption\":\"Pova\u017esk\u00e9 m\u00fazeum\"},\"image\":{\"@id\":\"https:\\\/\\\/pmza.sk\\\/#\\\/schema\\\/logo\\\/image\\\/\"},\"sameAs\":[\"https:\\\/\\\/www.facebook.com\\\/povazskemuzeum\",\"https:\\\/\\\/www.instagram.com\\\/povazskemuzeum\\\/\"]},{\"@type\":\"Person\",\"@id\":\"https:\\\/\\\/pmza.sk\\\/#\\\/schema\\\/person\\\/595e6a2ce731ea94dcd5d7f50a41ae33\",\"name\":\"Pova\u017esk\u00e9 m\u00fazeum\",\"image\":{\"@type\":\"ImageObject\",\"inLanguage\":\"sk-SK\",\"@id\":\"https:\\\/\\\/secure.gravatar.com\\\/avatar\\\/2bb7f1561282132fb5826dfeccc66c7996d11ee392ac6aaf7ced8a1c2027fbb2?s=96&d=mm&r=g\",\"url\":\"https:\\\/\\\/secure.gravatar.com\\\/avatar\\\/2bb7f1561282132fb5826dfeccc66c7996d11ee392ac6aaf7ced8a1c2027fbb2?s=96&d=mm&r=g\",\"contentUrl\":\"https:\\\/\\\/secure.gravatar.com\\\/avatar\\\/2bb7f1561282132fb5826dfeccc66c7996d11ee392ac6aaf7ced8a1c2027fbb2?s=96&d=mm&r=g\",\"caption\":\"Pova\u017esk\u00e9 m\u00fazeum\"}}]}<\/script>\n<!-- \/ Yoast SEO plugin. -->","yoast_head_json":{"title":"Hradn\u00e9 hry \u017dofie Bosniakovej - Pova\u017esk\u00e9 m\u00fazeum","description":"Letn\u00e1 sez\u00f3na je v plnom pr\u00fade a hrad Stre\u010dno l\u00e1ka n\u00e1v\u0161tevn\u00edkov na r\u00f4zne atrakt\u00edvne podujatia. Najv\u00e4\u010d\u0161\u00edm s\u00fa Hradn\u00e9 hry \u017dofie Bosniakovej, ktor\u00e9 sa bud\u00fa kona\u0165 po dvoch rokoch. Z\u00e1ujemcov \u010dak\u00e1 v nede\u013eu 7. augusta naozaj bohat\u00fd program. Tento rok ho spestria uk\u00e1\u017eky r\u00f4znych zauj\u00edmav\u00fdch remesiel. Bra\u0161n\u00e1r, svie\u010dkar, kraj\u010d\u00edr a obuvn\u00edk z Cechu Terra de Selinan uk\u00e1\u017eu, \u010di s\u00fa majstri hodn\u00ed svojho remesla. \u017divo bude aj na n\u00e1dvor\u00ed. N\u00e1v\u0161tevn\u00edci sa m\u00f4\u017eu te\u0161i\u0165 na uk\u00e1\u017eky dobov\u00e9ho tanca a vyst\u00fapenie skupiny historick\u00e9ho \u0161ermu Bojn\u00edk. Ch\u00fdba\u0165 nebud\u00fa ani sokoliari sv. Bavona a v\u0161etky deti zabav\u00ed vynikaj\u00faci m\u00edm Miro Kasprzyk. V are\u00e1li hradu bud\u00fa pre n\u00e1v\u0161tevn\u00edkov pripraven\u00e9 r\u00f4zne hry a dobov\u00e1 kuchy\u0148a s ochutn\u00e1vkou. V delovom opevnen\u00ed hradu svoje remeslo predved\u00fa hradn\u00ed delostrelci z OZ Turiec.","robots":{"index":"index","follow":"follow","max-snippet":"max-snippet:-1","max-image-preview":"max-image-preview:large","max-video-preview":"max-video-preview:-1"},"canonical":"https:\/\/pmza.sk\/?p=51989","og_locale":"sk_SK","og_type":"article","og_title":"Hradn\u00e9 hry \u017dofie Bosniakovej - Pova\u017esk\u00e9 m\u00fazeum","og_description":"Letn\u00e1 sez\u00f3na je v plnom pr\u00fade a hrad Stre\u010dno l\u00e1ka n\u00e1v\u0161tevn\u00edkov na r\u00f4zne atrakt\u00edvne podujatia. Najv\u00e4\u010d\u0161\u00edm s\u00fa Hradn\u00e9 hry \u017dofie Bosniakovej, ktor\u00e9 sa bud\u00fa kona\u0165 po dvoch rokoch. Z\u00e1ujemcov \u010dak\u00e1 v nede\u013eu 7. augusta naozaj bohat\u00fd program. Tento rok ho spestria uk\u00e1\u017eky r\u00f4znych zauj\u00edmav\u00fdch remesiel. Bra\u0161n\u00e1r, svie\u010dkar, kraj\u010d\u00edr a obuvn\u00edk z Cechu Terra de Selinan uk\u00e1\u017eu, \u010di s\u00fa majstri hodn\u00ed svojho remesla. \u017divo bude aj na n\u00e1dvor\u00ed. N\u00e1v\u0161tevn\u00edci sa m\u00f4\u017eu te\u0161i\u0165 na uk\u00e1\u017eky dobov\u00e9ho tanca a vyst\u00fapenie skupiny historick\u00e9ho \u0161ermu Bojn\u00edk. Ch\u00fdba\u0165 nebud\u00fa ani sokoliari sv. Bavona a v\u0161etky deti zabav\u00ed vynikaj\u00faci m\u00edm Miro Kasprzyk. V are\u00e1li hradu bud\u00fa pre n\u00e1v\u0161tevn\u00edkov pripraven\u00e9 r\u00f4zne hry a dobov\u00e1 kuchy\u0148a s ochutn\u00e1vkou. V delovom opevnen\u00ed hradu svoje remeslo predved\u00fa hradn\u00ed delostrelci z OZ Turiec.","og_url":"https:\/\/pmza.sk\/?p=51989","og_site_name":"Pova\u017esk\u00e9 m\u00fazeum","article_publisher":"https:\/\/www.facebook.com\/povazskemuzeum","article_published_time":"2022-07-26T05:28:43+00:00","article_modified_time":"2022-08-08T06:39:30+00:00","og_image":[{"width":1152,"height":768,"url":"https:\/\/pmza.sk\/wp-content\/uploads\/2019\/08\/IMG_6732-Medium.jpg","type":"image\/jpeg"}],"author":"Pova\u017esk\u00e9 m\u00fazeum","twitter_card":"summary_large_image","twitter_misc":{"Autor":"Pova\u017esk\u00e9 m\u00fazeum","Predpokladan\u00fd \u010das \u010d\u00edtania":"1 min\u00fata"},"schema":{"@context":"https:\/\/schema.org","@graph":[{"@type":"Article","@id":"https:\/\/pmza.sk\/?p=51989#article","isPartOf":{"@id":"https:\/\/pmza.sk\/?p=51989"},"author":{"name":"Pova\u017esk\u00e9 m\u00fazeum","@id":"https:\/\/pmza.sk\/#\/schema\/person\/595e6a2ce731ea94dcd5d7f50a41ae33"},"headline":"Hradn\u00e9 hry \u017dofie Bosniakovej","datePublished":"2022-07-26T05:28:43+00:00","dateModified":"2022-08-08T06:39:30+00:00","mainEntityOfPage":{"@id":"https:\/\/pmza.sk\/?p=51989"},"wordCount":198,"commentCount":2,"publisher":{"@id":"https:\/\/pmza.sk\/#organization"},"image":{"@id":"https:\/\/pmza.sk\/?p=51989#primaryimage"},"thumbnailUrl":"https:\/\/pmza.sk\/wp-content\/uploads\/2019\/08\/IMG_6732-Medium.jpg","articleSection":["Podujatia"],"inLanguage":"sk-SK"},{"@type":"WebPage","@id":"https:\/\/pmza.sk\/?p=51989","url":"https:\/\/pmza.sk\/?p=51989","name":"Hradn\u00e9 hry \u017dofie Bosniakovej - Pova\u017esk\u00e9 m\u00fazeum","isPartOf":{"@id":"https:\/\/pmza.sk\/#website"},"primaryImageOfPage":{"@id":"https:\/\/pmza.sk\/?p=51989#primaryimage"},"image":{"@id":"https:\/\/pmza.sk\/?p=51989#primaryimage"},"thumbnailUrl":"https:\/\/pmza.sk\/wp-content\/uploads\/2019\/08\/IMG_6732-Medium.jpg","datePublished":"2022-07-26T05:28:43+00:00","dateModified":"2022-08-08T06:39:30+00:00","description":"Letn\u00e1 sez\u00f3na je v plnom pr\u00fade a hrad Stre\u010dno l\u00e1ka n\u00e1v\u0161tevn\u00edkov na r\u00f4zne atrakt\u00edvne podujatia. Najv\u00e4\u010d\u0161\u00edm s\u00fa Hradn\u00e9 hry \u017dofie Bosniakovej, ktor\u00e9 sa bud\u00fa kona\u0165 po dvoch rokoch. Z\u00e1ujemcov \u010dak\u00e1 v nede\u013eu 7. augusta naozaj bohat\u00fd program. Tento rok ho spestria uk\u00e1\u017eky r\u00f4znych zauj\u00edmav\u00fdch remesiel. Bra\u0161n\u00e1r, svie\u010dkar, kraj\u010d\u00edr a obuvn\u00edk z Cechu Terra de Selinan uk\u00e1\u017eu, \u010di s\u00fa majstri hodn\u00ed svojho remesla. \u017divo bude aj na n\u00e1dvor\u00ed. N\u00e1v\u0161tevn\u00edci sa m\u00f4\u017eu te\u0161i\u0165 na uk\u00e1\u017eky dobov\u00e9ho tanca a vyst\u00fapenie skupiny historick\u00e9ho \u0161ermu Bojn\u00edk. Ch\u00fdba\u0165 nebud\u00fa ani sokoliari sv. Bavona a v\u0161etky deti zabav\u00ed vynikaj\u00faci m\u00edm Miro Kasprzyk. V are\u00e1li hradu bud\u00fa pre n\u00e1v\u0161tevn\u00edkov pripraven\u00e9 r\u00f4zne hry a dobov\u00e1 kuchy\u0148a s ochutn\u00e1vkou. V delovom opevnen\u00ed hradu svoje remeslo predved\u00fa hradn\u00ed delostrelci z OZ Turiec.","breadcrumb":{"@id":"https:\/\/pmza.sk\/?p=51989#breadcrumb"},"inLanguage":"sk-SK","potentialAction":[{"@type":"ReadAction","target":["https:\/\/pmza.sk\/?p=51989"]}]},{"@type":"ImageObject","inLanguage":"sk-SK","@id":"https:\/\/pmza.sk\/?p=51989#primaryimage","url":"https:\/\/pmza.sk\/wp-content\/uploads\/2019\/08\/IMG_6732-Medium.jpg","contentUrl":"https:\/\/pmza.sk\/wp-content\/uploads\/2019\/08\/IMG_6732-Medium.jpg","width":1152,"height":768},{"@type":"BreadcrumbList","@id":"https:\/\/pmza.sk\/?p=51989#breadcrumb","itemListElement":[{"@type":"ListItem","position":1,"name":"Domovsk\u00e1 str\u00e1nka","item":"https:\/\/pmza.sk\/"},{"@type":"ListItem","position":2,"name":"Hradn\u00e9 hry \u017dofie Bosniakovej"}]},{"@type":"WebSite","@id":"https:\/\/pmza.sk\/#website","url":"https:\/\/pmza.sk\/","name":"Pova\u017esk\u00e9 m\u00fazeum","description":"Pova\u017esk\u00e9 m\u00fazeum v \u017diline je region\u00e1lne m\u00fazeum so s\u00eddlom v Budat\u00edne. Jeho expoz\u00edcie s\u00fa zameran\u00e9 na dejiny slovensk\u00e9ho umenia, kult\u00fary a dopravy.","publisher":{"@id":"https:\/\/pmza.sk\/#organization"},"potentialAction":[{"@type":"SearchAction","target":{"@type":"EntryPoint","urlTemplate":"https:\/\/pmza.sk\/?s={search_term_string}"},"query-input":{"@type":"PropertyValueSpecification","valueRequired":true,"valueName":"search_term_string"}}],"inLanguage":"sk-SK"},{"@type":"Organization","@id":"https:\/\/pmza.sk\/#organization","name":"Pova\u017esk\u00e9 m\u00fazeum","url":"https:\/\/pmza.sk\/","logo":{"@type":"ImageObject","inLanguage":"sk-SK","@id":"https:\/\/pmza.sk\/#\/schema\/logo\/image\/","url":"https:\/\/pmza.sk\/wp-content\/uploads\/2022\/01\/logo_PM_horizontal.jpg","contentUrl":"https:\/\/pmza.sk\/wp-content\/uploads\/2022\/01\/logo_PM_horizontal.jpg","width":231,"height":142,"caption":"Pova\u017esk\u00e9 m\u00fazeum"},"image":{"@id":"https:\/\/pmza.sk\/#\/schema\/logo\/image\/"},"sameAs":["https:\/\/www.facebook.com\/povazskemuzeum","https:\/\/www.instagram.com\/povazskemuzeum\/"]},{"@type":"Person","@id":"https:\/\/pmza.sk\/#\/schema\/person\/595e6a2ce731ea94dcd5d7f50a41ae33","name":"Pova\u017esk\u00e9 m\u00fazeum","image":{"@type":"ImageObject","inLanguage":"sk-SK","@id":"https:\/\/secure.gravatar.com\/avatar\/2bb7f1561282132fb5826dfeccc66c7996d11ee392ac6aaf7ced8a1c2027fbb2?s=96&d=mm&r=g","url":"https:\/\/secure.gravatar.com\/avatar\/2bb7f1561282132fb5826dfeccc66c7996d11ee392ac6aaf7ced8a1c2027fbb2?s=96&d=mm&r=g","contentUrl":"https:\/\/secure.gravatar.com\/avatar\/2bb7f1561282132fb5826dfeccc66c7996d11ee392ac6aaf7ced8a1c2027fbb2?s=96&d=mm&r=g","caption":"Pova\u017esk\u00e9 m\u00fazeum"}}]}},"_links":{"self":[{"href":"https:\/\/pmza.sk\/index.php?rest_route=\/wp\/v2\/posts\/51989","targetHints":{"allow":["GET"]}}],"collection":[{"href":"https:\/\/pmza.sk\/index.php?rest_route=\/wp\/v2\/posts"}],"about":[{"href":"https:\/\/pmza.sk\/index.php?rest_route=\/wp\/v2\/types\/post"}],"author":[{"embeddable":true,"href":"https:\/\/pmza.sk\/index.php?rest_route=\/wp\/v2\/users\/2"}],"replies":[{"embeddable":true,"href":"https:\/\/pmza.sk\/index.php?rest_route=%2Fwp%2Fv2%2Fcomments&post=51989"}],"version-history":[{"count":0,"href":"https:\/\/pmza.sk\/index.php?rest_route=\/wp\/v2\/posts\/51989\/revisions"}],"wp:featuredmedia":[{"embeddable":true,"href":"https:\/\/pmza.sk\/index.php?rest_route=\/wp\/v2\/media\/35606"}],"wp:attachment":[{"href":"https:\/\/pmza.sk\/index.php?rest_route=%2Fwp%2Fv2%2Fmedia&parent=51989"}],"wp:term":[{"taxonomy":"category","embeddable":true,"href":"https:\/\/pmza.sk\/index.php?rest_route=%2Fwp%2Fv2%2Fcategories&post=51989"},{"taxonomy":"post_tag","embeddable":true,"href":"https:\/\/pmza.sk\/index.php?rest_route=%2Fwp%2Fv2%2Ftags&post=51989"}],"curies":[{"name":"wp","href":"https:\/\/api.w.org\/{rel}","templated":true}]}}