{"id":51991,"date":"2022-07-26T07:40:20","date_gmt":"2022-07-26T05:40:20","guid":{"rendered":"https:\/\/pmza.sk\/?p=51991"},"modified":"2022-08-16T07:55:29","modified_gmt":"2022-08-16T05:55:29","slug":"rajecka-anca-3","status":"publish","type":"post","link":"https:\/\/pmza.sk\/?p=51991","title":{"rendered":"Rajeck\u00e1 An\u010da"},"content":{"rendered":"<p>Ob\u013e\u00faben\u00e9 jazdy na historick\u00fdch motorov\u00fdch vlakoch sa bud\u00fa kona\u0165 aj tento rok. Rajeck\u00e1 An\u010da vyraz\u00ed zo \u017diliny do Rajca u\u017e po dvan\u00e1sty raz. Podujatie organizuje Pova\u017esk\u00e9 m\u00fazeum v\u00a0zria\u010fovate\u013eskej p\u00f4sobnosti \u017dilinsk\u00e9ho samospr\u00e1vneho kraja a\u00a0Spolo\u010dnos\u0165 Pova\u017eskej dr\u00e1hy \u017dilina.<\/p>\n<p>Vozne M131.1443 a M 152.0160 bud\u00fa prem\u00e1va\u0165 13. a\u00a014. augusta dvakr\u00e1t denne zo \u017diliny do Rajca a\u00a0sp\u00e4\u0165. Z\u00e1ujemcovia si k\u00fapia l\u00edstky priamo vo vlaku. S\u00fa\u010das\u0165ou podujatia je v\u017edy aj zv\u00fdhodnen\u00fd vstup do M\u00fazea dopravy v\u00a0Rajeck\u00fdch Tepliciach. <em>\u201eAj tento rok bud\u00fa ma\u0165 cestuj\u00faci z\u013eavu 20%. V\u00a0expoz\u00edcii ich \u010dak\u00e1 interakt\u00edvna prehliadka \u010di ko\u013eajisko zachyt\u00e1vaj\u00face <\/em><em>v zjednodu\u0161enej podobe \u017eilinsk\u00fd \u017eelezni\u010dn\u00fd uzol v 20. rokoch 20. storo\u010dia.<\/em><em> Deti sa m\u00f4\u017eu te\u0161i\u0165 na tvoriv\u00e9 dielne, ktor\u00e9 bud\u00fa prebieha\u0165 pred m\u00fazeom a\u00a0dokonca sme pripravili aj jazdu historick\u00fdm ko\u010dom v\u00a0aleji pri autobusovej stanici,\u201c <\/em>doplnil historik dopravy Peter \u0160imko.<\/p>\n<p>Podujatie tento rok spestr\u00ed aj divadeln\u00e1 sc\u00e9nka Poveda\u010dky na per\u00f3ne v\u00a0podan\u00ed divadelno-hrav\u00e9ho zoskupenia RAZCA, ktor\u00e1 spr\u00edjemn\u00ed cestuj\u00facim \u010dakanie na vlak. Odohr\u00e1va\u0165 sa bude priamo na per\u00f3ne pred m\u00fazeom o\u00a011.00 a\u00a015.00. <em>\u201eZ\u00e1ujemcovia sa <\/em><em>dozvedia, ak\u00e9 t\u00e9my sa preberali na \u017eelezni\u010dnej stanici v\u00a0roku 1942, a\u00a0ako to asi mohlo vyzera\u0165, ke\u010f sa tam stretli tri d\u00e1vne priate\u013eky,\u201c<\/em> dod\u00e1va autorka scen\u00e1ra Katar\u00edna Mar\u0161alov\u00e1.<\/p>\n<p style=\"text-align: center;\"><a href=\"https:\/\/pmza.sk\/wp-content\/uploads\/2022\/07\/Rajecka-Anca-2022-def.-zmens-scaled.jpg\"><img fetchpriority=\"high\" decoding=\"async\" class=\"wp-image-52035 size-medium aligncenter\" src=\"https:\/\/pmza.sk\/wp-content\/uploads\/2022\/07\/Rajecka-Anca-2022-def.-zmens-255x360.jpg\" alt=\"\" width=\"255\" height=\"360\" srcset=\"https:\/\/pmza.sk\/wp-content\/uploads\/2022\/07\/Rajecka-Anca-2022-def.-zmens-255x360.jpg 255w, https:\/\/pmza.sk\/wp-content\/uploads\/2022\/07\/Rajecka-Anca-2022-def.-zmens-521x736.jpg 521w, https:\/\/pmza.sk\/wp-content\/uploads\/2022\/07\/Rajecka-Anca-2022-def.-zmens-768x1085.jpg 768w, https:\/\/pmza.sk\/wp-content\/uploads\/2022\/07\/Rajecka-Anca-2022-def.-zmens-1087x1536.jpg 1087w, https:\/\/pmza.sk\/wp-content\/uploads\/2022\/07\/Rajecka-Anca-2022-def.-zmens-1449x2048.jpg 1449w, https:\/\/pmza.sk\/wp-content\/uploads\/2022\/07\/Rajecka-Anca-2022-def.-zmens-600x848.jpg 600w, https:\/\/pmza.sk\/wp-content\/uploads\/2022\/07\/Rajecka-Anca-2022-def.-zmens-scaled.jpg 1811w\" sizes=\"(max-width: 255px) 100vw, 255px\" \/><\/a>(v plnej ve\u013ekosti zobraz\u00edte kliknut\u00edm na obr\u00e1zok)<\/p>\n","protected":false},"excerpt":{"rendered":"<p>Ob\u013e\u00faben\u00e9 jazdy na historick\u00fdch motorov\u00fdch vlakoch sa bud\u00fa kona\u0165 aj tento rok. Rajeck\u00e1 An\u010da vyraz\u00ed zo \u017diliny do Rajca u\u017e po dvan\u00e1sty raz. Podujatie organizuje Pova\u017esk\u00e9 m\u00fazeum v\u00a0zria\u010fovate\u013eskej p\u00f4sobnosti \u017dilinsk\u00e9ho samospr\u00e1vneho kraja a\u00a0Spolo\u010dnos\u0165 Pova\u017eskej dr\u00e1hy \u017dilina. Vozne M131.1443 a M 152.0160 bud\u00fa prem\u00e1va\u0165 13. a\u00a014. augusta dvakr\u00e1t denne zo \u017diliny do Rajca a\u00a0sp\u00e4\u0165. Z\u00e1ujemcovia si [&hellip;]<\/p>\n","protected":false},"author":2,"featured_media":45518,"comment_status":"open","ping_status":"open","sticky":false,"template":"","format":"standard","meta":{"site-sidebar-layout":"default","site-content-layout":"default","ast-site-content-layout":"","site-content-style":"default","site-sidebar-style":"default","ast-global-header-display":"","ast-banner-title-visibility":"","ast-main-header-display":"","ast-hfb-above-header-display":"","ast-hfb-below-header-display":"","ast-hfb-mobile-header-display":"","site-post-title":"","ast-breadcrumbs-content":"","ast-featured-img":"","footer-sml-layout":"","theme-transparent-header-meta":"default","adv-header-id-meta":"","stick-header-meta":"default","header-above-stick-meta":"","header-main-stick-meta":"","header-below-stick-meta":"","astra-migrate-meta-layouts":"default","ast-page-background-enabled":"default","ast-page-background-meta":{"desktop":{"background-color":"var(--ast-global-color-4)","background-image":"","background-repeat":"repeat","background-position":"center center","background-size":"auto","background-attachment":"scroll","background-type":"","background-media":"","overlay-type":"","overlay-color":"","overlay-opacity":"","overlay-gradient":""},"tablet":{"background-color":"","background-image":"","background-repeat":"repeat","background-position":"center center","background-size":"auto","background-attachment":"scroll","background-type":"","background-media":"","overlay-type":"","overlay-color":"","overlay-opacity":"","overlay-gradient":""},"mobile":{"background-color":"","background-image":"","background-repeat":"repeat","background-position":"center center","background-size":"auto","background-attachment":"scroll","background-type":"","background-media":"","overlay-type":"","overlay-color":"","overlay-opacity":"","overlay-gradient":""}},"ast-content-background-meta":{"desktop":{"background-color":"var(--ast-global-color-5)","background-image":"","background-repeat":"repeat","background-position":"center center","background-size":"auto","background-attachment":"scroll","background-type":"","background-media":"","overlay-type":"","overlay-color":"","overlay-opacity":"","overlay-gradient":""},"tablet":{"background-color":"var(--ast-global-color-5)","background-image":"","background-repeat":"repeat","background-position":"center center","background-size":"auto","background-attachment":"scroll","background-type":"","background-media":"","overlay-type":"","overlay-color":"","overlay-opacity":"","overlay-gradient":""},"mobile":{"background-color":"var(--ast-global-color-5)","background-image":"","background-repeat":"repeat","background-position":"center center","background-size":"auto","background-attachment":"scroll","background-type":"","background-media":"","overlay-type":"","overlay-color":"","overlay-opacity":"","overlay-gradient":""}},"footnotes":""},"categories":[71],"tags":[],"class_list":["post-51991","post","type-post","status-publish","format-standard","has-post-thumbnail","hentry","category-podujatia"],"yoast_head":"<!-- This site is optimized with the Yoast SEO plugin v27.4 - https:\/\/yoast.com\/product\/yoast-seo-wordpress\/ -->\n<title>Rajeck\u00e1 An\u010da - Pova\u017esk\u00e9 m\u00fazeum<\/title>\n<meta name=\"description\" content=\"Nenechajte si ujs\u0165 jedine\u010dn\u00fa pr\u00edle\u017eitos\u0165 previez\u0165 sa historick\u00fdm vl\u00e1\u010dikom na trase \u017dilina \u2013 Rajec a\u00a0sp\u00e4\u0165. Na zast\u00e1vke v\u00a0Rajeck\u00fdch Tepliciach na v\u00e1s \u010dak\u00e1 prehliadka M\u00fazea dopravy s\u00a0r\u00f4znymi interakt\u00edvnymi prvkami alebo tvoriv\u00e9 dielne pre najmen\u0161\u00edch. S\u00fa\u010das\u0165ou programu bude aj kr\u00e1tka divadelno-z\u00e1bavn\u00e1 sc\u00e9nka zoskupenia RAZCA pod n\u00e1zvom Poveda\u010dky na per\u00f3ne. V\u00a0nej sa dozviete, ak\u00e9 t\u00e9my sa preberali na \u017eelezni\u010dnej stanici v\u00a0roku 1942, a\u00a0ako to mohlo vyzera\u0165, ke\u010f sa tam stretli tri d\u00e1vne priate\u013eky.\" \/>\n<meta name=\"robots\" content=\"index, follow, max-snippet:-1, max-image-preview:large, max-video-preview:-1\" \/>\n<link rel=\"canonical\" href=\"https:\/\/pmza.sk\/?p=51991\" \/>\n<meta property=\"og:locale\" content=\"sk_SK\" \/>\n<meta property=\"og:type\" content=\"article\" \/>\n<meta property=\"og:title\" content=\"Rajeck\u00e1 An\u010da - Pova\u017esk\u00e9 m\u00fazeum\" \/>\n<meta property=\"og:description\" content=\"Nenechajte si ujs\u0165 jedine\u010dn\u00fa pr\u00edle\u017eitos\u0165 previez\u0165 sa historick\u00fdm vl\u00e1\u010dikom na trase \u017dilina \u2013 Rajec a\u00a0sp\u00e4\u0165. Na zast\u00e1vke v\u00a0Rajeck\u00fdch Tepliciach na v\u00e1s \u010dak\u00e1 prehliadka M\u00fazea dopravy s\u00a0r\u00f4znymi interakt\u00edvnymi prvkami alebo tvoriv\u00e9 dielne pre najmen\u0161\u00edch. S\u00fa\u010das\u0165ou programu bude aj kr\u00e1tka divadelno-z\u00e1bavn\u00e1 sc\u00e9nka zoskupenia RAZCA pod n\u00e1zvom Poveda\u010dky na per\u00f3ne. V\u00a0nej sa dozviete, ak\u00e9 t\u00e9my sa preberali na \u017eelezni\u010dnej stanici v\u00a0roku 1942, a\u00a0ako to mohlo vyzera\u0165, ke\u010f sa tam stretli tri d\u00e1vne priate\u013eky.\" \/>\n<meta property=\"og:url\" content=\"https:\/\/pmza.sk\/?p=51991\" \/>\n<meta property=\"og:site_name\" content=\"Pova\u017esk\u00e9 m\u00fazeum\" \/>\n<meta property=\"article:publisher\" content=\"https:\/\/www.facebook.com\/povazskemuzeum\" \/>\n<meta property=\"article:published_time\" content=\"2022-07-26T05:40:20+00:00\" \/>\n<meta property=\"article:modified_time\" content=\"2022-08-16T05:55:29+00:00\" \/>\n<meta property=\"og:image\" content=\"https:\/\/pmza.sk\/wp-content\/uploads\/2021\/08\/IMG_8367.jpg\" \/>\n\t<meta property=\"og:image:width\" content=\"1024\" \/>\n\t<meta property=\"og:image:height\" content=\"679\" \/>\n\t<meta property=\"og:image:type\" content=\"image\/jpeg\" \/>\n<meta name=\"author\" content=\"Pova\u017esk\u00e9 m\u00fazeum\" \/>\n<meta name=\"twitter:card\" content=\"summary_large_image\" \/>\n<meta name=\"twitter:label1\" content=\"Autor\" \/>\n\t<meta name=\"twitter:data1\" content=\"Pova\u017esk\u00e9 m\u00fazeum\" \/>\n\t<meta name=\"twitter:label2\" content=\"Predpokladan\u00fd \u010das \u010d\u00edtania\" \/>\n\t<meta name=\"twitter:data2\" content=\"1 min\u00fata\" \/>\n<script type=\"application\/ld+json\" class=\"yoast-schema-graph\">{\"@context\":\"https:\\\/\\\/schema.org\",\"@graph\":[{\"@type\":\"Article\",\"@id\":\"https:\\\/\\\/pmza.sk\\\/?p=51991#article\",\"isPartOf\":{\"@id\":\"https:\\\/\\\/pmza.sk\\\/?p=51991\"},\"author\":{\"name\":\"Pova\u017esk\u00e9 m\u00fazeum\",\"@id\":\"https:\\\/\\\/pmza.sk\\\/#\\\/schema\\\/person\\\/595e6a2ce731ea94dcd5d7f50a41ae33\"},\"headline\":\"Rajeck\u00e1 An\u010da\",\"datePublished\":\"2022-07-26T05:40:20+00:00\",\"dateModified\":\"2022-08-16T05:55:29+00:00\",\"mainEntityOfPage\":{\"@id\":\"https:\\\/\\\/pmza.sk\\\/?p=51991\"},\"wordCount\":263,\"commentCount\":0,\"publisher\":{\"@id\":\"https:\\\/\\\/pmza.sk\\\/#organization\"},\"image\":{\"@id\":\"https:\\\/\\\/pmza.sk\\\/?p=51991#primaryimage\"},\"thumbnailUrl\":\"https:\\\/\\\/pmza.sk\\\/wp-content\\\/uploads\\\/2021\\\/08\\\/IMG_8367.jpg\",\"articleSection\":[\"Podujatia\"],\"inLanguage\":\"sk-SK\"},{\"@type\":\"WebPage\",\"@id\":\"https:\\\/\\\/pmza.sk\\\/?p=51991\",\"url\":\"https:\\\/\\\/pmza.sk\\\/?p=51991\",\"name\":\"Rajeck\u00e1 An\u010da - Pova\u017esk\u00e9 m\u00fazeum\",\"isPartOf\":{\"@id\":\"https:\\\/\\\/pmza.sk\\\/#website\"},\"primaryImageOfPage\":{\"@id\":\"https:\\\/\\\/pmza.sk\\\/?p=51991#primaryimage\"},\"image\":{\"@id\":\"https:\\\/\\\/pmza.sk\\\/?p=51991#primaryimage\"},\"thumbnailUrl\":\"https:\\\/\\\/pmza.sk\\\/wp-content\\\/uploads\\\/2021\\\/08\\\/IMG_8367.jpg\",\"datePublished\":\"2022-07-26T05:40:20+00:00\",\"dateModified\":\"2022-08-16T05:55:29+00:00\",\"description\":\"Nenechajte si ujs\u0165 jedine\u010dn\u00fa pr\u00edle\u017eitos\u0165 previez\u0165 sa historick\u00fdm vl\u00e1\u010dikom na trase \u017dilina \u2013 Rajec a\u00a0sp\u00e4\u0165. Na zast\u00e1vke v\u00a0Rajeck\u00fdch Tepliciach na v\u00e1s \u010dak\u00e1 prehliadka M\u00fazea dopravy s\u00a0r\u00f4znymi interakt\u00edvnymi prvkami alebo tvoriv\u00e9 dielne pre najmen\u0161\u00edch. S\u00fa\u010das\u0165ou programu bude aj kr\u00e1tka divadelno-z\u00e1bavn\u00e1 sc\u00e9nka zoskupenia RAZCA pod n\u00e1zvom Poveda\u010dky na per\u00f3ne. V\u00a0nej sa dozviete, ak\u00e9 t\u00e9my sa preberali na \u017eelezni\u010dnej stanici v\u00a0roku 1942, a\u00a0ako to mohlo vyzera\u0165, ke\u010f sa tam stretli tri d\u00e1vne priate\u013eky.\",\"breadcrumb\":{\"@id\":\"https:\\\/\\\/pmza.sk\\\/?p=51991#breadcrumb\"},\"inLanguage\":\"sk-SK\",\"potentialAction\":[{\"@type\":\"ReadAction\",\"target\":[\"https:\\\/\\\/pmza.sk\\\/?p=51991\"]}]},{\"@type\":\"ImageObject\",\"inLanguage\":\"sk-SK\",\"@id\":\"https:\\\/\\\/pmza.sk\\\/?p=51991#primaryimage\",\"url\":\"https:\\\/\\\/pmza.sk\\\/wp-content\\\/uploads\\\/2021\\\/08\\\/IMG_8367.jpg\",\"contentUrl\":\"https:\\\/\\\/pmza.sk\\\/wp-content\\\/uploads\\\/2021\\\/08\\\/IMG_8367.jpg\",\"width\":1024,\"height\":679},{\"@type\":\"BreadcrumbList\",\"@id\":\"https:\\\/\\\/pmza.sk\\\/?p=51991#breadcrumb\",\"itemListElement\":[{\"@type\":\"ListItem\",\"position\":1,\"name\":\"Domovsk\u00e1 str\u00e1nka\",\"item\":\"https:\\\/\\\/pmza.sk\\\/\"},{\"@type\":\"ListItem\",\"position\":2,\"name\":\"Rajeck\u00e1 An\u010da\"}]},{\"@type\":\"WebSite\",\"@id\":\"https:\\\/\\\/pmza.sk\\\/#website\",\"url\":\"https:\\\/\\\/pmza.sk\\\/\",\"name\":\"Pova\u017esk\u00e9 m\u00fazeum\",\"description\":\"Pova\u017esk\u00e9 m\u00fazeum v \u017diline je region\u00e1lne m\u00fazeum so s\u00eddlom v Budat\u00edne. Jeho expoz\u00edcie s\u00fa zameran\u00e9 na dejiny slovensk\u00e9ho umenia, kult\u00fary a dopravy.\",\"publisher\":{\"@id\":\"https:\\\/\\\/pmza.sk\\\/#organization\"},\"potentialAction\":[{\"@type\":\"SearchAction\",\"target\":{\"@type\":\"EntryPoint\",\"urlTemplate\":\"https:\\\/\\\/pmza.sk\\\/?s={search_term_string}\"},\"query-input\":{\"@type\":\"PropertyValueSpecification\",\"valueRequired\":true,\"valueName\":\"search_term_string\"}}],\"inLanguage\":\"sk-SK\"},{\"@type\":\"Organization\",\"@id\":\"https:\\\/\\\/pmza.sk\\\/#organization\",\"name\":\"Pova\u017esk\u00e9 m\u00fazeum\",\"url\":\"https:\\\/\\\/pmza.sk\\\/\",\"logo\":{\"@type\":\"ImageObject\",\"inLanguage\":\"sk-SK\",\"@id\":\"https:\\\/\\\/pmza.sk\\\/#\\\/schema\\\/logo\\\/image\\\/\",\"url\":\"https:\\\/\\\/pmza.sk\\\/wp-content\\\/uploads\\\/2022\\\/01\\\/logo_PM_horizontal.jpg\",\"contentUrl\":\"https:\\\/\\\/pmza.sk\\\/wp-content\\\/uploads\\\/2022\\\/01\\\/logo_PM_horizontal.jpg\",\"width\":231,\"height\":142,\"caption\":\"Pova\u017esk\u00e9 m\u00fazeum\"},\"image\":{\"@id\":\"https:\\\/\\\/pmza.sk\\\/#\\\/schema\\\/logo\\\/image\\\/\"},\"sameAs\":[\"https:\\\/\\\/www.facebook.com\\\/povazskemuzeum\",\"https:\\\/\\\/www.instagram.com\\\/povazskemuzeum\\\/\"]},{\"@type\":\"Person\",\"@id\":\"https:\\\/\\\/pmza.sk\\\/#\\\/schema\\\/person\\\/595e6a2ce731ea94dcd5d7f50a41ae33\",\"name\":\"Pova\u017esk\u00e9 m\u00fazeum\",\"image\":{\"@type\":\"ImageObject\",\"inLanguage\":\"sk-SK\",\"@id\":\"https:\\\/\\\/secure.gravatar.com\\\/avatar\\\/2bb7f1561282132fb5826dfeccc66c7996d11ee392ac6aaf7ced8a1c2027fbb2?s=96&d=mm&r=g\",\"url\":\"https:\\\/\\\/secure.gravatar.com\\\/avatar\\\/2bb7f1561282132fb5826dfeccc66c7996d11ee392ac6aaf7ced8a1c2027fbb2?s=96&d=mm&r=g\",\"contentUrl\":\"https:\\\/\\\/secure.gravatar.com\\\/avatar\\\/2bb7f1561282132fb5826dfeccc66c7996d11ee392ac6aaf7ced8a1c2027fbb2?s=96&d=mm&r=g\",\"caption\":\"Pova\u017esk\u00e9 m\u00fazeum\"}}]}<\/script>\n<!-- \/ Yoast SEO plugin. -->","yoast_head_json":{"title":"Rajeck\u00e1 An\u010da - Pova\u017esk\u00e9 m\u00fazeum","description":"Nenechajte si ujs\u0165 jedine\u010dn\u00fa pr\u00edle\u017eitos\u0165 previez\u0165 sa historick\u00fdm vl\u00e1\u010dikom na trase \u017dilina \u2013 Rajec a\u00a0sp\u00e4\u0165. Na zast\u00e1vke v\u00a0Rajeck\u00fdch Tepliciach na v\u00e1s \u010dak\u00e1 prehliadka M\u00fazea dopravy s\u00a0r\u00f4znymi interakt\u00edvnymi prvkami alebo tvoriv\u00e9 dielne pre najmen\u0161\u00edch. S\u00fa\u010das\u0165ou programu bude aj kr\u00e1tka divadelno-z\u00e1bavn\u00e1 sc\u00e9nka zoskupenia RAZCA pod n\u00e1zvom Poveda\u010dky na per\u00f3ne. V\u00a0nej sa dozviete, ak\u00e9 t\u00e9my sa preberali na \u017eelezni\u010dnej stanici v\u00a0roku 1942, a\u00a0ako to mohlo vyzera\u0165, ke\u010f sa tam stretli tri d\u00e1vne priate\u013eky.","robots":{"index":"index","follow":"follow","max-snippet":"max-snippet:-1","max-image-preview":"max-image-preview:large","max-video-preview":"max-video-preview:-1"},"canonical":"https:\/\/pmza.sk\/?p=51991","og_locale":"sk_SK","og_type":"article","og_title":"Rajeck\u00e1 An\u010da - Pova\u017esk\u00e9 m\u00fazeum","og_description":"Nenechajte si ujs\u0165 jedine\u010dn\u00fa pr\u00edle\u017eitos\u0165 previez\u0165 sa historick\u00fdm vl\u00e1\u010dikom na trase \u017dilina \u2013 Rajec a\u00a0sp\u00e4\u0165. Na zast\u00e1vke v\u00a0Rajeck\u00fdch Tepliciach na v\u00e1s \u010dak\u00e1 prehliadka M\u00fazea dopravy s\u00a0r\u00f4znymi interakt\u00edvnymi prvkami alebo tvoriv\u00e9 dielne pre najmen\u0161\u00edch. S\u00fa\u010das\u0165ou programu bude aj kr\u00e1tka divadelno-z\u00e1bavn\u00e1 sc\u00e9nka zoskupenia RAZCA pod n\u00e1zvom Poveda\u010dky na per\u00f3ne. V\u00a0nej sa dozviete, ak\u00e9 t\u00e9my sa preberali na \u017eelezni\u010dnej stanici v\u00a0roku 1942, a\u00a0ako to mohlo vyzera\u0165, ke\u010f sa tam stretli tri d\u00e1vne priate\u013eky.","og_url":"https:\/\/pmza.sk\/?p=51991","og_site_name":"Pova\u017esk\u00e9 m\u00fazeum","article_publisher":"https:\/\/www.facebook.com\/povazskemuzeum","article_published_time":"2022-07-26T05:40:20+00:00","article_modified_time":"2022-08-16T05:55:29+00:00","og_image":[{"width":1024,"height":679,"url":"https:\/\/pmza.sk\/wp-content\/uploads\/2021\/08\/IMG_8367.jpg","type":"image\/jpeg"}],"author":"Pova\u017esk\u00e9 m\u00fazeum","twitter_card":"summary_large_image","twitter_misc":{"Autor":"Pova\u017esk\u00e9 m\u00fazeum","Predpokladan\u00fd \u010das \u010d\u00edtania":"1 min\u00fata"},"schema":{"@context":"https:\/\/schema.org","@graph":[{"@type":"Article","@id":"https:\/\/pmza.sk\/?p=51991#article","isPartOf":{"@id":"https:\/\/pmza.sk\/?p=51991"},"author":{"name":"Pova\u017esk\u00e9 m\u00fazeum","@id":"https:\/\/pmza.sk\/#\/schema\/person\/595e6a2ce731ea94dcd5d7f50a41ae33"},"headline":"Rajeck\u00e1 An\u010da","datePublished":"2022-07-26T05:40:20+00:00","dateModified":"2022-08-16T05:55:29+00:00","mainEntityOfPage":{"@id":"https:\/\/pmza.sk\/?p=51991"},"wordCount":263,"commentCount":0,"publisher":{"@id":"https:\/\/pmza.sk\/#organization"},"image":{"@id":"https:\/\/pmza.sk\/?p=51991#primaryimage"},"thumbnailUrl":"https:\/\/pmza.sk\/wp-content\/uploads\/2021\/08\/IMG_8367.jpg","articleSection":["Podujatia"],"inLanguage":"sk-SK"},{"@type":"WebPage","@id":"https:\/\/pmza.sk\/?p=51991","url":"https:\/\/pmza.sk\/?p=51991","name":"Rajeck\u00e1 An\u010da - Pova\u017esk\u00e9 m\u00fazeum","isPartOf":{"@id":"https:\/\/pmza.sk\/#website"},"primaryImageOfPage":{"@id":"https:\/\/pmza.sk\/?p=51991#primaryimage"},"image":{"@id":"https:\/\/pmza.sk\/?p=51991#primaryimage"},"thumbnailUrl":"https:\/\/pmza.sk\/wp-content\/uploads\/2021\/08\/IMG_8367.jpg","datePublished":"2022-07-26T05:40:20+00:00","dateModified":"2022-08-16T05:55:29+00:00","description":"Nenechajte si ujs\u0165 jedine\u010dn\u00fa pr\u00edle\u017eitos\u0165 previez\u0165 sa historick\u00fdm vl\u00e1\u010dikom na trase \u017dilina \u2013 Rajec a\u00a0sp\u00e4\u0165. Na zast\u00e1vke v\u00a0Rajeck\u00fdch Tepliciach na v\u00e1s \u010dak\u00e1 prehliadka M\u00fazea dopravy s\u00a0r\u00f4znymi interakt\u00edvnymi prvkami alebo tvoriv\u00e9 dielne pre najmen\u0161\u00edch. S\u00fa\u010das\u0165ou programu bude aj kr\u00e1tka divadelno-z\u00e1bavn\u00e1 sc\u00e9nka zoskupenia RAZCA pod n\u00e1zvom Poveda\u010dky na per\u00f3ne. V\u00a0nej sa dozviete, ak\u00e9 t\u00e9my sa preberali na \u017eelezni\u010dnej stanici v\u00a0roku 1942, a\u00a0ako to mohlo vyzera\u0165, ke\u010f sa tam stretli tri d\u00e1vne priate\u013eky.","breadcrumb":{"@id":"https:\/\/pmza.sk\/?p=51991#breadcrumb"},"inLanguage":"sk-SK","potentialAction":[{"@type":"ReadAction","target":["https:\/\/pmza.sk\/?p=51991"]}]},{"@type":"ImageObject","inLanguage":"sk-SK","@id":"https:\/\/pmza.sk\/?p=51991#primaryimage","url":"https:\/\/pmza.sk\/wp-content\/uploads\/2021\/08\/IMG_8367.jpg","contentUrl":"https:\/\/pmza.sk\/wp-content\/uploads\/2021\/08\/IMG_8367.jpg","width":1024,"height":679},{"@type":"BreadcrumbList","@id":"https:\/\/pmza.sk\/?p=51991#breadcrumb","itemListElement":[{"@type":"ListItem","position":1,"name":"Domovsk\u00e1 str\u00e1nka","item":"https:\/\/pmza.sk\/"},{"@type":"ListItem","position":2,"name":"Rajeck\u00e1 An\u010da"}]},{"@type":"WebSite","@id":"https:\/\/pmza.sk\/#website","url":"https:\/\/pmza.sk\/","name":"Pova\u017esk\u00e9 m\u00fazeum","description":"Pova\u017esk\u00e9 m\u00fazeum v \u017diline je region\u00e1lne m\u00fazeum so s\u00eddlom v Budat\u00edne. Jeho expoz\u00edcie s\u00fa zameran\u00e9 na dejiny slovensk\u00e9ho umenia, kult\u00fary a dopravy.","publisher":{"@id":"https:\/\/pmza.sk\/#organization"},"potentialAction":[{"@type":"SearchAction","target":{"@type":"EntryPoint","urlTemplate":"https:\/\/pmza.sk\/?s={search_term_string}"},"query-input":{"@type":"PropertyValueSpecification","valueRequired":true,"valueName":"search_term_string"}}],"inLanguage":"sk-SK"},{"@type":"Organization","@id":"https:\/\/pmza.sk\/#organization","name":"Pova\u017esk\u00e9 m\u00fazeum","url":"https:\/\/pmza.sk\/","logo":{"@type":"ImageObject","inLanguage":"sk-SK","@id":"https:\/\/pmza.sk\/#\/schema\/logo\/image\/","url":"https:\/\/pmza.sk\/wp-content\/uploads\/2022\/01\/logo_PM_horizontal.jpg","contentUrl":"https:\/\/pmza.sk\/wp-content\/uploads\/2022\/01\/logo_PM_horizontal.jpg","width":231,"height":142,"caption":"Pova\u017esk\u00e9 m\u00fazeum"},"image":{"@id":"https:\/\/pmza.sk\/#\/schema\/logo\/image\/"},"sameAs":["https:\/\/www.facebook.com\/povazskemuzeum","https:\/\/www.instagram.com\/povazskemuzeum\/"]},{"@type":"Person","@id":"https:\/\/pmza.sk\/#\/schema\/person\/595e6a2ce731ea94dcd5d7f50a41ae33","name":"Pova\u017esk\u00e9 m\u00fazeum","image":{"@type":"ImageObject","inLanguage":"sk-SK","@id":"https:\/\/secure.gravatar.com\/avatar\/2bb7f1561282132fb5826dfeccc66c7996d11ee392ac6aaf7ced8a1c2027fbb2?s=96&d=mm&r=g","url":"https:\/\/secure.gravatar.com\/avatar\/2bb7f1561282132fb5826dfeccc66c7996d11ee392ac6aaf7ced8a1c2027fbb2?s=96&d=mm&r=g","contentUrl":"https:\/\/secure.gravatar.com\/avatar\/2bb7f1561282132fb5826dfeccc66c7996d11ee392ac6aaf7ced8a1c2027fbb2?s=96&d=mm&r=g","caption":"Pova\u017esk\u00e9 m\u00fazeum"}}]}},"_links":{"self":[{"href":"https:\/\/pmza.sk\/index.php?rest_route=\/wp\/v2\/posts\/51991","targetHints":{"allow":["GET"]}}],"collection":[{"href":"https:\/\/pmza.sk\/index.php?rest_route=\/wp\/v2\/posts"}],"about":[{"href":"https:\/\/pmza.sk\/index.php?rest_route=\/wp\/v2\/types\/post"}],"author":[{"embeddable":true,"href":"https:\/\/pmza.sk\/index.php?rest_route=\/wp\/v2\/users\/2"}],"replies":[{"embeddable":true,"href":"https:\/\/pmza.sk\/index.php?rest_route=%2Fwp%2Fv2%2Fcomments&post=51991"}],"version-history":[{"count":0,"href":"https:\/\/pmza.sk\/index.php?rest_route=\/wp\/v2\/posts\/51991\/revisions"}],"wp:featuredmedia":[{"embeddable":true,"href":"https:\/\/pmza.sk\/index.php?rest_route=\/wp\/v2\/media\/45518"}],"wp:attachment":[{"href":"https:\/\/pmza.sk\/index.php?rest_route=%2Fwp%2Fv2%2Fmedia&parent=51991"}],"wp:term":[{"taxonomy":"category","embeddable":true,"href":"https:\/\/pmza.sk\/index.php?rest_route=%2Fwp%2Fv2%2Fcategories&post=51991"},{"taxonomy":"post_tag","embeddable":true,"href":"https:\/\/pmza.sk\/index.php?rest_route=%2Fwp%2Fv2%2Ftags&post=51991"}],"curies":[{"name":"wp","href":"https:\/\/api.w.org\/{rel}","templated":true}]}}