{"id":52031,"date":"2022-07-29T08:19:19","date_gmt":"2022-07-29T06:19:19","guid":{"rendered":"https:\/\/pmza.sk\/?p=52031"},"modified":"2022-08-16T07:56:04","modified_gmt":"2022-08-16T05:56:04","slug":"dracie-dni-2","status":"publish","type":"post","link":"https:\/\/pmza.sk\/?p=52031","title":{"rendered":"Dra\u010die dni"},"content":{"rendered":"<p>Vst\u00fapte do sveta drakov, v\u00edl a odv\u00e1\u017enych rytierov, v ktorom o\u017eij\u00fa tie najkraj\u0161ie legendy. Rodinn\u00fd festival Dra\u010die dni prich\u00e1dza na Budat\u00ednsky hrad u\u017e po\u010das v\u00edkendu 13. a 14. augusta 2022. Te\u0161i\u0165 sa m\u00f4\u017eete na origin\u00e1lnu rozpr\u00e1vku s hereck\u00fdm obsaden\u00edm, sprievodn\u00fd program pln\u00fd z\u00e1bavy a\u00a0pestr\u00e9 st\u00e1nky hradn\u00e9ho jarmoku.<\/p>\n<p>Na Budat\u00ednskom hrade V\u00e1s priv\u00edta dobr\u00fd kr\u00e1\u013e, ktor\u00e9ho stv\u00e1rni ob\u013e\u00faben\u00fd herec Marko Igonda. Rozpr\u00e1vkou v\u00e1s spolu s n\u00edm preved\u00fa aj \u010fal\u0161\u00ed sk\u00fasen\u00ed herci, ktor\u00fdch pozn\u00e1te z festivalov, divadla aj telev\u00edznych obrazoviek. Spolo\u010dne v\u00e1s preved\u00fa pr\u00edbehom pln\u00fdm fant\u00e1zie, v\u00a0ktorom sa dobro stretne v\u00a0z\u00e1pase so zlom.<\/p>\n<p>Sami si v\u0161ak neporadia! Pr\u00ed\u010fte na\u0161im hrdinom na pomoc v n\u00e1ro\u010dnej \u00falohe tohto leta. Zachr\u00e1\u0148me spolo\u010dne mal\u00e9ho dr\u00e1\u010dika Arno\u0161ta pred intrigami zloducha Zloboja.\u00a0Pre\u017eijeme tak spolu dobrodru\u017estv\u00e1, po\u010das ktor\u00fdch deti zapoj\u00edme priamo do dra\u010dej rozpr\u00e1vky. Popri nej m\u00e1me pre V\u00e1s nachystan\u00fd aj celodenn\u00fd program pln\u00fd hier a z\u00e1bavy.<\/p>\n<p>Kr\u00e1\u013eovsk\u00fa sl\u00e1vnos\u0165 zah\u00e1ji dvojica hradn\u00fdch \u0161a\u0161ov. Vedia \u017eonglova\u0165, na chod\u00fa\u013eoch pochodova\u0165 aj z\u00e1bavn\u00fdmi pr\u00edbehmi \u00fasmevy vy\u010darova\u0165. Medzi dra\u010d\u00edmi rozpr\u00e1vkami na V\u00e1s potom \u010dak\u00e1 predstavenie \u201eAko \u0161a\u0161o princezn\u00fa zachr\u00e1nil\u201c v podan\u00ed divadla\u00a0Z\u00e1BaVKa. Len pozera\u0165 v\u0161ak nesta\u010d\u00ed, a preto bude k nemu rovno aj tane\u010dn\u00e1 \u0161kola. O \u010fal\u0161\u00ed kus z\u00e1bavy sa postaraj\u00fa rytieri ob\u010dianskeho zdru\u017eenia\u00a0Schatmansdorf. Ke\u010f pr\u00e1ve nebud\u00fa br\u00e1ni\u0165 kr\u00e1\u013ea Marka, zabezpe\u010dia pre V\u00e1s lukostre\u013ebu, ma\u013eovanie na tv\u00e1r, no hlavne, v\u00fdcvik mal\u00fdch rytierov. Nie nadarmo, budeme ich toti\u017e potrebova\u0165 v rozpr\u00e1vke!<\/p>\n<p>Po\u010das cel\u00e9ho d\u0148a sa m\u00f4\u017eete te\u0161i\u0165 aj na bohat\u00fa ponuku hier a aktiv\u00edt, ktor\u00e9 pre V\u00e1s pripravilo ob\u010dianske zdru\u017eenie\u00a0POP Akad\u00e9mia. Pripravili si pre V\u00e1s napr\u00edklad tunel odvahy, maxi \u010dlove\u010de nehnevaj sa, bublinov\u00fd d\u00e1\u017e\u010f \u010di najv\u00e4\u010d\u0161ie ply\u0161ov\u00e9 srdce na svete. Priestor fant\u00e1zii m\u00f4\u017eete prenecha\u0165 v kreat\u00edvnej dielni\u010dke s dra\u010dou tematikou. Dobr\u00e1 sl\u00e1vnos\u0165 sa v\u0161ak napokon nezaob\u00edde bez hudby! Programom n\u00e1s preto bude sprev\u00e1dza\u0165 renesan\u010dn\u00e1 folkov\u00e1 skupina\u00a0Gailard.<\/p>\n<p>Te\u0161\u00edme sa na v\u00e1s 13. a\u00a014. augusta na Budat\u00ednskom hrade!<\/p>\n<p>Vstupenky a v\u0161etky inform\u00e1cie n\u00e1jdete na <a href=\"http:\/\/www.DracieDni.sk\">www.DracieDni.sk<\/a><\/p>\n<p><img fetchpriority=\"high\" decoding=\"async\" class=\"alignnone wp-image-52107\" src=\"https:\/\/pmza.sk\/wp-content\/uploads\/2022\/07\/BUDATIN_PL_A3-01-256x360.jpg\" alt=\"\" width=\"309\" height=\"435\" srcset=\"https:\/\/pmza.sk\/wp-content\/uploads\/2022\/07\/BUDATIN_PL_A3-01-256x360.jpg 256w, https:\/\/pmza.sk\/wp-content\/uploads\/2022\/07\/BUDATIN_PL_A3-01-523x736.jpg 523w, https:\/\/pmza.sk\/wp-content\/uploads\/2022\/07\/BUDATIN_PL_A3-01-768x1080.jpg 768w, https:\/\/pmza.sk\/wp-content\/uploads\/2022\/07\/BUDATIN_PL_A3-01-1092x1536.jpg 1092w, https:\/\/pmza.sk\/wp-content\/uploads\/2022\/07\/BUDATIN_PL_A3-01-1456x2048.jpg 1456w, https:\/\/pmza.sk\/wp-content\/uploads\/2022\/07\/BUDATIN_PL_A3-01-600x844.jpg 600w, https:\/\/pmza.sk\/wp-content\/uploads\/2022\/07\/BUDATIN_PL_A3-01.jpg 1789w\" sizes=\"(max-width: 309px) 100vw, 309px\" \/><\/p>\n<p>&nbsp;<\/p>\n","protected":false},"excerpt":{"rendered":"<p>Vst\u00fapte do sveta drakov, v\u00edl a odv\u00e1\u017enych rytierov, v ktorom o\u017eij\u00fa tie najkraj\u0161ie legendy. Rodinn\u00fd festival Dra\u010die dni prich\u00e1dza na Budat\u00ednsky hrad u\u017e po\u010das v\u00edkendu 13. a 14. augusta 2022. Te\u0161i\u0165 sa m\u00f4\u017eete na origin\u00e1lnu rozpr\u00e1vku s hereck\u00fdm obsaden\u00edm, sprievodn\u00fd program pln\u00fd z\u00e1bavy a\u00a0pestr\u00e9 st\u00e1nky hradn\u00e9ho jarmoku. Na Budat\u00ednskom hrade V\u00e1s priv\u00edta dobr\u00fd kr\u00e1\u013e, ktor\u00e9ho [&hellip;]<\/p>\n","protected":false},"author":2,"featured_media":52032,"comment_status":"open","ping_status":"open","sticky":false,"template":"","format":"standard","meta":{"site-sidebar-layout":"default","site-content-layout":"default","ast-site-content-layout":"","site-content-style":"default","site-sidebar-style":"default","ast-global-header-display":"","ast-banner-title-visibility":"","ast-main-header-display":"","ast-hfb-above-header-display":"","ast-hfb-below-header-display":"","ast-hfb-mobile-header-display":"","site-post-title":"","ast-breadcrumbs-content":"","ast-featured-img":"","footer-sml-layout":"","theme-transparent-header-meta":"default","adv-header-id-meta":"","stick-header-meta":"default","header-above-stick-meta":"","header-main-stick-meta":"","header-below-stick-meta":"","astra-migrate-meta-layouts":"default","ast-page-background-enabled":"default","ast-page-background-meta":{"desktop":{"background-color":"var(--ast-global-color-4)","background-image":"","background-repeat":"repeat","background-position":"center center","background-size":"auto","background-attachment":"scroll","background-type":"","background-media":"","overlay-type":"","overlay-color":"","overlay-opacity":"","overlay-gradient":""},"tablet":{"background-color":"","background-image":"","background-repeat":"repeat","background-position":"center center","background-size":"auto","background-attachment":"scroll","background-type":"","background-media":"","overlay-type":"","overlay-color":"","overlay-opacity":"","overlay-gradient":""},"mobile":{"background-color":"","background-image":"","background-repeat":"repeat","background-position":"center center","background-size":"auto","background-attachment":"scroll","background-type":"","background-media":"","overlay-type":"","overlay-color":"","overlay-opacity":"","overlay-gradient":""}},"ast-content-background-meta":{"desktop":{"background-color":"var(--ast-global-color-5)","background-image":"","background-repeat":"repeat","background-position":"center center","background-size":"auto","background-attachment":"scroll","background-type":"","background-media":"","overlay-type":"","overlay-color":"","overlay-opacity":"","overlay-gradient":""},"tablet":{"background-color":"var(--ast-global-color-5)","background-image":"","background-repeat":"repeat","background-position":"center center","background-size":"auto","background-attachment":"scroll","background-type":"","background-media":"","overlay-type":"","overlay-color":"","overlay-opacity":"","overlay-gradient":""},"mobile":{"background-color":"var(--ast-global-color-5)","background-image":"","background-repeat":"repeat","background-position":"center center","background-size":"auto","background-attachment":"scroll","background-type":"","background-media":"","overlay-type":"","overlay-color":"","overlay-opacity":"","overlay-gradient":""}},"footnotes":""},"categories":[71],"tags":[],"class_list":["post-52031","post","type-post","status-publish","format-standard","has-post-thumbnail","hentry","category-podujatia"],"yoast_head":"<!-- This site is optimized with the Yoast SEO plugin v27.4 - https:\/\/yoast.com\/product\/yoast-seo-wordpress\/ -->\n<title>Dra\u010die dni - Pova\u017esk\u00e9 m\u00fazeum<\/title>\n<meta name=\"description\" content=\"Dra\u010die dni s\u00fa origin\u00e1lny rozpr\u00e1vkov\u00fd festival pre cel\u00fa rodinu. Organiz\u00e1tori poz\u00fdvaj\u00fa do sveta drakov, v\u00edl a odv\u00e1\u017enych rytierov, v ktorom o\u017eij\u00fa tie najkraj\u0161ie legendy. Po\u010das tohto leta precestuj\u00fa Slovensko s e\u0161te bohat\u0161\u00edm celodenn\u00fdm programom. Z\u00e1ujemcovia sa m\u00f4\u017eu te\u0161i\u0165 na origin\u00e1lnu interakt\u00edvnu dra\u010diu rozpr\u00e1vku s profesion\u00e1lnym hereck\u00fdm obsaden\u00edm. V are\u00e1li Budat\u00ednskeho hradu sa podujatie uskuto\u010dn\u00ed 13. a 14. augusta.\" \/>\n<meta name=\"robots\" content=\"index, follow, max-snippet:-1, max-image-preview:large, max-video-preview:-1\" \/>\n<link rel=\"canonical\" href=\"https:\/\/pmza.sk\/?p=52031\" \/>\n<meta property=\"og:locale\" content=\"sk_SK\" \/>\n<meta property=\"og:type\" content=\"article\" \/>\n<meta property=\"og:title\" content=\"Dra\u010die dni - Pova\u017esk\u00e9 m\u00fazeum\" \/>\n<meta property=\"og:description\" content=\"Dra\u010die dni s\u00fa origin\u00e1lny rozpr\u00e1vkov\u00fd festival pre cel\u00fa rodinu. Organiz\u00e1tori poz\u00fdvaj\u00fa do sveta drakov, v\u00edl a odv\u00e1\u017enych rytierov, v ktorom o\u017eij\u00fa tie najkraj\u0161ie legendy. Po\u010das tohto leta precestuj\u00fa Slovensko s e\u0161te bohat\u0161\u00edm celodenn\u00fdm programom. Z\u00e1ujemcovia sa m\u00f4\u017eu te\u0161i\u0165 na origin\u00e1lnu interakt\u00edvnu dra\u010diu rozpr\u00e1vku s profesion\u00e1lnym hereck\u00fdm obsaden\u00edm. V are\u00e1li Budat\u00ednskeho hradu sa podujatie uskuto\u010dn\u00ed 13. a 14. augusta.\" \/>\n<meta property=\"og:url\" content=\"https:\/\/pmza.sk\/?p=52031\" \/>\n<meta property=\"og:site_name\" content=\"Pova\u017esk\u00e9 m\u00fazeum\" \/>\n<meta property=\"article:publisher\" content=\"https:\/\/www.facebook.com\/povazskemuzeum\" \/>\n<meta property=\"article:published_time\" content=\"2022-07-29T06:19:19+00:00\" \/>\n<meta property=\"article:modified_time\" content=\"2022-08-16T05:56:04+00:00\" \/>\n<meta property=\"og:image\" content=\"https:\/\/pmza.sk\/wp-content\/uploads\/2022\/07\/Dracie-dni.webp\" \/>\n\t<meta property=\"og:image:width\" content=\"2048\" \/>\n\t<meta property=\"og:image:height\" content=\"979\" \/>\n\t<meta property=\"og:image:type\" content=\"image\/webp\" \/>\n<meta name=\"author\" content=\"Pova\u017esk\u00e9 m\u00fazeum\" \/>\n<meta name=\"twitter:card\" content=\"summary_large_image\" \/>\n<meta name=\"twitter:label1\" content=\"Autor\" \/>\n\t<meta name=\"twitter:data1\" content=\"Pova\u017esk\u00e9 m\u00fazeum\" \/>\n\t<meta name=\"twitter:label2\" content=\"Predpokladan\u00fd \u010das \u010d\u00edtania\" \/>\n\t<meta name=\"twitter:data2\" content=\"2 min\u00faty\" \/>\n<script type=\"application\/ld+json\" class=\"yoast-schema-graph\">{\"@context\":\"https:\\\/\\\/schema.org\",\"@graph\":[{\"@type\":\"Article\",\"@id\":\"https:\\\/\\\/pmza.sk\\\/?p=52031#article\",\"isPartOf\":{\"@id\":\"https:\\\/\\\/pmza.sk\\\/?p=52031\"},\"author\":{\"name\":\"Pova\u017esk\u00e9 m\u00fazeum\",\"@id\":\"https:\\\/\\\/pmza.sk\\\/#\\\/schema\\\/person\\\/595e6a2ce731ea94dcd5d7f50a41ae33\"},\"headline\":\"Dra\u010die dni\",\"datePublished\":\"2022-07-29T06:19:19+00:00\",\"dateModified\":\"2022-08-16T05:56:04+00:00\",\"mainEntityOfPage\":{\"@id\":\"https:\\\/\\\/pmza.sk\\\/?p=52031\"},\"wordCount\":431,\"commentCount\":0,\"publisher\":{\"@id\":\"https:\\\/\\\/pmza.sk\\\/#organization\"},\"image\":{\"@id\":\"https:\\\/\\\/pmza.sk\\\/?p=52031#primaryimage\"},\"thumbnailUrl\":\"https:\\\/\\\/pmza.sk\\\/wp-content\\\/uploads\\\/2022\\\/07\\\/Dracie-dni.webp\",\"articleSection\":[\"Podujatia\"],\"inLanguage\":\"sk-SK\"},{\"@type\":\"WebPage\",\"@id\":\"https:\\\/\\\/pmza.sk\\\/?p=52031\",\"url\":\"https:\\\/\\\/pmza.sk\\\/?p=52031\",\"name\":\"Dra\u010die dni - Pova\u017esk\u00e9 m\u00fazeum\",\"isPartOf\":{\"@id\":\"https:\\\/\\\/pmza.sk\\\/#website\"},\"primaryImageOfPage\":{\"@id\":\"https:\\\/\\\/pmza.sk\\\/?p=52031#primaryimage\"},\"image\":{\"@id\":\"https:\\\/\\\/pmza.sk\\\/?p=52031#primaryimage\"},\"thumbnailUrl\":\"https:\\\/\\\/pmza.sk\\\/wp-content\\\/uploads\\\/2022\\\/07\\\/Dracie-dni.webp\",\"datePublished\":\"2022-07-29T06:19:19+00:00\",\"dateModified\":\"2022-08-16T05:56:04+00:00\",\"description\":\"Dra\u010die dni s\u00fa origin\u00e1lny rozpr\u00e1vkov\u00fd festival pre cel\u00fa rodinu. Organiz\u00e1tori poz\u00fdvaj\u00fa do sveta drakov, v\u00edl a odv\u00e1\u017enych rytierov, v ktorom o\u017eij\u00fa tie najkraj\u0161ie legendy. Po\u010das tohto leta precestuj\u00fa Slovensko s e\u0161te bohat\u0161\u00edm celodenn\u00fdm programom. Z\u00e1ujemcovia sa m\u00f4\u017eu te\u0161i\u0165 na origin\u00e1lnu interakt\u00edvnu dra\u010diu rozpr\u00e1vku s profesion\u00e1lnym hereck\u00fdm obsaden\u00edm. V are\u00e1li Budat\u00ednskeho hradu sa podujatie uskuto\u010dn\u00ed 13. a 14. augusta.\",\"breadcrumb\":{\"@id\":\"https:\\\/\\\/pmza.sk\\\/?p=52031#breadcrumb\"},\"inLanguage\":\"sk-SK\",\"potentialAction\":[{\"@type\":\"ReadAction\",\"target\":[\"https:\\\/\\\/pmza.sk\\\/?p=52031\"]}]},{\"@type\":\"ImageObject\",\"inLanguage\":\"sk-SK\",\"@id\":\"https:\\\/\\\/pmza.sk\\\/?p=52031#primaryimage\",\"url\":\"https:\\\/\\\/pmza.sk\\\/wp-content\\\/uploads\\\/2022\\\/07\\\/Dracie-dni.webp\",\"contentUrl\":\"https:\\\/\\\/pmza.sk\\\/wp-content\\\/uploads\\\/2022\\\/07\\\/Dracie-dni.webp\",\"width\":2048,\"height\":979},{\"@type\":\"BreadcrumbList\",\"@id\":\"https:\\\/\\\/pmza.sk\\\/?p=52031#breadcrumb\",\"itemListElement\":[{\"@type\":\"ListItem\",\"position\":1,\"name\":\"Domovsk\u00e1 str\u00e1nka\",\"item\":\"https:\\\/\\\/pmza.sk\\\/\"},{\"@type\":\"ListItem\",\"position\":2,\"name\":\"Dra\u010die dni\"}]},{\"@type\":\"WebSite\",\"@id\":\"https:\\\/\\\/pmza.sk\\\/#website\",\"url\":\"https:\\\/\\\/pmza.sk\\\/\",\"name\":\"Pova\u017esk\u00e9 m\u00fazeum\",\"description\":\"Pova\u017esk\u00e9 m\u00fazeum v \u017diline je region\u00e1lne m\u00fazeum so s\u00eddlom v Budat\u00edne. Jeho expoz\u00edcie s\u00fa zameran\u00e9 na dejiny slovensk\u00e9ho umenia, kult\u00fary a dopravy.\",\"publisher\":{\"@id\":\"https:\\\/\\\/pmza.sk\\\/#organization\"},\"potentialAction\":[{\"@type\":\"SearchAction\",\"target\":{\"@type\":\"EntryPoint\",\"urlTemplate\":\"https:\\\/\\\/pmza.sk\\\/?s={search_term_string}\"},\"query-input\":{\"@type\":\"PropertyValueSpecification\",\"valueRequired\":true,\"valueName\":\"search_term_string\"}}],\"inLanguage\":\"sk-SK\"},{\"@type\":\"Organization\",\"@id\":\"https:\\\/\\\/pmza.sk\\\/#organization\",\"name\":\"Pova\u017esk\u00e9 m\u00fazeum\",\"url\":\"https:\\\/\\\/pmza.sk\\\/\",\"logo\":{\"@type\":\"ImageObject\",\"inLanguage\":\"sk-SK\",\"@id\":\"https:\\\/\\\/pmza.sk\\\/#\\\/schema\\\/logo\\\/image\\\/\",\"url\":\"https:\\\/\\\/pmza.sk\\\/wp-content\\\/uploads\\\/2022\\\/01\\\/logo_PM_horizontal.jpg\",\"contentUrl\":\"https:\\\/\\\/pmza.sk\\\/wp-content\\\/uploads\\\/2022\\\/01\\\/logo_PM_horizontal.jpg\",\"width\":231,\"height\":142,\"caption\":\"Pova\u017esk\u00e9 m\u00fazeum\"},\"image\":{\"@id\":\"https:\\\/\\\/pmza.sk\\\/#\\\/schema\\\/logo\\\/image\\\/\"},\"sameAs\":[\"https:\\\/\\\/www.facebook.com\\\/povazskemuzeum\",\"https:\\\/\\\/www.instagram.com\\\/povazskemuzeum\\\/\"]},{\"@type\":\"Person\",\"@id\":\"https:\\\/\\\/pmza.sk\\\/#\\\/schema\\\/person\\\/595e6a2ce731ea94dcd5d7f50a41ae33\",\"name\":\"Pova\u017esk\u00e9 m\u00fazeum\",\"image\":{\"@type\":\"ImageObject\",\"inLanguage\":\"sk-SK\",\"@id\":\"https:\\\/\\\/secure.gravatar.com\\\/avatar\\\/2bb7f1561282132fb5826dfeccc66c7996d11ee392ac6aaf7ced8a1c2027fbb2?s=96&d=mm&r=g\",\"url\":\"https:\\\/\\\/secure.gravatar.com\\\/avatar\\\/2bb7f1561282132fb5826dfeccc66c7996d11ee392ac6aaf7ced8a1c2027fbb2?s=96&d=mm&r=g\",\"contentUrl\":\"https:\\\/\\\/secure.gravatar.com\\\/avatar\\\/2bb7f1561282132fb5826dfeccc66c7996d11ee392ac6aaf7ced8a1c2027fbb2?s=96&d=mm&r=g\",\"caption\":\"Pova\u017esk\u00e9 m\u00fazeum\"}}]}<\/script>\n<!-- \/ Yoast SEO plugin. -->","yoast_head_json":{"title":"Dra\u010die dni - Pova\u017esk\u00e9 m\u00fazeum","description":"Dra\u010die dni s\u00fa origin\u00e1lny rozpr\u00e1vkov\u00fd festival pre cel\u00fa rodinu. Organiz\u00e1tori poz\u00fdvaj\u00fa do sveta drakov, v\u00edl a odv\u00e1\u017enych rytierov, v ktorom o\u017eij\u00fa tie najkraj\u0161ie legendy. Po\u010das tohto leta precestuj\u00fa Slovensko s e\u0161te bohat\u0161\u00edm celodenn\u00fdm programom. Z\u00e1ujemcovia sa m\u00f4\u017eu te\u0161i\u0165 na origin\u00e1lnu interakt\u00edvnu dra\u010diu rozpr\u00e1vku s profesion\u00e1lnym hereck\u00fdm obsaden\u00edm. V are\u00e1li Budat\u00ednskeho hradu sa podujatie uskuto\u010dn\u00ed 13. a 14. augusta.","robots":{"index":"index","follow":"follow","max-snippet":"max-snippet:-1","max-image-preview":"max-image-preview:large","max-video-preview":"max-video-preview:-1"},"canonical":"https:\/\/pmza.sk\/?p=52031","og_locale":"sk_SK","og_type":"article","og_title":"Dra\u010die dni - Pova\u017esk\u00e9 m\u00fazeum","og_description":"Dra\u010die dni s\u00fa origin\u00e1lny rozpr\u00e1vkov\u00fd festival pre cel\u00fa rodinu. Organiz\u00e1tori poz\u00fdvaj\u00fa do sveta drakov, v\u00edl a odv\u00e1\u017enych rytierov, v ktorom o\u017eij\u00fa tie najkraj\u0161ie legendy. Po\u010das tohto leta precestuj\u00fa Slovensko s e\u0161te bohat\u0161\u00edm celodenn\u00fdm programom. Z\u00e1ujemcovia sa m\u00f4\u017eu te\u0161i\u0165 na origin\u00e1lnu interakt\u00edvnu dra\u010diu rozpr\u00e1vku s profesion\u00e1lnym hereck\u00fdm obsaden\u00edm. V are\u00e1li Budat\u00ednskeho hradu sa podujatie uskuto\u010dn\u00ed 13. a 14. augusta.","og_url":"https:\/\/pmza.sk\/?p=52031","og_site_name":"Pova\u017esk\u00e9 m\u00fazeum","article_publisher":"https:\/\/www.facebook.com\/povazskemuzeum","article_published_time":"2022-07-29T06:19:19+00:00","article_modified_time":"2022-08-16T05:56:04+00:00","og_image":[{"width":2048,"height":979,"url":"https:\/\/pmza.sk\/wp-content\/uploads\/2022\/07\/Dracie-dni.webp","type":"image\/webp"}],"author":"Pova\u017esk\u00e9 m\u00fazeum","twitter_card":"summary_large_image","twitter_misc":{"Autor":"Pova\u017esk\u00e9 m\u00fazeum","Predpokladan\u00fd \u010das \u010d\u00edtania":"2 min\u00faty"},"schema":{"@context":"https:\/\/schema.org","@graph":[{"@type":"Article","@id":"https:\/\/pmza.sk\/?p=52031#article","isPartOf":{"@id":"https:\/\/pmza.sk\/?p=52031"},"author":{"name":"Pova\u017esk\u00e9 m\u00fazeum","@id":"https:\/\/pmza.sk\/#\/schema\/person\/595e6a2ce731ea94dcd5d7f50a41ae33"},"headline":"Dra\u010die dni","datePublished":"2022-07-29T06:19:19+00:00","dateModified":"2022-08-16T05:56:04+00:00","mainEntityOfPage":{"@id":"https:\/\/pmza.sk\/?p=52031"},"wordCount":431,"commentCount":0,"publisher":{"@id":"https:\/\/pmza.sk\/#organization"},"image":{"@id":"https:\/\/pmza.sk\/?p=52031#primaryimage"},"thumbnailUrl":"https:\/\/pmza.sk\/wp-content\/uploads\/2022\/07\/Dracie-dni.webp","articleSection":["Podujatia"],"inLanguage":"sk-SK"},{"@type":"WebPage","@id":"https:\/\/pmza.sk\/?p=52031","url":"https:\/\/pmza.sk\/?p=52031","name":"Dra\u010die dni - Pova\u017esk\u00e9 m\u00fazeum","isPartOf":{"@id":"https:\/\/pmza.sk\/#website"},"primaryImageOfPage":{"@id":"https:\/\/pmza.sk\/?p=52031#primaryimage"},"image":{"@id":"https:\/\/pmza.sk\/?p=52031#primaryimage"},"thumbnailUrl":"https:\/\/pmza.sk\/wp-content\/uploads\/2022\/07\/Dracie-dni.webp","datePublished":"2022-07-29T06:19:19+00:00","dateModified":"2022-08-16T05:56:04+00:00","description":"Dra\u010die dni s\u00fa origin\u00e1lny rozpr\u00e1vkov\u00fd festival pre cel\u00fa rodinu. Organiz\u00e1tori poz\u00fdvaj\u00fa do sveta drakov, v\u00edl a odv\u00e1\u017enych rytierov, v ktorom o\u017eij\u00fa tie najkraj\u0161ie legendy. Po\u010das tohto leta precestuj\u00fa Slovensko s e\u0161te bohat\u0161\u00edm celodenn\u00fdm programom. Z\u00e1ujemcovia sa m\u00f4\u017eu te\u0161i\u0165 na origin\u00e1lnu interakt\u00edvnu dra\u010diu rozpr\u00e1vku s profesion\u00e1lnym hereck\u00fdm obsaden\u00edm. V are\u00e1li Budat\u00ednskeho hradu sa podujatie uskuto\u010dn\u00ed 13. a 14. augusta.","breadcrumb":{"@id":"https:\/\/pmza.sk\/?p=52031#breadcrumb"},"inLanguage":"sk-SK","potentialAction":[{"@type":"ReadAction","target":["https:\/\/pmza.sk\/?p=52031"]}]},{"@type":"ImageObject","inLanguage":"sk-SK","@id":"https:\/\/pmza.sk\/?p=52031#primaryimage","url":"https:\/\/pmza.sk\/wp-content\/uploads\/2022\/07\/Dracie-dni.webp","contentUrl":"https:\/\/pmza.sk\/wp-content\/uploads\/2022\/07\/Dracie-dni.webp","width":2048,"height":979},{"@type":"BreadcrumbList","@id":"https:\/\/pmza.sk\/?p=52031#breadcrumb","itemListElement":[{"@type":"ListItem","position":1,"name":"Domovsk\u00e1 str\u00e1nka","item":"https:\/\/pmza.sk\/"},{"@type":"ListItem","position":2,"name":"Dra\u010die dni"}]},{"@type":"WebSite","@id":"https:\/\/pmza.sk\/#website","url":"https:\/\/pmza.sk\/","name":"Pova\u017esk\u00e9 m\u00fazeum","description":"Pova\u017esk\u00e9 m\u00fazeum v \u017diline je region\u00e1lne m\u00fazeum so s\u00eddlom v Budat\u00edne. Jeho expoz\u00edcie s\u00fa zameran\u00e9 na dejiny slovensk\u00e9ho umenia, kult\u00fary a dopravy.","publisher":{"@id":"https:\/\/pmza.sk\/#organization"},"potentialAction":[{"@type":"SearchAction","target":{"@type":"EntryPoint","urlTemplate":"https:\/\/pmza.sk\/?s={search_term_string}"},"query-input":{"@type":"PropertyValueSpecification","valueRequired":true,"valueName":"search_term_string"}}],"inLanguage":"sk-SK"},{"@type":"Organization","@id":"https:\/\/pmza.sk\/#organization","name":"Pova\u017esk\u00e9 m\u00fazeum","url":"https:\/\/pmza.sk\/","logo":{"@type":"ImageObject","inLanguage":"sk-SK","@id":"https:\/\/pmza.sk\/#\/schema\/logo\/image\/","url":"https:\/\/pmza.sk\/wp-content\/uploads\/2022\/01\/logo_PM_horizontal.jpg","contentUrl":"https:\/\/pmza.sk\/wp-content\/uploads\/2022\/01\/logo_PM_horizontal.jpg","width":231,"height":142,"caption":"Pova\u017esk\u00e9 m\u00fazeum"},"image":{"@id":"https:\/\/pmza.sk\/#\/schema\/logo\/image\/"},"sameAs":["https:\/\/www.facebook.com\/povazskemuzeum","https:\/\/www.instagram.com\/povazskemuzeum\/"]},{"@type":"Person","@id":"https:\/\/pmza.sk\/#\/schema\/person\/595e6a2ce731ea94dcd5d7f50a41ae33","name":"Pova\u017esk\u00e9 m\u00fazeum","image":{"@type":"ImageObject","inLanguage":"sk-SK","@id":"https:\/\/secure.gravatar.com\/avatar\/2bb7f1561282132fb5826dfeccc66c7996d11ee392ac6aaf7ced8a1c2027fbb2?s=96&d=mm&r=g","url":"https:\/\/secure.gravatar.com\/avatar\/2bb7f1561282132fb5826dfeccc66c7996d11ee392ac6aaf7ced8a1c2027fbb2?s=96&d=mm&r=g","contentUrl":"https:\/\/secure.gravatar.com\/avatar\/2bb7f1561282132fb5826dfeccc66c7996d11ee392ac6aaf7ced8a1c2027fbb2?s=96&d=mm&r=g","caption":"Pova\u017esk\u00e9 m\u00fazeum"}}]}},"_links":{"self":[{"href":"https:\/\/pmza.sk\/index.php?rest_route=\/wp\/v2\/posts\/52031","targetHints":{"allow":["GET"]}}],"collection":[{"href":"https:\/\/pmza.sk\/index.php?rest_route=\/wp\/v2\/posts"}],"about":[{"href":"https:\/\/pmza.sk\/index.php?rest_route=\/wp\/v2\/types\/post"}],"author":[{"embeddable":true,"href":"https:\/\/pmza.sk\/index.php?rest_route=\/wp\/v2\/users\/2"}],"replies":[{"embeddable":true,"href":"https:\/\/pmza.sk\/index.php?rest_route=%2Fwp%2Fv2%2Fcomments&post=52031"}],"version-history":[{"count":0,"href":"https:\/\/pmza.sk\/index.php?rest_route=\/wp\/v2\/posts\/52031\/revisions"}],"wp:featuredmedia":[{"embeddable":true,"href":"https:\/\/pmza.sk\/index.php?rest_route=\/wp\/v2\/media\/52032"}],"wp:attachment":[{"href":"https:\/\/pmza.sk\/index.php?rest_route=%2Fwp%2Fv2%2Fmedia&parent=52031"}],"wp:term":[{"taxonomy":"category","embeddable":true,"href":"https:\/\/pmza.sk\/index.php?rest_route=%2Fwp%2Fv2%2Fcategories&post=52031"},{"taxonomy":"post_tag","embeddable":true,"href":"https:\/\/pmza.sk\/index.php?rest_route=%2Fwp%2Fv2%2Ftags&post=52031"}],"curies":[{"name":"wp","href":"https:\/\/api.w.org\/{rel}","templated":true}]}}