{"id":5208,"date":"2012-03-16T14:46:31","date_gmt":"2012-03-16T13:46:31","guid":{"rendered":"https:\/\/pmza.sk.sk\/?p=5208"},"modified":"2012-03-16T14:46:31","modified_gmt":"2012-03-16T13:46:31","slug":"jedno-miesto-vela-svetov","status":"publish","type":"post","link":"https:\/\/pmza.sk\/?p=5208","title":{"rendered":"Jedno miesto \u2013 ve\u013ea svetov"},"content":{"rendered":"<p><strong> <\/strong><\/p>\n<p><a href=\"https:\/\/pmza.sk\/wp-content\/uploads\/2012\/03\/normal_Tazny_kon_Gemer_Alenka_Rochovska.jpg\"><img fetchpriority=\"high\" decoding=\"async\" class=\"alignleft size-medium wp-image-5209\" style=\"border: 2px solid black; margin: 4px;\" title=\"normal_Tazny_kon_Gemer_Alenka_Rochovska\" src=\"https:\/\/pmza.sk.sk\/wp-content\/uploads\/2012\/03\/normal_Tazny_kon_Gemer_Alenka_Rochovska-300x225.jpg\" alt=\"\" width=\"300\" height=\"225\" \/><\/a>Vybran\u00fdm slovensk\u00fdm regi\u00f3nom &#8211; Stredn\u00e9mu Pova\u017eiu, Orave, Z\u00e1horiu, Gemeru a\u00a0Zempl\u00ednu\u00a0 \u00a0sa podrobne venuje v\u00fdstava pod n\u00e1zvom <strong>Jedno miesto \u2013 ve\u013ea svetov,<\/strong> ktor\u00e1 je a\u017e do 13. apr\u00edla 2012 pr\u00edstupn\u00e1 verejnosti v\u00a0priestoroch Sob\u00e1\u0161neho pal\u00e1ca v\u00a0Byt\u010di. \u201e<em>V\u00fdstava je jedn\u00fdm z\u00a0v\u00fdstupov projektu Jedno miesto \u2013 ve\u013ea svetov: geografick\u00e1 variabilita \u017eivotn\u00fdch strat\u00e9gi\u00ed v\u00a0slovenskej spolo\u010dnosti, ktor\u00fd s finan\u010dnou podporou Agent\u00fary na podporu v\u00fdskumu a\u00a0v\u00fdvoja realizoval v\u00a0rokoch 2008 a\u017e 2011 kolekt\u00edv pracovn\u00edkov Katedry hum\u00e1nnej geografie a\u00a0demografie Pr\u00edrodovedeckej fakulty Univerzity Komensk\u00e9ho v\u00a0Bratislave,<\/em>\u201c uviedla Alena Rochovsk\u00e1, hlavn\u00e1 rie\u0161ite\u013eka projektu.<!--more--><\/p>\n<p>V\u00fdstava na viac ako tridsiatich paneloch prezentuje zauj\u00edmav\u00e9 pr\u00edbehy slovensk\u00fdch dom\u00e1cnost\u00ed. Opisuje \u010dasto kr\u00e1t r\u00f4znorod\u00e9 pre\u017e\u00edvanie ka\u017edodenn\u00fdch probl\u00e9mov vo vz\u0165ahu k\u00a0\u017eivobytiu, spolo\u010densko-ekonomick\u00fdm situ\u00e1ci\u00e1m, ale aj vo vz\u0165ahu k\u00a0s\u00fa\u010dasn\u00fdm soci\u00e1lnym v\u00e4zb\u00e1m na vidieku, ktor\u00fdch intenzita m\u00e1 v\u00a0porovnan\u00ed s\u00a0minulos\u0165ou \u00a0slabn\u00facu tendenciu. D\u00f4le\u017eitou s\u00fa\u010das\u0165ou celej v\u00fdstavy s\u00fa v\u00fdroky a\u00a0cit\u00e1ty respondentov, ktor\u00e9 boli zozbieran\u00e9 v\u00a0r\u00e1mci poslednej f\u00e1zy ter\u00e9nneho v\u00fdskumu v\u00a0dom\u00e1cnostiach \u00a0sk\u00faman\u00fdch regi\u00f3nov. Na margo t\u00e9my chudoby na vidieku si m\u00f4\u017eu n\u00e1v\u0161tevn\u00edci v\u00fdstavy pre\u010d\u00edta\u0165 napr\u00edklad zauj\u00edmav\u00fd postoj 60 ro\u010dnej \u017eeny, pracuj\u00facej v\u00a0po\u013enohospod\u00e1rstve zo Stredn\u00e9ho Pova\u017eia: \u201e<em>Mysl\u00edm si, \u017ee nie sme chudobn\u00ed, aj ke\u010f \u010dlovek mo\u017eno nem\u00e1 to, \u010do by chcel ma\u0165, ale chudoba je niekde inde. M\u00e1me \u010do jes\u0165, nie sme hladn\u00ed, sme obut\u00ed, teplo m\u00e1me, tak\u017ee nemysl\u00edm si, \u017ee sme chudobn\u00ed. A\u00a0ma\u0165 v\u0161etko, to \u010dlovek nesmie t\u00fa\u017ei\u0165.\u201c<\/em><\/p>\n<p>\u010clovek \u017eij\u00faci na slovenskom vidieku prostredn\u00edctvom tejto v\u00fdstavy hodnot\u00ed aj svoje istoty, zlo\u017eit\u00e9 obdobia zmien v\u00a0spolo\u010dnosti, nedostatok financi\u00ed, dom\u00e1ce hospod\u00e1renie, a v\u00f4bec celkovo \u017eivot na vidieku \u2013 jeho v\u00fdhody a\u00a0nev\u00fdhody v\u00a0kontraste so \u017eivotom v\u00a0meste. Na z\u00e1ver, e\u0161te jeden v\u00fdrok na zamyslenie. \u201e<em>Ur\u010dite sme vo ve\u013ekej nev\u00fdhode oproti \u013eu\u010fom na Dolniakoch. Vo ve\u013ekej nev\u00fdhode. Oni maj\u00fa sk\u00f4r teplo. Zas \u010do n\u00e1m m\u00f4\u017eu z\u00e1vidie\u0165 a\u00a0\u010do n\u00e1m z\u00e1vidia, to je na\u0161e prostredie<\/em>,\u201c hovor\u00ed 64 ro\u010dn\u00e1 \u017eena, kontrol\u00f3rka, taktie\u017e zo Stredn\u00e9ho Pova\u017eia.<\/p>\n<p>Pr\u00edbeh n\u00e1\u0161ho vidieka na v\u00fdstave s\u00a0v\u00fdsti\u017en\u00fdm n\u00e1zvom <strong>Jedno miesto \u2013 ve\u013ea svetov <\/strong>si m\u00f4\u017eu<strong> <\/strong>n\u00e1v\u0161tevn\u00edci Sob\u00e1\u0161neho pal\u00e1ca v\u00a0Byt\u010di pre\u010d\u00edta\u0165 do 13. apr\u00edla 2012. Organiz\u00e1torom v\u00fdstavy je \u017dilinsk\u00fd samospr\u00e1vny kraj, Pova\u017esk\u00e9 m\u00fazeum v\u00a0\u017diline, Katedra hum\u00e1nnej geografie a\u00a0demografie Pr\u00edrodovedeckej fakulty Univerzity Komensk\u00e9ho v\u00a0Bratislave a\u00a0Agent\u00fara na podporu v\u00fdskumu a\u00a0v\u00fdvoja.<\/p>\n<p>&nbsp;<\/p>\n","protected":false},"excerpt":{"rendered":"<p>Vybran\u00fdm slovensk\u00fdm regi\u00f3nom &#8211; Stredn\u00e9mu Pova\u017eiu, Orave, Z\u00e1horiu, Gemeru a\u00a0Zempl\u00ednu\u00a0 \u00a0sa podrobne venuje v\u00fdstava pod n\u00e1zvom Jedno miesto \u2013 ve\u013ea svetov, ktor\u00e1 je a\u017e do 13. apr\u00edla 2012 pr\u00edstupn\u00e1 verejnosti v\u00a0priestoroch Sob\u00e1\u0161neho pal\u00e1ca v\u00a0Byt\u010di. \u201eV\u00fdstava je jedn\u00fdm z\u00a0v\u00fdstupov projektu Jedno miesto \u2013 ve\u013ea svetov: geografick\u00e1 variabilita \u017eivotn\u00fdch strat\u00e9gi\u00ed v\u00a0slovenskej spolo\u010dnosti, ktor\u00fd s finan\u010dnou podporou Agent\u00fary [&hellip;]<\/p>\n","protected":false},"author":2,"featured_media":0,"comment_status":"closed","ping_status":"closed","sticky":false,"template":"","format":"standard","meta":{"site-sidebar-layout":"default","site-content-layout":"","ast-site-content-layout":"","site-content-style":"default","site-sidebar-style":"default","ast-global-header-display":"","ast-banner-title-visibility":"","ast-main-header-display":"","ast-hfb-above-header-display":"","ast-hfb-below-header-display":"","ast-hfb-mobile-header-display":"","site-post-title":"","ast-breadcrumbs-content":"","ast-featured-img":"","footer-sml-layout":"","theme-transparent-header-meta":"","adv-header-id-meta":"","stick-header-meta":"","header-above-stick-meta":"","header-main-stick-meta":"","header-below-stick-meta":"","astra-migrate-meta-layouts":"default","ast-page-background-enabled":"default","ast-page-background-meta":{"desktop":{"background-color":"var(--ast-global-color-4)","background-image":"","background-repeat":"repeat","background-position":"center center","background-size":"auto","background-attachment":"scroll","background-type":"","background-media":"","overlay-type":"","overlay-color":"","overlay-opacity":"","overlay-gradient":""},"tablet":{"background-color":"","background-image":"","background-repeat":"repeat","background-position":"center center","background-size":"auto","background-attachment":"scroll","background-type":"","background-media":"","overlay-type":"","overlay-color":"","overlay-opacity":"","overlay-gradient":""},"mobile":{"background-color":"","background-image":"","background-repeat":"repeat","background-position":"center center","background-size":"auto","background-attachment":"scroll","background-type":"","background-media":"","overlay-type":"","overlay-color":"","overlay-opacity":"","overlay-gradient":""}},"ast-content-background-meta":{"desktop":{"background-color":"var(--ast-global-color-5)","background-image":"","background-repeat":"repeat","background-position":"center center","background-size":"auto","background-attachment":"scroll","background-type":"","background-media":"","overlay-type":"","overlay-color":"","overlay-opacity":"","overlay-gradient":""},"tablet":{"background-color":"var(--ast-global-color-5)","background-image":"","background-repeat":"repeat","background-position":"center center","background-size":"auto","background-attachment":"scroll","background-type":"","background-media":"","overlay-type":"","overlay-color":"","overlay-opacity":"","overlay-gradient":""},"mobile":{"background-color":"var(--ast-global-color-5)","background-image":"","background-repeat":"repeat","background-position":"center center","background-size":"auto","background-attachment":"scroll","background-type":"","background-media":"","overlay-type":"","overlay-color":"","overlay-opacity":"","overlay-gradient":""}},"footnotes":""},"categories":[32],"tags":[],"class_list":["post-5208","post","type-post","status-publish","format-standard","hentry","category-archiv-2012"],"yoast_head":"<!-- This site is optimized with the Yoast SEO plugin v27.4 - https:\/\/yoast.com\/product\/yoast-seo-wordpress\/ -->\n<title>Jedno miesto \u2013 ve\u013ea svetov - Pova\u017esk\u00e9 m\u00fazeum<\/title>\n<meta name=\"robots\" content=\"index, follow, max-snippet:-1, max-image-preview:large, max-video-preview:-1\" \/>\n<link rel=\"canonical\" href=\"https:\/\/pmza.sk\/?p=5208\" \/>\n<meta property=\"og:locale\" content=\"sk_SK\" \/>\n<meta property=\"og:type\" content=\"article\" \/>\n<meta property=\"og:title\" content=\"Jedno miesto \u2013 ve\u013ea svetov - Pova\u017esk\u00e9 m\u00fazeum\" \/>\n<meta property=\"og:description\" content=\"Vybran\u00fdm slovensk\u00fdm regi\u00f3nom &#8211; Stredn\u00e9mu Pova\u017eiu, Orave, Z\u00e1horiu, Gemeru a\u00a0Zempl\u00ednu\u00a0 \u00a0sa podrobne venuje v\u00fdstava pod n\u00e1zvom Jedno miesto \u2013 ve\u013ea svetov, ktor\u00e1 je a\u017e do 13. apr\u00edla 2012 pr\u00edstupn\u00e1 verejnosti v\u00a0priestoroch Sob\u00e1\u0161neho pal\u00e1ca v\u00a0Byt\u010di. \u201eV\u00fdstava je jedn\u00fdm z\u00a0v\u00fdstupov projektu Jedno miesto \u2013 ve\u013ea svetov: geografick\u00e1 variabilita \u017eivotn\u00fdch strat\u00e9gi\u00ed v\u00a0slovenskej spolo\u010dnosti, ktor\u00fd s finan\u010dnou podporou Agent\u00fary [&hellip;]\" \/>\n<meta property=\"og:url\" content=\"https:\/\/pmza.sk\/?p=5208\" \/>\n<meta property=\"og:site_name\" content=\"Pova\u017esk\u00e9 m\u00fazeum\" \/>\n<meta property=\"article:publisher\" content=\"https:\/\/www.facebook.com\/povazskemuzeum\" \/>\n<meta property=\"article:published_time\" content=\"2012-03-16T13:46:31+00:00\" \/>\n<meta property=\"og:image\" content=\"https:\/\/pmza.sk.sk\/wp-content\/uploads\/2012\/03\/normal_Tazny_kon_Gemer_Alenka_Rochovska-300x225.jpg\" \/>\n<meta name=\"author\" content=\"Pova\u017esk\u00e9 m\u00fazeum\" \/>\n<meta name=\"twitter:card\" content=\"summary_large_image\" \/>\n<meta name=\"twitter:label1\" content=\"Autor\" \/>\n\t<meta name=\"twitter:data1\" content=\"Pova\u017esk\u00e9 m\u00fazeum\" \/>\n\t<meta name=\"twitter:label2\" content=\"Predpokladan\u00fd \u010das \u010d\u00edtania\" \/>\n\t<meta name=\"twitter:data2\" content=\"3 min\u00faty\" \/>\n<script type=\"application\/ld+json\" class=\"yoast-schema-graph\">{\"@context\":\"https:\\\/\\\/schema.org\",\"@graph\":[{\"@type\":\"Article\",\"@id\":\"https:\\\/\\\/pmza.sk\\\/?p=5208#article\",\"isPartOf\":{\"@id\":\"https:\\\/\\\/pmza.sk\\\/?p=5208\"},\"author\":{\"name\":\"Pova\u017esk\u00e9 m\u00fazeum\",\"@id\":\"https:\\\/\\\/pmza.sk\\\/#\\\/schema\\\/person\\\/595e6a2ce731ea94dcd5d7f50a41ae33\"},\"headline\":\"Jedno miesto \u2013 ve\u013ea svetov\",\"datePublished\":\"2012-03-16T13:46:31+00:00\",\"mainEntityOfPage\":{\"@id\":\"https:\\\/\\\/pmza.sk\\\/?p=5208\"},\"wordCount\":506,\"publisher\":{\"@id\":\"https:\\\/\\\/pmza.sk\\\/#organization\"},\"image\":{\"@id\":\"https:\\\/\\\/pmza.sk\\\/?p=5208#primaryimage\"},\"thumbnailUrl\":\"http:\\\/\\\/pmza.sk.sk\\\/wp-content\\\/uploads\\\/2012\\\/03\\\/normal_Tazny_kon_Gemer_Alenka_Rochovska-300x225.jpg\",\"articleSection\":[\"Arch\u00edv 2012\"],\"inLanguage\":\"sk-SK\"},{\"@type\":\"WebPage\",\"@id\":\"https:\\\/\\\/pmza.sk\\\/?p=5208\",\"url\":\"https:\\\/\\\/pmza.sk\\\/?p=5208\",\"name\":\"Jedno miesto \u2013 ve\u013ea svetov - Pova\u017esk\u00e9 m\u00fazeum\",\"isPartOf\":{\"@id\":\"https:\\\/\\\/pmza.sk\\\/#website\"},\"primaryImageOfPage\":{\"@id\":\"https:\\\/\\\/pmza.sk\\\/?p=5208#primaryimage\"},\"image\":{\"@id\":\"https:\\\/\\\/pmza.sk\\\/?p=5208#primaryimage\"},\"thumbnailUrl\":\"http:\\\/\\\/pmza.sk.sk\\\/wp-content\\\/uploads\\\/2012\\\/03\\\/normal_Tazny_kon_Gemer_Alenka_Rochovska-300x225.jpg\",\"datePublished\":\"2012-03-16T13:46:31+00:00\",\"breadcrumb\":{\"@id\":\"https:\\\/\\\/pmza.sk\\\/?p=5208#breadcrumb\"},\"inLanguage\":\"sk-SK\",\"potentialAction\":[{\"@type\":\"ReadAction\",\"target\":[\"https:\\\/\\\/pmza.sk\\\/?p=5208\"]}]},{\"@type\":\"ImageObject\",\"inLanguage\":\"sk-SK\",\"@id\":\"https:\\\/\\\/pmza.sk\\\/?p=5208#primaryimage\",\"url\":\"http:\\\/\\\/pmza.sk.sk\\\/wp-content\\\/uploads\\\/2012\\\/03\\\/normal_Tazny_kon_Gemer_Alenka_Rochovska-300x225.jpg\",\"contentUrl\":\"http:\\\/\\\/pmza.sk.sk\\\/wp-content\\\/uploads\\\/2012\\\/03\\\/normal_Tazny_kon_Gemer_Alenka_Rochovska-300x225.jpg\"},{\"@type\":\"BreadcrumbList\",\"@id\":\"https:\\\/\\\/pmza.sk\\\/?p=5208#breadcrumb\",\"itemListElement\":[{\"@type\":\"ListItem\",\"position\":1,\"name\":\"Domovsk\u00e1 str\u00e1nka\",\"item\":\"https:\\\/\\\/pmza.sk\\\/\"},{\"@type\":\"ListItem\",\"position\":2,\"name\":\"Jedno miesto \u2013 ve\u013ea svetov\"}]},{\"@type\":\"WebSite\",\"@id\":\"https:\\\/\\\/pmza.sk\\\/#website\",\"url\":\"https:\\\/\\\/pmza.sk\\\/\",\"name\":\"Pova\u017esk\u00e9 m\u00fazeum\",\"description\":\"Pova\u017esk\u00e9 m\u00fazeum v \u017diline je region\u00e1lne m\u00fazeum so s\u00eddlom v Budat\u00edne. Jeho expoz\u00edcie s\u00fa zameran\u00e9 na dejiny slovensk\u00e9ho umenia, kult\u00fary a dopravy.\",\"publisher\":{\"@id\":\"https:\\\/\\\/pmza.sk\\\/#organization\"},\"potentialAction\":[{\"@type\":\"SearchAction\",\"target\":{\"@type\":\"EntryPoint\",\"urlTemplate\":\"https:\\\/\\\/pmza.sk\\\/?s={search_term_string}\"},\"query-input\":{\"@type\":\"PropertyValueSpecification\",\"valueRequired\":true,\"valueName\":\"search_term_string\"}}],\"inLanguage\":\"sk-SK\"},{\"@type\":\"Organization\",\"@id\":\"https:\\\/\\\/pmza.sk\\\/#organization\",\"name\":\"Pova\u017esk\u00e9 m\u00fazeum\",\"url\":\"https:\\\/\\\/pmza.sk\\\/\",\"logo\":{\"@type\":\"ImageObject\",\"inLanguage\":\"sk-SK\",\"@id\":\"https:\\\/\\\/pmza.sk\\\/#\\\/schema\\\/logo\\\/image\\\/\",\"url\":\"https:\\\/\\\/pmza.sk\\\/wp-content\\\/uploads\\\/2022\\\/01\\\/logo_PM_horizontal.jpg\",\"contentUrl\":\"https:\\\/\\\/pmza.sk\\\/wp-content\\\/uploads\\\/2022\\\/01\\\/logo_PM_horizontal.jpg\",\"width\":231,\"height\":142,\"caption\":\"Pova\u017esk\u00e9 m\u00fazeum\"},\"image\":{\"@id\":\"https:\\\/\\\/pmza.sk\\\/#\\\/schema\\\/logo\\\/image\\\/\"},\"sameAs\":[\"https:\\\/\\\/www.facebook.com\\\/povazskemuzeum\",\"https:\\\/\\\/www.instagram.com\\\/povazskemuzeum\\\/\"]},{\"@type\":\"Person\",\"@id\":\"https:\\\/\\\/pmza.sk\\\/#\\\/schema\\\/person\\\/595e6a2ce731ea94dcd5d7f50a41ae33\",\"name\":\"Pova\u017esk\u00e9 m\u00fazeum\",\"image\":{\"@type\":\"ImageObject\",\"inLanguage\":\"sk-SK\",\"@id\":\"https:\\\/\\\/secure.gravatar.com\\\/avatar\\\/2bb7f1561282132fb5826dfeccc66c7996d11ee392ac6aaf7ced8a1c2027fbb2?s=96&d=mm&r=g\",\"url\":\"https:\\\/\\\/secure.gravatar.com\\\/avatar\\\/2bb7f1561282132fb5826dfeccc66c7996d11ee392ac6aaf7ced8a1c2027fbb2?s=96&d=mm&r=g\",\"contentUrl\":\"https:\\\/\\\/secure.gravatar.com\\\/avatar\\\/2bb7f1561282132fb5826dfeccc66c7996d11ee392ac6aaf7ced8a1c2027fbb2?s=96&d=mm&r=g\",\"caption\":\"Pova\u017esk\u00e9 m\u00fazeum\"}}]}<\/script>\n<!-- \/ Yoast SEO plugin. -->","yoast_head_json":{"title":"Jedno miesto \u2013 ve\u013ea svetov - Pova\u017esk\u00e9 m\u00fazeum","robots":{"index":"index","follow":"follow","max-snippet":"max-snippet:-1","max-image-preview":"max-image-preview:large","max-video-preview":"max-video-preview:-1"},"canonical":"https:\/\/pmza.sk\/?p=5208","og_locale":"sk_SK","og_type":"article","og_title":"Jedno miesto \u2013 ve\u013ea svetov - Pova\u017esk\u00e9 m\u00fazeum","og_description":"Vybran\u00fdm slovensk\u00fdm regi\u00f3nom &#8211; Stredn\u00e9mu Pova\u017eiu, Orave, Z\u00e1horiu, Gemeru a\u00a0Zempl\u00ednu\u00a0 \u00a0sa podrobne venuje v\u00fdstava pod n\u00e1zvom Jedno miesto \u2013 ve\u013ea svetov, ktor\u00e1 je a\u017e do 13. apr\u00edla 2012 pr\u00edstupn\u00e1 verejnosti v\u00a0priestoroch Sob\u00e1\u0161neho pal\u00e1ca v\u00a0Byt\u010di. \u201eV\u00fdstava je jedn\u00fdm z\u00a0v\u00fdstupov projektu Jedno miesto \u2013 ve\u013ea svetov: geografick\u00e1 variabilita \u017eivotn\u00fdch strat\u00e9gi\u00ed v\u00a0slovenskej spolo\u010dnosti, ktor\u00fd s finan\u010dnou podporou Agent\u00fary [&hellip;]","og_url":"https:\/\/pmza.sk\/?p=5208","og_site_name":"Pova\u017esk\u00e9 m\u00fazeum","article_publisher":"https:\/\/www.facebook.com\/povazskemuzeum","article_published_time":"2012-03-16T13:46:31+00:00","og_image":[{"url":"https:\/\/pmza.sk.sk\/wp-content\/uploads\/2012\/03\/normal_Tazny_kon_Gemer_Alenka_Rochovska-300x225.jpg","type":"","width":"","height":""}],"author":"Pova\u017esk\u00e9 m\u00fazeum","twitter_card":"summary_large_image","twitter_misc":{"Autor":"Pova\u017esk\u00e9 m\u00fazeum","Predpokladan\u00fd \u010das \u010d\u00edtania":"3 min\u00faty"},"schema":{"@context":"https:\/\/schema.org","@graph":[{"@type":"Article","@id":"https:\/\/pmza.sk\/?p=5208#article","isPartOf":{"@id":"https:\/\/pmza.sk\/?p=5208"},"author":{"name":"Pova\u017esk\u00e9 m\u00fazeum","@id":"https:\/\/pmza.sk\/#\/schema\/person\/595e6a2ce731ea94dcd5d7f50a41ae33"},"headline":"Jedno miesto \u2013 ve\u013ea svetov","datePublished":"2012-03-16T13:46:31+00:00","mainEntityOfPage":{"@id":"https:\/\/pmza.sk\/?p=5208"},"wordCount":506,"publisher":{"@id":"https:\/\/pmza.sk\/#organization"},"image":{"@id":"https:\/\/pmza.sk\/?p=5208#primaryimage"},"thumbnailUrl":"https:\/\/pmza.sk.sk\/wp-content\/uploads\/2012\/03\/normal_Tazny_kon_Gemer_Alenka_Rochovska-300x225.jpg","articleSection":["Arch\u00edv 2012"],"inLanguage":"sk-SK"},{"@type":"WebPage","@id":"https:\/\/pmza.sk\/?p=5208","url":"https:\/\/pmza.sk\/?p=5208","name":"Jedno miesto \u2013 ve\u013ea svetov - Pova\u017esk\u00e9 m\u00fazeum","isPartOf":{"@id":"https:\/\/pmza.sk\/#website"},"primaryImageOfPage":{"@id":"https:\/\/pmza.sk\/?p=5208#primaryimage"},"image":{"@id":"https:\/\/pmza.sk\/?p=5208#primaryimage"},"thumbnailUrl":"https:\/\/pmza.sk.sk\/wp-content\/uploads\/2012\/03\/normal_Tazny_kon_Gemer_Alenka_Rochovska-300x225.jpg","datePublished":"2012-03-16T13:46:31+00:00","breadcrumb":{"@id":"https:\/\/pmza.sk\/?p=5208#breadcrumb"},"inLanguage":"sk-SK","potentialAction":[{"@type":"ReadAction","target":["https:\/\/pmza.sk\/?p=5208"]}]},{"@type":"ImageObject","inLanguage":"sk-SK","@id":"https:\/\/pmza.sk\/?p=5208#primaryimage","url":"https:\/\/pmza.sk.sk\/wp-content\/uploads\/2012\/03\/normal_Tazny_kon_Gemer_Alenka_Rochovska-300x225.jpg","contentUrl":"https:\/\/pmza.sk.sk\/wp-content\/uploads\/2012\/03\/normal_Tazny_kon_Gemer_Alenka_Rochovska-300x225.jpg"},{"@type":"BreadcrumbList","@id":"https:\/\/pmza.sk\/?p=5208#breadcrumb","itemListElement":[{"@type":"ListItem","position":1,"name":"Domovsk\u00e1 str\u00e1nka","item":"https:\/\/pmza.sk\/"},{"@type":"ListItem","position":2,"name":"Jedno miesto \u2013 ve\u013ea svetov"}]},{"@type":"WebSite","@id":"https:\/\/pmza.sk\/#website","url":"https:\/\/pmza.sk\/","name":"Pova\u017esk\u00e9 m\u00fazeum","description":"Pova\u017esk\u00e9 m\u00fazeum v \u017diline je region\u00e1lne m\u00fazeum so s\u00eddlom v Budat\u00edne. Jeho expoz\u00edcie s\u00fa zameran\u00e9 na dejiny slovensk\u00e9ho umenia, kult\u00fary a dopravy.","publisher":{"@id":"https:\/\/pmza.sk\/#organization"},"potentialAction":[{"@type":"SearchAction","target":{"@type":"EntryPoint","urlTemplate":"https:\/\/pmza.sk\/?s={search_term_string}"},"query-input":{"@type":"PropertyValueSpecification","valueRequired":true,"valueName":"search_term_string"}}],"inLanguage":"sk-SK"},{"@type":"Organization","@id":"https:\/\/pmza.sk\/#organization","name":"Pova\u017esk\u00e9 m\u00fazeum","url":"https:\/\/pmza.sk\/","logo":{"@type":"ImageObject","inLanguage":"sk-SK","@id":"https:\/\/pmza.sk\/#\/schema\/logo\/image\/","url":"https:\/\/pmza.sk\/wp-content\/uploads\/2022\/01\/logo_PM_horizontal.jpg","contentUrl":"https:\/\/pmza.sk\/wp-content\/uploads\/2022\/01\/logo_PM_horizontal.jpg","width":231,"height":142,"caption":"Pova\u017esk\u00e9 m\u00fazeum"},"image":{"@id":"https:\/\/pmza.sk\/#\/schema\/logo\/image\/"},"sameAs":["https:\/\/www.facebook.com\/povazskemuzeum","https:\/\/www.instagram.com\/povazskemuzeum\/"]},{"@type":"Person","@id":"https:\/\/pmza.sk\/#\/schema\/person\/595e6a2ce731ea94dcd5d7f50a41ae33","name":"Pova\u017esk\u00e9 m\u00fazeum","image":{"@type":"ImageObject","inLanguage":"sk-SK","@id":"https:\/\/secure.gravatar.com\/avatar\/2bb7f1561282132fb5826dfeccc66c7996d11ee392ac6aaf7ced8a1c2027fbb2?s=96&d=mm&r=g","url":"https:\/\/secure.gravatar.com\/avatar\/2bb7f1561282132fb5826dfeccc66c7996d11ee392ac6aaf7ced8a1c2027fbb2?s=96&d=mm&r=g","contentUrl":"https:\/\/secure.gravatar.com\/avatar\/2bb7f1561282132fb5826dfeccc66c7996d11ee392ac6aaf7ced8a1c2027fbb2?s=96&d=mm&r=g","caption":"Pova\u017esk\u00e9 m\u00fazeum"}}]}},"_links":{"self":[{"href":"https:\/\/pmza.sk\/index.php?rest_route=\/wp\/v2\/posts\/5208","targetHints":{"allow":["GET"]}}],"collection":[{"href":"https:\/\/pmza.sk\/index.php?rest_route=\/wp\/v2\/posts"}],"about":[{"href":"https:\/\/pmza.sk\/index.php?rest_route=\/wp\/v2\/types\/post"}],"author":[{"embeddable":true,"href":"https:\/\/pmza.sk\/index.php?rest_route=\/wp\/v2\/users\/2"}],"replies":[{"embeddable":true,"href":"https:\/\/pmza.sk\/index.php?rest_route=%2Fwp%2Fv2%2Fcomments&post=5208"}],"version-history":[{"count":0,"href":"https:\/\/pmza.sk\/index.php?rest_route=\/wp\/v2\/posts\/5208\/revisions"}],"wp:attachment":[{"href":"https:\/\/pmza.sk\/index.php?rest_route=%2Fwp%2Fv2%2Fmedia&parent=5208"}],"wp:term":[{"taxonomy":"category","embeddable":true,"href":"https:\/\/pmza.sk\/index.php?rest_route=%2Fwp%2Fv2%2Fcategories&post=5208"},{"taxonomy":"post_tag","embeddable":true,"href":"https:\/\/pmza.sk\/index.php?rest_route=%2Fwp%2Fv2%2Ftags&post=5208"}],"curies":[{"name":"wp","href":"https:\/\/api.w.org\/{rel}","templated":true}]}}