{"id":52091,"date":"2022-08-02T14:14:17","date_gmt":"2022-08-02T12:14:17","guid":{"rendered":"https:\/\/pmza.sk\/?p=52091"},"modified":"2025-05-15T07:11:04","modified_gmt":"2025-05-15T05:11:04","slug":"brozura-textilnej-fabriky-zbierkovym-predmetom-augusta","status":"publish","type":"post","link":"https:\/\/pmza.sk\/?p=52091","title":{"rendered":"Bro\u017e\u00fara textilnej fabriky zbierkov\u00fdm predmetom augusta"},"content":{"rendered":"<p>Zbierkov\u00fdm predmetom mesiaca august sa stala bro\u017e\u00fara s n\u00e1zvom <em>Magyar gyapju\u00e1ru katonaposzt\u00f3 \u00e9s takar\u00f3-gy\u00e1r Zsoln\u00e1n L\u00f6w K\u00e1roly<\/em> z historick\u00e9ho fondu Pova\u017esk\u00e9ho m\u00fazea, ktor\u00e1 bola vydan\u00e1 pri pr\u00edle\u017eitosti milen\u00e1rnej v\u00fdstavy konanej v Budape\u0161ti v roku 1896. Ide o hodnotn\u00fd prame\u0148 k dejin\u00e1m textiln\u00e9ho priemyslu, prin\u00e1\u0161aj\u00faci jedine\u010dn\u00e9 inform\u00e1cie o \u017eilinskej s\u00fakennej fabrike z konca 19. storo\u010dia\u00a0 a z\u00e1rove\u0148 podrobn\u00fd popis jej prezent\u00e1cie na najv\u00e4\u010d\u0161ej v\u00fdstave v Uhorsku, ktor\u00fd dop\u013a\u0148aj\u00fa aj dve fotografie.<\/p>\n<p>V druhej polovici 19. storo\u010dia sa v\u00fdstavy te\u0161ili ve\u013ek\u00e9mu z\u00e1ujmu a predstavovali v\u00fdznamn\u00fa udalos\u0165 v r\u00e1mci\u00a0 regi\u00f3nu \u010di krajiny.\u00a0 Pri pr\u00edle\u017eitosti tis\u00edcro\u010dn\u00e9ho v\u00fdro\u010dia pr\u00edchodu Ma\u010farov do Karpatskej kotliny a \u201ezaujatia vlasti\u201c, ktor\u00e9 sa sp\u00e1jalo so vznikom Uhorsk\u00e9ho kr\u00e1\u013eovstva, uhorsk\u00fd snem rozhodol usporiada\u0165 ve\u013ekolep\u00e9 oslavy. Ich vyvrcholen\u00edm sa stala v\u00fdstava v Budape\u0161ti. Prostredn\u00edctvom nej mal cel\u00fd svet spozna\u0165 bohatos\u0165 tis\u00edcro\u010dn\u00e9ho Uhorska\u00a0 a obozn\u00e1mi\u0165 sa s jeho v\u00fdsledkami v hospod\u00e1rstve, kult\u00fare, vede a in\u00fdch oblastiach spolo\u010densk\u00e9ho \u017eivota. V\u00fdstava sa ofici\u00e1lne otvorila 2. m\u00e1ja 1896 a pozost\u00e1vala z viacer\u00fdch v\u00fdstavn\u00fdch priestorov, v ktor\u00fdch jednotliv\u00ed vystavovatelia prezentovali svoje aktivity, produkty \u010di diela.<\/p>\n<p>Jedn\u00fdm z nich bol aj brniansky tov\u00e1rnik Karol L\u00f6w so s\u00fakennou tov\u00e1r\u0148ou v \u017diline, ktor\u00fa vybudoval na podnet uhorsk\u00e9ho ministra priemyslu a obchodu Gabriela Baro\u0161a (G\u00e1bora Barossa), rod\u00e1ka z Belu\u0161e. Po zah\u00e1jen\u00ed v\u00fdroby v roku 1891 sa stala najmodernej\u0161ou a najv\u00e4\u010d\u0161ou fabrikou na textil v Uhorsku. V bro\u017e\u00fare sa hne\u010f v \u00favode do\u010d\u00edtame, \u017ee L\u00f6w sa na v\u00fdstave neuspokojil so \u0161abl\u00f3nov\u00fdm umiestnen\u00edm v\u00fdrobkov vo vitr\u00ednach, ale chcel pr\u00ed\u0165a\u017eliv\u00fdm sp\u00f4sobom poodhali\u0165 tajomstvo textilnej v\u00fdroby v \u017eilinskej\u00a0 fabrike. Preto architektovi S\u00e1ndorovi Decs\u00e9yovi zadal zhotovi\u0165 ve\u013ekolep\u00fd pavil\u00f3n, ktor\u00fd n\u00e1v\u0161tevn\u00edkov v\u00edtal hne\u010f pri vchode industri\u00e1lnej haly. Svoj\u00edm umeleck\u00fdm preveden\u00edm mu tak mal pon\u00faknu\u0165 estetick\u00fd z\u00e1\u017eitok, ale hlavne\u00a0 zd\u00f4razni\u0165 spolo\u010densk\u00fd v\u00fdznam tejto \u017eilinskej tov\u00e1rne pre cel\u00e9 Uhorsko.<\/p>\n<p>Pavil\u00f3n pozost\u00e1val zo \u0161tyroch \u010dast\u00ed, a to: prij\u00edmacej siene, v\u00fdstavnej a strojovej miestnosti a miestnosti s dior\u00e1mou. Prij\u00edmaciu sie\u0148, zachovan\u00fa aj na fotografii, tvorila kupolovit\u00e1 budova barokov\u00e9ho slohu. Nad jej vchodom bol umiestnen\u00fd znak Uhorska a na st\u013apoch erby mesta \u017diliny. Vo vn\u00fatri v prostriedku siene st\u00e1l men\u0161\u00ed vodostrek so sochou zobrazuj\u00facou diev\u010da, ktor\u00e9 \u0165ah\u00e1 barana zo skalnat\u00e9ho brehu do vody, aby ho v nej umyla. Mot\u00edv diev\u010da\u0165a s baranom je zopakovan\u00fd aj na titulnej strane samotnej bro\u017e\u00fary. V\u00fdstavn\u00e1 miestnos\u0165, ktorej podobu pribli\u017euje druh\u00e1 fotografia, demon\u0161trovala postup v\u00fdroby na pr\u00edklade vzoriek vlny v r\u00f4znych \u0161t\u00e1di\u00e1ch spracovania spolu s chemik\u00e1liami, ktor\u00e9 sa v procese pou\u017e\u00edvali. \u0160es\u0165 vitr\u00edn predstavilo samotn\u00e9 v\u00fdrobky tov\u00e1rne, a to: l\u00e1tky na rovno\u0161aty a uniformy, \u017eilinsk\u00e9 lod\u00e9nov\u00e9 tkaniny, l\u00e1tky na p\u00e1nske obleky, ply\u0161e, prikr\u00fdvky a deky. V strojovej miestnosti sa n\u00e1v\u0161tevn\u00edk mohol obozn\u00e1mi\u0165 s dvoma elektricky poh\u00e1\u0148an\u00fdmi tk\u00e1\u010dskymi strojmi: jeden sl\u00fa\u017eil na koberce, druh\u00fd na \u010desan\u00e9 tkaniny. S\u00fa\u010das\u0165ou miestnosti boli okrem obrazov \u017eilinskej s\u00fakennej tov\u00e1rne a \u010fal\u0161\u00edch fabr\u00edk Karla L\u00f6wyho v \u010desk\u00fdch krajin\u00e1ch (konkr\u00e9tne v Brne, Helen\u00edne a Malom Beranove pri Jihlave)\u00a0 aj\u00a0 pl\u00e1ny robotn\u00edckej osady v \u017diline, ktor\u00e9 navrhli zn\u00e1mi ma\u010farsk\u00ed architekti G\u00e9za A. K\u00e1rm\u00e1n a Gyula Ullmann. Dior\u00e1ma zobrazovala \u017eilinsk\u00fa tov\u00e1re\u0148 rozprestieraj\u00facu sa v tom \u010dase na rozlohe 297 306 m2.<\/p>\n<p>Bro\u017e\u00faru <em>Magyar gyapju\u00e1ru katonaposzt\u00f3 \u00e9s takar\u00f3-gy\u00e1r Zsoln\u00e1n L\u00f6w K\u00e1roly<\/em>\u00a0 si m\u00f4\u017eete pr\u00eds\u0165 pozrie\u0165 po\u010das cel\u00e9ho augusta do Infopultu Budat\u00ednskeho hradu.<\/p>\n<p>Autor: Mgr. Zuzana Kudzbelov\u00e1, PhD.<\/p>\n<figure id=\"attachment_52092\" aria-describedby=\"caption-attachment-52092\" style=\"width: 180px\" class=\"wp-caption aligncenter\"><img fetchpriority=\"high\" decoding=\"async\" id=\"longdesc-return-52092\" class=\"wp-image-52092 size-medium\" tabindex=\"-1\" src=\"https:\/\/pmza.sk\/wp-content\/uploads\/2022\/08\/titulka_web-180x360.jpg\" alt=\"\" width=\"180\" height=\"360\" longdesc=\"https:\/\/pmza.sk?longdesc=52092&amp;referrer=52091\" srcset=\"https:\/\/pmza.sk\/wp-content\/uploads\/2022\/08\/titulka_web-180x360.jpg 180w, https:\/\/pmza.sk\/wp-content\/uploads\/2022\/08\/titulka_web-369x736.jpg 369w, https:\/\/pmza.sk\/wp-content\/uploads\/2022\/08\/titulka_web-768x1533.jpg 768w, https:\/\/pmza.sk\/wp-content\/uploads\/2022\/08\/titulka_web-770x1536.jpg 770w, https:\/\/pmza.sk\/wp-content\/uploads\/2022\/08\/titulka_web-1026x2048.jpg 1026w, https:\/\/pmza.sk\/wp-content\/uploads\/2022\/08\/titulka_web-600x1197.jpg 600w, https:\/\/pmza.sk\/wp-content\/uploads\/2022\/08\/titulka_web-scaled.jpg 1283w\" sizes=\"(max-width: 180px) 100vw, 180px\" \/><figcaption id=\"caption-attachment-52092\" class=\"wp-caption-text\">tituln\u00e1 strana bro\u017e\u00fary<\/figcaption><\/figure>\n<figure id=\"attachment_52093\" aria-describedby=\"caption-attachment-52093\" style=\"width: 197px\" class=\"wp-caption aligncenter\"><img decoding=\"async\" class=\"wp-image-52093 size-medium\" src=\"https:\/\/pmza.sk\/wp-content\/uploads\/2022\/08\/posledna-strana_web-197x360.jpg\" alt=\"\" width=\"197\" height=\"360\" srcset=\"https:\/\/pmza.sk\/wp-content\/uploads\/2022\/08\/posledna-strana_web-197x360.jpg 197w, https:\/\/pmza.sk\/wp-content\/uploads\/2022\/08\/posledna-strana_web-403x736.jpg 403w, https:\/\/pmza.sk\/wp-content\/uploads\/2022\/08\/posledna-strana_web-768x1401.jpg 768w, https:\/\/pmza.sk\/wp-content\/uploads\/2022\/08\/posledna-strana_web-842x1536.jpg 842w, https:\/\/pmza.sk\/wp-content\/uploads\/2022\/08\/posledna-strana_web-1123x2048.jpg 1123w, https:\/\/pmza.sk\/wp-content\/uploads\/2022\/08\/posledna-strana_web-600x1095.jpg 600w, https:\/\/pmza.sk\/wp-content\/uploads\/2022\/08\/posledna-strana_web-scaled.jpg 1403w\" sizes=\"(max-width: 197px) 100vw, 197px\" \/><figcaption id=\"caption-attachment-52093\" class=\"wp-caption-text\">posledn\u00e1 strana bro\u017e\u00fary<\/figcaption><\/figure>\n<figure id=\"attachment_52094\" aria-describedby=\"caption-attachment-52094\" style=\"width: 570px\" class=\"wp-caption aligncenter\"><img decoding=\"async\" class=\"wp-image-52094 size-medium\" src=\"https:\/\/pmza.sk\/wp-content\/uploads\/2022\/08\/obraz-sukenky_web-570x254.jpg\" alt=\"\" width=\"570\" height=\"254\" srcset=\"https:\/\/pmza.sk\/wp-content\/uploads\/2022\/08\/obraz-sukenky_web-570x254.jpg 570w, https:\/\/pmza.sk\/wp-content\/uploads\/2022\/08\/obraz-sukenky_web-1170x522.jpg 1170w, https:\/\/pmza.sk\/wp-content\/uploads\/2022\/08\/obraz-sukenky_web-768x343.jpg 768w, https:\/\/pmza.sk\/wp-content\/uploads\/2022\/08\/obraz-sukenky_web-1536x685.jpg 1536w, https:\/\/pmza.sk\/wp-content\/uploads\/2022\/08\/obraz-sukenky_web-2048x914.jpg 2048w, https:\/\/pmza.sk\/wp-content\/uploads\/2022\/08\/obraz-sukenky_web-600x268.jpg 600w\" sizes=\"(max-width: 570px) 100vw, 570px\" \/><figcaption id=\"caption-attachment-52094\" class=\"wp-caption-text\">obraz s\u00fakennej tov\u00e1rne<\/figcaption><\/figure>\n<figure id=\"attachment_52095\" aria-describedby=\"caption-attachment-52095\" style=\"width: 570px\" class=\"wp-caption aligncenter\"><img loading=\"lazy\" decoding=\"async\" class=\"wp-image-52095 size-medium\" src=\"https:\/\/pmza.sk\/wp-content\/uploads\/2022\/08\/vystavna-mietsnost_web-570x259.jpg\" alt=\"\" width=\"570\" height=\"259\" srcset=\"https:\/\/pmza.sk\/wp-content\/uploads\/2022\/08\/vystavna-mietsnost_web-570x259.jpg 570w, https:\/\/pmza.sk\/wp-content\/uploads\/2022\/08\/vystavna-mietsnost_web-1170x532.jpg 1170w, https:\/\/pmza.sk\/wp-content\/uploads\/2022\/08\/vystavna-mietsnost_web-768x349.jpg 768w, https:\/\/pmza.sk\/wp-content\/uploads\/2022\/08\/vystavna-mietsnost_web-1536x699.jpg 1536w, https:\/\/pmza.sk\/wp-content\/uploads\/2022\/08\/vystavna-mietsnost_web-2048x932.jpg 2048w, https:\/\/pmza.sk\/wp-content\/uploads\/2022\/08\/vystavna-mietsnost_web-600x273.jpg 600w\" sizes=\"(max-width: 570px) 100vw, 570px\" \/><figcaption id=\"caption-attachment-52095\" class=\"wp-caption-text\">v\u00fdstavn\u00e1 miestnos\u0165<\/figcaption><\/figure>\n<figure id=\"attachment_52096\" aria-describedby=\"caption-attachment-52096\" style=\"width: 375px\" class=\"wp-caption aligncenter\"><img loading=\"lazy\" decoding=\"async\" class=\"wp-image-52096 size-medium\" src=\"https:\/\/pmza.sk\/wp-content\/uploads\/2022\/08\/prijimacia-sien_web-375x360.jpg\" alt=\"\" width=\"375\" height=\"360\" srcset=\"https:\/\/pmza.sk\/wp-content\/uploads\/2022\/08\/prijimacia-sien_web-375x360.jpg 375w, https:\/\/pmza.sk\/wp-content\/uploads\/2022\/08\/prijimacia-sien_web-766x736.jpg 766w, https:\/\/pmza.sk\/wp-content\/uploads\/2022\/08\/prijimacia-sien_web-768x738.jpg 768w, https:\/\/pmza.sk\/wp-content\/uploads\/2022\/08\/prijimacia-sien_web-1536x1476.jpg 1536w, https:\/\/pmza.sk\/wp-content\/uploads\/2022\/08\/prijimacia-sien_web-2048x1968.jpg 2048w, https:\/\/pmza.sk\/wp-content\/uploads\/2022\/08\/prijimacia-sien_web-600x576.jpg 600w\" sizes=\"(max-width: 375px) 100vw, 375px\" \/><figcaption id=\"caption-attachment-52096\" class=\"wp-caption-text\">prij\u00edmacia sie\u0148<\/figcaption><\/figure>\n<p>&nbsp;<\/p>\n<p>&nbsp;<\/p>\n<p>&nbsp;<\/p>\n","protected":false},"excerpt":{"rendered":"<p>Zbierkov\u00fdm predmetom mesiaca august sa stala bro\u017e\u00fara s n\u00e1zvom Magyar gyapju\u00e1ru katonaposzt\u00f3 \u00e9s takar\u00f3-gy\u00e1r Zsoln\u00e1n L\u00f6w K\u00e1roly z historick\u00e9ho fondu Pova\u017esk\u00e9ho m\u00fazea, ktor\u00e1 bola vydan\u00e1 pri pr\u00edle\u017eitosti milen\u00e1rnej v\u00fdstavy konanej v Budape\u0161ti v roku 1896. Ide o hodnotn\u00fd prame\u0148 k dejin\u00e1m textiln\u00e9ho priemyslu, prin\u00e1\u0161aj\u00faci jedine\u010dn\u00e9 inform\u00e1cie o \u017eilinskej s\u00fakennej fabrike z konca 19. storo\u010dia\u00a0 a [&hellip;]<\/p>\n","protected":false},"author":2,"featured_media":52097,"comment_status":"closed","ping_status":"closed","sticky":false,"template":"","format":"standard","meta":{"site-sidebar-layout":"default","site-content-layout":"default","ast-site-content-layout":"default","site-content-style":"default","site-sidebar-style":"default","ast-global-header-display":"","ast-banner-title-visibility":"","ast-main-header-display":"","ast-hfb-above-header-display":"","ast-hfb-below-header-display":"","ast-hfb-mobile-header-display":"","site-post-title":"","ast-breadcrumbs-content":"","ast-featured-img":"","footer-sml-layout":"","theme-transparent-header-meta":"default","adv-header-id-meta":"","stick-header-meta":"default","header-above-stick-meta":"","header-main-stick-meta":"","header-below-stick-meta":"","astra-migrate-meta-layouts":"set","ast-page-background-enabled":"default","ast-page-background-meta":{"desktop":{"background-color":"var(--ast-global-color-4)","background-image":"","background-repeat":"repeat","background-position":"center center","background-size":"auto","background-attachment":"scroll","background-type":"","background-media":"","overlay-type":"","overlay-color":"","overlay-opacity":"","overlay-gradient":""},"tablet":{"background-color":"","background-image":"","background-repeat":"repeat","background-position":"center center","background-size":"auto","background-attachment":"scroll","background-type":"","background-media":"","overlay-type":"","overlay-color":"","overlay-opacity":"","overlay-gradient":""},"mobile":{"background-color":"","background-image":"","background-repeat":"repeat","background-position":"center center","background-size":"auto","background-attachment":"scroll","background-type":"","background-media":"","overlay-type":"","overlay-color":"","overlay-opacity":"","overlay-gradient":""}},"ast-content-background-meta":{"desktop":{"background-color":"var(--ast-global-color-5)","background-image":"","background-repeat":"repeat","background-position":"center center","background-size":"auto","background-attachment":"scroll","background-type":"","background-media":"","overlay-type":"","overlay-color":"","overlay-opacity":"","overlay-gradient":""},"tablet":{"background-color":"var(--ast-global-color-5)","background-image":"","background-repeat":"repeat","background-position":"center center","background-size":"auto","background-attachment":"scroll","background-type":"","background-media":"","overlay-type":"","overlay-color":"","overlay-opacity":"","overlay-gradient":""},"mobile":{"background-color":"var(--ast-global-color-5)","background-image":"","background-repeat":"repeat","background-position":"center center","background-size":"auto","background-attachment":"scroll","background-type":"","background-media":"","overlay-type":"","overlay-color":"","overlay-opacity":"","overlay-gradient":""}},"footnotes":""},"categories":[31],"tags":[],"class_list":["post-52091","post","type-post","status-publish","format-standard","has-post-thumbnail","hentry","category-aktuality"],"yoast_head":"<!-- This site is optimized with the Yoast SEO plugin v27.4 - https:\/\/yoast.com\/product\/yoast-seo-wordpress\/ -->\n<title>Bro\u017e\u00fara textilnej fabriky zbierkov\u00fdm predmetom augusta - Pova\u017esk\u00e9 m\u00fazeum<\/title>\n<meta name=\"description\" content=\"Zbierkov\u00fdm predmetom mesiaca august sa stala bro\u017e\u00fara s n\u00e1zvom Magyar gyapju\u00e1ru katonaposzt\u00f3 \u00e9s takar\u00f3-gy\u00e1r Zsoln\u00e1n L\u00f6w K\u00e1roly z historick\u00e9ho fondu Pova\u017esk\u00e9ho m\u00fazea, ktor\u00e1 bola vydan\u00e1 pri pr\u00edle\u017eitosti milen\u00e1rnej v\u00fdstavy konanej v Budape\u0161ti v roku 1896. Ide o hodnotn\u00fd prame\u0148 k dejin\u00e1m textiln\u00e9ho priemyslu, prin\u00e1\u0161aj\u00faci jedine\u010dn\u00e9 inform\u00e1cie o \u017eilinskej s\u00fakennej fabrike z konca 19. storo\u010dia\u00a0 a z\u00e1rove\u0148 podrobn\u00fd popis jej prezent\u00e1cie na najv\u00e4\u010d\u0161ej v\u00fdstave v Uhorsku, ktor\u00fd dop\u013a\u0148aj\u00fa aj dve fotografie.\u00a0\u00a0\" \/>\n<meta name=\"robots\" content=\"index, follow, max-snippet:-1, max-image-preview:large, max-video-preview:-1\" \/>\n<link rel=\"canonical\" href=\"https:\/\/pmza.sk\/?p=52091\" \/>\n<meta property=\"og:locale\" content=\"sk_SK\" \/>\n<meta property=\"og:type\" content=\"article\" \/>\n<meta property=\"og:title\" content=\"Bro\u017e\u00fara textilnej fabriky zbierkov\u00fdm predmetom augusta - Pova\u017esk\u00e9 m\u00fazeum\" \/>\n<meta property=\"og:description\" content=\"Zbierkov\u00fdm predmetom mesiaca august sa stala bro\u017e\u00fara s n\u00e1zvom Magyar gyapju\u00e1ru katonaposzt\u00f3 \u00e9s takar\u00f3-gy\u00e1r Zsoln\u00e1n L\u00f6w K\u00e1roly z historick\u00e9ho fondu Pova\u017esk\u00e9ho m\u00fazea, ktor\u00e1 bola vydan\u00e1 pri pr\u00edle\u017eitosti milen\u00e1rnej v\u00fdstavy konanej v Budape\u0161ti v roku 1896. Ide o hodnotn\u00fd prame\u0148 k dejin\u00e1m textiln\u00e9ho priemyslu, prin\u00e1\u0161aj\u00faci jedine\u010dn\u00e9 inform\u00e1cie o \u017eilinskej s\u00fakennej fabrike z konca 19. storo\u010dia\u00a0 a z\u00e1rove\u0148 podrobn\u00fd popis jej prezent\u00e1cie na najv\u00e4\u010d\u0161ej v\u00fdstave v Uhorsku, ktor\u00fd dop\u013a\u0148aj\u00fa aj dve fotografie.\u00a0\u00a0\" \/>\n<meta property=\"og:url\" content=\"https:\/\/pmza.sk\/?p=52091\" \/>\n<meta property=\"og:site_name\" content=\"Pova\u017esk\u00e9 m\u00fazeum\" \/>\n<meta property=\"article:publisher\" content=\"https:\/\/www.facebook.com\/povazskemuzeum\" \/>\n<meta property=\"article:published_time\" content=\"2022-08-02T12:14:17+00:00\" \/>\n<meta property=\"article:modified_time\" content=\"2025-05-15T05:11:04+00:00\" \/>\n<meta property=\"og:image\" content=\"https:\/\/pmza.sk\/wp-content\/uploads\/2022\/08\/obalka-web.jpg\" \/>\n\t<meta property=\"og:image:width\" content=\"1280\" \/>\n\t<meta property=\"og:image:height\" content=\"1226\" \/>\n\t<meta property=\"og:image:type\" content=\"image\/jpeg\" \/>\n<meta name=\"author\" content=\"Pova\u017esk\u00e9 m\u00fazeum\" \/>\n<meta name=\"twitter:card\" content=\"summary_large_image\" \/>\n<meta name=\"twitter:label1\" content=\"Autor\" \/>\n\t<meta name=\"twitter:data1\" content=\"Pova\u017esk\u00e9 m\u00fazeum\" \/>\n\t<meta name=\"twitter:label2\" content=\"Predpokladan\u00fd \u010das \u010d\u00edtania\" \/>\n\t<meta name=\"twitter:data2\" content=\"4 min\u00faty\" \/>\n<script type=\"application\/ld+json\" class=\"yoast-schema-graph\">{\"@context\":\"https:\\\/\\\/schema.org\",\"@graph\":[{\"@type\":\"Article\",\"@id\":\"https:\\\/\\\/pmza.sk\\\/?p=52091#article\",\"isPartOf\":{\"@id\":\"https:\\\/\\\/pmza.sk\\\/?p=52091\"},\"author\":{\"name\":\"Pova\u017esk\u00e9 m\u00fazeum\",\"@id\":\"https:\\\/\\\/pmza.sk\\\/#\\\/schema\\\/person\\\/595e6a2ce731ea94dcd5d7f50a41ae33\"},\"headline\":\"Bro\u017e\u00fara textilnej fabriky zbierkov\u00fdm predmetom augusta\",\"datePublished\":\"2022-08-02T12:14:17+00:00\",\"dateModified\":\"2025-05-15T05:11:04+00:00\",\"mainEntityOfPage\":{\"@id\":\"https:\\\/\\\/pmza.sk\\\/?p=52091\"},\"wordCount\":767,\"publisher\":{\"@id\":\"https:\\\/\\\/pmza.sk\\\/#organization\"},\"image\":{\"@id\":\"https:\\\/\\\/pmza.sk\\\/?p=52091#primaryimage\"},\"thumbnailUrl\":\"https:\\\/\\\/pmza.sk\\\/wp-content\\\/uploads\\\/2022\\\/08\\\/obalka-web.jpg\",\"articleSection\":[\"Aktuality\"],\"inLanguage\":\"sk-SK\"},{\"@type\":\"WebPage\",\"@id\":\"https:\\\/\\\/pmza.sk\\\/?p=52091\",\"url\":\"https:\\\/\\\/pmza.sk\\\/?p=52091\",\"name\":\"Bro\u017e\u00fara textilnej fabriky zbierkov\u00fdm predmetom augusta - Pova\u017esk\u00e9 m\u00fazeum\",\"isPartOf\":{\"@id\":\"https:\\\/\\\/pmza.sk\\\/#website\"},\"primaryImageOfPage\":{\"@id\":\"https:\\\/\\\/pmza.sk\\\/?p=52091#primaryimage\"},\"image\":{\"@id\":\"https:\\\/\\\/pmza.sk\\\/?p=52091#primaryimage\"},\"thumbnailUrl\":\"https:\\\/\\\/pmza.sk\\\/wp-content\\\/uploads\\\/2022\\\/08\\\/obalka-web.jpg\",\"datePublished\":\"2022-08-02T12:14:17+00:00\",\"dateModified\":\"2025-05-15T05:11:04+00:00\",\"description\":\"Zbierkov\u00fdm predmetom mesiaca august sa stala bro\u017e\u00fara s n\u00e1zvom Magyar gyapju\u00e1ru katonaposzt\u00f3 \u00e9s takar\u00f3-gy\u00e1r Zsoln\u00e1n L\u00f6w K\u00e1roly z historick\u00e9ho fondu Pova\u017esk\u00e9ho m\u00fazea, ktor\u00e1 bola vydan\u00e1 pri pr\u00edle\u017eitosti milen\u00e1rnej v\u00fdstavy konanej v Budape\u0161ti v roku 1896. Ide o hodnotn\u00fd prame\u0148 k dejin\u00e1m textiln\u00e9ho priemyslu, prin\u00e1\u0161aj\u00faci jedine\u010dn\u00e9 inform\u00e1cie o \u017eilinskej s\u00fakennej fabrike z konca 19. storo\u010dia\u00a0 a z\u00e1rove\u0148 podrobn\u00fd popis jej prezent\u00e1cie na najv\u00e4\u010d\u0161ej v\u00fdstave v Uhorsku, ktor\u00fd dop\u013a\u0148aj\u00fa aj dve fotografie.\u00a0\u00a0\",\"breadcrumb\":{\"@id\":\"https:\\\/\\\/pmza.sk\\\/?p=52091#breadcrumb\"},\"inLanguage\":\"sk-SK\",\"potentialAction\":[{\"@type\":\"ReadAction\",\"target\":[\"https:\\\/\\\/pmza.sk\\\/?p=52091\"]}]},{\"@type\":\"ImageObject\",\"inLanguage\":\"sk-SK\",\"@id\":\"https:\\\/\\\/pmza.sk\\\/?p=52091#primaryimage\",\"url\":\"https:\\\/\\\/pmza.sk\\\/wp-content\\\/uploads\\\/2022\\\/08\\\/obalka-web.jpg\",\"contentUrl\":\"https:\\\/\\\/pmza.sk\\\/wp-content\\\/uploads\\\/2022\\\/08\\\/obalka-web.jpg\",\"width\":1280,\"height\":1226},{\"@type\":\"BreadcrumbList\",\"@id\":\"https:\\\/\\\/pmza.sk\\\/?p=52091#breadcrumb\",\"itemListElement\":[{\"@type\":\"ListItem\",\"position\":1,\"name\":\"Domovsk\u00e1 str\u00e1nka\",\"item\":\"https:\\\/\\\/pmza.sk\\\/\"},{\"@type\":\"ListItem\",\"position\":2,\"name\":\"Bro\u017e\u00fara textilnej fabriky zbierkov\u00fdm predmetom augusta\"}]},{\"@type\":\"WebSite\",\"@id\":\"https:\\\/\\\/pmza.sk\\\/#website\",\"url\":\"https:\\\/\\\/pmza.sk\\\/\",\"name\":\"Pova\u017esk\u00e9 m\u00fazeum\",\"description\":\"Pova\u017esk\u00e9 m\u00fazeum v \u017diline je region\u00e1lne m\u00fazeum so s\u00eddlom v Budat\u00edne. Jeho expoz\u00edcie s\u00fa zameran\u00e9 na dejiny slovensk\u00e9ho umenia, kult\u00fary a dopravy.\",\"publisher\":{\"@id\":\"https:\\\/\\\/pmza.sk\\\/#organization\"},\"potentialAction\":[{\"@type\":\"SearchAction\",\"target\":{\"@type\":\"EntryPoint\",\"urlTemplate\":\"https:\\\/\\\/pmza.sk\\\/?s={search_term_string}\"},\"query-input\":{\"@type\":\"PropertyValueSpecification\",\"valueRequired\":true,\"valueName\":\"search_term_string\"}}],\"inLanguage\":\"sk-SK\"},{\"@type\":\"Organization\",\"@id\":\"https:\\\/\\\/pmza.sk\\\/#organization\",\"name\":\"Pova\u017esk\u00e9 m\u00fazeum\",\"url\":\"https:\\\/\\\/pmza.sk\\\/\",\"logo\":{\"@type\":\"ImageObject\",\"inLanguage\":\"sk-SK\",\"@id\":\"https:\\\/\\\/pmza.sk\\\/#\\\/schema\\\/logo\\\/image\\\/\",\"url\":\"https:\\\/\\\/pmza.sk\\\/wp-content\\\/uploads\\\/2022\\\/01\\\/logo_PM_horizontal.jpg\",\"contentUrl\":\"https:\\\/\\\/pmza.sk\\\/wp-content\\\/uploads\\\/2022\\\/01\\\/logo_PM_horizontal.jpg\",\"width\":231,\"height\":142,\"caption\":\"Pova\u017esk\u00e9 m\u00fazeum\"},\"image\":{\"@id\":\"https:\\\/\\\/pmza.sk\\\/#\\\/schema\\\/logo\\\/image\\\/\"},\"sameAs\":[\"https:\\\/\\\/www.facebook.com\\\/povazskemuzeum\",\"https:\\\/\\\/www.instagram.com\\\/povazskemuzeum\\\/\"]},{\"@type\":\"Person\",\"@id\":\"https:\\\/\\\/pmza.sk\\\/#\\\/schema\\\/person\\\/595e6a2ce731ea94dcd5d7f50a41ae33\",\"name\":\"Pova\u017esk\u00e9 m\u00fazeum\",\"image\":{\"@type\":\"ImageObject\",\"inLanguage\":\"sk-SK\",\"@id\":\"https:\\\/\\\/secure.gravatar.com\\\/avatar\\\/2bb7f1561282132fb5826dfeccc66c7996d11ee392ac6aaf7ced8a1c2027fbb2?s=96&d=mm&r=g\",\"url\":\"https:\\\/\\\/secure.gravatar.com\\\/avatar\\\/2bb7f1561282132fb5826dfeccc66c7996d11ee392ac6aaf7ced8a1c2027fbb2?s=96&d=mm&r=g\",\"contentUrl\":\"https:\\\/\\\/secure.gravatar.com\\\/avatar\\\/2bb7f1561282132fb5826dfeccc66c7996d11ee392ac6aaf7ced8a1c2027fbb2?s=96&d=mm&r=g\",\"caption\":\"Pova\u017esk\u00e9 m\u00fazeum\"}}]}<\/script>\n<!-- \/ Yoast SEO plugin. -->","yoast_head_json":{"title":"Bro\u017e\u00fara textilnej fabriky zbierkov\u00fdm predmetom augusta - Pova\u017esk\u00e9 m\u00fazeum","description":"Zbierkov\u00fdm predmetom mesiaca august sa stala bro\u017e\u00fara s n\u00e1zvom Magyar gyapju\u00e1ru katonaposzt\u00f3 \u00e9s takar\u00f3-gy\u00e1r Zsoln\u00e1n L\u00f6w K\u00e1roly z historick\u00e9ho fondu Pova\u017esk\u00e9ho m\u00fazea, ktor\u00e1 bola vydan\u00e1 pri pr\u00edle\u017eitosti milen\u00e1rnej v\u00fdstavy konanej v Budape\u0161ti v roku 1896. Ide o hodnotn\u00fd prame\u0148 k dejin\u00e1m textiln\u00e9ho priemyslu, prin\u00e1\u0161aj\u00faci jedine\u010dn\u00e9 inform\u00e1cie o \u017eilinskej s\u00fakennej fabrike z konca 19. storo\u010dia\u00a0 a z\u00e1rove\u0148 podrobn\u00fd popis jej prezent\u00e1cie na najv\u00e4\u010d\u0161ej v\u00fdstave v Uhorsku, ktor\u00fd dop\u013a\u0148aj\u00fa aj dve fotografie.\u00a0\u00a0","robots":{"index":"index","follow":"follow","max-snippet":"max-snippet:-1","max-image-preview":"max-image-preview:large","max-video-preview":"max-video-preview:-1"},"canonical":"https:\/\/pmza.sk\/?p=52091","og_locale":"sk_SK","og_type":"article","og_title":"Bro\u017e\u00fara textilnej fabriky zbierkov\u00fdm predmetom augusta - Pova\u017esk\u00e9 m\u00fazeum","og_description":"Zbierkov\u00fdm predmetom mesiaca august sa stala bro\u017e\u00fara s n\u00e1zvom Magyar gyapju\u00e1ru katonaposzt\u00f3 \u00e9s takar\u00f3-gy\u00e1r Zsoln\u00e1n L\u00f6w K\u00e1roly z historick\u00e9ho fondu Pova\u017esk\u00e9ho m\u00fazea, ktor\u00e1 bola vydan\u00e1 pri pr\u00edle\u017eitosti milen\u00e1rnej v\u00fdstavy konanej v Budape\u0161ti v roku 1896. Ide o hodnotn\u00fd prame\u0148 k dejin\u00e1m textiln\u00e9ho priemyslu, prin\u00e1\u0161aj\u00faci jedine\u010dn\u00e9 inform\u00e1cie o \u017eilinskej s\u00fakennej fabrike z konca 19. storo\u010dia\u00a0 a z\u00e1rove\u0148 podrobn\u00fd popis jej prezent\u00e1cie na najv\u00e4\u010d\u0161ej v\u00fdstave v Uhorsku, ktor\u00fd dop\u013a\u0148aj\u00fa aj dve fotografie.\u00a0\u00a0","og_url":"https:\/\/pmza.sk\/?p=52091","og_site_name":"Pova\u017esk\u00e9 m\u00fazeum","article_publisher":"https:\/\/www.facebook.com\/povazskemuzeum","article_published_time":"2022-08-02T12:14:17+00:00","article_modified_time":"2025-05-15T05:11:04+00:00","og_image":[{"width":1280,"height":1226,"url":"https:\/\/pmza.sk\/wp-content\/uploads\/2022\/08\/obalka-web.jpg","type":"image\/jpeg"}],"author":"Pova\u017esk\u00e9 m\u00fazeum","twitter_card":"summary_large_image","twitter_misc":{"Autor":"Pova\u017esk\u00e9 m\u00fazeum","Predpokladan\u00fd \u010das \u010d\u00edtania":"4 min\u00faty"},"schema":{"@context":"https:\/\/schema.org","@graph":[{"@type":"Article","@id":"https:\/\/pmza.sk\/?p=52091#article","isPartOf":{"@id":"https:\/\/pmza.sk\/?p=52091"},"author":{"name":"Pova\u017esk\u00e9 m\u00fazeum","@id":"https:\/\/pmza.sk\/#\/schema\/person\/595e6a2ce731ea94dcd5d7f50a41ae33"},"headline":"Bro\u017e\u00fara textilnej fabriky zbierkov\u00fdm predmetom augusta","datePublished":"2022-08-02T12:14:17+00:00","dateModified":"2025-05-15T05:11:04+00:00","mainEntityOfPage":{"@id":"https:\/\/pmza.sk\/?p=52091"},"wordCount":767,"publisher":{"@id":"https:\/\/pmza.sk\/#organization"},"image":{"@id":"https:\/\/pmza.sk\/?p=52091#primaryimage"},"thumbnailUrl":"https:\/\/pmza.sk\/wp-content\/uploads\/2022\/08\/obalka-web.jpg","articleSection":["Aktuality"],"inLanguage":"sk-SK"},{"@type":"WebPage","@id":"https:\/\/pmza.sk\/?p=52091","url":"https:\/\/pmza.sk\/?p=52091","name":"Bro\u017e\u00fara textilnej fabriky zbierkov\u00fdm predmetom augusta - Pova\u017esk\u00e9 m\u00fazeum","isPartOf":{"@id":"https:\/\/pmza.sk\/#website"},"primaryImageOfPage":{"@id":"https:\/\/pmza.sk\/?p=52091#primaryimage"},"image":{"@id":"https:\/\/pmza.sk\/?p=52091#primaryimage"},"thumbnailUrl":"https:\/\/pmza.sk\/wp-content\/uploads\/2022\/08\/obalka-web.jpg","datePublished":"2022-08-02T12:14:17+00:00","dateModified":"2025-05-15T05:11:04+00:00","description":"Zbierkov\u00fdm predmetom mesiaca august sa stala bro\u017e\u00fara s n\u00e1zvom Magyar gyapju\u00e1ru katonaposzt\u00f3 \u00e9s takar\u00f3-gy\u00e1r Zsoln\u00e1n L\u00f6w K\u00e1roly z historick\u00e9ho fondu Pova\u017esk\u00e9ho m\u00fazea, ktor\u00e1 bola vydan\u00e1 pri pr\u00edle\u017eitosti milen\u00e1rnej v\u00fdstavy konanej v Budape\u0161ti v roku 1896. Ide o hodnotn\u00fd prame\u0148 k dejin\u00e1m textiln\u00e9ho priemyslu, prin\u00e1\u0161aj\u00faci jedine\u010dn\u00e9 inform\u00e1cie o \u017eilinskej s\u00fakennej fabrike z konca 19. storo\u010dia\u00a0 a z\u00e1rove\u0148 podrobn\u00fd popis jej prezent\u00e1cie na najv\u00e4\u010d\u0161ej v\u00fdstave v Uhorsku, ktor\u00fd dop\u013a\u0148aj\u00fa aj dve fotografie.\u00a0\u00a0","breadcrumb":{"@id":"https:\/\/pmza.sk\/?p=52091#breadcrumb"},"inLanguage":"sk-SK","potentialAction":[{"@type":"ReadAction","target":["https:\/\/pmza.sk\/?p=52091"]}]},{"@type":"ImageObject","inLanguage":"sk-SK","@id":"https:\/\/pmza.sk\/?p=52091#primaryimage","url":"https:\/\/pmza.sk\/wp-content\/uploads\/2022\/08\/obalka-web.jpg","contentUrl":"https:\/\/pmza.sk\/wp-content\/uploads\/2022\/08\/obalka-web.jpg","width":1280,"height":1226},{"@type":"BreadcrumbList","@id":"https:\/\/pmza.sk\/?p=52091#breadcrumb","itemListElement":[{"@type":"ListItem","position":1,"name":"Domovsk\u00e1 str\u00e1nka","item":"https:\/\/pmza.sk\/"},{"@type":"ListItem","position":2,"name":"Bro\u017e\u00fara textilnej fabriky zbierkov\u00fdm predmetom augusta"}]},{"@type":"WebSite","@id":"https:\/\/pmza.sk\/#website","url":"https:\/\/pmza.sk\/","name":"Pova\u017esk\u00e9 m\u00fazeum","description":"Pova\u017esk\u00e9 m\u00fazeum v \u017diline je region\u00e1lne m\u00fazeum so s\u00eddlom v Budat\u00edne. Jeho expoz\u00edcie s\u00fa zameran\u00e9 na dejiny slovensk\u00e9ho umenia, kult\u00fary a dopravy.","publisher":{"@id":"https:\/\/pmza.sk\/#organization"},"potentialAction":[{"@type":"SearchAction","target":{"@type":"EntryPoint","urlTemplate":"https:\/\/pmza.sk\/?s={search_term_string}"},"query-input":{"@type":"PropertyValueSpecification","valueRequired":true,"valueName":"search_term_string"}}],"inLanguage":"sk-SK"},{"@type":"Organization","@id":"https:\/\/pmza.sk\/#organization","name":"Pova\u017esk\u00e9 m\u00fazeum","url":"https:\/\/pmza.sk\/","logo":{"@type":"ImageObject","inLanguage":"sk-SK","@id":"https:\/\/pmza.sk\/#\/schema\/logo\/image\/","url":"https:\/\/pmza.sk\/wp-content\/uploads\/2022\/01\/logo_PM_horizontal.jpg","contentUrl":"https:\/\/pmza.sk\/wp-content\/uploads\/2022\/01\/logo_PM_horizontal.jpg","width":231,"height":142,"caption":"Pova\u017esk\u00e9 m\u00fazeum"},"image":{"@id":"https:\/\/pmza.sk\/#\/schema\/logo\/image\/"},"sameAs":["https:\/\/www.facebook.com\/povazskemuzeum","https:\/\/www.instagram.com\/povazskemuzeum\/"]},{"@type":"Person","@id":"https:\/\/pmza.sk\/#\/schema\/person\/595e6a2ce731ea94dcd5d7f50a41ae33","name":"Pova\u017esk\u00e9 m\u00fazeum","image":{"@type":"ImageObject","inLanguage":"sk-SK","@id":"https:\/\/secure.gravatar.com\/avatar\/2bb7f1561282132fb5826dfeccc66c7996d11ee392ac6aaf7ced8a1c2027fbb2?s=96&d=mm&r=g","url":"https:\/\/secure.gravatar.com\/avatar\/2bb7f1561282132fb5826dfeccc66c7996d11ee392ac6aaf7ced8a1c2027fbb2?s=96&d=mm&r=g","contentUrl":"https:\/\/secure.gravatar.com\/avatar\/2bb7f1561282132fb5826dfeccc66c7996d11ee392ac6aaf7ced8a1c2027fbb2?s=96&d=mm&r=g","caption":"Pova\u017esk\u00e9 m\u00fazeum"}}]}},"_links":{"self":[{"href":"https:\/\/pmza.sk\/index.php?rest_route=\/wp\/v2\/posts\/52091","targetHints":{"allow":["GET"]}}],"collection":[{"href":"https:\/\/pmza.sk\/index.php?rest_route=\/wp\/v2\/posts"}],"about":[{"href":"https:\/\/pmza.sk\/index.php?rest_route=\/wp\/v2\/types\/post"}],"author":[{"embeddable":true,"href":"https:\/\/pmza.sk\/index.php?rest_route=\/wp\/v2\/users\/2"}],"replies":[{"embeddable":true,"href":"https:\/\/pmza.sk\/index.php?rest_route=%2Fwp%2Fv2%2Fcomments&post=52091"}],"version-history":[{"count":0,"href":"https:\/\/pmza.sk\/index.php?rest_route=\/wp\/v2\/posts\/52091\/revisions"}],"wp:featuredmedia":[{"embeddable":true,"href":"https:\/\/pmza.sk\/index.php?rest_route=\/wp\/v2\/media\/52097"}],"wp:attachment":[{"href":"https:\/\/pmza.sk\/index.php?rest_route=%2Fwp%2Fv2%2Fmedia&parent=52091"}],"wp:term":[{"taxonomy":"category","embeddable":true,"href":"https:\/\/pmza.sk\/index.php?rest_route=%2Fwp%2Fv2%2Fcategories&post=52091"},{"taxonomy":"post_tag","embeddable":true,"href":"https:\/\/pmza.sk\/index.php?rest_route=%2Fwp%2Fv2%2Ftags&post=52091"}],"curies":[{"name":"wp","href":"https:\/\/api.w.org\/{rel}","templated":true}]}}