{"id":52119,"date":"2022-08-08T08:38:49","date_gmt":"2022-08-08T06:38:49","guid":{"rendered":"https:\/\/pmza.sk\/?p=52119"},"modified":"2022-08-22T07:26:10","modified_gmt":"2022-08-22T05:26:10","slug":"nocna-prehliadka-s-palatinom-2","status":"publish","type":"post","link":"https:\/\/pmza.sk\/?p=52119","title":{"rendered":"No\u010dn\u00e1 prehliadka s palat\u00ednom"},"content":{"rendered":"<p>J\u00falov\u00e1 no\u010dn\u00e1 prehliadka v\u00a0priestoroch Sob\u00e1\u0161neho pal\u00e1ca v\u00a0Byt\u010di priv\u00edtala takmer dve stovky n\u00e1v\u0161tevn\u00edkov. \u010eal\u0161ia sa bude kona\u0165 v\u00a0sobotu 20. augusta. Z\u00e1ujemcovia sa m\u00f4\u017eu op\u00e4\u0165 te\u0161i\u0165 na \u0161peci\u00e1lnu z\u00e1\u017eitkov\u00fa prehliadku v\u00a0historick\u00fdch kost\u00fdmoch, tentokr\u00e1t v\u0161ak aj s\u00a0divadeln\u00fdmi sc\u00e9nkami. <em>\u201eT\u00e1to prehliadka vznikla v\u00a0spolupr\u00e1ci s\u00a0divadelno-hrav\u00fdm zoskupen\u00edm RAZCA, ktor\u00e9 bude v\u00f4bec po prv\u00fdkr\u00e1t hra\u0165 v\u00a0priestoroch Sob\u00e1\u0161neho pal\u00e1ca. Z\u00a0deja m\u00f4\u017eem prezradi\u0165, \u017ee s\u00a0bl\u00ed\u017eiacou sa svadbou svojej dc\u00e9ry Heleny poz\u00fdva palat\u00edn Juraj Turzo host\u00ed na prehliadku pal\u00e1ca. Tam v\u0161ak zav\u00edtaj\u00fa aj jeho dc\u00e9ry, ktor\u00e9 maj\u00fa na t\u00e9mu vydaja svoj vlastn\u00fd n\u00e1zor,\u201c <\/em>pribli\u017euje predstavite\u013e Juraja Turza lektor Samuel Ga\u0161perec.<\/p>\n<p>No\u010dn\u00e1 prehliadka pribl\u00ed\u017ei dianie v\u00a0Sob\u00e1\u0161nom pal\u00e1ci za \u010dias Turzovcov, celkov\u00fd \u017eivot na panstve, ale aj samotn\u00e9 svadobn\u00e9 hostiny a\u00a0vz\u0165ah palat\u00edna k\u00a0svojim dc\u00e9ram. <em>\u201eAtmosf\u00e9ru ve\u010dern\u00e9ho pal\u00e1ca umocn\u00ed \u017eiv\u00e1 renesan\u010dn\u00e1 hudba v\u00a0podan\u00ed skupiny Tonus Eos. Vstupy bud\u00fa o\u00a018.00, 20.00 a\u00a022.00. <\/em><em>Minul\u00fa prehliadku sme mali vypredan\u00e9, preto poz\u00fdvame v\u0161etk\u00fdch, ktor\u00ed toto podujatie e\u0161te nestihli, aby si svoje miesto rezervovali \u010d\u00edm sk\u00f4r, \u201c<\/em> doplnila spr\u00e1vky\u0148a Sob\u00e1\u0161neho pal\u00e1ca v\u00a0Byt\u010di Andrea Tur\u010d\u00e1kov\u00e1. Kv\u00f4li obmedzenej kapacite je vhodn\u00e9 sa objedna\u0165 na tel. \u010d. 041\/5523027 alebo emailom na <a href=\"mailto:sobasnypalac@pmza.sk\">sobasnypalac@pmza.sk<\/a>.<\/p>\n<p><img fetchpriority=\"high\" decoding=\"async\" class=\"alignnone wp-image-52120\" src=\"https:\/\/pmza.sk\/wp-content\/uploads\/2022\/08\/Nocna-prehliadka-s-palatinom_1-255x360.jpg\" alt=\"\" width=\"285\" height=\"402\" srcset=\"https:\/\/pmza.sk\/wp-content\/uploads\/2022\/08\/Nocna-prehliadka-s-palatinom_1-255x360.jpg 255w, https:\/\/pmza.sk\/wp-content\/uploads\/2022\/08\/Nocna-prehliadka-s-palatinom_1-520x736.jpg 520w, https:\/\/pmza.sk\/wp-content\/uploads\/2022\/08\/Nocna-prehliadka-s-palatinom_1-768x1086.jpg 768w, https:\/\/pmza.sk\/wp-content\/uploads\/2022\/08\/Nocna-prehliadka-s-palatinom_1-1086x1536.jpg 1086w, https:\/\/pmza.sk\/wp-content\/uploads\/2022\/08\/Nocna-prehliadka-s-palatinom_1-1448x2048.jpg 1448w, https:\/\/pmza.sk\/wp-content\/uploads\/2022\/08\/Nocna-prehliadka-s-palatinom_1-600x849.jpg 600w, https:\/\/pmza.sk\/wp-content\/uploads\/2022\/08\/Nocna-prehliadka-s-palatinom_1-scaled.jpg 1810w\" sizes=\"(max-width: 285px) 100vw, 285px\" \/><\/p>\n","protected":false},"excerpt":{"rendered":"<p>J\u00falov\u00e1 no\u010dn\u00e1 prehliadka v\u00a0priestoroch Sob\u00e1\u0161neho pal\u00e1ca v\u00a0Byt\u010di priv\u00edtala takmer dve stovky n\u00e1v\u0161tevn\u00edkov. \u010eal\u0161ia sa bude kona\u0165 v\u00a0sobotu 20. augusta. Z\u00e1ujemcovia sa m\u00f4\u017eu op\u00e4\u0165 te\u0161i\u0165 na \u0161peci\u00e1lnu z\u00e1\u017eitkov\u00fa prehliadku v\u00a0historick\u00fdch kost\u00fdmoch, tentokr\u00e1t v\u0161ak aj s\u00a0divadeln\u00fdmi sc\u00e9nkami. \u201eT\u00e1to prehliadka vznikla v\u00a0spolupr\u00e1ci s\u00a0divadelno-hrav\u00fdm zoskupen\u00edm RAZCA, ktor\u00e9 bude v\u00f4bec po prv\u00fdkr\u00e1t hra\u0165 v\u00a0priestoroch Sob\u00e1\u0161neho pal\u00e1ca. Z\u00a0deja m\u00f4\u017eem prezradi\u0165, \u017ee [&hellip;]<\/p>\n","protected":false},"author":2,"featured_media":52121,"comment_status":"open","ping_status":"open","sticky":false,"template":"","format":"standard","meta":{"site-sidebar-layout":"default","site-content-layout":"default","ast-site-content-layout":"","site-content-style":"default","site-sidebar-style":"default","ast-global-header-display":"","ast-banner-title-visibility":"","ast-main-header-display":"","ast-hfb-above-header-display":"","ast-hfb-below-header-display":"","ast-hfb-mobile-header-display":"","site-post-title":"","ast-breadcrumbs-content":"","ast-featured-img":"","footer-sml-layout":"","theme-transparent-header-meta":"default","adv-header-id-meta":"","stick-header-meta":"default","header-above-stick-meta":"","header-main-stick-meta":"","header-below-stick-meta":"","astra-migrate-meta-layouts":"default","ast-page-background-enabled":"default","ast-page-background-meta":{"desktop":{"background-color":"var(--ast-global-color-4)","background-image":"","background-repeat":"repeat","background-position":"center center","background-size":"auto","background-attachment":"scroll","background-type":"","background-media":"","overlay-type":"","overlay-color":"","overlay-opacity":"","overlay-gradient":""},"tablet":{"background-color":"","background-image":"","background-repeat":"repeat","background-position":"center center","background-size":"auto","background-attachment":"scroll","background-type":"","background-media":"","overlay-type":"","overlay-color":"","overlay-opacity":"","overlay-gradient":""},"mobile":{"background-color":"","background-image":"","background-repeat":"repeat","background-position":"center center","background-size":"auto","background-attachment":"scroll","background-type":"","background-media":"","overlay-type":"","overlay-color":"","overlay-opacity":"","overlay-gradient":""}},"ast-content-background-meta":{"desktop":{"background-color":"var(--ast-global-color-5)","background-image":"","background-repeat":"repeat","background-position":"center center","background-size":"auto","background-attachment":"scroll","background-type":"","background-media":"","overlay-type":"","overlay-color":"","overlay-opacity":"","overlay-gradient":""},"tablet":{"background-color":"var(--ast-global-color-5)","background-image":"","background-repeat":"repeat","background-position":"center center","background-size":"auto","background-attachment":"scroll","background-type":"","background-media":"","overlay-type":"","overlay-color":"","overlay-opacity":"","overlay-gradient":""},"mobile":{"background-color":"var(--ast-global-color-5)","background-image":"","background-repeat":"repeat","background-position":"center center","background-size":"auto","background-attachment":"scroll","background-type":"","background-media":"","overlay-type":"","overlay-color":"","overlay-opacity":"","overlay-gradient":""}},"footnotes":""},"categories":[71],"tags":[],"class_list":["post-52119","post","type-post","status-publish","format-standard","has-post-thumbnail","hentry","category-podujatia"],"yoast_head":"<!-- This site is optimized with the Yoast SEO plugin v27.4 - https:\/\/yoast.com\/product\/yoast-seo-wordpress\/ -->\n<title>No\u010dn\u00e1 prehliadka s palat\u00ednom - Pova\u017esk\u00e9 m\u00fazeum<\/title>\n<meta name=\"description\" content=\"Augustov\u00e1 no\u010dn\u00e1 prehliadka s palat\u00ednom sa bude kona\u0165 v sobotu 20. augusta v Sob\u00e1\u0161nom pal\u00e1ci v Byt\u010di o 18.00, 20.00 a 22.00. N\u00e1v\u0161tevn\u00edci sa m\u00f4\u017eu te\u0161i\u0165 na z\u00e1\u017eitkov\u00fa prehliadku a \u017eiv\u00fa renesan\u010dn\u00fa hudbu.\" \/>\n<meta name=\"robots\" content=\"index, follow, max-snippet:-1, max-image-preview:large, max-video-preview:-1\" \/>\n<link rel=\"canonical\" href=\"https:\/\/pmza.sk\/?p=52119\" \/>\n<meta property=\"og:locale\" content=\"sk_SK\" \/>\n<meta property=\"og:type\" content=\"article\" \/>\n<meta property=\"og:title\" content=\"No\u010dn\u00e1 prehliadka s palat\u00ednom - Pova\u017esk\u00e9 m\u00fazeum\" \/>\n<meta property=\"og:description\" content=\"Augustov\u00e1 no\u010dn\u00e1 prehliadka s palat\u00ednom sa bude kona\u0165 v sobotu 20. augusta v Sob\u00e1\u0161nom pal\u00e1ci v Byt\u010di o 18.00, 20.00 a 22.00. N\u00e1v\u0161tevn\u00edci sa m\u00f4\u017eu te\u0161i\u0165 na z\u00e1\u017eitkov\u00fa prehliadku a \u017eiv\u00fa renesan\u010dn\u00fa hudbu.\" \/>\n<meta property=\"og:url\" content=\"https:\/\/pmza.sk\/?p=52119\" \/>\n<meta property=\"og:site_name\" content=\"Pova\u017esk\u00e9 m\u00fazeum\" \/>\n<meta property=\"article:publisher\" content=\"https:\/\/www.facebook.com\/povazskemuzeum\" \/>\n<meta property=\"article:published_time\" content=\"2022-08-08T06:38:49+00:00\" \/>\n<meta property=\"article:modified_time\" content=\"2022-08-22T05:26:10+00:00\" \/>\n<meta property=\"og:image\" content=\"https:\/\/pmza.sk\/wp-content\/uploads\/2022\/08\/IMG_20220723_174521-scaled.jpg\" \/>\n\t<meta property=\"og:image:width\" content=\"2560\" \/>\n\t<meta property=\"og:image:height\" content=\"1922\" \/>\n\t<meta property=\"og:image:type\" content=\"image\/jpeg\" \/>\n<meta name=\"author\" content=\"Pova\u017esk\u00e9 m\u00fazeum\" \/>\n<meta name=\"twitter:card\" content=\"summary_large_image\" \/>\n<meta name=\"twitter:label1\" content=\"Autor\" \/>\n\t<meta name=\"twitter:data1\" content=\"Pova\u017esk\u00e9 m\u00fazeum\" \/>\n\t<meta name=\"twitter:label2\" content=\"Predpokladan\u00fd \u010das \u010d\u00edtania\" \/>\n\t<meta name=\"twitter:data2\" content=\"1 min\u00fata\" \/>\n<script type=\"application\/ld+json\" class=\"yoast-schema-graph\">{\"@context\":\"https:\\\/\\\/schema.org\",\"@graph\":[{\"@type\":\"Article\",\"@id\":\"https:\\\/\\\/pmza.sk\\\/?p=52119#article\",\"isPartOf\":{\"@id\":\"https:\\\/\\\/pmza.sk\\\/?p=52119\"},\"author\":{\"name\":\"Pova\u017esk\u00e9 m\u00fazeum\",\"@id\":\"https:\\\/\\\/pmza.sk\\\/#\\\/schema\\\/person\\\/595e6a2ce731ea94dcd5d7f50a41ae33\"},\"headline\":\"No\u010dn\u00e1 prehliadka s palat\u00ednom\",\"datePublished\":\"2022-08-08T06:38:49+00:00\",\"dateModified\":\"2022-08-22T05:26:10+00:00\",\"mainEntityOfPage\":{\"@id\":\"https:\\\/\\\/pmza.sk\\\/?p=52119\"},\"wordCount\":256,\"commentCount\":0,\"publisher\":{\"@id\":\"https:\\\/\\\/pmza.sk\\\/#organization\"},\"image\":{\"@id\":\"https:\\\/\\\/pmza.sk\\\/?p=52119#primaryimage\"},\"thumbnailUrl\":\"https:\\\/\\\/pmza.sk\\\/wp-content\\\/uploads\\\/2022\\\/08\\\/IMG_20220723_174521-scaled.jpg\",\"articleSection\":[\"Podujatia\"],\"inLanguage\":\"sk-SK\"},{\"@type\":\"WebPage\",\"@id\":\"https:\\\/\\\/pmza.sk\\\/?p=52119\",\"url\":\"https:\\\/\\\/pmza.sk\\\/?p=52119\",\"name\":\"No\u010dn\u00e1 prehliadka s palat\u00ednom - Pova\u017esk\u00e9 m\u00fazeum\",\"isPartOf\":{\"@id\":\"https:\\\/\\\/pmza.sk\\\/#website\"},\"primaryImageOfPage\":{\"@id\":\"https:\\\/\\\/pmza.sk\\\/?p=52119#primaryimage\"},\"image\":{\"@id\":\"https:\\\/\\\/pmza.sk\\\/?p=52119#primaryimage\"},\"thumbnailUrl\":\"https:\\\/\\\/pmza.sk\\\/wp-content\\\/uploads\\\/2022\\\/08\\\/IMG_20220723_174521-scaled.jpg\",\"datePublished\":\"2022-08-08T06:38:49+00:00\",\"dateModified\":\"2022-08-22T05:26:10+00:00\",\"description\":\"Augustov\u00e1 no\u010dn\u00e1 prehliadka s palat\u00ednom sa bude kona\u0165 v sobotu 20. augusta v Sob\u00e1\u0161nom pal\u00e1ci v Byt\u010di o 18.00, 20.00 a 22.00. N\u00e1v\u0161tevn\u00edci sa m\u00f4\u017eu te\u0161i\u0165 na z\u00e1\u017eitkov\u00fa prehliadku a \u017eiv\u00fa renesan\u010dn\u00fa hudbu.\",\"breadcrumb\":{\"@id\":\"https:\\\/\\\/pmza.sk\\\/?p=52119#breadcrumb\"},\"inLanguage\":\"sk-SK\",\"potentialAction\":[{\"@type\":\"ReadAction\",\"target\":[\"https:\\\/\\\/pmza.sk\\\/?p=52119\"]}]},{\"@type\":\"ImageObject\",\"inLanguage\":\"sk-SK\",\"@id\":\"https:\\\/\\\/pmza.sk\\\/?p=52119#primaryimage\",\"url\":\"https:\\\/\\\/pmza.sk\\\/wp-content\\\/uploads\\\/2022\\\/08\\\/IMG_20220723_174521-scaled.jpg\",\"contentUrl\":\"https:\\\/\\\/pmza.sk\\\/wp-content\\\/uploads\\\/2022\\\/08\\\/IMG_20220723_174521-scaled.jpg\",\"width\":2560,\"height\":1922},{\"@type\":\"BreadcrumbList\",\"@id\":\"https:\\\/\\\/pmza.sk\\\/?p=52119#breadcrumb\",\"itemListElement\":[{\"@type\":\"ListItem\",\"position\":1,\"name\":\"Domovsk\u00e1 str\u00e1nka\",\"item\":\"https:\\\/\\\/pmza.sk\\\/\"},{\"@type\":\"ListItem\",\"position\":2,\"name\":\"No\u010dn\u00e1 prehliadka s palat\u00ednom\"}]},{\"@type\":\"WebSite\",\"@id\":\"https:\\\/\\\/pmza.sk\\\/#website\",\"url\":\"https:\\\/\\\/pmza.sk\\\/\",\"name\":\"Pova\u017esk\u00e9 m\u00fazeum\",\"description\":\"Pova\u017esk\u00e9 m\u00fazeum v \u017diline je region\u00e1lne m\u00fazeum so s\u00eddlom v Budat\u00edne. Jeho expoz\u00edcie s\u00fa zameran\u00e9 na dejiny slovensk\u00e9ho umenia, kult\u00fary a dopravy.\",\"publisher\":{\"@id\":\"https:\\\/\\\/pmza.sk\\\/#organization\"},\"potentialAction\":[{\"@type\":\"SearchAction\",\"target\":{\"@type\":\"EntryPoint\",\"urlTemplate\":\"https:\\\/\\\/pmza.sk\\\/?s={search_term_string}\"},\"query-input\":{\"@type\":\"PropertyValueSpecification\",\"valueRequired\":true,\"valueName\":\"search_term_string\"}}],\"inLanguage\":\"sk-SK\"},{\"@type\":\"Organization\",\"@id\":\"https:\\\/\\\/pmza.sk\\\/#organization\",\"name\":\"Pova\u017esk\u00e9 m\u00fazeum\",\"url\":\"https:\\\/\\\/pmza.sk\\\/\",\"logo\":{\"@type\":\"ImageObject\",\"inLanguage\":\"sk-SK\",\"@id\":\"https:\\\/\\\/pmza.sk\\\/#\\\/schema\\\/logo\\\/image\\\/\",\"url\":\"https:\\\/\\\/pmza.sk\\\/wp-content\\\/uploads\\\/2022\\\/01\\\/logo_PM_horizontal.jpg\",\"contentUrl\":\"https:\\\/\\\/pmza.sk\\\/wp-content\\\/uploads\\\/2022\\\/01\\\/logo_PM_horizontal.jpg\",\"width\":231,\"height\":142,\"caption\":\"Pova\u017esk\u00e9 m\u00fazeum\"},\"image\":{\"@id\":\"https:\\\/\\\/pmza.sk\\\/#\\\/schema\\\/logo\\\/image\\\/\"},\"sameAs\":[\"https:\\\/\\\/www.facebook.com\\\/povazskemuzeum\",\"https:\\\/\\\/www.instagram.com\\\/povazskemuzeum\\\/\"]},{\"@type\":\"Person\",\"@id\":\"https:\\\/\\\/pmza.sk\\\/#\\\/schema\\\/person\\\/595e6a2ce731ea94dcd5d7f50a41ae33\",\"name\":\"Pova\u017esk\u00e9 m\u00fazeum\",\"image\":{\"@type\":\"ImageObject\",\"inLanguage\":\"sk-SK\",\"@id\":\"https:\\\/\\\/secure.gravatar.com\\\/avatar\\\/2bb7f1561282132fb5826dfeccc66c7996d11ee392ac6aaf7ced8a1c2027fbb2?s=96&d=mm&r=g\",\"url\":\"https:\\\/\\\/secure.gravatar.com\\\/avatar\\\/2bb7f1561282132fb5826dfeccc66c7996d11ee392ac6aaf7ced8a1c2027fbb2?s=96&d=mm&r=g\",\"contentUrl\":\"https:\\\/\\\/secure.gravatar.com\\\/avatar\\\/2bb7f1561282132fb5826dfeccc66c7996d11ee392ac6aaf7ced8a1c2027fbb2?s=96&d=mm&r=g\",\"caption\":\"Pova\u017esk\u00e9 m\u00fazeum\"}}]}<\/script>\n<!-- \/ Yoast SEO plugin. -->","yoast_head_json":{"title":"No\u010dn\u00e1 prehliadka s palat\u00ednom - Pova\u017esk\u00e9 m\u00fazeum","description":"Augustov\u00e1 no\u010dn\u00e1 prehliadka s palat\u00ednom sa bude kona\u0165 v sobotu 20. augusta v Sob\u00e1\u0161nom pal\u00e1ci v Byt\u010di o 18.00, 20.00 a 22.00. N\u00e1v\u0161tevn\u00edci sa m\u00f4\u017eu te\u0161i\u0165 na z\u00e1\u017eitkov\u00fa prehliadku a \u017eiv\u00fa renesan\u010dn\u00fa hudbu.","robots":{"index":"index","follow":"follow","max-snippet":"max-snippet:-1","max-image-preview":"max-image-preview:large","max-video-preview":"max-video-preview:-1"},"canonical":"https:\/\/pmza.sk\/?p=52119","og_locale":"sk_SK","og_type":"article","og_title":"No\u010dn\u00e1 prehliadka s palat\u00ednom - Pova\u017esk\u00e9 m\u00fazeum","og_description":"Augustov\u00e1 no\u010dn\u00e1 prehliadka s palat\u00ednom sa bude kona\u0165 v sobotu 20. augusta v Sob\u00e1\u0161nom pal\u00e1ci v Byt\u010di o 18.00, 20.00 a 22.00. N\u00e1v\u0161tevn\u00edci sa m\u00f4\u017eu te\u0161i\u0165 na z\u00e1\u017eitkov\u00fa prehliadku a \u017eiv\u00fa renesan\u010dn\u00fa hudbu.","og_url":"https:\/\/pmza.sk\/?p=52119","og_site_name":"Pova\u017esk\u00e9 m\u00fazeum","article_publisher":"https:\/\/www.facebook.com\/povazskemuzeum","article_published_time":"2022-08-08T06:38:49+00:00","article_modified_time":"2022-08-22T05:26:10+00:00","og_image":[{"width":2560,"height":1922,"url":"https:\/\/pmza.sk\/wp-content\/uploads\/2022\/08\/IMG_20220723_174521-scaled.jpg","type":"image\/jpeg"}],"author":"Pova\u017esk\u00e9 m\u00fazeum","twitter_card":"summary_large_image","twitter_misc":{"Autor":"Pova\u017esk\u00e9 m\u00fazeum","Predpokladan\u00fd \u010das \u010d\u00edtania":"1 min\u00fata"},"schema":{"@context":"https:\/\/schema.org","@graph":[{"@type":"Article","@id":"https:\/\/pmza.sk\/?p=52119#article","isPartOf":{"@id":"https:\/\/pmza.sk\/?p=52119"},"author":{"name":"Pova\u017esk\u00e9 m\u00fazeum","@id":"https:\/\/pmza.sk\/#\/schema\/person\/595e6a2ce731ea94dcd5d7f50a41ae33"},"headline":"No\u010dn\u00e1 prehliadka s palat\u00ednom","datePublished":"2022-08-08T06:38:49+00:00","dateModified":"2022-08-22T05:26:10+00:00","mainEntityOfPage":{"@id":"https:\/\/pmza.sk\/?p=52119"},"wordCount":256,"commentCount":0,"publisher":{"@id":"https:\/\/pmza.sk\/#organization"},"image":{"@id":"https:\/\/pmza.sk\/?p=52119#primaryimage"},"thumbnailUrl":"https:\/\/pmza.sk\/wp-content\/uploads\/2022\/08\/IMG_20220723_174521-scaled.jpg","articleSection":["Podujatia"],"inLanguage":"sk-SK"},{"@type":"WebPage","@id":"https:\/\/pmza.sk\/?p=52119","url":"https:\/\/pmza.sk\/?p=52119","name":"No\u010dn\u00e1 prehliadka s palat\u00ednom - Pova\u017esk\u00e9 m\u00fazeum","isPartOf":{"@id":"https:\/\/pmza.sk\/#website"},"primaryImageOfPage":{"@id":"https:\/\/pmza.sk\/?p=52119#primaryimage"},"image":{"@id":"https:\/\/pmza.sk\/?p=52119#primaryimage"},"thumbnailUrl":"https:\/\/pmza.sk\/wp-content\/uploads\/2022\/08\/IMG_20220723_174521-scaled.jpg","datePublished":"2022-08-08T06:38:49+00:00","dateModified":"2022-08-22T05:26:10+00:00","description":"Augustov\u00e1 no\u010dn\u00e1 prehliadka s palat\u00ednom sa bude kona\u0165 v sobotu 20. augusta v Sob\u00e1\u0161nom pal\u00e1ci v Byt\u010di o 18.00, 20.00 a 22.00. N\u00e1v\u0161tevn\u00edci sa m\u00f4\u017eu te\u0161i\u0165 na z\u00e1\u017eitkov\u00fa prehliadku a \u017eiv\u00fa renesan\u010dn\u00fa hudbu.","breadcrumb":{"@id":"https:\/\/pmza.sk\/?p=52119#breadcrumb"},"inLanguage":"sk-SK","potentialAction":[{"@type":"ReadAction","target":["https:\/\/pmza.sk\/?p=52119"]}]},{"@type":"ImageObject","inLanguage":"sk-SK","@id":"https:\/\/pmza.sk\/?p=52119#primaryimage","url":"https:\/\/pmza.sk\/wp-content\/uploads\/2022\/08\/IMG_20220723_174521-scaled.jpg","contentUrl":"https:\/\/pmza.sk\/wp-content\/uploads\/2022\/08\/IMG_20220723_174521-scaled.jpg","width":2560,"height":1922},{"@type":"BreadcrumbList","@id":"https:\/\/pmza.sk\/?p=52119#breadcrumb","itemListElement":[{"@type":"ListItem","position":1,"name":"Domovsk\u00e1 str\u00e1nka","item":"https:\/\/pmza.sk\/"},{"@type":"ListItem","position":2,"name":"No\u010dn\u00e1 prehliadka s palat\u00ednom"}]},{"@type":"WebSite","@id":"https:\/\/pmza.sk\/#website","url":"https:\/\/pmza.sk\/","name":"Pova\u017esk\u00e9 m\u00fazeum","description":"Pova\u017esk\u00e9 m\u00fazeum v \u017diline je region\u00e1lne m\u00fazeum so s\u00eddlom v Budat\u00edne. Jeho expoz\u00edcie s\u00fa zameran\u00e9 na dejiny slovensk\u00e9ho umenia, kult\u00fary a dopravy.","publisher":{"@id":"https:\/\/pmza.sk\/#organization"},"potentialAction":[{"@type":"SearchAction","target":{"@type":"EntryPoint","urlTemplate":"https:\/\/pmza.sk\/?s={search_term_string}"},"query-input":{"@type":"PropertyValueSpecification","valueRequired":true,"valueName":"search_term_string"}}],"inLanguage":"sk-SK"},{"@type":"Organization","@id":"https:\/\/pmza.sk\/#organization","name":"Pova\u017esk\u00e9 m\u00fazeum","url":"https:\/\/pmza.sk\/","logo":{"@type":"ImageObject","inLanguage":"sk-SK","@id":"https:\/\/pmza.sk\/#\/schema\/logo\/image\/","url":"https:\/\/pmza.sk\/wp-content\/uploads\/2022\/01\/logo_PM_horizontal.jpg","contentUrl":"https:\/\/pmza.sk\/wp-content\/uploads\/2022\/01\/logo_PM_horizontal.jpg","width":231,"height":142,"caption":"Pova\u017esk\u00e9 m\u00fazeum"},"image":{"@id":"https:\/\/pmza.sk\/#\/schema\/logo\/image\/"},"sameAs":["https:\/\/www.facebook.com\/povazskemuzeum","https:\/\/www.instagram.com\/povazskemuzeum\/"]},{"@type":"Person","@id":"https:\/\/pmza.sk\/#\/schema\/person\/595e6a2ce731ea94dcd5d7f50a41ae33","name":"Pova\u017esk\u00e9 m\u00fazeum","image":{"@type":"ImageObject","inLanguage":"sk-SK","@id":"https:\/\/secure.gravatar.com\/avatar\/2bb7f1561282132fb5826dfeccc66c7996d11ee392ac6aaf7ced8a1c2027fbb2?s=96&d=mm&r=g","url":"https:\/\/secure.gravatar.com\/avatar\/2bb7f1561282132fb5826dfeccc66c7996d11ee392ac6aaf7ced8a1c2027fbb2?s=96&d=mm&r=g","contentUrl":"https:\/\/secure.gravatar.com\/avatar\/2bb7f1561282132fb5826dfeccc66c7996d11ee392ac6aaf7ced8a1c2027fbb2?s=96&d=mm&r=g","caption":"Pova\u017esk\u00e9 m\u00fazeum"}}]}},"_links":{"self":[{"href":"https:\/\/pmza.sk\/index.php?rest_route=\/wp\/v2\/posts\/52119","targetHints":{"allow":["GET"]}}],"collection":[{"href":"https:\/\/pmza.sk\/index.php?rest_route=\/wp\/v2\/posts"}],"about":[{"href":"https:\/\/pmza.sk\/index.php?rest_route=\/wp\/v2\/types\/post"}],"author":[{"embeddable":true,"href":"https:\/\/pmza.sk\/index.php?rest_route=\/wp\/v2\/users\/2"}],"replies":[{"embeddable":true,"href":"https:\/\/pmza.sk\/index.php?rest_route=%2Fwp%2Fv2%2Fcomments&post=52119"}],"version-history":[{"count":0,"href":"https:\/\/pmza.sk\/index.php?rest_route=\/wp\/v2\/posts\/52119\/revisions"}],"wp:featuredmedia":[{"embeddable":true,"href":"https:\/\/pmza.sk\/index.php?rest_route=\/wp\/v2\/media\/52121"}],"wp:attachment":[{"href":"https:\/\/pmza.sk\/index.php?rest_route=%2Fwp%2Fv2%2Fmedia&parent=52119"}],"wp:term":[{"taxonomy":"category","embeddable":true,"href":"https:\/\/pmza.sk\/index.php?rest_route=%2Fwp%2Fv2%2Fcategories&post=52119"},{"taxonomy":"post_tag","embeddable":true,"href":"https:\/\/pmza.sk\/index.php?rest_route=%2Fwp%2Fv2%2Ftags&post=52119"}],"curies":[{"name":"wp","href":"https:\/\/api.w.org\/{rel}","templated":true}]}}