{"id":5259,"date":"2012-03-23T09:22:34","date_gmt":"2012-03-23T08:22:34","guid":{"rendered":"https:\/\/pmza.sk.sk\/?p=5259"},"modified":"2012-03-23T09:22:34","modified_gmt":"2012-03-23T08:22:34","slug":"pozvanka-do-muzealnej-kniznice","status":"publish","type":"post","link":"https:\/\/pmza.sk\/?p=5259","title":{"rendered":"Pozv\u00e1nka do muze\u00e1lnej kni\u017enice"},"content":{"rendered":"<p><a href=\"https:\/\/pmza.sk\/wp-content\/uploads\/2012\/03\/IMG_0261.jpg\"><img fetchpriority=\"high\" decoding=\"async\" class=\"alignleft size-medium wp-image-5260\" style=\"margin: 4px; border: 2px solid black;\" title=\"IMG_0261\" src=\"https:\/\/pmza.sk.sk\/wp-content\/uploads\/2012\/03\/IMG_0261-300x200.jpg\" alt=\"\" width=\"300\" height=\"200\" \/><\/a>Kni\u017enica Pova\u017esk\u00e9ho m\u00fazea v\u00a0\u017diline pri pr\u00edle\u017eitosti marca ako mesiaca knihy \u00a0op\u00e4tovne organizuje, v\u00a0porad\u00ed u\u017e \u0161tvrt\u00fd,\u00a0 De\u0148 otvoren\u00fdch dver\u00ed (DOD). ,,<em>Na\u0161a kni\u017enica, ktor\u00fa doned\u00e1vna nav\u0161tevovala preva\u017ene odborn\u00e1 \u010ditate\u013esk\u00e1 verejnos\u0165, \u00a0sa aj v\u010faka DOD dost\u00e1va do povedomia ostatnej verejnosti. Jej slu\u017eby vyu\u017e\u00edvaj\u00fa \u0161tudenti stredn\u00fdch a\u00a0vysok\u00fdch \u0161k\u00f4l, preto\u017ee je bohat\u00e1 na kni\u017en\u00fd fond region\u00e1lnych re\u00e1li\u00ed, ktor\u00fd je zdrojom inform\u00e1ci\u00ed pre ich \u010fal\u0161ie \u0161t\u00fadium<\/em>,\u201c povedala Jana Sakalov\u00e1, knihovn\u00ed\u010dka Pova\u017esk\u00e9ho m\u00fazea v\u00a0\u017diline.<br \/>\nV\u00a0stredu <strong>28. marca 2012 od 8,00 hod. a\u017e do 17,00 hod. <\/strong>bud\u00fa ma\u0165 z\u00e1ujemcovia mo\u017enos\u0165 bezplatnej registr\u00e1cie v\u00a0kni\u017enici a\u00a0odnes\u00fa si dar\u010dek z\u00a0edi\u010dnej \u010dinnosti m\u00fazea pod\u013ea vlastn\u00e9ho v\u00fdberu. Z\u00e1rove\u0148 im bude predstaven\u00fd fond kni\u017enice s\u00a0mno\u017estvom zauj\u00edmavej spolo\u010denskovednej, pr\u00edrodovednej, archeologickej a\u00a0muzeologickej literat\u00fary z\u00a0dom\u00e1cej a\u00a0zahrani\u010dnej produkcie, z\u00edskanej v\u00fdmenou zo zahrani\u010dn\u00fdch m\u00faze\u00ed a\u00a0in\u0161tit\u00faci\u00ed.<!--more-->N\u00e1v\u0161tevn\u00edci kni\u017enice sa m\u00f4\u017eu podrobnej\u0161ie zozn\u00e1mi\u0165 sa s\u00a0publik\u00e1ciami z\u00a0oblasti drot\u00e1rstva, dej\u00edn mesta \u017diliny a\u00a0okolia. Kni\u017enica pon\u00faka aj odborn\u00fa periodick\u00fa tla\u010d. <em>,,Do pozornosti d\u00e1vame nov\u00e9 \u010d\u00edslo plne recenzovan\u00e9ho Vlastivedn\u00e9ho zborn\u00edka Pova\u017eia, jedn\u00e9ho z\u00a0najstar\u0161\u00edch slovensk\u00fdch muze\u00e1lnych zborn\u00edkov, ktor\u00fd m\u00fazeum ned\u00e1vno vydalo u\u017e po dvadsiaty piaty kr\u00e1t. Odpor\u00fa\u010dam pre\u010d\u00edta\u0165 si ho, preto\u017ee nie je len odborn\u00fdm periodikom, ale pozorn\u00e9mu \u010ditate\u013eovi pon\u00faka sum\u00e1r nov\u00fdch a\u00a0podnetn\u00fdch poznatkov\u00a0 so z\u00e1berom na spolo\u010denskovedn\u00fa a\u00a0pr\u00edrodovedn\u00fa oblas\u0165<\/em>, \u201cdodal Boris Schubert, riadite\u013e Pova\u017esk\u00e9ho m\u00fazea v\u00a0\u017diline.<\/p>\n<p>Organiz\u00e1torom DOD muze\u00e1lnej kni\u017enice v\u00a0stredu 28. marca 2012 je \u017dilinsk\u00fd samospr\u00e1vny kraj a\u00a0Pova\u017esk\u00e9 m\u00fazeum v\u00a0\u017diline.<\/p>\n","protected":false},"excerpt":{"rendered":"<p>Kni\u017enica Pova\u017esk\u00e9ho m\u00fazea v\u00a0\u017diline pri pr\u00edle\u017eitosti marca ako mesiaca knihy \u00a0op\u00e4tovne organizuje, v\u00a0porad\u00ed u\u017e \u0161tvrt\u00fd,\u00a0 De\u0148 otvoren\u00fdch dver\u00ed (DOD). ,,Na\u0161a kni\u017enica, ktor\u00fa doned\u00e1vna nav\u0161tevovala preva\u017ene odborn\u00e1 \u010ditate\u013esk\u00e1 verejnos\u0165, \u00a0sa aj v\u010faka DOD dost\u00e1va do povedomia ostatnej verejnosti. Jej slu\u017eby vyu\u017e\u00edvaj\u00fa \u0161tudenti stredn\u00fdch a\u00a0vysok\u00fdch \u0161k\u00f4l, preto\u017ee je bohat\u00e1 na kni\u017en\u00fd fond region\u00e1lnych re\u00e1li\u00ed, ktor\u00fd je zdrojom [&hellip;]<\/p>\n","protected":false},"author":2,"featured_media":0,"comment_status":"closed","ping_status":"closed","sticky":false,"template":"","format":"standard","meta":{"site-sidebar-layout":"default","site-content-layout":"","ast-site-content-layout":"","site-content-style":"default","site-sidebar-style":"default","ast-global-header-display":"","ast-banner-title-visibility":"","ast-main-header-display":"","ast-hfb-above-header-display":"","ast-hfb-below-header-display":"","ast-hfb-mobile-header-display":"","site-post-title":"","ast-breadcrumbs-content":"","ast-featured-img":"","footer-sml-layout":"","theme-transparent-header-meta":"","adv-header-id-meta":"","stick-header-meta":"","header-above-stick-meta":"","header-main-stick-meta":"","header-below-stick-meta":"","astra-migrate-meta-layouts":"default","ast-page-background-enabled":"default","ast-page-background-meta":{"desktop":{"background-color":"var(--ast-global-color-4)","background-image":"","background-repeat":"repeat","background-position":"center center","background-size":"auto","background-attachment":"scroll","background-type":"","background-media":"","overlay-type":"","overlay-color":"","overlay-opacity":"","overlay-gradient":""},"tablet":{"background-color":"","background-image":"","background-repeat":"repeat","background-position":"center center","background-size":"auto","background-attachment":"scroll","background-type":"","background-media":"","overlay-type":"","overlay-color":"","overlay-opacity":"","overlay-gradient":""},"mobile":{"background-color":"","background-image":"","background-repeat":"repeat","background-position":"center center","background-size":"auto","background-attachment":"scroll","background-type":"","background-media":"","overlay-type":"","overlay-color":"","overlay-opacity":"","overlay-gradient":""}},"ast-content-background-meta":{"desktop":{"background-color":"var(--ast-global-color-5)","background-image":"","background-repeat":"repeat","background-position":"center center","background-size":"auto","background-attachment":"scroll","background-type":"","background-media":"","overlay-type":"","overlay-color":"","overlay-opacity":"","overlay-gradient":""},"tablet":{"background-color":"var(--ast-global-color-5)","background-image":"","background-repeat":"repeat","background-position":"center center","background-size":"auto","background-attachment":"scroll","background-type":"","background-media":"","overlay-type":"","overlay-color":"","overlay-opacity":"","overlay-gradient":""},"mobile":{"background-color":"var(--ast-global-color-5)","background-image":"","background-repeat":"repeat","background-position":"center center","background-size":"auto","background-attachment":"scroll","background-type":"","background-media":"","overlay-type":"","overlay-color":"","overlay-opacity":"","overlay-gradient":""}},"footnotes":""},"categories":[32],"tags":[],"class_list":["post-5259","post","type-post","status-publish","format-standard","hentry","category-archiv-2012"],"yoast_head":"<!-- This site is optimized with the Yoast SEO plugin v27.4 - https:\/\/yoast.com\/product\/yoast-seo-wordpress\/ -->\n<title>Pozv\u00e1nka do muze\u00e1lnej kni\u017enice - Pova\u017esk\u00e9 m\u00fazeum<\/title>\n<meta name=\"robots\" content=\"index, follow, max-snippet:-1, max-image-preview:large, max-video-preview:-1\" \/>\n<link rel=\"canonical\" href=\"https:\/\/pmza.sk\/?p=5259\" \/>\n<meta property=\"og:locale\" content=\"sk_SK\" \/>\n<meta property=\"og:type\" content=\"article\" \/>\n<meta property=\"og:title\" content=\"Pozv\u00e1nka do muze\u00e1lnej kni\u017enice - Pova\u017esk\u00e9 m\u00fazeum\" \/>\n<meta property=\"og:description\" content=\"Kni\u017enica Pova\u017esk\u00e9ho m\u00fazea v\u00a0\u017diline pri pr\u00edle\u017eitosti marca ako mesiaca knihy \u00a0op\u00e4tovne organizuje, v\u00a0porad\u00ed u\u017e \u0161tvrt\u00fd,\u00a0 De\u0148 otvoren\u00fdch dver\u00ed (DOD). ,,Na\u0161a kni\u017enica, ktor\u00fa doned\u00e1vna nav\u0161tevovala preva\u017ene odborn\u00e1 \u010ditate\u013esk\u00e1 verejnos\u0165, \u00a0sa aj v\u010faka DOD dost\u00e1va do povedomia ostatnej verejnosti. Jej slu\u017eby vyu\u017e\u00edvaj\u00fa \u0161tudenti stredn\u00fdch a\u00a0vysok\u00fdch \u0161k\u00f4l, preto\u017ee je bohat\u00e1 na kni\u017en\u00fd fond region\u00e1lnych re\u00e1li\u00ed, ktor\u00fd je zdrojom [&hellip;]\" \/>\n<meta property=\"og:url\" content=\"https:\/\/pmza.sk\/?p=5259\" \/>\n<meta property=\"og:site_name\" content=\"Pova\u017esk\u00e9 m\u00fazeum\" \/>\n<meta property=\"article:publisher\" content=\"https:\/\/www.facebook.com\/povazskemuzeum\" \/>\n<meta property=\"article:published_time\" content=\"2012-03-23T08:22:34+00:00\" \/>\n<meta property=\"og:image\" content=\"https:\/\/pmza.sk.sk\/wp-content\/uploads\/2012\/03\/IMG_0261-300x200.jpg\" \/>\n<meta name=\"author\" content=\"Pova\u017esk\u00e9 m\u00fazeum\" \/>\n<meta name=\"twitter:card\" content=\"summary_large_image\" \/>\n<meta name=\"twitter:label1\" content=\"Autor\" \/>\n\t<meta name=\"twitter:data1\" content=\"Pova\u017esk\u00e9 m\u00fazeum\" \/>\n\t<meta name=\"twitter:label2\" content=\"Predpokladan\u00fd \u010das \u010d\u00edtania\" \/>\n\t<meta name=\"twitter:data2\" content=\"2 min\u00faty\" \/>\n<script type=\"application\/ld+json\" class=\"yoast-schema-graph\">{\"@context\":\"https:\\\/\\\/schema.org\",\"@graph\":[{\"@type\":\"Article\",\"@id\":\"https:\\\/\\\/pmza.sk\\\/?p=5259#article\",\"isPartOf\":{\"@id\":\"https:\\\/\\\/pmza.sk\\\/?p=5259\"},\"author\":{\"name\":\"Pova\u017esk\u00e9 m\u00fazeum\",\"@id\":\"https:\\\/\\\/pmza.sk\\\/#\\\/schema\\\/person\\\/595e6a2ce731ea94dcd5d7f50a41ae33\"},\"headline\":\"Pozv\u00e1nka do muze\u00e1lnej kni\u017enice\",\"datePublished\":\"2012-03-23T08:22:34+00:00\",\"mainEntityOfPage\":{\"@id\":\"https:\\\/\\\/pmza.sk\\\/?p=5259\"},\"wordCount\":335,\"publisher\":{\"@id\":\"https:\\\/\\\/pmza.sk\\\/#organization\"},\"image\":{\"@id\":\"https:\\\/\\\/pmza.sk\\\/?p=5259#primaryimage\"},\"thumbnailUrl\":\"http:\\\/\\\/pmza.sk.sk\\\/wp-content\\\/uploads\\\/2012\\\/03\\\/IMG_0261-300x200.jpg\",\"articleSection\":[\"Arch\u00edv 2012\"],\"inLanguage\":\"sk-SK\"},{\"@type\":\"WebPage\",\"@id\":\"https:\\\/\\\/pmza.sk\\\/?p=5259\",\"url\":\"https:\\\/\\\/pmza.sk\\\/?p=5259\",\"name\":\"Pozv\u00e1nka do muze\u00e1lnej kni\u017enice - Pova\u017esk\u00e9 m\u00fazeum\",\"isPartOf\":{\"@id\":\"https:\\\/\\\/pmza.sk\\\/#website\"},\"primaryImageOfPage\":{\"@id\":\"https:\\\/\\\/pmza.sk\\\/?p=5259#primaryimage\"},\"image\":{\"@id\":\"https:\\\/\\\/pmza.sk\\\/?p=5259#primaryimage\"},\"thumbnailUrl\":\"http:\\\/\\\/pmza.sk.sk\\\/wp-content\\\/uploads\\\/2012\\\/03\\\/IMG_0261-300x200.jpg\",\"datePublished\":\"2012-03-23T08:22:34+00:00\",\"breadcrumb\":{\"@id\":\"https:\\\/\\\/pmza.sk\\\/?p=5259#breadcrumb\"},\"inLanguage\":\"sk-SK\",\"potentialAction\":[{\"@type\":\"ReadAction\",\"target\":[\"https:\\\/\\\/pmza.sk\\\/?p=5259\"]}]},{\"@type\":\"ImageObject\",\"inLanguage\":\"sk-SK\",\"@id\":\"https:\\\/\\\/pmza.sk\\\/?p=5259#primaryimage\",\"url\":\"http:\\\/\\\/pmza.sk.sk\\\/wp-content\\\/uploads\\\/2012\\\/03\\\/IMG_0261-300x200.jpg\",\"contentUrl\":\"http:\\\/\\\/pmza.sk.sk\\\/wp-content\\\/uploads\\\/2012\\\/03\\\/IMG_0261-300x200.jpg\"},{\"@type\":\"BreadcrumbList\",\"@id\":\"https:\\\/\\\/pmza.sk\\\/?p=5259#breadcrumb\",\"itemListElement\":[{\"@type\":\"ListItem\",\"position\":1,\"name\":\"Domovsk\u00e1 str\u00e1nka\",\"item\":\"https:\\\/\\\/pmza.sk\\\/\"},{\"@type\":\"ListItem\",\"position\":2,\"name\":\"Pozv\u00e1nka do muze\u00e1lnej kni\u017enice\"}]},{\"@type\":\"WebSite\",\"@id\":\"https:\\\/\\\/pmza.sk\\\/#website\",\"url\":\"https:\\\/\\\/pmza.sk\\\/\",\"name\":\"Pova\u017esk\u00e9 m\u00fazeum\",\"description\":\"Pova\u017esk\u00e9 m\u00fazeum v \u017diline je region\u00e1lne m\u00fazeum so s\u00eddlom v Budat\u00edne. Jeho expoz\u00edcie s\u00fa zameran\u00e9 na dejiny slovensk\u00e9ho umenia, kult\u00fary a dopravy.\",\"publisher\":{\"@id\":\"https:\\\/\\\/pmza.sk\\\/#organization\"},\"potentialAction\":[{\"@type\":\"SearchAction\",\"target\":{\"@type\":\"EntryPoint\",\"urlTemplate\":\"https:\\\/\\\/pmza.sk\\\/?s={search_term_string}\"},\"query-input\":{\"@type\":\"PropertyValueSpecification\",\"valueRequired\":true,\"valueName\":\"search_term_string\"}}],\"inLanguage\":\"sk-SK\"},{\"@type\":\"Organization\",\"@id\":\"https:\\\/\\\/pmza.sk\\\/#organization\",\"name\":\"Pova\u017esk\u00e9 m\u00fazeum\",\"url\":\"https:\\\/\\\/pmza.sk\\\/\",\"logo\":{\"@type\":\"ImageObject\",\"inLanguage\":\"sk-SK\",\"@id\":\"https:\\\/\\\/pmza.sk\\\/#\\\/schema\\\/logo\\\/image\\\/\",\"url\":\"https:\\\/\\\/pmza.sk\\\/wp-content\\\/uploads\\\/2022\\\/01\\\/logo_PM_horizontal.jpg\",\"contentUrl\":\"https:\\\/\\\/pmza.sk\\\/wp-content\\\/uploads\\\/2022\\\/01\\\/logo_PM_horizontal.jpg\",\"width\":231,\"height\":142,\"caption\":\"Pova\u017esk\u00e9 m\u00fazeum\"},\"image\":{\"@id\":\"https:\\\/\\\/pmza.sk\\\/#\\\/schema\\\/logo\\\/image\\\/\"},\"sameAs\":[\"https:\\\/\\\/www.facebook.com\\\/povazskemuzeum\",\"https:\\\/\\\/www.instagram.com\\\/povazskemuzeum\\\/\"]},{\"@type\":\"Person\",\"@id\":\"https:\\\/\\\/pmza.sk\\\/#\\\/schema\\\/person\\\/595e6a2ce731ea94dcd5d7f50a41ae33\",\"name\":\"Pova\u017esk\u00e9 m\u00fazeum\",\"image\":{\"@type\":\"ImageObject\",\"inLanguage\":\"sk-SK\",\"@id\":\"https:\\\/\\\/secure.gravatar.com\\\/avatar\\\/2bb7f1561282132fb5826dfeccc66c7996d11ee392ac6aaf7ced8a1c2027fbb2?s=96&d=mm&r=g\",\"url\":\"https:\\\/\\\/secure.gravatar.com\\\/avatar\\\/2bb7f1561282132fb5826dfeccc66c7996d11ee392ac6aaf7ced8a1c2027fbb2?s=96&d=mm&r=g\",\"contentUrl\":\"https:\\\/\\\/secure.gravatar.com\\\/avatar\\\/2bb7f1561282132fb5826dfeccc66c7996d11ee392ac6aaf7ced8a1c2027fbb2?s=96&d=mm&r=g\",\"caption\":\"Pova\u017esk\u00e9 m\u00fazeum\"}}]}<\/script>\n<!-- \/ Yoast SEO plugin. -->","yoast_head_json":{"title":"Pozv\u00e1nka do muze\u00e1lnej kni\u017enice - Pova\u017esk\u00e9 m\u00fazeum","robots":{"index":"index","follow":"follow","max-snippet":"max-snippet:-1","max-image-preview":"max-image-preview:large","max-video-preview":"max-video-preview:-1"},"canonical":"https:\/\/pmza.sk\/?p=5259","og_locale":"sk_SK","og_type":"article","og_title":"Pozv\u00e1nka do muze\u00e1lnej kni\u017enice - Pova\u017esk\u00e9 m\u00fazeum","og_description":"Kni\u017enica Pova\u017esk\u00e9ho m\u00fazea v\u00a0\u017diline pri pr\u00edle\u017eitosti marca ako mesiaca knihy \u00a0op\u00e4tovne organizuje, v\u00a0porad\u00ed u\u017e \u0161tvrt\u00fd,\u00a0 De\u0148 otvoren\u00fdch dver\u00ed (DOD). ,,Na\u0161a kni\u017enica, ktor\u00fa doned\u00e1vna nav\u0161tevovala preva\u017ene odborn\u00e1 \u010ditate\u013esk\u00e1 verejnos\u0165, \u00a0sa aj v\u010faka DOD dost\u00e1va do povedomia ostatnej verejnosti. Jej slu\u017eby vyu\u017e\u00edvaj\u00fa \u0161tudenti stredn\u00fdch a\u00a0vysok\u00fdch \u0161k\u00f4l, preto\u017ee je bohat\u00e1 na kni\u017en\u00fd fond region\u00e1lnych re\u00e1li\u00ed, ktor\u00fd je zdrojom [&hellip;]","og_url":"https:\/\/pmza.sk\/?p=5259","og_site_name":"Pova\u017esk\u00e9 m\u00fazeum","article_publisher":"https:\/\/www.facebook.com\/povazskemuzeum","article_published_time":"2012-03-23T08:22:34+00:00","og_image":[{"url":"https:\/\/pmza.sk.sk\/wp-content\/uploads\/2012\/03\/IMG_0261-300x200.jpg","type":"","width":"","height":""}],"author":"Pova\u017esk\u00e9 m\u00fazeum","twitter_card":"summary_large_image","twitter_misc":{"Autor":"Pova\u017esk\u00e9 m\u00fazeum","Predpokladan\u00fd \u010das \u010d\u00edtania":"2 min\u00faty"},"schema":{"@context":"https:\/\/schema.org","@graph":[{"@type":"Article","@id":"https:\/\/pmza.sk\/?p=5259#article","isPartOf":{"@id":"https:\/\/pmza.sk\/?p=5259"},"author":{"name":"Pova\u017esk\u00e9 m\u00fazeum","@id":"https:\/\/pmza.sk\/#\/schema\/person\/595e6a2ce731ea94dcd5d7f50a41ae33"},"headline":"Pozv\u00e1nka do muze\u00e1lnej kni\u017enice","datePublished":"2012-03-23T08:22:34+00:00","mainEntityOfPage":{"@id":"https:\/\/pmza.sk\/?p=5259"},"wordCount":335,"publisher":{"@id":"https:\/\/pmza.sk\/#organization"},"image":{"@id":"https:\/\/pmza.sk\/?p=5259#primaryimage"},"thumbnailUrl":"https:\/\/pmza.sk.sk\/wp-content\/uploads\/2012\/03\/IMG_0261-300x200.jpg","articleSection":["Arch\u00edv 2012"],"inLanguage":"sk-SK"},{"@type":"WebPage","@id":"https:\/\/pmza.sk\/?p=5259","url":"https:\/\/pmza.sk\/?p=5259","name":"Pozv\u00e1nka do muze\u00e1lnej kni\u017enice - Pova\u017esk\u00e9 m\u00fazeum","isPartOf":{"@id":"https:\/\/pmza.sk\/#website"},"primaryImageOfPage":{"@id":"https:\/\/pmza.sk\/?p=5259#primaryimage"},"image":{"@id":"https:\/\/pmza.sk\/?p=5259#primaryimage"},"thumbnailUrl":"https:\/\/pmza.sk.sk\/wp-content\/uploads\/2012\/03\/IMG_0261-300x200.jpg","datePublished":"2012-03-23T08:22:34+00:00","breadcrumb":{"@id":"https:\/\/pmza.sk\/?p=5259#breadcrumb"},"inLanguage":"sk-SK","potentialAction":[{"@type":"ReadAction","target":["https:\/\/pmza.sk\/?p=5259"]}]},{"@type":"ImageObject","inLanguage":"sk-SK","@id":"https:\/\/pmza.sk\/?p=5259#primaryimage","url":"https:\/\/pmza.sk.sk\/wp-content\/uploads\/2012\/03\/IMG_0261-300x200.jpg","contentUrl":"https:\/\/pmza.sk.sk\/wp-content\/uploads\/2012\/03\/IMG_0261-300x200.jpg"},{"@type":"BreadcrumbList","@id":"https:\/\/pmza.sk\/?p=5259#breadcrumb","itemListElement":[{"@type":"ListItem","position":1,"name":"Domovsk\u00e1 str\u00e1nka","item":"https:\/\/pmza.sk\/"},{"@type":"ListItem","position":2,"name":"Pozv\u00e1nka do muze\u00e1lnej kni\u017enice"}]},{"@type":"WebSite","@id":"https:\/\/pmza.sk\/#website","url":"https:\/\/pmza.sk\/","name":"Pova\u017esk\u00e9 m\u00fazeum","description":"Pova\u017esk\u00e9 m\u00fazeum v \u017diline je region\u00e1lne m\u00fazeum so s\u00eddlom v Budat\u00edne. Jeho expoz\u00edcie s\u00fa zameran\u00e9 na dejiny slovensk\u00e9ho umenia, kult\u00fary a dopravy.","publisher":{"@id":"https:\/\/pmza.sk\/#organization"},"potentialAction":[{"@type":"SearchAction","target":{"@type":"EntryPoint","urlTemplate":"https:\/\/pmza.sk\/?s={search_term_string}"},"query-input":{"@type":"PropertyValueSpecification","valueRequired":true,"valueName":"search_term_string"}}],"inLanguage":"sk-SK"},{"@type":"Organization","@id":"https:\/\/pmza.sk\/#organization","name":"Pova\u017esk\u00e9 m\u00fazeum","url":"https:\/\/pmza.sk\/","logo":{"@type":"ImageObject","inLanguage":"sk-SK","@id":"https:\/\/pmza.sk\/#\/schema\/logo\/image\/","url":"https:\/\/pmza.sk\/wp-content\/uploads\/2022\/01\/logo_PM_horizontal.jpg","contentUrl":"https:\/\/pmza.sk\/wp-content\/uploads\/2022\/01\/logo_PM_horizontal.jpg","width":231,"height":142,"caption":"Pova\u017esk\u00e9 m\u00fazeum"},"image":{"@id":"https:\/\/pmza.sk\/#\/schema\/logo\/image\/"},"sameAs":["https:\/\/www.facebook.com\/povazskemuzeum","https:\/\/www.instagram.com\/povazskemuzeum\/"]},{"@type":"Person","@id":"https:\/\/pmza.sk\/#\/schema\/person\/595e6a2ce731ea94dcd5d7f50a41ae33","name":"Pova\u017esk\u00e9 m\u00fazeum","image":{"@type":"ImageObject","inLanguage":"sk-SK","@id":"https:\/\/secure.gravatar.com\/avatar\/2bb7f1561282132fb5826dfeccc66c7996d11ee392ac6aaf7ced8a1c2027fbb2?s=96&d=mm&r=g","url":"https:\/\/secure.gravatar.com\/avatar\/2bb7f1561282132fb5826dfeccc66c7996d11ee392ac6aaf7ced8a1c2027fbb2?s=96&d=mm&r=g","contentUrl":"https:\/\/secure.gravatar.com\/avatar\/2bb7f1561282132fb5826dfeccc66c7996d11ee392ac6aaf7ced8a1c2027fbb2?s=96&d=mm&r=g","caption":"Pova\u017esk\u00e9 m\u00fazeum"}}]}},"_links":{"self":[{"href":"https:\/\/pmza.sk\/index.php?rest_route=\/wp\/v2\/posts\/5259","targetHints":{"allow":["GET"]}}],"collection":[{"href":"https:\/\/pmza.sk\/index.php?rest_route=\/wp\/v2\/posts"}],"about":[{"href":"https:\/\/pmza.sk\/index.php?rest_route=\/wp\/v2\/types\/post"}],"author":[{"embeddable":true,"href":"https:\/\/pmza.sk\/index.php?rest_route=\/wp\/v2\/users\/2"}],"replies":[{"embeddable":true,"href":"https:\/\/pmza.sk\/index.php?rest_route=%2Fwp%2Fv2%2Fcomments&post=5259"}],"version-history":[{"count":0,"href":"https:\/\/pmza.sk\/index.php?rest_route=\/wp\/v2\/posts\/5259\/revisions"}],"wp:attachment":[{"href":"https:\/\/pmza.sk\/index.php?rest_route=%2Fwp%2Fv2%2Fmedia&parent=5259"}],"wp:term":[{"taxonomy":"category","embeddable":true,"href":"https:\/\/pmza.sk\/index.php?rest_route=%2Fwp%2Fv2%2Fcategories&post=5259"},{"taxonomy":"post_tag","embeddable":true,"href":"https:\/\/pmza.sk\/index.php?rest_route=%2Fwp%2Fv2%2Ftags&post=5259"}],"curies":[{"name":"wp","href":"https:\/\/api.w.org\/{rel}","templated":true}]}}