{"id":52628,"date":"2022-08-23T11:55:47","date_gmt":"2022-08-23T09:55:47","guid":{"rendered":"https:\/\/pmza.sk\/?p=52628"},"modified":"2023-02-01T09:48:13","modified_gmt":"2023-02-01T08:48:13","slug":"tak-trochu-z-cont-artu","status":"publish","type":"post","link":"https:\/\/pmza.sk\/?p=52628","title":{"rendered":"Tak trochu z Cont-Artu"},"content":{"rendered":"<p>V\u00a0kaplnke Budat\u00ednskeho hradu bude v\u00a0utorok 13. septembra o\u00a016.00 sl\u00e1vnostne otvoren\u00e1 v\u00fdstava Tak trochu z\u00a0Cont-Artu<em>. \u201eZdru\u017eenie v\u00fdtvarn\u00fdch umelcov Cont Art od druhej polovice 90. rokov 20. storo\u010dia sp\u00e1ja na priate\u013eskej b\u00e1ze v\u00fdtvarn\u00edkov a v\u00fdtvarn\u00ed\u010dky, ktor\u00ed s\u00fa nejak\u00fdm sp\u00f4sobom spojen\u00ed so \u017dilinou a bl\u00edzkym kysuck\u00fdm regi\u00f3nom.<\/em> <em>Popri ob\u010dasn\u00fdch priate\u013esk\u00fdch stretnutiach \u010di pracovn\u00fdch workshopoch a symp\u00f3zi\u00e1ch sa pr\u00e1ve v\u00fdstavn\u00e9 aktivity stali d\u00f4le\u017eit\u00fdm impulzom pre vz\u00e1jomn\u00e9 konfront\u00e1cie \u010di spolupr\u00e1cu. Tvorba s\u00fa\u010dasn\u00fdch \u010dlenov a \u010dleniek Cont-Artu je r\u00f4znorod\u00e1 \u2013 cez tradi\u010dn\u00fa ma\u013ebu (S. Lajda, D. Kraj\u010dov\u00e1, M. Jan\u00edk, V. Zabel, I. Cvacho), grafiku (A. Maz\u00far) sochu (J. Ga\u0148a, J. Mundier, M. Rybo\u0148) k mal\u00fdm objektom \u2013 \u0161perkom (D. Ml\u00e1denkov\u00e1) a\u017e po dizajn\u00e9rske diela (M. Ml\u00e1denek, P. Vlhov\u00e1),\u201c <\/em>pribli\u017euje kur\u00e1torka v\u00fdstavy Darina Arce.<\/p>\n<p><em>\u201eJednotliv\u00e9 diela nevytv\u00e1raj\u00fa uniformitu a na umeleck\u00fa tvorbu m\u00e1 ka\u017ed\u00fd vlastn\u00fd, viac alebo menej vyhranen\u00fd n\u00e1zor.\u00a0V\u00fdstava bude preto ve\u013emi pestr\u00e1 a n\u00e1v\u0161tevn\u00edci bud\u00fa ma\u0165 mo\u017enos\u0165 vidie\u0165 mal\u00fa uk\u00e1\u017eku tvorby \u010dlenov tohto zdru\u017eenia. Komorn\u00fd priestor poskytne pr\u00edle\u017eitos\u0165 predstavi\u0165 ka\u017ed\u00e9ho autora,\u201c <\/em>dod\u00e1va jedna z umelk\u00fd\u0148 a re\u0161taur\u00e1torka Pova\u017esk\u00e9ho m\u00fazea Petronela Vlhov\u00e1. V\u00fdstava bude pre verejnos\u0165 pr\u00edstupn\u00e1 do febru\u00e1ra 2023 od stredy do nedele od 9.00 do 16.30.<\/p>\n<p><img fetchpriority=\"high\" decoding=\"async\" class=\"alignnone size-medium wp-image-52646\" src=\"https:\/\/pmza.sk\/wp-content\/uploads\/2022\/08\/Cont_Art_Plagat_K2-255x360.jpg\" alt=\"\" width=\"255\" height=\"360\" srcset=\"https:\/\/pmza.sk\/wp-content\/uploads\/2022\/08\/Cont_Art_Plagat_K2-255x360.jpg 255w, https:\/\/pmza.sk\/wp-content\/uploads\/2022\/08\/Cont_Art_Plagat_K2-520x736.jpg 520w, https:\/\/pmza.sk\/wp-content\/uploads\/2022\/08\/Cont_Art_Plagat_K2-768x1086.jpg 768w, https:\/\/pmza.sk\/wp-content\/uploads\/2022\/08\/Cont_Art_Plagat_K2-1086x1536.jpg 1086w, https:\/\/pmza.sk\/wp-content\/uploads\/2022\/08\/Cont_Art_Plagat_K2-1448x2048.jpg 1448w, https:\/\/pmza.sk\/wp-content\/uploads\/2022\/08\/Cont_Art_Plagat_K2-600x849.jpg 600w, https:\/\/pmza.sk\/wp-content\/uploads\/2022\/08\/Cont_Art_Plagat_K2-scaled.jpg 1810w\" sizes=\"(max-width: 255px) 100vw, 255px\" \/><\/p>\n<p>Plag\u00e1t v plnom rozl\u00ed\u0161en\u00ed <a href=\"https:\/\/pmza.sk\/wp-content\/uploads\/2022\/08\/Cont_Art_Plagat_K2.pdf\">TU<\/a><\/p>\n<p>&nbsp;<\/p>\n","protected":false},"excerpt":{"rendered":"<p>V\u00a0kaplnke Budat\u00ednskeho hradu bude v\u00a0utorok 13. septembra o\u00a016.00 sl\u00e1vnostne otvoren\u00e1 v\u00fdstava Tak trochu z\u00a0Cont-Artu. \u201eZdru\u017eenie v\u00fdtvarn\u00fdch umelcov Cont Art od druhej polovice 90. rokov 20. storo\u010dia sp\u00e1ja na priate\u013eskej b\u00e1ze v\u00fdtvarn\u00edkov a v\u00fdtvarn\u00ed\u010dky, ktor\u00ed s\u00fa nejak\u00fdm sp\u00f4sobom spojen\u00ed so \u017dilinou a bl\u00edzkym kysuck\u00fdm regi\u00f3nom. Popri ob\u010dasn\u00fdch priate\u013esk\u00fdch stretnutiach \u010di pracovn\u00fdch workshopoch a symp\u00f3zi\u00e1ch sa pr\u00e1ve [&hellip;]<\/p>\n","protected":false},"author":2,"featured_media":52629,"comment_status":"open","ping_status":"open","sticky":false,"template":"","format":"standard","meta":{"site-sidebar-layout":"default","site-content-layout":"default","ast-site-content-layout":"","site-content-style":"default","site-sidebar-style":"default","ast-global-header-display":"","ast-banner-title-visibility":"","ast-main-header-display":"","ast-hfb-above-header-display":"","ast-hfb-below-header-display":"","ast-hfb-mobile-header-display":"","site-post-title":"","ast-breadcrumbs-content":"","ast-featured-img":"","footer-sml-layout":"","theme-transparent-header-meta":"default","adv-header-id-meta":"","stick-header-meta":"default","header-above-stick-meta":"","header-main-stick-meta":"","header-below-stick-meta":"","astra-migrate-meta-layouts":"default","ast-page-background-enabled":"default","ast-page-background-meta":{"desktop":{"background-color":"var(--ast-global-color-4)","background-image":"","background-repeat":"repeat","background-position":"center center","background-size":"auto","background-attachment":"scroll","background-type":"","background-media":"","overlay-type":"","overlay-color":"","overlay-opacity":"","overlay-gradient":""},"tablet":{"background-color":"","background-image":"","background-repeat":"repeat","background-position":"center center","background-size":"auto","background-attachment":"scroll","background-type":"","background-media":"","overlay-type":"","overlay-color":"","overlay-opacity":"","overlay-gradient":""},"mobile":{"background-color":"","background-image":"","background-repeat":"repeat","background-position":"center center","background-size":"auto","background-attachment":"scroll","background-type":"","background-media":"","overlay-type":"","overlay-color":"","overlay-opacity":"","overlay-gradient":""}},"ast-content-background-meta":{"desktop":{"background-color":"var(--ast-global-color-5)","background-image":"","background-repeat":"repeat","background-position":"center center","background-size":"auto","background-attachment":"scroll","background-type":"","background-media":"","overlay-type":"","overlay-color":"","overlay-opacity":"","overlay-gradient":""},"tablet":{"background-color":"var(--ast-global-color-5)","background-image":"","background-repeat":"repeat","background-position":"center center","background-size":"auto","background-attachment":"scroll","background-type":"","background-media":"","overlay-type":"","overlay-color":"","overlay-opacity":"","overlay-gradient":""},"mobile":{"background-color":"var(--ast-global-color-5)","background-image":"","background-repeat":"repeat","background-position":"center center","background-size":"auto","background-attachment":"scroll","background-type":"","background-media":"","overlay-type":"","overlay-color":"","overlay-opacity":"","overlay-gradient":""}},"footnotes":""},"categories":[72],"tags":[],"class_list":["post-52628","post","type-post","status-publish","format-standard","has-post-thumbnail","hentry","category-vystavy"],"yoast_head":"<!-- This site is optimized with the Yoast SEO plugin v27.4 - https:\/\/yoast.com\/product\/yoast-seo-wordpress\/ -->\n<title>Tak trochu z Cont-Artu - Pova\u017esk\u00e9 m\u00fazeum<\/title>\n<meta name=\"robots\" content=\"index, follow, max-snippet:-1, max-image-preview:large, max-video-preview:-1\" \/>\n<link rel=\"canonical\" href=\"https:\/\/pmza.sk\/?p=52628\" \/>\n<meta property=\"og:locale\" content=\"sk_SK\" \/>\n<meta property=\"og:type\" content=\"article\" \/>\n<meta property=\"og:title\" content=\"Tak trochu z Cont-Artu - Pova\u017esk\u00e9 m\u00fazeum\" \/>\n<meta property=\"og:description\" content=\"V\u00a0kaplnke Budat\u00ednskeho hradu bude v\u00a0utorok 13. septembra o\u00a016.00 sl\u00e1vnostne otvoren\u00e1 v\u00fdstava Tak trochu z\u00a0Cont-Artu. \u201eZdru\u017eenie v\u00fdtvarn\u00fdch umelcov Cont Art od druhej polovice 90. rokov 20. storo\u010dia sp\u00e1ja na priate\u013eskej b\u00e1ze v\u00fdtvarn\u00edkov a v\u00fdtvarn\u00ed\u010dky, ktor\u00ed s\u00fa nejak\u00fdm sp\u00f4sobom spojen\u00ed so \u017dilinou a bl\u00edzkym kysuck\u00fdm regi\u00f3nom. Popri ob\u010dasn\u00fdch priate\u013esk\u00fdch stretnutiach \u010di pracovn\u00fdch workshopoch a symp\u00f3zi\u00e1ch sa pr\u00e1ve [&hellip;]\" \/>\n<meta property=\"og:url\" content=\"https:\/\/pmza.sk\/?p=52628\" \/>\n<meta property=\"og:site_name\" content=\"Pova\u017esk\u00e9 m\u00fazeum\" \/>\n<meta property=\"article:publisher\" content=\"https:\/\/www.facebook.com\/povazskemuzeum\" \/>\n<meta property=\"article:published_time\" content=\"2022-08-23T09:55:47+00:00\" \/>\n<meta property=\"article:modified_time\" content=\"2023-02-01T08:48:13+00:00\" \/>\n<meta property=\"og:image\" content=\"https:\/\/pmza.sk\/wp-content\/uploads\/2022\/08\/1000151.jpg\" \/>\n\t<meta property=\"og:image:width\" content=\"799\" \/>\n\t<meta property=\"og:image:height\" content=\"827\" \/>\n\t<meta property=\"og:image:type\" content=\"image\/jpeg\" \/>\n<meta name=\"author\" content=\"Pova\u017esk\u00e9 m\u00fazeum\" \/>\n<meta name=\"twitter:card\" content=\"summary_large_image\" \/>\n<meta name=\"twitter:label1\" content=\"Autor\" \/>\n\t<meta name=\"twitter:data1\" content=\"Pova\u017esk\u00e9 m\u00fazeum\" \/>\n\t<meta name=\"twitter:label2\" content=\"Predpokladan\u00fd \u010das \u010d\u00edtania\" \/>\n\t<meta name=\"twitter:data2\" content=\"1 min\u00fata\" \/>\n<script type=\"application\/ld+json\" class=\"yoast-schema-graph\">{\"@context\":\"https:\\\/\\\/schema.org\",\"@graph\":[{\"@type\":\"Article\",\"@id\":\"https:\\\/\\\/pmza.sk\\\/?p=52628#article\",\"isPartOf\":{\"@id\":\"https:\\\/\\\/pmza.sk\\\/?p=52628\"},\"author\":{\"name\":\"Pova\u017esk\u00e9 m\u00fazeum\",\"@id\":\"https:\\\/\\\/pmza.sk\\\/#\\\/schema\\\/person\\\/595e6a2ce731ea94dcd5d7f50a41ae33\"},\"headline\":\"Tak trochu z Cont-Artu\",\"datePublished\":\"2022-08-23T09:55:47+00:00\",\"dateModified\":\"2023-02-01T08:48:13+00:00\",\"mainEntityOfPage\":{\"@id\":\"https:\\\/\\\/pmza.sk\\\/?p=52628\"},\"wordCount\":264,\"commentCount\":0,\"publisher\":{\"@id\":\"https:\\\/\\\/pmza.sk\\\/#organization\"},\"image\":{\"@id\":\"https:\\\/\\\/pmza.sk\\\/?p=52628#primaryimage\"},\"thumbnailUrl\":\"https:\\\/\\\/pmza.sk\\\/wp-content\\\/uploads\\\/2022\\\/08\\\/1000151.jpg\",\"articleSection\":[\"V\u00fdstavy\"],\"inLanguage\":\"sk-SK\"},{\"@type\":\"WebPage\",\"@id\":\"https:\\\/\\\/pmza.sk\\\/?p=52628\",\"url\":\"https:\\\/\\\/pmza.sk\\\/?p=52628\",\"name\":\"Tak trochu z Cont-Artu - Pova\u017esk\u00e9 m\u00fazeum\",\"isPartOf\":{\"@id\":\"https:\\\/\\\/pmza.sk\\\/#website\"},\"primaryImageOfPage\":{\"@id\":\"https:\\\/\\\/pmza.sk\\\/?p=52628#primaryimage\"},\"image\":{\"@id\":\"https:\\\/\\\/pmza.sk\\\/?p=52628#primaryimage\"},\"thumbnailUrl\":\"https:\\\/\\\/pmza.sk\\\/wp-content\\\/uploads\\\/2022\\\/08\\\/1000151.jpg\",\"datePublished\":\"2022-08-23T09:55:47+00:00\",\"dateModified\":\"2023-02-01T08:48:13+00:00\",\"breadcrumb\":{\"@id\":\"https:\\\/\\\/pmza.sk\\\/?p=52628#breadcrumb\"},\"inLanguage\":\"sk-SK\",\"potentialAction\":[{\"@type\":\"ReadAction\",\"target\":[\"https:\\\/\\\/pmza.sk\\\/?p=52628\"]}]},{\"@type\":\"ImageObject\",\"inLanguage\":\"sk-SK\",\"@id\":\"https:\\\/\\\/pmza.sk\\\/?p=52628#primaryimage\",\"url\":\"https:\\\/\\\/pmza.sk\\\/wp-content\\\/uploads\\\/2022\\\/08\\\/1000151.jpg\",\"contentUrl\":\"https:\\\/\\\/pmza.sk\\\/wp-content\\\/uploads\\\/2022\\\/08\\\/1000151.jpg\",\"width\":799,\"height\":827},{\"@type\":\"BreadcrumbList\",\"@id\":\"https:\\\/\\\/pmza.sk\\\/?p=52628#breadcrumb\",\"itemListElement\":[{\"@type\":\"ListItem\",\"position\":1,\"name\":\"Domovsk\u00e1 str\u00e1nka\",\"item\":\"https:\\\/\\\/pmza.sk\\\/\"},{\"@type\":\"ListItem\",\"position\":2,\"name\":\"Tak trochu z Cont-Artu\"}]},{\"@type\":\"WebSite\",\"@id\":\"https:\\\/\\\/pmza.sk\\\/#website\",\"url\":\"https:\\\/\\\/pmza.sk\\\/\",\"name\":\"Pova\u017esk\u00e9 m\u00fazeum\",\"description\":\"Pova\u017esk\u00e9 m\u00fazeum v \u017diline je region\u00e1lne m\u00fazeum so s\u00eddlom v Budat\u00edne. Jeho expoz\u00edcie s\u00fa zameran\u00e9 na dejiny slovensk\u00e9ho umenia, kult\u00fary a dopravy.\",\"publisher\":{\"@id\":\"https:\\\/\\\/pmza.sk\\\/#organization\"},\"potentialAction\":[{\"@type\":\"SearchAction\",\"target\":{\"@type\":\"EntryPoint\",\"urlTemplate\":\"https:\\\/\\\/pmza.sk\\\/?s={search_term_string}\"},\"query-input\":{\"@type\":\"PropertyValueSpecification\",\"valueRequired\":true,\"valueName\":\"search_term_string\"}}],\"inLanguage\":\"sk-SK\"},{\"@type\":\"Organization\",\"@id\":\"https:\\\/\\\/pmza.sk\\\/#organization\",\"name\":\"Pova\u017esk\u00e9 m\u00fazeum\",\"url\":\"https:\\\/\\\/pmza.sk\\\/\",\"logo\":{\"@type\":\"ImageObject\",\"inLanguage\":\"sk-SK\",\"@id\":\"https:\\\/\\\/pmza.sk\\\/#\\\/schema\\\/logo\\\/image\\\/\",\"url\":\"https:\\\/\\\/pmza.sk\\\/wp-content\\\/uploads\\\/2022\\\/01\\\/logo_PM_horizontal.jpg\",\"contentUrl\":\"https:\\\/\\\/pmza.sk\\\/wp-content\\\/uploads\\\/2022\\\/01\\\/logo_PM_horizontal.jpg\",\"width\":231,\"height\":142,\"caption\":\"Pova\u017esk\u00e9 m\u00fazeum\"},\"image\":{\"@id\":\"https:\\\/\\\/pmza.sk\\\/#\\\/schema\\\/logo\\\/image\\\/\"},\"sameAs\":[\"https:\\\/\\\/www.facebook.com\\\/povazskemuzeum\",\"https:\\\/\\\/www.instagram.com\\\/povazskemuzeum\\\/\"]},{\"@type\":\"Person\",\"@id\":\"https:\\\/\\\/pmza.sk\\\/#\\\/schema\\\/person\\\/595e6a2ce731ea94dcd5d7f50a41ae33\",\"name\":\"Pova\u017esk\u00e9 m\u00fazeum\",\"image\":{\"@type\":\"ImageObject\",\"inLanguage\":\"sk-SK\",\"@id\":\"https:\\\/\\\/secure.gravatar.com\\\/avatar\\\/2bb7f1561282132fb5826dfeccc66c7996d11ee392ac6aaf7ced8a1c2027fbb2?s=96&d=mm&r=g\",\"url\":\"https:\\\/\\\/secure.gravatar.com\\\/avatar\\\/2bb7f1561282132fb5826dfeccc66c7996d11ee392ac6aaf7ced8a1c2027fbb2?s=96&d=mm&r=g\",\"contentUrl\":\"https:\\\/\\\/secure.gravatar.com\\\/avatar\\\/2bb7f1561282132fb5826dfeccc66c7996d11ee392ac6aaf7ced8a1c2027fbb2?s=96&d=mm&r=g\",\"caption\":\"Pova\u017esk\u00e9 m\u00fazeum\"}}]}<\/script>\n<!-- \/ Yoast SEO plugin. -->","yoast_head_json":{"title":"Tak trochu z Cont-Artu - Pova\u017esk\u00e9 m\u00fazeum","robots":{"index":"index","follow":"follow","max-snippet":"max-snippet:-1","max-image-preview":"max-image-preview:large","max-video-preview":"max-video-preview:-1"},"canonical":"https:\/\/pmza.sk\/?p=52628","og_locale":"sk_SK","og_type":"article","og_title":"Tak trochu z Cont-Artu - Pova\u017esk\u00e9 m\u00fazeum","og_description":"V\u00a0kaplnke Budat\u00ednskeho hradu bude v\u00a0utorok 13. septembra o\u00a016.00 sl\u00e1vnostne otvoren\u00e1 v\u00fdstava Tak trochu z\u00a0Cont-Artu. \u201eZdru\u017eenie v\u00fdtvarn\u00fdch umelcov Cont Art od druhej polovice 90. rokov 20. storo\u010dia sp\u00e1ja na priate\u013eskej b\u00e1ze v\u00fdtvarn\u00edkov a v\u00fdtvarn\u00ed\u010dky, ktor\u00ed s\u00fa nejak\u00fdm sp\u00f4sobom spojen\u00ed so \u017dilinou a bl\u00edzkym kysuck\u00fdm regi\u00f3nom. Popri ob\u010dasn\u00fdch priate\u013esk\u00fdch stretnutiach \u010di pracovn\u00fdch workshopoch a symp\u00f3zi\u00e1ch sa pr\u00e1ve [&hellip;]","og_url":"https:\/\/pmza.sk\/?p=52628","og_site_name":"Pova\u017esk\u00e9 m\u00fazeum","article_publisher":"https:\/\/www.facebook.com\/povazskemuzeum","article_published_time":"2022-08-23T09:55:47+00:00","article_modified_time":"2023-02-01T08:48:13+00:00","og_image":[{"width":799,"height":827,"url":"https:\/\/pmza.sk\/wp-content\/uploads\/2022\/08\/1000151.jpg","type":"image\/jpeg"}],"author":"Pova\u017esk\u00e9 m\u00fazeum","twitter_card":"summary_large_image","twitter_misc":{"Autor":"Pova\u017esk\u00e9 m\u00fazeum","Predpokladan\u00fd \u010das \u010d\u00edtania":"1 min\u00fata"},"schema":{"@context":"https:\/\/schema.org","@graph":[{"@type":"Article","@id":"https:\/\/pmza.sk\/?p=52628#article","isPartOf":{"@id":"https:\/\/pmza.sk\/?p=52628"},"author":{"name":"Pova\u017esk\u00e9 m\u00fazeum","@id":"https:\/\/pmza.sk\/#\/schema\/person\/595e6a2ce731ea94dcd5d7f50a41ae33"},"headline":"Tak trochu z Cont-Artu","datePublished":"2022-08-23T09:55:47+00:00","dateModified":"2023-02-01T08:48:13+00:00","mainEntityOfPage":{"@id":"https:\/\/pmza.sk\/?p=52628"},"wordCount":264,"commentCount":0,"publisher":{"@id":"https:\/\/pmza.sk\/#organization"},"image":{"@id":"https:\/\/pmza.sk\/?p=52628#primaryimage"},"thumbnailUrl":"https:\/\/pmza.sk\/wp-content\/uploads\/2022\/08\/1000151.jpg","articleSection":["V\u00fdstavy"],"inLanguage":"sk-SK"},{"@type":"WebPage","@id":"https:\/\/pmza.sk\/?p=52628","url":"https:\/\/pmza.sk\/?p=52628","name":"Tak trochu z Cont-Artu - Pova\u017esk\u00e9 m\u00fazeum","isPartOf":{"@id":"https:\/\/pmza.sk\/#website"},"primaryImageOfPage":{"@id":"https:\/\/pmza.sk\/?p=52628#primaryimage"},"image":{"@id":"https:\/\/pmza.sk\/?p=52628#primaryimage"},"thumbnailUrl":"https:\/\/pmza.sk\/wp-content\/uploads\/2022\/08\/1000151.jpg","datePublished":"2022-08-23T09:55:47+00:00","dateModified":"2023-02-01T08:48:13+00:00","breadcrumb":{"@id":"https:\/\/pmza.sk\/?p=52628#breadcrumb"},"inLanguage":"sk-SK","potentialAction":[{"@type":"ReadAction","target":["https:\/\/pmza.sk\/?p=52628"]}]},{"@type":"ImageObject","inLanguage":"sk-SK","@id":"https:\/\/pmza.sk\/?p=52628#primaryimage","url":"https:\/\/pmza.sk\/wp-content\/uploads\/2022\/08\/1000151.jpg","contentUrl":"https:\/\/pmza.sk\/wp-content\/uploads\/2022\/08\/1000151.jpg","width":799,"height":827},{"@type":"BreadcrumbList","@id":"https:\/\/pmza.sk\/?p=52628#breadcrumb","itemListElement":[{"@type":"ListItem","position":1,"name":"Domovsk\u00e1 str\u00e1nka","item":"https:\/\/pmza.sk\/"},{"@type":"ListItem","position":2,"name":"Tak trochu z Cont-Artu"}]},{"@type":"WebSite","@id":"https:\/\/pmza.sk\/#website","url":"https:\/\/pmza.sk\/","name":"Pova\u017esk\u00e9 m\u00fazeum","description":"Pova\u017esk\u00e9 m\u00fazeum v \u017diline je region\u00e1lne m\u00fazeum so s\u00eddlom v Budat\u00edne. Jeho expoz\u00edcie s\u00fa zameran\u00e9 na dejiny slovensk\u00e9ho umenia, kult\u00fary a dopravy.","publisher":{"@id":"https:\/\/pmza.sk\/#organization"},"potentialAction":[{"@type":"SearchAction","target":{"@type":"EntryPoint","urlTemplate":"https:\/\/pmza.sk\/?s={search_term_string}"},"query-input":{"@type":"PropertyValueSpecification","valueRequired":true,"valueName":"search_term_string"}}],"inLanguage":"sk-SK"},{"@type":"Organization","@id":"https:\/\/pmza.sk\/#organization","name":"Pova\u017esk\u00e9 m\u00fazeum","url":"https:\/\/pmza.sk\/","logo":{"@type":"ImageObject","inLanguage":"sk-SK","@id":"https:\/\/pmza.sk\/#\/schema\/logo\/image\/","url":"https:\/\/pmza.sk\/wp-content\/uploads\/2022\/01\/logo_PM_horizontal.jpg","contentUrl":"https:\/\/pmza.sk\/wp-content\/uploads\/2022\/01\/logo_PM_horizontal.jpg","width":231,"height":142,"caption":"Pova\u017esk\u00e9 m\u00fazeum"},"image":{"@id":"https:\/\/pmza.sk\/#\/schema\/logo\/image\/"},"sameAs":["https:\/\/www.facebook.com\/povazskemuzeum","https:\/\/www.instagram.com\/povazskemuzeum\/"]},{"@type":"Person","@id":"https:\/\/pmza.sk\/#\/schema\/person\/595e6a2ce731ea94dcd5d7f50a41ae33","name":"Pova\u017esk\u00e9 m\u00fazeum","image":{"@type":"ImageObject","inLanguage":"sk-SK","@id":"https:\/\/secure.gravatar.com\/avatar\/2bb7f1561282132fb5826dfeccc66c7996d11ee392ac6aaf7ced8a1c2027fbb2?s=96&d=mm&r=g","url":"https:\/\/secure.gravatar.com\/avatar\/2bb7f1561282132fb5826dfeccc66c7996d11ee392ac6aaf7ced8a1c2027fbb2?s=96&d=mm&r=g","contentUrl":"https:\/\/secure.gravatar.com\/avatar\/2bb7f1561282132fb5826dfeccc66c7996d11ee392ac6aaf7ced8a1c2027fbb2?s=96&d=mm&r=g","caption":"Pova\u017esk\u00e9 m\u00fazeum"}}]}},"_links":{"self":[{"href":"https:\/\/pmza.sk\/index.php?rest_route=\/wp\/v2\/posts\/52628","targetHints":{"allow":["GET"]}}],"collection":[{"href":"https:\/\/pmza.sk\/index.php?rest_route=\/wp\/v2\/posts"}],"about":[{"href":"https:\/\/pmza.sk\/index.php?rest_route=\/wp\/v2\/types\/post"}],"author":[{"embeddable":true,"href":"https:\/\/pmza.sk\/index.php?rest_route=\/wp\/v2\/users\/2"}],"replies":[{"embeddable":true,"href":"https:\/\/pmza.sk\/index.php?rest_route=%2Fwp%2Fv2%2Fcomments&post=52628"}],"version-history":[{"count":0,"href":"https:\/\/pmza.sk\/index.php?rest_route=\/wp\/v2\/posts\/52628\/revisions"}],"wp:featuredmedia":[{"embeddable":true,"href":"https:\/\/pmza.sk\/index.php?rest_route=\/wp\/v2\/media\/52629"}],"wp:attachment":[{"href":"https:\/\/pmza.sk\/index.php?rest_route=%2Fwp%2Fv2%2Fmedia&parent=52628"}],"wp:term":[{"taxonomy":"category","embeddable":true,"href":"https:\/\/pmza.sk\/index.php?rest_route=%2Fwp%2Fv2%2Fcategories&post=52628"},{"taxonomy":"post_tag","embeddable":true,"href":"https:\/\/pmza.sk\/index.php?rest_route=%2Fwp%2Fv2%2Ftags&post=52628"}],"curies":[{"name":"wp","href":"https:\/\/api.w.org\/{rel}","templated":true}]}}