{"id":52680,"date":"2022-09-07T13:08:34","date_gmt":"2022-09-07T11:08:34","guid":{"rendered":"https:\/\/pmza.sk\/?p=52680"},"modified":"2022-09-27T07:37:09","modified_gmt":"2022-09-27T05:37:09","slug":"vychadzkahradiskovelkyvrch","status":"publish","type":"post","link":"https:\/\/pmza.sk\/?p=52680","title":{"rendered":"Vych\u00e1dzka po n\u00e1u\u010dnom chodn\u00edku na hradisku Ve\u013ek\u00fd vrch"},"content":{"rendered":"<p>V\u00a0sobotu 24. septembra 2022 popoludn\u00ed poz\u00fdvame v\u0161etk\u00fdch nad\u0161encov archeol\u00f3gie, hist\u00f3rie, turistov a\u00a0milovn\u00edkov pr\u00edrody na vych\u00e1dzku po n\u00e1u\u010dnom chodn\u00edku na Ve\u013ekom vrchu. Viacer\u00e9 archeologick\u00e9 v\u00fdskumy realizovan\u00e9 v\u00a0spolupr\u00e1ci Pova\u017esk\u00e9ho m\u00fazea a\u00a0Archeologick\u00e9ho \u00fastavu priniesli mno\u017estvo poznatkov o\u00a0hist\u00f3rii tejto v\u00fdznamnej lokality.<\/p>\n<p>Po\u010das spolo\u010dnej vych\u00e1dzky, ktor\u00e1 sa za\u010d\u00edna o 14.00 hod. pri Obecnom \u00farade v Divinke, sa n\u00e1v\u0161tevn\u00edci podujatia z cyklu M\u00fazeum pre V\u00e1s dozvedia mno\u017estvo inform\u00e1ci\u00ed o hradisku, jeho obyvate\u013eoch, sp\u00f4sobe ich \u017eivota, ale tie\u017e o v\u00fdskumoch, ktor\u00e9 tu prebiehali. \u00da\u010dastn\u00edkov bude sprev\u00e1dza\u0165 archeologi\u010dka Pova\u017esk\u00e9ho m\u00fazea Andrea Slan\u00e1.<\/p>\n<p>Vych\u00e1dzka je vhodn\u00e1 pre v\u0161etky vekov\u00e9 kateg\u00f3rie, cena na jednu osobu s\u00fa 2 eur\u00e1, deti do 6 rokov maj\u00fa vstup zadarmo. Odpor\u00fa\u010dame si vzia\u0165 pevn\u00fa obuv. Kv\u00f4li obmedzenej kapacite je potrebn\u00e9 sa vopred objedna\u0165 na tel. \u010d. 0905 145 543 alebo emailom na: <a href=\"mailto:slana.andrea@gmail.com\">slana.andrea@gmail.com<\/a>.<\/p>\n<p><img fetchpriority=\"high\" decoding=\"async\" class=\"alignnone size-medium wp-image-52682\" src=\"https:\/\/pmza.sk\/wp-content\/uploads\/2022\/09\/Vychadzka_po_hradisku_K1-255x360.jpg\" alt=\"\" width=\"255\" height=\"360\" srcset=\"https:\/\/pmza.sk\/wp-content\/uploads\/2022\/09\/Vychadzka_po_hradisku_K1-255x360.jpg 255w, https:\/\/pmza.sk\/wp-content\/uploads\/2022\/09\/Vychadzka_po_hradisku_K1-520x736.jpg 520w, https:\/\/pmza.sk\/wp-content\/uploads\/2022\/09\/Vychadzka_po_hradisku_K1-768x1086.jpg 768w, https:\/\/pmza.sk\/wp-content\/uploads\/2022\/09\/Vychadzka_po_hradisku_K1-1086x1536.jpg 1086w, https:\/\/pmza.sk\/wp-content\/uploads\/2022\/09\/Vychadzka_po_hradisku_K1-1448x2048.jpg 1448w, https:\/\/pmza.sk\/wp-content\/uploads\/2022\/09\/Vychadzka_po_hradisku_K1-600x849.jpg 600w, https:\/\/pmza.sk\/wp-content\/uploads\/2022\/09\/Vychadzka_po_hradisku_K1-scaled.jpg 1810w\" sizes=\"(max-width: 255px) 100vw, 255px\" \/><\/p>\n<p>Plag\u00e1t v plnej ve\u013ekosti <a href=\"https:\/\/pmza.sk\/wp-content\/uploads\/2022\/09\/Vychadzka_po_hradisku_K1.pdf\">TU<\/a><\/p>\n<p>&nbsp;<\/p>\n","protected":false},"excerpt":{"rendered":"<p>V\u00a0sobotu 24. septembra 2022 popoludn\u00ed poz\u00fdvame v\u0161etk\u00fdch nad\u0161encov archeol\u00f3gie, hist\u00f3rie, turistov a\u00a0milovn\u00edkov pr\u00edrody na vych\u00e1dzku po n\u00e1u\u010dnom chodn\u00edku na Ve\u013ekom vrchu. Viacer\u00e9 archeologick\u00e9 v\u00fdskumy realizovan\u00e9 v\u00a0spolupr\u00e1ci Pova\u017esk\u00e9ho m\u00fazea a\u00a0Archeologick\u00e9ho \u00fastavu priniesli mno\u017estvo poznatkov o\u00a0hist\u00f3rii tejto v\u00fdznamnej lokality. Po\u010das spolo\u010dnej vych\u00e1dzky, ktor\u00e1 sa za\u010d\u00edna o 14.00 hod. pri Obecnom \u00farade v Divinke, sa n\u00e1v\u0161tevn\u00edci podujatia z [&hellip;]<\/p>\n","protected":false},"author":2,"featured_media":52681,"comment_status":"open","ping_status":"open","sticky":false,"template":"","format":"standard","meta":{"site-sidebar-layout":"default","site-content-layout":"default","ast-site-content-layout":"","site-content-style":"default","site-sidebar-style":"default","ast-global-header-display":"","ast-banner-title-visibility":"","ast-main-header-display":"","ast-hfb-above-header-display":"","ast-hfb-below-header-display":"","ast-hfb-mobile-header-display":"","site-post-title":"","ast-breadcrumbs-content":"","ast-featured-img":"","footer-sml-layout":"","theme-transparent-header-meta":"default","adv-header-id-meta":"","stick-header-meta":"default","header-above-stick-meta":"","header-main-stick-meta":"","header-below-stick-meta":"","astra-migrate-meta-layouts":"default","ast-page-background-enabled":"default","ast-page-background-meta":{"desktop":{"background-color":"var(--ast-global-color-4)","background-image":"","background-repeat":"repeat","background-position":"center center","background-size":"auto","background-attachment":"scroll","background-type":"","background-media":"","overlay-type":"","overlay-color":"","overlay-opacity":"","overlay-gradient":""},"tablet":{"background-color":"","background-image":"","background-repeat":"repeat","background-position":"center center","background-size":"auto","background-attachment":"scroll","background-type":"","background-media":"","overlay-type":"","overlay-color":"","overlay-opacity":"","overlay-gradient":""},"mobile":{"background-color":"","background-image":"","background-repeat":"repeat","background-position":"center center","background-size":"auto","background-attachment":"scroll","background-type":"","background-media":"","overlay-type":"","overlay-color":"","overlay-opacity":"","overlay-gradient":""}},"ast-content-background-meta":{"desktop":{"background-color":"var(--ast-global-color-5)","background-image":"","background-repeat":"repeat","background-position":"center center","background-size":"auto","background-attachment":"scroll","background-type":"","background-media":"","overlay-type":"","overlay-color":"","overlay-opacity":"","overlay-gradient":""},"tablet":{"background-color":"var(--ast-global-color-5)","background-image":"","background-repeat":"repeat","background-position":"center center","background-size":"auto","background-attachment":"scroll","background-type":"","background-media":"","overlay-type":"","overlay-color":"","overlay-opacity":"","overlay-gradient":""},"mobile":{"background-color":"var(--ast-global-color-5)","background-image":"","background-repeat":"repeat","background-position":"center center","background-size":"auto","background-attachment":"scroll","background-type":"","background-media":"","overlay-type":"","overlay-color":"","overlay-opacity":"","overlay-gradient":""}},"footnotes":""},"categories":[71],"tags":[],"class_list":["post-52680","post","type-post","status-publish","format-standard","has-post-thumbnail","hentry","category-podujatia"],"yoast_head":"<!-- This site is optimized with the Yoast SEO plugin v27.4 - https:\/\/yoast.com\/product\/yoast-seo-wordpress\/ -->\n<title>Vych\u00e1dzka po n\u00e1u\u010dnom chodn\u00edku na hradisku Ve\u013ek\u00fd vrch - Pova\u017esk\u00e9 m\u00fazeum<\/title>\n<meta name=\"description\" content=\"V\u00a0sobotu 24. septembra 2022 popoludn\u00ed poz\u00fdvame v\u0161etk\u00fdch nad\u0161encov archeol\u00f3gie, hist\u00f3rie, turistov a\u00a0milovn\u00edkov pr\u00edrody na vych\u00e1dzku po n\u00e1u\u010dnom chodn\u00edku na Ve\u013ekom vrchu.\" \/>\n<meta name=\"robots\" content=\"index, follow, max-snippet:-1, max-image-preview:large, max-video-preview:-1\" \/>\n<link rel=\"canonical\" href=\"https:\/\/pmza.sk\/?p=52680\" \/>\n<meta property=\"og:locale\" content=\"sk_SK\" \/>\n<meta property=\"og:type\" content=\"article\" \/>\n<meta property=\"og:title\" content=\"Vych\u00e1dzka po n\u00e1u\u010dnom chodn\u00edku na hradisku Ve\u013ek\u00fd vrch - Pova\u017esk\u00e9 m\u00fazeum\" \/>\n<meta property=\"og:description\" content=\"V\u00a0sobotu 24. septembra 2022 popoludn\u00ed poz\u00fdvame v\u0161etk\u00fdch nad\u0161encov archeol\u00f3gie, hist\u00f3rie, turistov a\u00a0milovn\u00edkov pr\u00edrody na vych\u00e1dzku po n\u00e1u\u010dnom chodn\u00edku na Ve\u013ekom vrchu.\" \/>\n<meta property=\"og:url\" content=\"https:\/\/pmza.sk\/?p=52680\" \/>\n<meta property=\"og:site_name\" content=\"Pova\u017esk\u00e9 m\u00fazeum\" \/>\n<meta property=\"article:publisher\" content=\"https:\/\/www.facebook.com\/povazskemuzeum\" \/>\n<meta property=\"article:published_time\" content=\"2022-09-07T11:08:34+00:00\" \/>\n<meta property=\"article:modified_time\" content=\"2022-09-27T05:37:09+00:00\" \/>\n<meta property=\"og:image\" content=\"https:\/\/pmza.sk\/wp-content\/uploads\/2022\/09\/Obr-02.jpg\" \/>\n\t<meta property=\"og:image:width\" content=\"905\" \/>\n\t<meta property=\"og:image:height\" content=\"600\" \/>\n\t<meta property=\"og:image:type\" content=\"image\/jpeg\" \/>\n<meta name=\"author\" content=\"Pova\u017esk\u00e9 m\u00fazeum\" \/>\n<meta name=\"twitter:card\" content=\"summary_large_image\" \/>\n<meta name=\"twitter:label1\" content=\"Autor\" \/>\n\t<meta name=\"twitter:data1\" content=\"Pova\u017esk\u00e9 m\u00fazeum\" \/>\n\t<meta name=\"twitter:label2\" content=\"Predpokladan\u00fd \u010das \u010d\u00edtania\" \/>\n\t<meta name=\"twitter:data2\" content=\"1 min\u00fata\" \/>\n<script type=\"application\/ld+json\" class=\"yoast-schema-graph\">{\"@context\":\"https:\\\/\\\/schema.org\",\"@graph\":[{\"@type\":\"Article\",\"@id\":\"https:\\\/\\\/pmza.sk\\\/?p=52680#article\",\"isPartOf\":{\"@id\":\"https:\\\/\\\/pmza.sk\\\/?p=52680\"},\"author\":{\"name\":\"Pova\u017esk\u00e9 m\u00fazeum\",\"@id\":\"https:\\\/\\\/pmza.sk\\\/#\\\/schema\\\/person\\\/595e6a2ce731ea94dcd5d7f50a41ae33\"},\"headline\":\"Vych\u00e1dzka po n\u00e1u\u010dnom chodn\u00edku na hradisku Ve\u013ek\u00fd vrch\",\"datePublished\":\"2022-09-07T11:08:34+00:00\",\"dateModified\":\"2022-09-27T05:37:09+00:00\",\"mainEntityOfPage\":{\"@id\":\"https:\\\/\\\/pmza.sk\\\/?p=52680\"},\"wordCount\":195,\"commentCount\":0,\"publisher\":{\"@id\":\"https:\\\/\\\/pmza.sk\\\/#organization\"},\"image\":{\"@id\":\"https:\\\/\\\/pmza.sk\\\/?p=52680#primaryimage\"},\"thumbnailUrl\":\"https:\\\/\\\/pmza.sk\\\/wp-content\\\/uploads\\\/2022\\\/09\\\/Obr-02.jpg\",\"articleSection\":[\"Podujatia\"],\"inLanguage\":\"sk-SK\"},{\"@type\":\"WebPage\",\"@id\":\"https:\\\/\\\/pmza.sk\\\/?p=52680\",\"url\":\"https:\\\/\\\/pmza.sk\\\/?p=52680\",\"name\":\"Vych\u00e1dzka po n\u00e1u\u010dnom chodn\u00edku na hradisku Ve\u013ek\u00fd vrch - Pova\u017esk\u00e9 m\u00fazeum\",\"isPartOf\":{\"@id\":\"https:\\\/\\\/pmza.sk\\\/#website\"},\"primaryImageOfPage\":{\"@id\":\"https:\\\/\\\/pmza.sk\\\/?p=52680#primaryimage\"},\"image\":{\"@id\":\"https:\\\/\\\/pmza.sk\\\/?p=52680#primaryimage\"},\"thumbnailUrl\":\"https:\\\/\\\/pmza.sk\\\/wp-content\\\/uploads\\\/2022\\\/09\\\/Obr-02.jpg\",\"datePublished\":\"2022-09-07T11:08:34+00:00\",\"dateModified\":\"2022-09-27T05:37:09+00:00\",\"description\":\"V\u00a0sobotu 24. septembra 2022 popoludn\u00ed poz\u00fdvame v\u0161etk\u00fdch nad\u0161encov archeol\u00f3gie, hist\u00f3rie, turistov a\u00a0milovn\u00edkov pr\u00edrody na vych\u00e1dzku po n\u00e1u\u010dnom chodn\u00edku na Ve\u013ekom vrchu.\",\"breadcrumb\":{\"@id\":\"https:\\\/\\\/pmza.sk\\\/?p=52680#breadcrumb\"},\"inLanguage\":\"sk-SK\",\"potentialAction\":[{\"@type\":\"ReadAction\",\"target\":[\"https:\\\/\\\/pmza.sk\\\/?p=52680\"]}]},{\"@type\":\"ImageObject\",\"inLanguage\":\"sk-SK\",\"@id\":\"https:\\\/\\\/pmza.sk\\\/?p=52680#primaryimage\",\"url\":\"https:\\\/\\\/pmza.sk\\\/wp-content\\\/uploads\\\/2022\\\/09\\\/Obr-02.jpg\",\"contentUrl\":\"https:\\\/\\\/pmza.sk\\\/wp-content\\\/uploads\\\/2022\\\/09\\\/Obr-02.jpg\",\"width\":905,\"height\":600},{\"@type\":\"BreadcrumbList\",\"@id\":\"https:\\\/\\\/pmza.sk\\\/?p=52680#breadcrumb\",\"itemListElement\":[{\"@type\":\"ListItem\",\"position\":1,\"name\":\"Domovsk\u00e1 str\u00e1nka\",\"item\":\"https:\\\/\\\/pmza.sk\\\/\"},{\"@type\":\"ListItem\",\"position\":2,\"name\":\"Vych\u00e1dzka po n\u00e1u\u010dnom chodn\u00edku na hradisku Ve\u013ek\u00fd vrch\"}]},{\"@type\":\"WebSite\",\"@id\":\"https:\\\/\\\/pmza.sk\\\/#website\",\"url\":\"https:\\\/\\\/pmza.sk\\\/\",\"name\":\"Pova\u017esk\u00e9 m\u00fazeum\",\"description\":\"Pova\u017esk\u00e9 m\u00fazeum v \u017diline je region\u00e1lne m\u00fazeum so s\u00eddlom v Budat\u00edne. Jeho expoz\u00edcie s\u00fa zameran\u00e9 na dejiny slovensk\u00e9ho umenia, kult\u00fary a dopravy.\",\"publisher\":{\"@id\":\"https:\\\/\\\/pmza.sk\\\/#organization\"},\"potentialAction\":[{\"@type\":\"SearchAction\",\"target\":{\"@type\":\"EntryPoint\",\"urlTemplate\":\"https:\\\/\\\/pmza.sk\\\/?s={search_term_string}\"},\"query-input\":{\"@type\":\"PropertyValueSpecification\",\"valueRequired\":true,\"valueName\":\"search_term_string\"}}],\"inLanguage\":\"sk-SK\"},{\"@type\":\"Organization\",\"@id\":\"https:\\\/\\\/pmza.sk\\\/#organization\",\"name\":\"Pova\u017esk\u00e9 m\u00fazeum\",\"url\":\"https:\\\/\\\/pmza.sk\\\/\",\"logo\":{\"@type\":\"ImageObject\",\"inLanguage\":\"sk-SK\",\"@id\":\"https:\\\/\\\/pmza.sk\\\/#\\\/schema\\\/logo\\\/image\\\/\",\"url\":\"https:\\\/\\\/pmza.sk\\\/wp-content\\\/uploads\\\/2022\\\/01\\\/logo_PM_horizontal.jpg\",\"contentUrl\":\"https:\\\/\\\/pmza.sk\\\/wp-content\\\/uploads\\\/2022\\\/01\\\/logo_PM_horizontal.jpg\",\"width\":231,\"height\":142,\"caption\":\"Pova\u017esk\u00e9 m\u00fazeum\"},\"image\":{\"@id\":\"https:\\\/\\\/pmza.sk\\\/#\\\/schema\\\/logo\\\/image\\\/\"},\"sameAs\":[\"https:\\\/\\\/www.facebook.com\\\/povazskemuzeum\",\"https:\\\/\\\/www.instagram.com\\\/povazskemuzeum\\\/\"]},{\"@type\":\"Person\",\"@id\":\"https:\\\/\\\/pmza.sk\\\/#\\\/schema\\\/person\\\/595e6a2ce731ea94dcd5d7f50a41ae33\",\"name\":\"Pova\u017esk\u00e9 m\u00fazeum\",\"image\":{\"@type\":\"ImageObject\",\"inLanguage\":\"sk-SK\",\"@id\":\"https:\\\/\\\/secure.gravatar.com\\\/avatar\\\/2bb7f1561282132fb5826dfeccc66c7996d11ee392ac6aaf7ced8a1c2027fbb2?s=96&d=mm&r=g\",\"url\":\"https:\\\/\\\/secure.gravatar.com\\\/avatar\\\/2bb7f1561282132fb5826dfeccc66c7996d11ee392ac6aaf7ced8a1c2027fbb2?s=96&d=mm&r=g\",\"contentUrl\":\"https:\\\/\\\/secure.gravatar.com\\\/avatar\\\/2bb7f1561282132fb5826dfeccc66c7996d11ee392ac6aaf7ced8a1c2027fbb2?s=96&d=mm&r=g\",\"caption\":\"Pova\u017esk\u00e9 m\u00fazeum\"}}]}<\/script>\n<!-- \/ Yoast SEO plugin. -->","yoast_head_json":{"title":"Vych\u00e1dzka po n\u00e1u\u010dnom chodn\u00edku na hradisku Ve\u013ek\u00fd vrch - Pova\u017esk\u00e9 m\u00fazeum","description":"V\u00a0sobotu 24. septembra 2022 popoludn\u00ed poz\u00fdvame v\u0161etk\u00fdch nad\u0161encov archeol\u00f3gie, hist\u00f3rie, turistov a\u00a0milovn\u00edkov pr\u00edrody na vych\u00e1dzku po n\u00e1u\u010dnom chodn\u00edku na Ve\u013ekom vrchu.","robots":{"index":"index","follow":"follow","max-snippet":"max-snippet:-1","max-image-preview":"max-image-preview:large","max-video-preview":"max-video-preview:-1"},"canonical":"https:\/\/pmza.sk\/?p=52680","og_locale":"sk_SK","og_type":"article","og_title":"Vych\u00e1dzka po n\u00e1u\u010dnom chodn\u00edku na hradisku Ve\u013ek\u00fd vrch - Pova\u017esk\u00e9 m\u00fazeum","og_description":"V\u00a0sobotu 24. septembra 2022 popoludn\u00ed poz\u00fdvame v\u0161etk\u00fdch nad\u0161encov archeol\u00f3gie, hist\u00f3rie, turistov a\u00a0milovn\u00edkov pr\u00edrody na vych\u00e1dzku po n\u00e1u\u010dnom chodn\u00edku na Ve\u013ekom vrchu.","og_url":"https:\/\/pmza.sk\/?p=52680","og_site_name":"Pova\u017esk\u00e9 m\u00fazeum","article_publisher":"https:\/\/www.facebook.com\/povazskemuzeum","article_published_time":"2022-09-07T11:08:34+00:00","article_modified_time":"2022-09-27T05:37:09+00:00","og_image":[{"width":905,"height":600,"url":"https:\/\/pmza.sk\/wp-content\/uploads\/2022\/09\/Obr-02.jpg","type":"image\/jpeg"}],"author":"Pova\u017esk\u00e9 m\u00fazeum","twitter_card":"summary_large_image","twitter_misc":{"Autor":"Pova\u017esk\u00e9 m\u00fazeum","Predpokladan\u00fd \u010das \u010d\u00edtania":"1 min\u00fata"},"schema":{"@context":"https:\/\/schema.org","@graph":[{"@type":"Article","@id":"https:\/\/pmza.sk\/?p=52680#article","isPartOf":{"@id":"https:\/\/pmza.sk\/?p=52680"},"author":{"name":"Pova\u017esk\u00e9 m\u00fazeum","@id":"https:\/\/pmza.sk\/#\/schema\/person\/595e6a2ce731ea94dcd5d7f50a41ae33"},"headline":"Vych\u00e1dzka po n\u00e1u\u010dnom chodn\u00edku na hradisku Ve\u013ek\u00fd vrch","datePublished":"2022-09-07T11:08:34+00:00","dateModified":"2022-09-27T05:37:09+00:00","mainEntityOfPage":{"@id":"https:\/\/pmza.sk\/?p=52680"},"wordCount":195,"commentCount":0,"publisher":{"@id":"https:\/\/pmza.sk\/#organization"},"image":{"@id":"https:\/\/pmza.sk\/?p=52680#primaryimage"},"thumbnailUrl":"https:\/\/pmza.sk\/wp-content\/uploads\/2022\/09\/Obr-02.jpg","articleSection":["Podujatia"],"inLanguage":"sk-SK"},{"@type":"WebPage","@id":"https:\/\/pmza.sk\/?p=52680","url":"https:\/\/pmza.sk\/?p=52680","name":"Vych\u00e1dzka po n\u00e1u\u010dnom chodn\u00edku na hradisku Ve\u013ek\u00fd vrch - Pova\u017esk\u00e9 m\u00fazeum","isPartOf":{"@id":"https:\/\/pmza.sk\/#website"},"primaryImageOfPage":{"@id":"https:\/\/pmza.sk\/?p=52680#primaryimage"},"image":{"@id":"https:\/\/pmza.sk\/?p=52680#primaryimage"},"thumbnailUrl":"https:\/\/pmza.sk\/wp-content\/uploads\/2022\/09\/Obr-02.jpg","datePublished":"2022-09-07T11:08:34+00:00","dateModified":"2022-09-27T05:37:09+00:00","description":"V\u00a0sobotu 24. septembra 2022 popoludn\u00ed poz\u00fdvame v\u0161etk\u00fdch nad\u0161encov archeol\u00f3gie, hist\u00f3rie, turistov a\u00a0milovn\u00edkov pr\u00edrody na vych\u00e1dzku po n\u00e1u\u010dnom chodn\u00edku na Ve\u013ekom vrchu.","breadcrumb":{"@id":"https:\/\/pmza.sk\/?p=52680#breadcrumb"},"inLanguage":"sk-SK","potentialAction":[{"@type":"ReadAction","target":["https:\/\/pmza.sk\/?p=52680"]}]},{"@type":"ImageObject","inLanguage":"sk-SK","@id":"https:\/\/pmza.sk\/?p=52680#primaryimage","url":"https:\/\/pmza.sk\/wp-content\/uploads\/2022\/09\/Obr-02.jpg","contentUrl":"https:\/\/pmza.sk\/wp-content\/uploads\/2022\/09\/Obr-02.jpg","width":905,"height":600},{"@type":"BreadcrumbList","@id":"https:\/\/pmza.sk\/?p=52680#breadcrumb","itemListElement":[{"@type":"ListItem","position":1,"name":"Domovsk\u00e1 str\u00e1nka","item":"https:\/\/pmza.sk\/"},{"@type":"ListItem","position":2,"name":"Vych\u00e1dzka po n\u00e1u\u010dnom chodn\u00edku na hradisku Ve\u013ek\u00fd vrch"}]},{"@type":"WebSite","@id":"https:\/\/pmza.sk\/#website","url":"https:\/\/pmza.sk\/","name":"Pova\u017esk\u00e9 m\u00fazeum","description":"Pova\u017esk\u00e9 m\u00fazeum v \u017diline je region\u00e1lne m\u00fazeum so s\u00eddlom v Budat\u00edne. Jeho expoz\u00edcie s\u00fa zameran\u00e9 na dejiny slovensk\u00e9ho umenia, kult\u00fary a dopravy.","publisher":{"@id":"https:\/\/pmza.sk\/#organization"},"potentialAction":[{"@type":"SearchAction","target":{"@type":"EntryPoint","urlTemplate":"https:\/\/pmza.sk\/?s={search_term_string}"},"query-input":{"@type":"PropertyValueSpecification","valueRequired":true,"valueName":"search_term_string"}}],"inLanguage":"sk-SK"},{"@type":"Organization","@id":"https:\/\/pmza.sk\/#organization","name":"Pova\u017esk\u00e9 m\u00fazeum","url":"https:\/\/pmza.sk\/","logo":{"@type":"ImageObject","inLanguage":"sk-SK","@id":"https:\/\/pmza.sk\/#\/schema\/logo\/image\/","url":"https:\/\/pmza.sk\/wp-content\/uploads\/2022\/01\/logo_PM_horizontal.jpg","contentUrl":"https:\/\/pmza.sk\/wp-content\/uploads\/2022\/01\/logo_PM_horizontal.jpg","width":231,"height":142,"caption":"Pova\u017esk\u00e9 m\u00fazeum"},"image":{"@id":"https:\/\/pmza.sk\/#\/schema\/logo\/image\/"},"sameAs":["https:\/\/www.facebook.com\/povazskemuzeum","https:\/\/www.instagram.com\/povazskemuzeum\/"]},{"@type":"Person","@id":"https:\/\/pmza.sk\/#\/schema\/person\/595e6a2ce731ea94dcd5d7f50a41ae33","name":"Pova\u017esk\u00e9 m\u00fazeum","image":{"@type":"ImageObject","inLanguage":"sk-SK","@id":"https:\/\/secure.gravatar.com\/avatar\/2bb7f1561282132fb5826dfeccc66c7996d11ee392ac6aaf7ced8a1c2027fbb2?s=96&d=mm&r=g","url":"https:\/\/secure.gravatar.com\/avatar\/2bb7f1561282132fb5826dfeccc66c7996d11ee392ac6aaf7ced8a1c2027fbb2?s=96&d=mm&r=g","contentUrl":"https:\/\/secure.gravatar.com\/avatar\/2bb7f1561282132fb5826dfeccc66c7996d11ee392ac6aaf7ced8a1c2027fbb2?s=96&d=mm&r=g","caption":"Pova\u017esk\u00e9 m\u00fazeum"}}]}},"_links":{"self":[{"href":"https:\/\/pmza.sk\/index.php?rest_route=\/wp\/v2\/posts\/52680","targetHints":{"allow":["GET"]}}],"collection":[{"href":"https:\/\/pmza.sk\/index.php?rest_route=\/wp\/v2\/posts"}],"about":[{"href":"https:\/\/pmza.sk\/index.php?rest_route=\/wp\/v2\/types\/post"}],"author":[{"embeddable":true,"href":"https:\/\/pmza.sk\/index.php?rest_route=\/wp\/v2\/users\/2"}],"replies":[{"embeddable":true,"href":"https:\/\/pmza.sk\/index.php?rest_route=%2Fwp%2Fv2%2Fcomments&post=52680"}],"version-history":[{"count":0,"href":"https:\/\/pmza.sk\/index.php?rest_route=\/wp\/v2\/posts\/52680\/revisions"}],"wp:featuredmedia":[{"embeddable":true,"href":"https:\/\/pmza.sk\/index.php?rest_route=\/wp\/v2\/media\/52681"}],"wp:attachment":[{"href":"https:\/\/pmza.sk\/index.php?rest_route=%2Fwp%2Fv2%2Fmedia&parent=52680"}],"wp:term":[{"taxonomy":"category","embeddable":true,"href":"https:\/\/pmza.sk\/index.php?rest_route=%2Fwp%2Fv2%2Fcategories&post=52680"},{"taxonomy":"post_tag","embeddable":true,"href":"https:\/\/pmza.sk\/index.php?rest_route=%2Fwp%2Fv2%2Ftags&post=52680"}],"curies":[{"name":"wp","href":"https:\/\/api.w.org\/{rel}","templated":true}]}}