{"id":52784,"date":"2022-09-19T08:14:09","date_gmt":"2022-09-19T06:14:09","guid":{"rendered":"https:\/\/pmza.sk\/?p=52784"},"modified":"2022-09-28T09:03:32","modified_gmt":"2022-09-28T07:03:32","slug":"tradicneinspiracievsucasnomdizajne","status":"publish","type":"post","link":"https:\/\/pmza.sk\/?p=52784","title":{"rendered":"Tradi\u010dn\u00e9 in\u0161pir\u00e1cie v s\u00fa\u010dasnom dizajne a finis\u00e1\u017e v\u00fdstavy Remeslo m\u00e1 modr\u00e9 dno"},"content":{"rendered":"<p>Pri pr\u00edle\u017eitosti finis\u00e1\u017ee v\u00fdstavy REMESLO M\u00c1 MODR\u00c9 DNO v Sob\u00e1\u0161nom pal\u00e1ci v Byt\u010di pripravil \u00da\u013dUV odborn\u00fd semin\u00e1r pod n\u00e1zvom TRADI\u010cN\u00c9 IN\u0160PIR\u00c1CIE V S\u00da\u010cASNOM DIZAJNE venovan\u00fd tendenci\u00e1m v s\u00fa\u010dasnom slovenskom m\u00f3dnom dizajne.<\/p>\n<p>O tradi\u010dn\u00fdch in\u0161pir\u00e1ci\u00e1ch v s\u00fa\u010dasnom dizajne tu bud\u00fa 27. septembra 2022 s m\u00f3dnou \u017eurnalistkou, histori\u010dkou a pedagogi\u010dkou Danou Lap\u0161anskou diskutova\u0165 textiln\u00ed a odevn\u00ed dizajn\u00e9ri z v\u00fdstavn\u00e9ho projektu TRAD\u00cdCIA V DIZAJNE \u2013 odev so v\u0161itou trad\u00edciou Marcel Holubec W atelier de cr\u00e9ation, Lubica Poncik, Henrieta Tholt a tie\u017e textiln\u00fd dizajn\u00e9r zaoberaj\u00faci sa v\u00fdrobou modrotla\u010de Matej Rabada.<\/p>\n<p>Stredn\u00e1 a mlad\u0161ia gener\u00e1cia autorov p\u00f4sobiacich v oblasti textilnej a odevnej tvorby prin\u00e1\u0161a nov\u00fa dynamiku i sp\u00f4sob kreat\u00edvneho uva\u017eovania o m\u00f3de in\u0161pirovanej tradi\u010dn\u00fdmi remeslami. Z ich tvorby je cite\u013en\u00fd n\u00e1vrat k pr\u00edrode, pr\u00edrodn\u00fdm materi\u00e1lom a udr\u017eate\u013enosti, ktor\u00fd je dnes v\u00fdzna\u010dn\u00fdm trendom aj vo svete. Diskutuj\u00faci autori sa zameraj\u00fa aj na predstavenie v\u00fdstavn\u00e9ho projektu Trad\u00edcia v dizajne \u2013 odev so v\u0161itou trad\u00edciou, ktor\u00fd sa zrodil z potreby dial\u00f3gu s na\u0161ou minulos\u0165ou, na\u0161imi kore\u0148mi. V r\u00e1mci neho vytvorili dizajn\u00e9ri viacer\u00e9 modely osobitne pre \u00da\u013dUV. A hoci m\u00e1 ka\u017ed\u00fd autor rozpoznate\u013en\u00fd a origin\u00e1lny rukopis, v\u0161etk\u00fdch sp\u00e1ja inovat\u00edvna v\u00e4zba na tradi\u010dn\u00e9 remeslo, tradi\u010dn\u00e9 technol\u00f3gie i mot\u00edvy. Spolo\u010dnou tendenciou je aj n\u00e1vrat k poctivosti remesla a \u00facta k st\u00e1ro\u010dia pretrv\u00e1vaj\u00facim hodnot\u00e1m.<\/p>\n<p>Program<\/p>\n<p>10.00 \u2013 11.30 odborn\u00fd semin\u00e1r<\/p>\n<p>12.00 \u2013 12.45 komentovan\u00e1 prehliadka v\u00fdstavy Remeslo m\u00e1 modr\u00e9 dno s kur\u00e1torkou \u013dudmilou Mitrovou z V\u00fdchodoslovensk\u00e9ho m\u00fazea v Ko\u0161iciach<\/p>\n<p>Va\u0161u \u00fa\u010das\u0165 na podujatie nahlasujte do 26.9.2022 e-mailom na alena.pastorkova@uluv.sk. Vstup je vo\u013en\u00fd.<\/p>\n<p>Nest\u00edhate semin\u00e1r Tradi\u010dn\u00e9 in\u0161pir\u00e1cie v\u00a0s\u00fa\u010dasnom dizajne, ale chceli by ste za\u017ei\u0165 komentovan\u00fa prehliadku s\u00a0autorkou v\u00fdstavy? Tak m\u00e1me pre v\u00e1s mo\u017enos\u0165 vypo\u010du\u0165 si ju na finis\u00e1\u017ei o\u00a015.00.<\/p>\n<p>Pova\u017esk\u00e9 m\u00fazeum prezentuje v\u00a0Sob\u00e1\u0161nom pal\u00e1ci v\u00a0Byt\u010di v\u00fdstavu Remeslo m\u00e1 modr\u00e9 dno. Je to jedna z\u00a0naj\u00faspe\u0161nej\u0161\u00edch v\u00fdstav V\u00fdchodoslovensk\u00e9ho m\u00fazea v\u00a0Ko\u0161iciach, ktor\u00e1 sa venuje v\u00fdvoju a preh\u013eadu remesla modrotla\u010de na na\u0161om \u00fazem\u00ed od 18. do 21. storo\u010dia. Okrem pestrej \u0161k\u00e1ly modrotla\u010dovej\u00a0 tvorby z v\u00fdchodn\u00e9ho a stredn\u00e9ho Slovenska, n\u00e1v\u0161tevn\u00edci maj\u00fa mo\u017enos\u0165\u00a0 vidie\u0165 aj modrotla\u010diarsku diel\u0148u doplnen\u00fa pestr\u00fdmi uk\u00e1\u017ekami dreven\u00fdch foriem zo zaniknut\u00fdch dieln\u00ed. Popri uk\u00e1\u017eke modrotla\u010dov\u00fdch vzorkovn\u00edkov s\u00fa na v\u00fdstave zast\u00fapen\u00e9 aj viacer\u00e9 uk\u00e1\u017eky modrotla\u010de na \u017eenskom odeve\u00a0 z\u00a0vybran\u00fdch slovensk\u00fdch regi\u00f3nov. S\u00fa\u010das\u0165ou v\u00fdstavy s\u00fa aj s\u00fa\u010dasn\u00e9 modern\u00e9 l\u00e1tky modrotla\u010diarov Petra Trnku a Mateja Rabadu a\u00a0taktie\u017e tvorba m\u00f3dnych dizajn\u00e9rok Jany Gavalcovej a\u00a0Mi\u0161eny Juh\u00e1sz. N\u00e1v\u0161tevn\u00edci si bud\u00fa m\u00f4c\u0165 odnies\u0165 nielen estetick\u00fd z\u00e1\u017eitok z v\u00fdstavy, ale i hodnotn\u00fd suven\u00edr vo forme m\u00f3dnych doplnkov,\u00a0 \u0161perkov, bro\u0161n\u00ed \u010di keramick\u00fdch v\u00fdrobkov\u00a0 navrhnut\u00fdch\u00a0 \u0161peci\u00e1lne k\u00a0v\u00fdstave.<\/p>\n<p>Za\u010diatok o\u00a015.00, vstup vo\u013en\u00fd.<\/p>\n","protected":false},"excerpt":{"rendered":"<p>Pri pr\u00edle\u017eitosti finis\u00e1\u017ee v\u00fdstavy REMESLO M\u00c1 MODR\u00c9 DNO v Sob\u00e1\u0161nom pal\u00e1ci v Byt\u010di pripravil \u00da\u013dUV odborn\u00fd semin\u00e1r pod n\u00e1zvom TRADI\u010cN\u00c9 IN\u0160PIR\u00c1CIE V S\u00da\u010cASNOM DIZAJNE venovan\u00fd tendenci\u00e1m v s\u00fa\u010dasnom slovenskom m\u00f3dnom dizajne. O tradi\u010dn\u00fdch in\u0161pir\u00e1ci\u00e1ch v s\u00fa\u010dasnom dizajne tu bud\u00fa 27. septembra 2022 s m\u00f3dnou \u017eurnalistkou, histori\u010dkou a pedagogi\u010dkou Danou Lap\u0161anskou diskutova\u0165 textiln\u00ed a odevn\u00ed dizajn\u00e9ri [&hellip;]<\/p>\n","protected":false},"author":2,"featured_media":52794,"comment_status":"open","ping_status":"open","sticky":false,"template":"","format":"standard","meta":{"site-sidebar-layout":"default","site-content-layout":"default","ast-site-content-layout":"","site-content-style":"default","site-sidebar-style":"default","ast-global-header-display":"","ast-banner-title-visibility":"","ast-main-header-display":"","ast-hfb-above-header-display":"","ast-hfb-below-header-display":"","ast-hfb-mobile-header-display":"","site-post-title":"","ast-breadcrumbs-content":"","ast-featured-img":"","footer-sml-layout":"","theme-transparent-header-meta":"default","adv-header-id-meta":"","stick-header-meta":"default","header-above-stick-meta":"","header-main-stick-meta":"","header-below-stick-meta":"","astra-migrate-meta-layouts":"default","ast-page-background-enabled":"default","ast-page-background-meta":{"desktop":{"background-color":"var(--ast-global-color-4)","background-image":"","background-repeat":"repeat","background-position":"center center","background-size":"auto","background-attachment":"scroll","background-type":"","background-media":"","overlay-type":"","overlay-color":"","overlay-opacity":"","overlay-gradient":""},"tablet":{"background-color":"","background-image":"","background-repeat":"repeat","background-position":"center center","background-size":"auto","background-attachment":"scroll","background-type":"","background-media":"","overlay-type":"","overlay-color":"","overlay-opacity":"","overlay-gradient":""},"mobile":{"background-color":"","background-image":"","background-repeat":"repeat","background-position":"center center","background-size":"auto","background-attachment":"scroll","background-type":"","background-media":"","overlay-type":"","overlay-color":"","overlay-opacity":"","overlay-gradient":""}},"ast-content-background-meta":{"desktop":{"background-color":"var(--ast-global-color-5)","background-image":"","background-repeat":"repeat","background-position":"center center","background-size":"auto","background-attachment":"scroll","background-type":"","background-media":"","overlay-type":"","overlay-color":"","overlay-opacity":"","overlay-gradient":""},"tablet":{"background-color":"var(--ast-global-color-5)","background-image":"","background-repeat":"repeat","background-position":"center center","background-size":"auto","background-attachment":"scroll","background-type":"","background-media":"","overlay-type":"","overlay-color":"","overlay-opacity":"","overlay-gradient":""},"mobile":{"background-color":"var(--ast-global-color-5)","background-image":"","background-repeat":"repeat","background-position":"center center","background-size":"auto","background-attachment":"scroll","background-type":"","background-media":"","overlay-type":"","overlay-color":"","overlay-opacity":"","overlay-gradient":""}},"footnotes":""},"categories":[71],"tags":[],"class_list":["post-52784","post","type-post","status-publish","format-standard","has-post-thumbnail","hentry","category-podujatia"],"yoast_head":"<!-- This site is optimized with the Yoast SEO plugin v27.4 - https:\/\/yoast.com\/product\/yoast-seo-wordpress\/ -->\n<title>Tradi\u010dn\u00e9 in\u0161pir\u00e1cie v s\u00fa\u010dasnom dizajne a finis\u00e1\u017e v\u00fdstavy Remeslo m\u00e1 modr\u00e9 dno - Pova\u017esk\u00e9 m\u00fazeum<\/title>\n<meta name=\"robots\" content=\"index, follow, max-snippet:-1, max-image-preview:large, max-video-preview:-1\" \/>\n<link rel=\"canonical\" href=\"https:\/\/pmza.sk\/?p=52784\" \/>\n<meta property=\"og:locale\" content=\"sk_SK\" \/>\n<meta property=\"og:type\" content=\"article\" \/>\n<meta property=\"og:title\" content=\"Tradi\u010dn\u00e9 in\u0161pir\u00e1cie v s\u00fa\u010dasnom dizajne a finis\u00e1\u017e v\u00fdstavy Remeslo m\u00e1 modr\u00e9 dno - Pova\u017esk\u00e9 m\u00fazeum\" \/>\n<meta property=\"og:description\" content=\"Pri pr\u00edle\u017eitosti finis\u00e1\u017ee v\u00fdstavy REMESLO M\u00c1 MODR\u00c9 DNO v Sob\u00e1\u0161nom pal\u00e1ci v Byt\u010di pripravil \u00da\u013dUV odborn\u00fd semin\u00e1r pod n\u00e1zvom TRADI\u010cN\u00c9 IN\u0160PIR\u00c1CIE V S\u00da\u010cASNOM DIZAJNE venovan\u00fd tendenci\u00e1m v s\u00fa\u010dasnom slovenskom m\u00f3dnom dizajne. O tradi\u010dn\u00fdch in\u0161pir\u00e1ci\u00e1ch v s\u00fa\u010dasnom dizajne tu bud\u00fa 27. septembra 2022 s m\u00f3dnou \u017eurnalistkou, histori\u010dkou a pedagogi\u010dkou Danou Lap\u0161anskou diskutova\u0165 textiln\u00ed a odevn\u00ed dizajn\u00e9ri [&hellip;]\" \/>\n<meta property=\"og:url\" content=\"https:\/\/pmza.sk\/?p=52784\" \/>\n<meta property=\"og:site_name\" content=\"Pova\u017esk\u00e9 m\u00fazeum\" \/>\n<meta property=\"article:publisher\" content=\"https:\/\/www.facebook.com\/povazskemuzeum\" \/>\n<meta property=\"article:published_time\" content=\"2022-09-19T06:14:09+00:00\" \/>\n<meta property=\"article:modified_time\" content=\"2022-09-28T07:03:32+00:00\" \/>\n<meta property=\"og:image\" content=\"https:\/\/pmza.sk\/wp-content\/uploads\/2022\/09\/e_PozvankaBytca_upr.jpg\" \/>\n\t<meta property=\"og:image:width\" content=\"1754\" \/>\n\t<meta property=\"og:image:height\" content=\"2480\" \/>\n\t<meta property=\"og:image:type\" content=\"image\/jpeg\" \/>\n<meta name=\"author\" content=\"Pova\u017esk\u00e9 m\u00fazeum\" \/>\n<meta name=\"twitter:card\" content=\"summary_large_image\" \/>\n<meta name=\"twitter:label1\" content=\"Autor\" \/>\n\t<meta name=\"twitter:data1\" content=\"Pova\u017esk\u00e9 m\u00fazeum\" \/>\n\t<meta name=\"twitter:label2\" content=\"Predpokladan\u00fd \u010das \u010d\u00edtania\" \/>\n\t<meta name=\"twitter:data2\" content=\"3 min\u00faty\" \/>\n<script type=\"application\/ld+json\" class=\"yoast-schema-graph\">{\"@context\":\"https:\\\/\\\/schema.org\",\"@graph\":[{\"@type\":\"Article\",\"@id\":\"https:\\\/\\\/pmza.sk\\\/?p=52784#article\",\"isPartOf\":{\"@id\":\"https:\\\/\\\/pmza.sk\\\/?p=52784\"},\"author\":{\"name\":\"Pova\u017esk\u00e9 m\u00fazeum\",\"@id\":\"https:\\\/\\\/pmza.sk\\\/#\\\/schema\\\/person\\\/595e6a2ce731ea94dcd5d7f50a41ae33\"},\"headline\":\"Tradi\u010dn\u00e9 in\u0161pir\u00e1cie v s\u00fa\u010dasnom dizajne a finis\u00e1\u017e v\u00fdstavy Remeslo m\u00e1 modr\u00e9 dno\",\"datePublished\":\"2022-09-19T06:14:09+00:00\",\"dateModified\":\"2022-09-28T07:03:32+00:00\",\"mainEntityOfPage\":{\"@id\":\"https:\\\/\\\/pmza.sk\\\/?p=52784\"},\"wordCount\":596,\"commentCount\":0,\"publisher\":{\"@id\":\"https:\\\/\\\/pmza.sk\\\/#organization\"},\"image\":{\"@id\":\"https:\\\/\\\/pmza.sk\\\/?p=52784#primaryimage\"},\"thumbnailUrl\":\"https:\\\/\\\/pmza.sk\\\/wp-content\\\/uploads\\\/2022\\\/09\\\/e_PozvankaBytca_upr.jpg\",\"articleSection\":[\"Podujatia\"],\"inLanguage\":\"sk-SK\"},{\"@type\":\"WebPage\",\"@id\":\"https:\\\/\\\/pmza.sk\\\/?p=52784\",\"url\":\"https:\\\/\\\/pmza.sk\\\/?p=52784\",\"name\":\"Tradi\u010dn\u00e9 in\u0161pir\u00e1cie v s\u00fa\u010dasnom dizajne a finis\u00e1\u017e v\u00fdstavy Remeslo m\u00e1 modr\u00e9 dno - Pova\u017esk\u00e9 m\u00fazeum\",\"isPartOf\":{\"@id\":\"https:\\\/\\\/pmza.sk\\\/#website\"},\"primaryImageOfPage\":{\"@id\":\"https:\\\/\\\/pmza.sk\\\/?p=52784#primaryimage\"},\"image\":{\"@id\":\"https:\\\/\\\/pmza.sk\\\/?p=52784#primaryimage\"},\"thumbnailUrl\":\"https:\\\/\\\/pmza.sk\\\/wp-content\\\/uploads\\\/2022\\\/09\\\/e_PozvankaBytca_upr.jpg\",\"datePublished\":\"2022-09-19T06:14:09+00:00\",\"dateModified\":\"2022-09-28T07:03:32+00:00\",\"breadcrumb\":{\"@id\":\"https:\\\/\\\/pmza.sk\\\/?p=52784#breadcrumb\"},\"inLanguage\":\"sk-SK\",\"potentialAction\":[{\"@type\":\"ReadAction\",\"target\":[\"https:\\\/\\\/pmza.sk\\\/?p=52784\"]}]},{\"@type\":\"ImageObject\",\"inLanguage\":\"sk-SK\",\"@id\":\"https:\\\/\\\/pmza.sk\\\/?p=52784#primaryimage\",\"url\":\"https:\\\/\\\/pmza.sk\\\/wp-content\\\/uploads\\\/2022\\\/09\\\/e_PozvankaBytca_upr.jpg\",\"contentUrl\":\"https:\\\/\\\/pmza.sk\\\/wp-content\\\/uploads\\\/2022\\\/09\\\/e_PozvankaBytca_upr.jpg\",\"width\":1754,\"height\":2480},{\"@type\":\"BreadcrumbList\",\"@id\":\"https:\\\/\\\/pmza.sk\\\/?p=52784#breadcrumb\",\"itemListElement\":[{\"@type\":\"ListItem\",\"position\":1,\"name\":\"Domovsk\u00e1 str\u00e1nka\",\"item\":\"https:\\\/\\\/pmza.sk\\\/\"},{\"@type\":\"ListItem\",\"position\":2,\"name\":\"Tradi\u010dn\u00e9 in\u0161pir\u00e1cie v s\u00fa\u010dasnom dizajne a finis\u00e1\u017e v\u00fdstavy Remeslo m\u00e1 modr\u00e9 dno\"}]},{\"@type\":\"WebSite\",\"@id\":\"https:\\\/\\\/pmza.sk\\\/#website\",\"url\":\"https:\\\/\\\/pmza.sk\\\/\",\"name\":\"Pova\u017esk\u00e9 m\u00fazeum\",\"description\":\"Pova\u017esk\u00e9 m\u00fazeum v \u017diline je region\u00e1lne m\u00fazeum so s\u00eddlom v Budat\u00edne. Jeho expoz\u00edcie s\u00fa zameran\u00e9 na dejiny slovensk\u00e9ho umenia, kult\u00fary a dopravy.\",\"publisher\":{\"@id\":\"https:\\\/\\\/pmza.sk\\\/#organization\"},\"potentialAction\":[{\"@type\":\"SearchAction\",\"target\":{\"@type\":\"EntryPoint\",\"urlTemplate\":\"https:\\\/\\\/pmza.sk\\\/?s={search_term_string}\"},\"query-input\":{\"@type\":\"PropertyValueSpecification\",\"valueRequired\":true,\"valueName\":\"search_term_string\"}}],\"inLanguage\":\"sk-SK\"},{\"@type\":\"Organization\",\"@id\":\"https:\\\/\\\/pmza.sk\\\/#organization\",\"name\":\"Pova\u017esk\u00e9 m\u00fazeum\",\"url\":\"https:\\\/\\\/pmza.sk\\\/\",\"logo\":{\"@type\":\"ImageObject\",\"inLanguage\":\"sk-SK\",\"@id\":\"https:\\\/\\\/pmza.sk\\\/#\\\/schema\\\/logo\\\/image\\\/\",\"url\":\"https:\\\/\\\/pmza.sk\\\/wp-content\\\/uploads\\\/2022\\\/01\\\/logo_PM_horizontal.jpg\",\"contentUrl\":\"https:\\\/\\\/pmza.sk\\\/wp-content\\\/uploads\\\/2022\\\/01\\\/logo_PM_horizontal.jpg\",\"width\":231,\"height\":142,\"caption\":\"Pova\u017esk\u00e9 m\u00fazeum\"},\"image\":{\"@id\":\"https:\\\/\\\/pmza.sk\\\/#\\\/schema\\\/logo\\\/image\\\/\"},\"sameAs\":[\"https:\\\/\\\/www.facebook.com\\\/povazskemuzeum\",\"https:\\\/\\\/www.instagram.com\\\/povazskemuzeum\\\/\"]},{\"@type\":\"Person\",\"@id\":\"https:\\\/\\\/pmza.sk\\\/#\\\/schema\\\/person\\\/595e6a2ce731ea94dcd5d7f50a41ae33\",\"name\":\"Pova\u017esk\u00e9 m\u00fazeum\",\"image\":{\"@type\":\"ImageObject\",\"inLanguage\":\"sk-SK\",\"@id\":\"https:\\\/\\\/secure.gravatar.com\\\/avatar\\\/2bb7f1561282132fb5826dfeccc66c7996d11ee392ac6aaf7ced8a1c2027fbb2?s=96&d=mm&r=g\",\"url\":\"https:\\\/\\\/secure.gravatar.com\\\/avatar\\\/2bb7f1561282132fb5826dfeccc66c7996d11ee392ac6aaf7ced8a1c2027fbb2?s=96&d=mm&r=g\",\"contentUrl\":\"https:\\\/\\\/secure.gravatar.com\\\/avatar\\\/2bb7f1561282132fb5826dfeccc66c7996d11ee392ac6aaf7ced8a1c2027fbb2?s=96&d=mm&r=g\",\"caption\":\"Pova\u017esk\u00e9 m\u00fazeum\"}}]}<\/script>\n<!-- \/ Yoast SEO plugin. -->","yoast_head_json":{"title":"Tradi\u010dn\u00e9 in\u0161pir\u00e1cie v s\u00fa\u010dasnom dizajne a finis\u00e1\u017e v\u00fdstavy Remeslo m\u00e1 modr\u00e9 dno - Pova\u017esk\u00e9 m\u00fazeum","robots":{"index":"index","follow":"follow","max-snippet":"max-snippet:-1","max-image-preview":"max-image-preview:large","max-video-preview":"max-video-preview:-1"},"canonical":"https:\/\/pmza.sk\/?p=52784","og_locale":"sk_SK","og_type":"article","og_title":"Tradi\u010dn\u00e9 in\u0161pir\u00e1cie v s\u00fa\u010dasnom dizajne a finis\u00e1\u017e v\u00fdstavy Remeslo m\u00e1 modr\u00e9 dno - Pova\u017esk\u00e9 m\u00fazeum","og_description":"Pri pr\u00edle\u017eitosti finis\u00e1\u017ee v\u00fdstavy REMESLO M\u00c1 MODR\u00c9 DNO v Sob\u00e1\u0161nom pal\u00e1ci v Byt\u010di pripravil \u00da\u013dUV odborn\u00fd semin\u00e1r pod n\u00e1zvom TRADI\u010cN\u00c9 IN\u0160PIR\u00c1CIE V S\u00da\u010cASNOM DIZAJNE venovan\u00fd tendenci\u00e1m v s\u00fa\u010dasnom slovenskom m\u00f3dnom dizajne. O tradi\u010dn\u00fdch in\u0161pir\u00e1ci\u00e1ch v s\u00fa\u010dasnom dizajne tu bud\u00fa 27. septembra 2022 s m\u00f3dnou \u017eurnalistkou, histori\u010dkou a pedagogi\u010dkou Danou Lap\u0161anskou diskutova\u0165 textiln\u00ed a odevn\u00ed dizajn\u00e9ri [&hellip;]","og_url":"https:\/\/pmza.sk\/?p=52784","og_site_name":"Pova\u017esk\u00e9 m\u00fazeum","article_publisher":"https:\/\/www.facebook.com\/povazskemuzeum","article_published_time":"2022-09-19T06:14:09+00:00","article_modified_time":"2022-09-28T07:03:32+00:00","og_image":[{"width":1754,"height":2480,"url":"https:\/\/pmza.sk\/wp-content\/uploads\/2022\/09\/e_PozvankaBytca_upr.jpg","type":"image\/jpeg"}],"author":"Pova\u017esk\u00e9 m\u00fazeum","twitter_card":"summary_large_image","twitter_misc":{"Autor":"Pova\u017esk\u00e9 m\u00fazeum","Predpokladan\u00fd \u010das \u010d\u00edtania":"3 min\u00faty"},"schema":{"@context":"https:\/\/schema.org","@graph":[{"@type":"Article","@id":"https:\/\/pmza.sk\/?p=52784#article","isPartOf":{"@id":"https:\/\/pmza.sk\/?p=52784"},"author":{"name":"Pova\u017esk\u00e9 m\u00fazeum","@id":"https:\/\/pmza.sk\/#\/schema\/person\/595e6a2ce731ea94dcd5d7f50a41ae33"},"headline":"Tradi\u010dn\u00e9 in\u0161pir\u00e1cie v s\u00fa\u010dasnom dizajne a finis\u00e1\u017e v\u00fdstavy Remeslo m\u00e1 modr\u00e9 dno","datePublished":"2022-09-19T06:14:09+00:00","dateModified":"2022-09-28T07:03:32+00:00","mainEntityOfPage":{"@id":"https:\/\/pmza.sk\/?p=52784"},"wordCount":596,"commentCount":0,"publisher":{"@id":"https:\/\/pmza.sk\/#organization"},"image":{"@id":"https:\/\/pmza.sk\/?p=52784#primaryimage"},"thumbnailUrl":"https:\/\/pmza.sk\/wp-content\/uploads\/2022\/09\/e_PozvankaBytca_upr.jpg","articleSection":["Podujatia"],"inLanguage":"sk-SK"},{"@type":"WebPage","@id":"https:\/\/pmza.sk\/?p=52784","url":"https:\/\/pmza.sk\/?p=52784","name":"Tradi\u010dn\u00e9 in\u0161pir\u00e1cie v s\u00fa\u010dasnom dizajne a finis\u00e1\u017e v\u00fdstavy Remeslo m\u00e1 modr\u00e9 dno - Pova\u017esk\u00e9 m\u00fazeum","isPartOf":{"@id":"https:\/\/pmza.sk\/#website"},"primaryImageOfPage":{"@id":"https:\/\/pmza.sk\/?p=52784#primaryimage"},"image":{"@id":"https:\/\/pmza.sk\/?p=52784#primaryimage"},"thumbnailUrl":"https:\/\/pmza.sk\/wp-content\/uploads\/2022\/09\/e_PozvankaBytca_upr.jpg","datePublished":"2022-09-19T06:14:09+00:00","dateModified":"2022-09-28T07:03:32+00:00","breadcrumb":{"@id":"https:\/\/pmza.sk\/?p=52784#breadcrumb"},"inLanguage":"sk-SK","potentialAction":[{"@type":"ReadAction","target":["https:\/\/pmza.sk\/?p=52784"]}]},{"@type":"ImageObject","inLanguage":"sk-SK","@id":"https:\/\/pmza.sk\/?p=52784#primaryimage","url":"https:\/\/pmza.sk\/wp-content\/uploads\/2022\/09\/e_PozvankaBytca_upr.jpg","contentUrl":"https:\/\/pmza.sk\/wp-content\/uploads\/2022\/09\/e_PozvankaBytca_upr.jpg","width":1754,"height":2480},{"@type":"BreadcrumbList","@id":"https:\/\/pmza.sk\/?p=52784#breadcrumb","itemListElement":[{"@type":"ListItem","position":1,"name":"Domovsk\u00e1 str\u00e1nka","item":"https:\/\/pmza.sk\/"},{"@type":"ListItem","position":2,"name":"Tradi\u010dn\u00e9 in\u0161pir\u00e1cie v s\u00fa\u010dasnom dizajne a finis\u00e1\u017e v\u00fdstavy Remeslo m\u00e1 modr\u00e9 dno"}]},{"@type":"WebSite","@id":"https:\/\/pmza.sk\/#website","url":"https:\/\/pmza.sk\/","name":"Pova\u017esk\u00e9 m\u00fazeum","description":"Pova\u017esk\u00e9 m\u00fazeum v \u017diline je region\u00e1lne m\u00fazeum so s\u00eddlom v Budat\u00edne. Jeho expoz\u00edcie s\u00fa zameran\u00e9 na dejiny slovensk\u00e9ho umenia, kult\u00fary a dopravy.","publisher":{"@id":"https:\/\/pmza.sk\/#organization"},"potentialAction":[{"@type":"SearchAction","target":{"@type":"EntryPoint","urlTemplate":"https:\/\/pmza.sk\/?s={search_term_string}"},"query-input":{"@type":"PropertyValueSpecification","valueRequired":true,"valueName":"search_term_string"}}],"inLanguage":"sk-SK"},{"@type":"Organization","@id":"https:\/\/pmza.sk\/#organization","name":"Pova\u017esk\u00e9 m\u00fazeum","url":"https:\/\/pmza.sk\/","logo":{"@type":"ImageObject","inLanguage":"sk-SK","@id":"https:\/\/pmza.sk\/#\/schema\/logo\/image\/","url":"https:\/\/pmza.sk\/wp-content\/uploads\/2022\/01\/logo_PM_horizontal.jpg","contentUrl":"https:\/\/pmza.sk\/wp-content\/uploads\/2022\/01\/logo_PM_horizontal.jpg","width":231,"height":142,"caption":"Pova\u017esk\u00e9 m\u00fazeum"},"image":{"@id":"https:\/\/pmza.sk\/#\/schema\/logo\/image\/"},"sameAs":["https:\/\/www.facebook.com\/povazskemuzeum","https:\/\/www.instagram.com\/povazskemuzeum\/"]},{"@type":"Person","@id":"https:\/\/pmza.sk\/#\/schema\/person\/595e6a2ce731ea94dcd5d7f50a41ae33","name":"Pova\u017esk\u00e9 m\u00fazeum","image":{"@type":"ImageObject","inLanguage":"sk-SK","@id":"https:\/\/secure.gravatar.com\/avatar\/2bb7f1561282132fb5826dfeccc66c7996d11ee392ac6aaf7ced8a1c2027fbb2?s=96&d=mm&r=g","url":"https:\/\/secure.gravatar.com\/avatar\/2bb7f1561282132fb5826dfeccc66c7996d11ee392ac6aaf7ced8a1c2027fbb2?s=96&d=mm&r=g","contentUrl":"https:\/\/secure.gravatar.com\/avatar\/2bb7f1561282132fb5826dfeccc66c7996d11ee392ac6aaf7ced8a1c2027fbb2?s=96&d=mm&r=g","caption":"Pova\u017esk\u00e9 m\u00fazeum"}}]}},"_links":{"self":[{"href":"https:\/\/pmza.sk\/index.php?rest_route=\/wp\/v2\/posts\/52784","targetHints":{"allow":["GET"]}}],"collection":[{"href":"https:\/\/pmza.sk\/index.php?rest_route=\/wp\/v2\/posts"}],"about":[{"href":"https:\/\/pmza.sk\/index.php?rest_route=\/wp\/v2\/types\/post"}],"author":[{"embeddable":true,"href":"https:\/\/pmza.sk\/index.php?rest_route=\/wp\/v2\/users\/2"}],"replies":[{"embeddable":true,"href":"https:\/\/pmza.sk\/index.php?rest_route=%2Fwp%2Fv2%2Fcomments&post=52784"}],"version-history":[{"count":0,"href":"https:\/\/pmza.sk\/index.php?rest_route=\/wp\/v2\/posts\/52784\/revisions"}],"wp:featuredmedia":[{"embeddable":true,"href":"https:\/\/pmza.sk\/index.php?rest_route=\/wp\/v2\/media\/52794"}],"wp:attachment":[{"href":"https:\/\/pmza.sk\/index.php?rest_route=%2Fwp%2Fv2%2Fmedia&parent=52784"}],"wp:term":[{"taxonomy":"category","embeddable":true,"href":"https:\/\/pmza.sk\/index.php?rest_route=%2Fwp%2Fv2%2Fcategories&post=52784"},{"taxonomy":"post_tag","embeddable":true,"href":"https:\/\/pmza.sk\/index.php?rest_route=%2Fwp%2Fv2%2Ftags&post=52784"}],"curies":[{"name":"wp","href":"https:\/\/api.w.org\/{rel}","templated":true}]}}