{"id":5279,"date":"2012-03-28T10:27:06","date_gmt":"2012-03-28T08:27:06","guid":{"rendered":"https:\/\/pmza.sk.sk\/?p=5279"},"modified":"2012-03-28T10:27:06","modified_gmt":"2012-03-28T08:27:06","slug":"hrad-strecno-po-zimnej-prestavke-opat-otvoreny","status":"publish","type":"post","link":"https:\/\/pmza.sk\/?p=5279","title":{"rendered":"Hrad Stre\u010dno po zimnej prest\u00e1vke op\u00e4\u0165 otvoren\u00fd"},"content":{"rendered":"<p><strong> <\/strong><\/p>\n<p><strong><\/strong><a href=\"https:\/\/pmza.sk\/wp-content\/uploads\/2012\/03\/na-hrade-Strecno-v-roku-2011.jpg\"><img fetchpriority=\"high\" decoding=\"async\" class=\"alignleft size-medium wp-image-5280\" style=\"margin: 4px; border: 2px solid black;\" title=\"na hrade Strecno v roku 2011\" src=\"https:\/\/pmza.sk.sk\/wp-content\/uploads\/2012\/03\/na-hrade-Strecno-v-roku-2011-300x200.jpg\" alt=\"\" width=\"300\" height=\"200\" \/><\/a>Tohoro\u010dn\u00e1 chladn\u00e1 a\u00a0mimoriadne dlh\u00e1 zima zapr\u00ed\u010dinila posun otvorenia br\u00e1n hradu Stre\u010dno a\u017e na mesiac apr\u00edl. \u201e <em>Napr\u00edklad pl\u00e1novan\u00e9 Valent\u00ednske rande vo febru\u00e1ri 2012\u00a0 sa pre nepriaznive po\u010dasie presunulo na druh\u00fd hrad Pova\u017esk\u00e9ho m\u00fazea v\u00a0\u017diline, na Budat\u00edn. \u00a0Taktie\u017e minuloro\u010dn\u00e9 marcov\u00e9 slne\u010dn\u00e9 v\u00edkendy v\u00edtali o takomto \u010dase do tis\u00edcky n\u00e1v\u0161tevn\u00edkov. M\u00fazeum robilo v\u0161etko preto, aby u\u017e prvou apr\u00edlovou nede\u013eou mohlo zodpovedne pripravi\u0165 hrad na t\u00fato sez\u00f3nu,\u201c<\/em> uviedol Boris Schubert, riadite\u013e Pova\u017esk\u00e9ho m\u00fazea v \u017diline.<!--more--><\/p>\n<p>O\u00a0tom, \u017ee sez\u00f3na 2012 na hrade Stre\u010dno bude op\u00e4tovne atrakt\u00edvna, sved\u010d\u00ed mnoho podujat\u00ed, v\u00fdstav a\u00a0jedno mimoriadne prekvapenie. Audiovizu\u00e1lna v\u00fdstava o\u00a0sov\u00e1ch za\u010d\u00edna plej\u00e1du v\u00fdstav na hrade, a\u00a0bude pr\u00edstupn\u00e1 u\u017e od polovice apr\u00edla. Sl\u00e1vnostn\u00e9 otvorenie sez\u00f3ny, prv\u00e9ho m\u00e1ja, s\u013eubuje ve\u013ea z\u00e1bavy. Hradn\u00e1 \u0161kola,\u00a0 v\u00a0s\u00fa\u010dasnosti takmer naplnen\u00e1 \u0161kolsk\u00fdmi z\u00e1jazdami, sa te\u0161\u00ed na \u0161kol\u00e1kov z\u00a0cel\u00e9ho Slovenska. Roz\u0161\u00edren\u00e1 je aj ponuka stra\u0161ideln\u00fdch prehliadok, o\u00a0ktor\u00e9 je neut\u00edchaj\u00faci z\u00e1ujem. \u201e<em>Spom\u00ednan\u00e9 prekvapenie bude od m\u00e1ja s\u00fa\u010das\u0165ou zrevitalizovanej expoz\u00edcie venovanej \u017dofii Bosniakovej, o\u00a0ktorom budeme verejnos\u0165 v\u010das informova\u0165. \u010eal\u0161ou novinkou sez\u00f3ny\u00a0 bude jedna atrakcia v\u00a0r\u00e1mci Noci m\u00faze\u00ed a\u00a0gal\u00e9rii. Okrem no\u010dn\u00e9ho otvorenia hradu, bud\u00fa ma\u0165 mo\u017enos\u0165 n\u00e1v\u0161tevn\u00edci vyu\u017ei\u0165 netradi\u010dn\u00fd sp\u00f4sob dopravy na hrad. Historick\u00fd voze\u0148 Hurv\u00ednek v\u00a0cie\u013eovej\u00a0 \u017eelezni\u010dnej stanici Stre\u010dno \u010dak\u00e1 prepad vojensk\u00fdmi jednotkami z\u00a0\u010dias druhej svetovej vojny<\/em>,\u201c dodal na z\u00e1ver Boris Schubert.<\/p>\n<p>Hrad Stre\u010dno otv\u00e1ra svoje br\u00e1ny od 1. apr\u00edla 2012, pondelky a\u017e\u00a0nedele, v\u00a0\u010dase od 9,00 hod do 18,00 hod. Pova\u017esk\u00e9 m\u00fazeum v\u00a0\u017diline, kv\u00f4li spokojnosti n\u00e1v\u0161tevn\u00edkov a plynulosti prehliadok doporu\u010duje organizovan\u00fdm skupin\u00e1m a\u00a0z\u00e1jazdom vopred sa objedna\u0165 na\u00a0 adrese m\u00fazea.<\/p>\n","protected":false},"excerpt":{"rendered":"<p>Tohoro\u010dn\u00e1 chladn\u00e1 a\u00a0mimoriadne dlh\u00e1 zima zapr\u00ed\u010dinila posun otvorenia br\u00e1n hradu Stre\u010dno a\u017e na mesiac apr\u00edl. \u201e Napr\u00edklad pl\u00e1novan\u00e9 Valent\u00ednske rande vo febru\u00e1ri 2012\u00a0 sa pre nepriaznive po\u010dasie presunulo na druh\u00fd hrad Pova\u017esk\u00e9ho m\u00fazea v\u00a0\u017diline, na Budat\u00edn. \u00a0Taktie\u017e minuloro\u010dn\u00e9 marcov\u00e9 slne\u010dn\u00e9 v\u00edkendy v\u00edtali o takomto \u010dase do tis\u00edcky n\u00e1v\u0161tevn\u00edkov. M\u00fazeum robilo v\u0161etko preto, aby u\u017e prvou [&hellip;]<\/p>\n","protected":false},"author":2,"featured_media":0,"comment_status":"closed","ping_status":"closed","sticky":false,"template":"","format":"standard","meta":{"site-sidebar-layout":"default","site-content-layout":"","ast-site-content-layout":"","site-content-style":"default","site-sidebar-style":"default","ast-global-header-display":"","ast-banner-title-visibility":"","ast-main-header-display":"","ast-hfb-above-header-display":"","ast-hfb-below-header-display":"","ast-hfb-mobile-header-display":"","site-post-title":"","ast-breadcrumbs-content":"","ast-featured-img":"","footer-sml-layout":"","theme-transparent-header-meta":"","adv-header-id-meta":"","stick-header-meta":"","header-above-stick-meta":"","header-main-stick-meta":"","header-below-stick-meta":"","astra-migrate-meta-layouts":"default","ast-page-background-enabled":"default","ast-page-background-meta":{"desktop":{"background-color":"var(--ast-global-color-4)","background-image":"","background-repeat":"repeat","background-position":"center center","background-size":"auto","background-attachment":"scroll","background-type":"","background-media":"","overlay-type":"","overlay-color":"","overlay-opacity":"","overlay-gradient":""},"tablet":{"background-color":"","background-image":"","background-repeat":"repeat","background-position":"center center","background-size":"auto","background-attachment":"scroll","background-type":"","background-media":"","overlay-type":"","overlay-color":"","overlay-opacity":"","overlay-gradient":""},"mobile":{"background-color":"","background-image":"","background-repeat":"repeat","background-position":"center center","background-size":"auto","background-attachment":"scroll","background-type":"","background-media":"","overlay-type":"","overlay-color":"","overlay-opacity":"","overlay-gradient":""}},"ast-content-background-meta":{"desktop":{"background-color":"var(--ast-global-color-5)","background-image":"","background-repeat":"repeat","background-position":"center center","background-size":"auto","background-attachment":"scroll","background-type":"","background-media":"","overlay-type":"","overlay-color":"","overlay-opacity":"","overlay-gradient":""},"tablet":{"background-color":"var(--ast-global-color-5)","background-image":"","background-repeat":"repeat","background-position":"center center","background-size":"auto","background-attachment":"scroll","background-type":"","background-media":"","overlay-type":"","overlay-color":"","overlay-opacity":"","overlay-gradient":""},"mobile":{"background-color":"var(--ast-global-color-5)","background-image":"","background-repeat":"repeat","background-position":"center center","background-size":"auto","background-attachment":"scroll","background-type":"","background-media":"","overlay-type":"","overlay-color":"","overlay-opacity":"","overlay-gradient":""}},"footnotes":""},"categories":[32],"tags":[],"class_list":["post-5279","post","type-post","status-publish","format-standard","hentry","category-archiv-2012"],"yoast_head":"<!-- This site is optimized with the Yoast SEO plugin v27.4 - https:\/\/yoast.com\/product\/yoast-seo-wordpress\/ -->\n<title>Hrad Stre\u010dno po zimnej prest\u00e1vke op\u00e4\u0165 otvoren\u00fd - Pova\u017esk\u00e9 m\u00fazeum<\/title>\n<meta name=\"robots\" content=\"index, follow, max-snippet:-1, max-image-preview:large, max-video-preview:-1\" \/>\n<link rel=\"canonical\" href=\"https:\/\/pmza.sk\/?p=5279\" \/>\n<meta property=\"og:locale\" content=\"sk_SK\" \/>\n<meta property=\"og:type\" content=\"article\" \/>\n<meta property=\"og:title\" content=\"Hrad Stre\u010dno po zimnej prest\u00e1vke op\u00e4\u0165 otvoren\u00fd - Pova\u017esk\u00e9 m\u00fazeum\" \/>\n<meta property=\"og:description\" content=\"Tohoro\u010dn\u00e1 chladn\u00e1 a\u00a0mimoriadne dlh\u00e1 zima zapr\u00ed\u010dinila posun otvorenia br\u00e1n hradu Stre\u010dno a\u017e na mesiac apr\u00edl. \u201e Napr\u00edklad pl\u00e1novan\u00e9 Valent\u00ednske rande vo febru\u00e1ri 2012\u00a0 sa pre nepriaznive po\u010dasie presunulo na druh\u00fd hrad Pova\u017esk\u00e9ho m\u00fazea v\u00a0\u017diline, na Budat\u00edn. \u00a0Taktie\u017e minuloro\u010dn\u00e9 marcov\u00e9 slne\u010dn\u00e9 v\u00edkendy v\u00edtali o takomto \u010dase do tis\u00edcky n\u00e1v\u0161tevn\u00edkov. M\u00fazeum robilo v\u0161etko preto, aby u\u017e prvou [&hellip;]\" \/>\n<meta property=\"og:url\" content=\"https:\/\/pmza.sk\/?p=5279\" \/>\n<meta property=\"og:site_name\" content=\"Pova\u017esk\u00e9 m\u00fazeum\" \/>\n<meta property=\"article:publisher\" content=\"https:\/\/www.facebook.com\/povazskemuzeum\" \/>\n<meta property=\"article:published_time\" content=\"2012-03-28T08:27:06+00:00\" \/>\n<meta property=\"og:image\" content=\"https:\/\/pmza.sk.sk\/wp-content\/uploads\/2012\/03\/na-hrade-Strecno-v-roku-2011-300x200.jpg\" \/>\n<meta name=\"author\" content=\"Pova\u017esk\u00e9 m\u00fazeum\" \/>\n<meta name=\"twitter:card\" content=\"summary_large_image\" \/>\n<meta name=\"twitter:label1\" content=\"Autor\" \/>\n\t<meta name=\"twitter:data1\" content=\"Pova\u017esk\u00e9 m\u00fazeum\" \/>\n\t<meta name=\"twitter:label2\" content=\"Predpokladan\u00fd \u010das \u010d\u00edtania\" \/>\n\t<meta name=\"twitter:data2\" content=\"2 min\u00faty\" \/>\n<script type=\"application\/ld+json\" class=\"yoast-schema-graph\">{\"@context\":\"https:\\\/\\\/schema.org\",\"@graph\":[{\"@type\":\"Article\",\"@id\":\"https:\\\/\\\/pmza.sk\\\/?p=5279#article\",\"isPartOf\":{\"@id\":\"https:\\\/\\\/pmza.sk\\\/?p=5279\"},\"author\":{\"name\":\"Pova\u017esk\u00e9 m\u00fazeum\",\"@id\":\"https:\\\/\\\/pmza.sk\\\/#\\\/schema\\\/person\\\/595e6a2ce731ea94dcd5d7f50a41ae33\"},\"headline\":\"Hrad Stre\u010dno po zimnej prest\u00e1vke op\u00e4\u0165 otvoren\u00fd\",\"datePublished\":\"2012-03-28T08:27:06+00:00\",\"mainEntityOfPage\":{\"@id\":\"https:\\\/\\\/pmza.sk\\\/?p=5279\"},\"wordCount\":354,\"publisher\":{\"@id\":\"https:\\\/\\\/pmza.sk\\\/#organization\"},\"image\":{\"@id\":\"https:\\\/\\\/pmza.sk\\\/?p=5279#primaryimage\"},\"thumbnailUrl\":\"http:\\\/\\\/pmza.sk.sk\\\/wp-content\\\/uploads\\\/2012\\\/03\\\/na-hrade-Strecno-v-roku-2011-300x200.jpg\",\"articleSection\":[\"Arch\u00edv 2012\"],\"inLanguage\":\"sk-SK\"},{\"@type\":\"WebPage\",\"@id\":\"https:\\\/\\\/pmza.sk\\\/?p=5279\",\"url\":\"https:\\\/\\\/pmza.sk\\\/?p=5279\",\"name\":\"Hrad Stre\u010dno po zimnej prest\u00e1vke op\u00e4\u0165 otvoren\u00fd - Pova\u017esk\u00e9 m\u00fazeum\",\"isPartOf\":{\"@id\":\"https:\\\/\\\/pmza.sk\\\/#website\"},\"primaryImageOfPage\":{\"@id\":\"https:\\\/\\\/pmza.sk\\\/?p=5279#primaryimage\"},\"image\":{\"@id\":\"https:\\\/\\\/pmza.sk\\\/?p=5279#primaryimage\"},\"thumbnailUrl\":\"http:\\\/\\\/pmza.sk.sk\\\/wp-content\\\/uploads\\\/2012\\\/03\\\/na-hrade-Strecno-v-roku-2011-300x200.jpg\",\"datePublished\":\"2012-03-28T08:27:06+00:00\",\"breadcrumb\":{\"@id\":\"https:\\\/\\\/pmza.sk\\\/?p=5279#breadcrumb\"},\"inLanguage\":\"sk-SK\",\"potentialAction\":[{\"@type\":\"ReadAction\",\"target\":[\"https:\\\/\\\/pmza.sk\\\/?p=5279\"]}]},{\"@type\":\"ImageObject\",\"inLanguage\":\"sk-SK\",\"@id\":\"https:\\\/\\\/pmza.sk\\\/?p=5279#primaryimage\",\"url\":\"http:\\\/\\\/pmza.sk.sk\\\/wp-content\\\/uploads\\\/2012\\\/03\\\/na-hrade-Strecno-v-roku-2011-300x200.jpg\",\"contentUrl\":\"http:\\\/\\\/pmza.sk.sk\\\/wp-content\\\/uploads\\\/2012\\\/03\\\/na-hrade-Strecno-v-roku-2011-300x200.jpg\"},{\"@type\":\"BreadcrumbList\",\"@id\":\"https:\\\/\\\/pmza.sk\\\/?p=5279#breadcrumb\",\"itemListElement\":[{\"@type\":\"ListItem\",\"position\":1,\"name\":\"Domovsk\u00e1 str\u00e1nka\",\"item\":\"https:\\\/\\\/pmza.sk\\\/\"},{\"@type\":\"ListItem\",\"position\":2,\"name\":\"Hrad Stre\u010dno po zimnej prest\u00e1vke op\u00e4\u0165 otvoren\u00fd\"}]},{\"@type\":\"WebSite\",\"@id\":\"https:\\\/\\\/pmza.sk\\\/#website\",\"url\":\"https:\\\/\\\/pmza.sk\\\/\",\"name\":\"Pova\u017esk\u00e9 m\u00fazeum\",\"description\":\"Pova\u017esk\u00e9 m\u00fazeum v \u017diline je region\u00e1lne m\u00fazeum so s\u00eddlom v Budat\u00edne. Jeho expoz\u00edcie s\u00fa zameran\u00e9 na dejiny slovensk\u00e9ho umenia, kult\u00fary a dopravy.\",\"publisher\":{\"@id\":\"https:\\\/\\\/pmza.sk\\\/#organization\"},\"potentialAction\":[{\"@type\":\"SearchAction\",\"target\":{\"@type\":\"EntryPoint\",\"urlTemplate\":\"https:\\\/\\\/pmza.sk\\\/?s={search_term_string}\"},\"query-input\":{\"@type\":\"PropertyValueSpecification\",\"valueRequired\":true,\"valueName\":\"search_term_string\"}}],\"inLanguage\":\"sk-SK\"},{\"@type\":\"Organization\",\"@id\":\"https:\\\/\\\/pmza.sk\\\/#organization\",\"name\":\"Pova\u017esk\u00e9 m\u00fazeum\",\"url\":\"https:\\\/\\\/pmza.sk\\\/\",\"logo\":{\"@type\":\"ImageObject\",\"inLanguage\":\"sk-SK\",\"@id\":\"https:\\\/\\\/pmza.sk\\\/#\\\/schema\\\/logo\\\/image\\\/\",\"url\":\"https:\\\/\\\/pmza.sk\\\/wp-content\\\/uploads\\\/2022\\\/01\\\/logo_PM_horizontal.jpg\",\"contentUrl\":\"https:\\\/\\\/pmza.sk\\\/wp-content\\\/uploads\\\/2022\\\/01\\\/logo_PM_horizontal.jpg\",\"width\":231,\"height\":142,\"caption\":\"Pova\u017esk\u00e9 m\u00fazeum\"},\"image\":{\"@id\":\"https:\\\/\\\/pmza.sk\\\/#\\\/schema\\\/logo\\\/image\\\/\"},\"sameAs\":[\"https:\\\/\\\/www.facebook.com\\\/povazskemuzeum\",\"https:\\\/\\\/www.instagram.com\\\/povazskemuzeum\\\/\"]},{\"@type\":\"Person\",\"@id\":\"https:\\\/\\\/pmza.sk\\\/#\\\/schema\\\/person\\\/595e6a2ce731ea94dcd5d7f50a41ae33\",\"name\":\"Pova\u017esk\u00e9 m\u00fazeum\",\"image\":{\"@type\":\"ImageObject\",\"inLanguage\":\"sk-SK\",\"@id\":\"https:\\\/\\\/secure.gravatar.com\\\/avatar\\\/2bb7f1561282132fb5826dfeccc66c7996d11ee392ac6aaf7ced8a1c2027fbb2?s=96&d=mm&r=g\",\"url\":\"https:\\\/\\\/secure.gravatar.com\\\/avatar\\\/2bb7f1561282132fb5826dfeccc66c7996d11ee392ac6aaf7ced8a1c2027fbb2?s=96&d=mm&r=g\",\"contentUrl\":\"https:\\\/\\\/secure.gravatar.com\\\/avatar\\\/2bb7f1561282132fb5826dfeccc66c7996d11ee392ac6aaf7ced8a1c2027fbb2?s=96&d=mm&r=g\",\"caption\":\"Pova\u017esk\u00e9 m\u00fazeum\"}}]}<\/script>\n<!-- \/ Yoast SEO plugin. -->","yoast_head_json":{"title":"Hrad Stre\u010dno po zimnej prest\u00e1vke op\u00e4\u0165 otvoren\u00fd - Pova\u017esk\u00e9 m\u00fazeum","robots":{"index":"index","follow":"follow","max-snippet":"max-snippet:-1","max-image-preview":"max-image-preview:large","max-video-preview":"max-video-preview:-1"},"canonical":"https:\/\/pmza.sk\/?p=5279","og_locale":"sk_SK","og_type":"article","og_title":"Hrad Stre\u010dno po zimnej prest\u00e1vke op\u00e4\u0165 otvoren\u00fd - Pova\u017esk\u00e9 m\u00fazeum","og_description":"Tohoro\u010dn\u00e1 chladn\u00e1 a\u00a0mimoriadne dlh\u00e1 zima zapr\u00ed\u010dinila posun otvorenia br\u00e1n hradu Stre\u010dno a\u017e na mesiac apr\u00edl. \u201e Napr\u00edklad pl\u00e1novan\u00e9 Valent\u00ednske rande vo febru\u00e1ri 2012\u00a0 sa pre nepriaznive po\u010dasie presunulo na druh\u00fd hrad Pova\u017esk\u00e9ho m\u00fazea v\u00a0\u017diline, na Budat\u00edn. \u00a0Taktie\u017e minuloro\u010dn\u00e9 marcov\u00e9 slne\u010dn\u00e9 v\u00edkendy v\u00edtali o takomto \u010dase do tis\u00edcky n\u00e1v\u0161tevn\u00edkov. M\u00fazeum robilo v\u0161etko preto, aby u\u017e prvou [&hellip;]","og_url":"https:\/\/pmza.sk\/?p=5279","og_site_name":"Pova\u017esk\u00e9 m\u00fazeum","article_publisher":"https:\/\/www.facebook.com\/povazskemuzeum","article_published_time":"2012-03-28T08:27:06+00:00","og_image":[{"url":"https:\/\/pmza.sk.sk\/wp-content\/uploads\/2012\/03\/na-hrade-Strecno-v-roku-2011-300x200.jpg","type":"","width":"","height":""}],"author":"Pova\u017esk\u00e9 m\u00fazeum","twitter_card":"summary_large_image","twitter_misc":{"Autor":"Pova\u017esk\u00e9 m\u00fazeum","Predpokladan\u00fd \u010das \u010d\u00edtania":"2 min\u00faty"},"schema":{"@context":"https:\/\/schema.org","@graph":[{"@type":"Article","@id":"https:\/\/pmza.sk\/?p=5279#article","isPartOf":{"@id":"https:\/\/pmza.sk\/?p=5279"},"author":{"name":"Pova\u017esk\u00e9 m\u00fazeum","@id":"https:\/\/pmza.sk\/#\/schema\/person\/595e6a2ce731ea94dcd5d7f50a41ae33"},"headline":"Hrad Stre\u010dno po zimnej prest\u00e1vke op\u00e4\u0165 otvoren\u00fd","datePublished":"2012-03-28T08:27:06+00:00","mainEntityOfPage":{"@id":"https:\/\/pmza.sk\/?p=5279"},"wordCount":354,"publisher":{"@id":"https:\/\/pmza.sk\/#organization"},"image":{"@id":"https:\/\/pmza.sk\/?p=5279#primaryimage"},"thumbnailUrl":"https:\/\/pmza.sk.sk\/wp-content\/uploads\/2012\/03\/na-hrade-Strecno-v-roku-2011-300x200.jpg","articleSection":["Arch\u00edv 2012"],"inLanguage":"sk-SK"},{"@type":"WebPage","@id":"https:\/\/pmza.sk\/?p=5279","url":"https:\/\/pmza.sk\/?p=5279","name":"Hrad Stre\u010dno po zimnej prest\u00e1vke op\u00e4\u0165 otvoren\u00fd - Pova\u017esk\u00e9 m\u00fazeum","isPartOf":{"@id":"https:\/\/pmza.sk\/#website"},"primaryImageOfPage":{"@id":"https:\/\/pmza.sk\/?p=5279#primaryimage"},"image":{"@id":"https:\/\/pmza.sk\/?p=5279#primaryimage"},"thumbnailUrl":"https:\/\/pmza.sk.sk\/wp-content\/uploads\/2012\/03\/na-hrade-Strecno-v-roku-2011-300x200.jpg","datePublished":"2012-03-28T08:27:06+00:00","breadcrumb":{"@id":"https:\/\/pmza.sk\/?p=5279#breadcrumb"},"inLanguage":"sk-SK","potentialAction":[{"@type":"ReadAction","target":["https:\/\/pmza.sk\/?p=5279"]}]},{"@type":"ImageObject","inLanguage":"sk-SK","@id":"https:\/\/pmza.sk\/?p=5279#primaryimage","url":"https:\/\/pmza.sk.sk\/wp-content\/uploads\/2012\/03\/na-hrade-Strecno-v-roku-2011-300x200.jpg","contentUrl":"https:\/\/pmza.sk.sk\/wp-content\/uploads\/2012\/03\/na-hrade-Strecno-v-roku-2011-300x200.jpg"},{"@type":"BreadcrumbList","@id":"https:\/\/pmza.sk\/?p=5279#breadcrumb","itemListElement":[{"@type":"ListItem","position":1,"name":"Domovsk\u00e1 str\u00e1nka","item":"https:\/\/pmza.sk\/"},{"@type":"ListItem","position":2,"name":"Hrad Stre\u010dno po zimnej prest\u00e1vke op\u00e4\u0165 otvoren\u00fd"}]},{"@type":"WebSite","@id":"https:\/\/pmza.sk\/#website","url":"https:\/\/pmza.sk\/","name":"Pova\u017esk\u00e9 m\u00fazeum","description":"Pova\u017esk\u00e9 m\u00fazeum v \u017diline je region\u00e1lne m\u00fazeum so s\u00eddlom v Budat\u00edne. Jeho expoz\u00edcie s\u00fa zameran\u00e9 na dejiny slovensk\u00e9ho umenia, kult\u00fary a dopravy.","publisher":{"@id":"https:\/\/pmza.sk\/#organization"},"potentialAction":[{"@type":"SearchAction","target":{"@type":"EntryPoint","urlTemplate":"https:\/\/pmza.sk\/?s={search_term_string}"},"query-input":{"@type":"PropertyValueSpecification","valueRequired":true,"valueName":"search_term_string"}}],"inLanguage":"sk-SK"},{"@type":"Organization","@id":"https:\/\/pmza.sk\/#organization","name":"Pova\u017esk\u00e9 m\u00fazeum","url":"https:\/\/pmza.sk\/","logo":{"@type":"ImageObject","inLanguage":"sk-SK","@id":"https:\/\/pmza.sk\/#\/schema\/logo\/image\/","url":"https:\/\/pmza.sk\/wp-content\/uploads\/2022\/01\/logo_PM_horizontal.jpg","contentUrl":"https:\/\/pmza.sk\/wp-content\/uploads\/2022\/01\/logo_PM_horizontal.jpg","width":231,"height":142,"caption":"Pova\u017esk\u00e9 m\u00fazeum"},"image":{"@id":"https:\/\/pmza.sk\/#\/schema\/logo\/image\/"},"sameAs":["https:\/\/www.facebook.com\/povazskemuzeum","https:\/\/www.instagram.com\/povazskemuzeum\/"]},{"@type":"Person","@id":"https:\/\/pmza.sk\/#\/schema\/person\/595e6a2ce731ea94dcd5d7f50a41ae33","name":"Pova\u017esk\u00e9 m\u00fazeum","image":{"@type":"ImageObject","inLanguage":"sk-SK","@id":"https:\/\/secure.gravatar.com\/avatar\/2bb7f1561282132fb5826dfeccc66c7996d11ee392ac6aaf7ced8a1c2027fbb2?s=96&d=mm&r=g","url":"https:\/\/secure.gravatar.com\/avatar\/2bb7f1561282132fb5826dfeccc66c7996d11ee392ac6aaf7ced8a1c2027fbb2?s=96&d=mm&r=g","contentUrl":"https:\/\/secure.gravatar.com\/avatar\/2bb7f1561282132fb5826dfeccc66c7996d11ee392ac6aaf7ced8a1c2027fbb2?s=96&d=mm&r=g","caption":"Pova\u017esk\u00e9 m\u00fazeum"}}]}},"_links":{"self":[{"href":"https:\/\/pmza.sk\/index.php?rest_route=\/wp\/v2\/posts\/5279","targetHints":{"allow":["GET"]}}],"collection":[{"href":"https:\/\/pmza.sk\/index.php?rest_route=\/wp\/v2\/posts"}],"about":[{"href":"https:\/\/pmza.sk\/index.php?rest_route=\/wp\/v2\/types\/post"}],"author":[{"embeddable":true,"href":"https:\/\/pmza.sk\/index.php?rest_route=\/wp\/v2\/users\/2"}],"replies":[{"embeddable":true,"href":"https:\/\/pmza.sk\/index.php?rest_route=%2Fwp%2Fv2%2Fcomments&post=5279"}],"version-history":[{"count":0,"href":"https:\/\/pmza.sk\/index.php?rest_route=\/wp\/v2\/posts\/5279\/revisions"}],"wp:attachment":[{"href":"https:\/\/pmza.sk\/index.php?rest_route=%2Fwp%2Fv2%2Fmedia&parent=5279"}],"wp:term":[{"taxonomy":"category","embeddable":true,"href":"https:\/\/pmza.sk\/index.php?rest_route=%2Fwp%2Fv2%2Fcategories&post=5279"},{"taxonomy":"post_tag","embeddable":true,"href":"https:\/\/pmza.sk\/index.php?rest_route=%2Fwp%2Fv2%2Ftags&post=5279"}],"curies":[{"name":"wp","href":"https:\/\/api.w.org\/{rel}","templated":true}]}}