{"id":52807,"date":"2022-09-22T14:30:40","date_gmt":"2022-09-22T12:30:40","guid":{"rendered":"https:\/\/pmza.sk\/?p=52807"},"modified":"2025-05-15T07:09:13","modified_gmt":"2025-05-15T05:09:13","slug":"zamestnankyne-povazskeho-muzea-ziskalioceneniezsk","status":"publish","type":"post","link":"https:\/\/pmza.sk\/?p=52807","title":{"rendered":"Zamestnankyne Pova\u017esk\u00e9ho m\u00fazea z\u00edskali ocenenie \u017dSK"},"content":{"rendered":"<p>V\u00a0Slovenskom komornom divadle v\u00a0Martine sa v\u00a0utorok 20. septembra 2022 uskuto\u010dnilo sl\u00e1vnostn\u00e9 oce\u0148ovanie zamestnancov kult\u00farnych zariaden\u00ed, v\u00a0zria\u010fovate\u013eskej p\u00f4sobnosti \u017dilinsk\u00e9ho samospr\u00e1vneho kraja. Ocenenie si z\u00a0r\u00fak predsedn\u00ed\u010dky \u017dSK Eriky Jurinovej prevzalo 49 osobnost\u00ed, ktor\u00fdch profesijn\u00fd \u017eivot je s\u00a0kult\u00farou sp\u00e4t\u00fd viac ako 30 rokov.<\/p>\n<p>\u017dilinsk\u00fd samospr\u00e1vny kraj ocenil pracovn\u00edkov kult\u00fary prv\u00fd kr\u00e1t v\u00a0roku 2019, n\u00e1sledne vplyvom pandemick\u00fdch opatren\u00ed sa oce\u0148ovanie neuskuto\u010dnilo. Po dvojro\u010dnej pauze sa\u00a0 v\u00a0N\u00e1rodnom dome v\u00a0Martine op\u00e4\u0165 stretli zamestnanci kult\u00farnych in\u0161tit\u00faci\u00ed \u017dilinsk\u00e9ho kraja. \u017dupa ocenila 49 osobnost\u00ed, ktor\u00e9 pracuj\u00fa v\u00a0kult\u00farnych organiz\u00e1ci\u00e1ch \u017dilinsk\u00e9ho samospr\u00e1vneho kraja 30 a\u00a0viac rokov.<\/p>\n<p>Z\u00a0Pova\u017esk\u00e9ho m\u00fazea boli ocenen\u00e9 tri zamestnankyne: dokumentaristka\/kust\u00f3dka Em\u00edlia Andelov\u00e1 Cig\u00e1nikov\u00e1, dokumentaristka Margita Lehotsk\u00e1 a\u00a0personalistka Erika Be\u0148ov\u00e1. Ocenenie za dlhoro\u010dn\u00fd pr\u00ednos k\u00a0rozvoju kult\u00farnej in\u0161tit\u00facie si v\u0161etky ve\u013emi v\u00e1\u017eia a\u00a0je pre nich povzbuden\u00edm do \u010fal\u0161ej pr\u00e1ce. Em\u00edlia Andelov\u00e1 Cig\u00e1nikov\u00e1, ktor\u00e1 v\u00a0m\u00fazeu pracuje 37 rokov, sa vyjadrila: <em>\u201eZa ocenenie ve\u013emi \u010fakujem, bolo pre m\u0148a podnetom spomen\u00fa\u0165 si na moje p\u00f4sobenie v\u00a0m\u00fazeu, na dosiahnut\u00e9 \u00faspechy i\u00a0ne\u00faspechy a celkov\u00fd rozvoj in\u0161tit\u00facie.\u201c<\/em><\/p>\n<p><em>\u201eAk si niekto skuto\u010dne zasl\u00fa\u017ei\u00a0 \u00factu, tak s\u00fa to pr\u00e1ve tak\u00edto \u013eudia. V na\u0161ej in\u0161tit\u00facii s\u00fa nesmierne d\u00f4le\u017eit\u00e9 aj verejnosti skryt\u00e9 poz\u00edcie, ako personalistka a dokumentaristky, preto\u017ee bez nich by m\u00fazeum nefungovalo tak, ako m\u00e1 fungova\u0165. Som ve\u013emi r\u00e1d, \u017ee \u017dilinsk\u00fd samospr\u00e1vny kraj si na\u0161e zamestnankyne uctil a ja im vyjadrujem v\u010faku za ich odveden\u00fa pr\u00e1cu,\u201c <\/em>uzavrel riadite\u013e Pova\u017esk\u00e9ho m\u00fazea Michal Jureck\u00fd.<\/p>\n<figure id=\"attachment_52809\" aria-describedby=\"caption-attachment-52809\" style=\"width: 541px\" class=\"wp-caption alignnone\"><img fetchpriority=\"high\" decoding=\"async\" class=\"wp-image-52809 size-medium\" src=\"https:\/\/pmza.sk\/wp-content\/uploads\/2022\/09\/ocenovanie-spolocna-541x360.jpg\" alt=\"Spolo\u010dn\u00e1 fotografia zo sl\u00e1vnostn\u00e9ho oce\u0148ovania. Foto: Franti\u0161ek Dokoupil\" width=\"541\" height=\"360\" srcset=\"https:\/\/pmza.sk\/wp-content\/uploads\/2022\/09\/ocenovanie-spolocna-541x360.jpg 541w, https:\/\/pmza.sk\/wp-content\/uploads\/2022\/09\/ocenovanie-spolocna-1105x736.jpg 1105w, https:\/\/pmza.sk\/wp-content\/uploads\/2022\/09\/ocenovanie-spolocna-768x512.jpg 768w, https:\/\/pmza.sk\/wp-content\/uploads\/2022\/09\/ocenovanie-spolocna-1536x1023.jpg 1536w, https:\/\/pmza.sk\/wp-content\/uploads\/2022\/09\/ocenovanie-spolocna-600x400.jpg 600w, https:\/\/pmza.sk\/wp-content\/uploads\/2022\/09\/ocenovanie-spolocna.jpg 2048w\" sizes=\"(max-width: 541px) 100vw, 541px\" \/><figcaption id=\"caption-attachment-52809\" class=\"wp-caption-text\">Spolo\u010dn\u00e1 fotografia zo sl\u00e1vnostn\u00e9ho oce\u0148ovania. Foto: Franti\u0161ek Dokoupil<\/figcaption><\/figure>\n<figure id=\"attachment_52810\" aria-describedby=\"caption-attachment-52810\" style=\"width: 540px\" class=\"wp-caption alignnone\"><img decoding=\"async\" class=\"wp-image-52810 size-medium\" src=\"https:\/\/pmza.sk\/wp-content\/uploads\/2022\/09\/Gitka-540x360.jpg\" alt=\"Margita Lehotsk\u00e1 prij\u00edma ocenenie od predsedn\u00ed\u010dky \u017dSK Eriky Jurinovej. Foto: Franti\u0161ek Dokoupil \" width=\"540\" height=\"360\" srcset=\"https:\/\/pmza.sk\/wp-content\/uploads\/2022\/09\/Gitka-540x360.jpg 540w, https:\/\/pmza.sk\/wp-content\/uploads\/2022\/09\/Gitka-1104x736.jpg 1104w, https:\/\/pmza.sk\/wp-content\/uploads\/2022\/09\/Gitka-768x512.jpg 768w, https:\/\/pmza.sk\/wp-content\/uploads\/2022\/09\/Gitka-1536x1024.jpg 1536w, https:\/\/pmza.sk\/wp-content\/uploads\/2022\/09\/Gitka-600x400.jpg 600w, https:\/\/pmza.sk\/wp-content\/uploads\/2022\/09\/Gitka.jpg 2048w\" sizes=\"(max-width: 540px) 100vw, 540px\" \/><figcaption id=\"caption-attachment-52810\" class=\"wp-caption-text\">Margita Lehotsk\u00e1 prij\u00edma ocenenie od predsedn\u00ed\u010dky \u017dSK Eriky Jurinovej. Foto: Franti\u0161ek Dokoupil<\/figcaption><\/figure>\n<figure id=\"attachment_52811\" aria-describedby=\"caption-attachment-52811\" style=\"width: 540px\" class=\"wp-caption alignnone\"><img decoding=\"async\" class=\"wp-image-52811 size-medium\" src=\"https:\/\/pmza.sk\/wp-content\/uploads\/2022\/09\/Erika-540x360.jpg\" alt=\"Erika Be\u0148ov\u00e1 prij\u00edma ocenenie od predsedn\u00ed\u010dky \u017dSK Eriky Jurinovej. Foto: Franti\u0161ek Dokoupil\" width=\"540\" height=\"360\" srcset=\"https:\/\/pmza.sk\/wp-content\/uploads\/2022\/09\/Erika-540x360.jpg 540w, https:\/\/pmza.sk\/wp-content\/uploads\/2022\/09\/Erika-1103x736.jpg 1103w, https:\/\/pmza.sk\/wp-content\/uploads\/2022\/09\/Erika-768x512.jpg 768w, https:\/\/pmza.sk\/wp-content\/uploads\/2022\/09\/Erika-1536x1025.jpg 1536w, https:\/\/pmza.sk\/wp-content\/uploads\/2022\/09\/Erika-600x400.jpg 600w, https:\/\/pmza.sk\/wp-content\/uploads\/2022\/09\/Erika.jpg 2048w\" sizes=\"(max-width: 540px) 100vw, 540px\" \/><figcaption id=\"caption-attachment-52811\" class=\"wp-caption-text\">Erika Be\u0148ov\u00e1 prij\u00edma ocenenie od predsedn\u00ed\u010dky \u017dSK Eriky Jurinovej. Foto: Franti\u0161ek Dokoupil<\/figcaption><\/figure>\n<figure id=\"attachment_52812\" aria-describedby=\"caption-attachment-52812\" style=\"width: 540px\" class=\"wp-caption alignnone\"><img loading=\"lazy\" decoding=\"async\" class=\"wp-image-52812 size-medium\" src=\"https:\/\/pmza.sk\/wp-content\/uploads\/2022\/09\/Milka-Michal-540x360.jpg\" alt=\"Riadite\u013e Pova\u017esk\u00e9ho m\u00fazea Michal Jureck\u00fd prij\u00edma ocenenie v mene Em\u00edlie Andelovej Cig\u00e1nikovej. \" width=\"540\" height=\"360\" srcset=\"https:\/\/pmza.sk\/wp-content\/uploads\/2022\/09\/Milka-Michal-540x360.jpg 540w, https:\/\/pmza.sk\/wp-content\/uploads\/2022\/09\/Milka-Michal-1103x736.jpg 1103w, https:\/\/pmza.sk\/wp-content\/uploads\/2022\/09\/Milka-Michal-768x512.jpg 768w, https:\/\/pmza.sk\/wp-content\/uploads\/2022\/09\/Milka-Michal-1536x1025.jpg 1536w, https:\/\/pmza.sk\/wp-content\/uploads\/2022\/09\/Milka-Michal-600x400.jpg 600w, https:\/\/pmza.sk\/wp-content\/uploads\/2022\/09\/Milka-Michal.jpg 2048w\" sizes=\"(max-width: 540px) 100vw, 540px\" \/><figcaption id=\"caption-attachment-52812\" class=\"wp-caption-text\">Riadite\u013e Pova\u017esk\u00e9ho m\u00fazea Michal Jureck\u00fd prij\u00edma ocenenie v mene Em\u00edlie Andelovej Cig\u00e1nikovej.<\/figcaption><\/figure>\n<p>&nbsp;<\/p>\n","protected":false},"excerpt":{"rendered":"<p>V\u00a0Slovenskom komornom divadle v\u00a0Martine sa v\u00a0utorok 20. septembra 2022 uskuto\u010dnilo sl\u00e1vnostn\u00e9 oce\u0148ovanie zamestnancov kult\u00farnych zariaden\u00ed, v\u00a0zria\u010fovate\u013eskej p\u00f4sobnosti \u017dilinsk\u00e9ho samospr\u00e1vneho kraja. Ocenenie si z\u00a0r\u00fak predsedn\u00ed\u010dky \u017dSK Eriky Jurinovej prevzalo 49 osobnost\u00ed, ktor\u00fdch profesijn\u00fd \u017eivot je s\u00a0kult\u00farou sp\u00e4t\u00fd viac ako 30 rokov. \u017dilinsk\u00fd samospr\u00e1vny kraj ocenil pracovn\u00edkov kult\u00fary prv\u00fd kr\u00e1t v\u00a0roku 2019, n\u00e1sledne vplyvom pandemick\u00fdch opatren\u00ed sa [&hellip;]<\/p>\n","protected":false},"author":2,"featured_media":52808,"comment_status":"closed","ping_status":"closed","sticky":false,"template":"","format":"standard","meta":{"site-sidebar-layout":"default","site-content-layout":"default","ast-site-content-layout":"default","site-content-style":"default","site-sidebar-style":"default","ast-global-header-display":"","ast-banner-title-visibility":"","ast-main-header-display":"","ast-hfb-above-header-display":"","ast-hfb-below-header-display":"","ast-hfb-mobile-header-display":"","site-post-title":"","ast-breadcrumbs-content":"","ast-featured-img":"","footer-sml-layout":"","theme-transparent-header-meta":"default","adv-header-id-meta":"","stick-header-meta":"default","header-above-stick-meta":"","header-main-stick-meta":"","header-below-stick-meta":"","astra-migrate-meta-layouts":"set","ast-page-background-enabled":"default","ast-page-background-meta":{"desktop":{"background-color":"var(--ast-global-color-4)","background-image":"","background-repeat":"repeat","background-position":"center center","background-size":"auto","background-attachment":"scroll","background-type":"","background-media":"","overlay-type":"","overlay-color":"","overlay-opacity":"","overlay-gradient":""},"tablet":{"background-color":"","background-image":"","background-repeat":"repeat","background-position":"center center","background-size":"auto","background-attachment":"scroll","background-type":"","background-media":"","overlay-type":"","overlay-color":"","overlay-opacity":"","overlay-gradient":""},"mobile":{"background-color":"","background-image":"","background-repeat":"repeat","background-position":"center center","background-size":"auto","background-attachment":"scroll","background-type":"","background-media":"","overlay-type":"","overlay-color":"","overlay-opacity":"","overlay-gradient":""}},"ast-content-background-meta":{"desktop":{"background-color":"var(--ast-global-color-5)","background-image":"","background-repeat":"repeat","background-position":"center center","background-size":"auto","background-attachment":"scroll","background-type":"","background-media":"","overlay-type":"","overlay-color":"","overlay-opacity":"","overlay-gradient":""},"tablet":{"background-color":"var(--ast-global-color-5)","background-image":"","background-repeat":"repeat","background-position":"center center","background-size":"auto","background-attachment":"scroll","background-type":"","background-media":"","overlay-type":"","overlay-color":"","overlay-opacity":"","overlay-gradient":""},"mobile":{"background-color":"var(--ast-global-color-5)","background-image":"","background-repeat":"repeat","background-position":"center center","background-size":"auto","background-attachment":"scroll","background-type":"","background-media":"","overlay-type":"","overlay-color":"","overlay-opacity":"","overlay-gradient":""}},"footnotes":""},"categories":[31],"tags":[],"class_list":["post-52807","post","type-post","status-publish","format-standard","has-post-thumbnail","hentry","category-aktuality"],"yoast_head":"<!-- This site is optimized with the Yoast SEO plugin v27.4 - https:\/\/yoast.com\/product\/yoast-seo-wordpress\/ -->\n<title>Zamestnankyne Pova\u017esk\u00e9ho m\u00fazea z\u00edskali ocenenie \u017dSK - Pova\u017esk\u00e9 m\u00fazeum<\/title>\n<meta name=\"robots\" content=\"index, follow, max-snippet:-1, max-image-preview:large, max-video-preview:-1\" \/>\n<link rel=\"canonical\" href=\"https:\/\/pmza.sk\/?p=52807\" \/>\n<meta property=\"og:locale\" content=\"sk_SK\" \/>\n<meta property=\"og:type\" content=\"article\" \/>\n<meta property=\"og:title\" content=\"Zamestnankyne Pova\u017esk\u00e9ho m\u00fazea z\u00edskali ocenenie \u017dSK - Pova\u017esk\u00e9 m\u00fazeum\" \/>\n<meta property=\"og:description\" content=\"V\u00a0Slovenskom komornom divadle v\u00a0Martine sa v\u00a0utorok 20. septembra 2022 uskuto\u010dnilo sl\u00e1vnostn\u00e9 oce\u0148ovanie zamestnancov kult\u00farnych zariaden\u00ed, v\u00a0zria\u010fovate\u013eskej p\u00f4sobnosti \u017dilinsk\u00e9ho samospr\u00e1vneho kraja. Ocenenie si z\u00a0r\u00fak predsedn\u00ed\u010dky \u017dSK Eriky Jurinovej prevzalo 49 osobnost\u00ed, ktor\u00fdch profesijn\u00fd \u017eivot je s\u00a0kult\u00farou sp\u00e4t\u00fd viac ako 30 rokov. \u017dilinsk\u00fd samospr\u00e1vny kraj ocenil pracovn\u00edkov kult\u00fary prv\u00fd kr\u00e1t v\u00a0roku 2019, n\u00e1sledne vplyvom pandemick\u00fdch opatren\u00ed sa [&hellip;]\" \/>\n<meta property=\"og:url\" content=\"https:\/\/pmza.sk\/?p=52807\" \/>\n<meta property=\"og:site_name\" content=\"Pova\u017esk\u00e9 m\u00fazeum\" \/>\n<meta property=\"article:publisher\" content=\"https:\/\/www.facebook.com\/povazskemuzeum\" \/>\n<meta property=\"article:published_time\" content=\"2022-09-22T12:30:40+00:00\" \/>\n<meta property=\"article:modified_time\" content=\"2025-05-15T05:09:13+00:00\" \/>\n<meta property=\"og:image\" content=\"https:\/\/pmza.sk\/wp-content\/uploads\/2022\/09\/20220922_094429.jpg\" \/>\n\t<meta property=\"og:image:width\" content=\"1181\" \/>\n\t<meta property=\"og:image:height\" content=\"965\" \/>\n\t<meta property=\"og:image:type\" content=\"image\/jpeg\" \/>\n<meta name=\"author\" content=\"Pova\u017esk\u00e9 m\u00fazeum\" \/>\n<meta name=\"twitter:card\" content=\"summary_large_image\" \/>\n<meta name=\"twitter:label1\" content=\"Autor\" \/>\n\t<meta name=\"twitter:data1\" content=\"Pova\u017esk\u00e9 m\u00fazeum\" \/>\n\t<meta name=\"twitter:label2\" content=\"Predpokladan\u00fd \u010das \u010d\u00edtania\" \/>\n\t<meta name=\"twitter:data2\" content=\"2 min\u00faty\" \/>\n<script type=\"application\/ld+json\" class=\"yoast-schema-graph\">{\"@context\":\"https:\\\/\\\/schema.org\",\"@graph\":[{\"@type\":\"Article\",\"@id\":\"https:\\\/\\\/pmza.sk\\\/?p=52807#article\",\"isPartOf\":{\"@id\":\"https:\\\/\\\/pmza.sk\\\/?p=52807\"},\"author\":{\"name\":\"Pova\u017esk\u00e9 m\u00fazeum\",\"@id\":\"https:\\\/\\\/pmza.sk\\\/#\\\/schema\\\/person\\\/595e6a2ce731ea94dcd5d7f50a41ae33\"},\"headline\":\"Zamestnankyne Pova\u017esk\u00e9ho m\u00fazea z\u00edskali ocenenie \u017dSK\",\"datePublished\":\"2022-09-22T12:30:40+00:00\",\"dateModified\":\"2025-05-15T05:09:13+00:00\",\"mainEntityOfPage\":{\"@id\":\"https:\\\/\\\/pmza.sk\\\/?p=52807\"},\"wordCount\":407,\"publisher\":{\"@id\":\"https:\\\/\\\/pmza.sk\\\/#organization\"},\"image\":{\"@id\":\"https:\\\/\\\/pmza.sk\\\/?p=52807#primaryimage\"},\"thumbnailUrl\":\"https:\\\/\\\/pmza.sk\\\/wp-content\\\/uploads\\\/2022\\\/09\\\/20220922_094429.jpg\",\"articleSection\":[\"Aktuality\"],\"inLanguage\":\"sk-SK\"},{\"@type\":\"WebPage\",\"@id\":\"https:\\\/\\\/pmza.sk\\\/?p=52807\",\"url\":\"https:\\\/\\\/pmza.sk\\\/?p=52807\",\"name\":\"Zamestnankyne Pova\u017esk\u00e9ho m\u00fazea z\u00edskali ocenenie \u017dSK - Pova\u017esk\u00e9 m\u00fazeum\",\"isPartOf\":{\"@id\":\"https:\\\/\\\/pmza.sk\\\/#website\"},\"primaryImageOfPage\":{\"@id\":\"https:\\\/\\\/pmza.sk\\\/?p=52807#primaryimage\"},\"image\":{\"@id\":\"https:\\\/\\\/pmza.sk\\\/?p=52807#primaryimage\"},\"thumbnailUrl\":\"https:\\\/\\\/pmza.sk\\\/wp-content\\\/uploads\\\/2022\\\/09\\\/20220922_094429.jpg\",\"datePublished\":\"2022-09-22T12:30:40+00:00\",\"dateModified\":\"2025-05-15T05:09:13+00:00\",\"breadcrumb\":{\"@id\":\"https:\\\/\\\/pmza.sk\\\/?p=52807#breadcrumb\"},\"inLanguage\":\"sk-SK\",\"potentialAction\":[{\"@type\":\"ReadAction\",\"target\":[\"https:\\\/\\\/pmza.sk\\\/?p=52807\"]}]},{\"@type\":\"ImageObject\",\"inLanguage\":\"sk-SK\",\"@id\":\"https:\\\/\\\/pmza.sk\\\/?p=52807#primaryimage\",\"url\":\"https:\\\/\\\/pmza.sk\\\/wp-content\\\/uploads\\\/2022\\\/09\\\/20220922_094429.jpg\",\"contentUrl\":\"https:\\\/\\\/pmza.sk\\\/wp-content\\\/uploads\\\/2022\\\/09\\\/20220922_094429.jpg\",\"width\":1181,\"height\":965},{\"@type\":\"BreadcrumbList\",\"@id\":\"https:\\\/\\\/pmza.sk\\\/?p=52807#breadcrumb\",\"itemListElement\":[{\"@type\":\"ListItem\",\"position\":1,\"name\":\"Domovsk\u00e1 str\u00e1nka\",\"item\":\"https:\\\/\\\/pmza.sk\\\/\"},{\"@type\":\"ListItem\",\"position\":2,\"name\":\"Zamestnankyne Pova\u017esk\u00e9ho m\u00fazea z\u00edskali ocenenie \u017dSK\"}]},{\"@type\":\"WebSite\",\"@id\":\"https:\\\/\\\/pmza.sk\\\/#website\",\"url\":\"https:\\\/\\\/pmza.sk\\\/\",\"name\":\"Pova\u017esk\u00e9 m\u00fazeum\",\"description\":\"Pova\u017esk\u00e9 m\u00fazeum v \u017diline je region\u00e1lne m\u00fazeum so s\u00eddlom v Budat\u00edne. Jeho expoz\u00edcie s\u00fa zameran\u00e9 na dejiny slovensk\u00e9ho umenia, kult\u00fary a dopravy.\",\"publisher\":{\"@id\":\"https:\\\/\\\/pmza.sk\\\/#organization\"},\"potentialAction\":[{\"@type\":\"SearchAction\",\"target\":{\"@type\":\"EntryPoint\",\"urlTemplate\":\"https:\\\/\\\/pmza.sk\\\/?s={search_term_string}\"},\"query-input\":{\"@type\":\"PropertyValueSpecification\",\"valueRequired\":true,\"valueName\":\"search_term_string\"}}],\"inLanguage\":\"sk-SK\"},{\"@type\":\"Organization\",\"@id\":\"https:\\\/\\\/pmza.sk\\\/#organization\",\"name\":\"Pova\u017esk\u00e9 m\u00fazeum\",\"url\":\"https:\\\/\\\/pmza.sk\\\/\",\"logo\":{\"@type\":\"ImageObject\",\"inLanguage\":\"sk-SK\",\"@id\":\"https:\\\/\\\/pmza.sk\\\/#\\\/schema\\\/logo\\\/image\\\/\",\"url\":\"https:\\\/\\\/pmza.sk\\\/wp-content\\\/uploads\\\/2022\\\/01\\\/logo_PM_horizontal.jpg\",\"contentUrl\":\"https:\\\/\\\/pmza.sk\\\/wp-content\\\/uploads\\\/2022\\\/01\\\/logo_PM_horizontal.jpg\",\"width\":231,\"height\":142,\"caption\":\"Pova\u017esk\u00e9 m\u00fazeum\"},\"image\":{\"@id\":\"https:\\\/\\\/pmza.sk\\\/#\\\/schema\\\/logo\\\/image\\\/\"},\"sameAs\":[\"https:\\\/\\\/www.facebook.com\\\/povazskemuzeum\",\"https:\\\/\\\/www.instagram.com\\\/povazskemuzeum\\\/\"]},{\"@type\":\"Person\",\"@id\":\"https:\\\/\\\/pmza.sk\\\/#\\\/schema\\\/person\\\/595e6a2ce731ea94dcd5d7f50a41ae33\",\"name\":\"Pova\u017esk\u00e9 m\u00fazeum\",\"image\":{\"@type\":\"ImageObject\",\"inLanguage\":\"sk-SK\",\"@id\":\"https:\\\/\\\/secure.gravatar.com\\\/avatar\\\/2bb7f1561282132fb5826dfeccc66c7996d11ee392ac6aaf7ced8a1c2027fbb2?s=96&d=mm&r=g\",\"url\":\"https:\\\/\\\/secure.gravatar.com\\\/avatar\\\/2bb7f1561282132fb5826dfeccc66c7996d11ee392ac6aaf7ced8a1c2027fbb2?s=96&d=mm&r=g\",\"contentUrl\":\"https:\\\/\\\/secure.gravatar.com\\\/avatar\\\/2bb7f1561282132fb5826dfeccc66c7996d11ee392ac6aaf7ced8a1c2027fbb2?s=96&d=mm&r=g\",\"caption\":\"Pova\u017esk\u00e9 m\u00fazeum\"}}]}<\/script>\n<!-- \/ Yoast SEO plugin. -->","yoast_head_json":{"title":"Zamestnankyne Pova\u017esk\u00e9ho m\u00fazea z\u00edskali ocenenie \u017dSK - Pova\u017esk\u00e9 m\u00fazeum","robots":{"index":"index","follow":"follow","max-snippet":"max-snippet:-1","max-image-preview":"max-image-preview:large","max-video-preview":"max-video-preview:-1"},"canonical":"https:\/\/pmza.sk\/?p=52807","og_locale":"sk_SK","og_type":"article","og_title":"Zamestnankyne Pova\u017esk\u00e9ho m\u00fazea z\u00edskali ocenenie \u017dSK - Pova\u017esk\u00e9 m\u00fazeum","og_description":"V\u00a0Slovenskom komornom divadle v\u00a0Martine sa v\u00a0utorok 20. septembra 2022 uskuto\u010dnilo sl\u00e1vnostn\u00e9 oce\u0148ovanie zamestnancov kult\u00farnych zariaden\u00ed, v\u00a0zria\u010fovate\u013eskej p\u00f4sobnosti \u017dilinsk\u00e9ho samospr\u00e1vneho kraja. Ocenenie si z\u00a0r\u00fak predsedn\u00ed\u010dky \u017dSK Eriky Jurinovej prevzalo 49 osobnost\u00ed, ktor\u00fdch profesijn\u00fd \u017eivot je s\u00a0kult\u00farou sp\u00e4t\u00fd viac ako 30 rokov. \u017dilinsk\u00fd samospr\u00e1vny kraj ocenil pracovn\u00edkov kult\u00fary prv\u00fd kr\u00e1t v\u00a0roku 2019, n\u00e1sledne vplyvom pandemick\u00fdch opatren\u00ed sa [&hellip;]","og_url":"https:\/\/pmza.sk\/?p=52807","og_site_name":"Pova\u017esk\u00e9 m\u00fazeum","article_publisher":"https:\/\/www.facebook.com\/povazskemuzeum","article_published_time":"2022-09-22T12:30:40+00:00","article_modified_time":"2025-05-15T05:09:13+00:00","og_image":[{"width":1181,"height":965,"url":"https:\/\/pmza.sk\/wp-content\/uploads\/2022\/09\/20220922_094429.jpg","type":"image\/jpeg"}],"author":"Pova\u017esk\u00e9 m\u00fazeum","twitter_card":"summary_large_image","twitter_misc":{"Autor":"Pova\u017esk\u00e9 m\u00fazeum","Predpokladan\u00fd \u010das \u010d\u00edtania":"2 min\u00faty"},"schema":{"@context":"https:\/\/schema.org","@graph":[{"@type":"Article","@id":"https:\/\/pmza.sk\/?p=52807#article","isPartOf":{"@id":"https:\/\/pmza.sk\/?p=52807"},"author":{"name":"Pova\u017esk\u00e9 m\u00fazeum","@id":"https:\/\/pmza.sk\/#\/schema\/person\/595e6a2ce731ea94dcd5d7f50a41ae33"},"headline":"Zamestnankyne Pova\u017esk\u00e9ho m\u00fazea z\u00edskali ocenenie \u017dSK","datePublished":"2022-09-22T12:30:40+00:00","dateModified":"2025-05-15T05:09:13+00:00","mainEntityOfPage":{"@id":"https:\/\/pmza.sk\/?p=52807"},"wordCount":407,"publisher":{"@id":"https:\/\/pmza.sk\/#organization"},"image":{"@id":"https:\/\/pmza.sk\/?p=52807#primaryimage"},"thumbnailUrl":"https:\/\/pmza.sk\/wp-content\/uploads\/2022\/09\/20220922_094429.jpg","articleSection":["Aktuality"],"inLanguage":"sk-SK"},{"@type":"WebPage","@id":"https:\/\/pmza.sk\/?p=52807","url":"https:\/\/pmza.sk\/?p=52807","name":"Zamestnankyne Pova\u017esk\u00e9ho m\u00fazea z\u00edskali ocenenie \u017dSK - Pova\u017esk\u00e9 m\u00fazeum","isPartOf":{"@id":"https:\/\/pmza.sk\/#website"},"primaryImageOfPage":{"@id":"https:\/\/pmza.sk\/?p=52807#primaryimage"},"image":{"@id":"https:\/\/pmza.sk\/?p=52807#primaryimage"},"thumbnailUrl":"https:\/\/pmza.sk\/wp-content\/uploads\/2022\/09\/20220922_094429.jpg","datePublished":"2022-09-22T12:30:40+00:00","dateModified":"2025-05-15T05:09:13+00:00","breadcrumb":{"@id":"https:\/\/pmza.sk\/?p=52807#breadcrumb"},"inLanguage":"sk-SK","potentialAction":[{"@type":"ReadAction","target":["https:\/\/pmza.sk\/?p=52807"]}]},{"@type":"ImageObject","inLanguage":"sk-SK","@id":"https:\/\/pmza.sk\/?p=52807#primaryimage","url":"https:\/\/pmza.sk\/wp-content\/uploads\/2022\/09\/20220922_094429.jpg","contentUrl":"https:\/\/pmza.sk\/wp-content\/uploads\/2022\/09\/20220922_094429.jpg","width":1181,"height":965},{"@type":"BreadcrumbList","@id":"https:\/\/pmza.sk\/?p=52807#breadcrumb","itemListElement":[{"@type":"ListItem","position":1,"name":"Domovsk\u00e1 str\u00e1nka","item":"https:\/\/pmza.sk\/"},{"@type":"ListItem","position":2,"name":"Zamestnankyne Pova\u017esk\u00e9ho m\u00fazea z\u00edskali ocenenie \u017dSK"}]},{"@type":"WebSite","@id":"https:\/\/pmza.sk\/#website","url":"https:\/\/pmza.sk\/","name":"Pova\u017esk\u00e9 m\u00fazeum","description":"Pova\u017esk\u00e9 m\u00fazeum v \u017diline je region\u00e1lne m\u00fazeum so s\u00eddlom v Budat\u00edne. Jeho expoz\u00edcie s\u00fa zameran\u00e9 na dejiny slovensk\u00e9ho umenia, kult\u00fary a dopravy.","publisher":{"@id":"https:\/\/pmza.sk\/#organization"},"potentialAction":[{"@type":"SearchAction","target":{"@type":"EntryPoint","urlTemplate":"https:\/\/pmza.sk\/?s={search_term_string}"},"query-input":{"@type":"PropertyValueSpecification","valueRequired":true,"valueName":"search_term_string"}}],"inLanguage":"sk-SK"},{"@type":"Organization","@id":"https:\/\/pmza.sk\/#organization","name":"Pova\u017esk\u00e9 m\u00fazeum","url":"https:\/\/pmza.sk\/","logo":{"@type":"ImageObject","inLanguage":"sk-SK","@id":"https:\/\/pmza.sk\/#\/schema\/logo\/image\/","url":"https:\/\/pmza.sk\/wp-content\/uploads\/2022\/01\/logo_PM_horizontal.jpg","contentUrl":"https:\/\/pmza.sk\/wp-content\/uploads\/2022\/01\/logo_PM_horizontal.jpg","width":231,"height":142,"caption":"Pova\u017esk\u00e9 m\u00fazeum"},"image":{"@id":"https:\/\/pmza.sk\/#\/schema\/logo\/image\/"},"sameAs":["https:\/\/www.facebook.com\/povazskemuzeum","https:\/\/www.instagram.com\/povazskemuzeum\/"]},{"@type":"Person","@id":"https:\/\/pmza.sk\/#\/schema\/person\/595e6a2ce731ea94dcd5d7f50a41ae33","name":"Pova\u017esk\u00e9 m\u00fazeum","image":{"@type":"ImageObject","inLanguage":"sk-SK","@id":"https:\/\/secure.gravatar.com\/avatar\/2bb7f1561282132fb5826dfeccc66c7996d11ee392ac6aaf7ced8a1c2027fbb2?s=96&d=mm&r=g","url":"https:\/\/secure.gravatar.com\/avatar\/2bb7f1561282132fb5826dfeccc66c7996d11ee392ac6aaf7ced8a1c2027fbb2?s=96&d=mm&r=g","contentUrl":"https:\/\/secure.gravatar.com\/avatar\/2bb7f1561282132fb5826dfeccc66c7996d11ee392ac6aaf7ced8a1c2027fbb2?s=96&d=mm&r=g","caption":"Pova\u017esk\u00e9 m\u00fazeum"}}]}},"_links":{"self":[{"href":"https:\/\/pmza.sk\/index.php?rest_route=\/wp\/v2\/posts\/52807","targetHints":{"allow":["GET"]}}],"collection":[{"href":"https:\/\/pmza.sk\/index.php?rest_route=\/wp\/v2\/posts"}],"about":[{"href":"https:\/\/pmza.sk\/index.php?rest_route=\/wp\/v2\/types\/post"}],"author":[{"embeddable":true,"href":"https:\/\/pmza.sk\/index.php?rest_route=\/wp\/v2\/users\/2"}],"replies":[{"embeddable":true,"href":"https:\/\/pmza.sk\/index.php?rest_route=%2Fwp%2Fv2%2Fcomments&post=52807"}],"version-history":[{"count":0,"href":"https:\/\/pmza.sk\/index.php?rest_route=\/wp\/v2\/posts\/52807\/revisions"}],"wp:featuredmedia":[{"embeddable":true,"href":"https:\/\/pmza.sk\/index.php?rest_route=\/wp\/v2\/media\/52808"}],"wp:attachment":[{"href":"https:\/\/pmza.sk\/index.php?rest_route=%2Fwp%2Fv2%2Fmedia&parent=52807"}],"wp:term":[{"taxonomy":"category","embeddable":true,"href":"https:\/\/pmza.sk\/index.php?rest_route=%2Fwp%2Fv2%2Fcategories&post=52807"},{"taxonomy":"post_tag","embeddable":true,"href":"https:\/\/pmza.sk\/index.php?rest_route=%2Fwp%2Fv2%2Ftags&post=52807"}],"curies":[{"name":"wp","href":"https:\/\/api.w.org\/{rel}","templated":true}]}}