{"id":53102,"date":"2022-09-28T09:28:53","date_gmt":"2022-09-28T07:28:53","guid":{"rendered":"https:\/\/pmza.sk\/?p=53102"},"modified":"2022-10-17T07:35:20","modified_gmt":"2022-10-17T05:35:20","slug":"budatinsky-rinok-2","status":"publish","type":"post","link":"https:\/\/pmza.sk\/?p=53102","title":{"rendered":"Budat\u00ednsky r\u00ednok"},"content":{"rendered":"<p>Remeseln\u00fd jarmok, koncerty, komentovan\u00e9 prehliadky, tvoriv\u00e9 dielne, divadlo a\u00a0mnoho \u010fal\u0161\u00edch aktiv\u00edt \u010dak\u00e1 n\u00e1v\u0161tevn\u00edkov na Budat\u00ednskom r\u00ednku. Ob\u013e\u00faben\u00e9 podujatie, ktor\u00fdm sa kon\u010d\u00ed hlavn\u00e1 sez\u00f3na v\u00a0are\u00e1li Budat\u00ednskeho hradu sa bude kona\u0165 v\u00a0sobotu 15. 10. 2022 po dvojro\u010dnej prest\u00e1vke. Ke\u010f\u017ee Pova\u017esk\u00e9 m\u00fazeum oslavuje 80. v\u00fdro\u010die svojho vzniku a\u00a0po\u010das cel\u00e9ho roka sa konalo viacero podujat\u00ed spojen\u00fdch s\u00a0t\u00fdmto jubileom, v\u00fdnimkou nebude ani Budat\u00ednsky r\u00ednok. Pr\u00e1ve tam bude predstaven\u00e1 \u010dasov\u00e1 kapsula, ktor\u00e1 bude odkazova\u0165 na aktu\u00e1lnu situ\u00e1ciu nielen v\u00a0m\u00fazeu, ale aj v\u00a0celospolo\u010densk\u00fdch s\u00favislostiach. <em>\u201eTextov\u00fa \u010das\u0165 kapsule bude dop\u013a\u0148a\u0165 zoznam zamestnancov m\u00fazea, ale aj s\u00fa\u010dasn\u00e1 tla\u010d a\u00a0nieko\u013eko drobn\u00fdch artefaktov. Kapsulu ulo\u017e\u00edme po podujat\u00ed do ve\u017ee. Ver\u00edme, \u017ee n\u00e1m posl\u00fa\u017ei na nadviazanie komunik\u00e1cie s\u00a0bud\u00facnos\u0165ou a \u00a0jej objavitelia bud\u00fa naopak pote\u0161en\u00ed pozdravom z\u00a0minulosti,\u201c<\/em> pribli\u017euje riadite\u013e Pova\u017esk\u00e9ho m\u00fazea Michal Jureck\u00fd.<\/p>\n<p>Are\u00e1l hradu otvor\u00ed svoje br\u00e1ny o 10.00. V parku n\u00e1jdu n\u00e1v\u0161tevn\u00edci pestr\u00fd v\u00fdber remeseln\u00fdch st\u00e1nkov, tvoriv\u00e9 dielne zamestnancov Pova\u017esk\u00e9ho m\u00fazea, so zoskupen\u00edm \u010carovn\u00e1 moc pr\u00edrody nahliadnu do \u017eivota sovi\u010diek a v projekte V\u00fdtvarn\u00e9 umenie s\u00fa\u010das\u0165ou n\u00e1s spoznaj\u00fa tvorbu viacer\u00fdch umelcov. Do programu sa zapoj\u00ed aj Krajsk\u00e1 kni\u017enica v \u017diline s aktivitou Fazu\u013eky a kni\u017enica na jarmoku, ktorej s\u00fa\u010das\u0165ou bude beseda so spisovate\u013ekou Katar\u00ednou Mikol\u00e1\u0161ovou. Krajsk\u00e1 hvezd\u00e1re\u0148 v \u017diline pon\u00fakne z\u00e1ujemcom planet\u00e1rium i komentovan\u00e9 pozorovanie Slnka. Svoju \u010dinnos\u0165 predstavia stredn\u00e9 \u0161koly v zria\u010fovate\u013eskej p\u00f4sobnosti \u017dilinsk\u00e9ho samospr\u00e1vneho kraja a podujatie podpor\u00ed tie\u017e Sekcia pre ml\u00e1de\u017e \u017dSK.<\/p>\n<p>Po\u010das cel\u00e9ho d\u0148a bud\u00fa v\u00a0hrade prebieha\u0165 prehliadky s\u00a0kr\u00e1tkou sc\u00e9nkou O\u00a0kr\u00e1snej Katar\u00edne a\u00a0dopoludnia bude v\u00a0kaplnke komentovan\u00e1 prehliadka v\u00fdstavy Tak trochu z\u00a0Cont-Artu. Hlavn\u00fd program za\u010dne na p\u00f3diu popoludn\u00ed o\u00a013.00. <em>\u201eN\u00e1v\u0161tevn\u00edci sa m\u00f4\u017eu te\u0161i\u0165 na koncert \u017eilinskej kapely V8 Band, vyst\u00fapenie skupiny Funny Fellows so zn\u00e1mym hercom Csongorom Kassaiom, divadlo F\u00e9der Te\u00e1ter s\u00a0predstaven\u00edm O\u00a0po\u0161t\u00e1rovi Vincovi a\u00a0ve\u010der z\u00e1bavu rozpr\u00fadi popul\u00e1rna kapela Korben Dallas. Ver\u00edme, \u017ee ponuka je naozaj bohat\u00e1 a ka\u017ed\u00fd, kto pr\u00edde str\u00e1vi\u0165 jesenn\u00fa sobotu v\u00a0na\u0161om are\u00e1li, si n\u00e1jde to svoje,\u201c <\/em>poz\u00fdva kult\u00farna mana\u017e\u00e9rka Petra Labantov\u00e1.<\/p>\n<p>Vstup do are\u00e1lu hradu bude mo\u017en\u00fd len s\u00a0platnou vstupenkou, ktor\u00fa si n\u00e1v\u0161tevn\u00edci k\u00fapia priamo na mieste. Za z\u00e1kladn\u00fd l\u00edstok zaplatia 4 eur\u00e1, z\u013eavnen\u00fd bude st\u00e1\u0165 2 eur\u00e1, deti do 3 rokov maj\u00fa vstup zadarmo. Na prehliadku hradu je mo\u017en\u00e9 \u00eds\u0165 s\u00a0platn\u00fdm l\u00edstkom z podujatia so z\u013eavou. Parkovisko pred are\u00e1lom hradu bude pre verejnos\u0165 uzatvoren\u00e9, n\u00e1v\u0161tevn\u00edci m\u00f4\u017eu parkova\u0165 na do\u010dasnom parkovisku na Dolnej ulici v\u00a0Budat\u00edne. Viac inform\u00e1ci\u00ed n\u00e1jdu z\u00e1ujemcovia na <a href=\"http:\/\/www.pmza.sk\">www.pmza.sk<\/a>.<\/p>\n<p>Program:<\/p>\n<p><strong>hlavn\u00fd program<\/strong><\/p>\n<p><strong>\u00a0<\/strong><u>P\u00f3dium v\u00a0are\u00e1li hradu<\/u><\/p>\n<p>ofici\u00e1lne otvorenie podujatia a\u00a0pr\u00edhovory o\u00a013.00<\/p>\n<p>V8 band o 13.30<\/p>\n<p>predstavenie O\u00a0po\u0161t\u00e1rovi Vincovi \u2013 divadlo F\u00e9der Te\u00e1ter o\u00a015.00<\/p>\n<p>Funny Fellows a\u00a0Csongor Kassai o\u00a016.15<\/p>\n<p>Korben Dallas o 18.00<\/p>\n<p>&nbsp;<\/p>\n<p><strong>sprievodn\u00fd program<\/strong><\/p>\n<p><u>Park <\/u>od 10.00<\/p>\n<p>remeseln\u00fd jarmok<\/p>\n<p>tvoriv\u00e9 dielne zamestnancov Pova\u017esk\u00e9ho m\u00fazea<\/p>\n<p>prezent\u00e1cia stredn\u00fdch odborn\u00fdch \u0161k\u00f4l<\/p>\n<p>V\u00fdtvarn\u00e9 umenie s\u00fa\u010das\u0165ou n\u00e1s \u2013 predstavenie tvorby umelcov<\/p>\n<p>\u010carovn\u00e1 moc pr\u00edrody \u2013 spozn\u00e1vanie \u017eivota sovi\u010diek<\/p>\n<p>komentovan\u00e9 pozorovanie Slnka, nafukovacie sf\u00e9ry Mesiaca a\u00a0Marsu \u2013 Krajsk\u00e1 hvezd\u00e1re\u0148 v\u00a0\u017diline<\/p>\n<p><u>Hrad <\/u>od 10.00 do 16.30 (vstupy ka\u017ed\u00fdch 45 min\u00fat)<\/p>\n<p>sprev\u00e1dzan\u00e9 prehliadky so sc\u00e9nkou O\u00a0kr\u00e1snej Katar\u00edne<\/p>\n<p><u>Kaplnka<\/u><\/p>\n<p>Fazu\u013eky a\u00a0kni\u017enica na jarmoku \u2013 beseda so spisovate\u013ekou Katar\u00ednou Mikol\u00e1\u0161ovou a\u00a0tvoriv\u00e9 dielne \u2013 Krajsk\u00e1 kni\u017enica v\u00a0\u017diline o\u00a010.00 a\u00a011.30<\/p>\n<p>komentovan\u00e1 prehliadka v\u00fdstavy Tak trochu z\u00a0Cont-Artu o\u00a012.00<\/p>\n<p><u>P\u00f3dium v\u00a0are\u00e1li hradu<\/u><\/p>\n<p>Planet\u00e1rium \u2013 Krajsk\u00e1 hvezd\u00e1re\u0148 v\u00a0\u017diline o 10.00 a\u00a010.45<\/p>\n<p>&nbsp;<\/p>\n<p><img fetchpriority=\"high\" decoding=\"async\" class=\"alignnone size-medium wp-image-53269\" src=\"https:\/\/pmza.sk\/wp-content\/uploads\/2022\/09\/Budatinsky_rinok_K5-1-255x360.jpg\" alt=\"\" width=\"255\" height=\"360\" srcset=\"https:\/\/pmza.sk\/wp-content\/uploads\/2022\/09\/Budatinsky_rinok_K5-1-255x360.jpg 255w, https:\/\/pmza.sk\/wp-content\/uploads\/2022\/09\/Budatinsky_rinok_K5-1-520x736.jpg 520w, https:\/\/pmza.sk\/wp-content\/uploads\/2022\/09\/Budatinsky_rinok_K5-1-768x1086.jpg 768w, https:\/\/pmza.sk\/wp-content\/uploads\/2022\/09\/Budatinsky_rinok_K5-1-1086x1536.jpg 1086w, https:\/\/pmza.sk\/wp-content\/uploads\/2022\/09\/Budatinsky_rinok_K5-1-1448x2048.jpg 1448w, https:\/\/pmza.sk\/wp-content\/uploads\/2022\/09\/Budatinsky_rinok_K5-1-600x849.jpg 600w, https:\/\/pmza.sk\/wp-content\/uploads\/2022\/09\/Budatinsky_rinok_K5-1-scaled.jpg 1810w\" sizes=\"(max-width: 255px) 100vw, 255px\" \/><\/p>\n<p>Plag\u00e1t v plnej kvalite <a href=\"https:\/\/pmza.sk\/wp-content\/uploads\/2022\/09\/Budatinsky_rinok_K5-1.pdf\">TU<\/a><\/p>\n","protected":false},"excerpt":{"rendered":"<p>Remeseln\u00fd jarmok, koncerty, komentovan\u00e9 prehliadky, tvoriv\u00e9 dielne, divadlo a\u00a0mnoho \u010fal\u0161\u00edch aktiv\u00edt \u010dak\u00e1 n\u00e1v\u0161tevn\u00edkov na Budat\u00ednskom r\u00ednku. Ob\u013e\u00faben\u00e9 podujatie, ktor\u00fdm sa kon\u010d\u00ed hlavn\u00e1 sez\u00f3na v\u00a0are\u00e1li Budat\u00ednskeho hradu sa bude kona\u0165 v\u00a0sobotu 15. 10. 2022 po dvojro\u010dnej prest\u00e1vke. Ke\u010f\u017ee Pova\u017esk\u00e9 m\u00fazeum oslavuje 80. v\u00fdro\u010die svojho vzniku a\u00a0po\u010das cel\u00e9ho roka sa konalo viacero podujat\u00ed spojen\u00fdch s\u00a0t\u00fdmto jubileom, v\u00fdnimkou [&hellip;]<\/p>\n","protected":false},"author":2,"featured_media":53103,"comment_status":"open","ping_status":"open","sticky":false,"template":"","format":"standard","meta":{"site-sidebar-layout":"default","site-content-layout":"default","ast-site-content-layout":"","site-content-style":"default","site-sidebar-style":"default","ast-global-header-display":"","ast-banner-title-visibility":"","ast-main-header-display":"","ast-hfb-above-header-display":"","ast-hfb-below-header-display":"","ast-hfb-mobile-header-display":"","site-post-title":"","ast-breadcrumbs-content":"","ast-featured-img":"","footer-sml-layout":"","theme-transparent-header-meta":"default","adv-header-id-meta":"","stick-header-meta":"default","header-above-stick-meta":"","header-main-stick-meta":"","header-below-stick-meta":"","astra-migrate-meta-layouts":"default","ast-page-background-enabled":"default","ast-page-background-meta":{"desktop":{"background-color":"var(--ast-global-color-4)","background-image":"","background-repeat":"repeat","background-position":"center center","background-size":"auto","background-attachment":"scroll","background-type":"","background-media":"","overlay-type":"","overlay-color":"","overlay-opacity":"","overlay-gradient":""},"tablet":{"background-color":"","background-image":"","background-repeat":"repeat","background-position":"center center","background-size":"auto","background-attachment":"scroll","background-type":"","background-media":"","overlay-type":"","overlay-color":"","overlay-opacity":"","overlay-gradient":""},"mobile":{"background-color":"","background-image":"","background-repeat":"repeat","background-position":"center center","background-size":"auto","background-attachment":"scroll","background-type":"","background-media":"","overlay-type":"","overlay-color":"","overlay-opacity":"","overlay-gradient":""}},"ast-content-background-meta":{"desktop":{"background-color":"var(--ast-global-color-5)","background-image":"","background-repeat":"repeat","background-position":"center center","background-size":"auto","background-attachment":"scroll","background-type":"","background-media":"","overlay-type":"","overlay-color":"","overlay-opacity":"","overlay-gradient":""},"tablet":{"background-color":"var(--ast-global-color-5)","background-image":"","background-repeat":"repeat","background-position":"center center","background-size":"auto","background-attachment":"scroll","background-type":"","background-media":"","overlay-type":"","overlay-color":"","overlay-opacity":"","overlay-gradient":""},"mobile":{"background-color":"var(--ast-global-color-5)","background-image":"","background-repeat":"repeat","background-position":"center center","background-size":"auto","background-attachment":"scroll","background-type":"","background-media":"","overlay-type":"","overlay-color":"","overlay-opacity":"","overlay-gradient":""}},"footnotes":""},"categories":[71],"tags":[],"class_list":["post-53102","post","type-post","status-publish","format-standard","has-post-thumbnail","hentry","category-podujatia"],"yoast_head":"<!-- This site is optimized with the Yoast SEO plugin v27.4 - https:\/\/yoast.com\/product\/yoast-seo-wordpress\/ -->\n<title>Budat\u00ednsky r\u00ednok - Pova\u017esk\u00e9 m\u00fazeum<\/title>\n<meta name=\"description\" content=\"Remeseln\u00fd jarmok, koncerty, komentovan\u00e9 prehliadky, tvoriv\u00e9 dielne, divadlo a\u00a0mnoho \u010fal\u0161\u00edch aktiv\u00edt \u010dak\u00e1 n\u00e1v\u0161tevn\u00edkov na Budat\u00ednskom r\u00ednku. Ob\u013e\u00faben\u00e9 podujatie, ktor\u00fdm sa kon\u010d\u00ed hlavn\u00e1 sez\u00f3na v\u00a0are\u00e1li Budat\u00ednskeho hradu sa bude kona\u0165 v\u00a0sobotu 15. 10. 2022 po dvojro\u010dnej prest\u00e1vke.\" \/>\n<meta name=\"robots\" content=\"index, follow, max-snippet:-1, max-image-preview:large, max-video-preview:-1\" \/>\n<link rel=\"canonical\" href=\"https:\/\/pmza.sk\/?p=53102\" \/>\n<meta property=\"og:locale\" content=\"sk_SK\" \/>\n<meta property=\"og:type\" content=\"article\" \/>\n<meta property=\"og:title\" content=\"Budat\u00ednsky r\u00ednok - Pova\u017esk\u00e9 m\u00fazeum\" \/>\n<meta property=\"og:description\" content=\"Remeseln\u00fd jarmok, koncerty, komentovan\u00e9 prehliadky, tvoriv\u00e9 dielne, divadlo a\u00a0mnoho \u010fal\u0161\u00edch aktiv\u00edt \u010dak\u00e1 n\u00e1v\u0161tevn\u00edkov na Budat\u00ednskom r\u00ednku. Ob\u013e\u00faben\u00e9 podujatie, ktor\u00fdm sa kon\u010d\u00ed hlavn\u00e1 sez\u00f3na v\u00a0are\u00e1li Budat\u00ednskeho hradu sa bude kona\u0165 v\u00a0sobotu 15. 10. 2022 po dvojro\u010dnej prest\u00e1vke.\" \/>\n<meta property=\"og:url\" content=\"https:\/\/pmza.sk\/?p=53102\" \/>\n<meta property=\"og:site_name\" content=\"Pova\u017esk\u00e9 m\u00fazeum\" \/>\n<meta property=\"article:publisher\" content=\"https:\/\/www.facebook.com\/povazskemuzeum\" \/>\n<meta property=\"article:published_time\" content=\"2022-09-28T07:28:53+00:00\" \/>\n<meta property=\"article:modified_time\" content=\"2022-10-17T05:35:20+00:00\" \/>\n<meta property=\"og:image\" content=\"https:\/\/pmza.sk\/wp-content\/uploads\/2022\/09\/Tradicne-podujatie-ukoncuje-hlavnu-sezonu-na-Budatinskom-hrade.jpg\" \/>\n\t<meta property=\"og:image:width\" content=\"1024\" \/>\n\t<meta property=\"og:image:height\" content=\"683\" \/>\n\t<meta property=\"og:image:type\" content=\"image\/jpeg\" \/>\n<meta name=\"author\" content=\"Pova\u017esk\u00e9 m\u00fazeum\" \/>\n<meta name=\"twitter:card\" content=\"summary_large_image\" \/>\n<meta name=\"twitter:label1\" content=\"Autor\" \/>\n\t<meta name=\"twitter:data1\" content=\"Pova\u017esk\u00e9 m\u00fazeum\" \/>\n\t<meta name=\"twitter:label2\" content=\"Predpokladan\u00fd \u010das \u010d\u00edtania\" \/>\n\t<meta name=\"twitter:data2\" content=\"4 min\u00faty\" \/>\n<script type=\"application\/ld+json\" class=\"yoast-schema-graph\">{\"@context\":\"https:\\\/\\\/schema.org\",\"@graph\":[{\"@type\":\"Article\",\"@id\":\"https:\\\/\\\/pmza.sk\\\/?p=53102#article\",\"isPartOf\":{\"@id\":\"https:\\\/\\\/pmza.sk\\\/?p=53102\"},\"author\":{\"name\":\"Pova\u017esk\u00e9 m\u00fazeum\",\"@id\":\"https:\\\/\\\/pmza.sk\\\/#\\\/schema\\\/person\\\/595e6a2ce731ea94dcd5d7f50a41ae33\"},\"headline\":\"Budat\u00ednsky r\u00ednok\",\"datePublished\":\"2022-09-28T07:28:53+00:00\",\"dateModified\":\"2022-10-17T05:35:20+00:00\",\"mainEntityOfPage\":{\"@id\":\"https:\\\/\\\/pmza.sk\\\/?p=53102\"},\"wordCount\":711,\"commentCount\":3,\"publisher\":{\"@id\":\"https:\\\/\\\/pmza.sk\\\/#organization\"},\"image\":{\"@id\":\"https:\\\/\\\/pmza.sk\\\/?p=53102#primaryimage\"},\"thumbnailUrl\":\"https:\\\/\\\/pmza.sk\\\/wp-content\\\/uploads\\\/2022\\\/09\\\/Tradicne-podujatie-ukoncuje-hlavnu-sezonu-na-Budatinskom-hrade.jpg\",\"articleSection\":[\"Podujatia\"],\"inLanguage\":\"sk-SK\"},{\"@type\":\"WebPage\",\"@id\":\"https:\\\/\\\/pmza.sk\\\/?p=53102\",\"url\":\"https:\\\/\\\/pmza.sk\\\/?p=53102\",\"name\":\"Budat\u00ednsky r\u00ednok - Pova\u017esk\u00e9 m\u00fazeum\",\"isPartOf\":{\"@id\":\"https:\\\/\\\/pmza.sk\\\/#website\"},\"primaryImageOfPage\":{\"@id\":\"https:\\\/\\\/pmza.sk\\\/?p=53102#primaryimage\"},\"image\":{\"@id\":\"https:\\\/\\\/pmza.sk\\\/?p=53102#primaryimage\"},\"thumbnailUrl\":\"https:\\\/\\\/pmza.sk\\\/wp-content\\\/uploads\\\/2022\\\/09\\\/Tradicne-podujatie-ukoncuje-hlavnu-sezonu-na-Budatinskom-hrade.jpg\",\"datePublished\":\"2022-09-28T07:28:53+00:00\",\"dateModified\":\"2022-10-17T05:35:20+00:00\",\"description\":\"Remeseln\u00fd jarmok, koncerty, komentovan\u00e9 prehliadky, tvoriv\u00e9 dielne, divadlo a\u00a0mnoho \u010fal\u0161\u00edch aktiv\u00edt \u010dak\u00e1 n\u00e1v\u0161tevn\u00edkov na Budat\u00ednskom r\u00ednku. Ob\u013e\u00faben\u00e9 podujatie, ktor\u00fdm sa kon\u010d\u00ed hlavn\u00e1 sez\u00f3na v\u00a0are\u00e1li Budat\u00ednskeho hradu sa bude kona\u0165 v\u00a0sobotu 15. 10. 2022 po dvojro\u010dnej prest\u00e1vke.\",\"breadcrumb\":{\"@id\":\"https:\\\/\\\/pmza.sk\\\/?p=53102#breadcrumb\"},\"inLanguage\":\"sk-SK\",\"potentialAction\":[{\"@type\":\"ReadAction\",\"target\":[\"https:\\\/\\\/pmza.sk\\\/?p=53102\"]}]},{\"@type\":\"ImageObject\",\"inLanguage\":\"sk-SK\",\"@id\":\"https:\\\/\\\/pmza.sk\\\/?p=53102#primaryimage\",\"url\":\"https:\\\/\\\/pmza.sk\\\/wp-content\\\/uploads\\\/2022\\\/09\\\/Tradicne-podujatie-ukoncuje-hlavnu-sezonu-na-Budatinskom-hrade.jpg\",\"contentUrl\":\"https:\\\/\\\/pmza.sk\\\/wp-content\\\/uploads\\\/2022\\\/09\\\/Tradicne-podujatie-ukoncuje-hlavnu-sezonu-na-Budatinskom-hrade.jpg\",\"width\":1024,\"height\":683},{\"@type\":\"BreadcrumbList\",\"@id\":\"https:\\\/\\\/pmza.sk\\\/?p=53102#breadcrumb\",\"itemListElement\":[{\"@type\":\"ListItem\",\"position\":1,\"name\":\"Domovsk\u00e1 str\u00e1nka\",\"item\":\"https:\\\/\\\/pmza.sk\\\/\"},{\"@type\":\"ListItem\",\"position\":2,\"name\":\"Budat\u00ednsky r\u00ednok\"}]},{\"@type\":\"WebSite\",\"@id\":\"https:\\\/\\\/pmza.sk\\\/#website\",\"url\":\"https:\\\/\\\/pmza.sk\\\/\",\"name\":\"Pova\u017esk\u00e9 m\u00fazeum\",\"description\":\"Pova\u017esk\u00e9 m\u00fazeum v \u017diline je region\u00e1lne m\u00fazeum so s\u00eddlom v Budat\u00edne. Jeho expoz\u00edcie s\u00fa zameran\u00e9 na dejiny slovensk\u00e9ho umenia, kult\u00fary a dopravy.\",\"publisher\":{\"@id\":\"https:\\\/\\\/pmza.sk\\\/#organization\"},\"potentialAction\":[{\"@type\":\"SearchAction\",\"target\":{\"@type\":\"EntryPoint\",\"urlTemplate\":\"https:\\\/\\\/pmza.sk\\\/?s={search_term_string}\"},\"query-input\":{\"@type\":\"PropertyValueSpecification\",\"valueRequired\":true,\"valueName\":\"search_term_string\"}}],\"inLanguage\":\"sk-SK\"},{\"@type\":\"Organization\",\"@id\":\"https:\\\/\\\/pmza.sk\\\/#organization\",\"name\":\"Pova\u017esk\u00e9 m\u00fazeum\",\"url\":\"https:\\\/\\\/pmza.sk\\\/\",\"logo\":{\"@type\":\"ImageObject\",\"inLanguage\":\"sk-SK\",\"@id\":\"https:\\\/\\\/pmza.sk\\\/#\\\/schema\\\/logo\\\/image\\\/\",\"url\":\"https:\\\/\\\/pmza.sk\\\/wp-content\\\/uploads\\\/2022\\\/01\\\/logo_PM_horizontal.jpg\",\"contentUrl\":\"https:\\\/\\\/pmza.sk\\\/wp-content\\\/uploads\\\/2022\\\/01\\\/logo_PM_horizontal.jpg\",\"width\":231,\"height\":142,\"caption\":\"Pova\u017esk\u00e9 m\u00fazeum\"},\"image\":{\"@id\":\"https:\\\/\\\/pmza.sk\\\/#\\\/schema\\\/logo\\\/image\\\/\"},\"sameAs\":[\"https:\\\/\\\/www.facebook.com\\\/povazskemuzeum\",\"https:\\\/\\\/www.instagram.com\\\/povazskemuzeum\\\/\"]},{\"@type\":\"Person\",\"@id\":\"https:\\\/\\\/pmza.sk\\\/#\\\/schema\\\/person\\\/595e6a2ce731ea94dcd5d7f50a41ae33\",\"name\":\"Pova\u017esk\u00e9 m\u00fazeum\",\"image\":{\"@type\":\"ImageObject\",\"inLanguage\":\"sk-SK\",\"@id\":\"https:\\\/\\\/secure.gravatar.com\\\/avatar\\\/2bb7f1561282132fb5826dfeccc66c7996d11ee392ac6aaf7ced8a1c2027fbb2?s=96&d=mm&r=g\",\"url\":\"https:\\\/\\\/secure.gravatar.com\\\/avatar\\\/2bb7f1561282132fb5826dfeccc66c7996d11ee392ac6aaf7ced8a1c2027fbb2?s=96&d=mm&r=g\",\"contentUrl\":\"https:\\\/\\\/secure.gravatar.com\\\/avatar\\\/2bb7f1561282132fb5826dfeccc66c7996d11ee392ac6aaf7ced8a1c2027fbb2?s=96&d=mm&r=g\",\"caption\":\"Pova\u017esk\u00e9 m\u00fazeum\"}}]}<\/script>\n<!-- \/ Yoast SEO plugin. -->","yoast_head_json":{"title":"Budat\u00ednsky r\u00ednok - Pova\u017esk\u00e9 m\u00fazeum","description":"Remeseln\u00fd jarmok, koncerty, komentovan\u00e9 prehliadky, tvoriv\u00e9 dielne, divadlo a\u00a0mnoho \u010fal\u0161\u00edch aktiv\u00edt \u010dak\u00e1 n\u00e1v\u0161tevn\u00edkov na Budat\u00ednskom r\u00ednku. Ob\u013e\u00faben\u00e9 podujatie, ktor\u00fdm sa kon\u010d\u00ed hlavn\u00e1 sez\u00f3na v\u00a0are\u00e1li Budat\u00ednskeho hradu sa bude kona\u0165 v\u00a0sobotu 15. 10. 2022 po dvojro\u010dnej prest\u00e1vke.","robots":{"index":"index","follow":"follow","max-snippet":"max-snippet:-1","max-image-preview":"max-image-preview:large","max-video-preview":"max-video-preview:-1"},"canonical":"https:\/\/pmza.sk\/?p=53102","og_locale":"sk_SK","og_type":"article","og_title":"Budat\u00ednsky r\u00ednok - Pova\u017esk\u00e9 m\u00fazeum","og_description":"Remeseln\u00fd jarmok, koncerty, komentovan\u00e9 prehliadky, tvoriv\u00e9 dielne, divadlo a\u00a0mnoho \u010fal\u0161\u00edch aktiv\u00edt \u010dak\u00e1 n\u00e1v\u0161tevn\u00edkov na Budat\u00ednskom r\u00ednku. Ob\u013e\u00faben\u00e9 podujatie, ktor\u00fdm sa kon\u010d\u00ed hlavn\u00e1 sez\u00f3na v\u00a0are\u00e1li Budat\u00ednskeho hradu sa bude kona\u0165 v\u00a0sobotu 15. 10. 2022 po dvojro\u010dnej prest\u00e1vke.","og_url":"https:\/\/pmza.sk\/?p=53102","og_site_name":"Pova\u017esk\u00e9 m\u00fazeum","article_publisher":"https:\/\/www.facebook.com\/povazskemuzeum","article_published_time":"2022-09-28T07:28:53+00:00","article_modified_time":"2022-10-17T05:35:20+00:00","og_image":[{"width":1024,"height":683,"url":"https:\/\/pmza.sk\/wp-content\/uploads\/2022\/09\/Tradicne-podujatie-ukoncuje-hlavnu-sezonu-na-Budatinskom-hrade.jpg","type":"image\/jpeg"}],"author":"Pova\u017esk\u00e9 m\u00fazeum","twitter_card":"summary_large_image","twitter_misc":{"Autor":"Pova\u017esk\u00e9 m\u00fazeum","Predpokladan\u00fd \u010das \u010d\u00edtania":"4 min\u00faty"},"schema":{"@context":"https:\/\/schema.org","@graph":[{"@type":"Article","@id":"https:\/\/pmza.sk\/?p=53102#article","isPartOf":{"@id":"https:\/\/pmza.sk\/?p=53102"},"author":{"name":"Pova\u017esk\u00e9 m\u00fazeum","@id":"https:\/\/pmza.sk\/#\/schema\/person\/595e6a2ce731ea94dcd5d7f50a41ae33"},"headline":"Budat\u00ednsky r\u00ednok","datePublished":"2022-09-28T07:28:53+00:00","dateModified":"2022-10-17T05:35:20+00:00","mainEntityOfPage":{"@id":"https:\/\/pmza.sk\/?p=53102"},"wordCount":711,"commentCount":3,"publisher":{"@id":"https:\/\/pmza.sk\/#organization"},"image":{"@id":"https:\/\/pmza.sk\/?p=53102#primaryimage"},"thumbnailUrl":"https:\/\/pmza.sk\/wp-content\/uploads\/2022\/09\/Tradicne-podujatie-ukoncuje-hlavnu-sezonu-na-Budatinskom-hrade.jpg","articleSection":["Podujatia"],"inLanguage":"sk-SK"},{"@type":"WebPage","@id":"https:\/\/pmza.sk\/?p=53102","url":"https:\/\/pmza.sk\/?p=53102","name":"Budat\u00ednsky r\u00ednok - Pova\u017esk\u00e9 m\u00fazeum","isPartOf":{"@id":"https:\/\/pmza.sk\/#website"},"primaryImageOfPage":{"@id":"https:\/\/pmza.sk\/?p=53102#primaryimage"},"image":{"@id":"https:\/\/pmza.sk\/?p=53102#primaryimage"},"thumbnailUrl":"https:\/\/pmza.sk\/wp-content\/uploads\/2022\/09\/Tradicne-podujatie-ukoncuje-hlavnu-sezonu-na-Budatinskom-hrade.jpg","datePublished":"2022-09-28T07:28:53+00:00","dateModified":"2022-10-17T05:35:20+00:00","description":"Remeseln\u00fd jarmok, koncerty, komentovan\u00e9 prehliadky, tvoriv\u00e9 dielne, divadlo a\u00a0mnoho \u010fal\u0161\u00edch aktiv\u00edt \u010dak\u00e1 n\u00e1v\u0161tevn\u00edkov na Budat\u00ednskom r\u00ednku. Ob\u013e\u00faben\u00e9 podujatie, ktor\u00fdm sa kon\u010d\u00ed hlavn\u00e1 sez\u00f3na v\u00a0are\u00e1li Budat\u00ednskeho hradu sa bude kona\u0165 v\u00a0sobotu 15. 10. 2022 po dvojro\u010dnej prest\u00e1vke.","breadcrumb":{"@id":"https:\/\/pmza.sk\/?p=53102#breadcrumb"},"inLanguage":"sk-SK","potentialAction":[{"@type":"ReadAction","target":["https:\/\/pmza.sk\/?p=53102"]}]},{"@type":"ImageObject","inLanguage":"sk-SK","@id":"https:\/\/pmza.sk\/?p=53102#primaryimage","url":"https:\/\/pmza.sk\/wp-content\/uploads\/2022\/09\/Tradicne-podujatie-ukoncuje-hlavnu-sezonu-na-Budatinskom-hrade.jpg","contentUrl":"https:\/\/pmza.sk\/wp-content\/uploads\/2022\/09\/Tradicne-podujatie-ukoncuje-hlavnu-sezonu-na-Budatinskom-hrade.jpg","width":1024,"height":683},{"@type":"BreadcrumbList","@id":"https:\/\/pmza.sk\/?p=53102#breadcrumb","itemListElement":[{"@type":"ListItem","position":1,"name":"Domovsk\u00e1 str\u00e1nka","item":"https:\/\/pmza.sk\/"},{"@type":"ListItem","position":2,"name":"Budat\u00ednsky r\u00ednok"}]},{"@type":"WebSite","@id":"https:\/\/pmza.sk\/#website","url":"https:\/\/pmza.sk\/","name":"Pova\u017esk\u00e9 m\u00fazeum","description":"Pova\u017esk\u00e9 m\u00fazeum v \u017diline je region\u00e1lne m\u00fazeum so s\u00eddlom v Budat\u00edne. Jeho expoz\u00edcie s\u00fa zameran\u00e9 na dejiny slovensk\u00e9ho umenia, kult\u00fary a dopravy.","publisher":{"@id":"https:\/\/pmza.sk\/#organization"},"potentialAction":[{"@type":"SearchAction","target":{"@type":"EntryPoint","urlTemplate":"https:\/\/pmza.sk\/?s={search_term_string}"},"query-input":{"@type":"PropertyValueSpecification","valueRequired":true,"valueName":"search_term_string"}}],"inLanguage":"sk-SK"},{"@type":"Organization","@id":"https:\/\/pmza.sk\/#organization","name":"Pova\u017esk\u00e9 m\u00fazeum","url":"https:\/\/pmza.sk\/","logo":{"@type":"ImageObject","inLanguage":"sk-SK","@id":"https:\/\/pmza.sk\/#\/schema\/logo\/image\/","url":"https:\/\/pmza.sk\/wp-content\/uploads\/2022\/01\/logo_PM_horizontal.jpg","contentUrl":"https:\/\/pmza.sk\/wp-content\/uploads\/2022\/01\/logo_PM_horizontal.jpg","width":231,"height":142,"caption":"Pova\u017esk\u00e9 m\u00fazeum"},"image":{"@id":"https:\/\/pmza.sk\/#\/schema\/logo\/image\/"},"sameAs":["https:\/\/www.facebook.com\/povazskemuzeum","https:\/\/www.instagram.com\/povazskemuzeum\/"]},{"@type":"Person","@id":"https:\/\/pmza.sk\/#\/schema\/person\/595e6a2ce731ea94dcd5d7f50a41ae33","name":"Pova\u017esk\u00e9 m\u00fazeum","image":{"@type":"ImageObject","inLanguage":"sk-SK","@id":"https:\/\/secure.gravatar.com\/avatar\/2bb7f1561282132fb5826dfeccc66c7996d11ee392ac6aaf7ced8a1c2027fbb2?s=96&d=mm&r=g","url":"https:\/\/secure.gravatar.com\/avatar\/2bb7f1561282132fb5826dfeccc66c7996d11ee392ac6aaf7ced8a1c2027fbb2?s=96&d=mm&r=g","contentUrl":"https:\/\/secure.gravatar.com\/avatar\/2bb7f1561282132fb5826dfeccc66c7996d11ee392ac6aaf7ced8a1c2027fbb2?s=96&d=mm&r=g","caption":"Pova\u017esk\u00e9 m\u00fazeum"}}]}},"_links":{"self":[{"href":"https:\/\/pmza.sk\/index.php?rest_route=\/wp\/v2\/posts\/53102","targetHints":{"allow":["GET"]}}],"collection":[{"href":"https:\/\/pmza.sk\/index.php?rest_route=\/wp\/v2\/posts"}],"about":[{"href":"https:\/\/pmza.sk\/index.php?rest_route=\/wp\/v2\/types\/post"}],"author":[{"embeddable":true,"href":"https:\/\/pmza.sk\/index.php?rest_route=\/wp\/v2\/users\/2"}],"replies":[{"embeddable":true,"href":"https:\/\/pmza.sk\/index.php?rest_route=%2Fwp%2Fv2%2Fcomments&post=53102"}],"version-history":[{"count":0,"href":"https:\/\/pmza.sk\/index.php?rest_route=\/wp\/v2\/posts\/53102\/revisions"}],"wp:featuredmedia":[{"embeddable":true,"href":"https:\/\/pmza.sk\/index.php?rest_route=\/wp\/v2\/media\/53103"}],"wp:attachment":[{"href":"https:\/\/pmza.sk\/index.php?rest_route=%2Fwp%2Fv2%2Fmedia&parent=53102"}],"wp:term":[{"taxonomy":"category","embeddable":true,"href":"https:\/\/pmza.sk\/index.php?rest_route=%2Fwp%2Fv2%2Fcategories&post=53102"},{"taxonomy":"post_tag","embeddable":true,"href":"https:\/\/pmza.sk\/index.php?rest_route=%2Fwp%2Fv2%2Ftags&post=53102"}],"curies":[{"name":"wp","href":"https:\/\/api.w.org\/{rel}","templated":true}]}}