{"id":53105,"date":"2022-09-28T09:31:46","date_gmt":"2022-09-28T07:31:46","guid":{"rendered":"https:\/\/pmza.sk\/?p=53105"},"modified":"2022-10-24T14:14:24","modified_gmt":"2022-10-24T12:14:24","slug":"noc-duchov-tekvic-a-strasidiel-5","status":"publish","type":"post","link":"https:\/\/pmza.sk\/?p=53105","title":{"rendered":"Noc duchov, tekv\u00edc a stra\u0161idiel"},"content":{"rendered":"<p>Tma, hradn\u00e9 z\u00e1kutia a tajomn\u00e9 bytosti v\u0161etk\u00fdch druhov spolu na jednom mieste. Viete si to predstavi\u0165? Za\u017eite s nami stra\u0161ideln\u00fa atmosf\u00e9ru stredovek\u00e9ho hradu! Pova\u017esk\u00e9 m\u00fazeum po dvoch rokoch op\u00e4\u0165 usporiada ob\u013e\u00faben\u00e9 podujatie, ktor\u00fdm ukon\u010duje sez\u00f3nu na hrade Stre\u010dno. V\u00a0sobotu 22. okt\u00f3bra ve\u010der bud\u00fa v\u00a0strehu v\u0161etky zmysly. S\u00fa zvuky a\u00a0preludy okolo v\u00e1s skuto\u010dn\u00e9 alebo sa s\u00a0vami stra\u0161idl\u00e1 zahr\u00e1vaj\u00fa? Pr\u00ed\u010fte sa presved\u010di\u0165! Na z\u00e1\u017eitkovej prehliadke Zlodeji na Stre\u010dne v\u00a0podan\u00ed skupiny historick\u00e9ho \u0161ermu Wagus sa dokonca dozviete, \u010di duchovia na hrade kradn\u00fa.<\/p>\n<p>Program bude naozaj pestr\u00fd a na svoje si pr\u00eddu aj chu\u0165ov\u00e9 poh\u00e1riky z\u00fa\u010dastnen\u00fdch. <em>\u201eOchutna\u0165 bud\u00fa m\u00f4c\u0165 dobroty, ktor\u00e9 priprav\u00ed Cech Terra de Selinan, a otvoren\u00fd bude aj Stra\u0161ibar so svojimi tradi\u010dne netradi\u010dn\u00fdmi lah\u00f4dkami. Ch\u00fdba\u0165 nebude skvel\u00e1 oh\u0148ov\u00e1 \u0161ou na n\u00e1dvor\u00ed v\u00a0preveden\u00ed Wagusu a\u00a0ve\u013ekolep\u00e1 projekcia na hradn\u00fdch m\u00faroch,\u201c<\/em> poz\u00fdva spr\u00e1vky\u0148a hradu Stre\u010dno Katar\u00edna Rep\u00e1\u0148ov\u00e1.<\/p>\n<p>Prehliadky sa bud\u00fa kona\u0165 od 17.00 do 21.00 ka\u017ed\u00fa pol hodinu a s\u00fa vhodn\u00e9 pre osoby star\u0161ie ako 10 rokov. Vstupenky je mo\u017en\u00e9 k\u00fapi\u0165 len cez predpredaj na: <a href=\"https:\/\/predpredaj.zoznam.sk\/sk\/listky\/noc-duchov-tekvic-strasidiel-2022\/\">https:\/\/predpredaj.zoznam.sk\/sk\/listky\/noc-duchov-tekvic-strasidiel-2022\/\u00a0<\/a><\/p>\n<p><img fetchpriority=\"high\" decoding=\"async\" class=\"alignnone size-medium wp-image-53117\" src=\"https:\/\/pmza.sk\/wp-content\/uploads\/2022\/09\/Noc_duchov_K2-255x360.jpg\" alt=\"\" width=\"255\" height=\"360\" srcset=\"https:\/\/pmza.sk\/wp-content\/uploads\/2022\/09\/Noc_duchov_K2-255x360.jpg 255w, https:\/\/pmza.sk\/wp-content\/uploads\/2022\/09\/Noc_duchov_K2-520x736.jpg 520w, https:\/\/pmza.sk\/wp-content\/uploads\/2022\/09\/Noc_duchov_K2-768x1086.jpg 768w, https:\/\/pmza.sk\/wp-content\/uploads\/2022\/09\/Noc_duchov_K2-1086x1536.jpg 1086w, https:\/\/pmza.sk\/wp-content\/uploads\/2022\/09\/Noc_duchov_K2-1448x2048.jpg 1448w, https:\/\/pmza.sk\/wp-content\/uploads\/2022\/09\/Noc_duchov_K2-600x849.jpg 600w, https:\/\/pmza.sk\/wp-content\/uploads\/2022\/09\/Noc_duchov_K2-scaled.jpg 1810w\" sizes=\"(max-width: 255px) 100vw, 255px\" \/><\/p>\n<p>Plag\u00e1t v plnej kvalite <a href=\"https:\/\/pmza.sk\/wp-content\/uploads\/2022\/09\/Noc_duchov_K2.pdf\">TU<\/a><\/p>\n<p>&nbsp;<\/p>\n","protected":false},"excerpt":{"rendered":"<p>Tma, hradn\u00e9 z\u00e1kutia a tajomn\u00e9 bytosti v\u0161etk\u00fdch druhov spolu na jednom mieste. Viete si to predstavi\u0165? Za\u017eite s nami stra\u0161ideln\u00fa atmosf\u00e9ru stredovek\u00e9ho hradu! Pova\u017esk\u00e9 m\u00fazeum po dvoch rokoch op\u00e4\u0165 usporiada ob\u013e\u00faben\u00e9 podujatie, ktor\u00fdm ukon\u010duje sez\u00f3nu na hrade Stre\u010dno. V\u00a0sobotu 22. okt\u00f3bra ve\u010der bud\u00fa v\u00a0strehu v\u0161etky zmysly. S\u00fa zvuky a\u00a0preludy okolo v\u00e1s skuto\u010dn\u00e9 alebo sa s\u00a0vami [&hellip;]<\/p>\n","protected":false},"author":2,"featured_media":53106,"comment_status":"open","ping_status":"open","sticky":false,"template":"","format":"standard","meta":{"site-sidebar-layout":"default","site-content-layout":"default","ast-site-content-layout":"","site-content-style":"default","site-sidebar-style":"default","ast-global-header-display":"","ast-banner-title-visibility":"","ast-main-header-display":"","ast-hfb-above-header-display":"","ast-hfb-below-header-display":"","ast-hfb-mobile-header-display":"","site-post-title":"","ast-breadcrumbs-content":"","ast-featured-img":"","footer-sml-layout":"","theme-transparent-header-meta":"default","adv-header-id-meta":"","stick-header-meta":"default","header-above-stick-meta":"","header-main-stick-meta":"","header-below-stick-meta":"","astra-migrate-meta-layouts":"default","ast-page-background-enabled":"default","ast-page-background-meta":{"desktop":{"background-color":"var(--ast-global-color-4)","background-image":"","background-repeat":"repeat","background-position":"center center","background-size":"auto","background-attachment":"scroll","background-type":"","background-media":"","overlay-type":"","overlay-color":"","overlay-opacity":"","overlay-gradient":""},"tablet":{"background-color":"","background-image":"","background-repeat":"repeat","background-position":"center center","background-size":"auto","background-attachment":"scroll","background-type":"","background-media":"","overlay-type":"","overlay-color":"","overlay-opacity":"","overlay-gradient":""},"mobile":{"background-color":"","background-image":"","background-repeat":"repeat","background-position":"center center","background-size":"auto","background-attachment":"scroll","background-type":"","background-media":"","overlay-type":"","overlay-color":"","overlay-opacity":"","overlay-gradient":""}},"ast-content-background-meta":{"desktop":{"background-color":"var(--ast-global-color-5)","background-image":"","background-repeat":"repeat","background-position":"center center","background-size":"auto","background-attachment":"scroll","background-type":"","background-media":"","overlay-type":"","overlay-color":"","overlay-opacity":"","overlay-gradient":""},"tablet":{"background-color":"var(--ast-global-color-5)","background-image":"","background-repeat":"repeat","background-position":"center center","background-size":"auto","background-attachment":"scroll","background-type":"","background-media":"","overlay-type":"","overlay-color":"","overlay-opacity":"","overlay-gradient":""},"mobile":{"background-color":"var(--ast-global-color-5)","background-image":"","background-repeat":"repeat","background-position":"center center","background-size":"auto","background-attachment":"scroll","background-type":"","background-media":"","overlay-type":"","overlay-color":"","overlay-opacity":"","overlay-gradient":""}},"footnotes":""},"categories":[71],"tags":[],"class_list":["post-53105","post","type-post","status-publish","format-standard","has-post-thumbnail","hentry","category-podujatia"],"yoast_head":"<!-- This site is optimized with the Yoast SEO plugin v27.4 - https:\/\/yoast.com\/product\/yoast-seo-wordpress\/ -->\n<title>Noc duchov, tekv\u00edc a stra\u0161idiel - Pova\u017esk\u00e9 m\u00fazeum<\/title>\n<meta name=\"robots\" content=\"index, follow, max-snippet:-1, max-image-preview:large, max-video-preview:-1\" \/>\n<link rel=\"canonical\" href=\"https:\/\/pmza.sk\/?p=53105\" \/>\n<meta property=\"og:locale\" content=\"sk_SK\" \/>\n<meta property=\"og:type\" content=\"article\" \/>\n<meta property=\"og:title\" content=\"Noc duchov, tekv\u00edc a stra\u0161idiel - Pova\u017esk\u00e9 m\u00fazeum\" \/>\n<meta property=\"og:description\" content=\"Tma, hradn\u00e9 z\u00e1kutia a tajomn\u00e9 bytosti v\u0161etk\u00fdch druhov spolu na jednom mieste. Viete si to predstavi\u0165? Za\u017eite s nami stra\u0161ideln\u00fa atmosf\u00e9ru stredovek\u00e9ho hradu! Pova\u017esk\u00e9 m\u00fazeum po dvoch rokoch op\u00e4\u0165 usporiada ob\u013e\u00faben\u00e9 podujatie, ktor\u00fdm ukon\u010duje sez\u00f3nu na hrade Stre\u010dno. V\u00a0sobotu 22. okt\u00f3bra ve\u010der bud\u00fa v\u00a0strehu v\u0161etky zmysly. S\u00fa zvuky a\u00a0preludy okolo v\u00e1s skuto\u010dn\u00e9 alebo sa s\u00a0vami [&hellip;]\" \/>\n<meta property=\"og:url\" content=\"https:\/\/pmza.sk\/?p=53105\" \/>\n<meta property=\"og:site_name\" content=\"Pova\u017esk\u00e9 m\u00fazeum\" \/>\n<meta property=\"article:publisher\" content=\"https:\/\/www.facebook.com\/povazskemuzeum\" \/>\n<meta property=\"article:published_time\" content=\"2022-09-28T07:31:46+00:00\" \/>\n<meta property=\"article:modified_time\" content=\"2022-10-24T12:14:24+00:00\" \/>\n<meta property=\"og:image\" content=\"https:\/\/pmza.sk\/wp-content\/uploads\/2022\/09\/strasidelna-atmosfera.jpg\" \/>\n\t<meta property=\"og:image:width\" content=\"1024\" \/>\n\t<meta property=\"og:image:height\" content=\"683\" \/>\n\t<meta property=\"og:image:type\" content=\"image\/jpeg\" \/>\n<meta name=\"author\" content=\"Pova\u017esk\u00e9 m\u00fazeum\" \/>\n<meta name=\"twitter:card\" content=\"summary_large_image\" \/>\n<meta name=\"twitter:label1\" content=\"Autor\" \/>\n\t<meta name=\"twitter:data1\" content=\"Pova\u017esk\u00e9 m\u00fazeum\" \/>\n\t<meta name=\"twitter:label2\" content=\"Predpokladan\u00fd \u010das \u010d\u00edtania\" \/>\n\t<meta name=\"twitter:data2\" content=\"1 min\u00fata\" \/>\n<script type=\"application\/ld+json\" class=\"yoast-schema-graph\">{\"@context\":\"https:\\\/\\\/schema.org\",\"@graph\":[{\"@type\":\"Article\",\"@id\":\"https:\\\/\\\/pmza.sk\\\/?p=53105#article\",\"isPartOf\":{\"@id\":\"https:\\\/\\\/pmza.sk\\\/?p=53105\"},\"author\":{\"name\":\"Pova\u017esk\u00e9 m\u00fazeum\",\"@id\":\"https:\\\/\\\/pmza.sk\\\/#\\\/schema\\\/person\\\/595e6a2ce731ea94dcd5d7f50a41ae33\"},\"headline\":\"Noc duchov, tekv\u00edc a stra\u0161idiel\",\"datePublished\":\"2022-09-28T07:31:46+00:00\",\"dateModified\":\"2022-10-24T12:14:24+00:00\",\"mainEntityOfPage\":{\"@id\":\"https:\\\/\\\/pmza.sk\\\/?p=53105\"},\"wordCount\":237,\"commentCount\":1,\"publisher\":{\"@id\":\"https:\\\/\\\/pmza.sk\\\/#organization\"},\"image\":{\"@id\":\"https:\\\/\\\/pmza.sk\\\/?p=53105#primaryimage\"},\"thumbnailUrl\":\"https:\\\/\\\/pmza.sk\\\/wp-content\\\/uploads\\\/2022\\\/09\\\/strasidelna-atmosfera.jpg\",\"articleSection\":[\"Podujatia\"],\"inLanguage\":\"sk-SK\"},{\"@type\":\"WebPage\",\"@id\":\"https:\\\/\\\/pmza.sk\\\/?p=53105\",\"url\":\"https:\\\/\\\/pmza.sk\\\/?p=53105\",\"name\":\"Noc duchov, tekv\u00edc a stra\u0161idiel - Pova\u017esk\u00e9 m\u00fazeum\",\"isPartOf\":{\"@id\":\"https:\\\/\\\/pmza.sk\\\/#website\"},\"primaryImageOfPage\":{\"@id\":\"https:\\\/\\\/pmza.sk\\\/?p=53105#primaryimage\"},\"image\":{\"@id\":\"https:\\\/\\\/pmza.sk\\\/?p=53105#primaryimage\"},\"thumbnailUrl\":\"https:\\\/\\\/pmza.sk\\\/wp-content\\\/uploads\\\/2022\\\/09\\\/strasidelna-atmosfera.jpg\",\"datePublished\":\"2022-09-28T07:31:46+00:00\",\"dateModified\":\"2022-10-24T12:14:24+00:00\",\"breadcrumb\":{\"@id\":\"https:\\\/\\\/pmza.sk\\\/?p=53105#breadcrumb\"},\"inLanguage\":\"sk-SK\",\"potentialAction\":[{\"@type\":\"ReadAction\",\"target\":[\"https:\\\/\\\/pmza.sk\\\/?p=53105\"]}]},{\"@type\":\"ImageObject\",\"inLanguage\":\"sk-SK\",\"@id\":\"https:\\\/\\\/pmza.sk\\\/?p=53105#primaryimage\",\"url\":\"https:\\\/\\\/pmza.sk\\\/wp-content\\\/uploads\\\/2022\\\/09\\\/strasidelna-atmosfera.jpg\",\"contentUrl\":\"https:\\\/\\\/pmza.sk\\\/wp-content\\\/uploads\\\/2022\\\/09\\\/strasidelna-atmosfera.jpg\",\"width\":1024,\"height\":683},{\"@type\":\"BreadcrumbList\",\"@id\":\"https:\\\/\\\/pmza.sk\\\/?p=53105#breadcrumb\",\"itemListElement\":[{\"@type\":\"ListItem\",\"position\":1,\"name\":\"Domovsk\u00e1 str\u00e1nka\",\"item\":\"https:\\\/\\\/pmza.sk\\\/\"},{\"@type\":\"ListItem\",\"position\":2,\"name\":\"Noc duchov, tekv\u00edc a stra\u0161idiel\"}]},{\"@type\":\"WebSite\",\"@id\":\"https:\\\/\\\/pmza.sk\\\/#website\",\"url\":\"https:\\\/\\\/pmza.sk\\\/\",\"name\":\"Pova\u017esk\u00e9 m\u00fazeum\",\"description\":\"Pova\u017esk\u00e9 m\u00fazeum v \u017diline je region\u00e1lne m\u00fazeum so s\u00eddlom v Budat\u00edne. Jeho expoz\u00edcie s\u00fa zameran\u00e9 na dejiny slovensk\u00e9ho umenia, kult\u00fary a dopravy.\",\"publisher\":{\"@id\":\"https:\\\/\\\/pmza.sk\\\/#organization\"},\"potentialAction\":[{\"@type\":\"SearchAction\",\"target\":{\"@type\":\"EntryPoint\",\"urlTemplate\":\"https:\\\/\\\/pmza.sk\\\/?s={search_term_string}\"},\"query-input\":{\"@type\":\"PropertyValueSpecification\",\"valueRequired\":true,\"valueName\":\"search_term_string\"}}],\"inLanguage\":\"sk-SK\"},{\"@type\":\"Organization\",\"@id\":\"https:\\\/\\\/pmza.sk\\\/#organization\",\"name\":\"Pova\u017esk\u00e9 m\u00fazeum\",\"url\":\"https:\\\/\\\/pmza.sk\\\/\",\"logo\":{\"@type\":\"ImageObject\",\"inLanguage\":\"sk-SK\",\"@id\":\"https:\\\/\\\/pmza.sk\\\/#\\\/schema\\\/logo\\\/image\\\/\",\"url\":\"https:\\\/\\\/pmza.sk\\\/wp-content\\\/uploads\\\/2022\\\/01\\\/logo_PM_horizontal.jpg\",\"contentUrl\":\"https:\\\/\\\/pmza.sk\\\/wp-content\\\/uploads\\\/2022\\\/01\\\/logo_PM_horizontal.jpg\",\"width\":231,\"height\":142,\"caption\":\"Pova\u017esk\u00e9 m\u00fazeum\"},\"image\":{\"@id\":\"https:\\\/\\\/pmza.sk\\\/#\\\/schema\\\/logo\\\/image\\\/\"},\"sameAs\":[\"https:\\\/\\\/www.facebook.com\\\/povazskemuzeum\",\"https:\\\/\\\/www.instagram.com\\\/povazskemuzeum\\\/\"]},{\"@type\":\"Person\",\"@id\":\"https:\\\/\\\/pmza.sk\\\/#\\\/schema\\\/person\\\/595e6a2ce731ea94dcd5d7f50a41ae33\",\"name\":\"Pova\u017esk\u00e9 m\u00fazeum\",\"image\":{\"@type\":\"ImageObject\",\"inLanguage\":\"sk-SK\",\"@id\":\"https:\\\/\\\/secure.gravatar.com\\\/avatar\\\/2bb7f1561282132fb5826dfeccc66c7996d11ee392ac6aaf7ced8a1c2027fbb2?s=96&d=mm&r=g\",\"url\":\"https:\\\/\\\/secure.gravatar.com\\\/avatar\\\/2bb7f1561282132fb5826dfeccc66c7996d11ee392ac6aaf7ced8a1c2027fbb2?s=96&d=mm&r=g\",\"contentUrl\":\"https:\\\/\\\/secure.gravatar.com\\\/avatar\\\/2bb7f1561282132fb5826dfeccc66c7996d11ee392ac6aaf7ced8a1c2027fbb2?s=96&d=mm&r=g\",\"caption\":\"Pova\u017esk\u00e9 m\u00fazeum\"}}]}<\/script>\n<!-- \/ Yoast SEO plugin. -->","yoast_head_json":{"title":"Noc duchov, tekv\u00edc a stra\u0161idiel - Pova\u017esk\u00e9 m\u00fazeum","robots":{"index":"index","follow":"follow","max-snippet":"max-snippet:-1","max-image-preview":"max-image-preview:large","max-video-preview":"max-video-preview:-1"},"canonical":"https:\/\/pmza.sk\/?p=53105","og_locale":"sk_SK","og_type":"article","og_title":"Noc duchov, tekv\u00edc a stra\u0161idiel - Pova\u017esk\u00e9 m\u00fazeum","og_description":"Tma, hradn\u00e9 z\u00e1kutia a tajomn\u00e9 bytosti v\u0161etk\u00fdch druhov spolu na jednom mieste. Viete si to predstavi\u0165? Za\u017eite s nami stra\u0161ideln\u00fa atmosf\u00e9ru stredovek\u00e9ho hradu! Pova\u017esk\u00e9 m\u00fazeum po dvoch rokoch op\u00e4\u0165 usporiada ob\u013e\u00faben\u00e9 podujatie, ktor\u00fdm ukon\u010duje sez\u00f3nu na hrade Stre\u010dno. V\u00a0sobotu 22. okt\u00f3bra ve\u010der bud\u00fa v\u00a0strehu v\u0161etky zmysly. S\u00fa zvuky a\u00a0preludy okolo v\u00e1s skuto\u010dn\u00e9 alebo sa s\u00a0vami [&hellip;]","og_url":"https:\/\/pmza.sk\/?p=53105","og_site_name":"Pova\u017esk\u00e9 m\u00fazeum","article_publisher":"https:\/\/www.facebook.com\/povazskemuzeum","article_published_time":"2022-09-28T07:31:46+00:00","article_modified_time":"2022-10-24T12:14:24+00:00","og_image":[{"width":1024,"height":683,"url":"https:\/\/pmza.sk\/wp-content\/uploads\/2022\/09\/strasidelna-atmosfera.jpg","type":"image\/jpeg"}],"author":"Pova\u017esk\u00e9 m\u00fazeum","twitter_card":"summary_large_image","twitter_misc":{"Autor":"Pova\u017esk\u00e9 m\u00fazeum","Predpokladan\u00fd \u010das \u010d\u00edtania":"1 min\u00fata"},"schema":{"@context":"https:\/\/schema.org","@graph":[{"@type":"Article","@id":"https:\/\/pmza.sk\/?p=53105#article","isPartOf":{"@id":"https:\/\/pmza.sk\/?p=53105"},"author":{"name":"Pova\u017esk\u00e9 m\u00fazeum","@id":"https:\/\/pmza.sk\/#\/schema\/person\/595e6a2ce731ea94dcd5d7f50a41ae33"},"headline":"Noc duchov, tekv\u00edc a stra\u0161idiel","datePublished":"2022-09-28T07:31:46+00:00","dateModified":"2022-10-24T12:14:24+00:00","mainEntityOfPage":{"@id":"https:\/\/pmza.sk\/?p=53105"},"wordCount":237,"commentCount":1,"publisher":{"@id":"https:\/\/pmza.sk\/#organization"},"image":{"@id":"https:\/\/pmza.sk\/?p=53105#primaryimage"},"thumbnailUrl":"https:\/\/pmza.sk\/wp-content\/uploads\/2022\/09\/strasidelna-atmosfera.jpg","articleSection":["Podujatia"],"inLanguage":"sk-SK"},{"@type":"WebPage","@id":"https:\/\/pmza.sk\/?p=53105","url":"https:\/\/pmza.sk\/?p=53105","name":"Noc duchov, tekv\u00edc a stra\u0161idiel - Pova\u017esk\u00e9 m\u00fazeum","isPartOf":{"@id":"https:\/\/pmza.sk\/#website"},"primaryImageOfPage":{"@id":"https:\/\/pmza.sk\/?p=53105#primaryimage"},"image":{"@id":"https:\/\/pmza.sk\/?p=53105#primaryimage"},"thumbnailUrl":"https:\/\/pmza.sk\/wp-content\/uploads\/2022\/09\/strasidelna-atmosfera.jpg","datePublished":"2022-09-28T07:31:46+00:00","dateModified":"2022-10-24T12:14:24+00:00","breadcrumb":{"@id":"https:\/\/pmza.sk\/?p=53105#breadcrumb"},"inLanguage":"sk-SK","potentialAction":[{"@type":"ReadAction","target":["https:\/\/pmza.sk\/?p=53105"]}]},{"@type":"ImageObject","inLanguage":"sk-SK","@id":"https:\/\/pmza.sk\/?p=53105#primaryimage","url":"https:\/\/pmza.sk\/wp-content\/uploads\/2022\/09\/strasidelna-atmosfera.jpg","contentUrl":"https:\/\/pmza.sk\/wp-content\/uploads\/2022\/09\/strasidelna-atmosfera.jpg","width":1024,"height":683},{"@type":"BreadcrumbList","@id":"https:\/\/pmza.sk\/?p=53105#breadcrumb","itemListElement":[{"@type":"ListItem","position":1,"name":"Domovsk\u00e1 str\u00e1nka","item":"https:\/\/pmza.sk\/"},{"@type":"ListItem","position":2,"name":"Noc duchov, tekv\u00edc a stra\u0161idiel"}]},{"@type":"WebSite","@id":"https:\/\/pmza.sk\/#website","url":"https:\/\/pmza.sk\/","name":"Pova\u017esk\u00e9 m\u00fazeum","description":"Pova\u017esk\u00e9 m\u00fazeum v \u017diline je region\u00e1lne m\u00fazeum so s\u00eddlom v Budat\u00edne. Jeho expoz\u00edcie s\u00fa zameran\u00e9 na dejiny slovensk\u00e9ho umenia, kult\u00fary a dopravy.","publisher":{"@id":"https:\/\/pmza.sk\/#organization"},"potentialAction":[{"@type":"SearchAction","target":{"@type":"EntryPoint","urlTemplate":"https:\/\/pmza.sk\/?s={search_term_string}"},"query-input":{"@type":"PropertyValueSpecification","valueRequired":true,"valueName":"search_term_string"}}],"inLanguage":"sk-SK"},{"@type":"Organization","@id":"https:\/\/pmza.sk\/#organization","name":"Pova\u017esk\u00e9 m\u00fazeum","url":"https:\/\/pmza.sk\/","logo":{"@type":"ImageObject","inLanguage":"sk-SK","@id":"https:\/\/pmza.sk\/#\/schema\/logo\/image\/","url":"https:\/\/pmza.sk\/wp-content\/uploads\/2022\/01\/logo_PM_horizontal.jpg","contentUrl":"https:\/\/pmza.sk\/wp-content\/uploads\/2022\/01\/logo_PM_horizontal.jpg","width":231,"height":142,"caption":"Pova\u017esk\u00e9 m\u00fazeum"},"image":{"@id":"https:\/\/pmza.sk\/#\/schema\/logo\/image\/"},"sameAs":["https:\/\/www.facebook.com\/povazskemuzeum","https:\/\/www.instagram.com\/povazskemuzeum\/"]},{"@type":"Person","@id":"https:\/\/pmza.sk\/#\/schema\/person\/595e6a2ce731ea94dcd5d7f50a41ae33","name":"Pova\u017esk\u00e9 m\u00fazeum","image":{"@type":"ImageObject","inLanguage":"sk-SK","@id":"https:\/\/secure.gravatar.com\/avatar\/2bb7f1561282132fb5826dfeccc66c7996d11ee392ac6aaf7ced8a1c2027fbb2?s=96&d=mm&r=g","url":"https:\/\/secure.gravatar.com\/avatar\/2bb7f1561282132fb5826dfeccc66c7996d11ee392ac6aaf7ced8a1c2027fbb2?s=96&d=mm&r=g","contentUrl":"https:\/\/secure.gravatar.com\/avatar\/2bb7f1561282132fb5826dfeccc66c7996d11ee392ac6aaf7ced8a1c2027fbb2?s=96&d=mm&r=g","caption":"Pova\u017esk\u00e9 m\u00fazeum"}}]}},"_links":{"self":[{"href":"https:\/\/pmza.sk\/index.php?rest_route=\/wp\/v2\/posts\/53105","targetHints":{"allow":["GET"]}}],"collection":[{"href":"https:\/\/pmza.sk\/index.php?rest_route=\/wp\/v2\/posts"}],"about":[{"href":"https:\/\/pmza.sk\/index.php?rest_route=\/wp\/v2\/types\/post"}],"author":[{"embeddable":true,"href":"https:\/\/pmza.sk\/index.php?rest_route=\/wp\/v2\/users\/2"}],"replies":[{"embeddable":true,"href":"https:\/\/pmza.sk\/index.php?rest_route=%2Fwp%2Fv2%2Fcomments&post=53105"}],"version-history":[{"count":0,"href":"https:\/\/pmza.sk\/index.php?rest_route=\/wp\/v2\/posts\/53105\/revisions"}],"wp:featuredmedia":[{"embeddable":true,"href":"https:\/\/pmza.sk\/index.php?rest_route=\/wp\/v2\/media\/53106"}],"wp:attachment":[{"href":"https:\/\/pmza.sk\/index.php?rest_route=%2Fwp%2Fv2%2Fmedia&parent=53105"}],"wp:term":[{"taxonomy":"category","embeddable":true,"href":"https:\/\/pmza.sk\/index.php?rest_route=%2Fwp%2Fv2%2Fcategories&post=53105"},{"taxonomy":"post_tag","embeddable":true,"href":"https:\/\/pmza.sk\/index.php?rest_route=%2Fwp%2Fv2%2Ftags&post=53105"}],"curies":[{"name":"wp","href":"https:\/\/api.w.org\/{rel}","templated":true}]}}