{"id":53255,"date":"2022-10-05T13:52:41","date_gmt":"2022-10-05T11:52:41","guid":{"rendered":"https:\/\/pmza.sk\/?p=53255"},"modified":"2025-05-15T07:09:00","modified_gmt":"2025-05-15T05:09:00","slug":"archeologicky-vyskum-kastiela-v-bytci-ukoncil-druhu-sezonu","status":"publish","type":"post","link":"https:\/\/pmza.sk\/?p=53255","title":{"rendered":"Archeologick\u00fd v\u00fdskum ka\u0161tie\u013ea v Byt\u010di ukon\u010dil druh\u00fa sez\u00f3nu"},"content":{"rendered":"<p>V polovici septembra \u00faspe\u0161ne skon\u010dila druh\u00e1 etapa archeologick\u00e9ho v\u00fdskum ka\u0161tie\u013ea v\u00a0Byt\u010di. T\u00e1 sa po v\u00fdsledkoch z minul\u00e9ho roku preniesla na n\u00e1dvorie. N\u00e1dvorie ka\u0161tie\u013ea bolo sk\u00faman\u00e9 od druhej polovice m\u00e1ja a\u017e do polovice septembra. Cie\u013eom druhej sez\u00f3ny archeologick\u00e9ho v\u00fdskumu bolo objasni\u0165 situ\u00e1ciu, ktor\u00e1 sa v prv\u00fdch zis\u0165ovac\u00edch sond\u00e1ch na n\u00e1dvor\u00ed objavila u\u017e vlani. Dnes u\u017e mo\u017eno kon\u0161tatova\u0165, \u017ee s\u00fa\u010dasn\u00fd ka\u0161tie\u013e je minim\u00e1lne tre\u0165ou podobou honosn\u00e9ho s\u00eddla, ktor\u00e9 na tomto mieste st\u00e1lo. Z o nie\u010do star\u0161ieho objektu poch\u00e1dza rozsiahla pivnica, ktor\u00e1 mala vstup i okienko zo severnej strany n\u00e1dvoria. V \u00faplnom z\u00e1vere v\u00fdskumu, doslova po\u010das posledn\u00e9ho d\u0148a sa podarilo zdokumentova\u0165 v\u0161etky \u0161tyri steny pivnice a ur\u010di\u0165 tak jej rozmery, ktor\u00e9 dosahuj\u00fa 7 x 8 m. Zd\u00e1 sa, \u017ee ju\u017en\u00e1 stena pivnice bola opravovan\u00e1, o \u010dom sved\u010d\u00ed dvojf\u00e1zov\u00e9 murivo zachyten\u00e9 v jednej zo sond. E\u0161te star\u0161iu f\u00e1zu (av\u0161ak nie je ist\u00e9, \u010di aj najstar\u0161iu) reprezentuje rozsiahly objekt, ktor\u00fd pozost\u00e1val z do \u00edlu kladen\u00e9ho muriva sl\u00fa\u017eiaceho ako podmurovka inak zrejme drevozemnej stavby s mazanicou omietan\u00fdmi stenami. Mohlo \u00eds\u0165 o ak\u00fasi hrazden\u00fa ve\u017eu, ktor\u00e1 evidentne zanikla v mohutnom po\u017eiari a jej pozostatky boli n\u00e1sledne rozplan\u00edrovan\u00e9 na zhorenisku. Pod\u013ea keramiky, ktor\u00e1 z tohto objektu poch\u00e1dza k z\u00e1niku hrazdenej ve\u017ee do\u0161lo v priebehu 15. stor., najpravdepodobnej\u0161ie v jeho polovici. \u017de objekt v \u010dase, ke\u010f n\u00e1hle zanikol bol vyu\u017e\u00edvan\u00fd sved\u010dia viacer\u00e9 n\u00e1doby n\u00e1jden\u00e9 v p\u00f4vodnej polohe (<em>in situ<\/em>), ale i\u00a0nezanedbate\u013en\u00e9 mno\u017estvo zuho\u013enaten\u00fdch zvy\u0161kov potravinov\u00fdch z\u00e1sob v\u00a0podobe r\u00f4znych obiln\u00edn. Hnute\u013en\u00e9 archeologick\u00e9 n\u00e1lezy, ktor\u00e9 z\u00a0n\u00e1dvoria ka\u0161tie\u013ea poch\u00e1dzaj\u00fa boli prevezen\u00e9 do priestorov Pova\u017esk\u00e9ho m\u00fazea, kde bud\u00fa podroben\u00e9 o\u0161etreniu. Keramika bude rekon\u0161truovan\u00e1, kovov\u00e9 predmety o\u010disten\u00e9 a\u00a0zakonzervovan\u00e9. Zvy\u0161ky obiln\u00edn bud\u00fa roztrieden\u00e9 pod\u013ea druhu.<\/p>\n<p>Archeologick\u00fd v\u00fdskum realizovalo Pova\u017esk\u00e9 m\u00fazeum, Kysuck\u00e9 m\u00fazeum a\u00a0Slovensk\u00e9 n\u00e1rodn\u00e9 m\u00fazeum v\u00a0Martine. Tretia sez\u00f3na by mala pokra\u010dova\u0165 i\u00a0v\u00a0nasleduj\u00facom roku a\u00a0mala by sa s\u00fastredi\u0165 na sk\u00famanie park\u00e1nov\u00e9ho priestoru a\u00a0mostov.<\/p>\n<p>V\u00fdskumn\u00fd t\u00edm:<\/p>\n<p>PhDr. Zuzana Stanekov\u00e1 (ved\u00faca arch. v\u00fdskumu)<\/p>\n<p>Mgr. Danka Majer\u010d\u00edkov\u00e1, Mgr. Marek Both (odborn\u00ed technici)<\/p>\n<figure id=\"attachment_53257\" aria-describedby=\"caption-attachment-53257\" style=\"width: 480px\" class=\"wp-caption alignnone\"><img fetchpriority=\"high\" decoding=\"async\" class=\"wp-image-53257 size-medium\" src=\"https:\/\/pmza.sk\/wp-content\/uploads\/2022\/10\/Dve-stavebne-fazy-pivnice-z-predthurzovskej-etapy-480x360.jpg\" alt=\"Dve stavebn\u00e9 f\u00e1zy pivnice z predthurzovskej etapy\" width=\"480\" height=\"360\" srcset=\"https:\/\/pmza.sk\/wp-content\/uploads\/2022\/10\/Dve-stavebne-fazy-pivnice-z-predthurzovskej-etapy-480x360.jpg 480w, https:\/\/pmza.sk\/wp-content\/uploads\/2022\/10\/Dve-stavebne-fazy-pivnice-z-predthurzovskej-etapy-980x736.jpg 980w, https:\/\/pmza.sk\/wp-content\/uploads\/2022\/10\/Dve-stavebne-fazy-pivnice-z-predthurzovskej-etapy-768x577.jpg 768w, https:\/\/pmza.sk\/wp-content\/uploads\/2022\/10\/Dve-stavebne-fazy-pivnice-z-predthurzovskej-etapy-1536x1153.jpg 1536w, https:\/\/pmza.sk\/wp-content\/uploads\/2022\/10\/Dve-stavebne-fazy-pivnice-z-predthurzovskej-etapy-2048x1538.jpg 2048w, https:\/\/pmza.sk\/wp-content\/uploads\/2022\/10\/Dve-stavebne-fazy-pivnice-z-predthurzovskej-etapy-600x450.jpg 600w\" sizes=\"(max-width: 480px) 100vw, 480px\" \/><figcaption id=\"caption-attachment-53257\" class=\"wp-caption-text\">Dve stavebn\u00e9 f\u00e1zy pivnice z predthurzovskej etapy<\/figcaption><\/figure>\n<figure id=\"attachment_53256\" aria-describedby=\"caption-attachment-53256\" style=\"width: 480px\" class=\"wp-caption alignnone\"><img decoding=\"async\" class=\"wp-image-53256 size-medium\" src=\"https:\/\/pmza.sk\/wp-content\/uploads\/2022\/10\/Do-ilu-kladena-kamenna-podmurovka-hrazdenej-veze-so-zachytenym-narozim-480x360.jpg\" alt=\"\" width=\"480\" height=\"360\" srcset=\"https:\/\/pmza.sk\/wp-content\/uploads\/2022\/10\/Do-ilu-kladena-kamenna-podmurovka-hrazdenej-veze-so-zachytenym-narozim-480x360.jpg 480w, https:\/\/pmza.sk\/wp-content\/uploads\/2022\/10\/Do-ilu-kladena-kamenna-podmurovka-hrazdenej-veze-so-zachytenym-narozim-980x736.jpg 980w, https:\/\/pmza.sk\/wp-content\/uploads\/2022\/10\/Do-ilu-kladena-kamenna-podmurovka-hrazdenej-veze-so-zachytenym-narozim-768x577.jpg 768w, https:\/\/pmza.sk\/wp-content\/uploads\/2022\/10\/Do-ilu-kladena-kamenna-podmurovka-hrazdenej-veze-so-zachytenym-narozim-1536x1153.jpg 1536w, https:\/\/pmza.sk\/wp-content\/uploads\/2022\/10\/Do-ilu-kladena-kamenna-podmurovka-hrazdenej-veze-so-zachytenym-narozim-2048x1538.jpg 2048w, https:\/\/pmza.sk\/wp-content\/uploads\/2022\/10\/Do-ilu-kladena-kamenna-podmurovka-hrazdenej-veze-so-zachytenym-narozim-600x450.jpg 600w\" sizes=\"(max-width: 480px) 100vw, 480px\" \/><figcaption id=\"caption-attachment-53256\" class=\"wp-caption-text\">Do \u00edlu kladen\u00e1 kamenn\u00e1 podmurovka hrazdenej ve\u017ee so zachyten\u00fdm n\u00e1ro\u017e\u00edm<\/figcaption><\/figure>\n<figure id=\"attachment_53259\" aria-describedby=\"caption-attachment-53259\" style=\"width: 570px\" class=\"wp-caption alignnone\"><img decoding=\"async\" class=\"wp-image-53259 size-medium\" src=\"https:\/\/pmza.sk\/wp-content\/uploads\/2022\/10\/Fragmenty-goticky-kachliic-s-Madonnou-alebo-sv.-Katarinou-570x324.jpg\" alt=\"\" width=\"570\" height=\"324\" srcset=\"https:\/\/pmza.sk\/wp-content\/uploads\/2022\/10\/Fragmenty-goticky-kachliic-s-Madonnou-alebo-sv.-Katarinou-570x324.jpg 570w, https:\/\/pmza.sk\/wp-content\/uploads\/2022\/10\/Fragmenty-goticky-kachliic-s-Madonnou-alebo-sv.-Katarinou-1170x666.jpg 1170w, https:\/\/pmza.sk\/wp-content\/uploads\/2022\/10\/Fragmenty-goticky-kachliic-s-Madonnou-alebo-sv.-Katarinou-768x437.jpg 768w, https:\/\/pmza.sk\/wp-content\/uploads\/2022\/10\/Fragmenty-goticky-kachliic-s-Madonnou-alebo-sv.-Katarinou-600x341.jpg 600w, https:\/\/pmza.sk\/wp-content\/uploads\/2022\/10\/Fragmenty-goticky-kachliic-s-Madonnou-alebo-sv.-Katarinou.jpg 1197w\" sizes=\"(max-width: 570px) 100vw, 570px\" \/><figcaption id=\"caption-attachment-53259\" class=\"wp-caption-text\">Fragmenty gotick\u00fdch kachl\u00edc s Madonnou alebo sv. Katar\u00ednou<\/figcaption><\/figure>\n<figure id=\"attachment_53260\" aria-describedby=\"caption-attachment-53260\" style=\"width: 570px\" class=\"wp-caption alignnone\"><img loading=\"lazy\" decoding=\"async\" class=\"wp-image-53260 size-medium\" src=\"https:\/\/pmza.sk\/wp-content\/uploads\/2022\/10\/Terenna-situacia-s-planom-sond.-Zlta-oznacuje-archeologicke-sondy-ostatne-farby-oznacuju-jednotlive-objavene-architektury-570x247.jpg\" alt=\"\" width=\"570\" height=\"247\" srcset=\"https:\/\/pmza.sk\/wp-content\/uploads\/2022\/10\/Terenna-situacia-s-planom-sond.-Zlta-oznacuje-archeologicke-sondy-ostatne-farby-oznacuju-jednotlive-objavene-architektury-570x247.jpg 570w, https:\/\/pmza.sk\/wp-content\/uploads\/2022\/10\/Terenna-situacia-s-planom-sond.-Zlta-oznacuje-archeologicke-sondy-ostatne-farby-oznacuju-jednotlive-objavene-architektury-1170x508.jpg 1170w, https:\/\/pmza.sk\/wp-content\/uploads\/2022\/10\/Terenna-situacia-s-planom-sond.-Zlta-oznacuje-archeologicke-sondy-ostatne-farby-oznacuju-jednotlive-objavene-architektury-768x333.jpg 768w, https:\/\/pmza.sk\/wp-content\/uploads\/2022\/10\/Terenna-situacia-s-planom-sond.-Zlta-oznacuje-archeologicke-sondy-ostatne-farby-oznacuju-jednotlive-objavene-architektury-1536x667.jpg 1536w, https:\/\/pmza.sk\/wp-content\/uploads\/2022\/10\/Terenna-situacia-s-planom-sond.-Zlta-oznacuje-archeologicke-sondy-ostatne-farby-oznacuju-jednotlive-objavene-architektury-600x261.jpg 600w, https:\/\/pmza.sk\/wp-content\/uploads\/2022\/10\/Terenna-situacia-s-planom-sond.-Zlta-oznacuje-archeologicke-sondy-ostatne-farby-oznacuju-jednotlive-objavene-architektury.jpg 1914w\" sizes=\"(max-width: 570px) 100vw, 570px\" \/><figcaption id=\"caption-attachment-53260\" class=\"wp-caption-text\">Ter\u00e9nna situ\u00e1cia s pl\u00e1nom sond. \u017dlt\u00e1 ozna\u010duje archeologick\u00e9 sondy, ostatn\u00e9 farby ozna\u010duj\u00fa jednotliv\u00e9 objaven\u00e9 architekt\u00fary.<\/figcaption><\/figure>\n<figure id=\"attachment_53261\" aria-describedby=\"caption-attachment-53261\" style=\"width: 280px\" class=\"wp-caption alignnone\"><img loading=\"lazy\" decoding=\"async\" class=\"wp-image-53261 size-medium\" src=\"https:\/\/pmza.sk\/wp-content\/uploads\/2022\/10\/Matej-Korvin-1464-strieborny-denar-280x360.jpg\" alt=\"\" width=\"280\" height=\"360\" srcset=\"https:\/\/pmza.sk\/wp-content\/uploads\/2022\/10\/Matej-Korvin-1464-strieborny-denar-280x360.jpg 280w, https:\/\/pmza.sk\/wp-content\/uploads\/2022\/10\/Matej-Korvin-1464-strieborny-denar.jpg 425w\" sizes=\"(max-width: 280px) 100vw, 280px\" \/><figcaption id=\"caption-attachment-53261\" class=\"wp-caption-text\">Matej Korv\u00edn 1464 strieborn\u00fd den\u00e1r<\/figcaption><\/figure>\n","protected":false},"excerpt":{"rendered":"<p>V polovici septembra \u00faspe\u0161ne skon\u010dila druh\u00e1 etapa archeologick\u00e9ho v\u00fdskum ka\u0161tie\u013ea v\u00a0Byt\u010di. T\u00e1 sa po v\u00fdsledkoch z minul\u00e9ho roku preniesla na n\u00e1dvorie. N\u00e1dvorie ka\u0161tie\u013ea bolo sk\u00faman\u00e9 od druhej polovice m\u00e1ja a\u017e do polovice septembra. Cie\u013eom druhej sez\u00f3ny archeologick\u00e9ho v\u00fdskumu bolo objasni\u0165 situ\u00e1ciu, ktor\u00e1 sa v prv\u00fdch zis\u0165ovac\u00edch sond\u00e1ch na n\u00e1dvor\u00ed objavila u\u017e vlani. Dnes u\u017e mo\u017eno [&hellip;]<\/p>\n","protected":false},"author":2,"featured_media":53256,"comment_status":"closed","ping_status":"closed","sticky":false,"template":"","format":"standard","meta":{"site-sidebar-layout":"default","site-content-layout":"default","ast-site-content-layout":"default","site-content-style":"default","site-sidebar-style":"default","ast-global-header-display":"","ast-banner-title-visibility":"","ast-main-header-display":"","ast-hfb-above-header-display":"","ast-hfb-below-header-display":"","ast-hfb-mobile-header-display":"","site-post-title":"","ast-breadcrumbs-content":"","ast-featured-img":"","footer-sml-layout":"","theme-transparent-header-meta":"default","adv-header-id-meta":"","stick-header-meta":"default","header-above-stick-meta":"","header-main-stick-meta":"","header-below-stick-meta":"","astra-migrate-meta-layouts":"set","ast-page-background-enabled":"default","ast-page-background-meta":{"desktop":{"background-color":"var(--ast-global-color-4)","background-image":"","background-repeat":"repeat","background-position":"center center","background-size":"auto","background-attachment":"scroll","background-type":"","background-media":"","overlay-type":"","overlay-color":"","overlay-opacity":"","overlay-gradient":""},"tablet":{"background-color":"","background-image":"","background-repeat":"repeat","background-position":"center center","background-size":"auto","background-attachment":"scroll","background-type":"","background-media":"","overlay-type":"","overlay-color":"","overlay-opacity":"","overlay-gradient":""},"mobile":{"background-color":"","background-image":"","background-repeat":"repeat","background-position":"center center","background-size":"auto","background-attachment":"scroll","background-type":"","background-media":"","overlay-type":"","overlay-color":"","overlay-opacity":"","overlay-gradient":""}},"ast-content-background-meta":{"desktop":{"background-color":"var(--ast-global-color-5)","background-image":"","background-repeat":"repeat","background-position":"center center","background-size":"auto","background-attachment":"scroll","background-type":"","background-media":"","overlay-type":"","overlay-color":"","overlay-opacity":"","overlay-gradient":""},"tablet":{"background-color":"var(--ast-global-color-5)","background-image":"","background-repeat":"repeat","background-position":"center center","background-size":"auto","background-attachment":"scroll","background-type":"","background-media":"","overlay-type":"","overlay-color":"","overlay-opacity":"","overlay-gradient":""},"mobile":{"background-color":"var(--ast-global-color-5)","background-image":"","background-repeat":"repeat","background-position":"center center","background-size":"auto","background-attachment":"scroll","background-type":"","background-media":"","overlay-type":"","overlay-color":"","overlay-opacity":"","overlay-gradient":""}},"footnotes":""},"categories":[31],"tags":[],"class_list":["post-53255","post","type-post","status-publish","format-standard","has-post-thumbnail","hentry","category-aktuality"],"yoast_head":"<!-- This site is optimized with the Yoast SEO plugin v27.4 - https:\/\/yoast.com\/product\/yoast-seo-wordpress\/ -->\n<title>Archeologick\u00fd v\u00fdskum ka\u0161tie\u013ea v Byt\u010di ukon\u010dil druh\u00fa sez\u00f3nu - Pova\u017esk\u00e9 m\u00fazeum<\/title>\n<meta name=\"description\" content=\"V polovici septembra \u00faspe\u0161ne skon\u010dila druh\u00e1 etapa archeologick\u00e9ho v\u00fdskum ka\u0161tie\u013ea v\u00a0Byt\u010di. T\u00e1 sa po v\u00fdsledkoch z minul\u00e9ho roku preniesla na n\u00e1dvorie.\" \/>\n<meta name=\"robots\" content=\"index, follow, max-snippet:-1, max-image-preview:large, max-video-preview:-1\" \/>\n<link rel=\"canonical\" href=\"https:\/\/pmza.sk\/?p=53255\" \/>\n<meta property=\"og:locale\" content=\"sk_SK\" \/>\n<meta property=\"og:type\" content=\"article\" \/>\n<meta property=\"og:title\" content=\"Archeologick\u00fd v\u00fdskum ka\u0161tie\u013ea v Byt\u010di ukon\u010dil druh\u00fa sez\u00f3nu - Pova\u017esk\u00e9 m\u00fazeum\" \/>\n<meta property=\"og:description\" content=\"V polovici septembra \u00faspe\u0161ne skon\u010dila druh\u00e1 etapa archeologick\u00e9ho v\u00fdskum ka\u0161tie\u013ea v\u00a0Byt\u010di. T\u00e1 sa po v\u00fdsledkoch z minul\u00e9ho roku preniesla na n\u00e1dvorie.\" \/>\n<meta property=\"og:url\" content=\"https:\/\/pmza.sk\/?p=53255\" \/>\n<meta property=\"og:site_name\" content=\"Pova\u017esk\u00e9 m\u00fazeum\" \/>\n<meta property=\"article:publisher\" content=\"https:\/\/www.facebook.com\/povazskemuzeum\" \/>\n<meta property=\"article:published_time\" content=\"2022-10-05T11:52:41+00:00\" \/>\n<meta property=\"article:modified_time\" content=\"2025-05-15T05:09:00+00:00\" \/>\n<meta property=\"og:image\" content=\"https:\/\/pmza.sk\/wp-content\/uploads\/2022\/10\/Do-ilu-kladena-kamenna-podmurovka-hrazdenej-veze-so-zachytenym-narozim-scaled.jpg\" \/>\n\t<meta property=\"og:image:width\" content=\"2560\" \/>\n\t<meta property=\"og:image:height\" content=\"1922\" \/>\n\t<meta property=\"og:image:type\" content=\"image\/jpeg\" \/>\n<meta name=\"author\" content=\"Pova\u017esk\u00e9 m\u00fazeum\" \/>\n<meta name=\"twitter:card\" content=\"summary_large_image\" \/>\n<meta name=\"twitter:label1\" content=\"Autor\" \/>\n\t<meta name=\"twitter:data1\" content=\"Pova\u017esk\u00e9 m\u00fazeum\" \/>\n\t<meta name=\"twitter:label2\" content=\"Predpokladan\u00fd \u010das \u010d\u00edtania\" \/>\n\t<meta name=\"twitter:data2\" content=\"3 min\u00faty\" \/>\n<script type=\"application\/ld+json\" class=\"yoast-schema-graph\">{\"@context\":\"https:\\\/\\\/schema.org\",\"@graph\":[{\"@type\":\"Article\",\"@id\":\"https:\\\/\\\/pmza.sk\\\/?p=53255#article\",\"isPartOf\":{\"@id\":\"https:\\\/\\\/pmza.sk\\\/?p=53255\"},\"author\":{\"name\":\"Pova\u017esk\u00e9 m\u00fazeum\",\"@id\":\"https:\\\/\\\/pmza.sk\\\/#\\\/schema\\\/person\\\/595e6a2ce731ea94dcd5d7f50a41ae33\"},\"headline\":\"Archeologick\u00fd v\u00fdskum ka\u0161tie\u013ea v Byt\u010di ukon\u010dil druh\u00fa sez\u00f3nu\",\"datePublished\":\"2022-10-05T11:52:41+00:00\",\"dateModified\":\"2025-05-15T05:09:00+00:00\",\"mainEntityOfPage\":{\"@id\":\"https:\\\/\\\/pmza.sk\\\/?p=53255\"},\"wordCount\":535,\"publisher\":{\"@id\":\"https:\\\/\\\/pmza.sk\\\/#organization\"},\"image\":{\"@id\":\"https:\\\/\\\/pmza.sk\\\/?p=53255#primaryimage\"},\"thumbnailUrl\":\"https:\\\/\\\/pmza.sk\\\/wp-content\\\/uploads\\\/2022\\\/10\\\/Do-ilu-kladena-kamenna-podmurovka-hrazdenej-veze-so-zachytenym-narozim-scaled.jpg\",\"articleSection\":[\"Aktuality\"],\"inLanguage\":\"sk-SK\"},{\"@type\":\"WebPage\",\"@id\":\"https:\\\/\\\/pmza.sk\\\/?p=53255\",\"url\":\"https:\\\/\\\/pmza.sk\\\/?p=53255\",\"name\":\"Archeologick\u00fd v\u00fdskum ka\u0161tie\u013ea v Byt\u010di ukon\u010dil druh\u00fa sez\u00f3nu - Pova\u017esk\u00e9 m\u00fazeum\",\"isPartOf\":{\"@id\":\"https:\\\/\\\/pmza.sk\\\/#website\"},\"primaryImageOfPage\":{\"@id\":\"https:\\\/\\\/pmza.sk\\\/?p=53255#primaryimage\"},\"image\":{\"@id\":\"https:\\\/\\\/pmza.sk\\\/?p=53255#primaryimage\"},\"thumbnailUrl\":\"https:\\\/\\\/pmza.sk\\\/wp-content\\\/uploads\\\/2022\\\/10\\\/Do-ilu-kladena-kamenna-podmurovka-hrazdenej-veze-so-zachytenym-narozim-scaled.jpg\",\"datePublished\":\"2022-10-05T11:52:41+00:00\",\"dateModified\":\"2025-05-15T05:09:00+00:00\",\"description\":\"V polovici septembra \u00faspe\u0161ne skon\u010dila druh\u00e1 etapa archeologick\u00e9ho v\u00fdskum ka\u0161tie\u013ea v\u00a0Byt\u010di. T\u00e1 sa po v\u00fdsledkoch z minul\u00e9ho roku preniesla na n\u00e1dvorie.\",\"breadcrumb\":{\"@id\":\"https:\\\/\\\/pmza.sk\\\/?p=53255#breadcrumb\"},\"inLanguage\":\"sk-SK\",\"potentialAction\":[{\"@type\":\"ReadAction\",\"target\":[\"https:\\\/\\\/pmza.sk\\\/?p=53255\"]}]},{\"@type\":\"ImageObject\",\"inLanguage\":\"sk-SK\",\"@id\":\"https:\\\/\\\/pmza.sk\\\/?p=53255#primaryimage\",\"url\":\"https:\\\/\\\/pmza.sk\\\/wp-content\\\/uploads\\\/2022\\\/10\\\/Do-ilu-kladena-kamenna-podmurovka-hrazdenej-veze-so-zachytenym-narozim-scaled.jpg\",\"contentUrl\":\"https:\\\/\\\/pmza.sk\\\/wp-content\\\/uploads\\\/2022\\\/10\\\/Do-ilu-kladena-kamenna-podmurovka-hrazdenej-veze-so-zachytenym-narozim-scaled.jpg\",\"width\":2560,\"height\":1922},{\"@type\":\"BreadcrumbList\",\"@id\":\"https:\\\/\\\/pmza.sk\\\/?p=53255#breadcrumb\",\"itemListElement\":[{\"@type\":\"ListItem\",\"position\":1,\"name\":\"Domovsk\u00e1 str\u00e1nka\",\"item\":\"https:\\\/\\\/pmza.sk\\\/\"},{\"@type\":\"ListItem\",\"position\":2,\"name\":\"Archeologick\u00fd v\u00fdskum ka\u0161tie\u013ea v Byt\u010di ukon\u010dil druh\u00fa sez\u00f3nu\"}]},{\"@type\":\"WebSite\",\"@id\":\"https:\\\/\\\/pmza.sk\\\/#website\",\"url\":\"https:\\\/\\\/pmza.sk\\\/\",\"name\":\"Pova\u017esk\u00e9 m\u00fazeum\",\"description\":\"Pova\u017esk\u00e9 m\u00fazeum v \u017diline je region\u00e1lne m\u00fazeum so s\u00eddlom v Budat\u00edne. Jeho expoz\u00edcie s\u00fa zameran\u00e9 na dejiny slovensk\u00e9ho umenia, kult\u00fary a dopravy.\",\"publisher\":{\"@id\":\"https:\\\/\\\/pmza.sk\\\/#organization\"},\"potentialAction\":[{\"@type\":\"SearchAction\",\"target\":{\"@type\":\"EntryPoint\",\"urlTemplate\":\"https:\\\/\\\/pmza.sk\\\/?s={search_term_string}\"},\"query-input\":{\"@type\":\"PropertyValueSpecification\",\"valueRequired\":true,\"valueName\":\"search_term_string\"}}],\"inLanguage\":\"sk-SK\"},{\"@type\":\"Organization\",\"@id\":\"https:\\\/\\\/pmza.sk\\\/#organization\",\"name\":\"Pova\u017esk\u00e9 m\u00fazeum\",\"url\":\"https:\\\/\\\/pmza.sk\\\/\",\"logo\":{\"@type\":\"ImageObject\",\"inLanguage\":\"sk-SK\",\"@id\":\"https:\\\/\\\/pmza.sk\\\/#\\\/schema\\\/logo\\\/image\\\/\",\"url\":\"https:\\\/\\\/pmza.sk\\\/wp-content\\\/uploads\\\/2022\\\/01\\\/logo_PM_horizontal.jpg\",\"contentUrl\":\"https:\\\/\\\/pmza.sk\\\/wp-content\\\/uploads\\\/2022\\\/01\\\/logo_PM_horizontal.jpg\",\"width\":231,\"height\":142,\"caption\":\"Pova\u017esk\u00e9 m\u00fazeum\"},\"image\":{\"@id\":\"https:\\\/\\\/pmza.sk\\\/#\\\/schema\\\/logo\\\/image\\\/\"},\"sameAs\":[\"https:\\\/\\\/www.facebook.com\\\/povazskemuzeum\",\"https:\\\/\\\/www.instagram.com\\\/povazskemuzeum\\\/\"]},{\"@type\":\"Person\",\"@id\":\"https:\\\/\\\/pmza.sk\\\/#\\\/schema\\\/person\\\/595e6a2ce731ea94dcd5d7f50a41ae33\",\"name\":\"Pova\u017esk\u00e9 m\u00fazeum\",\"image\":{\"@type\":\"ImageObject\",\"inLanguage\":\"sk-SK\",\"@id\":\"https:\\\/\\\/secure.gravatar.com\\\/avatar\\\/2bb7f1561282132fb5826dfeccc66c7996d11ee392ac6aaf7ced8a1c2027fbb2?s=96&d=mm&r=g\",\"url\":\"https:\\\/\\\/secure.gravatar.com\\\/avatar\\\/2bb7f1561282132fb5826dfeccc66c7996d11ee392ac6aaf7ced8a1c2027fbb2?s=96&d=mm&r=g\",\"contentUrl\":\"https:\\\/\\\/secure.gravatar.com\\\/avatar\\\/2bb7f1561282132fb5826dfeccc66c7996d11ee392ac6aaf7ced8a1c2027fbb2?s=96&d=mm&r=g\",\"caption\":\"Pova\u017esk\u00e9 m\u00fazeum\"}}]}<\/script>\n<!-- \/ Yoast SEO plugin. -->","yoast_head_json":{"title":"Archeologick\u00fd v\u00fdskum ka\u0161tie\u013ea v Byt\u010di ukon\u010dil druh\u00fa sez\u00f3nu - Pova\u017esk\u00e9 m\u00fazeum","description":"V polovici septembra \u00faspe\u0161ne skon\u010dila druh\u00e1 etapa archeologick\u00e9ho v\u00fdskum ka\u0161tie\u013ea v\u00a0Byt\u010di. T\u00e1 sa po v\u00fdsledkoch z minul\u00e9ho roku preniesla na n\u00e1dvorie.","robots":{"index":"index","follow":"follow","max-snippet":"max-snippet:-1","max-image-preview":"max-image-preview:large","max-video-preview":"max-video-preview:-1"},"canonical":"https:\/\/pmza.sk\/?p=53255","og_locale":"sk_SK","og_type":"article","og_title":"Archeologick\u00fd v\u00fdskum ka\u0161tie\u013ea v Byt\u010di ukon\u010dil druh\u00fa sez\u00f3nu - Pova\u017esk\u00e9 m\u00fazeum","og_description":"V polovici septembra \u00faspe\u0161ne skon\u010dila druh\u00e1 etapa archeologick\u00e9ho v\u00fdskum ka\u0161tie\u013ea v\u00a0Byt\u010di. T\u00e1 sa po v\u00fdsledkoch z minul\u00e9ho roku preniesla na n\u00e1dvorie.","og_url":"https:\/\/pmza.sk\/?p=53255","og_site_name":"Pova\u017esk\u00e9 m\u00fazeum","article_publisher":"https:\/\/www.facebook.com\/povazskemuzeum","article_published_time":"2022-10-05T11:52:41+00:00","article_modified_time":"2025-05-15T05:09:00+00:00","og_image":[{"width":2560,"height":1922,"url":"https:\/\/pmza.sk\/wp-content\/uploads\/2022\/10\/Do-ilu-kladena-kamenna-podmurovka-hrazdenej-veze-so-zachytenym-narozim-scaled.jpg","type":"image\/jpeg"}],"author":"Pova\u017esk\u00e9 m\u00fazeum","twitter_card":"summary_large_image","twitter_misc":{"Autor":"Pova\u017esk\u00e9 m\u00fazeum","Predpokladan\u00fd \u010das \u010d\u00edtania":"3 min\u00faty"},"schema":{"@context":"https:\/\/schema.org","@graph":[{"@type":"Article","@id":"https:\/\/pmza.sk\/?p=53255#article","isPartOf":{"@id":"https:\/\/pmza.sk\/?p=53255"},"author":{"name":"Pova\u017esk\u00e9 m\u00fazeum","@id":"https:\/\/pmza.sk\/#\/schema\/person\/595e6a2ce731ea94dcd5d7f50a41ae33"},"headline":"Archeologick\u00fd v\u00fdskum ka\u0161tie\u013ea v Byt\u010di ukon\u010dil druh\u00fa sez\u00f3nu","datePublished":"2022-10-05T11:52:41+00:00","dateModified":"2025-05-15T05:09:00+00:00","mainEntityOfPage":{"@id":"https:\/\/pmza.sk\/?p=53255"},"wordCount":535,"publisher":{"@id":"https:\/\/pmza.sk\/#organization"},"image":{"@id":"https:\/\/pmza.sk\/?p=53255#primaryimage"},"thumbnailUrl":"https:\/\/pmza.sk\/wp-content\/uploads\/2022\/10\/Do-ilu-kladena-kamenna-podmurovka-hrazdenej-veze-so-zachytenym-narozim-scaled.jpg","articleSection":["Aktuality"],"inLanguage":"sk-SK"},{"@type":"WebPage","@id":"https:\/\/pmza.sk\/?p=53255","url":"https:\/\/pmza.sk\/?p=53255","name":"Archeologick\u00fd v\u00fdskum ka\u0161tie\u013ea v Byt\u010di ukon\u010dil druh\u00fa sez\u00f3nu - Pova\u017esk\u00e9 m\u00fazeum","isPartOf":{"@id":"https:\/\/pmza.sk\/#website"},"primaryImageOfPage":{"@id":"https:\/\/pmza.sk\/?p=53255#primaryimage"},"image":{"@id":"https:\/\/pmza.sk\/?p=53255#primaryimage"},"thumbnailUrl":"https:\/\/pmza.sk\/wp-content\/uploads\/2022\/10\/Do-ilu-kladena-kamenna-podmurovka-hrazdenej-veze-so-zachytenym-narozim-scaled.jpg","datePublished":"2022-10-05T11:52:41+00:00","dateModified":"2025-05-15T05:09:00+00:00","description":"V polovici septembra \u00faspe\u0161ne skon\u010dila druh\u00e1 etapa archeologick\u00e9ho v\u00fdskum ka\u0161tie\u013ea v\u00a0Byt\u010di. T\u00e1 sa po v\u00fdsledkoch z minul\u00e9ho roku preniesla na n\u00e1dvorie.","breadcrumb":{"@id":"https:\/\/pmza.sk\/?p=53255#breadcrumb"},"inLanguage":"sk-SK","potentialAction":[{"@type":"ReadAction","target":["https:\/\/pmza.sk\/?p=53255"]}]},{"@type":"ImageObject","inLanguage":"sk-SK","@id":"https:\/\/pmza.sk\/?p=53255#primaryimage","url":"https:\/\/pmza.sk\/wp-content\/uploads\/2022\/10\/Do-ilu-kladena-kamenna-podmurovka-hrazdenej-veze-so-zachytenym-narozim-scaled.jpg","contentUrl":"https:\/\/pmza.sk\/wp-content\/uploads\/2022\/10\/Do-ilu-kladena-kamenna-podmurovka-hrazdenej-veze-so-zachytenym-narozim-scaled.jpg","width":2560,"height":1922},{"@type":"BreadcrumbList","@id":"https:\/\/pmza.sk\/?p=53255#breadcrumb","itemListElement":[{"@type":"ListItem","position":1,"name":"Domovsk\u00e1 str\u00e1nka","item":"https:\/\/pmza.sk\/"},{"@type":"ListItem","position":2,"name":"Archeologick\u00fd v\u00fdskum ka\u0161tie\u013ea v Byt\u010di ukon\u010dil druh\u00fa sez\u00f3nu"}]},{"@type":"WebSite","@id":"https:\/\/pmza.sk\/#website","url":"https:\/\/pmza.sk\/","name":"Pova\u017esk\u00e9 m\u00fazeum","description":"Pova\u017esk\u00e9 m\u00fazeum v \u017diline je region\u00e1lne m\u00fazeum so s\u00eddlom v Budat\u00edne. Jeho expoz\u00edcie s\u00fa zameran\u00e9 na dejiny slovensk\u00e9ho umenia, kult\u00fary a dopravy.","publisher":{"@id":"https:\/\/pmza.sk\/#organization"},"potentialAction":[{"@type":"SearchAction","target":{"@type":"EntryPoint","urlTemplate":"https:\/\/pmza.sk\/?s={search_term_string}"},"query-input":{"@type":"PropertyValueSpecification","valueRequired":true,"valueName":"search_term_string"}}],"inLanguage":"sk-SK"},{"@type":"Organization","@id":"https:\/\/pmza.sk\/#organization","name":"Pova\u017esk\u00e9 m\u00fazeum","url":"https:\/\/pmza.sk\/","logo":{"@type":"ImageObject","inLanguage":"sk-SK","@id":"https:\/\/pmza.sk\/#\/schema\/logo\/image\/","url":"https:\/\/pmza.sk\/wp-content\/uploads\/2022\/01\/logo_PM_horizontal.jpg","contentUrl":"https:\/\/pmza.sk\/wp-content\/uploads\/2022\/01\/logo_PM_horizontal.jpg","width":231,"height":142,"caption":"Pova\u017esk\u00e9 m\u00fazeum"},"image":{"@id":"https:\/\/pmza.sk\/#\/schema\/logo\/image\/"},"sameAs":["https:\/\/www.facebook.com\/povazskemuzeum","https:\/\/www.instagram.com\/povazskemuzeum\/"]},{"@type":"Person","@id":"https:\/\/pmza.sk\/#\/schema\/person\/595e6a2ce731ea94dcd5d7f50a41ae33","name":"Pova\u017esk\u00e9 m\u00fazeum","image":{"@type":"ImageObject","inLanguage":"sk-SK","@id":"https:\/\/secure.gravatar.com\/avatar\/2bb7f1561282132fb5826dfeccc66c7996d11ee392ac6aaf7ced8a1c2027fbb2?s=96&d=mm&r=g","url":"https:\/\/secure.gravatar.com\/avatar\/2bb7f1561282132fb5826dfeccc66c7996d11ee392ac6aaf7ced8a1c2027fbb2?s=96&d=mm&r=g","contentUrl":"https:\/\/secure.gravatar.com\/avatar\/2bb7f1561282132fb5826dfeccc66c7996d11ee392ac6aaf7ced8a1c2027fbb2?s=96&d=mm&r=g","caption":"Pova\u017esk\u00e9 m\u00fazeum"}}]}},"_links":{"self":[{"href":"https:\/\/pmza.sk\/index.php?rest_route=\/wp\/v2\/posts\/53255","targetHints":{"allow":["GET"]}}],"collection":[{"href":"https:\/\/pmza.sk\/index.php?rest_route=\/wp\/v2\/posts"}],"about":[{"href":"https:\/\/pmza.sk\/index.php?rest_route=\/wp\/v2\/types\/post"}],"author":[{"embeddable":true,"href":"https:\/\/pmza.sk\/index.php?rest_route=\/wp\/v2\/users\/2"}],"replies":[{"embeddable":true,"href":"https:\/\/pmza.sk\/index.php?rest_route=%2Fwp%2Fv2%2Fcomments&post=53255"}],"version-history":[{"count":0,"href":"https:\/\/pmza.sk\/index.php?rest_route=\/wp\/v2\/posts\/53255\/revisions"}],"wp:featuredmedia":[{"embeddable":true,"href":"https:\/\/pmza.sk\/index.php?rest_route=\/wp\/v2\/media\/53256"}],"wp:attachment":[{"href":"https:\/\/pmza.sk\/index.php?rest_route=%2Fwp%2Fv2%2Fmedia&parent=53255"}],"wp:term":[{"taxonomy":"category","embeddable":true,"href":"https:\/\/pmza.sk\/index.php?rest_route=%2Fwp%2Fv2%2Fcategories&post=53255"},{"taxonomy":"post_tag","embeddable":true,"href":"https:\/\/pmza.sk\/index.php?rest_route=%2Fwp%2Fv2%2Ftags&post=53255"}],"curies":[{"name":"wp","href":"https:\/\/api.w.org\/{rel}","templated":true}]}}