{"id":53550,"date":"2022-10-19T07:44:39","date_gmt":"2022-10-19T05:44:39","guid":{"rendered":"https:\/\/pmza.sk\/?p=53550"},"modified":"2022-12-06T08:54:52","modified_gmt":"2022-12-06T07:54:52","slug":"slovensko-slovinska-dimenzia","status":"publish","type":"post","link":"https:\/\/pmza.sk\/?p=53550","title":{"rendered":"SLOvensko SLOvinsk\u00e1 dimenzia"},"content":{"rendered":"<p>V\u00fdstava pribli\u017euje prezent\u00e1ciu kult\u00farno-historick\u00fdch a\u00a0s\u00fa\u010dasn\u00fdch paralel a\u00a0rozdielov medzi Slovenskou republikou a\u00a0Slovinskou republikou. Z\u00e1merom v\u00fdstavy je pouk\u00e1za\u0165 na zhody a\u00a0odli\u0161nosti v\u00a0na\u0161ej kult\u00farnej trad\u00edcii, ako aj v\u00a0s\u00fa\u010dasnej ka\u017edodennosti.<\/p>\n<p>N\u00e1met vznikol v roku 2016 pri pr\u00edle\u017eitosti Predsedn\u00edctva Slovenskej republiky Rade Eur\u00f3pskej \u00danie a pri pr\u00edle\u017eitosti 25. v\u00fdro\u010dia vzniku samostatnej Slovinskej republiky. V tomto \u010dase i\u0161lo o spolupr\u00e1cu medzi vtedaj\u0161ou ve\u013evyslanky\u0148ou Slovinskej republiky na Slovensku Bernardou Gradi\u0161nik, vysoko\u0161kolsk\u00fdmi u\u010dite\u013emi a \u0161tudentmi, ktor\u00fdch zaujali tieto podobnosti a rozdiely pri \u0161t\u00fadiu slovinsk\u00e9ho jazyka, stredoeur\u00f3pskych \u0161t\u00fadi\u00ed, etnol\u00f3gie, architekt\u00fary aj medzin\u00e1rodn\u00fdch vz\u0165ahov. H\u013eadanie sp\u00e1jaj\u00facich a rozde\u013euj\u00facich dimenzi\u00ed na v\u00fdstave postupuje cez s\u00favislosti \u0161t\u00e1tnosti, priestory miest a mapovanie pr\u00edrodn\u00e9ho prostredia, v\u00fdznamn\u00e9 osobnosti, ktor\u00fdch osudy aj diela s\u00fa \u010dasto prekvapivo paraleln\u00e9, povesti o hradoch aj pr\u00edrodn\u00fdch \u00fatvaroch, a to v priamom z\u00e1\u017eitku v oboch jazykoch.<\/p>\n<p>V\u00fdstava Slovensko Slovinsk\u00e1 dimenzia bola prezentovan\u00e1 vo viacer\u00fdch in\u0161tit\u00faci\u00e1ch po celom Slovensku. V priestoroch Drot\u00e1rskeho pavil\u00f3nu v\u00a0are\u00e1li Budat\u00ednskeho hradu pr\u00edstupn\u00e1 od 22. 10. do 27.11. 2022. Sl\u00e1vnostn\u00e9 otvorenie v\u00fdstavy s\u00a0\u00fa\u010das\u0165ou mimoriadneho a\u00a0splnomocnen\u00e9ho ve\u013evyslanectva Slovinskej republiky Stanislava Ra\u0161\u010dana sa bude kona\u0165 26. 10. o\u00a016.00.<\/p>\n<p>V\u00fdstavu zorganizovalo Ve\u013evyslanectvo Slovinskej republiky v Bratislave v spolupr\u00e1ci s Filozofickou fakultou Univerzity Komensk\u00e9ho a Pova\u017esk\u00fdm m\u00fazeom v zria\u010fovate\u013eskej p\u00f4sobnosti \u017dilinsk\u00e9ho samospr\u00e1vneho kraja.<\/p>\n<p><img fetchpriority=\"high\" decoding=\"async\" class=\"alignnone size-medium wp-image-53551\" src=\"https:\/\/pmza.sk\/wp-content\/uploads\/2022\/10\/Slov_dim_K1-255x360.jpg\" alt=\"\" width=\"255\" height=\"360\" srcset=\"https:\/\/pmza.sk\/wp-content\/uploads\/2022\/10\/Slov_dim_K1-255x360.jpg 255w, https:\/\/pmza.sk\/wp-content\/uploads\/2022\/10\/Slov_dim_K1-520x736.jpg 520w, https:\/\/pmza.sk\/wp-content\/uploads\/2022\/10\/Slov_dim_K1-768x1086.jpg 768w, https:\/\/pmza.sk\/wp-content\/uploads\/2022\/10\/Slov_dim_K1-1086x1536.jpg 1086w, https:\/\/pmza.sk\/wp-content\/uploads\/2022\/10\/Slov_dim_K1-1448x2048.jpg 1448w, https:\/\/pmza.sk\/wp-content\/uploads\/2022\/10\/Slov_dim_K1-600x849.jpg 600w, https:\/\/pmza.sk\/wp-content\/uploads\/2022\/10\/Slov_dim_K1-scaled.jpg 1810w\" sizes=\"(max-width: 255px) 100vw, 255px\" \/><\/p>\n<p>Plag\u00e1t v plnej ve\u013ekosti <a href=\"https:\/\/pmza.sk\/wp-content\/uploads\/2022\/10\/Slov_dim_K1.pdf\">TU<\/a><\/p>\n<p><img decoding=\"async\" class=\"alignnone size-medium wp-image-53556\" src=\"https:\/\/pmza.sk\/wp-content\/uploads\/2022\/10\/Slov_dim_pozv_K2-570x269.jpg\" alt=\"\" width=\"570\" height=\"269\" srcset=\"https:\/\/pmza.sk\/wp-content\/uploads\/2022\/10\/Slov_dim_pozv_K2-570x269.jpg 570w, https:\/\/pmza.sk\/wp-content\/uploads\/2022\/10\/Slov_dim_pozv_K2-1170x552.jpg 1170w, https:\/\/pmza.sk\/wp-content\/uploads\/2022\/10\/Slov_dim_pozv_K2-768x362.jpg 768w, https:\/\/pmza.sk\/wp-content\/uploads\/2022\/10\/Slov_dim_pozv_K2-1536x724.jpg 1536w, https:\/\/pmza.sk\/wp-content\/uploads\/2022\/10\/Slov_dim_pozv_K2-2048x965.jpg 2048w, https:\/\/pmza.sk\/wp-content\/uploads\/2022\/10\/Slov_dim_pozv_K2-600x283.jpg 600w\" sizes=\"(max-width: 570px) 100vw, 570px\" \/><\/p>\n","protected":false},"excerpt":{"rendered":"<p>V\u00fdstava pribli\u017euje prezent\u00e1ciu kult\u00farno-historick\u00fdch a\u00a0s\u00fa\u010dasn\u00fdch paralel a\u00a0rozdielov medzi Slovenskou republikou a\u00a0Slovinskou republikou. Z\u00e1merom v\u00fdstavy je pouk\u00e1za\u0165 na zhody a\u00a0odli\u0161nosti v\u00a0na\u0161ej kult\u00farnej trad\u00edcii, ako aj v\u00a0s\u00fa\u010dasnej ka\u017edodennosti. N\u00e1met vznikol v roku 2016 pri pr\u00edle\u017eitosti Predsedn\u00edctva Slovenskej republiky Rade Eur\u00f3pskej \u00danie a pri pr\u00edle\u017eitosti 25. v\u00fdro\u010dia vzniku samostatnej Slovinskej republiky. V tomto \u010dase i\u0161lo o spolupr\u00e1cu medzi [&hellip;]<\/p>\n","protected":false},"author":2,"featured_media":53557,"comment_status":"open","ping_status":"open","sticky":false,"template":"","format":"standard","meta":{"site-sidebar-layout":"default","site-content-layout":"default","ast-site-content-layout":"","site-content-style":"default","site-sidebar-style":"default","ast-global-header-display":"","ast-banner-title-visibility":"","ast-main-header-display":"","ast-hfb-above-header-display":"","ast-hfb-below-header-display":"","ast-hfb-mobile-header-display":"","site-post-title":"","ast-breadcrumbs-content":"","ast-featured-img":"","footer-sml-layout":"","theme-transparent-header-meta":"default","adv-header-id-meta":"","stick-header-meta":"default","header-above-stick-meta":"","header-main-stick-meta":"","header-below-stick-meta":"","astra-migrate-meta-layouts":"default","ast-page-background-enabled":"default","ast-page-background-meta":{"desktop":{"background-color":"var(--ast-global-color-4)","background-image":"","background-repeat":"repeat","background-position":"center center","background-size":"auto","background-attachment":"scroll","background-type":"","background-media":"","overlay-type":"","overlay-color":"","overlay-opacity":"","overlay-gradient":""},"tablet":{"background-color":"","background-image":"","background-repeat":"repeat","background-position":"center center","background-size":"auto","background-attachment":"scroll","background-type":"","background-media":"","overlay-type":"","overlay-color":"","overlay-opacity":"","overlay-gradient":""},"mobile":{"background-color":"","background-image":"","background-repeat":"repeat","background-position":"center center","background-size":"auto","background-attachment":"scroll","background-type":"","background-media":"","overlay-type":"","overlay-color":"","overlay-opacity":"","overlay-gradient":""}},"ast-content-background-meta":{"desktop":{"background-color":"var(--ast-global-color-5)","background-image":"","background-repeat":"repeat","background-position":"center center","background-size":"auto","background-attachment":"scroll","background-type":"","background-media":"","overlay-type":"","overlay-color":"","overlay-opacity":"","overlay-gradient":""},"tablet":{"background-color":"var(--ast-global-color-5)","background-image":"","background-repeat":"repeat","background-position":"center center","background-size":"auto","background-attachment":"scroll","background-type":"","background-media":"","overlay-type":"","overlay-color":"","overlay-opacity":"","overlay-gradient":""},"mobile":{"background-color":"var(--ast-global-color-5)","background-image":"","background-repeat":"repeat","background-position":"center center","background-size":"auto","background-attachment":"scroll","background-type":"","background-media":"","overlay-type":"","overlay-color":"","overlay-opacity":"","overlay-gradient":""}},"footnotes":""},"categories":[72],"tags":[],"class_list":["post-53550","post","type-post","status-publish","format-standard","has-post-thumbnail","hentry","category-vystavy"],"yoast_head":"<!-- This site is optimized with the Yoast SEO plugin v27.4 - https:\/\/yoast.com\/product\/yoast-seo-wordpress\/ -->\n<title>SLOvensko SLOvinsk\u00e1 dimenzia - Pova\u017esk\u00e9 m\u00fazeum<\/title>\n<meta name=\"description\" content=\"V\u00fdstava pribli\u017euje prezent\u00e1ciu kult\u00farno-historick\u00fdch a\u00a0s\u00fa\u010dasn\u00fdch paralel a\u00a0rozdielov medzi Slovenskou republikou a\u00a0Slovinskou republikou. V priestoroch Drot\u00e1rskeho pavil\u00f3nu v\u00a0are\u00e1li Budat\u00ednskeho hradu pr\u00edstupn\u00e1 od 22. 10. do 27.11. 2022.\" \/>\n<meta name=\"robots\" content=\"index, follow, max-snippet:-1, max-image-preview:large, max-video-preview:-1\" \/>\n<link rel=\"canonical\" href=\"https:\/\/pmza.sk\/?p=53550\" \/>\n<meta property=\"og:locale\" content=\"sk_SK\" \/>\n<meta property=\"og:type\" content=\"article\" \/>\n<meta property=\"og:title\" content=\"SLOvensko SLOvinsk\u00e1 dimenzia - Pova\u017esk\u00e9 m\u00fazeum\" \/>\n<meta property=\"og:description\" content=\"V\u00fdstava pribli\u017euje prezent\u00e1ciu kult\u00farno-historick\u00fdch a\u00a0s\u00fa\u010dasn\u00fdch paralel a\u00a0rozdielov medzi Slovenskou republikou a\u00a0Slovinskou republikou. V priestoroch Drot\u00e1rskeho pavil\u00f3nu v\u00a0are\u00e1li Budat\u00ednskeho hradu pr\u00edstupn\u00e1 od 22. 10. do 27.11. 2022.\" \/>\n<meta property=\"og:url\" content=\"https:\/\/pmza.sk\/?p=53550\" \/>\n<meta property=\"og:site_name\" content=\"Pova\u017esk\u00e9 m\u00fazeum\" \/>\n<meta property=\"article:publisher\" content=\"https:\/\/www.facebook.com\/povazskemuzeum\" \/>\n<meta property=\"article:published_time\" content=\"2022-10-19T05:44:39+00:00\" \/>\n<meta property=\"article:modified_time\" content=\"2022-12-06T07:54:52+00:00\" \/>\n<meta property=\"og:image\" content=\"https:\/\/pmza.sk\/wp-content\/uploads\/2022\/10\/Slov_dim_web-2-scaled.jpg\" \/>\n\t<meta property=\"og:image:width\" content=\"2560\" \/>\n\t<meta property=\"og:image:height\" content=\"2560\" \/>\n\t<meta property=\"og:image:type\" content=\"image\/jpeg\" \/>\n<meta name=\"author\" content=\"Pova\u017esk\u00e9 m\u00fazeum\" \/>\n<meta name=\"twitter:card\" content=\"summary_large_image\" \/>\n<meta name=\"twitter:label1\" content=\"Autor\" \/>\n\t<meta name=\"twitter:data1\" content=\"Pova\u017esk\u00e9 m\u00fazeum\" \/>\n\t<meta name=\"twitter:label2\" content=\"Predpokladan\u00fd \u010das \u010d\u00edtania\" \/>\n\t<meta name=\"twitter:data2\" content=\"1 min\u00fata\" \/>\n<script type=\"application\/ld+json\" class=\"yoast-schema-graph\">{\"@context\":\"https:\\\/\\\/schema.org\",\"@graph\":[{\"@type\":\"Article\",\"@id\":\"https:\\\/\\\/pmza.sk\\\/?p=53550#article\",\"isPartOf\":{\"@id\":\"https:\\\/\\\/pmza.sk\\\/?p=53550\"},\"author\":{\"name\":\"Pova\u017esk\u00e9 m\u00fazeum\",\"@id\":\"https:\\\/\\\/pmza.sk\\\/#\\\/schema\\\/person\\\/595e6a2ce731ea94dcd5d7f50a41ae33\"},\"headline\":\"SLOvensko SLOvinsk\u00e1 dimenzia\",\"datePublished\":\"2022-10-19T05:44:39+00:00\",\"dateModified\":\"2022-12-06T07:54:52+00:00\",\"mainEntityOfPage\":{\"@id\":\"https:\\\/\\\/pmza.sk\\\/?p=53550\"},\"wordCount\":290,\"commentCount\":1,\"publisher\":{\"@id\":\"https:\\\/\\\/pmza.sk\\\/#organization\"},\"image\":{\"@id\":\"https:\\\/\\\/pmza.sk\\\/?p=53550#primaryimage\"},\"thumbnailUrl\":\"https:\\\/\\\/pmza.sk\\\/wp-content\\\/uploads\\\/2022\\\/10\\\/Slov_dim_web-2-scaled.jpg\",\"articleSection\":[\"V\u00fdstavy\"],\"inLanguage\":\"sk-SK\"},{\"@type\":\"WebPage\",\"@id\":\"https:\\\/\\\/pmza.sk\\\/?p=53550\",\"url\":\"https:\\\/\\\/pmza.sk\\\/?p=53550\",\"name\":\"SLOvensko SLOvinsk\u00e1 dimenzia - Pova\u017esk\u00e9 m\u00fazeum\",\"isPartOf\":{\"@id\":\"https:\\\/\\\/pmza.sk\\\/#website\"},\"primaryImageOfPage\":{\"@id\":\"https:\\\/\\\/pmza.sk\\\/?p=53550#primaryimage\"},\"image\":{\"@id\":\"https:\\\/\\\/pmza.sk\\\/?p=53550#primaryimage\"},\"thumbnailUrl\":\"https:\\\/\\\/pmza.sk\\\/wp-content\\\/uploads\\\/2022\\\/10\\\/Slov_dim_web-2-scaled.jpg\",\"datePublished\":\"2022-10-19T05:44:39+00:00\",\"dateModified\":\"2022-12-06T07:54:52+00:00\",\"description\":\"V\u00fdstava pribli\u017euje prezent\u00e1ciu kult\u00farno-historick\u00fdch a\u00a0s\u00fa\u010dasn\u00fdch paralel a\u00a0rozdielov medzi Slovenskou republikou a\u00a0Slovinskou republikou. V priestoroch Drot\u00e1rskeho pavil\u00f3nu v\u00a0are\u00e1li Budat\u00ednskeho hradu pr\u00edstupn\u00e1 od 22. 10. do 27.11. 2022.\",\"breadcrumb\":{\"@id\":\"https:\\\/\\\/pmza.sk\\\/?p=53550#breadcrumb\"},\"inLanguage\":\"sk-SK\",\"potentialAction\":[{\"@type\":\"ReadAction\",\"target\":[\"https:\\\/\\\/pmza.sk\\\/?p=53550\"]}]},{\"@type\":\"ImageObject\",\"inLanguage\":\"sk-SK\",\"@id\":\"https:\\\/\\\/pmza.sk\\\/?p=53550#primaryimage\",\"url\":\"https:\\\/\\\/pmza.sk\\\/wp-content\\\/uploads\\\/2022\\\/10\\\/Slov_dim_web-2-scaled.jpg\",\"contentUrl\":\"https:\\\/\\\/pmza.sk\\\/wp-content\\\/uploads\\\/2022\\\/10\\\/Slov_dim_web-2-scaled.jpg\",\"width\":2560,\"height\":2560},{\"@type\":\"BreadcrumbList\",\"@id\":\"https:\\\/\\\/pmza.sk\\\/?p=53550#breadcrumb\",\"itemListElement\":[{\"@type\":\"ListItem\",\"position\":1,\"name\":\"Domovsk\u00e1 str\u00e1nka\",\"item\":\"https:\\\/\\\/pmza.sk\\\/\"},{\"@type\":\"ListItem\",\"position\":2,\"name\":\"SLOvensko SLOvinsk\u00e1 dimenzia\"}]},{\"@type\":\"WebSite\",\"@id\":\"https:\\\/\\\/pmza.sk\\\/#website\",\"url\":\"https:\\\/\\\/pmza.sk\\\/\",\"name\":\"Pova\u017esk\u00e9 m\u00fazeum\",\"description\":\"Pova\u017esk\u00e9 m\u00fazeum v \u017diline je region\u00e1lne m\u00fazeum so s\u00eddlom v Budat\u00edne. Jeho expoz\u00edcie s\u00fa zameran\u00e9 na dejiny slovensk\u00e9ho umenia, kult\u00fary a dopravy.\",\"publisher\":{\"@id\":\"https:\\\/\\\/pmza.sk\\\/#organization\"},\"potentialAction\":[{\"@type\":\"SearchAction\",\"target\":{\"@type\":\"EntryPoint\",\"urlTemplate\":\"https:\\\/\\\/pmza.sk\\\/?s={search_term_string}\"},\"query-input\":{\"@type\":\"PropertyValueSpecification\",\"valueRequired\":true,\"valueName\":\"search_term_string\"}}],\"inLanguage\":\"sk-SK\"},{\"@type\":\"Organization\",\"@id\":\"https:\\\/\\\/pmza.sk\\\/#organization\",\"name\":\"Pova\u017esk\u00e9 m\u00fazeum\",\"url\":\"https:\\\/\\\/pmza.sk\\\/\",\"logo\":{\"@type\":\"ImageObject\",\"inLanguage\":\"sk-SK\",\"@id\":\"https:\\\/\\\/pmza.sk\\\/#\\\/schema\\\/logo\\\/image\\\/\",\"url\":\"https:\\\/\\\/pmza.sk\\\/wp-content\\\/uploads\\\/2022\\\/01\\\/logo_PM_horizontal.jpg\",\"contentUrl\":\"https:\\\/\\\/pmza.sk\\\/wp-content\\\/uploads\\\/2022\\\/01\\\/logo_PM_horizontal.jpg\",\"width\":231,\"height\":142,\"caption\":\"Pova\u017esk\u00e9 m\u00fazeum\"},\"image\":{\"@id\":\"https:\\\/\\\/pmza.sk\\\/#\\\/schema\\\/logo\\\/image\\\/\"},\"sameAs\":[\"https:\\\/\\\/www.facebook.com\\\/povazskemuzeum\",\"https:\\\/\\\/www.instagram.com\\\/povazskemuzeum\\\/\"]},{\"@type\":\"Person\",\"@id\":\"https:\\\/\\\/pmza.sk\\\/#\\\/schema\\\/person\\\/595e6a2ce731ea94dcd5d7f50a41ae33\",\"name\":\"Pova\u017esk\u00e9 m\u00fazeum\",\"image\":{\"@type\":\"ImageObject\",\"inLanguage\":\"sk-SK\",\"@id\":\"https:\\\/\\\/secure.gravatar.com\\\/avatar\\\/2bb7f1561282132fb5826dfeccc66c7996d11ee392ac6aaf7ced8a1c2027fbb2?s=96&d=mm&r=g\",\"url\":\"https:\\\/\\\/secure.gravatar.com\\\/avatar\\\/2bb7f1561282132fb5826dfeccc66c7996d11ee392ac6aaf7ced8a1c2027fbb2?s=96&d=mm&r=g\",\"contentUrl\":\"https:\\\/\\\/secure.gravatar.com\\\/avatar\\\/2bb7f1561282132fb5826dfeccc66c7996d11ee392ac6aaf7ced8a1c2027fbb2?s=96&d=mm&r=g\",\"caption\":\"Pova\u017esk\u00e9 m\u00fazeum\"}}]}<\/script>\n<!-- \/ Yoast SEO plugin. -->","yoast_head_json":{"title":"SLOvensko SLOvinsk\u00e1 dimenzia - Pova\u017esk\u00e9 m\u00fazeum","description":"V\u00fdstava pribli\u017euje prezent\u00e1ciu kult\u00farno-historick\u00fdch a\u00a0s\u00fa\u010dasn\u00fdch paralel a\u00a0rozdielov medzi Slovenskou republikou a\u00a0Slovinskou republikou. V priestoroch Drot\u00e1rskeho pavil\u00f3nu v\u00a0are\u00e1li Budat\u00ednskeho hradu pr\u00edstupn\u00e1 od 22. 10. do 27.11. 2022.","robots":{"index":"index","follow":"follow","max-snippet":"max-snippet:-1","max-image-preview":"max-image-preview:large","max-video-preview":"max-video-preview:-1"},"canonical":"https:\/\/pmza.sk\/?p=53550","og_locale":"sk_SK","og_type":"article","og_title":"SLOvensko SLOvinsk\u00e1 dimenzia - Pova\u017esk\u00e9 m\u00fazeum","og_description":"V\u00fdstava pribli\u017euje prezent\u00e1ciu kult\u00farno-historick\u00fdch a\u00a0s\u00fa\u010dasn\u00fdch paralel a\u00a0rozdielov medzi Slovenskou republikou a\u00a0Slovinskou republikou. V priestoroch Drot\u00e1rskeho pavil\u00f3nu v\u00a0are\u00e1li Budat\u00ednskeho hradu pr\u00edstupn\u00e1 od 22. 10. do 27.11. 2022.","og_url":"https:\/\/pmza.sk\/?p=53550","og_site_name":"Pova\u017esk\u00e9 m\u00fazeum","article_publisher":"https:\/\/www.facebook.com\/povazskemuzeum","article_published_time":"2022-10-19T05:44:39+00:00","article_modified_time":"2022-12-06T07:54:52+00:00","og_image":[{"width":2560,"height":2560,"url":"https:\/\/pmza.sk\/wp-content\/uploads\/2022\/10\/Slov_dim_web-2-scaled.jpg","type":"image\/jpeg"}],"author":"Pova\u017esk\u00e9 m\u00fazeum","twitter_card":"summary_large_image","twitter_misc":{"Autor":"Pova\u017esk\u00e9 m\u00fazeum","Predpokladan\u00fd \u010das \u010d\u00edtania":"1 min\u00fata"},"schema":{"@context":"https:\/\/schema.org","@graph":[{"@type":"Article","@id":"https:\/\/pmza.sk\/?p=53550#article","isPartOf":{"@id":"https:\/\/pmza.sk\/?p=53550"},"author":{"name":"Pova\u017esk\u00e9 m\u00fazeum","@id":"https:\/\/pmza.sk\/#\/schema\/person\/595e6a2ce731ea94dcd5d7f50a41ae33"},"headline":"SLOvensko SLOvinsk\u00e1 dimenzia","datePublished":"2022-10-19T05:44:39+00:00","dateModified":"2022-12-06T07:54:52+00:00","mainEntityOfPage":{"@id":"https:\/\/pmza.sk\/?p=53550"},"wordCount":290,"commentCount":1,"publisher":{"@id":"https:\/\/pmza.sk\/#organization"},"image":{"@id":"https:\/\/pmza.sk\/?p=53550#primaryimage"},"thumbnailUrl":"https:\/\/pmza.sk\/wp-content\/uploads\/2022\/10\/Slov_dim_web-2-scaled.jpg","articleSection":["V\u00fdstavy"],"inLanguage":"sk-SK"},{"@type":"WebPage","@id":"https:\/\/pmza.sk\/?p=53550","url":"https:\/\/pmza.sk\/?p=53550","name":"SLOvensko SLOvinsk\u00e1 dimenzia - Pova\u017esk\u00e9 m\u00fazeum","isPartOf":{"@id":"https:\/\/pmza.sk\/#website"},"primaryImageOfPage":{"@id":"https:\/\/pmza.sk\/?p=53550#primaryimage"},"image":{"@id":"https:\/\/pmza.sk\/?p=53550#primaryimage"},"thumbnailUrl":"https:\/\/pmza.sk\/wp-content\/uploads\/2022\/10\/Slov_dim_web-2-scaled.jpg","datePublished":"2022-10-19T05:44:39+00:00","dateModified":"2022-12-06T07:54:52+00:00","description":"V\u00fdstava pribli\u017euje prezent\u00e1ciu kult\u00farno-historick\u00fdch a\u00a0s\u00fa\u010dasn\u00fdch paralel a\u00a0rozdielov medzi Slovenskou republikou a\u00a0Slovinskou republikou. V priestoroch Drot\u00e1rskeho pavil\u00f3nu v\u00a0are\u00e1li Budat\u00ednskeho hradu pr\u00edstupn\u00e1 od 22. 10. do 27.11. 2022.","breadcrumb":{"@id":"https:\/\/pmza.sk\/?p=53550#breadcrumb"},"inLanguage":"sk-SK","potentialAction":[{"@type":"ReadAction","target":["https:\/\/pmza.sk\/?p=53550"]}]},{"@type":"ImageObject","inLanguage":"sk-SK","@id":"https:\/\/pmza.sk\/?p=53550#primaryimage","url":"https:\/\/pmza.sk\/wp-content\/uploads\/2022\/10\/Slov_dim_web-2-scaled.jpg","contentUrl":"https:\/\/pmza.sk\/wp-content\/uploads\/2022\/10\/Slov_dim_web-2-scaled.jpg","width":2560,"height":2560},{"@type":"BreadcrumbList","@id":"https:\/\/pmza.sk\/?p=53550#breadcrumb","itemListElement":[{"@type":"ListItem","position":1,"name":"Domovsk\u00e1 str\u00e1nka","item":"https:\/\/pmza.sk\/"},{"@type":"ListItem","position":2,"name":"SLOvensko SLOvinsk\u00e1 dimenzia"}]},{"@type":"WebSite","@id":"https:\/\/pmza.sk\/#website","url":"https:\/\/pmza.sk\/","name":"Pova\u017esk\u00e9 m\u00fazeum","description":"Pova\u017esk\u00e9 m\u00fazeum v \u017diline je region\u00e1lne m\u00fazeum so s\u00eddlom v Budat\u00edne. Jeho expoz\u00edcie s\u00fa zameran\u00e9 na dejiny slovensk\u00e9ho umenia, kult\u00fary a dopravy.","publisher":{"@id":"https:\/\/pmza.sk\/#organization"},"potentialAction":[{"@type":"SearchAction","target":{"@type":"EntryPoint","urlTemplate":"https:\/\/pmza.sk\/?s={search_term_string}"},"query-input":{"@type":"PropertyValueSpecification","valueRequired":true,"valueName":"search_term_string"}}],"inLanguage":"sk-SK"},{"@type":"Organization","@id":"https:\/\/pmza.sk\/#organization","name":"Pova\u017esk\u00e9 m\u00fazeum","url":"https:\/\/pmza.sk\/","logo":{"@type":"ImageObject","inLanguage":"sk-SK","@id":"https:\/\/pmza.sk\/#\/schema\/logo\/image\/","url":"https:\/\/pmza.sk\/wp-content\/uploads\/2022\/01\/logo_PM_horizontal.jpg","contentUrl":"https:\/\/pmza.sk\/wp-content\/uploads\/2022\/01\/logo_PM_horizontal.jpg","width":231,"height":142,"caption":"Pova\u017esk\u00e9 m\u00fazeum"},"image":{"@id":"https:\/\/pmza.sk\/#\/schema\/logo\/image\/"},"sameAs":["https:\/\/www.facebook.com\/povazskemuzeum","https:\/\/www.instagram.com\/povazskemuzeum\/"]},{"@type":"Person","@id":"https:\/\/pmza.sk\/#\/schema\/person\/595e6a2ce731ea94dcd5d7f50a41ae33","name":"Pova\u017esk\u00e9 m\u00fazeum","image":{"@type":"ImageObject","inLanguage":"sk-SK","@id":"https:\/\/secure.gravatar.com\/avatar\/2bb7f1561282132fb5826dfeccc66c7996d11ee392ac6aaf7ced8a1c2027fbb2?s=96&d=mm&r=g","url":"https:\/\/secure.gravatar.com\/avatar\/2bb7f1561282132fb5826dfeccc66c7996d11ee392ac6aaf7ced8a1c2027fbb2?s=96&d=mm&r=g","contentUrl":"https:\/\/secure.gravatar.com\/avatar\/2bb7f1561282132fb5826dfeccc66c7996d11ee392ac6aaf7ced8a1c2027fbb2?s=96&d=mm&r=g","caption":"Pova\u017esk\u00e9 m\u00fazeum"}}]}},"_links":{"self":[{"href":"https:\/\/pmza.sk\/index.php?rest_route=\/wp\/v2\/posts\/53550","targetHints":{"allow":["GET"]}}],"collection":[{"href":"https:\/\/pmza.sk\/index.php?rest_route=\/wp\/v2\/posts"}],"about":[{"href":"https:\/\/pmza.sk\/index.php?rest_route=\/wp\/v2\/types\/post"}],"author":[{"embeddable":true,"href":"https:\/\/pmza.sk\/index.php?rest_route=\/wp\/v2\/users\/2"}],"replies":[{"embeddable":true,"href":"https:\/\/pmza.sk\/index.php?rest_route=%2Fwp%2Fv2%2Fcomments&post=53550"}],"version-history":[{"count":0,"href":"https:\/\/pmza.sk\/index.php?rest_route=\/wp\/v2\/posts\/53550\/revisions"}],"wp:featuredmedia":[{"embeddable":true,"href":"https:\/\/pmza.sk\/index.php?rest_route=\/wp\/v2\/media\/53557"}],"wp:attachment":[{"href":"https:\/\/pmza.sk\/index.php?rest_route=%2Fwp%2Fv2%2Fmedia&parent=53550"}],"wp:term":[{"taxonomy":"category","embeddable":true,"href":"https:\/\/pmza.sk\/index.php?rest_route=%2Fwp%2Fv2%2Fcategories&post=53550"},{"taxonomy":"post_tag","embeddable":true,"href":"https:\/\/pmza.sk\/index.php?rest_route=%2Fwp%2Fv2%2Ftags&post=53550"}],"curies":[{"name":"wp","href":"https:\/\/api.w.org\/{rel}","templated":true}]}}