{"id":53712,"date":"2022-10-26T07:27:19","date_gmt":"2022-10-26T05:27:19","guid":{"rendered":"https:\/\/pmza.sk\/?p=53712"},"modified":"2022-11-10T07:34:35","modified_gmt":"2022-11-10T06:34:35","slug":"stan-sa-hrdinom-a-zachran-drave-vtaky","status":"publish","type":"post","link":"https:\/\/pmza.sk\/?p=53712","title":{"rendered":"Sta\u0148 sa hrdinom a zachr\u00e1\u0148 drav\u00e9 vt\u00e1ky!"},"content":{"rendered":"<p>Tipnete si, ko\u013eko nalietala orlica Zuzana? Zauj\u00edmalo by V\u00e1s, pre\u010do orol Leo\u0161 dostal\u00a0druh\u00fa \u0161ancu? Chcete sa sta\u0165 drav\u010d\u00edm hrdinom? Ka\u017ed\u00fd z n\u00e1s m\u00f4\u017ee poda\u0165 pomocn\u00fa ruku drav\u00fdm vt\u00e1kom, ktor\u00e9 sa neraz po\u010das svojho \u017eivota stretn\u00fa s\u00a0\u013eudskou hl\u00fapos\u0165ou. V\u0161\u00edmajte si preto svet okolo seba a majte o\u010di otvoren\u00e9. Nebezpe\u010denstvo m\u00e1 r\u00f4zne, maskovan\u00e9 podoby. M\u00f4\u017eete tak zachr\u00e1ni\u0165 mnoho drav\u010d\u00edch \u017eivotov.<\/p>\n<p>V\u0161etky zauj\u00edmav\u00e9 inform\u00e1cie o tejto t\u00e9me sa dozviete na predn\u00e1\u0161ke Tom\u00e1\u0161a Veselovsk\u00e9ho z Ochrany dravcov na Slovensku v utorok 8. 11. o 16.00 na Budat\u00ednskom hrade. Po predn\u00e1\u0161ke bude nasledova\u0165 komentovan\u00e1 prehliadka v\u00fdstavy Vt\u00e1\u010dia kriminalita.<\/p>\n<p>Nutn\u00e9 sa vopred objedna\u0165 na \u010d\u00edsle 0907 108 659. Cena je jednotn\u00e1 3 \u20ac \/ osoba.<\/p>\n<p><img fetchpriority=\"high\" decoding=\"async\" class=\"alignnone size-medium wp-image-53714\" src=\"https:\/\/pmza.sk\/wp-content\/uploads\/2022\/10\/Stan_sa_hrdinom_K3-255x360.jpg\" alt=\"\" width=\"255\" height=\"360\" srcset=\"https:\/\/pmza.sk\/wp-content\/uploads\/2022\/10\/Stan_sa_hrdinom_K3-255x360.jpg 255w, https:\/\/pmza.sk\/wp-content\/uploads\/2022\/10\/Stan_sa_hrdinom_K3-520x736.jpg 520w, https:\/\/pmza.sk\/wp-content\/uploads\/2022\/10\/Stan_sa_hrdinom_K3-768x1086.jpg 768w, https:\/\/pmza.sk\/wp-content\/uploads\/2022\/10\/Stan_sa_hrdinom_K3-1086x1536.jpg 1086w, https:\/\/pmza.sk\/wp-content\/uploads\/2022\/10\/Stan_sa_hrdinom_K3-1448x2048.jpg 1448w, https:\/\/pmza.sk\/wp-content\/uploads\/2022\/10\/Stan_sa_hrdinom_K3-600x849.jpg 600w, https:\/\/pmza.sk\/wp-content\/uploads\/2022\/10\/Stan_sa_hrdinom_K3-scaled.jpg 1810w\" sizes=\"(max-width: 255px) 100vw, 255px\" \/><\/p>\n<p>Plag\u00e1t v plnej kvalite <a href=\"https:\/\/pmza.sk\/wp-content\/uploads\/2022\/10\/Stan_sa_hrdinom_K3.pdf\">TU<\/a><\/p>\n","protected":false},"excerpt":{"rendered":"<p>Tipnete si, ko\u013eko nalietala orlica Zuzana? Zauj\u00edmalo by V\u00e1s, pre\u010do orol Leo\u0161 dostal\u00a0druh\u00fa \u0161ancu? Chcete sa sta\u0165 drav\u010d\u00edm hrdinom? Ka\u017ed\u00fd z n\u00e1s m\u00f4\u017ee poda\u0165 pomocn\u00fa ruku drav\u00fdm vt\u00e1kom, ktor\u00e9 sa neraz po\u010das svojho \u017eivota stretn\u00fa s\u00a0\u013eudskou hl\u00fapos\u0165ou. V\u0161\u00edmajte si preto svet okolo seba a majte o\u010di otvoren\u00e9. Nebezpe\u010denstvo m\u00e1 r\u00f4zne, maskovan\u00e9 podoby. M\u00f4\u017eete tak zachr\u00e1ni\u0165 [&hellip;]<\/p>\n","protected":false},"author":2,"featured_media":53716,"comment_status":"open","ping_status":"open","sticky":false,"template":"","format":"standard","meta":{"site-sidebar-layout":"default","site-content-layout":"default","ast-site-content-layout":"","site-content-style":"default","site-sidebar-style":"default","ast-global-header-display":"","ast-banner-title-visibility":"","ast-main-header-display":"","ast-hfb-above-header-display":"","ast-hfb-below-header-display":"","ast-hfb-mobile-header-display":"","site-post-title":"","ast-breadcrumbs-content":"","ast-featured-img":"","footer-sml-layout":"","theme-transparent-header-meta":"default","adv-header-id-meta":"","stick-header-meta":"default","header-above-stick-meta":"","header-main-stick-meta":"","header-below-stick-meta":"","astra-migrate-meta-layouts":"default","ast-page-background-enabled":"default","ast-page-background-meta":{"desktop":{"background-color":"var(--ast-global-color-4)","background-image":"","background-repeat":"repeat","background-position":"center center","background-size":"auto","background-attachment":"scroll","background-type":"","background-media":"","overlay-type":"","overlay-color":"","overlay-opacity":"","overlay-gradient":""},"tablet":{"background-color":"","background-image":"","background-repeat":"repeat","background-position":"center center","background-size":"auto","background-attachment":"scroll","background-type":"","background-media":"","overlay-type":"","overlay-color":"","overlay-opacity":"","overlay-gradient":""},"mobile":{"background-color":"","background-image":"","background-repeat":"repeat","background-position":"center center","background-size":"auto","background-attachment":"scroll","background-type":"","background-media":"","overlay-type":"","overlay-color":"","overlay-opacity":"","overlay-gradient":""}},"ast-content-background-meta":{"desktop":{"background-color":"var(--ast-global-color-5)","background-image":"","background-repeat":"repeat","background-position":"center center","background-size":"auto","background-attachment":"scroll","background-type":"","background-media":"","overlay-type":"","overlay-color":"","overlay-opacity":"","overlay-gradient":""},"tablet":{"background-color":"var(--ast-global-color-5)","background-image":"","background-repeat":"repeat","background-position":"center center","background-size":"auto","background-attachment":"scroll","background-type":"","background-media":"","overlay-type":"","overlay-color":"","overlay-opacity":"","overlay-gradient":""},"mobile":{"background-color":"var(--ast-global-color-5)","background-image":"","background-repeat":"repeat","background-position":"center center","background-size":"auto","background-attachment":"scroll","background-type":"","background-media":"","overlay-type":"","overlay-color":"","overlay-opacity":"","overlay-gradient":""}},"footnotes":""},"categories":[1,71],"tags":[],"class_list":["post-53712","post","type-post","status-publish","format-standard","has-post-thumbnail","hentry","category-nezaradene","category-podujatia"],"yoast_head":"<!-- This site is optimized with the Yoast SEO plugin v27.4 - https:\/\/yoast.com\/product\/yoast-seo-wordpress\/ -->\n<title>Sta\u0148 sa hrdinom a zachr\u00e1\u0148 drav\u00e9 vt\u00e1ky! - Pova\u017esk\u00e9 m\u00fazeum<\/title>\n<meta name=\"description\" content=\"Chcete sa sta\u0165 drav\u010d\u00edm hrdinom? Ka\u017ed\u00fd z n\u00e1s m\u00f4\u017ee poda\u0165 pomocn\u00fa ruku drav\u00fdm vt\u00e1kom, ktor\u00e9 sa neraz po\u010das svojho \u017eivota stretn\u00fa s\u00a0\u013eudskou hl\u00fapos\u0165ou. V\u0161\u00edmajte si preto svet okolo seba a majte o\u010di otvoren\u00e9. Nebezpe\u010denstvo m\u00e1 r\u00f4zne, maskovan\u00e9 podoby. M\u00f4\u017eete tak zachr\u00e1ni\u0165 mnoho drav\u010d\u00edch \u017eivotov.V\u0161etky zauj\u00edmav\u00e9 inform\u00e1cie o tejto t\u00e9me sa dozviete na predn\u00e1\u0161ke Tom\u00e1\u0161a Veselovsk\u00e9ho z Ochrany dravcov na Slovensku v utorok 8. 11. o 16.00 na Budat\u00ednskom hrade. Po predn\u00e1\u0161ke bude nasledova\u0165 komentovan\u00e1 prehliadka v\u00fdstavy Vt\u00e1\u010dia kriminalita.\" \/>\n<meta name=\"robots\" content=\"index, follow, max-snippet:-1, max-image-preview:large, max-video-preview:-1\" \/>\n<link rel=\"canonical\" href=\"https:\/\/pmza.sk\/?p=53712\" \/>\n<meta property=\"og:locale\" content=\"sk_SK\" \/>\n<meta property=\"og:type\" content=\"article\" \/>\n<meta property=\"og:title\" content=\"Sta\u0148 sa hrdinom a zachr\u00e1\u0148 drav\u00e9 vt\u00e1ky! - Pova\u017esk\u00e9 m\u00fazeum\" \/>\n<meta property=\"og:description\" content=\"Chcete sa sta\u0165 drav\u010d\u00edm hrdinom? Ka\u017ed\u00fd z n\u00e1s m\u00f4\u017ee poda\u0165 pomocn\u00fa ruku drav\u00fdm vt\u00e1kom, ktor\u00e9 sa neraz po\u010das svojho \u017eivota stretn\u00fa s\u00a0\u013eudskou hl\u00fapos\u0165ou. V\u0161\u00edmajte si preto svet okolo seba a majte o\u010di otvoren\u00e9. Nebezpe\u010denstvo m\u00e1 r\u00f4zne, maskovan\u00e9 podoby. M\u00f4\u017eete tak zachr\u00e1ni\u0165 mnoho drav\u010d\u00edch \u017eivotov.V\u0161etky zauj\u00edmav\u00e9 inform\u00e1cie o tejto t\u00e9me sa dozviete na predn\u00e1\u0161ke Tom\u00e1\u0161a Veselovsk\u00e9ho z Ochrany dravcov na Slovensku v utorok 8. 11. o 16.00 na Budat\u00ednskom hrade. Po predn\u00e1\u0161ke bude nasledova\u0165 komentovan\u00e1 prehliadka v\u00fdstavy Vt\u00e1\u010dia kriminalita.\" \/>\n<meta property=\"og:url\" content=\"https:\/\/pmza.sk\/?p=53712\" \/>\n<meta property=\"og:site_name\" content=\"Pova\u017esk\u00e9 m\u00fazeum\" \/>\n<meta property=\"article:publisher\" content=\"https:\/\/www.facebook.com\/povazskemuzeum\" \/>\n<meta property=\"article:published_time\" content=\"2022-10-26T05:27:19+00:00\" \/>\n<meta property=\"article:modified_time\" content=\"2022-11-10T06:34:35+00:00\" \/>\n<meta property=\"og:image\" content=\"https:\/\/pmza.sk\/wp-content\/uploads\/2022\/10\/Stan_sa_hrdinom_stvorec-scaled.jpg\" \/>\n\t<meta property=\"og:image:width\" content=\"2560\" \/>\n\t<meta property=\"og:image:height\" content=\"2560\" \/>\n\t<meta property=\"og:image:type\" content=\"image\/jpeg\" \/>\n<meta name=\"author\" content=\"Pova\u017esk\u00e9 m\u00fazeum\" \/>\n<meta name=\"twitter:card\" content=\"summary_large_image\" \/>\n<meta name=\"twitter:label1\" content=\"Autor\" \/>\n\t<meta name=\"twitter:data1\" content=\"Pova\u017esk\u00e9 m\u00fazeum\" \/>\n\t<meta name=\"twitter:label2\" content=\"Predpokladan\u00fd \u010das \u010d\u00edtania\" \/>\n\t<meta name=\"twitter:data2\" content=\"1 min\u00fata\" \/>\n<script type=\"application\/ld+json\" class=\"yoast-schema-graph\">{\"@context\":\"https:\\\/\\\/schema.org\",\"@graph\":[{\"@type\":\"Article\",\"@id\":\"https:\\\/\\\/pmza.sk\\\/?p=53712#article\",\"isPartOf\":{\"@id\":\"https:\\\/\\\/pmza.sk\\\/?p=53712\"},\"author\":{\"name\":\"Pova\u017esk\u00e9 m\u00fazeum\",\"@id\":\"https:\\\/\\\/pmza.sk\\\/#\\\/schema\\\/person\\\/595e6a2ce731ea94dcd5d7f50a41ae33\"},\"headline\":\"Sta\u0148 sa hrdinom a zachr\u00e1\u0148 drav\u00e9 vt\u00e1ky!\",\"datePublished\":\"2022-10-26T05:27:19+00:00\",\"dateModified\":\"2022-11-10T06:34:35+00:00\",\"mainEntityOfPage\":{\"@id\":\"https:\\\/\\\/pmza.sk\\\/?p=53712\"},\"wordCount\":147,\"commentCount\":0,\"publisher\":{\"@id\":\"https:\\\/\\\/pmza.sk\\\/#organization\"},\"image\":{\"@id\":\"https:\\\/\\\/pmza.sk\\\/?p=53712#primaryimage\"},\"thumbnailUrl\":\"https:\\\/\\\/pmza.sk\\\/wp-content\\\/uploads\\\/2022\\\/10\\\/Stan_sa_hrdinom_stvorec-scaled.jpg\",\"articleSection\":{\"1\":\"Podujatia\"},\"inLanguage\":\"sk-SK\"},{\"@type\":\"WebPage\",\"@id\":\"https:\\\/\\\/pmza.sk\\\/?p=53712\",\"url\":\"https:\\\/\\\/pmza.sk\\\/?p=53712\",\"name\":\"Sta\u0148 sa hrdinom a zachr\u00e1\u0148 drav\u00e9 vt\u00e1ky! - Pova\u017esk\u00e9 m\u00fazeum\",\"isPartOf\":{\"@id\":\"https:\\\/\\\/pmza.sk\\\/#website\"},\"primaryImageOfPage\":{\"@id\":\"https:\\\/\\\/pmza.sk\\\/?p=53712#primaryimage\"},\"image\":{\"@id\":\"https:\\\/\\\/pmza.sk\\\/?p=53712#primaryimage\"},\"thumbnailUrl\":\"https:\\\/\\\/pmza.sk\\\/wp-content\\\/uploads\\\/2022\\\/10\\\/Stan_sa_hrdinom_stvorec-scaled.jpg\",\"datePublished\":\"2022-10-26T05:27:19+00:00\",\"dateModified\":\"2022-11-10T06:34:35+00:00\",\"description\":\"Chcete sa sta\u0165 drav\u010d\u00edm hrdinom? Ka\u017ed\u00fd z n\u00e1s m\u00f4\u017ee poda\u0165 pomocn\u00fa ruku drav\u00fdm vt\u00e1kom, ktor\u00e9 sa neraz po\u010das svojho \u017eivota stretn\u00fa s\u00a0\u013eudskou hl\u00fapos\u0165ou. V\u0161\u00edmajte si preto svet okolo seba a majte o\u010di otvoren\u00e9. Nebezpe\u010denstvo m\u00e1 r\u00f4zne, maskovan\u00e9 podoby. M\u00f4\u017eete tak zachr\u00e1ni\u0165 mnoho drav\u010d\u00edch \u017eivotov.V\u0161etky zauj\u00edmav\u00e9 inform\u00e1cie o tejto t\u00e9me sa dozviete na predn\u00e1\u0161ke Tom\u00e1\u0161a Veselovsk\u00e9ho z Ochrany dravcov na Slovensku v utorok 8. 11. o 16.00 na Budat\u00ednskom hrade. Po predn\u00e1\u0161ke bude nasledova\u0165 komentovan\u00e1 prehliadka v\u00fdstavy Vt\u00e1\u010dia kriminalita.\",\"breadcrumb\":{\"@id\":\"https:\\\/\\\/pmza.sk\\\/?p=53712#breadcrumb\"},\"inLanguage\":\"sk-SK\",\"potentialAction\":[{\"@type\":\"ReadAction\",\"target\":[\"https:\\\/\\\/pmza.sk\\\/?p=53712\"]}]},{\"@type\":\"ImageObject\",\"inLanguage\":\"sk-SK\",\"@id\":\"https:\\\/\\\/pmza.sk\\\/?p=53712#primaryimage\",\"url\":\"https:\\\/\\\/pmza.sk\\\/wp-content\\\/uploads\\\/2022\\\/10\\\/Stan_sa_hrdinom_stvorec-scaled.jpg\",\"contentUrl\":\"https:\\\/\\\/pmza.sk\\\/wp-content\\\/uploads\\\/2022\\\/10\\\/Stan_sa_hrdinom_stvorec-scaled.jpg\",\"width\":2560,\"height\":2560},{\"@type\":\"BreadcrumbList\",\"@id\":\"https:\\\/\\\/pmza.sk\\\/?p=53712#breadcrumb\",\"itemListElement\":[{\"@type\":\"ListItem\",\"position\":1,\"name\":\"Domovsk\u00e1 str\u00e1nka\",\"item\":\"https:\\\/\\\/pmza.sk\\\/\"},{\"@type\":\"ListItem\",\"position\":2,\"name\":\"Sta\u0148 sa hrdinom a zachr\u00e1\u0148 drav\u00e9 vt\u00e1ky!\"}]},{\"@type\":\"WebSite\",\"@id\":\"https:\\\/\\\/pmza.sk\\\/#website\",\"url\":\"https:\\\/\\\/pmza.sk\\\/\",\"name\":\"Pova\u017esk\u00e9 m\u00fazeum\",\"description\":\"Pova\u017esk\u00e9 m\u00fazeum v \u017diline je region\u00e1lne m\u00fazeum so s\u00eddlom v Budat\u00edne. Jeho expoz\u00edcie s\u00fa zameran\u00e9 na dejiny slovensk\u00e9ho umenia, kult\u00fary a dopravy.\",\"publisher\":{\"@id\":\"https:\\\/\\\/pmza.sk\\\/#organization\"},\"potentialAction\":[{\"@type\":\"SearchAction\",\"target\":{\"@type\":\"EntryPoint\",\"urlTemplate\":\"https:\\\/\\\/pmza.sk\\\/?s={search_term_string}\"},\"query-input\":{\"@type\":\"PropertyValueSpecification\",\"valueRequired\":true,\"valueName\":\"search_term_string\"}}],\"inLanguage\":\"sk-SK\"},{\"@type\":\"Organization\",\"@id\":\"https:\\\/\\\/pmza.sk\\\/#organization\",\"name\":\"Pova\u017esk\u00e9 m\u00fazeum\",\"url\":\"https:\\\/\\\/pmza.sk\\\/\",\"logo\":{\"@type\":\"ImageObject\",\"inLanguage\":\"sk-SK\",\"@id\":\"https:\\\/\\\/pmza.sk\\\/#\\\/schema\\\/logo\\\/image\\\/\",\"url\":\"https:\\\/\\\/pmza.sk\\\/wp-content\\\/uploads\\\/2022\\\/01\\\/logo_PM_horizontal.jpg\",\"contentUrl\":\"https:\\\/\\\/pmza.sk\\\/wp-content\\\/uploads\\\/2022\\\/01\\\/logo_PM_horizontal.jpg\",\"width\":231,\"height\":142,\"caption\":\"Pova\u017esk\u00e9 m\u00fazeum\"},\"image\":{\"@id\":\"https:\\\/\\\/pmza.sk\\\/#\\\/schema\\\/logo\\\/image\\\/\"},\"sameAs\":[\"https:\\\/\\\/www.facebook.com\\\/povazskemuzeum\",\"https:\\\/\\\/www.instagram.com\\\/povazskemuzeum\\\/\"]},{\"@type\":\"Person\",\"@id\":\"https:\\\/\\\/pmza.sk\\\/#\\\/schema\\\/person\\\/595e6a2ce731ea94dcd5d7f50a41ae33\",\"name\":\"Pova\u017esk\u00e9 m\u00fazeum\",\"image\":{\"@type\":\"ImageObject\",\"inLanguage\":\"sk-SK\",\"@id\":\"https:\\\/\\\/secure.gravatar.com\\\/avatar\\\/2bb7f1561282132fb5826dfeccc66c7996d11ee392ac6aaf7ced8a1c2027fbb2?s=96&d=mm&r=g\",\"url\":\"https:\\\/\\\/secure.gravatar.com\\\/avatar\\\/2bb7f1561282132fb5826dfeccc66c7996d11ee392ac6aaf7ced8a1c2027fbb2?s=96&d=mm&r=g\",\"contentUrl\":\"https:\\\/\\\/secure.gravatar.com\\\/avatar\\\/2bb7f1561282132fb5826dfeccc66c7996d11ee392ac6aaf7ced8a1c2027fbb2?s=96&d=mm&r=g\",\"caption\":\"Pova\u017esk\u00e9 m\u00fazeum\"}}]}<\/script>\n<!-- \/ Yoast SEO plugin. -->","yoast_head_json":{"title":"Sta\u0148 sa hrdinom a zachr\u00e1\u0148 drav\u00e9 vt\u00e1ky! - Pova\u017esk\u00e9 m\u00fazeum","description":"Chcete sa sta\u0165 drav\u010d\u00edm hrdinom? Ka\u017ed\u00fd z n\u00e1s m\u00f4\u017ee poda\u0165 pomocn\u00fa ruku drav\u00fdm vt\u00e1kom, ktor\u00e9 sa neraz po\u010das svojho \u017eivota stretn\u00fa s\u00a0\u013eudskou hl\u00fapos\u0165ou. V\u0161\u00edmajte si preto svet okolo seba a majte o\u010di otvoren\u00e9. Nebezpe\u010denstvo m\u00e1 r\u00f4zne, maskovan\u00e9 podoby. M\u00f4\u017eete tak zachr\u00e1ni\u0165 mnoho drav\u010d\u00edch \u017eivotov.V\u0161etky zauj\u00edmav\u00e9 inform\u00e1cie o tejto t\u00e9me sa dozviete na predn\u00e1\u0161ke Tom\u00e1\u0161a Veselovsk\u00e9ho z Ochrany dravcov na Slovensku v utorok 8. 11. o 16.00 na Budat\u00ednskom hrade. Po predn\u00e1\u0161ke bude nasledova\u0165 komentovan\u00e1 prehliadka v\u00fdstavy Vt\u00e1\u010dia kriminalita.","robots":{"index":"index","follow":"follow","max-snippet":"max-snippet:-1","max-image-preview":"max-image-preview:large","max-video-preview":"max-video-preview:-1"},"canonical":"https:\/\/pmza.sk\/?p=53712","og_locale":"sk_SK","og_type":"article","og_title":"Sta\u0148 sa hrdinom a zachr\u00e1\u0148 drav\u00e9 vt\u00e1ky! - Pova\u017esk\u00e9 m\u00fazeum","og_description":"Chcete sa sta\u0165 drav\u010d\u00edm hrdinom? Ka\u017ed\u00fd z n\u00e1s m\u00f4\u017ee poda\u0165 pomocn\u00fa ruku drav\u00fdm vt\u00e1kom, ktor\u00e9 sa neraz po\u010das svojho \u017eivota stretn\u00fa s\u00a0\u013eudskou hl\u00fapos\u0165ou. V\u0161\u00edmajte si preto svet okolo seba a majte o\u010di otvoren\u00e9. Nebezpe\u010denstvo m\u00e1 r\u00f4zne, maskovan\u00e9 podoby. M\u00f4\u017eete tak zachr\u00e1ni\u0165 mnoho drav\u010d\u00edch \u017eivotov.V\u0161etky zauj\u00edmav\u00e9 inform\u00e1cie o tejto t\u00e9me sa dozviete na predn\u00e1\u0161ke Tom\u00e1\u0161a Veselovsk\u00e9ho z Ochrany dravcov na Slovensku v utorok 8. 11. o 16.00 na Budat\u00ednskom hrade. Po predn\u00e1\u0161ke bude nasledova\u0165 komentovan\u00e1 prehliadka v\u00fdstavy Vt\u00e1\u010dia kriminalita.","og_url":"https:\/\/pmza.sk\/?p=53712","og_site_name":"Pova\u017esk\u00e9 m\u00fazeum","article_publisher":"https:\/\/www.facebook.com\/povazskemuzeum","article_published_time":"2022-10-26T05:27:19+00:00","article_modified_time":"2022-11-10T06:34:35+00:00","og_image":[{"width":2560,"height":2560,"url":"https:\/\/pmza.sk\/wp-content\/uploads\/2022\/10\/Stan_sa_hrdinom_stvorec-scaled.jpg","type":"image\/jpeg"}],"author":"Pova\u017esk\u00e9 m\u00fazeum","twitter_card":"summary_large_image","twitter_misc":{"Autor":"Pova\u017esk\u00e9 m\u00fazeum","Predpokladan\u00fd \u010das \u010d\u00edtania":"1 min\u00fata"},"schema":{"@context":"https:\/\/schema.org","@graph":[{"@type":"Article","@id":"https:\/\/pmza.sk\/?p=53712#article","isPartOf":{"@id":"https:\/\/pmza.sk\/?p=53712"},"author":{"name":"Pova\u017esk\u00e9 m\u00fazeum","@id":"https:\/\/pmza.sk\/#\/schema\/person\/595e6a2ce731ea94dcd5d7f50a41ae33"},"headline":"Sta\u0148 sa hrdinom a zachr\u00e1\u0148 drav\u00e9 vt\u00e1ky!","datePublished":"2022-10-26T05:27:19+00:00","dateModified":"2022-11-10T06:34:35+00:00","mainEntityOfPage":{"@id":"https:\/\/pmza.sk\/?p=53712"},"wordCount":147,"commentCount":0,"publisher":{"@id":"https:\/\/pmza.sk\/#organization"},"image":{"@id":"https:\/\/pmza.sk\/?p=53712#primaryimage"},"thumbnailUrl":"https:\/\/pmza.sk\/wp-content\/uploads\/2022\/10\/Stan_sa_hrdinom_stvorec-scaled.jpg","articleSection":{"1":"Podujatia"},"inLanguage":"sk-SK"},{"@type":"WebPage","@id":"https:\/\/pmza.sk\/?p=53712","url":"https:\/\/pmza.sk\/?p=53712","name":"Sta\u0148 sa hrdinom a zachr\u00e1\u0148 drav\u00e9 vt\u00e1ky! - Pova\u017esk\u00e9 m\u00fazeum","isPartOf":{"@id":"https:\/\/pmza.sk\/#website"},"primaryImageOfPage":{"@id":"https:\/\/pmza.sk\/?p=53712#primaryimage"},"image":{"@id":"https:\/\/pmza.sk\/?p=53712#primaryimage"},"thumbnailUrl":"https:\/\/pmza.sk\/wp-content\/uploads\/2022\/10\/Stan_sa_hrdinom_stvorec-scaled.jpg","datePublished":"2022-10-26T05:27:19+00:00","dateModified":"2022-11-10T06:34:35+00:00","description":"Chcete sa sta\u0165 drav\u010d\u00edm hrdinom? Ka\u017ed\u00fd z n\u00e1s m\u00f4\u017ee poda\u0165 pomocn\u00fa ruku drav\u00fdm vt\u00e1kom, ktor\u00e9 sa neraz po\u010das svojho \u017eivota stretn\u00fa s\u00a0\u013eudskou hl\u00fapos\u0165ou. V\u0161\u00edmajte si preto svet okolo seba a majte o\u010di otvoren\u00e9. Nebezpe\u010denstvo m\u00e1 r\u00f4zne, maskovan\u00e9 podoby. M\u00f4\u017eete tak zachr\u00e1ni\u0165 mnoho drav\u010d\u00edch \u017eivotov.V\u0161etky zauj\u00edmav\u00e9 inform\u00e1cie o tejto t\u00e9me sa dozviete na predn\u00e1\u0161ke Tom\u00e1\u0161a Veselovsk\u00e9ho z Ochrany dravcov na Slovensku v utorok 8. 11. o 16.00 na Budat\u00ednskom hrade. Po predn\u00e1\u0161ke bude nasledova\u0165 komentovan\u00e1 prehliadka v\u00fdstavy Vt\u00e1\u010dia kriminalita.","breadcrumb":{"@id":"https:\/\/pmza.sk\/?p=53712#breadcrumb"},"inLanguage":"sk-SK","potentialAction":[{"@type":"ReadAction","target":["https:\/\/pmza.sk\/?p=53712"]}]},{"@type":"ImageObject","inLanguage":"sk-SK","@id":"https:\/\/pmza.sk\/?p=53712#primaryimage","url":"https:\/\/pmza.sk\/wp-content\/uploads\/2022\/10\/Stan_sa_hrdinom_stvorec-scaled.jpg","contentUrl":"https:\/\/pmza.sk\/wp-content\/uploads\/2022\/10\/Stan_sa_hrdinom_stvorec-scaled.jpg","width":2560,"height":2560},{"@type":"BreadcrumbList","@id":"https:\/\/pmza.sk\/?p=53712#breadcrumb","itemListElement":[{"@type":"ListItem","position":1,"name":"Domovsk\u00e1 str\u00e1nka","item":"https:\/\/pmza.sk\/"},{"@type":"ListItem","position":2,"name":"Sta\u0148 sa hrdinom a zachr\u00e1\u0148 drav\u00e9 vt\u00e1ky!"}]},{"@type":"WebSite","@id":"https:\/\/pmza.sk\/#website","url":"https:\/\/pmza.sk\/","name":"Pova\u017esk\u00e9 m\u00fazeum","description":"Pova\u017esk\u00e9 m\u00fazeum v \u017diline je region\u00e1lne m\u00fazeum so s\u00eddlom v Budat\u00edne. Jeho expoz\u00edcie s\u00fa zameran\u00e9 na dejiny slovensk\u00e9ho umenia, kult\u00fary a dopravy.","publisher":{"@id":"https:\/\/pmza.sk\/#organization"},"potentialAction":[{"@type":"SearchAction","target":{"@type":"EntryPoint","urlTemplate":"https:\/\/pmza.sk\/?s={search_term_string}"},"query-input":{"@type":"PropertyValueSpecification","valueRequired":true,"valueName":"search_term_string"}}],"inLanguage":"sk-SK"},{"@type":"Organization","@id":"https:\/\/pmza.sk\/#organization","name":"Pova\u017esk\u00e9 m\u00fazeum","url":"https:\/\/pmza.sk\/","logo":{"@type":"ImageObject","inLanguage":"sk-SK","@id":"https:\/\/pmza.sk\/#\/schema\/logo\/image\/","url":"https:\/\/pmza.sk\/wp-content\/uploads\/2022\/01\/logo_PM_horizontal.jpg","contentUrl":"https:\/\/pmza.sk\/wp-content\/uploads\/2022\/01\/logo_PM_horizontal.jpg","width":231,"height":142,"caption":"Pova\u017esk\u00e9 m\u00fazeum"},"image":{"@id":"https:\/\/pmza.sk\/#\/schema\/logo\/image\/"},"sameAs":["https:\/\/www.facebook.com\/povazskemuzeum","https:\/\/www.instagram.com\/povazskemuzeum\/"]},{"@type":"Person","@id":"https:\/\/pmza.sk\/#\/schema\/person\/595e6a2ce731ea94dcd5d7f50a41ae33","name":"Pova\u017esk\u00e9 m\u00fazeum","image":{"@type":"ImageObject","inLanguage":"sk-SK","@id":"https:\/\/secure.gravatar.com\/avatar\/2bb7f1561282132fb5826dfeccc66c7996d11ee392ac6aaf7ced8a1c2027fbb2?s=96&d=mm&r=g","url":"https:\/\/secure.gravatar.com\/avatar\/2bb7f1561282132fb5826dfeccc66c7996d11ee392ac6aaf7ced8a1c2027fbb2?s=96&d=mm&r=g","contentUrl":"https:\/\/secure.gravatar.com\/avatar\/2bb7f1561282132fb5826dfeccc66c7996d11ee392ac6aaf7ced8a1c2027fbb2?s=96&d=mm&r=g","caption":"Pova\u017esk\u00e9 m\u00fazeum"}}]}},"_links":{"self":[{"href":"https:\/\/pmza.sk\/index.php?rest_route=\/wp\/v2\/posts\/53712","targetHints":{"allow":["GET"]}}],"collection":[{"href":"https:\/\/pmza.sk\/index.php?rest_route=\/wp\/v2\/posts"}],"about":[{"href":"https:\/\/pmza.sk\/index.php?rest_route=\/wp\/v2\/types\/post"}],"author":[{"embeddable":true,"href":"https:\/\/pmza.sk\/index.php?rest_route=\/wp\/v2\/users\/2"}],"replies":[{"embeddable":true,"href":"https:\/\/pmza.sk\/index.php?rest_route=%2Fwp%2Fv2%2Fcomments&post=53712"}],"version-history":[{"count":0,"href":"https:\/\/pmza.sk\/index.php?rest_route=\/wp\/v2\/posts\/53712\/revisions"}],"wp:featuredmedia":[{"embeddable":true,"href":"https:\/\/pmza.sk\/index.php?rest_route=\/wp\/v2\/media\/53716"}],"wp:attachment":[{"href":"https:\/\/pmza.sk\/index.php?rest_route=%2Fwp%2Fv2%2Fmedia&parent=53712"}],"wp:term":[{"taxonomy":"category","embeddable":true,"href":"https:\/\/pmza.sk\/index.php?rest_route=%2Fwp%2Fv2%2Fcategories&post=53712"},{"taxonomy":"post_tag","embeddable":true,"href":"https:\/\/pmza.sk\/index.php?rest_route=%2Fwp%2Fv2%2Ftags&post=53712"}],"curies":[{"name":"wp","href":"https:\/\/api.w.org\/{rel}","templated":true}]}}