{"id":5373,"date":"2012-04-04T14:22:47","date_gmt":"2012-04-04T12:22:47","guid":{"rendered":"https:\/\/pmza.sk.sk\/?p=5373"},"modified":"2012-04-04T14:22:47","modified_gmt":"2012-04-04T12:22:47","slug":"prizraky-noci","status":"publish","type":"post","link":"https:\/\/pmza.sk\/?p=5373","title":{"rendered":"Pr\u00edzraky noci"},"content":{"rendered":"<p><strong> <\/strong><\/p>\n<p><a href=\"https:\/\/pmza.sk\/wp-content\/uploads\/2012\/04\/sova-lesna.bmp\"><img fetchpriority=\"high\" decoding=\"async\" class=\"alignleft size-full wp-image-5374\" style=\"margin: 4px; border: 2px solid black;\" title=\"sova lesna\" src=\"https:\/\/pmza.sk\/wp-content\/uploads\/2012\/04\/sova-lesna.bmp\" alt=\"\" width=\"293\" height=\"205\" srcset=\"https:\/\/pmza.sk\/wp-content\/uploads\/2012\/04\/sova-lesna.bmp 640w, https:\/\/pmza.sk\/wp-content\/uploads\/2012\/04\/sova-lesna-600x418.jpg 600w, https:\/\/pmza.sk\/wp-content\/uploads\/2012\/04\/sova-lesna-517x360.jpg 517w\" sizes=\"(max-width: 293px) 100vw, 293px\" \/><\/a><span style=\"color: #ff0000;\"><\/span><\/p>\n<p>Sovy od d\u00e1vna v\u00a0na\u0161ich predkoch vzbudzovali obavy. Ich strach pramenil z\u00a0tajomstvami opraden\u00e9ho no\u010dn\u00e9ho sp\u00f4sobu \u017eivota t\u00fdchto vt\u00e1kov, na ktor\u00fd sa po\u010das svojho v\u00fdvoja dokonale adaptovali. V\u010faka modern\u00e9mu biologick\u00e9mu v\u00fdskumu dnes pozn\u00e1me odpovede na mnoh\u00e9, aj ke\u010f nie v\u0161etky z\u00e1hady \u00a0ich spr\u00e1vania a\u00a0sp\u00f4sobu \u017eivota. Aj o\u00a0tom bude v\u00fdstava pod n\u00e1zvom <strong>Pr\u00edzraky noci<\/strong>, ktor\u00e1 \u0161tartuje tento rok v\u00fdstavn\u00e9 aktivity na hrade Stre\u010dno.<\/p>\n<p><!--more--><\/p>\n<p>\u201e<em>Pestros\u0165 prostredia a\u00a0vysok\u00fd podiel zachoval\u00fdch a\u00a0pr\u00edrode bl\u00edzkych biotopov na \u00fazem\u00ed Slovenska podmie\u0148uje aj vysok\u00fa druhov\u00fa diverzitu sov. V\u00fdnimkou nie s\u00fa <\/em><em>ani pohoria Malej Fatry, Javorn\u00edkov, S\u00fa\u013eovsk\u00fdch vrchov a\u00a0Kysuckej vrchoviny, \u017dilinskej kotliny alebo Pova\u017esk\u00e9ho podolia. V\u0161ade tu sovy \u017eij\u00fa bu\u010f trvale, alebo tu len hniezdia, zimuj\u00fa, respekt\u00edve sa tu vyskytuj\u00fa iba kr\u00e1tko, naj\u010dastej\u0161ie po\u010das jarn\u00e9ho alebo jesenn\u00e9ho \u0165ahu<\/em>,\u201c upozornil Ladislav Hl\u00f4\u0161ka, zool\u00f3g Pova\u017esk\u00e9ho m\u00fazea v\u00a0\u017diline a\u00a0autor v\u00fdstavy.<\/p>\n<p>N\u00e1v\u0161tevn\u00edci v\u00fdstavy bud\u00fa ma\u0165 mo\u017enos\u0165 uvidie\u0165 v\u0161etky dermoplastick\u00e9 prepar\u00e1ty sov zo zbierok m\u00fazea, ako napr\u00edklad kuvi\u010dka vrab\u010dieho, p\u00f4tika kapcav\u00e9ho, sovu lesn\u00fa,\u00a0 my\u0161iarku u\u0161at\u00fa alebo v\u00fdrika lesn\u00e9ho. \u201e<em>Viacer\u00fdm druhom sov vyhovuje \u017eivot v\u00a0bl\u00edzkosti \u010dloveka. K\u00a0tak\u00fdmto druhom patr\u00ed najm\u00e4 my\u0161iarka u\u0161at\u00e1, ktor\u00e1 pravidelne hniezdi aj v\u00a0Budat\u00ednskom parku. Na opusten\u00fdch poval\u00e1ch star\u00fdch budov alebo v\u00a0kostoln\u00fdch <\/em><em>ve\u017eiach hnezdievala v\u00a0minulosti plamienka driemav\u00e1, v\u00a0s\u00fa\u010dasnosti ve\u013emi vz\u00e1cny druh. S\u00fa\u013eovsk\u00e9 skaly, skalnat\u00e9 hrebene a\u00a0ties\u0148avy Malej Fatry ob\u00fdva na\u0161a najv\u00e4\u010d\u0161ia sova \u2013 v\u00fdr skaln\u00fd. Samica tohto druhu nezriedka dosahuje hmotnos\u0165 viac ako 3 kg a\u00a0rozp\u00e4tie kr\u00eddel do 180 cm<\/em>,\u201c dodal Ladislav Hl\u00f4\u0161ka.<\/p>\n<p>V\u00fdstava informuje aj o\u00a0anatomick\u00fdch a\u00a0fyziologick\u00fdch vlastnostiach sov, v\u010faka ktor\u00fdm patria ku vynikaj\u00facim no\u010dn\u00fdm lovcom. Zauj\u00edmavos\u0165ou bud\u00fa nahr\u00e1vky zvukov\u00fdch prejavov konkr\u00e9tnych sov, \u010do nepochybne umocn\u00ed emocion\u00e1lny z\u00e1\u017eitok z\u00a0tejto in\u0161tal\u00e1cie. <strong>Pr\u00edzraky noci<\/strong> \u2013 audiovizu\u00e1lna v\u00fdstava o\u00a0na\u0161ich sov\u00e1ch bude pr\u00edstupn\u00e1 verejnosti v\u00a0Severnom pal\u00e1ci hradu Stre\u010dno od 19. apr\u00edla do 26. j\u00fana 2012. Organiz\u00e1torom je \u017dilinsk\u00fd samospr\u00e1vny kraj a\u00a0Pova\u017esk\u00e9 m\u00fazeum v\u00a0\u017diline.<\/p>\n<div id=\"_mcePaste\" class=\"mcePaste\" style=\"position: absolute; width: 1px; height: 1px; overflow: hidden; top: 0px; left: -10000px;\">\ufeff<\/div>\n","protected":false},"excerpt":{"rendered":"<p>Sovy od d\u00e1vna v\u00a0na\u0161ich predkoch vzbudzovali obavy. Ich strach pramenil z\u00a0tajomstvami opraden\u00e9ho no\u010dn\u00e9ho sp\u00f4sobu \u017eivota t\u00fdchto vt\u00e1kov, na ktor\u00fd sa po\u010das svojho v\u00fdvoja dokonale adaptovali. V\u010faka modern\u00e9mu biologick\u00e9mu v\u00fdskumu dnes pozn\u00e1me odpovede na mnoh\u00e9, aj ke\u010f nie v\u0161etky z\u00e1hady \u00a0ich spr\u00e1vania a\u00a0sp\u00f4sobu \u017eivota. Aj o\u00a0tom bude v\u00fdstava pod n\u00e1zvom Pr\u00edzraky noci, ktor\u00e1 \u0161tartuje tento rok [&hellip;]<\/p>\n","protected":false},"author":2,"featured_media":0,"comment_status":"closed","ping_status":"closed","sticky":false,"template":"","format":"standard","meta":{"site-sidebar-layout":"default","site-content-layout":"","ast-site-content-layout":"","site-content-style":"default","site-sidebar-style":"default","ast-global-header-display":"","ast-banner-title-visibility":"","ast-main-header-display":"","ast-hfb-above-header-display":"","ast-hfb-below-header-display":"","ast-hfb-mobile-header-display":"","site-post-title":"","ast-breadcrumbs-content":"","ast-featured-img":"","footer-sml-layout":"","theme-transparent-header-meta":"","adv-header-id-meta":"","stick-header-meta":"","header-above-stick-meta":"","header-main-stick-meta":"","header-below-stick-meta":"","astra-migrate-meta-layouts":"default","ast-page-background-enabled":"default","ast-page-background-meta":{"desktop":{"background-color":"var(--ast-global-color-4)","background-image":"","background-repeat":"repeat","background-position":"center center","background-size":"auto","background-attachment":"scroll","background-type":"","background-media":"","overlay-type":"","overlay-color":"","overlay-opacity":"","overlay-gradient":""},"tablet":{"background-color":"","background-image":"","background-repeat":"repeat","background-position":"center center","background-size":"auto","background-attachment":"scroll","background-type":"","background-media":"","overlay-type":"","overlay-color":"","overlay-opacity":"","overlay-gradient":""},"mobile":{"background-color":"","background-image":"","background-repeat":"repeat","background-position":"center center","background-size":"auto","background-attachment":"scroll","background-type":"","background-media":"","overlay-type":"","overlay-color":"","overlay-opacity":"","overlay-gradient":""}},"ast-content-background-meta":{"desktop":{"background-color":"var(--ast-global-color-5)","background-image":"","background-repeat":"repeat","background-position":"center center","background-size":"auto","background-attachment":"scroll","background-type":"","background-media":"","overlay-type":"","overlay-color":"","overlay-opacity":"","overlay-gradient":""},"tablet":{"background-color":"var(--ast-global-color-5)","background-image":"","background-repeat":"repeat","background-position":"center center","background-size":"auto","background-attachment":"scroll","background-type":"","background-media":"","overlay-type":"","overlay-color":"","overlay-opacity":"","overlay-gradient":""},"mobile":{"background-color":"var(--ast-global-color-5)","background-image":"","background-repeat":"repeat","background-position":"center center","background-size":"auto","background-attachment":"scroll","background-type":"","background-media":"","overlay-type":"","overlay-color":"","overlay-opacity":"","overlay-gradient":""}},"footnotes":""},"categories":[32],"tags":[],"class_list":["post-5373","post","type-post","status-publish","format-standard","hentry","category-archiv-2012"],"yoast_head":"<!-- This site is optimized with the Yoast SEO plugin v27.4 - https:\/\/yoast.com\/product\/yoast-seo-wordpress\/ -->\n<title>Pr\u00edzraky noci - Pova\u017esk\u00e9 m\u00fazeum<\/title>\n<meta name=\"robots\" content=\"index, follow, max-snippet:-1, max-image-preview:large, max-video-preview:-1\" \/>\n<link rel=\"canonical\" href=\"https:\/\/pmza.sk\/?p=5373\" \/>\n<meta property=\"og:locale\" content=\"sk_SK\" \/>\n<meta property=\"og:type\" content=\"article\" \/>\n<meta property=\"og:title\" content=\"Pr\u00edzraky noci - Pova\u017esk\u00e9 m\u00fazeum\" \/>\n<meta property=\"og:description\" content=\"Sovy od d\u00e1vna v\u00a0na\u0161ich predkoch vzbudzovali obavy. Ich strach pramenil z\u00a0tajomstvami opraden\u00e9ho no\u010dn\u00e9ho sp\u00f4sobu \u017eivota t\u00fdchto vt\u00e1kov, na ktor\u00fd sa po\u010das svojho v\u00fdvoja dokonale adaptovali. V\u010faka modern\u00e9mu biologick\u00e9mu v\u00fdskumu dnes pozn\u00e1me odpovede na mnoh\u00e9, aj ke\u010f nie v\u0161etky z\u00e1hady \u00a0ich spr\u00e1vania a\u00a0sp\u00f4sobu \u017eivota. Aj o\u00a0tom bude v\u00fdstava pod n\u00e1zvom Pr\u00edzraky noci, ktor\u00e1 \u0161tartuje tento rok [&hellip;]\" \/>\n<meta property=\"og:url\" content=\"https:\/\/pmza.sk\/?p=5373\" \/>\n<meta property=\"og:site_name\" content=\"Pova\u017esk\u00e9 m\u00fazeum\" \/>\n<meta property=\"article:publisher\" content=\"https:\/\/www.facebook.com\/povazskemuzeum\" \/>\n<meta property=\"article:published_time\" content=\"2012-04-04T12:22:47+00:00\" \/>\n<meta property=\"og:image\" content=\"https:\/\/pmza.sk\/wp-content\/uploads\/2012\/04\/sova-lesna.bmp\" \/>\n<meta name=\"author\" content=\"Pova\u017esk\u00e9 m\u00fazeum\" \/>\n<meta name=\"twitter:card\" content=\"summary_large_image\" \/>\n<meta name=\"twitter:label1\" content=\"Autor\" \/>\n\t<meta name=\"twitter:data1\" content=\"Pova\u017esk\u00e9 m\u00fazeum\" \/>\n\t<meta name=\"twitter:label2\" content=\"Predpokladan\u00fd \u010das \u010d\u00edtania\" \/>\n\t<meta name=\"twitter:data2\" content=\"2 min\u00faty\" \/>\n<script type=\"application\/ld+json\" class=\"yoast-schema-graph\">{\"@context\":\"https:\\\/\\\/schema.org\",\"@graph\":[{\"@type\":\"Article\",\"@id\":\"https:\\\/\\\/pmza.sk\\\/?p=5373#article\",\"isPartOf\":{\"@id\":\"https:\\\/\\\/pmza.sk\\\/?p=5373\"},\"author\":{\"name\":\"Pova\u017esk\u00e9 m\u00fazeum\",\"@id\":\"https:\\\/\\\/pmza.sk\\\/#\\\/schema\\\/person\\\/595e6a2ce731ea94dcd5d7f50a41ae33\"},\"headline\":\"Pr\u00edzraky noci\",\"datePublished\":\"2012-04-04T12:22:47+00:00\",\"mainEntityOfPage\":{\"@id\":\"https:\\\/\\\/pmza.sk\\\/?p=5373\"},\"wordCount\":415,\"publisher\":{\"@id\":\"https:\\\/\\\/pmza.sk\\\/#organization\"},\"image\":{\"@id\":\"https:\\\/\\\/pmza.sk\\\/?p=5373#primaryimage\"},\"thumbnailUrl\":\"http:\\\/\\\/pmza.sk\\\/wp-content\\\/uploads\\\/2012\\\/04\\\/sova-lesna.bmp\",\"articleSection\":[\"Arch\u00edv 2012\"],\"inLanguage\":\"sk-SK\"},{\"@type\":\"WebPage\",\"@id\":\"https:\\\/\\\/pmza.sk\\\/?p=5373\",\"url\":\"https:\\\/\\\/pmza.sk\\\/?p=5373\",\"name\":\"Pr\u00edzraky noci - Pova\u017esk\u00e9 m\u00fazeum\",\"isPartOf\":{\"@id\":\"https:\\\/\\\/pmza.sk\\\/#website\"},\"primaryImageOfPage\":{\"@id\":\"https:\\\/\\\/pmza.sk\\\/?p=5373#primaryimage\"},\"image\":{\"@id\":\"https:\\\/\\\/pmza.sk\\\/?p=5373#primaryimage\"},\"thumbnailUrl\":\"http:\\\/\\\/pmza.sk\\\/wp-content\\\/uploads\\\/2012\\\/04\\\/sova-lesna.bmp\",\"datePublished\":\"2012-04-04T12:22:47+00:00\",\"breadcrumb\":{\"@id\":\"https:\\\/\\\/pmza.sk\\\/?p=5373#breadcrumb\"},\"inLanguage\":\"sk-SK\",\"potentialAction\":[{\"@type\":\"ReadAction\",\"target\":[\"https:\\\/\\\/pmza.sk\\\/?p=5373\"]}]},{\"@type\":\"ImageObject\",\"inLanguage\":\"sk-SK\",\"@id\":\"https:\\\/\\\/pmza.sk\\\/?p=5373#primaryimage\",\"url\":\"https:\\\/\\\/pmza.sk\\\/wp-content\\\/uploads\\\/2012\\\/04\\\/sova-lesna.bmp\",\"contentUrl\":\"https:\\\/\\\/pmza.sk\\\/wp-content\\\/uploads\\\/2012\\\/04\\\/sova-lesna.bmp\",\"width\":640,\"height\":446},{\"@type\":\"BreadcrumbList\",\"@id\":\"https:\\\/\\\/pmza.sk\\\/?p=5373#breadcrumb\",\"itemListElement\":[{\"@type\":\"ListItem\",\"position\":1,\"name\":\"Domovsk\u00e1 str\u00e1nka\",\"item\":\"https:\\\/\\\/pmza.sk\\\/\"},{\"@type\":\"ListItem\",\"position\":2,\"name\":\"Pr\u00edzraky noci\"}]},{\"@type\":\"WebSite\",\"@id\":\"https:\\\/\\\/pmza.sk\\\/#website\",\"url\":\"https:\\\/\\\/pmza.sk\\\/\",\"name\":\"Pova\u017esk\u00e9 m\u00fazeum\",\"description\":\"Pova\u017esk\u00e9 m\u00fazeum v \u017diline je region\u00e1lne m\u00fazeum so s\u00eddlom v Budat\u00edne. Jeho expoz\u00edcie s\u00fa zameran\u00e9 na dejiny slovensk\u00e9ho umenia, kult\u00fary a dopravy.\",\"publisher\":{\"@id\":\"https:\\\/\\\/pmza.sk\\\/#organization\"},\"potentialAction\":[{\"@type\":\"SearchAction\",\"target\":{\"@type\":\"EntryPoint\",\"urlTemplate\":\"https:\\\/\\\/pmza.sk\\\/?s={search_term_string}\"},\"query-input\":{\"@type\":\"PropertyValueSpecification\",\"valueRequired\":true,\"valueName\":\"search_term_string\"}}],\"inLanguage\":\"sk-SK\"},{\"@type\":\"Organization\",\"@id\":\"https:\\\/\\\/pmza.sk\\\/#organization\",\"name\":\"Pova\u017esk\u00e9 m\u00fazeum\",\"url\":\"https:\\\/\\\/pmza.sk\\\/\",\"logo\":{\"@type\":\"ImageObject\",\"inLanguage\":\"sk-SK\",\"@id\":\"https:\\\/\\\/pmza.sk\\\/#\\\/schema\\\/logo\\\/image\\\/\",\"url\":\"https:\\\/\\\/pmza.sk\\\/wp-content\\\/uploads\\\/2022\\\/01\\\/logo_PM_horizontal.jpg\",\"contentUrl\":\"https:\\\/\\\/pmza.sk\\\/wp-content\\\/uploads\\\/2022\\\/01\\\/logo_PM_horizontal.jpg\",\"width\":231,\"height\":142,\"caption\":\"Pova\u017esk\u00e9 m\u00fazeum\"},\"image\":{\"@id\":\"https:\\\/\\\/pmza.sk\\\/#\\\/schema\\\/logo\\\/image\\\/\"},\"sameAs\":[\"https:\\\/\\\/www.facebook.com\\\/povazskemuzeum\",\"https:\\\/\\\/www.instagram.com\\\/povazskemuzeum\\\/\"]},{\"@type\":\"Person\",\"@id\":\"https:\\\/\\\/pmza.sk\\\/#\\\/schema\\\/person\\\/595e6a2ce731ea94dcd5d7f50a41ae33\",\"name\":\"Pova\u017esk\u00e9 m\u00fazeum\",\"image\":{\"@type\":\"ImageObject\",\"inLanguage\":\"sk-SK\",\"@id\":\"https:\\\/\\\/secure.gravatar.com\\\/avatar\\\/2bb7f1561282132fb5826dfeccc66c7996d11ee392ac6aaf7ced8a1c2027fbb2?s=96&d=mm&r=g\",\"url\":\"https:\\\/\\\/secure.gravatar.com\\\/avatar\\\/2bb7f1561282132fb5826dfeccc66c7996d11ee392ac6aaf7ced8a1c2027fbb2?s=96&d=mm&r=g\",\"contentUrl\":\"https:\\\/\\\/secure.gravatar.com\\\/avatar\\\/2bb7f1561282132fb5826dfeccc66c7996d11ee392ac6aaf7ced8a1c2027fbb2?s=96&d=mm&r=g\",\"caption\":\"Pova\u017esk\u00e9 m\u00fazeum\"}}]}<\/script>\n<!-- \/ Yoast SEO plugin. -->","yoast_head_json":{"title":"Pr\u00edzraky noci - Pova\u017esk\u00e9 m\u00fazeum","robots":{"index":"index","follow":"follow","max-snippet":"max-snippet:-1","max-image-preview":"max-image-preview:large","max-video-preview":"max-video-preview:-1"},"canonical":"https:\/\/pmza.sk\/?p=5373","og_locale":"sk_SK","og_type":"article","og_title":"Pr\u00edzraky noci - Pova\u017esk\u00e9 m\u00fazeum","og_description":"Sovy od d\u00e1vna v\u00a0na\u0161ich predkoch vzbudzovali obavy. Ich strach pramenil z\u00a0tajomstvami opraden\u00e9ho no\u010dn\u00e9ho sp\u00f4sobu \u017eivota t\u00fdchto vt\u00e1kov, na ktor\u00fd sa po\u010das svojho v\u00fdvoja dokonale adaptovali. V\u010faka modern\u00e9mu biologick\u00e9mu v\u00fdskumu dnes pozn\u00e1me odpovede na mnoh\u00e9, aj ke\u010f nie v\u0161etky z\u00e1hady \u00a0ich spr\u00e1vania a\u00a0sp\u00f4sobu \u017eivota. Aj o\u00a0tom bude v\u00fdstava pod n\u00e1zvom Pr\u00edzraky noci, ktor\u00e1 \u0161tartuje tento rok [&hellip;]","og_url":"https:\/\/pmza.sk\/?p=5373","og_site_name":"Pova\u017esk\u00e9 m\u00fazeum","article_publisher":"https:\/\/www.facebook.com\/povazskemuzeum","article_published_time":"2012-04-04T12:22:47+00:00","og_image":[{"url":"https:\/\/pmza.sk\/wp-content\/uploads\/2012\/04\/sova-lesna.bmp","type":"","width":"","height":""}],"author":"Pova\u017esk\u00e9 m\u00fazeum","twitter_card":"summary_large_image","twitter_misc":{"Autor":"Pova\u017esk\u00e9 m\u00fazeum","Predpokladan\u00fd \u010das \u010d\u00edtania":"2 min\u00faty"},"schema":{"@context":"https:\/\/schema.org","@graph":[{"@type":"Article","@id":"https:\/\/pmza.sk\/?p=5373#article","isPartOf":{"@id":"https:\/\/pmza.sk\/?p=5373"},"author":{"name":"Pova\u017esk\u00e9 m\u00fazeum","@id":"https:\/\/pmza.sk\/#\/schema\/person\/595e6a2ce731ea94dcd5d7f50a41ae33"},"headline":"Pr\u00edzraky noci","datePublished":"2012-04-04T12:22:47+00:00","mainEntityOfPage":{"@id":"https:\/\/pmza.sk\/?p=5373"},"wordCount":415,"publisher":{"@id":"https:\/\/pmza.sk\/#organization"},"image":{"@id":"https:\/\/pmza.sk\/?p=5373#primaryimage"},"thumbnailUrl":"https:\/\/pmza.sk\/wp-content\/uploads\/2012\/04\/sova-lesna.bmp","articleSection":["Arch\u00edv 2012"],"inLanguage":"sk-SK"},{"@type":"WebPage","@id":"https:\/\/pmza.sk\/?p=5373","url":"https:\/\/pmza.sk\/?p=5373","name":"Pr\u00edzraky noci - Pova\u017esk\u00e9 m\u00fazeum","isPartOf":{"@id":"https:\/\/pmza.sk\/#website"},"primaryImageOfPage":{"@id":"https:\/\/pmza.sk\/?p=5373#primaryimage"},"image":{"@id":"https:\/\/pmza.sk\/?p=5373#primaryimage"},"thumbnailUrl":"https:\/\/pmza.sk\/wp-content\/uploads\/2012\/04\/sova-lesna.bmp","datePublished":"2012-04-04T12:22:47+00:00","breadcrumb":{"@id":"https:\/\/pmza.sk\/?p=5373#breadcrumb"},"inLanguage":"sk-SK","potentialAction":[{"@type":"ReadAction","target":["https:\/\/pmza.sk\/?p=5373"]}]},{"@type":"ImageObject","inLanguage":"sk-SK","@id":"https:\/\/pmza.sk\/?p=5373#primaryimage","url":"https:\/\/pmza.sk\/wp-content\/uploads\/2012\/04\/sova-lesna.bmp","contentUrl":"https:\/\/pmza.sk\/wp-content\/uploads\/2012\/04\/sova-lesna.bmp","width":640,"height":446},{"@type":"BreadcrumbList","@id":"https:\/\/pmza.sk\/?p=5373#breadcrumb","itemListElement":[{"@type":"ListItem","position":1,"name":"Domovsk\u00e1 str\u00e1nka","item":"https:\/\/pmza.sk\/"},{"@type":"ListItem","position":2,"name":"Pr\u00edzraky noci"}]},{"@type":"WebSite","@id":"https:\/\/pmza.sk\/#website","url":"https:\/\/pmza.sk\/","name":"Pova\u017esk\u00e9 m\u00fazeum","description":"Pova\u017esk\u00e9 m\u00fazeum v \u017diline je region\u00e1lne m\u00fazeum so s\u00eddlom v Budat\u00edne. Jeho expoz\u00edcie s\u00fa zameran\u00e9 na dejiny slovensk\u00e9ho umenia, kult\u00fary a dopravy.","publisher":{"@id":"https:\/\/pmza.sk\/#organization"},"potentialAction":[{"@type":"SearchAction","target":{"@type":"EntryPoint","urlTemplate":"https:\/\/pmza.sk\/?s={search_term_string}"},"query-input":{"@type":"PropertyValueSpecification","valueRequired":true,"valueName":"search_term_string"}}],"inLanguage":"sk-SK"},{"@type":"Organization","@id":"https:\/\/pmza.sk\/#organization","name":"Pova\u017esk\u00e9 m\u00fazeum","url":"https:\/\/pmza.sk\/","logo":{"@type":"ImageObject","inLanguage":"sk-SK","@id":"https:\/\/pmza.sk\/#\/schema\/logo\/image\/","url":"https:\/\/pmza.sk\/wp-content\/uploads\/2022\/01\/logo_PM_horizontal.jpg","contentUrl":"https:\/\/pmza.sk\/wp-content\/uploads\/2022\/01\/logo_PM_horizontal.jpg","width":231,"height":142,"caption":"Pova\u017esk\u00e9 m\u00fazeum"},"image":{"@id":"https:\/\/pmza.sk\/#\/schema\/logo\/image\/"},"sameAs":["https:\/\/www.facebook.com\/povazskemuzeum","https:\/\/www.instagram.com\/povazskemuzeum\/"]},{"@type":"Person","@id":"https:\/\/pmza.sk\/#\/schema\/person\/595e6a2ce731ea94dcd5d7f50a41ae33","name":"Pova\u017esk\u00e9 m\u00fazeum","image":{"@type":"ImageObject","inLanguage":"sk-SK","@id":"https:\/\/secure.gravatar.com\/avatar\/2bb7f1561282132fb5826dfeccc66c7996d11ee392ac6aaf7ced8a1c2027fbb2?s=96&d=mm&r=g","url":"https:\/\/secure.gravatar.com\/avatar\/2bb7f1561282132fb5826dfeccc66c7996d11ee392ac6aaf7ced8a1c2027fbb2?s=96&d=mm&r=g","contentUrl":"https:\/\/secure.gravatar.com\/avatar\/2bb7f1561282132fb5826dfeccc66c7996d11ee392ac6aaf7ced8a1c2027fbb2?s=96&d=mm&r=g","caption":"Pova\u017esk\u00e9 m\u00fazeum"}}]}},"_links":{"self":[{"href":"https:\/\/pmza.sk\/index.php?rest_route=\/wp\/v2\/posts\/5373","targetHints":{"allow":["GET"]}}],"collection":[{"href":"https:\/\/pmza.sk\/index.php?rest_route=\/wp\/v2\/posts"}],"about":[{"href":"https:\/\/pmza.sk\/index.php?rest_route=\/wp\/v2\/types\/post"}],"author":[{"embeddable":true,"href":"https:\/\/pmza.sk\/index.php?rest_route=\/wp\/v2\/users\/2"}],"replies":[{"embeddable":true,"href":"https:\/\/pmza.sk\/index.php?rest_route=%2Fwp%2Fv2%2Fcomments&post=5373"}],"version-history":[{"count":0,"href":"https:\/\/pmza.sk\/index.php?rest_route=\/wp\/v2\/posts\/5373\/revisions"}],"wp:attachment":[{"href":"https:\/\/pmza.sk\/index.php?rest_route=%2Fwp%2Fv2%2Fmedia&parent=5373"}],"wp:term":[{"taxonomy":"category","embeddable":true,"href":"https:\/\/pmza.sk\/index.php?rest_route=%2Fwp%2Fv2%2Fcategories&post=5373"},{"taxonomy":"post_tag","embeddable":true,"href":"https:\/\/pmza.sk\/index.php?rest_route=%2Fwp%2Fv2%2Ftags&post=5373"}],"curies":[{"name":"wp","href":"https:\/\/api.w.org\/{rel}","templated":true}]}}