{"id":53841,"date":"2022-11-08T07:36:26","date_gmt":"2022-11-08T06:36:26","guid":{"rendered":"https:\/\/pmza.sk\/?p=53841"},"modified":"2022-11-19T19:30:49","modified_gmt":"2022-11-19T18:30:49","slug":"addamsovci-v-muzeu","status":"publish","type":"post","link":"https:\/\/pmza.sk\/?p=53841","title":{"rendered":"Addamsovci v m\u00fazeu"},"content":{"rendered":"<p>Svojr\u00e1zna rodinka z\u00a0Ameriky nav\u0161t\u00edvi m\u00fazeum. Viete si to predstavi\u0165? My \u00e1no! A\u00a0bude to stra\u0161idelne z\u00e1bavn\u00e9. V\u00a0sobotu 19. novembra ve\u010der poz\u00fdvame na \u0161peci\u00e1lnu z\u00e1\u017eitkov\u00fa prehliadku do M\u00fazea dopravy v\u00a0Rajeck\u00fdch Tepliciach. Nechajte sa pod r\u00fa\u0161kom tmy vtiahnu\u0165 do pr\u00edbehu fam\u00edlie, ktor\u00fa pozn\u00e1 cel\u00fd svet. Atmosf\u00e9ru umocn\u00ed prostredie pln\u00e9 historick\u00fdch expon\u00e1tov, ktor\u00e9 pon\u00fakne ne\u010dakan\u00e9 situ\u00e1cie.<\/p>\n<p><em>\u201eN\u00e1v\u0161tevn\u00edkov sa sna\u017e\u00edme presved\u010di\u0165 o\u00a0tom, \u017ee m\u00fazeum nie je nudn\u00e9 miesto pln\u00e9 vitr\u00edn, v\u00a0ktor\u00fdch s\u00fa ulo\u017een\u00e9 predmety. S\u00fa to zauj\u00edmav\u00e9 zbierkov\u00e9 predmety doplnen\u00e9 r\u00f4znymi funk\u010dn\u00fdmi expon\u00e1tmi, replikami, modelmi. Robievame tematick\u00e9 a\u00a0netradi\u010dn\u00e9 prehliadky, aby lektorsk\u00fd v\u00fdklad zaujal v\u0161etky vekov\u00e9 kateg\u00f3rie. T\u00e1to prehliadka v\u0161ak bude \u00faplne in\u00e1. Kto si chce vypo\u010du\u0165, ako zhodnot\u00ed a\u00a0okomentuje m\u00fazeum zvl\u00e1\u0161tna rodinka Addamsovcov, nemal by si ju necha\u0165 ujs\u0165,\u201c<\/em> poz\u00fdva spr\u00e1vca M\u00fazea dopravy historik Peter \u0160imko. N\u00e1v\u0161tevn\u00edci sa m\u00f4\u017eu te\u0161i\u0165 na v\u0161etk\u00fdch \u010dlenov zn\u00e1mej fam\u00edlie. Okrem Morticie, Gomeza, Wednesday a\u00a0Pugsleyho nebud\u00fa ch\u00fdba\u0165 ani str\u00fdko Fester a\u00a0bratranec Itt. <em>\u201e\u010cakaj\u00fa v\u00e1s naozaj bizarn\u00e9 momenty. Uvid\u00edte napr\u00edklad, ako to dopadne, ke\u010f vl\u00e1\u010diky na modelovej \u017eeleznici bude \u0161of\u00e9rova\u0165 Gomez. Na per\u00f3ne ved\u013ea m\u00fazea bude dokonca pripraven\u00e1 v\u00fdstava metiel \u2013 dopravn\u00fdch prostriedkov pre bosorky. A Vec odkazuje: bud\u00fa sa dia\u0165 veci!\u201c <\/em>dop\u013a\u0148a autorka scen\u00e1ra Lenka Z\u00e1bojn\u00edkov\u00e1.<\/p>\n<p>Prehliadky s n\u00e1zvom Addamsovci v m\u00fazeu sa bud\u00fa kona\u0165 ka\u017ed\u00fdch 45 min\u00fat v \u010dase od 17.15 do 21.00. S\u00fa vhodn\u00e9 pre dospel\u00fdch a deti star\u0161ie ako 12 rokov. Vstupn\u00e9 je jednotn\u00e9 6 \u20ac na osobu. Vstupenky je mo\u017en\u00e9 k\u00fapi\u0165 v predpredaji na odkaze: <a href=\"https:\/\/pmza.sk\/kategoria-produktu\/addamsovci-v-muzeu\/\">https:\/\/pmza.sk\/kategoria-produktu\/addamsovci-v-muzeu\/<\/a><\/p>\n<p><img fetchpriority=\"high\" decoding=\"async\" class=\"alignnone size-medium wp-image-53842\" src=\"https:\/\/pmza.sk\/wp-content\/uploads\/2022\/11\/Adamsovci_v_Muzeu_K2-255x360.jpg\" alt=\"\" width=\"255\" height=\"360\" srcset=\"https:\/\/pmza.sk\/wp-content\/uploads\/2022\/11\/Adamsovci_v_Muzeu_K2-255x360.jpg 255w, https:\/\/pmza.sk\/wp-content\/uploads\/2022\/11\/Adamsovci_v_Muzeu_K2-520x736.jpg 520w, https:\/\/pmza.sk\/wp-content\/uploads\/2022\/11\/Adamsovci_v_Muzeu_K2-768x1086.jpg 768w, https:\/\/pmza.sk\/wp-content\/uploads\/2022\/11\/Adamsovci_v_Muzeu_K2-1086x1536.jpg 1086w, https:\/\/pmza.sk\/wp-content\/uploads\/2022\/11\/Adamsovci_v_Muzeu_K2-1448x2048.jpg 1448w, https:\/\/pmza.sk\/wp-content\/uploads\/2022\/11\/Adamsovci_v_Muzeu_K2-600x849.jpg 600w, https:\/\/pmza.sk\/wp-content\/uploads\/2022\/11\/Adamsovci_v_Muzeu_K2-scaled.jpg 1810w\" sizes=\"(max-width: 255px) 100vw, 255px\" \/><\/p>\n<p>Plag\u00e1t v plnej ve\u013ekosti <a href=\"https:\/\/pmza.sk\/wp-content\/uploads\/2022\/11\/Adamsovci_v_Muzeu_K2.pdf\">TU<\/a><\/p>\n","protected":false},"excerpt":{"rendered":"<p>Svojr\u00e1zna rodinka z\u00a0Ameriky nav\u0161t\u00edvi m\u00fazeum. Viete si to predstavi\u0165? My \u00e1no! A\u00a0bude to stra\u0161idelne z\u00e1bavn\u00e9. V\u00a0sobotu 19. novembra ve\u010der poz\u00fdvame na \u0161peci\u00e1lnu z\u00e1\u017eitkov\u00fa prehliadku do M\u00fazea dopravy v\u00a0Rajeck\u00fdch Tepliciach. Nechajte sa pod r\u00fa\u0161kom tmy vtiahnu\u0165 do pr\u00edbehu fam\u00edlie, ktor\u00fa pozn\u00e1 cel\u00fd svet. Atmosf\u00e9ru umocn\u00ed prostredie pln\u00e9 historick\u00fdch expon\u00e1tov, ktor\u00e9 pon\u00fakne ne\u010dakan\u00e9 situ\u00e1cie. \u201eN\u00e1v\u0161tevn\u00edkov sa sna\u017e\u00edme [&hellip;]<\/p>\n","protected":false},"author":2,"featured_media":53830,"comment_status":"open","ping_status":"open","sticky":false,"template":"","format":"standard","meta":{"site-sidebar-layout":"default","site-content-layout":"default","ast-site-content-layout":"","site-content-style":"default","site-sidebar-style":"default","ast-global-header-display":"","ast-banner-title-visibility":"","ast-main-header-display":"","ast-hfb-above-header-display":"","ast-hfb-below-header-display":"","ast-hfb-mobile-header-display":"","site-post-title":"","ast-breadcrumbs-content":"","ast-featured-img":"","footer-sml-layout":"","theme-transparent-header-meta":"default","adv-header-id-meta":"","stick-header-meta":"default","header-above-stick-meta":"","header-main-stick-meta":"","header-below-stick-meta":"","astra-migrate-meta-layouts":"default","ast-page-background-enabled":"default","ast-page-background-meta":{"desktop":{"background-color":"var(--ast-global-color-4)","background-image":"","background-repeat":"repeat","background-position":"center center","background-size":"auto","background-attachment":"scroll","background-type":"","background-media":"","overlay-type":"","overlay-color":"","overlay-opacity":"","overlay-gradient":""},"tablet":{"background-color":"","background-image":"","background-repeat":"repeat","background-position":"center center","background-size":"auto","background-attachment":"scroll","background-type":"","background-media":"","overlay-type":"","overlay-color":"","overlay-opacity":"","overlay-gradient":""},"mobile":{"background-color":"","background-image":"","background-repeat":"repeat","background-position":"center center","background-size":"auto","background-attachment":"scroll","background-type":"","background-media":"","overlay-type":"","overlay-color":"","overlay-opacity":"","overlay-gradient":""}},"ast-content-background-meta":{"desktop":{"background-color":"var(--ast-global-color-5)","background-image":"","background-repeat":"repeat","background-position":"center center","background-size":"auto","background-attachment":"scroll","background-type":"","background-media":"","overlay-type":"","overlay-color":"","overlay-opacity":"","overlay-gradient":""},"tablet":{"background-color":"var(--ast-global-color-5)","background-image":"","background-repeat":"repeat","background-position":"center center","background-size":"auto","background-attachment":"scroll","background-type":"","background-media":"","overlay-type":"","overlay-color":"","overlay-opacity":"","overlay-gradient":""},"mobile":{"background-color":"var(--ast-global-color-5)","background-image":"","background-repeat":"repeat","background-position":"center center","background-size":"auto","background-attachment":"scroll","background-type":"","background-media":"","overlay-type":"","overlay-color":"","overlay-opacity":"","overlay-gradient":""}},"footnotes":""},"categories":[71],"tags":[],"class_list":["post-53841","post","type-post","status-publish","format-standard","has-post-thumbnail","hentry","category-podujatia"],"yoast_head":"<!-- This site is optimized with the Yoast SEO plugin v27.4 - https:\/\/yoast.com\/product\/yoast-seo-wordpress\/ -->\n<title>Addamsovci v m\u00fazeu - Pova\u017esk\u00e9 m\u00fazeum<\/title>\n<meta name=\"description\" content=\"Svojr\u00e1zna rodinka z\u00a0Ameriky nav\u0161t\u00edvi m\u00fazeum. Viete si to predstavi\u0165? My \u00e1no! A\u00a0bude to stra\u0161idelne z\u00e1bavn\u00e9. V\u00a0sobotu 19. novembra ve\u010der poz\u00fdvame na \u0161peci\u00e1lnu z\u00e1\u017eitkov\u00fa prehliadku do M\u00fazea dopravy v\u00a0Rajeck\u00fdch Tepliciach. Nechajte sa pod r\u00fa\u0161kom tmy vtiahnu\u0165 do pr\u00edbehu fam\u00edlie, ktor\u00fa pozn\u00e1 cel\u00fd svet. Atmosf\u00e9ru umocn\u00ed prostredie pln\u00e9 historick\u00fdch expon\u00e1tov, ktor\u00e9 pon\u00fakne ne\u010dakan\u00e9 situ\u00e1cie.\" \/>\n<meta name=\"robots\" content=\"index, follow, max-snippet:-1, max-image-preview:large, max-video-preview:-1\" \/>\n<link rel=\"canonical\" href=\"https:\/\/pmza.sk\/?p=53841\" \/>\n<meta property=\"og:locale\" content=\"sk_SK\" \/>\n<meta property=\"og:type\" content=\"article\" \/>\n<meta property=\"og:title\" content=\"Addamsovci v m\u00fazeu - Pova\u017esk\u00e9 m\u00fazeum\" \/>\n<meta property=\"og:description\" content=\"Svojr\u00e1zna rodinka z\u00a0Ameriky nav\u0161t\u00edvi m\u00fazeum. Viete si to predstavi\u0165? My \u00e1no! A\u00a0bude to stra\u0161idelne z\u00e1bavn\u00e9. V\u00a0sobotu 19. novembra ve\u010der poz\u00fdvame na \u0161peci\u00e1lnu z\u00e1\u017eitkov\u00fa prehliadku do M\u00fazea dopravy v\u00a0Rajeck\u00fdch Tepliciach. Nechajte sa pod r\u00fa\u0161kom tmy vtiahnu\u0165 do pr\u00edbehu fam\u00edlie, ktor\u00fa pozn\u00e1 cel\u00fd svet. Atmosf\u00e9ru umocn\u00ed prostredie pln\u00e9 historick\u00fdch expon\u00e1tov, ktor\u00e9 pon\u00fakne ne\u010dakan\u00e9 situ\u00e1cie.\" \/>\n<meta property=\"og:url\" content=\"https:\/\/pmza.sk\/?p=53841\" \/>\n<meta property=\"og:site_name\" content=\"Pova\u017esk\u00e9 m\u00fazeum\" \/>\n<meta property=\"article:publisher\" content=\"https:\/\/www.facebook.com\/povazskemuzeum\" \/>\n<meta property=\"article:published_time\" content=\"2022-11-08T06:36:26+00:00\" \/>\n<meta property=\"article:modified_time\" content=\"2022-11-19T18:30:49+00:00\" \/>\n<meta property=\"og:image\" content=\"https:\/\/pmza.sk\/wp-content\/uploads\/2022\/11\/Adamsovci_v_muzeu.jpg\" \/>\n\t<meta property=\"og:image:width\" content=\"1575\" \/>\n\t<meta property=\"og:image:height\" content=\"896\" \/>\n\t<meta property=\"og:image:type\" content=\"image\/jpeg\" \/>\n<meta name=\"author\" content=\"Pova\u017esk\u00e9 m\u00fazeum\" \/>\n<meta name=\"twitter:card\" content=\"summary_large_image\" \/>\n<meta name=\"twitter:label1\" content=\"Autor\" \/>\n\t<meta name=\"twitter:data1\" content=\"Pova\u017esk\u00e9 m\u00fazeum\" \/>\n\t<meta name=\"twitter:label2\" content=\"Predpokladan\u00fd \u010das \u010d\u00edtania\" \/>\n\t<meta name=\"twitter:data2\" content=\"2 min\u00faty\" \/>\n<script type=\"application\/ld+json\" class=\"yoast-schema-graph\">{\"@context\":\"https:\\\/\\\/schema.org\",\"@graph\":[{\"@type\":\"Article\",\"@id\":\"https:\\\/\\\/pmza.sk\\\/?p=53841#article\",\"isPartOf\":{\"@id\":\"https:\\\/\\\/pmza.sk\\\/?p=53841\"},\"author\":{\"name\":\"Pova\u017esk\u00e9 m\u00fazeum\",\"@id\":\"https:\\\/\\\/pmza.sk\\\/#\\\/schema\\\/person\\\/595e6a2ce731ea94dcd5d7f50a41ae33\"},\"headline\":\"Addamsovci v m\u00fazeu\",\"datePublished\":\"2022-11-08T06:36:26+00:00\",\"dateModified\":\"2022-11-19T18:30:49+00:00\",\"mainEntityOfPage\":{\"@id\":\"https:\\\/\\\/pmza.sk\\\/?p=53841\"},\"wordCount\":328,\"commentCount\":0,\"publisher\":{\"@id\":\"https:\\\/\\\/pmza.sk\\\/#organization\"},\"image\":{\"@id\":\"https:\\\/\\\/pmza.sk\\\/?p=53841#primaryimage\"},\"thumbnailUrl\":\"https:\\\/\\\/pmza.sk\\\/wp-content\\\/uploads\\\/2022\\\/11\\\/Adamsovci_v_muzeu.jpg\",\"articleSection\":[\"Podujatia\"],\"inLanguage\":\"sk-SK\"},{\"@type\":\"WebPage\",\"@id\":\"https:\\\/\\\/pmza.sk\\\/?p=53841\",\"url\":\"https:\\\/\\\/pmza.sk\\\/?p=53841\",\"name\":\"Addamsovci v m\u00fazeu - Pova\u017esk\u00e9 m\u00fazeum\",\"isPartOf\":{\"@id\":\"https:\\\/\\\/pmza.sk\\\/#website\"},\"primaryImageOfPage\":{\"@id\":\"https:\\\/\\\/pmza.sk\\\/?p=53841#primaryimage\"},\"image\":{\"@id\":\"https:\\\/\\\/pmza.sk\\\/?p=53841#primaryimage\"},\"thumbnailUrl\":\"https:\\\/\\\/pmza.sk\\\/wp-content\\\/uploads\\\/2022\\\/11\\\/Adamsovci_v_muzeu.jpg\",\"datePublished\":\"2022-11-08T06:36:26+00:00\",\"dateModified\":\"2022-11-19T18:30:49+00:00\",\"description\":\"Svojr\u00e1zna rodinka z\u00a0Ameriky nav\u0161t\u00edvi m\u00fazeum. Viete si to predstavi\u0165? My \u00e1no! A\u00a0bude to stra\u0161idelne z\u00e1bavn\u00e9. V\u00a0sobotu 19. novembra ve\u010der poz\u00fdvame na \u0161peci\u00e1lnu z\u00e1\u017eitkov\u00fa prehliadku do M\u00fazea dopravy v\u00a0Rajeck\u00fdch Tepliciach. Nechajte sa pod r\u00fa\u0161kom tmy vtiahnu\u0165 do pr\u00edbehu fam\u00edlie, ktor\u00fa pozn\u00e1 cel\u00fd svet. Atmosf\u00e9ru umocn\u00ed prostredie pln\u00e9 historick\u00fdch expon\u00e1tov, ktor\u00e9 pon\u00fakne ne\u010dakan\u00e9 situ\u00e1cie.\",\"breadcrumb\":{\"@id\":\"https:\\\/\\\/pmza.sk\\\/?p=53841#breadcrumb\"},\"inLanguage\":\"sk-SK\",\"potentialAction\":[{\"@type\":\"ReadAction\",\"target\":[\"https:\\\/\\\/pmza.sk\\\/?p=53841\"]}]},{\"@type\":\"ImageObject\",\"inLanguage\":\"sk-SK\",\"@id\":\"https:\\\/\\\/pmza.sk\\\/?p=53841#primaryimage\",\"url\":\"https:\\\/\\\/pmza.sk\\\/wp-content\\\/uploads\\\/2022\\\/11\\\/Adamsovci_v_muzeu.jpg\",\"contentUrl\":\"https:\\\/\\\/pmza.sk\\\/wp-content\\\/uploads\\\/2022\\\/11\\\/Adamsovci_v_muzeu.jpg\",\"width\":1575,\"height\":896},{\"@type\":\"BreadcrumbList\",\"@id\":\"https:\\\/\\\/pmza.sk\\\/?p=53841#breadcrumb\",\"itemListElement\":[{\"@type\":\"ListItem\",\"position\":1,\"name\":\"Domovsk\u00e1 str\u00e1nka\",\"item\":\"https:\\\/\\\/pmza.sk\\\/\"},{\"@type\":\"ListItem\",\"position\":2,\"name\":\"Addamsovci v m\u00fazeu\"}]},{\"@type\":\"WebSite\",\"@id\":\"https:\\\/\\\/pmza.sk\\\/#website\",\"url\":\"https:\\\/\\\/pmza.sk\\\/\",\"name\":\"Pova\u017esk\u00e9 m\u00fazeum\",\"description\":\"Pova\u017esk\u00e9 m\u00fazeum v \u017diline je region\u00e1lne m\u00fazeum so s\u00eddlom v Budat\u00edne. Jeho expoz\u00edcie s\u00fa zameran\u00e9 na dejiny slovensk\u00e9ho umenia, kult\u00fary a dopravy.\",\"publisher\":{\"@id\":\"https:\\\/\\\/pmza.sk\\\/#organization\"},\"potentialAction\":[{\"@type\":\"SearchAction\",\"target\":{\"@type\":\"EntryPoint\",\"urlTemplate\":\"https:\\\/\\\/pmza.sk\\\/?s={search_term_string}\"},\"query-input\":{\"@type\":\"PropertyValueSpecification\",\"valueRequired\":true,\"valueName\":\"search_term_string\"}}],\"inLanguage\":\"sk-SK\"},{\"@type\":\"Organization\",\"@id\":\"https:\\\/\\\/pmza.sk\\\/#organization\",\"name\":\"Pova\u017esk\u00e9 m\u00fazeum\",\"url\":\"https:\\\/\\\/pmza.sk\\\/\",\"logo\":{\"@type\":\"ImageObject\",\"inLanguage\":\"sk-SK\",\"@id\":\"https:\\\/\\\/pmza.sk\\\/#\\\/schema\\\/logo\\\/image\\\/\",\"url\":\"https:\\\/\\\/pmza.sk\\\/wp-content\\\/uploads\\\/2022\\\/01\\\/logo_PM_horizontal.jpg\",\"contentUrl\":\"https:\\\/\\\/pmza.sk\\\/wp-content\\\/uploads\\\/2022\\\/01\\\/logo_PM_horizontal.jpg\",\"width\":231,\"height\":142,\"caption\":\"Pova\u017esk\u00e9 m\u00fazeum\"},\"image\":{\"@id\":\"https:\\\/\\\/pmza.sk\\\/#\\\/schema\\\/logo\\\/image\\\/\"},\"sameAs\":[\"https:\\\/\\\/www.facebook.com\\\/povazskemuzeum\",\"https:\\\/\\\/www.instagram.com\\\/povazskemuzeum\\\/\"]},{\"@type\":\"Person\",\"@id\":\"https:\\\/\\\/pmza.sk\\\/#\\\/schema\\\/person\\\/595e6a2ce731ea94dcd5d7f50a41ae33\",\"name\":\"Pova\u017esk\u00e9 m\u00fazeum\",\"image\":{\"@type\":\"ImageObject\",\"inLanguage\":\"sk-SK\",\"@id\":\"https:\\\/\\\/secure.gravatar.com\\\/avatar\\\/2bb7f1561282132fb5826dfeccc66c7996d11ee392ac6aaf7ced8a1c2027fbb2?s=96&d=mm&r=g\",\"url\":\"https:\\\/\\\/secure.gravatar.com\\\/avatar\\\/2bb7f1561282132fb5826dfeccc66c7996d11ee392ac6aaf7ced8a1c2027fbb2?s=96&d=mm&r=g\",\"contentUrl\":\"https:\\\/\\\/secure.gravatar.com\\\/avatar\\\/2bb7f1561282132fb5826dfeccc66c7996d11ee392ac6aaf7ced8a1c2027fbb2?s=96&d=mm&r=g\",\"caption\":\"Pova\u017esk\u00e9 m\u00fazeum\"}}]}<\/script>\n<!-- \/ Yoast SEO plugin. -->","yoast_head_json":{"title":"Addamsovci v m\u00fazeu - Pova\u017esk\u00e9 m\u00fazeum","description":"Svojr\u00e1zna rodinka z\u00a0Ameriky nav\u0161t\u00edvi m\u00fazeum. Viete si to predstavi\u0165? My \u00e1no! A\u00a0bude to stra\u0161idelne z\u00e1bavn\u00e9. V\u00a0sobotu 19. novembra ve\u010der poz\u00fdvame na \u0161peci\u00e1lnu z\u00e1\u017eitkov\u00fa prehliadku do M\u00fazea dopravy v\u00a0Rajeck\u00fdch Tepliciach. Nechajte sa pod r\u00fa\u0161kom tmy vtiahnu\u0165 do pr\u00edbehu fam\u00edlie, ktor\u00fa pozn\u00e1 cel\u00fd svet. Atmosf\u00e9ru umocn\u00ed prostredie pln\u00e9 historick\u00fdch expon\u00e1tov, ktor\u00e9 pon\u00fakne ne\u010dakan\u00e9 situ\u00e1cie.","robots":{"index":"index","follow":"follow","max-snippet":"max-snippet:-1","max-image-preview":"max-image-preview:large","max-video-preview":"max-video-preview:-1"},"canonical":"https:\/\/pmza.sk\/?p=53841","og_locale":"sk_SK","og_type":"article","og_title":"Addamsovci v m\u00fazeu - Pova\u017esk\u00e9 m\u00fazeum","og_description":"Svojr\u00e1zna rodinka z\u00a0Ameriky nav\u0161t\u00edvi m\u00fazeum. Viete si to predstavi\u0165? My \u00e1no! A\u00a0bude to stra\u0161idelne z\u00e1bavn\u00e9. V\u00a0sobotu 19. novembra ve\u010der poz\u00fdvame na \u0161peci\u00e1lnu z\u00e1\u017eitkov\u00fa prehliadku do M\u00fazea dopravy v\u00a0Rajeck\u00fdch Tepliciach. Nechajte sa pod r\u00fa\u0161kom tmy vtiahnu\u0165 do pr\u00edbehu fam\u00edlie, ktor\u00fa pozn\u00e1 cel\u00fd svet. Atmosf\u00e9ru umocn\u00ed prostredie pln\u00e9 historick\u00fdch expon\u00e1tov, ktor\u00e9 pon\u00fakne ne\u010dakan\u00e9 situ\u00e1cie.","og_url":"https:\/\/pmza.sk\/?p=53841","og_site_name":"Pova\u017esk\u00e9 m\u00fazeum","article_publisher":"https:\/\/www.facebook.com\/povazskemuzeum","article_published_time":"2022-11-08T06:36:26+00:00","article_modified_time":"2022-11-19T18:30:49+00:00","og_image":[{"width":1575,"height":896,"url":"https:\/\/pmza.sk\/wp-content\/uploads\/2022\/11\/Adamsovci_v_muzeu.jpg","type":"image\/jpeg"}],"author":"Pova\u017esk\u00e9 m\u00fazeum","twitter_card":"summary_large_image","twitter_misc":{"Autor":"Pova\u017esk\u00e9 m\u00fazeum","Predpokladan\u00fd \u010das \u010d\u00edtania":"2 min\u00faty"},"schema":{"@context":"https:\/\/schema.org","@graph":[{"@type":"Article","@id":"https:\/\/pmza.sk\/?p=53841#article","isPartOf":{"@id":"https:\/\/pmza.sk\/?p=53841"},"author":{"name":"Pova\u017esk\u00e9 m\u00fazeum","@id":"https:\/\/pmza.sk\/#\/schema\/person\/595e6a2ce731ea94dcd5d7f50a41ae33"},"headline":"Addamsovci v m\u00fazeu","datePublished":"2022-11-08T06:36:26+00:00","dateModified":"2022-11-19T18:30:49+00:00","mainEntityOfPage":{"@id":"https:\/\/pmza.sk\/?p=53841"},"wordCount":328,"commentCount":0,"publisher":{"@id":"https:\/\/pmza.sk\/#organization"},"image":{"@id":"https:\/\/pmza.sk\/?p=53841#primaryimage"},"thumbnailUrl":"https:\/\/pmza.sk\/wp-content\/uploads\/2022\/11\/Adamsovci_v_muzeu.jpg","articleSection":["Podujatia"],"inLanguage":"sk-SK"},{"@type":"WebPage","@id":"https:\/\/pmza.sk\/?p=53841","url":"https:\/\/pmza.sk\/?p=53841","name":"Addamsovci v m\u00fazeu - Pova\u017esk\u00e9 m\u00fazeum","isPartOf":{"@id":"https:\/\/pmza.sk\/#website"},"primaryImageOfPage":{"@id":"https:\/\/pmza.sk\/?p=53841#primaryimage"},"image":{"@id":"https:\/\/pmza.sk\/?p=53841#primaryimage"},"thumbnailUrl":"https:\/\/pmza.sk\/wp-content\/uploads\/2022\/11\/Adamsovci_v_muzeu.jpg","datePublished":"2022-11-08T06:36:26+00:00","dateModified":"2022-11-19T18:30:49+00:00","description":"Svojr\u00e1zna rodinka z\u00a0Ameriky nav\u0161t\u00edvi m\u00fazeum. Viete si to predstavi\u0165? My \u00e1no! A\u00a0bude to stra\u0161idelne z\u00e1bavn\u00e9. V\u00a0sobotu 19. novembra ve\u010der poz\u00fdvame na \u0161peci\u00e1lnu z\u00e1\u017eitkov\u00fa prehliadku do M\u00fazea dopravy v\u00a0Rajeck\u00fdch Tepliciach. Nechajte sa pod r\u00fa\u0161kom tmy vtiahnu\u0165 do pr\u00edbehu fam\u00edlie, ktor\u00fa pozn\u00e1 cel\u00fd svet. Atmosf\u00e9ru umocn\u00ed prostredie pln\u00e9 historick\u00fdch expon\u00e1tov, ktor\u00e9 pon\u00fakne ne\u010dakan\u00e9 situ\u00e1cie.","breadcrumb":{"@id":"https:\/\/pmza.sk\/?p=53841#breadcrumb"},"inLanguage":"sk-SK","potentialAction":[{"@type":"ReadAction","target":["https:\/\/pmza.sk\/?p=53841"]}]},{"@type":"ImageObject","inLanguage":"sk-SK","@id":"https:\/\/pmza.sk\/?p=53841#primaryimage","url":"https:\/\/pmza.sk\/wp-content\/uploads\/2022\/11\/Adamsovci_v_muzeu.jpg","contentUrl":"https:\/\/pmza.sk\/wp-content\/uploads\/2022\/11\/Adamsovci_v_muzeu.jpg","width":1575,"height":896},{"@type":"BreadcrumbList","@id":"https:\/\/pmza.sk\/?p=53841#breadcrumb","itemListElement":[{"@type":"ListItem","position":1,"name":"Domovsk\u00e1 str\u00e1nka","item":"https:\/\/pmza.sk\/"},{"@type":"ListItem","position":2,"name":"Addamsovci v m\u00fazeu"}]},{"@type":"WebSite","@id":"https:\/\/pmza.sk\/#website","url":"https:\/\/pmza.sk\/","name":"Pova\u017esk\u00e9 m\u00fazeum","description":"Pova\u017esk\u00e9 m\u00fazeum v \u017diline je region\u00e1lne m\u00fazeum so s\u00eddlom v Budat\u00edne. Jeho expoz\u00edcie s\u00fa zameran\u00e9 na dejiny slovensk\u00e9ho umenia, kult\u00fary a dopravy.","publisher":{"@id":"https:\/\/pmza.sk\/#organization"},"potentialAction":[{"@type":"SearchAction","target":{"@type":"EntryPoint","urlTemplate":"https:\/\/pmza.sk\/?s={search_term_string}"},"query-input":{"@type":"PropertyValueSpecification","valueRequired":true,"valueName":"search_term_string"}}],"inLanguage":"sk-SK"},{"@type":"Organization","@id":"https:\/\/pmza.sk\/#organization","name":"Pova\u017esk\u00e9 m\u00fazeum","url":"https:\/\/pmza.sk\/","logo":{"@type":"ImageObject","inLanguage":"sk-SK","@id":"https:\/\/pmza.sk\/#\/schema\/logo\/image\/","url":"https:\/\/pmza.sk\/wp-content\/uploads\/2022\/01\/logo_PM_horizontal.jpg","contentUrl":"https:\/\/pmza.sk\/wp-content\/uploads\/2022\/01\/logo_PM_horizontal.jpg","width":231,"height":142,"caption":"Pova\u017esk\u00e9 m\u00fazeum"},"image":{"@id":"https:\/\/pmza.sk\/#\/schema\/logo\/image\/"},"sameAs":["https:\/\/www.facebook.com\/povazskemuzeum","https:\/\/www.instagram.com\/povazskemuzeum\/"]},{"@type":"Person","@id":"https:\/\/pmza.sk\/#\/schema\/person\/595e6a2ce731ea94dcd5d7f50a41ae33","name":"Pova\u017esk\u00e9 m\u00fazeum","image":{"@type":"ImageObject","inLanguage":"sk-SK","@id":"https:\/\/secure.gravatar.com\/avatar\/2bb7f1561282132fb5826dfeccc66c7996d11ee392ac6aaf7ced8a1c2027fbb2?s=96&d=mm&r=g","url":"https:\/\/secure.gravatar.com\/avatar\/2bb7f1561282132fb5826dfeccc66c7996d11ee392ac6aaf7ced8a1c2027fbb2?s=96&d=mm&r=g","contentUrl":"https:\/\/secure.gravatar.com\/avatar\/2bb7f1561282132fb5826dfeccc66c7996d11ee392ac6aaf7ced8a1c2027fbb2?s=96&d=mm&r=g","caption":"Pova\u017esk\u00e9 m\u00fazeum"}}]}},"_links":{"self":[{"href":"https:\/\/pmza.sk\/index.php?rest_route=\/wp\/v2\/posts\/53841","targetHints":{"allow":["GET"]}}],"collection":[{"href":"https:\/\/pmza.sk\/index.php?rest_route=\/wp\/v2\/posts"}],"about":[{"href":"https:\/\/pmza.sk\/index.php?rest_route=\/wp\/v2\/types\/post"}],"author":[{"embeddable":true,"href":"https:\/\/pmza.sk\/index.php?rest_route=\/wp\/v2\/users\/2"}],"replies":[{"embeddable":true,"href":"https:\/\/pmza.sk\/index.php?rest_route=%2Fwp%2Fv2%2Fcomments&post=53841"}],"version-history":[{"count":0,"href":"https:\/\/pmza.sk\/index.php?rest_route=\/wp\/v2\/posts\/53841\/revisions"}],"wp:featuredmedia":[{"embeddable":true,"href":"https:\/\/pmza.sk\/index.php?rest_route=\/wp\/v2\/media\/53830"}],"wp:attachment":[{"href":"https:\/\/pmza.sk\/index.php?rest_route=%2Fwp%2Fv2%2Fmedia&parent=53841"}],"wp:term":[{"taxonomy":"category","embeddable":true,"href":"https:\/\/pmza.sk\/index.php?rest_route=%2Fwp%2Fv2%2Fcategories&post=53841"},{"taxonomy":"post_tag","embeddable":true,"href":"https:\/\/pmza.sk\/index.php?rest_route=%2Fwp%2Fv2%2Ftags&post=53841"}],"curies":[{"name":"wp","href":"https:\/\/api.w.org\/{rel}","templated":true}]}}