{"id":5387,"date":"2012-04-12T09:36:44","date_gmt":"2012-04-12T07:36:44","guid":{"rendered":"https:\/\/pmza.sk.sk\/?p=5387"},"modified":"2012-04-12T09:36:44","modified_gmt":"2012-04-12T07:36:44","slug":"sentimentalne-besnenie-z-ruk-marie-klocokovej","status":"publish","type":"post","link":"https:\/\/pmza.sk\/?p=5387","title":{"rendered":"Sentiment\u00e1lne besnenie z r\u00fak M\u00e1rie Klocokovej"},"content":{"rendered":"<p><strong> <\/strong><\/p>\n<p><span style=\"color: #ff0000;\"><a href=\"https:\/\/pmza.sk\/wp-content\/uploads\/2012\/04\/pozvanka-sentimentalne-besnenie.jpg\"><img fetchpriority=\"high\" decoding=\"async\" class=\"alignleft size-medium wp-image-5388\" style=\"margin: 4px; border: 2px solid black;\" title=\"Pozv\u00e1nka\" src=\"https:\/\/pmza.sk.sk\/wp-content\/uploads\/2012\/04\/pozvanka-sentimentalne-besnenie-277x300.jpg\" alt=\"\" width=\"277\" height=\"300\" \/><\/a><\/span><span style=\"color: #ff0000;\"> <\/span><\/p>\n<p>Mlad\u00e1 slovensk\u00e1 v\u00fdtvarn\u00ed\u010dka M\u00e1ria Klocokov\u00e1, v\u00a0s\u00fa\u010dasnosti \u017eij\u00faca v\u00a0Trnave, sa symbolicky vracia do svojho rodn\u00e9ho kraja zauj\u00edmavou in\u0161tal\u00e1ciou, ktor\u00e1 prezentuje prierez jej viac ako desa\u0165ro\u010dnej tvorby. V\u00fdstava pod n\u00e1zvom <strong>Sentiment\u00e1lne besnenie<\/strong> otv\u00e1ra <strong>v\u00a0piatok 20. apr\u00edla 2012 <\/strong>v\u00a0priestoroch Sob\u00e1\u0161neho pal\u00e1ca v\u00a0Byt\u010di \u010fal\u0161\u00ed rok autorsk\u00fdch v\u00fdstav nadan\u00fdch umelcov, poch\u00e1dzaj\u00facich preva\u017ene z\u00a0regi\u00f3nu Horn\u00e9ho Pova\u017eia.<!--more--><\/p>\n<p>M\u00e1ria Klocokov\u00e1, absolventka Akad\u00e9mie umen\u00ed, Fakulty v\u00fdtvarn\u00fdch umen\u00ed v\u00a0 Banskej Bystrici, odbor ma\u013eba pod veden\u00edm profesora \u013dudov\u00edta Hlo\u0161ku, m\u00e1 za sebou sedemn\u00e1s\u0165 kolekt\u00edvnych v\u00fdstav doma aj v\u00a0zahrani\u010d\u00ed. V\u00fdstava Sentiment\u00e1lne besnenie je v\u00a0porad\u00ed jej druhou samostatnou v\u00fdstavou. Premi\u00e9ra v\u00fdstavy sa konala presne pred rokom, a\u00a0mohli ju obdivova\u0165 n\u00e1v\u0161tevn\u00edci prievidzskej gal\u00e9rie Ars Preuge.<\/p>\n<p>Vystavovan\u00e9 pr\u00e1ce pozost\u00e1vaj\u00fa z\u00a0piatich cyklov, ktor\u00e9 na seba nadv\u00e4zuj\u00fa. Vznikali paralelne a\u00a0ich vyjadruj\u00facim prostriedkom je olejoma\u013eba, monotypia, kresba a\u00a0kombinovan\u00e1 technika. \u201e<em>Prv\u00fd cyklus pod n\u00e1zvom\u00a0n\u00e1zvom Stebl\u00e1 vznikal u\u017e po\u010das m\u00f4jho \u0161t\u00fadia. Je to reakcia spomienok na detstvo, kedy som bola fascinovan\u00e1 vlnen\u00edm tr\u00e1vy vo vetre. Stebl\u00e1 sa stali elementom pre moju nasleduj\u00facu tvorbu. Nadv\u00e4zuje na ne cyklus Krajiny, ktor\u00fd je spont\u00e1nnou improviz\u00e1ciou m\u00f4jho imanentn\u00e9ho sveta, \u010do sa odzrkad\u013euje v samotnej atmosf\u00e9re a\u00a0farebnom spektre jednotliv\u00e9ho diela,\u201c <\/em> uviedla M\u00e1ria Klocokov\u00e1.<\/p>\n<p>\u010eal\u0161ie cykly s\u00a0t\u00e9mou Pakone a\u00a0\u010clovek porovn\u00e1vaj\u00fa individualitu ka\u017ed\u00e9ho jedinca v\u00a0kontraste so st\u00e1dovitos\u0165ou \u013eudskej spolo\u010dnosti. \u201e<em>Ovplyvnen\u00e1 meditat\u00edvnou symbolikou starod\u00e1vnych ikon, transcendent\u00e1lnos\u0165ou bytia, som svoje pocity pretavila do\u00a0posledn\u00e9ho piateho\u00a0 cyklu s\u00a0n\u00e1zvom Lebka Adamova,<\/em>\u201c dodala M\u00e1ria Klocokov\u00e1.<\/p>\n<p>Tridsiatka, preva\u017ene ve\u013ekoform\u00e1tov\u00fdch diel, je rozmanit\u00e1 a\u00a0siln\u00e1 najm\u00e4 svojou n\u00e1paditos\u0165ou, zrelos\u0165ou v\u00a0mnoh\u00fdch v\u00fdtvarn\u00fdch technik\u00e1ch, ale predov\u0161etk\u00fdm v\u00a0autorkinej schopnosti zhmotni\u0165 jej sny a\u00a0sentimenty do n\u00e1ro\u010dn\u00fdch a\u00a0vydaren\u00fdch obrazov.<\/p>\n<p>Vernis\u00e1\u017e v\u00fdstavy <strong>Sentiment\u00e1lne besnenie<\/strong> sa uskuto\u010dn\u00ed <strong>v\u00a0piatok 20. apr\u00edla 2012<\/strong> <strong>o\u00a018,00 hod<\/strong> v\u00a0Sob\u00e1\u0161nom pal\u00e1ci v\u00a0Byt\u010di. Pre verejnos\u0165 bude v\u00fdstava pr\u00edstupn\u00e1 do 31. m\u00e1ja 2015. Organiz\u00e1torom v\u00fdstavy je \u017dilinsk\u00fd samospr\u00e1vny kraj a\u00a0Pova\u017esk\u00e9 m\u00fazeum v\u00a0\u017diline.<\/p>\n","protected":false},"excerpt":{"rendered":"<p>Mlad\u00e1 slovensk\u00e1 v\u00fdtvarn\u00ed\u010dka M\u00e1ria Klocokov\u00e1, v\u00a0s\u00fa\u010dasnosti \u017eij\u00faca v\u00a0Trnave, sa symbolicky vracia do svojho rodn\u00e9ho kraja zauj\u00edmavou in\u0161tal\u00e1ciou, ktor\u00e1 prezentuje prierez jej viac ako desa\u0165ro\u010dnej tvorby. V\u00fdstava pod n\u00e1zvom Sentiment\u00e1lne besnenie otv\u00e1ra v\u00a0piatok 20. apr\u00edla 2012 v\u00a0priestoroch Sob\u00e1\u0161neho pal\u00e1ca v\u00a0Byt\u010di \u010fal\u0161\u00ed rok autorsk\u00fdch v\u00fdstav nadan\u00fdch umelcov, poch\u00e1dzaj\u00facich preva\u017ene z\u00a0regi\u00f3nu Horn\u00e9ho Pova\u017eia.<\/p>\n","protected":false},"author":2,"featured_media":0,"comment_status":"closed","ping_status":"closed","sticky":false,"template":"","format":"standard","meta":{"site-sidebar-layout":"default","site-content-layout":"","ast-site-content-layout":"","site-content-style":"default","site-sidebar-style":"default","ast-global-header-display":"","ast-banner-title-visibility":"","ast-main-header-display":"","ast-hfb-above-header-display":"","ast-hfb-below-header-display":"","ast-hfb-mobile-header-display":"","site-post-title":"","ast-breadcrumbs-content":"","ast-featured-img":"","footer-sml-layout":"","theme-transparent-header-meta":"","adv-header-id-meta":"","stick-header-meta":"","header-above-stick-meta":"","header-main-stick-meta":"","header-below-stick-meta":"","astra-migrate-meta-layouts":"default","ast-page-background-enabled":"default","ast-page-background-meta":{"desktop":{"background-color":"var(--ast-global-color-4)","background-image":"","background-repeat":"repeat","background-position":"center center","background-size":"auto","background-attachment":"scroll","background-type":"","background-media":"","overlay-type":"","overlay-color":"","overlay-opacity":"","overlay-gradient":""},"tablet":{"background-color":"","background-image":"","background-repeat":"repeat","background-position":"center center","background-size":"auto","background-attachment":"scroll","background-type":"","background-media":"","overlay-type":"","overlay-color":"","overlay-opacity":"","overlay-gradient":""},"mobile":{"background-color":"","background-image":"","background-repeat":"repeat","background-position":"center center","background-size":"auto","background-attachment":"scroll","background-type":"","background-media":"","overlay-type":"","overlay-color":"","overlay-opacity":"","overlay-gradient":""}},"ast-content-background-meta":{"desktop":{"background-color":"var(--ast-global-color-5)","background-image":"","background-repeat":"repeat","background-position":"center center","background-size":"auto","background-attachment":"scroll","background-type":"","background-media":"","overlay-type":"","overlay-color":"","overlay-opacity":"","overlay-gradient":""},"tablet":{"background-color":"var(--ast-global-color-5)","background-image":"","background-repeat":"repeat","background-position":"center center","background-size":"auto","background-attachment":"scroll","background-type":"","background-media":"","overlay-type":"","overlay-color":"","overlay-opacity":"","overlay-gradient":""},"mobile":{"background-color":"var(--ast-global-color-5)","background-image":"","background-repeat":"repeat","background-position":"center center","background-size":"auto","background-attachment":"scroll","background-type":"","background-media":"","overlay-type":"","overlay-color":"","overlay-opacity":"","overlay-gradient":""}},"footnotes":""},"categories":[32],"tags":[],"class_list":["post-5387","post","type-post","status-publish","format-standard","hentry","category-archiv-2012"],"yoast_head":"<!-- This site is optimized with the Yoast SEO plugin v27.4 - https:\/\/yoast.com\/product\/yoast-seo-wordpress\/ -->\n<title>Sentiment\u00e1lne besnenie z r\u00fak M\u00e1rie Klocokovej - Pova\u017esk\u00e9 m\u00fazeum<\/title>\n<meta name=\"robots\" content=\"index, follow, max-snippet:-1, max-image-preview:large, max-video-preview:-1\" \/>\n<link rel=\"canonical\" href=\"https:\/\/pmza.sk\/?p=5387\" \/>\n<meta property=\"og:locale\" content=\"sk_SK\" \/>\n<meta property=\"og:type\" content=\"article\" \/>\n<meta property=\"og:title\" content=\"Sentiment\u00e1lne besnenie z r\u00fak M\u00e1rie Klocokovej - Pova\u017esk\u00e9 m\u00fazeum\" \/>\n<meta property=\"og:description\" content=\"Mlad\u00e1 slovensk\u00e1 v\u00fdtvarn\u00ed\u010dka M\u00e1ria Klocokov\u00e1, v\u00a0s\u00fa\u010dasnosti \u017eij\u00faca v\u00a0Trnave, sa symbolicky vracia do svojho rodn\u00e9ho kraja zauj\u00edmavou in\u0161tal\u00e1ciou, ktor\u00e1 prezentuje prierez jej viac ako desa\u0165ro\u010dnej tvorby. V\u00fdstava pod n\u00e1zvom Sentiment\u00e1lne besnenie otv\u00e1ra v\u00a0piatok 20. apr\u00edla 2012 v\u00a0priestoroch Sob\u00e1\u0161neho pal\u00e1ca v\u00a0Byt\u010di \u010fal\u0161\u00ed rok autorsk\u00fdch v\u00fdstav nadan\u00fdch umelcov, poch\u00e1dzaj\u00facich preva\u017ene z\u00a0regi\u00f3nu Horn\u00e9ho Pova\u017eia.\" \/>\n<meta property=\"og:url\" content=\"https:\/\/pmza.sk\/?p=5387\" \/>\n<meta property=\"og:site_name\" content=\"Pova\u017esk\u00e9 m\u00fazeum\" \/>\n<meta property=\"article:publisher\" content=\"https:\/\/www.facebook.com\/povazskemuzeum\" \/>\n<meta property=\"article:published_time\" content=\"2012-04-12T07:36:44+00:00\" \/>\n<meta property=\"og:image\" content=\"https:\/\/pmza.sk.sk\/wp-content\/uploads\/2012\/04\/pozvanka-sentimentalne-besnenie-277x300.jpg\" \/>\n<meta name=\"author\" content=\"Pova\u017esk\u00e9 m\u00fazeum\" \/>\n<meta name=\"twitter:card\" content=\"summary_large_image\" \/>\n<meta name=\"twitter:label1\" content=\"Autor\" \/>\n\t<meta name=\"twitter:data1\" content=\"Pova\u017esk\u00e9 m\u00fazeum\" \/>\n\t<meta name=\"twitter:label2\" content=\"Predpokladan\u00fd \u010das \u010d\u00edtania\" \/>\n\t<meta name=\"twitter:data2\" content=\"2 min\u00faty\" \/>\n<script type=\"application\/ld+json\" class=\"yoast-schema-graph\">{\"@context\":\"https:\\\/\\\/schema.org\",\"@graph\":[{\"@type\":\"Article\",\"@id\":\"https:\\\/\\\/pmza.sk\\\/?p=5387#article\",\"isPartOf\":{\"@id\":\"https:\\\/\\\/pmza.sk\\\/?p=5387\"},\"author\":{\"name\":\"Pova\u017esk\u00e9 m\u00fazeum\",\"@id\":\"https:\\\/\\\/pmza.sk\\\/#\\\/schema\\\/person\\\/595e6a2ce731ea94dcd5d7f50a41ae33\"},\"headline\":\"Sentiment\u00e1lne besnenie z r\u00fak M\u00e1rie Klocokovej\",\"datePublished\":\"2012-04-12T07:36:44+00:00\",\"mainEntityOfPage\":{\"@id\":\"https:\\\/\\\/pmza.sk\\\/?p=5387\"},\"wordCount\":420,\"publisher\":{\"@id\":\"https:\\\/\\\/pmza.sk\\\/#organization\"},\"image\":{\"@id\":\"https:\\\/\\\/pmza.sk\\\/?p=5387#primaryimage\"},\"thumbnailUrl\":\"http:\\\/\\\/pmza.sk.sk\\\/wp-content\\\/uploads\\\/2012\\\/04\\\/pozvanka-sentimentalne-besnenie-277x300.jpg\",\"articleSection\":[\"Arch\u00edv 2012\"],\"inLanguage\":\"sk-SK\"},{\"@type\":\"WebPage\",\"@id\":\"https:\\\/\\\/pmza.sk\\\/?p=5387\",\"url\":\"https:\\\/\\\/pmza.sk\\\/?p=5387\",\"name\":\"Sentiment\u00e1lne besnenie z r\u00fak M\u00e1rie Klocokovej - Pova\u017esk\u00e9 m\u00fazeum\",\"isPartOf\":{\"@id\":\"https:\\\/\\\/pmza.sk\\\/#website\"},\"primaryImageOfPage\":{\"@id\":\"https:\\\/\\\/pmza.sk\\\/?p=5387#primaryimage\"},\"image\":{\"@id\":\"https:\\\/\\\/pmza.sk\\\/?p=5387#primaryimage\"},\"thumbnailUrl\":\"http:\\\/\\\/pmza.sk.sk\\\/wp-content\\\/uploads\\\/2012\\\/04\\\/pozvanka-sentimentalne-besnenie-277x300.jpg\",\"datePublished\":\"2012-04-12T07:36:44+00:00\",\"breadcrumb\":{\"@id\":\"https:\\\/\\\/pmza.sk\\\/?p=5387#breadcrumb\"},\"inLanguage\":\"sk-SK\",\"potentialAction\":[{\"@type\":\"ReadAction\",\"target\":[\"https:\\\/\\\/pmza.sk\\\/?p=5387\"]}]},{\"@type\":\"ImageObject\",\"inLanguage\":\"sk-SK\",\"@id\":\"https:\\\/\\\/pmza.sk\\\/?p=5387#primaryimage\",\"url\":\"http:\\\/\\\/pmza.sk.sk\\\/wp-content\\\/uploads\\\/2012\\\/04\\\/pozvanka-sentimentalne-besnenie-277x300.jpg\",\"contentUrl\":\"http:\\\/\\\/pmza.sk.sk\\\/wp-content\\\/uploads\\\/2012\\\/04\\\/pozvanka-sentimentalne-besnenie-277x300.jpg\"},{\"@type\":\"BreadcrumbList\",\"@id\":\"https:\\\/\\\/pmza.sk\\\/?p=5387#breadcrumb\",\"itemListElement\":[{\"@type\":\"ListItem\",\"position\":1,\"name\":\"Domovsk\u00e1 str\u00e1nka\",\"item\":\"https:\\\/\\\/pmza.sk\\\/\"},{\"@type\":\"ListItem\",\"position\":2,\"name\":\"Sentiment\u00e1lne besnenie z r\u00fak M\u00e1rie Klocokovej\"}]},{\"@type\":\"WebSite\",\"@id\":\"https:\\\/\\\/pmza.sk\\\/#website\",\"url\":\"https:\\\/\\\/pmza.sk\\\/\",\"name\":\"Pova\u017esk\u00e9 m\u00fazeum\",\"description\":\"Pova\u017esk\u00e9 m\u00fazeum v \u017diline je region\u00e1lne m\u00fazeum so s\u00eddlom v Budat\u00edne. Jeho expoz\u00edcie s\u00fa zameran\u00e9 na dejiny slovensk\u00e9ho umenia, kult\u00fary a dopravy.\",\"publisher\":{\"@id\":\"https:\\\/\\\/pmza.sk\\\/#organization\"},\"potentialAction\":[{\"@type\":\"SearchAction\",\"target\":{\"@type\":\"EntryPoint\",\"urlTemplate\":\"https:\\\/\\\/pmza.sk\\\/?s={search_term_string}\"},\"query-input\":{\"@type\":\"PropertyValueSpecification\",\"valueRequired\":true,\"valueName\":\"search_term_string\"}}],\"inLanguage\":\"sk-SK\"},{\"@type\":\"Organization\",\"@id\":\"https:\\\/\\\/pmza.sk\\\/#organization\",\"name\":\"Pova\u017esk\u00e9 m\u00fazeum\",\"url\":\"https:\\\/\\\/pmza.sk\\\/\",\"logo\":{\"@type\":\"ImageObject\",\"inLanguage\":\"sk-SK\",\"@id\":\"https:\\\/\\\/pmza.sk\\\/#\\\/schema\\\/logo\\\/image\\\/\",\"url\":\"https:\\\/\\\/pmza.sk\\\/wp-content\\\/uploads\\\/2022\\\/01\\\/logo_PM_horizontal.jpg\",\"contentUrl\":\"https:\\\/\\\/pmza.sk\\\/wp-content\\\/uploads\\\/2022\\\/01\\\/logo_PM_horizontal.jpg\",\"width\":231,\"height\":142,\"caption\":\"Pova\u017esk\u00e9 m\u00fazeum\"},\"image\":{\"@id\":\"https:\\\/\\\/pmza.sk\\\/#\\\/schema\\\/logo\\\/image\\\/\"},\"sameAs\":[\"https:\\\/\\\/www.facebook.com\\\/povazskemuzeum\",\"https:\\\/\\\/www.instagram.com\\\/povazskemuzeum\\\/\"]},{\"@type\":\"Person\",\"@id\":\"https:\\\/\\\/pmza.sk\\\/#\\\/schema\\\/person\\\/595e6a2ce731ea94dcd5d7f50a41ae33\",\"name\":\"Pova\u017esk\u00e9 m\u00fazeum\",\"image\":{\"@type\":\"ImageObject\",\"inLanguage\":\"sk-SK\",\"@id\":\"https:\\\/\\\/secure.gravatar.com\\\/avatar\\\/2bb7f1561282132fb5826dfeccc66c7996d11ee392ac6aaf7ced8a1c2027fbb2?s=96&d=mm&r=g\",\"url\":\"https:\\\/\\\/secure.gravatar.com\\\/avatar\\\/2bb7f1561282132fb5826dfeccc66c7996d11ee392ac6aaf7ced8a1c2027fbb2?s=96&d=mm&r=g\",\"contentUrl\":\"https:\\\/\\\/secure.gravatar.com\\\/avatar\\\/2bb7f1561282132fb5826dfeccc66c7996d11ee392ac6aaf7ced8a1c2027fbb2?s=96&d=mm&r=g\",\"caption\":\"Pova\u017esk\u00e9 m\u00fazeum\"}}]}<\/script>\n<!-- \/ Yoast SEO plugin. -->","yoast_head_json":{"title":"Sentiment\u00e1lne besnenie z r\u00fak M\u00e1rie Klocokovej - Pova\u017esk\u00e9 m\u00fazeum","robots":{"index":"index","follow":"follow","max-snippet":"max-snippet:-1","max-image-preview":"max-image-preview:large","max-video-preview":"max-video-preview:-1"},"canonical":"https:\/\/pmza.sk\/?p=5387","og_locale":"sk_SK","og_type":"article","og_title":"Sentiment\u00e1lne besnenie z r\u00fak M\u00e1rie Klocokovej - Pova\u017esk\u00e9 m\u00fazeum","og_description":"Mlad\u00e1 slovensk\u00e1 v\u00fdtvarn\u00ed\u010dka M\u00e1ria Klocokov\u00e1, v\u00a0s\u00fa\u010dasnosti \u017eij\u00faca v\u00a0Trnave, sa symbolicky vracia do svojho rodn\u00e9ho kraja zauj\u00edmavou in\u0161tal\u00e1ciou, ktor\u00e1 prezentuje prierez jej viac ako desa\u0165ro\u010dnej tvorby. V\u00fdstava pod n\u00e1zvom Sentiment\u00e1lne besnenie otv\u00e1ra v\u00a0piatok 20. apr\u00edla 2012 v\u00a0priestoroch Sob\u00e1\u0161neho pal\u00e1ca v\u00a0Byt\u010di \u010fal\u0161\u00ed rok autorsk\u00fdch v\u00fdstav nadan\u00fdch umelcov, poch\u00e1dzaj\u00facich preva\u017ene z\u00a0regi\u00f3nu Horn\u00e9ho Pova\u017eia.","og_url":"https:\/\/pmza.sk\/?p=5387","og_site_name":"Pova\u017esk\u00e9 m\u00fazeum","article_publisher":"https:\/\/www.facebook.com\/povazskemuzeum","article_published_time":"2012-04-12T07:36:44+00:00","og_image":[{"url":"https:\/\/pmza.sk.sk\/wp-content\/uploads\/2012\/04\/pozvanka-sentimentalne-besnenie-277x300.jpg","type":"","width":"","height":""}],"author":"Pova\u017esk\u00e9 m\u00fazeum","twitter_card":"summary_large_image","twitter_misc":{"Autor":"Pova\u017esk\u00e9 m\u00fazeum","Predpokladan\u00fd \u010das \u010d\u00edtania":"2 min\u00faty"},"schema":{"@context":"https:\/\/schema.org","@graph":[{"@type":"Article","@id":"https:\/\/pmza.sk\/?p=5387#article","isPartOf":{"@id":"https:\/\/pmza.sk\/?p=5387"},"author":{"name":"Pova\u017esk\u00e9 m\u00fazeum","@id":"https:\/\/pmza.sk\/#\/schema\/person\/595e6a2ce731ea94dcd5d7f50a41ae33"},"headline":"Sentiment\u00e1lne besnenie z r\u00fak M\u00e1rie Klocokovej","datePublished":"2012-04-12T07:36:44+00:00","mainEntityOfPage":{"@id":"https:\/\/pmza.sk\/?p=5387"},"wordCount":420,"publisher":{"@id":"https:\/\/pmza.sk\/#organization"},"image":{"@id":"https:\/\/pmza.sk\/?p=5387#primaryimage"},"thumbnailUrl":"https:\/\/pmza.sk.sk\/wp-content\/uploads\/2012\/04\/pozvanka-sentimentalne-besnenie-277x300.jpg","articleSection":["Arch\u00edv 2012"],"inLanguage":"sk-SK"},{"@type":"WebPage","@id":"https:\/\/pmza.sk\/?p=5387","url":"https:\/\/pmza.sk\/?p=5387","name":"Sentiment\u00e1lne besnenie z r\u00fak M\u00e1rie Klocokovej - Pova\u017esk\u00e9 m\u00fazeum","isPartOf":{"@id":"https:\/\/pmza.sk\/#website"},"primaryImageOfPage":{"@id":"https:\/\/pmza.sk\/?p=5387#primaryimage"},"image":{"@id":"https:\/\/pmza.sk\/?p=5387#primaryimage"},"thumbnailUrl":"https:\/\/pmza.sk.sk\/wp-content\/uploads\/2012\/04\/pozvanka-sentimentalne-besnenie-277x300.jpg","datePublished":"2012-04-12T07:36:44+00:00","breadcrumb":{"@id":"https:\/\/pmza.sk\/?p=5387#breadcrumb"},"inLanguage":"sk-SK","potentialAction":[{"@type":"ReadAction","target":["https:\/\/pmza.sk\/?p=5387"]}]},{"@type":"ImageObject","inLanguage":"sk-SK","@id":"https:\/\/pmza.sk\/?p=5387#primaryimage","url":"https:\/\/pmza.sk.sk\/wp-content\/uploads\/2012\/04\/pozvanka-sentimentalne-besnenie-277x300.jpg","contentUrl":"https:\/\/pmza.sk.sk\/wp-content\/uploads\/2012\/04\/pozvanka-sentimentalne-besnenie-277x300.jpg"},{"@type":"BreadcrumbList","@id":"https:\/\/pmza.sk\/?p=5387#breadcrumb","itemListElement":[{"@type":"ListItem","position":1,"name":"Domovsk\u00e1 str\u00e1nka","item":"https:\/\/pmza.sk\/"},{"@type":"ListItem","position":2,"name":"Sentiment\u00e1lne besnenie z r\u00fak M\u00e1rie Klocokovej"}]},{"@type":"WebSite","@id":"https:\/\/pmza.sk\/#website","url":"https:\/\/pmza.sk\/","name":"Pova\u017esk\u00e9 m\u00fazeum","description":"Pova\u017esk\u00e9 m\u00fazeum v \u017diline je region\u00e1lne m\u00fazeum so s\u00eddlom v Budat\u00edne. Jeho expoz\u00edcie s\u00fa zameran\u00e9 na dejiny slovensk\u00e9ho umenia, kult\u00fary a dopravy.","publisher":{"@id":"https:\/\/pmza.sk\/#organization"},"potentialAction":[{"@type":"SearchAction","target":{"@type":"EntryPoint","urlTemplate":"https:\/\/pmza.sk\/?s={search_term_string}"},"query-input":{"@type":"PropertyValueSpecification","valueRequired":true,"valueName":"search_term_string"}}],"inLanguage":"sk-SK"},{"@type":"Organization","@id":"https:\/\/pmza.sk\/#organization","name":"Pova\u017esk\u00e9 m\u00fazeum","url":"https:\/\/pmza.sk\/","logo":{"@type":"ImageObject","inLanguage":"sk-SK","@id":"https:\/\/pmza.sk\/#\/schema\/logo\/image\/","url":"https:\/\/pmza.sk\/wp-content\/uploads\/2022\/01\/logo_PM_horizontal.jpg","contentUrl":"https:\/\/pmza.sk\/wp-content\/uploads\/2022\/01\/logo_PM_horizontal.jpg","width":231,"height":142,"caption":"Pova\u017esk\u00e9 m\u00fazeum"},"image":{"@id":"https:\/\/pmza.sk\/#\/schema\/logo\/image\/"},"sameAs":["https:\/\/www.facebook.com\/povazskemuzeum","https:\/\/www.instagram.com\/povazskemuzeum\/"]},{"@type":"Person","@id":"https:\/\/pmza.sk\/#\/schema\/person\/595e6a2ce731ea94dcd5d7f50a41ae33","name":"Pova\u017esk\u00e9 m\u00fazeum","image":{"@type":"ImageObject","inLanguage":"sk-SK","@id":"https:\/\/secure.gravatar.com\/avatar\/2bb7f1561282132fb5826dfeccc66c7996d11ee392ac6aaf7ced8a1c2027fbb2?s=96&d=mm&r=g","url":"https:\/\/secure.gravatar.com\/avatar\/2bb7f1561282132fb5826dfeccc66c7996d11ee392ac6aaf7ced8a1c2027fbb2?s=96&d=mm&r=g","contentUrl":"https:\/\/secure.gravatar.com\/avatar\/2bb7f1561282132fb5826dfeccc66c7996d11ee392ac6aaf7ced8a1c2027fbb2?s=96&d=mm&r=g","caption":"Pova\u017esk\u00e9 m\u00fazeum"}}]}},"_links":{"self":[{"href":"https:\/\/pmza.sk\/index.php?rest_route=\/wp\/v2\/posts\/5387","targetHints":{"allow":["GET"]}}],"collection":[{"href":"https:\/\/pmza.sk\/index.php?rest_route=\/wp\/v2\/posts"}],"about":[{"href":"https:\/\/pmza.sk\/index.php?rest_route=\/wp\/v2\/types\/post"}],"author":[{"embeddable":true,"href":"https:\/\/pmza.sk\/index.php?rest_route=\/wp\/v2\/users\/2"}],"replies":[{"embeddable":true,"href":"https:\/\/pmza.sk\/index.php?rest_route=%2Fwp%2Fv2%2Fcomments&post=5387"}],"version-history":[{"count":0,"href":"https:\/\/pmza.sk\/index.php?rest_route=\/wp\/v2\/posts\/5387\/revisions"}],"wp:attachment":[{"href":"https:\/\/pmza.sk\/index.php?rest_route=%2Fwp%2Fv2%2Fmedia&parent=5387"}],"wp:term":[{"taxonomy":"category","embeddable":true,"href":"https:\/\/pmza.sk\/index.php?rest_route=%2Fwp%2Fv2%2Fcategories&post=5387"},{"taxonomy":"post_tag","embeddable":true,"href":"https:\/\/pmza.sk\/index.php?rest_route=%2Fwp%2Fv2%2Ftags&post=5387"}],"curies":[{"name":"wp","href":"https:\/\/api.w.org\/{rel}","templated":true}]}}