{"id":53877,"date":"2022-11-11T14:39:48","date_gmt":"2022-11-11T13:39:48","guid":{"rendered":"https:\/\/pmza.sk\/?p=53877"},"modified":"2023-02-13T06:41:30","modified_gmt":"2023-02-13T05:41:30","slug":"krajina-plna-ticha-a-pokoja","status":"publish","type":"post","link":"https:\/\/pmza.sk\/?p=53877","title":{"rendered":"Krajina pln\u00e1 ticha a pokoja"},"content":{"rendered":"<p>V\u00a0Sob\u00e1\u0161nom pal\u00e1ci v\u00a0Byt\u010di bude 15. novembra spr\u00edstupnen\u00e1 nov\u00e1 v\u00fdstava obrazov, v\u010faka ktorej sa bud\u00fa n\u00e1v\u0161tevn\u00edci v\u00a0renesan\u010dnej s\u00e1le c\u00edti\u0165 ako v\u00a0krajine plnej ticha a\u00a0pokoja. Pr\u00e1ve tak\u00fd poetick\u00fd n\u00e1zov zvolili autori \u2013 v\u00fdtvarn\u00edci Petronela Vlhov\u00e1 a\u00a0Vladim\u00edr Mi\u010dienka. Vo svojej tvorbe up\u00fa\u0161\u0165aj\u00fa od realistick\u00e9ho zobrazenia krajiny a\u00a0vytv\u00e1raj\u00fa krajinu pln\u00fa fant\u00e1zie, mystick\u00fa, priam rozpr\u00e1vkov\u00fa.<\/p>\n<p>Petronela Vlhov\u00e1 je skl\u00e1rska v\u00fdtvarn\u00ed\u010dka a\u00a0maliarka, ktor\u00e1 sa venuje profesion\u00e1lnemu spracovaniu skla v jeho \u00fa\u017eitkovej a umeleckej podobe\u00a0u\u017e od roku 1995. V\u00a0s\u00fa\u010dasnosti z\u00e1rove\u0148 p\u00f4sob\u00ed ako re\u0161taur\u00e1torka skla a\u00a0keramiky v\u00a0Pova\u017eskom m\u00fazeu. Akt\u00edvne sa z\u00fa\u010dast\u0148uje na kolekt\u00edvnych v\u00fdstav\u00e1ch skl\u00e1rskej i maliarskej tvorby na Slovensku a v zahrani\u010d\u00ed. Za svoje diela z\u00edskala nieko\u013eko dom\u00e1cich i medzin\u00e1rodn\u00fdch ocenen\u00ed. <em>\u201eZ kolekcie obrazov svojej tvorby som na v\u00fdstavu vybrala tri obrazy Prienik svetov, Smaragdov\u00fd gr\u00e1l a Bo\u017eie mesto ako symbol trojjedinosti. S\u00fa stv\u00e1rnen\u00edm dan\u00fdch \u00fasekov krajiny individu\u00e1lneho putovania po ceste svetla a l\u00e1sky absol\u00fatnej Pravdy,\u201c <\/em>dop\u013a\u0148a Petronela Vlhov\u00e1.<\/p>\n<p>Vladim\u00edr Mi\u010dienka p\u00f4sobil ako bansk\u00fd technik, no v\u017edy r\u00e1d ma\u013eoval. Takmer desa\u0165 rokov je \u010dlenom Klubu neprofesion\u00e1lnych v\u00fdtvarn\u00edkov pri Krajskom kult\u00farnom stredisku, kde na\u0161iel spriaznen\u00e9 du\u0161e. Pravidelne sa z\u00fa\u010dast\u0148uje na r\u00f4znych v\u00fdtvarn\u00fdch s\u00fa\u0165a\u017eiach a\u00a0jeho obrazy boli viackr\u00e1t ocenen\u00e9. <em>\u201eV tvorbe Vladim\u00edra Mi\u010dienku hr\u00e1 d\u00f4le\u017eit\u00fa \u00falohu svetlo. To biblick\u00e9, ke\u010f Stvorite\u013e povedal: Bu\u010f svetlo! sa autor sna\u017e\u00ed zachyti\u0165 farbou. A\u00a0bolo svetlo! Prediera sa hmlou, akoby sa pr\u00e1ve rodilo. Svit\u00e1, nezapad\u00e1. Vych\u00e1dza z\u00a0oparu, aby roz\u017eiarilo cel\u00fa krajinu. Je m\u00e4kk\u00e9 a\u00a0m\u00e1 v\u00a0sebe duchovn\u00fd n\u00e1boj,\u201c<\/em> pribli\u017euje akademick\u00fd maliar Stanislav Lajda.<\/p>\n<p>Z\u00e1ujemcovia m\u00f4\u017eu na v\u00fdstave obdivova\u0165 viacero v\u00fdnimo\u010dn\u00fdch v\u00fdtvarn\u00fdch diel, z ktor\u00fdch sr\u0161\u00ed dobr\u00e1 energia a harm\u00f3nia. V Sob\u00e1\u0161nom pal\u00e1ci ich uvidia v r\u00e1mci prehliadky expoz\u00edcie do 30. janu\u00e1ra bud\u00faceho roka. <em>\u201eRadi by sme na\u0161im n\u00e1v\u0161tevn\u00edkom umelecky spr\u00edjemnili aj obdobie mimo hlavnej sez\u00f3ny. Preto sme sa rozhodli da\u0165 priestor region\u00e1lnym umelcom na v\u00fdstavu svojich diel a\u00a0tak o\u017eivili priestor svadobnej s\u00e1ly. Posledn\u00e9 roky sme v\u00a0t\u00fato dobu pomaly in\u0161talovali betlehemy, teraz uv\u00edtame zmenu v\u00a0podobe v\u00fdtvarn\u00fdch diel\u00a0 a\u00a0prenesieme sa po\u010das viano\u010dn\u00fdch sviatkov do krajiny pokoja,\u201c <\/em>vysvet\u013euje spr\u00e1vky\u0148a Sob\u00e1\u0161neho pal\u00e1ca v\u00a0Byt\u010di Andrea Tur\u010d\u00e1kov\u00e1.<\/p>\n<p>V\u00fdstava bude pr\u00edstupn\u00e1 od 15. novembra 2022 do 09. febru\u00e1ra 2023.<\/p>\n<p><img fetchpriority=\"high\" decoding=\"async\" class=\"alignnone size-medium wp-image-53878\" src=\"https:\/\/pmza.sk\/wp-content\/uploads\/2022\/11\/Krajina_ticha_K4-255x360.jpg\" alt=\"\" width=\"255\" height=\"360\" srcset=\"https:\/\/pmza.sk\/wp-content\/uploads\/2022\/11\/Krajina_ticha_K4-255x360.jpg 255w, https:\/\/pmza.sk\/wp-content\/uploads\/2022\/11\/Krajina_ticha_K4-520x736.jpg 520w, https:\/\/pmza.sk\/wp-content\/uploads\/2022\/11\/Krajina_ticha_K4-768x1086.jpg 768w, https:\/\/pmza.sk\/wp-content\/uploads\/2022\/11\/Krajina_ticha_K4-1086x1536.jpg 1086w, https:\/\/pmza.sk\/wp-content\/uploads\/2022\/11\/Krajina_ticha_K4-1448x2048.jpg 1448w, https:\/\/pmza.sk\/wp-content\/uploads\/2022\/11\/Krajina_ticha_K4-600x849.jpg 600w, https:\/\/pmza.sk\/wp-content\/uploads\/2022\/11\/Krajina_ticha_K4-scaled.jpg 1810w\" sizes=\"(max-width: 255px) 100vw, 255px\" \/><\/p>\n<p>Plag\u00e1t v plnej ve\u013ekosti <a href=\"https:\/\/pmza.sk\/wp-content\/uploads\/2022\/11\/Krajina_ticha_K4.pdf\">TU<\/a><\/p>\n","protected":false},"excerpt":{"rendered":"<p>V\u00a0Sob\u00e1\u0161nom pal\u00e1ci v\u00a0Byt\u010di bude 15. novembra spr\u00edstupnen\u00e1 nov\u00e1 v\u00fdstava obrazov, v\u010faka ktorej sa bud\u00fa n\u00e1v\u0161tevn\u00edci v\u00a0renesan\u010dnej s\u00e1le c\u00edti\u0165 ako v\u00a0krajine plnej ticha a\u00a0pokoja. Pr\u00e1ve tak\u00fd poetick\u00fd n\u00e1zov zvolili autori \u2013 v\u00fdtvarn\u00edci Petronela Vlhov\u00e1 a\u00a0Vladim\u00edr Mi\u010dienka. Vo svojej tvorbe up\u00fa\u0161\u0165aj\u00fa od realistick\u00e9ho zobrazenia krajiny a\u00a0vytv\u00e1raj\u00fa krajinu pln\u00fa fant\u00e1zie, mystick\u00fa, priam rozpr\u00e1vkov\u00fa. Petronela Vlhov\u00e1 je skl\u00e1rska v\u00fdtvarn\u00ed\u010dka [&hellip;]<\/p>\n","protected":false},"author":2,"featured_media":53880,"comment_status":"open","ping_status":"open","sticky":false,"template":"","format":"standard","meta":{"site-sidebar-layout":"default","site-content-layout":"default","ast-site-content-layout":"","site-content-style":"default","site-sidebar-style":"default","ast-global-header-display":"","ast-banner-title-visibility":"","ast-main-header-display":"","ast-hfb-above-header-display":"","ast-hfb-below-header-display":"","ast-hfb-mobile-header-display":"","site-post-title":"","ast-breadcrumbs-content":"","ast-featured-img":"","footer-sml-layout":"","theme-transparent-header-meta":"default","adv-header-id-meta":"","stick-header-meta":"default","header-above-stick-meta":"","header-main-stick-meta":"","header-below-stick-meta":"","astra-migrate-meta-layouts":"default","ast-page-background-enabled":"default","ast-page-background-meta":{"desktop":{"background-color":"var(--ast-global-color-4)","background-image":"","background-repeat":"repeat","background-position":"center center","background-size":"auto","background-attachment":"scroll","background-type":"","background-media":"","overlay-type":"","overlay-color":"","overlay-opacity":"","overlay-gradient":""},"tablet":{"background-color":"","background-image":"","background-repeat":"repeat","background-position":"center center","background-size":"auto","background-attachment":"scroll","background-type":"","background-media":"","overlay-type":"","overlay-color":"","overlay-opacity":"","overlay-gradient":""},"mobile":{"background-color":"","background-image":"","background-repeat":"repeat","background-position":"center center","background-size":"auto","background-attachment":"scroll","background-type":"","background-media":"","overlay-type":"","overlay-color":"","overlay-opacity":"","overlay-gradient":""}},"ast-content-background-meta":{"desktop":{"background-color":"var(--ast-global-color-5)","background-image":"","background-repeat":"repeat","background-position":"center center","background-size":"auto","background-attachment":"scroll","background-type":"","background-media":"","overlay-type":"","overlay-color":"","overlay-opacity":"","overlay-gradient":""},"tablet":{"background-color":"var(--ast-global-color-5)","background-image":"","background-repeat":"repeat","background-position":"center center","background-size":"auto","background-attachment":"scroll","background-type":"","background-media":"","overlay-type":"","overlay-color":"","overlay-opacity":"","overlay-gradient":""},"mobile":{"background-color":"var(--ast-global-color-5)","background-image":"","background-repeat":"repeat","background-position":"center center","background-size":"auto","background-attachment":"scroll","background-type":"","background-media":"","overlay-type":"","overlay-color":"","overlay-opacity":"","overlay-gradient":""}},"footnotes":""},"categories":[72],"tags":[],"class_list":["post-53877","post","type-post","status-publish","format-standard","has-post-thumbnail","hentry","category-vystavy"],"yoast_head":"<!-- This site is optimized with the Yoast SEO plugin v27.4 - https:\/\/yoast.com\/product\/yoast-seo-wordpress\/ -->\n<title>Krajina pln\u00e1 ticha a pokoja - Pova\u017esk\u00e9 m\u00fazeum<\/title>\n<meta name=\"description\" content=\"V\u00a0Sob\u00e1\u0161nom pal\u00e1ci v\u00a0Byt\u010di bude 15. novembra spr\u00edstupnen\u00e1 nov\u00e1 v\u00fdstava obrazov, v\u010faka ktorej sa bud\u00fa n\u00e1v\u0161tevn\u00edci v\u00a0renesan\u010dnej s\u00e1le c\u00edti\u0165 ako v\u00a0krajine plnej ticha a\u00a0pokoja. Pr\u00e1ve tak\u00fd poetick\u00fd n\u00e1zov zvolili autori \u2013 v\u00fdtvarn\u00edci Petronela Vlhov\u00e1 a\u00a0Vladim\u00edr Mi\u010dienka. Z\u00e1ujemcovia m\u00f4\u017eu na v\u00fdstave obdivova\u0165 viacero v\u00fdnimo\u010dn\u00fdch v\u00fdtvarn\u00fdch diel, z\u00a0ktor\u00fdch sr\u0161\u00ed dobr\u00e1 energia a\u00a0harm\u00f3nia. V\u00a0Sob\u00e1\u0161nom pal\u00e1ci ich uvidia v\u00a0r\u00e1mci prehliadky expoz\u00edcie do 4. janu\u00e1ra bud\u00faceho roka.\" \/>\n<meta name=\"robots\" content=\"index, follow, max-snippet:-1, max-image-preview:large, max-video-preview:-1\" \/>\n<link rel=\"canonical\" href=\"https:\/\/pmza.sk\/?p=53877\" \/>\n<meta property=\"og:locale\" content=\"sk_SK\" \/>\n<meta property=\"og:type\" content=\"article\" \/>\n<meta property=\"og:title\" content=\"Krajina pln\u00e1 ticha a pokoja - Pova\u017esk\u00e9 m\u00fazeum\" \/>\n<meta property=\"og:description\" content=\"V\u00a0Sob\u00e1\u0161nom pal\u00e1ci v\u00a0Byt\u010di bude 15. novembra spr\u00edstupnen\u00e1 nov\u00e1 v\u00fdstava obrazov, v\u010faka ktorej sa bud\u00fa n\u00e1v\u0161tevn\u00edci v\u00a0renesan\u010dnej s\u00e1le c\u00edti\u0165 ako v\u00a0krajine plnej ticha a\u00a0pokoja. Pr\u00e1ve tak\u00fd poetick\u00fd n\u00e1zov zvolili autori \u2013 v\u00fdtvarn\u00edci Petronela Vlhov\u00e1 a\u00a0Vladim\u00edr Mi\u010dienka. Z\u00e1ujemcovia m\u00f4\u017eu na v\u00fdstave obdivova\u0165 viacero v\u00fdnimo\u010dn\u00fdch v\u00fdtvarn\u00fdch diel, z\u00a0ktor\u00fdch sr\u0161\u00ed dobr\u00e1 energia a\u00a0harm\u00f3nia. V\u00a0Sob\u00e1\u0161nom pal\u00e1ci ich uvidia v\u00a0r\u00e1mci prehliadky expoz\u00edcie do 4. janu\u00e1ra bud\u00faceho roka.\" \/>\n<meta property=\"og:url\" content=\"https:\/\/pmza.sk\/?p=53877\" \/>\n<meta property=\"og:site_name\" content=\"Pova\u017esk\u00e9 m\u00fazeum\" \/>\n<meta property=\"article:publisher\" content=\"https:\/\/www.facebook.com\/povazskemuzeum\" \/>\n<meta property=\"article:published_time\" content=\"2022-11-11T13:39:48+00:00\" \/>\n<meta property=\"article:modified_time\" content=\"2023-02-13T05:41:30+00:00\" \/>\n<meta property=\"og:image\" content=\"https:\/\/pmza.sk\/wp-content\/uploads\/2022\/11\/Krajina_ticha_stvorec-scaled.jpg\" \/>\n\t<meta property=\"og:image:width\" content=\"2560\" \/>\n\t<meta property=\"og:image:height\" content=\"2560\" \/>\n\t<meta property=\"og:image:type\" content=\"image\/jpeg\" \/>\n<meta name=\"author\" content=\"Pova\u017esk\u00e9 m\u00fazeum\" \/>\n<meta name=\"twitter:card\" content=\"summary_large_image\" \/>\n<meta name=\"twitter:label1\" content=\"Autor\" \/>\n\t<meta name=\"twitter:data1\" content=\"Pova\u017esk\u00e9 m\u00fazeum\" \/>\n\t<meta name=\"twitter:label2\" content=\"Predpokladan\u00fd \u010das \u010d\u00edtania\" \/>\n\t<meta name=\"twitter:data2\" content=\"2 min\u00faty\" \/>\n<script type=\"application\/ld+json\" class=\"yoast-schema-graph\">{\"@context\":\"https:\\\/\\\/schema.org\",\"@graph\":[{\"@type\":\"Article\",\"@id\":\"https:\\\/\\\/pmza.sk\\\/?p=53877#article\",\"isPartOf\":{\"@id\":\"https:\\\/\\\/pmza.sk\\\/?p=53877\"},\"author\":{\"name\":\"Pova\u017esk\u00e9 m\u00fazeum\",\"@id\":\"https:\\\/\\\/pmza.sk\\\/#\\\/schema\\\/person\\\/595e6a2ce731ea94dcd5d7f50a41ae33\"},\"headline\":\"Krajina pln\u00e1 ticha a pokoja\",\"datePublished\":\"2022-11-11T13:39:48+00:00\",\"dateModified\":\"2023-02-13T05:41:30+00:00\",\"mainEntityOfPage\":{\"@id\":\"https:\\\/\\\/pmza.sk\\\/?p=53877\"},\"wordCount\":483,\"commentCount\":0,\"publisher\":{\"@id\":\"https:\\\/\\\/pmza.sk\\\/#organization\"},\"image\":{\"@id\":\"https:\\\/\\\/pmza.sk\\\/?p=53877#primaryimage\"},\"thumbnailUrl\":\"https:\\\/\\\/pmza.sk\\\/wp-content\\\/uploads\\\/2022\\\/11\\\/Krajina_ticha_stvorec-scaled.jpg\",\"articleSection\":[\"V\u00fdstavy\"],\"inLanguage\":\"sk-SK\"},{\"@type\":\"WebPage\",\"@id\":\"https:\\\/\\\/pmza.sk\\\/?p=53877\",\"url\":\"https:\\\/\\\/pmza.sk\\\/?p=53877\",\"name\":\"Krajina pln\u00e1 ticha a pokoja - Pova\u017esk\u00e9 m\u00fazeum\",\"isPartOf\":{\"@id\":\"https:\\\/\\\/pmza.sk\\\/#website\"},\"primaryImageOfPage\":{\"@id\":\"https:\\\/\\\/pmza.sk\\\/?p=53877#primaryimage\"},\"image\":{\"@id\":\"https:\\\/\\\/pmza.sk\\\/?p=53877#primaryimage\"},\"thumbnailUrl\":\"https:\\\/\\\/pmza.sk\\\/wp-content\\\/uploads\\\/2022\\\/11\\\/Krajina_ticha_stvorec-scaled.jpg\",\"datePublished\":\"2022-11-11T13:39:48+00:00\",\"dateModified\":\"2023-02-13T05:41:30+00:00\",\"description\":\"V\u00a0Sob\u00e1\u0161nom pal\u00e1ci v\u00a0Byt\u010di bude 15. novembra spr\u00edstupnen\u00e1 nov\u00e1 v\u00fdstava obrazov, v\u010faka ktorej sa bud\u00fa n\u00e1v\u0161tevn\u00edci v\u00a0renesan\u010dnej s\u00e1le c\u00edti\u0165 ako v\u00a0krajine plnej ticha a\u00a0pokoja. Pr\u00e1ve tak\u00fd poetick\u00fd n\u00e1zov zvolili autori \u2013 v\u00fdtvarn\u00edci Petronela Vlhov\u00e1 a\u00a0Vladim\u00edr Mi\u010dienka. Z\u00e1ujemcovia m\u00f4\u017eu na v\u00fdstave obdivova\u0165 viacero v\u00fdnimo\u010dn\u00fdch v\u00fdtvarn\u00fdch diel, z\u00a0ktor\u00fdch sr\u0161\u00ed dobr\u00e1 energia a\u00a0harm\u00f3nia. V\u00a0Sob\u00e1\u0161nom pal\u00e1ci ich uvidia v\u00a0r\u00e1mci prehliadky expoz\u00edcie do 4. janu\u00e1ra bud\u00faceho roka.\",\"breadcrumb\":{\"@id\":\"https:\\\/\\\/pmza.sk\\\/?p=53877#breadcrumb\"},\"inLanguage\":\"sk-SK\",\"potentialAction\":[{\"@type\":\"ReadAction\",\"target\":[\"https:\\\/\\\/pmza.sk\\\/?p=53877\"]}]},{\"@type\":\"ImageObject\",\"inLanguage\":\"sk-SK\",\"@id\":\"https:\\\/\\\/pmza.sk\\\/?p=53877#primaryimage\",\"url\":\"https:\\\/\\\/pmza.sk\\\/wp-content\\\/uploads\\\/2022\\\/11\\\/Krajina_ticha_stvorec-scaled.jpg\",\"contentUrl\":\"https:\\\/\\\/pmza.sk\\\/wp-content\\\/uploads\\\/2022\\\/11\\\/Krajina_ticha_stvorec-scaled.jpg\",\"width\":2560,\"height\":2560},{\"@type\":\"BreadcrumbList\",\"@id\":\"https:\\\/\\\/pmza.sk\\\/?p=53877#breadcrumb\",\"itemListElement\":[{\"@type\":\"ListItem\",\"position\":1,\"name\":\"Domovsk\u00e1 str\u00e1nka\",\"item\":\"https:\\\/\\\/pmza.sk\\\/\"},{\"@type\":\"ListItem\",\"position\":2,\"name\":\"Krajina pln\u00e1 ticha a pokoja\"}]},{\"@type\":\"WebSite\",\"@id\":\"https:\\\/\\\/pmza.sk\\\/#website\",\"url\":\"https:\\\/\\\/pmza.sk\\\/\",\"name\":\"Pova\u017esk\u00e9 m\u00fazeum\",\"description\":\"Pova\u017esk\u00e9 m\u00fazeum v \u017diline je region\u00e1lne m\u00fazeum so s\u00eddlom v Budat\u00edne. Jeho expoz\u00edcie s\u00fa zameran\u00e9 na dejiny slovensk\u00e9ho umenia, kult\u00fary a dopravy.\",\"publisher\":{\"@id\":\"https:\\\/\\\/pmza.sk\\\/#organization\"},\"potentialAction\":[{\"@type\":\"SearchAction\",\"target\":{\"@type\":\"EntryPoint\",\"urlTemplate\":\"https:\\\/\\\/pmza.sk\\\/?s={search_term_string}\"},\"query-input\":{\"@type\":\"PropertyValueSpecification\",\"valueRequired\":true,\"valueName\":\"search_term_string\"}}],\"inLanguage\":\"sk-SK\"},{\"@type\":\"Organization\",\"@id\":\"https:\\\/\\\/pmza.sk\\\/#organization\",\"name\":\"Pova\u017esk\u00e9 m\u00fazeum\",\"url\":\"https:\\\/\\\/pmza.sk\\\/\",\"logo\":{\"@type\":\"ImageObject\",\"inLanguage\":\"sk-SK\",\"@id\":\"https:\\\/\\\/pmza.sk\\\/#\\\/schema\\\/logo\\\/image\\\/\",\"url\":\"https:\\\/\\\/pmza.sk\\\/wp-content\\\/uploads\\\/2022\\\/01\\\/logo_PM_horizontal.jpg\",\"contentUrl\":\"https:\\\/\\\/pmza.sk\\\/wp-content\\\/uploads\\\/2022\\\/01\\\/logo_PM_horizontal.jpg\",\"width\":231,\"height\":142,\"caption\":\"Pova\u017esk\u00e9 m\u00fazeum\"},\"image\":{\"@id\":\"https:\\\/\\\/pmza.sk\\\/#\\\/schema\\\/logo\\\/image\\\/\"},\"sameAs\":[\"https:\\\/\\\/www.facebook.com\\\/povazskemuzeum\",\"https:\\\/\\\/www.instagram.com\\\/povazskemuzeum\\\/\"]},{\"@type\":\"Person\",\"@id\":\"https:\\\/\\\/pmza.sk\\\/#\\\/schema\\\/person\\\/595e6a2ce731ea94dcd5d7f50a41ae33\",\"name\":\"Pova\u017esk\u00e9 m\u00fazeum\",\"image\":{\"@type\":\"ImageObject\",\"inLanguage\":\"sk-SK\",\"@id\":\"https:\\\/\\\/secure.gravatar.com\\\/avatar\\\/2bb7f1561282132fb5826dfeccc66c7996d11ee392ac6aaf7ced8a1c2027fbb2?s=96&d=mm&r=g\",\"url\":\"https:\\\/\\\/secure.gravatar.com\\\/avatar\\\/2bb7f1561282132fb5826dfeccc66c7996d11ee392ac6aaf7ced8a1c2027fbb2?s=96&d=mm&r=g\",\"contentUrl\":\"https:\\\/\\\/secure.gravatar.com\\\/avatar\\\/2bb7f1561282132fb5826dfeccc66c7996d11ee392ac6aaf7ced8a1c2027fbb2?s=96&d=mm&r=g\",\"caption\":\"Pova\u017esk\u00e9 m\u00fazeum\"}}]}<\/script>\n<!-- \/ Yoast SEO plugin. -->","yoast_head_json":{"title":"Krajina pln\u00e1 ticha a pokoja - Pova\u017esk\u00e9 m\u00fazeum","description":"V\u00a0Sob\u00e1\u0161nom pal\u00e1ci v\u00a0Byt\u010di bude 15. novembra spr\u00edstupnen\u00e1 nov\u00e1 v\u00fdstava obrazov, v\u010faka ktorej sa bud\u00fa n\u00e1v\u0161tevn\u00edci v\u00a0renesan\u010dnej s\u00e1le c\u00edti\u0165 ako v\u00a0krajine plnej ticha a\u00a0pokoja. Pr\u00e1ve tak\u00fd poetick\u00fd n\u00e1zov zvolili autori \u2013 v\u00fdtvarn\u00edci Petronela Vlhov\u00e1 a\u00a0Vladim\u00edr Mi\u010dienka. Z\u00e1ujemcovia m\u00f4\u017eu na v\u00fdstave obdivova\u0165 viacero v\u00fdnimo\u010dn\u00fdch v\u00fdtvarn\u00fdch diel, z\u00a0ktor\u00fdch sr\u0161\u00ed dobr\u00e1 energia a\u00a0harm\u00f3nia. V\u00a0Sob\u00e1\u0161nom pal\u00e1ci ich uvidia v\u00a0r\u00e1mci prehliadky expoz\u00edcie do 4. janu\u00e1ra bud\u00faceho roka.","robots":{"index":"index","follow":"follow","max-snippet":"max-snippet:-1","max-image-preview":"max-image-preview:large","max-video-preview":"max-video-preview:-1"},"canonical":"https:\/\/pmza.sk\/?p=53877","og_locale":"sk_SK","og_type":"article","og_title":"Krajina pln\u00e1 ticha a pokoja - Pova\u017esk\u00e9 m\u00fazeum","og_description":"V\u00a0Sob\u00e1\u0161nom pal\u00e1ci v\u00a0Byt\u010di bude 15. novembra spr\u00edstupnen\u00e1 nov\u00e1 v\u00fdstava obrazov, v\u010faka ktorej sa bud\u00fa n\u00e1v\u0161tevn\u00edci v\u00a0renesan\u010dnej s\u00e1le c\u00edti\u0165 ako v\u00a0krajine plnej ticha a\u00a0pokoja. Pr\u00e1ve tak\u00fd poetick\u00fd n\u00e1zov zvolili autori \u2013 v\u00fdtvarn\u00edci Petronela Vlhov\u00e1 a\u00a0Vladim\u00edr Mi\u010dienka. Z\u00e1ujemcovia m\u00f4\u017eu na v\u00fdstave obdivova\u0165 viacero v\u00fdnimo\u010dn\u00fdch v\u00fdtvarn\u00fdch diel, z\u00a0ktor\u00fdch sr\u0161\u00ed dobr\u00e1 energia a\u00a0harm\u00f3nia. V\u00a0Sob\u00e1\u0161nom pal\u00e1ci ich uvidia v\u00a0r\u00e1mci prehliadky expoz\u00edcie do 4. janu\u00e1ra bud\u00faceho roka.","og_url":"https:\/\/pmza.sk\/?p=53877","og_site_name":"Pova\u017esk\u00e9 m\u00fazeum","article_publisher":"https:\/\/www.facebook.com\/povazskemuzeum","article_published_time":"2022-11-11T13:39:48+00:00","article_modified_time":"2023-02-13T05:41:30+00:00","og_image":[{"width":2560,"height":2560,"url":"https:\/\/pmza.sk\/wp-content\/uploads\/2022\/11\/Krajina_ticha_stvorec-scaled.jpg","type":"image\/jpeg"}],"author":"Pova\u017esk\u00e9 m\u00fazeum","twitter_card":"summary_large_image","twitter_misc":{"Autor":"Pova\u017esk\u00e9 m\u00fazeum","Predpokladan\u00fd \u010das \u010d\u00edtania":"2 min\u00faty"},"schema":{"@context":"https:\/\/schema.org","@graph":[{"@type":"Article","@id":"https:\/\/pmza.sk\/?p=53877#article","isPartOf":{"@id":"https:\/\/pmza.sk\/?p=53877"},"author":{"name":"Pova\u017esk\u00e9 m\u00fazeum","@id":"https:\/\/pmza.sk\/#\/schema\/person\/595e6a2ce731ea94dcd5d7f50a41ae33"},"headline":"Krajina pln\u00e1 ticha a pokoja","datePublished":"2022-11-11T13:39:48+00:00","dateModified":"2023-02-13T05:41:30+00:00","mainEntityOfPage":{"@id":"https:\/\/pmza.sk\/?p=53877"},"wordCount":483,"commentCount":0,"publisher":{"@id":"https:\/\/pmza.sk\/#organization"},"image":{"@id":"https:\/\/pmza.sk\/?p=53877#primaryimage"},"thumbnailUrl":"https:\/\/pmza.sk\/wp-content\/uploads\/2022\/11\/Krajina_ticha_stvorec-scaled.jpg","articleSection":["V\u00fdstavy"],"inLanguage":"sk-SK"},{"@type":"WebPage","@id":"https:\/\/pmza.sk\/?p=53877","url":"https:\/\/pmza.sk\/?p=53877","name":"Krajina pln\u00e1 ticha a pokoja - Pova\u017esk\u00e9 m\u00fazeum","isPartOf":{"@id":"https:\/\/pmza.sk\/#website"},"primaryImageOfPage":{"@id":"https:\/\/pmza.sk\/?p=53877#primaryimage"},"image":{"@id":"https:\/\/pmza.sk\/?p=53877#primaryimage"},"thumbnailUrl":"https:\/\/pmza.sk\/wp-content\/uploads\/2022\/11\/Krajina_ticha_stvorec-scaled.jpg","datePublished":"2022-11-11T13:39:48+00:00","dateModified":"2023-02-13T05:41:30+00:00","description":"V\u00a0Sob\u00e1\u0161nom pal\u00e1ci v\u00a0Byt\u010di bude 15. novembra spr\u00edstupnen\u00e1 nov\u00e1 v\u00fdstava obrazov, v\u010faka ktorej sa bud\u00fa n\u00e1v\u0161tevn\u00edci v\u00a0renesan\u010dnej s\u00e1le c\u00edti\u0165 ako v\u00a0krajine plnej ticha a\u00a0pokoja. Pr\u00e1ve tak\u00fd poetick\u00fd n\u00e1zov zvolili autori \u2013 v\u00fdtvarn\u00edci Petronela Vlhov\u00e1 a\u00a0Vladim\u00edr Mi\u010dienka. Z\u00e1ujemcovia m\u00f4\u017eu na v\u00fdstave obdivova\u0165 viacero v\u00fdnimo\u010dn\u00fdch v\u00fdtvarn\u00fdch diel, z\u00a0ktor\u00fdch sr\u0161\u00ed dobr\u00e1 energia a\u00a0harm\u00f3nia. V\u00a0Sob\u00e1\u0161nom pal\u00e1ci ich uvidia v\u00a0r\u00e1mci prehliadky expoz\u00edcie do 4. janu\u00e1ra bud\u00faceho roka.","breadcrumb":{"@id":"https:\/\/pmza.sk\/?p=53877#breadcrumb"},"inLanguage":"sk-SK","potentialAction":[{"@type":"ReadAction","target":["https:\/\/pmza.sk\/?p=53877"]}]},{"@type":"ImageObject","inLanguage":"sk-SK","@id":"https:\/\/pmza.sk\/?p=53877#primaryimage","url":"https:\/\/pmza.sk\/wp-content\/uploads\/2022\/11\/Krajina_ticha_stvorec-scaled.jpg","contentUrl":"https:\/\/pmza.sk\/wp-content\/uploads\/2022\/11\/Krajina_ticha_stvorec-scaled.jpg","width":2560,"height":2560},{"@type":"BreadcrumbList","@id":"https:\/\/pmza.sk\/?p=53877#breadcrumb","itemListElement":[{"@type":"ListItem","position":1,"name":"Domovsk\u00e1 str\u00e1nka","item":"https:\/\/pmza.sk\/"},{"@type":"ListItem","position":2,"name":"Krajina pln\u00e1 ticha a pokoja"}]},{"@type":"WebSite","@id":"https:\/\/pmza.sk\/#website","url":"https:\/\/pmza.sk\/","name":"Pova\u017esk\u00e9 m\u00fazeum","description":"Pova\u017esk\u00e9 m\u00fazeum v \u017diline je region\u00e1lne m\u00fazeum so s\u00eddlom v Budat\u00edne. Jeho expoz\u00edcie s\u00fa zameran\u00e9 na dejiny slovensk\u00e9ho umenia, kult\u00fary a dopravy.","publisher":{"@id":"https:\/\/pmza.sk\/#organization"},"potentialAction":[{"@type":"SearchAction","target":{"@type":"EntryPoint","urlTemplate":"https:\/\/pmza.sk\/?s={search_term_string}"},"query-input":{"@type":"PropertyValueSpecification","valueRequired":true,"valueName":"search_term_string"}}],"inLanguage":"sk-SK"},{"@type":"Organization","@id":"https:\/\/pmza.sk\/#organization","name":"Pova\u017esk\u00e9 m\u00fazeum","url":"https:\/\/pmza.sk\/","logo":{"@type":"ImageObject","inLanguage":"sk-SK","@id":"https:\/\/pmza.sk\/#\/schema\/logo\/image\/","url":"https:\/\/pmza.sk\/wp-content\/uploads\/2022\/01\/logo_PM_horizontal.jpg","contentUrl":"https:\/\/pmza.sk\/wp-content\/uploads\/2022\/01\/logo_PM_horizontal.jpg","width":231,"height":142,"caption":"Pova\u017esk\u00e9 m\u00fazeum"},"image":{"@id":"https:\/\/pmza.sk\/#\/schema\/logo\/image\/"},"sameAs":["https:\/\/www.facebook.com\/povazskemuzeum","https:\/\/www.instagram.com\/povazskemuzeum\/"]},{"@type":"Person","@id":"https:\/\/pmza.sk\/#\/schema\/person\/595e6a2ce731ea94dcd5d7f50a41ae33","name":"Pova\u017esk\u00e9 m\u00fazeum","image":{"@type":"ImageObject","inLanguage":"sk-SK","@id":"https:\/\/secure.gravatar.com\/avatar\/2bb7f1561282132fb5826dfeccc66c7996d11ee392ac6aaf7ced8a1c2027fbb2?s=96&d=mm&r=g","url":"https:\/\/secure.gravatar.com\/avatar\/2bb7f1561282132fb5826dfeccc66c7996d11ee392ac6aaf7ced8a1c2027fbb2?s=96&d=mm&r=g","contentUrl":"https:\/\/secure.gravatar.com\/avatar\/2bb7f1561282132fb5826dfeccc66c7996d11ee392ac6aaf7ced8a1c2027fbb2?s=96&d=mm&r=g","caption":"Pova\u017esk\u00e9 m\u00fazeum"}}]}},"_links":{"self":[{"href":"https:\/\/pmza.sk\/index.php?rest_route=\/wp\/v2\/posts\/53877","targetHints":{"allow":["GET"]}}],"collection":[{"href":"https:\/\/pmza.sk\/index.php?rest_route=\/wp\/v2\/posts"}],"about":[{"href":"https:\/\/pmza.sk\/index.php?rest_route=\/wp\/v2\/types\/post"}],"author":[{"embeddable":true,"href":"https:\/\/pmza.sk\/index.php?rest_route=\/wp\/v2\/users\/2"}],"replies":[{"embeddable":true,"href":"https:\/\/pmza.sk\/index.php?rest_route=%2Fwp%2Fv2%2Fcomments&post=53877"}],"version-history":[{"count":0,"href":"https:\/\/pmza.sk\/index.php?rest_route=\/wp\/v2\/posts\/53877\/revisions"}],"wp:featuredmedia":[{"embeddable":true,"href":"https:\/\/pmza.sk\/index.php?rest_route=\/wp\/v2\/media\/53880"}],"wp:attachment":[{"href":"https:\/\/pmza.sk\/index.php?rest_route=%2Fwp%2Fv2%2Fmedia&parent=53877"}],"wp:term":[{"taxonomy":"category","embeddable":true,"href":"https:\/\/pmza.sk\/index.php?rest_route=%2Fwp%2Fv2%2Fcategories&post=53877"},{"taxonomy":"post_tag","embeddable":true,"href":"https:\/\/pmza.sk\/index.php?rest_route=%2Fwp%2Fv2%2Ftags&post=53877"}],"curies":[{"name":"wp","href":"https:\/\/api.w.org\/{rel}","templated":true}]}}