{"id":53904,"date":"2022-11-16T08:29:30","date_gmt":"2022-11-16T07:29:30","guid":{"rendered":"https:\/\/pmza.sk\/?p=53904"},"modified":"2025-05-15T07:07:44","modified_gmt":"2025-05-15T05:07:44","slug":"zbierkovy-predmetom-novembra-je-subor-fotografii-zo-zeleznicnej-nehody","status":"publish","type":"post","link":"https:\/\/pmza.sk\/?p=53904","title":{"rendered":"Zbierkov\u00fdm predmetom novembra je s\u00fabor fotografi\u00ed zo \u017eelezni\u010dnej nehody"},"content":{"rendered":"<p>Zbierkov\u00fdm predmetom mesiaca november je s\u00fabor fotografi\u00ed zo \u017eelezni\u010dnej nehody, ktor\u00e1 sa stala v stanici Hri\u010dov 28. 9. 1941.<\/p>\n<p>Na nehodu, ktor\u00e1 sa uskuto\u010dnila v\u00a0\u010dase druhej svetovej vojny, si pam\u00e4tali viacer\u00ed star\u0161\u00ed \u013eudia z\u00a0okolia a\u00a0star\u0161\u00ed \u017eelezni\u010diari. V\u00a0stanici Hri\u010dov (dnes Doln\u00fd Hri\u010dov) do\u0161lo k\u00a0\u010delnej zr\u00e1\u017eke dvoch n\u00e1kladn\u00fdch vlakov.<\/p>\n<p>V\u00a0smere od Byt\u010de i\u0161iel vojensk\u00fd transport \u010d\u00edslo 92\u00a0260 prev\u00e1\u017eaj\u00faci cisternov\u00e9 vozne naplnen\u00e9 naftou. Na jeho \u010dele bol ru\u0161e\u0148 radu 375.0 prez\u00fdvan\u00fd \u201ehrb\u00e1\u0148\u201c. Prech\u00e1dzal po nespr\u00e1vnej ko\u013eaji (\u201ev protismere\u201c) a\u00a0na \u017eilinskom zhlav\u00ed mal prejs\u0165 na svoju (\u201espr\u00e1vnu\u201c) ko\u013eaj.<\/p>\n<p>V\u00a0smere od \u017diliny sa bl\u00ed\u017eil n\u00e1kladn\u00fd vlak \u010d. 2253 na \u010dele s\u00a0ru\u0161\u0148om radu 455.1, ktor\u00fd mal ma\u0165 pred Hri\u010dovom n\u00e1ves\u0165 \u201estoj\u201c, a\u00a0teda mal vy\u010dka\u0165, k\u00fdm stanicou prejde vojensk\u00fd transport, a\u00a0a\u017e n\u00e1sledne vojs\u0165 do stanice. Vlak v\u0161ak nezastavil a\u00a0v\u00a0priestore v\u00fdhybiek na \u017eilinskom zhlav\u00ed narazil do protiid\u00faceho vlaku.<\/p>\n<p>N\u00e1raz bol ve\u013emi prudk\u00fd, sp\u00f4sobil, \u017ee tendre sa nahrnuli na ru\u0161\u0148ov\u00e9 kab\u00edny, kde mal person\u00e1l sotva \u0161ancu na pre\u017eitie. Na mieste zomrelo p\u00e4\u0165 \u017eelezni\u010diarov z\u00a0oboch vlakov, \u010fal\u0161\u00ed traja mali \u0165a\u017ek\u00e9 zranenia. Vozne boli zdemolovan\u00e9. Vypukol po\u017eiar, ktor\u00fd sa neroz\u0161\u00edril len v\u010faka tomu, \u017ee duchapr\u00edtomn\u00ed \u017eelezni\u010diari odpojili vozne s\u00a0naftou a\u00a0posunuli ich \u010falej od miesta nehody.<\/p>\n<p>Ru\u0161\u0148ovodi\u010d vlaku \u010d. 2253 nehodu pre\u017eil, a\u00a0tak bolo mo\u017en\u00e9 vypo\u010du\u0165 si, pre\u010do nezastavil na vchodovom n\u00e1vestidle. Tvrdil, \u017ee n\u00e1ves\u0165 bola v\u00a0polohe \u201evo\u013eno\u201c, a\u00a0teda nemal d\u00f4vod zastavi\u0165.<\/p>\n<p><em>Mgr. Peter \u0160imko, PhD. &#8211; historik dopravy Pova\u017esk\u00e9ho m\u00fazea<\/em><\/p>\n<p>Vystaven\u00e9 fotografie m\u00fazeu darovali potomkovia J\u00e1na Hamzu, ktor\u00fd bol kuri\u010dom vlaku 92 260 a tragicky zahynul pri tejto nehode. Zbierkov\u00fd predmet je mo\u017en\u00e9 vidie\u0165 v infopulte Budat\u00ednskeho hradu v \u010dase otv\u00e1rac\u00edch hod\u00edn po\u010das cel\u00e9ho novembra.<\/p>\n","protected":false},"excerpt":{"rendered":"<p>Zbierkov\u00fdm predmetom mesiaca november je s\u00fabor fotografi\u00ed zo \u017eelezni\u010dnej nehody, ktor\u00e1 sa stala v stanici Hri\u010dov 28. 9. 1941. Na nehodu, ktor\u00e1 sa uskuto\u010dnila v\u00a0\u010dase druhej svetovej vojny, si pam\u00e4tali viacer\u00ed star\u0161\u00ed \u013eudia z\u00a0okolia a\u00a0star\u0161\u00ed \u017eelezni\u010diari. V\u00a0stanici Hri\u010dov (dnes Doln\u00fd Hri\u010dov) do\u0161lo k\u00a0\u010delnej zr\u00e1\u017eke dvoch n\u00e1kladn\u00fdch vlakov. V\u00a0smere od Byt\u010de i\u0161iel vojensk\u00fd transport \u010d\u00edslo 92\u00a0260 [&hellip;]<\/p>\n","protected":false},"author":2,"featured_media":53906,"comment_status":"closed","ping_status":"closed","sticky":false,"template":"","format":"standard","meta":{"site-sidebar-layout":"default","site-content-layout":"default","ast-site-content-layout":"default","site-content-style":"default","site-sidebar-style":"default","ast-global-header-display":"","ast-banner-title-visibility":"","ast-main-header-display":"","ast-hfb-above-header-display":"","ast-hfb-below-header-display":"","ast-hfb-mobile-header-display":"","site-post-title":"","ast-breadcrumbs-content":"","ast-featured-img":"","footer-sml-layout":"","theme-transparent-header-meta":"default","adv-header-id-meta":"","stick-header-meta":"default","header-above-stick-meta":"","header-main-stick-meta":"","header-below-stick-meta":"","astra-migrate-meta-layouts":"set","ast-page-background-enabled":"default","ast-page-background-meta":{"desktop":{"background-color":"var(--ast-global-color-4)","background-image":"","background-repeat":"repeat","background-position":"center center","background-size":"auto","background-attachment":"scroll","background-type":"","background-media":"","overlay-type":"","overlay-color":"","overlay-opacity":"","overlay-gradient":""},"tablet":{"background-color":"","background-image":"","background-repeat":"repeat","background-position":"center center","background-size":"auto","background-attachment":"scroll","background-type":"","background-media":"","overlay-type":"","overlay-color":"","overlay-opacity":"","overlay-gradient":""},"mobile":{"background-color":"","background-image":"","background-repeat":"repeat","background-position":"center center","background-size":"auto","background-attachment":"scroll","background-type":"","background-media":"","overlay-type":"","overlay-color":"","overlay-opacity":"","overlay-gradient":""}},"ast-content-background-meta":{"desktop":{"background-color":"var(--ast-global-color-5)","background-image":"","background-repeat":"repeat","background-position":"center center","background-size":"auto","background-attachment":"scroll","background-type":"","background-media":"","overlay-type":"","overlay-color":"","overlay-opacity":"","overlay-gradient":""},"tablet":{"background-color":"var(--ast-global-color-5)","background-image":"","background-repeat":"repeat","background-position":"center center","background-size":"auto","background-attachment":"scroll","background-type":"","background-media":"","overlay-type":"","overlay-color":"","overlay-opacity":"","overlay-gradient":""},"mobile":{"background-color":"var(--ast-global-color-5)","background-image":"","background-repeat":"repeat","background-position":"center center","background-size":"auto","background-attachment":"scroll","background-type":"","background-media":"","overlay-type":"","overlay-color":"","overlay-opacity":"","overlay-gradient":""}},"footnotes":""},"categories":[31],"tags":[],"class_list":["post-53904","post","type-post","status-publish","format-standard","has-post-thumbnail","hentry","category-aktuality"],"yoast_head":"<!-- This site is optimized with the Yoast SEO plugin v27.4 - https:\/\/yoast.com\/product\/yoast-seo-wordpress\/ -->\n<title>Zbierkov\u00fdm predmetom novembra je s\u00fabor fotografi\u00ed zo \u017eelezni\u010dnej nehody - Pova\u017esk\u00e9 m\u00fazeum<\/title>\n<meta name=\"description\" content=\"Zbierkov\u00fdm predmetom mesiaca november je s\u00fabor fotografi\u00ed zo \u017eelezni\u010dnej nehody, ktor\u00e1 sa stala v stanici Hri\u010dov 28. 9. 1941.\" \/>\n<meta name=\"robots\" content=\"index, follow, max-snippet:-1, max-image-preview:large, max-video-preview:-1\" \/>\n<link rel=\"canonical\" href=\"https:\/\/pmza.sk\/?p=53904\" \/>\n<meta property=\"og:locale\" content=\"sk_SK\" \/>\n<meta property=\"og:type\" content=\"article\" \/>\n<meta property=\"og:title\" content=\"Zbierkov\u00fdm predmetom novembra je s\u00fabor fotografi\u00ed zo \u017eelezni\u010dnej nehody - Pova\u017esk\u00e9 m\u00fazeum\" \/>\n<meta property=\"og:description\" content=\"Zbierkov\u00fdm predmetom mesiaca november je s\u00fabor fotografi\u00ed zo \u017eelezni\u010dnej nehody, ktor\u00e1 sa stala v stanici Hri\u010dov 28. 9. 1941.\" \/>\n<meta property=\"og:url\" content=\"https:\/\/pmza.sk\/?p=53904\" \/>\n<meta property=\"og:site_name\" content=\"Pova\u017esk\u00e9 m\u00fazeum\" \/>\n<meta property=\"article:publisher\" content=\"https:\/\/www.facebook.com\/povazskemuzeum\" \/>\n<meta property=\"article:published_time\" content=\"2022-11-16T07:29:30+00:00\" \/>\n<meta property=\"article:modified_time\" content=\"2025-05-15T05:07:44+00:00\" \/>\n<meta property=\"og:image\" content=\"https:\/\/pmza.sk\/wp-content\/uploads\/2022\/11\/02-DeNoiseAI-clear-scaled.jpg\" \/>\n\t<meta property=\"og:image:width\" content=\"2560\" \/>\n\t<meta property=\"og:image:height\" content=\"1662\" \/>\n\t<meta property=\"og:image:type\" content=\"image\/jpeg\" \/>\n<meta name=\"author\" content=\"Pova\u017esk\u00e9 m\u00fazeum\" \/>\n<meta name=\"twitter:card\" content=\"summary_large_image\" \/>\n<meta name=\"twitter:label1\" content=\"Autor\" \/>\n\t<meta name=\"twitter:data1\" content=\"Pova\u017esk\u00e9 m\u00fazeum\" \/>\n\t<meta name=\"twitter:label2\" content=\"Predpokladan\u00fd \u010das \u010d\u00edtania\" \/>\n\t<meta name=\"twitter:data2\" content=\"2 min\u00faty\" \/>\n<script type=\"application\/ld+json\" class=\"yoast-schema-graph\">{\"@context\":\"https:\\\/\\\/schema.org\",\"@graph\":[{\"@type\":\"Article\",\"@id\":\"https:\\\/\\\/pmza.sk\\\/?p=53904#article\",\"isPartOf\":{\"@id\":\"https:\\\/\\\/pmza.sk\\\/?p=53904\"},\"author\":{\"name\":\"Pova\u017esk\u00e9 m\u00fazeum\",\"@id\":\"https:\\\/\\\/pmza.sk\\\/#\\\/schema\\\/person\\\/595e6a2ce731ea94dcd5d7f50a41ae33\"},\"headline\":\"Zbierkov\u00fdm predmetom novembra je s\u00fabor fotografi\u00ed zo \u017eelezni\u010dnej nehody\",\"datePublished\":\"2022-11-16T07:29:30+00:00\",\"dateModified\":\"2025-05-15T05:07:44+00:00\",\"mainEntityOfPage\":{\"@id\":\"https:\\\/\\\/pmza.sk\\\/?p=53904\"},\"wordCount\":344,\"publisher\":{\"@id\":\"https:\\\/\\\/pmza.sk\\\/#organization\"},\"image\":{\"@id\":\"https:\\\/\\\/pmza.sk\\\/?p=53904#primaryimage\"},\"thumbnailUrl\":\"https:\\\/\\\/pmza.sk\\\/wp-content\\\/uploads\\\/2022\\\/11\\\/02-DeNoiseAI-clear-scaled.jpg\",\"articleSection\":[\"Aktuality\"],\"inLanguage\":\"sk-SK\"},{\"@type\":\"WebPage\",\"@id\":\"https:\\\/\\\/pmza.sk\\\/?p=53904\",\"url\":\"https:\\\/\\\/pmza.sk\\\/?p=53904\",\"name\":\"Zbierkov\u00fdm predmetom novembra je s\u00fabor fotografi\u00ed zo \u017eelezni\u010dnej nehody - Pova\u017esk\u00e9 m\u00fazeum\",\"isPartOf\":{\"@id\":\"https:\\\/\\\/pmza.sk\\\/#website\"},\"primaryImageOfPage\":{\"@id\":\"https:\\\/\\\/pmza.sk\\\/?p=53904#primaryimage\"},\"image\":{\"@id\":\"https:\\\/\\\/pmza.sk\\\/?p=53904#primaryimage\"},\"thumbnailUrl\":\"https:\\\/\\\/pmza.sk\\\/wp-content\\\/uploads\\\/2022\\\/11\\\/02-DeNoiseAI-clear-scaled.jpg\",\"datePublished\":\"2022-11-16T07:29:30+00:00\",\"dateModified\":\"2025-05-15T05:07:44+00:00\",\"description\":\"Zbierkov\u00fdm predmetom mesiaca november je s\u00fabor fotografi\u00ed zo \u017eelezni\u010dnej nehody, ktor\u00e1 sa stala v stanici Hri\u010dov 28. 9. 1941.\",\"breadcrumb\":{\"@id\":\"https:\\\/\\\/pmza.sk\\\/?p=53904#breadcrumb\"},\"inLanguage\":\"sk-SK\",\"potentialAction\":[{\"@type\":\"ReadAction\",\"target\":[\"https:\\\/\\\/pmza.sk\\\/?p=53904\"]}]},{\"@type\":\"ImageObject\",\"inLanguage\":\"sk-SK\",\"@id\":\"https:\\\/\\\/pmza.sk\\\/?p=53904#primaryimage\",\"url\":\"https:\\\/\\\/pmza.sk\\\/wp-content\\\/uploads\\\/2022\\\/11\\\/02-DeNoiseAI-clear-scaled.jpg\",\"contentUrl\":\"https:\\\/\\\/pmza.sk\\\/wp-content\\\/uploads\\\/2022\\\/11\\\/02-DeNoiseAI-clear-scaled.jpg\",\"width\":2560,\"height\":1662},{\"@type\":\"BreadcrumbList\",\"@id\":\"https:\\\/\\\/pmza.sk\\\/?p=53904#breadcrumb\",\"itemListElement\":[{\"@type\":\"ListItem\",\"position\":1,\"name\":\"Domovsk\u00e1 str\u00e1nka\",\"item\":\"https:\\\/\\\/pmza.sk\\\/\"},{\"@type\":\"ListItem\",\"position\":2,\"name\":\"Zbierkov\u00fdm predmetom novembra je s\u00fabor fotografi\u00ed zo \u017eelezni\u010dnej nehody\"}]},{\"@type\":\"WebSite\",\"@id\":\"https:\\\/\\\/pmza.sk\\\/#website\",\"url\":\"https:\\\/\\\/pmza.sk\\\/\",\"name\":\"Pova\u017esk\u00e9 m\u00fazeum\",\"description\":\"Pova\u017esk\u00e9 m\u00fazeum v \u017diline je region\u00e1lne m\u00fazeum so s\u00eddlom v Budat\u00edne. Jeho expoz\u00edcie s\u00fa zameran\u00e9 na dejiny slovensk\u00e9ho umenia, kult\u00fary a dopravy.\",\"publisher\":{\"@id\":\"https:\\\/\\\/pmza.sk\\\/#organization\"},\"potentialAction\":[{\"@type\":\"SearchAction\",\"target\":{\"@type\":\"EntryPoint\",\"urlTemplate\":\"https:\\\/\\\/pmza.sk\\\/?s={search_term_string}\"},\"query-input\":{\"@type\":\"PropertyValueSpecification\",\"valueRequired\":true,\"valueName\":\"search_term_string\"}}],\"inLanguage\":\"sk-SK\"},{\"@type\":\"Organization\",\"@id\":\"https:\\\/\\\/pmza.sk\\\/#organization\",\"name\":\"Pova\u017esk\u00e9 m\u00fazeum\",\"url\":\"https:\\\/\\\/pmza.sk\\\/\",\"logo\":{\"@type\":\"ImageObject\",\"inLanguage\":\"sk-SK\",\"@id\":\"https:\\\/\\\/pmza.sk\\\/#\\\/schema\\\/logo\\\/image\\\/\",\"url\":\"https:\\\/\\\/pmza.sk\\\/wp-content\\\/uploads\\\/2022\\\/01\\\/logo_PM_horizontal.jpg\",\"contentUrl\":\"https:\\\/\\\/pmza.sk\\\/wp-content\\\/uploads\\\/2022\\\/01\\\/logo_PM_horizontal.jpg\",\"width\":231,\"height\":142,\"caption\":\"Pova\u017esk\u00e9 m\u00fazeum\"},\"image\":{\"@id\":\"https:\\\/\\\/pmza.sk\\\/#\\\/schema\\\/logo\\\/image\\\/\"},\"sameAs\":[\"https:\\\/\\\/www.facebook.com\\\/povazskemuzeum\",\"https:\\\/\\\/www.instagram.com\\\/povazskemuzeum\\\/\"]},{\"@type\":\"Person\",\"@id\":\"https:\\\/\\\/pmza.sk\\\/#\\\/schema\\\/person\\\/595e6a2ce731ea94dcd5d7f50a41ae33\",\"name\":\"Pova\u017esk\u00e9 m\u00fazeum\",\"image\":{\"@type\":\"ImageObject\",\"inLanguage\":\"sk-SK\",\"@id\":\"https:\\\/\\\/secure.gravatar.com\\\/avatar\\\/2bb7f1561282132fb5826dfeccc66c7996d11ee392ac6aaf7ced8a1c2027fbb2?s=96&d=mm&r=g\",\"url\":\"https:\\\/\\\/secure.gravatar.com\\\/avatar\\\/2bb7f1561282132fb5826dfeccc66c7996d11ee392ac6aaf7ced8a1c2027fbb2?s=96&d=mm&r=g\",\"contentUrl\":\"https:\\\/\\\/secure.gravatar.com\\\/avatar\\\/2bb7f1561282132fb5826dfeccc66c7996d11ee392ac6aaf7ced8a1c2027fbb2?s=96&d=mm&r=g\",\"caption\":\"Pova\u017esk\u00e9 m\u00fazeum\"}}]}<\/script>\n<!-- \/ Yoast SEO plugin. -->","yoast_head_json":{"title":"Zbierkov\u00fdm predmetom novembra je s\u00fabor fotografi\u00ed zo \u017eelezni\u010dnej nehody - Pova\u017esk\u00e9 m\u00fazeum","description":"Zbierkov\u00fdm predmetom mesiaca november je s\u00fabor fotografi\u00ed zo \u017eelezni\u010dnej nehody, ktor\u00e1 sa stala v stanici Hri\u010dov 28. 9. 1941.","robots":{"index":"index","follow":"follow","max-snippet":"max-snippet:-1","max-image-preview":"max-image-preview:large","max-video-preview":"max-video-preview:-1"},"canonical":"https:\/\/pmza.sk\/?p=53904","og_locale":"sk_SK","og_type":"article","og_title":"Zbierkov\u00fdm predmetom novembra je s\u00fabor fotografi\u00ed zo \u017eelezni\u010dnej nehody - Pova\u017esk\u00e9 m\u00fazeum","og_description":"Zbierkov\u00fdm predmetom mesiaca november je s\u00fabor fotografi\u00ed zo \u017eelezni\u010dnej nehody, ktor\u00e1 sa stala v stanici Hri\u010dov 28. 9. 1941.","og_url":"https:\/\/pmza.sk\/?p=53904","og_site_name":"Pova\u017esk\u00e9 m\u00fazeum","article_publisher":"https:\/\/www.facebook.com\/povazskemuzeum","article_published_time":"2022-11-16T07:29:30+00:00","article_modified_time":"2025-05-15T05:07:44+00:00","og_image":[{"width":2560,"height":1662,"url":"https:\/\/pmza.sk\/wp-content\/uploads\/2022\/11\/02-DeNoiseAI-clear-scaled.jpg","type":"image\/jpeg"}],"author":"Pova\u017esk\u00e9 m\u00fazeum","twitter_card":"summary_large_image","twitter_misc":{"Autor":"Pova\u017esk\u00e9 m\u00fazeum","Predpokladan\u00fd \u010das \u010d\u00edtania":"2 min\u00faty"},"schema":{"@context":"https:\/\/schema.org","@graph":[{"@type":"Article","@id":"https:\/\/pmza.sk\/?p=53904#article","isPartOf":{"@id":"https:\/\/pmza.sk\/?p=53904"},"author":{"name":"Pova\u017esk\u00e9 m\u00fazeum","@id":"https:\/\/pmza.sk\/#\/schema\/person\/595e6a2ce731ea94dcd5d7f50a41ae33"},"headline":"Zbierkov\u00fdm predmetom novembra je s\u00fabor fotografi\u00ed zo \u017eelezni\u010dnej nehody","datePublished":"2022-11-16T07:29:30+00:00","dateModified":"2025-05-15T05:07:44+00:00","mainEntityOfPage":{"@id":"https:\/\/pmza.sk\/?p=53904"},"wordCount":344,"publisher":{"@id":"https:\/\/pmza.sk\/#organization"},"image":{"@id":"https:\/\/pmza.sk\/?p=53904#primaryimage"},"thumbnailUrl":"https:\/\/pmza.sk\/wp-content\/uploads\/2022\/11\/02-DeNoiseAI-clear-scaled.jpg","articleSection":["Aktuality"],"inLanguage":"sk-SK"},{"@type":"WebPage","@id":"https:\/\/pmza.sk\/?p=53904","url":"https:\/\/pmza.sk\/?p=53904","name":"Zbierkov\u00fdm predmetom novembra je s\u00fabor fotografi\u00ed zo \u017eelezni\u010dnej nehody - Pova\u017esk\u00e9 m\u00fazeum","isPartOf":{"@id":"https:\/\/pmza.sk\/#website"},"primaryImageOfPage":{"@id":"https:\/\/pmza.sk\/?p=53904#primaryimage"},"image":{"@id":"https:\/\/pmza.sk\/?p=53904#primaryimage"},"thumbnailUrl":"https:\/\/pmza.sk\/wp-content\/uploads\/2022\/11\/02-DeNoiseAI-clear-scaled.jpg","datePublished":"2022-11-16T07:29:30+00:00","dateModified":"2025-05-15T05:07:44+00:00","description":"Zbierkov\u00fdm predmetom mesiaca november je s\u00fabor fotografi\u00ed zo \u017eelezni\u010dnej nehody, ktor\u00e1 sa stala v stanici Hri\u010dov 28. 9. 1941.","breadcrumb":{"@id":"https:\/\/pmza.sk\/?p=53904#breadcrumb"},"inLanguage":"sk-SK","potentialAction":[{"@type":"ReadAction","target":["https:\/\/pmza.sk\/?p=53904"]}]},{"@type":"ImageObject","inLanguage":"sk-SK","@id":"https:\/\/pmza.sk\/?p=53904#primaryimage","url":"https:\/\/pmza.sk\/wp-content\/uploads\/2022\/11\/02-DeNoiseAI-clear-scaled.jpg","contentUrl":"https:\/\/pmza.sk\/wp-content\/uploads\/2022\/11\/02-DeNoiseAI-clear-scaled.jpg","width":2560,"height":1662},{"@type":"BreadcrumbList","@id":"https:\/\/pmza.sk\/?p=53904#breadcrumb","itemListElement":[{"@type":"ListItem","position":1,"name":"Domovsk\u00e1 str\u00e1nka","item":"https:\/\/pmza.sk\/"},{"@type":"ListItem","position":2,"name":"Zbierkov\u00fdm predmetom novembra je s\u00fabor fotografi\u00ed zo \u017eelezni\u010dnej nehody"}]},{"@type":"WebSite","@id":"https:\/\/pmza.sk\/#website","url":"https:\/\/pmza.sk\/","name":"Pova\u017esk\u00e9 m\u00fazeum","description":"Pova\u017esk\u00e9 m\u00fazeum v \u017diline je region\u00e1lne m\u00fazeum so s\u00eddlom v Budat\u00edne. Jeho expoz\u00edcie s\u00fa zameran\u00e9 na dejiny slovensk\u00e9ho umenia, kult\u00fary a dopravy.","publisher":{"@id":"https:\/\/pmza.sk\/#organization"},"potentialAction":[{"@type":"SearchAction","target":{"@type":"EntryPoint","urlTemplate":"https:\/\/pmza.sk\/?s={search_term_string}"},"query-input":{"@type":"PropertyValueSpecification","valueRequired":true,"valueName":"search_term_string"}}],"inLanguage":"sk-SK"},{"@type":"Organization","@id":"https:\/\/pmza.sk\/#organization","name":"Pova\u017esk\u00e9 m\u00fazeum","url":"https:\/\/pmza.sk\/","logo":{"@type":"ImageObject","inLanguage":"sk-SK","@id":"https:\/\/pmza.sk\/#\/schema\/logo\/image\/","url":"https:\/\/pmza.sk\/wp-content\/uploads\/2022\/01\/logo_PM_horizontal.jpg","contentUrl":"https:\/\/pmza.sk\/wp-content\/uploads\/2022\/01\/logo_PM_horizontal.jpg","width":231,"height":142,"caption":"Pova\u017esk\u00e9 m\u00fazeum"},"image":{"@id":"https:\/\/pmza.sk\/#\/schema\/logo\/image\/"},"sameAs":["https:\/\/www.facebook.com\/povazskemuzeum","https:\/\/www.instagram.com\/povazskemuzeum\/"]},{"@type":"Person","@id":"https:\/\/pmza.sk\/#\/schema\/person\/595e6a2ce731ea94dcd5d7f50a41ae33","name":"Pova\u017esk\u00e9 m\u00fazeum","image":{"@type":"ImageObject","inLanguage":"sk-SK","@id":"https:\/\/secure.gravatar.com\/avatar\/2bb7f1561282132fb5826dfeccc66c7996d11ee392ac6aaf7ced8a1c2027fbb2?s=96&d=mm&r=g","url":"https:\/\/secure.gravatar.com\/avatar\/2bb7f1561282132fb5826dfeccc66c7996d11ee392ac6aaf7ced8a1c2027fbb2?s=96&d=mm&r=g","contentUrl":"https:\/\/secure.gravatar.com\/avatar\/2bb7f1561282132fb5826dfeccc66c7996d11ee392ac6aaf7ced8a1c2027fbb2?s=96&d=mm&r=g","caption":"Pova\u017esk\u00e9 m\u00fazeum"}}]}},"_links":{"self":[{"href":"https:\/\/pmza.sk\/index.php?rest_route=\/wp\/v2\/posts\/53904","targetHints":{"allow":["GET"]}}],"collection":[{"href":"https:\/\/pmza.sk\/index.php?rest_route=\/wp\/v2\/posts"}],"about":[{"href":"https:\/\/pmza.sk\/index.php?rest_route=\/wp\/v2\/types\/post"}],"author":[{"embeddable":true,"href":"https:\/\/pmza.sk\/index.php?rest_route=\/wp\/v2\/users\/2"}],"replies":[{"embeddable":true,"href":"https:\/\/pmza.sk\/index.php?rest_route=%2Fwp%2Fv2%2Fcomments&post=53904"}],"version-history":[{"count":0,"href":"https:\/\/pmza.sk\/index.php?rest_route=\/wp\/v2\/posts\/53904\/revisions"}],"wp:featuredmedia":[{"embeddable":true,"href":"https:\/\/pmza.sk\/index.php?rest_route=\/wp\/v2\/media\/53906"}],"wp:attachment":[{"href":"https:\/\/pmza.sk\/index.php?rest_route=%2Fwp%2Fv2%2Fmedia&parent=53904"}],"wp:term":[{"taxonomy":"category","embeddable":true,"href":"https:\/\/pmza.sk\/index.php?rest_route=%2Fwp%2Fv2%2Fcategories&post=53904"},{"taxonomy":"post_tag","embeddable":true,"href":"https:\/\/pmza.sk\/index.php?rest_route=%2Fwp%2Fv2%2Ftags&post=53904"}],"curies":[{"name":"wp","href":"https:\/\/api.w.org\/{rel}","templated":true}]}}