{"id":53912,"date":"2022-11-16T15:06:03","date_gmt":"2022-11-16T14:06:03","guid":{"rendered":"https:\/\/pmza.sk\/?p=53912"},"modified":"2022-12-06T12:25:41","modified_gmt":"2022-12-06T11:25:41","slug":"mikulas-v-muzeu-dopravy-3","status":"publish","type":"post","link":"https:\/\/pmza.sk\/?p=53912","title":{"rendered":"Mikul\u00e1\u0161 v M\u00fazeu dopravy"},"content":{"rendered":"<p><span style=\"color: #ff0000;\"><strong style=\"color: #ff0000;\">VYPREDAN\u00c9!!! L\u00edstky sa u\u017e nedaj\u00fa k\u00fapi\u0165, v\u0161etky miesta s\u00fa obsaden\u00e9. \u010eakujeme za V\u00e1\u0161 z\u00e1ujem a te\u0161\u00edme sa na V\u00e1s.\u00a0<\/strong><\/span><\/p>\n<p>Pova\u017esk\u00e9 m\u00fazeum v\u00a0spolupr\u00e1ci so Spolo\u010dnos\u0165ou Pova\u017eskej dr\u00e1hy \u017dilina poz\u00fdvaj\u00fa mal\u00fdch aj ve\u013ek\u00fdch na ob\u013e\u00faben\u00e9 podujatie Mikul\u00e1\u0161 v\u00a0M\u00fazeu dopravy. Z\u00e1ujemcovia sa po dvoch rokoch m\u00f4\u017eu op\u00e4\u0165 te\u0161i\u0165 na jazdu historick\u00fdm vlakom a\u00a0prehliadku M\u00fazea dopravy v\u00a0Rajeck\u00fdch Tepliciach, kam sa v\u00a0sobotu 3. 12. chyst\u00e1 Mikul\u00e1\u0161 so svojimi pomocn\u00edkmi.<\/p>\n<p>Historick\u00fd voze\u0148 M131.1443 zvan\u00fd Hurv\u00ednek a\u00a0voze\u0148 M 152.0160 vyrazia zo \u017eelezni\u010dnej stanice v\u00a0\u017diline o\u00a015.20. V\u00a0cene spiato\u010dn\u00e9ho l\u00edstka v\u00a0sume 5 eur je aj prehliadka M\u00fazea dopravy a\u00a0stretnutie s\u00a0Mikul\u00e1\u0161om, anjelom a\u00a0\u010dertom. T\u00ed bud\u00fa na n\u00e1v\u0161tevn\u00edkov \u010daka\u0165 u\u017e od 15.30. Stretn\u00fa\u0165 s\u00a0nimi sa tak m\u00f4\u017eu aj deti, ktor\u00e9 nebud\u00fa cestova\u0165 vlakom. Mimoriadny historick\u00fd vlak pr\u00edde do Rajeck\u00fdch Tepl\u00edc o\u00a016.00 a\u00a0sp\u00e4\u0165 do \u017diliny p\u00f4jde o\u00a017.40. Cestuj\u00faci tak bud\u00fa ma\u0165 dostatok \u010dasu na prehliadku expoz\u00edcie a\u00a0mikul\u00e1\u0161sky program. Rodi\u010dia m\u00f4\u017eu svojim ratolestiam vopred objedna\u0165 bal\u00ed\u010dek v\u00a0sume 5 alebo 10 eur, ktor\u00fd im Mikul\u00e1\u0161 odovzd\u00e1 priamo v\u00a0m\u00fazeu.<\/p>\n<p><em>\u201eTe\u0161\u00edme sa, \u017ee v\u00a0na\u0161om m\u00fazeu zase priv\u00edtame Mikul\u00e1\u0161a a\u00a0najm\u00e4 v\u0161etky nedo\u010dkav\u00e9 deti. Rados\u0165 v\u00a0ich o\u010diach je pre n\u00e1s t\u00fdm najkraj\u0161\u00edm z\u00e1\u017eitkom z\u00a0cel\u00e9ho podujatia. Preto ver\u00edme, \u017ee ich pr\u00edde \u010do najviac a\u00a0Mikul\u00e1\u0161 sa pote\u0161\u00ed ich b\u00e1sni\u010dk\u00e1m \u010di pesni\u010dk\u00e1m,\u201c<\/em> dod\u00e1va spr\u00e1vca M\u00fazea dopravy v\u00a0Rajeck\u00fdch Tepliciach Peter \u0160imko.<\/p>\n<p>Po\u010det l\u00edstkov aj bal\u00ed\u010dkov je obmedzen\u00fd, preto je nutn\u00e9 zaobstara\u0165 si ich vopred do 30. 11. 2022 a nebude mo\u017en\u00e9 k\u00fapi\u0165 ich vo vlaku \u010di v m\u00fazeu.<\/p>\n<p>L\u00edstky v predpredaji (deti do 3 rokov zadarmo) na: <a href=\"https:\/\/pmza.sk\/kategoria-produktu\/vstupenky-na-podujatie-mikulas-v-muzeu-dopravy\/\">https:\/\/pmza.sk\/kategoria-produktu\/vstupenky-na-podujatie-mikulas-v-muzeu-dopravy\/ \u00a0<\/a><\/p>\n<p>Z\u00e1ujemcovia si m\u00f4\u017eu pre svoje deti objedna\u0165 bal\u00ed\u010dek v hodnote 5 alebo 10 eur, ktor\u00fd je nutn\u00e9 objedna\u0165 vopred na linku: <a href=\"https:\/\/pmza.sk\/kategoria-produktu\/vstupenky-na-podujatie-mikulas-v-muzeu-dopravy\/\">https:\/\/pmza.sk\/kategoria-produktu\/vstupenky-na-podujatie-mikulas-v-muzeu-dopravy\/<\/a><\/p>\n<p><strong>Cestovn\u00fd poriadok<br \/>\n<\/strong><\/p>\n<p>\u017dilina \u00a0\u00a0\u00a0\u00a0\u00a0\u00a0\u00a0\u00a0\u00a0\u00a0\u00a0\u00a0\u00a0\u00a0\u00a0\u00a0\u00a0\u00a0\u00a0\u00a0\u00a0\u00a0\u00a0\u00a0\u00a0\u00a0\u00a0\u00a0\u00a0\u00a0\u00a0\u00a0\u00a0 odchod 15.20<\/p>\n<p>\u017dilina -Z\u00e1rie\u010die \u00a0 \u00a0\u00a0\u00a0\u00a0\u00a0\u00a0\u00a0\u00a0\u00a0\u00a0\u00a0\u00a0\u00a0\u00a0 odchod 15.25<\/p>\n<p>\u017dilina- Solinky\u00a0 \u00a0 \u00a0\u00a0\u00a0\u00a0\u00a0\u00a0\u00a0\u00a0\u00a0\u00a0\u00a0\u00a0\u00a0\u00a0 odchod 15.29<\/p>\n<p>Byt\u010dica\u00a0\u00a0\u00a0\u00a0\u00a0\u00a0\u00a0\u00a0\u00a0\u00a0\u00a0\u00a0\u00a0\u00a0\u00a0\u00a0\u00a0\u00a0\u00a0\u00a0\u00a0\u00a0\u00a0\u00a0\u00a0\u00a0\u00a0\u00a0\u00a0\u00a0\u00a0 odchod 15.32<\/p>\n<p>Lietavsk\u00e1 L\u00fa\u010dka \u00a0\u00a0\u00a0\u00a0\u00a0\u00a0\u00a0\u00a0\u00a0\u00a0\u00a0\u00a0\u00a0\u00a0 odchod 15.35<\/p>\n<p>Rajeck\u00e9 Teplice \u00a0\u00a0\u00a0\u00a0\u00a0\u00a0\u00a0\u00a0\u00a0\u00a0\u00a0\u00a0\u00a0\u00a0\u00a0 pr\u00edchod 16.00<\/p>\n<p>&nbsp;<\/p>\n<p>Rajeck\u00e9 Teplice\u00a0\u00a0\u00a0\u00a0\u00a0\u00a0\u00a0\u00a0\u00a0\u00a0\u00a0\u00a0\u00a0\u00a0\u00a0\u00a0 odchod 17.40<\/p>\n<p>Lietavsk\u00e1 L\u00fa\u010dka \u00a0\u00a0\u00a0\u00a0\u00a0\u00a0\u00a0\u00a0\u00a0\u00a0\u00a0\u00a0\u00a0\u00a0 odchod 17.58<\/p>\n<p>Byt\u010dica\u00a0\u00a0\u00a0\u00a0\u00a0\u00a0\u00a0\u00a0\u00a0\u00a0\u00a0\u00a0\u00a0\u00a0\u00a0\u00a0\u00a0\u00a0\u00a0\u00a0\u00a0\u00a0\u00a0\u00a0\u00a0\u00a0\u00a0\u00a0\u00a0\u00a0\u00a0 odchod 18.02<\/p>\n<p>\u017dilina-Solinky \u00a0\u00a0\u00a0\u00a0\u00a0\u00a0\u00a0\u00a0\u00a0\u00a0\u00a0\u00a0\u00a0\u00a0\u00a0\u00a0\u00a0\u00a0 odchod 18.06<\/p>\n<p>\u017dilina-Z\u00e1rie\u010die \u00a0\u00a0\u00a0\u00a0\u00a0\u00a0\u00a0\u00a0\u00a0\u00a0\u00a0\u00a0\u00a0\u00a0\u00a0\u00a0\u00a0 odchod 18.11<\/p>\n<p>\u017dilina\u00a0\u00a0\u00a0\u00a0\u00a0\u00a0\u00a0\u00a0\u00a0\u00a0\u00a0\u00a0\u00a0\u00a0\u00a0\u00a0\u00a0\u00a0\u00a0\u00a0\u00a0\u00a0\u00a0\u00a0\u00a0\u00a0\u00a0\u00a0\u00a0\u00a0\u00a0\u00a0\u00a0\u00a0 pr\u00edchod 18.15<\/p>\n<p><img fetchpriority=\"high\" decoding=\"async\" class=\"alignnone size-medium wp-image-53914\" src=\"https:\/\/pmza.sk\/wp-content\/uploads\/2022\/11\/Mikulas_v_muzeu_K3-255x360.jpg\" alt=\"\" width=\"255\" height=\"360\" srcset=\"https:\/\/pmza.sk\/wp-content\/uploads\/2022\/11\/Mikulas_v_muzeu_K3-255x360.jpg 255w, https:\/\/pmza.sk\/wp-content\/uploads\/2022\/11\/Mikulas_v_muzeu_K3-520x736.jpg 520w, https:\/\/pmza.sk\/wp-content\/uploads\/2022\/11\/Mikulas_v_muzeu_K3-768x1086.jpg 768w, https:\/\/pmza.sk\/wp-content\/uploads\/2022\/11\/Mikulas_v_muzeu_K3-1086x1536.jpg 1086w, https:\/\/pmza.sk\/wp-content\/uploads\/2022\/11\/Mikulas_v_muzeu_K3-1448x2048.jpg 1448w, https:\/\/pmza.sk\/wp-content\/uploads\/2022\/11\/Mikulas_v_muzeu_K3-600x849.jpg 600w, https:\/\/pmza.sk\/wp-content\/uploads\/2022\/11\/Mikulas_v_muzeu_K3-scaled.jpg 1810w\" sizes=\"(max-width: 255px) 100vw, 255px\" \/><\/p>\n<p>Plag\u00e1t v plnej ve\u013ekosti <a href=\"https:\/\/pmza.sk\/wp-content\/uploads\/2022\/11\/Mikulas_v_muzeu_K3.pdf\">TU<\/a><\/p>\n","protected":false},"excerpt":{"rendered":"<p>VYPREDAN\u00c9!!! L\u00edstky sa u\u017e nedaj\u00fa k\u00fapi\u0165, v\u0161etky miesta s\u00fa obsaden\u00e9. \u010eakujeme za V\u00e1\u0161 z\u00e1ujem a te\u0161\u00edme sa na V\u00e1s.\u00a0 Pova\u017esk\u00e9 m\u00fazeum v\u00a0spolupr\u00e1ci so Spolo\u010dnos\u0165ou Pova\u017eskej dr\u00e1hy \u017dilina poz\u00fdvaj\u00fa mal\u00fdch aj ve\u013ek\u00fdch na ob\u013e\u00faben\u00e9 podujatie Mikul\u00e1\u0161 v\u00a0M\u00fazeu dopravy. Z\u00e1ujemcovia sa po dvoch rokoch m\u00f4\u017eu op\u00e4\u0165 te\u0161i\u0165 na jazdu historick\u00fdm vlakom a\u00a0prehliadku M\u00fazea dopravy v\u00a0Rajeck\u00fdch Tepliciach, kam [&hellip;]<\/p>\n","protected":false},"author":2,"featured_media":53916,"comment_status":"open","ping_status":"open","sticky":false,"template":"","format":"standard","meta":{"site-sidebar-layout":"default","site-content-layout":"default","ast-site-content-layout":"","site-content-style":"default","site-sidebar-style":"default","ast-global-header-display":"","ast-banner-title-visibility":"","ast-main-header-display":"","ast-hfb-above-header-display":"","ast-hfb-below-header-display":"","ast-hfb-mobile-header-display":"","site-post-title":"","ast-breadcrumbs-content":"","ast-featured-img":"","footer-sml-layout":"","theme-transparent-header-meta":"default","adv-header-id-meta":"","stick-header-meta":"default","header-above-stick-meta":"","header-main-stick-meta":"","header-below-stick-meta":"","astra-migrate-meta-layouts":"default","ast-page-background-enabled":"default","ast-page-background-meta":{"desktop":{"background-color":"var(--ast-global-color-4)","background-image":"","background-repeat":"repeat","background-position":"center center","background-size":"auto","background-attachment":"scroll","background-type":"","background-media":"","overlay-type":"","overlay-color":"","overlay-opacity":"","overlay-gradient":""},"tablet":{"background-color":"","background-image":"","background-repeat":"repeat","background-position":"center center","background-size":"auto","background-attachment":"scroll","background-type":"","background-media":"","overlay-type":"","overlay-color":"","overlay-opacity":"","overlay-gradient":""},"mobile":{"background-color":"","background-image":"","background-repeat":"repeat","background-position":"center center","background-size":"auto","background-attachment":"scroll","background-type":"","background-media":"","overlay-type":"","overlay-color":"","overlay-opacity":"","overlay-gradient":""}},"ast-content-background-meta":{"desktop":{"background-color":"var(--ast-global-color-5)","background-image":"","background-repeat":"repeat","background-position":"center center","background-size":"auto","background-attachment":"scroll","background-type":"","background-media":"","overlay-type":"","overlay-color":"","overlay-opacity":"","overlay-gradient":""},"tablet":{"background-color":"var(--ast-global-color-5)","background-image":"","background-repeat":"repeat","background-position":"center center","background-size":"auto","background-attachment":"scroll","background-type":"","background-media":"","overlay-type":"","overlay-color":"","overlay-opacity":"","overlay-gradient":""},"mobile":{"background-color":"var(--ast-global-color-5)","background-image":"","background-repeat":"repeat","background-position":"center center","background-size":"auto","background-attachment":"scroll","background-type":"","background-media":"","overlay-type":"","overlay-color":"","overlay-opacity":"","overlay-gradient":""}},"footnotes":""},"categories":[71],"tags":[],"class_list":["post-53912","post","type-post","status-publish","format-standard","has-post-thumbnail","hentry","category-podujatia"],"yoast_head":"<!-- This site is optimized with the Yoast SEO plugin v27.4 - https:\/\/yoast.com\/product\/yoast-seo-wordpress\/ -->\n<title>Mikul\u00e1\u0161 v M\u00fazeu dopravy - Pova\u017esk\u00e9 m\u00fazeum<\/title>\n<meta name=\"robots\" content=\"index, follow, max-snippet:-1, max-image-preview:large, max-video-preview:-1\" \/>\n<link rel=\"canonical\" href=\"https:\/\/pmza.sk\/?p=53912\" \/>\n<meta property=\"og:locale\" content=\"sk_SK\" \/>\n<meta property=\"og:type\" content=\"article\" \/>\n<meta property=\"og:title\" content=\"Mikul\u00e1\u0161 v M\u00fazeu dopravy - Pova\u017esk\u00e9 m\u00fazeum\" \/>\n<meta property=\"og:description\" content=\"VYPREDAN\u00c9!!! L\u00edstky sa u\u017e nedaj\u00fa k\u00fapi\u0165, v\u0161etky miesta s\u00fa obsaden\u00e9. \u010eakujeme za V\u00e1\u0161 z\u00e1ujem a te\u0161\u00edme sa na V\u00e1s.\u00a0 Pova\u017esk\u00e9 m\u00fazeum v\u00a0spolupr\u00e1ci so Spolo\u010dnos\u0165ou Pova\u017eskej dr\u00e1hy \u017dilina poz\u00fdvaj\u00fa mal\u00fdch aj ve\u013ek\u00fdch na ob\u013e\u00faben\u00e9 podujatie Mikul\u00e1\u0161 v\u00a0M\u00fazeu dopravy. Z\u00e1ujemcovia sa po dvoch rokoch m\u00f4\u017eu op\u00e4\u0165 te\u0161i\u0165 na jazdu historick\u00fdm vlakom a\u00a0prehliadku M\u00fazea dopravy v\u00a0Rajeck\u00fdch Tepliciach, kam [&hellip;]\" \/>\n<meta property=\"og:url\" content=\"https:\/\/pmza.sk\/?p=53912\" \/>\n<meta property=\"og:site_name\" content=\"Pova\u017esk\u00e9 m\u00fazeum\" \/>\n<meta property=\"article:publisher\" content=\"https:\/\/www.facebook.com\/povazskemuzeum\" \/>\n<meta property=\"article:published_time\" content=\"2022-11-16T14:06:03+00:00\" \/>\n<meta property=\"article:modified_time\" content=\"2022-12-06T11:25:41+00:00\" \/>\n<meta property=\"og:image\" content=\"https:\/\/pmza.sk\/wp-content\/uploads\/2022\/11\/Mikulas_web-scaled.jpg\" \/>\n\t<meta property=\"og:image:width\" content=\"2560\" \/>\n\t<meta property=\"og:image:height\" content=\"2560\" \/>\n\t<meta property=\"og:image:type\" content=\"image\/jpeg\" \/>\n<meta name=\"author\" content=\"Pova\u017esk\u00e9 m\u00fazeum\" \/>\n<meta name=\"twitter:card\" content=\"summary_large_image\" \/>\n<meta name=\"twitter:label1\" content=\"Autor\" \/>\n\t<meta name=\"twitter:data1\" content=\"Pova\u017esk\u00e9 m\u00fazeum\" \/>\n\t<meta name=\"twitter:label2\" content=\"Predpokladan\u00fd \u010das \u010d\u00edtania\" \/>\n\t<meta name=\"twitter:data2\" content=\"2 min\u00faty\" \/>\n<script type=\"application\/ld+json\" class=\"yoast-schema-graph\">{\"@context\":\"https:\\\/\\\/schema.org\",\"@graph\":[{\"@type\":\"Article\",\"@id\":\"https:\\\/\\\/pmza.sk\\\/?p=53912#article\",\"isPartOf\":{\"@id\":\"https:\\\/\\\/pmza.sk\\\/?p=53912\"},\"author\":{\"name\":\"Pova\u017esk\u00e9 m\u00fazeum\",\"@id\":\"https:\\\/\\\/pmza.sk\\\/#\\\/schema\\\/person\\\/595e6a2ce731ea94dcd5d7f50a41ae33\"},\"headline\":\"Mikul\u00e1\u0161 v M\u00fazeu dopravy\",\"datePublished\":\"2022-11-16T14:06:03+00:00\",\"dateModified\":\"2022-12-06T11:25:41+00:00\",\"mainEntityOfPage\":{\"@id\":\"https:\\\/\\\/pmza.sk\\\/?p=53912\"},\"wordCount\":413,\"commentCount\":0,\"publisher\":{\"@id\":\"https:\\\/\\\/pmza.sk\\\/#organization\"},\"image\":{\"@id\":\"https:\\\/\\\/pmza.sk\\\/?p=53912#primaryimage\"},\"thumbnailUrl\":\"https:\\\/\\\/pmza.sk\\\/wp-content\\\/uploads\\\/2022\\\/11\\\/Mikulas_web-scaled.jpg\",\"articleSection\":[\"Podujatia\"],\"inLanguage\":\"sk-SK\"},{\"@type\":\"WebPage\",\"@id\":\"https:\\\/\\\/pmza.sk\\\/?p=53912\",\"url\":\"https:\\\/\\\/pmza.sk\\\/?p=53912\",\"name\":\"Mikul\u00e1\u0161 v M\u00fazeu dopravy - Pova\u017esk\u00e9 m\u00fazeum\",\"isPartOf\":{\"@id\":\"https:\\\/\\\/pmza.sk\\\/#website\"},\"primaryImageOfPage\":{\"@id\":\"https:\\\/\\\/pmza.sk\\\/?p=53912#primaryimage\"},\"image\":{\"@id\":\"https:\\\/\\\/pmza.sk\\\/?p=53912#primaryimage\"},\"thumbnailUrl\":\"https:\\\/\\\/pmza.sk\\\/wp-content\\\/uploads\\\/2022\\\/11\\\/Mikulas_web-scaled.jpg\",\"datePublished\":\"2022-11-16T14:06:03+00:00\",\"dateModified\":\"2022-12-06T11:25:41+00:00\",\"breadcrumb\":{\"@id\":\"https:\\\/\\\/pmza.sk\\\/?p=53912#breadcrumb\"},\"inLanguage\":\"sk-SK\",\"potentialAction\":[{\"@type\":\"ReadAction\",\"target\":[\"https:\\\/\\\/pmza.sk\\\/?p=53912\"]}]},{\"@type\":\"ImageObject\",\"inLanguage\":\"sk-SK\",\"@id\":\"https:\\\/\\\/pmza.sk\\\/?p=53912#primaryimage\",\"url\":\"https:\\\/\\\/pmza.sk\\\/wp-content\\\/uploads\\\/2022\\\/11\\\/Mikulas_web-scaled.jpg\",\"contentUrl\":\"https:\\\/\\\/pmza.sk\\\/wp-content\\\/uploads\\\/2022\\\/11\\\/Mikulas_web-scaled.jpg\",\"width\":2560,\"height\":2560},{\"@type\":\"BreadcrumbList\",\"@id\":\"https:\\\/\\\/pmza.sk\\\/?p=53912#breadcrumb\",\"itemListElement\":[{\"@type\":\"ListItem\",\"position\":1,\"name\":\"Domovsk\u00e1 str\u00e1nka\",\"item\":\"https:\\\/\\\/pmza.sk\\\/\"},{\"@type\":\"ListItem\",\"position\":2,\"name\":\"Mikul\u00e1\u0161 v M\u00fazeu dopravy\"}]},{\"@type\":\"WebSite\",\"@id\":\"https:\\\/\\\/pmza.sk\\\/#website\",\"url\":\"https:\\\/\\\/pmza.sk\\\/\",\"name\":\"Pova\u017esk\u00e9 m\u00fazeum\",\"description\":\"Pova\u017esk\u00e9 m\u00fazeum v \u017diline je region\u00e1lne m\u00fazeum so s\u00eddlom v Budat\u00edne. Jeho expoz\u00edcie s\u00fa zameran\u00e9 na dejiny slovensk\u00e9ho umenia, kult\u00fary a dopravy.\",\"publisher\":{\"@id\":\"https:\\\/\\\/pmza.sk\\\/#organization\"},\"potentialAction\":[{\"@type\":\"SearchAction\",\"target\":{\"@type\":\"EntryPoint\",\"urlTemplate\":\"https:\\\/\\\/pmza.sk\\\/?s={search_term_string}\"},\"query-input\":{\"@type\":\"PropertyValueSpecification\",\"valueRequired\":true,\"valueName\":\"search_term_string\"}}],\"inLanguage\":\"sk-SK\"},{\"@type\":\"Organization\",\"@id\":\"https:\\\/\\\/pmza.sk\\\/#organization\",\"name\":\"Pova\u017esk\u00e9 m\u00fazeum\",\"url\":\"https:\\\/\\\/pmza.sk\\\/\",\"logo\":{\"@type\":\"ImageObject\",\"inLanguage\":\"sk-SK\",\"@id\":\"https:\\\/\\\/pmza.sk\\\/#\\\/schema\\\/logo\\\/image\\\/\",\"url\":\"https:\\\/\\\/pmza.sk\\\/wp-content\\\/uploads\\\/2022\\\/01\\\/logo_PM_horizontal.jpg\",\"contentUrl\":\"https:\\\/\\\/pmza.sk\\\/wp-content\\\/uploads\\\/2022\\\/01\\\/logo_PM_horizontal.jpg\",\"width\":231,\"height\":142,\"caption\":\"Pova\u017esk\u00e9 m\u00fazeum\"},\"image\":{\"@id\":\"https:\\\/\\\/pmza.sk\\\/#\\\/schema\\\/logo\\\/image\\\/\"},\"sameAs\":[\"https:\\\/\\\/www.facebook.com\\\/povazskemuzeum\",\"https:\\\/\\\/www.instagram.com\\\/povazskemuzeum\\\/\"]},{\"@type\":\"Person\",\"@id\":\"https:\\\/\\\/pmza.sk\\\/#\\\/schema\\\/person\\\/595e6a2ce731ea94dcd5d7f50a41ae33\",\"name\":\"Pova\u017esk\u00e9 m\u00fazeum\",\"image\":{\"@type\":\"ImageObject\",\"inLanguage\":\"sk-SK\",\"@id\":\"https:\\\/\\\/secure.gravatar.com\\\/avatar\\\/2bb7f1561282132fb5826dfeccc66c7996d11ee392ac6aaf7ced8a1c2027fbb2?s=96&d=mm&r=g\",\"url\":\"https:\\\/\\\/secure.gravatar.com\\\/avatar\\\/2bb7f1561282132fb5826dfeccc66c7996d11ee392ac6aaf7ced8a1c2027fbb2?s=96&d=mm&r=g\",\"contentUrl\":\"https:\\\/\\\/secure.gravatar.com\\\/avatar\\\/2bb7f1561282132fb5826dfeccc66c7996d11ee392ac6aaf7ced8a1c2027fbb2?s=96&d=mm&r=g\",\"caption\":\"Pova\u017esk\u00e9 m\u00fazeum\"}}]}<\/script>\n<!-- \/ Yoast SEO plugin. -->","yoast_head_json":{"title":"Mikul\u00e1\u0161 v M\u00fazeu dopravy - Pova\u017esk\u00e9 m\u00fazeum","robots":{"index":"index","follow":"follow","max-snippet":"max-snippet:-1","max-image-preview":"max-image-preview:large","max-video-preview":"max-video-preview:-1"},"canonical":"https:\/\/pmza.sk\/?p=53912","og_locale":"sk_SK","og_type":"article","og_title":"Mikul\u00e1\u0161 v M\u00fazeu dopravy - Pova\u017esk\u00e9 m\u00fazeum","og_description":"VYPREDAN\u00c9!!! L\u00edstky sa u\u017e nedaj\u00fa k\u00fapi\u0165, v\u0161etky miesta s\u00fa obsaden\u00e9. \u010eakujeme za V\u00e1\u0161 z\u00e1ujem a te\u0161\u00edme sa na V\u00e1s.\u00a0 Pova\u017esk\u00e9 m\u00fazeum v\u00a0spolupr\u00e1ci so Spolo\u010dnos\u0165ou Pova\u017eskej dr\u00e1hy \u017dilina poz\u00fdvaj\u00fa mal\u00fdch aj ve\u013ek\u00fdch na ob\u013e\u00faben\u00e9 podujatie Mikul\u00e1\u0161 v\u00a0M\u00fazeu dopravy. Z\u00e1ujemcovia sa po dvoch rokoch m\u00f4\u017eu op\u00e4\u0165 te\u0161i\u0165 na jazdu historick\u00fdm vlakom a\u00a0prehliadku M\u00fazea dopravy v\u00a0Rajeck\u00fdch Tepliciach, kam [&hellip;]","og_url":"https:\/\/pmza.sk\/?p=53912","og_site_name":"Pova\u017esk\u00e9 m\u00fazeum","article_publisher":"https:\/\/www.facebook.com\/povazskemuzeum","article_published_time":"2022-11-16T14:06:03+00:00","article_modified_time":"2022-12-06T11:25:41+00:00","og_image":[{"width":2560,"height":2560,"url":"https:\/\/pmza.sk\/wp-content\/uploads\/2022\/11\/Mikulas_web-scaled.jpg","type":"image\/jpeg"}],"author":"Pova\u017esk\u00e9 m\u00fazeum","twitter_card":"summary_large_image","twitter_misc":{"Autor":"Pova\u017esk\u00e9 m\u00fazeum","Predpokladan\u00fd \u010das \u010d\u00edtania":"2 min\u00faty"},"schema":{"@context":"https:\/\/schema.org","@graph":[{"@type":"Article","@id":"https:\/\/pmza.sk\/?p=53912#article","isPartOf":{"@id":"https:\/\/pmza.sk\/?p=53912"},"author":{"name":"Pova\u017esk\u00e9 m\u00fazeum","@id":"https:\/\/pmza.sk\/#\/schema\/person\/595e6a2ce731ea94dcd5d7f50a41ae33"},"headline":"Mikul\u00e1\u0161 v M\u00fazeu dopravy","datePublished":"2022-11-16T14:06:03+00:00","dateModified":"2022-12-06T11:25:41+00:00","mainEntityOfPage":{"@id":"https:\/\/pmza.sk\/?p=53912"},"wordCount":413,"commentCount":0,"publisher":{"@id":"https:\/\/pmza.sk\/#organization"},"image":{"@id":"https:\/\/pmza.sk\/?p=53912#primaryimage"},"thumbnailUrl":"https:\/\/pmza.sk\/wp-content\/uploads\/2022\/11\/Mikulas_web-scaled.jpg","articleSection":["Podujatia"],"inLanguage":"sk-SK"},{"@type":"WebPage","@id":"https:\/\/pmza.sk\/?p=53912","url":"https:\/\/pmza.sk\/?p=53912","name":"Mikul\u00e1\u0161 v M\u00fazeu dopravy - Pova\u017esk\u00e9 m\u00fazeum","isPartOf":{"@id":"https:\/\/pmza.sk\/#website"},"primaryImageOfPage":{"@id":"https:\/\/pmza.sk\/?p=53912#primaryimage"},"image":{"@id":"https:\/\/pmza.sk\/?p=53912#primaryimage"},"thumbnailUrl":"https:\/\/pmza.sk\/wp-content\/uploads\/2022\/11\/Mikulas_web-scaled.jpg","datePublished":"2022-11-16T14:06:03+00:00","dateModified":"2022-12-06T11:25:41+00:00","breadcrumb":{"@id":"https:\/\/pmza.sk\/?p=53912#breadcrumb"},"inLanguage":"sk-SK","potentialAction":[{"@type":"ReadAction","target":["https:\/\/pmza.sk\/?p=53912"]}]},{"@type":"ImageObject","inLanguage":"sk-SK","@id":"https:\/\/pmza.sk\/?p=53912#primaryimage","url":"https:\/\/pmza.sk\/wp-content\/uploads\/2022\/11\/Mikulas_web-scaled.jpg","contentUrl":"https:\/\/pmza.sk\/wp-content\/uploads\/2022\/11\/Mikulas_web-scaled.jpg","width":2560,"height":2560},{"@type":"BreadcrumbList","@id":"https:\/\/pmza.sk\/?p=53912#breadcrumb","itemListElement":[{"@type":"ListItem","position":1,"name":"Domovsk\u00e1 str\u00e1nka","item":"https:\/\/pmza.sk\/"},{"@type":"ListItem","position":2,"name":"Mikul\u00e1\u0161 v M\u00fazeu dopravy"}]},{"@type":"WebSite","@id":"https:\/\/pmza.sk\/#website","url":"https:\/\/pmza.sk\/","name":"Pova\u017esk\u00e9 m\u00fazeum","description":"Pova\u017esk\u00e9 m\u00fazeum v \u017diline je region\u00e1lne m\u00fazeum so s\u00eddlom v Budat\u00edne. Jeho expoz\u00edcie s\u00fa zameran\u00e9 na dejiny slovensk\u00e9ho umenia, kult\u00fary a dopravy.","publisher":{"@id":"https:\/\/pmza.sk\/#organization"},"potentialAction":[{"@type":"SearchAction","target":{"@type":"EntryPoint","urlTemplate":"https:\/\/pmza.sk\/?s={search_term_string}"},"query-input":{"@type":"PropertyValueSpecification","valueRequired":true,"valueName":"search_term_string"}}],"inLanguage":"sk-SK"},{"@type":"Organization","@id":"https:\/\/pmza.sk\/#organization","name":"Pova\u017esk\u00e9 m\u00fazeum","url":"https:\/\/pmza.sk\/","logo":{"@type":"ImageObject","inLanguage":"sk-SK","@id":"https:\/\/pmza.sk\/#\/schema\/logo\/image\/","url":"https:\/\/pmza.sk\/wp-content\/uploads\/2022\/01\/logo_PM_horizontal.jpg","contentUrl":"https:\/\/pmza.sk\/wp-content\/uploads\/2022\/01\/logo_PM_horizontal.jpg","width":231,"height":142,"caption":"Pova\u017esk\u00e9 m\u00fazeum"},"image":{"@id":"https:\/\/pmza.sk\/#\/schema\/logo\/image\/"},"sameAs":["https:\/\/www.facebook.com\/povazskemuzeum","https:\/\/www.instagram.com\/povazskemuzeum\/"]},{"@type":"Person","@id":"https:\/\/pmza.sk\/#\/schema\/person\/595e6a2ce731ea94dcd5d7f50a41ae33","name":"Pova\u017esk\u00e9 m\u00fazeum","image":{"@type":"ImageObject","inLanguage":"sk-SK","@id":"https:\/\/secure.gravatar.com\/avatar\/2bb7f1561282132fb5826dfeccc66c7996d11ee392ac6aaf7ced8a1c2027fbb2?s=96&d=mm&r=g","url":"https:\/\/secure.gravatar.com\/avatar\/2bb7f1561282132fb5826dfeccc66c7996d11ee392ac6aaf7ced8a1c2027fbb2?s=96&d=mm&r=g","contentUrl":"https:\/\/secure.gravatar.com\/avatar\/2bb7f1561282132fb5826dfeccc66c7996d11ee392ac6aaf7ced8a1c2027fbb2?s=96&d=mm&r=g","caption":"Pova\u017esk\u00e9 m\u00fazeum"}}]}},"_links":{"self":[{"href":"https:\/\/pmza.sk\/index.php?rest_route=\/wp\/v2\/posts\/53912","targetHints":{"allow":["GET"]}}],"collection":[{"href":"https:\/\/pmza.sk\/index.php?rest_route=\/wp\/v2\/posts"}],"about":[{"href":"https:\/\/pmza.sk\/index.php?rest_route=\/wp\/v2\/types\/post"}],"author":[{"embeddable":true,"href":"https:\/\/pmza.sk\/index.php?rest_route=\/wp\/v2\/users\/2"}],"replies":[{"embeddable":true,"href":"https:\/\/pmza.sk\/index.php?rest_route=%2Fwp%2Fv2%2Fcomments&post=53912"}],"version-history":[{"count":0,"href":"https:\/\/pmza.sk\/index.php?rest_route=\/wp\/v2\/posts\/53912\/revisions"}],"wp:featuredmedia":[{"embeddable":true,"href":"https:\/\/pmza.sk\/index.php?rest_route=\/wp\/v2\/media\/53916"}],"wp:attachment":[{"href":"https:\/\/pmza.sk\/index.php?rest_route=%2Fwp%2Fv2%2Fmedia&parent=53912"}],"wp:term":[{"taxonomy":"category","embeddable":true,"href":"https:\/\/pmza.sk\/index.php?rest_route=%2Fwp%2Fv2%2Fcategories&post=53912"},{"taxonomy":"post_tag","embeddable":true,"href":"https:\/\/pmza.sk\/index.php?rest_route=%2Fwp%2Fv2%2Ftags&post=53912"}],"curies":[{"name":"wp","href":"https:\/\/api.w.org\/{rel}","templated":true}]}}