{"id":54077,"date":"2022-11-24T13:09:56","date_gmt":"2022-11-24T12:09:56","guid":{"rendered":"https:\/\/pmza.sk\/?p=54077"},"modified":"2025-05-15T07:07:38","modified_gmt":"2025-05-15T05:07:38","slug":"sobasny-palac-v-bytci-zaujme-vdaka-projektu-detskeho-navstevnika","status":"publish","type":"post","link":"https:\/\/pmza.sk\/?p=54077","title":{"rendered":"Sob\u00e1\u0161ny pal\u00e1c v Byt\u010di zaujme v\u010faka projektu detsk\u00e9ho n\u00e1v\u0161tevn\u00edka"},"content":{"rendered":"<p>Sob\u00e1\u0161ny pal\u00e1c v Byt\u010di patr\u00ed medzi najv\u00fdznamnej\u0161ie renesan\u010dn\u00e9 stavby na na\u0161om \u00fazem\u00ed. St\u00e1la expoz\u00edcia je reprezentat\u00edvnou pripomienkou jedine\u010dnej historickej osobnosti palat\u00edna Juraja Turza, o ktor\u00e9 maj\u00fa \u0161kolsk\u00e9 zariadenia ve\u013ek\u00fd z\u00e1ujem. V r\u00e1mci m\u00fazejnej pedagogiky pon\u00fakame predn\u00e1\u0161ky na r\u00f4zne t\u00e9my, ale po\u010das be\u017en\u00fdch lektorovan\u00fdch prehliadok n\u00e1\u0161 objekt nedisponoval zbierkov\u00fdmi predmetmi, ktor\u00fdmi by sme up\u00fatali detsk\u00e9ho n\u00e1v\u0161tevn\u00edka. Preto sa te\u0161\u00edme, \u017ee sme mohli vyu\u017ei\u0165 pr\u00edle\u017eitos\u0165\u00a0 Nada\u010dn\u00e9ho fondu DELL v Nad\u00e1cii Pontis a financova\u0165 predmety potrebn\u00e9 k vytvoreniu projektu zvan\u00e9ho \u201eKeby som bol palat\u00ednom\u201c.<\/p>\n<p>Na\u0161\u00edm cie\u013eom je eduka\u010dnou a s\u00fa\u010dasne z\u00e1bavnou formou pribl\u00ed\u017ei\u0165 historick\u00fa l\u00edniu renesan\u010dn\u00e9ho pal\u00e1ca detsk\u00e9mu n\u00e1v\u0161tevn\u00edkovi. Te\u0161\u00ed n\u00e1s vysok\u00e1 n\u00e1v\u0161tevnos\u0165 det\u00ed zo \u0161kolsk\u00fdch zariaden\u00ed, ale aj \u0161peci\u00e1lnych \u0161k\u00f4l, ktor\u00fdm sa individu\u00e1lne venujeme. Preto sme chceli prisp\u00f4sobi\u0165 lektorsk\u00fd v\u00fdklad pr\u00e1ve im. Dali sme ru\u010dne u\u0161i\u0165 divadeln\u00e9 b\u00e1bky \u2013 palat\u00edna Juraja Turza s rodinou, Eli\u00e1\u0161a L\u00e1niho ako k\u0148aza a b\u00e1bky via\u017euce sa k legend\u00e1m v regi\u00f3ne. K vysvetleniu s\u00eddel Turzovcov sme pou\u017eili interakt\u00edvnu magnetick\u00fa tabu\u013eu. Detsk\u00fd n\u00e1v\u0161tevn\u00edk by tak mal prostredn\u00edctvom divadeln\u00e9ho predstavenia \u010di dobov\u00fdch hier lep\u0161ie pochopi\u0165 v\u00fdklad. Ve\u013ek\u00fd \u00faspech mali dreven\u00e9 hra\u010dky, ktor\u00e9 s\u00fa d\u00f4kazom doby, v ktorej sa deti zab\u00e1vali aj bez dne\u0161n\u00fdch multimedi\u00e1lnych hier. Lektorovan\u00e1 predn\u00e1\u0161ka v takomto podan\u00ed je pre deti ve\u013ek\u00fdm z\u00e1\u017eitkom.<\/p>\n<p><img decoding=\"async\" class=\"alignnone wp-image-54080\" src=\"https:\/\/pmza.sk\/wp-content\/uploads\/2022\/11\/DellTech_Logo_Stk_Blue_rgb-570x330.jpg\" alt=\"\" width=\"189\" height=\"110\" srcset=\"https:\/\/pmza.sk\/wp-content\/uploads\/2022\/11\/DellTech_Logo_Stk_Blue_rgb-570x330.jpg 570w, https:\/\/pmza.sk\/wp-content\/uploads\/2022\/11\/DellTech_Logo_Stk_Blue_rgb-1170x678.jpg 1170w, https:\/\/pmza.sk\/wp-content\/uploads\/2022\/11\/DellTech_Logo_Stk_Blue_rgb-768x445.jpg 768w, https:\/\/pmza.sk\/wp-content\/uploads\/2022\/11\/DellTech_Logo_Stk_Blue_rgb-600x348.jpg 600w, https:\/\/pmza.sk\/wp-content\/uploads\/2022\/11\/DellTech_Logo_Stk_Blue_rgb.jpg 1346w\" sizes=\"(max-width: 189px) 100vw, 189px\" \/><\/p>\n<p><img decoding=\"async\" class=\"alignnone wp-image-54081\" src=\"https:\/\/pmza.sk\/wp-content\/uploads\/2022\/11\/Logo_samostatne-427x360.jpg\" alt=\"\" width=\"174\" height=\"146\" srcset=\"https:\/\/pmza.sk\/wp-content\/uploads\/2022\/11\/Logo_samostatne-427x360.jpg 427w, https:\/\/pmza.sk\/wp-content\/uploads\/2022\/11\/Logo_samostatne.jpg 594w\" sizes=\"(max-width: 174px) 100vw, 174px\" \/><\/p>\n<p><img fetchpriority=\"high\" decoding=\"async\" class=\"alignnone size-medium wp-image-54082\" src=\"https:\/\/pmza.sk\/wp-content\/uploads\/2022\/11\/314329788_585435433584311_7854541763489593870_n-480x360.jpg\" alt=\"\" width=\"480\" height=\"360\" srcset=\"https:\/\/pmza.sk\/wp-content\/uploads\/2022\/11\/314329788_585435433584311_7854541763489593870_n-480x360.jpg 480w, https:\/\/pmza.sk\/wp-content\/uploads\/2022\/11\/314329788_585435433584311_7854541763489593870_n-981x736.jpg 981w, https:\/\/pmza.sk\/wp-content\/uploads\/2022\/11\/314329788_585435433584311_7854541763489593870_n-768x576.jpg 768w, https:\/\/pmza.sk\/wp-content\/uploads\/2022\/11\/314329788_585435433584311_7854541763489593870_n-1536x1152.jpg 1536w, https:\/\/pmza.sk\/wp-content\/uploads\/2022\/11\/314329788_585435433584311_7854541763489593870_n-600x450.jpg 600w, https:\/\/pmza.sk\/wp-content\/uploads\/2022\/11\/314329788_585435433584311_7854541763489593870_n.jpg 2048w\" sizes=\"(max-width: 480px) 100vw, 480px\" \/><\/p>\n<p>&nbsp;<\/p>\n","protected":false},"excerpt":{"rendered":"<p>Sob\u00e1\u0161ny pal\u00e1c v Byt\u010di patr\u00ed medzi najv\u00fdznamnej\u0161ie renesan\u010dn\u00e9 stavby na na\u0161om \u00fazem\u00ed. St\u00e1la expoz\u00edcia je reprezentat\u00edvnou pripomienkou jedine\u010dnej historickej osobnosti palat\u00edna Juraja Turza, o ktor\u00e9 maj\u00fa \u0161kolsk\u00e9 zariadenia ve\u013ek\u00fd z\u00e1ujem. V r\u00e1mci m\u00fazejnej pedagogiky pon\u00fakame predn\u00e1\u0161ky na r\u00f4zne t\u00e9my, ale po\u010das be\u017en\u00fdch lektorovan\u00fdch prehliadok n\u00e1\u0161 objekt nedisponoval zbierkov\u00fdmi predmetmi, ktor\u00fdmi by sme up\u00fatali detsk\u00e9ho n\u00e1v\u0161tevn\u00edka. [&hellip;]<\/p>\n","protected":false},"author":2,"featured_media":54079,"comment_status":"closed","ping_status":"closed","sticky":false,"template":"","format":"standard","meta":{"site-sidebar-layout":"default","site-content-layout":"default","ast-site-content-layout":"default","site-content-style":"default","site-sidebar-style":"default","ast-global-header-display":"","ast-banner-title-visibility":"","ast-main-header-display":"","ast-hfb-above-header-display":"","ast-hfb-below-header-display":"","ast-hfb-mobile-header-display":"","site-post-title":"","ast-breadcrumbs-content":"","ast-featured-img":"","footer-sml-layout":"","theme-transparent-header-meta":"default","adv-header-id-meta":"","stick-header-meta":"default","header-above-stick-meta":"","header-main-stick-meta":"","header-below-stick-meta":"","astra-migrate-meta-layouts":"set","ast-page-background-enabled":"default","ast-page-background-meta":{"desktop":{"background-color":"var(--ast-global-color-4)","background-image":"","background-repeat":"repeat","background-position":"center center","background-size":"auto","background-attachment":"scroll","background-type":"","background-media":"","overlay-type":"","overlay-color":"","overlay-opacity":"","overlay-gradient":""},"tablet":{"background-color":"","background-image":"","background-repeat":"repeat","background-position":"center center","background-size":"auto","background-attachment":"scroll","background-type":"","background-media":"","overlay-type":"","overlay-color":"","overlay-opacity":"","overlay-gradient":""},"mobile":{"background-color":"","background-image":"","background-repeat":"repeat","background-position":"center center","background-size":"auto","background-attachment":"scroll","background-type":"","background-media":"","overlay-type":"","overlay-color":"","overlay-opacity":"","overlay-gradient":""}},"ast-content-background-meta":{"desktop":{"background-color":"var(--ast-global-color-5)","background-image":"","background-repeat":"repeat","background-position":"center center","background-size":"auto","background-attachment":"scroll","background-type":"","background-media":"","overlay-type":"","overlay-color":"","overlay-opacity":"","overlay-gradient":""},"tablet":{"background-color":"var(--ast-global-color-5)","background-image":"","background-repeat":"repeat","background-position":"center center","background-size":"auto","background-attachment":"scroll","background-type":"","background-media":"","overlay-type":"","overlay-color":"","overlay-opacity":"","overlay-gradient":""},"mobile":{"background-color":"var(--ast-global-color-5)","background-image":"","background-repeat":"repeat","background-position":"center center","background-size":"auto","background-attachment":"scroll","background-type":"","background-media":"","overlay-type":"","overlay-color":"","overlay-opacity":"","overlay-gradient":""}},"footnotes":""},"categories":[31],"tags":[],"class_list":["post-54077","post","type-post","status-publish","format-standard","has-post-thumbnail","hentry","category-aktuality"],"yoast_head":"<!-- This site is optimized with the Yoast SEO plugin v27.4 - https:\/\/yoast.com\/product\/yoast-seo-wordpress\/ -->\n<title>Sob\u00e1\u0161ny pal\u00e1c v Byt\u010di zaujme v\u010faka projektu detsk\u00e9ho n\u00e1v\u0161tevn\u00edka - Pova\u017esk\u00e9 m\u00fazeum<\/title>\n<meta name=\"robots\" content=\"index, follow, max-snippet:-1, max-image-preview:large, max-video-preview:-1\" \/>\n<link rel=\"canonical\" href=\"https:\/\/pmza.sk\/?p=54077\" \/>\n<meta property=\"og:locale\" content=\"sk_SK\" \/>\n<meta property=\"og:type\" content=\"article\" \/>\n<meta property=\"og:title\" content=\"Sob\u00e1\u0161ny pal\u00e1c v Byt\u010di zaujme v\u010faka projektu detsk\u00e9ho n\u00e1v\u0161tevn\u00edka - Pova\u017esk\u00e9 m\u00fazeum\" \/>\n<meta property=\"og:description\" content=\"Sob\u00e1\u0161ny pal\u00e1c v Byt\u010di patr\u00ed medzi najv\u00fdznamnej\u0161ie renesan\u010dn\u00e9 stavby na na\u0161om \u00fazem\u00ed. St\u00e1la expoz\u00edcia je reprezentat\u00edvnou pripomienkou jedine\u010dnej historickej osobnosti palat\u00edna Juraja Turza, o ktor\u00e9 maj\u00fa \u0161kolsk\u00e9 zariadenia ve\u013ek\u00fd z\u00e1ujem. V r\u00e1mci m\u00fazejnej pedagogiky pon\u00fakame predn\u00e1\u0161ky na r\u00f4zne t\u00e9my, ale po\u010das be\u017en\u00fdch lektorovan\u00fdch prehliadok n\u00e1\u0161 objekt nedisponoval zbierkov\u00fdmi predmetmi, ktor\u00fdmi by sme up\u00fatali detsk\u00e9ho n\u00e1v\u0161tevn\u00edka. [&hellip;]\" \/>\n<meta property=\"og:url\" content=\"https:\/\/pmza.sk\/?p=54077\" \/>\n<meta property=\"og:site_name\" content=\"Pova\u017esk\u00e9 m\u00fazeum\" \/>\n<meta property=\"article:publisher\" content=\"https:\/\/www.facebook.com\/povazskemuzeum\" \/>\n<meta property=\"article:published_time\" content=\"2022-11-24T12:09:56+00:00\" \/>\n<meta property=\"article:modified_time\" content=\"2025-05-15T05:07:38+00:00\" \/>\n<meta property=\"og:image\" content=\"https:\/\/pmza.sk\/wp-content\/uploads\/2022\/11\/IMG_2984-scaled.jpg\" \/>\n\t<meta property=\"og:image:width\" content=\"2560\" \/>\n\t<meta property=\"og:image:height\" content=\"1670\" \/>\n\t<meta property=\"og:image:type\" content=\"image\/jpeg\" \/>\n<meta name=\"author\" content=\"Pova\u017esk\u00e9 m\u00fazeum\" \/>\n<meta name=\"twitter:card\" content=\"summary_large_image\" \/>\n<meta name=\"twitter:label1\" content=\"Autor\" \/>\n\t<meta name=\"twitter:data1\" content=\"Pova\u017esk\u00e9 m\u00fazeum\" \/>\n\t<meta name=\"twitter:label2\" content=\"Predpokladan\u00fd \u010das \u010d\u00edtania\" \/>\n\t<meta name=\"twitter:data2\" content=\"1 min\u00fata\" \/>\n<script type=\"application\/ld+json\" class=\"yoast-schema-graph\">{\"@context\":\"https:\\\/\\\/schema.org\",\"@graph\":[{\"@type\":\"Article\",\"@id\":\"https:\\\/\\\/pmza.sk\\\/?p=54077#article\",\"isPartOf\":{\"@id\":\"https:\\\/\\\/pmza.sk\\\/?p=54077\"},\"author\":{\"name\":\"Pova\u017esk\u00e9 m\u00fazeum\",\"@id\":\"https:\\\/\\\/pmza.sk\\\/#\\\/schema\\\/person\\\/595e6a2ce731ea94dcd5d7f50a41ae33\"},\"headline\":\"Sob\u00e1\u0161ny pal\u00e1c v Byt\u010di zaujme v\u010faka projektu detsk\u00e9ho n\u00e1v\u0161tevn\u00edka\",\"datePublished\":\"2022-11-24T12:09:56+00:00\",\"dateModified\":\"2025-05-15T05:07:38+00:00\",\"mainEntityOfPage\":{\"@id\":\"https:\\\/\\\/pmza.sk\\\/?p=54077\"},\"wordCount\":312,\"publisher\":{\"@id\":\"https:\\\/\\\/pmza.sk\\\/#organization\"},\"image\":{\"@id\":\"https:\\\/\\\/pmza.sk\\\/?p=54077#primaryimage\"},\"thumbnailUrl\":\"https:\\\/\\\/pmza.sk\\\/wp-content\\\/uploads\\\/2022\\\/11\\\/IMG_2984-scaled.jpg\",\"articleSection\":[\"Aktuality\"],\"inLanguage\":\"sk-SK\"},{\"@type\":\"WebPage\",\"@id\":\"https:\\\/\\\/pmza.sk\\\/?p=54077\",\"url\":\"https:\\\/\\\/pmza.sk\\\/?p=54077\",\"name\":\"Sob\u00e1\u0161ny pal\u00e1c v Byt\u010di zaujme v\u010faka projektu detsk\u00e9ho n\u00e1v\u0161tevn\u00edka - Pova\u017esk\u00e9 m\u00fazeum\",\"isPartOf\":{\"@id\":\"https:\\\/\\\/pmza.sk\\\/#website\"},\"primaryImageOfPage\":{\"@id\":\"https:\\\/\\\/pmza.sk\\\/?p=54077#primaryimage\"},\"image\":{\"@id\":\"https:\\\/\\\/pmza.sk\\\/?p=54077#primaryimage\"},\"thumbnailUrl\":\"https:\\\/\\\/pmza.sk\\\/wp-content\\\/uploads\\\/2022\\\/11\\\/IMG_2984-scaled.jpg\",\"datePublished\":\"2022-11-24T12:09:56+00:00\",\"dateModified\":\"2025-05-15T05:07:38+00:00\",\"breadcrumb\":{\"@id\":\"https:\\\/\\\/pmza.sk\\\/?p=54077#breadcrumb\"},\"inLanguage\":\"sk-SK\",\"potentialAction\":[{\"@type\":\"ReadAction\",\"target\":[\"https:\\\/\\\/pmza.sk\\\/?p=54077\"]}]},{\"@type\":\"ImageObject\",\"inLanguage\":\"sk-SK\",\"@id\":\"https:\\\/\\\/pmza.sk\\\/?p=54077#primaryimage\",\"url\":\"https:\\\/\\\/pmza.sk\\\/wp-content\\\/uploads\\\/2022\\\/11\\\/IMG_2984-scaled.jpg\",\"contentUrl\":\"https:\\\/\\\/pmza.sk\\\/wp-content\\\/uploads\\\/2022\\\/11\\\/IMG_2984-scaled.jpg\",\"width\":2560,\"height\":1670},{\"@type\":\"BreadcrumbList\",\"@id\":\"https:\\\/\\\/pmza.sk\\\/?p=54077#breadcrumb\",\"itemListElement\":[{\"@type\":\"ListItem\",\"position\":1,\"name\":\"Domovsk\u00e1 str\u00e1nka\",\"item\":\"https:\\\/\\\/pmza.sk\\\/\"},{\"@type\":\"ListItem\",\"position\":2,\"name\":\"Sob\u00e1\u0161ny pal\u00e1c v Byt\u010di zaujme v\u010faka projektu detsk\u00e9ho n\u00e1v\u0161tevn\u00edka\"}]},{\"@type\":\"WebSite\",\"@id\":\"https:\\\/\\\/pmza.sk\\\/#website\",\"url\":\"https:\\\/\\\/pmza.sk\\\/\",\"name\":\"Pova\u017esk\u00e9 m\u00fazeum\",\"description\":\"Pova\u017esk\u00e9 m\u00fazeum v \u017diline je region\u00e1lne m\u00fazeum so s\u00eddlom v Budat\u00edne. Jeho expoz\u00edcie s\u00fa zameran\u00e9 na dejiny slovensk\u00e9ho umenia, kult\u00fary a dopravy.\",\"publisher\":{\"@id\":\"https:\\\/\\\/pmza.sk\\\/#organization\"},\"potentialAction\":[{\"@type\":\"SearchAction\",\"target\":{\"@type\":\"EntryPoint\",\"urlTemplate\":\"https:\\\/\\\/pmza.sk\\\/?s={search_term_string}\"},\"query-input\":{\"@type\":\"PropertyValueSpecification\",\"valueRequired\":true,\"valueName\":\"search_term_string\"}}],\"inLanguage\":\"sk-SK\"},{\"@type\":\"Organization\",\"@id\":\"https:\\\/\\\/pmza.sk\\\/#organization\",\"name\":\"Pova\u017esk\u00e9 m\u00fazeum\",\"url\":\"https:\\\/\\\/pmza.sk\\\/\",\"logo\":{\"@type\":\"ImageObject\",\"inLanguage\":\"sk-SK\",\"@id\":\"https:\\\/\\\/pmza.sk\\\/#\\\/schema\\\/logo\\\/image\\\/\",\"url\":\"https:\\\/\\\/pmza.sk\\\/wp-content\\\/uploads\\\/2022\\\/01\\\/logo_PM_horizontal.jpg\",\"contentUrl\":\"https:\\\/\\\/pmza.sk\\\/wp-content\\\/uploads\\\/2022\\\/01\\\/logo_PM_horizontal.jpg\",\"width\":231,\"height\":142,\"caption\":\"Pova\u017esk\u00e9 m\u00fazeum\"},\"image\":{\"@id\":\"https:\\\/\\\/pmza.sk\\\/#\\\/schema\\\/logo\\\/image\\\/\"},\"sameAs\":[\"https:\\\/\\\/www.facebook.com\\\/povazskemuzeum\",\"https:\\\/\\\/www.instagram.com\\\/povazskemuzeum\\\/\"]},{\"@type\":\"Person\",\"@id\":\"https:\\\/\\\/pmza.sk\\\/#\\\/schema\\\/person\\\/595e6a2ce731ea94dcd5d7f50a41ae33\",\"name\":\"Pova\u017esk\u00e9 m\u00fazeum\",\"image\":{\"@type\":\"ImageObject\",\"inLanguage\":\"sk-SK\",\"@id\":\"https:\\\/\\\/secure.gravatar.com\\\/avatar\\\/2bb7f1561282132fb5826dfeccc66c7996d11ee392ac6aaf7ced8a1c2027fbb2?s=96&d=mm&r=g\",\"url\":\"https:\\\/\\\/secure.gravatar.com\\\/avatar\\\/2bb7f1561282132fb5826dfeccc66c7996d11ee392ac6aaf7ced8a1c2027fbb2?s=96&d=mm&r=g\",\"contentUrl\":\"https:\\\/\\\/secure.gravatar.com\\\/avatar\\\/2bb7f1561282132fb5826dfeccc66c7996d11ee392ac6aaf7ced8a1c2027fbb2?s=96&d=mm&r=g\",\"caption\":\"Pova\u017esk\u00e9 m\u00fazeum\"}}]}<\/script>\n<!-- \/ Yoast SEO plugin. -->","yoast_head_json":{"title":"Sob\u00e1\u0161ny pal\u00e1c v Byt\u010di zaujme v\u010faka projektu detsk\u00e9ho n\u00e1v\u0161tevn\u00edka - Pova\u017esk\u00e9 m\u00fazeum","robots":{"index":"index","follow":"follow","max-snippet":"max-snippet:-1","max-image-preview":"max-image-preview:large","max-video-preview":"max-video-preview:-1"},"canonical":"https:\/\/pmza.sk\/?p=54077","og_locale":"sk_SK","og_type":"article","og_title":"Sob\u00e1\u0161ny pal\u00e1c v Byt\u010di zaujme v\u010faka projektu detsk\u00e9ho n\u00e1v\u0161tevn\u00edka - Pova\u017esk\u00e9 m\u00fazeum","og_description":"Sob\u00e1\u0161ny pal\u00e1c v Byt\u010di patr\u00ed medzi najv\u00fdznamnej\u0161ie renesan\u010dn\u00e9 stavby na na\u0161om \u00fazem\u00ed. St\u00e1la expoz\u00edcia je reprezentat\u00edvnou pripomienkou jedine\u010dnej historickej osobnosti palat\u00edna Juraja Turza, o ktor\u00e9 maj\u00fa \u0161kolsk\u00e9 zariadenia ve\u013ek\u00fd z\u00e1ujem. V r\u00e1mci m\u00fazejnej pedagogiky pon\u00fakame predn\u00e1\u0161ky na r\u00f4zne t\u00e9my, ale po\u010das be\u017en\u00fdch lektorovan\u00fdch prehliadok n\u00e1\u0161 objekt nedisponoval zbierkov\u00fdmi predmetmi, ktor\u00fdmi by sme up\u00fatali detsk\u00e9ho n\u00e1v\u0161tevn\u00edka. [&hellip;]","og_url":"https:\/\/pmza.sk\/?p=54077","og_site_name":"Pova\u017esk\u00e9 m\u00fazeum","article_publisher":"https:\/\/www.facebook.com\/povazskemuzeum","article_published_time":"2022-11-24T12:09:56+00:00","article_modified_time":"2025-05-15T05:07:38+00:00","og_image":[{"width":2560,"height":1670,"url":"https:\/\/pmza.sk\/wp-content\/uploads\/2022\/11\/IMG_2984-scaled.jpg","type":"image\/jpeg"}],"author":"Pova\u017esk\u00e9 m\u00fazeum","twitter_card":"summary_large_image","twitter_misc":{"Autor":"Pova\u017esk\u00e9 m\u00fazeum","Predpokladan\u00fd \u010das \u010d\u00edtania":"1 min\u00fata"},"schema":{"@context":"https:\/\/schema.org","@graph":[{"@type":"Article","@id":"https:\/\/pmza.sk\/?p=54077#article","isPartOf":{"@id":"https:\/\/pmza.sk\/?p=54077"},"author":{"name":"Pova\u017esk\u00e9 m\u00fazeum","@id":"https:\/\/pmza.sk\/#\/schema\/person\/595e6a2ce731ea94dcd5d7f50a41ae33"},"headline":"Sob\u00e1\u0161ny pal\u00e1c v Byt\u010di zaujme v\u010faka projektu detsk\u00e9ho n\u00e1v\u0161tevn\u00edka","datePublished":"2022-11-24T12:09:56+00:00","dateModified":"2025-05-15T05:07:38+00:00","mainEntityOfPage":{"@id":"https:\/\/pmza.sk\/?p=54077"},"wordCount":312,"publisher":{"@id":"https:\/\/pmza.sk\/#organization"},"image":{"@id":"https:\/\/pmza.sk\/?p=54077#primaryimage"},"thumbnailUrl":"https:\/\/pmza.sk\/wp-content\/uploads\/2022\/11\/IMG_2984-scaled.jpg","articleSection":["Aktuality"],"inLanguage":"sk-SK"},{"@type":"WebPage","@id":"https:\/\/pmza.sk\/?p=54077","url":"https:\/\/pmza.sk\/?p=54077","name":"Sob\u00e1\u0161ny pal\u00e1c v Byt\u010di zaujme v\u010faka projektu detsk\u00e9ho n\u00e1v\u0161tevn\u00edka - Pova\u017esk\u00e9 m\u00fazeum","isPartOf":{"@id":"https:\/\/pmza.sk\/#website"},"primaryImageOfPage":{"@id":"https:\/\/pmza.sk\/?p=54077#primaryimage"},"image":{"@id":"https:\/\/pmza.sk\/?p=54077#primaryimage"},"thumbnailUrl":"https:\/\/pmza.sk\/wp-content\/uploads\/2022\/11\/IMG_2984-scaled.jpg","datePublished":"2022-11-24T12:09:56+00:00","dateModified":"2025-05-15T05:07:38+00:00","breadcrumb":{"@id":"https:\/\/pmza.sk\/?p=54077#breadcrumb"},"inLanguage":"sk-SK","potentialAction":[{"@type":"ReadAction","target":["https:\/\/pmza.sk\/?p=54077"]}]},{"@type":"ImageObject","inLanguage":"sk-SK","@id":"https:\/\/pmza.sk\/?p=54077#primaryimage","url":"https:\/\/pmza.sk\/wp-content\/uploads\/2022\/11\/IMG_2984-scaled.jpg","contentUrl":"https:\/\/pmza.sk\/wp-content\/uploads\/2022\/11\/IMG_2984-scaled.jpg","width":2560,"height":1670},{"@type":"BreadcrumbList","@id":"https:\/\/pmza.sk\/?p=54077#breadcrumb","itemListElement":[{"@type":"ListItem","position":1,"name":"Domovsk\u00e1 str\u00e1nka","item":"https:\/\/pmza.sk\/"},{"@type":"ListItem","position":2,"name":"Sob\u00e1\u0161ny pal\u00e1c v Byt\u010di zaujme v\u010faka projektu detsk\u00e9ho n\u00e1v\u0161tevn\u00edka"}]},{"@type":"WebSite","@id":"https:\/\/pmza.sk\/#website","url":"https:\/\/pmza.sk\/","name":"Pova\u017esk\u00e9 m\u00fazeum","description":"Pova\u017esk\u00e9 m\u00fazeum v \u017diline je region\u00e1lne m\u00fazeum so s\u00eddlom v Budat\u00edne. Jeho expoz\u00edcie s\u00fa zameran\u00e9 na dejiny slovensk\u00e9ho umenia, kult\u00fary a dopravy.","publisher":{"@id":"https:\/\/pmza.sk\/#organization"},"potentialAction":[{"@type":"SearchAction","target":{"@type":"EntryPoint","urlTemplate":"https:\/\/pmza.sk\/?s={search_term_string}"},"query-input":{"@type":"PropertyValueSpecification","valueRequired":true,"valueName":"search_term_string"}}],"inLanguage":"sk-SK"},{"@type":"Organization","@id":"https:\/\/pmza.sk\/#organization","name":"Pova\u017esk\u00e9 m\u00fazeum","url":"https:\/\/pmza.sk\/","logo":{"@type":"ImageObject","inLanguage":"sk-SK","@id":"https:\/\/pmza.sk\/#\/schema\/logo\/image\/","url":"https:\/\/pmza.sk\/wp-content\/uploads\/2022\/01\/logo_PM_horizontal.jpg","contentUrl":"https:\/\/pmza.sk\/wp-content\/uploads\/2022\/01\/logo_PM_horizontal.jpg","width":231,"height":142,"caption":"Pova\u017esk\u00e9 m\u00fazeum"},"image":{"@id":"https:\/\/pmza.sk\/#\/schema\/logo\/image\/"},"sameAs":["https:\/\/www.facebook.com\/povazskemuzeum","https:\/\/www.instagram.com\/povazskemuzeum\/"]},{"@type":"Person","@id":"https:\/\/pmza.sk\/#\/schema\/person\/595e6a2ce731ea94dcd5d7f50a41ae33","name":"Pova\u017esk\u00e9 m\u00fazeum","image":{"@type":"ImageObject","inLanguage":"sk-SK","@id":"https:\/\/secure.gravatar.com\/avatar\/2bb7f1561282132fb5826dfeccc66c7996d11ee392ac6aaf7ced8a1c2027fbb2?s=96&d=mm&r=g","url":"https:\/\/secure.gravatar.com\/avatar\/2bb7f1561282132fb5826dfeccc66c7996d11ee392ac6aaf7ced8a1c2027fbb2?s=96&d=mm&r=g","contentUrl":"https:\/\/secure.gravatar.com\/avatar\/2bb7f1561282132fb5826dfeccc66c7996d11ee392ac6aaf7ced8a1c2027fbb2?s=96&d=mm&r=g","caption":"Pova\u017esk\u00e9 m\u00fazeum"}}]}},"_links":{"self":[{"href":"https:\/\/pmza.sk\/index.php?rest_route=\/wp\/v2\/posts\/54077","targetHints":{"allow":["GET"]}}],"collection":[{"href":"https:\/\/pmza.sk\/index.php?rest_route=\/wp\/v2\/posts"}],"about":[{"href":"https:\/\/pmza.sk\/index.php?rest_route=\/wp\/v2\/types\/post"}],"author":[{"embeddable":true,"href":"https:\/\/pmza.sk\/index.php?rest_route=\/wp\/v2\/users\/2"}],"replies":[{"embeddable":true,"href":"https:\/\/pmza.sk\/index.php?rest_route=%2Fwp%2Fv2%2Fcomments&post=54077"}],"version-history":[{"count":0,"href":"https:\/\/pmza.sk\/index.php?rest_route=\/wp\/v2\/posts\/54077\/revisions"}],"wp:featuredmedia":[{"embeddable":true,"href":"https:\/\/pmza.sk\/index.php?rest_route=\/wp\/v2\/media\/54079"}],"wp:attachment":[{"href":"https:\/\/pmza.sk\/index.php?rest_route=%2Fwp%2Fv2%2Fmedia&parent=54077"}],"wp:term":[{"taxonomy":"category","embeddable":true,"href":"https:\/\/pmza.sk\/index.php?rest_route=%2Fwp%2Fv2%2Fcategories&post=54077"},{"taxonomy":"post_tag","embeddable":true,"href":"https:\/\/pmza.sk\/index.php?rest_route=%2Fwp%2Fv2%2Ftags&post=54077"}],"curies":[{"name":"wp","href":"https:\/\/api.w.org\/{rel}","templated":true}]}}