{"id":54098,"date":"2022-11-28T10:19:52","date_gmt":"2022-11-28T09:19:52","guid":{"rendered":"https:\/\/pmza.sk\/?p=54098"},"modified":"2022-12-12T08:19:47","modified_gmt":"2022-12-12T07:19:47","slug":"vianoce-v-budatine-4","status":"publish","type":"post","link":"https:\/\/pmza.sk\/?p=54098","title":{"rendered":"Vianoce v Budat\u00edne"},"content":{"rendered":"<p>Po\u010das tretej adventnej nedele bude v are\u00e1li Budat\u00ednskeho hradu pr\u00edjemn\u00e1 viano\u010dn\u00e1 atmosf\u00e9ra. Pova\u017esk\u00e9 m\u00fazeum usporiada op\u00e4\u0165 ob\u013e\u00faben\u00e9 podujatie, ktor\u00e9 sa bude kona\u0165 tradi\u010dne pri kaplnke hradu. Od 10.00 tam z\u00e1ujemcovia n\u00e1jdu mini trhy, na ktor\u00fdch nebud\u00fa ch\u00fdba\u0165 viano\u010dn\u00e9 ozdoby, dekor\u00e1cie, v\u00fdrobky z\u00a0medu, \u0161\u00fapolia, medovn\u00edky, obl\u00e1tky, knihy a\u00a0ob\u010derstvenie. Rodi\u010dia s\u00a0de\u0165mi sa m\u00f4\u017eu te\u0161i\u0165 na tvoriv\u00e9 dielne, po\u010das ktor\u00fdch si vyrobia \u0161peci\u00e1lne viano\u010dn\u00e9 poh\u013eadnice.<\/p>\n<p>Popoludn\u00ed sa v\u010faka divadelno-hrav\u00e9mu zoskupeniu RAZCA stan\u00fa v\u0161etci pr\u00edtomn\u00ed s\u00fa\u010das\u0165ou pr\u00edbehu o\u00a0naroden\u00ed Je\u017ei\u0161a Krista. Kr\u00e1tke predstavenia za\u010d\u00ednaj\u00fa ka\u017ed\u00fa pol hodinu od 13.00 do 14.30. Vrcholom podujatia bude koncert skupiny Musica Temporis v priestoroch kaplnky o\u00a015.00.<\/p>\n<p>Tohtoro\u010dnou novinkou bude zdobenie viano\u010dn\u00e9ho stromu v\u00a0exteri\u00e9ri za \u00fa\u010dasti n\u00e1v\u0161tevn\u00edkov<em>. <\/em><em>\u201ePreto pros\u00edme v\u0161etk\u00fdch, ktor\u00ed maj\u00fa doma nepotrebn\u00e9 ozdoby, aby ich priniesli a\u00a0pomohli n\u00e1m tak vytvori\u0165 origin\u00e1lny strom\u010dek. Ten bude zdobi\u0165 prostredie hradu po\u010das cel\u00e9ho viano\u010dn\u00e9ho obdobia a\u00a0budeme radi, ak stane miestom na rodinn\u00e9 fotografie,\u201c <\/em>dop\u013a\u0148a kult\u00farna mana\u017e\u00e9rka Sabina Pavl\u00edkov\u00e1 a\u00a0dod\u00e1va: <em>\u201ePr\u00ed\u010fte sa poprech\u00e1dza\u0165, u\u017ei\u0165 si kult\u00farny program a str\u00e1vte \u010das s rodinou \u010di priate\u013emi.\u201c<\/em><\/p>\n<p>Vstup na podujatie je vo\u013en\u00fd.<\/p>\n<p><img fetchpriority=\"high\" decoding=\"async\" class=\"alignnone size-medium wp-image-54103\" src=\"https:\/\/pmza.sk\/wp-content\/uploads\/2022\/11\/Vianoce_v_Budatine_K1-255x360.jpg\" alt=\"\" width=\"255\" height=\"360\" srcset=\"https:\/\/pmza.sk\/wp-content\/uploads\/2022\/11\/Vianoce_v_Budatine_K1-255x360.jpg 255w, https:\/\/pmza.sk\/wp-content\/uploads\/2022\/11\/Vianoce_v_Budatine_K1-520x736.jpg 520w, https:\/\/pmza.sk\/wp-content\/uploads\/2022\/11\/Vianoce_v_Budatine_K1-768x1086.jpg 768w, https:\/\/pmza.sk\/wp-content\/uploads\/2022\/11\/Vianoce_v_Budatine_K1-600x849.jpg 600w, https:\/\/pmza.sk\/wp-content\/uploads\/2022\/11\/Vianoce_v_Budatine_K1.jpg 842w\" sizes=\"(max-width: 255px) 100vw, 255px\" \/><\/p>\n<p>Plag\u00e1t v plnej ve\u013ekosti <a href=\"https:\/\/pmza.sk\/wp-content\/uploads\/2022\/11\/Vianoce_v_Budatine_K1.pdf\">TU<\/a><\/p>\n","protected":false},"excerpt":{"rendered":"<p>Po\u010das tretej adventnej nedele bude v are\u00e1li Budat\u00ednskeho hradu pr\u00edjemn\u00e1 viano\u010dn\u00e1 atmosf\u00e9ra. Pova\u017esk\u00e9 m\u00fazeum usporiada op\u00e4\u0165 ob\u013e\u00faben\u00e9 podujatie, ktor\u00e9 sa bude kona\u0165 tradi\u010dne pri kaplnke hradu. Od 10.00 tam z\u00e1ujemcovia n\u00e1jdu mini trhy, na ktor\u00fdch nebud\u00fa ch\u00fdba\u0165 viano\u010dn\u00e9 ozdoby, dekor\u00e1cie, v\u00fdrobky z\u00a0medu, \u0161\u00fapolia, medovn\u00edky, obl\u00e1tky, knihy a\u00a0ob\u010derstvenie. Rodi\u010dia s\u00a0de\u0165mi sa m\u00f4\u017eu te\u0161i\u0165 na tvoriv\u00e9 dielne, [&hellip;]<\/p>\n","protected":false},"author":2,"featured_media":54105,"comment_status":"open","ping_status":"open","sticky":false,"template":"","format":"standard","meta":{"site-sidebar-layout":"default","site-content-layout":"default","ast-site-content-layout":"","site-content-style":"default","site-sidebar-style":"default","ast-global-header-display":"","ast-banner-title-visibility":"","ast-main-header-display":"","ast-hfb-above-header-display":"","ast-hfb-below-header-display":"","ast-hfb-mobile-header-display":"","site-post-title":"","ast-breadcrumbs-content":"","ast-featured-img":"","footer-sml-layout":"","theme-transparent-header-meta":"default","adv-header-id-meta":"","stick-header-meta":"default","header-above-stick-meta":"","header-main-stick-meta":"","header-below-stick-meta":"","astra-migrate-meta-layouts":"default","ast-page-background-enabled":"default","ast-page-background-meta":{"desktop":{"background-color":"var(--ast-global-color-4)","background-image":"","background-repeat":"repeat","background-position":"center center","background-size":"auto","background-attachment":"scroll","background-type":"","background-media":"","overlay-type":"","overlay-color":"","overlay-opacity":"","overlay-gradient":""},"tablet":{"background-color":"","background-image":"","background-repeat":"repeat","background-position":"center center","background-size":"auto","background-attachment":"scroll","background-type":"","background-media":"","overlay-type":"","overlay-color":"","overlay-opacity":"","overlay-gradient":""},"mobile":{"background-color":"","background-image":"","background-repeat":"repeat","background-position":"center center","background-size":"auto","background-attachment":"scroll","background-type":"","background-media":"","overlay-type":"","overlay-color":"","overlay-opacity":"","overlay-gradient":""}},"ast-content-background-meta":{"desktop":{"background-color":"var(--ast-global-color-5)","background-image":"","background-repeat":"repeat","background-position":"center center","background-size":"auto","background-attachment":"scroll","background-type":"","background-media":"","overlay-type":"","overlay-color":"","overlay-opacity":"","overlay-gradient":""},"tablet":{"background-color":"var(--ast-global-color-5)","background-image":"","background-repeat":"repeat","background-position":"center center","background-size":"auto","background-attachment":"scroll","background-type":"","background-media":"","overlay-type":"","overlay-color":"","overlay-opacity":"","overlay-gradient":""},"mobile":{"background-color":"var(--ast-global-color-5)","background-image":"","background-repeat":"repeat","background-position":"center center","background-size":"auto","background-attachment":"scroll","background-type":"","background-media":"","overlay-type":"","overlay-color":"","overlay-opacity":"","overlay-gradient":""}},"footnotes":""},"categories":[71],"tags":[],"class_list":["post-54098","post","type-post","status-publish","format-standard","has-post-thumbnail","hentry","category-podujatia"],"yoast_head":"<!-- This site is optimized with the Yoast SEO plugin v27.4 - https:\/\/yoast.com\/product\/yoast-seo-wordpress\/ -->\n<title>Vianoce v Budat\u00edne - Pova\u017esk\u00e9 m\u00fazeum<\/title>\n<meta name=\"description\" content=\"Po\u010das tretej adventnej nedele za\u017eijeme v are\u00e1li Budat\u00ednskeho hradu pr\u00edjemn\u00fa viano\u010dn\u00fa atmosf\u00e9ru.Z\u00e1vere\u010dn\u00e9 podujatie roka sa bude kona\u0165 tradi\u010dne pri kaplnke hradu. Od 10.00 poz\u00fdvame n\u00e1v\u0161tevn\u00edkov na mini trhy a tvoriv\u00e9 dielne. Popoludn\u00ed sa v\u010faka divadelno-hrav\u00e9mu zoskupeniu RAZCA staneme s\u00fa\u010das\u0165ou pr\u00edbehu o Je\u017ei\u0161ovi. Kr\u00e1tke predstavenia za\u010d\u00ednaj\u00fa ka\u017ed\u00fa pol hodinu od 13.00 do 14.30. Vrcholom podujatia bude koncert skupiny Musica Temporis v priestoroch kaplnky.\" \/>\n<meta name=\"robots\" content=\"index, follow, max-snippet:-1, max-image-preview:large, max-video-preview:-1\" \/>\n<link rel=\"canonical\" href=\"https:\/\/pmza.sk\/?p=54098\" \/>\n<meta property=\"og:locale\" content=\"sk_SK\" \/>\n<meta property=\"og:type\" content=\"article\" \/>\n<meta property=\"og:title\" content=\"Vianoce v Budat\u00edne - Pova\u017esk\u00e9 m\u00fazeum\" \/>\n<meta property=\"og:description\" content=\"Po\u010das tretej adventnej nedele za\u017eijeme v are\u00e1li Budat\u00ednskeho hradu pr\u00edjemn\u00fa viano\u010dn\u00fa atmosf\u00e9ru.Z\u00e1vere\u010dn\u00e9 podujatie roka sa bude kona\u0165 tradi\u010dne pri kaplnke hradu. Od 10.00 poz\u00fdvame n\u00e1v\u0161tevn\u00edkov na mini trhy a tvoriv\u00e9 dielne. Popoludn\u00ed sa v\u010faka divadelno-hrav\u00e9mu zoskupeniu RAZCA staneme s\u00fa\u010das\u0165ou pr\u00edbehu o Je\u017ei\u0161ovi. Kr\u00e1tke predstavenia za\u010d\u00ednaj\u00fa ka\u017ed\u00fa pol hodinu od 13.00 do 14.30. Vrcholom podujatia bude koncert skupiny Musica Temporis v priestoroch kaplnky.\" \/>\n<meta property=\"og:url\" content=\"https:\/\/pmza.sk\/?p=54098\" \/>\n<meta property=\"og:site_name\" content=\"Pova\u017esk\u00e9 m\u00fazeum\" \/>\n<meta property=\"article:publisher\" content=\"https:\/\/www.facebook.com\/povazskemuzeum\" \/>\n<meta property=\"article:published_time\" content=\"2022-11-28T09:19:52+00:00\" \/>\n<meta property=\"article:modified_time\" content=\"2022-12-12T07:19:47+00:00\" \/>\n<meta property=\"og:image\" content=\"https:\/\/pmza.sk\/wp-content\/uploads\/2022\/11\/Vianoce_v_Budatine_web.jpg\" \/>\n\t<meta property=\"og:image:width\" content=\"842\" \/>\n\t<meta property=\"og:image:height\" content=\"842\" \/>\n\t<meta property=\"og:image:type\" content=\"image\/jpeg\" \/>\n<meta name=\"author\" content=\"Pova\u017esk\u00e9 m\u00fazeum\" \/>\n<meta name=\"twitter:card\" content=\"summary_large_image\" \/>\n<meta name=\"twitter:label1\" content=\"Autor\" \/>\n\t<meta name=\"twitter:data1\" content=\"Pova\u017esk\u00e9 m\u00fazeum\" \/>\n\t<meta name=\"twitter:label2\" content=\"Predpokladan\u00fd \u010das \u010d\u00edtania\" \/>\n\t<meta name=\"twitter:data2\" content=\"1 min\u00fata\" \/>\n<script type=\"application\/ld+json\" class=\"yoast-schema-graph\">{\"@context\":\"https:\\\/\\\/schema.org\",\"@graph\":[{\"@type\":\"Article\",\"@id\":\"https:\\\/\\\/pmza.sk\\\/?p=54098#article\",\"isPartOf\":{\"@id\":\"https:\\\/\\\/pmza.sk\\\/?p=54098\"},\"author\":{\"name\":\"Pova\u017esk\u00e9 m\u00fazeum\",\"@id\":\"https:\\\/\\\/pmza.sk\\\/#\\\/schema\\\/person\\\/595e6a2ce731ea94dcd5d7f50a41ae33\"},\"headline\":\"Vianoce v Budat\u00edne\",\"datePublished\":\"2022-11-28T09:19:52+00:00\",\"dateModified\":\"2022-12-12T07:19:47+00:00\",\"mainEntityOfPage\":{\"@id\":\"https:\\\/\\\/pmza.sk\\\/?p=54098\"},\"wordCount\":252,\"commentCount\":1,\"publisher\":{\"@id\":\"https:\\\/\\\/pmza.sk\\\/#organization\"},\"image\":{\"@id\":\"https:\\\/\\\/pmza.sk\\\/?p=54098#primaryimage\"},\"thumbnailUrl\":\"https:\\\/\\\/pmza.sk\\\/wp-content\\\/uploads\\\/2022\\\/11\\\/Vianoce_v_Budatine_web.jpg\",\"articleSection\":[\"Podujatia\"],\"inLanguage\":\"sk-SK\"},{\"@type\":\"WebPage\",\"@id\":\"https:\\\/\\\/pmza.sk\\\/?p=54098\",\"url\":\"https:\\\/\\\/pmza.sk\\\/?p=54098\",\"name\":\"Vianoce v Budat\u00edne - Pova\u017esk\u00e9 m\u00fazeum\",\"isPartOf\":{\"@id\":\"https:\\\/\\\/pmza.sk\\\/#website\"},\"primaryImageOfPage\":{\"@id\":\"https:\\\/\\\/pmza.sk\\\/?p=54098#primaryimage\"},\"image\":{\"@id\":\"https:\\\/\\\/pmza.sk\\\/?p=54098#primaryimage\"},\"thumbnailUrl\":\"https:\\\/\\\/pmza.sk\\\/wp-content\\\/uploads\\\/2022\\\/11\\\/Vianoce_v_Budatine_web.jpg\",\"datePublished\":\"2022-11-28T09:19:52+00:00\",\"dateModified\":\"2022-12-12T07:19:47+00:00\",\"description\":\"Po\u010das tretej adventnej nedele za\u017eijeme v are\u00e1li Budat\u00ednskeho hradu pr\u00edjemn\u00fa viano\u010dn\u00fa atmosf\u00e9ru.Z\u00e1vere\u010dn\u00e9 podujatie roka sa bude kona\u0165 tradi\u010dne pri kaplnke hradu. Od 10.00 poz\u00fdvame n\u00e1v\u0161tevn\u00edkov na mini trhy a tvoriv\u00e9 dielne. Popoludn\u00ed sa v\u010faka divadelno-hrav\u00e9mu zoskupeniu RAZCA staneme s\u00fa\u010das\u0165ou pr\u00edbehu o Je\u017ei\u0161ovi. Kr\u00e1tke predstavenia za\u010d\u00ednaj\u00fa ka\u017ed\u00fa pol hodinu od 13.00 do 14.30. Vrcholom podujatia bude koncert skupiny Musica Temporis v priestoroch kaplnky.\",\"breadcrumb\":{\"@id\":\"https:\\\/\\\/pmza.sk\\\/?p=54098#breadcrumb\"},\"inLanguage\":\"sk-SK\",\"potentialAction\":[{\"@type\":\"ReadAction\",\"target\":[\"https:\\\/\\\/pmza.sk\\\/?p=54098\"]}]},{\"@type\":\"ImageObject\",\"inLanguage\":\"sk-SK\",\"@id\":\"https:\\\/\\\/pmza.sk\\\/?p=54098#primaryimage\",\"url\":\"https:\\\/\\\/pmza.sk\\\/wp-content\\\/uploads\\\/2022\\\/11\\\/Vianoce_v_Budatine_web.jpg\",\"contentUrl\":\"https:\\\/\\\/pmza.sk\\\/wp-content\\\/uploads\\\/2022\\\/11\\\/Vianoce_v_Budatine_web.jpg\",\"width\":842,\"height\":842},{\"@type\":\"BreadcrumbList\",\"@id\":\"https:\\\/\\\/pmza.sk\\\/?p=54098#breadcrumb\",\"itemListElement\":[{\"@type\":\"ListItem\",\"position\":1,\"name\":\"Domovsk\u00e1 str\u00e1nka\",\"item\":\"https:\\\/\\\/pmza.sk\\\/\"},{\"@type\":\"ListItem\",\"position\":2,\"name\":\"Vianoce v Budat\u00edne\"}]},{\"@type\":\"WebSite\",\"@id\":\"https:\\\/\\\/pmza.sk\\\/#website\",\"url\":\"https:\\\/\\\/pmza.sk\\\/\",\"name\":\"Pova\u017esk\u00e9 m\u00fazeum\",\"description\":\"Pova\u017esk\u00e9 m\u00fazeum v \u017diline je region\u00e1lne m\u00fazeum so s\u00eddlom v Budat\u00edne. Jeho expoz\u00edcie s\u00fa zameran\u00e9 na dejiny slovensk\u00e9ho umenia, kult\u00fary a dopravy.\",\"publisher\":{\"@id\":\"https:\\\/\\\/pmza.sk\\\/#organization\"},\"potentialAction\":[{\"@type\":\"SearchAction\",\"target\":{\"@type\":\"EntryPoint\",\"urlTemplate\":\"https:\\\/\\\/pmza.sk\\\/?s={search_term_string}\"},\"query-input\":{\"@type\":\"PropertyValueSpecification\",\"valueRequired\":true,\"valueName\":\"search_term_string\"}}],\"inLanguage\":\"sk-SK\"},{\"@type\":\"Organization\",\"@id\":\"https:\\\/\\\/pmza.sk\\\/#organization\",\"name\":\"Pova\u017esk\u00e9 m\u00fazeum\",\"url\":\"https:\\\/\\\/pmza.sk\\\/\",\"logo\":{\"@type\":\"ImageObject\",\"inLanguage\":\"sk-SK\",\"@id\":\"https:\\\/\\\/pmza.sk\\\/#\\\/schema\\\/logo\\\/image\\\/\",\"url\":\"https:\\\/\\\/pmza.sk\\\/wp-content\\\/uploads\\\/2022\\\/01\\\/logo_PM_horizontal.jpg\",\"contentUrl\":\"https:\\\/\\\/pmza.sk\\\/wp-content\\\/uploads\\\/2022\\\/01\\\/logo_PM_horizontal.jpg\",\"width\":231,\"height\":142,\"caption\":\"Pova\u017esk\u00e9 m\u00fazeum\"},\"image\":{\"@id\":\"https:\\\/\\\/pmza.sk\\\/#\\\/schema\\\/logo\\\/image\\\/\"},\"sameAs\":[\"https:\\\/\\\/www.facebook.com\\\/povazskemuzeum\",\"https:\\\/\\\/www.instagram.com\\\/povazskemuzeum\\\/\"]},{\"@type\":\"Person\",\"@id\":\"https:\\\/\\\/pmza.sk\\\/#\\\/schema\\\/person\\\/595e6a2ce731ea94dcd5d7f50a41ae33\",\"name\":\"Pova\u017esk\u00e9 m\u00fazeum\",\"image\":{\"@type\":\"ImageObject\",\"inLanguage\":\"sk-SK\",\"@id\":\"https:\\\/\\\/secure.gravatar.com\\\/avatar\\\/2bb7f1561282132fb5826dfeccc66c7996d11ee392ac6aaf7ced8a1c2027fbb2?s=96&d=mm&r=g\",\"url\":\"https:\\\/\\\/secure.gravatar.com\\\/avatar\\\/2bb7f1561282132fb5826dfeccc66c7996d11ee392ac6aaf7ced8a1c2027fbb2?s=96&d=mm&r=g\",\"contentUrl\":\"https:\\\/\\\/secure.gravatar.com\\\/avatar\\\/2bb7f1561282132fb5826dfeccc66c7996d11ee392ac6aaf7ced8a1c2027fbb2?s=96&d=mm&r=g\",\"caption\":\"Pova\u017esk\u00e9 m\u00fazeum\"}}]}<\/script>\n<!-- \/ Yoast SEO plugin. -->","yoast_head_json":{"title":"Vianoce v Budat\u00edne - Pova\u017esk\u00e9 m\u00fazeum","description":"Po\u010das tretej adventnej nedele za\u017eijeme v are\u00e1li Budat\u00ednskeho hradu pr\u00edjemn\u00fa viano\u010dn\u00fa atmosf\u00e9ru.Z\u00e1vere\u010dn\u00e9 podujatie roka sa bude kona\u0165 tradi\u010dne pri kaplnke hradu. Od 10.00 poz\u00fdvame n\u00e1v\u0161tevn\u00edkov na mini trhy a tvoriv\u00e9 dielne. Popoludn\u00ed sa v\u010faka divadelno-hrav\u00e9mu zoskupeniu RAZCA staneme s\u00fa\u010das\u0165ou pr\u00edbehu o Je\u017ei\u0161ovi. Kr\u00e1tke predstavenia za\u010d\u00ednaj\u00fa ka\u017ed\u00fa pol hodinu od 13.00 do 14.30. Vrcholom podujatia bude koncert skupiny Musica Temporis v priestoroch kaplnky.","robots":{"index":"index","follow":"follow","max-snippet":"max-snippet:-1","max-image-preview":"max-image-preview:large","max-video-preview":"max-video-preview:-1"},"canonical":"https:\/\/pmza.sk\/?p=54098","og_locale":"sk_SK","og_type":"article","og_title":"Vianoce v Budat\u00edne - Pova\u017esk\u00e9 m\u00fazeum","og_description":"Po\u010das tretej adventnej nedele za\u017eijeme v are\u00e1li Budat\u00ednskeho hradu pr\u00edjemn\u00fa viano\u010dn\u00fa atmosf\u00e9ru.Z\u00e1vere\u010dn\u00e9 podujatie roka sa bude kona\u0165 tradi\u010dne pri kaplnke hradu. Od 10.00 poz\u00fdvame n\u00e1v\u0161tevn\u00edkov na mini trhy a tvoriv\u00e9 dielne. Popoludn\u00ed sa v\u010faka divadelno-hrav\u00e9mu zoskupeniu RAZCA staneme s\u00fa\u010das\u0165ou pr\u00edbehu o Je\u017ei\u0161ovi. Kr\u00e1tke predstavenia za\u010d\u00ednaj\u00fa ka\u017ed\u00fa pol hodinu od 13.00 do 14.30. Vrcholom podujatia bude koncert skupiny Musica Temporis v priestoroch kaplnky.","og_url":"https:\/\/pmza.sk\/?p=54098","og_site_name":"Pova\u017esk\u00e9 m\u00fazeum","article_publisher":"https:\/\/www.facebook.com\/povazskemuzeum","article_published_time":"2022-11-28T09:19:52+00:00","article_modified_time":"2022-12-12T07:19:47+00:00","og_image":[{"width":842,"height":842,"url":"https:\/\/pmza.sk\/wp-content\/uploads\/2022\/11\/Vianoce_v_Budatine_web.jpg","type":"image\/jpeg"}],"author":"Pova\u017esk\u00e9 m\u00fazeum","twitter_card":"summary_large_image","twitter_misc":{"Autor":"Pova\u017esk\u00e9 m\u00fazeum","Predpokladan\u00fd \u010das \u010d\u00edtania":"1 min\u00fata"},"schema":{"@context":"https:\/\/schema.org","@graph":[{"@type":"Article","@id":"https:\/\/pmza.sk\/?p=54098#article","isPartOf":{"@id":"https:\/\/pmza.sk\/?p=54098"},"author":{"name":"Pova\u017esk\u00e9 m\u00fazeum","@id":"https:\/\/pmza.sk\/#\/schema\/person\/595e6a2ce731ea94dcd5d7f50a41ae33"},"headline":"Vianoce v Budat\u00edne","datePublished":"2022-11-28T09:19:52+00:00","dateModified":"2022-12-12T07:19:47+00:00","mainEntityOfPage":{"@id":"https:\/\/pmza.sk\/?p=54098"},"wordCount":252,"commentCount":1,"publisher":{"@id":"https:\/\/pmza.sk\/#organization"},"image":{"@id":"https:\/\/pmza.sk\/?p=54098#primaryimage"},"thumbnailUrl":"https:\/\/pmza.sk\/wp-content\/uploads\/2022\/11\/Vianoce_v_Budatine_web.jpg","articleSection":["Podujatia"],"inLanguage":"sk-SK"},{"@type":"WebPage","@id":"https:\/\/pmza.sk\/?p=54098","url":"https:\/\/pmza.sk\/?p=54098","name":"Vianoce v Budat\u00edne - Pova\u017esk\u00e9 m\u00fazeum","isPartOf":{"@id":"https:\/\/pmza.sk\/#website"},"primaryImageOfPage":{"@id":"https:\/\/pmza.sk\/?p=54098#primaryimage"},"image":{"@id":"https:\/\/pmza.sk\/?p=54098#primaryimage"},"thumbnailUrl":"https:\/\/pmza.sk\/wp-content\/uploads\/2022\/11\/Vianoce_v_Budatine_web.jpg","datePublished":"2022-11-28T09:19:52+00:00","dateModified":"2022-12-12T07:19:47+00:00","description":"Po\u010das tretej adventnej nedele za\u017eijeme v are\u00e1li Budat\u00ednskeho hradu pr\u00edjemn\u00fa viano\u010dn\u00fa atmosf\u00e9ru.Z\u00e1vere\u010dn\u00e9 podujatie roka sa bude kona\u0165 tradi\u010dne pri kaplnke hradu. Od 10.00 poz\u00fdvame n\u00e1v\u0161tevn\u00edkov na mini trhy a tvoriv\u00e9 dielne. Popoludn\u00ed sa v\u010faka divadelno-hrav\u00e9mu zoskupeniu RAZCA staneme s\u00fa\u010das\u0165ou pr\u00edbehu o Je\u017ei\u0161ovi. Kr\u00e1tke predstavenia za\u010d\u00ednaj\u00fa ka\u017ed\u00fa pol hodinu od 13.00 do 14.30. Vrcholom podujatia bude koncert skupiny Musica Temporis v priestoroch kaplnky.","breadcrumb":{"@id":"https:\/\/pmza.sk\/?p=54098#breadcrumb"},"inLanguage":"sk-SK","potentialAction":[{"@type":"ReadAction","target":["https:\/\/pmza.sk\/?p=54098"]}]},{"@type":"ImageObject","inLanguage":"sk-SK","@id":"https:\/\/pmza.sk\/?p=54098#primaryimage","url":"https:\/\/pmza.sk\/wp-content\/uploads\/2022\/11\/Vianoce_v_Budatine_web.jpg","contentUrl":"https:\/\/pmza.sk\/wp-content\/uploads\/2022\/11\/Vianoce_v_Budatine_web.jpg","width":842,"height":842},{"@type":"BreadcrumbList","@id":"https:\/\/pmza.sk\/?p=54098#breadcrumb","itemListElement":[{"@type":"ListItem","position":1,"name":"Domovsk\u00e1 str\u00e1nka","item":"https:\/\/pmza.sk\/"},{"@type":"ListItem","position":2,"name":"Vianoce v Budat\u00edne"}]},{"@type":"WebSite","@id":"https:\/\/pmza.sk\/#website","url":"https:\/\/pmza.sk\/","name":"Pova\u017esk\u00e9 m\u00fazeum","description":"Pova\u017esk\u00e9 m\u00fazeum v \u017diline je region\u00e1lne m\u00fazeum so s\u00eddlom v Budat\u00edne. Jeho expoz\u00edcie s\u00fa zameran\u00e9 na dejiny slovensk\u00e9ho umenia, kult\u00fary a dopravy.","publisher":{"@id":"https:\/\/pmza.sk\/#organization"},"potentialAction":[{"@type":"SearchAction","target":{"@type":"EntryPoint","urlTemplate":"https:\/\/pmza.sk\/?s={search_term_string}"},"query-input":{"@type":"PropertyValueSpecification","valueRequired":true,"valueName":"search_term_string"}}],"inLanguage":"sk-SK"},{"@type":"Organization","@id":"https:\/\/pmza.sk\/#organization","name":"Pova\u017esk\u00e9 m\u00fazeum","url":"https:\/\/pmza.sk\/","logo":{"@type":"ImageObject","inLanguage":"sk-SK","@id":"https:\/\/pmza.sk\/#\/schema\/logo\/image\/","url":"https:\/\/pmza.sk\/wp-content\/uploads\/2022\/01\/logo_PM_horizontal.jpg","contentUrl":"https:\/\/pmza.sk\/wp-content\/uploads\/2022\/01\/logo_PM_horizontal.jpg","width":231,"height":142,"caption":"Pova\u017esk\u00e9 m\u00fazeum"},"image":{"@id":"https:\/\/pmza.sk\/#\/schema\/logo\/image\/"},"sameAs":["https:\/\/www.facebook.com\/povazskemuzeum","https:\/\/www.instagram.com\/povazskemuzeum\/"]},{"@type":"Person","@id":"https:\/\/pmza.sk\/#\/schema\/person\/595e6a2ce731ea94dcd5d7f50a41ae33","name":"Pova\u017esk\u00e9 m\u00fazeum","image":{"@type":"ImageObject","inLanguage":"sk-SK","@id":"https:\/\/secure.gravatar.com\/avatar\/2bb7f1561282132fb5826dfeccc66c7996d11ee392ac6aaf7ced8a1c2027fbb2?s=96&d=mm&r=g","url":"https:\/\/secure.gravatar.com\/avatar\/2bb7f1561282132fb5826dfeccc66c7996d11ee392ac6aaf7ced8a1c2027fbb2?s=96&d=mm&r=g","contentUrl":"https:\/\/secure.gravatar.com\/avatar\/2bb7f1561282132fb5826dfeccc66c7996d11ee392ac6aaf7ced8a1c2027fbb2?s=96&d=mm&r=g","caption":"Pova\u017esk\u00e9 m\u00fazeum"}}]}},"_links":{"self":[{"href":"https:\/\/pmza.sk\/index.php?rest_route=\/wp\/v2\/posts\/54098","targetHints":{"allow":["GET"]}}],"collection":[{"href":"https:\/\/pmza.sk\/index.php?rest_route=\/wp\/v2\/posts"}],"about":[{"href":"https:\/\/pmza.sk\/index.php?rest_route=\/wp\/v2\/types\/post"}],"author":[{"embeddable":true,"href":"https:\/\/pmza.sk\/index.php?rest_route=\/wp\/v2\/users\/2"}],"replies":[{"embeddable":true,"href":"https:\/\/pmza.sk\/index.php?rest_route=%2Fwp%2Fv2%2Fcomments&post=54098"}],"version-history":[{"count":0,"href":"https:\/\/pmza.sk\/index.php?rest_route=\/wp\/v2\/posts\/54098\/revisions"}],"wp:featuredmedia":[{"embeddable":true,"href":"https:\/\/pmza.sk\/index.php?rest_route=\/wp\/v2\/media\/54105"}],"wp:attachment":[{"href":"https:\/\/pmza.sk\/index.php?rest_route=%2Fwp%2Fv2%2Fmedia&parent=54098"}],"wp:term":[{"taxonomy":"category","embeddable":true,"href":"https:\/\/pmza.sk\/index.php?rest_route=%2Fwp%2Fv2%2Fcategories&post=54098"},{"taxonomy":"post_tag","embeddable":true,"href":"https:\/\/pmza.sk\/index.php?rest_route=%2Fwp%2Fv2%2Ftags&post=54098"}],"curies":[{"name":"wp","href":"https:\/\/api.w.org\/{rel}","templated":true}]}}