{"id":5413,"date":"2012-04-20T09:22:12","date_gmt":"2012-04-20T07:22:12","guid":{"rendered":"https:\/\/pmza.sk.sk\/?p=5413"},"modified":"2012-04-20T09:22:12","modified_gmt":"2012-04-20T07:22:12","slug":"zofia-bosniakova-legenda-a-kult","status":"publish","type":"post","link":"https:\/\/pmza.sk\/?p=5413","title":{"rendered":"\u017dofia Bosniakov\u00e1 \u2013 legenda a kult"},"content":{"rendered":"<p><strong><a href=\"https:\/\/pmza.sk\/wp-content\/uploads\/2012\/04\/nova-Zofia.jpg\"><br \/>\n<img fetchpriority=\"high\" decoding=\"async\" class=\"alignleft size-medium wp-image-5414\" style=\"margin: 4px; border: 2px solid black;\" title=\"nova Zofia\" src=\"https:\/\/pmza.sk.sk\/wp-content\/uploads\/2012\/04\/nova-Zofia-300x200.jpg\" alt=\"\" width=\"300\" height=\"200\" \/><\/a><\/strong><strong>\u017dofia Bosniakov\u00e1 \u2013 legenda a\u00a0kult<\/strong> je n\u00e1zov mikroprojektu cezhrani\u010dnej spolupr\u00e1ce Pova\u017esk\u00e9ho m\u00fazea v\u00a0\u017diline a jeho dlhoro\u010dn\u00e9ho po\u013esk\u00e9ho partnera obcou \u015alemie\u0144. Jednou z\u00a0\u00faspe\u0161ne zav\u0155\u0161en\u00fdch aktiv\u00edt, ktor\u00fa v\u00a0s\u00fa\u010dasnosti m\u00f4\u017eu obdivova\u0165 n\u00e1v\u0161tevn\u00edci hradu Stre\u010dno je obnova hradnej kaplnky venovanej patr\u00f3nke hradu , \u017dofii Bosniakovej. Okrem nov\u00fdch vitr\u00e1\u017ei gotick\u00fdch okien sa najv\u00e4\u010d\u0161ej pozornosti te\u0161\u00ed replika \u017dofie, umiestnen\u00e1 v\u00a0sklenenom katafalku v\u00a0otvorenej krypte kaplnky. \u201e<em>T\u00e1to figur\u00edna, vyhotoven\u00e1 zo \u0161peci\u00e1lnej soch\u00e1rskej hliny, je vernou napodobneninou Bosniakovej tak, ako ju pod\u013ea dostupn\u00fdch prame\u0148ov na\u0161li v\u00a0roku 1689 vojsk\u00e1 gr\u00f3fa L\u00f6wenburga<\/em>,\u201c povedal Boris Schubert, riadite\u013e Pova\u017esk\u00e9ho m\u00fazea v\u00a0\u017diline.<!--more--><\/p>\n<p>Realiz\u00e1torom figur\u00edny bol ateli\u00e9r \u017eilinsk\u00e9ho akademick\u00e9ho maliara Stana Lajdu. U\u017e v roku 1995 umelec Lajda nama\u013eoval na objedn\u00e1vku m\u00fazea portr\u00e9ty Franti\u0161ka Ve\u0161el\u00e9niho a\u00a0jeho man\u017eelky \u017dofie, ktor\u00e9 s\u00fa umiestnen\u00e9 v\u00a0kaplnke hradu. Vtedy to bola zauj\u00edmav\u00e1 v\u00fdzva pre maliara, ktor\u00e1 zah\u0155\u0148ala dlhodob\u00e9 \u0161t\u00fadium historick\u00fdch re\u00e1li\u00ed o\u00a0\u017dofii, a vy\u00fastila do \u00a0jeho osobnej zanietenosti do tejto v\u00fdnimo\u010dnej osobnosti. \u201e<em>V\u00a0tragick\u00fd rok up\u00e1lenia \u017dofiinej m\u00famie v\u00a0Tepli\u010dke nad V\u00e1hom, Stano Lajda nav\u0161t\u00edvil Pova\u017esk\u00e9 m\u00fazeum v\u00a0\u017diline s\u00a0my\u0161lienkou a\u00a0mo\u017en\u00fdmi n\u00e1vrhmi vyhotovenia \u017dofiinej repliky,<\/em>\u201c spom\u00edna Boris Schubert. Pr\u00edle\u017eitos\u0165ou realiz\u00e1cie my\u0161lienky sa stal pr\u00e1ve spom\u00ednan\u00fd cezhrani\u010dn\u00fd projekt, ktor\u00fd ju aj finan\u010dne podporil. \u201e <em>Pred tromi rokmi m\u00fazeum vyslovilo nesmiern\u00fa \u013e\u00fatos\u0165 nad ned\u00f4stojnou stratou mumifikovan\u00e9ho tela Bosniakovej v kaplnke v Tepli\u010dke nad V\u00e1hom. Novou replikou chceme symbolicky prinavr\u00e1ti\u0165 \u017dofiu do priestorov, kde dlhodobo \u017eila, a\u00a0tak si neust\u00e1le pripom\u00edna\u0165 jej nad\u010dasov\u00fd odkaz pre \u010fal\u0161ie gener\u00e1cie,<\/em>\u201c\u00a0 dodal Boris Schubert.<\/p>\n<p>Sl\u00e1vnostn\u00e9 otvorenie obnovenej \u017dofiinej kaplnky sa uskuto\u010dn\u00ed v\u00a0piatok <strong>27. apr\u00edla 2012 o\u00a018,00 hod.,<\/strong> v\u00a0predve\u010der 368. v\u00fdro\u010dia od \u017dofiinej smrti. Organiz\u00e1torom je \u017dilinsk\u00fd samospr\u00e1vny kraj a\u00a0Pova\u017esk\u00e9 m\u00fazeum v\u00a0\u017diline.<\/p>\n","protected":false},"excerpt":{"rendered":"<p>\u017dofia Bosniakov\u00e1 \u2013 legenda a\u00a0kult je n\u00e1zov mikroprojektu cezhrani\u010dnej spolupr\u00e1ce Pova\u017esk\u00e9ho m\u00fazea v\u00a0\u017diline a jeho dlhoro\u010dn\u00e9ho po\u013esk\u00e9ho partnera obcou \u015alemie\u0144. Jednou z\u00a0\u00faspe\u0161ne zav\u0155\u0161en\u00fdch aktiv\u00edt, ktor\u00fa v\u00a0s\u00fa\u010dasnosti m\u00f4\u017eu obdivova\u0165 n\u00e1v\u0161tevn\u00edci hradu Stre\u010dno je obnova hradnej kaplnky venovanej patr\u00f3nke hradu , \u017dofii Bosniakovej. Okrem nov\u00fdch vitr\u00e1\u017ei gotick\u00fdch okien sa najv\u00e4\u010d\u0161ej pozornosti te\u0161\u00ed replika \u017dofie, umiestnen\u00e1 v\u00a0sklenenom katafalku [&hellip;]<\/p>\n","protected":false},"author":2,"featured_media":0,"comment_status":"closed","ping_status":"closed","sticky":false,"template":"","format":"standard","meta":{"site-sidebar-layout":"default","site-content-layout":"","ast-site-content-layout":"","site-content-style":"default","site-sidebar-style":"default","ast-global-header-display":"","ast-banner-title-visibility":"","ast-main-header-display":"","ast-hfb-above-header-display":"","ast-hfb-below-header-display":"","ast-hfb-mobile-header-display":"","site-post-title":"","ast-breadcrumbs-content":"","ast-featured-img":"","footer-sml-layout":"","theme-transparent-header-meta":"","adv-header-id-meta":"","stick-header-meta":"","header-above-stick-meta":"","header-main-stick-meta":"","header-below-stick-meta":"","astra-migrate-meta-layouts":"default","ast-page-background-enabled":"default","ast-page-background-meta":{"desktop":{"background-color":"var(--ast-global-color-4)","background-image":"","background-repeat":"repeat","background-position":"center center","background-size":"auto","background-attachment":"scroll","background-type":"","background-media":"","overlay-type":"","overlay-color":"","overlay-opacity":"","overlay-gradient":""},"tablet":{"background-color":"","background-image":"","background-repeat":"repeat","background-position":"center center","background-size":"auto","background-attachment":"scroll","background-type":"","background-media":"","overlay-type":"","overlay-color":"","overlay-opacity":"","overlay-gradient":""},"mobile":{"background-color":"","background-image":"","background-repeat":"repeat","background-position":"center center","background-size":"auto","background-attachment":"scroll","background-type":"","background-media":"","overlay-type":"","overlay-color":"","overlay-opacity":"","overlay-gradient":""}},"ast-content-background-meta":{"desktop":{"background-color":"var(--ast-global-color-5)","background-image":"","background-repeat":"repeat","background-position":"center center","background-size":"auto","background-attachment":"scroll","background-type":"","background-media":"","overlay-type":"","overlay-color":"","overlay-opacity":"","overlay-gradient":""},"tablet":{"background-color":"var(--ast-global-color-5)","background-image":"","background-repeat":"repeat","background-position":"center center","background-size":"auto","background-attachment":"scroll","background-type":"","background-media":"","overlay-type":"","overlay-color":"","overlay-opacity":"","overlay-gradient":""},"mobile":{"background-color":"var(--ast-global-color-5)","background-image":"","background-repeat":"repeat","background-position":"center center","background-size":"auto","background-attachment":"scroll","background-type":"","background-media":"","overlay-type":"","overlay-color":"","overlay-opacity":"","overlay-gradient":""}},"footnotes":""},"categories":[31],"tags":[],"class_list":["post-5413","post","type-post","status-publish","format-standard","hentry","category-aktuality"],"yoast_head":"<!-- This site is optimized with the Yoast SEO plugin v27.4 - https:\/\/yoast.com\/product\/yoast-seo-wordpress\/ -->\n<title>\u017dofia Bosniakov\u00e1 \u2013 legenda a kult - Pova\u017esk\u00e9 m\u00fazeum<\/title>\n<meta name=\"robots\" content=\"index, follow, max-snippet:-1, max-image-preview:large, max-video-preview:-1\" \/>\n<link rel=\"canonical\" href=\"https:\/\/pmza.sk\/?p=5413\" \/>\n<meta property=\"og:locale\" content=\"sk_SK\" \/>\n<meta property=\"og:type\" content=\"article\" \/>\n<meta property=\"og:title\" content=\"\u017dofia Bosniakov\u00e1 \u2013 legenda a kult - Pova\u017esk\u00e9 m\u00fazeum\" \/>\n<meta property=\"og:description\" content=\"\u017dofia Bosniakov\u00e1 \u2013 legenda a\u00a0kult je n\u00e1zov mikroprojektu cezhrani\u010dnej spolupr\u00e1ce Pova\u017esk\u00e9ho m\u00fazea v\u00a0\u017diline a jeho dlhoro\u010dn\u00e9ho po\u013esk\u00e9ho partnera obcou \u015alemie\u0144. Jednou z\u00a0\u00faspe\u0161ne zav\u0155\u0161en\u00fdch aktiv\u00edt, ktor\u00fa v\u00a0s\u00fa\u010dasnosti m\u00f4\u017eu obdivova\u0165 n\u00e1v\u0161tevn\u00edci hradu Stre\u010dno je obnova hradnej kaplnky venovanej patr\u00f3nke hradu , \u017dofii Bosniakovej. Okrem nov\u00fdch vitr\u00e1\u017ei gotick\u00fdch okien sa najv\u00e4\u010d\u0161ej pozornosti te\u0161\u00ed replika \u017dofie, umiestnen\u00e1 v\u00a0sklenenom katafalku [&hellip;]\" \/>\n<meta property=\"og:url\" content=\"https:\/\/pmza.sk\/?p=5413\" \/>\n<meta property=\"og:site_name\" content=\"Pova\u017esk\u00e9 m\u00fazeum\" \/>\n<meta property=\"article:publisher\" content=\"https:\/\/www.facebook.com\/povazskemuzeum\" \/>\n<meta property=\"article:published_time\" content=\"2012-04-20T07:22:12+00:00\" \/>\n<meta property=\"og:image\" content=\"https:\/\/pmza.sk.sk\/wp-content\/uploads\/2012\/04\/nova-Zofia-300x200.jpg\" \/>\n<meta name=\"author\" content=\"Pova\u017esk\u00e9 m\u00fazeum\" \/>\n<meta name=\"twitter:card\" content=\"summary_large_image\" \/>\n<meta name=\"twitter:label1\" content=\"Autor\" \/>\n\t<meta name=\"twitter:data1\" content=\"Pova\u017esk\u00e9 m\u00fazeum\" \/>\n\t<meta name=\"twitter:label2\" content=\"Predpokladan\u00fd \u010das \u010d\u00edtania\" \/>\n\t<meta name=\"twitter:data2\" content=\"2 min\u00faty\" \/>\n<script type=\"application\/ld+json\" class=\"yoast-schema-graph\">{\"@context\":\"https:\\\/\\\/schema.org\",\"@graph\":[{\"@type\":\"Article\",\"@id\":\"https:\\\/\\\/pmza.sk\\\/?p=5413#article\",\"isPartOf\":{\"@id\":\"https:\\\/\\\/pmza.sk\\\/?p=5413\"},\"author\":{\"name\":\"Pova\u017esk\u00e9 m\u00fazeum\",\"@id\":\"https:\\\/\\\/pmza.sk\\\/#\\\/schema\\\/person\\\/595e6a2ce731ea94dcd5d7f50a41ae33\"},\"headline\":\"\u017dofia Bosniakov\u00e1 \u2013 legenda a kult\",\"datePublished\":\"2012-04-20T07:22:12+00:00\",\"mainEntityOfPage\":{\"@id\":\"https:\\\/\\\/pmza.sk\\\/?p=5413\"},\"wordCount\":371,\"publisher\":{\"@id\":\"https:\\\/\\\/pmza.sk\\\/#organization\"},\"image\":{\"@id\":\"https:\\\/\\\/pmza.sk\\\/?p=5413#primaryimage\"},\"thumbnailUrl\":\"http:\\\/\\\/pmza.sk.sk\\\/wp-content\\\/uploads\\\/2012\\\/04\\\/nova-Zofia-300x200.jpg\",\"articleSection\":[\"Aktuality\"],\"inLanguage\":\"sk-SK\"},{\"@type\":\"WebPage\",\"@id\":\"https:\\\/\\\/pmza.sk\\\/?p=5413\",\"url\":\"https:\\\/\\\/pmza.sk\\\/?p=5413\",\"name\":\"\u017dofia Bosniakov\u00e1 \u2013 legenda a kult - Pova\u017esk\u00e9 m\u00fazeum\",\"isPartOf\":{\"@id\":\"https:\\\/\\\/pmza.sk\\\/#website\"},\"primaryImageOfPage\":{\"@id\":\"https:\\\/\\\/pmza.sk\\\/?p=5413#primaryimage\"},\"image\":{\"@id\":\"https:\\\/\\\/pmza.sk\\\/?p=5413#primaryimage\"},\"thumbnailUrl\":\"http:\\\/\\\/pmza.sk.sk\\\/wp-content\\\/uploads\\\/2012\\\/04\\\/nova-Zofia-300x200.jpg\",\"datePublished\":\"2012-04-20T07:22:12+00:00\",\"breadcrumb\":{\"@id\":\"https:\\\/\\\/pmza.sk\\\/?p=5413#breadcrumb\"},\"inLanguage\":\"sk-SK\",\"potentialAction\":[{\"@type\":\"ReadAction\",\"target\":[\"https:\\\/\\\/pmza.sk\\\/?p=5413\"]}]},{\"@type\":\"ImageObject\",\"inLanguage\":\"sk-SK\",\"@id\":\"https:\\\/\\\/pmza.sk\\\/?p=5413#primaryimage\",\"url\":\"http:\\\/\\\/pmza.sk.sk\\\/wp-content\\\/uploads\\\/2012\\\/04\\\/nova-Zofia-300x200.jpg\",\"contentUrl\":\"http:\\\/\\\/pmza.sk.sk\\\/wp-content\\\/uploads\\\/2012\\\/04\\\/nova-Zofia-300x200.jpg\"},{\"@type\":\"BreadcrumbList\",\"@id\":\"https:\\\/\\\/pmza.sk\\\/?p=5413#breadcrumb\",\"itemListElement\":[{\"@type\":\"ListItem\",\"position\":1,\"name\":\"Domovsk\u00e1 str\u00e1nka\",\"item\":\"https:\\\/\\\/pmza.sk\\\/\"},{\"@type\":\"ListItem\",\"position\":2,\"name\":\"\u017dofia Bosniakov\u00e1 \u2013 legenda a kult\"}]},{\"@type\":\"WebSite\",\"@id\":\"https:\\\/\\\/pmza.sk\\\/#website\",\"url\":\"https:\\\/\\\/pmza.sk\\\/\",\"name\":\"Pova\u017esk\u00e9 m\u00fazeum\",\"description\":\"Pova\u017esk\u00e9 m\u00fazeum v \u017diline je region\u00e1lne m\u00fazeum so s\u00eddlom v Budat\u00edne. Jeho expoz\u00edcie s\u00fa zameran\u00e9 na dejiny slovensk\u00e9ho umenia, kult\u00fary a dopravy.\",\"publisher\":{\"@id\":\"https:\\\/\\\/pmza.sk\\\/#organization\"},\"potentialAction\":[{\"@type\":\"SearchAction\",\"target\":{\"@type\":\"EntryPoint\",\"urlTemplate\":\"https:\\\/\\\/pmza.sk\\\/?s={search_term_string}\"},\"query-input\":{\"@type\":\"PropertyValueSpecification\",\"valueRequired\":true,\"valueName\":\"search_term_string\"}}],\"inLanguage\":\"sk-SK\"},{\"@type\":\"Organization\",\"@id\":\"https:\\\/\\\/pmza.sk\\\/#organization\",\"name\":\"Pova\u017esk\u00e9 m\u00fazeum\",\"url\":\"https:\\\/\\\/pmza.sk\\\/\",\"logo\":{\"@type\":\"ImageObject\",\"inLanguage\":\"sk-SK\",\"@id\":\"https:\\\/\\\/pmza.sk\\\/#\\\/schema\\\/logo\\\/image\\\/\",\"url\":\"https:\\\/\\\/pmza.sk\\\/wp-content\\\/uploads\\\/2022\\\/01\\\/logo_PM_horizontal.jpg\",\"contentUrl\":\"https:\\\/\\\/pmza.sk\\\/wp-content\\\/uploads\\\/2022\\\/01\\\/logo_PM_horizontal.jpg\",\"width\":231,\"height\":142,\"caption\":\"Pova\u017esk\u00e9 m\u00fazeum\"},\"image\":{\"@id\":\"https:\\\/\\\/pmza.sk\\\/#\\\/schema\\\/logo\\\/image\\\/\"},\"sameAs\":[\"https:\\\/\\\/www.facebook.com\\\/povazskemuzeum\",\"https:\\\/\\\/www.instagram.com\\\/povazskemuzeum\\\/\"]},{\"@type\":\"Person\",\"@id\":\"https:\\\/\\\/pmza.sk\\\/#\\\/schema\\\/person\\\/595e6a2ce731ea94dcd5d7f50a41ae33\",\"name\":\"Pova\u017esk\u00e9 m\u00fazeum\",\"image\":{\"@type\":\"ImageObject\",\"inLanguage\":\"sk-SK\",\"@id\":\"https:\\\/\\\/secure.gravatar.com\\\/avatar\\\/2bb7f1561282132fb5826dfeccc66c7996d11ee392ac6aaf7ced8a1c2027fbb2?s=96&d=mm&r=g\",\"url\":\"https:\\\/\\\/secure.gravatar.com\\\/avatar\\\/2bb7f1561282132fb5826dfeccc66c7996d11ee392ac6aaf7ced8a1c2027fbb2?s=96&d=mm&r=g\",\"contentUrl\":\"https:\\\/\\\/secure.gravatar.com\\\/avatar\\\/2bb7f1561282132fb5826dfeccc66c7996d11ee392ac6aaf7ced8a1c2027fbb2?s=96&d=mm&r=g\",\"caption\":\"Pova\u017esk\u00e9 m\u00fazeum\"}}]}<\/script>\n<!-- \/ Yoast SEO plugin. -->","yoast_head_json":{"title":"\u017dofia Bosniakov\u00e1 \u2013 legenda a kult - Pova\u017esk\u00e9 m\u00fazeum","robots":{"index":"index","follow":"follow","max-snippet":"max-snippet:-1","max-image-preview":"max-image-preview:large","max-video-preview":"max-video-preview:-1"},"canonical":"https:\/\/pmza.sk\/?p=5413","og_locale":"sk_SK","og_type":"article","og_title":"\u017dofia Bosniakov\u00e1 \u2013 legenda a kult - Pova\u017esk\u00e9 m\u00fazeum","og_description":"\u017dofia Bosniakov\u00e1 \u2013 legenda a\u00a0kult je n\u00e1zov mikroprojektu cezhrani\u010dnej spolupr\u00e1ce Pova\u017esk\u00e9ho m\u00fazea v\u00a0\u017diline a jeho dlhoro\u010dn\u00e9ho po\u013esk\u00e9ho partnera obcou \u015alemie\u0144. Jednou z\u00a0\u00faspe\u0161ne zav\u0155\u0161en\u00fdch aktiv\u00edt, ktor\u00fa v\u00a0s\u00fa\u010dasnosti m\u00f4\u017eu obdivova\u0165 n\u00e1v\u0161tevn\u00edci hradu Stre\u010dno je obnova hradnej kaplnky venovanej patr\u00f3nke hradu , \u017dofii Bosniakovej. Okrem nov\u00fdch vitr\u00e1\u017ei gotick\u00fdch okien sa najv\u00e4\u010d\u0161ej pozornosti te\u0161\u00ed replika \u017dofie, umiestnen\u00e1 v\u00a0sklenenom katafalku [&hellip;]","og_url":"https:\/\/pmza.sk\/?p=5413","og_site_name":"Pova\u017esk\u00e9 m\u00fazeum","article_publisher":"https:\/\/www.facebook.com\/povazskemuzeum","article_published_time":"2012-04-20T07:22:12+00:00","og_image":[{"url":"https:\/\/pmza.sk.sk\/wp-content\/uploads\/2012\/04\/nova-Zofia-300x200.jpg","type":"","width":"","height":""}],"author":"Pova\u017esk\u00e9 m\u00fazeum","twitter_card":"summary_large_image","twitter_misc":{"Autor":"Pova\u017esk\u00e9 m\u00fazeum","Predpokladan\u00fd \u010das \u010d\u00edtania":"2 min\u00faty"},"schema":{"@context":"https:\/\/schema.org","@graph":[{"@type":"Article","@id":"https:\/\/pmza.sk\/?p=5413#article","isPartOf":{"@id":"https:\/\/pmza.sk\/?p=5413"},"author":{"name":"Pova\u017esk\u00e9 m\u00fazeum","@id":"https:\/\/pmza.sk\/#\/schema\/person\/595e6a2ce731ea94dcd5d7f50a41ae33"},"headline":"\u017dofia Bosniakov\u00e1 \u2013 legenda a kult","datePublished":"2012-04-20T07:22:12+00:00","mainEntityOfPage":{"@id":"https:\/\/pmza.sk\/?p=5413"},"wordCount":371,"publisher":{"@id":"https:\/\/pmza.sk\/#organization"},"image":{"@id":"https:\/\/pmza.sk\/?p=5413#primaryimage"},"thumbnailUrl":"https:\/\/pmza.sk.sk\/wp-content\/uploads\/2012\/04\/nova-Zofia-300x200.jpg","articleSection":["Aktuality"],"inLanguage":"sk-SK"},{"@type":"WebPage","@id":"https:\/\/pmza.sk\/?p=5413","url":"https:\/\/pmza.sk\/?p=5413","name":"\u017dofia Bosniakov\u00e1 \u2013 legenda a kult - Pova\u017esk\u00e9 m\u00fazeum","isPartOf":{"@id":"https:\/\/pmza.sk\/#website"},"primaryImageOfPage":{"@id":"https:\/\/pmza.sk\/?p=5413#primaryimage"},"image":{"@id":"https:\/\/pmza.sk\/?p=5413#primaryimage"},"thumbnailUrl":"https:\/\/pmza.sk.sk\/wp-content\/uploads\/2012\/04\/nova-Zofia-300x200.jpg","datePublished":"2012-04-20T07:22:12+00:00","breadcrumb":{"@id":"https:\/\/pmza.sk\/?p=5413#breadcrumb"},"inLanguage":"sk-SK","potentialAction":[{"@type":"ReadAction","target":["https:\/\/pmza.sk\/?p=5413"]}]},{"@type":"ImageObject","inLanguage":"sk-SK","@id":"https:\/\/pmza.sk\/?p=5413#primaryimage","url":"https:\/\/pmza.sk.sk\/wp-content\/uploads\/2012\/04\/nova-Zofia-300x200.jpg","contentUrl":"https:\/\/pmza.sk.sk\/wp-content\/uploads\/2012\/04\/nova-Zofia-300x200.jpg"},{"@type":"BreadcrumbList","@id":"https:\/\/pmza.sk\/?p=5413#breadcrumb","itemListElement":[{"@type":"ListItem","position":1,"name":"Domovsk\u00e1 str\u00e1nka","item":"https:\/\/pmza.sk\/"},{"@type":"ListItem","position":2,"name":"\u017dofia Bosniakov\u00e1 \u2013 legenda a kult"}]},{"@type":"WebSite","@id":"https:\/\/pmza.sk\/#website","url":"https:\/\/pmza.sk\/","name":"Pova\u017esk\u00e9 m\u00fazeum","description":"Pova\u017esk\u00e9 m\u00fazeum v \u017diline je region\u00e1lne m\u00fazeum so s\u00eddlom v Budat\u00edne. Jeho expoz\u00edcie s\u00fa zameran\u00e9 na dejiny slovensk\u00e9ho umenia, kult\u00fary a dopravy.","publisher":{"@id":"https:\/\/pmza.sk\/#organization"},"potentialAction":[{"@type":"SearchAction","target":{"@type":"EntryPoint","urlTemplate":"https:\/\/pmza.sk\/?s={search_term_string}"},"query-input":{"@type":"PropertyValueSpecification","valueRequired":true,"valueName":"search_term_string"}}],"inLanguage":"sk-SK"},{"@type":"Organization","@id":"https:\/\/pmza.sk\/#organization","name":"Pova\u017esk\u00e9 m\u00fazeum","url":"https:\/\/pmza.sk\/","logo":{"@type":"ImageObject","inLanguage":"sk-SK","@id":"https:\/\/pmza.sk\/#\/schema\/logo\/image\/","url":"https:\/\/pmza.sk\/wp-content\/uploads\/2022\/01\/logo_PM_horizontal.jpg","contentUrl":"https:\/\/pmza.sk\/wp-content\/uploads\/2022\/01\/logo_PM_horizontal.jpg","width":231,"height":142,"caption":"Pova\u017esk\u00e9 m\u00fazeum"},"image":{"@id":"https:\/\/pmza.sk\/#\/schema\/logo\/image\/"},"sameAs":["https:\/\/www.facebook.com\/povazskemuzeum","https:\/\/www.instagram.com\/povazskemuzeum\/"]},{"@type":"Person","@id":"https:\/\/pmza.sk\/#\/schema\/person\/595e6a2ce731ea94dcd5d7f50a41ae33","name":"Pova\u017esk\u00e9 m\u00fazeum","image":{"@type":"ImageObject","inLanguage":"sk-SK","@id":"https:\/\/secure.gravatar.com\/avatar\/2bb7f1561282132fb5826dfeccc66c7996d11ee392ac6aaf7ced8a1c2027fbb2?s=96&d=mm&r=g","url":"https:\/\/secure.gravatar.com\/avatar\/2bb7f1561282132fb5826dfeccc66c7996d11ee392ac6aaf7ced8a1c2027fbb2?s=96&d=mm&r=g","contentUrl":"https:\/\/secure.gravatar.com\/avatar\/2bb7f1561282132fb5826dfeccc66c7996d11ee392ac6aaf7ced8a1c2027fbb2?s=96&d=mm&r=g","caption":"Pova\u017esk\u00e9 m\u00fazeum"}}]}},"_links":{"self":[{"href":"https:\/\/pmza.sk\/index.php?rest_route=\/wp\/v2\/posts\/5413","targetHints":{"allow":["GET"]}}],"collection":[{"href":"https:\/\/pmza.sk\/index.php?rest_route=\/wp\/v2\/posts"}],"about":[{"href":"https:\/\/pmza.sk\/index.php?rest_route=\/wp\/v2\/types\/post"}],"author":[{"embeddable":true,"href":"https:\/\/pmza.sk\/index.php?rest_route=\/wp\/v2\/users\/2"}],"replies":[{"embeddable":true,"href":"https:\/\/pmza.sk\/index.php?rest_route=%2Fwp%2Fv2%2Fcomments&post=5413"}],"version-history":[{"count":0,"href":"https:\/\/pmza.sk\/index.php?rest_route=\/wp\/v2\/posts\/5413\/revisions"}],"wp:attachment":[{"href":"https:\/\/pmza.sk\/index.php?rest_route=%2Fwp%2Fv2%2Fmedia&parent=5413"}],"wp:term":[{"taxonomy":"category","embeddable":true,"href":"https:\/\/pmza.sk\/index.php?rest_route=%2Fwp%2Fv2%2Fcategories&post=5413"},{"taxonomy":"post_tag","embeddable":true,"href":"https:\/\/pmza.sk\/index.php?rest_route=%2Fwp%2Fv2%2Ftags&post=5413"}],"curies":[{"name":"wp","href":"https:\/\/api.w.org\/{rel}","templated":true}]}}