{"id":54200,"date":"2022-12-05T14:49:05","date_gmt":"2022-12-05T13:49:05","guid":{"rendered":"https:\/\/pmza.sk\/?p=54200"},"modified":"2023-07-19T08:21:14","modified_gmt":"2023-07-19T06:21:14","slug":"zivot-v-srdci-drotarie","status":"publish","type":"post","link":"https:\/\/pmza.sk\/?p=54200","title":{"rendered":"\u017divot v srdci Drot\u00e1rie"},"content":{"rendered":"<p>V\u00a0decembri to v\u00a0Pova\u017eskom m\u00fazeu \u017eije. Jednou z\u00a0aktiv\u00edt je aj vydanie publik\u00e1cie \u017divot v\u00a0srdci Drot\u00e1rie (Vplyv drot\u00e1rstva na sp\u00f4sob odievania v\u00a0obciach Ve\u013ek\u00e9 Rovn\u00e9 a\u00a0Dlh\u00e9 Pole) a spr\u00edstupnenie v\u00fdstavy s\u00a0rovnomenn\u00fdm n\u00e1zvom. Publik\u00e1ciu venovan\u00fa odevnej kult\u00fare najv\u00fdznamnej\u0161\u00edch drot\u00e1rskych centier severoz\u00e1padn\u00e9ho Slovenska sa podarilo vyda\u0165 v\u010faka podpore Fondu na podporu umenia. Sumarizuje poznatky z\u00edskan\u00e9 priamym v\u00fdskumom v\u00a0ter\u00e9ne, \u0161t\u00fadiom hmotn\u00fdch dokladov ulo\u017een\u00fdch v\u00a0zbierkov\u00fdch fondoch Pova\u017esk\u00e9ho m\u00fazea, Slovensk\u00e9ho n\u00e1rodn\u00e9ho m\u00fazea v\u00a0Martine a\u00a0t\u00fdch, ktor\u00e9 sa nach\u00e1dzaj\u00fa v\u00a0s\u00fakromnom vlastn\u00edctve obyvate\u013eov poch\u00e1dzaj\u00facich z oboch obc\u00ed. <em>\u201ePri jej tvorbe som tie\u017e \u010derpala zo star\u0161\u00edch v\u00fdskumn\u00fdch projektov a z\u00a0inform\u00e1ci\u00ed v\u00a0odbornej literat\u00fare \u010di\u00a0v dobovej tla\u010di.\u00a0 Textov\u00fa \u010das\u0165 obohacuje rozsiahly s\u00fabor fotografi\u00ed p\u00f4vodn\u00fdch odevn\u00fdch s\u00fa\u010dast\u00ed,\u00a0dobov\u00fdch sn\u00edmok z\u00e1mo\u017en\u00fdch majstrov a\u00a0ich rod\u00edn, ale aj\u00a0umeleck\u00fdch vyobrazen\u00ed drot\u00e1rov. Problematika je tak predstaven\u00e1 v ucelenej podobe cez spomienky pam\u00e4tn\u00edkov, dostupn\u00e9 p\u00edsomn\u00e9 pramene a najm\u00e4\u00a0autentick\u00e9 zbierkov\u00e9 predmety,\u201c <\/em>vysvet\u013euje autorka publik\u00e1cie \u2013 etnologi\u010dka Katar\u00edna Kendrov\u00e1.<\/p>\n<p>Publik\u00e1cia bude do \u017eivota uveden\u00e1 vo \u0161tvrtok 15. decembra o 16.00 v Drot\u00e1rskom pavil\u00f3ne v are\u00e1li Budat\u00ednskeho hradu. V tom \u010dase sa bude toti\u017e kona\u0165 aj sl\u00e1vnostn\u00e9 otvorenie v\u00fdstavy \u017divot v srdci Drot\u00e1rie. V r\u00e1mci kult\u00farneho programu vyst\u00fapia folkloristi z obc\u00ed Dlh\u00e9 Pole a Ve\u013ek\u00e9 Rovn\u00e9. V\u00fdstava n\u00e1v\u0161tevn\u00edkom predstav\u00ed viac ako 80 odevn\u00fdch zbierok, poch\u00e1dzaj\u00facich takmer v\u00fdlu\u010dne z fondov Pova\u017esk\u00e9ho m\u00fazea. Ide najm\u00e4 o \u017eensk\u00fd odev, ktor\u00fd v obciach pretrv\u00e1val podstatne dlh\u0161ie ako mu\u017esk\u00fd, a preto sa zachoval aj v pomerne ve\u013ekom po\u010dte. <em>\u201eNajstar\u0161ie archaick\u00e9 expon\u00e1ty s\u00fa z\u00a0konca 19. storo\u010dia a zdoben\u00e9 jemnou v\u00fd\u0161ivkou hodv\u00e1bnou priadzou. V\u00fdstava pribl\u00ed\u017ei nielen tradi\u010dn\u00e9 odevn\u00e9 diely, ale najm\u00e4 tie, ktor\u00e9 pod vplyvom drot\u00e1rstva ve\u013emi r\u00fdchlo prijali mestsk\u00e9 trendy v obliekan\u00ed a\u00a0vyzna\u010dovali sa nielen nev\u0161edn\u00fdm materi\u00e1lom, ale i v\u00fdzdobn\u00fdmi prvkami. In\u0161tal\u00e1ciu vhodne doplnia zauj\u00edmav\u00e9 drot\u00e1rske v\u00fdrobky a\u00a0historick\u00e9 zbierky s\u00favisiace s\u00a0\u00fapravou odevu,\u201c <\/em>pribl\u00ed\u017eila Katar\u00edna Kendrov\u00e1.<\/p>\n<p>V\u00fdstava bude pre verejnos\u0165 pr\u00edstupn\u00e1 do 16. j\u00fala 2023 v \u010dase be\u017en\u00fdch otv\u00e1rac\u00edch hod\u00edn.<\/p>\n<p>Projekt z verejn\u00fdch zdrojov podporil Fond na podporu umenia.<\/p>\n<p><img decoding=\"async\" class=\"alignnone size-full wp-image-54201\" src=\"https:\/\/pmza.sk\/wp-content\/uploads\/2022\/12\/FPU_logo1_modre-\u2013-kopia.jpg\" alt=\"\" width=\"211\" height=\"121\" \/><\/p>\n<div>\n<div class=\"wp-block-image\"><img fetchpriority=\"high\" decoding=\"async\" class=\"alignnone size-medium wp-image-56876\" src=\"https:\/\/pmza.sk\/wp-content\/uploads\/2022\/12\/Drotaria_zmena-1-254x360.jpg\" alt=\"\" width=\"254\" height=\"360\" srcset=\"https:\/\/pmza.sk\/wp-content\/uploads\/2022\/12\/Drotaria_zmena-1-254x360.jpg 254w, https:\/\/pmza.sk\/wp-content\/uploads\/2022\/12\/Drotaria_zmena-1-520x736.jpg 520w, https:\/\/pmza.sk\/wp-content\/uploads\/2022\/12\/Drotaria_zmena-1-768x1087.jpg 768w, https:\/\/pmza.sk\/wp-content\/uploads\/2022\/12\/Drotaria_zmena-1-1086x1536.jpg 1086w, https:\/\/pmza.sk\/wp-content\/uploads\/2022\/12\/Drotaria_zmena-1-1448x2048.jpg 1448w, https:\/\/pmza.sk\/wp-content\/uploads\/2022\/12\/Drotaria_zmena-1-600x849.jpg 600w, https:\/\/pmza.sk\/wp-content\/uploads\/2022\/12\/Drotaria_zmena-1.jpg 1683w\" sizes=\"(max-width: 254px) 100vw, 254px\" \/><\/div>\n<\/div>\n<div>\n<div class=\"wp-block-image\"><\/div>\n<\/div>\n<div><\/div>\n<div>Plag\u00e1t v plnej ve\u013ekosti <a href=\"https:\/\/pmza.sk\/wp-content\/uploads\/2022\/12\/Drotaria_zmena-1.pdf\">TU<\/a><\/div>\n<p>&nbsp;<\/p>\n","protected":false},"excerpt":{"rendered":"<p>V\u00a0decembri to v\u00a0Pova\u017eskom m\u00fazeu \u017eije. Jednou z\u00a0aktiv\u00edt je aj vydanie publik\u00e1cie \u017divot v\u00a0srdci Drot\u00e1rie (Vplyv drot\u00e1rstva na sp\u00f4sob odievania v\u00a0obciach Ve\u013ek\u00e9 Rovn\u00e9 a\u00a0Dlh\u00e9 Pole) a spr\u00edstupnenie v\u00fdstavy s\u00a0rovnomenn\u00fdm n\u00e1zvom. Publik\u00e1ciu venovan\u00fa odevnej kult\u00fare najv\u00fdznamnej\u0161\u00edch drot\u00e1rskych centier severoz\u00e1padn\u00e9ho Slovenska sa podarilo vyda\u0165 v\u010faka podpore Fondu na podporu umenia. Sumarizuje poznatky z\u00edskan\u00e9 priamym v\u00fdskumom v\u00a0ter\u00e9ne, \u0161t\u00fadiom hmotn\u00fdch [&hellip;]<\/p>\n","protected":false},"author":2,"featured_media":56875,"comment_status":"open","ping_status":"open","sticky":false,"template":"","format":"standard","meta":{"site-sidebar-layout":"default","site-content-layout":"default","ast-site-content-layout":"","site-content-style":"default","site-sidebar-style":"default","ast-global-header-display":"","ast-banner-title-visibility":"","ast-main-header-display":"","ast-hfb-above-header-display":"","ast-hfb-below-header-display":"","ast-hfb-mobile-header-display":"","site-post-title":"","ast-breadcrumbs-content":"","ast-featured-img":"","footer-sml-layout":"","theme-transparent-header-meta":"default","adv-header-id-meta":"","stick-header-meta":"default","header-above-stick-meta":"","header-main-stick-meta":"","header-below-stick-meta":"","astra-migrate-meta-layouts":"default","ast-page-background-enabled":"default","ast-page-background-meta":{"desktop":{"background-color":"var(--ast-global-color-4)","background-image":"","background-repeat":"repeat","background-position":"center center","background-size":"auto","background-attachment":"scroll","background-type":"","background-media":"","overlay-type":"","overlay-color":"","overlay-opacity":"","overlay-gradient":""},"tablet":{"background-color":"","background-image":"","background-repeat":"repeat","background-position":"center center","background-size":"auto","background-attachment":"scroll","background-type":"","background-media":"","overlay-type":"","overlay-color":"","overlay-opacity":"","overlay-gradient":""},"mobile":{"background-color":"","background-image":"","background-repeat":"repeat","background-position":"center center","background-size":"auto","background-attachment":"scroll","background-type":"","background-media":"","overlay-type":"","overlay-color":"","overlay-opacity":"","overlay-gradient":""}},"ast-content-background-meta":{"desktop":{"background-color":"var(--ast-global-color-5)","background-image":"","background-repeat":"repeat","background-position":"center center","background-size":"auto","background-attachment":"scroll","background-type":"","background-media":"","overlay-type":"","overlay-color":"","overlay-opacity":"","overlay-gradient":""},"tablet":{"background-color":"var(--ast-global-color-5)","background-image":"","background-repeat":"repeat","background-position":"center center","background-size":"auto","background-attachment":"scroll","background-type":"","background-media":"","overlay-type":"","overlay-color":"","overlay-opacity":"","overlay-gradient":""},"mobile":{"background-color":"var(--ast-global-color-5)","background-image":"","background-repeat":"repeat","background-position":"center center","background-size":"auto","background-attachment":"scroll","background-type":"","background-media":"","overlay-type":"","overlay-color":"","overlay-opacity":"","overlay-gradient":""}},"footnotes":""},"categories":[72],"tags":[],"class_list":["post-54200","post","type-post","status-publish","format-standard","has-post-thumbnail","hentry","category-vystavy"],"yoast_head":"<!-- This site is optimized with the Yoast SEO plugin v27.4 - https:\/\/yoast.com\/product\/yoast-seo-wordpress\/ -->\n<title>\u017divot v srdci Drot\u00e1rie - Pova\u017esk\u00e9 m\u00fazeum<\/title>\n<meta name=\"description\" content=\"V\u00a0decembri to v\u00a0Pova\u017eskom m\u00fazeu \u017eije. Jednou z\u00a0aktiv\u00edt je aj vydanie publik\u00e1cie \u017divot v\u00a0srdci Drot\u00e1rie (Vplyv drot\u00e1rstva na sp\u00f4sob odievania v\u00a0obciach Ve\u013ek\u00e9 Rovn\u00e9 a\u00a0Dlh\u00e9 Pole) a spr\u00edstupnenie v\u00fdstavy s\u00a0rovnomenn\u00fdm n\u00e1zvom. Publik\u00e1ciu venovan\u00fa odevnej kult\u00fare najv\u00fdznamnej\u0161\u00edch drot\u00e1rskych centier severoz\u00e1padn\u00e9ho Slovenska sa podarilo vyda\u0165 v\u010faka podpore Fondu na podporu umenia. Publik\u00e1cia bude do \u017eivota uveden\u00e1 vo \u0161tvrtok 15. decembra o 16.00 v Drot\u00e1rskom pavil\u00f3ne v are\u00e1li Budat\u00ednskeho hradu. V tom \u010dase sa bude toti\u017e kona\u0165 aj sl\u00e1vnostn\u00e9 otvorenie v\u00fdstavy \u017divot v srdci Drot\u00e1rie.\" \/>\n<meta name=\"robots\" content=\"index, follow, max-snippet:-1, max-image-preview:large, max-video-preview:-1\" \/>\n<link rel=\"canonical\" href=\"https:\/\/pmza.sk\/?p=54200\" \/>\n<meta property=\"og:locale\" content=\"sk_SK\" \/>\n<meta property=\"og:type\" content=\"article\" \/>\n<meta property=\"og:title\" content=\"\u017divot v srdci Drot\u00e1rie - Pova\u017esk\u00e9 m\u00fazeum\" \/>\n<meta property=\"og:description\" content=\"V\u00a0decembri to v\u00a0Pova\u017eskom m\u00fazeu \u017eije. Jednou z\u00a0aktiv\u00edt je aj vydanie publik\u00e1cie \u017divot v\u00a0srdci Drot\u00e1rie (Vplyv drot\u00e1rstva na sp\u00f4sob odievania v\u00a0obciach Ve\u013ek\u00e9 Rovn\u00e9 a\u00a0Dlh\u00e9 Pole) a spr\u00edstupnenie v\u00fdstavy s\u00a0rovnomenn\u00fdm n\u00e1zvom. Publik\u00e1ciu venovan\u00fa odevnej kult\u00fare najv\u00fdznamnej\u0161\u00edch drot\u00e1rskych centier severoz\u00e1padn\u00e9ho Slovenska sa podarilo vyda\u0165 v\u010faka podpore Fondu na podporu umenia. Publik\u00e1cia bude do \u017eivota uveden\u00e1 vo \u0161tvrtok 15. decembra o 16.00 v Drot\u00e1rskom pavil\u00f3ne v are\u00e1li Budat\u00ednskeho hradu. V tom \u010dase sa bude toti\u017e kona\u0165 aj sl\u00e1vnostn\u00e9 otvorenie v\u00fdstavy \u017divot v srdci Drot\u00e1rie.\" \/>\n<meta property=\"og:url\" content=\"https:\/\/pmza.sk\/?p=54200\" \/>\n<meta property=\"og:site_name\" content=\"Pova\u017esk\u00e9 m\u00fazeum\" \/>\n<meta property=\"article:publisher\" content=\"https:\/\/www.facebook.com\/povazskemuzeum\" \/>\n<meta property=\"article:published_time\" content=\"2022-12-05T13:49:05+00:00\" \/>\n<meta property=\"article:modified_time\" content=\"2023-07-19T06:21:14+00:00\" \/>\n<meta property=\"og:image\" content=\"https:\/\/pmza.sk\/wp-content\/uploads\/2022\/12\/Drotaria_web_zmena-1-scaled.jpg\" \/>\n\t<meta property=\"og:image:width\" content=\"2560\" \/>\n\t<meta property=\"og:image:height\" content=\"2560\" \/>\n\t<meta property=\"og:image:type\" content=\"image\/jpeg\" \/>\n<meta name=\"author\" content=\"Pova\u017esk\u00e9 m\u00fazeum\" \/>\n<meta name=\"twitter:card\" content=\"summary_large_image\" \/>\n<meta name=\"twitter:label1\" content=\"Autor\" \/>\n\t<meta name=\"twitter:data1\" content=\"Pova\u017esk\u00e9 m\u00fazeum\" \/>\n\t<meta name=\"twitter:label2\" content=\"Predpokladan\u00fd \u010das \u010d\u00edtania\" \/>\n\t<meta name=\"twitter:data2\" content=\"2 min\u00faty\" \/>\n<script type=\"application\/ld+json\" class=\"yoast-schema-graph\">{\"@context\":\"https:\\\/\\\/schema.org\",\"@graph\":[{\"@type\":\"Article\",\"@id\":\"https:\\\/\\\/pmza.sk\\\/?p=54200#article\",\"isPartOf\":{\"@id\":\"https:\\\/\\\/pmza.sk\\\/?p=54200\"},\"author\":{\"name\":\"Pova\u017esk\u00e9 m\u00fazeum\",\"@id\":\"https:\\\/\\\/pmza.sk\\\/#\\\/schema\\\/person\\\/595e6a2ce731ea94dcd5d7f50a41ae33\"},\"headline\":\"\u017divot v srdci Drot\u00e1rie\",\"datePublished\":\"2022-12-05T13:49:05+00:00\",\"dateModified\":\"2023-07-19T06:21:14+00:00\",\"mainEntityOfPage\":{\"@id\":\"https:\\\/\\\/pmza.sk\\\/?p=54200\"},\"wordCount\":457,\"commentCount\":0,\"publisher\":{\"@id\":\"https:\\\/\\\/pmza.sk\\\/#organization\"},\"image\":{\"@id\":\"https:\\\/\\\/pmza.sk\\\/?p=54200#primaryimage\"},\"thumbnailUrl\":\"https:\\\/\\\/pmza.sk\\\/wp-content\\\/uploads\\\/2022\\\/12\\\/Drotaria_web_zmena-1-scaled.jpg\",\"articleSection\":[\"V\u00fdstavy\"],\"inLanguage\":\"sk-SK\"},{\"@type\":\"WebPage\",\"@id\":\"https:\\\/\\\/pmza.sk\\\/?p=54200\",\"url\":\"https:\\\/\\\/pmza.sk\\\/?p=54200\",\"name\":\"\u017divot v srdci Drot\u00e1rie - Pova\u017esk\u00e9 m\u00fazeum\",\"isPartOf\":{\"@id\":\"https:\\\/\\\/pmza.sk\\\/#website\"},\"primaryImageOfPage\":{\"@id\":\"https:\\\/\\\/pmza.sk\\\/?p=54200#primaryimage\"},\"image\":{\"@id\":\"https:\\\/\\\/pmza.sk\\\/?p=54200#primaryimage\"},\"thumbnailUrl\":\"https:\\\/\\\/pmza.sk\\\/wp-content\\\/uploads\\\/2022\\\/12\\\/Drotaria_web_zmena-1-scaled.jpg\",\"datePublished\":\"2022-12-05T13:49:05+00:00\",\"dateModified\":\"2023-07-19T06:21:14+00:00\",\"description\":\"V\u00a0decembri to v\u00a0Pova\u017eskom m\u00fazeu \u017eije. Jednou z\u00a0aktiv\u00edt je aj vydanie publik\u00e1cie \u017divot v\u00a0srdci Drot\u00e1rie (Vplyv drot\u00e1rstva na sp\u00f4sob odievania v\u00a0obciach Ve\u013ek\u00e9 Rovn\u00e9 a\u00a0Dlh\u00e9 Pole) a spr\u00edstupnenie v\u00fdstavy s\u00a0rovnomenn\u00fdm n\u00e1zvom. Publik\u00e1ciu venovan\u00fa odevnej kult\u00fare najv\u00fdznamnej\u0161\u00edch drot\u00e1rskych centier severoz\u00e1padn\u00e9ho Slovenska sa podarilo vyda\u0165 v\u010faka podpore Fondu na podporu umenia. Publik\u00e1cia bude do \u017eivota uveden\u00e1 vo \u0161tvrtok 15. decembra o 16.00 v Drot\u00e1rskom pavil\u00f3ne v are\u00e1li Budat\u00ednskeho hradu. V tom \u010dase sa bude toti\u017e kona\u0165 aj sl\u00e1vnostn\u00e9 otvorenie v\u00fdstavy \u017divot v srdci Drot\u00e1rie.\",\"breadcrumb\":{\"@id\":\"https:\\\/\\\/pmza.sk\\\/?p=54200#breadcrumb\"},\"inLanguage\":\"sk-SK\",\"potentialAction\":[{\"@type\":\"ReadAction\",\"target\":[\"https:\\\/\\\/pmza.sk\\\/?p=54200\"]}]},{\"@type\":\"ImageObject\",\"inLanguage\":\"sk-SK\",\"@id\":\"https:\\\/\\\/pmza.sk\\\/?p=54200#primaryimage\",\"url\":\"https:\\\/\\\/pmza.sk\\\/wp-content\\\/uploads\\\/2022\\\/12\\\/Drotaria_web_zmena-1-scaled.jpg\",\"contentUrl\":\"https:\\\/\\\/pmza.sk\\\/wp-content\\\/uploads\\\/2022\\\/12\\\/Drotaria_web_zmena-1-scaled.jpg\",\"width\":2560,\"height\":2560},{\"@type\":\"BreadcrumbList\",\"@id\":\"https:\\\/\\\/pmza.sk\\\/?p=54200#breadcrumb\",\"itemListElement\":[{\"@type\":\"ListItem\",\"position\":1,\"name\":\"Domovsk\u00e1 str\u00e1nka\",\"item\":\"https:\\\/\\\/pmza.sk\\\/\"},{\"@type\":\"ListItem\",\"position\":2,\"name\":\"\u017divot v srdci Drot\u00e1rie\"}]},{\"@type\":\"WebSite\",\"@id\":\"https:\\\/\\\/pmza.sk\\\/#website\",\"url\":\"https:\\\/\\\/pmza.sk\\\/\",\"name\":\"Pova\u017esk\u00e9 m\u00fazeum\",\"description\":\"Pova\u017esk\u00e9 m\u00fazeum v \u017diline je region\u00e1lne m\u00fazeum so s\u00eddlom v Budat\u00edne. Jeho expoz\u00edcie s\u00fa zameran\u00e9 na dejiny slovensk\u00e9ho umenia, kult\u00fary a dopravy.\",\"publisher\":{\"@id\":\"https:\\\/\\\/pmza.sk\\\/#organization\"},\"potentialAction\":[{\"@type\":\"SearchAction\",\"target\":{\"@type\":\"EntryPoint\",\"urlTemplate\":\"https:\\\/\\\/pmza.sk\\\/?s={search_term_string}\"},\"query-input\":{\"@type\":\"PropertyValueSpecification\",\"valueRequired\":true,\"valueName\":\"search_term_string\"}}],\"inLanguage\":\"sk-SK\"},{\"@type\":\"Organization\",\"@id\":\"https:\\\/\\\/pmza.sk\\\/#organization\",\"name\":\"Pova\u017esk\u00e9 m\u00fazeum\",\"url\":\"https:\\\/\\\/pmza.sk\\\/\",\"logo\":{\"@type\":\"ImageObject\",\"inLanguage\":\"sk-SK\",\"@id\":\"https:\\\/\\\/pmza.sk\\\/#\\\/schema\\\/logo\\\/image\\\/\",\"url\":\"https:\\\/\\\/pmza.sk\\\/wp-content\\\/uploads\\\/2022\\\/01\\\/logo_PM_horizontal.jpg\",\"contentUrl\":\"https:\\\/\\\/pmza.sk\\\/wp-content\\\/uploads\\\/2022\\\/01\\\/logo_PM_horizontal.jpg\",\"width\":231,\"height\":142,\"caption\":\"Pova\u017esk\u00e9 m\u00fazeum\"},\"image\":{\"@id\":\"https:\\\/\\\/pmza.sk\\\/#\\\/schema\\\/logo\\\/image\\\/\"},\"sameAs\":[\"https:\\\/\\\/www.facebook.com\\\/povazskemuzeum\",\"https:\\\/\\\/www.instagram.com\\\/povazskemuzeum\\\/\"]},{\"@type\":\"Person\",\"@id\":\"https:\\\/\\\/pmza.sk\\\/#\\\/schema\\\/person\\\/595e6a2ce731ea94dcd5d7f50a41ae33\",\"name\":\"Pova\u017esk\u00e9 m\u00fazeum\",\"image\":{\"@type\":\"ImageObject\",\"inLanguage\":\"sk-SK\",\"@id\":\"https:\\\/\\\/secure.gravatar.com\\\/avatar\\\/2bb7f1561282132fb5826dfeccc66c7996d11ee392ac6aaf7ced8a1c2027fbb2?s=96&d=mm&r=g\",\"url\":\"https:\\\/\\\/secure.gravatar.com\\\/avatar\\\/2bb7f1561282132fb5826dfeccc66c7996d11ee392ac6aaf7ced8a1c2027fbb2?s=96&d=mm&r=g\",\"contentUrl\":\"https:\\\/\\\/secure.gravatar.com\\\/avatar\\\/2bb7f1561282132fb5826dfeccc66c7996d11ee392ac6aaf7ced8a1c2027fbb2?s=96&d=mm&r=g\",\"caption\":\"Pova\u017esk\u00e9 m\u00fazeum\"}}]}<\/script>\n<!-- \/ Yoast SEO plugin. -->","yoast_head_json":{"title":"\u017divot v srdci Drot\u00e1rie - Pova\u017esk\u00e9 m\u00fazeum","description":"V\u00a0decembri to v\u00a0Pova\u017eskom m\u00fazeu \u017eije. Jednou z\u00a0aktiv\u00edt je aj vydanie publik\u00e1cie \u017divot v\u00a0srdci Drot\u00e1rie (Vplyv drot\u00e1rstva na sp\u00f4sob odievania v\u00a0obciach Ve\u013ek\u00e9 Rovn\u00e9 a\u00a0Dlh\u00e9 Pole) a spr\u00edstupnenie v\u00fdstavy s\u00a0rovnomenn\u00fdm n\u00e1zvom. Publik\u00e1ciu venovan\u00fa odevnej kult\u00fare najv\u00fdznamnej\u0161\u00edch drot\u00e1rskych centier severoz\u00e1padn\u00e9ho Slovenska sa podarilo vyda\u0165 v\u010faka podpore Fondu na podporu umenia. Publik\u00e1cia bude do \u017eivota uveden\u00e1 vo \u0161tvrtok 15. decembra o 16.00 v Drot\u00e1rskom pavil\u00f3ne v are\u00e1li Budat\u00ednskeho hradu. V tom \u010dase sa bude toti\u017e kona\u0165 aj sl\u00e1vnostn\u00e9 otvorenie v\u00fdstavy \u017divot v srdci Drot\u00e1rie.","robots":{"index":"index","follow":"follow","max-snippet":"max-snippet:-1","max-image-preview":"max-image-preview:large","max-video-preview":"max-video-preview:-1"},"canonical":"https:\/\/pmza.sk\/?p=54200","og_locale":"sk_SK","og_type":"article","og_title":"\u017divot v srdci Drot\u00e1rie - Pova\u017esk\u00e9 m\u00fazeum","og_description":"V\u00a0decembri to v\u00a0Pova\u017eskom m\u00fazeu \u017eije. Jednou z\u00a0aktiv\u00edt je aj vydanie publik\u00e1cie \u017divot v\u00a0srdci Drot\u00e1rie (Vplyv drot\u00e1rstva na sp\u00f4sob odievania v\u00a0obciach Ve\u013ek\u00e9 Rovn\u00e9 a\u00a0Dlh\u00e9 Pole) a spr\u00edstupnenie v\u00fdstavy s\u00a0rovnomenn\u00fdm n\u00e1zvom. Publik\u00e1ciu venovan\u00fa odevnej kult\u00fare najv\u00fdznamnej\u0161\u00edch drot\u00e1rskych centier severoz\u00e1padn\u00e9ho Slovenska sa podarilo vyda\u0165 v\u010faka podpore Fondu na podporu umenia. Publik\u00e1cia bude do \u017eivota uveden\u00e1 vo \u0161tvrtok 15. decembra o 16.00 v Drot\u00e1rskom pavil\u00f3ne v are\u00e1li Budat\u00ednskeho hradu. V tom \u010dase sa bude toti\u017e kona\u0165 aj sl\u00e1vnostn\u00e9 otvorenie v\u00fdstavy \u017divot v srdci Drot\u00e1rie.","og_url":"https:\/\/pmza.sk\/?p=54200","og_site_name":"Pova\u017esk\u00e9 m\u00fazeum","article_publisher":"https:\/\/www.facebook.com\/povazskemuzeum","article_published_time":"2022-12-05T13:49:05+00:00","article_modified_time":"2023-07-19T06:21:14+00:00","og_image":[{"width":2560,"height":2560,"url":"https:\/\/pmza.sk\/wp-content\/uploads\/2022\/12\/Drotaria_web_zmena-1-scaled.jpg","type":"image\/jpeg"}],"author":"Pova\u017esk\u00e9 m\u00fazeum","twitter_card":"summary_large_image","twitter_misc":{"Autor":"Pova\u017esk\u00e9 m\u00fazeum","Predpokladan\u00fd \u010das \u010d\u00edtania":"2 min\u00faty"},"schema":{"@context":"https:\/\/schema.org","@graph":[{"@type":"Article","@id":"https:\/\/pmza.sk\/?p=54200#article","isPartOf":{"@id":"https:\/\/pmza.sk\/?p=54200"},"author":{"name":"Pova\u017esk\u00e9 m\u00fazeum","@id":"https:\/\/pmza.sk\/#\/schema\/person\/595e6a2ce731ea94dcd5d7f50a41ae33"},"headline":"\u017divot v srdci Drot\u00e1rie","datePublished":"2022-12-05T13:49:05+00:00","dateModified":"2023-07-19T06:21:14+00:00","mainEntityOfPage":{"@id":"https:\/\/pmza.sk\/?p=54200"},"wordCount":457,"commentCount":0,"publisher":{"@id":"https:\/\/pmza.sk\/#organization"},"image":{"@id":"https:\/\/pmza.sk\/?p=54200#primaryimage"},"thumbnailUrl":"https:\/\/pmza.sk\/wp-content\/uploads\/2022\/12\/Drotaria_web_zmena-1-scaled.jpg","articleSection":["V\u00fdstavy"],"inLanguage":"sk-SK"},{"@type":"WebPage","@id":"https:\/\/pmza.sk\/?p=54200","url":"https:\/\/pmza.sk\/?p=54200","name":"\u017divot v srdci Drot\u00e1rie - Pova\u017esk\u00e9 m\u00fazeum","isPartOf":{"@id":"https:\/\/pmza.sk\/#website"},"primaryImageOfPage":{"@id":"https:\/\/pmza.sk\/?p=54200#primaryimage"},"image":{"@id":"https:\/\/pmza.sk\/?p=54200#primaryimage"},"thumbnailUrl":"https:\/\/pmza.sk\/wp-content\/uploads\/2022\/12\/Drotaria_web_zmena-1-scaled.jpg","datePublished":"2022-12-05T13:49:05+00:00","dateModified":"2023-07-19T06:21:14+00:00","description":"V\u00a0decembri to v\u00a0Pova\u017eskom m\u00fazeu \u017eije. Jednou z\u00a0aktiv\u00edt je aj vydanie publik\u00e1cie \u017divot v\u00a0srdci Drot\u00e1rie (Vplyv drot\u00e1rstva na sp\u00f4sob odievania v\u00a0obciach Ve\u013ek\u00e9 Rovn\u00e9 a\u00a0Dlh\u00e9 Pole) a spr\u00edstupnenie v\u00fdstavy s\u00a0rovnomenn\u00fdm n\u00e1zvom. Publik\u00e1ciu venovan\u00fa odevnej kult\u00fare najv\u00fdznamnej\u0161\u00edch drot\u00e1rskych centier severoz\u00e1padn\u00e9ho Slovenska sa podarilo vyda\u0165 v\u010faka podpore Fondu na podporu umenia. Publik\u00e1cia bude do \u017eivota uveden\u00e1 vo \u0161tvrtok 15. decembra o 16.00 v Drot\u00e1rskom pavil\u00f3ne v are\u00e1li Budat\u00ednskeho hradu. V tom \u010dase sa bude toti\u017e kona\u0165 aj sl\u00e1vnostn\u00e9 otvorenie v\u00fdstavy \u017divot v srdci Drot\u00e1rie.","breadcrumb":{"@id":"https:\/\/pmza.sk\/?p=54200#breadcrumb"},"inLanguage":"sk-SK","potentialAction":[{"@type":"ReadAction","target":["https:\/\/pmza.sk\/?p=54200"]}]},{"@type":"ImageObject","inLanguage":"sk-SK","@id":"https:\/\/pmza.sk\/?p=54200#primaryimage","url":"https:\/\/pmza.sk\/wp-content\/uploads\/2022\/12\/Drotaria_web_zmena-1-scaled.jpg","contentUrl":"https:\/\/pmza.sk\/wp-content\/uploads\/2022\/12\/Drotaria_web_zmena-1-scaled.jpg","width":2560,"height":2560},{"@type":"BreadcrumbList","@id":"https:\/\/pmza.sk\/?p=54200#breadcrumb","itemListElement":[{"@type":"ListItem","position":1,"name":"Domovsk\u00e1 str\u00e1nka","item":"https:\/\/pmza.sk\/"},{"@type":"ListItem","position":2,"name":"\u017divot v srdci Drot\u00e1rie"}]},{"@type":"WebSite","@id":"https:\/\/pmza.sk\/#website","url":"https:\/\/pmza.sk\/","name":"Pova\u017esk\u00e9 m\u00fazeum","description":"Pova\u017esk\u00e9 m\u00fazeum v \u017diline je region\u00e1lne m\u00fazeum so s\u00eddlom v Budat\u00edne. Jeho expoz\u00edcie s\u00fa zameran\u00e9 na dejiny slovensk\u00e9ho umenia, kult\u00fary a dopravy.","publisher":{"@id":"https:\/\/pmza.sk\/#organization"},"potentialAction":[{"@type":"SearchAction","target":{"@type":"EntryPoint","urlTemplate":"https:\/\/pmza.sk\/?s={search_term_string}"},"query-input":{"@type":"PropertyValueSpecification","valueRequired":true,"valueName":"search_term_string"}}],"inLanguage":"sk-SK"},{"@type":"Organization","@id":"https:\/\/pmza.sk\/#organization","name":"Pova\u017esk\u00e9 m\u00fazeum","url":"https:\/\/pmza.sk\/","logo":{"@type":"ImageObject","inLanguage":"sk-SK","@id":"https:\/\/pmza.sk\/#\/schema\/logo\/image\/","url":"https:\/\/pmza.sk\/wp-content\/uploads\/2022\/01\/logo_PM_horizontal.jpg","contentUrl":"https:\/\/pmza.sk\/wp-content\/uploads\/2022\/01\/logo_PM_horizontal.jpg","width":231,"height":142,"caption":"Pova\u017esk\u00e9 m\u00fazeum"},"image":{"@id":"https:\/\/pmza.sk\/#\/schema\/logo\/image\/"},"sameAs":["https:\/\/www.facebook.com\/povazskemuzeum","https:\/\/www.instagram.com\/povazskemuzeum\/"]},{"@type":"Person","@id":"https:\/\/pmza.sk\/#\/schema\/person\/595e6a2ce731ea94dcd5d7f50a41ae33","name":"Pova\u017esk\u00e9 m\u00fazeum","image":{"@type":"ImageObject","inLanguage":"sk-SK","@id":"https:\/\/secure.gravatar.com\/avatar\/2bb7f1561282132fb5826dfeccc66c7996d11ee392ac6aaf7ced8a1c2027fbb2?s=96&d=mm&r=g","url":"https:\/\/secure.gravatar.com\/avatar\/2bb7f1561282132fb5826dfeccc66c7996d11ee392ac6aaf7ced8a1c2027fbb2?s=96&d=mm&r=g","contentUrl":"https:\/\/secure.gravatar.com\/avatar\/2bb7f1561282132fb5826dfeccc66c7996d11ee392ac6aaf7ced8a1c2027fbb2?s=96&d=mm&r=g","caption":"Pova\u017esk\u00e9 m\u00fazeum"}}]}},"_links":{"self":[{"href":"https:\/\/pmza.sk\/index.php?rest_route=\/wp\/v2\/posts\/54200","targetHints":{"allow":["GET"]}}],"collection":[{"href":"https:\/\/pmza.sk\/index.php?rest_route=\/wp\/v2\/posts"}],"about":[{"href":"https:\/\/pmza.sk\/index.php?rest_route=\/wp\/v2\/types\/post"}],"author":[{"embeddable":true,"href":"https:\/\/pmza.sk\/index.php?rest_route=\/wp\/v2\/users\/2"}],"replies":[{"embeddable":true,"href":"https:\/\/pmza.sk\/index.php?rest_route=%2Fwp%2Fv2%2Fcomments&post=54200"}],"version-history":[{"count":0,"href":"https:\/\/pmza.sk\/index.php?rest_route=\/wp\/v2\/posts\/54200\/revisions"}],"wp:featuredmedia":[{"embeddable":true,"href":"https:\/\/pmza.sk\/index.php?rest_route=\/wp\/v2\/media\/56875"}],"wp:attachment":[{"href":"https:\/\/pmza.sk\/index.php?rest_route=%2Fwp%2Fv2%2Fmedia&parent=54200"}],"wp:term":[{"taxonomy":"category","embeddable":true,"href":"https:\/\/pmza.sk\/index.php?rest_route=%2Fwp%2Fv2%2Fcategories&post=54200"},{"taxonomy":"post_tag","embeddable":true,"href":"https:\/\/pmza.sk\/index.php?rest_route=%2Fwp%2Fv2%2Ftags&post=54200"}],"curies":[{"name":"wp","href":"https:\/\/api.w.org\/{rel}","templated":true}]}}