{"id":5438,"date":"2012-04-24T14:17:48","date_gmt":"2012-04-24T12:17:48","guid":{"rendered":"https:\/\/pmza.sk.sk\/?p=5438"},"modified":"2012-04-24T14:17:48","modified_gmt":"2012-04-24T12:17:48","slug":"slavnostne-otvorenie-sezony-na-hrade-strecno","status":"publish","type":"post","link":"https:\/\/pmza.sk\/?p=5438","title":{"rendered":"Sl\u00e1vnostn\u00e9 otvorenie sez\u00f3ny na hrade Stre\u010dno"},"content":{"rendered":"<p><a href=\"https:\/\/pmza.sk\/wp-content\/uploads\/2012\/04\/1.maj-2011-na-hrade-Strecno.jpg\"><img fetchpriority=\"high\" decoding=\"async\" class=\"alignleft size-medium wp-image-5439\" style=\"margin: 4px; border: 2px solid black;\" title=\"1.maj 2011 na hrade Strecno\" src=\"https:\/\/pmza.sk.sk\/wp-content\/uploads\/2012\/04\/1.maj-2011-na-hrade-Strecno-300x200.jpg\" alt=\"\" width=\"300\" height=\"200\" \/><\/a>Hoci hrad Stre\u010dno spr\u00edstupnil svoje br\u00e1ny u\u017e za\u010diatkom apr\u00edla, sl\u00e1vnostn\u00e9 otvorenie jeho hlavnej sez\u00f3ny sa tradi\u010dne uskuto\u010dn\u00ed v\u00a0prv\u00fd m\u00e1jov\u00fd de\u0148. Od 9,00 hod r\u00e1no\u00a0 a\u017e do 18,00 hod ve\u010dera \u010dak\u00e1 n\u00e1v\u0161tevn\u00edkov podujatia atrakt\u00edvny a\u00a0bohat\u00fd program. \u201e <em>Salvy z\u00a0hradn\u00e9ho dela symbolicky od\u0161tartuj\u00fa \u010fal\u0161\u00ed rok na hrade, ktor\u00fd pon\u00fakne desiatky aktiv\u00edt v\u00a0prezenta\u010dnej, eduka\u010dnej ale aj \u0161portovo-oddychovej oblasti. U\u017e v\u00a0t\u00fdchto chv\u00ed\u013each m\u00f4\u017eu n\u00e1v\u0161tevn\u00edci obdivova\u0165 interakt\u00edvnu audiovizu\u00e1lnu v\u00fdstavu o na\u0161ich sov\u00e1ch zo zoologick\u00fdch zbierok Pova\u017esk\u00e9ho m\u00fazea. Samozrejme nem\u00f4\u017eem opomen\u00fa\u0165, \u017ee v\u00a0s\u00fa\u010dasnosti najv\u00e4\u010d\u0161iu pozornos\u0165 p\u00fata nov\u00fd model s\u00a0podobiz\u0148ou \u017dofie Bosniakovej, umiestnen\u00fd v\u00a0otvorenej krypte hradnej kaplnky<\/em>,\u201c uviedol Boris Schubert, riadite\u013e pova\u017esk\u00e9ho m\u00fazea v\u00a0\u017diline.<!--more--><\/p>\n<p>\u017dofia Bosniakov\u00e1 bude z\u00e1rove\u0148 hlavn\u00fdm n\u00e1metom sl\u00e1vnostn\u00e9ho otvorenia hradnej sez\u00f3ny v\u00a0divadelnom stv\u00e1rnen\u00ed, ktor\u00e9 bude prebieha\u0165 po\u010das cel\u00e9ho d\u0148a v\u00a0Severnom pal\u00e1ci. Skupina historick\u00e9ho \u0161ermu Wagus z\u00a0Tren\u010d\u00edna zas pripravila uk\u00e1\u017eky z\u00a0paln\u00fdch zbran\u00ed a\u00a0rytiersku rozpr\u00e1vku <em>\u0160tyria kamar\u00e1ti<\/em> o\u00a0ve\u010dnom boji dobra a\u00a0zla. Stredovek\u00e1 kuchy\u0148a Terry de Selinan dovonia atmosf\u00e9ru podujatia v\u00a0predbr\u00e1ni hradu. Nemenej l\u00e1kavou atrakciou d\u0148a bud\u00fa vyst\u00fapenia sokoliarskej skupiny Sv\u00e4t\u00e9ho Bavona z\u00a0Banskej \u0160tiavnice s\u00a0uk\u00e1\u017ekami v\u00fdcviku vz\u00e1cnych dravcov, ktor\u00e9 sa vy\u017e\u00edvaj\u00fa aj pri nat\u00e1\u010dan\u00ed filmov. \u201e Te\u0161\u00edme sa, \u017ee v\u00a0de\u0148 sl\u00e1vnostn\u00e9ho otvorenia,\u00a0 sa op\u00e4tovne stretneme s\u00a0priaznivcami hradu Stre\u010dno. Pevne ver\u00edme, \u017ee po\u010dasie n\u00e1m bude pria\u0165 a\u00a0\u013eudia od\u00eddu z\u00a0hradu spokojn\u00ed, a\u00a0nav\u0161t\u00edvia n\u00e1s aj pri nasleduj\u00facich podujatiach, ako napr\u00edklad\u00a0\u00a0 Noc m\u00faze\u00ed a gal\u00e9ri\u00ed\u201c dodal Boris Schubert.<\/p>\n<p>Organiz\u00e1torom <strong>Sl\u00e1vnostn\u00e9ho otvorenia hradu Stre\u010dno<\/strong> <strong>v\u00a0utorok 1. m\u00e1ja 2012<\/strong> od 9,00 hod do 18,00 hod je \u017dilinsk\u00fd samospr\u00e1vny kraj a\u00a0Pova\u017esk\u00e9 m\u00fazeum v\u00a0\u017diline.<\/p>\n","protected":false},"excerpt":{"rendered":"<p>Hoci hrad Stre\u010dno spr\u00edstupnil svoje br\u00e1ny u\u017e za\u010diatkom apr\u00edla, sl\u00e1vnostn\u00e9 otvorenie jeho hlavnej sez\u00f3ny sa tradi\u010dne uskuto\u010dn\u00ed v\u00a0prv\u00fd m\u00e1jov\u00fd de\u0148. Od 9,00 hod r\u00e1no\u00a0 a\u017e do 18,00 hod ve\u010dera \u010dak\u00e1 n\u00e1v\u0161tevn\u00edkov podujatia atrakt\u00edvny a\u00a0bohat\u00fd program. \u201e Salvy z\u00a0hradn\u00e9ho dela symbolicky od\u0161tartuj\u00fa \u010fal\u0161\u00ed rok na hrade, ktor\u00fd pon\u00fakne desiatky aktiv\u00edt v\u00a0prezenta\u010dnej, eduka\u010dnej ale aj \u0161portovo-oddychovej oblasti. [&hellip;]<\/p>\n","protected":false},"author":2,"featured_media":0,"comment_status":"closed","ping_status":"closed","sticky":false,"template":"","format":"standard","meta":{"site-sidebar-layout":"default","site-content-layout":"","ast-site-content-layout":"","site-content-style":"default","site-sidebar-style":"default","ast-global-header-display":"","ast-banner-title-visibility":"","ast-main-header-display":"","ast-hfb-above-header-display":"","ast-hfb-below-header-display":"","ast-hfb-mobile-header-display":"","site-post-title":"","ast-breadcrumbs-content":"","ast-featured-img":"","footer-sml-layout":"","theme-transparent-header-meta":"","adv-header-id-meta":"","stick-header-meta":"","header-above-stick-meta":"","header-main-stick-meta":"","header-below-stick-meta":"","astra-migrate-meta-layouts":"default","ast-page-background-enabled":"default","ast-page-background-meta":{"desktop":{"background-color":"var(--ast-global-color-4)","background-image":"","background-repeat":"repeat","background-position":"center center","background-size":"auto","background-attachment":"scroll","background-type":"","background-media":"","overlay-type":"","overlay-color":"","overlay-opacity":"","overlay-gradient":""},"tablet":{"background-color":"","background-image":"","background-repeat":"repeat","background-position":"center center","background-size":"auto","background-attachment":"scroll","background-type":"","background-media":"","overlay-type":"","overlay-color":"","overlay-opacity":"","overlay-gradient":""},"mobile":{"background-color":"","background-image":"","background-repeat":"repeat","background-position":"center center","background-size":"auto","background-attachment":"scroll","background-type":"","background-media":"","overlay-type":"","overlay-color":"","overlay-opacity":"","overlay-gradient":""}},"ast-content-background-meta":{"desktop":{"background-color":"var(--ast-global-color-5)","background-image":"","background-repeat":"repeat","background-position":"center center","background-size":"auto","background-attachment":"scroll","background-type":"","background-media":"","overlay-type":"","overlay-color":"","overlay-opacity":"","overlay-gradient":""},"tablet":{"background-color":"var(--ast-global-color-5)","background-image":"","background-repeat":"repeat","background-position":"center center","background-size":"auto","background-attachment":"scroll","background-type":"","background-media":"","overlay-type":"","overlay-color":"","overlay-opacity":"","overlay-gradient":""},"mobile":{"background-color":"var(--ast-global-color-5)","background-image":"","background-repeat":"repeat","background-position":"center center","background-size":"auto","background-attachment":"scroll","background-type":"","background-media":"","overlay-type":"","overlay-color":"","overlay-opacity":"","overlay-gradient":""}},"footnotes":""},"categories":[32],"tags":[],"class_list":["post-5438","post","type-post","status-publish","format-standard","hentry","category-archiv-2012"],"yoast_head":"<!-- This site is optimized with the Yoast SEO plugin v27.4 - https:\/\/yoast.com\/product\/yoast-seo-wordpress\/ -->\n<title>Sl\u00e1vnostn\u00e9 otvorenie sez\u00f3ny na hrade Stre\u010dno - Pova\u017esk\u00e9 m\u00fazeum<\/title>\n<meta name=\"robots\" content=\"index, follow, max-snippet:-1, max-image-preview:large, max-video-preview:-1\" \/>\n<link rel=\"canonical\" href=\"https:\/\/pmza.sk\/?p=5438\" \/>\n<meta property=\"og:locale\" content=\"sk_SK\" \/>\n<meta property=\"og:type\" content=\"article\" \/>\n<meta property=\"og:title\" content=\"Sl\u00e1vnostn\u00e9 otvorenie sez\u00f3ny na hrade Stre\u010dno - Pova\u017esk\u00e9 m\u00fazeum\" \/>\n<meta property=\"og:description\" content=\"Hoci hrad Stre\u010dno spr\u00edstupnil svoje br\u00e1ny u\u017e za\u010diatkom apr\u00edla, sl\u00e1vnostn\u00e9 otvorenie jeho hlavnej sez\u00f3ny sa tradi\u010dne uskuto\u010dn\u00ed v\u00a0prv\u00fd m\u00e1jov\u00fd de\u0148. Od 9,00 hod r\u00e1no\u00a0 a\u017e do 18,00 hod ve\u010dera \u010dak\u00e1 n\u00e1v\u0161tevn\u00edkov podujatia atrakt\u00edvny a\u00a0bohat\u00fd program. \u201e Salvy z\u00a0hradn\u00e9ho dela symbolicky od\u0161tartuj\u00fa \u010fal\u0161\u00ed rok na hrade, ktor\u00fd pon\u00fakne desiatky aktiv\u00edt v\u00a0prezenta\u010dnej, eduka\u010dnej ale aj \u0161portovo-oddychovej oblasti. [&hellip;]\" \/>\n<meta property=\"og:url\" content=\"https:\/\/pmza.sk\/?p=5438\" \/>\n<meta property=\"og:site_name\" content=\"Pova\u017esk\u00e9 m\u00fazeum\" \/>\n<meta property=\"article:publisher\" content=\"https:\/\/www.facebook.com\/povazskemuzeum\" \/>\n<meta property=\"article:published_time\" content=\"2012-04-24T12:17:48+00:00\" \/>\n<meta property=\"og:image\" content=\"https:\/\/pmza.sk.sk\/wp-content\/uploads\/2012\/04\/1.maj-2011-na-hrade-Strecno-300x200.jpg\" \/>\n<meta name=\"author\" content=\"Pova\u017esk\u00e9 m\u00fazeum\" \/>\n<meta name=\"twitter:card\" content=\"summary_large_image\" \/>\n<meta name=\"twitter:label1\" content=\"Autor\" \/>\n\t<meta name=\"twitter:data1\" content=\"Pova\u017esk\u00e9 m\u00fazeum\" \/>\n\t<meta name=\"twitter:label2\" content=\"Predpokladan\u00fd \u010das \u010d\u00edtania\" \/>\n\t<meta name=\"twitter:data2\" content=\"2 min\u00faty\" \/>\n<script type=\"application\/ld+json\" class=\"yoast-schema-graph\">{\"@context\":\"https:\\\/\\\/schema.org\",\"@graph\":[{\"@type\":\"Article\",\"@id\":\"https:\\\/\\\/pmza.sk\\\/?p=5438#article\",\"isPartOf\":{\"@id\":\"https:\\\/\\\/pmza.sk\\\/?p=5438\"},\"author\":{\"name\":\"Pova\u017esk\u00e9 m\u00fazeum\",\"@id\":\"https:\\\/\\\/pmza.sk\\\/#\\\/schema\\\/person\\\/595e6a2ce731ea94dcd5d7f50a41ae33\"},\"headline\":\"Sl\u00e1vnostn\u00e9 otvorenie sez\u00f3ny na hrade Stre\u010dno\",\"datePublished\":\"2012-04-24T12:17:48+00:00\",\"mainEntityOfPage\":{\"@id\":\"https:\\\/\\\/pmza.sk\\\/?p=5438\"},\"wordCount\":357,\"publisher\":{\"@id\":\"https:\\\/\\\/pmza.sk\\\/#organization\"},\"image\":{\"@id\":\"https:\\\/\\\/pmza.sk\\\/?p=5438#primaryimage\"},\"thumbnailUrl\":\"http:\\\/\\\/pmza.sk.sk\\\/wp-content\\\/uploads\\\/2012\\\/04\\\/1.maj-2011-na-hrade-Strecno-300x200.jpg\",\"articleSection\":[\"Arch\u00edv 2012\"],\"inLanguage\":\"sk-SK\"},{\"@type\":\"WebPage\",\"@id\":\"https:\\\/\\\/pmza.sk\\\/?p=5438\",\"url\":\"https:\\\/\\\/pmza.sk\\\/?p=5438\",\"name\":\"Sl\u00e1vnostn\u00e9 otvorenie sez\u00f3ny na hrade Stre\u010dno - Pova\u017esk\u00e9 m\u00fazeum\",\"isPartOf\":{\"@id\":\"https:\\\/\\\/pmza.sk\\\/#website\"},\"primaryImageOfPage\":{\"@id\":\"https:\\\/\\\/pmza.sk\\\/?p=5438#primaryimage\"},\"image\":{\"@id\":\"https:\\\/\\\/pmza.sk\\\/?p=5438#primaryimage\"},\"thumbnailUrl\":\"http:\\\/\\\/pmza.sk.sk\\\/wp-content\\\/uploads\\\/2012\\\/04\\\/1.maj-2011-na-hrade-Strecno-300x200.jpg\",\"datePublished\":\"2012-04-24T12:17:48+00:00\",\"breadcrumb\":{\"@id\":\"https:\\\/\\\/pmza.sk\\\/?p=5438#breadcrumb\"},\"inLanguage\":\"sk-SK\",\"potentialAction\":[{\"@type\":\"ReadAction\",\"target\":[\"https:\\\/\\\/pmza.sk\\\/?p=5438\"]}]},{\"@type\":\"ImageObject\",\"inLanguage\":\"sk-SK\",\"@id\":\"https:\\\/\\\/pmza.sk\\\/?p=5438#primaryimage\",\"url\":\"http:\\\/\\\/pmza.sk.sk\\\/wp-content\\\/uploads\\\/2012\\\/04\\\/1.maj-2011-na-hrade-Strecno-300x200.jpg\",\"contentUrl\":\"http:\\\/\\\/pmza.sk.sk\\\/wp-content\\\/uploads\\\/2012\\\/04\\\/1.maj-2011-na-hrade-Strecno-300x200.jpg\"},{\"@type\":\"BreadcrumbList\",\"@id\":\"https:\\\/\\\/pmza.sk\\\/?p=5438#breadcrumb\",\"itemListElement\":[{\"@type\":\"ListItem\",\"position\":1,\"name\":\"Domovsk\u00e1 str\u00e1nka\",\"item\":\"https:\\\/\\\/pmza.sk\\\/\"},{\"@type\":\"ListItem\",\"position\":2,\"name\":\"Sl\u00e1vnostn\u00e9 otvorenie sez\u00f3ny na hrade Stre\u010dno\"}]},{\"@type\":\"WebSite\",\"@id\":\"https:\\\/\\\/pmza.sk\\\/#website\",\"url\":\"https:\\\/\\\/pmza.sk\\\/\",\"name\":\"Pova\u017esk\u00e9 m\u00fazeum\",\"description\":\"Pova\u017esk\u00e9 m\u00fazeum v \u017diline je region\u00e1lne m\u00fazeum so s\u00eddlom v Budat\u00edne. Jeho expoz\u00edcie s\u00fa zameran\u00e9 na dejiny slovensk\u00e9ho umenia, kult\u00fary a dopravy.\",\"publisher\":{\"@id\":\"https:\\\/\\\/pmza.sk\\\/#organization\"},\"potentialAction\":[{\"@type\":\"SearchAction\",\"target\":{\"@type\":\"EntryPoint\",\"urlTemplate\":\"https:\\\/\\\/pmza.sk\\\/?s={search_term_string}\"},\"query-input\":{\"@type\":\"PropertyValueSpecification\",\"valueRequired\":true,\"valueName\":\"search_term_string\"}}],\"inLanguage\":\"sk-SK\"},{\"@type\":\"Organization\",\"@id\":\"https:\\\/\\\/pmza.sk\\\/#organization\",\"name\":\"Pova\u017esk\u00e9 m\u00fazeum\",\"url\":\"https:\\\/\\\/pmza.sk\\\/\",\"logo\":{\"@type\":\"ImageObject\",\"inLanguage\":\"sk-SK\",\"@id\":\"https:\\\/\\\/pmza.sk\\\/#\\\/schema\\\/logo\\\/image\\\/\",\"url\":\"https:\\\/\\\/pmza.sk\\\/wp-content\\\/uploads\\\/2022\\\/01\\\/logo_PM_horizontal.jpg\",\"contentUrl\":\"https:\\\/\\\/pmza.sk\\\/wp-content\\\/uploads\\\/2022\\\/01\\\/logo_PM_horizontal.jpg\",\"width\":231,\"height\":142,\"caption\":\"Pova\u017esk\u00e9 m\u00fazeum\"},\"image\":{\"@id\":\"https:\\\/\\\/pmza.sk\\\/#\\\/schema\\\/logo\\\/image\\\/\"},\"sameAs\":[\"https:\\\/\\\/www.facebook.com\\\/povazskemuzeum\",\"https:\\\/\\\/www.instagram.com\\\/povazskemuzeum\\\/\"]},{\"@type\":\"Person\",\"@id\":\"https:\\\/\\\/pmza.sk\\\/#\\\/schema\\\/person\\\/595e6a2ce731ea94dcd5d7f50a41ae33\",\"name\":\"Pova\u017esk\u00e9 m\u00fazeum\",\"image\":{\"@type\":\"ImageObject\",\"inLanguage\":\"sk-SK\",\"@id\":\"https:\\\/\\\/secure.gravatar.com\\\/avatar\\\/2bb7f1561282132fb5826dfeccc66c7996d11ee392ac6aaf7ced8a1c2027fbb2?s=96&d=mm&r=g\",\"url\":\"https:\\\/\\\/secure.gravatar.com\\\/avatar\\\/2bb7f1561282132fb5826dfeccc66c7996d11ee392ac6aaf7ced8a1c2027fbb2?s=96&d=mm&r=g\",\"contentUrl\":\"https:\\\/\\\/secure.gravatar.com\\\/avatar\\\/2bb7f1561282132fb5826dfeccc66c7996d11ee392ac6aaf7ced8a1c2027fbb2?s=96&d=mm&r=g\",\"caption\":\"Pova\u017esk\u00e9 m\u00fazeum\"}}]}<\/script>\n<!-- \/ Yoast SEO plugin. -->","yoast_head_json":{"title":"Sl\u00e1vnostn\u00e9 otvorenie sez\u00f3ny na hrade Stre\u010dno - Pova\u017esk\u00e9 m\u00fazeum","robots":{"index":"index","follow":"follow","max-snippet":"max-snippet:-1","max-image-preview":"max-image-preview:large","max-video-preview":"max-video-preview:-1"},"canonical":"https:\/\/pmza.sk\/?p=5438","og_locale":"sk_SK","og_type":"article","og_title":"Sl\u00e1vnostn\u00e9 otvorenie sez\u00f3ny na hrade Stre\u010dno - Pova\u017esk\u00e9 m\u00fazeum","og_description":"Hoci hrad Stre\u010dno spr\u00edstupnil svoje br\u00e1ny u\u017e za\u010diatkom apr\u00edla, sl\u00e1vnostn\u00e9 otvorenie jeho hlavnej sez\u00f3ny sa tradi\u010dne uskuto\u010dn\u00ed v\u00a0prv\u00fd m\u00e1jov\u00fd de\u0148. Od 9,00 hod r\u00e1no\u00a0 a\u017e do 18,00 hod ve\u010dera \u010dak\u00e1 n\u00e1v\u0161tevn\u00edkov podujatia atrakt\u00edvny a\u00a0bohat\u00fd program. \u201e Salvy z\u00a0hradn\u00e9ho dela symbolicky od\u0161tartuj\u00fa \u010fal\u0161\u00ed rok na hrade, ktor\u00fd pon\u00fakne desiatky aktiv\u00edt v\u00a0prezenta\u010dnej, eduka\u010dnej ale aj \u0161portovo-oddychovej oblasti. [&hellip;]","og_url":"https:\/\/pmza.sk\/?p=5438","og_site_name":"Pova\u017esk\u00e9 m\u00fazeum","article_publisher":"https:\/\/www.facebook.com\/povazskemuzeum","article_published_time":"2012-04-24T12:17:48+00:00","og_image":[{"url":"https:\/\/pmza.sk.sk\/wp-content\/uploads\/2012\/04\/1.maj-2011-na-hrade-Strecno-300x200.jpg","type":"","width":"","height":""}],"author":"Pova\u017esk\u00e9 m\u00fazeum","twitter_card":"summary_large_image","twitter_misc":{"Autor":"Pova\u017esk\u00e9 m\u00fazeum","Predpokladan\u00fd \u010das \u010d\u00edtania":"2 min\u00faty"},"schema":{"@context":"https:\/\/schema.org","@graph":[{"@type":"Article","@id":"https:\/\/pmza.sk\/?p=5438#article","isPartOf":{"@id":"https:\/\/pmza.sk\/?p=5438"},"author":{"name":"Pova\u017esk\u00e9 m\u00fazeum","@id":"https:\/\/pmza.sk\/#\/schema\/person\/595e6a2ce731ea94dcd5d7f50a41ae33"},"headline":"Sl\u00e1vnostn\u00e9 otvorenie sez\u00f3ny na hrade Stre\u010dno","datePublished":"2012-04-24T12:17:48+00:00","mainEntityOfPage":{"@id":"https:\/\/pmza.sk\/?p=5438"},"wordCount":357,"publisher":{"@id":"https:\/\/pmza.sk\/#organization"},"image":{"@id":"https:\/\/pmza.sk\/?p=5438#primaryimage"},"thumbnailUrl":"https:\/\/pmza.sk.sk\/wp-content\/uploads\/2012\/04\/1.maj-2011-na-hrade-Strecno-300x200.jpg","articleSection":["Arch\u00edv 2012"],"inLanguage":"sk-SK"},{"@type":"WebPage","@id":"https:\/\/pmza.sk\/?p=5438","url":"https:\/\/pmza.sk\/?p=5438","name":"Sl\u00e1vnostn\u00e9 otvorenie sez\u00f3ny na hrade Stre\u010dno - Pova\u017esk\u00e9 m\u00fazeum","isPartOf":{"@id":"https:\/\/pmza.sk\/#website"},"primaryImageOfPage":{"@id":"https:\/\/pmza.sk\/?p=5438#primaryimage"},"image":{"@id":"https:\/\/pmza.sk\/?p=5438#primaryimage"},"thumbnailUrl":"https:\/\/pmza.sk.sk\/wp-content\/uploads\/2012\/04\/1.maj-2011-na-hrade-Strecno-300x200.jpg","datePublished":"2012-04-24T12:17:48+00:00","breadcrumb":{"@id":"https:\/\/pmza.sk\/?p=5438#breadcrumb"},"inLanguage":"sk-SK","potentialAction":[{"@type":"ReadAction","target":["https:\/\/pmza.sk\/?p=5438"]}]},{"@type":"ImageObject","inLanguage":"sk-SK","@id":"https:\/\/pmza.sk\/?p=5438#primaryimage","url":"https:\/\/pmza.sk.sk\/wp-content\/uploads\/2012\/04\/1.maj-2011-na-hrade-Strecno-300x200.jpg","contentUrl":"https:\/\/pmza.sk.sk\/wp-content\/uploads\/2012\/04\/1.maj-2011-na-hrade-Strecno-300x200.jpg"},{"@type":"BreadcrumbList","@id":"https:\/\/pmza.sk\/?p=5438#breadcrumb","itemListElement":[{"@type":"ListItem","position":1,"name":"Domovsk\u00e1 str\u00e1nka","item":"https:\/\/pmza.sk\/"},{"@type":"ListItem","position":2,"name":"Sl\u00e1vnostn\u00e9 otvorenie sez\u00f3ny na hrade Stre\u010dno"}]},{"@type":"WebSite","@id":"https:\/\/pmza.sk\/#website","url":"https:\/\/pmza.sk\/","name":"Pova\u017esk\u00e9 m\u00fazeum","description":"Pova\u017esk\u00e9 m\u00fazeum v \u017diline je region\u00e1lne m\u00fazeum so s\u00eddlom v Budat\u00edne. Jeho expoz\u00edcie s\u00fa zameran\u00e9 na dejiny slovensk\u00e9ho umenia, kult\u00fary a dopravy.","publisher":{"@id":"https:\/\/pmza.sk\/#organization"},"potentialAction":[{"@type":"SearchAction","target":{"@type":"EntryPoint","urlTemplate":"https:\/\/pmza.sk\/?s={search_term_string}"},"query-input":{"@type":"PropertyValueSpecification","valueRequired":true,"valueName":"search_term_string"}}],"inLanguage":"sk-SK"},{"@type":"Organization","@id":"https:\/\/pmza.sk\/#organization","name":"Pova\u017esk\u00e9 m\u00fazeum","url":"https:\/\/pmza.sk\/","logo":{"@type":"ImageObject","inLanguage":"sk-SK","@id":"https:\/\/pmza.sk\/#\/schema\/logo\/image\/","url":"https:\/\/pmza.sk\/wp-content\/uploads\/2022\/01\/logo_PM_horizontal.jpg","contentUrl":"https:\/\/pmza.sk\/wp-content\/uploads\/2022\/01\/logo_PM_horizontal.jpg","width":231,"height":142,"caption":"Pova\u017esk\u00e9 m\u00fazeum"},"image":{"@id":"https:\/\/pmza.sk\/#\/schema\/logo\/image\/"},"sameAs":["https:\/\/www.facebook.com\/povazskemuzeum","https:\/\/www.instagram.com\/povazskemuzeum\/"]},{"@type":"Person","@id":"https:\/\/pmza.sk\/#\/schema\/person\/595e6a2ce731ea94dcd5d7f50a41ae33","name":"Pova\u017esk\u00e9 m\u00fazeum","image":{"@type":"ImageObject","inLanguage":"sk-SK","@id":"https:\/\/secure.gravatar.com\/avatar\/2bb7f1561282132fb5826dfeccc66c7996d11ee392ac6aaf7ced8a1c2027fbb2?s=96&d=mm&r=g","url":"https:\/\/secure.gravatar.com\/avatar\/2bb7f1561282132fb5826dfeccc66c7996d11ee392ac6aaf7ced8a1c2027fbb2?s=96&d=mm&r=g","contentUrl":"https:\/\/secure.gravatar.com\/avatar\/2bb7f1561282132fb5826dfeccc66c7996d11ee392ac6aaf7ced8a1c2027fbb2?s=96&d=mm&r=g","caption":"Pova\u017esk\u00e9 m\u00fazeum"}}]}},"_links":{"self":[{"href":"https:\/\/pmza.sk\/index.php?rest_route=\/wp\/v2\/posts\/5438","targetHints":{"allow":["GET"]}}],"collection":[{"href":"https:\/\/pmza.sk\/index.php?rest_route=\/wp\/v2\/posts"}],"about":[{"href":"https:\/\/pmza.sk\/index.php?rest_route=\/wp\/v2\/types\/post"}],"author":[{"embeddable":true,"href":"https:\/\/pmza.sk\/index.php?rest_route=\/wp\/v2\/users\/2"}],"replies":[{"embeddable":true,"href":"https:\/\/pmza.sk\/index.php?rest_route=%2Fwp%2Fv2%2Fcomments&post=5438"}],"version-history":[{"count":0,"href":"https:\/\/pmza.sk\/index.php?rest_route=\/wp\/v2\/posts\/5438\/revisions"}],"wp:attachment":[{"href":"https:\/\/pmza.sk\/index.php?rest_route=%2Fwp%2Fv2%2Fmedia&parent=5438"}],"wp:term":[{"taxonomy":"category","embeddable":true,"href":"https:\/\/pmza.sk\/index.php?rest_route=%2Fwp%2Fv2%2Fcategories&post=5438"},{"taxonomy":"post_tag","embeddable":true,"href":"https:\/\/pmza.sk\/index.php?rest_route=%2Fwp%2Fv2%2Ftags&post=5438"}],"curies":[{"name":"wp","href":"https:\/\/api.w.org\/{rel}","templated":true}]}}