{"id":5442,"date":"2012-04-25T10:47:25","date_gmt":"2012-04-25T08:47:25","guid":{"rendered":"https:\/\/pmza.sk.sk\/?p=5442"},"modified":"2012-04-25T10:47:25","modified_gmt":"2012-04-25T08:47:25","slug":"matilda-cechova-sa-symbolicky-vracia-do-cicmian","status":"publish","type":"post","link":"https:\/\/pmza.sk\/?p=5442","title":{"rendered":"Matilda \u010cechov\u00e1 sa symbolicky vracia do \u010ci\u010dmian"},"content":{"rendered":"<p><strong> <\/strong><\/p>\n<p><strong> <\/strong><a href=\"https:\/\/pmza.sk\/wp-content\/uploads\/2012\/04\/z-vystavy-Cechovej.jpg\"><img fetchpriority=\"high\" decoding=\"async\" class=\"alignleft size-medium wp-image-5444\" style=\"margin: 4px; border: 2px solid black;\" title=\"z vystavy Cechovej\" src=\"https:\/\/pmza.sk.sk\/wp-content\/uploads\/2012\/04\/z-vystavy-Cechovej-197x300.jpg\" alt=\"\" width=\"197\" height=\"300\" \/><\/a><span style=\"color: #ff0000;\"> <\/span><\/p>\n<p>Prv\u00e1 d\u00e1ma na Slovensku, ktor\u00e1 sa za\u010dala venova\u0165 grafike, bola \u010di\u010dmianska rod\u00e1\u010dka Matilda \u010cechov\u00e1, ktorej r\u00f4znorod\u00fa tvorbu predstavuje v\u00fdstava v\u00a0Radenovom dome v\u00a0\u010ci\u010dmanoch\u00a0 pod n\u00e1zvom <strong>Ruk\u00e1vce, z\u00e1ponky, rub\u00e1\u010de&#8230; <\/strong><\/p>\n<p>\u201e<em>Matilda \u010cechov\u00e1 bola nadan\u00e1 v\u00a0mnoh\u00fdch oblastiach. V\u00a0rokoch 1933 a\u017e 1955 p\u00f4sobila ako pedagogi\u010dka v\u00a0Bratislave. Potom a\u017e do svojej smrti\u00a0 vynikala ako v\u00fdtvarn\u00ed\u010dka v\u00a0slobodnom povolan\u00ed v\u00a0kresbe, ma\u013ebe a\u00a0textile. In\u0161pir\u00e1ciu \u010derpala aj z\u00a0kult\u00fary svojej rodnej obce. \u010ci\u010dmianske ornament\u00e1lne prvky uplatnila najm\u00e4 v\u00a0drevorezoch, krajinoma\u013ebe a\u00a0\u017e\u00e1nrovej ma\u013ebe,<\/em>\u201c povedala Katar\u00edna Koz\u00e1kov\u00e1, etnologi\u010dka Pova\u017esk\u00e9ho m\u00fazea a\u00a0autorka v\u00fdstavy. K\u00a0olejoma\u013eb\u00e1m in\u0161pirovan\u00fdm rodiskom patr\u00ed grafick\u00fd cyklus \u010ci\u010dmianske Madony, ktor\u00fd je aj na v\u00fdstave. Na v\u00fdstave je z\u00e1rove\u0148 prezentovan\u00e1 najm\u00e4 jej rozsiahla zbierka \u013eudov\u00e9ho textilu, ktor\u00e1 je umiestnen\u00e1 od konca 60-tych rokov v\u00a0etnologickom\u00a0 fonde Pova\u017esk\u00e9ho m\u00fazea v\u00a0\u017diline.<!--more--> \u201e<em>Patria sem odevn\u00e9 s\u00fa\u010dasti rovnako ako samostatn\u00e9 v\u00fd\u0161ivkov\u00e9 kusy, ktor\u00e9 zdobili odev. V\u0161etky zbierky poch\u00e1dzaj\u00fa z\u00a0\u010ci\u010dmian. Medzi odevn\u00fdmi s\u00fa\u010das\u0165ami s\u00fa zast\u00fapen\u00e9 takmer v\u0161etky \u010dasti mu\u017esk\u00e9ho i\u00a0\u017eensk\u00e9ho odevu. Preva\u017euj\u00fa v\u0161ak vy\u0161\u00edvan\u00e9 kusy a\u00a0bohato zdoben\u00e9 \u017eensk\u00e9 odevn\u00e9 s\u00fa\u010dasti, ako s\u00fa ruk\u00e1vce, z\u00e1stery a\u00a0podviky. Zbierky poch\u00e1dzaj\u00fa z\u00a0konca 19. storo\u010dia a\u00a0prvej polovice 20. storo\u010dia. Niektor\u00e9 z\u00a0prelamovan\u00fdch vlo\u017eiek z\u00e1ster s\u00fa e\u0161te star\u0161ie, pre\u0161it\u00e9 do nov\u00fdch z\u00e1ster. V\u00a0zbierke s\u00fa zast\u00fapen\u00e9 v\u0161etky vy\u0161\u00edvacie techniky pou\u017e\u00edvan\u00e9 na v\u00fdzdobu \u010di\u010dmianskeho odevu od kr\u00ed\u017eikovej a\u00a0stonkovej v\u00fd\u0161ivky, ktor\u00e1 tvor\u00ed samostatn\u00e9 vzory, v\u00fd\u0161ivky cez riasy a\u00a0mrie\u017eky, a\u017e po n\u00e1ro\u010dn\u00fa prelamovan\u00fa v\u00fd\u0161ivku doplnen\u00fa ploch\u00fdm stehom. Cel\u00e1 zbierka dokumentuje bohatos\u0165 ornamentiky a\u00a0\u0161k\u00e1lu vzorov vyu\u017e\u00edvan\u00fdch \u010di\u010dmianskymi vy\u0161\u00edva\u010dkami<\/em>, \u201c dodala Katar\u00edna Koz\u00e1kov\u00e1.<\/p>\n<p>Matilda \u010cechov\u00e1 sa popri svojej umeleckej tvorbe s\u00fastavne venovala zberate\u013eskej \u010dinnosti v\u00a0oblasti \u013eudov\u00e9ho umenia. Jej zbierky sa okrem zbierkov\u00e9ho fondu Pova\u017esk\u00e9ho m\u00fazea v\u00a0\u017diline nach\u00e1dzaj\u00fa aj Oravskej gal\u00e9rii v\u00a0Dolnom Kub\u00edne. Spolu\u00fa\u010dinkovala aj pri zakladan\u00ed St\u00e1lej expoz\u00edcie \u013eudov\u00e9ho umenia Oravskej gal\u00e9rie na Slanickom ostrove, kde je vystaven\u00e1 zbierka jej \u013eudov\u00fdch plast\u00edk.<\/p>\n<p>V\u00fdstava z\u00a0tvorby Matildy \u010cechovej <strong>Ruk\u00e1vce, z\u00e1ponky, rub\u00e1\u010de&#8230;<\/strong> je dlhodobo spr\u00edstupnen\u00e1 v\u00a0Radenovom dome a\u017e do janu\u00e1ra 2014. Organiz\u00e1torom je \u017dilinsk\u00fd samospr\u00e1vny kraj a\u00a0Pova\u017esk\u00e9 m\u00fazeum v\u00a0\u017diline.<\/p>\n","protected":false},"excerpt":{"rendered":"<p>Prv\u00e1 d\u00e1ma na Slovensku, ktor\u00e1 sa za\u010dala venova\u0165 grafike, bola \u010di\u010dmianska rod\u00e1\u010dka Matilda \u010cechov\u00e1, ktorej r\u00f4znorod\u00fa tvorbu predstavuje v\u00fdstava v\u00a0Radenovom dome v\u00a0\u010ci\u010dmanoch\u00a0 pod n\u00e1zvom Ruk\u00e1vce, z\u00e1ponky, rub\u00e1\u010de&#8230; \u201eMatilda \u010cechov\u00e1 bola nadan\u00e1 v\u00a0mnoh\u00fdch oblastiach. V\u00a0rokoch 1933 a\u017e 1955 p\u00f4sobila ako pedagogi\u010dka v\u00a0Bratislave. Potom a\u017e do svojej smrti\u00a0 vynikala ako v\u00fdtvarn\u00ed\u010dka v\u00a0slobodnom povolan\u00ed v\u00a0kresbe, ma\u013ebe a\u00a0textile. In\u0161pir\u00e1ciu [&hellip;]<\/p>\n","protected":false},"author":2,"featured_media":0,"comment_status":"closed","ping_status":"closed","sticky":false,"template":"","format":"standard","meta":{"site-sidebar-layout":"default","site-content-layout":"","ast-site-content-layout":"","site-content-style":"default","site-sidebar-style":"default","ast-global-header-display":"","ast-banner-title-visibility":"","ast-main-header-display":"","ast-hfb-above-header-display":"","ast-hfb-below-header-display":"","ast-hfb-mobile-header-display":"","site-post-title":"","ast-breadcrumbs-content":"","ast-featured-img":"","footer-sml-layout":"","theme-transparent-header-meta":"","adv-header-id-meta":"","stick-header-meta":"","header-above-stick-meta":"","header-main-stick-meta":"","header-below-stick-meta":"","astra-migrate-meta-layouts":"default","ast-page-background-enabled":"default","ast-page-background-meta":{"desktop":{"background-color":"var(--ast-global-color-4)","background-image":"","background-repeat":"repeat","background-position":"center center","background-size":"auto","background-attachment":"scroll","background-type":"","background-media":"","overlay-type":"","overlay-color":"","overlay-opacity":"","overlay-gradient":""},"tablet":{"background-color":"","background-image":"","background-repeat":"repeat","background-position":"center center","background-size":"auto","background-attachment":"scroll","background-type":"","background-media":"","overlay-type":"","overlay-color":"","overlay-opacity":"","overlay-gradient":""},"mobile":{"background-color":"","background-image":"","background-repeat":"repeat","background-position":"center center","background-size":"auto","background-attachment":"scroll","background-type":"","background-media":"","overlay-type":"","overlay-color":"","overlay-opacity":"","overlay-gradient":""}},"ast-content-background-meta":{"desktop":{"background-color":"var(--ast-global-color-5)","background-image":"","background-repeat":"repeat","background-position":"center center","background-size":"auto","background-attachment":"scroll","background-type":"","background-media":"","overlay-type":"","overlay-color":"","overlay-opacity":"","overlay-gradient":""},"tablet":{"background-color":"var(--ast-global-color-5)","background-image":"","background-repeat":"repeat","background-position":"center center","background-size":"auto","background-attachment":"scroll","background-type":"","background-media":"","overlay-type":"","overlay-color":"","overlay-opacity":"","overlay-gradient":""},"mobile":{"background-color":"var(--ast-global-color-5)","background-image":"","background-repeat":"repeat","background-position":"center center","background-size":"auto","background-attachment":"scroll","background-type":"","background-media":"","overlay-type":"","overlay-color":"","overlay-opacity":"","overlay-gradient":""}},"footnotes":""},"categories":[31],"tags":[],"class_list":["post-5442","post","type-post","status-publish","format-standard","hentry","category-aktuality"],"yoast_head":"<!-- This site is optimized with the Yoast SEO plugin v27.4 - https:\/\/yoast.com\/product\/yoast-seo-wordpress\/ -->\n<title>Matilda \u010cechov\u00e1 sa symbolicky vracia do \u010ci\u010dmian - Pova\u017esk\u00e9 m\u00fazeum<\/title>\n<meta name=\"robots\" content=\"index, follow, max-snippet:-1, max-image-preview:large, max-video-preview:-1\" \/>\n<link rel=\"canonical\" href=\"https:\/\/pmza.sk\/?p=5442\" \/>\n<meta property=\"og:locale\" content=\"sk_SK\" \/>\n<meta property=\"og:type\" content=\"article\" \/>\n<meta property=\"og:title\" content=\"Matilda \u010cechov\u00e1 sa symbolicky vracia do \u010ci\u010dmian - Pova\u017esk\u00e9 m\u00fazeum\" \/>\n<meta property=\"og:description\" content=\"Prv\u00e1 d\u00e1ma na Slovensku, ktor\u00e1 sa za\u010dala venova\u0165 grafike, bola \u010di\u010dmianska rod\u00e1\u010dka Matilda \u010cechov\u00e1, ktorej r\u00f4znorod\u00fa tvorbu predstavuje v\u00fdstava v\u00a0Radenovom dome v\u00a0\u010ci\u010dmanoch\u00a0 pod n\u00e1zvom Ruk\u00e1vce, z\u00e1ponky, rub\u00e1\u010de&#8230; \u201eMatilda \u010cechov\u00e1 bola nadan\u00e1 v\u00a0mnoh\u00fdch oblastiach. V\u00a0rokoch 1933 a\u017e 1955 p\u00f4sobila ako pedagogi\u010dka v\u00a0Bratislave. Potom a\u017e do svojej smrti\u00a0 vynikala ako v\u00fdtvarn\u00ed\u010dka v\u00a0slobodnom povolan\u00ed v\u00a0kresbe, ma\u013ebe a\u00a0textile. In\u0161pir\u00e1ciu [&hellip;]\" \/>\n<meta property=\"og:url\" content=\"https:\/\/pmza.sk\/?p=5442\" \/>\n<meta property=\"og:site_name\" content=\"Pova\u017esk\u00e9 m\u00fazeum\" \/>\n<meta property=\"article:publisher\" content=\"https:\/\/www.facebook.com\/povazskemuzeum\" \/>\n<meta property=\"article:published_time\" content=\"2012-04-25T08:47:25+00:00\" \/>\n<meta property=\"og:image\" content=\"https:\/\/pmza.sk.sk\/wp-content\/uploads\/2012\/04\/z-vystavy-Cechovej-197x300.jpg\" \/>\n<meta name=\"author\" content=\"Pova\u017esk\u00e9 m\u00fazeum\" \/>\n<meta name=\"twitter:card\" content=\"summary_large_image\" \/>\n<meta name=\"twitter:label1\" content=\"Autor\" \/>\n\t<meta name=\"twitter:data1\" content=\"Pova\u017esk\u00e9 m\u00fazeum\" \/>\n\t<meta name=\"twitter:label2\" content=\"Predpokladan\u00fd \u010das \u010d\u00edtania\" \/>\n\t<meta name=\"twitter:data2\" content=\"2 min\u00faty\" \/>\n<script type=\"application\/ld+json\" class=\"yoast-schema-graph\">{\"@context\":\"https:\\\/\\\/schema.org\",\"@graph\":[{\"@type\":\"Article\",\"@id\":\"https:\\\/\\\/pmza.sk\\\/?p=5442#article\",\"isPartOf\":{\"@id\":\"https:\\\/\\\/pmza.sk\\\/?p=5442\"},\"author\":{\"name\":\"Pova\u017esk\u00e9 m\u00fazeum\",\"@id\":\"https:\\\/\\\/pmza.sk\\\/#\\\/schema\\\/person\\\/595e6a2ce731ea94dcd5d7f50a41ae33\"},\"headline\":\"Matilda \u010cechov\u00e1 sa symbolicky vracia do \u010ci\u010dmian\",\"datePublished\":\"2012-04-25T08:47:25+00:00\",\"mainEntityOfPage\":{\"@id\":\"https:\\\/\\\/pmza.sk\\\/?p=5442\"},\"wordCount\":450,\"publisher\":{\"@id\":\"https:\\\/\\\/pmza.sk\\\/#organization\"},\"image\":{\"@id\":\"https:\\\/\\\/pmza.sk\\\/?p=5442#primaryimage\"},\"thumbnailUrl\":\"http:\\\/\\\/pmza.sk.sk\\\/wp-content\\\/uploads\\\/2012\\\/04\\\/z-vystavy-Cechovej-197x300.jpg\",\"articleSection\":[\"Aktuality\"],\"inLanguage\":\"sk-SK\"},{\"@type\":\"WebPage\",\"@id\":\"https:\\\/\\\/pmza.sk\\\/?p=5442\",\"url\":\"https:\\\/\\\/pmza.sk\\\/?p=5442\",\"name\":\"Matilda \u010cechov\u00e1 sa symbolicky vracia do \u010ci\u010dmian - Pova\u017esk\u00e9 m\u00fazeum\",\"isPartOf\":{\"@id\":\"https:\\\/\\\/pmza.sk\\\/#website\"},\"primaryImageOfPage\":{\"@id\":\"https:\\\/\\\/pmza.sk\\\/?p=5442#primaryimage\"},\"image\":{\"@id\":\"https:\\\/\\\/pmza.sk\\\/?p=5442#primaryimage\"},\"thumbnailUrl\":\"http:\\\/\\\/pmza.sk.sk\\\/wp-content\\\/uploads\\\/2012\\\/04\\\/z-vystavy-Cechovej-197x300.jpg\",\"datePublished\":\"2012-04-25T08:47:25+00:00\",\"breadcrumb\":{\"@id\":\"https:\\\/\\\/pmza.sk\\\/?p=5442#breadcrumb\"},\"inLanguage\":\"sk-SK\",\"potentialAction\":[{\"@type\":\"ReadAction\",\"target\":[\"https:\\\/\\\/pmza.sk\\\/?p=5442\"]}]},{\"@type\":\"ImageObject\",\"inLanguage\":\"sk-SK\",\"@id\":\"https:\\\/\\\/pmza.sk\\\/?p=5442#primaryimage\",\"url\":\"http:\\\/\\\/pmza.sk.sk\\\/wp-content\\\/uploads\\\/2012\\\/04\\\/z-vystavy-Cechovej-197x300.jpg\",\"contentUrl\":\"http:\\\/\\\/pmza.sk.sk\\\/wp-content\\\/uploads\\\/2012\\\/04\\\/z-vystavy-Cechovej-197x300.jpg\"},{\"@type\":\"BreadcrumbList\",\"@id\":\"https:\\\/\\\/pmza.sk\\\/?p=5442#breadcrumb\",\"itemListElement\":[{\"@type\":\"ListItem\",\"position\":1,\"name\":\"Domovsk\u00e1 str\u00e1nka\",\"item\":\"https:\\\/\\\/pmza.sk\\\/\"},{\"@type\":\"ListItem\",\"position\":2,\"name\":\"Matilda \u010cechov\u00e1 sa symbolicky vracia do \u010ci\u010dmian\"}]},{\"@type\":\"WebSite\",\"@id\":\"https:\\\/\\\/pmza.sk\\\/#website\",\"url\":\"https:\\\/\\\/pmza.sk\\\/\",\"name\":\"Pova\u017esk\u00e9 m\u00fazeum\",\"description\":\"Pova\u017esk\u00e9 m\u00fazeum v \u017diline je region\u00e1lne m\u00fazeum so s\u00eddlom v Budat\u00edne. Jeho expoz\u00edcie s\u00fa zameran\u00e9 na dejiny slovensk\u00e9ho umenia, kult\u00fary a dopravy.\",\"publisher\":{\"@id\":\"https:\\\/\\\/pmza.sk\\\/#organization\"},\"potentialAction\":[{\"@type\":\"SearchAction\",\"target\":{\"@type\":\"EntryPoint\",\"urlTemplate\":\"https:\\\/\\\/pmza.sk\\\/?s={search_term_string}\"},\"query-input\":{\"@type\":\"PropertyValueSpecification\",\"valueRequired\":true,\"valueName\":\"search_term_string\"}}],\"inLanguage\":\"sk-SK\"},{\"@type\":\"Organization\",\"@id\":\"https:\\\/\\\/pmza.sk\\\/#organization\",\"name\":\"Pova\u017esk\u00e9 m\u00fazeum\",\"url\":\"https:\\\/\\\/pmza.sk\\\/\",\"logo\":{\"@type\":\"ImageObject\",\"inLanguage\":\"sk-SK\",\"@id\":\"https:\\\/\\\/pmza.sk\\\/#\\\/schema\\\/logo\\\/image\\\/\",\"url\":\"https:\\\/\\\/pmza.sk\\\/wp-content\\\/uploads\\\/2022\\\/01\\\/logo_PM_horizontal.jpg\",\"contentUrl\":\"https:\\\/\\\/pmza.sk\\\/wp-content\\\/uploads\\\/2022\\\/01\\\/logo_PM_horizontal.jpg\",\"width\":231,\"height\":142,\"caption\":\"Pova\u017esk\u00e9 m\u00fazeum\"},\"image\":{\"@id\":\"https:\\\/\\\/pmza.sk\\\/#\\\/schema\\\/logo\\\/image\\\/\"},\"sameAs\":[\"https:\\\/\\\/www.facebook.com\\\/povazskemuzeum\",\"https:\\\/\\\/www.instagram.com\\\/povazskemuzeum\\\/\"]},{\"@type\":\"Person\",\"@id\":\"https:\\\/\\\/pmza.sk\\\/#\\\/schema\\\/person\\\/595e6a2ce731ea94dcd5d7f50a41ae33\",\"name\":\"Pova\u017esk\u00e9 m\u00fazeum\",\"image\":{\"@type\":\"ImageObject\",\"inLanguage\":\"sk-SK\",\"@id\":\"https:\\\/\\\/secure.gravatar.com\\\/avatar\\\/2bb7f1561282132fb5826dfeccc66c7996d11ee392ac6aaf7ced8a1c2027fbb2?s=96&d=mm&r=g\",\"url\":\"https:\\\/\\\/secure.gravatar.com\\\/avatar\\\/2bb7f1561282132fb5826dfeccc66c7996d11ee392ac6aaf7ced8a1c2027fbb2?s=96&d=mm&r=g\",\"contentUrl\":\"https:\\\/\\\/secure.gravatar.com\\\/avatar\\\/2bb7f1561282132fb5826dfeccc66c7996d11ee392ac6aaf7ced8a1c2027fbb2?s=96&d=mm&r=g\",\"caption\":\"Pova\u017esk\u00e9 m\u00fazeum\"}}]}<\/script>\n<!-- \/ Yoast SEO plugin. -->","yoast_head_json":{"title":"Matilda \u010cechov\u00e1 sa symbolicky vracia do \u010ci\u010dmian - Pova\u017esk\u00e9 m\u00fazeum","robots":{"index":"index","follow":"follow","max-snippet":"max-snippet:-1","max-image-preview":"max-image-preview:large","max-video-preview":"max-video-preview:-1"},"canonical":"https:\/\/pmza.sk\/?p=5442","og_locale":"sk_SK","og_type":"article","og_title":"Matilda \u010cechov\u00e1 sa symbolicky vracia do \u010ci\u010dmian - Pova\u017esk\u00e9 m\u00fazeum","og_description":"Prv\u00e1 d\u00e1ma na Slovensku, ktor\u00e1 sa za\u010dala venova\u0165 grafike, bola \u010di\u010dmianska rod\u00e1\u010dka Matilda \u010cechov\u00e1, ktorej r\u00f4znorod\u00fa tvorbu predstavuje v\u00fdstava v\u00a0Radenovom dome v\u00a0\u010ci\u010dmanoch\u00a0 pod n\u00e1zvom Ruk\u00e1vce, z\u00e1ponky, rub\u00e1\u010de&#8230; \u201eMatilda \u010cechov\u00e1 bola nadan\u00e1 v\u00a0mnoh\u00fdch oblastiach. V\u00a0rokoch 1933 a\u017e 1955 p\u00f4sobila ako pedagogi\u010dka v\u00a0Bratislave. Potom a\u017e do svojej smrti\u00a0 vynikala ako v\u00fdtvarn\u00ed\u010dka v\u00a0slobodnom povolan\u00ed v\u00a0kresbe, ma\u013ebe a\u00a0textile. In\u0161pir\u00e1ciu [&hellip;]","og_url":"https:\/\/pmza.sk\/?p=5442","og_site_name":"Pova\u017esk\u00e9 m\u00fazeum","article_publisher":"https:\/\/www.facebook.com\/povazskemuzeum","article_published_time":"2012-04-25T08:47:25+00:00","og_image":[{"url":"https:\/\/pmza.sk.sk\/wp-content\/uploads\/2012\/04\/z-vystavy-Cechovej-197x300.jpg","type":"","width":"","height":""}],"author":"Pova\u017esk\u00e9 m\u00fazeum","twitter_card":"summary_large_image","twitter_misc":{"Autor":"Pova\u017esk\u00e9 m\u00fazeum","Predpokladan\u00fd \u010das \u010d\u00edtania":"2 min\u00faty"},"schema":{"@context":"https:\/\/schema.org","@graph":[{"@type":"Article","@id":"https:\/\/pmza.sk\/?p=5442#article","isPartOf":{"@id":"https:\/\/pmza.sk\/?p=5442"},"author":{"name":"Pova\u017esk\u00e9 m\u00fazeum","@id":"https:\/\/pmza.sk\/#\/schema\/person\/595e6a2ce731ea94dcd5d7f50a41ae33"},"headline":"Matilda \u010cechov\u00e1 sa symbolicky vracia do \u010ci\u010dmian","datePublished":"2012-04-25T08:47:25+00:00","mainEntityOfPage":{"@id":"https:\/\/pmza.sk\/?p=5442"},"wordCount":450,"publisher":{"@id":"https:\/\/pmza.sk\/#organization"},"image":{"@id":"https:\/\/pmza.sk\/?p=5442#primaryimage"},"thumbnailUrl":"https:\/\/pmza.sk.sk\/wp-content\/uploads\/2012\/04\/z-vystavy-Cechovej-197x300.jpg","articleSection":["Aktuality"],"inLanguage":"sk-SK"},{"@type":"WebPage","@id":"https:\/\/pmza.sk\/?p=5442","url":"https:\/\/pmza.sk\/?p=5442","name":"Matilda \u010cechov\u00e1 sa symbolicky vracia do \u010ci\u010dmian - Pova\u017esk\u00e9 m\u00fazeum","isPartOf":{"@id":"https:\/\/pmza.sk\/#website"},"primaryImageOfPage":{"@id":"https:\/\/pmza.sk\/?p=5442#primaryimage"},"image":{"@id":"https:\/\/pmza.sk\/?p=5442#primaryimage"},"thumbnailUrl":"https:\/\/pmza.sk.sk\/wp-content\/uploads\/2012\/04\/z-vystavy-Cechovej-197x300.jpg","datePublished":"2012-04-25T08:47:25+00:00","breadcrumb":{"@id":"https:\/\/pmza.sk\/?p=5442#breadcrumb"},"inLanguage":"sk-SK","potentialAction":[{"@type":"ReadAction","target":["https:\/\/pmza.sk\/?p=5442"]}]},{"@type":"ImageObject","inLanguage":"sk-SK","@id":"https:\/\/pmza.sk\/?p=5442#primaryimage","url":"https:\/\/pmza.sk.sk\/wp-content\/uploads\/2012\/04\/z-vystavy-Cechovej-197x300.jpg","contentUrl":"https:\/\/pmza.sk.sk\/wp-content\/uploads\/2012\/04\/z-vystavy-Cechovej-197x300.jpg"},{"@type":"BreadcrumbList","@id":"https:\/\/pmza.sk\/?p=5442#breadcrumb","itemListElement":[{"@type":"ListItem","position":1,"name":"Domovsk\u00e1 str\u00e1nka","item":"https:\/\/pmza.sk\/"},{"@type":"ListItem","position":2,"name":"Matilda \u010cechov\u00e1 sa symbolicky vracia do \u010ci\u010dmian"}]},{"@type":"WebSite","@id":"https:\/\/pmza.sk\/#website","url":"https:\/\/pmza.sk\/","name":"Pova\u017esk\u00e9 m\u00fazeum","description":"Pova\u017esk\u00e9 m\u00fazeum v \u017diline je region\u00e1lne m\u00fazeum so s\u00eddlom v Budat\u00edne. Jeho expoz\u00edcie s\u00fa zameran\u00e9 na dejiny slovensk\u00e9ho umenia, kult\u00fary a dopravy.","publisher":{"@id":"https:\/\/pmza.sk\/#organization"},"potentialAction":[{"@type":"SearchAction","target":{"@type":"EntryPoint","urlTemplate":"https:\/\/pmza.sk\/?s={search_term_string}"},"query-input":{"@type":"PropertyValueSpecification","valueRequired":true,"valueName":"search_term_string"}}],"inLanguage":"sk-SK"},{"@type":"Organization","@id":"https:\/\/pmza.sk\/#organization","name":"Pova\u017esk\u00e9 m\u00fazeum","url":"https:\/\/pmza.sk\/","logo":{"@type":"ImageObject","inLanguage":"sk-SK","@id":"https:\/\/pmza.sk\/#\/schema\/logo\/image\/","url":"https:\/\/pmza.sk\/wp-content\/uploads\/2022\/01\/logo_PM_horizontal.jpg","contentUrl":"https:\/\/pmza.sk\/wp-content\/uploads\/2022\/01\/logo_PM_horizontal.jpg","width":231,"height":142,"caption":"Pova\u017esk\u00e9 m\u00fazeum"},"image":{"@id":"https:\/\/pmza.sk\/#\/schema\/logo\/image\/"},"sameAs":["https:\/\/www.facebook.com\/povazskemuzeum","https:\/\/www.instagram.com\/povazskemuzeum\/"]},{"@type":"Person","@id":"https:\/\/pmza.sk\/#\/schema\/person\/595e6a2ce731ea94dcd5d7f50a41ae33","name":"Pova\u017esk\u00e9 m\u00fazeum","image":{"@type":"ImageObject","inLanguage":"sk-SK","@id":"https:\/\/secure.gravatar.com\/avatar\/2bb7f1561282132fb5826dfeccc66c7996d11ee392ac6aaf7ced8a1c2027fbb2?s=96&d=mm&r=g","url":"https:\/\/secure.gravatar.com\/avatar\/2bb7f1561282132fb5826dfeccc66c7996d11ee392ac6aaf7ced8a1c2027fbb2?s=96&d=mm&r=g","contentUrl":"https:\/\/secure.gravatar.com\/avatar\/2bb7f1561282132fb5826dfeccc66c7996d11ee392ac6aaf7ced8a1c2027fbb2?s=96&d=mm&r=g","caption":"Pova\u017esk\u00e9 m\u00fazeum"}}]}},"_links":{"self":[{"href":"https:\/\/pmza.sk\/index.php?rest_route=\/wp\/v2\/posts\/5442","targetHints":{"allow":["GET"]}}],"collection":[{"href":"https:\/\/pmza.sk\/index.php?rest_route=\/wp\/v2\/posts"}],"about":[{"href":"https:\/\/pmza.sk\/index.php?rest_route=\/wp\/v2\/types\/post"}],"author":[{"embeddable":true,"href":"https:\/\/pmza.sk\/index.php?rest_route=\/wp\/v2\/users\/2"}],"replies":[{"embeddable":true,"href":"https:\/\/pmza.sk\/index.php?rest_route=%2Fwp%2Fv2%2Fcomments&post=5442"}],"version-history":[{"count":0,"href":"https:\/\/pmza.sk\/index.php?rest_route=\/wp\/v2\/posts\/5442\/revisions"}],"wp:attachment":[{"href":"https:\/\/pmza.sk\/index.php?rest_route=%2Fwp%2Fv2%2Fmedia&parent=5442"}],"wp:term":[{"taxonomy":"category","embeddable":true,"href":"https:\/\/pmza.sk\/index.php?rest_route=%2Fwp%2Fv2%2Fcategories&post=5442"},{"taxonomy":"post_tag","embeddable":true,"href":"https:\/\/pmza.sk\/index.php?rest_route=%2Fwp%2Fv2%2Ftags&post=5442"}],"curies":[{"name":"wp","href":"https:\/\/api.w.org\/{rel}","templated":true}]}}