{"id":546,"date":"2010-06-10T14:15:31","date_gmt":"2010-06-10T12:15:31","guid":{"rendered":"https:\/\/pmza.sk.sk\/info\/?p=546"},"modified":"2010-06-10T14:15:31","modified_gmt":"2010-06-10T12:15:31","slug":"svadobny-dar-palatina-turzu","status":"publish","type":"post","link":"https:\/\/pmza.sk\/?p=546","title":{"rendered":"Svadobn\u00fd dar palat\u00edna Turzu"},"content":{"rendered":"<p style=\"text-align: justify;\"><a href=\"https:\/\/pmza.sk\/wp-content\/uploads\/2010\/06\/Svadobny-dar.jpg\"><img fetchpriority=\"high\" decoding=\"async\" class=\"alignleft size-medium wp-image-775\" style=\"margin-left: 3px; margin-right: 3px; border: 3px solid black;\" title=\"Svadobny dar\" src=\"https:\/\/pmza.sk.sk\/wp-content\/uploads\/2010\/06\/Svadobny-dar-300x225.jpg\" alt=\"\" width=\"300\" height=\"225\" \/><\/a>\u017dilinsk\u00fd samospr\u00e1vny kraj a\u00a0Pova\u017esk\u00e9 m\u00fazeum v\u00a0\u017diline vyhlasuj\u00fa prv\u00fd ro\u010dn\u00edk s\u00fa\u0165a\u017ee pre v\u0161etk\u00fdch z\u00e1ujemcov o\u00a0realiz\u00e1ciu svojej svadby v\u00a0roku 2011 v\u00a0priestoroch Sob\u00e1\u0161neho pal\u00e1ca v\u00a0Byt\u010di pod n\u00e1zvom Svadobn\u00fd dar palat\u00edna Turzu. <em>\u201ePo sl\u00e1vnostnom otvoren\u00ed zrekon\u0161truovan\u00e9ho Sob\u00e1\u0161neho pal\u00e1ca v\u00a0Byt\u010di verejnos\u0165 prejavila obrovsk\u00fd z\u00e1ujem najm\u00e4 o\u00a0uskuto\u010dnenie\u00a0 svadobnej hostiny pr\u00e1ve tu, kde palat\u00edn Juraj Turzo vydal v\u0161etky svoje dc\u00e9ry. Ke\u010f\u017ee nie je mo\u017en\u00e9 uspokoji\u0165 v\u0161etk\u00fdch sn\u00fabencov, rozhodli sme sa vyhl\u00e1si\u0165 tak\u00fdto typ s\u00fa\u0165a\u017ee s\u00a0viacer\u00fdmi bonusmi pre v\u00ed\u0165azn\u00e9 p\u00e1ry,\u201c<\/em> uviedol Boris Schubert riadite\u013e Pova\u017esk\u00e9ho m\u00fazea v\u00a0\u017diline. <!--more-->Z\u00e1kladnou podmienkou s\u00fa\u0165a\u017ee je \u00fa\u010das\u0165 oboch sn\u00fabencov pri jej plnen\u00ed. Sn\u00fabenci po zak\u00fapen\u00ed mapy s n\u00e1zvom \u201ePoklady m\u00faze\u00ed \u017dilinsk\u00e9ho kraja\u201c (mapa je dostupn\u00e1 v\u00a0pokladniach v\u0161etk\u00fdch expoz\u00edcii m\u00faze\u00ed v\u00a0zria\u010fovate\u013eskej p\u00f4sobnosti \u017dilinsk\u00e9ho samospr\u00e1vneho kraja ) a\u00a0po n\u00e1v\u0161teve jednotliv\u00fdch expoz\u00edcii bud\u00fa zaraden\u00ed do losovania o\u00a0realiz\u00e1ciu svadobnej hostiny v\u00a0Sob\u00e1\u0161nom pal\u00e1ci v\u00a0Byt\u010di v\u00a0roku 2011. Za n\u00e1v\u0161tevu expoz\u00edcii sa pova\u017euje n\u00e1v\u0161teva v\u0161etk\u00fdch expoz\u00edcii v\u00a0spr\u00e1ve Pova\u017esk\u00e9ho m\u00fazea v\u00a0\u017diline (Hrad Stre\u010dno, Objekty \u013eudovej architekt\u00fary v\u00a0\u010ci\u010dmanoch, Expoz\u00edcia J\u00e1no\u0161\u00edk a\u00a0Terchov\u00e1 v\u00a0Terchovej, Budat\u00ednsky hrad) a\u00a0n\u00e1v\u0161teva aspo\u0148 jednej expoz\u00edcie v\u00a0ka\u017edom \u010fal\u0161om m\u00fazeu v\u00a0zria\u010fovate\u013eskej p\u00f4sobnosti \u017dilinsk\u00e9ho samospr\u00e1vneho kraja (Oravsk\u00e9 m\u00fazeum P.O.H. v\u00a0Dolnom Kub\u00edne, Liptovsk\u00e9 m\u00fazeum v Ru\u017eomberku, Kysuck\u00e9 m\u00fazeum v \u010cadci). S\u00fa\u0165a\u017eiaci za\u0161l\u00fa spr\u00e1vne osignovan\u00fa mapu pe\u010diatkami nav\u0161t\u00edven\u00fdch expoz\u00edci\u00ed p\u00edsomne alebo fyzicky najnesk\u00f4r do 18. decembra 2010 na adresu Pova\u017esk\u00e9ho m\u00fazea v\u00a0\u017diline.\u00a0Vyhodnotenie s\u00fa\u0165a\u017ee sa uskuto\u010dn\u00ed v\u00a0janu\u00e1ri 2011 na Svadobnom ve\u013etrhu v Bratislave sp\u00f4sobom \u017erebovania m\u00e1p, ktor\u00e9 splnili krit\u00e9ria s\u00fa\u0165a\u017ee, a\u00a0to vylosovan\u00edm dvoch sn\u00fabeneck\u00fdch p\u00e1rov. <em>\u201e V\u00ed\u0165azn\u00e9 dva sn\u00fabeneck\u00e9 p\u00e1ry \u010dak\u00e1 atrakt\u00edvna odmena \u2013 realiz\u00e1cia svadobnej hostiny v\u00a0roku 2011 \u00a0v\u00a0Sob\u00e1\u0161nom pal\u00e1ci v\u00a0Byt\u010di bezplatne, uv\u00edtac\u00ed ceremoni\u00e1l v\u00a0pal\u00e1ci, sl\u00e1vnostn\u00fd pr\u00edpitok Juraja Turzu a\u00a0\u010fal\u0161ie exkluz\u00edvne \u00a0svadobn\u00e9 prekvapenia, o\u00a0ktor\u00fdch budeme v\u00a0priebehu s\u00fa\u0165a\u017ee informova\u0165, \u201c<\/em> dodal na z\u00e1ver Boris Schubert.<\/p>\n<p style=\"text-align: justify;\"><span style=\"color: #ffffff;\">.<\/span><\/p>\n<p style=\"text-align: justify;\">Propo\u017e\u00edcie s\u00fa\u0165a\u017ee: &gt;<a href=\"https:\/\/pmza.sk\/wp-content\/uploads\/2010\/06\/svadobny_dar.doc\">svadobny_dar<\/a>&lt;<\/p>\n<p class=\"MsoNormal\" style=\"margin: 0cm 0cm 0pt;\">\n","protected":false},"excerpt":{"rendered":"<p>\u017dilinsk\u00fd samospr\u00e1vny kraj a\u00a0Pova\u017esk\u00e9 m\u00fazeum v\u00a0\u017diline vyhlasuj\u00fa prv\u00fd ro\u010dn\u00edk s\u00fa\u0165a\u017ee pre v\u0161etk\u00fdch z\u00e1ujemcov o\u00a0realiz\u00e1ciu svojej svadby v\u00a0roku 2011 v\u00a0priestoroch Sob\u00e1\u0161neho pal\u00e1ca v\u00a0Byt\u010di pod n\u00e1zvom Svadobn\u00fd dar palat\u00edna Turzu. \u201ePo sl\u00e1vnostnom otvoren\u00ed zrekon\u0161truovan\u00e9ho Sob\u00e1\u0161neho pal\u00e1ca v\u00a0Byt\u010di verejnos\u0165 prejavila obrovsk\u00fd z\u00e1ujem najm\u00e4 o\u00a0uskuto\u010dnenie\u00a0 svadobnej hostiny pr\u00e1ve tu, kde palat\u00edn Juraj Turzo vydal v\u0161etky svoje dc\u00e9ry. Ke\u010f\u017ee nie [&hellip;]<\/p>\n","protected":false},"author":2,"featured_media":0,"comment_status":"closed","ping_status":"closed","sticky":false,"template":"","format":"standard","meta":{"site-sidebar-layout":"default","site-content-layout":"","ast-site-content-layout":"","site-content-style":"default","site-sidebar-style":"default","ast-global-header-display":"","ast-banner-title-visibility":"","ast-main-header-display":"","ast-hfb-above-header-display":"","ast-hfb-below-header-display":"","ast-hfb-mobile-header-display":"","site-post-title":"","ast-breadcrumbs-content":"","ast-featured-img":"","footer-sml-layout":"","theme-transparent-header-meta":"","adv-header-id-meta":"","stick-header-meta":"","header-above-stick-meta":"","header-main-stick-meta":"","header-below-stick-meta":"","astra-migrate-meta-layouts":"default","ast-page-background-enabled":"default","ast-page-background-meta":{"desktop":{"background-color":"var(--ast-global-color-4)","background-image":"","background-repeat":"repeat","background-position":"center center","background-size":"auto","background-attachment":"scroll","background-type":"","background-media":"","overlay-type":"","overlay-color":"","overlay-opacity":"","overlay-gradient":""},"tablet":{"background-color":"","background-image":"","background-repeat":"repeat","background-position":"center center","background-size":"auto","background-attachment":"scroll","background-type":"","background-media":"","overlay-type":"","overlay-color":"","overlay-opacity":"","overlay-gradient":""},"mobile":{"background-color":"","background-image":"","background-repeat":"repeat","background-position":"center center","background-size":"auto","background-attachment":"scroll","background-type":"","background-media":"","overlay-type":"","overlay-color":"","overlay-opacity":"","overlay-gradient":""}},"ast-content-background-meta":{"desktop":{"background-color":"var(--ast-global-color-5)","background-image":"","background-repeat":"repeat","background-position":"center center","background-size":"auto","background-attachment":"scroll","background-type":"","background-media":"","overlay-type":"","overlay-color":"","overlay-opacity":"","overlay-gradient":""},"tablet":{"background-color":"var(--ast-global-color-5)","background-image":"","background-repeat":"repeat","background-position":"center center","background-size":"auto","background-attachment":"scroll","background-type":"","background-media":"","overlay-type":"","overlay-color":"","overlay-opacity":"","overlay-gradient":""},"mobile":{"background-color":"var(--ast-global-color-5)","background-image":"","background-repeat":"repeat","background-position":"center center","background-size":"auto","background-attachment":"scroll","background-type":"","background-media":"","overlay-type":"","overlay-color":"","overlay-opacity":"","overlay-gradient":""}},"footnotes":""},"categories":[29],"tags":[],"class_list":["post-546","post","type-post","status-publish","format-standard","hentry","category-archiv-2010"],"yoast_head":"<!-- This site is optimized with the Yoast SEO plugin v27.4 - https:\/\/yoast.com\/product\/yoast-seo-wordpress\/ -->\n<title>Svadobn\u00fd dar palat\u00edna Turzu - Pova\u017esk\u00e9 m\u00fazeum<\/title>\n<meta name=\"robots\" content=\"index, follow, max-snippet:-1, max-image-preview:large, max-video-preview:-1\" \/>\n<link rel=\"canonical\" href=\"https:\/\/pmza.sk\/?p=546\" \/>\n<meta property=\"og:locale\" content=\"sk_SK\" \/>\n<meta property=\"og:type\" content=\"article\" \/>\n<meta property=\"og:title\" content=\"Svadobn\u00fd dar palat\u00edna Turzu - Pova\u017esk\u00e9 m\u00fazeum\" \/>\n<meta property=\"og:description\" content=\"\u017dilinsk\u00fd samospr\u00e1vny kraj a\u00a0Pova\u017esk\u00e9 m\u00fazeum v\u00a0\u017diline vyhlasuj\u00fa prv\u00fd ro\u010dn\u00edk s\u00fa\u0165a\u017ee pre v\u0161etk\u00fdch z\u00e1ujemcov o\u00a0realiz\u00e1ciu svojej svadby v\u00a0roku 2011 v\u00a0priestoroch Sob\u00e1\u0161neho pal\u00e1ca v\u00a0Byt\u010di pod n\u00e1zvom Svadobn\u00fd dar palat\u00edna Turzu. \u201ePo sl\u00e1vnostnom otvoren\u00ed zrekon\u0161truovan\u00e9ho Sob\u00e1\u0161neho pal\u00e1ca v\u00a0Byt\u010di verejnos\u0165 prejavila obrovsk\u00fd z\u00e1ujem najm\u00e4 o\u00a0uskuto\u010dnenie\u00a0 svadobnej hostiny pr\u00e1ve tu, kde palat\u00edn Juraj Turzo vydal v\u0161etky svoje dc\u00e9ry. Ke\u010f\u017ee nie [&hellip;]\" \/>\n<meta property=\"og:url\" content=\"https:\/\/pmza.sk\/?p=546\" \/>\n<meta property=\"og:site_name\" content=\"Pova\u017esk\u00e9 m\u00fazeum\" \/>\n<meta property=\"article:publisher\" content=\"https:\/\/www.facebook.com\/povazskemuzeum\" \/>\n<meta property=\"article:published_time\" content=\"2010-06-10T12:15:31+00:00\" \/>\n<meta property=\"og:image\" content=\"https:\/\/pmza.sk.sk\/wp-content\/uploads\/2010\/06\/Svadobny-dar-300x225.jpg\" \/>\n<meta name=\"author\" content=\"Pova\u017esk\u00e9 m\u00fazeum\" \/>\n<meta name=\"twitter:card\" content=\"summary_large_image\" \/>\n<meta name=\"twitter:label1\" content=\"Autor\" \/>\n\t<meta name=\"twitter:data1\" content=\"Pova\u017esk\u00e9 m\u00fazeum\" \/>\n\t<meta name=\"twitter:label2\" content=\"Predpokladan\u00fd \u010das \u010d\u00edtania\" \/>\n\t<meta name=\"twitter:data2\" content=\"2 min\u00faty\" \/>\n<script type=\"application\/ld+json\" class=\"yoast-schema-graph\">{\"@context\":\"https:\\\/\\\/schema.org\",\"@graph\":[{\"@type\":\"Article\",\"@id\":\"https:\\\/\\\/pmza.sk\\\/?p=546#article\",\"isPartOf\":{\"@id\":\"https:\\\/\\\/pmza.sk\\\/?p=546\"},\"author\":{\"name\":\"Pova\u017esk\u00e9 m\u00fazeum\",\"@id\":\"https:\\\/\\\/pmza.sk\\\/#\\\/schema\\\/person\\\/595e6a2ce731ea94dcd5d7f50a41ae33\"},\"headline\":\"Svadobn\u00fd dar palat\u00edna Turzu\",\"datePublished\":\"2010-06-10T12:15:31+00:00\",\"mainEntityOfPage\":{\"@id\":\"https:\\\/\\\/pmza.sk\\\/?p=546\"},\"wordCount\":455,\"publisher\":{\"@id\":\"https:\\\/\\\/pmza.sk\\\/#organization\"},\"image\":{\"@id\":\"https:\\\/\\\/pmza.sk\\\/?p=546#primaryimage\"},\"thumbnailUrl\":\"http:\\\/\\\/pmza.sk.sk\\\/wp-content\\\/uploads\\\/2010\\\/06\\\/Svadobny-dar-300x225.jpg\",\"articleSection\":[\"Arch\u00edv 2010\"],\"inLanguage\":\"sk-SK\"},{\"@type\":\"WebPage\",\"@id\":\"https:\\\/\\\/pmza.sk\\\/?p=546\",\"url\":\"https:\\\/\\\/pmza.sk\\\/?p=546\",\"name\":\"Svadobn\u00fd dar palat\u00edna Turzu - Pova\u017esk\u00e9 m\u00fazeum\",\"isPartOf\":{\"@id\":\"https:\\\/\\\/pmza.sk\\\/#website\"},\"primaryImageOfPage\":{\"@id\":\"https:\\\/\\\/pmza.sk\\\/?p=546#primaryimage\"},\"image\":{\"@id\":\"https:\\\/\\\/pmza.sk\\\/?p=546#primaryimage\"},\"thumbnailUrl\":\"http:\\\/\\\/pmza.sk.sk\\\/wp-content\\\/uploads\\\/2010\\\/06\\\/Svadobny-dar-300x225.jpg\",\"datePublished\":\"2010-06-10T12:15:31+00:00\",\"breadcrumb\":{\"@id\":\"https:\\\/\\\/pmza.sk\\\/?p=546#breadcrumb\"},\"inLanguage\":\"sk-SK\",\"potentialAction\":[{\"@type\":\"ReadAction\",\"target\":[\"https:\\\/\\\/pmza.sk\\\/?p=546\"]}]},{\"@type\":\"ImageObject\",\"inLanguage\":\"sk-SK\",\"@id\":\"https:\\\/\\\/pmza.sk\\\/?p=546#primaryimage\",\"url\":\"http:\\\/\\\/pmza.sk.sk\\\/wp-content\\\/uploads\\\/2010\\\/06\\\/Svadobny-dar-300x225.jpg\",\"contentUrl\":\"http:\\\/\\\/pmza.sk.sk\\\/wp-content\\\/uploads\\\/2010\\\/06\\\/Svadobny-dar-300x225.jpg\"},{\"@type\":\"BreadcrumbList\",\"@id\":\"https:\\\/\\\/pmza.sk\\\/?p=546#breadcrumb\",\"itemListElement\":[{\"@type\":\"ListItem\",\"position\":1,\"name\":\"Domovsk\u00e1 str\u00e1nka\",\"item\":\"https:\\\/\\\/pmza.sk\\\/\"},{\"@type\":\"ListItem\",\"position\":2,\"name\":\"Svadobn\u00fd dar palat\u00edna Turzu\"}]},{\"@type\":\"WebSite\",\"@id\":\"https:\\\/\\\/pmza.sk\\\/#website\",\"url\":\"https:\\\/\\\/pmza.sk\\\/\",\"name\":\"Pova\u017esk\u00e9 m\u00fazeum\",\"description\":\"Pova\u017esk\u00e9 m\u00fazeum v \u017diline je region\u00e1lne m\u00fazeum so s\u00eddlom v Budat\u00edne. Jeho expoz\u00edcie s\u00fa zameran\u00e9 na dejiny slovensk\u00e9ho umenia, kult\u00fary a dopravy.\",\"publisher\":{\"@id\":\"https:\\\/\\\/pmza.sk\\\/#organization\"},\"potentialAction\":[{\"@type\":\"SearchAction\",\"target\":{\"@type\":\"EntryPoint\",\"urlTemplate\":\"https:\\\/\\\/pmza.sk\\\/?s={search_term_string}\"},\"query-input\":{\"@type\":\"PropertyValueSpecification\",\"valueRequired\":true,\"valueName\":\"search_term_string\"}}],\"inLanguage\":\"sk-SK\"},{\"@type\":\"Organization\",\"@id\":\"https:\\\/\\\/pmza.sk\\\/#organization\",\"name\":\"Pova\u017esk\u00e9 m\u00fazeum\",\"url\":\"https:\\\/\\\/pmza.sk\\\/\",\"logo\":{\"@type\":\"ImageObject\",\"inLanguage\":\"sk-SK\",\"@id\":\"https:\\\/\\\/pmza.sk\\\/#\\\/schema\\\/logo\\\/image\\\/\",\"url\":\"https:\\\/\\\/pmza.sk\\\/wp-content\\\/uploads\\\/2022\\\/01\\\/logo_PM_horizontal.jpg\",\"contentUrl\":\"https:\\\/\\\/pmza.sk\\\/wp-content\\\/uploads\\\/2022\\\/01\\\/logo_PM_horizontal.jpg\",\"width\":231,\"height\":142,\"caption\":\"Pova\u017esk\u00e9 m\u00fazeum\"},\"image\":{\"@id\":\"https:\\\/\\\/pmza.sk\\\/#\\\/schema\\\/logo\\\/image\\\/\"},\"sameAs\":[\"https:\\\/\\\/www.facebook.com\\\/povazskemuzeum\",\"https:\\\/\\\/www.instagram.com\\\/povazskemuzeum\\\/\"]},{\"@type\":\"Person\",\"@id\":\"https:\\\/\\\/pmza.sk\\\/#\\\/schema\\\/person\\\/595e6a2ce731ea94dcd5d7f50a41ae33\",\"name\":\"Pova\u017esk\u00e9 m\u00fazeum\",\"image\":{\"@type\":\"ImageObject\",\"inLanguage\":\"sk-SK\",\"@id\":\"https:\\\/\\\/secure.gravatar.com\\\/avatar\\\/2bb7f1561282132fb5826dfeccc66c7996d11ee392ac6aaf7ced8a1c2027fbb2?s=96&d=mm&r=g\",\"url\":\"https:\\\/\\\/secure.gravatar.com\\\/avatar\\\/2bb7f1561282132fb5826dfeccc66c7996d11ee392ac6aaf7ced8a1c2027fbb2?s=96&d=mm&r=g\",\"contentUrl\":\"https:\\\/\\\/secure.gravatar.com\\\/avatar\\\/2bb7f1561282132fb5826dfeccc66c7996d11ee392ac6aaf7ced8a1c2027fbb2?s=96&d=mm&r=g\",\"caption\":\"Pova\u017esk\u00e9 m\u00fazeum\"}}]}<\/script>\n<!-- \/ Yoast SEO plugin. -->","yoast_head_json":{"title":"Svadobn\u00fd dar palat\u00edna Turzu - Pova\u017esk\u00e9 m\u00fazeum","robots":{"index":"index","follow":"follow","max-snippet":"max-snippet:-1","max-image-preview":"max-image-preview:large","max-video-preview":"max-video-preview:-1"},"canonical":"https:\/\/pmza.sk\/?p=546","og_locale":"sk_SK","og_type":"article","og_title":"Svadobn\u00fd dar palat\u00edna Turzu - Pova\u017esk\u00e9 m\u00fazeum","og_description":"\u017dilinsk\u00fd samospr\u00e1vny kraj a\u00a0Pova\u017esk\u00e9 m\u00fazeum v\u00a0\u017diline vyhlasuj\u00fa prv\u00fd ro\u010dn\u00edk s\u00fa\u0165a\u017ee pre v\u0161etk\u00fdch z\u00e1ujemcov o\u00a0realiz\u00e1ciu svojej svadby v\u00a0roku 2011 v\u00a0priestoroch Sob\u00e1\u0161neho pal\u00e1ca v\u00a0Byt\u010di pod n\u00e1zvom Svadobn\u00fd dar palat\u00edna Turzu. \u201ePo sl\u00e1vnostnom otvoren\u00ed zrekon\u0161truovan\u00e9ho Sob\u00e1\u0161neho pal\u00e1ca v\u00a0Byt\u010di verejnos\u0165 prejavila obrovsk\u00fd z\u00e1ujem najm\u00e4 o\u00a0uskuto\u010dnenie\u00a0 svadobnej hostiny pr\u00e1ve tu, kde palat\u00edn Juraj Turzo vydal v\u0161etky svoje dc\u00e9ry. Ke\u010f\u017ee nie [&hellip;]","og_url":"https:\/\/pmza.sk\/?p=546","og_site_name":"Pova\u017esk\u00e9 m\u00fazeum","article_publisher":"https:\/\/www.facebook.com\/povazskemuzeum","article_published_time":"2010-06-10T12:15:31+00:00","og_image":[{"url":"https:\/\/pmza.sk.sk\/wp-content\/uploads\/2010\/06\/Svadobny-dar-300x225.jpg","type":"","width":"","height":""}],"author":"Pova\u017esk\u00e9 m\u00fazeum","twitter_card":"summary_large_image","twitter_misc":{"Autor":"Pova\u017esk\u00e9 m\u00fazeum","Predpokladan\u00fd \u010das \u010d\u00edtania":"2 min\u00faty"},"schema":{"@context":"https:\/\/schema.org","@graph":[{"@type":"Article","@id":"https:\/\/pmza.sk\/?p=546#article","isPartOf":{"@id":"https:\/\/pmza.sk\/?p=546"},"author":{"name":"Pova\u017esk\u00e9 m\u00fazeum","@id":"https:\/\/pmza.sk\/#\/schema\/person\/595e6a2ce731ea94dcd5d7f50a41ae33"},"headline":"Svadobn\u00fd dar palat\u00edna Turzu","datePublished":"2010-06-10T12:15:31+00:00","mainEntityOfPage":{"@id":"https:\/\/pmza.sk\/?p=546"},"wordCount":455,"publisher":{"@id":"https:\/\/pmza.sk\/#organization"},"image":{"@id":"https:\/\/pmza.sk\/?p=546#primaryimage"},"thumbnailUrl":"https:\/\/pmza.sk.sk\/wp-content\/uploads\/2010\/06\/Svadobny-dar-300x225.jpg","articleSection":["Arch\u00edv 2010"],"inLanguage":"sk-SK"},{"@type":"WebPage","@id":"https:\/\/pmza.sk\/?p=546","url":"https:\/\/pmza.sk\/?p=546","name":"Svadobn\u00fd dar palat\u00edna Turzu - Pova\u017esk\u00e9 m\u00fazeum","isPartOf":{"@id":"https:\/\/pmza.sk\/#website"},"primaryImageOfPage":{"@id":"https:\/\/pmza.sk\/?p=546#primaryimage"},"image":{"@id":"https:\/\/pmza.sk\/?p=546#primaryimage"},"thumbnailUrl":"https:\/\/pmza.sk.sk\/wp-content\/uploads\/2010\/06\/Svadobny-dar-300x225.jpg","datePublished":"2010-06-10T12:15:31+00:00","breadcrumb":{"@id":"https:\/\/pmza.sk\/?p=546#breadcrumb"},"inLanguage":"sk-SK","potentialAction":[{"@type":"ReadAction","target":["https:\/\/pmza.sk\/?p=546"]}]},{"@type":"ImageObject","inLanguage":"sk-SK","@id":"https:\/\/pmza.sk\/?p=546#primaryimage","url":"https:\/\/pmza.sk.sk\/wp-content\/uploads\/2010\/06\/Svadobny-dar-300x225.jpg","contentUrl":"https:\/\/pmza.sk.sk\/wp-content\/uploads\/2010\/06\/Svadobny-dar-300x225.jpg"},{"@type":"BreadcrumbList","@id":"https:\/\/pmza.sk\/?p=546#breadcrumb","itemListElement":[{"@type":"ListItem","position":1,"name":"Domovsk\u00e1 str\u00e1nka","item":"https:\/\/pmza.sk\/"},{"@type":"ListItem","position":2,"name":"Svadobn\u00fd dar palat\u00edna Turzu"}]},{"@type":"WebSite","@id":"https:\/\/pmza.sk\/#website","url":"https:\/\/pmza.sk\/","name":"Pova\u017esk\u00e9 m\u00fazeum","description":"Pova\u017esk\u00e9 m\u00fazeum v \u017diline je region\u00e1lne m\u00fazeum so s\u00eddlom v Budat\u00edne. Jeho expoz\u00edcie s\u00fa zameran\u00e9 na dejiny slovensk\u00e9ho umenia, kult\u00fary a dopravy.","publisher":{"@id":"https:\/\/pmza.sk\/#organization"},"potentialAction":[{"@type":"SearchAction","target":{"@type":"EntryPoint","urlTemplate":"https:\/\/pmza.sk\/?s={search_term_string}"},"query-input":{"@type":"PropertyValueSpecification","valueRequired":true,"valueName":"search_term_string"}}],"inLanguage":"sk-SK"},{"@type":"Organization","@id":"https:\/\/pmza.sk\/#organization","name":"Pova\u017esk\u00e9 m\u00fazeum","url":"https:\/\/pmza.sk\/","logo":{"@type":"ImageObject","inLanguage":"sk-SK","@id":"https:\/\/pmza.sk\/#\/schema\/logo\/image\/","url":"https:\/\/pmza.sk\/wp-content\/uploads\/2022\/01\/logo_PM_horizontal.jpg","contentUrl":"https:\/\/pmza.sk\/wp-content\/uploads\/2022\/01\/logo_PM_horizontal.jpg","width":231,"height":142,"caption":"Pova\u017esk\u00e9 m\u00fazeum"},"image":{"@id":"https:\/\/pmza.sk\/#\/schema\/logo\/image\/"},"sameAs":["https:\/\/www.facebook.com\/povazskemuzeum","https:\/\/www.instagram.com\/povazskemuzeum\/"]},{"@type":"Person","@id":"https:\/\/pmza.sk\/#\/schema\/person\/595e6a2ce731ea94dcd5d7f50a41ae33","name":"Pova\u017esk\u00e9 m\u00fazeum","image":{"@type":"ImageObject","inLanguage":"sk-SK","@id":"https:\/\/secure.gravatar.com\/avatar\/2bb7f1561282132fb5826dfeccc66c7996d11ee392ac6aaf7ced8a1c2027fbb2?s=96&d=mm&r=g","url":"https:\/\/secure.gravatar.com\/avatar\/2bb7f1561282132fb5826dfeccc66c7996d11ee392ac6aaf7ced8a1c2027fbb2?s=96&d=mm&r=g","contentUrl":"https:\/\/secure.gravatar.com\/avatar\/2bb7f1561282132fb5826dfeccc66c7996d11ee392ac6aaf7ced8a1c2027fbb2?s=96&d=mm&r=g","caption":"Pova\u017esk\u00e9 m\u00fazeum"}}]}},"_links":{"self":[{"href":"https:\/\/pmza.sk\/index.php?rest_route=\/wp\/v2\/posts\/546","targetHints":{"allow":["GET"]}}],"collection":[{"href":"https:\/\/pmza.sk\/index.php?rest_route=\/wp\/v2\/posts"}],"about":[{"href":"https:\/\/pmza.sk\/index.php?rest_route=\/wp\/v2\/types\/post"}],"author":[{"embeddable":true,"href":"https:\/\/pmza.sk\/index.php?rest_route=\/wp\/v2\/users\/2"}],"replies":[{"embeddable":true,"href":"https:\/\/pmza.sk\/index.php?rest_route=%2Fwp%2Fv2%2Fcomments&post=546"}],"version-history":[{"count":0,"href":"https:\/\/pmza.sk\/index.php?rest_route=\/wp\/v2\/posts\/546\/revisions"}],"wp:attachment":[{"href":"https:\/\/pmza.sk\/index.php?rest_route=%2Fwp%2Fv2%2Fmedia&parent=546"}],"wp:term":[{"taxonomy":"category","embeddable":true,"href":"https:\/\/pmza.sk\/index.php?rest_route=%2Fwp%2Fv2%2Fcategories&post=546"},{"taxonomy":"post_tag","embeddable":true,"href":"https:\/\/pmza.sk\/index.php?rest_route=%2Fwp%2Fv2%2Ftags&post=546"}],"curies":[{"name":"wp","href":"https:\/\/api.w.org\/{rel}","templated":true}]}}