{"id":54698,"date":"2023-01-11T09:41:41","date_gmt":"2023-01-11T08:41:41","guid":{"rendered":"https:\/\/pmza.sk\/?p=54698"},"modified":"2025-05-15T07:06:45","modified_gmt":"2025-05-15T05:06:45","slug":"povazske-muzeum-navstivilo-v-roku-2022-158-000-navstevnikov","status":"publish","type":"post","link":"https:\/\/pmza.sk\/?p=54698","title":{"rendered":"Pova\u017esk\u00e9 m\u00fazeum v roku 2022 nav\u0161t\u00edvilo 158 000 n\u00e1v\u0161tevn\u00edkov"},"content":{"rendered":"<p>Pova\u017esk\u00e9 m\u00fazeum m\u00e1 za sebou \u00faspe\u0161n\u00fa sez\u00f3nu. V\u00a0minulom roku nav\u0161t\u00edvilo expoz\u00edcie viac ako 158\u00a0000 n\u00e1v\u0161tevn\u00edkov a\u00a0n\u00e1rast bol vo v\u0161etk\u00fdch expoz\u00edci\u00e1ch. Celkovo bola n\u00e1v\u0161tevnos\u0165 vy\u0161\u0161ia o\u00a050\u00a0000 \u013eud\u00ed, \u010do bolo ur\u010dite sp\u00f4soben\u00e9 aj t\u00fdm, \u017ee sa po dvoch rokoch mohli organizova\u0165 ve\u013ek\u00e9 podujatia bez obmedzen\u00ed. Najvidite\u013enej\u0161ie to bolo na Budat\u00ednskom hrade, ktor\u00fd nav\u0161t\u00edvilo o\u00a011\u00a0000 \u013eud\u00ed viac ako v\u00a0minulom roku. Celkovo tak prehliadku v hrade absolvovalo 25\u00a0550 z\u00e1ujemcov. Najviac \u013eud\u00ed pri\u0161lo na hrad Stre\u010dno, po\u010das celej sez\u00f3ny to bolo 40\u00a0400 n\u00e1v\u0161tevn\u00edkov.<\/p>\n<p>Minul\u00fd rok bol pre Pova\u017esk\u00e9 m\u00fazeum v\u00fdnimo\u010dn\u00fd, preto\u017ee bol spojen\u00fd s oslavami 80. v\u00fdro\u010dia vzniku. Po\u010das cel\u00e9ho roka sa zorganizovalo viac podujat\u00ed venovan\u00fdch pr\u00e1ve tejto pr\u00edle\u017eitosti. Oslavy za\u010dali v\u00a0m\u00e1ji, ke\u010f bola otvoren\u00e1 v\u00fdstava 8 deka m\u00fazea na Budat\u00ednskom hrade. Jej s\u00fa\u010das\u0165ou bolo divadeln\u00e9 predstavenie v\u00a0podan\u00ed divadelno-hrav\u00e9ho zoskupenia RAZCA, ktor\u00e9 p\u00f4sob\u00ed pri m\u00fazeu. Predstavenia k\u00a0v\u00fdro\u010diu pokra\u010dovali aj v\u00a0in\u00fdch expoz\u00edci\u00e1ch. Na hrade Stre\u010dno boli sc\u00e9nky s\u00fa\u010das\u0165ou letn\u00fdch no\u010dn\u00fdch prehliadok, v\u00a0M\u00fazeu dopravy ich videli n\u00e1v\u0161tevn\u00edci podujatia Rajeck\u00e1 An\u010da. V\u00a0Sob\u00e1\u0161nom pal\u00e1ci v\u00a0Byt\u010di boli novinkou no\u010dn\u00e9 z\u00e1\u017eitkov\u00e9 prehliadky. Celkovo mali najv\u00e4\u010d\u0161\u00ed \u00faspech tradi\u010dn\u00e9 podujatia. Na hrade Stre\u010dno to boli okrem letn\u00fdch no\u010dn\u00fdch prehliadok aj\u00a0Hradn\u00e9 hry \u017dofie Bosniakovej, Cestovanie v\u00a0\u010dase a\u00a0Noc duchov, tekv\u00edc a\u00a0stra\u0161idiel. Stra\u0161ideln\u00e9 no\u010dn\u00e9 prehliadky sa tento rok po prv\u00fdkr\u00e1t konali okrem Sob\u00e1\u0161neho pal\u00e1ca v\u00a0Byt\u010di aj v\u00a0M\u00fazeu dopravy v\u00a0Rajeck\u00fdch Tepliciach. Najviac \u013eud\u00ed ur\u010dite pri\u0161lo na podujatie Budat\u00ednsky r\u00ednok, ktor\u00e9 ukon\u010dilo hlavn\u00fa sez\u00f3nu na Budat\u00edne a\u00a0bolo vyvrcholen\u00edm podujat\u00ed usporiadan\u00fdch pri pr\u00edle\u017eitosti 80. v\u00fdro\u010dia Pova\u017esk\u00e9ho m\u00fazea.<\/p>\n<p>V\u00a0tomto roku bude Pova\u017esk\u00e9 m\u00fazeum intenz\u00edvne pracova\u0165 na zrevitalizovan\u00ed nieko\u013ek\u00fdch expoz\u00edci\u00ed. Na hrade Stre\u010dno sa bude realizova\u0165 prv\u00e1 \u010das\u0165 interakt\u00edvnej expoz\u00edcie, ktor\u00e1 by mala by\u0165 hotov\u00e1 do za\u010diatku sez\u00f3ny. Tie\u017e je v pl\u00e1ne pokra\u010dovanie\u00a0v pr\u00edprav\u00e1ch na zastre\u0161enie kaplnky a\u00a0severn\u00e9ho pal\u00e1ca, \u010d\u00edm by sa odstr\u00e1nili komplik\u00e1cie spojen\u00e9 so zatekan\u00edm. V\u00a0Budat\u00edne\u00a0 je napl\u00e1novan\u00e9 roz\u0161\u00edrenie expoz\u00edcie a\u00a0zjednotenie \u010dasti venovanej dejin\u00e1m \u017diliny. \u201e<em>Taktie\u017e by sme chceli zfunk\u010dni\u0165 podkrovie Budat\u00ednskeho hradu. Podali sme projekt v\u00a0r\u00e1mci cezhrani\u010dnej spolupr\u00e1ce Slovensko \u2013 \u010cesk\u00e1 republika a\u00a0ver\u00edme, \u017ee budeme \u00faspe\u0161n\u00ed. Zatia\u013e nie je e\u0161te ni\u010d ofici\u00e1lne, ale vyzer\u00e1 to by\u0165 na dobrej ceste. Z\u00edskali by sme tak nov\u00e9 v\u00fdstavn\u00e9 priestory, pl\u00e1nujeme digitaliz\u00e1ciu r\u00f4znych t\u00e9m s\u00favisiacich s\u00a0remeslami a\u00a0priemyslom. Z\u00e1rove\u0148 by sa sme mali \u010fal\u0161ie priestory vhodn\u00e9 pre r\u00f4zne workshopy a\u00a0diskusie pre verejnos\u0165.\u201c<\/em> pribli\u017euje riadite\u013e Pova\u017esk\u00e9ho m\u00fazea Michal Jureck\u00fd a\u00a0dod\u00e1va: <em>\u201eTe\u0161\u00ed n\u00e1s, \u017ee aj napriek \u0165a\u017ekej spolo\u010denskej situ\u00e1cii si \u013eudia n\u00e1jdu cestu do m\u00fazea. Mysl\u00edm si, \u017ee pam\u00e4\u0165ov\u00e9 in\u0161tit\u00facie by mali by\u0165 neoddelite\u013enou s\u00fa\u010das\u0165ou toho, aby sme v\u00a0spolo\u010dnosti udr\u017eiavali vy\u0161\u0161ie hodnoty a\u00a0str\u00e1\u017eili ich pre \u010fal\u0161ie gener\u00e1cie. Budeme sa preto aj v\u00a0tomto roku sna\u017ei\u0165 o\u00a0skvalitnenie na\u0161ich slu\u017eieb a\u00a0t\u00fdm zlep\u0161i\u0165 dostupnos\u0165 m\u00fazea pre verejnos\u0165.\u201c \u00a0<\/em>M\u00fazeum bude organizova\u0165 podujatia, na ktor\u00e9 si n\u00e1v\u0161tevn\u00edci u\u017e zvykli a\u00a0radi na ne chodia, ale m\u00e1 v\u00a0pl\u00e1ne aj nie\u010do nov\u00e9. Ch\u00fdba\u0165 nebud\u00fa zauj\u00edmav\u00e9 v\u00fdstavy ani r\u00f4zne z\u00e1\u017eitkov\u00e9 prehliadky.<\/p>\n<div class=\"wp-block-image\">\n<figure id=\"attachment_54701\" aria-describedby=\"caption-attachment-54701\" style=\"width: 540px\" class=\"wp-caption alignnone\"><img fetchpriority=\"high\" decoding=\"async\" class=\"wp-image-54701 size-medium\" src=\"https:\/\/pmza.sk\/wp-content\/uploads\/2023\/01\/IMG_7669-540x360.jpg\" alt=\"Najnav\u0161tevovanej\u0161ou expoz\u00edciou v roku 2022 bol hrad Stre\u010dno. \" width=\"540\" height=\"360\" srcset=\"https:\/\/pmza.sk\/wp-content\/uploads\/2023\/01\/IMG_7669-540x360.jpg 540w, https:\/\/pmza.sk\/wp-content\/uploads\/2023\/01\/IMG_7669-1104x736.jpg 1104w, https:\/\/pmza.sk\/wp-content\/uploads\/2023\/01\/IMG_7669-768x512.jpg 768w, https:\/\/pmza.sk\/wp-content\/uploads\/2023\/01\/IMG_7669-1536x1024.jpg 1536w, https:\/\/pmza.sk\/wp-content\/uploads\/2023\/01\/IMG_7669-2048x1365.jpg 2048w, https:\/\/pmza.sk\/wp-content\/uploads\/2023\/01\/IMG_7669-600x400.jpg 600w\" sizes=\"(max-width: 540px) 100vw, 540px\" \/><figcaption id=\"caption-attachment-54701\" class=\"wp-caption-text\">Najnav\u0161tevovanej\u0161ou expoz\u00edciou v roku 2022 bol hrad Stre\u010dno.<\/figcaption><\/figure>\n<\/div>\n<div class=\"wp-block-image\"><\/div>\n<div class=\"wp-block-image\"><\/div>\n<div class=\"wp-block-image\">\n<figure id=\"attachment_54702\" aria-describedby=\"caption-attachment-54702\" style=\"width: 540px\" class=\"wp-caption alignnone\"><img decoding=\"async\" class=\"wp-image-54702 size-medium\" src=\"https:\/\/pmza.sk\/wp-content\/uploads\/2023\/01\/IMG_2354-540x360.jpg\" alt=\"Oslavy 80. v\u00fdro\u010dia Pova\u017esk\u00e9ho m\u00fazea za\u010dali v\u00fdstavou 8 deka m\u00fazea. \" width=\"540\" height=\"360\" srcset=\"https:\/\/pmza.sk\/wp-content\/uploads\/2023\/01\/IMG_2354-540x360.jpg 540w, https:\/\/pmza.sk\/wp-content\/uploads\/2023\/01\/IMG_2354-768x512.jpg 768w, https:\/\/pmza.sk\/wp-content\/uploads\/2023\/01\/IMG_2354-600x400.jpg 600w, https:\/\/pmza.sk\/wp-content\/uploads\/2023\/01\/IMG_2354.jpg 1024w\" sizes=\"(max-width: 540px) 100vw, 540px\" \/><figcaption id=\"caption-attachment-54702\" class=\"wp-caption-text\">Oslavy 80. v\u00fdro\u010dia Pova\u017esk\u00e9ho m\u00fazea za\u010dali v\u00fdstavou 8 deka m\u00fazea.<\/figcaption><\/figure>\n<div class=\"wp-block-image\">\n<figure id=\"attachment_54703\" aria-describedby=\"caption-attachment-54703\" style=\"width: 540px\" class=\"wp-caption alignnone\"><img decoding=\"async\" class=\"wp-image-54703 size-medium\" src=\"https:\/\/pmza.sk\/wp-content\/uploads\/2023\/01\/IMG_1904-1-540x360.jpg\" alt=\"Najviac \u013eud\u00ed pri\u0161lo na podujatie Budat\u00ednsky r\u00ednok, ktor\u00e9 ukon\u010dilo hlavn\u00fa sez\u00f3nu na Budat\u00ednskom hrade. \" width=\"540\" height=\"360\" srcset=\"https:\/\/pmza.sk\/wp-content\/uploads\/2023\/01\/IMG_1904-1-540x360.jpg 540w, https:\/\/pmza.sk\/wp-content\/uploads\/2023\/01\/IMG_1904-1-768x512.jpg 768w, https:\/\/pmza.sk\/wp-content\/uploads\/2023\/01\/IMG_1904-1-600x400.jpg 600w, https:\/\/pmza.sk\/wp-content\/uploads\/2023\/01\/IMG_1904-1.jpg 1024w\" sizes=\"(max-width: 540px) 100vw, 540px\" \/><figcaption id=\"caption-attachment-54703\" class=\"wp-caption-text\">Najviac \u013eud\u00ed pri\u0161lo na podujatie Budat\u00ednsky r\u00ednok, ktor\u00e9 ukon\u010dilo hlavn\u00fa sez\u00f3nu na Budat\u00ednskom hrade.<\/figcaption><\/figure>\n<\/div>\n<\/div>\n<p><strong>\u00a0<\/strong><\/p>\n<p>&nbsp;<\/p>\n<p>&nbsp;<\/p>\n","protected":false},"excerpt":{"rendered":"<p>Pova\u017esk\u00e9 m\u00fazeum m\u00e1 za sebou \u00faspe\u0161n\u00fa sez\u00f3nu. V\u00a0minulom roku nav\u0161t\u00edvilo expoz\u00edcie viac ako 158\u00a0000 n\u00e1v\u0161tevn\u00edkov a\u00a0n\u00e1rast bol vo v\u0161etk\u00fdch expoz\u00edci\u00e1ch. Celkovo bola n\u00e1v\u0161tevnos\u0165 vy\u0161\u0161ia o\u00a050\u00a0000 \u013eud\u00ed, \u010do bolo ur\u010dite sp\u00f4soben\u00e9 aj t\u00fdm, \u017ee sa po dvoch rokoch mohli organizova\u0165 ve\u013ek\u00e9 podujatia bez obmedzen\u00ed. Najvidite\u013enej\u0161ie to bolo na Budat\u00ednskom hrade, ktor\u00fd nav\u0161t\u00edvilo o\u00a011\u00a0000 \u013eud\u00ed viac ako [&hellip;]<\/p>\n","protected":false},"author":2,"featured_media":54700,"comment_status":"closed","ping_status":"closed","sticky":false,"template":"","format":"standard","meta":{"site-sidebar-layout":"default","site-content-layout":"default","ast-site-content-layout":"default","site-content-style":"default","site-sidebar-style":"default","ast-global-header-display":"","ast-banner-title-visibility":"","ast-main-header-display":"","ast-hfb-above-header-display":"","ast-hfb-below-header-display":"","ast-hfb-mobile-header-display":"","site-post-title":"","ast-breadcrumbs-content":"","ast-featured-img":"","footer-sml-layout":"","theme-transparent-header-meta":"default","adv-header-id-meta":"","stick-header-meta":"default","header-above-stick-meta":"","header-main-stick-meta":"","header-below-stick-meta":"","astra-migrate-meta-layouts":"set","ast-page-background-enabled":"default","ast-page-background-meta":{"desktop":{"background-color":"var(--ast-global-color-4)","background-image":"","background-repeat":"repeat","background-position":"center center","background-size":"auto","background-attachment":"scroll","background-type":"","background-media":"","overlay-type":"","overlay-color":"","overlay-opacity":"","overlay-gradient":""},"tablet":{"background-color":"","background-image":"","background-repeat":"repeat","background-position":"center center","background-size":"auto","background-attachment":"scroll","background-type":"","background-media":"","overlay-type":"","overlay-color":"","overlay-opacity":"","overlay-gradient":""},"mobile":{"background-color":"","background-image":"","background-repeat":"repeat","background-position":"center center","background-size":"auto","background-attachment":"scroll","background-type":"","background-media":"","overlay-type":"","overlay-color":"","overlay-opacity":"","overlay-gradient":""}},"ast-content-background-meta":{"desktop":{"background-color":"var(--ast-global-color-5)","background-image":"","background-repeat":"repeat","background-position":"center center","background-size":"auto","background-attachment":"scroll","background-type":"","background-media":"","overlay-type":"","overlay-color":"","overlay-opacity":"","overlay-gradient":""},"tablet":{"background-color":"var(--ast-global-color-5)","background-image":"","background-repeat":"repeat","background-position":"center center","background-size":"auto","background-attachment":"scroll","background-type":"","background-media":"","overlay-type":"","overlay-color":"","overlay-opacity":"","overlay-gradient":""},"mobile":{"background-color":"var(--ast-global-color-5)","background-image":"","background-repeat":"repeat","background-position":"center center","background-size":"auto","background-attachment":"scroll","background-type":"","background-media":"","overlay-type":"","overlay-color":"","overlay-opacity":"","overlay-gradient":""}},"footnotes":""},"categories":[31],"tags":[],"class_list":["post-54698","post","type-post","status-publish","format-standard","has-post-thumbnail","hentry","category-aktuality"],"yoast_head":"<!-- This site is optimized with the Yoast SEO plugin v27.4 - https:\/\/yoast.com\/product\/yoast-seo-wordpress\/ -->\n<title>Pova\u017esk\u00e9 m\u00fazeum v roku 2022 nav\u0161t\u00edvilo 158 000 n\u00e1v\u0161tevn\u00edkov - Pova\u017esk\u00e9 m\u00fazeum<\/title>\n<meta name=\"robots\" content=\"index, follow, max-snippet:-1, max-image-preview:large, max-video-preview:-1\" \/>\n<link rel=\"canonical\" href=\"https:\/\/pmza.sk\/?p=54698\" \/>\n<meta property=\"og:locale\" content=\"sk_SK\" \/>\n<meta property=\"og:type\" content=\"article\" \/>\n<meta property=\"og:title\" content=\"Pova\u017esk\u00e9 m\u00fazeum v roku 2022 nav\u0161t\u00edvilo 158 000 n\u00e1v\u0161tevn\u00edkov - Pova\u017esk\u00e9 m\u00fazeum\" \/>\n<meta property=\"og:description\" content=\"Pova\u017esk\u00e9 m\u00fazeum m\u00e1 za sebou \u00faspe\u0161n\u00fa sez\u00f3nu. V\u00a0minulom roku nav\u0161t\u00edvilo expoz\u00edcie viac ako 158\u00a0000 n\u00e1v\u0161tevn\u00edkov a\u00a0n\u00e1rast bol vo v\u0161etk\u00fdch expoz\u00edci\u00e1ch. Celkovo bola n\u00e1v\u0161tevnos\u0165 vy\u0161\u0161ia o\u00a050\u00a0000 \u013eud\u00ed, \u010do bolo ur\u010dite sp\u00f4soben\u00e9 aj t\u00fdm, \u017ee sa po dvoch rokoch mohli organizova\u0165 ve\u013ek\u00e9 podujatia bez obmedzen\u00ed. Najvidite\u013enej\u0161ie to bolo na Budat\u00ednskom hrade, ktor\u00fd nav\u0161t\u00edvilo o\u00a011\u00a0000 \u013eud\u00ed viac ako [&hellip;]\" \/>\n<meta property=\"og:url\" content=\"https:\/\/pmza.sk\/?p=54698\" \/>\n<meta property=\"og:site_name\" content=\"Pova\u017esk\u00e9 m\u00fazeum\" \/>\n<meta property=\"article:publisher\" content=\"https:\/\/www.facebook.com\/povazskemuzeum\" \/>\n<meta property=\"article:published_time\" content=\"2023-01-11T08:41:41+00:00\" \/>\n<meta property=\"article:modified_time\" content=\"2025-05-15T05:06:45+00:00\" \/>\n<meta property=\"og:image\" content=\"https:\/\/pmza.sk\/wp-content\/uploads\/2023\/01\/IMG_1790.jpg\" \/>\n\t<meta property=\"og:image:width\" content=\"1024\" \/>\n\t<meta property=\"og:image:height\" content=\"683\" \/>\n\t<meta property=\"og:image:type\" content=\"image\/jpeg\" \/>\n<meta name=\"author\" content=\"Pova\u017esk\u00e9 m\u00fazeum\" \/>\n<meta name=\"twitter:card\" content=\"summary_large_image\" \/>\n<meta name=\"twitter:label1\" content=\"Autor\" \/>\n\t<meta name=\"twitter:data1\" content=\"Pova\u017esk\u00e9 m\u00fazeum\" \/>\n\t<meta name=\"twitter:label2\" content=\"Predpokladan\u00fd \u010das \u010d\u00edtania\" \/>\n\t<meta name=\"twitter:data2\" content=\"4 min\u00faty\" \/>\n<script type=\"application\/ld+json\" class=\"yoast-schema-graph\">{\"@context\":\"https:\\\/\\\/schema.org\",\"@graph\":[{\"@type\":\"Article\",\"@id\":\"https:\\\/\\\/pmza.sk\\\/?p=54698#article\",\"isPartOf\":{\"@id\":\"https:\\\/\\\/pmza.sk\\\/?p=54698\"},\"author\":{\"name\":\"Pova\u017esk\u00e9 m\u00fazeum\",\"@id\":\"https:\\\/\\\/pmza.sk\\\/#\\\/schema\\\/person\\\/595e6a2ce731ea94dcd5d7f50a41ae33\"},\"headline\":\"Pova\u017esk\u00e9 m\u00fazeum v roku 2022 nav\u0161t\u00edvilo 158 000 n\u00e1v\u0161tevn\u00edkov\",\"datePublished\":\"2023-01-11T08:41:41+00:00\",\"dateModified\":\"2025-05-15T05:06:45+00:00\",\"mainEntityOfPage\":{\"@id\":\"https:\\\/\\\/pmza.sk\\\/?p=54698\"},\"wordCount\":747,\"publisher\":{\"@id\":\"https:\\\/\\\/pmza.sk\\\/#organization\"},\"image\":{\"@id\":\"https:\\\/\\\/pmza.sk\\\/?p=54698#primaryimage\"},\"thumbnailUrl\":\"https:\\\/\\\/pmza.sk\\\/wp-content\\\/uploads\\\/2023\\\/01\\\/IMG_1790.jpg\",\"articleSection\":[\"Aktuality\"],\"inLanguage\":\"sk-SK\"},{\"@type\":\"WebPage\",\"@id\":\"https:\\\/\\\/pmza.sk\\\/?p=54698\",\"url\":\"https:\\\/\\\/pmza.sk\\\/?p=54698\",\"name\":\"Pova\u017esk\u00e9 m\u00fazeum v roku 2022 nav\u0161t\u00edvilo 158 000 n\u00e1v\u0161tevn\u00edkov - Pova\u017esk\u00e9 m\u00fazeum\",\"isPartOf\":{\"@id\":\"https:\\\/\\\/pmza.sk\\\/#website\"},\"primaryImageOfPage\":{\"@id\":\"https:\\\/\\\/pmza.sk\\\/?p=54698#primaryimage\"},\"image\":{\"@id\":\"https:\\\/\\\/pmza.sk\\\/?p=54698#primaryimage\"},\"thumbnailUrl\":\"https:\\\/\\\/pmza.sk\\\/wp-content\\\/uploads\\\/2023\\\/01\\\/IMG_1790.jpg\",\"datePublished\":\"2023-01-11T08:41:41+00:00\",\"dateModified\":\"2025-05-15T05:06:45+00:00\",\"breadcrumb\":{\"@id\":\"https:\\\/\\\/pmza.sk\\\/?p=54698#breadcrumb\"},\"inLanguage\":\"sk-SK\",\"potentialAction\":[{\"@type\":\"ReadAction\",\"target\":[\"https:\\\/\\\/pmza.sk\\\/?p=54698\"]}]},{\"@type\":\"ImageObject\",\"inLanguage\":\"sk-SK\",\"@id\":\"https:\\\/\\\/pmza.sk\\\/?p=54698#primaryimage\",\"url\":\"https:\\\/\\\/pmza.sk\\\/wp-content\\\/uploads\\\/2023\\\/01\\\/IMG_1790.jpg\",\"contentUrl\":\"https:\\\/\\\/pmza.sk\\\/wp-content\\\/uploads\\\/2023\\\/01\\\/IMG_1790.jpg\",\"width\":1024,\"height\":683},{\"@type\":\"BreadcrumbList\",\"@id\":\"https:\\\/\\\/pmza.sk\\\/?p=54698#breadcrumb\",\"itemListElement\":[{\"@type\":\"ListItem\",\"position\":1,\"name\":\"Domovsk\u00e1 str\u00e1nka\",\"item\":\"https:\\\/\\\/pmza.sk\\\/\"},{\"@type\":\"ListItem\",\"position\":2,\"name\":\"Pova\u017esk\u00e9 m\u00fazeum v roku 2022 nav\u0161t\u00edvilo 158 000 n\u00e1v\u0161tevn\u00edkov\"}]},{\"@type\":\"WebSite\",\"@id\":\"https:\\\/\\\/pmza.sk\\\/#website\",\"url\":\"https:\\\/\\\/pmza.sk\\\/\",\"name\":\"Pova\u017esk\u00e9 m\u00fazeum\",\"description\":\"Pova\u017esk\u00e9 m\u00fazeum v \u017diline je region\u00e1lne m\u00fazeum so s\u00eddlom v Budat\u00edne. Jeho expoz\u00edcie s\u00fa zameran\u00e9 na dejiny slovensk\u00e9ho umenia, kult\u00fary a dopravy.\",\"publisher\":{\"@id\":\"https:\\\/\\\/pmza.sk\\\/#organization\"},\"potentialAction\":[{\"@type\":\"SearchAction\",\"target\":{\"@type\":\"EntryPoint\",\"urlTemplate\":\"https:\\\/\\\/pmza.sk\\\/?s={search_term_string}\"},\"query-input\":{\"@type\":\"PropertyValueSpecification\",\"valueRequired\":true,\"valueName\":\"search_term_string\"}}],\"inLanguage\":\"sk-SK\"},{\"@type\":\"Organization\",\"@id\":\"https:\\\/\\\/pmza.sk\\\/#organization\",\"name\":\"Pova\u017esk\u00e9 m\u00fazeum\",\"url\":\"https:\\\/\\\/pmza.sk\\\/\",\"logo\":{\"@type\":\"ImageObject\",\"inLanguage\":\"sk-SK\",\"@id\":\"https:\\\/\\\/pmza.sk\\\/#\\\/schema\\\/logo\\\/image\\\/\",\"url\":\"https:\\\/\\\/pmza.sk\\\/wp-content\\\/uploads\\\/2022\\\/01\\\/logo_PM_horizontal.jpg\",\"contentUrl\":\"https:\\\/\\\/pmza.sk\\\/wp-content\\\/uploads\\\/2022\\\/01\\\/logo_PM_horizontal.jpg\",\"width\":231,\"height\":142,\"caption\":\"Pova\u017esk\u00e9 m\u00fazeum\"},\"image\":{\"@id\":\"https:\\\/\\\/pmza.sk\\\/#\\\/schema\\\/logo\\\/image\\\/\"},\"sameAs\":[\"https:\\\/\\\/www.facebook.com\\\/povazskemuzeum\",\"https:\\\/\\\/www.instagram.com\\\/povazskemuzeum\\\/\"]},{\"@type\":\"Person\",\"@id\":\"https:\\\/\\\/pmza.sk\\\/#\\\/schema\\\/person\\\/595e6a2ce731ea94dcd5d7f50a41ae33\",\"name\":\"Pova\u017esk\u00e9 m\u00fazeum\",\"image\":{\"@type\":\"ImageObject\",\"inLanguage\":\"sk-SK\",\"@id\":\"https:\\\/\\\/secure.gravatar.com\\\/avatar\\\/2bb7f1561282132fb5826dfeccc66c7996d11ee392ac6aaf7ced8a1c2027fbb2?s=96&d=mm&r=g\",\"url\":\"https:\\\/\\\/secure.gravatar.com\\\/avatar\\\/2bb7f1561282132fb5826dfeccc66c7996d11ee392ac6aaf7ced8a1c2027fbb2?s=96&d=mm&r=g\",\"contentUrl\":\"https:\\\/\\\/secure.gravatar.com\\\/avatar\\\/2bb7f1561282132fb5826dfeccc66c7996d11ee392ac6aaf7ced8a1c2027fbb2?s=96&d=mm&r=g\",\"caption\":\"Pova\u017esk\u00e9 m\u00fazeum\"}}]}<\/script>\n<!-- \/ Yoast SEO plugin. -->","yoast_head_json":{"title":"Pova\u017esk\u00e9 m\u00fazeum v roku 2022 nav\u0161t\u00edvilo 158 000 n\u00e1v\u0161tevn\u00edkov - Pova\u017esk\u00e9 m\u00fazeum","robots":{"index":"index","follow":"follow","max-snippet":"max-snippet:-1","max-image-preview":"max-image-preview:large","max-video-preview":"max-video-preview:-1"},"canonical":"https:\/\/pmza.sk\/?p=54698","og_locale":"sk_SK","og_type":"article","og_title":"Pova\u017esk\u00e9 m\u00fazeum v roku 2022 nav\u0161t\u00edvilo 158 000 n\u00e1v\u0161tevn\u00edkov - Pova\u017esk\u00e9 m\u00fazeum","og_description":"Pova\u017esk\u00e9 m\u00fazeum m\u00e1 za sebou \u00faspe\u0161n\u00fa sez\u00f3nu. V\u00a0minulom roku nav\u0161t\u00edvilo expoz\u00edcie viac ako 158\u00a0000 n\u00e1v\u0161tevn\u00edkov a\u00a0n\u00e1rast bol vo v\u0161etk\u00fdch expoz\u00edci\u00e1ch. Celkovo bola n\u00e1v\u0161tevnos\u0165 vy\u0161\u0161ia o\u00a050\u00a0000 \u013eud\u00ed, \u010do bolo ur\u010dite sp\u00f4soben\u00e9 aj t\u00fdm, \u017ee sa po dvoch rokoch mohli organizova\u0165 ve\u013ek\u00e9 podujatia bez obmedzen\u00ed. Najvidite\u013enej\u0161ie to bolo na Budat\u00ednskom hrade, ktor\u00fd nav\u0161t\u00edvilo o\u00a011\u00a0000 \u013eud\u00ed viac ako [&hellip;]","og_url":"https:\/\/pmza.sk\/?p=54698","og_site_name":"Pova\u017esk\u00e9 m\u00fazeum","article_publisher":"https:\/\/www.facebook.com\/povazskemuzeum","article_published_time":"2023-01-11T08:41:41+00:00","article_modified_time":"2025-05-15T05:06:45+00:00","og_image":[{"width":1024,"height":683,"url":"https:\/\/pmza.sk\/wp-content\/uploads\/2023\/01\/IMG_1790.jpg","type":"image\/jpeg"}],"author":"Pova\u017esk\u00e9 m\u00fazeum","twitter_card":"summary_large_image","twitter_misc":{"Autor":"Pova\u017esk\u00e9 m\u00fazeum","Predpokladan\u00fd \u010das \u010d\u00edtania":"4 min\u00faty"},"schema":{"@context":"https:\/\/schema.org","@graph":[{"@type":"Article","@id":"https:\/\/pmza.sk\/?p=54698#article","isPartOf":{"@id":"https:\/\/pmza.sk\/?p=54698"},"author":{"name":"Pova\u017esk\u00e9 m\u00fazeum","@id":"https:\/\/pmza.sk\/#\/schema\/person\/595e6a2ce731ea94dcd5d7f50a41ae33"},"headline":"Pova\u017esk\u00e9 m\u00fazeum v roku 2022 nav\u0161t\u00edvilo 158 000 n\u00e1v\u0161tevn\u00edkov","datePublished":"2023-01-11T08:41:41+00:00","dateModified":"2025-05-15T05:06:45+00:00","mainEntityOfPage":{"@id":"https:\/\/pmza.sk\/?p=54698"},"wordCount":747,"publisher":{"@id":"https:\/\/pmza.sk\/#organization"},"image":{"@id":"https:\/\/pmza.sk\/?p=54698#primaryimage"},"thumbnailUrl":"https:\/\/pmza.sk\/wp-content\/uploads\/2023\/01\/IMG_1790.jpg","articleSection":["Aktuality"],"inLanguage":"sk-SK"},{"@type":"WebPage","@id":"https:\/\/pmza.sk\/?p=54698","url":"https:\/\/pmza.sk\/?p=54698","name":"Pova\u017esk\u00e9 m\u00fazeum v roku 2022 nav\u0161t\u00edvilo 158 000 n\u00e1v\u0161tevn\u00edkov - Pova\u017esk\u00e9 m\u00fazeum","isPartOf":{"@id":"https:\/\/pmza.sk\/#website"},"primaryImageOfPage":{"@id":"https:\/\/pmza.sk\/?p=54698#primaryimage"},"image":{"@id":"https:\/\/pmza.sk\/?p=54698#primaryimage"},"thumbnailUrl":"https:\/\/pmza.sk\/wp-content\/uploads\/2023\/01\/IMG_1790.jpg","datePublished":"2023-01-11T08:41:41+00:00","dateModified":"2025-05-15T05:06:45+00:00","breadcrumb":{"@id":"https:\/\/pmza.sk\/?p=54698#breadcrumb"},"inLanguage":"sk-SK","potentialAction":[{"@type":"ReadAction","target":["https:\/\/pmza.sk\/?p=54698"]}]},{"@type":"ImageObject","inLanguage":"sk-SK","@id":"https:\/\/pmza.sk\/?p=54698#primaryimage","url":"https:\/\/pmza.sk\/wp-content\/uploads\/2023\/01\/IMG_1790.jpg","contentUrl":"https:\/\/pmza.sk\/wp-content\/uploads\/2023\/01\/IMG_1790.jpg","width":1024,"height":683},{"@type":"BreadcrumbList","@id":"https:\/\/pmza.sk\/?p=54698#breadcrumb","itemListElement":[{"@type":"ListItem","position":1,"name":"Domovsk\u00e1 str\u00e1nka","item":"https:\/\/pmza.sk\/"},{"@type":"ListItem","position":2,"name":"Pova\u017esk\u00e9 m\u00fazeum v roku 2022 nav\u0161t\u00edvilo 158 000 n\u00e1v\u0161tevn\u00edkov"}]},{"@type":"WebSite","@id":"https:\/\/pmza.sk\/#website","url":"https:\/\/pmza.sk\/","name":"Pova\u017esk\u00e9 m\u00fazeum","description":"Pova\u017esk\u00e9 m\u00fazeum v \u017diline je region\u00e1lne m\u00fazeum so s\u00eddlom v Budat\u00edne. Jeho expoz\u00edcie s\u00fa zameran\u00e9 na dejiny slovensk\u00e9ho umenia, kult\u00fary a dopravy.","publisher":{"@id":"https:\/\/pmza.sk\/#organization"},"potentialAction":[{"@type":"SearchAction","target":{"@type":"EntryPoint","urlTemplate":"https:\/\/pmza.sk\/?s={search_term_string}"},"query-input":{"@type":"PropertyValueSpecification","valueRequired":true,"valueName":"search_term_string"}}],"inLanguage":"sk-SK"},{"@type":"Organization","@id":"https:\/\/pmza.sk\/#organization","name":"Pova\u017esk\u00e9 m\u00fazeum","url":"https:\/\/pmza.sk\/","logo":{"@type":"ImageObject","inLanguage":"sk-SK","@id":"https:\/\/pmza.sk\/#\/schema\/logo\/image\/","url":"https:\/\/pmza.sk\/wp-content\/uploads\/2022\/01\/logo_PM_horizontal.jpg","contentUrl":"https:\/\/pmza.sk\/wp-content\/uploads\/2022\/01\/logo_PM_horizontal.jpg","width":231,"height":142,"caption":"Pova\u017esk\u00e9 m\u00fazeum"},"image":{"@id":"https:\/\/pmza.sk\/#\/schema\/logo\/image\/"},"sameAs":["https:\/\/www.facebook.com\/povazskemuzeum","https:\/\/www.instagram.com\/povazskemuzeum\/"]},{"@type":"Person","@id":"https:\/\/pmza.sk\/#\/schema\/person\/595e6a2ce731ea94dcd5d7f50a41ae33","name":"Pova\u017esk\u00e9 m\u00fazeum","image":{"@type":"ImageObject","inLanguage":"sk-SK","@id":"https:\/\/secure.gravatar.com\/avatar\/2bb7f1561282132fb5826dfeccc66c7996d11ee392ac6aaf7ced8a1c2027fbb2?s=96&d=mm&r=g","url":"https:\/\/secure.gravatar.com\/avatar\/2bb7f1561282132fb5826dfeccc66c7996d11ee392ac6aaf7ced8a1c2027fbb2?s=96&d=mm&r=g","contentUrl":"https:\/\/secure.gravatar.com\/avatar\/2bb7f1561282132fb5826dfeccc66c7996d11ee392ac6aaf7ced8a1c2027fbb2?s=96&d=mm&r=g","caption":"Pova\u017esk\u00e9 m\u00fazeum"}}]}},"_links":{"self":[{"href":"https:\/\/pmza.sk\/index.php?rest_route=\/wp\/v2\/posts\/54698","targetHints":{"allow":["GET"]}}],"collection":[{"href":"https:\/\/pmza.sk\/index.php?rest_route=\/wp\/v2\/posts"}],"about":[{"href":"https:\/\/pmza.sk\/index.php?rest_route=\/wp\/v2\/types\/post"}],"author":[{"embeddable":true,"href":"https:\/\/pmza.sk\/index.php?rest_route=\/wp\/v2\/users\/2"}],"replies":[{"embeddable":true,"href":"https:\/\/pmza.sk\/index.php?rest_route=%2Fwp%2Fv2%2Fcomments&post=54698"}],"version-history":[{"count":0,"href":"https:\/\/pmza.sk\/index.php?rest_route=\/wp\/v2\/posts\/54698\/revisions"}],"wp:featuredmedia":[{"embeddable":true,"href":"https:\/\/pmza.sk\/index.php?rest_route=\/wp\/v2\/media\/54700"}],"wp:attachment":[{"href":"https:\/\/pmza.sk\/index.php?rest_route=%2Fwp%2Fv2%2Fmedia&parent=54698"}],"wp:term":[{"taxonomy":"category","embeddable":true,"href":"https:\/\/pmza.sk\/index.php?rest_route=%2Fwp%2Fv2%2Fcategories&post=54698"},{"taxonomy":"post_tag","embeddable":true,"href":"https:\/\/pmza.sk\/index.php?rest_route=%2Fwp%2Fv2%2Ftags&post=54698"}],"curies":[{"name":"wp","href":"https:\/\/api.w.org\/{rel}","templated":true}]}}