{"id":54972,"date":"2023-01-31T13:53:36","date_gmt":"2023-01-31T12:53:36","guid":{"rendered":"https:\/\/pmza.sk\/?p=54972"},"modified":"2023-05-02T07:59:04","modified_gmt":"2023-05-02T05:59:04","slug":"na-dvoch-kolesach","status":"publish","type":"post","link":"https:\/\/pmza.sk\/?p=54972","title":{"rendered":"Na dvoch koles\u00e1ch"},"content":{"rendered":"<p>V\u00a0kaplnke Budat\u00ednskeho hradu bude od polovice febru\u00e1ra unik\u00e1tna v\u00fdstava modelov bicyklov. Jej autorom je \u017dilin\u010dan J\u00e1n Trul\u00edk, ktor\u00fd na za\u010diatku 90. rokov 20. storo\u010dia zalo\u017eil firmu venuj\u00facu sa v\u00fdrobe invalidn\u00fdch voz\u00edkov, vr\u00e1tane elektrick\u00fdch. V\u00a0tom \u010dase to bola novinka na trhu a\u00a0z\u00e1kazky ho priviedli na mnoh\u00e9 miesta po celom svete. Tu sa prejavila jeho druh\u00e1 v\u00e1\u0161e\u0148: zberate\u013estvo modelov bicyklov. Z\u00a0ka\u017ed\u00e9ho \u0161t\u00e1tu si priniesol nejak\u00fd model a\u00a0dnes jeho zbierka obsahuje 126 kusov. Dokonca sa dostala aj do slovenskej Guinnessovej knihy rekordov. Modely nemaj\u00fa konkr\u00e9tnu mierku, s\u00fa dielom r\u00f4znych v\u00fdrobcov \u2013 od firiem a\u017e po domorodcov v\u00a0kub\u00e1nskom pralese. Ka\u017ed\u00fd z\u00a0nich skr\u00fdva origin\u00e1lny pr\u00edbeh, niektor\u00e9 s\u00fa doslova umeleck\u00fdmi dielami a\u00a0predstavami ich autorov.<\/p>\n<p>Hist\u00f3ria bicykla ako dopravn\u00e9ho prostriedku je vcelku zauj\u00edmav\u00e1. <em>\u201ePrv\u00fd dreven\u00fd bicykel bez ped\u00e1lov skon\u0161truoval Carl von Drais v\u00a0Nemecku za\u010diatkom 19. storo\u010dia a\u00a0jeden jeho v\u00fdrobok pou\u017e\u00edval aj slovensk\u00fd b\u00e1snik J\u00e1n Kol\u00e1r, ktor\u00fd tam \u0161tudoval. Potom nastala \u00e9ra kostitrasov a\u00a0bicyklov s\u00a0ve\u013ek\u00fdm a\u00a0mal\u00fdm kolesom. Na Slovensku sa v\u00a019. storo\u010d\u00ed sna\u017eili pre bicykel zavies\u0165 n\u00e1zov r\u00fdchlon\u00f4\u017eka. Po vyn\u00e1leze re\u0165aze a\u00a0pneumatiky sa koncom storo\u010dia za\u010dali vyr\u00e1ba\u0165 takzvan\u00e9 bezpe\u010dn\u00edky, v\u00a0podstate dne\u0161n\u00e9 typy bicyklov. Tie sa potom \u00a0roz\u0161\u00edrili po celom svete a\u00a0v\u00fdvojom pre\u0161li ako materi\u00e1ly, z\u00a0ktor\u00fdch s\u00fa vyroben\u00e9, tak aj ich tvar a\u00a0dizajn,\u201c <\/em>pribl\u00ed\u017eil kur\u00e1tor v\u00fdstavy a\u00a0historik dopravy Pova\u017esk\u00e9ho m\u00fazea Peter \u0160imko.<\/p>\n<p>V\u00fdstava Na dvoch koles\u00e1ch pon\u00fakne poh\u013ead do sveta mini bicyklov, ktor\u00e9 s\u00fa v\u00fdnimo\u010dn\u00e9 svojou r\u00f4znorodos\u0165ou. N\u00e1v\u0161tevn\u00edci ich uvidia v kaplnke Budat\u00ednskeho hradu od 15. febru\u00e1ra do 28. apr\u00edla v \u010dase otv\u00e1rac\u00edch hod\u00edn.<\/p>\n<div class=\"wp-block-image\"><img fetchpriority=\"high\" decoding=\"async\" class=\"alignnone size-medium wp-image-54973\" src=\"https:\/\/pmza.sk\/wp-content\/uploads\/2023\/01\/Na_dvoch_kolesach_K1-255x360.jpg\" alt=\"\" width=\"255\" height=\"360\" srcset=\"https:\/\/pmza.sk\/wp-content\/uploads\/2023\/01\/Na_dvoch_kolesach_K1-255x360.jpg 255w, https:\/\/pmza.sk\/wp-content\/uploads\/2023\/01\/Na_dvoch_kolesach_K1-520x736.jpg 520w, https:\/\/pmza.sk\/wp-content\/uploads\/2023\/01\/Na_dvoch_kolesach_K1-768x1086.jpg 768w, https:\/\/pmza.sk\/wp-content\/uploads\/2023\/01\/Na_dvoch_kolesach_K1-1086x1536.jpg 1086w, https:\/\/pmza.sk\/wp-content\/uploads\/2023\/01\/Na_dvoch_kolesach_K1-1448x2048.jpg 1448w, https:\/\/pmza.sk\/wp-content\/uploads\/2023\/01\/Na_dvoch_kolesach_K1-600x849.jpg 600w, https:\/\/pmza.sk\/wp-content\/uploads\/2023\/01\/Na_dvoch_kolesach_K1-scaled.jpg 1810w\" sizes=\"(max-width: 255px) 100vw, 255px\" \/><\/div>\n<div><\/div>\n<div>Plag\u00e1t v plnej ve\u013ekosti <a href=\"http:\/\/Na_dvoch_kolesach_K1.pdf\">TU<\/a><\/div>\n","protected":false},"excerpt":{"rendered":"<p>V\u00a0kaplnke Budat\u00ednskeho hradu bude od polovice febru\u00e1ra unik\u00e1tna v\u00fdstava modelov bicyklov. Jej autorom je \u017dilin\u010dan J\u00e1n Trul\u00edk, ktor\u00fd na za\u010diatku 90. rokov 20. storo\u010dia zalo\u017eil firmu venuj\u00facu sa v\u00fdrobe invalidn\u00fdch voz\u00edkov, vr\u00e1tane elektrick\u00fdch. V\u00a0tom \u010dase to bola novinka na trhu a\u00a0z\u00e1kazky ho priviedli na mnoh\u00e9 miesta po celom svete. Tu sa prejavila jeho druh\u00e1 v\u00e1\u0161e\u0148: [&hellip;]<\/p>\n","protected":false},"author":2,"featured_media":54975,"comment_status":"open","ping_status":"open","sticky":false,"template":"","format":"standard","meta":{"site-sidebar-layout":"default","site-content-layout":"default","ast-site-content-layout":"","site-content-style":"default","site-sidebar-style":"default","ast-global-header-display":"","ast-banner-title-visibility":"","ast-main-header-display":"","ast-hfb-above-header-display":"","ast-hfb-below-header-display":"","ast-hfb-mobile-header-display":"","site-post-title":"","ast-breadcrumbs-content":"","ast-featured-img":"","footer-sml-layout":"","theme-transparent-header-meta":"default","adv-header-id-meta":"","stick-header-meta":"default","header-above-stick-meta":"","header-main-stick-meta":"","header-below-stick-meta":"","astra-migrate-meta-layouts":"default","ast-page-background-enabled":"default","ast-page-background-meta":{"desktop":{"background-color":"var(--ast-global-color-4)","background-image":"","background-repeat":"repeat","background-position":"center center","background-size":"auto","background-attachment":"scroll","background-type":"","background-media":"","overlay-type":"","overlay-color":"","overlay-opacity":"","overlay-gradient":""},"tablet":{"background-color":"","background-image":"","background-repeat":"repeat","background-position":"center center","background-size":"auto","background-attachment":"scroll","background-type":"","background-media":"","overlay-type":"","overlay-color":"","overlay-opacity":"","overlay-gradient":""},"mobile":{"background-color":"","background-image":"","background-repeat":"repeat","background-position":"center center","background-size":"auto","background-attachment":"scroll","background-type":"","background-media":"","overlay-type":"","overlay-color":"","overlay-opacity":"","overlay-gradient":""}},"ast-content-background-meta":{"desktop":{"background-color":"var(--ast-global-color-5)","background-image":"","background-repeat":"repeat","background-position":"center center","background-size":"auto","background-attachment":"scroll","background-type":"","background-media":"","overlay-type":"","overlay-color":"","overlay-opacity":"","overlay-gradient":""},"tablet":{"background-color":"var(--ast-global-color-5)","background-image":"","background-repeat":"repeat","background-position":"center center","background-size":"auto","background-attachment":"scroll","background-type":"","background-media":"","overlay-type":"","overlay-color":"","overlay-opacity":"","overlay-gradient":""},"mobile":{"background-color":"var(--ast-global-color-5)","background-image":"","background-repeat":"repeat","background-position":"center center","background-size":"auto","background-attachment":"scroll","background-type":"","background-media":"","overlay-type":"","overlay-color":"","overlay-opacity":"","overlay-gradient":""}},"footnotes":""},"categories":[72],"tags":[],"class_list":["post-54972","post","type-post","status-publish","format-standard","has-post-thumbnail","hentry","category-vystavy"],"yoast_head":"<!-- This site is optimized with the Yoast SEO plugin v27.4 - https:\/\/yoast.com\/product\/yoast-seo-wordpress\/ -->\n<title>Na dvoch koles\u00e1ch - Pova\u017esk\u00e9 m\u00fazeum<\/title>\n<meta name=\"robots\" content=\"index, follow, max-snippet:-1, max-image-preview:large, max-video-preview:-1\" \/>\n<link rel=\"canonical\" href=\"https:\/\/pmza.sk\/?p=54972\" \/>\n<meta property=\"og:locale\" content=\"sk_SK\" \/>\n<meta property=\"og:type\" content=\"article\" \/>\n<meta property=\"og:title\" content=\"Na dvoch koles\u00e1ch - Pova\u017esk\u00e9 m\u00fazeum\" \/>\n<meta property=\"og:description\" content=\"V\u00a0kaplnke Budat\u00ednskeho hradu bude od polovice febru\u00e1ra unik\u00e1tna v\u00fdstava modelov bicyklov. Jej autorom je \u017dilin\u010dan J\u00e1n Trul\u00edk, ktor\u00fd na za\u010diatku 90. rokov 20. storo\u010dia zalo\u017eil firmu venuj\u00facu sa v\u00fdrobe invalidn\u00fdch voz\u00edkov, vr\u00e1tane elektrick\u00fdch. V\u00a0tom \u010dase to bola novinka na trhu a\u00a0z\u00e1kazky ho priviedli na mnoh\u00e9 miesta po celom svete. Tu sa prejavila jeho druh\u00e1 v\u00e1\u0161e\u0148: [&hellip;]\" \/>\n<meta property=\"og:url\" content=\"https:\/\/pmza.sk\/?p=54972\" \/>\n<meta property=\"og:site_name\" content=\"Pova\u017esk\u00e9 m\u00fazeum\" \/>\n<meta property=\"article:publisher\" content=\"https:\/\/www.facebook.com\/povazskemuzeum\" \/>\n<meta property=\"article:published_time\" content=\"2023-01-31T12:53:36+00:00\" \/>\n<meta property=\"article:modified_time\" content=\"2023-05-02T05:59:04+00:00\" \/>\n<meta property=\"og:image\" content=\"https:\/\/pmza.sk\/wp-content\/uploads\/2023\/01\/Na_dvoch_kolesach_web-scaled.jpg\" \/>\n\t<meta property=\"og:image:width\" content=\"2560\" \/>\n\t<meta property=\"og:image:height\" content=\"2560\" \/>\n\t<meta property=\"og:image:type\" content=\"image\/jpeg\" \/>\n<meta name=\"author\" content=\"Pova\u017esk\u00e9 m\u00fazeum\" \/>\n<meta name=\"twitter:card\" content=\"summary_large_image\" \/>\n<meta name=\"twitter:label1\" content=\"Autor\" \/>\n\t<meta name=\"twitter:data1\" content=\"Pova\u017esk\u00e9 m\u00fazeum\" \/>\n\t<meta name=\"twitter:label2\" content=\"Predpokladan\u00fd \u010das \u010d\u00edtania\" \/>\n\t<meta name=\"twitter:data2\" content=\"2 min\u00faty\" \/>\n<script type=\"application\/ld+json\" class=\"yoast-schema-graph\">{\"@context\":\"https:\\\/\\\/schema.org\",\"@graph\":[{\"@type\":\"Article\",\"@id\":\"https:\\\/\\\/pmza.sk\\\/?p=54972#article\",\"isPartOf\":{\"@id\":\"https:\\\/\\\/pmza.sk\\\/?p=54972\"},\"author\":{\"name\":\"Pova\u017esk\u00e9 m\u00fazeum\",\"@id\":\"https:\\\/\\\/pmza.sk\\\/#\\\/schema\\\/person\\\/595e6a2ce731ea94dcd5d7f50a41ae33\"},\"headline\":\"Na dvoch koles\u00e1ch\",\"datePublished\":\"2023-01-31T12:53:36+00:00\",\"dateModified\":\"2023-05-02T05:59:04+00:00\",\"mainEntityOfPage\":{\"@id\":\"https:\\\/\\\/pmza.sk\\\/?p=54972\"},\"wordCount\":344,\"commentCount\":0,\"publisher\":{\"@id\":\"https:\\\/\\\/pmza.sk\\\/#organization\"},\"image\":{\"@id\":\"https:\\\/\\\/pmza.sk\\\/?p=54972#primaryimage\"},\"thumbnailUrl\":\"https:\\\/\\\/pmza.sk\\\/wp-content\\\/uploads\\\/2023\\\/01\\\/Na_dvoch_kolesach_web-scaled.jpg\",\"articleSection\":[\"V\u00fdstavy\"],\"inLanguage\":\"sk-SK\"},{\"@type\":\"WebPage\",\"@id\":\"https:\\\/\\\/pmza.sk\\\/?p=54972\",\"url\":\"https:\\\/\\\/pmza.sk\\\/?p=54972\",\"name\":\"Na dvoch koles\u00e1ch - Pova\u017esk\u00e9 m\u00fazeum\",\"isPartOf\":{\"@id\":\"https:\\\/\\\/pmza.sk\\\/#website\"},\"primaryImageOfPage\":{\"@id\":\"https:\\\/\\\/pmza.sk\\\/?p=54972#primaryimage\"},\"image\":{\"@id\":\"https:\\\/\\\/pmza.sk\\\/?p=54972#primaryimage\"},\"thumbnailUrl\":\"https:\\\/\\\/pmza.sk\\\/wp-content\\\/uploads\\\/2023\\\/01\\\/Na_dvoch_kolesach_web-scaled.jpg\",\"datePublished\":\"2023-01-31T12:53:36+00:00\",\"dateModified\":\"2023-05-02T05:59:04+00:00\",\"breadcrumb\":{\"@id\":\"https:\\\/\\\/pmza.sk\\\/?p=54972#breadcrumb\"},\"inLanguage\":\"sk-SK\",\"potentialAction\":[{\"@type\":\"ReadAction\",\"target\":[\"https:\\\/\\\/pmza.sk\\\/?p=54972\"]}]},{\"@type\":\"ImageObject\",\"inLanguage\":\"sk-SK\",\"@id\":\"https:\\\/\\\/pmza.sk\\\/?p=54972#primaryimage\",\"url\":\"https:\\\/\\\/pmza.sk\\\/wp-content\\\/uploads\\\/2023\\\/01\\\/Na_dvoch_kolesach_web-scaled.jpg\",\"contentUrl\":\"https:\\\/\\\/pmza.sk\\\/wp-content\\\/uploads\\\/2023\\\/01\\\/Na_dvoch_kolesach_web-scaled.jpg\",\"width\":2560,\"height\":2560},{\"@type\":\"BreadcrumbList\",\"@id\":\"https:\\\/\\\/pmza.sk\\\/?p=54972#breadcrumb\",\"itemListElement\":[{\"@type\":\"ListItem\",\"position\":1,\"name\":\"Domovsk\u00e1 str\u00e1nka\",\"item\":\"https:\\\/\\\/pmza.sk\\\/\"},{\"@type\":\"ListItem\",\"position\":2,\"name\":\"Na dvoch koles\u00e1ch\"}]},{\"@type\":\"WebSite\",\"@id\":\"https:\\\/\\\/pmza.sk\\\/#website\",\"url\":\"https:\\\/\\\/pmza.sk\\\/\",\"name\":\"Pova\u017esk\u00e9 m\u00fazeum\",\"description\":\"Pova\u017esk\u00e9 m\u00fazeum v \u017diline je region\u00e1lne m\u00fazeum so s\u00eddlom v Budat\u00edne. Jeho expoz\u00edcie s\u00fa zameran\u00e9 na dejiny slovensk\u00e9ho umenia, kult\u00fary a dopravy.\",\"publisher\":{\"@id\":\"https:\\\/\\\/pmza.sk\\\/#organization\"},\"potentialAction\":[{\"@type\":\"SearchAction\",\"target\":{\"@type\":\"EntryPoint\",\"urlTemplate\":\"https:\\\/\\\/pmza.sk\\\/?s={search_term_string}\"},\"query-input\":{\"@type\":\"PropertyValueSpecification\",\"valueRequired\":true,\"valueName\":\"search_term_string\"}}],\"inLanguage\":\"sk-SK\"},{\"@type\":\"Organization\",\"@id\":\"https:\\\/\\\/pmza.sk\\\/#organization\",\"name\":\"Pova\u017esk\u00e9 m\u00fazeum\",\"url\":\"https:\\\/\\\/pmza.sk\\\/\",\"logo\":{\"@type\":\"ImageObject\",\"inLanguage\":\"sk-SK\",\"@id\":\"https:\\\/\\\/pmza.sk\\\/#\\\/schema\\\/logo\\\/image\\\/\",\"url\":\"https:\\\/\\\/pmza.sk\\\/wp-content\\\/uploads\\\/2022\\\/01\\\/logo_PM_horizontal.jpg\",\"contentUrl\":\"https:\\\/\\\/pmza.sk\\\/wp-content\\\/uploads\\\/2022\\\/01\\\/logo_PM_horizontal.jpg\",\"width\":231,\"height\":142,\"caption\":\"Pova\u017esk\u00e9 m\u00fazeum\"},\"image\":{\"@id\":\"https:\\\/\\\/pmza.sk\\\/#\\\/schema\\\/logo\\\/image\\\/\"},\"sameAs\":[\"https:\\\/\\\/www.facebook.com\\\/povazskemuzeum\",\"https:\\\/\\\/www.instagram.com\\\/povazskemuzeum\\\/\"]},{\"@type\":\"Person\",\"@id\":\"https:\\\/\\\/pmza.sk\\\/#\\\/schema\\\/person\\\/595e6a2ce731ea94dcd5d7f50a41ae33\",\"name\":\"Pova\u017esk\u00e9 m\u00fazeum\",\"image\":{\"@type\":\"ImageObject\",\"inLanguage\":\"sk-SK\",\"@id\":\"https:\\\/\\\/secure.gravatar.com\\\/avatar\\\/2bb7f1561282132fb5826dfeccc66c7996d11ee392ac6aaf7ced8a1c2027fbb2?s=96&d=mm&r=g\",\"url\":\"https:\\\/\\\/secure.gravatar.com\\\/avatar\\\/2bb7f1561282132fb5826dfeccc66c7996d11ee392ac6aaf7ced8a1c2027fbb2?s=96&d=mm&r=g\",\"contentUrl\":\"https:\\\/\\\/secure.gravatar.com\\\/avatar\\\/2bb7f1561282132fb5826dfeccc66c7996d11ee392ac6aaf7ced8a1c2027fbb2?s=96&d=mm&r=g\",\"caption\":\"Pova\u017esk\u00e9 m\u00fazeum\"}}]}<\/script>\n<!-- \/ Yoast SEO plugin. -->","yoast_head_json":{"title":"Na dvoch koles\u00e1ch - Pova\u017esk\u00e9 m\u00fazeum","robots":{"index":"index","follow":"follow","max-snippet":"max-snippet:-1","max-image-preview":"max-image-preview:large","max-video-preview":"max-video-preview:-1"},"canonical":"https:\/\/pmza.sk\/?p=54972","og_locale":"sk_SK","og_type":"article","og_title":"Na dvoch koles\u00e1ch - Pova\u017esk\u00e9 m\u00fazeum","og_description":"V\u00a0kaplnke Budat\u00ednskeho hradu bude od polovice febru\u00e1ra unik\u00e1tna v\u00fdstava modelov bicyklov. Jej autorom je \u017dilin\u010dan J\u00e1n Trul\u00edk, ktor\u00fd na za\u010diatku 90. rokov 20. storo\u010dia zalo\u017eil firmu venuj\u00facu sa v\u00fdrobe invalidn\u00fdch voz\u00edkov, vr\u00e1tane elektrick\u00fdch. V\u00a0tom \u010dase to bola novinka na trhu a\u00a0z\u00e1kazky ho priviedli na mnoh\u00e9 miesta po celom svete. Tu sa prejavila jeho druh\u00e1 v\u00e1\u0161e\u0148: [&hellip;]","og_url":"https:\/\/pmza.sk\/?p=54972","og_site_name":"Pova\u017esk\u00e9 m\u00fazeum","article_publisher":"https:\/\/www.facebook.com\/povazskemuzeum","article_published_time":"2023-01-31T12:53:36+00:00","article_modified_time":"2023-05-02T05:59:04+00:00","og_image":[{"width":2560,"height":2560,"url":"https:\/\/pmza.sk\/wp-content\/uploads\/2023\/01\/Na_dvoch_kolesach_web-scaled.jpg","type":"image\/jpeg"}],"author":"Pova\u017esk\u00e9 m\u00fazeum","twitter_card":"summary_large_image","twitter_misc":{"Autor":"Pova\u017esk\u00e9 m\u00fazeum","Predpokladan\u00fd \u010das \u010d\u00edtania":"2 min\u00faty"},"schema":{"@context":"https:\/\/schema.org","@graph":[{"@type":"Article","@id":"https:\/\/pmza.sk\/?p=54972#article","isPartOf":{"@id":"https:\/\/pmza.sk\/?p=54972"},"author":{"name":"Pova\u017esk\u00e9 m\u00fazeum","@id":"https:\/\/pmza.sk\/#\/schema\/person\/595e6a2ce731ea94dcd5d7f50a41ae33"},"headline":"Na dvoch koles\u00e1ch","datePublished":"2023-01-31T12:53:36+00:00","dateModified":"2023-05-02T05:59:04+00:00","mainEntityOfPage":{"@id":"https:\/\/pmza.sk\/?p=54972"},"wordCount":344,"commentCount":0,"publisher":{"@id":"https:\/\/pmza.sk\/#organization"},"image":{"@id":"https:\/\/pmza.sk\/?p=54972#primaryimage"},"thumbnailUrl":"https:\/\/pmza.sk\/wp-content\/uploads\/2023\/01\/Na_dvoch_kolesach_web-scaled.jpg","articleSection":["V\u00fdstavy"],"inLanguage":"sk-SK"},{"@type":"WebPage","@id":"https:\/\/pmza.sk\/?p=54972","url":"https:\/\/pmza.sk\/?p=54972","name":"Na dvoch koles\u00e1ch - Pova\u017esk\u00e9 m\u00fazeum","isPartOf":{"@id":"https:\/\/pmza.sk\/#website"},"primaryImageOfPage":{"@id":"https:\/\/pmza.sk\/?p=54972#primaryimage"},"image":{"@id":"https:\/\/pmza.sk\/?p=54972#primaryimage"},"thumbnailUrl":"https:\/\/pmza.sk\/wp-content\/uploads\/2023\/01\/Na_dvoch_kolesach_web-scaled.jpg","datePublished":"2023-01-31T12:53:36+00:00","dateModified":"2023-05-02T05:59:04+00:00","breadcrumb":{"@id":"https:\/\/pmza.sk\/?p=54972#breadcrumb"},"inLanguage":"sk-SK","potentialAction":[{"@type":"ReadAction","target":["https:\/\/pmza.sk\/?p=54972"]}]},{"@type":"ImageObject","inLanguage":"sk-SK","@id":"https:\/\/pmza.sk\/?p=54972#primaryimage","url":"https:\/\/pmza.sk\/wp-content\/uploads\/2023\/01\/Na_dvoch_kolesach_web-scaled.jpg","contentUrl":"https:\/\/pmza.sk\/wp-content\/uploads\/2023\/01\/Na_dvoch_kolesach_web-scaled.jpg","width":2560,"height":2560},{"@type":"BreadcrumbList","@id":"https:\/\/pmza.sk\/?p=54972#breadcrumb","itemListElement":[{"@type":"ListItem","position":1,"name":"Domovsk\u00e1 str\u00e1nka","item":"https:\/\/pmza.sk\/"},{"@type":"ListItem","position":2,"name":"Na dvoch koles\u00e1ch"}]},{"@type":"WebSite","@id":"https:\/\/pmza.sk\/#website","url":"https:\/\/pmza.sk\/","name":"Pova\u017esk\u00e9 m\u00fazeum","description":"Pova\u017esk\u00e9 m\u00fazeum v \u017diline je region\u00e1lne m\u00fazeum so s\u00eddlom v Budat\u00edne. Jeho expoz\u00edcie s\u00fa zameran\u00e9 na dejiny slovensk\u00e9ho umenia, kult\u00fary a dopravy.","publisher":{"@id":"https:\/\/pmza.sk\/#organization"},"potentialAction":[{"@type":"SearchAction","target":{"@type":"EntryPoint","urlTemplate":"https:\/\/pmza.sk\/?s={search_term_string}"},"query-input":{"@type":"PropertyValueSpecification","valueRequired":true,"valueName":"search_term_string"}}],"inLanguage":"sk-SK"},{"@type":"Organization","@id":"https:\/\/pmza.sk\/#organization","name":"Pova\u017esk\u00e9 m\u00fazeum","url":"https:\/\/pmza.sk\/","logo":{"@type":"ImageObject","inLanguage":"sk-SK","@id":"https:\/\/pmza.sk\/#\/schema\/logo\/image\/","url":"https:\/\/pmza.sk\/wp-content\/uploads\/2022\/01\/logo_PM_horizontal.jpg","contentUrl":"https:\/\/pmza.sk\/wp-content\/uploads\/2022\/01\/logo_PM_horizontal.jpg","width":231,"height":142,"caption":"Pova\u017esk\u00e9 m\u00fazeum"},"image":{"@id":"https:\/\/pmza.sk\/#\/schema\/logo\/image\/"},"sameAs":["https:\/\/www.facebook.com\/povazskemuzeum","https:\/\/www.instagram.com\/povazskemuzeum\/"]},{"@type":"Person","@id":"https:\/\/pmza.sk\/#\/schema\/person\/595e6a2ce731ea94dcd5d7f50a41ae33","name":"Pova\u017esk\u00e9 m\u00fazeum","image":{"@type":"ImageObject","inLanguage":"sk-SK","@id":"https:\/\/secure.gravatar.com\/avatar\/2bb7f1561282132fb5826dfeccc66c7996d11ee392ac6aaf7ced8a1c2027fbb2?s=96&d=mm&r=g","url":"https:\/\/secure.gravatar.com\/avatar\/2bb7f1561282132fb5826dfeccc66c7996d11ee392ac6aaf7ced8a1c2027fbb2?s=96&d=mm&r=g","contentUrl":"https:\/\/secure.gravatar.com\/avatar\/2bb7f1561282132fb5826dfeccc66c7996d11ee392ac6aaf7ced8a1c2027fbb2?s=96&d=mm&r=g","caption":"Pova\u017esk\u00e9 m\u00fazeum"}}]}},"_links":{"self":[{"href":"https:\/\/pmza.sk\/index.php?rest_route=\/wp\/v2\/posts\/54972","targetHints":{"allow":["GET"]}}],"collection":[{"href":"https:\/\/pmza.sk\/index.php?rest_route=\/wp\/v2\/posts"}],"about":[{"href":"https:\/\/pmza.sk\/index.php?rest_route=\/wp\/v2\/types\/post"}],"author":[{"embeddable":true,"href":"https:\/\/pmza.sk\/index.php?rest_route=\/wp\/v2\/users\/2"}],"replies":[{"embeddable":true,"href":"https:\/\/pmza.sk\/index.php?rest_route=%2Fwp%2Fv2%2Fcomments&post=54972"}],"version-history":[{"count":0,"href":"https:\/\/pmza.sk\/index.php?rest_route=\/wp\/v2\/posts\/54972\/revisions"}],"wp:featuredmedia":[{"embeddable":true,"href":"https:\/\/pmza.sk\/index.php?rest_route=\/wp\/v2\/media\/54975"}],"wp:attachment":[{"href":"https:\/\/pmza.sk\/index.php?rest_route=%2Fwp%2Fv2%2Fmedia&parent=54972"}],"wp:term":[{"taxonomy":"category","embeddable":true,"href":"https:\/\/pmza.sk\/index.php?rest_route=%2Fwp%2Fv2%2Fcategories&post=54972"},{"taxonomy":"post_tag","embeddable":true,"href":"https:\/\/pmza.sk\/index.php?rest_route=%2Fwp%2Fv2%2Ftags&post=54972"}],"curies":[{"name":"wp","href":"https:\/\/api.w.org\/{rel}","templated":true}]}}