{"id":54978,"date":"2023-02-01T13:38:28","date_gmt":"2023-02-01T12:38:28","guid":{"rendered":"https:\/\/pmza.sk\/?p=54978"},"modified":"2025-05-15T07:06:36","modified_gmt":"2025-05-15T05:06:36","slug":"maska-turona-je-zbierkovym-predmetom-februara","status":"publish","type":"post","link":"https:\/\/pmza.sk\/?p=54978","title":{"rendered":"Maska turo\u0148a je zbierkov\u00fdm predmetom febru\u00e1ra"},"content":{"rendered":"<p>Fa\u0161iangy trvaj\u00fa od Troch kr\u00e1\u013eov do Popolcovej stredy. Je to obdobie medzi viano\u010dn\u00fdmi sviatkami a ve\u013ek\u00fdm p\u00f4stom. Po\u010det dn\u00ed, po\u010das ktor\u00fdch trvaj\u00fa fa\u0161iangy, sa men\u00ed, preto\u017ee s\u00fa z\u00e1visl\u00e9 od pohybliv\u00e9ho d\u00e1tumu ve\u013ekono\u010dnej nedele a \u0161tyridsiatich dn\u00ed ve\u013ek\u00e9ho p\u00f4stu. Fa\u0161iangy boli \u010dasom, ke\u010f sa \u010dastej\u0161ie konali priadky, zak\u00e1\u013ea\u010dky a svadby, pri ktor\u00fdch nech\u00fdbali po\u010detn\u00e9 hry, z\u00e1bavy \u010di obch\u00f4dzky masiek.<\/p>\n<p>Zbierkov\u00fdm predmetom mesiaca febru\u00e1r je maska turo\u0148a v Terchovej, ktor\u00e1 patr\u00ed do zbierkov\u00e9ho fondu etnol\u00f3gie. Fa\u0161iangov\u00e1 maska m\u00e1 podobu \u0161tylizovanej kravskej hlavy z plechu, ktor\u00fd je potiahnut\u00fd re\u017en\u00fdm pl\u00e1tnom. Pl\u00e1tenn\u00e9 s\u00fa aj \u0161aty s ruk\u00e1vmi. Na hlave m\u00e1 ve\u013ek\u00e9 rohy z kore\u0148a smreka a na \u010dele bielu ov\u010diu ko\u017eu\u0161inu. O\u010di a nozdry s\u00fa ma\u013eovan\u00e9. Masku vyrobil v roku 1972 Vincent Mich\u00e1lek pre \u0161kolsk\u00fd s\u00fabor.<\/p>\n<p>Turo\u0148 je v\u0161eobecne roz\u0161\u00edrenou fa\u0161iangovou maskou, zn\u00e1mou nielen na celom \u00fazem\u00ed Slovenska, ale aj v\u00a0Po\u013esku a \u010cech\u00e1ch. Jej n\u00e1zov je odvoden\u00fd od tura, teda zviera\u0165a podobn\u00e9ho volovi, ktor\u00e9 na Slovensku vyhynulo v\u00a017. storo\u010d\u00ed a\u00a0v\u00a0magick\u00fdch predstav\u00e1ch na\u0161ich predkov symbolizovalo silu a\u00a0plodnos\u0165. Je\u00a0 zoomorfnou maskou s\u00a0magicko-ceremoni\u00e1lnou funkciou a\u00a0bola s\u00fa\u010das\u0165ou maskovan\u00fdch obch\u00f4dzok. Jej obradnou \u00falohou bolo pov\u00e1\u013ea\u0165 sa v\u00a0ka\u017edom dvore na hnojisku, kde ho za vesel\u00e9ho spevu pr\u00edtomn\u00fdch: <em>\u201eTurvo\u0148ko, vesele, vsta\u0148 hore ze zeme, nech sa ti pan gazda zasmeje. A\u00a0ja \u0165a Turvo\u0148ko zabijem, a\u00a0ja \u0165a zimova\u0165 nebudem\u201c, <\/em>obradne podrezali drevenou \u0161ab\u013eou, \u010doho n\u00e1sledkom hnoj nadobudol magick\u00fa silu, a t\u00e1 mala zabezpe\u010di\u0165 dobr\u00fa \u00farodu. Do hnojiska nakoniec zapichli pr\u00fatik, ktor\u00fdm po\u0161ibali st\u00e1do pri prvom v\u00fdhone dobytka.<\/p>\n<p>text: Mgr. Adriana B\u00e1rdyov\u00e1 &#8211; etnologi\u010dka Pova\u017esk\u00e9ho m\u00fazea<\/p>\n<div class=\"wp-block-image\"><img fetchpriority=\"high\" decoding=\"async\" class=\"size-medium wp-image-54980 alignleft\" src=\"https:\/\/pmza.sk\/wp-content\/uploads\/2023\/02\/predmet-mesiaca-turon-203x360.jpg\" alt=\"\" width=\"203\" height=\"360\" srcset=\"https:\/\/pmza.sk\/wp-content\/uploads\/2023\/02\/predmet-mesiaca-turon-203x360.jpg 203w, https:\/\/pmza.sk\/wp-content\/uploads\/2023\/02\/predmet-mesiaca-turon-415x736.jpg 415w, https:\/\/pmza.sk\/wp-content\/uploads\/2023\/02\/predmet-mesiaca-turon-768x1364.jpg 768w, https:\/\/pmza.sk\/wp-content\/uploads\/2023\/02\/predmet-mesiaca-turon-865x1536.jpg 865w, https:\/\/pmza.sk\/wp-content\/uploads\/2023\/02\/predmet-mesiaca-turon-1153x2048.jpg 1153w, https:\/\/pmza.sk\/wp-content\/uploads\/2023\/02\/predmet-mesiaca-turon-600x1065.jpg 600w, https:\/\/pmza.sk\/wp-content\/uploads\/2023\/02\/predmet-mesiaca-turon-scaled.jpg 1442w\" sizes=\"(max-width: 203px) 100vw, 203px\" \/><\/div>\n<p>&nbsp;<\/p>\n<p>&nbsp;<\/p>\n<p>&nbsp;<\/p>\n<p>&nbsp;<\/p>\n<p>&nbsp;<\/p>\n<p>&nbsp;<\/p>\n<p>&nbsp;<\/p>\n<p>&nbsp;<\/p>\n<p>&nbsp;<\/p>\n<div class=\"wp-block-image\"><img decoding=\"async\" class=\"alignnone size-medium wp-image-54984\" src=\"https:\/\/pmza.sk\/wp-content\/uploads\/2023\/02\/turon-2-203x360.jpg\" alt=\"\" width=\"203\" height=\"360\" srcset=\"https:\/\/pmza.sk\/wp-content\/uploads\/2023\/02\/turon-2-203x360.jpg 203w, https:\/\/pmza.sk\/wp-content\/uploads\/2023\/02\/turon-2-415x736.jpg 415w, https:\/\/pmza.sk\/wp-content\/uploads\/2023\/02\/turon-2-768x1364.jpg 768w, https:\/\/pmza.sk\/wp-content\/uploads\/2023\/02\/turon-2-865x1536.jpg 865w, https:\/\/pmza.sk\/wp-content\/uploads\/2023\/02\/turon-2-1153x2048.jpg 1153w, https:\/\/pmza.sk\/wp-content\/uploads\/2023\/02\/turon-2-600x1065.jpg 600w, https:\/\/pmza.sk\/wp-content\/uploads\/2023\/02\/turon-2-scaled.jpg 1442w\" sizes=\"(max-width: 203px) 100vw, 203px\" \/><\/div>\n<p>&nbsp;<\/p>\n","protected":false},"excerpt":{"rendered":"<p>Fa\u0161iangy trvaj\u00fa od Troch kr\u00e1\u013eov do Popolcovej stredy. Je to obdobie medzi viano\u010dn\u00fdmi sviatkami a ve\u013ek\u00fdm p\u00f4stom. Po\u010det dn\u00ed, po\u010das ktor\u00fdch trvaj\u00fa fa\u0161iangy, sa men\u00ed, preto\u017ee s\u00fa z\u00e1visl\u00e9 od pohybliv\u00e9ho d\u00e1tumu ve\u013ekono\u010dnej nedele a \u0161tyridsiatich dn\u00ed ve\u013ek\u00e9ho p\u00f4stu. Fa\u0161iangy boli \u010dasom, ke\u010f sa \u010dastej\u0161ie konali priadky, zak\u00e1\u013ea\u010dky a svadby, pri ktor\u00fdch nech\u00fdbali po\u010detn\u00e9 hry, z\u00e1bavy [&hellip;]<\/p>\n","protected":false},"author":2,"featured_media":54979,"comment_status":"closed","ping_status":"closed","sticky":false,"template":"","format":"standard","meta":{"site-sidebar-layout":"default","site-content-layout":"default","ast-site-content-layout":"default","site-content-style":"default","site-sidebar-style":"default","ast-global-header-display":"","ast-banner-title-visibility":"","ast-main-header-display":"","ast-hfb-above-header-display":"","ast-hfb-below-header-display":"","ast-hfb-mobile-header-display":"","site-post-title":"","ast-breadcrumbs-content":"","ast-featured-img":"","footer-sml-layout":"","theme-transparent-header-meta":"default","adv-header-id-meta":"","stick-header-meta":"default","header-above-stick-meta":"","header-main-stick-meta":"","header-below-stick-meta":"","astra-migrate-meta-layouts":"set","ast-page-background-enabled":"default","ast-page-background-meta":{"desktop":{"background-color":"var(--ast-global-color-4)","background-image":"","background-repeat":"repeat","background-position":"center center","background-size":"auto","background-attachment":"scroll","background-type":"","background-media":"","overlay-type":"","overlay-color":"","overlay-opacity":"","overlay-gradient":""},"tablet":{"background-color":"","background-image":"","background-repeat":"repeat","background-position":"center center","background-size":"auto","background-attachment":"scroll","background-type":"","background-media":"","overlay-type":"","overlay-color":"","overlay-opacity":"","overlay-gradient":""},"mobile":{"background-color":"","background-image":"","background-repeat":"repeat","background-position":"center center","background-size":"auto","background-attachment":"scroll","background-type":"","background-media":"","overlay-type":"","overlay-color":"","overlay-opacity":"","overlay-gradient":""}},"ast-content-background-meta":{"desktop":{"background-color":"var(--ast-global-color-5)","background-image":"","background-repeat":"repeat","background-position":"center center","background-size":"auto","background-attachment":"scroll","background-type":"","background-media":"","overlay-type":"","overlay-color":"","overlay-opacity":"","overlay-gradient":""},"tablet":{"background-color":"var(--ast-global-color-5)","background-image":"","background-repeat":"repeat","background-position":"center center","background-size":"auto","background-attachment":"scroll","background-type":"","background-media":"","overlay-type":"","overlay-color":"","overlay-opacity":"","overlay-gradient":""},"mobile":{"background-color":"var(--ast-global-color-5)","background-image":"","background-repeat":"repeat","background-position":"center center","background-size":"auto","background-attachment":"scroll","background-type":"","background-media":"","overlay-type":"","overlay-color":"","overlay-opacity":"","overlay-gradient":""}},"footnotes":""},"categories":[31],"tags":[],"class_list":["post-54978","post","type-post","status-publish","format-standard","has-post-thumbnail","hentry","category-aktuality"],"yoast_head":"<!-- This site is optimized with the Yoast SEO plugin v27.4 - https:\/\/yoast.com\/product\/yoast-seo-wordpress\/ -->\n<title>Maska turo\u0148a je zbierkov\u00fdm predmetom febru\u00e1ra - Pova\u017esk\u00e9 m\u00fazeum<\/title>\n<meta name=\"description\" content=\"Zbierkov\u00fdm predmetom mesiaca febru\u00e1r je maska turo\u0148a v Terchovej, ktor\u00e1 patr\u00ed do zbierkov\u00e9ho fondu etnol\u00f3gie. Fa\u0161iangov\u00e1 maska m\u00e1 podobu \u0161tylizovanej kravskej hlavy z plechu, ktor\u00fd je potiahnut\u00fd re\u017en\u00fdm pl\u00e1tnom.\" \/>\n<meta name=\"robots\" content=\"index, follow, max-snippet:-1, max-image-preview:large, max-video-preview:-1\" \/>\n<link rel=\"canonical\" href=\"https:\/\/pmza.sk\/?p=54978\" \/>\n<meta property=\"og:locale\" content=\"sk_SK\" \/>\n<meta property=\"og:type\" content=\"article\" \/>\n<meta property=\"og:title\" content=\"Maska turo\u0148a je zbierkov\u00fdm predmetom febru\u00e1ra - Pova\u017esk\u00e9 m\u00fazeum\" \/>\n<meta property=\"og:description\" content=\"Zbierkov\u00fdm predmetom mesiaca febru\u00e1r je maska turo\u0148a v Terchovej, ktor\u00e1 patr\u00ed do zbierkov\u00e9ho fondu etnol\u00f3gie. Fa\u0161iangov\u00e1 maska m\u00e1 podobu \u0161tylizovanej kravskej hlavy z plechu, ktor\u00fd je potiahnut\u00fd re\u017en\u00fdm pl\u00e1tnom.\" \/>\n<meta property=\"og:url\" content=\"https:\/\/pmza.sk\/?p=54978\" \/>\n<meta property=\"og:site_name\" content=\"Pova\u017esk\u00e9 m\u00fazeum\" \/>\n<meta property=\"article:publisher\" content=\"https:\/\/www.facebook.com\/povazskemuzeum\" \/>\n<meta property=\"article:published_time\" content=\"2023-02-01T12:38:28+00:00\" \/>\n<meta property=\"article:modified_time\" content=\"2025-05-15T05:06:36+00:00\" \/>\n<meta property=\"og:image\" content=\"https:\/\/pmza.sk\/wp-content\/uploads\/2023\/02\/turon-maska-scaled.jpg\" \/>\n\t<meta property=\"og:image:width\" content=\"2375\" \/>\n\t<meta property=\"og:image:height\" content=\"2560\" \/>\n\t<meta property=\"og:image:type\" content=\"image\/jpeg\" \/>\n<meta name=\"author\" content=\"Pova\u017esk\u00e9 m\u00fazeum\" \/>\n<meta name=\"twitter:card\" content=\"summary_large_image\" \/>\n<meta name=\"twitter:label1\" content=\"Autor\" \/>\n\t<meta name=\"twitter:data1\" content=\"Pova\u017esk\u00e9 m\u00fazeum\" \/>\n\t<meta name=\"twitter:label2\" content=\"Predpokladan\u00fd \u010das \u010d\u00edtania\" \/>\n\t<meta name=\"twitter:data2\" content=\"2 min\u00faty\" \/>\n<script type=\"application\/ld+json\" class=\"yoast-schema-graph\">{\"@context\":\"https:\\\/\\\/schema.org\",\"@graph\":[{\"@type\":\"Article\",\"@id\":\"https:\\\/\\\/pmza.sk\\\/?p=54978#article\",\"isPartOf\":{\"@id\":\"https:\\\/\\\/pmza.sk\\\/?p=54978\"},\"author\":{\"name\":\"Pova\u017esk\u00e9 m\u00fazeum\",\"@id\":\"https:\\\/\\\/pmza.sk\\\/#\\\/schema\\\/person\\\/595e6a2ce731ea94dcd5d7f50a41ae33\"},\"headline\":\"Maska turo\u0148a je zbierkov\u00fdm predmetom febru\u00e1ra\",\"datePublished\":\"2023-02-01T12:38:28+00:00\",\"dateModified\":\"2025-05-15T05:06:36+00:00\",\"mainEntityOfPage\":{\"@id\":\"https:\\\/\\\/pmza.sk\\\/?p=54978\"},\"wordCount\":356,\"publisher\":{\"@id\":\"https:\\\/\\\/pmza.sk\\\/#organization\"},\"image\":{\"@id\":\"https:\\\/\\\/pmza.sk\\\/?p=54978#primaryimage\"},\"thumbnailUrl\":\"https:\\\/\\\/pmza.sk\\\/wp-content\\\/uploads\\\/2023\\\/02\\\/turon-maska-scaled.jpg\",\"articleSection\":[\"Aktuality\"],\"inLanguage\":\"sk-SK\"},{\"@type\":\"WebPage\",\"@id\":\"https:\\\/\\\/pmza.sk\\\/?p=54978\",\"url\":\"https:\\\/\\\/pmza.sk\\\/?p=54978\",\"name\":\"Maska turo\u0148a je zbierkov\u00fdm predmetom febru\u00e1ra - Pova\u017esk\u00e9 m\u00fazeum\",\"isPartOf\":{\"@id\":\"https:\\\/\\\/pmza.sk\\\/#website\"},\"primaryImageOfPage\":{\"@id\":\"https:\\\/\\\/pmza.sk\\\/?p=54978#primaryimage\"},\"image\":{\"@id\":\"https:\\\/\\\/pmza.sk\\\/?p=54978#primaryimage\"},\"thumbnailUrl\":\"https:\\\/\\\/pmza.sk\\\/wp-content\\\/uploads\\\/2023\\\/02\\\/turon-maska-scaled.jpg\",\"datePublished\":\"2023-02-01T12:38:28+00:00\",\"dateModified\":\"2025-05-15T05:06:36+00:00\",\"description\":\"Zbierkov\u00fdm predmetom mesiaca febru\u00e1r je maska turo\u0148a v Terchovej, ktor\u00e1 patr\u00ed do zbierkov\u00e9ho fondu etnol\u00f3gie. Fa\u0161iangov\u00e1 maska m\u00e1 podobu \u0161tylizovanej kravskej hlavy z plechu, ktor\u00fd je potiahnut\u00fd re\u017en\u00fdm pl\u00e1tnom.\",\"breadcrumb\":{\"@id\":\"https:\\\/\\\/pmza.sk\\\/?p=54978#breadcrumb\"},\"inLanguage\":\"sk-SK\",\"potentialAction\":[{\"@type\":\"ReadAction\",\"target\":[\"https:\\\/\\\/pmza.sk\\\/?p=54978\"]}]},{\"@type\":\"ImageObject\",\"inLanguage\":\"sk-SK\",\"@id\":\"https:\\\/\\\/pmza.sk\\\/?p=54978#primaryimage\",\"url\":\"https:\\\/\\\/pmza.sk\\\/wp-content\\\/uploads\\\/2023\\\/02\\\/turon-maska-scaled.jpg\",\"contentUrl\":\"https:\\\/\\\/pmza.sk\\\/wp-content\\\/uploads\\\/2023\\\/02\\\/turon-maska-scaled.jpg\",\"width\":2375,\"height\":2560},{\"@type\":\"BreadcrumbList\",\"@id\":\"https:\\\/\\\/pmza.sk\\\/?p=54978#breadcrumb\",\"itemListElement\":[{\"@type\":\"ListItem\",\"position\":1,\"name\":\"Domovsk\u00e1 str\u00e1nka\",\"item\":\"https:\\\/\\\/pmza.sk\\\/\"},{\"@type\":\"ListItem\",\"position\":2,\"name\":\"Maska turo\u0148a je zbierkov\u00fdm predmetom febru\u00e1ra\"}]},{\"@type\":\"WebSite\",\"@id\":\"https:\\\/\\\/pmza.sk\\\/#website\",\"url\":\"https:\\\/\\\/pmza.sk\\\/\",\"name\":\"Pova\u017esk\u00e9 m\u00fazeum\",\"description\":\"Pova\u017esk\u00e9 m\u00fazeum v \u017diline je region\u00e1lne m\u00fazeum so s\u00eddlom v Budat\u00edne. Jeho expoz\u00edcie s\u00fa zameran\u00e9 na dejiny slovensk\u00e9ho umenia, kult\u00fary a dopravy.\",\"publisher\":{\"@id\":\"https:\\\/\\\/pmza.sk\\\/#organization\"},\"potentialAction\":[{\"@type\":\"SearchAction\",\"target\":{\"@type\":\"EntryPoint\",\"urlTemplate\":\"https:\\\/\\\/pmza.sk\\\/?s={search_term_string}\"},\"query-input\":{\"@type\":\"PropertyValueSpecification\",\"valueRequired\":true,\"valueName\":\"search_term_string\"}}],\"inLanguage\":\"sk-SK\"},{\"@type\":\"Organization\",\"@id\":\"https:\\\/\\\/pmza.sk\\\/#organization\",\"name\":\"Pova\u017esk\u00e9 m\u00fazeum\",\"url\":\"https:\\\/\\\/pmza.sk\\\/\",\"logo\":{\"@type\":\"ImageObject\",\"inLanguage\":\"sk-SK\",\"@id\":\"https:\\\/\\\/pmza.sk\\\/#\\\/schema\\\/logo\\\/image\\\/\",\"url\":\"https:\\\/\\\/pmza.sk\\\/wp-content\\\/uploads\\\/2022\\\/01\\\/logo_PM_horizontal.jpg\",\"contentUrl\":\"https:\\\/\\\/pmza.sk\\\/wp-content\\\/uploads\\\/2022\\\/01\\\/logo_PM_horizontal.jpg\",\"width\":231,\"height\":142,\"caption\":\"Pova\u017esk\u00e9 m\u00fazeum\"},\"image\":{\"@id\":\"https:\\\/\\\/pmza.sk\\\/#\\\/schema\\\/logo\\\/image\\\/\"},\"sameAs\":[\"https:\\\/\\\/www.facebook.com\\\/povazskemuzeum\",\"https:\\\/\\\/www.instagram.com\\\/povazskemuzeum\\\/\"]},{\"@type\":\"Person\",\"@id\":\"https:\\\/\\\/pmza.sk\\\/#\\\/schema\\\/person\\\/595e6a2ce731ea94dcd5d7f50a41ae33\",\"name\":\"Pova\u017esk\u00e9 m\u00fazeum\",\"image\":{\"@type\":\"ImageObject\",\"inLanguage\":\"sk-SK\",\"@id\":\"https:\\\/\\\/secure.gravatar.com\\\/avatar\\\/2bb7f1561282132fb5826dfeccc66c7996d11ee392ac6aaf7ced8a1c2027fbb2?s=96&d=mm&r=g\",\"url\":\"https:\\\/\\\/secure.gravatar.com\\\/avatar\\\/2bb7f1561282132fb5826dfeccc66c7996d11ee392ac6aaf7ced8a1c2027fbb2?s=96&d=mm&r=g\",\"contentUrl\":\"https:\\\/\\\/secure.gravatar.com\\\/avatar\\\/2bb7f1561282132fb5826dfeccc66c7996d11ee392ac6aaf7ced8a1c2027fbb2?s=96&d=mm&r=g\",\"caption\":\"Pova\u017esk\u00e9 m\u00fazeum\"}}]}<\/script>\n<!-- \/ Yoast SEO plugin. -->","yoast_head_json":{"title":"Maska turo\u0148a je zbierkov\u00fdm predmetom febru\u00e1ra - Pova\u017esk\u00e9 m\u00fazeum","description":"Zbierkov\u00fdm predmetom mesiaca febru\u00e1r je maska turo\u0148a v Terchovej, ktor\u00e1 patr\u00ed do zbierkov\u00e9ho fondu etnol\u00f3gie. Fa\u0161iangov\u00e1 maska m\u00e1 podobu \u0161tylizovanej kravskej hlavy z plechu, ktor\u00fd je potiahnut\u00fd re\u017en\u00fdm pl\u00e1tnom.","robots":{"index":"index","follow":"follow","max-snippet":"max-snippet:-1","max-image-preview":"max-image-preview:large","max-video-preview":"max-video-preview:-1"},"canonical":"https:\/\/pmza.sk\/?p=54978","og_locale":"sk_SK","og_type":"article","og_title":"Maska turo\u0148a je zbierkov\u00fdm predmetom febru\u00e1ra - Pova\u017esk\u00e9 m\u00fazeum","og_description":"Zbierkov\u00fdm predmetom mesiaca febru\u00e1r je maska turo\u0148a v Terchovej, ktor\u00e1 patr\u00ed do zbierkov\u00e9ho fondu etnol\u00f3gie. Fa\u0161iangov\u00e1 maska m\u00e1 podobu \u0161tylizovanej kravskej hlavy z plechu, ktor\u00fd je potiahnut\u00fd re\u017en\u00fdm pl\u00e1tnom.","og_url":"https:\/\/pmza.sk\/?p=54978","og_site_name":"Pova\u017esk\u00e9 m\u00fazeum","article_publisher":"https:\/\/www.facebook.com\/povazskemuzeum","article_published_time":"2023-02-01T12:38:28+00:00","article_modified_time":"2025-05-15T05:06:36+00:00","og_image":[{"width":2375,"height":2560,"url":"https:\/\/pmza.sk\/wp-content\/uploads\/2023\/02\/turon-maska-scaled.jpg","type":"image\/jpeg"}],"author":"Pova\u017esk\u00e9 m\u00fazeum","twitter_card":"summary_large_image","twitter_misc":{"Autor":"Pova\u017esk\u00e9 m\u00fazeum","Predpokladan\u00fd \u010das \u010d\u00edtania":"2 min\u00faty"},"schema":{"@context":"https:\/\/schema.org","@graph":[{"@type":"Article","@id":"https:\/\/pmza.sk\/?p=54978#article","isPartOf":{"@id":"https:\/\/pmza.sk\/?p=54978"},"author":{"name":"Pova\u017esk\u00e9 m\u00fazeum","@id":"https:\/\/pmza.sk\/#\/schema\/person\/595e6a2ce731ea94dcd5d7f50a41ae33"},"headline":"Maska turo\u0148a je zbierkov\u00fdm predmetom febru\u00e1ra","datePublished":"2023-02-01T12:38:28+00:00","dateModified":"2025-05-15T05:06:36+00:00","mainEntityOfPage":{"@id":"https:\/\/pmza.sk\/?p=54978"},"wordCount":356,"publisher":{"@id":"https:\/\/pmza.sk\/#organization"},"image":{"@id":"https:\/\/pmza.sk\/?p=54978#primaryimage"},"thumbnailUrl":"https:\/\/pmza.sk\/wp-content\/uploads\/2023\/02\/turon-maska-scaled.jpg","articleSection":["Aktuality"],"inLanguage":"sk-SK"},{"@type":"WebPage","@id":"https:\/\/pmza.sk\/?p=54978","url":"https:\/\/pmza.sk\/?p=54978","name":"Maska turo\u0148a je zbierkov\u00fdm predmetom febru\u00e1ra - Pova\u017esk\u00e9 m\u00fazeum","isPartOf":{"@id":"https:\/\/pmza.sk\/#website"},"primaryImageOfPage":{"@id":"https:\/\/pmza.sk\/?p=54978#primaryimage"},"image":{"@id":"https:\/\/pmza.sk\/?p=54978#primaryimage"},"thumbnailUrl":"https:\/\/pmza.sk\/wp-content\/uploads\/2023\/02\/turon-maska-scaled.jpg","datePublished":"2023-02-01T12:38:28+00:00","dateModified":"2025-05-15T05:06:36+00:00","description":"Zbierkov\u00fdm predmetom mesiaca febru\u00e1r je maska turo\u0148a v Terchovej, ktor\u00e1 patr\u00ed do zbierkov\u00e9ho fondu etnol\u00f3gie. Fa\u0161iangov\u00e1 maska m\u00e1 podobu \u0161tylizovanej kravskej hlavy z plechu, ktor\u00fd je potiahnut\u00fd re\u017en\u00fdm pl\u00e1tnom.","breadcrumb":{"@id":"https:\/\/pmza.sk\/?p=54978#breadcrumb"},"inLanguage":"sk-SK","potentialAction":[{"@type":"ReadAction","target":["https:\/\/pmza.sk\/?p=54978"]}]},{"@type":"ImageObject","inLanguage":"sk-SK","@id":"https:\/\/pmza.sk\/?p=54978#primaryimage","url":"https:\/\/pmza.sk\/wp-content\/uploads\/2023\/02\/turon-maska-scaled.jpg","contentUrl":"https:\/\/pmza.sk\/wp-content\/uploads\/2023\/02\/turon-maska-scaled.jpg","width":2375,"height":2560},{"@type":"BreadcrumbList","@id":"https:\/\/pmza.sk\/?p=54978#breadcrumb","itemListElement":[{"@type":"ListItem","position":1,"name":"Domovsk\u00e1 str\u00e1nka","item":"https:\/\/pmza.sk\/"},{"@type":"ListItem","position":2,"name":"Maska turo\u0148a je zbierkov\u00fdm predmetom febru\u00e1ra"}]},{"@type":"WebSite","@id":"https:\/\/pmza.sk\/#website","url":"https:\/\/pmza.sk\/","name":"Pova\u017esk\u00e9 m\u00fazeum","description":"Pova\u017esk\u00e9 m\u00fazeum v \u017diline je region\u00e1lne m\u00fazeum so s\u00eddlom v Budat\u00edne. Jeho expoz\u00edcie s\u00fa zameran\u00e9 na dejiny slovensk\u00e9ho umenia, kult\u00fary a dopravy.","publisher":{"@id":"https:\/\/pmza.sk\/#organization"},"potentialAction":[{"@type":"SearchAction","target":{"@type":"EntryPoint","urlTemplate":"https:\/\/pmza.sk\/?s={search_term_string}"},"query-input":{"@type":"PropertyValueSpecification","valueRequired":true,"valueName":"search_term_string"}}],"inLanguage":"sk-SK"},{"@type":"Organization","@id":"https:\/\/pmza.sk\/#organization","name":"Pova\u017esk\u00e9 m\u00fazeum","url":"https:\/\/pmza.sk\/","logo":{"@type":"ImageObject","inLanguage":"sk-SK","@id":"https:\/\/pmza.sk\/#\/schema\/logo\/image\/","url":"https:\/\/pmza.sk\/wp-content\/uploads\/2022\/01\/logo_PM_horizontal.jpg","contentUrl":"https:\/\/pmza.sk\/wp-content\/uploads\/2022\/01\/logo_PM_horizontal.jpg","width":231,"height":142,"caption":"Pova\u017esk\u00e9 m\u00fazeum"},"image":{"@id":"https:\/\/pmza.sk\/#\/schema\/logo\/image\/"},"sameAs":["https:\/\/www.facebook.com\/povazskemuzeum","https:\/\/www.instagram.com\/povazskemuzeum\/"]},{"@type":"Person","@id":"https:\/\/pmza.sk\/#\/schema\/person\/595e6a2ce731ea94dcd5d7f50a41ae33","name":"Pova\u017esk\u00e9 m\u00fazeum","image":{"@type":"ImageObject","inLanguage":"sk-SK","@id":"https:\/\/secure.gravatar.com\/avatar\/2bb7f1561282132fb5826dfeccc66c7996d11ee392ac6aaf7ced8a1c2027fbb2?s=96&d=mm&r=g","url":"https:\/\/secure.gravatar.com\/avatar\/2bb7f1561282132fb5826dfeccc66c7996d11ee392ac6aaf7ced8a1c2027fbb2?s=96&d=mm&r=g","contentUrl":"https:\/\/secure.gravatar.com\/avatar\/2bb7f1561282132fb5826dfeccc66c7996d11ee392ac6aaf7ced8a1c2027fbb2?s=96&d=mm&r=g","caption":"Pova\u017esk\u00e9 m\u00fazeum"}}]}},"_links":{"self":[{"href":"https:\/\/pmza.sk\/index.php?rest_route=\/wp\/v2\/posts\/54978","targetHints":{"allow":["GET"]}}],"collection":[{"href":"https:\/\/pmza.sk\/index.php?rest_route=\/wp\/v2\/posts"}],"about":[{"href":"https:\/\/pmza.sk\/index.php?rest_route=\/wp\/v2\/types\/post"}],"author":[{"embeddable":true,"href":"https:\/\/pmza.sk\/index.php?rest_route=\/wp\/v2\/users\/2"}],"replies":[{"embeddable":true,"href":"https:\/\/pmza.sk\/index.php?rest_route=%2Fwp%2Fv2%2Fcomments&post=54978"}],"version-history":[{"count":0,"href":"https:\/\/pmza.sk\/index.php?rest_route=\/wp\/v2\/posts\/54978\/revisions"}],"wp:featuredmedia":[{"embeddable":true,"href":"https:\/\/pmza.sk\/index.php?rest_route=\/wp\/v2\/media\/54979"}],"wp:attachment":[{"href":"https:\/\/pmza.sk\/index.php?rest_route=%2Fwp%2Fv2%2Fmedia&parent=54978"}],"wp:term":[{"taxonomy":"category","embeddable":true,"href":"https:\/\/pmza.sk\/index.php?rest_route=%2Fwp%2Fv2%2Fcategories&post=54978"},{"taxonomy":"post_tag","embeddable":true,"href":"https:\/\/pmza.sk\/index.php?rest_route=%2Fwp%2Fv2%2Ftags&post=54978"}],"curies":[{"name":"wp","href":"https:\/\/api.w.org\/{rel}","templated":true}]}}