{"id":55051,"date":"2023-02-14T12:19:39","date_gmt":"2023-02-14T11:19:39","guid":{"rendered":"https:\/\/pmza.sk\/?p=55051"},"modified":"2025-05-15T07:06:30","modified_gmt":"2025-05-15T05:06:30","slug":"odborna-konferencia-nove-poznatky-z-historie-cestnej-dopravy","status":"publish","type":"post","link":"https:\/\/pmza.sk\/?p=55051","title":{"rendered":"Odborn\u00e1 konferencia Nov\u00e9 poznatky z hist\u00f3rie cestnej dopravy"},"content":{"rendered":"<p>Pova\u017esk\u00e9 m\u00fazeum, m\u00fazeum s celoslovenskou \u0161pecializ\u00e1ciou pre oblas\u0165 dopravy V\u00e1m pon\u00faka mo\u017enos\u0165 akt\u00edvnej \u00fa\u010dasti na odbornej konferencii Nov\u00e9 poznatky z hist\u00f3rie cestnej dopravy, ktor\u00e1 sa uskuto\u010dn\u00ed v\u00a0term\u00edne 26. \u2013 27. apr\u00edla 2023 v Budat\u00ednskom hrade.<\/p>\n<p><strong>Cie\u013e konferencie:<\/strong><\/p>\n<p>prezentova\u0165 a n\u00e1sledne publikova\u0165 nov\u00e9 a zauj\u00edmav\u00e9 poznatky, akviz\u00edcie a n\u00e1lezy o v\u00fdvoji cestnej dopravy na Slovensku.<\/p>\n<p><strong>Tematick\u00e9 okruhy:<\/strong><\/p>\n<p>v\u00fdvoj cestnej dopravy v ur\u010denom obdob\u00ed, stavba ciest a\u00a0cestn\u00e1 infra\u0161trukt\u00fara, verejn\u00e1 a s\u00fakromn\u00e1 doprava, dopravn\u00e9 prostriedky minulosti, akviz\u00edcie, n\u00e1lezy, dokument\u00e1cia a ochrana kult\u00farneho dedi\u010dstva v oblasti cestnej dopravy a in\u00e9.<\/p>\n<p><strong>Pokyny:<\/strong><\/p>\n<ul>\n<li>Z\u00e1ujemca vypln\u00ed z\u00e1v\u00e4zn\u00fa prihl\u00e1\u0161ku cez formul\u00e1r na odkaze: <a href=\"https:\/\/pmza.sk\/konferncia-nove-poznatky-z-dejin-cestnej-dopravy-prihlaska\/\">https:\/\/pmza.sk\/konferncia-nove-poznatky-z-dejin-cestnej-dopravy-prihlaska\/<\/a><\/li>\n<\/ul>\n<ul>\n<li>Prezent\u00e1cia pr\u00edspevku v rozsahu maxim\u00e1lne 30 min\u00fat (mo\u017enos\u0165 vyu\u017eitia projektora).<\/li>\n<\/ul>\n<ul>\n<li>Z konferencie bude vydan\u00fd elektronick\u00fd zborn\u00edk. Akt\u00edvny \u00fa\u010dastn\u00edk priprav\u00ed pr\u00edspevok v rozsahu maxim\u00e1lne 30 normostr\u00e1n. Pokyny pre pr\u00edpravu pr\u00edspevkov do zborn\u00edka s\u00fa toto\u017en\u00e9 ako pre Vlastivedn\u00fd zborn\u00edk Pova\u017eia a s\u00fa zverejnen\u00e9 na odkaze: <a href=\"https:\/\/pmza.sk\/wp-content\/uploads\/2022\/02\/Pokyny-pre-autorov-prispevkov-Vlastivedny-zbornik-Povazia-2021.pdf\">https:\/\/pmza.sk\/wp-content\/uploads\/2022\/02\/Pokyny-pre-autorov-prispevkov-Vlastivedny-zbornik-Povazia-2021.pdf<\/a><\/li>\n<\/ul>\n<ul>\n<li>Akt\u00edvna \u00fa\u010das\u0165 na konferencii a dodanie \u010dl\u00e1nku do zborn\u00edka je honorovan\u00e9.<\/li>\n<\/ul>\n<ul>\n<li>Pre akt\u00edvneho \u00fa\u010dastn\u00edka je zabezpe\u010den\u00e1 strava a ubytovanie na 1 noc (z 26. na 27. 4. 2023) \u2013 limit 12 \u00fa\u010dastn\u00edkov (v pr\u00edpade vy\u0161\u0161ieho po\u010dtu \u00fa\u010dastn\u00edkov rozhoduje poradie prijatia z\u00e1v\u00e4znej prihl\u00e1\u0161ky).<\/li>\n<\/ul>\n<ul>\n<li>Organiz\u00e1tor m\u00e1 pr\u00e1vo odmietnu\u0165 pr\u00edspevok, ak nesp\u013a\u0148a tematick\u00e9, vedeck\u00e9 alebo etick\u00e9 krit\u00e9ri\u00e1.<\/li>\n<\/ul>\n<p><strong>Term\u00edny:<\/strong><\/p>\n<ul>\n<li>uz\u00e1vierka z\u00e1v\u00e4zn\u00fdch prihl\u00e1\u0161ok na akt\u00edvnu \u00fa\u010das\u0165: 14. apr\u00edl 2023,<\/li>\n<li>d\u00e1tum konania konferencie: 26. \u2013 27. apr\u00edl 2023,<\/li>\n<li>term\u00edn dodania pr\u00edspevkov do zborn\u00edka: 27. apr\u00edl 2023,<\/li>\n<li>vydanie zborn\u00edka: september 2023.<\/li>\n<\/ul>\n<p>Projekt z\u00a0verejn\u00fdch zdrojov podporil Fond na podporu umenia<\/p>\n<p>&nbsp;<\/p>\n<p><strong>Kontakt na usporiadate\u013ea:<\/strong><\/p>\n<p>Mgr. Peter \u0160imko, PhD.<\/p>\n<p>e-mail: simko@pmza.sk, tel.: +421 905 602 582<\/p>\n<p>Plag\u00e1t v plnej ve\u013ekosti <a href=\"https:\/\/pmza.sk\/wp-content\/uploads\/2023\/02\/Konferencia_Poznatky_K3.pdf\">TU<\/a><\/p>\n","protected":false},"excerpt":{"rendered":"<p>Pova\u017esk\u00e9 m\u00fazeum, m\u00fazeum s celoslovenskou \u0161pecializ\u00e1ciou pre oblas\u0165 dopravy V\u00e1m pon\u00faka mo\u017enos\u0165 akt\u00edvnej \u00fa\u010dasti na odbornej konferencii Nov\u00e9 poznatky z hist\u00f3rie cestnej dopravy, ktor\u00e1 sa uskuto\u010dn\u00ed v\u00a0term\u00edne 26. \u2013 27. apr\u00edla 2023 v Budat\u00ednskom hrade. Cie\u013e konferencie: prezentova\u0165 a n\u00e1sledne publikova\u0165 nov\u00e9 a zauj\u00edmav\u00e9 poznatky, akviz\u00edcie a n\u00e1lezy o v\u00fdvoji cestnej dopravy na Slovensku. Tematick\u00e9 [&hellip;]<\/p>\n","protected":false},"author":2,"featured_media":55052,"comment_status":"closed","ping_status":"closed","sticky":false,"template":"","format":"standard","meta":{"site-sidebar-layout":"default","site-content-layout":"default","ast-site-content-layout":"default","site-content-style":"default","site-sidebar-style":"default","ast-global-header-display":"","ast-banner-title-visibility":"","ast-main-header-display":"","ast-hfb-above-header-display":"","ast-hfb-below-header-display":"","ast-hfb-mobile-header-display":"","site-post-title":"","ast-breadcrumbs-content":"","ast-featured-img":"","footer-sml-layout":"","theme-transparent-header-meta":"default","adv-header-id-meta":"","stick-header-meta":"default","header-above-stick-meta":"","header-main-stick-meta":"","header-below-stick-meta":"","astra-migrate-meta-layouts":"set","ast-page-background-enabled":"default","ast-page-background-meta":{"desktop":{"background-color":"var(--ast-global-color-4)","background-image":"","background-repeat":"repeat","background-position":"center center","background-size":"auto","background-attachment":"scroll","background-type":"","background-media":"","overlay-type":"","overlay-color":"","overlay-opacity":"","overlay-gradient":""},"tablet":{"background-color":"","background-image":"","background-repeat":"repeat","background-position":"center center","background-size":"auto","background-attachment":"scroll","background-type":"","background-media":"","overlay-type":"","overlay-color":"","overlay-opacity":"","overlay-gradient":""},"mobile":{"background-color":"","background-image":"","background-repeat":"repeat","background-position":"center center","background-size":"auto","background-attachment":"scroll","background-type":"","background-media":"","overlay-type":"","overlay-color":"","overlay-opacity":"","overlay-gradient":""}},"ast-content-background-meta":{"desktop":{"background-color":"var(--ast-global-color-5)","background-image":"","background-repeat":"repeat","background-position":"center center","background-size":"auto","background-attachment":"scroll","background-type":"","background-media":"","overlay-type":"","overlay-color":"","overlay-opacity":"","overlay-gradient":""},"tablet":{"background-color":"var(--ast-global-color-5)","background-image":"","background-repeat":"repeat","background-position":"center center","background-size":"auto","background-attachment":"scroll","background-type":"","background-media":"","overlay-type":"","overlay-color":"","overlay-opacity":"","overlay-gradient":""},"mobile":{"background-color":"var(--ast-global-color-5)","background-image":"","background-repeat":"repeat","background-position":"center center","background-size":"auto","background-attachment":"scroll","background-type":"","background-media":"","overlay-type":"","overlay-color":"","overlay-opacity":"","overlay-gradient":""}},"footnotes":""},"categories":[31],"tags":[],"class_list":["post-55051","post","type-post","status-publish","format-standard","has-post-thumbnail","hentry","category-aktuality"],"yoast_head":"<!-- This site is optimized with the Yoast SEO plugin v27.4 - https:\/\/yoast.com\/product\/yoast-seo-wordpress\/ -->\n<title>Odborn\u00e1 konferencia Nov\u00e9 poznatky z hist\u00f3rie cestnej dopravy - Pova\u017esk\u00e9 m\u00fazeum<\/title>\n<meta name=\"robots\" content=\"index, follow, max-snippet:-1, max-image-preview:large, max-video-preview:-1\" \/>\n<link rel=\"canonical\" href=\"https:\/\/pmza.sk\/?p=55051\" \/>\n<meta property=\"og:locale\" content=\"sk_SK\" \/>\n<meta property=\"og:type\" content=\"article\" \/>\n<meta property=\"og:title\" content=\"Odborn\u00e1 konferencia Nov\u00e9 poznatky z hist\u00f3rie cestnej dopravy - Pova\u017esk\u00e9 m\u00fazeum\" \/>\n<meta property=\"og:description\" content=\"Pova\u017esk\u00e9 m\u00fazeum, m\u00fazeum s celoslovenskou \u0161pecializ\u00e1ciou pre oblas\u0165 dopravy V\u00e1m pon\u00faka mo\u017enos\u0165 akt\u00edvnej \u00fa\u010dasti na odbornej konferencii Nov\u00e9 poznatky z hist\u00f3rie cestnej dopravy, ktor\u00e1 sa uskuto\u010dn\u00ed v\u00a0term\u00edne 26. \u2013 27. apr\u00edla 2023 v Budat\u00ednskom hrade. Cie\u013e konferencie: prezentova\u0165 a n\u00e1sledne publikova\u0165 nov\u00e9 a zauj\u00edmav\u00e9 poznatky, akviz\u00edcie a n\u00e1lezy o v\u00fdvoji cestnej dopravy na Slovensku. Tematick\u00e9 [&hellip;]\" \/>\n<meta property=\"og:url\" content=\"https:\/\/pmza.sk\/?p=55051\" \/>\n<meta property=\"og:site_name\" content=\"Pova\u017esk\u00e9 m\u00fazeum\" \/>\n<meta property=\"article:publisher\" content=\"https:\/\/www.facebook.com\/povazskemuzeum\" \/>\n<meta property=\"article:published_time\" content=\"2023-02-14T11:19:39+00:00\" \/>\n<meta property=\"article:modified_time\" content=\"2025-05-15T05:06:30+00:00\" \/>\n<meta property=\"og:image\" content=\"https:\/\/pmza.sk\/wp-content\/uploads\/2023\/02\/konferencia.jpg\" \/>\n\t<meta property=\"og:image:width\" content=\"2321\" \/>\n\t<meta property=\"og:image:height\" content=\"1496\" \/>\n\t<meta property=\"og:image:type\" content=\"image\/jpeg\" \/>\n<meta name=\"author\" content=\"Pova\u017esk\u00e9 m\u00fazeum\" \/>\n<meta name=\"twitter:card\" content=\"summary_large_image\" \/>\n<meta name=\"twitter:label1\" content=\"Autor\" \/>\n\t<meta name=\"twitter:data1\" content=\"Pova\u017esk\u00e9 m\u00fazeum\" \/>\n\t<meta name=\"twitter:label2\" content=\"Predpokladan\u00fd \u010das \u010d\u00edtania\" \/>\n\t<meta name=\"twitter:data2\" content=\"2 min\u00faty\" \/>\n<script type=\"application\/ld+json\" class=\"yoast-schema-graph\">{\"@context\":\"https:\\\/\\\/schema.org\",\"@graph\":[{\"@type\":\"Article\",\"@id\":\"https:\\\/\\\/pmza.sk\\\/?p=55051#article\",\"isPartOf\":{\"@id\":\"https:\\\/\\\/pmza.sk\\\/?p=55051\"},\"author\":{\"name\":\"Pova\u017esk\u00e9 m\u00fazeum\",\"@id\":\"https:\\\/\\\/pmza.sk\\\/#\\\/schema\\\/person\\\/595e6a2ce731ea94dcd5d7f50a41ae33\"},\"headline\":\"Odborn\u00e1 konferencia Nov\u00e9 poznatky z hist\u00f3rie cestnej dopravy\",\"datePublished\":\"2023-02-14T11:19:39+00:00\",\"dateModified\":\"2025-05-15T05:06:30+00:00\",\"mainEntityOfPage\":{\"@id\":\"https:\\\/\\\/pmza.sk\\\/?p=55051\"},\"wordCount\":338,\"publisher\":{\"@id\":\"https:\\\/\\\/pmza.sk\\\/#organization\"},\"image\":{\"@id\":\"https:\\\/\\\/pmza.sk\\\/?p=55051#primaryimage\"},\"thumbnailUrl\":\"https:\\\/\\\/pmza.sk\\\/wp-content\\\/uploads\\\/2023\\\/02\\\/konferencia.jpg\",\"articleSection\":[\"Aktuality\"],\"inLanguage\":\"sk-SK\"},{\"@type\":\"WebPage\",\"@id\":\"https:\\\/\\\/pmza.sk\\\/?p=55051\",\"url\":\"https:\\\/\\\/pmza.sk\\\/?p=55051\",\"name\":\"Odborn\u00e1 konferencia Nov\u00e9 poznatky z hist\u00f3rie cestnej dopravy - Pova\u017esk\u00e9 m\u00fazeum\",\"isPartOf\":{\"@id\":\"https:\\\/\\\/pmza.sk\\\/#website\"},\"primaryImageOfPage\":{\"@id\":\"https:\\\/\\\/pmza.sk\\\/?p=55051#primaryimage\"},\"image\":{\"@id\":\"https:\\\/\\\/pmza.sk\\\/?p=55051#primaryimage\"},\"thumbnailUrl\":\"https:\\\/\\\/pmza.sk\\\/wp-content\\\/uploads\\\/2023\\\/02\\\/konferencia.jpg\",\"datePublished\":\"2023-02-14T11:19:39+00:00\",\"dateModified\":\"2025-05-15T05:06:30+00:00\",\"breadcrumb\":{\"@id\":\"https:\\\/\\\/pmza.sk\\\/?p=55051#breadcrumb\"},\"inLanguage\":\"sk-SK\",\"potentialAction\":[{\"@type\":\"ReadAction\",\"target\":[\"https:\\\/\\\/pmza.sk\\\/?p=55051\"]}]},{\"@type\":\"ImageObject\",\"inLanguage\":\"sk-SK\",\"@id\":\"https:\\\/\\\/pmza.sk\\\/?p=55051#primaryimage\",\"url\":\"https:\\\/\\\/pmza.sk\\\/wp-content\\\/uploads\\\/2023\\\/02\\\/konferencia.jpg\",\"contentUrl\":\"https:\\\/\\\/pmza.sk\\\/wp-content\\\/uploads\\\/2023\\\/02\\\/konferencia.jpg\",\"width\":2321,\"height\":1496},{\"@type\":\"BreadcrumbList\",\"@id\":\"https:\\\/\\\/pmza.sk\\\/?p=55051#breadcrumb\",\"itemListElement\":[{\"@type\":\"ListItem\",\"position\":1,\"name\":\"Domovsk\u00e1 str\u00e1nka\",\"item\":\"https:\\\/\\\/pmza.sk\\\/\"},{\"@type\":\"ListItem\",\"position\":2,\"name\":\"Odborn\u00e1 konferencia Nov\u00e9 poznatky z hist\u00f3rie cestnej dopravy\"}]},{\"@type\":\"WebSite\",\"@id\":\"https:\\\/\\\/pmza.sk\\\/#website\",\"url\":\"https:\\\/\\\/pmza.sk\\\/\",\"name\":\"Pova\u017esk\u00e9 m\u00fazeum\",\"description\":\"Pova\u017esk\u00e9 m\u00fazeum v \u017diline je region\u00e1lne m\u00fazeum so s\u00eddlom v Budat\u00edne. Jeho expoz\u00edcie s\u00fa zameran\u00e9 na dejiny slovensk\u00e9ho umenia, kult\u00fary a dopravy.\",\"publisher\":{\"@id\":\"https:\\\/\\\/pmza.sk\\\/#organization\"},\"potentialAction\":[{\"@type\":\"SearchAction\",\"target\":{\"@type\":\"EntryPoint\",\"urlTemplate\":\"https:\\\/\\\/pmza.sk\\\/?s={search_term_string}\"},\"query-input\":{\"@type\":\"PropertyValueSpecification\",\"valueRequired\":true,\"valueName\":\"search_term_string\"}}],\"inLanguage\":\"sk-SK\"},{\"@type\":\"Organization\",\"@id\":\"https:\\\/\\\/pmza.sk\\\/#organization\",\"name\":\"Pova\u017esk\u00e9 m\u00fazeum\",\"url\":\"https:\\\/\\\/pmza.sk\\\/\",\"logo\":{\"@type\":\"ImageObject\",\"inLanguage\":\"sk-SK\",\"@id\":\"https:\\\/\\\/pmza.sk\\\/#\\\/schema\\\/logo\\\/image\\\/\",\"url\":\"https:\\\/\\\/pmza.sk\\\/wp-content\\\/uploads\\\/2022\\\/01\\\/logo_PM_horizontal.jpg\",\"contentUrl\":\"https:\\\/\\\/pmza.sk\\\/wp-content\\\/uploads\\\/2022\\\/01\\\/logo_PM_horizontal.jpg\",\"width\":231,\"height\":142,\"caption\":\"Pova\u017esk\u00e9 m\u00fazeum\"},\"image\":{\"@id\":\"https:\\\/\\\/pmza.sk\\\/#\\\/schema\\\/logo\\\/image\\\/\"},\"sameAs\":[\"https:\\\/\\\/www.facebook.com\\\/povazskemuzeum\",\"https:\\\/\\\/www.instagram.com\\\/povazskemuzeum\\\/\"]},{\"@type\":\"Person\",\"@id\":\"https:\\\/\\\/pmza.sk\\\/#\\\/schema\\\/person\\\/595e6a2ce731ea94dcd5d7f50a41ae33\",\"name\":\"Pova\u017esk\u00e9 m\u00fazeum\",\"image\":{\"@type\":\"ImageObject\",\"inLanguage\":\"sk-SK\",\"@id\":\"https:\\\/\\\/secure.gravatar.com\\\/avatar\\\/2bb7f1561282132fb5826dfeccc66c7996d11ee392ac6aaf7ced8a1c2027fbb2?s=96&d=mm&r=g\",\"url\":\"https:\\\/\\\/secure.gravatar.com\\\/avatar\\\/2bb7f1561282132fb5826dfeccc66c7996d11ee392ac6aaf7ced8a1c2027fbb2?s=96&d=mm&r=g\",\"contentUrl\":\"https:\\\/\\\/secure.gravatar.com\\\/avatar\\\/2bb7f1561282132fb5826dfeccc66c7996d11ee392ac6aaf7ced8a1c2027fbb2?s=96&d=mm&r=g\",\"caption\":\"Pova\u017esk\u00e9 m\u00fazeum\"}}]}<\/script>\n<!-- \/ Yoast SEO plugin. -->","yoast_head_json":{"title":"Odborn\u00e1 konferencia Nov\u00e9 poznatky z hist\u00f3rie cestnej dopravy - Pova\u017esk\u00e9 m\u00fazeum","robots":{"index":"index","follow":"follow","max-snippet":"max-snippet:-1","max-image-preview":"max-image-preview:large","max-video-preview":"max-video-preview:-1"},"canonical":"https:\/\/pmza.sk\/?p=55051","og_locale":"sk_SK","og_type":"article","og_title":"Odborn\u00e1 konferencia Nov\u00e9 poznatky z hist\u00f3rie cestnej dopravy - Pova\u017esk\u00e9 m\u00fazeum","og_description":"Pova\u017esk\u00e9 m\u00fazeum, m\u00fazeum s celoslovenskou \u0161pecializ\u00e1ciou pre oblas\u0165 dopravy V\u00e1m pon\u00faka mo\u017enos\u0165 akt\u00edvnej \u00fa\u010dasti na odbornej konferencii Nov\u00e9 poznatky z hist\u00f3rie cestnej dopravy, ktor\u00e1 sa uskuto\u010dn\u00ed v\u00a0term\u00edne 26. \u2013 27. apr\u00edla 2023 v Budat\u00ednskom hrade. Cie\u013e konferencie: prezentova\u0165 a n\u00e1sledne publikova\u0165 nov\u00e9 a zauj\u00edmav\u00e9 poznatky, akviz\u00edcie a n\u00e1lezy o v\u00fdvoji cestnej dopravy na Slovensku. Tematick\u00e9 [&hellip;]","og_url":"https:\/\/pmza.sk\/?p=55051","og_site_name":"Pova\u017esk\u00e9 m\u00fazeum","article_publisher":"https:\/\/www.facebook.com\/povazskemuzeum","article_published_time":"2023-02-14T11:19:39+00:00","article_modified_time":"2025-05-15T05:06:30+00:00","og_image":[{"width":2321,"height":1496,"url":"https:\/\/pmza.sk\/wp-content\/uploads\/2023\/02\/konferencia.jpg","type":"image\/jpeg"}],"author":"Pova\u017esk\u00e9 m\u00fazeum","twitter_card":"summary_large_image","twitter_misc":{"Autor":"Pova\u017esk\u00e9 m\u00fazeum","Predpokladan\u00fd \u010das \u010d\u00edtania":"2 min\u00faty"},"schema":{"@context":"https:\/\/schema.org","@graph":[{"@type":"Article","@id":"https:\/\/pmza.sk\/?p=55051#article","isPartOf":{"@id":"https:\/\/pmza.sk\/?p=55051"},"author":{"name":"Pova\u017esk\u00e9 m\u00fazeum","@id":"https:\/\/pmza.sk\/#\/schema\/person\/595e6a2ce731ea94dcd5d7f50a41ae33"},"headline":"Odborn\u00e1 konferencia Nov\u00e9 poznatky z hist\u00f3rie cestnej dopravy","datePublished":"2023-02-14T11:19:39+00:00","dateModified":"2025-05-15T05:06:30+00:00","mainEntityOfPage":{"@id":"https:\/\/pmza.sk\/?p=55051"},"wordCount":338,"publisher":{"@id":"https:\/\/pmza.sk\/#organization"},"image":{"@id":"https:\/\/pmza.sk\/?p=55051#primaryimage"},"thumbnailUrl":"https:\/\/pmza.sk\/wp-content\/uploads\/2023\/02\/konferencia.jpg","articleSection":["Aktuality"],"inLanguage":"sk-SK"},{"@type":"WebPage","@id":"https:\/\/pmza.sk\/?p=55051","url":"https:\/\/pmza.sk\/?p=55051","name":"Odborn\u00e1 konferencia Nov\u00e9 poznatky z hist\u00f3rie cestnej dopravy - Pova\u017esk\u00e9 m\u00fazeum","isPartOf":{"@id":"https:\/\/pmza.sk\/#website"},"primaryImageOfPage":{"@id":"https:\/\/pmza.sk\/?p=55051#primaryimage"},"image":{"@id":"https:\/\/pmza.sk\/?p=55051#primaryimage"},"thumbnailUrl":"https:\/\/pmza.sk\/wp-content\/uploads\/2023\/02\/konferencia.jpg","datePublished":"2023-02-14T11:19:39+00:00","dateModified":"2025-05-15T05:06:30+00:00","breadcrumb":{"@id":"https:\/\/pmza.sk\/?p=55051#breadcrumb"},"inLanguage":"sk-SK","potentialAction":[{"@type":"ReadAction","target":["https:\/\/pmza.sk\/?p=55051"]}]},{"@type":"ImageObject","inLanguage":"sk-SK","@id":"https:\/\/pmza.sk\/?p=55051#primaryimage","url":"https:\/\/pmza.sk\/wp-content\/uploads\/2023\/02\/konferencia.jpg","contentUrl":"https:\/\/pmza.sk\/wp-content\/uploads\/2023\/02\/konferencia.jpg","width":2321,"height":1496},{"@type":"BreadcrumbList","@id":"https:\/\/pmza.sk\/?p=55051#breadcrumb","itemListElement":[{"@type":"ListItem","position":1,"name":"Domovsk\u00e1 str\u00e1nka","item":"https:\/\/pmza.sk\/"},{"@type":"ListItem","position":2,"name":"Odborn\u00e1 konferencia Nov\u00e9 poznatky z hist\u00f3rie cestnej dopravy"}]},{"@type":"WebSite","@id":"https:\/\/pmza.sk\/#website","url":"https:\/\/pmza.sk\/","name":"Pova\u017esk\u00e9 m\u00fazeum","description":"Pova\u017esk\u00e9 m\u00fazeum v \u017diline je region\u00e1lne m\u00fazeum so s\u00eddlom v Budat\u00edne. Jeho expoz\u00edcie s\u00fa zameran\u00e9 na dejiny slovensk\u00e9ho umenia, kult\u00fary a dopravy.","publisher":{"@id":"https:\/\/pmza.sk\/#organization"},"potentialAction":[{"@type":"SearchAction","target":{"@type":"EntryPoint","urlTemplate":"https:\/\/pmza.sk\/?s={search_term_string}"},"query-input":{"@type":"PropertyValueSpecification","valueRequired":true,"valueName":"search_term_string"}}],"inLanguage":"sk-SK"},{"@type":"Organization","@id":"https:\/\/pmza.sk\/#organization","name":"Pova\u017esk\u00e9 m\u00fazeum","url":"https:\/\/pmza.sk\/","logo":{"@type":"ImageObject","inLanguage":"sk-SK","@id":"https:\/\/pmza.sk\/#\/schema\/logo\/image\/","url":"https:\/\/pmza.sk\/wp-content\/uploads\/2022\/01\/logo_PM_horizontal.jpg","contentUrl":"https:\/\/pmza.sk\/wp-content\/uploads\/2022\/01\/logo_PM_horizontal.jpg","width":231,"height":142,"caption":"Pova\u017esk\u00e9 m\u00fazeum"},"image":{"@id":"https:\/\/pmza.sk\/#\/schema\/logo\/image\/"},"sameAs":["https:\/\/www.facebook.com\/povazskemuzeum","https:\/\/www.instagram.com\/povazskemuzeum\/"]},{"@type":"Person","@id":"https:\/\/pmza.sk\/#\/schema\/person\/595e6a2ce731ea94dcd5d7f50a41ae33","name":"Pova\u017esk\u00e9 m\u00fazeum","image":{"@type":"ImageObject","inLanguage":"sk-SK","@id":"https:\/\/secure.gravatar.com\/avatar\/2bb7f1561282132fb5826dfeccc66c7996d11ee392ac6aaf7ced8a1c2027fbb2?s=96&d=mm&r=g","url":"https:\/\/secure.gravatar.com\/avatar\/2bb7f1561282132fb5826dfeccc66c7996d11ee392ac6aaf7ced8a1c2027fbb2?s=96&d=mm&r=g","contentUrl":"https:\/\/secure.gravatar.com\/avatar\/2bb7f1561282132fb5826dfeccc66c7996d11ee392ac6aaf7ced8a1c2027fbb2?s=96&d=mm&r=g","caption":"Pova\u017esk\u00e9 m\u00fazeum"}}]}},"_links":{"self":[{"href":"https:\/\/pmza.sk\/index.php?rest_route=\/wp\/v2\/posts\/55051","targetHints":{"allow":["GET"]}}],"collection":[{"href":"https:\/\/pmza.sk\/index.php?rest_route=\/wp\/v2\/posts"}],"about":[{"href":"https:\/\/pmza.sk\/index.php?rest_route=\/wp\/v2\/types\/post"}],"author":[{"embeddable":true,"href":"https:\/\/pmza.sk\/index.php?rest_route=\/wp\/v2\/users\/2"}],"replies":[{"embeddable":true,"href":"https:\/\/pmza.sk\/index.php?rest_route=%2Fwp%2Fv2%2Fcomments&post=55051"}],"version-history":[{"count":0,"href":"https:\/\/pmza.sk\/index.php?rest_route=\/wp\/v2\/posts\/55051\/revisions"}],"wp:featuredmedia":[{"embeddable":true,"href":"https:\/\/pmza.sk\/index.php?rest_route=\/wp\/v2\/media\/55052"}],"wp:attachment":[{"href":"https:\/\/pmza.sk\/index.php?rest_route=%2Fwp%2Fv2%2Fmedia&parent=55051"}],"wp:term":[{"taxonomy":"category","embeddable":true,"href":"https:\/\/pmza.sk\/index.php?rest_route=%2Fwp%2Fv2%2Fcategories&post=55051"},{"taxonomy":"post_tag","embeddable":true,"href":"https:\/\/pmza.sk\/index.php?rest_route=%2Fwp%2Fv2%2Ftags&post=55051"}],"curies":[{"name":"wp","href":"https:\/\/api.w.org\/{rel}","templated":true}]}}