{"id":55129,"date":"2023-02-16T09:26:09","date_gmt":"2023-02-16T08:26:09","guid":{"rendered":"https:\/\/pmza.sk\/?p=55129"},"modified":"2023-03-20T07:37:48","modified_gmt":"2023-03-20T06:37:48","slug":"janosik-legenda-oziva-2","status":"publish","type":"post","link":"https:\/\/pmza.sk\/?p=55129","title":{"rendered":"J\u00e1no\u0161\u00edk \u2013 legenda o\u017e\u00edva"},"content":{"rendered":"<p>18. marca sa bud\u00fa m\u00f4c\u0165 n\u00e1v\u0161tevn\u00edci na\u0161ej terchovskej expoz\u00edcie stretn\u00fa\u0165 s J\u00e1no\u0161\u00edkom, a to po\u010das \u0161peci\u00e1lneho programu, ktor\u00fd pripravujeme pri pr\u00edle\u017eitosti 310. v\u00fdro\u010dia jeho ods\u00fadenia. Divadelno-hrav\u00e9 zoskupenie RAZCA o\u017eiv\u00ed expoz\u00edciu hran\u00fdmi sc\u00e9nkami s najd\u00f4le\u017eitej\u0161\u00edmi udalos\u0165ami zo \u017eivota zbojn\u00edckeho kapit\u00e1na. <em>,,O Jurajovi J\u00e1no\u0161\u00edkovi bolo nap\u00edsan\u00fdch ve\u013ea divadeln\u00fdch hier a nato\u010den\u00fdch mno\u017estvo filmov. My sme sa rozhodli prinies\u0165 n\u00e1\u0161 vlastn\u00fd poh\u013ead na najzn\u00e1mej\u0161ieho slovensk\u00e9ho zbojn\u00edka, zalo\u017een\u00fd na dostupn\u00fdch inform\u00e1ci\u00e1ch a z ve\u013ekej \u010dasti na na\u0161ej fant\u00e1zii. N\u00e1\u0161 pr\u00edbeh zachyt\u00e1va \u017eivot terchovsk\u00e9ho rod\u00e1ka od jeho narodenia a\u017e po smr\u0165. V kr\u00e1tkych sc\u00e9nkach vystupuje okrem Juraja aj jeho mil\u00e1 Ani\u010dka, kr\u010dm\u00e1rka z Terchovej, gr\u00f3fka z hradu Stre\u010dno a podstatn\u00fa \u00falohu zohr\u00e1va kmotra Zubat\u00e1, ktor\u00e1 je z\u00e1rove\u0148 rozpr\u00e1va\u010dom pr\u00edbehu,\u201c<\/em> hovor\u00ed Katar\u00edna Mar\u0161alov\u00e1, autorka scen\u00e1ra a \u010dlenka divadelno-hrav\u00e9ho zoskupenia RAZCA. <em>,,Pozorn\u00e9mu oku a najm\u00e4 uchu n\u00e1v\u0161tevn\u00edkov zaiste neujde, \u017ee sme do n\u00e1\u0161ho pr\u00edbehu zakomponovali v\u0161etk\u00fdch \u0161es\u0165 expoz\u00edci\u00ed Pova\u017esk\u00e9ho m\u00fazea,\u201c<\/em> dod\u00e1va s \u00fasmevom.<\/p>\n<p>S\u00fa\u010das\u0165ou podujatia bude uvedenie nov\u00e9ho kr\u00e1tkeho dokument\u00e1rneho filmu zachyt\u00e1vaj\u00faceho nielen \u017eivotn\u00fd pr\u00edbeh J\u00e1no\u0161\u00edka, ale aj dobu, v\u00a0ktorej \u017eil. Film nahrad\u00ed ten p\u00f4vodn\u00fd a\u00a0stane sa s\u00fa\u010das\u0165ou expoz\u00edcie. Okrem toho sa m\u00f4\u017eu n\u00e1v\u0161tevn\u00edci prejs\u0165 expoz\u00edciou, ktor\u00e1 je rozdelen\u00e1 do viacer\u00fdch \u010dast\u00ed. Tie\u00a0predstavuj\u00fa hist\u00f3riu a\u00a0n\u00e1rodopis obce Terchov\u00e1 \u2013 vidie\u0165 m\u00f4\u017eu uk\u00e1\u017eku tradi\u010dnej izby, expon\u00e1ty spojen\u00e9 so sala\u0161n\u00edctvom, tradi\u010dn\u00fdm b\u00fdvan\u00edm \u010di terchovskou muzikou. \u010eal\u0161ia \u010das\u0165 expoz\u00edcie je samozrejme venovan\u00e1 Jurajovi J\u00e1no\u0161\u00edkovi. T\u00e1 dokumentuje nielen jeho \u017eivot a\u00a0smr\u0165, ale aj j\u00e1no\u0161\u00edkovsk\u00fd odkaz v\u00a0kult\u00fare.<\/p>\n<p>\u010casy jednotliv\u00fdch vstupov s hran\u00fdmi sc\u00e9nkami bud\u00fa o 10.30, 13.00 a 14.30 hod. Z\u00e1kladn\u00e9 vstupn\u00e9 bude 6 \u20ac, z\u013eavnen\u00e9 3 \u20ac. Viac inform\u00e1ci\u00ed o podujat\u00ed n\u00e1jdete na: <a href=\"https:\/\/www.pmza.sk\/\">www.pmza.sk<\/a>.<\/p>\n<div class=\"wp-block-image\"><img fetchpriority=\"high\" decoding=\"async\" class=\"alignnone size-medium wp-image-55125\" src=\"https:\/\/pmza.sk\/wp-content\/uploads\/2023\/02\/Janosik_vseobecny_K1-255x360.jpg\" alt=\"\" width=\"255\" height=\"360\" srcset=\"https:\/\/pmza.sk\/wp-content\/uploads\/2023\/02\/Janosik_vseobecny_K1-255x360.jpg 255w, https:\/\/pmza.sk\/wp-content\/uploads\/2023\/02\/Janosik_vseobecny_K1-520x736.jpg 520w, https:\/\/pmza.sk\/wp-content\/uploads\/2023\/02\/Janosik_vseobecny_K1-768x1086.jpg 768w, https:\/\/pmza.sk\/wp-content\/uploads\/2023\/02\/Janosik_vseobecny_K1-1086x1536.jpg 1086w, https:\/\/pmza.sk\/wp-content\/uploads\/2023\/02\/Janosik_vseobecny_K1-1448x2048.jpg 1448w, https:\/\/pmza.sk\/wp-content\/uploads\/2023\/02\/Janosik_vseobecny_K1-600x849.jpg 600w, https:\/\/pmza.sk\/wp-content\/uploads\/2023\/02\/Janosik_vseobecny_K1-scaled.jpg 1810w\" sizes=\"(max-width: 255px) 100vw, 255px\" \/><\/div>\n<div>Plag\u00e1t v plnej ve\u013ekosti <a href=\"https:\/\/pmza.sk\/wp-content\/uploads\/2023\/02\/Janosik_vseobecny_K1.pdf\">TU<\/a><\/div>\n<p>&nbsp;<\/p>\n","protected":false},"excerpt":{"rendered":"<p>18. marca sa bud\u00fa m\u00f4c\u0165 n\u00e1v\u0161tevn\u00edci na\u0161ej terchovskej expoz\u00edcie stretn\u00fa\u0165 s J\u00e1no\u0161\u00edkom, a to po\u010das \u0161peci\u00e1lneho programu, ktor\u00fd pripravujeme pri pr\u00edle\u017eitosti 310. v\u00fdro\u010dia jeho ods\u00fadenia. Divadelno-hrav\u00e9 zoskupenie RAZCA o\u017eiv\u00ed expoz\u00edciu hran\u00fdmi sc\u00e9nkami s najd\u00f4le\u017eitej\u0161\u00edmi udalos\u0165ami zo \u017eivota zbojn\u00edckeho kapit\u00e1na. ,,O Jurajovi J\u00e1no\u0161\u00edkovi bolo nap\u00edsan\u00fdch ve\u013ea divadeln\u00fdch hier a nato\u010den\u00fdch mno\u017estvo filmov. My sme sa rozhodli [&hellip;]<\/p>\n","protected":false},"author":2,"featured_media":55127,"comment_status":"open","ping_status":"open","sticky":false,"template":"","format":"standard","meta":{"site-sidebar-layout":"default","site-content-layout":"default","ast-site-content-layout":"","site-content-style":"default","site-sidebar-style":"default","ast-global-header-display":"","ast-banner-title-visibility":"","ast-main-header-display":"","ast-hfb-above-header-display":"","ast-hfb-below-header-display":"","ast-hfb-mobile-header-display":"","site-post-title":"","ast-breadcrumbs-content":"","ast-featured-img":"","footer-sml-layout":"","theme-transparent-header-meta":"default","adv-header-id-meta":"","stick-header-meta":"default","header-above-stick-meta":"","header-main-stick-meta":"","header-below-stick-meta":"","astra-migrate-meta-layouts":"default","ast-page-background-enabled":"default","ast-page-background-meta":{"desktop":{"background-color":"var(--ast-global-color-4)","background-image":"","background-repeat":"repeat","background-position":"center center","background-size":"auto","background-attachment":"scroll","background-type":"","background-media":"","overlay-type":"","overlay-color":"","overlay-opacity":"","overlay-gradient":""},"tablet":{"background-color":"","background-image":"","background-repeat":"repeat","background-position":"center center","background-size":"auto","background-attachment":"scroll","background-type":"","background-media":"","overlay-type":"","overlay-color":"","overlay-opacity":"","overlay-gradient":""},"mobile":{"background-color":"","background-image":"","background-repeat":"repeat","background-position":"center center","background-size":"auto","background-attachment":"scroll","background-type":"","background-media":"","overlay-type":"","overlay-color":"","overlay-opacity":"","overlay-gradient":""}},"ast-content-background-meta":{"desktop":{"background-color":"var(--ast-global-color-5)","background-image":"","background-repeat":"repeat","background-position":"center center","background-size":"auto","background-attachment":"scroll","background-type":"","background-media":"","overlay-type":"","overlay-color":"","overlay-opacity":"","overlay-gradient":""},"tablet":{"background-color":"var(--ast-global-color-5)","background-image":"","background-repeat":"repeat","background-position":"center center","background-size":"auto","background-attachment":"scroll","background-type":"","background-media":"","overlay-type":"","overlay-color":"","overlay-opacity":"","overlay-gradient":""},"mobile":{"background-color":"var(--ast-global-color-5)","background-image":"","background-repeat":"repeat","background-position":"center center","background-size":"auto","background-attachment":"scroll","background-type":"","background-media":"","overlay-type":"","overlay-color":"","overlay-opacity":"","overlay-gradient":""}},"footnotes":""},"categories":[71],"tags":[],"class_list":["post-55129","post","type-post","status-publish","format-standard","has-post-thumbnail","hentry","category-podujatia"],"yoast_head":"<!-- This site is optimized with the Yoast SEO plugin v27.4 - https:\/\/yoast.com\/product\/yoast-seo-wordpress\/ -->\n<title>J\u00e1no\u0161\u00edk \u2013 legenda o\u017e\u00edva - Pova\u017esk\u00e9 m\u00fazeum<\/title>\n<meta name=\"robots\" content=\"index, follow, max-snippet:-1, max-image-preview:large, max-video-preview:-1\" \/>\n<link rel=\"canonical\" href=\"https:\/\/pmza.sk\/?p=55129\" \/>\n<meta property=\"og:locale\" content=\"sk_SK\" \/>\n<meta property=\"og:type\" content=\"article\" \/>\n<meta property=\"og:title\" content=\"J\u00e1no\u0161\u00edk \u2013 legenda o\u017e\u00edva - Pova\u017esk\u00e9 m\u00fazeum\" \/>\n<meta property=\"og:description\" content=\"18. marca sa bud\u00fa m\u00f4c\u0165 n\u00e1v\u0161tevn\u00edci na\u0161ej terchovskej expoz\u00edcie stretn\u00fa\u0165 s J\u00e1no\u0161\u00edkom, a to po\u010das \u0161peci\u00e1lneho programu, ktor\u00fd pripravujeme pri pr\u00edle\u017eitosti 310. v\u00fdro\u010dia jeho ods\u00fadenia. Divadelno-hrav\u00e9 zoskupenie RAZCA o\u017eiv\u00ed expoz\u00edciu hran\u00fdmi sc\u00e9nkami s najd\u00f4le\u017eitej\u0161\u00edmi udalos\u0165ami zo \u017eivota zbojn\u00edckeho kapit\u00e1na. ,,O Jurajovi J\u00e1no\u0161\u00edkovi bolo nap\u00edsan\u00fdch ve\u013ea divadeln\u00fdch hier a nato\u010den\u00fdch mno\u017estvo filmov. My sme sa rozhodli [&hellip;]\" \/>\n<meta property=\"og:url\" content=\"https:\/\/pmza.sk\/?p=55129\" \/>\n<meta property=\"og:site_name\" content=\"Pova\u017esk\u00e9 m\u00fazeum\" \/>\n<meta property=\"article:publisher\" content=\"https:\/\/www.facebook.com\/povazskemuzeum\" \/>\n<meta property=\"article:published_time\" content=\"2023-02-16T08:26:09+00:00\" \/>\n<meta property=\"article:modified_time\" content=\"2023-03-20T06:37:48+00:00\" \/>\n<meta property=\"og:image\" content=\"https:\/\/pmza.sk\/wp-content\/uploads\/2023\/02\/Janosik_vseobecny_WEB_K1-scaled.jpg\" \/>\n\t<meta property=\"og:image:width\" content=\"2560\" \/>\n\t<meta property=\"og:image:height\" content=\"2560\" \/>\n\t<meta property=\"og:image:type\" content=\"image\/jpeg\" \/>\n<meta name=\"author\" content=\"Pova\u017esk\u00e9 m\u00fazeum\" \/>\n<meta name=\"twitter:card\" content=\"summary_large_image\" \/>\n<meta name=\"twitter:label1\" content=\"Autor\" \/>\n\t<meta name=\"twitter:data1\" content=\"Pova\u017esk\u00e9 m\u00fazeum\" \/>\n\t<meta name=\"twitter:label2\" content=\"Predpokladan\u00fd \u010das \u010d\u00edtania\" \/>\n\t<meta name=\"twitter:data2\" content=\"2 min\u00faty\" \/>\n<script type=\"application\/ld+json\" class=\"yoast-schema-graph\">{\"@context\":\"https:\\\/\\\/schema.org\",\"@graph\":[{\"@type\":\"Article\",\"@id\":\"https:\\\/\\\/pmza.sk\\\/?p=55129#article\",\"isPartOf\":{\"@id\":\"https:\\\/\\\/pmza.sk\\\/?p=55129\"},\"author\":{\"name\":\"Pova\u017esk\u00e9 m\u00fazeum\",\"@id\":\"https:\\\/\\\/pmza.sk\\\/#\\\/schema\\\/person\\\/595e6a2ce731ea94dcd5d7f50a41ae33\"},\"headline\":\"J\u00e1no\u0161\u00edk \u2013 legenda o\u017e\u00edva\",\"datePublished\":\"2023-02-16T08:26:09+00:00\",\"dateModified\":\"2023-03-20T06:37:48+00:00\",\"mainEntityOfPage\":{\"@id\":\"https:\\\/\\\/pmza.sk\\\/?p=55129\"},\"wordCount\":389,\"commentCount\":0,\"publisher\":{\"@id\":\"https:\\\/\\\/pmza.sk\\\/#organization\"},\"image\":{\"@id\":\"https:\\\/\\\/pmza.sk\\\/?p=55129#primaryimage\"},\"thumbnailUrl\":\"https:\\\/\\\/pmza.sk\\\/wp-content\\\/uploads\\\/2023\\\/02\\\/Janosik_vseobecny_WEB_K1-scaled.jpg\",\"articleSection\":[\"Podujatia\"],\"inLanguage\":\"sk-SK\"},{\"@type\":\"WebPage\",\"@id\":\"https:\\\/\\\/pmza.sk\\\/?p=55129\",\"url\":\"https:\\\/\\\/pmza.sk\\\/?p=55129\",\"name\":\"J\u00e1no\u0161\u00edk \u2013 legenda o\u017e\u00edva - Pova\u017esk\u00e9 m\u00fazeum\",\"isPartOf\":{\"@id\":\"https:\\\/\\\/pmza.sk\\\/#website\"},\"primaryImageOfPage\":{\"@id\":\"https:\\\/\\\/pmza.sk\\\/?p=55129#primaryimage\"},\"image\":{\"@id\":\"https:\\\/\\\/pmza.sk\\\/?p=55129#primaryimage\"},\"thumbnailUrl\":\"https:\\\/\\\/pmza.sk\\\/wp-content\\\/uploads\\\/2023\\\/02\\\/Janosik_vseobecny_WEB_K1-scaled.jpg\",\"datePublished\":\"2023-02-16T08:26:09+00:00\",\"dateModified\":\"2023-03-20T06:37:48+00:00\",\"breadcrumb\":{\"@id\":\"https:\\\/\\\/pmza.sk\\\/?p=55129#breadcrumb\"},\"inLanguage\":\"sk-SK\",\"potentialAction\":[{\"@type\":\"ReadAction\",\"target\":[\"https:\\\/\\\/pmza.sk\\\/?p=55129\"]}]},{\"@type\":\"ImageObject\",\"inLanguage\":\"sk-SK\",\"@id\":\"https:\\\/\\\/pmza.sk\\\/?p=55129#primaryimage\",\"url\":\"https:\\\/\\\/pmza.sk\\\/wp-content\\\/uploads\\\/2023\\\/02\\\/Janosik_vseobecny_WEB_K1-scaled.jpg\",\"contentUrl\":\"https:\\\/\\\/pmza.sk\\\/wp-content\\\/uploads\\\/2023\\\/02\\\/Janosik_vseobecny_WEB_K1-scaled.jpg\",\"width\":2560,\"height\":2560},{\"@type\":\"BreadcrumbList\",\"@id\":\"https:\\\/\\\/pmza.sk\\\/?p=55129#breadcrumb\",\"itemListElement\":[{\"@type\":\"ListItem\",\"position\":1,\"name\":\"Domovsk\u00e1 str\u00e1nka\",\"item\":\"https:\\\/\\\/pmza.sk\\\/\"},{\"@type\":\"ListItem\",\"position\":2,\"name\":\"J\u00e1no\u0161\u00edk \u2013 legenda o\u017e\u00edva\"}]},{\"@type\":\"WebSite\",\"@id\":\"https:\\\/\\\/pmza.sk\\\/#website\",\"url\":\"https:\\\/\\\/pmza.sk\\\/\",\"name\":\"Pova\u017esk\u00e9 m\u00fazeum\",\"description\":\"Pova\u017esk\u00e9 m\u00fazeum v \u017diline je region\u00e1lne m\u00fazeum so s\u00eddlom v Budat\u00edne. Jeho expoz\u00edcie s\u00fa zameran\u00e9 na dejiny slovensk\u00e9ho umenia, kult\u00fary a dopravy.\",\"publisher\":{\"@id\":\"https:\\\/\\\/pmza.sk\\\/#organization\"},\"potentialAction\":[{\"@type\":\"SearchAction\",\"target\":{\"@type\":\"EntryPoint\",\"urlTemplate\":\"https:\\\/\\\/pmza.sk\\\/?s={search_term_string}\"},\"query-input\":{\"@type\":\"PropertyValueSpecification\",\"valueRequired\":true,\"valueName\":\"search_term_string\"}}],\"inLanguage\":\"sk-SK\"},{\"@type\":\"Organization\",\"@id\":\"https:\\\/\\\/pmza.sk\\\/#organization\",\"name\":\"Pova\u017esk\u00e9 m\u00fazeum\",\"url\":\"https:\\\/\\\/pmza.sk\\\/\",\"logo\":{\"@type\":\"ImageObject\",\"inLanguage\":\"sk-SK\",\"@id\":\"https:\\\/\\\/pmza.sk\\\/#\\\/schema\\\/logo\\\/image\\\/\",\"url\":\"https:\\\/\\\/pmza.sk\\\/wp-content\\\/uploads\\\/2022\\\/01\\\/logo_PM_horizontal.jpg\",\"contentUrl\":\"https:\\\/\\\/pmza.sk\\\/wp-content\\\/uploads\\\/2022\\\/01\\\/logo_PM_horizontal.jpg\",\"width\":231,\"height\":142,\"caption\":\"Pova\u017esk\u00e9 m\u00fazeum\"},\"image\":{\"@id\":\"https:\\\/\\\/pmza.sk\\\/#\\\/schema\\\/logo\\\/image\\\/\"},\"sameAs\":[\"https:\\\/\\\/www.facebook.com\\\/povazskemuzeum\",\"https:\\\/\\\/www.instagram.com\\\/povazskemuzeum\\\/\"]},{\"@type\":\"Person\",\"@id\":\"https:\\\/\\\/pmza.sk\\\/#\\\/schema\\\/person\\\/595e6a2ce731ea94dcd5d7f50a41ae33\",\"name\":\"Pova\u017esk\u00e9 m\u00fazeum\",\"image\":{\"@type\":\"ImageObject\",\"inLanguage\":\"sk-SK\",\"@id\":\"https:\\\/\\\/secure.gravatar.com\\\/avatar\\\/2bb7f1561282132fb5826dfeccc66c7996d11ee392ac6aaf7ced8a1c2027fbb2?s=96&d=mm&r=g\",\"url\":\"https:\\\/\\\/secure.gravatar.com\\\/avatar\\\/2bb7f1561282132fb5826dfeccc66c7996d11ee392ac6aaf7ced8a1c2027fbb2?s=96&d=mm&r=g\",\"contentUrl\":\"https:\\\/\\\/secure.gravatar.com\\\/avatar\\\/2bb7f1561282132fb5826dfeccc66c7996d11ee392ac6aaf7ced8a1c2027fbb2?s=96&d=mm&r=g\",\"caption\":\"Pova\u017esk\u00e9 m\u00fazeum\"}}]}<\/script>\n<!-- \/ Yoast SEO plugin. -->","yoast_head_json":{"title":"J\u00e1no\u0161\u00edk \u2013 legenda o\u017e\u00edva - Pova\u017esk\u00e9 m\u00fazeum","robots":{"index":"index","follow":"follow","max-snippet":"max-snippet:-1","max-image-preview":"max-image-preview:large","max-video-preview":"max-video-preview:-1"},"canonical":"https:\/\/pmza.sk\/?p=55129","og_locale":"sk_SK","og_type":"article","og_title":"J\u00e1no\u0161\u00edk \u2013 legenda o\u017e\u00edva - Pova\u017esk\u00e9 m\u00fazeum","og_description":"18. marca sa bud\u00fa m\u00f4c\u0165 n\u00e1v\u0161tevn\u00edci na\u0161ej terchovskej expoz\u00edcie stretn\u00fa\u0165 s J\u00e1no\u0161\u00edkom, a to po\u010das \u0161peci\u00e1lneho programu, ktor\u00fd pripravujeme pri pr\u00edle\u017eitosti 310. v\u00fdro\u010dia jeho ods\u00fadenia. Divadelno-hrav\u00e9 zoskupenie RAZCA o\u017eiv\u00ed expoz\u00edciu hran\u00fdmi sc\u00e9nkami s najd\u00f4le\u017eitej\u0161\u00edmi udalos\u0165ami zo \u017eivota zbojn\u00edckeho kapit\u00e1na. ,,O Jurajovi J\u00e1no\u0161\u00edkovi bolo nap\u00edsan\u00fdch ve\u013ea divadeln\u00fdch hier a nato\u010den\u00fdch mno\u017estvo filmov. My sme sa rozhodli [&hellip;]","og_url":"https:\/\/pmza.sk\/?p=55129","og_site_name":"Pova\u017esk\u00e9 m\u00fazeum","article_publisher":"https:\/\/www.facebook.com\/povazskemuzeum","article_published_time":"2023-02-16T08:26:09+00:00","article_modified_time":"2023-03-20T06:37:48+00:00","og_image":[{"width":2560,"height":2560,"url":"https:\/\/pmza.sk\/wp-content\/uploads\/2023\/02\/Janosik_vseobecny_WEB_K1-scaled.jpg","type":"image\/jpeg"}],"author":"Pova\u017esk\u00e9 m\u00fazeum","twitter_card":"summary_large_image","twitter_misc":{"Autor":"Pova\u017esk\u00e9 m\u00fazeum","Predpokladan\u00fd \u010das \u010d\u00edtania":"2 min\u00faty"},"schema":{"@context":"https:\/\/schema.org","@graph":[{"@type":"Article","@id":"https:\/\/pmza.sk\/?p=55129#article","isPartOf":{"@id":"https:\/\/pmza.sk\/?p=55129"},"author":{"name":"Pova\u017esk\u00e9 m\u00fazeum","@id":"https:\/\/pmza.sk\/#\/schema\/person\/595e6a2ce731ea94dcd5d7f50a41ae33"},"headline":"J\u00e1no\u0161\u00edk \u2013 legenda o\u017e\u00edva","datePublished":"2023-02-16T08:26:09+00:00","dateModified":"2023-03-20T06:37:48+00:00","mainEntityOfPage":{"@id":"https:\/\/pmza.sk\/?p=55129"},"wordCount":389,"commentCount":0,"publisher":{"@id":"https:\/\/pmza.sk\/#organization"},"image":{"@id":"https:\/\/pmza.sk\/?p=55129#primaryimage"},"thumbnailUrl":"https:\/\/pmza.sk\/wp-content\/uploads\/2023\/02\/Janosik_vseobecny_WEB_K1-scaled.jpg","articleSection":["Podujatia"],"inLanguage":"sk-SK"},{"@type":"WebPage","@id":"https:\/\/pmza.sk\/?p=55129","url":"https:\/\/pmza.sk\/?p=55129","name":"J\u00e1no\u0161\u00edk \u2013 legenda o\u017e\u00edva - Pova\u017esk\u00e9 m\u00fazeum","isPartOf":{"@id":"https:\/\/pmza.sk\/#website"},"primaryImageOfPage":{"@id":"https:\/\/pmza.sk\/?p=55129#primaryimage"},"image":{"@id":"https:\/\/pmza.sk\/?p=55129#primaryimage"},"thumbnailUrl":"https:\/\/pmza.sk\/wp-content\/uploads\/2023\/02\/Janosik_vseobecny_WEB_K1-scaled.jpg","datePublished":"2023-02-16T08:26:09+00:00","dateModified":"2023-03-20T06:37:48+00:00","breadcrumb":{"@id":"https:\/\/pmza.sk\/?p=55129#breadcrumb"},"inLanguage":"sk-SK","potentialAction":[{"@type":"ReadAction","target":["https:\/\/pmza.sk\/?p=55129"]}]},{"@type":"ImageObject","inLanguage":"sk-SK","@id":"https:\/\/pmza.sk\/?p=55129#primaryimage","url":"https:\/\/pmza.sk\/wp-content\/uploads\/2023\/02\/Janosik_vseobecny_WEB_K1-scaled.jpg","contentUrl":"https:\/\/pmza.sk\/wp-content\/uploads\/2023\/02\/Janosik_vseobecny_WEB_K1-scaled.jpg","width":2560,"height":2560},{"@type":"BreadcrumbList","@id":"https:\/\/pmza.sk\/?p=55129#breadcrumb","itemListElement":[{"@type":"ListItem","position":1,"name":"Domovsk\u00e1 str\u00e1nka","item":"https:\/\/pmza.sk\/"},{"@type":"ListItem","position":2,"name":"J\u00e1no\u0161\u00edk \u2013 legenda o\u017e\u00edva"}]},{"@type":"WebSite","@id":"https:\/\/pmza.sk\/#website","url":"https:\/\/pmza.sk\/","name":"Pova\u017esk\u00e9 m\u00fazeum","description":"Pova\u017esk\u00e9 m\u00fazeum v \u017diline je region\u00e1lne m\u00fazeum so s\u00eddlom v Budat\u00edne. Jeho expoz\u00edcie s\u00fa zameran\u00e9 na dejiny slovensk\u00e9ho umenia, kult\u00fary a dopravy.","publisher":{"@id":"https:\/\/pmza.sk\/#organization"},"potentialAction":[{"@type":"SearchAction","target":{"@type":"EntryPoint","urlTemplate":"https:\/\/pmza.sk\/?s={search_term_string}"},"query-input":{"@type":"PropertyValueSpecification","valueRequired":true,"valueName":"search_term_string"}}],"inLanguage":"sk-SK"},{"@type":"Organization","@id":"https:\/\/pmza.sk\/#organization","name":"Pova\u017esk\u00e9 m\u00fazeum","url":"https:\/\/pmza.sk\/","logo":{"@type":"ImageObject","inLanguage":"sk-SK","@id":"https:\/\/pmza.sk\/#\/schema\/logo\/image\/","url":"https:\/\/pmza.sk\/wp-content\/uploads\/2022\/01\/logo_PM_horizontal.jpg","contentUrl":"https:\/\/pmza.sk\/wp-content\/uploads\/2022\/01\/logo_PM_horizontal.jpg","width":231,"height":142,"caption":"Pova\u017esk\u00e9 m\u00fazeum"},"image":{"@id":"https:\/\/pmza.sk\/#\/schema\/logo\/image\/"},"sameAs":["https:\/\/www.facebook.com\/povazskemuzeum","https:\/\/www.instagram.com\/povazskemuzeum\/"]},{"@type":"Person","@id":"https:\/\/pmza.sk\/#\/schema\/person\/595e6a2ce731ea94dcd5d7f50a41ae33","name":"Pova\u017esk\u00e9 m\u00fazeum","image":{"@type":"ImageObject","inLanguage":"sk-SK","@id":"https:\/\/secure.gravatar.com\/avatar\/2bb7f1561282132fb5826dfeccc66c7996d11ee392ac6aaf7ced8a1c2027fbb2?s=96&d=mm&r=g","url":"https:\/\/secure.gravatar.com\/avatar\/2bb7f1561282132fb5826dfeccc66c7996d11ee392ac6aaf7ced8a1c2027fbb2?s=96&d=mm&r=g","contentUrl":"https:\/\/secure.gravatar.com\/avatar\/2bb7f1561282132fb5826dfeccc66c7996d11ee392ac6aaf7ced8a1c2027fbb2?s=96&d=mm&r=g","caption":"Pova\u017esk\u00e9 m\u00fazeum"}}]}},"_links":{"self":[{"href":"https:\/\/pmza.sk\/index.php?rest_route=\/wp\/v2\/posts\/55129","targetHints":{"allow":["GET"]}}],"collection":[{"href":"https:\/\/pmza.sk\/index.php?rest_route=\/wp\/v2\/posts"}],"about":[{"href":"https:\/\/pmza.sk\/index.php?rest_route=\/wp\/v2\/types\/post"}],"author":[{"embeddable":true,"href":"https:\/\/pmza.sk\/index.php?rest_route=\/wp\/v2\/users\/2"}],"replies":[{"embeddable":true,"href":"https:\/\/pmza.sk\/index.php?rest_route=%2Fwp%2Fv2%2Fcomments&post=55129"}],"version-history":[{"count":0,"href":"https:\/\/pmza.sk\/index.php?rest_route=\/wp\/v2\/posts\/55129\/revisions"}],"wp:featuredmedia":[{"embeddable":true,"href":"https:\/\/pmza.sk\/index.php?rest_route=\/wp\/v2\/media\/55127"}],"wp:attachment":[{"href":"https:\/\/pmza.sk\/index.php?rest_route=%2Fwp%2Fv2%2Fmedia&parent=55129"}],"wp:term":[{"taxonomy":"category","embeddable":true,"href":"https:\/\/pmza.sk\/index.php?rest_route=%2Fwp%2Fv2%2Fcategories&post=55129"},{"taxonomy":"post_tag","embeddable":true,"href":"https:\/\/pmza.sk\/index.php?rest_route=%2Fwp%2Fv2%2Ftags&post=55129"}],"curies":[{"name":"wp","href":"https:\/\/api.w.org\/{rel}","templated":true}]}}