{"id":5524,"date":"2012-05-09T11:46:50","date_gmt":"2012-05-09T09:46:50","guid":{"rendered":"https:\/\/pmza.sk.sk\/?p=5524"},"modified":"2012-05-09T11:46:50","modified_gmt":"2012-05-09T09:46:50","slug":"v-areali-budatinskeho-hradu-budu-onedlho-vystavovat-masozrave-rastliny","status":"publish","type":"post","link":"https:\/\/pmza.sk\/?p=5524","title":{"rendered":"V are\u00e1li Budat\u00ednskeho hradu bud\u00fa onedlho vystavova\u0165 m\u00e4so\u017erav\u00e9 rastliny"},"content":{"rendered":"<p><strong><\/strong><a href=\"https:\/\/pmza.sk\/wp-content\/uploads\/2012\/05\/z-vystav-kvetin-a-skalniciek-2.jpg\"><img fetchpriority=\"high\" decoding=\"async\" class=\"alignleft size-medium wp-image-5527\" style=\"margin: 4px; border: 2px solid black;\" title=\"z vystav kvetin a skalniciek 2\" src=\"https:\/\/pmza.sk.sk\/wp-content\/uploads\/2012\/05\/z-vystav-kvetin-a-skalniciek-2-300x204.jpg\" alt=\"foto z vystavy kvetin a skalniciek\" width=\"300\" height=\"204\" \/><\/a><span style=\"color: #ff0000;\"><\/span>Viac ako dvadsa\u0165 slovensk\u00fdch a\u00a0\u010desk\u00fdch vystavovate\u013eov byl\u00edn, drev\u00edn, bonsajov, kaktusov, tillandsi\u00ed a\u00a0m\u00e4so\u017erav\u00fdch rastl\u00edn sa bude v\u00a0are\u00e1li Budat\u00ednskeho hradu prezentova\u0165 na prvom ro\u010dn\u00edku v\u00fdstavy pod n\u00e1zvom <strong>Jarn\u00e1 kr\u00e1sa. \u201e<\/strong><em>V \u017eilinskom kraji je tento druh v\u00fdstavy<strong> <\/strong>sk\u00f4r raritou ako samozrejmos\u0165ou. My\u0161lienka vznikla v\u00a0roku 2005 so vznikom OZ Mal\u00e1 Fatra. Prv\u00e1 v\u00fdstava sa\u00a0konala v\u00a0roku 2006, kedy v\u00a0spolupr\u00e1ci so SO\u0160 po\u013enohospod\u00e1rstva a\u00a0slu\u017eieb na vidieku v\u00a0\u017diline, dostali region\u00e1lni vystavovatelia pr\u00edle\u017eitos\u0165 prezentova\u0165 svoju pr\u00e1cu a\u00a0umenie. V\u00fdstavy sa ka\u017ed\u00fdm rokom stali ob\u013e\u00faben\u00fdm a\u00a0vyh\u013ead\u00e1van\u00fdm miestom aj pre milovn\u00edkov kvet\u00edn a\u00a0z\u00e1hradn\u00edctva, o\u00a0\u010dom sved\u010d\u00ed narastaj\u00faci z\u00e1ujem n\u00e1v\u0161tevnosti a\u00a0po\u010dtu vystavovate\u013eov<\/em>,\u201c na \u00favod povedala Darina Funt\u00edkov\u00e1, predsedky\u0148a OZ Mal\u00e1 Fatra a\u00a0organiz\u00e1torka v\u00fdstavy.<!--more--><\/p>\n<p>Are\u00e1l Budat\u00ednskeho hradu bude v\u00a0d\u0148och <strong>18. a\u017e 20. m\u00e1ja 2012<\/strong> rozkvita\u0165 nielen absol\u00fatnou vystavovate\u013eskou novinkou ako s\u00fa m\u00e4so\u017erav\u00e9 rastliny, ale najm\u00e4 letni\u010dkami, tillandsiami, skalni\u010dkami, minidrevinami, vodn\u00fdmi rastlinami, kaktusmi, bonsajmi \u010di trvalkami. \u201e <em>V\u00fdnimo\u010dn\u00fd rozmer tohto podujatia bude jednak v\u00a0in\u0161tal\u00e1ci\u00ed exotick\u00fdch kvetov, ale aj v\u00a0mno\u017estve sprievodn\u00fdch aktiv\u00edt, ktor\u00e9 ur\u010dite ocenia aj be\u017en\u00ed n\u00e1v\u0161tevn\u00edci Budat\u00ednskeho hradu a\u00a0parku, a\u00a0na ktor\u00fdch sa spolupodie\u013eala aj na\u0161a \u0161kola. Za v\u0161etky spomeniem napr\u00edklad porad\u0148u o\u00a0 projektovan\u00ed z\u00e1hrad<\/em>,\u201c dodal \u013dubom\u00edr Schvarc, riadite\u013e SO\u0160 po\u013enohospod\u00e1rstva a\u00a0slu\u017eieb na vidieku v\u00a0\u017diline a\u00a0jeden z\u00a0organiz\u00e1torov Jarnej kr\u00e1sy.<\/p>\n<p>Predn\u00e1\u0161ky a\u00a0poradne sa bud\u00fa kona\u0165 ka\u017ed\u00fd de\u0148 v\u00fdstavy od 9,00 hod. a\u017e do ve\u010dern\u00fdch hod\u00edn so zameran\u00edm na z\u00e1hradn\u00edctvo a\u00a0ochranu pr\u00edrody, pestovanie bonsajov, kaktusov, balk\u00f3nov\u00fdch a\u00a0okrasn\u00fdch rastl\u00edn, aran\u017eovanie kvet\u00edn, budovanie skaliek a\u00a0jazierok, o\u0161etrovanie rastl\u00edn v\u00a0z\u00e1hrad\u00e1ch, ale aj na tvarovanie drev\u00edn. Nemenej atrakt\u00edvnou s\u00fa\u010das\u0165ou podujatia bude v\u00fdstava tridsiatich ve\u013ekoform\u00e1tov\u00fdch fotografi\u00ed slovensk\u00fdch druhov orchide\u00ed fotografa Mateja \u017diaka.<\/p>\n<p>\u201e<em>Podujatie s\u00a0medzin\u00e1rodnou \u00fa\u010das\u0165ou Jarn\u00e1 kr\u00e1sa sa zara\u010fuje medzi \u010fal\u0161ie inovat\u00edvne formy tr\u00e1venia \u010dasu n\u00e1v\u0161tevn\u00edkov v\u00a0are\u00e1li Budat\u00ednskeho hradu a parku, a z\u00e1rove\u0148 m\u00e1 aj eduka\u010dn\u00fd rozmer. Bude pr\u00ednosom nielen pre z\u00e1ujemcov o dan\u00fa problematiku a pre laick\u00fa verejnos\u0165, ale aj pre \u0161kolsk\u00e9 z\u00e1jazdy ako zauj\u00edmav\u00e1 forma muze\u00e1lnej envirov\u00fdchovy,<\/em>\u201c zd\u00f4raznil Boris Schubert, riadite\u013e Pova\u017esk\u00e9ho m\u00fazea v\u00a0\u017diline, ktor\u00e9 are\u00e1l spravuje.<\/p>\n<p><strong> <\/strong>Organiz\u00e1torom medzin\u00e1rodnej v\u00fdstavy a\u00a0podujatia Jarn\u00e1 kr\u00e1sa v\u00a0d\u0148och 18. a\u017e 20. m\u00e1ja 2012 je OZ Mal\u00e1 Fatra, \u017dilinsk\u00fd samospr\u00e1vny kraj, SO\u0160 po\u013enohospod\u00e1rstva a\u00a0slu\u017eieb na vidieku v\u00a0\u017diline a\u00a0Pova\u017esk\u00e9 m\u00fazeum v\u00a0\u017diline. Z\u00e1\u0161titu nad v\u00fdstavou a\u00a0podujat\u00edm prevzal predseda \u017dilinsk\u00e9ho samospr\u00e1vneho kraja Juraj Blan\u00e1r.<\/p>\n","protected":false},"excerpt":{"rendered":"<p>Viac ako dvadsa\u0165 slovensk\u00fdch a\u00a0\u010desk\u00fdch vystavovate\u013eov byl\u00edn, drev\u00edn, bonsajov, kaktusov, tillandsi\u00ed a\u00a0m\u00e4so\u017erav\u00fdch rastl\u00edn sa bude v\u00a0are\u00e1li Budat\u00ednskeho hradu prezentova\u0165 na prvom ro\u010dn\u00edku v\u00fdstavy pod n\u00e1zvom Jarn\u00e1 kr\u00e1sa. \u201eV \u017eilinskom kraji je tento druh v\u00fdstavy sk\u00f4r raritou ako samozrejmos\u0165ou. My\u0161lienka vznikla v\u00a0roku 2005 so vznikom OZ Mal\u00e1 Fatra. Prv\u00e1 v\u00fdstava sa\u00a0konala v\u00a0roku 2006, kedy v\u00a0spolupr\u00e1ci so [&hellip;]<\/p>\n","protected":false},"author":2,"featured_media":0,"comment_status":"closed","ping_status":"closed","sticky":false,"template":"","format":"standard","meta":{"site-sidebar-layout":"default","site-content-layout":"","ast-site-content-layout":"","site-content-style":"default","site-sidebar-style":"default","ast-global-header-display":"","ast-banner-title-visibility":"","ast-main-header-display":"","ast-hfb-above-header-display":"","ast-hfb-below-header-display":"","ast-hfb-mobile-header-display":"","site-post-title":"","ast-breadcrumbs-content":"","ast-featured-img":"","footer-sml-layout":"","theme-transparent-header-meta":"","adv-header-id-meta":"","stick-header-meta":"","header-above-stick-meta":"","header-main-stick-meta":"","header-below-stick-meta":"","astra-migrate-meta-layouts":"default","ast-page-background-enabled":"default","ast-page-background-meta":{"desktop":{"background-color":"var(--ast-global-color-4)","background-image":"","background-repeat":"repeat","background-position":"center center","background-size":"auto","background-attachment":"scroll","background-type":"","background-media":"","overlay-type":"","overlay-color":"","overlay-opacity":"","overlay-gradient":""},"tablet":{"background-color":"","background-image":"","background-repeat":"repeat","background-position":"center center","background-size":"auto","background-attachment":"scroll","background-type":"","background-media":"","overlay-type":"","overlay-color":"","overlay-opacity":"","overlay-gradient":""},"mobile":{"background-color":"","background-image":"","background-repeat":"repeat","background-position":"center center","background-size":"auto","background-attachment":"scroll","background-type":"","background-media":"","overlay-type":"","overlay-color":"","overlay-opacity":"","overlay-gradient":""}},"ast-content-background-meta":{"desktop":{"background-color":"var(--ast-global-color-5)","background-image":"","background-repeat":"repeat","background-position":"center center","background-size":"auto","background-attachment":"scroll","background-type":"","background-media":"","overlay-type":"","overlay-color":"","overlay-opacity":"","overlay-gradient":""},"tablet":{"background-color":"var(--ast-global-color-5)","background-image":"","background-repeat":"repeat","background-position":"center center","background-size":"auto","background-attachment":"scroll","background-type":"","background-media":"","overlay-type":"","overlay-color":"","overlay-opacity":"","overlay-gradient":""},"mobile":{"background-color":"var(--ast-global-color-5)","background-image":"","background-repeat":"repeat","background-position":"center center","background-size":"auto","background-attachment":"scroll","background-type":"","background-media":"","overlay-type":"","overlay-color":"","overlay-opacity":"","overlay-gradient":""}},"footnotes":""},"categories":[32],"tags":[],"class_list":["post-5524","post","type-post","status-publish","format-standard","hentry","category-archiv-2012"],"yoast_head":"<!-- This site is optimized with the Yoast SEO plugin v27.4 - https:\/\/yoast.com\/product\/yoast-seo-wordpress\/ -->\n<title>V are\u00e1li Budat\u00ednskeho hradu bud\u00fa onedlho vystavova\u0165 m\u00e4so\u017erav\u00e9 rastliny - Pova\u017esk\u00e9 m\u00fazeum<\/title>\n<meta name=\"robots\" content=\"index, follow, max-snippet:-1, max-image-preview:large, max-video-preview:-1\" \/>\n<link rel=\"canonical\" href=\"https:\/\/pmza.sk\/?p=5524\" \/>\n<meta property=\"og:locale\" content=\"sk_SK\" \/>\n<meta property=\"og:type\" content=\"article\" \/>\n<meta property=\"og:title\" content=\"V are\u00e1li Budat\u00ednskeho hradu bud\u00fa onedlho vystavova\u0165 m\u00e4so\u017erav\u00e9 rastliny - Pova\u017esk\u00e9 m\u00fazeum\" \/>\n<meta property=\"og:description\" content=\"Viac ako dvadsa\u0165 slovensk\u00fdch a\u00a0\u010desk\u00fdch vystavovate\u013eov byl\u00edn, drev\u00edn, bonsajov, kaktusov, tillandsi\u00ed a\u00a0m\u00e4so\u017erav\u00fdch rastl\u00edn sa bude v\u00a0are\u00e1li Budat\u00ednskeho hradu prezentova\u0165 na prvom ro\u010dn\u00edku v\u00fdstavy pod n\u00e1zvom Jarn\u00e1 kr\u00e1sa. \u201eV \u017eilinskom kraji je tento druh v\u00fdstavy sk\u00f4r raritou ako samozrejmos\u0165ou. My\u0161lienka vznikla v\u00a0roku 2005 so vznikom OZ Mal\u00e1 Fatra. Prv\u00e1 v\u00fdstava sa\u00a0konala v\u00a0roku 2006, kedy v\u00a0spolupr\u00e1ci so [&hellip;]\" \/>\n<meta property=\"og:url\" content=\"https:\/\/pmza.sk\/?p=5524\" \/>\n<meta property=\"og:site_name\" content=\"Pova\u017esk\u00e9 m\u00fazeum\" \/>\n<meta property=\"article:publisher\" content=\"https:\/\/www.facebook.com\/povazskemuzeum\" \/>\n<meta property=\"article:published_time\" content=\"2012-05-09T09:46:50+00:00\" \/>\n<meta property=\"og:image\" content=\"https:\/\/pmza.sk.sk\/wp-content\/uploads\/2012\/05\/z-vystav-kvetin-a-skalniciek-2-300x204.jpg\" \/>\n<meta name=\"author\" content=\"Pova\u017esk\u00e9 m\u00fazeum\" \/>\n<meta name=\"twitter:card\" content=\"summary_large_image\" \/>\n<meta name=\"twitter:label1\" content=\"Autor\" \/>\n\t<meta name=\"twitter:data1\" content=\"Pova\u017esk\u00e9 m\u00fazeum\" \/>\n\t<meta name=\"twitter:label2\" content=\"Predpokladan\u00fd \u010das \u010d\u00edtania\" \/>\n\t<meta name=\"twitter:data2\" content=\"3 min\u00faty\" \/>\n<script type=\"application\/ld+json\" class=\"yoast-schema-graph\">{\"@context\":\"https:\\\/\\\/schema.org\",\"@graph\":[{\"@type\":\"Article\",\"@id\":\"https:\\\/\\\/pmza.sk\\\/?p=5524#article\",\"isPartOf\":{\"@id\":\"https:\\\/\\\/pmza.sk\\\/?p=5524\"},\"author\":{\"name\":\"Pova\u017esk\u00e9 m\u00fazeum\",\"@id\":\"https:\\\/\\\/pmza.sk\\\/#\\\/schema\\\/person\\\/595e6a2ce731ea94dcd5d7f50a41ae33\"},\"headline\":\"V are\u00e1li Budat\u00ednskeho hradu bud\u00fa onedlho vystavova\u0165 m\u00e4so\u017erav\u00e9 rastliny\",\"datePublished\":\"2012-05-09T09:46:50+00:00\",\"mainEntityOfPage\":{\"@id\":\"https:\\\/\\\/pmza.sk\\\/?p=5524\"},\"wordCount\":538,\"publisher\":{\"@id\":\"https:\\\/\\\/pmza.sk\\\/#organization\"},\"image\":{\"@id\":\"https:\\\/\\\/pmza.sk\\\/?p=5524#primaryimage\"},\"thumbnailUrl\":\"http:\\\/\\\/pmza.sk.sk\\\/wp-content\\\/uploads\\\/2012\\\/05\\\/z-vystav-kvetin-a-skalniciek-2-300x204.jpg\",\"articleSection\":[\"Arch\u00edv 2012\"],\"inLanguage\":\"sk-SK\"},{\"@type\":\"WebPage\",\"@id\":\"https:\\\/\\\/pmza.sk\\\/?p=5524\",\"url\":\"https:\\\/\\\/pmza.sk\\\/?p=5524\",\"name\":\"V are\u00e1li Budat\u00ednskeho hradu bud\u00fa onedlho vystavova\u0165 m\u00e4so\u017erav\u00e9 rastliny - Pova\u017esk\u00e9 m\u00fazeum\",\"isPartOf\":{\"@id\":\"https:\\\/\\\/pmza.sk\\\/#website\"},\"primaryImageOfPage\":{\"@id\":\"https:\\\/\\\/pmza.sk\\\/?p=5524#primaryimage\"},\"image\":{\"@id\":\"https:\\\/\\\/pmza.sk\\\/?p=5524#primaryimage\"},\"thumbnailUrl\":\"http:\\\/\\\/pmza.sk.sk\\\/wp-content\\\/uploads\\\/2012\\\/05\\\/z-vystav-kvetin-a-skalniciek-2-300x204.jpg\",\"datePublished\":\"2012-05-09T09:46:50+00:00\",\"breadcrumb\":{\"@id\":\"https:\\\/\\\/pmza.sk\\\/?p=5524#breadcrumb\"},\"inLanguage\":\"sk-SK\",\"potentialAction\":[{\"@type\":\"ReadAction\",\"target\":[\"https:\\\/\\\/pmza.sk\\\/?p=5524\"]}]},{\"@type\":\"ImageObject\",\"inLanguage\":\"sk-SK\",\"@id\":\"https:\\\/\\\/pmza.sk\\\/?p=5524#primaryimage\",\"url\":\"http:\\\/\\\/pmza.sk.sk\\\/wp-content\\\/uploads\\\/2012\\\/05\\\/z-vystav-kvetin-a-skalniciek-2-300x204.jpg\",\"contentUrl\":\"http:\\\/\\\/pmza.sk.sk\\\/wp-content\\\/uploads\\\/2012\\\/05\\\/z-vystav-kvetin-a-skalniciek-2-300x204.jpg\"},{\"@type\":\"BreadcrumbList\",\"@id\":\"https:\\\/\\\/pmza.sk\\\/?p=5524#breadcrumb\",\"itemListElement\":[{\"@type\":\"ListItem\",\"position\":1,\"name\":\"Domovsk\u00e1 str\u00e1nka\",\"item\":\"https:\\\/\\\/pmza.sk\\\/\"},{\"@type\":\"ListItem\",\"position\":2,\"name\":\"V are\u00e1li Budat\u00ednskeho hradu bud\u00fa onedlho vystavova\u0165 m\u00e4so\u017erav\u00e9 rastliny\"}]},{\"@type\":\"WebSite\",\"@id\":\"https:\\\/\\\/pmza.sk\\\/#website\",\"url\":\"https:\\\/\\\/pmza.sk\\\/\",\"name\":\"Pova\u017esk\u00e9 m\u00fazeum\",\"description\":\"Pova\u017esk\u00e9 m\u00fazeum v \u017diline je region\u00e1lne m\u00fazeum so s\u00eddlom v Budat\u00edne. Jeho expoz\u00edcie s\u00fa zameran\u00e9 na dejiny slovensk\u00e9ho umenia, kult\u00fary a dopravy.\",\"publisher\":{\"@id\":\"https:\\\/\\\/pmza.sk\\\/#organization\"},\"potentialAction\":[{\"@type\":\"SearchAction\",\"target\":{\"@type\":\"EntryPoint\",\"urlTemplate\":\"https:\\\/\\\/pmza.sk\\\/?s={search_term_string}\"},\"query-input\":{\"@type\":\"PropertyValueSpecification\",\"valueRequired\":true,\"valueName\":\"search_term_string\"}}],\"inLanguage\":\"sk-SK\"},{\"@type\":\"Organization\",\"@id\":\"https:\\\/\\\/pmza.sk\\\/#organization\",\"name\":\"Pova\u017esk\u00e9 m\u00fazeum\",\"url\":\"https:\\\/\\\/pmza.sk\\\/\",\"logo\":{\"@type\":\"ImageObject\",\"inLanguage\":\"sk-SK\",\"@id\":\"https:\\\/\\\/pmza.sk\\\/#\\\/schema\\\/logo\\\/image\\\/\",\"url\":\"https:\\\/\\\/pmza.sk\\\/wp-content\\\/uploads\\\/2022\\\/01\\\/logo_PM_horizontal.jpg\",\"contentUrl\":\"https:\\\/\\\/pmza.sk\\\/wp-content\\\/uploads\\\/2022\\\/01\\\/logo_PM_horizontal.jpg\",\"width\":231,\"height\":142,\"caption\":\"Pova\u017esk\u00e9 m\u00fazeum\"},\"image\":{\"@id\":\"https:\\\/\\\/pmza.sk\\\/#\\\/schema\\\/logo\\\/image\\\/\"},\"sameAs\":[\"https:\\\/\\\/www.facebook.com\\\/povazskemuzeum\",\"https:\\\/\\\/www.instagram.com\\\/povazskemuzeum\\\/\"]},{\"@type\":\"Person\",\"@id\":\"https:\\\/\\\/pmza.sk\\\/#\\\/schema\\\/person\\\/595e6a2ce731ea94dcd5d7f50a41ae33\",\"name\":\"Pova\u017esk\u00e9 m\u00fazeum\",\"image\":{\"@type\":\"ImageObject\",\"inLanguage\":\"sk-SK\",\"@id\":\"https:\\\/\\\/secure.gravatar.com\\\/avatar\\\/2bb7f1561282132fb5826dfeccc66c7996d11ee392ac6aaf7ced8a1c2027fbb2?s=96&d=mm&r=g\",\"url\":\"https:\\\/\\\/secure.gravatar.com\\\/avatar\\\/2bb7f1561282132fb5826dfeccc66c7996d11ee392ac6aaf7ced8a1c2027fbb2?s=96&d=mm&r=g\",\"contentUrl\":\"https:\\\/\\\/secure.gravatar.com\\\/avatar\\\/2bb7f1561282132fb5826dfeccc66c7996d11ee392ac6aaf7ced8a1c2027fbb2?s=96&d=mm&r=g\",\"caption\":\"Pova\u017esk\u00e9 m\u00fazeum\"}}]}<\/script>\n<!-- \/ Yoast SEO plugin. -->","yoast_head_json":{"title":"V are\u00e1li Budat\u00ednskeho hradu bud\u00fa onedlho vystavova\u0165 m\u00e4so\u017erav\u00e9 rastliny - Pova\u017esk\u00e9 m\u00fazeum","robots":{"index":"index","follow":"follow","max-snippet":"max-snippet:-1","max-image-preview":"max-image-preview:large","max-video-preview":"max-video-preview:-1"},"canonical":"https:\/\/pmza.sk\/?p=5524","og_locale":"sk_SK","og_type":"article","og_title":"V are\u00e1li Budat\u00ednskeho hradu bud\u00fa onedlho vystavova\u0165 m\u00e4so\u017erav\u00e9 rastliny - Pova\u017esk\u00e9 m\u00fazeum","og_description":"Viac ako dvadsa\u0165 slovensk\u00fdch a\u00a0\u010desk\u00fdch vystavovate\u013eov byl\u00edn, drev\u00edn, bonsajov, kaktusov, tillandsi\u00ed a\u00a0m\u00e4so\u017erav\u00fdch rastl\u00edn sa bude v\u00a0are\u00e1li Budat\u00ednskeho hradu prezentova\u0165 na prvom ro\u010dn\u00edku v\u00fdstavy pod n\u00e1zvom Jarn\u00e1 kr\u00e1sa. \u201eV \u017eilinskom kraji je tento druh v\u00fdstavy sk\u00f4r raritou ako samozrejmos\u0165ou. My\u0161lienka vznikla v\u00a0roku 2005 so vznikom OZ Mal\u00e1 Fatra. Prv\u00e1 v\u00fdstava sa\u00a0konala v\u00a0roku 2006, kedy v\u00a0spolupr\u00e1ci so [&hellip;]","og_url":"https:\/\/pmza.sk\/?p=5524","og_site_name":"Pova\u017esk\u00e9 m\u00fazeum","article_publisher":"https:\/\/www.facebook.com\/povazskemuzeum","article_published_time":"2012-05-09T09:46:50+00:00","og_image":[{"url":"https:\/\/pmza.sk.sk\/wp-content\/uploads\/2012\/05\/z-vystav-kvetin-a-skalniciek-2-300x204.jpg","type":"","width":"","height":""}],"author":"Pova\u017esk\u00e9 m\u00fazeum","twitter_card":"summary_large_image","twitter_misc":{"Autor":"Pova\u017esk\u00e9 m\u00fazeum","Predpokladan\u00fd \u010das \u010d\u00edtania":"3 min\u00faty"},"schema":{"@context":"https:\/\/schema.org","@graph":[{"@type":"Article","@id":"https:\/\/pmza.sk\/?p=5524#article","isPartOf":{"@id":"https:\/\/pmza.sk\/?p=5524"},"author":{"name":"Pova\u017esk\u00e9 m\u00fazeum","@id":"https:\/\/pmza.sk\/#\/schema\/person\/595e6a2ce731ea94dcd5d7f50a41ae33"},"headline":"V are\u00e1li Budat\u00ednskeho hradu bud\u00fa onedlho vystavova\u0165 m\u00e4so\u017erav\u00e9 rastliny","datePublished":"2012-05-09T09:46:50+00:00","mainEntityOfPage":{"@id":"https:\/\/pmza.sk\/?p=5524"},"wordCount":538,"publisher":{"@id":"https:\/\/pmza.sk\/#organization"},"image":{"@id":"https:\/\/pmza.sk\/?p=5524#primaryimage"},"thumbnailUrl":"https:\/\/pmza.sk.sk\/wp-content\/uploads\/2012\/05\/z-vystav-kvetin-a-skalniciek-2-300x204.jpg","articleSection":["Arch\u00edv 2012"],"inLanguage":"sk-SK"},{"@type":"WebPage","@id":"https:\/\/pmza.sk\/?p=5524","url":"https:\/\/pmza.sk\/?p=5524","name":"V are\u00e1li Budat\u00ednskeho hradu bud\u00fa onedlho vystavova\u0165 m\u00e4so\u017erav\u00e9 rastliny - Pova\u017esk\u00e9 m\u00fazeum","isPartOf":{"@id":"https:\/\/pmza.sk\/#website"},"primaryImageOfPage":{"@id":"https:\/\/pmza.sk\/?p=5524#primaryimage"},"image":{"@id":"https:\/\/pmza.sk\/?p=5524#primaryimage"},"thumbnailUrl":"https:\/\/pmza.sk.sk\/wp-content\/uploads\/2012\/05\/z-vystav-kvetin-a-skalniciek-2-300x204.jpg","datePublished":"2012-05-09T09:46:50+00:00","breadcrumb":{"@id":"https:\/\/pmza.sk\/?p=5524#breadcrumb"},"inLanguage":"sk-SK","potentialAction":[{"@type":"ReadAction","target":["https:\/\/pmza.sk\/?p=5524"]}]},{"@type":"ImageObject","inLanguage":"sk-SK","@id":"https:\/\/pmza.sk\/?p=5524#primaryimage","url":"https:\/\/pmza.sk.sk\/wp-content\/uploads\/2012\/05\/z-vystav-kvetin-a-skalniciek-2-300x204.jpg","contentUrl":"https:\/\/pmza.sk.sk\/wp-content\/uploads\/2012\/05\/z-vystav-kvetin-a-skalniciek-2-300x204.jpg"},{"@type":"BreadcrumbList","@id":"https:\/\/pmza.sk\/?p=5524#breadcrumb","itemListElement":[{"@type":"ListItem","position":1,"name":"Domovsk\u00e1 str\u00e1nka","item":"https:\/\/pmza.sk\/"},{"@type":"ListItem","position":2,"name":"V are\u00e1li Budat\u00ednskeho hradu bud\u00fa onedlho vystavova\u0165 m\u00e4so\u017erav\u00e9 rastliny"}]},{"@type":"WebSite","@id":"https:\/\/pmza.sk\/#website","url":"https:\/\/pmza.sk\/","name":"Pova\u017esk\u00e9 m\u00fazeum","description":"Pova\u017esk\u00e9 m\u00fazeum v \u017diline je region\u00e1lne m\u00fazeum so s\u00eddlom v Budat\u00edne. Jeho expoz\u00edcie s\u00fa zameran\u00e9 na dejiny slovensk\u00e9ho umenia, kult\u00fary a dopravy.","publisher":{"@id":"https:\/\/pmza.sk\/#organization"},"potentialAction":[{"@type":"SearchAction","target":{"@type":"EntryPoint","urlTemplate":"https:\/\/pmza.sk\/?s={search_term_string}"},"query-input":{"@type":"PropertyValueSpecification","valueRequired":true,"valueName":"search_term_string"}}],"inLanguage":"sk-SK"},{"@type":"Organization","@id":"https:\/\/pmza.sk\/#organization","name":"Pova\u017esk\u00e9 m\u00fazeum","url":"https:\/\/pmza.sk\/","logo":{"@type":"ImageObject","inLanguage":"sk-SK","@id":"https:\/\/pmza.sk\/#\/schema\/logo\/image\/","url":"https:\/\/pmza.sk\/wp-content\/uploads\/2022\/01\/logo_PM_horizontal.jpg","contentUrl":"https:\/\/pmza.sk\/wp-content\/uploads\/2022\/01\/logo_PM_horizontal.jpg","width":231,"height":142,"caption":"Pova\u017esk\u00e9 m\u00fazeum"},"image":{"@id":"https:\/\/pmza.sk\/#\/schema\/logo\/image\/"},"sameAs":["https:\/\/www.facebook.com\/povazskemuzeum","https:\/\/www.instagram.com\/povazskemuzeum\/"]},{"@type":"Person","@id":"https:\/\/pmza.sk\/#\/schema\/person\/595e6a2ce731ea94dcd5d7f50a41ae33","name":"Pova\u017esk\u00e9 m\u00fazeum","image":{"@type":"ImageObject","inLanguage":"sk-SK","@id":"https:\/\/secure.gravatar.com\/avatar\/2bb7f1561282132fb5826dfeccc66c7996d11ee392ac6aaf7ced8a1c2027fbb2?s=96&d=mm&r=g","url":"https:\/\/secure.gravatar.com\/avatar\/2bb7f1561282132fb5826dfeccc66c7996d11ee392ac6aaf7ced8a1c2027fbb2?s=96&d=mm&r=g","contentUrl":"https:\/\/secure.gravatar.com\/avatar\/2bb7f1561282132fb5826dfeccc66c7996d11ee392ac6aaf7ced8a1c2027fbb2?s=96&d=mm&r=g","caption":"Pova\u017esk\u00e9 m\u00fazeum"}}]}},"_links":{"self":[{"href":"https:\/\/pmza.sk\/index.php?rest_route=\/wp\/v2\/posts\/5524","targetHints":{"allow":["GET"]}}],"collection":[{"href":"https:\/\/pmza.sk\/index.php?rest_route=\/wp\/v2\/posts"}],"about":[{"href":"https:\/\/pmza.sk\/index.php?rest_route=\/wp\/v2\/types\/post"}],"author":[{"embeddable":true,"href":"https:\/\/pmza.sk\/index.php?rest_route=\/wp\/v2\/users\/2"}],"replies":[{"embeddable":true,"href":"https:\/\/pmza.sk\/index.php?rest_route=%2Fwp%2Fv2%2Fcomments&post=5524"}],"version-history":[{"count":0,"href":"https:\/\/pmza.sk\/index.php?rest_route=\/wp\/v2\/posts\/5524\/revisions"}],"wp:attachment":[{"href":"https:\/\/pmza.sk\/index.php?rest_route=%2Fwp%2Fv2%2Fmedia&parent=5524"}],"wp:term":[{"taxonomy":"category","embeddable":true,"href":"https:\/\/pmza.sk\/index.php?rest_route=%2Fwp%2Fv2%2Fcategories&post=5524"},{"taxonomy":"post_tag","embeddable":true,"href":"https:\/\/pmza.sk\/index.php?rest_route=%2Fwp%2Fv2%2Ftags&post=5524"}],"curies":[{"name":"wp","href":"https:\/\/api.w.org\/{rel}","templated":true}]}}