{"id":5536,"date":"2012-05-10T10:45:40","date_gmt":"2012-05-10T08:45:40","guid":{"rendered":"https:\/\/pmza.sk.sk\/?p=5536"},"modified":"2012-05-10T10:45:40","modified_gmt":"2012-05-10T08:45:40","slug":"prepad-historickeho-vlaku-pocas-noci-muzei-a-galerii-2012","status":"publish","type":"post","link":"https:\/\/pmza.sk\/?p=5536","title":{"rendered":"Prepad historick\u00e9ho vlaku po\u010das Noci m\u00faze\u00ed a gal\u00e9ri\u00ed 2012"},"content":{"rendered":"<p><strong><\/strong><a href=\"https:\/\/pmza.sk\/wp-content\/uploads\/2012\/05\/nocna.jpg\"><img fetchpriority=\"high\" decoding=\"async\" class=\"alignleft size-medium wp-image-5535\" style=\"margin: 4px; border: 2px solid black;\" title=\"no\u010dn\u00e1\" src=\"https:\/\/pmza.sk.sk\/wp-content\/uploads\/2012\/05\/no\u010dn\u00e1-225x300.jpg\" alt=\"\" width=\"234\" height=\"311\" \/><\/a>Pova\u017esk\u00e9 m\u00fazeum v\u00a0\u017diline v\u00a0spolupr\u00e1ci s\u00a0partnermi, pripravilo pre n\u00e1v\u0161tevn\u00edkov tohoro\u010dn\u00e9ho medzin\u00e1rodn\u00e9ho podujatia Noci m\u00faze\u00ed a\u00a0gal\u00e9ri\u00ed, nev\u0161edn\u00fd z\u00e1\u017eitok. V\u00a0sobotu\u00a0\u00a0\u00a0 19. m\u00e1ja 2012 o\u00a019,00 hod vyr\u00e1\u017ea z\u00a0hlavnej stanice \u017dilina do stanice Stre\u010dno \u2013 Nezbudsk\u00e1 L\u00fa\u010dka historick\u00fd motorov\u00fd ru\u0161e\u0148 Hurv\u00ednek \u00a0a pr\u00edpojn\u00fd voze\u0148 Blm z roku 1948, \u00a0ktor\u00fd sa za\u010diatkom roka 2011 podarilo \u010dlenom Spolo\u010dnosti Pova\u017eskej dr\u00e1hy \u017dilina a \u010fal\u0161\u00edm nad\u0161encom hist\u00f3rie dopravy zrekon\u0161truova\u0165. \u201e<em>Po\u010das nostalgickej jazdy bud\u00fa vo vlaku sprievodcovia v dobov\u00fdch uniform\u00e1ch a retro lepenkov\u00e9 l\u00edstky<\/em>,\u201d povedal predseda Spolo\u010dnosti Pova\u017eskej dr\u00e1hy \u017dilina Lum\u00edr Kunc.<!--more--><\/p>\n<p>O 19,30 hod \u010dak\u00e1 cestuj\u00facich na \u017eelezni\u010dnej stanici v\u00a0Nezbudskej L\u00fa\u010dke rekon\u0161trukcia udalost\u00ed s\u00favisiacimi s\u00a0partiz\u00e1nskym odbojom v\u00a0regi\u00f3ne Horn\u00e9ho Pova\u017eia a\u00a0Turca z\u00a0leta 1944. \u201e<em>Hlavnou t\u00e9mou uk\u00e1\u017eky bude partiz\u00e1nsky prepad \u017eelezni\u010dnej stanice a\u00a0historick\u00e9ho vlaku. Div\u00e1ci uvidia dobov\u00e9 uniformy, p\u00f4vodn\u00e9 zbrane a\u00a0vojensk\u00fa v\u00fdstroj bojuj\u00facich jednotiek,<\/em>\u201c upozornil Boris \u0160aliga, predseda OZ Klubu vojenskej hist\u00f3rie Bratislava.<\/p>\n<p>Sobotn\u00e1 noc pokra\u010duje \u010falej prehliadkou hradu Stre\u010dno, kedy no\u010dn\u00fd hrad tradi\u010dne pon\u00fakne svoje priestory za symbolick\u00fa cenu. Otvoren\u00e1 diel\u0148a konzerv\u00e1tora keramiky a\u00a0tane\u010dno &#8211; oh\u0148ov\u00e9 show zn\u00e1meho \u017eilinsk\u00e9ho oh\u0148ov\u00e9ho zoskupenia Eiwhana bud\u00fa zav\u0155\u0161en\u00edm prvej tohoro\u010dnej no\u010dnej prehliadky hradu.<\/p>\n<p>\u201e<em>Historick\u00fd vlak Hurv\u00ednek, \u00a0s\u00a0kapacitou 150 miest, \u00a0bude \u010daka\u0165 na cestuj\u00facich aj na spiato\u010dnej ceste do \u017diliny s\u00a0odchodom o\u00a022,05 hod zo stanice Stre\u010dno \u2013 Nezbudsk\u00e1 L\u00fa\u010dka. Samozrejme , nezabudli sme ani na t\u00fdch, ktor\u00fdm sa miesto v Hurv\u00ednkovi z\u00a0d\u00f4vodu \u00a0jeho kapacity\u00a0 neujde, ale pl\u00e1nuj\u00fa sa podujatia z\u00fa\u010dastni\u0165. Pri \u017eilinskej \u017eelezni\u010dnej stanici o\u00a019,00 hod, a\u00a0taktie\u017e na\u00a0stanici Stre\u010dno \u2013 Nezbudsk\u00e1 L\u00fa\u010dka o\u00a022,05 hod bude pre nich pristaven\u00e1 n\u00e1hradn\u00e1 autobusov\u00e1 doprava, za \u010do sa chcem po\u010fakova\u0165 Dopravn\u00e9mu podniku Mesta \u017dilina<\/em>,\u201c uviedol Boris Schubert, riadite\u013e Pova\u017esk\u00e9ho m\u00fazea v\u00a0\u017diline.<\/p>\n<p><a href=\"https:\/\/pmza.sk\/wp-content\/uploads\/2012\/05\/Hurvinek_Strecno.jpg\"><img decoding=\"async\" class=\"aligncenter size-full wp-image-5572\" title=\"Hurvinek_Strecno\" src=\"https:\/\/pmza.sk\/wp-content\/uploads\/2012\/05\/Hurvinek_Strecno.jpg\" alt=\"\" width=\"500\" height=\"333\" \/><\/a><\/p>\n<p><strong> <\/strong>Organiz\u00e1torom Noci m\u00faze\u00ed a\u00a0gal\u00e9ri\u00ed <strong>v\u00a0sobotu 19. m\u00e1ja 2012<\/strong> <strong>od 19,00 hod do 23,00 hod <\/strong>na trati \u017dilina \u2013 Stre\u010dno a\u00a0na hrade Stre\u010dno je \u017dilinsk\u00fd samospr\u00e1vny kraj, Pova\u017esk\u00e9 m\u00fazeum v\u00a0\u017diline, Spolo\u010dnos\u0165 Pova\u017eskej dr\u00e1hy \u017dilina, OZ Klub vojenskej hist\u00f3rie Bratislava, Mesto \u017dilina a\u00a0Dopravn\u00fd podnik Mesta \u017diliny.<\/p>\n<p><img decoding=\"async\" class=\"alignnone\" title=\"Noc m\u00faze\u00ed a gal\u00e9ri\u00ed 2012\" src=\"https:\/\/pmza.sk\/wp-content\/uploads\/2012\/05\/Noc-muzei-a-galerii-2012-Zilina.jpg\" alt=\"\" width=\"724\" height=\"1024\" \/><\/p>\n","protected":false},"excerpt":{"rendered":"<p>Pova\u017esk\u00e9 m\u00fazeum v\u00a0\u017diline v\u00a0spolupr\u00e1ci s\u00a0partnermi, pripravilo pre n\u00e1v\u0161tevn\u00edkov tohoro\u010dn\u00e9ho medzin\u00e1rodn\u00e9ho podujatia Noci m\u00faze\u00ed a\u00a0gal\u00e9ri\u00ed, nev\u0161edn\u00fd z\u00e1\u017eitok. V\u00a0sobotu\u00a0\u00a0\u00a0 19. m\u00e1ja 2012 o\u00a019,00 hod vyr\u00e1\u017ea z\u00a0hlavnej stanice \u017dilina do stanice Stre\u010dno \u2013 Nezbudsk\u00e1 L\u00fa\u010dka historick\u00fd motorov\u00fd ru\u0161e\u0148 Hurv\u00ednek \u00a0a pr\u00edpojn\u00fd voze\u0148 Blm z roku 1948, \u00a0ktor\u00fd sa za\u010diatkom roka 2011 podarilo \u010dlenom Spolo\u010dnosti Pova\u017eskej dr\u00e1hy \u017dilina a [&hellip;]<\/p>\n","protected":false},"author":2,"featured_media":0,"comment_status":"closed","ping_status":"closed","sticky":false,"template":"","format":"standard","meta":{"site-sidebar-layout":"default","site-content-layout":"","ast-site-content-layout":"","site-content-style":"default","site-sidebar-style":"default","ast-global-header-display":"","ast-banner-title-visibility":"","ast-main-header-display":"","ast-hfb-above-header-display":"","ast-hfb-below-header-display":"","ast-hfb-mobile-header-display":"","site-post-title":"","ast-breadcrumbs-content":"","ast-featured-img":"","footer-sml-layout":"","theme-transparent-header-meta":"","adv-header-id-meta":"","stick-header-meta":"","header-above-stick-meta":"","header-main-stick-meta":"","header-below-stick-meta":"","astra-migrate-meta-layouts":"default","ast-page-background-enabled":"default","ast-page-background-meta":{"desktop":{"background-color":"var(--ast-global-color-4)","background-image":"","background-repeat":"repeat","background-position":"center center","background-size":"auto","background-attachment":"scroll","background-type":"","background-media":"","overlay-type":"","overlay-color":"","overlay-opacity":"","overlay-gradient":""},"tablet":{"background-color":"","background-image":"","background-repeat":"repeat","background-position":"center center","background-size":"auto","background-attachment":"scroll","background-type":"","background-media":"","overlay-type":"","overlay-color":"","overlay-opacity":"","overlay-gradient":""},"mobile":{"background-color":"","background-image":"","background-repeat":"repeat","background-position":"center center","background-size":"auto","background-attachment":"scroll","background-type":"","background-media":"","overlay-type":"","overlay-color":"","overlay-opacity":"","overlay-gradient":""}},"ast-content-background-meta":{"desktop":{"background-color":"var(--ast-global-color-5)","background-image":"","background-repeat":"repeat","background-position":"center center","background-size":"auto","background-attachment":"scroll","background-type":"","background-media":"","overlay-type":"","overlay-color":"","overlay-opacity":"","overlay-gradient":""},"tablet":{"background-color":"var(--ast-global-color-5)","background-image":"","background-repeat":"repeat","background-position":"center center","background-size":"auto","background-attachment":"scroll","background-type":"","background-media":"","overlay-type":"","overlay-color":"","overlay-opacity":"","overlay-gradient":""},"mobile":{"background-color":"var(--ast-global-color-5)","background-image":"","background-repeat":"repeat","background-position":"center center","background-size":"auto","background-attachment":"scroll","background-type":"","background-media":"","overlay-type":"","overlay-color":"","overlay-opacity":"","overlay-gradient":""}},"footnotes":""},"categories":[32],"tags":[],"class_list":["post-5536","post","type-post","status-publish","format-standard","hentry","category-archiv-2012"],"yoast_head":"<!-- This site is optimized with the Yoast SEO plugin v27.4 - https:\/\/yoast.com\/product\/yoast-seo-wordpress\/ -->\n<title>Prepad historick\u00e9ho vlaku po\u010das Noci m\u00faze\u00ed a gal\u00e9ri\u00ed 2012 - Pova\u017esk\u00e9 m\u00fazeum<\/title>\n<meta name=\"robots\" content=\"index, follow, max-snippet:-1, max-image-preview:large, max-video-preview:-1\" \/>\n<link rel=\"canonical\" href=\"https:\/\/pmza.sk\/?p=5536\" \/>\n<meta property=\"og:locale\" content=\"sk_SK\" \/>\n<meta property=\"og:type\" content=\"article\" \/>\n<meta property=\"og:title\" content=\"Prepad historick\u00e9ho vlaku po\u010das Noci m\u00faze\u00ed a gal\u00e9ri\u00ed 2012 - Pova\u017esk\u00e9 m\u00fazeum\" \/>\n<meta property=\"og:description\" content=\"Pova\u017esk\u00e9 m\u00fazeum v\u00a0\u017diline v\u00a0spolupr\u00e1ci s\u00a0partnermi, pripravilo pre n\u00e1v\u0161tevn\u00edkov tohoro\u010dn\u00e9ho medzin\u00e1rodn\u00e9ho podujatia Noci m\u00faze\u00ed a\u00a0gal\u00e9ri\u00ed, nev\u0161edn\u00fd z\u00e1\u017eitok. V\u00a0sobotu\u00a0\u00a0\u00a0 19. m\u00e1ja 2012 o\u00a019,00 hod vyr\u00e1\u017ea z\u00a0hlavnej stanice \u017dilina do stanice Stre\u010dno \u2013 Nezbudsk\u00e1 L\u00fa\u010dka historick\u00fd motorov\u00fd ru\u0161e\u0148 Hurv\u00ednek \u00a0a pr\u00edpojn\u00fd voze\u0148 Blm z roku 1948, \u00a0ktor\u00fd sa za\u010diatkom roka 2011 podarilo \u010dlenom Spolo\u010dnosti Pova\u017eskej dr\u00e1hy \u017dilina a [&hellip;]\" \/>\n<meta property=\"og:url\" content=\"https:\/\/pmza.sk\/?p=5536\" \/>\n<meta property=\"og:site_name\" content=\"Pova\u017esk\u00e9 m\u00fazeum\" \/>\n<meta property=\"article:publisher\" content=\"https:\/\/www.facebook.com\/povazskemuzeum\" \/>\n<meta property=\"article:published_time\" content=\"2012-05-10T08:45:40+00:00\" \/>\n<meta property=\"og:image\" content=\"https:\/\/pmza.sk\/wp-content\/uploads\/2012\/05\/Hurvinek_Strecno.jpg\" \/>\n<meta name=\"author\" content=\"Pova\u017esk\u00e9 m\u00fazeum\" \/>\n<meta name=\"twitter:card\" content=\"summary_large_image\" \/>\n<meta name=\"twitter:label1\" content=\"Autor\" \/>\n\t<meta name=\"twitter:data1\" content=\"Pova\u017esk\u00e9 m\u00fazeum\" \/>\n\t<meta name=\"twitter:label2\" content=\"Predpokladan\u00fd \u010das \u010d\u00edtania\" \/>\n\t<meta name=\"twitter:data2\" content=\"2 min\u00faty\" \/>\n<script type=\"application\/ld+json\" class=\"yoast-schema-graph\">{\"@context\":\"https:\\\/\\\/schema.org\",\"@graph\":[{\"@type\":\"Article\",\"@id\":\"https:\\\/\\\/pmza.sk\\\/?p=5536#article\",\"isPartOf\":{\"@id\":\"https:\\\/\\\/pmza.sk\\\/?p=5536\"},\"author\":{\"name\":\"Pova\u017esk\u00e9 m\u00fazeum\",\"@id\":\"https:\\\/\\\/pmza.sk\\\/#\\\/schema\\\/person\\\/595e6a2ce731ea94dcd5d7f50a41ae33\"},\"headline\":\"Prepad historick\u00e9ho vlaku po\u010das Noci m\u00faze\u00ed a gal\u00e9ri\u00ed 2012\",\"datePublished\":\"2012-05-10T08:45:40+00:00\",\"mainEntityOfPage\":{\"@id\":\"https:\\\/\\\/pmza.sk\\\/?p=5536\"},\"wordCount\":423,\"publisher\":{\"@id\":\"https:\\\/\\\/pmza.sk\\\/#organization\"},\"image\":{\"@id\":\"https:\\\/\\\/pmza.sk\\\/?p=5536#primaryimage\"},\"thumbnailUrl\":\"http:\\\/\\\/pmza.sk\\\/wp-content\\\/uploads\\\/2012\\\/05\\\/Hurvinek_Strecno.jpg\",\"articleSection\":[\"Arch\u00edv 2012\"],\"inLanguage\":\"sk-SK\"},{\"@type\":\"WebPage\",\"@id\":\"https:\\\/\\\/pmza.sk\\\/?p=5536\",\"url\":\"https:\\\/\\\/pmza.sk\\\/?p=5536\",\"name\":\"Prepad historick\u00e9ho vlaku po\u010das Noci m\u00faze\u00ed a gal\u00e9ri\u00ed 2012 - Pova\u017esk\u00e9 m\u00fazeum\",\"isPartOf\":{\"@id\":\"https:\\\/\\\/pmza.sk\\\/#website\"},\"primaryImageOfPage\":{\"@id\":\"https:\\\/\\\/pmza.sk\\\/?p=5536#primaryimage\"},\"image\":{\"@id\":\"https:\\\/\\\/pmza.sk\\\/?p=5536#primaryimage\"},\"thumbnailUrl\":\"http:\\\/\\\/pmza.sk\\\/wp-content\\\/uploads\\\/2012\\\/05\\\/Hurvinek_Strecno.jpg\",\"datePublished\":\"2012-05-10T08:45:40+00:00\",\"breadcrumb\":{\"@id\":\"https:\\\/\\\/pmza.sk\\\/?p=5536#breadcrumb\"},\"inLanguage\":\"sk-SK\",\"potentialAction\":[{\"@type\":\"ReadAction\",\"target\":[\"https:\\\/\\\/pmza.sk\\\/?p=5536\"]}]},{\"@type\":\"ImageObject\",\"inLanguage\":\"sk-SK\",\"@id\":\"https:\\\/\\\/pmza.sk\\\/?p=5536#primaryimage\",\"url\":\"https:\\\/\\\/pmza.sk\\\/wp-content\\\/uploads\\\/2012\\\/05\\\/Hurvinek_Strecno.jpg\",\"contentUrl\":\"https:\\\/\\\/pmza.sk\\\/wp-content\\\/uploads\\\/2012\\\/05\\\/Hurvinek_Strecno.jpg\",\"width\":500,\"height\":333},{\"@type\":\"BreadcrumbList\",\"@id\":\"https:\\\/\\\/pmza.sk\\\/?p=5536#breadcrumb\",\"itemListElement\":[{\"@type\":\"ListItem\",\"position\":1,\"name\":\"Domovsk\u00e1 str\u00e1nka\",\"item\":\"https:\\\/\\\/pmza.sk\\\/\"},{\"@type\":\"ListItem\",\"position\":2,\"name\":\"Prepad historick\u00e9ho vlaku po\u010das Noci m\u00faze\u00ed a gal\u00e9ri\u00ed 2012\"}]},{\"@type\":\"WebSite\",\"@id\":\"https:\\\/\\\/pmza.sk\\\/#website\",\"url\":\"https:\\\/\\\/pmza.sk\\\/\",\"name\":\"Pova\u017esk\u00e9 m\u00fazeum\",\"description\":\"Pova\u017esk\u00e9 m\u00fazeum v \u017diline je region\u00e1lne m\u00fazeum so s\u00eddlom v Budat\u00edne. Jeho expoz\u00edcie s\u00fa zameran\u00e9 na dejiny slovensk\u00e9ho umenia, kult\u00fary a dopravy.\",\"publisher\":{\"@id\":\"https:\\\/\\\/pmza.sk\\\/#organization\"},\"potentialAction\":[{\"@type\":\"SearchAction\",\"target\":{\"@type\":\"EntryPoint\",\"urlTemplate\":\"https:\\\/\\\/pmza.sk\\\/?s={search_term_string}\"},\"query-input\":{\"@type\":\"PropertyValueSpecification\",\"valueRequired\":true,\"valueName\":\"search_term_string\"}}],\"inLanguage\":\"sk-SK\"},{\"@type\":\"Organization\",\"@id\":\"https:\\\/\\\/pmza.sk\\\/#organization\",\"name\":\"Pova\u017esk\u00e9 m\u00fazeum\",\"url\":\"https:\\\/\\\/pmza.sk\\\/\",\"logo\":{\"@type\":\"ImageObject\",\"inLanguage\":\"sk-SK\",\"@id\":\"https:\\\/\\\/pmza.sk\\\/#\\\/schema\\\/logo\\\/image\\\/\",\"url\":\"https:\\\/\\\/pmza.sk\\\/wp-content\\\/uploads\\\/2022\\\/01\\\/logo_PM_horizontal.jpg\",\"contentUrl\":\"https:\\\/\\\/pmza.sk\\\/wp-content\\\/uploads\\\/2022\\\/01\\\/logo_PM_horizontal.jpg\",\"width\":231,\"height\":142,\"caption\":\"Pova\u017esk\u00e9 m\u00fazeum\"},\"image\":{\"@id\":\"https:\\\/\\\/pmza.sk\\\/#\\\/schema\\\/logo\\\/image\\\/\"},\"sameAs\":[\"https:\\\/\\\/www.facebook.com\\\/povazskemuzeum\",\"https:\\\/\\\/www.instagram.com\\\/povazskemuzeum\\\/\"]},{\"@type\":\"Person\",\"@id\":\"https:\\\/\\\/pmza.sk\\\/#\\\/schema\\\/person\\\/595e6a2ce731ea94dcd5d7f50a41ae33\",\"name\":\"Pova\u017esk\u00e9 m\u00fazeum\",\"image\":{\"@type\":\"ImageObject\",\"inLanguage\":\"sk-SK\",\"@id\":\"https:\\\/\\\/secure.gravatar.com\\\/avatar\\\/2bb7f1561282132fb5826dfeccc66c7996d11ee392ac6aaf7ced8a1c2027fbb2?s=96&d=mm&r=g\",\"url\":\"https:\\\/\\\/secure.gravatar.com\\\/avatar\\\/2bb7f1561282132fb5826dfeccc66c7996d11ee392ac6aaf7ced8a1c2027fbb2?s=96&d=mm&r=g\",\"contentUrl\":\"https:\\\/\\\/secure.gravatar.com\\\/avatar\\\/2bb7f1561282132fb5826dfeccc66c7996d11ee392ac6aaf7ced8a1c2027fbb2?s=96&d=mm&r=g\",\"caption\":\"Pova\u017esk\u00e9 m\u00fazeum\"}}]}<\/script>\n<!-- \/ Yoast SEO plugin. -->","yoast_head_json":{"title":"Prepad historick\u00e9ho vlaku po\u010das Noci m\u00faze\u00ed a gal\u00e9ri\u00ed 2012 - Pova\u017esk\u00e9 m\u00fazeum","robots":{"index":"index","follow":"follow","max-snippet":"max-snippet:-1","max-image-preview":"max-image-preview:large","max-video-preview":"max-video-preview:-1"},"canonical":"https:\/\/pmza.sk\/?p=5536","og_locale":"sk_SK","og_type":"article","og_title":"Prepad historick\u00e9ho vlaku po\u010das Noci m\u00faze\u00ed a gal\u00e9ri\u00ed 2012 - Pova\u017esk\u00e9 m\u00fazeum","og_description":"Pova\u017esk\u00e9 m\u00fazeum v\u00a0\u017diline v\u00a0spolupr\u00e1ci s\u00a0partnermi, pripravilo pre n\u00e1v\u0161tevn\u00edkov tohoro\u010dn\u00e9ho medzin\u00e1rodn\u00e9ho podujatia Noci m\u00faze\u00ed a\u00a0gal\u00e9ri\u00ed, nev\u0161edn\u00fd z\u00e1\u017eitok. V\u00a0sobotu\u00a0\u00a0\u00a0 19. m\u00e1ja 2012 o\u00a019,00 hod vyr\u00e1\u017ea z\u00a0hlavnej stanice \u017dilina do stanice Stre\u010dno \u2013 Nezbudsk\u00e1 L\u00fa\u010dka historick\u00fd motorov\u00fd ru\u0161e\u0148 Hurv\u00ednek \u00a0a pr\u00edpojn\u00fd voze\u0148 Blm z roku 1948, \u00a0ktor\u00fd sa za\u010diatkom roka 2011 podarilo \u010dlenom Spolo\u010dnosti Pova\u017eskej dr\u00e1hy \u017dilina a [&hellip;]","og_url":"https:\/\/pmza.sk\/?p=5536","og_site_name":"Pova\u017esk\u00e9 m\u00fazeum","article_publisher":"https:\/\/www.facebook.com\/povazskemuzeum","article_published_time":"2012-05-10T08:45:40+00:00","og_image":[{"url":"https:\/\/pmza.sk\/wp-content\/uploads\/2012\/05\/Hurvinek_Strecno.jpg","type":"","width":"","height":""}],"author":"Pova\u017esk\u00e9 m\u00fazeum","twitter_card":"summary_large_image","twitter_misc":{"Autor":"Pova\u017esk\u00e9 m\u00fazeum","Predpokladan\u00fd \u010das \u010d\u00edtania":"2 min\u00faty"},"schema":{"@context":"https:\/\/schema.org","@graph":[{"@type":"Article","@id":"https:\/\/pmza.sk\/?p=5536#article","isPartOf":{"@id":"https:\/\/pmza.sk\/?p=5536"},"author":{"name":"Pova\u017esk\u00e9 m\u00fazeum","@id":"https:\/\/pmza.sk\/#\/schema\/person\/595e6a2ce731ea94dcd5d7f50a41ae33"},"headline":"Prepad historick\u00e9ho vlaku po\u010das Noci m\u00faze\u00ed a gal\u00e9ri\u00ed 2012","datePublished":"2012-05-10T08:45:40+00:00","mainEntityOfPage":{"@id":"https:\/\/pmza.sk\/?p=5536"},"wordCount":423,"publisher":{"@id":"https:\/\/pmza.sk\/#organization"},"image":{"@id":"https:\/\/pmza.sk\/?p=5536#primaryimage"},"thumbnailUrl":"https:\/\/pmza.sk\/wp-content\/uploads\/2012\/05\/Hurvinek_Strecno.jpg","articleSection":["Arch\u00edv 2012"],"inLanguage":"sk-SK"},{"@type":"WebPage","@id":"https:\/\/pmza.sk\/?p=5536","url":"https:\/\/pmza.sk\/?p=5536","name":"Prepad historick\u00e9ho vlaku po\u010das Noci m\u00faze\u00ed a gal\u00e9ri\u00ed 2012 - Pova\u017esk\u00e9 m\u00fazeum","isPartOf":{"@id":"https:\/\/pmza.sk\/#website"},"primaryImageOfPage":{"@id":"https:\/\/pmza.sk\/?p=5536#primaryimage"},"image":{"@id":"https:\/\/pmza.sk\/?p=5536#primaryimage"},"thumbnailUrl":"https:\/\/pmza.sk\/wp-content\/uploads\/2012\/05\/Hurvinek_Strecno.jpg","datePublished":"2012-05-10T08:45:40+00:00","breadcrumb":{"@id":"https:\/\/pmza.sk\/?p=5536#breadcrumb"},"inLanguage":"sk-SK","potentialAction":[{"@type":"ReadAction","target":["https:\/\/pmza.sk\/?p=5536"]}]},{"@type":"ImageObject","inLanguage":"sk-SK","@id":"https:\/\/pmza.sk\/?p=5536#primaryimage","url":"https:\/\/pmza.sk\/wp-content\/uploads\/2012\/05\/Hurvinek_Strecno.jpg","contentUrl":"https:\/\/pmza.sk\/wp-content\/uploads\/2012\/05\/Hurvinek_Strecno.jpg","width":500,"height":333},{"@type":"BreadcrumbList","@id":"https:\/\/pmza.sk\/?p=5536#breadcrumb","itemListElement":[{"@type":"ListItem","position":1,"name":"Domovsk\u00e1 str\u00e1nka","item":"https:\/\/pmza.sk\/"},{"@type":"ListItem","position":2,"name":"Prepad historick\u00e9ho vlaku po\u010das Noci m\u00faze\u00ed a gal\u00e9ri\u00ed 2012"}]},{"@type":"WebSite","@id":"https:\/\/pmza.sk\/#website","url":"https:\/\/pmza.sk\/","name":"Pova\u017esk\u00e9 m\u00fazeum","description":"Pova\u017esk\u00e9 m\u00fazeum v \u017diline je region\u00e1lne m\u00fazeum so s\u00eddlom v Budat\u00edne. Jeho expoz\u00edcie s\u00fa zameran\u00e9 na dejiny slovensk\u00e9ho umenia, kult\u00fary a dopravy.","publisher":{"@id":"https:\/\/pmza.sk\/#organization"},"potentialAction":[{"@type":"SearchAction","target":{"@type":"EntryPoint","urlTemplate":"https:\/\/pmza.sk\/?s={search_term_string}"},"query-input":{"@type":"PropertyValueSpecification","valueRequired":true,"valueName":"search_term_string"}}],"inLanguage":"sk-SK"},{"@type":"Organization","@id":"https:\/\/pmza.sk\/#organization","name":"Pova\u017esk\u00e9 m\u00fazeum","url":"https:\/\/pmza.sk\/","logo":{"@type":"ImageObject","inLanguage":"sk-SK","@id":"https:\/\/pmza.sk\/#\/schema\/logo\/image\/","url":"https:\/\/pmza.sk\/wp-content\/uploads\/2022\/01\/logo_PM_horizontal.jpg","contentUrl":"https:\/\/pmza.sk\/wp-content\/uploads\/2022\/01\/logo_PM_horizontal.jpg","width":231,"height":142,"caption":"Pova\u017esk\u00e9 m\u00fazeum"},"image":{"@id":"https:\/\/pmza.sk\/#\/schema\/logo\/image\/"},"sameAs":["https:\/\/www.facebook.com\/povazskemuzeum","https:\/\/www.instagram.com\/povazskemuzeum\/"]},{"@type":"Person","@id":"https:\/\/pmza.sk\/#\/schema\/person\/595e6a2ce731ea94dcd5d7f50a41ae33","name":"Pova\u017esk\u00e9 m\u00fazeum","image":{"@type":"ImageObject","inLanguage":"sk-SK","@id":"https:\/\/secure.gravatar.com\/avatar\/2bb7f1561282132fb5826dfeccc66c7996d11ee392ac6aaf7ced8a1c2027fbb2?s=96&d=mm&r=g","url":"https:\/\/secure.gravatar.com\/avatar\/2bb7f1561282132fb5826dfeccc66c7996d11ee392ac6aaf7ced8a1c2027fbb2?s=96&d=mm&r=g","contentUrl":"https:\/\/secure.gravatar.com\/avatar\/2bb7f1561282132fb5826dfeccc66c7996d11ee392ac6aaf7ced8a1c2027fbb2?s=96&d=mm&r=g","caption":"Pova\u017esk\u00e9 m\u00fazeum"}}]}},"_links":{"self":[{"href":"https:\/\/pmza.sk\/index.php?rest_route=\/wp\/v2\/posts\/5536","targetHints":{"allow":["GET"]}}],"collection":[{"href":"https:\/\/pmza.sk\/index.php?rest_route=\/wp\/v2\/posts"}],"about":[{"href":"https:\/\/pmza.sk\/index.php?rest_route=\/wp\/v2\/types\/post"}],"author":[{"embeddable":true,"href":"https:\/\/pmza.sk\/index.php?rest_route=\/wp\/v2\/users\/2"}],"replies":[{"embeddable":true,"href":"https:\/\/pmza.sk\/index.php?rest_route=%2Fwp%2Fv2%2Fcomments&post=5536"}],"version-history":[{"count":0,"href":"https:\/\/pmza.sk\/index.php?rest_route=\/wp\/v2\/posts\/5536\/revisions"}],"wp:attachment":[{"href":"https:\/\/pmza.sk\/index.php?rest_route=%2Fwp%2Fv2%2Fmedia&parent=5536"}],"wp:term":[{"taxonomy":"category","embeddable":true,"href":"https:\/\/pmza.sk\/index.php?rest_route=%2Fwp%2Fv2%2Fcategories&post=5536"},{"taxonomy":"post_tag","embeddable":true,"href":"https:\/\/pmza.sk\/index.php?rest_route=%2Fwp%2Fv2%2Ftags&post=5536"}],"curies":[{"name":"wp","href":"https:\/\/api.w.org\/{rel}","templated":true}]}}