{"id":55387,"date":"2023-03-01T14:45:34","date_gmt":"2023-03-01T13:45:34","guid":{"rendered":"https:\/\/pmza.sk\/?p=55387"},"modified":"2025-05-15T07:06:11","modified_gmt":"2025-05-15T05:06:11","slug":"leporelo-je-zbierkovym-predmetom-marca","status":"publish","type":"post","link":"https:\/\/pmza.sk\/?p=55387","title":{"rendered":"Leporelo je zbierkov\u00fdm predmetom marca"},"content":{"rendered":"<p>Ke\u010f sa povie marec, takmer ka\u017ed\u00e9mu hne\u010f napadne, \u017ee je to mesiac kn\u00edh. No viete, pre\u010do je to tak? D\u0148a 10. marca 1796 sa v\u00a0obci P\u00edla pri Tisovci (Gemer) narodil Matej Hrebenda. L\u00e1sku ku knih\u00e1m z\u00edskal u\u017e v\u00a0detstve, ke\u010f\u017ee \u010dlenovia jeho rodu patrili k\u00a0v\u00fdznamn\u00fdm malohontsk\u00fdm rodom, ktor\u00e9 mali podiel na rozvoji duchovn\u00e9ho \u017eivota v danom\u00a0regi\u00f3ne. Matej za\u010dal v\u00a0detstve postupne str\u00e1ca\u0165 zrak, napriek tomu sa nau\u010dil \u010d\u00edta\u0165 a\u00a0p\u00edsa\u0165, dokonca nesk\u00f4r s\u00e1m za\u010dal tvori\u0165 \u2013 duchovn\u00e9 n\u00e1bo\u017eensk\u00e9 piesne, oslavn\u00fa po\u00e9ziu, pohrebn\u00e9 a\u00a0rozl\u00fa\u010dkov\u00e9 vin\u0161e. Postupom \u010dasu sa z\u00a0nevidiaceho Mateja Hrebendu stal \u0161\u00edrite\u013e kni\u017enej kult\u00fary, ktor\u00fd nielen\u017ee r\u00e1d \u010d\u00edtal \u010di nesk\u00f4r si d\u00e1val \u010d\u00edta\u0165, ale r\u00e1d informoval o\u00a0pre\u010d\u00edtanom, zbieral, kupoval, pred\u00e1val a\u00a0zaobstar\u00e1val knihy z\u00e1mo\u017enej\u0161\u00edm rodin\u00e1m, ale aj prost\u00e9mu slovensk\u00e9mu \u013eudu. Stal sa v\u00fdznamn\u00fdm kolport\u00e9rom (predajcom a distrib\u00fatorom) slovensk\u00fdch a\u00a0\u010desk\u00fdch kn\u00edh a\u00a0kalend\u00e1rov. Bez z\u00e1prahu a\u00a0voza pre\u0161iel na svojich noh\u00e1ch v\u00e4\u010d\u0161inu slovensk\u00fdch krajov. Spo\u010diatku cestoval s\u00e1m, nesk\u00f4r so sprievodcom. Na cest\u00e1ch zachra\u0148oval pred zni\u010den\u00edm star\u00e9 knihy, posielal ich do \u0161k\u00f4l, spolkov alebo ich don\u00e1\u0161al popredn\u00fdm vzdelancom. Takto zachr\u00e1nil mnoho kn\u00edh a\u00a0pri\u010dinil sa ve\u013ekou mierou o\u00a0budovanie kni\u017en\u00edc. Po\u010das svojich ciest sa stretol s\u00a0viacer\u00fdmi n\u00e1rodn\u00fdmi dejate\u013emi, napr. Michalom Miloslavom Hod\u017eom, Andrejom Sl\u00e1dkovi\u010dom, J\u00e1nom Chal\u00fapkom \u010di J\u00e1nom Koll\u00e1rom.<\/p>\n<p>Ke\u010f Matejovi zoslabli nohy nato\u013eko, \u017ee u\u017e nevl\u00e1dal cestova\u0165, stal sa trafikantom &#8211; pred\u00e1val tabak, svie\u010dky a\u00a0ocot. V\u00a0marci 1880 ochorel, a\u017e napokon d\u0148a 16. marca 1880 skonal. Na po\u010des\u0165 Mateja Hrebendu, ktor\u00fd sa narodil a aj zomrel v\u00a0marci, je od roku 1955 marec vyhl\u00e1sen\u00fd za mesiac knihy.<\/p>\n<p>V\u00a0my\u0161lienke \u0161\u00edrenia kni\u017enej kult\u00fary chceme pokra\u010dova\u0165 aj my, preto sme vybrali ako zbierkov\u00fd predmet mesiaca leporelo. Leporelo je \u00a0kniha, ktor\u00e1 je harmonikovo skladan\u00e1, bohato zdoben\u00e1, s\u00a0minimom textu a\u00a0n\u00edzkym po\u010dtom str\u00e1n. Jednotliv\u00e9 strany s\u00fa zv\u00e4\u010d\u0161a z\u00a0tvrd\u00e9ho papiera, navz\u00e1jom zlepen\u00e9 alebo zo\u0161it\u00e9 za bo\u010dn\u00fd okraj. N\u00e1zov <strong>leporelo<\/strong> je odvoden\u00fd od postavy sluhu s\u00a0menom Leporello v\u00a0opere Don Giovanni od W. A. Mozarta, kde spom\u00ednan\u00fd sluha spisoval podrobn\u00fd zoznam mileniek svojho p\u00e1na.<\/p>\n<p>Zbierkov\u00fdm predmetom mesiaca nie je \u00faplne typick\u00e9 ,,harmonikov\u00e9\u201c leporelo, ale ide o kart\u00f3nov\u00e9\u00a0leporelo s\u00a0priestorov\u00fdmi obr\u00e1zkami. V\u00a0ed\u00edcii plastick\u00fdch rozpr\u00e1vok s\u00a0n\u00e1zvom <em>Paletov\u00e9 skl\u00e1da\u010dky<\/em> vy\u0161lo 5 \u010d\u00edsel:<\/p>\n<ol>\n<li>Z\u00a0\u0159\u00ed\u0161e poh\u00e1dek.<\/li>\n<li>Na Slov\u00e1cku.<\/li>\n<li>V\u00a0\u0159\u00ed\u0161i kv\u011btin.<\/li>\n<li>Kolem sv\u011bta.<\/li>\n<li>T\u0159i zlat\u00e9 vlasy d\u011bda v\u0161ev\u011bda.<\/li>\n<\/ol>\n<p>Cena ka\u017ed\u00e9ho zv\u00e4zku predstavovala sumu 65 K\u010ds. Vydali ich Spole\u010densk\u00e9 podniky v\u00a0P\u0159erove v\u00a0rokoch 1947-1948.<\/p>\n<p>Zbierkov\u00fdm predmetom mesiaca je leporelo s\u00a0n\u00e1zvom <strong>Na Slov\u00e1cku<\/strong>. Autorom ver\u0161ov a\u00a0obr\u00e1zkov s\u00a0\u00fastrednou postavou maliara Paletu bol Vladim\u00edr Babula, ktor\u00fd v\u00a0spom\u00ednanom titule prostredn\u00edctvom ver\u0161ov pribli\u017euje men\u0161\u00edm \u010ditate\u013eom \u0161tyri ro\u010dn\u00e9 obdobia.<\/p>\n<p>&nbsp;<\/p>\n<p><strong>Text:<\/strong> Mgr. Dominika Hlob\u00edkov\u00e1, histori\u010dka Pova\u017esk\u00e9ho m\u00fazea<\/p>\n<p><strong>Zdroj:<\/strong> https:\/\/www.skn.sk\/novinky\/matej-hrebenda-a-kniznica-v-kontexte-odkazu-nevidiaceho-siritela-kniznej-kultury<\/p>\n<div class=\"wp-block-image\"><img fetchpriority=\"high\" decoding=\"async\" class=\"alignnone wp-image-55388\" src=\"https:\/\/pmza.sk\/wp-content\/uploads\/2023\/03\/1-3-540x360.jpg\" alt=\"\" width=\"538\" height=\"358\" srcset=\"https:\/\/pmza.sk\/wp-content\/uploads\/2023\/03\/1-3-540x360.jpg 540w, https:\/\/pmza.sk\/wp-content\/uploads\/2023\/03\/1-3-1103x736.jpg 1103w, https:\/\/pmza.sk\/wp-content\/uploads\/2023\/03\/1-3-768x512.jpg 768w, https:\/\/pmza.sk\/wp-content\/uploads\/2023\/03\/1-3-1536x1025.jpg 1536w, https:\/\/pmza.sk\/wp-content\/uploads\/2023\/03\/1-3-2048x1367.jpg 2048w, https:\/\/pmza.sk\/wp-content\/uploads\/2023\/03\/1-3-600x400.jpg 600w\" sizes=\"(max-width: 538px) 100vw, 538px\" \/><\/div>\n<div><\/div>\n<div class=\"wp-block-image\">\n<div class=\"wp-block-image\">\n<p><img decoding=\"async\" class=\"alignnone wp-image-55389\" src=\"https:\/\/pmza.sk\/wp-content\/uploads\/2023\/03\/2-3-276x360.jpg\" alt=\"\" width=\"420\" height=\"547\" \/><\/p>\n<div class=\"wp-block-image\"><img decoding=\"async\" class=\"alignnone wp-image-55390\" src=\"https:\/\/pmza.sk\/wp-content\/uploads\/2023\/03\/3-272x360.jpg\" alt=\"\" width=\"420\" height=\"556\" srcset=\"https:\/\/pmza.sk\/wp-content\/uploads\/2023\/03\/3-272x360.jpg 272w, https:\/\/pmza.sk\/wp-content\/uploads\/2023\/03\/3-556x736.jpg 556w, https:\/\/pmza.sk\/wp-content\/uploads\/2023\/03\/3-768x1017.jpg 768w, https:\/\/pmza.sk\/wp-content\/uploads\/2023\/03\/3-1160x1536.jpg 1160w, https:\/\/pmza.sk\/wp-content\/uploads\/2023\/03\/3-1547x2048.jpg 1547w, https:\/\/pmza.sk\/wp-content\/uploads\/2023\/03\/3-600x795.jpg 600w, https:\/\/pmza.sk\/wp-content\/uploads\/2023\/03\/3-scaled.jpg 1933w\" sizes=\"(max-width: 420px) 100vw, 420px\" \/><\/div>\n<div>\n<div><\/div>\n<div><img loading=\"lazy\" decoding=\"async\" class=\"alignnone wp-image-55391\" style=\"font-style: inherit; font-weight: inherit;\" src=\"https:\/\/pmza.sk\/wp-content\/uploads\/2023\/03\/4-272x360.jpg\" alt=\"\" width=\"418\" height=\"553\" srcset=\"https:\/\/pmza.sk\/wp-content\/uploads\/2023\/03\/4-272x360.jpg 272w, https:\/\/pmza.sk\/wp-content\/uploads\/2023\/03\/4-556x736.jpg 556w, https:\/\/pmza.sk\/wp-content\/uploads\/2023\/03\/4-768x1017.jpg 768w, https:\/\/pmza.sk\/wp-content\/uploads\/2023\/03\/4-1160x1536.jpg 1160w, https:\/\/pmza.sk\/wp-content\/uploads\/2023\/03\/4-1547x2048.jpg 1547w, https:\/\/pmza.sk\/wp-content\/uploads\/2023\/03\/4-600x794.jpg 600w, https:\/\/pmza.sk\/wp-content\/uploads\/2023\/03\/4-scaled.jpg 1933w\" sizes=\"(max-width: 418px) 100vw, 418px\" \/><\/div>\n<div><\/div>\n<div class=\"wp-block-image\">\n<div><\/div>\n<div class=\"wp-block-image\"><img loading=\"lazy\" decoding=\"async\" class=\"alignnone wp-image-55392\" src=\"https:\/\/pmza.sk\/wp-content\/uploads\/2023\/03\/5-273x360.jpg\" alt=\"\" width=\"416\" height=\"549\" srcset=\"https:\/\/pmza.sk\/wp-content\/uploads\/2023\/03\/5-273x360.jpg 273w, https:\/\/pmza.sk\/wp-content\/uploads\/2023\/03\/5-558x736.jpg 558w, https:\/\/pmza.sk\/wp-content\/uploads\/2023\/03\/5-768x1012.jpg 768w, https:\/\/pmza.sk\/wp-content\/uploads\/2023\/03\/5-1165x1536.jpg 1165w, https:\/\/pmza.sk\/wp-content\/uploads\/2023\/03\/5-1554x2048.jpg 1554w, https:\/\/pmza.sk\/wp-content\/uploads\/2023\/03\/5-600x791.jpg 600w, https:\/\/pmza.sk\/wp-content\/uploads\/2023\/03\/5-scaled.jpg 1942w\" sizes=\"(max-width: 416px) 100vw, 416px\" \/><\/div>\n<\/div>\n<\/div>\n<\/div>\n<\/div>\n","protected":false},"excerpt":{"rendered":"<p>Ke\u010f sa povie marec, takmer ka\u017ed\u00e9mu hne\u010f napadne, \u017ee je to mesiac kn\u00edh. No viete, pre\u010do je to tak? D\u0148a 10. marca 1796 sa v\u00a0obci P\u00edla pri Tisovci (Gemer) narodil Matej Hrebenda. L\u00e1sku ku knih\u00e1m z\u00edskal u\u017e v\u00a0detstve, ke\u010f\u017ee \u010dlenovia jeho rodu patrili k\u00a0v\u00fdznamn\u00fdm malohontsk\u00fdm rodom, ktor\u00e9 mali podiel na rozvoji duchovn\u00e9ho \u017eivota v danom\u00a0regi\u00f3ne. [&hellip;]<\/p>\n","protected":false},"author":2,"featured_media":55403,"comment_status":"closed","ping_status":"closed","sticky":false,"template":"","format":"standard","meta":{"site-sidebar-layout":"default","site-content-layout":"default","ast-site-content-layout":"default","site-content-style":"default","site-sidebar-style":"default","ast-global-header-display":"","ast-banner-title-visibility":"","ast-main-header-display":"","ast-hfb-above-header-display":"","ast-hfb-below-header-display":"","ast-hfb-mobile-header-display":"","site-post-title":"","ast-breadcrumbs-content":"","ast-featured-img":"","footer-sml-layout":"","theme-transparent-header-meta":"default","adv-header-id-meta":"","stick-header-meta":"default","header-above-stick-meta":"","header-main-stick-meta":"","header-below-stick-meta":"","astra-migrate-meta-layouts":"set","ast-page-background-enabled":"default","ast-page-background-meta":{"desktop":{"background-color":"var(--ast-global-color-4)","background-image":"","background-repeat":"repeat","background-position":"center center","background-size":"auto","background-attachment":"scroll","background-type":"","background-media":"","overlay-type":"","overlay-color":"","overlay-opacity":"","overlay-gradient":""},"tablet":{"background-color":"","background-image":"","background-repeat":"repeat","background-position":"center center","background-size":"auto","background-attachment":"scroll","background-type":"","background-media":"","overlay-type":"","overlay-color":"","overlay-opacity":"","overlay-gradient":""},"mobile":{"background-color":"","background-image":"","background-repeat":"repeat","background-position":"center center","background-size":"auto","background-attachment":"scroll","background-type":"","background-media":"","overlay-type":"","overlay-color":"","overlay-opacity":"","overlay-gradient":""}},"ast-content-background-meta":{"desktop":{"background-color":"var(--ast-global-color-5)","background-image":"","background-repeat":"repeat","background-position":"center center","background-size":"auto","background-attachment":"scroll","background-type":"","background-media":"","overlay-type":"","overlay-color":"","overlay-opacity":"","overlay-gradient":""},"tablet":{"background-color":"var(--ast-global-color-5)","background-image":"","background-repeat":"repeat","background-position":"center center","background-size":"auto","background-attachment":"scroll","background-type":"","background-media":"","overlay-type":"","overlay-color":"","overlay-opacity":"","overlay-gradient":""},"mobile":{"background-color":"var(--ast-global-color-5)","background-image":"","background-repeat":"repeat","background-position":"center center","background-size":"auto","background-attachment":"scroll","background-type":"","background-media":"","overlay-type":"","overlay-color":"","overlay-opacity":"","overlay-gradient":""}},"footnotes":""},"categories":[31],"tags":[],"class_list":["post-55387","post","type-post","status-publish","format-standard","has-post-thumbnail","hentry","category-aktuality"],"yoast_head":"<!-- This site is optimized with the Yoast SEO plugin v27.4 - https:\/\/yoast.com\/product\/yoast-seo-wordpress\/ -->\n<title>Leporelo je zbierkov\u00fdm predmetom marca - Pova\u017esk\u00e9 m\u00fazeum<\/title>\n<meta name=\"robots\" content=\"index, follow, max-snippet:-1, max-image-preview:large, max-video-preview:-1\" \/>\n<link rel=\"canonical\" href=\"https:\/\/pmza.sk\/?p=55387\" \/>\n<meta property=\"og:locale\" content=\"sk_SK\" \/>\n<meta property=\"og:type\" content=\"article\" \/>\n<meta property=\"og:title\" content=\"Leporelo je zbierkov\u00fdm predmetom marca - Pova\u017esk\u00e9 m\u00fazeum\" \/>\n<meta property=\"og:description\" content=\"Ke\u010f sa povie marec, takmer ka\u017ed\u00e9mu hne\u010f napadne, \u017ee je to mesiac kn\u00edh. No viete, pre\u010do je to tak? D\u0148a 10. marca 1796 sa v\u00a0obci P\u00edla pri Tisovci (Gemer) narodil Matej Hrebenda. L\u00e1sku ku knih\u00e1m z\u00edskal u\u017e v\u00a0detstve, ke\u010f\u017ee \u010dlenovia jeho rodu patrili k\u00a0v\u00fdznamn\u00fdm malohontsk\u00fdm rodom, ktor\u00e9 mali podiel na rozvoji duchovn\u00e9ho \u017eivota v danom\u00a0regi\u00f3ne. [&hellip;]\" \/>\n<meta property=\"og:url\" content=\"https:\/\/pmza.sk\/?p=55387\" \/>\n<meta property=\"og:site_name\" content=\"Pova\u017esk\u00e9 m\u00fazeum\" \/>\n<meta property=\"article:publisher\" content=\"https:\/\/www.facebook.com\/povazskemuzeum\" \/>\n<meta property=\"article:published_time\" content=\"2023-03-01T13:45:34+00:00\" \/>\n<meta property=\"article:modified_time\" content=\"2025-05-15T05:06:11+00:00\" \/>\n<meta property=\"og:image\" content=\"https:\/\/pmza.sk\/wp-content\/uploads\/2023\/03\/20230301_15070u-scaled.jpg\" \/>\n\t<meta property=\"og:image:width\" content=\"2560\" \/>\n\t<meta property=\"og:image:height\" content=\"1927\" \/>\n\t<meta property=\"og:image:type\" content=\"image\/jpeg\" \/>\n<meta name=\"author\" content=\"Pova\u017esk\u00e9 m\u00fazeum\" \/>\n<meta name=\"twitter:card\" content=\"summary_large_image\" \/>\n<meta name=\"twitter:label1\" content=\"Autor\" \/>\n\t<meta name=\"twitter:data1\" content=\"Pova\u017esk\u00e9 m\u00fazeum\" \/>\n\t<meta name=\"twitter:label2\" content=\"Predpokladan\u00fd \u010das \u010d\u00edtania\" \/>\n\t<meta name=\"twitter:data2\" content=\"3 min\u00faty\" \/>\n<script type=\"application\/ld+json\" class=\"yoast-schema-graph\">{\"@context\":\"https:\\\/\\\/schema.org\",\"@graph\":[{\"@type\":\"Article\",\"@id\":\"https:\\\/\\\/pmza.sk\\\/?p=55387#article\",\"isPartOf\":{\"@id\":\"https:\\\/\\\/pmza.sk\\\/?p=55387\"},\"author\":{\"name\":\"Pova\u017esk\u00e9 m\u00fazeum\",\"@id\":\"https:\\\/\\\/pmza.sk\\\/#\\\/schema\\\/person\\\/595e6a2ce731ea94dcd5d7f50a41ae33\"},\"headline\":\"Leporelo je zbierkov\u00fdm predmetom marca\",\"datePublished\":\"2023-03-01T13:45:34+00:00\",\"dateModified\":\"2025-05-15T05:06:11+00:00\",\"mainEntityOfPage\":{\"@id\":\"https:\\\/\\\/pmza.sk\\\/?p=55387\"},\"wordCount\":582,\"publisher\":{\"@id\":\"https:\\\/\\\/pmza.sk\\\/#organization\"},\"image\":{\"@id\":\"https:\\\/\\\/pmza.sk\\\/?p=55387#primaryimage\"},\"thumbnailUrl\":\"https:\\\/\\\/pmza.sk\\\/wp-content\\\/uploads\\\/2023\\\/03\\\/20230301_15070u-scaled.jpg\",\"articleSection\":[\"Aktuality\"],\"inLanguage\":\"sk-SK\"},{\"@type\":\"WebPage\",\"@id\":\"https:\\\/\\\/pmza.sk\\\/?p=55387\",\"url\":\"https:\\\/\\\/pmza.sk\\\/?p=55387\",\"name\":\"Leporelo je zbierkov\u00fdm predmetom marca - Pova\u017esk\u00e9 m\u00fazeum\",\"isPartOf\":{\"@id\":\"https:\\\/\\\/pmza.sk\\\/#website\"},\"primaryImageOfPage\":{\"@id\":\"https:\\\/\\\/pmza.sk\\\/?p=55387#primaryimage\"},\"image\":{\"@id\":\"https:\\\/\\\/pmza.sk\\\/?p=55387#primaryimage\"},\"thumbnailUrl\":\"https:\\\/\\\/pmza.sk\\\/wp-content\\\/uploads\\\/2023\\\/03\\\/20230301_15070u-scaled.jpg\",\"datePublished\":\"2023-03-01T13:45:34+00:00\",\"dateModified\":\"2025-05-15T05:06:11+00:00\",\"breadcrumb\":{\"@id\":\"https:\\\/\\\/pmza.sk\\\/?p=55387#breadcrumb\"},\"inLanguage\":\"sk-SK\",\"potentialAction\":[{\"@type\":\"ReadAction\",\"target\":[\"https:\\\/\\\/pmza.sk\\\/?p=55387\"]}]},{\"@type\":\"ImageObject\",\"inLanguage\":\"sk-SK\",\"@id\":\"https:\\\/\\\/pmza.sk\\\/?p=55387#primaryimage\",\"url\":\"https:\\\/\\\/pmza.sk\\\/wp-content\\\/uploads\\\/2023\\\/03\\\/20230301_15070u-scaled.jpg\",\"contentUrl\":\"https:\\\/\\\/pmza.sk\\\/wp-content\\\/uploads\\\/2023\\\/03\\\/20230301_15070u-scaled.jpg\",\"width\":2560,\"height\":1927},{\"@type\":\"BreadcrumbList\",\"@id\":\"https:\\\/\\\/pmza.sk\\\/?p=55387#breadcrumb\",\"itemListElement\":[{\"@type\":\"ListItem\",\"position\":1,\"name\":\"Domovsk\u00e1 str\u00e1nka\",\"item\":\"https:\\\/\\\/pmza.sk\\\/\"},{\"@type\":\"ListItem\",\"position\":2,\"name\":\"Leporelo je zbierkov\u00fdm predmetom marca\"}]},{\"@type\":\"WebSite\",\"@id\":\"https:\\\/\\\/pmza.sk\\\/#website\",\"url\":\"https:\\\/\\\/pmza.sk\\\/\",\"name\":\"Pova\u017esk\u00e9 m\u00fazeum\",\"description\":\"Pova\u017esk\u00e9 m\u00fazeum v \u017diline je region\u00e1lne m\u00fazeum so s\u00eddlom v Budat\u00edne. Jeho expoz\u00edcie s\u00fa zameran\u00e9 na dejiny slovensk\u00e9ho umenia, kult\u00fary a dopravy.\",\"publisher\":{\"@id\":\"https:\\\/\\\/pmza.sk\\\/#organization\"},\"potentialAction\":[{\"@type\":\"SearchAction\",\"target\":{\"@type\":\"EntryPoint\",\"urlTemplate\":\"https:\\\/\\\/pmza.sk\\\/?s={search_term_string}\"},\"query-input\":{\"@type\":\"PropertyValueSpecification\",\"valueRequired\":true,\"valueName\":\"search_term_string\"}}],\"inLanguage\":\"sk-SK\"},{\"@type\":\"Organization\",\"@id\":\"https:\\\/\\\/pmza.sk\\\/#organization\",\"name\":\"Pova\u017esk\u00e9 m\u00fazeum\",\"url\":\"https:\\\/\\\/pmza.sk\\\/\",\"logo\":{\"@type\":\"ImageObject\",\"inLanguage\":\"sk-SK\",\"@id\":\"https:\\\/\\\/pmza.sk\\\/#\\\/schema\\\/logo\\\/image\\\/\",\"url\":\"https:\\\/\\\/pmza.sk\\\/wp-content\\\/uploads\\\/2022\\\/01\\\/logo_PM_horizontal.jpg\",\"contentUrl\":\"https:\\\/\\\/pmza.sk\\\/wp-content\\\/uploads\\\/2022\\\/01\\\/logo_PM_horizontal.jpg\",\"width\":231,\"height\":142,\"caption\":\"Pova\u017esk\u00e9 m\u00fazeum\"},\"image\":{\"@id\":\"https:\\\/\\\/pmza.sk\\\/#\\\/schema\\\/logo\\\/image\\\/\"},\"sameAs\":[\"https:\\\/\\\/www.facebook.com\\\/povazskemuzeum\",\"https:\\\/\\\/www.instagram.com\\\/povazskemuzeum\\\/\"]},{\"@type\":\"Person\",\"@id\":\"https:\\\/\\\/pmza.sk\\\/#\\\/schema\\\/person\\\/595e6a2ce731ea94dcd5d7f50a41ae33\",\"name\":\"Pova\u017esk\u00e9 m\u00fazeum\",\"image\":{\"@type\":\"ImageObject\",\"inLanguage\":\"sk-SK\",\"@id\":\"https:\\\/\\\/secure.gravatar.com\\\/avatar\\\/2bb7f1561282132fb5826dfeccc66c7996d11ee392ac6aaf7ced8a1c2027fbb2?s=96&d=mm&r=g\",\"url\":\"https:\\\/\\\/secure.gravatar.com\\\/avatar\\\/2bb7f1561282132fb5826dfeccc66c7996d11ee392ac6aaf7ced8a1c2027fbb2?s=96&d=mm&r=g\",\"contentUrl\":\"https:\\\/\\\/secure.gravatar.com\\\/avatar\\\/2bb7f1561282132fb5826dfeccc66c7996d11ee392ac6aaf7ced8a1c2027fbb2?s=96&d=mm&r=g\",\"caption\":\"Pova\u017esk\u00e9 m\u00fazeum\"}}]}<\/script>\n<!-- \/ Yoast SEO plugin. -->","yoast_head_json":{"title":"Leporelo je zbierkov\u00fdm predmetom marca - Pova\u017esk\u00e9 m\u00fazeum","robots":{"index":"index","follow":"follow","max-snippet":"max-snippet:-1","max-image-preview":"max-image-preview:large","max-video-preview":"max-video-preview:-1"},"canonical":"https:\/\/pmza.sk\/?p=55387","og_locale":"sk_SK","og_type":"article","og_title":"Leporelo je zbierkov\u00fdm predmetom marca - Pova\u017esk\u00e9 m\u00fazeum","og_description":"Ke\u010f sa povie marec, takmer ka\u017ed\u00e9mu hne\u010f napadne, \u017ee je to mesiac kn\u00edh. No viete, pre\u010do je to tak? D\u0148a 10. marca 1796 sa v\u00a0obci P\u00edla pri Tisovci (Gemer) narodil Matej Hrebenda. L\u00e1sku ku knih\u00e1m z\u00edskal u\u017e v\u00a0detstve, ke\u010f\u017ee \u010dlenovia jeho rodu patrili k\u00a0v\u00fdznamn\u00fdm malohontsk\u00fdm rodom, ktor\u00e9 mali podiel na rozvoji duchovn\u00e9ho \u017eivota v danom\u00a0regi\u00f3ne. [&hellip;]","og_url":"https:\/\/pmza.sk\/?p=55387","og_site_name":"Pova\u017esk\u00e9 m\u00fazeum","article_publisher":"https:\/\/www.facebook.com\/povazskemuzeum","article_published_time":"2023-03-01T13:45:34+00:00","article_modified_time":"2025-05-15T05:06:11+00:00","og_image":[{"width":2560,"height":1927,"url":"https:\/\/pmza.sk\/wp-content\/uploads\/2023\/03\/20230301_15070u-scaled.jpg","type":"image\/jpeg"}],"author":"Pova\u017esk\u00e9 m\u00fazeum","twitter_card":"summary_large_image","twitter_misc":{"Autor":"Pova\u017esk\u00e9 m\u00fazeum","Predpokladan\u00fd \u010das \u010d\u00edtania":"3 min\u00faty"},"schema":{"@context":"https:\/\/schema.org","@graph":[{"@type":"Article","@id":"https:\/\/pmza.sk\/?p=55387#article","isPartOf":{"@id":"https:\/\/pmza.sk\/?p=55387"},"author":{"name":"Pova\u017esk\u00e9 m\u00fazeum","@id":"https:\/\/pmza.sk\/#\/schema\/person\/595e6a2ce731ea94dcd5d7f50a41ae33"},"headline":"Leporelo je zbierkov\u00fdm predmetom marca","datePublished":"2023-03-01T13:45:34+00:00","dateModified":"2025-05-15T05:06:11+00:00","mainEntityOfPage":{"@id":"https:\/\/pmza.sk\/?p=55387"},"wordCount":582,"publisher":{"@id":"https:\/\/pmza.sk\/#organization"},"image":{"@id":"https:\/\/pmza.sk\/?p=55387#primaryimage"},"thumbnailUrl":"https:\/\/pmza.sk\/wp-content\/uploads\/2023\/03\/20230301_15070u-scaled.jpg","articleSection":["Aktuality"],"inLanguage":"sk-SK"},{"@type":"WebPage","@id":"https:\/\/pmza.sk\/?p=55387","url":"https:\/\/pmza.sk\/?p=55387","name":"Leporelo je zbierkov\u00fdm predmetom marca - Pova\u017esk\u00e9 m\u00fazeum","isPartOf":{"@id":"https:\/\/pmza.sk\/#website"},"primaryImageOfPage":{"@id":"https:\/\/pmza.sk\/?p=55387#primaryimage"},"image":{"@id":"https:\/\/pmza.sk\/?p=55387#primaryimage"},"thumbnailUrl":"https:\/\/pmza.sk\/wp-content\/uploads\/2023\/03\/20230301_15070u-scaled.jpg","datePublished":"2023-03-01T13:45:34+00:00","dateModified":"2025-05-15T05:06:11+00:00","breadcrumb":{"@id":"https:\/\/pmza.sk\/?p=55387#breadcrumb"},"inLanguage":"sk-SK","potentialAction":[{"@type":"ReadAction","target":["https:\/\/pmza.sk\/?p=55387"]}]},{"@type":"ImageObject","inLanguage":"sk-SK","@id":"https:\/\/pmza.sk\/?p=55387#primaryimage","url":"https:\/\/pmza.sk\/wp-content\/uploads\/2023\/03\/20230301_15070u-scaled.jpg","contentUrl":"https:\/\/pmza.sk\/wp-content\/uploads\/2023\/03\/20230301_15070u-scaled.jpg","width":2560,"height":1927},{"@type":"BreadcrumbList","@id":"https:\/\/pmza.sk\/?p=55387#breadcrumb","itemListElement":[{"@type":"ListItem","position":1,"name":"Domovsk\u00e1 str\u00e1nka","item":"https:\/\/pmza.sk\/"},{"@type":"ListItem","position":2,"name":"Leporelo je zbierkov\u00fdm predmetom marca"}]},{"@type":"WebSite","@id":"https:\/\/pmza.sk\/#website","url":"https:\/\/pmza.sk\/","name":"Pova\u017esk\u00e9 m\u00fazeum","description":"Pova\u017esk\u00e9 m\u00fazeum v \u017diline je region\u00e1lne m\u00fazeum so s\u00eddlom v Budat\u00edne. Jeho expoz\u00edcie s\u00fa zameran\u00e9 na dejiny slovensk\u00e9ho umenia, kult\u00fary a dopravy.","publisher":{"@id":"https:\/\/pmza.sk\/#organization"},"potentialAction":[{"@type":"SearchAction","target":{"@type":"EntryPoint","urlTemplate":"https:\/\/pmza.sk\/?s={search_term_string}"},"query-input":{"@type":"PropertyValueSpecification","valueRequired":true,"valueName":"search_term_string"}}],"inLanguage":"sk-SK"},{"@type":"Organization","@id":"https:\/\/pmza.sk\/#organization","name":"Pova\u017esk\u00e9 m\u00fazeum","url":"https:\/\/pmza.sk\/","logo":{"@type":"ImageObject","inLanguage":"sk-SK","@id":"https:\/\/pmza.sk\/#\/schema\/logo\/image\/","url":"https:\/\/pmza.sk\/wp-content\/uploads\/2022\/01\/logo_PM_horizontal.jpg","contentUrl":"https:\/\/pmza.sk\/wp-content\/uploads\/2022\/01\/logo_PM_horizontal.jpg","width":231,"height":142,"caption":"Pova\u017esk\u00e9 m\u00fazeum"},"image":{"@id":"https:\/\/pmza.sk\/#\/schema\/logo\/image\/"},"sameAs":["https:\/\/www.facebook.com\/povazskemuzeum","https:\/\/www.instagram.com\/povazskemuzeum\/"]},{"@type":"Person","@id":"https:\/\/pmza.sk\/#\/schema\/person\/595e6a2ce731ea94dcd5d7f50a41ae33","name":"Pova\u017esk\u00e9 m\u00fazeum","image":{"@type":"ImageObject","inLanguage":"sk-SK","@id":"https:\/\/secure.gravatar.com\/avatar\/2bb7f1561282132fb5826dfeccc66c7996d11ee392ac6aaf7ced8a1c2027fbb2?s=96&d=mm&r=g","url":"https:\/\/secure.gravatar.com\/avatar\/2bb7f1561282132fb5826dfeccc66c7996d11ee392ac6aaf7ced8a1c2027fbb2?s=96&d=mm&r=g","contentUrl":"https:\/\/secure.gravatar.com\/avatar\/2bb7f1561282132fb5826dfeccc66c7996d11ee392ac6aaf7ced8a1c2027fbb2?s=96&d=mm&r=g","caption":"Pova\u017esk\u00e9 m\u00fazeum"}}]}},"_links":{"self":[{"href":"https:\/\/pmza.sk\/index.php?rest_route=\/wp\/v2\/posts\/55387","targetHints":{"allow":["GET"]}}],"collection":[{"href":"https:\/\/pmza.sk\/index.php?rest_route=\/wp\/v2\/posts"}],"about":[{"href":"https:\/\/pmza.sk\/index.php?rest_route=\/wp\/v2\/types\/post"}],"author":[{"embeddable":true,"href":"https:\/\/pmza.sk\/index.php?rest_route=\/wp\/v2\/users\/2"}],"replies":[{"embeddable":true,"href":"https:\/\/pmza.sk\/index.php?rest_route=%2Fwp%2Fv2%2Fcomments&post=55387"}],"version-history":[{"count":0,"href":"https:\/\/pmza.sk\/index.php?rest_route=\/wp\/v2\/posts\/55387\/revisions"}],"wp:featuredmedia":[{"embeddable":true,"href":"https:\/\/pmza.sk\/index.php?rest_route=\/wp\/v2\/media\/55403"}],"wp:attachment":[{"href":"https:\/\/pmza.sk\/index.php?rest_route=%2Fwp%2Fv2%2Fmedia&parent=55387"}],"wp:term":[{"taxonomy":"category","embeddable":true,"href":"https:\/\/pmza.sk\/index.php?rest_route=%2Fwp%2Fv2%2Fcategories&post=55387"},{"taxonomy":"post_tag","embeddable":true,"href":"https:\/\/pmza.sk\/index.php?rest_route=%2Fwp%2Fv2%2Ftags&post=55387"}],"curies":[{"name":"wp","href":"https:\/\/api.w.org\/{rel}","templated":true}]}}