{"id":55408,"date":"2023-03-03T08:42:27","date_gmt":"2023-03-03T07:42:27","guid":{"rendered":"https:\/\/pmza.sk\/?p=55408"},"modified":"2025-05-15T07:06:05","modified_gmt":"2025-05-15T05:06:05","slug":"dve-knihy-nasich-kolegov-nominovane-na-knihu-horneho-povazia-2022","status":"publish","type":"post","link":"https:\/\/pmza.sk\/?p=55408","title":{"rendered":"Dve knihy na\u0161ich kolegov nominovan\u00e9 na Knihu Horn\u00e9ho Pova\u017eia 2022"},"content":{"rendered":"<p>Krajsk\u00e1 kni\u017enica v\u00a0\u017diline vyhl\u00e1sila 17. ro\u010dn\u00edk \u010ditate\u013eskej s\u00fa\u0165a\u017ee <strong>Kniha Horn\u00e9ho Pova\u017eia 2022<\/strong>. Tento rok s\u00fa v\u00a0kateg\u00f3rii Odborn\u00e1 literat\u00fara nominovan\u00e9 dve knihy, ktor\u00e9 vydalo Pova\u017esk\u00e9 m\u00fazeum.<\/p>\n<p>Prvou knihou je <strong>Ko\u0161icko-bohum\u00ednska \u017eeleznica<\/strong> (Ve\u013ek\u00e1 kniha o\u00a0oce\u013eovej tepne severn\u00e9ho Slovenska), ktor\u00e1 bola vydan\u00e1 pri pr\u00edle\u017eitosti 150. v\u00fdro\u010dia \u017eeleznice. Knihu spracov\u00e1valo 8 autorov pod veden\u00edm historika dopravy Pova\u017esk\u00e9ho m\u00fazea <strong>Petra \u0160imka<\/strong>. Ich v\u00fdskum prebiehal nieko\u013eko rokov, po\u010das ktor\u00fdch zbierali fotografie a\u00a0dokumenty, p\u00e1trali v\u00a0arch\u00edvoch a\u00a0m\u00faze\u00e1ch na Slovensku aj v zahrani\u010d\u00ed. Publik\u00e1cia je rozdelen\u00e1 do troch \u010dast\u00ed. Prv\u00e1 dokumentuje v\u00fdvoj od v\u00fdstavby \u017eeleznice po vznik \u010ceskoslovenskej republiky, druh\u00e1 je historickou prech\u00e1dzkou po trati od \u010cadce po Ko\u0161ice, a\u00a0napokon tretia \u010das\u0165 predstavuje s\u00fa\u010dasn\u00e9 z\u00e1bery d\u00f4le\u017eit\u00fdch miest niekdaj\u0161ej \u017eeleznice. Text v\u00a0knihe je doplnen\u00fd mno\u017estvom fotografi\u00ed.<\/p>\n<p>Druhou nominovanou je publik\u00e1cia <strong>\u017divot v\u00a0srdci Drot\u00e1rie<\/strong> (Vplyv drot\u00e1rstva na sp\u00f4sob odievania v\u00a0obciach Ve\u013ek\u00e9 Rovn\u00e9 a\u00a0Dlh\u00e9 Pole), ktor\u00e1 vy\u0161la v\u00a0decembri 2022 a\u00a0jej autorkou je etnologi\u010dka drot\u00e1rstva Pova\u017esk\u00e9ho m\u00fazea <strong>Katar\u00edna Kendrov\u00e1<\/strong>. Kniha sa venuje odevnej kult\u00fare najv\u00fdznamnej\u0161\u00edch drot\u00e1rskych centier severoz\u00e1padn\u00e9ho Slovenska a podarilo sa ju vyda\u0165 v\u010faka podpore Fondu na podporu umenia. Sumarizuje poznatky z\u00edskan\u00e9 priamym v\u00fdskumom v\u00a0ter\u00e9ne, \u0161t\u00fadiom hmotn\u00fdch dokladov ulo\u017een\u00fdch v\u00a0zbierkov\u00fdch fondoch Pova\u017esk\u00e9ho m\u00fazea, Slovensk\u00e9ho n\u00e1rodn\u00e9ho m\u00fazea v\u00a0Martine a\u00a0t\u00fdch, ktor\u00e9 sa nach\u00e1dzaj\u00fa v\u00a0s\u00fakromnom vlastn\u00edctve obyvate\u013eov poch\u00e1dzaj\u00facich z oboch obc\u00ed. Textov\u00fa \u010das\u0165 obohacuj\u00fa fotografie p\u00f4vodn\u00fdch odevn\u00fdch s\u00fa\u010dast\u00ed a\u00a0dobov\u00e9 sn\u00edmky.<\/p>\n<p>Hlasovanie prebieha <strong>od 1. marca do 15. apr\u00edla 2023<\/strong>. Odkaz na online hlasovac\u00ed l\u00edstok:\u00a0<a href=\"https:\/\/forms.gle\/pqkJKJsB9DTHuCp97\">https:\/\/forms.gle\/pqkJKJsB9DTHuCp97<\/a><\/p>\n<p>Viac inform\u00e1ci\u00ed o nominovan\u00fdch knih\u00e1ch, mo\u017enostiach a pravidl\u00e1ch hlasovania n\u00e1jdete na <a href=\"https:\/\/www.krajskakniznicazilina.sk\/index.php\/2023\/03\/01\/kniha-horneho-povazia-2022-hlasovanie-spustene\/\">odkaze.<\/a><\/p>\n","protected":false},"excerpt":{"rendered":"<p>Krajsk\u00e1 kni\u017enica v\u00a0\u017diline vyhl\u00e1sila 17. ro\u010dn\u00edk \u010ditate\u013eskej s\u00fa\u0165a\u017ee Kniha Horn\u00e9ho Pova\u017eia 2022. Tento rok s\u00fa v\u00a0kateg\u00f3rii Odborn\u00e1 literat\u00fara nominovan\u00e9 dve knihy, ktor\u00e9 vydalo Pova\u017esk\u00e9 m\u00fazeum. Prvou knihou je Ko\u0161icko-bohum\u00ednska \u017eeleznica (Ve\u013ek\u00e1 kniha o\u00a0oce\u013eovej tepne severn\u00e9ho Slovenska), ktor\u00e1 bola vydan\u00e1 pri pr\u00edle\u017eitosti 150. v\u00fdro\u010dia \u017eeleznice. Knihu spracov\u00e1valo 8 autorov pod veden\u00edm historika dopravy Pova\u017esk\u00e9ho m\u00fazea Petra [&hellip;]<\/p>\n","protected":false},"author":2,"featured_media":55409,"comment_status":"closed","ping_status":"closed","sticky":false,"template":"","format":"standard","meta":{"site-sidebar-layout":"default","site-content-layout":"default","ast-site-content-layout":"default","site-content-style":"default","site-sidebar-style":"default","ast-global-header-display":"","ast-banner-title-visibility":"","ast-main-header-display":"","ast-hfb-above-header-display":"","ast-hfb-below-header-display":"","ast-hfb-mobile-header-display":"","site-post-title":"","ast-breadcrumbs-content":"","ast-featured-img":"","footer-sml-layout":"","theme-transparent-header-meta":"default","adv-header-id-meta":"","stick-header-meta":"default","header-above-stick-meta":"","header-main-stick-meta":"","header-below-stick-meta":"","astra-migrate-meta-layouts":"set","ast-page-background-enabled":"default","ast-page-background-meta":{"desktop":{"background-color":"var(--ast-global-color-4)","background-image":"","background-repeat":"repeat","background-position":"center center","background-size":"auto","background-attachment":"scroll","background-type":"","background-media":"","overlay-type":"","overlay-color":"","overlay-opacity":"","overlay-gradient":""},"tablet":{"background-color":"","background-image":"","background-repeat":"repeat","background-position":"center center","background-size":"auto","background-attachment":"scroll","background-type":"","background-media":"","overlay-type":"","overlay-color":"","overlay-opacity":"","overlay-gradient":""},"mobile":{"background-color":"","background-image":"","background-repeat":"repeat","background-position":"center center","background-size":"auto","background-attachment":"scroll","background-type":"","background-media":"","overlay-type":"","overlay-color":"","overlay-opacity":"","overlay-gradient":""}},"ast-content-background-meta":{"desktop":{"background-color":"var(--ast-global-color-5)","background-image":"","background-repeat":"repeat","background-position":"center center","background-size":"auto","background-attachment":"scroll","background-type":"","background-media":"","overlay-type":"","overlay-color":"","overlay-opacity":"","overlay-gradient":""},"tablet":{"background-color":"var(--ast-global-color-5)","background-image":"","background-repeat":"repeat","background-position":"center center","background-size":"auto","background-attachment":"scroll","background-type":"","background-media":"","overlay-type":"","overlay-color":"","overlay-opacity":"","overlay-gradient":""},"mobile":{"background-color":"var(--ast-global-color-5)","background-image":"","background-repeat":"repeat","background-position":"center center","background-size":"auto","background-attachment":"scroll","background-type":"","background-media":"","overlay-type":"","overlay-color":"","overlay-opacity":"","overlay-gradient":""}},"footnotes":""},"categories":[31],"tags":[],"class_list":["post-55408","post","type-post","status-publish","format-standard","has-post-thumbnail","hentry","category-aktuality"],"yoast_head":"<!-- This site is optimized with the Yoast SEO plugin v27.4 - https:\/\/yoast.com\/product\/yoast-seo-wordpress\/ -->\n<title>Dve knihy na\u0161ich kolegov nominovan\u00e9 na Knihu Horn\u00e9ho Pova\u017eia 2022 - Pova\u017esk\u00e9 m\u00fazeum<\/title>\n<meta name=\"robots\" content=\"index, follow, max-snippet:-1, max-image-preview:large, max-video-preview:-1\" \/>\n<link rel=\"canonical\" href=\"https:\/\/pmza.sk\/?p=55408\" \/>\n<meta property=\"og:locale\" content=\"sk_SK\" \/>\n<meta property=\"og:type\" content=\"article\" \/>\n<meta property=\"og:title\" content=\"Dve knihy na\u0161ich kolegov nominovan\u00e9 na Knihu Horn\u00e9ho Pova\u017eia 2022 - Pova\u017esk\u00e9 m\u00fazeum\" \/>\n<meta property=\"og:description\" content=\"Krajsk\u00e1 kni\u017enica v\u00a0\u017diline vyhl\u00e1sila 17. ro\u010dn\u00edk \u010ditate\u013eskej s\u00fa\u0165a\u017ee Kniha Horn\u00e9ho Pova\u017eia 2022. Tento rok s\u00fa v\u00a0kateg\u00f3rii Odborn\u00e1 literat\u00fara nominovan\u00e9 dve knihy, ktor\u00e9 vydalo Pova\u017esk\u00e9 m\u00fazeum. Prvou knihou je Ko\u0161icko-bohum\u00ednska \u017eeleznica (Ve\u013ek\u00e1 kniha o\u00a0oce\u013eovej tepne severn\u00e9ho Slovenska), ktor\u00e1 bola vydan\u00e1 pri pr\u00edle\u017eitosti 150. v\u00fdro\u010dia \u017eeleznice. Knihu spracov\u00e1valo 8 autorov pod veden\u00edm historika dopravy Pova\u017esk\u00e9ho m\u00fazea Petra [&hellip;]\" \/>\n<meta property=\"og:url\" content=\"https:\/\/pmza.sk\/?p=55408\" \/>\n<meta property=\"og:site_name\" content=\"Pova\u017esk\u00e9 m\u00fazeum\" \/>\n<meta property=\"article:publisher\" content=\"https:\/\/www.facebook.com\/povazskemuzeum\" \/>\n<meta property=\"article:published_time\" content=\"2023-03-03T07:42:27+00:00\" \/>\n<meta property=\"article:modified_time\" content=\"2025-05-15T05:06:05+00:00\" \/>\n<meta property=\"og:image\" content=\"https:\/\/pmza.sk\/wp-content\/uploads\/2023\/03\/webk-scaled.jpg\" \/>\n\t<meta property=\"og:image:width\" content=\"2560\" \/>\n\t<meta property=\"og:image:height\" content=\"2421\" \/>\n\t<meta property=\"og:image:type\" content=\"image\/jpeg\" \/>\n<meta name=\"author\" content=\"Pova\u017esk\u00e9 m\u00fazeum\" \/>\n<meta name=\"twitter:card\" content=\"summary_large_image\" \/>\n<meta name=\"twitter:label1\" content=\"Autor\" \/>\n\t<meta name=\"twitter:data1\" content=\"Pova\u017esk\u00e9 m\u00fazeum\" \/>\n\t<meta name=\"twitter:label2\" content=\"Predpokladan\u00fd \u010das \u010d\u00edtania\" \/>\n\t<meta name=\"twitter:data2\" content=\"2 min\u00faty\" \/>\n<script type=\"application\/ld+json\" class=\"yoast-schema-graph\">{\"@context\":\"https:\\\/\\\/schema.org\",\"@graph\":[{\"@type\":\"Article\",\"@id\":\"https:\\\/\\\/pmza.sk\\\/?p=55408#article\",\"isPartOf\":{\"@id\":\"https:\\\/\\\/pmza.sk\\\/?p=55408\"},\"author\":{\"name\":\"Pova\u017esk\u00e9 m\u00fazeum\",\"@id\":\"https:\\\/\\\/pmza.sk\\\/#\\\/schema\\\/person\\\/595e6a2ce731ea94dcd5d7f50a41ae33\"},\"headline\":\"Dve knihy na\u0161ich kolegov nominovan\u00e9 na Knihu Horn\u00e9ho Pova\u017eia 2022\",\"datePublished\":\"2023-03-03T07:42:27+00:00\",\"dateModified\":\"2025-05-15T05:06:05+00:00\",\"mainEntityOfPage\":{\"@id\":\"https:\\\/\\\/pmza.sk\\\/?p=55408\"},\"wordCount\":360,\"publisher\":{\"@id\":\"https:\\\/\\\/pmza.sk\\\/#organization\"},\"image\":{\"@id\":\"https:\\\/\\\/pmza.sk\\\/?p=55408#primaryimage\"},\"thumbnailUrl\":\"https:\\\/\\\/pmza.sk\\\/wp-content\\\/uploads\\\/2023\\\/03\\\/webk-scaled.jpg\",\"articleSection\":[\"Aktuality\"],\"inLanguage\":\"sk-SK\"},{\"@type\":\"WebPage\",\"@id\":\"https:\\\/\\\/pmza.sk\\\/?p=55408\",\"url\":\"https:\\\/\\\/pmza.sk\\\/?p=55408\",\"name\":\"Dve knihy na\u0161ich kolegov nominovan\u00e9 na Knihu Horn\u00e9ho Pova\u017eia 2022 - Pova\u017esk\u00e9 m\u00fazeum\",\"isPartOf\":{\"@id\":\"https:\\\/\\\/pmza.sk\\\/#website\"},\"primaryImageOfPage\":{\"@id\":\"https:\\\/\\\/pmza.sk\\\/?p=55408#primaryimage\"},\"image\":{\"@id\":\"https:\\\/\\\/pmza.sk\\\/?p=55408#primaryimage\"},\"thumbnailUrl\":\"https:\\\/\\\/pmza.sk\\\/wp-content\\\/uploads\\\/2023\\\/03\\\/webk-scaled.jpg\",\"datePublished\":\"2023-03-03T07:42:27+00:00\",\"dateModified\":\"2025-05-15T05:06:05+00:00\",\"breadcrumb\":{\"@id\":\"https:\\\/\\\/pmza.sk\\\/?p=55408#breadcrumb\"},\"inLanguage\":\"sk-SK\",\"potentialAction\":[{\"@type\":\"ReadAction\",\"target\":[\"https:\\\/\\\/pmza.sk\\\/?p=55408\"]}]},{\"@type\":\"ImageObject\",\"inLanguage\":\"sk-SK\",\"@id\":\"https:\\\/\\\/pmza.sk\\\/?p=55408#primaryimage\",\"url\":\"https:\\\/\\\/pmza.sk\\\/wp-content\\\/uploads\\\/2023\\\/03\\\/webk-scaled.jpg\",\"contentUrl\":\"https:\\\/\\\/pmza.sk\\\/wp-content\\\/uploads\\\/2023\\\/03\\\/webk-scaled.jpg\",\"width\":2560,\"height\":2421},{\"@type\":\"BreadcrumbList\",\"@id\":\"https:\\\/\\\/pmza.sk\\\/?p=55408#breadcrumb\",\"itemListElement\":[{\"@type\":\"ListItem\",\"position\":1,\"name\":\"Domovsk\u00e1 str\u00e1nka\",\"item\":\"https:\\\/\\\/pmza.sk\\\/\"},{\"@type\":\"ListItem\",\"position\":2,\"name\":\"Dve knihy na\u0161ich kolegov nominovan\u00e9 na Knihu Horn\u00e9ho Pova\u017eia 2022\"}]},{\"@type\":\"WebSite\",\"@id\":\"https:\\\/\\\/pmza.sk\\\/#website\",\"url\":\"https:\\\/\\\/pmza.sk\\\/\",\"name\":\"Pova\u017esk\u00e9 m\u00fazeum\",\"description\":\"Pova\u017esk\u00e9 m\u00fazeum v \u017diline je region\u00e1lne m\u00fazeum so s\u00eddlom v Budat\u00edne. Jeho expoz\u00edcie s\u00fa zameran\u00e9 na dejiny slovensk\u00e9ho umenia, kult\u00fary a dopravy.\",\"publisher\":{\"@id\":\"https:\\\/\\\/pmza.sk\\\/#organization\"},\"potentialAction\":[{\"@type\":\"SearchAction\",\"target\":{\"@type\":\"EntryPoint\",\"urlTemplate\":\"https:\\\/\\\/pmza.sk\\\/?s={search_term_string}\"},\"query-input\":{\"@type\":\"PropertyValueSpecification\",\"valueRequired\":true,\"valueName\":\"search_term_string\"}}],\"inLanguage\":\"sk-SK\"},{\"@type\":\"Organization\",\"@id\":\"https:\\\/\\\/pmza.sk\\\/#organization\",\"name\":\"Pova\u017esk\u00e9 m\u00fazeum\",\"url\":\"https:\\\/\\\/pmza.sk\\\/\",\"logo\":{\"@type\":\"ImageObject\",\"inLanguage\":\"sk-SK\",\"@id\":\"https:\\\/\\\/pmza.sk\\\/#\\\/schema\\\/logo\\\/image\\\/\",\"url\":\"https:\\\/\\\/pmza.sk\\\/wp-content\\\/uploads\\\/2022\\\/01\\\/logo_PM_horizontal.jpg\",\"contentUrl\":\"https:\\\/\\\/pmza.sk\\\/wp-content\\\/uploads\\\/2022\\\/01\\\/logo_PM_horizontal.jpg\",\"width\":231,\"height\":142,\"caption\":\"Pova\u017esk\u00e9 m\u00fazeum\"},\"image\":{\"@id\":\"https:\\\/\\\/pmza.sk\\\/#\\\/schema\\\/logo\\\/image\\\/\"},\"sameAs\":[\"https:\\\/\\\/www.facebook.com\\\/povazskemuzeum\",\"https:\\\/\\\/www.instagram.com\\\/povazskemuzeum\\\/\"]},{\"@type\":\"Person\",\"@id\":\"https:\\\/\\\/pmza.sk\\\/#\\\/schema\\\/person\\\/595e6a2ce731ea94dcd5d7f50a41ae33\",\"name\":\"Pova\u017esk\u00e9 m\u00fazeum\",\"image\":{\"@type\":\"ImageObject\",\"inLanguage\":\"sk-SK\",\"@id\":\"https:\\\/\\\/secure.gravatar.com\\\/avatar\\\/2bb7f1561282132fb5826dfeccc66c7996d11ee392ac6aaf7ced8a1c2027fbb2?s=96&d=mm&r=g\",\"url\":\"https:\\\/\\\/secure.gravatar.com\\\/avatar\\\/2bb7f1561282132fb5826dfeccc66c7996d11ee392ac6aaf7ced8a1c2027fbb2?s=96&d=mm&r=g\",\"contentUrl\":\"https:\\\/\\\/secure.gravatar.com\\\/avatar\\\/2bb7f1561282132fb5826dfeccc66c7996d11ee392ac6aaf7ced8a1c2027fbb2?s=96&d=mm&r=g\",\"caption\":\"Pova\u017esk\u00e9 m\u00fazeum\"}}]}<\/script>\n<!-- \/ Yoast SEO plugin. -->","yoast_head_json":{"title":"Dve knihy na\u0161ich kolegov nominovan\u00e9 na Knihu Horn\u00e9ho Pova\u017eia 2022 - Pova\u017esk\u00e9 m\u00fazeum","robots":{"index":"index","follow":"follow","max-snippet":"max-snippet:-1","max-image-preview":"max-image-preview:large","max-video-preview":"max-video-preview:-1"},"canonical":"https:\/\/pmza.sk\/?p=55408","og_locale":"sk_SK","og_type":"article","og_title":"Dve knihy na\u0161ich kolegov nominovan\u00e9 na Knihu Horn\u00e9ho Pova\u017eia 2022 - Pova\u017esk\u00e9 m\u00fazeum","og_description":"Krajsk\u00e1 kni\u017enica v\u00a0\u017diline vyhl\u00e1sila 17. ro\u010dn\u00edk \u010ditate\u013eskej s\u00fa\u0165a\u017ee Kniha Horn\u00e9ho Pova\u017eia 2022. Tento rok s\u00fa v\u00a0kateg\u00f3rii Odborn\u00e1 literat\u00fara nominovan\u00e9 dve knihy, ktor\u00e9 vydalo Pova\u017esk\u00e9 m\u00fazeum. Prvou knihou je Ko\u0161icko-bohum\u00ednska \u017eeleznica (Ve\u013ek\u00e1 kniha o\u00a0oce\u013eovej tepne severn\u00e9ho Slovenska), ktor\u00e1 bola vydan\u00e1 pri pr\u00edle\u017eitosti 150. v\u00fdro\u010dia \u017eeleznice. Knihu spracov\u00e1valo 8 autorov pod veden\u00edm historika dopravy Pova\u017esk\u00e9ho m\u00fazea Petra [&hellip;]","og_url":"https:\/\/pmza.sk\/?p=55408","og_site_name":"Pova\u017esk\u00e9 m\u00fazeum","article_publisher":"https:\/\/www.facebook.com\/povazskemuzeum","article_published_time":"2023-03-03T07:42:27+00:00","article_modified_time":"2025-05-15T05:06:05+00:00","og_image":[{"width":2560,"height":2421,"url":"https:\/\/pmza.sk\/wp-content\/uploads\/2023\/03\/webk-scaled.jpg","type":"image\/jpeg"}],"author":"Pova\u017esk\u00e9 m\u00fazeum","twitter_card":"summary_large_image","twitter_misc":{"Autor":"Pova\u017esk\u00e9 m\u00fazeum","Predpokladan\u00fd \u010das \u010d\u00edtania":"2 min\u00faty"},"schema":{"@context":"https:\/\/schema.org","@graph":[{"@type":"Article","@id":"https:\/\/pmza.sk\/?p=55408#article","isPartOf":{"@id":"https:\/\/pmza.sk\/?p=55408"},"author":{"name":"Pova\u017esk\u00e9 m\u00fazeum","@id":"https:\/\/pmza.sk\/#\/schema\/person\/595e6a2ce731ea94dcd5d7f50a41ae33"},"headline":"Dve knihy na\u0161ich kolegov nominovan\u00e9 na Knihu Horn\u00e9ho Pova\u017eia 2022","datePublished":"2023-03-03T07:42:27+00:00","dateModified":"2025-05-15T05:06:05+00:00","mainEntityOfPage":{"@id":"https:\/\/pmza.sk\/?p=55408"},"wordCount":360,"publisher":{"@id":"https:\/\/pmza.sk\/#organization"},"image":{"@id":"https:\/\/pmza.sk\/?p=55408#primaryimage"},"thumbnailUrl":"https:\/\/pmza.sk\/wp-content\/uploads\/2023\/03\/webk-scaled.jpg","articleSection":["Aktuality"],"inLanguage":"sk-SK"},{"@type":"WebPage","@id":"https:\/\/pmza.sk\/?p=55408","url":"https:\/\/pmza.sk\/?p=55408","name":"Dve knihy na\u0161ich kolegov nominovan\u00e9 na Knihu Horn\u00e9ho Pova\u017eia 2022 - Pova\u017esk\u00e9 m\u00fazeum","isPartOf":{"@id":"https:\/\/pmza.sk\/#website"},"primaryImageOfPage":{"@id":"https:\/\/pmza.sk\/?p=55408#primaryimage"},"image":{"@id":"https:\/\/pmza.sk\/?p=55408#primaryimage"},"thumbnailUrl":"https:\/\/pmza.sk\/wp-content\/uploads\/2023\/03\/webk-scaled.jpg","datePublished":"2023-03-03T07:42:27+00:00","dateModified":"2025-05-15T05:06:05+00:00","breadcrumb":{"@id":"https:\/\/pmza.sk\/?p=55408#breadcrumb"},"inLanguage":"sk-SK","potentialAction":[{"@type":"ReadAction","target":["https:\/\/pmza.sk\/?p=55408"]}]},{"@type":"ImageObject","inLanguage":"sk-SK","@id":"https:\/\/pmza.sk\/?p=55408#primaryimage","url":"https:\/\/pmza.sk\/wp-content\/uploads\/2023\/03\/webk-scaled.jpg","contentUrl":"https:\/\/pmza.sk\/wp-content\/uploads\/2023\/03\/webk-scaled.jpg","width":2560,"height":2421},{"@type":"BreadcrumbList","@id":"https:\/\/pmza.sk\/?p=55408#breadcrumb","itemListElement":[{"@type":"ListItem","position":1,"name":"Domovsk\u00e1 str\u00e1nka","item":"https:\/\/pmza.sk\/"},{"@type":"ListItem","position":2,"name":"Dve knihy na\u0161ich kolegov nominovan\u00e9 na Knihu Horn\u00e9ho Pova\u017eia 2022"}]},{"@type":"WebSite","@id":"https:\/\/pmza.sk\/#website","url":"https:\/\/pmza.sk\/","name":"Pova\u017esk\u00e9 m\u00fazeum","description":"Pova\u017esk\u00e9 m\u00fazeum v \u017diline je region\u00e1lne m\u00fazeum so s\u00eddlom v Budat\u00edne. Jeho expoz\u00edcie s\u00fa zameran\u00e9 na dejiny slovensk\u00e9ho umenia, kult\u00fary a dopravy.","publisher":{"@id":"https:\/\/pmza.sk\/#organization"},"potentialAction":[{"@type":"SearchAction","target":{"@type":"EntryPoint","urlTemplate":"https:\/\/pmza.sk\/?s={search_term_string}"},"query-input":{"@type":"PropertyValueSpecification","valueRequired":true,"valueName":"search_term_string"}}],"inLanguage":"sk-SK"},{"@type":"Organization","@id":"https:\/\/pmza.sk\/#organization","name":"Pova\u017esk\u00e9 m\u00fazeum","url":"https:\/\/pmza.sk\/","logo":{"@type":"ImageObject","inLanguage":"sk-SK","@id":"https:\/\/pmza.sk\/#\/schema\/logo\/image\/","url":"https:\/\/pmza.sk\/wp-content\/uploads\/2022\/01\/logo_PM_horizontal.jpg","contentUrl":"https:\/\/pmza.sk\/wp-content\/uploads\/2022\/01\/logo_PM_horizontal.jpg","width":231,"height":142,"caption":"Pova\u017esk\u00e9 m\u00fazeum"},"image":{"@id":"https:\/\/pmza.sk\/#\/schema\/logo\/image\/"},"sameAs":["https:\/\/www.facebook.com\/povazskemuzeum","https:\/\/www.instagram.com\/povazskemuzeum\/"]},{"@type":"Person","@id":"https:\/\/pmza.sk\/#\/schema\/person\/595e6a2ce731ea94dcd5d7f50a41ae33","name":"Pova\u017esk\u00e9 m\u00fazeum","image":{"@type":"ImageObject","inLanguage":"sk-SK","@id":"https:\/\/secure.gravatar.com\/avatar\/2bb7f1561282132fb5826dfeccc66c7996d11ee392ac6aaf7ced8a1c2027fbb2?s=96&d=mm&r=g","url":"https:\/\/secure.gravatar.com\/avatar\/2bb7f1561282132fb5826dfeccc66c7996d11ee392ac6aaf7ced8a1c2027fbb2?s=96&d=mm&r=g","contentUrl":"https:\/\/secure.gravatar.com\/avatar\/2bb7f1561282132fb5826dfeccc66c7996d11ee392ac6aaf7ced8a1c2027fbb2?s=96&d=mm&r=g","caption":"Pova\u017esk\u00e9 m\u00fazeum"}}]}},"_links":{"self":[{"href":"https:\/\/pmza.sk\/index.php?rest_route=\/wp\/v2\/posts\/55408","targetHints":{"allow":["GET"]}}],"collection":[{"href":"https:\/\/pmza.sk\/index.php?rest_route=\/wp\/v2\/posts"}],"about":[{"href":"https:\/\/pmza.sk\/index.php?rest_route=\/wp\/v2\/types\/post"}],"author":[{"embeddable":true,"href":"https:\/\/pmza.sk\/index.php?rest_route=\/wp\/v2\/users\/2"}],"replies":[{"embeddable":true,"href":"https:\/\/pmza.sk\/index.php?rest_route=%2Fwp%2Fv2%2Fcomments&post=55408"}],"version-history":[{"count":0,"href":"https:\/\/pmza.sk\/index.php?rest_route=\/wp\/v2\/posts\/55408\/revisions"}],"wp:featuredmedia":[{"embeddable":true,"href":"https:\/\/pmza.sk\/index.php?rest_route=\/wp\/v2\/media\/55409"}],"wp:attachment":[{"href":"https:\/\/pmza.sk\/index.php?rest_route=%2Fwp%2Fv2%2Fmedia&parent=55408"}],"wp:term":[{"taxonomy":"category","embeddable":true,"href":"https:\/\/pmza.sk\/index.php?rest_route=%2Fwp%2Fv2%2Fcategories&post=55408"},{"taxonomy":"post_tag","embeddable":true,"href":"https:\/\/pmza.sk\/index.php?rest_route=%2Fwp%2Fv2%2Ftags&post=55408"}],"curies":[{"name":"wp","href":"https:\/\/api.w.org\/{rel}","templated":true}]}}