{"id":5543,"date":"2012-05-10T11:15:43","date_gmt":"2012-05-10T09:15:43","guid":{"rendered":"https:\/\/pmza.sk.sk\/?p=5543"},"modified":"2012-05-10T11:15:43","modified_gmt":"2012-05-10T09:15:43","slug":"pozvanka-na-konferenciu","status":"publish","type":"post","link":"https:\/\/pmza.sk\/?p=5543","title":{"rendered":"Konferencia o inov\u00e1ci\u00e1ch a kreativite m\u00faze\u00ed \u017eilinskej \u017eupy"},"content":{"rendered":"<p><span style=\"color: #ff0000;\"><a href=\"https:\/\/pmza.sk\/wp-content\/uploads\/2012\/05\/Sobasny-palac-v-Bytci_c-scaled-1.jpg\"><img fetchpriority=\"high\" decoding=\"async\" class=\"alignleft size-full wp-image-5578\" style=\"margin: 4px; border: 2px solid black;\" title=\"Sob\u00e1\u0161ny pal\u00e1c v Byt\u010di_c\" src=\"https:\/\/pmza.sk\/wp-content\/uploads\/2012\/05\/Sobasny-palac-v-Bytci_c-scaled-1.jpg\" alt=\"\" width=\"312\" height=\"238\" \/><\/a><\/span>M\u00faze\u00e1  v\u00a0zria\u010fovate\u013eskej p\u00f4sobnosti \u017dilinsk\u00e9ho samospr\u00e1vneho kraja (\u010falej  len  ZP \u017dSK) v\u00a0s\u00fa\u010dasnosti bilancuj\u00fa \u0161tvrt\u00fd rok vz\u00e1jomnej spolupr\u00e1ce vo   v\u0161etk\u00fdch oblastiach ich p\u00f4sobenia. <em>\u201eOd roku 2009 Liptovsk\u00e9 m\u00fazeum   v\u00a0Ru\u017eomberku, Kysuck\u00e9 m\u00fazeum v\u00a0\u010cadci, Oravsk\u00e9 m\u00fazeum POH v\u00a0Dolnom Kub\u00edne   a\u00a0Pova\u017esk\u00e9 m\u00fazeum v\u00a0\u017diline spolo\u010dne zrealizovali mnoho \u00faspe\u0161n\u00fdch   aktiv\u00edt. Z\u00a0odbornej \u010dinnosti spomeniem audity odborn\u00fdch zamestnancov,   z\u00a0expozi\u010dn\u00fdch napr\u00edklad spolo\u010dn\u00e1 pr\u00edrodovedn\u00e1 expoz\u00edcia v\u00a0Kr\u00e1sne nad   Kysucou, z\u00a0publika\u010dn\u00fdch monografia Drot\u00e1rstvo, z\u00a0prezenta\u010dn\u00fdch Festival   m\u00faze\u00ed alebo spolo\u010dn\u00e1 particip\u00e1cia na s\u00fa\u0165a\u017ei o\u00a0svadbu v\u00a0Sob\u00e1\u0161nom  pal\u00e1ci,\u201c<\/em> uviedol Boris Schubert, riadite\u013e Pova\u017esk\u00e9ho m\u00fazea v\u00a0\u017diline.<img decoding=\"async\" title=\"\u010c\u00edtajte \u010falej...\" src=\"https:\/\/pmza.sk.sk\/wp-includes\/js\/tinymce\/plugins\/wordpress\/img\/trans.gif\" alt=\"\" \/><!--more--><\/p>\n<p>Pri   pr\u00edle\u017eitosti 100. v\u00fdro\u010dia Liptovsk\u00e9ho m\u00fazea v\u00a0Ru\u017eomberku a\u00a070. v\u00fdro\u010dia   Pova\u017esk\u00e9ho m\u00fazea v\u00a0\u017diline sa v\u00a0Sob\u00e1\u0161nom pal\u00e1ci v\u00a0Byt\u010di bude kona\u0165  \u010fal\u0161\u00ed  kooperat\u00edvny v\u00fdstup m\u00faze\u00ed \u017eilinskej \u017eupy, konferencia <strong>Inov\u00e1cie a\u00a0kreativita m\u00faze\u00ed v\u00a0ZP \u017dSK. <\/strong>\u201e<em>Inov\u00e1cie   a kreativita v\u00a0slovenskom muze\u00e1lnom prostred\u00ed s\u00fa pojmy, ktor\u00e9 s\u00fa   rie\u0161en\u00e9 iba okrajovo, preto\u017ee m\u00fazea prioritne rie\u0161ia \u00falohy s\u00favisiace so   z\u00e1kladn\u00fdm zachovan\u00edm\u00a0 kult\u00farneho dedi\u010dstva. Napriek tomu si dovo\u013eujeme   kon\u0161tatova\u0165, \u017ee m\u00faze\u00e1 v\u00a0ZP \u017dSK sa m\u00f4\u017eu za posledn\u00e9 roky pochv\u00e1li\u0165   svojimi spolo\u010dn\u00fdmi alebo individu\u00e1lnymi inova\u010dno-kreat\u00edvnymi v\u00fdstupmi vo   v\u0161etk\u00fdch oblastiach svojho poslania,<\/em>\u201c povedala M\u00e1ria Jagne\u0161\u00e1kov\u00e1, riadite\u013eka Orvask\u00e9ho m\u00fazea POH v\u00a0Dolnom Kub\u00edne.<\/p>\n<p>Na   konferencii bud\u00fa prezentovan\u00e9 inova\u010dn\u00e9 procesy m\u00faze\u00ed najm\u00e4   v\u00a0marketingu, ale aj aplik\u00e1cie modern\u00fdch met\u00f3d v\u00a0odbornej \u010dinnosti   m\u00faze\u00ed. Nemenej zauj\u00edmav\u00fd bude konferen\u010dn\u00fd blok extern\u00fdch host\u00ed venovan\u00fd   dobrovo\u013en\u00edctvu v\u00a0m\u00faze\u00e1ch, t\u00edmovej spolupr\u00e1ci v\u00a0in\u0161tit\u00facii ako n\u00e1stroja   nov\u00fdch my\u0161lienok alebo inovat\u00edvnym sk\u00fasenostiam in\u00e9ho typu kult\u00farnej   organiz\u00e1cie ako je m\u00fazeum. \u201e<em>Mnoh\u00e9 organiz\u00e1cie, preva\u017ene   v\u00a0podnikate\u013eskom a v\u00fdskumno-vzdel\u00e1vacom prostred\u00ed, v\u00a0s\u00fa\u010dasnosti   deklaruj\u00fa\u00a0 potrebu inov\u00e1cii a kreativity ako nevyhnutn\u00fd n\u00e1stroj   progresu. M\u00faze\u00e1 pon\u00fakaj\u00faspolo\u010dnosti zauj\u00edmav\u00e9 slu\u017eby a produkty, ktor\u00e9   musia nies\u0165 inovat\u00edvny n\u00e1boj, aby \u013eudia tieto in\u0161tit\u00facie nav\u0161tevovali a   neust\u00e1le v nich za\u017eili nie\u010do nov\u00e9<\/em>,\u201c dodal na z\u00e1ver Milan Dado, odborn\u00fd garant konferencie.<\/p>\n<p>Konferencia<strong> Inov\u00e1cie a kreativita m\u00faze\u00ed v\u00a0zria\u010fovate\u013eskej p\u00f4sobnosti \u017dilinsk\u00e9ho samospr\u00e1vneho kraja<\/strong> sa uskuto\u010dn\u00ed <strong>vo \u0161tvrtok 24. m\u00e1ja 2012 od 10,00 hod<\/strong> v\u00a0priestoroch Sob\u00e1\u0161neho pal\u00e1ca v\u00a0Byt\u010di. Konferencia je otvoren\u00e1 pre \u0161irok\u00fa verejnos\u0165, bli\u017e\u0161ie inform\u00e1cie na www.pmza.sk<\/p>\n<p><a href=\"https:\/\/pmza.sk\/wp-content\/uploads\/2012\/05\/e_pozvanka.pdf\">pozvanka s programom<\/a><\/p>\n","protected":false},"excerpt":{"rendered":"<p>M\u00faze\u00e1 v\u00a0zria\u010fovate\u013eskej p\u00f4sobnosti \u017dilinsk\u00e9ho samospr\u00e1vneho kraja (\u010falej len ZP \u017dSK) v\u00a0s\u00fa\u010dasnosti bilancuj\u00fa \u0161tvrt\u00fd rok vz\u00e1jomnej spolupr\u00e1ce vo v\u0161etk\u00fdch oblastiach ich p\u00f4sobenia. \u201eOd roku 2009 Liptovsk\u00e9 m\u00fazeum v\u00a0Ru\u017eomberku, Kysuck\u00e9 m\u00fazeum v\u00a0\u010cadci, Oravsk\u00e9 m\u00fazeum POH v\u00a0Dolnom Kub\u00edne a\u00a0Pova\u017esk\u00e9 m\u00fazeum v\u00a0\u017diline spolo\u010dne zrealizovali mnoho \u00faspe\u0161n\u00fdch aktiv\u00edt. Z\u00a0odbornej \u010dinnosti spomeniem audity odborn\u00fdch zamestnancov, z\u00a0expozi\u010dn\u00fdch napr\u00edklad spolo\u010dn\u00e1 pr\u00edrodovedn\u00e1 expoz\u00edcia v\u00a0Kr\u00e1sne [&hellip;]<\/p>\n","protected":false},"author":2,"featured_media":0,"comment_status":"closed","ping_status":"closed","sticky":false,"template":"","format":"standard","meta":{"site-sidebar-layout":"default","site-content-layout":"","ast-site-content-layout":"","site-content-style":"default","site-sidebar-style":"default","ast-global-header-display":"","ast-banner-title-visibility":"","ast-main-header-display":"","ast-hfb-above-header-display":"","ast-hfb-below-header-display":"","ast-hfb-mobile-header-display":"","site-post-title":"","ast-breadcrumbs-content":"","ast-featured-img":"","footer-sml-layout":"","theme-transparent-header-meta":"","adv-header-id-meta":"","stick-header-meta":"","header-above-stick-meta":"","header-main-stick-meta":"","header-below-stick-meta":"","astra-migrate-meta-layouts":"default","ast-page-background-enabled":"default","ast-page-background-meta":{"desktop":{"background-color":"var(--ast-global-color-4)","background-image":"","background-repeat":"repeat","background-position":"center center","background-size":"auto","background-attachment":"scroll","background-type":"","background-media":"","overlay-type":"","overlay-color":"","overlay-opacity":"","overlay-gradient":""},"tablet":{"background-color":"","background-image":"","background-repeat":"repeat","background-position":"center center","background-size":"auto","background-attachment":"scroll","background-type":"","background-media":"","overlay-type":"","overlay-color":"","overlay-opacity":"","overlay-gradient":""},"mobile":{"background-color":"","background-image":"","background-repeat":"repeat","background-position":"center center","background-size":"auto","background-attachment":"scroll","background-type":"","background-media":"","overlay-type":"","overlay-color":"","overlay-opacity":"","overlay-gradient":""}},"ast-content-background-meta":{"desktop":{"background-color":"var(--ast-global-color-5)","background-image":"","background-repeat":"repeat","background-position":"center center","background-size":"auto","background-attachment":"scroll","background-type":"","background-media":"","overlay-type":"","overlay-color":"","overlay-opacity":"","overlay-gradient":""},"tablet":{"background-color":"var(--ast-global-color-5)","background-image":"","background-repeat":"repeat","background-position":"center center","background-size":"auto","background-attachment":"scroll","background-type":"","background-media":"","overlay-type":"","overlay-color":"","overlay-opacity":"","overlay-gradient":""},"mobile":{"background-color":"var(--ast-global-color-5)","background-image":"","background-repeat":"repeat","background-position":"center center","background-size":"auto","background-attachment":"scroll","background-type":"","background-media":"","overlay-type":"","overlay-color":"","overlay-opacity":"","overlay-gradient":""}},"footnotes":""},"categories":[32],"tags":[],"class_list":["post-5543","post","type-post","status-publish","format-standard","hentry","category-archiv-2012"],"yoast_head":"<!-- This site is optimized with the Yoast SEO plugin v27.4 - https:\/\/yoast.com\/product\/yoast-seo-wordpress\/ -->\n<title>Konferencia o inov\u00e1ci\u00e1ch a kreativite m\u00faze\u00ed \u017eilinskej \u017eupy - Pova\u017esk\u00e9 m\u00fazeum<\/title>\n<meta name=\"robots\" content=\"index, follow, max-snippet:-1, max-image-preview:large, max-video-preview:-1\" \/>\n<link rel=\"canonical\" href=\"https:\/\/pmza.sk\/?p=5543\" \/>\n<meta property=\"og:locale\" content=\"sk_SK\" \/>\n<meta property=\"og:type\" content=\"article\" \/>\n<meta property=\"og:title\" content=\"Konferencia o inov\u00e1ci\u00e1ch a kreativite m\u00faze\u00ed \u017eilinskej \u017eupy - Pova\u017esk\u00e9 m\u00fazeum\" \/>\n<meta property=\"og:description\" content=\"M\u00faze\u00e1 v\u00a0zria\u010fovate\u013eskej p\u00f4sobnosti \u017dilinsk\u00e9ho samospr\u00e1vneho kraja (\u010falej len ZP \u017dSK) v\u00a0s\u00fa\u010dasnosti bilancuj\u00fa \u0161tvrt\u00fd rok vz\u00e1jomnej spolupr\u00e1ce vo v\u0161etk\u00fdch oblastiach ich p\u00f4sobenia. \u201eOd roku 2009 Liptovsk\u00e9 m\u00fazeum v\u00a0Ru\u017eomberku, Kysuck\u00e9 m\u00fazeum v\u00a0\u010cadci, Oravsk\u00e9 m\u00fazeum POH v\u00a0Dolnom Kub\u00edne a\u00a0Pova\u017esk\u00e9 m\u00fazeum v\u00a0\u017diline spolo\u010dne zrealizovali mnoho \u00faspe\u0161n\u00fdch aktiv\u00edt. Z\u00a0odbornej \u010dinnosti spomeniem audity odborn\u00fdch zamestnancov, z\u00a0expozi\u010dn\u00fdch napr\u00edklad spolo\u010dn\u00e1 pr\u00edrodovedn\u00e1 expoz\u00edcia v\u00a0Kr\u00e1sne [&hellip;]\" \/>\n<meta property=\"og:url\" content=\"https:\/\/pmza.sk\/?p=5543\" \/>\n<meta property=\"og:site_name\" content=\"Pova\u017esk\u00e9 m\u00fazeum\" \/>\n<meta property=\"article:publisher\" content=\"https:\/\/www.facebook.com\/povazskemuzeum\" \/>\n<meta property=\"article:published_time\" content=\"2012-05-10T09:15:43+00:00\" \/>\n<meta property=\"og:image\" content=\"https:\/\/pmza.sk\/wp-content\/uploads\/2012\/05\/Sobasny-palac-v-Bytci_c-scaled-1.jpg\" \/>\n<meta name=\"author\" content=\"Pova\u017esk\u00e9 m\u00fazeum\" \/>\n<meta name=\"twitter:card\" content=\"summary_large_image\" \/>\n<meta name=\"twitter:label1\" content=\"Autor\" \/>\n\t<meta name=\"twitter:data1\" content=\"Pova\u017esk\u00e9 m\u00fazeum\" \/>\n\t<meta name=\"twitter:label2\" content=\"Predpokladan\u00fd \u010das \u010d\u00edtania\" \/>\n\t<meta name=\"twitter:data2\" content=\"2 min\u00faty\" \/>\n<script type=\"application\/ld+json\" class=\"yoast-schema-graph\">{\"@context\":\"https:\\\/\\\/schema.org\",\"@graph\":[{\"@type\":\"Article\",\"@id\":\"https:\\\/\\\/pmza.sk\\\/?p=5543#article\",\"isPartOf\":{\"@id\":\"https:\\\/\\\/pmza.sk\\\/?p=5543\"},\"author\":{\"name\":\"Pova\u017esk\u00e9 m\u00fazeum\",\"@id\":\"https:\\\/\\\/pmza.sk\\\/#\\\/schema\\\/person\\\/595e6a2ce731ea94dcd5d7f50a41ae33\"},\"headline\":\"Konferencia o inov\u00e1ci\u00e1ch a kreativite m\u00faze\u00ed \u017eilinskej \u017eupy\",\"datePublished\":\"2012-05-10T09:15:43+00:00\",\"mainEntityOfPage\":{\"@id\":\"https:\\\/\\\/pmza.sk\\\/?p=5543\"},\"wordCount\":497,\"publisher\":{\"@id\":\"https:\\\/\\\/pmza.sk\\\/#organization\"},\"image\":{\"@id\":\"https:\\\/\\\/pmza.sk\\\/?p=5543#primaryimage\"},\"thumbnailUrl\":\"http:\\\/\\\/pmza.sk\\\/wp-content\\\/uploads\\\/2012\\\/05\\\/Sobasny-palac-v-Bytci_c-scaled-1.jpg\",\"articleSection\":[\"Arch\u00edv 2012\"],\"inLanguage\":\"sk-SK\"},{\"@type\":\"WebPage\",\"@id\":\"https:\\\/\\\/pmza.sk\\\/?p=5543\",\"url\":\"https:\\\/\\\/pmza.sk\\\/?p=5543\",\"name\":\"Konferencia o inov\u00e1ci\u00e1ch a kreativite m\u00faze\u00ed \u017eilinskej \u017eupy - Pova\u017esk\u00e9 m\u00fazeum\",\"isPartOf\":{\"@id\":\"https:\\\/\\\/pmza.sk\\\/#website\"},\"primaryImageOfPage\":{\"@id\":\"https:\\\/\\\/pmza.sk\\\/?p=5543#primaryimage\"},\"image\":{\"@id\":\"https:\\\/\\\/pmza.sk\\\/?p=5543#primaryimage\"},\"thumbnailUrl\":\"http:\\\/\\\/pmza.sk\\\/wp-content\\\/uploads\\\/2012\\\/05\\\/Sobasny-palac-v-Bytci_c-scaled-1.jpg\",\"datePublished\":\"2012-05-10T09:15:43+00:00\",\"breadcrumb\":{\"@id\":\"https:\\\/\\\/pmza.sk\\\/?p=5543#breadcrumb\"},\"inLanguage\":\"sk-SK\",\"potentialAction\":[{\"@type\":\"ReadAction\",\"target\":[\"https:\\\/\\\/pmza.sk\\\/?p=5543\"]}]},{\"@type\":\"ImageObject\",\"inLanguage\":\"sk-SK\",\"@id\":\"https:\\\/\\\/pmza.sk\\\/?p=5543#primaryimage\",\"url\":\"https:\\\/\\\/pmza.sk\\\/wp-content\\\/uploads\\\/2012\\\/05\\\/Sobasny-palac-v-Bytci_c-scaled-1.jpg\",\"contentUrl\":\"https:\\\/\\\/pmza.sk\\\/wp-content\\\/uploads\\\/2012\\\/05\\\/Sobasny-palac-v-Bytci_c-scaled-1.jpg\",\"width\":2560,\"height\":1920},{\"@type\":\"BreadcrumbList\",\"@id\":\"https:\\\/\\\/pmza.sk\\\/?p=5543#breadcrumb\",\"itemListElement\":[{\"@type\":\"ListItem\",\"position\":1,\"name\":\"Domovsk\u00e1 str\u00e1nka\",\"item\":\"https:\\\/\\\/pmza.sk\\\/\"},{\"@type\":\"ListItem\",\"position\":2,\"name\":\"Konferencia o inov\u00e1ci\u00e1ch a kreativite m\u00faze\u00ed \u017eilinskej \u017eupy\"}]},{\"@type\":\"WebSite\",\"@id\":\"https:\\\/\\\/pmza.sk\\\/#website\",\"url\":\"https:\\\/\\\/pmza.sk\\\/\",\"name\":\"Pova\u017esk\u00e9 m\u00fazeum\",\"description\":\"Pova\u017esk\u00e9 m\u00fazeum v \u017diline je region\u00e1lne m\u00fazeum so s\u00eddlom v Budat\u00edne. Jeho expoz\u00edcie s\u00fa zameran\u00e9 na dejiny slovensk\u00e9ho umenia, kult\u00fary a dopravy.\",\"publisher\":{\"@id\":\"https:\\\/\\\/pmza.sk\\\/#organization\"},\"potentialAction\":[{\"@type\":\"SearchAction\",\"target\":{\"@type\":\"EntryPoint\",\"urlTemplate\":\"https:\\\/\\\/pmza.sk\\\/?s={search_term_string}\"},\"query-input\":{\"@type\":\"PropertyValueSpecification\",\"valueRequired\":true,\"valueName\":\"search_term_string\"}}],\"inLanguage\":\"sk-SK\"},{\"@type\":\"Organization\",\"@id\":\"https:\\\/\\\/pmza.sk\\\/#organization\",\"name\":\"Pova\u017esk\u00e9 m\u00fazeum\",\"url\":\"https:\\\/\\\/pmza.sk\\\/\",\"logo\":{\"@type\":\"ImageObject\",\"inLanguage\":\"sk-SK\",\"@id\":\"https:\\\/\\\/pmza.sk\\\/#\\\/schema\\\/logo\\\/image\\\/\",\"url\":\"https:\\\/\\\/pmza.sk\\\/wp-content\\\/uploads\\\/2022\\\/01\\\/logo_PM_horizontal.jpg\",\"contentUrl\":\"https:\\\/\\\/pmza.sk\\\/wp-content\\\/uploads\\\/2022\\\/01\\\/logo_PM_horizontal.jpg\",\"width\":231,\"height\":142,\"caption\":\"Pova\u017esk\u00e9 m\u00fazeum\"},\"image\":{\"@id\":\"https:\\\/\\\/pmza.sk\\\/#\\\/schema\\\/logo\\\/image\\\/\"},\"sameAs\":[\"https:\\\/\\\/www.facebook.com\\\/povazskemuzeum\",\"https:\\\/\\\/www.instagram.com\\\/povazskemuzeum\\\/\"]},{\"@type\":\"Person\",\"@id\":\"https:\\\/\\\/pmza.sk\\\/#\\\/schema\\\/person\\\/595e6a2ce731ea94dcd5d7f50a41ae33\",\"name\":\"Pova\u017esk\u00e9 m\u00fazeum\",\"image\":{\"@type\":\"ImageObject\",\"inLanguage\":\"sk-SK\",\"@id\":\"https:\\\/\\\/secure.gravatar.com\\\/avatar\\\/2bb7f1561282132fb5826dfeccc66c7996d11ee392ac6aaf7ced8a1c2027fbb2?s=96&d=mm&r=g\",\"url\":\"https:\\\/\\\/secure.gravatar.com\\\/avatar\\\/2bb7f1561282132fb5826dfeccc66c7996d11ee392ac6aaf7ced8a1c2027fbb2?s=96&d=mm&r=g\",\"contentUrl\":\"https:\\\/\\\/secure.gravatar.com\\\/avatar\\\/2bb7f1561282132fb5826dfeccc66c7996d11ee392ac6aaf7ced8a1c2027fbb2?s=96&d=mm&r=g\",\"caption\":\"Pova\u017esk\u00e9 m\u00fazeum\"}}]}<\/script>\n<!-- \/ Yoast SEO plugin. -->","yoast_head_json":{"title":"Konferencia o inov\u00e1ci\u00e1ch a kreativite m\u00faze\u00ed \u017eilinskej \u017eupy - Pova\u017esk\u00e9 m\u00fazeum","robots":{"index":"index","follow":"follow","max-snippet":"max-snippet:-1","max-image-preview":"max-image-preview:large","max-video-preview":"max-video-preview:-1"},"canonical":"https:\/\/pmza.sk\/?p=5543","og_locale":"sk_SK","og_type":"article","og_title":"Konferencia o inov\u00e1ci\u00e1ch a kreativite m\u00faze\u00ed \u017eilinskej \u017eupy - Pova\u017esk\u00e9 m\u00fazeum","og_description":"M\u00faze\u00e1 v\u00a0zria\u010fovate\u013eskej p\u00f4sobnosti \u017dilinsk\u00e9ho samospr\u00e1vneho kraja (\u010falej len ZP \u017dSK) v\u00a0s\u00fa\u010dasnosti bilancuj\u00fa \u0161tvrt\u00fd rok vz\u00e1jomnej spolupr\u00e1ce vo v\u0161etk\u00fdch oblastiach ich p\u00f4sobenia. \u201eOd roku 2009 Liptovsk\u00e9 m\u00fazeum v\u00a0Ru\u017eomberku, Kysuck\u00e9 m\u00fazeum v\u00a0\u010cadci, Oravsk\u00e9 m\u00fazeum POH v\u00a0Dolnom Kub\u00edne a\u00a0Pova\u017esk\u00e9 m\u00fazeum v\u00a0\u017diline spolo\u010dne zrealizovali mnoho \u00faspe\u0161n\u00fdch aktiv\u00edt. Z\u00a0odbornej \u010dinnosti spomeniem audity odborn\u00fdch zamestnancov, z\u00a0expozi\u010dn\u00fdch napr\u00edklad spolo\u010dn\u00e1 pr\u00edrodovedn\u00e1 expoz\u00edcia v\u00a0Kr\u00e1sne [&hellip;]","og_url":"https:\/\/pmza.sk\/?p=5543","og_site_name":"Pova\u017esk\u00e9 m\u00fazeum","article_publisher":"https:\/\/www.facebook.com\/povazskemuzeum","article_published_time":"2012-05-10T09:15:43+00:00","og_image":[{"url":"https:\/\/pmza.sk\/wp-content\/uploads\/2012\/05\/Sobasny-palac-v-Bytci_c-scaled-1.jpg","type":"","width":"","height":""}],"author":"Pova\u017esk\u00e9 m\u00fazeum","twitter_card":"summary_large_image","twitter_misc":{"Autor":"Pova\u017esk\u00e9 m\u00fazeum","Predpokladan\u00fd \u010das \u010d\u00edtania":"2 min\u00faty"},"schema":{"@context":"https:\/\/schema.org","@graph":[{"@type":"Article","@id":"https:\/\/pmza.sk\/?p=5543#article","isPartOf":{"@id":"https:\/\/pmza.sk\/?p=5543"},"author":{"name":"Pova\u017esk\u00e9 m\u00fazeum","@id":"https:\/\/pmza.sk\/#\/schema\/person\/595e6a2ce731ea94dcd5d7f50a41ae33"},"headline":"Konferencia o inov\u00e1ci\u00e1ch a kreativite m\u00faze\u00ed \u017eilinskej \u017eupy","datePublished":"2012-05-10T09:15:43+00:00","mainEntityOfPage":{"@id":"https:\/\/pmza.sk\/?p=5543"},"wordCount":497,"publisher":{"@id":"https:\/\/pmza.sk\/#organization"},"image":{"@id":"https:\/\/pmza.sk\/?p=5543#primaryimage"},"thumbnailUrl":"https:\/\/pmza.sk\/wp-content\/uploads\/2012\/05\/Sobasny-palac-v-Bytci_c-scaled-1.jpg","articleSection":["Arch\u00edv 2012"],"inLanguage":"sk-SK"},{"@type":"WebPage","@id":"https:\/\/pmza.sk\/?p=5543","url":"https:\/\/pmza.sk\/?p=5543","name":"Konferencia o inov\u00e1ci\u00e1ch a kreativite m\u00faze\u00ed \u017eilinskej \u017eupy - Pova\u017esk\u00e9 m\u00fazeum","isPartOf":{"@id":"https:\/\/pmza.sk\/#website"},"primaryImageOfPage":{"@id":"https:\/\/pmza.sk\/?p=5543#primaryimage"},"image":{"@id":"https:\/\/pmza.sk\/?p=5543#primaryimage"},"thumbnailUrl":"https:\/\/pmza.sk\/wp-content\/uploads\/2012\/05\/Sobasny-palac-v-Bytci_c-scaled-1.jpg","datePublished":"2012-05-10T09:15:43+00:00","breadcrumb":{"@id":"https:\/\/pmza.sk\/?p=5543#breadcrumb"},"inLanguage":"sk-SK","potentialAction":[{"@type":"ReadAction","target":["https:\/\/pmza.sk\/?p=5543"]}]},{"@type":"ImageObject","inLanguage":"sk-SK","@id":"https:\/\/pmza.sk\/?p=5543#primaryimage","url":"https:\/\/pmza.sk\/wp-content\/uploads\/2012\/05\/Sobasny-palac-v-Bytci_c-scaled-1.jpg","contentUrl":"https:\/\/pmza.sk\/wp-content\/uploads\/2012\/05\/Sobasny-palac-v-Bytci_c-scaled-1.jpg","width":2560,"height":1920},{"@type":"BreadcrumbList","@id":"https:\/\/pmza.sk\/?p=5543#breadcrumb","itemListElement":[{"@type":"ListItem","position":1,"name":"Domovsk\u00e1 str\u00e1nka","item":"https:\/\/pmza.sk\/"},{"@type":"ListItem","position":2,"name":"Konferencia o inov\u00e1ci\u00e1ch a kreativite m\u00faze\u00ed \u017eilinskej \u017eupy"}]},{"@type":"WebSite","@id":"https:\/\/pmza.sk\/#website","url":"https:\/\/pmza.sk\/","name":"Pova\u017esk\u00e9 m\u00fazeum","description":"Pova\u017esk\u00e9 m\u00fazeum v \u017diline je region\u00e1lne m\u00fazeum so s\u00eddlom v Budat\u00edne. Jeho expoz\u00edcie s\u00fa zameran\u00e9 na dejiny slovensk\u00e9ho umenia, kult\u00fary a dopravy.","publisher":{"@id":"https:\/\/pmza.sk\/#organization"},"potentialAction":[{"@type":"SearchAction","target":{"@type":"EntryPoint","urlTemplate":"https:\/\/pmza.sk\/?s={search_term_string}"},"query-input":{"@type":"PropertyValueSpecification","valueRequired":true,"valueName":"search_term_string"}}],"inLanguage":"sk-SK"},{"@type":"Organization","@id":"https:\/\/pmza.sk\/#organization","name":"Pova\u017esk\u00e9 m\u00fazeum","url":"https:\/\/pmza.sk\/","logo":{"@type":"ImageObject","inLanguage":"sk-SK","@id":"https:\/\/pmza.sk\/#\/schema\/logo\/image\/","url":"https:\/\/pmza.sk\/wp-content\/uploads\/2022\/01\/logo_PM_horizontal.jpg","contentUrl":"https:\/\/pmza.sk\/wp-content\/uploads\/2022\/01\/logo_PM_horizontal.jpg","width":231,"height":142,"caption":"Pova\u017esk\u00e9 m\u00fazeum"},"image":{"@id":"https:\/\/pmza.sk\/#\/schema\/logo\/image\/"},"sameAs":["https:\/\/www.facebook.com\/povazskemuzeum","https:\/\/www.instagram.com\/povazskemuzeum\/"]},{"@type":"Person","@id":"https:\/\/pmza.sk\/#\/schema\/person\/595e6a2ce731ea94dcd5d7f50a41ae33","name":"Pova\u017esk\u00e9 m\u00fazeum","image":{"@type":"ImageObject","inLanguage":"sk-SK","@id":"https:\/\/secure.gravatar.com\/avatar\/2bb7f1561282132fb5826dfeccc66c7996d11ee392ac6aaf7ced8a1c2027fbb2?s=96&d=mm&r=g","url":"https:\/\/secure.gravatar.com\/avatar\/2bb7f1561282132fb5826dfeccc66c7996d11ee392ac6aaf7ced8a1c2027fbb2?s=96&d=mm&r=g","contentUrl":"https:\/\/secure.gravatar.com\/avatar\/2bb7f1561282132fb5826dfeccc66c7996d11ee392ac6aaf7ced8a1c2027fbb2?s=96&d=mm&r=g","caption":"Pova\u017esk\u00e9 m\u00fazeum"}}]}},"_links":{"self":[{"href":"https:\/\/pmza.sk\/index.php?rest_route=\/wp\/v2\/posts\/5543","targetHints":{"allow":["GET"]}}],"collection":[{"href":"https:\/\/pmza.sk\/index.php?rest_route=\/wp\/v2\/posts"}],"about":[{"href":"https:\/\/pmza.sk\/index.php?rest_route=\/wp\/v2\/types\/post"}],"author":[{"embeddable":true,"href":"https:\/\/pmza.sk\/index.php?rest_route=\/wp\/v2\/users\/2"}],"replies":[{"embeddable":true,"href":"https:\/\/pmza.sk\/index.php?rest_route=%2Fwp%2Fv2%2Fcomments&post=5543"}],"version-history":[{"count":0,"href":"https:\/\/pmza.sk\/index.php?rest_route=\/wp\/v2\/posts\/5543\/revisions"}],"wp:attachment":[{"href":"https:\/\/pmza.sk\/index.php?rest_route=%2Fwp%2Fv2%2Fmedia&parent=5543"}],"wp:term":[{"taxonomy":"category","embeddable":true,"href":"https:\/\/pmza.sk\/index.php?rest_route=%2Fwp%2Fv2%2Fcategories&post=5543"},{"taxonomy":"post_tag","embeddable":true,"href":"https:\/\/pmza.sk\/index.php?rest_route=%2Fwp%2Fv2%2Ftags&post=5543"}],"curies":[{"name":"wp","href":"https:\/\/api.w.org\/{rel}","templated":true}]}}