{"id":55458,"date":"2023-03-17T12:15:23","date_gmt":"2023-03-17T11:15:23","guid":{"rendered":"https:\/\/pmza.sk\/?p=55458"},"modified":"2023-10-13T07:28:12","modified_gmt":"2023-10-13T05:28:12","slug":"moje-druhe-ja","status":"publish","type":"post","link":"https:\/\/pmza.sk\/?p=55458","title":{"rendered":"Moje druh\u00e9 ja"},"content":{"rendered":"<p>V\u00a0priestoroch Drot\u00e1rskeho pavil\u00f3nu bude od 23. marca pre verejnos\u0165 pr\u00edstupn\u00e1 v\u00fdstava autorsk\u00fdch \u0161perkov Lucie \u010cert\u00edkovej Moje druh\u00e9 ja. Rodenej Bratislav\u010danke, geneticky s\u010dasti sp\u00e4tej s regi\u00f3nom b\u00fdvalej Drot\u00e1rie \u2013\u00a0s Kysucami, u\u010daroval najm\u00e4 antikorov\u00fd dr\u00f4t \u010dasto v\u00a0nezvyklom spojen\u00ed s\u00a0\u010diernym viazac\u00edm oce\u013eov\u00fdm dr\u00f4tom, doplnen\u00fd o efektn\u00e9 miner\u00e1ly a\u00a0polodrahokamy. N\u00e1paditou kombin\u00e1ciou drot\u00e1rskych prvkov a\u00a0postupov prevzat\u00fdch zo spracovania textiln\u00fdch vl\u00e1ken alebo pr\u00edrodn\u00fdch plet\u00edv z\u00a0nich kon\u0161truuje origin\u00e1lne umeleck\u00e9 artefakty, ktor\u00fdch gal\u00e9riou sa st\u00e1va \u013eudsk\u00e9 telo.<\/p>\n<p><em>\u201eLucia \u010cert\u00edkov\u00e1 sa s tradi\u010dn\u00fdm slovensk\u00fdm remeslom \u2013 drot\u00e1rstvom zozn\u00e1mila cez dr\u00f4tom opletan\u00e9 ve\u013ekono\u010dn\u00e9 kraslice, nesk\u00f4r absolvovala kurzy dr\u00f4tovania v \u00da\u013dUV-e. Spo\u010diatku sa zamerala na drobn\u00e9 dekorat\u00edvne predmety, no postupne sa do centra jej pozornosti dostali \u0161perky. S\u00fa pozoruhodn\u00e9 nielen sp\u00f4sobom zhotovenia, ale aj origin\u00e1lnym dizajnom. Vytv\u00e1ra ich svojsk\u00fdm imaginat\u00edvnym sp\u00f4sobom zo spleti m\u00e4kk\u00fdch abstraktn\u00fdch organick\u00fdch l\u00edni\u00ed, prirodzene vych\u00e1dzaj\u00facich jedna z\u00a0druhej alebo hravou interakciou geometrick\u00fdch tvarov. Rada rozv\u00edja jeden centr\u00e1lny mot\u00edv, no \u010dasto pracuje aj s\u00a0rytmicky sa opakuj\u00facimi prvkami. V \u0161perkoch tak odr\u00e1\u017ea svoj krehk\u00fd snov\u00fd vn\u00fatorn\u00fd svet, in\u0161pirovan\u00fd kr\u00e1sou pr\u00edrody, tajomstvami vesm\u00edru a z\u00e1zrakmi \u017eivota. O\u010darenie pr\u00edrodou c\u00edti\u0165 u nej aj v tvorbe men\u0161\u00edch plast\u00edk a objektov z tvrd\u00e9ho oce\u013eov\u00e9ho vl\u00e1kna, ktor\u00e9 sporadicky<\/em> <em>tvor\u00ed popri \u0161perkoch a\u00a0buduje z\u00a0nich vlastn\u00fd poetick\u00fd alternat\u00edvny dr\u00f4ten\u00fd svet.\u201c <\/em>pribli\u017euje kur\u00e1torka v\u00fdstavy Mgr. Katar\u00edna Hallonov\u00e1, ktor\u00e1 p\u00f4sob\u00ed v\u00a0Pova\u017eskom m\u00fazeu ako histori\u010dka drot\u00e1rstva.<\/p>\n<p>V\u00fdnimo\u010dn\u00e9 \u0161perky, doplnen\u00e9 o dr\u00f4ten\u00e9 plastiky, m\u00f4\u017eu z\u00e1ujemcovia obdivova\u0165 po\u010das be\u017en\u00fdch otv\u00e1rac\u00edch hod\u00edn Drot\u00e1rskeho pavil\u00f3nu do 4. okt\u00f3bra.<\/p>\n<div><\/div>\n<div class=\"wp-block-image\"><img fetchpriority=\"high\" decoding=\"async\" class=\"alignnone size-medium wp-image-55459\" src=\"https:\/\/pmza.sk\/wp-content\/uploads\/2023\/03\/Moje_druhe_ja_K0-255x360.jpg\" alt=\"\" width=\"255\" height=\"360\" srcset=\"https:\/\/pmza.sk\/wp-content\/uploads\/2023\/03\/Moje_druhe_ja_K0-255x360.jpg 255w, https:\/\/pmza.sk\/wp-content\/uploads\/2023\/03\/Moje_druhe_ja_K0-520x736.jpg 520w, https:\/\/pmza.sk\/wp-content\/uploads\/2023\/03\/Moje_druhe_ja_K0-768x1086.jpg 768w, https:\/\/pmza.sk\/wp-content\/uploads\/2023\/03\/Moje_druhe_ja_K0-1086x1536.jpg 1086w, https:\/\/pmza.sk\/wp-content\/uploads\/2023\/03\/Moje_druhe_ja_K0-1448x2048.jpg 1448w, https:\/\/pmza.sk\/wp-content\/uploads\/2023\/03\/Moje_druhe_ja_K0-600x849.jpg 600w, https:\/\/pmza.sk\/wp-content\/uploads\/2023\/03\/Moje_druhe_ja_K0-scaled.jpg 1810w\" sizes=\"(max-width: 255px) 100vw, 255px\" \/><\/div>\n<div><\/div>\n<div>Plag\u00e1t v plnej ve\u013ekosti <a href=\"https:\/\/pmza.sk\/wp-content\/uploads\/2023\/03\/Moje_druhe_ja_K0.pdf\">TU<\/a><\/div>\n","protected":false},"excerpt":{"rendered":"<p>V\u00a0priestoroch Drot\u00e1rskeho pavil\u00f3nu bude od 23. marca pre verejnos\u0165 pr\u00edstupn\u00e1 v\u00fdstava autorsk\u00fdch \u0161perkov Lucie \u010cert\u00edkovej Moje druh\u00e9 ja. Rodenej Bratislav\u010danke, geneticky s\u010dasti sp\u00e4tej s regi\u00f3nom b\u00fdvalej Drot\u00e1rie \u2013\u00a0s Kysucami, u\u010daroval najm\u00e4 antikorov\u00fd dr\u00f4t \u010dasto v\u00a0nezvyklom spojen\u00ed s\u00a0\u010diernym viazac\u00edm oce\u013eov\u00fdm dr\u00f4tom, doplnen\u00fd o efektn\u00e9 miner\u00e1ly a\u00a0polodrahokamy. N\u00e1paditou kombin\u00e1ciou drot\u00e1rskych prvkov a\u00a0postupov prevzat\u00fdch zo spracovania textiln\u00fdch vl\u00e1ken [&hellip;]<\/p>\n","protected":false},"author":2,"featured_media":55461,"comment_status":"open","ping_status":"open","sticky":false,"template":"","format":"standard","meta":{"site-sidebar-layout":"default","site-content-layout":"default","ast-site-content-layout":"","site-content-style":"default","site-sidebar-style":"default","ast-global-header-display":"","ast-banner-title-visibility":"","ast-main-header-display":"","ast-hfb-above-header-display":"","ast-hfb-below-header-display":"","ast-hfb-mobile-header-display":"","site-post-title":"","ast-breadcrumbs-content":"","ast-featured-img":"","footer-sml-layout":"","theme-transparent-header-meta":"default","adv-header-id-meta":"","stick-header-meta":"default","header-above-stick-meta":"","header-main-stick-meta":"","header-below-stick-meta":"","astra-migrate-meta-layouts":"default","ast-page-background-enabled":"default","ast-page-background-meta":{"desktop":{"background-color":"var(--ast-global-color-4)","background-image":"","background-repeat":"repeat","background-position":"center center","background-size":"auto","background-attachment":"scroll","background-type":"","background-media":"","overlay-type":"","overlay-color":"","overlay-opacity":"","overlay-gradient":""},"tablet":{"background-color":"","background-image":"","background-repeat":"repeat","background-position":"center center","background-size":"auto","background-attachment":"scroll","background-type":"","background-media":"","overlay-type":"","overlay-color":"","overlay-opacity":"","overlay-gradient":""},"mobile":{"background-color":"","background-image":"","background-repeat":"repeat","background-position":"center center","background-size":"auto","background-attachment":"scroll","background-type":"","background-media":"","overlay-type":"","overlay-color":"","overlay-opacity":"","overlay-gradient":""}},"ast-content-background-meta":{"desktop":{"background-color":"var(--ast-global-color-5)","background-image":"","background-repeat":"repeat","background-position":"center center","background-size":"auto","background-attachment":"scroll","background-type":"","background-media":"","overlay-type":"","overlay-color":"","overlay-opacity":"","overlay-gradient":""},"tablet":{"background-color":"var(--ast-global-color-5)","background-image":"","background-repeat":"repeat","background-position":"center center","background-size":"auto","background-attachment":"scroll","background-type":"","background-media":"","overlay-type":"","overlay-color":"","overlay-opacity":"","overlay-gradient":""},"mobile":{"background-color":"var(--ast-global-color-5)","background-image":"","background-repeat":"repeat","background-position":"center center","background-size":"auto","background-attachment":"scroll","background-type":"","background-media":"","overlay-type":"","overlay-color":"","overlay-opacity":"","overlay-gradient":""}},"footnotes":""},"categories":[72],"tags":[],"class_list":["post-55458","post","type-post","status-publish","format-standard","has-post-thumbnail","hentry","category-vystavy"],"yoast_head":"<!-- This site is optimized with the Yoast SEO plugin v27.4 - https:\/\/yoast.com\/product\/yoast-seo-wordpress\/ -->\n<title>Moje druh\u00e9 ja - Pova\u017esk\u00e9 m\u00fazeum<\/title>\n<meta name=\"robots\" content=\"index, follow, max-snippet:-1, max-image-preview:large, max-video-preview:-1\" \/>\n<link rel=\"canonical\" href=\"https:\/\/pmza.sk\/?p=55458\" \/>\n<meta property=\"og:locale\" content=\"sk_SK\" \/>\n<meta property=\"og:type\" content=\"article\" \/>\n<meta property=\"og:title\" content=\"Moje druh\u00e9 ja - Pova\u017esk\u00e9 m\u00fazeum\" \/>\n<meta property=\"og:description\" content=\"V\u00a0priestoroch Drot\u00e1rskeho pavil\u00f3nu bude od 23. marca pre verejnos\u0165 pr\u00edstupn\u00e1 v\u00fdstava autorsk\u00fdch \u0161perkov Lucie \u010cert\u00edkovej Moje druh\u00e9 ja. Rodenej Bratislav\u010danke, geneticky s\u010dasti sp\u00e4tej s regi\u00f3nom b\u00fdvalej Drot\u00e1rie \u2013\u00a0s Kysucami, u\u010daroval najm\u00e4 antikorov\u00fd dr\u00f4t \u010dasto v\u00a0nezvyklom spojen\u00ed s\u00a0\u010diernym viazac\u00edm oce\u013eov\u00fdm dr\u00f4tom, doplnen\u00fd o efektn\u00e9 miner\u00e1ly a\u00a0polodrahokamy. N\u00e1paditou kombin\u00e1ciou drot\u00e1rskych prvkov a\u00a0postupov prevzat\u00fdch zo spracovania textiln\u00fdch vl\u00e1ken [&hellip;]\" \/>\n<meta property=\"og:url\" content=\"https:\/\/pmza.sk\/?p=55458\" \/>\n<meta property=\"og:site_name\" content=\"Pova\u017esk\u00e9 m\u00fazeum\" \/>\n<meta property=\"article:publisher\" content=\"https:\/\/www.facebook.com\/povazskemuzeum\" \/>\n<meta property=\"article:published_time\" content=\"2023-03-17T11:15:23+00:00\" \/>\n<meta property=\"article:modified_time\" content=\"2023-10-13T05:28:12+00:00\" \/>\n<meta property=\"og:image\" content=\"https:\/\/pmza.sk\/wp-content\/uploads\/2023\/03\/Moje_druhe_ja_web-scaled.jpg\" \/>\n\t<meta property=\"og:image:width\" content=\"2560\" \/>\n\t<meta property=\"og:image:height\" content=\"2560\" \/>\n\t<meta property=\"og:image:type\" content=\"image\/jpeg\" \/>\n<meta name=\"author\" content=\"Pova\u017esk\u00e9 m\u00fazeum\" \/>\n<meta name=\"twitter:card\" content=\"summary_large_image\" \/>\n<meta name=\"twitter:label1\" content=\"Autor\" \/>\n\t<meta name=\"twitter:data1\" content=\"Pova\u017esk\u00e9 m\u00fazeum\" \/>\n\t<meta name=\"twitter:label2\" content=\"Predpokladan\u00fd \u010das \u010d\u00edtania\" \/>\n\t<meta name=\"twitter:data2\" content=\"2 min\u00faty\" \/>\n<script type=\"application\/ld+json\" class=\"yoast-schema-graph\">{\"@context\":\"https:\\\/\\\/schema.org\",\"@graph\":[{\"@type\":\"Article\",\"@id\":\"https:\\\/\\\/pmza.sk\\\/?p=55458#article\",\"isPartOf\":{\"@id\":\"https:\\\/\\\/pmza.sk\\\/?p=55458\"},\"author\":{\"name\":\"Pova\u017esk\u00e9 m\u00fazeum\",\"@id\":\"https:\\\/\\\/pmza.sk\\\/#\\\/schema\\\/person\\\/595e6a2ce731ea94dcd5d7f50a41ae33\"},\"headline\":\"Moje druh\u00e9 ja\",\"datePublished\":\"2023-03-17T11:15:23+00:00\",\"dateModified\":\"2023-10-13T05:28:12+00:00\",\"mainEntityOfPage\":{\"@id\":\"https:\\\/\\\/pmza.sk\\\/?p=55458\"},\"wordCount\":347,\"commentCount\":0,\"publisher\":{\"@id\":\"https:\\\/\\\/pmza.sk\\\/#organization\"},\"image\":{\"@id\":\"https:\\\/\\\/pmza.sk\\\/?p=55458#primaryimage\"},\"thumbnailUrl\":\"https:\\\/\\\/pmza.sk\\\/wp-content\\\/uploads\\\/2023\\\/03\\\/Moje_druhe_ja_web-scaled.jpg\",\"articleSection\":[\"V\u00fdstavy\"],\"inLanguage\":\"sk-SK\"},{\"@type\":\"WebPage\",\"@id\":\"https:\\\/\\\/pmza.sk\\\/?p=55458\",\"url\":\"https:\\\/\\\/pmza.sk\\\/?p=55458\",\"name\":\"Moje druh\u00e9 ja - Pova\u017esk\u00e9 m\u00fazeum\",\"isPartOf\":{\"@id\":\"https:\\\/\\\/pmza.sk\\\/#website\"},\"primaryImageOfPage\":{\"@id\":\"https:\\\/\\\/pmza.sk\\\/?p=55458#primaryimage\"},\"image\":{\"@id\":\"https:\\\/\\\/pmza.sk\\\/?p=55458#primaryimage\"},\"thumbnailUrl\":\"https:\\\/\\\/pmza.sk\\\/wp-content\\\/uploads\\\/2023\\\/03\\\/Moje_druhe_ja_web-scaled.jpg\",\"datePublished\":\"2023-03-17T11:15:23+00:00\",\"dateModified\":\"2023-10-13T05:28:12+00:00\",\"breadcrumb\":{\"@id\":\"https:\\\/\\\/pmza.sk\\\/?p=55458#breadcrumb\"},\"inLanguage\":\"sk-SK\",\"potentialAction\":[{\"@type\":\"ReadAction\",\"target\":[\"https:\\\/\\\/pmza.sk\\\/?p=55458\"]}]},{\"@type\":\"ImageObject\",\"inLanguage\":\"sk-SK\",\"@id\":\"https:\\\/\\\/pmza.sk\\\/?p=55458#primaryimage\",\"url\":\"https:\\\/\\\/pmza.sk\\\/wp-content\\\/uploads\\\/2023\\\/03\\\/Moje_druhe_ja_web-scaled.jpg\",\"contentUrl\":\"https:\\\/\\\/pmza.sk\\\/wp-content\\\/uploads\\\/2023\\\/03\\\/Moje_druhe_ja_web-scaled.jpg\",\"width\":2560,\"height\":2560},{\"@type\":\"BreadcrumbList\",\"@id\":\"https:\\\/\\\/pmza.sk\\\/?p=55458#breadcrumb\",\"itemListElement\":[{\"@type\":\"ListItem\",\"position\":1,\"name\":\"Domovsk\u00e1 str\u00e1nka\",\"item\":\"https:\\\/\\\/pmza.sk\\\/\"},{\"@type\":\"ListItem\",\"position\":2,\"name\":\"Moje druh\u00e9 ja\"}]},{\"@type\":\"WebSite\",\"@id\":\"https:\\\/\\\/pmza.sk\\\/#website\",\"url\":\"https:\\\/\\\/pmza.sk\\\/\",\"name\":\"Pova\u017esk\u00e9 m\u00fazeum\",\"description\":\"Pova\u017esk\u00e9 m\u00fazeum v \u017diline je region\u00e1lne m\u00fazeum so s\u00eddlom v Budat\u00edne. Jeho expoz\u00edcie s\u00fa zameran\u00e9 na dejiny slovensk\u00e9ho umenia, kult\u00fary a dopravy.\",\"publisher\":{\"@id\":\"https:\\\/\\\/pmza.sk\\\/#organization\"},\"potentialAction\":[{\"@type\":\"SearchAction\",\"target\":{\"@type\":\"EntryPoint\",\"urlTemplate\":\"https:\\\/\\\/pmza.sk\\\/?s={search_term_string}\"},\"query-input\":{\"@type\":\"PropertyValueSpecification\",\"valueRequired\":true,\"valueName\":\"search_term_string\"}}],\"inLanguage\":\"sk-SK\"},{\"@type\":\"Organization\",\"@id\":\"https:\\\/\\\/pmza.sk\\\/#organization\",\"name\":\"Pova\u017esk\u00e9 m\u00fazeum\",\"url\":\"https:\\\/\\\/pmza.sk\\\/\",\"logo\":{\"@type\":\"ImageObject\",\"inLanguage\":\"sk-SK\",\"@id\":\"https:\\\/\\\/pmza.sk\\\/#\\\/schema\\\/logo\\\/image\\\/\",\"url\":\"https:\\\/\\\/pmza.sk\\\/wp-content\\\/uploads\\\/2022\\\/01\\\/logo_PM_horizontal.jpg\",\"contentUrl\":\"https:\\\/\\\/pmza.sk\\\/wp-content\\\/uploads\\\/2022\\\/01\\\/logo_PM_horizontal.jpg\",\"width\":231,\"height\":142,\"caption\":\"Pova\u017esk\u00e9 m\u00fazeum\"},\"image\":{\"@id\":\"https:\\\/\\\/pmza.sk\\\/#\\\/schema\\\/logo\\\/image\\\/\"},\"sameAs\":[\"https:\\\/\\\/www.facebook.com\\\/povazskemuzeum\",\"https:\\\/\\\/www.instagram.com\\\/povazskemuzeum\\\/\"]},{\"@type\":\"Person\",\"@id\":\"https:\\\/\\\/pmza.sk\\\/#\\\/schema\\\/person\\\/595e6a2ce731ea94dcd5d7f50a41ae33\",\"name\":\"Pova\u017esk\u00e9 m\u00fazeum\",\"image\":{\"@type\":\"ImageObject\",\"inLanguage\":\"sk-SK\",\"@id\":\"https:\\\/\\\/secure.gravatar.com\\\/avatar\\\/2bb7f1561282132fb5826dfeccc66c7996d11ee392ac6aaf7ced8a1c2027fbb2?s=96&d=mm&r=g\",\"url\":\"https:\\\/\\\/secure.gravatar.com\\\/avatar\\\/2bb7f1561282132fb5826dfeccc66c7996d11ee392ac6aaf7ced8a1c2027fbb2?s=96&d=mm&r=g\",\"contentUrl\":\"https:\\\/\\\/secure.gravatar.com\\\/avatar\\\/2bb7f1561282132fb5826dfeccc66c7996d11ee392ac6aaf7ced8a1c2027fbb2?s=96&d=mm&r=g\",\"caption\":\"Pova\u017esk\u00e9 m\u00fazeum\"}}]}<\/script>\n<!-- \/ Yoast SEO plugin. -->","yoast_head_json":{"title":"Moje druh\u00e9 ja - Pova\u017esk\u00e9 m\u00fazeum","robots":{"index":"index","follow":"follow","max-snippet":"max-snippet:-1","max-image-preview":"max-image-preview:large","max-video-preview":"max-video-preview:-1"},"canonical":"https:\/\/pmza.sk\/?p=55458","og_locale":"sk_SK","og_type":"article","og_title":"Moje druh\u00e9 ja - Pova\u017esk\u00e9 m\u00fazeum","og_description":"V\u00a0priestoroch Drot\u00e1rskeho pavil\u00f3nu bude od 23. marca pre verejnos\u0165 pr\u00edstupn\u00e1 v\u00fdstava autorsk\u00fdch \u0161perkov Lucie \u010cert\u00edkovej Moje druh\u00e9 ja. Rodenej Bratislav\u010danke, geneticky s\u010dasti sp\u00e4tej s regi\u00f3nom b\u00fdvalej Drot\u00e1rie \u2013\u00a0s Kysucami, u\u010daroval najm\u00e4 antikorov\u00fd dr\u00f4t \u010dasto v\u00a0nezvyklom spojen\u00ed s\u00a0\u010diernym viazac\u00edm oce\u013eov\u00fdm dr\u00f4tom, doplnen\u00fd o efektn\u00e9 miner\u00e1ly a\u00a0polodrahokamy. N\u00e1paditou kombin\u00e1ciou drot\u00e1rskych prvkov a\u00a0postupov prevzat\u00fdch zo spracovania textiln\u00fdch vl\u00e1ken [&hellip;]","og_url":"https:\/\/pmza.sk\/?p=55458","og_site_name":"Pova\u017esk\u00e9 m\u00fazeum","article_publisher":"https:\/\/www.facebook.com\/povazskemuzeum","article_published_time":"2023-03-17T11:15:23+00:00","article_modified_time":"2023-10-13T05:28:12+00:00","og_image":[{"width":2560,"height":2560,"url":"https:\/\/pmza.sk\/wp-content\/uploads\/2023\/03\/Moje_druhe_ja_web-scaled.jpg","type":"image\/jpeg"}],"author":"Pova\u017esk\u00e9 m\u00fazeum","twitter_card":"summary_large_image","twitter_misc":{"Autor":"Pova\u017esk\u00e9 m\u00fazeum","Predpokladan\u00fd \u010das \u010d\u00edtania":"2 min\u00faty"},"schema":{"@context":"https:\/\/schema.org","@graph":[{"@type":"Article","@id":"https:\/\/pmza.sk\/?p=55458#article","isPartOf":{"@id":"https:\/\/pmza.sk\/?p=55458"},"author":{"name":"Pova\u017esk\u00e9 m\u00fazeum","@id":"https:\/\/pmza.sk\/#\/schema\/person\/595e6a2ce731ea94dcd5d7f50a41ae33"},"headline":"Moje druh\u00e9 ja","datePublished":"2023-03-17T11:15:23+00:00","dateModified":"2023-10-13T05:28:12+00:00","mainEntityOfPage":{"@id":"https:\/\/pmza.sk\/?p=55458"},"wordCount":347,"commentCount":0,"publisher":{"@id":"https:\/\/pmza.sk\/#organization"},"image":{"@id":"https:\/\/pmza.sk\/?p=55458#primaryimage"},"thumbnailUrl":"https:\/\/pmza.sk\/wp-content\/uploads\/2023\/03\/Moje_druhe_ja_web-scaled.jpg","articleSection":["V\u00fdstavy"],"inLanguage":"sk-SK"},{"@type":"WebPage","@id":"https:\/\/pmza.sk\/?p=55458","url":"https:\/\/pmza.sk\/?p=55458","name":"Moje druh\u00e9 ja - Pova\u017esk\u00e9 m\u00fazeum","isPartOf":{"@id":"https:\/\/pmza.sk\/#website"},"primaryImageOfPage":{"@id":"https:\/\/pmza.sk\/?p=55458#primaryimage"},"image":{"@id":"https:\/\/pmza.sk\/?p=55458#primaryimage"},"thumbnailUrl":"https:\/\/pmza.sk\/wp-content\/uploads\/2023\/03\/Moje_druhe_ja_web-scaled.jpg","datePublished":"2023-03-17T11:15:23+00:00","dateModified":"2023-10-13T05:28:12+00:00","breadcrumb":{"@id":"https:\/\/pmza.sk\/?p=55458#breadcrumb"},"inLanguage":"sk-SK","potentialAction":[{"@type":"ReadAction","target":["https:\/\/pmza.sk\/?p=55458"]}]},{"@type":"ImageObject","inLanguage":"sk-SK","@id":"https:\/\/pmza.sk\/?p=55458#primaryimage","url":"https:\/\/pmza.sk\/wp-content\/uploads\/2023\/03\/Moje_druhe_ja_web-scaled.jpg","contentUrl":"https:\/\/pmza.sk\/wp-content\/uploads\/2023\/03\/Moje_druhe_ja_web-scaled.jpg","width":2560,"height":2560},{"@type":"BreadcrumbList","@id":"https:\/\/pmza.sk\/?p=55458#breadcrumb","itemListElement":[{"@type":"ListItem","position":1,"name":"Domovsk\u00e1 str\u00e1nka","item":"https:\/\/pmza.sk\/"},{"@type":"ListItem","position":2,"name":"Moje druh\u00e9 ja"}]},{"@type":"WebSite","@id":"https:\/\/pmza.sk\/#website","url":"https:\/\/pmza.sk\/","name":"Pova\u017esk\u00e9 m\u00fazeum","description":"Pova\u017esk\u00e9 m\u00fazeum v \u017diline je region\u00e1lne m\u00fazeum so s\u00eddlom v Budat\u00edne. Jeho expoz\u00edcie s\u00fa zameran\u00e9 na dejiny slovensk\u00e9ho umenia, kult\u00fary a dopravy.","publisher":{"@id":"https:\/\/pmza.sk\/#organization"},"potentialAction":[{"@type":"SearchAction","target":{"@type":"EntryPoint","urlTemplate":"https:\/\/pmza.sk\/?s={search_term_string}"},"query-input":{"@type":"PropertyValueSpecification","valueRequired":true,"valueName":"search_term_string"}}],"inLanguage":"sk-SK"},{"@type":"Organization","@id":"https:\/\/pmza.sk\/#organization","name":"Pova\u017esk\u00e9 m\u00fazeum","url":"https:\/\/pmza.sk\/","logo":{"@type":"ImageObject","inLanguage":"sk-SK","@id":"https:\/\/pmza.sk\/#\/schema\/logo\/image\/","url":"https:\/\/pmza.sk\/wp-content\/uploads\/2022\/01\/logo_PM_horizontal.jpg","contentUrl":"https:\/\/pmza.sk\/wp-content\/uploads\/2022\/01\/logo_PM_horizontal.jpg","width":231,"height":142,"caption":"Pova\u017esk\u00e9 m\u00fazeum"},"image":{"@id":"https:\/\/pmza.sk\/#\/schema\/logo\/image\/"},"sameAs":["https:\/\/www.facebook.com\/povazskemuzeum","https:\/\/www.instagram.com\/povazskemuzeum\/"]},{"@type":"Person","@id":"https:\/\/pmza.sk\/#\/schema\/person\/595e6a2ce731ea94dcd5d7f50a41ae33","name":"Pova\u017esk\u00e9 m\u00fazeum","image":{"@type":"ImageObject","inLanguage":"sk-SK","@id":"https:\/\/secure.gravatar.com\/avatar\/2bb7f1561282132fb5826dfeccc66c7996d11ee392ac6aaf7ced8a1c2027fbb2?s=96&d=mm&r=g","url":"https:\/\/secure.gravatar.com\/avatar\/2bb7f1561282132fb5826dfeccc66c7996d11ee392ac6aaf7ced8a1c2027fbb2?s=96&d=mm&r=g","contentUrl":"https:\/\/secure.gravatar.com\/avatar\/2bb7f1561282132fb5826dfeccc66c7996d11ee392ac6aaf7ced8a1c2027fbb2?s=96&d=mm&r=g","caption":"Pova\u017esk\u00e9 m\u00fazeum"}}]}},"_links":{"self":[{"href":"https:\/\/pmza.sk\/index.php?rest_route=\/wp\/v2\/posts\/55458","targetHints":{"allow":["GET"]}}],"collection":[{"href":"https:\/\/pmza.sk\/index.php?rest_route=\/wp\/v2\/posts"}],"about":[{"href":"https:\/\/pmza.sk\/index.php?rest_route=\/wp\/v2\/types\/post"}],"author":[{"embeddable":true,"href":"https:\/\/pmza.sk\/index.php?rest_route=\/wp\/v2\/users\/2"}],"replies":[{"embeddable":true,"href":"https:\/\/pmza.sk\/index.php?rest_route=%2Fwp%2Fv2%2Fcomments&post=55458"}],"version-history":[{"count":0,"href":"https:\/\/pmza.sk\/index.php?rest_route=\/wp\/v2\/posts\/55458\/revisions"}],"wp:featuredmedia":[{"embeddable":true,"href":"https:\/\/pmza.sk\/index.php?rest_route=\/wp\/v2\/media\/55461"}],"wp:attachment":[{"href":"https:\/\/pmza.sk\/index.php?rest_route=%2Fwp%2Fv2%2Fmedia&parent=55458"}],"wp:term":[{"taxonomy":"category","embeddable":true,"href":"https:\/\/pmza.sk\/index.php?rest_route=%2Fwp%2Fv2%2Fcategories&post=55458"},{"taxonomy":"post_tag","embeddable":true,"href":"https:\/\/pmza.sk\/index.php?rest_route=%2Fwp%2Fv2%2Ftags&post=55458"}],"curies":[{"name":"wp","href":"https:\/\/api.w.org\/{rel}","templated":true}]}}