{"id":55513,"date":"2023-03-20T13:10:24","date_gmt":"2023-03-20T12:10:24","guid":{"rendered":"https:\/\/pmza.sk\/?p=55513"},"modified":"2023-04-11T07:00:03","modified_gmt":"2023-04-11T05:00:03","slug":"pribehy-obrazov-budatinskeho-hradu","status":"publish","type":"post","link":"https:\/\/pmza.sk\/?p=55513","title":{"rendered":"Pr\u00edbehy obrazov Budat\u00ednskeho hradu"},"content":{"rendered":"<p>Na Ve\u013ekono\u010dn\u00fa nede\u013eu o\u017eij\u00fa na Budat\u00ednskom hrade historick\u00e9 obrazy. Divadelno-hrav\u00e9 zoskupenie RAZCA si pripravilo z\u00e1\u017eitkov\u00e9 prehliadky, na ktor\u00fdch n\u00e1v\u0161tevn\u00edkom pribl\u00ed\u017eia pr\u00edbehy nieko\u013ek\u00fdch osobnost\u00ed z minulosti. Z\u00e1ujemcovia sa stretn\u00fa s najzn\u00e1mej\u0161ou panovn\u00ed\u010dkou na\u0161ich dej\u00edn, M\u00e1riou Ter\u00e9ziou, jej radcom Adamom Franti\u0161kom Koll\u00e1rom, rod\u00e1kom z Terchovej. Takisto spoznaj\u00fa osud gr\u00f3fky Anny \u010c\u00e1kiovej z Kluknavy a za\u017eij\u00fa v\u00fdstrednosti posledn\u00e9ho hradn\u00e9ho p\u00e1na z Nededze, \u0160tefana Pongr\u00e1ca.<\/p>\n<p><em>,,Tento rok sme sa rozhodli o\u017eivi\u0165 ve\u013ekono\u010dn\u00fa nede\u013eu \u0161peci\u00e1lnou z\u00e1\u017eitkovou prehliadkou. Ke\u010f\u017ee ako lektorka sa ka\u017ed\u00fd de\u0148 stret\u00e1vam v hrade s na\u0161imi obrazmi, zauj\u00edmalo ma, \u010do sa za nimi skr\u00fdva. A tak som za\u010dala p\u00e1tra\u0165. Zistila som, \u017ee ka\u017ed\u00fd obraz v sebe nesie nejak\u00fd pr\u00edbeh. Vybrala som tie najzauj\u00edmavej\u0161ie, ktor\u00e9 viac \u010di menej s\u00favisia s hist\u00f3riou n\u00e1\u0161ho regi\u00f3nu,\u201c<\/em> vysvet\u013euje autorka scen\u00e1ra Katar\u00edna Mar\u0161alov\u00e1.<\/p>\n<p>Prehliadky sa bud\u00fa kona\u0165 o 9.15, 11. 15, 13.00, 14.30 a 16.00. Kto m\u00e1 z\u00e1ujem odhali\u0165 pr\u00edbehy obrazov na Budat\u00ednskom hrade, m\u00f4\u017ee si svoje miesto rezervova\u0165 na tel. \u010d. 0907 108 659. Z\u00e1kladn\u00e9 vstupn\u00e9 je 8 \u20ac, z\u013eavnen\u00e9 4 \u20ac.<\/p>\n<p>&nbsp;<\/p>\n<div class=\"wp-block-image\"><img fetchpriority=\"high\" decoding=\"async\" class=\"alignnone size-medium wp-image-55514\" src=\"https:\/\/pmza.sk\/wp-content\/uploads\/2023\/03\/Pribehy_obrazov_K3-255x360.jpg\" alt=\"\" width=\"255\" height=\"360\" srcset=\"https:\/\/pmza.sk\/wp-content\/uploads\/2023\/03\/Pribehy_obrazov_K3-255x360.jpg 255w, https:\/\/pmza.sk\/wp-content\/uploads\/2023\/03\/Pribehy_obrazov_K3-520x736.jpg 520w, https:\/\/pmza.sk\/wp-content\/uploads\/2023\/03\/Pribehy_obrazov_K3-768x1086.jpg 768w, https:\/\/pmza.sk\/wp-content\/uploads\/2023\/03\/Pribehy_obrazov_K3-1086x1536.jpg 1086w, https:\/\/pmza.sk\/wp-content\/uploads\/2023\/03\/Pribehy_obrazov_K3-1448x2048.jpg 1448w, https:\/\/pmza.sk\/wp-content\/uploads\/2023\/03\/Pribehy_obrazov_K3-600x849.jpg 600w, https:\/\/pmza.sk\/wp-content\/uploads\/2023\/03\/Pribehy_obrazov_K3-scaled.jpg 1810w\" sizes=\"(max-width: 255px) 100vw, 255px\" \/><\/div>\n<div><\/div>\n<div>Plag\u00e1t v plnej ve\u013ekosti <a href=\"https:\/\/pmza.sk\/wp-content\/uploads\/2023\/03\/Pribehy_obrazov_K3.pdf\">TU<\/a><\/div>\n<div class=\"wp-block-image\"><\/div>\n","protected":false},"excerpt":{"rendered":"<p>Na Ve\u013ekono\u010dn\u00fa nede\u013eu o\u017eij\u00fa na Budat\u00ednskom hrade historick\u00e9 obrazy. Divadelno-hrav\u00e9 zoskupenie RAZCA si pripravilo z\u00e1\u017eitkov\u00e9 prehliadky, na ktor\u00fdch n\u00e1v\u0161tevn\u00edkom pribl\u00ed\u017eia pr\u00edbehy nieko\u013ek\u00fdch osobnost\u00ed z minulosti. Z\u00e1ujemcovia sa stretn\u00fa s najzn\u00e1mej\u0161ou panovn\u00ed\u010dkou na\u0161ich dej\u00edn, M\u00e1riou Ter\u00e9ziou, jej radcom Adamom Franti\u0161kom Koll\u00e1rom, rod\u00e1kom z Terchovej. Takisto spoznaj\u00fa osud gr\u00f3fky Anny \u010c\u00e1kiovej z Kluknavy a za\u017eij\u00fa v\u00fdstrednosti posledn\u00e9ho [&hellip;]<\/p>\n","protected":false},"author":2,"featured_media":55516,"comment_status":"open","ping_status":"open","sticky":false,"template":"","format":"standard","meta":{"site-sidebar-layout":"default","site-content-layout":"default","ast-site-content-layout":"","site-content-style":"default","site-sidebar-style":"default","ast-global-header-display":"","ast-banner-title-visibility":"","ast-main-header-display":"","ast-hfb-above-header-display":"","ast-hfb-below-header-display":"","ast-hfb-mobile-header-display":"","site-post-title":"","ast-breadcrumbs-content":"","ast-featured-img":"","footer-sml-layout":"","theme-transparent-header-meta":"default","adv-header-id-meta":"","stick-header-meta":"default","header-above-stick-meta":"","header-main-stick-meta":"","header-below-stick-meta":"","astra-migrate-meta-layouts":"default","ast-page-background-enabled":"default","ast-page-background-meta":{"desktop":{"background-color":"var(--ast-global-color-4)","background-image":"","background-repeat":"repeat","background-position":"center center","background-size":"auto","background-attachment":"scroll","background-type":"","background-media":"","overlay-type":"","overlay-color":"","overlay-opacity":"","overlay-gradient":""},"tablet":{"background-color":"","background-image":"","background-repeat":"repeat","background-position":"center center","background-size":"auto","background-attachment":"scroll","background-type":"","background-media":"","overlay-type":"","overlay-color":"","overlay-opacity":"","overlay-gradient":""},"mobile":{"background-color":"","background-image":"","background-repeat":"repeat","background-position":"center center","background-size":"auto","background-attachment":"scroll","background-type":"","background-media":"","overlay-type":"","overlay-color":"","overlay-opacity":"","overlay-gradient":""}},"ast-content-background-meta":{"desktop":{"background-color":"var(--ast-global-color-5)","background-image":"","background-repeat":"repeat","background-position":"center center","background-size":"auto","background-attachment":"scroll","background-type":"","background-media":"","overlay-type":"","overlay-color":"","overlay-opacity":"","overlay-gradient":""},"tablet":{"background-color":"var(--ast-global-color-5)","background-image":"","background-repeat":"repeat","background-position":"center center","background-size":"auto","background-attachment":"scroll","background-type":"","background-media":"","overlay-type":"","overlay-color":"","overlay-opacity":"","overlay-gradient":""},"mobile":{"background-color":"var(--ast-global-color-5)","background-image":"","background-repeat":"repeat","background-position":"center center","background-size":"auto","background-attachment":"scroll","background-type":"","background-media":"","overlay-type":"","overlay-color":"","overlay-opacity":"","overlay-gradient":""}},"footnotes":""},"categories":[71],"tags":[],"class_list":["post-55513","post","type-post","status-publish","format-standard","has-post-thumbnail","hentry","category-podujatia"],"yoast_head":"<!-- This site is optimized with the Yoast SEO plugin v27.4 - https:\/\/yoast.com\/product\/yoast-seo-wordpress\/ -->\n<title>Pr\u00edbehy obrazov Budat\u00ednskeho hradu - Pova\u017esk\u00e9 m\u00fazeum<\/title>\n<meta name=\"robots\" content=\"index, follow, max-snippet:-1, max-image-preview:large, max-video-preview:-1\" \/>\n<link rel=\"canonical\" href=\"https:\/\/pmza.sk\/?p=55513\" \/>\n<meta property=\"og:locale\" content=\"sk_SK\" \/>\n<meta property=\"og:type\" content=\"article\" \/>\n<meta property=\"og:title\" content=\"Pr\u00edbehy obrazov Budat\u00ednskeho hradu - Pova\u017esk\u00e9 m\u00fazeum\" \/>\n<meta property=\"og:description\" content=\"Na Ve\u013ekono\u010dn\u00fa nede\u013eu o\u017eij\u00fa na Budat\u00ednskom hrade historick\u00e9 obrazy. Divadelno-hrav\u00e9 zoskupenie RAZCA si pripravilo z\u00e1\u017eitkov\u00e9 prehliadky, na ktor\u00fdch n\u00e1v\u0161tevn\u00edkom pribl\u00ed\u017eia pr\u00edbehy nieko\u013ek\u00fdch osobnost\u00ed z minulosti. Z\u00e1ujemcovia sa stretn\u00fa s najzn\u00e1mej\u0161ou panovn\u00ed\u010dkou na\u0161ich dej\u00edn, M\u00e1riou Ter\u00e9ziou, jej radcom Adamom Franti\u0161kom Koll\u00e1rom, rod\u00e1kom z Terchovej. Takisto spoznaj\u00fa osud gr\u00f3fky Anny \u010c\u00e1kiovej z Kluknavy a za\u017eij\u00fa v\u00fdstrednosti posledn\u00e9ho [&hellip;]\" \/>\n<meta property=\"og:url\" content=\"https:\/\/pmza.sk\/?p=55513\" \/>\n<meta property=\"og:site_name\" content=\"Pova\u017esk\u00e9 m\u00fazeum\" \/>\n<meta property=\"article:publisher\" content=\"https:\/\/www.facebook.com\/povazskemuzeum\" \/>\n<meta property=\"article:published_time\" content=\"2023-03-20T12:10:24+00:00\" \/>\n<meta property=\"article:modified_time\" content=\"2023-04-11T05:00:03+00:00\" \/>\n<meta property=\"og:image\" content=\"https:\/\/pmza.sk\/wp-content\/uploads\/2023\/03\/Pribehy_obrazov_web-scaled.jpg\" \/>\n\t<meta property=\"og:image:width\" content=\"2560\" \/>\n\t<meta property=\"og:image:height\" content=\"2560\" \/>\n\t<meta property=\"og:image:type\" content=\"image\/jpeg\" \/>\n<meta name=\"author\" content=\"Pova\u017esk\u00e9 m\u00fazeum\" \/>\n<meta name=\"twitter:card\" content=\"summary_large_image\" \/>\n<meta name=\"twitter:label1\" content=\"Autor\" \/>\n\t<meta name=\"twitter:data1\" content=\"Pova\u017esk\u00e9 m\u00fazeum\" \/>\n\t<meta name=\"twitter:label2\" content=\"Predpokladan\u00fd \u010das \u010d\u00edtania\" \/>\n\t<meta name=\"twitter:data2\" content=\"1 min\u00fata\" \/>\n<script type=\"application\/ld+json\" class=\"yoast-schema-graph\">{\"@context\":\"https:\\\/\\\/schema.org\",\"@graph\":[{\"@type\":\"Article\",\"@id\":\"https:\\\/\\\/pmza.sk\\\/?p=55513#article\",\"isPartOf\":{\"@id\":\"https:\\\/\\\/pmza.sk\\\/?p=55513\"},\"author\":{\"name\":\"Pova\u017esk\u00e9 m\u00fazeum\",\"@id\":\"https:\\\/\\\/pmza.sk\\\/#\\\/schema\\\/person\\\/595e6a2ce731ea94dcd5d7f50a41ae33\"},\"headline\":\"Pr\u00edbehy obrazov Budat\u00ednskeho hradu\",\"datePublished\":\"2023-03-20T12:10:24+00:00\",\"dateModified\":\"2023-04-11T05:00:03+00:00\",\"mainEntityOfPage\":{\"@id\":\"https:\\\/\\\/pmza.sk\\\/?p=55513\"},\"wordCount\":228,\"commentCount\":0,\"publisher\":{\"@id\":\"https:\\\/\\\/pmza.sk\\\/#organization\"},\"image\":{\"@id\":\"https:\\\/\\\/pmza.sk\\\/?p=55513#primaryimage\"},\"thumbnailUrl\":\"https:\\\/\\\/pmza.sk\\\/wp-content\\\/uploads\\\/2023\\\/03\\\/Pribehy_obrazov_web-scaled.jpg\",\"articleSection\":[\"Podujatia\"],\"inLanguage\":\"sk-SK\"},{\"@type\":\"WebPage\",\"@id\":\"https:\\\/\\\/pmza.sk\\\/?p=55513\",\"url\":\"https:\\\/\\\/pmza.sk\\\/?p=55513\",\"name\":\"Pr\u00edbehy obrazov Budat\u00ednskeho hradu - Pova\u017esk\u00e9 m\u00fazeum\",\"isPartOf\":{\"@id\":\"https:\\\/\\\/pmza.sk\\\/#website\"},\"primaryImageOfPage\":{\"@id\":\"https:\\\/\\\/pmza.sk\\\/?p=55513#primaryimage\"},\"image\":{\"@id\":\"https:\\\/\\\/pmza.sk\\\/?p=55513#primaryimage\"},\"thumbnailUrl\":\"https:\\\/\\\/pmza.sk\\\/wp-content\\\/uploads\\\/2023\\\/03\\\/Pribehy_obrazov_web-scaled.jpg\",\"datePublished\":\"2023-03-20T12:10:24+00:00\",\"dateModified\":\"2023-04-11T05:00:03+00:00\",\"breadcrumb\":{\"@id\":\"https:\\\/\\\/pmza.sk\\\/?p=55513#breadcrumb\"},\"inLanguage\":\"sk-SK\",\"potentialAction\":[{\"@type\":\"ReadAction\",\"target\":[\"https:\\\/\\\/pmza.sk\\\/?p=55513\"]}]},{\"@type\":\"ImageObject\",\"inLanguage\":\"sk-SK\",\"@id\":\"https:\\\/\\\/pmza.sk\\\/?p=55513#primaryimage\",\"url\":\"https:\\\/\\\/pmza.sk\\\/wp-content\\\/uploads\\\/2023\\\/03\\\/Pribehy_obrazov_web-scaled.jpg\",\"contentUrl\":\"https:\\\/\\\/pmza.sk\\\/wp-content\\\/uploads\\\/2023\\\/03\\\/Pribehy_obrazov_web-scaled.jpg\",\"width\":2560,\"height\":2560},{\"@type\":\"BreadcrumbList\",\"@id\":\"https:\\\/\\\/pmza.sk\\\/?p=55513#breadcrumb\",\"itemListElement\":[{\"@type\":\"ListItem\",\"position\":1,\"name\":\"Domovsk\u00e1 str\u00e1nka\",\"item\":\"https:\\\/\\\/pmza.sk\\\/\"},{\"@type\":\"ListItem\",\"position\":2,\"name\":\"Pr\u00edbehy obrazov Budat\u00ednskeho hradu\"}]},{\"@type\":\"WebSite\",\"@id\":\"https:\\\/\\\/pmza.sk\\\/#website\",\"url\":\"https:\\\/\\\/pmza.sk\\\/\",\"name\":\"Pova\u017esk\u00e9 m\u00fazeum\",\"description\":\"Pova\u017esk\u00e9 m\u00fazeum v \u017diline je region\u00e1lne m\u00fazeum so s\u00eddlom v Budat\u00edne. Jeho expoz\u00edcie s\u00fa zameran\u00e9 na dejiny slovensk\u00e9ho umenia, kult\u00fary a dopravy.\",\"publisher\":{\"@id\":\"https:\\\/\\\/pmza.sk\\\/#organization\"},\"potentialAction\":[{\"@type\":\"SearchAction\",\"target\":{\"@type\":\"EntryPoint\",\"urlTemplate\":\"https:\\\/\\\/pmza.sk\\\/?s={search_term_string}\"},\"query-input\":{\"@type\":\"PropertyValueSpecification\",\"valueRequired\":true,\"valueName\":\"search_term_string\"}}],\"inLanguage\":\"sk-SK\"},{\"@type\":\"Organization\",\"@id\":\"https:\\\/\\\/pmza.sk\\\/#organization\",\"name\":\"Pova\u017esk\u00e9 m\u00fazeum\",\"url\":\"https:\\\/\\\/pmza.sk\\\/\",\"logo\":{\"@type\":\"ImageObject\",\"inLanguage\":\"sk-SK\",\"@id\":\"https:\\\/\\\/pmza.sk\\\/#\\\/schema\\\/logo\\\/image\\\/\",\"url\":\"https:\\\/\\\/pmza.sk\\\/wp-content\\\/uploads\\\/2022\\\/01\\\/logo_PM_horizontal.jpg\",\"contentUrl\":\"https:\\\/\\\/pmza.sk\\\/wp-content\\\/uploads\\\/2022\\\/01\\\/logo_PM_horizontal.jpg\",\"width\":231,\"height\":142,\"caption\":\"Pova\u017esk\u00e9 m\u00fazeum\"},\"image\":{\"@id\":\"https:\\\/\\\/pmza.sk\\\/#\\\/schema\\\/logo\\\/image\\\/\"},\"sameAs\":[\"https:\\\/\\\/www.facebook.com\\\/povazskemuzeum\",\"https:\\\/\\\/www.instagram.com\\\/povazskemuzeum\\\/\"]},{\"@type\":\"Person\",\"@id\":\"https:\\\/\\\/pmza.sk\\\/#\\\/schema\\\/person\\\/595e6a2ce731ea94dcd5d7f50a41ae33\",\"name\":\"Pova\u017esk\u00e9 m\u00fazeum\",\"image\":{\"@type\":\"ImageObject\",\"inLanguage\":\"sk-SK\",\"@id\":\"https:\\\/\\\/secure.gravatar.com\\\/avatar\\\/2bb7f1561282132fb5826dfeccc66c7996d11ee392ac6aaf7ced8a1c2027fbb2?s=96&d=mm&r=g\",\"url\":\"https:\\\/\\\/secure.gravatar.com\\\/avatar\\\/2bb7f1561282132fb5826dfeccc66c7996d11ee392ac6aaf7ced8a1c2027fbb2?s=96&d=mm&r=g\",\"contentUrl\":\"https:\\\/\\\/secure.gravatar.com\\\/avatar\\\/2bb7f1561282132fb5826dfeccc66c7996d11ee392ac6aaf7ced8a1c2027fbb2?s=96&d=mm&r=g\",\"caption\":\"Pova\u017esk\u00e9 m\u00fazeum\"}}]}<\/script>\n<!-- \/ Yoast SEO plugin. -->","yoast_head_json":{"title":"Pr\u00edbehy obrazov Budat\u00ednskeho hradu - Pova\u017esk\u00e9 m\u00fazeum","robots":{"index":"index","follow":"follow","max-snippet":"max-snippet:-1","max-image-preview":"max-image-preview:large","max-video-preview":"max-video-preview:-1"},"canonical":"https:\/\/pmza.sk\/?p=55513","og_locale":"sk_SK","og_type":"article","og_title":"Pr\u00edbehy obrazov Budat\u00ednskeho hradu - Pova\u017esk\u00e9 m\u00fazeum","og_description":"Na Ve\u013ekono\u010dn\u00fa nede\u013eu o\u017eij\u00fa na Budat\u00ednskom hrade historick\u00e9 obrazy. Divadelno-hrav\u00e9 zoskupenie RAZCA si pripravilo z\u00e1\u017eitkov\u00e9 prehliadky, na ktor\u00fdch n\u00e1v\u0161tevn\u00edkom pribl\u00ed\u017eia pr\u00edbehy nieko\u013ek\u00fdch osobnost\u00ed z minulosti. Z\u00e1ujemcovia sa stretn\u00fa s najzn\u00e1mej\u0161ou panovn\u00ed\u010dkou na\u0161ich dej\u00edn, M\u00e1riou Ter\u00e9ziou, jej radcom Adamom Franti\u0161kom Koll\u00e1rom, rod\u00e1kom z Terchovej. Takisto spoznaj\u00fa osud gr\u00f3fky Anny \u010c\u00e1kiovej z Kluknavy a za\u017eij\u00fa v\u00fdstrednosti posledn\u00e9ho [&hellip;]","og_url":"https:\/\/pmza.sk\/?p=55513","og_site_name":"Pova\u017esk\u00e9 m\u00fazeum","article_publisher":"https:\/\/www.facebook.com\/povazskemuzeum","article_published_time":"2023-03-20T12:10:24+00:00","article_modified_time":"2023-04-11T05:00:03+00:00","og_image":[{"width":2560,"height":2560,"url":"https:\/\/pmza.sk\/wp-content\/uploads\/2023\/03\/Pribehy_obrazov_web-scaled.jpg","type":"image\/jpeg"}],"author":"Pova\u017esk\u00e9 m\u00fazeum","twitter_card":"summary_large_image","twitter_misc":{"Autor":"Pova\u017esk\u00e9 m\u00fazeum","Predpokladan\u00fd \u010das \u010d\u00edtania":"1 min\u00fata"},"schema":{"@context":"https:\/\/schema.org","@graph":[{"@type":"Article","@id":"https:\/\/pmza.sk\/?p=55513#article","isPartOf":{"@id":"https:\/\/pmza.sk\/?p=55513"},"author":{"name":"Pova\u017esk\u00e9 m\u00fazeum","@id":"https:\/\/pmza.sk\/#\/schema\/person\/595e6a2ce731ea94dcd5d7f50a41ae33"},"headline":"Pr\u00edbehy obrazov Budat\u00ednskeho hradu","datePublished":"2023-03-20T12:10:24+00:00","dateModified":"2023-04-11T05:00:03+00:00","mainEntityOfPage":{"@id":"https:\/\/pmza.sk\/?p=55513"},"wordCount":228,"commentCount":0,"publisher":{"@id":"https:\/\/pmza.sk\/#organization"},"image":{"@id":"https:\/\/pmza.sk\/?p=55513#primaryimage"},"thumbnailUrl":"https:\/\/pmza.sk\/wp-content\/uploads\/2023\/03\/Pribehy_obrazov_web-scaled.jpg","articleSection":["Podujatia"],"inLanguage":"sk-SK"},{"@type":"WebPage","@id":"https:\/\/pmza.sk\/?p=55513","url":"https:\/\/pmza.sk\/?p=55513","name":"Pr\u00edbehy obrazov Budat\u00ednskeho hradu - Pova\u017esk\u00e9 m\u00fazeum","isPartOf":{"@id":"https:\/\/pmza.sk\/#website"},"primaryImageOfPage":{"@id":"https:\/\/pmza.sk\/?p=55513#primaryimage"},"image":{"@id":"https:\/\/pmza.sk\/?p=55513#primaryimage"},"thumbnailUrl":"https:\/\/pmza.sk\/wp-content\/uploads\/2023\/03\/Pribehy_obrazov_web-scaled.jpg","datePublished":"2023-03-20T12:10:24+00:00","dateModified":"2023-04-11T05:00:03+00:00","breadcrumb":{"@id":"https:\/\/pmza.sk\/?p=55513#breadcrumb"},"inLanguage":"sk-SK","potentialAction":[{"@type":"ReadAction","target":["https:\/\/pmza.sk\/?p=55513"]}]},{"@type":"ImageObject","inLanguage":"sk-SK","@id":"https:\/\/pmza.sk\/?p=55513#primaryimage","url":"https:\/\/pmza.sk\/wp-content\/uploads\/2023\/03\/Pribehy_obrazov_web-scaled.jpg","contentUrl":"https:\/\/pmza.sk\/wp-content\/uploads\/2023\/03\/Pribehy_obrazov_web-scaled.jpg","width":2560,"height":2560},{"@type":"BreadcrumbList","@id":"https:\/\/pmza.sk\/?p=55513#breadcrumb","itemListElement":[{"@type":"ListItem","position":1,"name":"Domovsk\u00e1 str\u00e1nka","item":"https:\/\/pmza.sk\/"},{"@type":"ListItem","position":2,"name":"Pr\u00edbehy obrazov Budat\u00ednskeho hradu"}]},{"@type":"WebSite","@id":"https:\/\/pmza.sk\/#website","url":"https:\/\/pmza.sk\/","name":"Pova\u017esk\u00e9 m\u00fazeum","description":"Pova\u017esk\u00e9 m\u00fazeum v \u017diline je region\u00e1lne m\u00fazeum so s\u00eddlom v Budat\u00edne. Jeho expoz\u00edcie s\u00fa zameran\u00e9 na dejiny slovensk\u00e9ho umenia, kult\u00fary a dopravy.","publisher":{"@id":"https:\/\/pmza.sk\/#organization"},"potentialAction":[{"@type":"SearchAction","target":{"@type":"EntryPoint","urlTemplate":"https:\/\/pmza.sk\/?s={search_term_string}"},"query-input":{"@type":"PropertyValueSpecification","valueRequired":true,"valueName":"search_term_string"}}],"inLanguage":"sk-SK"},{"@type":"Organization","@id":"https:\/\/pmza.sk\/#organization","name":"Pova\u017esk\u00e9 m\u00fazeum","url":"https:\/\/pmza.sk\/","logo":{"@type":"ImageObject","inLanguage":"sk-SK","@id":"https:\/\/pmza.sk\/#\/schema\/logo\/image\/","url":"https:\/\/pmza.sk\/wp-content\/uploads\/2022\/01\/logo_PM_horizontal.jpg","contentUrl":"https:\/\/pmza.sk\/wp-content\/uploads\/2022\/01\/logo_PM_horizontal.jpg","width":231,"height":142,"caption":"Pova\u017esk\u00e9 m\u00fazeum"},"image":{"@id":"https:\/\/pmza.sk\/#\/schema\/logo\/image\/"},"sameAs":["https:\/\/www.facebook.com\/povazskemuzeum","https:\/\/www.instagram.com\/povazskemuzeum\/"]},{"@type":"Person","@id":"https:\/\/pmza.sk\/#\/schema\/person\/595e6a2ce731ea94dcd5d7f50a41ae33","name":"Pova\u017esk\u00e9 m\u00fazeum","image":{"@type":"ImageObject","inLanguage":"sk-SK","@id":"https:\/\/secure.gravatar.com\/avatar\/2bb7f1561282132fb5826dfeccc66c7996d11ee392ac6aaf7ced8a1c2027fbb2?s=96&d=mm&r=g","url":"https:\/\/secure.gravatar.com\/avatar\/2bb7f1561282132fb5826dfeccc66c7996d11ee392ac6aaf7ced8a1c2027fbb2?s=96&d=mm&r=g","contentUrl":"https:\/\/secure.gravatar.com\/avatar\/2bb7f1561282132fb5826dfeccc66c7996d11ee392ac6aaf7ced8a1c2027fbb2?s=96&d=mm&r=g","caption":"Pova\u017esk\u00e9 m\u00fazeum"}}]}},"_links":{"self":[{"href":"https:\/\/pmza.sk\/index.php?rest_route=\/wp\/v2\/posts\/55513","targetHints":{"allow":["GET"]}}],"collection":[{"href":"https:\/\/pmza.sk\/index.php?rest_route=\/wp\/v2\/posts"}],"about":[{"href":"https:\/\/pmza.sk\/index.php?rest_route=\/wp\/v2\/types\/post"}],"author":[{"embeddable":true,"href":"https:\/\/pmza.sk\/index.php?rest_route=\/wp\/v2\/users\/2"}],"replies":[{"embeddable":true,"href":"https:\/\/pmza.sk\/index.php?rest_route=%2Fwp%2Fv2%2Fcomments&post=55513"}],"version-history":[{"count":0,"href":"https:\/\/pmza.sk\/index.php?rest_route=\/wp\/v2\/posts\/55513\/revisions"}],"wp:featuredmedia":[{"embeddable":true,"href":"https:\/\/pmza.sk\/index.php?rest_route=\/wp\/v2\/media\/55516"}],"wp:attachment":[{"href":"https:\/\/pmza.sk\/index.php?rest_route=%2Fwp%2Fv2%2Fmedia&parent=55513"}],"wp:term":[{"taxonomy":"category","embeddable":true,"href":"https:\/\/pmza.sk\/index.php?rest_route=%2Fwp%2Fv2%2Fcategories&post=55513"},{"taxonomy":"post_tag","embeddable":true,"href":"https:\/\/pmza.sk\/index.php?rest_route=%2Fwp%2Fv2%2Ftags&post=55513"}],"curies":[{"name":"wp","href":"https:\/\/api.w.org\/{rel}","templated":true}]}}