{"id":55642,"date":"2023-03-30T09:12:03","date_gmt":"2023-03-30T07:12:03","guid":{"rendered":"https:\/\/pmza.sk\/?p=55642"},"modified":"2023-04-25T11:31:24","modified_gmt":"2023-04-25T09:31:24","slug":"jarna-vychadzka-ku-dnu-zeme","status":"publish","type":"post","link":"https:\/\/pmza.sk\/?p=55642","title":{"rendered":"Jarn\u00e1 vych\u00e1dzka ku D\u0148u Zeme"},"content":{"rendered":"<p>Lektorovan\u00e1 vych\u00e1dzka do Terchovej pod veden\u00edm pr\u00edrodovedn\u00fdch pracovn\u00edkov Pova\u017esk\u00e9ho m\u00fazea. Pozorovanie vt\u00e1ctva a spozn\u00e1vanie fl\u00f3ry l\u00fa\u010dnych aj lesn\u00fdch biotopov terchovsk\u00fdch lazov. Rozpr\u00e1vanie uprostred preb\u00fadzaj\u00facej sa jarnej pr\u00edrody o\u00a0hist\u00f3rii aj s\u00fa\u010dasnosti jej ochrany. K\u00a0dispoz\u00edcii bude monokul\u00e1rny \u010falekoh\u013ead na pozorovanie vt\u00e1ctva.<\/p>\n<p>Miestom stretnutia je autobusov\u00e1 zast\u00e1vka Terchov\u00e1, \u0160\u00edpkov\u00e1 o 11.15. Vych\u00e1dzka trv\u00e1 pribli\u017ene 5 hod\u00edn aj s v\u00fdkladom a trasa m\u00e1 d\u013a\u017eku asi 8 km. Podujatie je vhodn\u00e9 pre ka\u017ed\u00fa vekov\u00fa kateg\u00f3riu. Vstupn\u00e9 je 2 \u20ac, deti do 6 rokov zdarma.<\/p>\n<p>Kontakt: <a href=\"mailto:kickova@pmza.sk\">kickova@pmza.sk<\/a>, tel. \u010d. 0917 868520, <a href=\"mailto:kicko@pmza.sk\">kicko@pmza.sk<\/a>, tel. \u010d. 0917 868520.<\/p>\n<p><em>Zak\u00fapenie monokul\u00e1rneho \u010falekoh\u013eadu z\u00a0verejn\u00fdch zdrojov podporil Fond na podporu umenia.<\/em><\/p>\n<div class=\"wp-block-image\"><img decoding=\"async\" class=\"alignnone wp-image-55650\" src=\"https:\/\/pmza.sk\/wp-content\/uploads\/2023\/03\/FPU_logo1_modre-480x360.jpg\" alt=\"\" width=\"204\" height=\"153\" srcset=\"https:\/\/pmza.sk\/wp-content\/uploads\/2023\/03\/FPU_logo1_modre-480x360.jpg 480w, https:\/\/pmza.sk\/wp-content\/uploads\/2023\/03\/FPU_logo1_modre-982x736.jpg 982w, https:\/\/pmza.sk\/wp-content\/uploads\/2023\/03\/FPU_logo1_modre-768x576.jpg 768w, https:\/\/pmza.sk\/wp-content\/uploads\/2023\/03\/FPU_logo1_modre-1536x1152.jpg 1536w, https:\/\/pmza.sk\/wp-content\/uploads\/2023\/03\/FPU_logo1_modre-2048x1536.jpg 2048w, https:\/\/pmza.sk\/wp-content\/uploads\/2023\/03\/FPU_logo1_modre-600x450.jpg 600w\" sizes=\"(max-width: 204px) 100vw, 204px\" \/><\/div>\n<div><\/div>\n<div>\n<div class=\"wp-block-image\"><img fetchpriority=\"high\" decoding=\"async\" class=\"alignnone size-medium wp-image-55653\" src=\"https:\/\/pmza.sk\/wp-content\/uploads\/2023\/03\/Jarna_vychadzka_K1-1-255x360.jpg\" alt=\"\" width=\"255\" height=\"360\" srcset=\"https:\/\/pmza.sk\/wp-content\/uploads\/2023\/03\/Jarna_vychadzka_K1-1-255x360.jpg 255w, https:\/\/pmza.sk\/wp-content\/uploads\/2023\/03\/Jarna_vychadzka_K1-1-520x736.jpg 520w, https:\/\/pmza.sk\/wp-content\/uploads\/2023\/03\/Jarna_vychadzka_K1-1-768x1086.jpg 768w, https:\/\/pmza.sk\/wp-content\/uploads\/2023\/03\/Jarna_vychadzka_K1-1-1086x1536.jpg 1086w, https:\/\/pmza.sk\/wp-content\/uploads\/2023\/03\/Jarna_vychadzka_K1-1-1448x2048.jpg 1448w, https:\/\/pmza.sk\/wp-content\/uploads\/2023\/03\/Jarna_vychadzka_K1-1-600x849.jpg 600w, https:\/\/pmza.sk\/wp-content\/uploads\/2023\/03\/Jarna_vychadzka_K1-1-scaled.jpg 1810w\" sizes=\"(max-width: 255px) 100vw, 255px\" \/><\/div>\n<\/div>\n<div class=\"wp-block-image\"><\/div>\n<p>Plag\u00e1t v plnej ve\u013ekosti <a href=\"https:\/\/pmza.sk\/wp-content\/uploads\/2023\/03\/Jarna_vychadzka_K1-1.pdf\">TU<\/a><\/p>\n<p>&nbsp;<\/p>\n","protected":false},"excerpt":{"rendered":"<p>Lektorovan\u00e1 vych\u00e1dzka do Terchovej pod veden\u00edm pr\u00edrodovedn\u00fdch pracovn\u00edkov Pova\u017esk\u00e9ho m\u00fazea. Pozorovanie vt\u00e1ctva a spozn\u00e1vanie fl\u00f3ry l\u00fa\u010dnych aj lesn\u00fdch biotopov terchovsk\u00fdch lazov. Rozpr\u00e1vanie uprostred preb\u00fadzaj\u00facej sa jarnej pr\u00edrody o\u00a0hist\u00f3rii aj s\u00fa\u010dasnosti jej ochrany. K\u00a0dispoz\u00edcii bude monokul\u00e1rny \u010falekoh\u013ead na pozorovanie vt\u00e1ctva. Miestom stretnutia je autobusov\u00e1 zast\u00e1vka Terchov\u00e1, \u0160\u00edpkov\u00e1 o 11.15. Vych\u00e1dzka trv\u00e1 pribli\u017ene 5 hod\u00edn aj s [&hellip;]<\/p>\n","protected":false},"author":2,"featured_media":55645,"comment_status":"open","ping_status":"open","sticky":false,"template":"","format":"standard","meta":{"site-sidebar-layout":"default","site-content-layout":"default","ast-site-content-layout":"","site-content-style":"default","site-sidebar-style":"default","ast-global-header-display":"","ast-banner-title-visibility":"","ast-main-header-display":"","ast-hfb-above-header-display":"","ast-hfb-below-header-display":"","ast-hfb-mobile-header-display":"","site-post-title":"","ast-breadcrumbs-content":"","ast-featured-img":"","footer-sml-layout":"","theme-transparent-header-meta":"default","adv-header-id-meta":"","stick-header-meta":"default","header-above-stick-meta":"","header-main-stick-meta":"","header-below-stick-meta":"","astra-migrate-meta-layouts":"default","ast-page-background-enabled":"default","ast-page-background-meta":{"desktop":{"background-color":"var(--ast-global-color-4)","background-image":"","background-repeat":"repeat","background-position":"center center","background-size":"auto","background-attachment":"scroll","background-type":"","background-media":"","overlay-type":"","overlay-color":"","overlay-opacity":"","overlay-gradient":""},"tablet":{"background-color":"","background-image":"","background-repeat":"repeat","background-position":"center center","background-size":"auto","background-attachment":"scroll","background-type":"","background-media":"","overlay-type":"","overlay-color":"","overlay-opacity":"","overlay-gradient":""},"mobile":{"background-color":"","background-image":"","background-repeat":"repeat","background-position":"center center","background-size":"auto","background-attachment":"scroll","background-type":"","background-media":"","overlay-type":"","overlay-color":"","overlay-opacity":"","overlay-gradient":""}},"ast-content-background-meta":{"desktop":{"background-color":"var(--ast-global-color-5)","background-image":"","background-repeat":"repeat","background-position":"center center","background-size":"auto","background-attachment":"scroll","background-type":"","background-media":"","overlay-type":"","overlay-color":"","overlay-opacity":"","overlay-gradient":""},"tablet":{"background-color":"var(--ast-global-color-5)","background-image":"","background-repeat":"repeat","background-position":"center center","background-size":"auto","background-attachment":"scroll","background-type":"","background-media":"","overlay-type":"","overlay-color":"","overlay-opacity":"","overlay-gradient":""},"mobile":{"background-color":"var(--ast-global-color-5)","background-image":"","background-repeat":"repeat","background-position":"center center","background-size":"auto","background-attachment":"scroll","background-type":"","background-media":"","overlay-type":"","overlay-color":"","overlay-opacity":"","overlay-gradient":""}},"footnotes":""},"categories":[71],"tags":[],"class_list":["post-55642","post","type-post","status-publish","format-standard","has-post-thumbnail","hentry","category-podujatia"],"yoast_head":"<!-- This site is optimized with the Yoast SEO plugin v27.4 - https:\/\/yoast.com\/product\/yoast-seo-wordpress\/ -->\n<title>Jarn\u00e1 vych\u00e1dzka ku D\u0148u Zeme - Pova\u017esk\u00e9 m\u00fazeum<\/title>\n<meta name=\"robots\" content=\"index, follow, max-snippet:-1, max-image-preview:large, max-video-preview:-1\" \/>\n<link rel=\"canonical\" href=\"https:\/\/pmza.sk\/?p=55642\" \/>\n<meta property=\"og:locale\" content=\"sk_SK\" \/>\n<meta property=\"og:type\" content=\"article\" \/>\n<meta property=\"og:title\" content=\"Jarn\u00e1 vych\u00e1dzka ku D\u0148u Zeme - Pova\u017esk\u00e9 m\u00fazeum\" \/>\n<meta property=\"og:description\" content=\"Lektorovan\u00e1 vych\u00e1dzka do Terchovej pod veden\u00edm pr\u00edrodovedn\u00fdch pracovn\u00edkov Pova\u017esk\u00e9ho m\u00fazea. Pozorovanie vt\u00e1ctva a spozn\u00e1vanie fl\u00f3ry l\u00fa\u010dnych aj lesn\u00fdch biotopov terchovsk\u00fdch lazov. Rozpr\u00e1vanie uprostred preb\u00fadzaj\u00facej sa jarnej pr\u00edrody o\u00a0hist\u00f3rii aj s\u00fa\u010dasnosti jej ochrany. K\u00a0dispoz\u00edcii bude monokul\u00e1rny \u010falekoh\u013ead na pozorovanie vt\u00e1ctva. Miestom stretnutia je autobusov\u00e1 zast\u00e1vka Terchov\u00e1, \u0160\u00edpkov\u00e1 o 11.15. Vych\u00e1dzka trv\u00e1 pribli\u017ene 5 hod\u00edn aj s [&hellip;]\" \/>\n<meta property=\"og:url\" content=\"https:\/\/pmza.sk\/?p=55642\" \/>\n<meta property=\"og:site_name\" content=\"Pova\u017esk\u00e9 m\u00fazeum\" \/>\n<meta property=\"article:publisher\" content=\"https:\/\/www.facebook.com\/povazskemuzeum\" \/>\n<meta property=\"article:published_time\" content=\"2023-03-30T07:12:03+00:00\" \/>\n<meta property=\"article:modified_time\" content=\"2023-04-25T09:31:24+00:00\" \/>\n<meta property=\"og:image\" content=\"https:\/\/pmza.sk\/wp-content\/uploads\/2023\/03\/Jarna_vychadzka_web-scaled.jpg\" \/>\n\t<meta property=\"og:image:width\" content=\"2560\" \/>\n\t<meta property=\"og:image:height\" content=\"2560\" \/>\n\t<meta property=\"og:image:type\" content=\"image\/jpeg\" \/>\n<meta name=\"author\" content=\"Pova\u017esk\u00e9 m\u00fazeum\" \/>\n<meta name=\"twitter:card\" content=\"summary_large_image\" \/>\n<meta name=\"twitter:label1\" content=\"Autor\" \/>\n\t<meta name=\"twitter:data1\" content=\"Pova\u017esk\u00e9 m\u00fazeum\" \/>\n\t<meta name=\"twitter:label2\" content=\"Predpokladan\u00fd \u010das \u010d\u00edtania\" \/>\n\t<meta name=\"twitter:data2\" content=\"1 min\u00fata\" \/>\n<script type=\"application\/ld+json\" class=\"yoast-schema-graph\">{\"@context\":\"https:\\\/\\\/schema.org\",\"@graph\":[{\"@type\":\"Article\",\"@id\":\"https:\\\/\\\/pmza.sk\\\/?p=55642#article\",\"isPartOf\":{\"@id\":\"https:\\\/\\\/pmza.sk\\\/?p=55642\"},\"author\":{\"name\":\"Pova\u017esk\u00e9 m\u00fazeum\",\"@id\":\"https:\\\/\\\/pmza.sk\\\/#\\\/schema\\\/person\\\/595e6a2ce731ea94dcd5d7f50a41ae33\"},\"headline\":\"Jarn\u00e1 vych\u00e1dzka ku D\u0148u Zeme\",\"datePublished\":\"2023-03-30T07:12:03+00:00\",\"dateModified\":\"2023-04-25T09:31:24+00:00\",\"mainEntityOfPage\":{\"@id\":\"https:\\\/\\\/pmza.sk\\\/?p=55642\"},\"wordCount\":146,\"commentCount\":0,\"publisher\":{\"@id\":\"https:\\\/\\\/pmza.sk\\\/#organization\"},\"image\":{\"@id\":\"https:\\\/\\\/pmza.sk\\\/?p=55642#primaryimage\"},\"thumbnailUrl\":\"https:\\\/\\\/pmza.sk\\\/wp-content\\\/uploads\\\/2023\\\/03\\\/Jarna_vychadzka_web-scaled.jpg\",\"articleSection\":[\"Podujatia\"],\"inLanguage\":\"sk-SK\"},{\"@type\":\"WebPage\",\"@id\":\"https:\\\/\\\/pmza.sk\\\/?p=55642\",\"url\":\"https:\\\/\\\/pmza.sk\\\/?p=55642\",\"name\":\"Jarn\u00e1 vych\u00e1dzka ku D\u0148u Zeme - Pova\u017esk\u00e9 m\u00fazeum\",\"isPartOf\":{\"@id\":\"https:\\\/\\\/pmza.sk\\\/#website\"},\"primaryImageOfPage\":{\"@id\":\"https:\\\/\\\/pmza.sk\\\/?p=55642#primaryimage\"},\"image\":{\"@id\":\"https:\\\/\\\/pmza.sk\\\/?p=55642#primaryimage\"},\"thumbnailUrl\":\"https:\\\/\\\/pmza.sk\\\/wp-content\\\/uploads\\\/2023\\\/03\\\/Jarna_vychadzka_web-scaled.jpg\",\"datePublished\":\"2023-03-30T07:12:03+00:00\",\"dateModified\":\"2023-04-25T09:31:24+00:00\",\"breadcrumb\":{\"@id\":\"https:\\\/\\\/pmza.sk\\\/?p=55642#breadcrumb\"},\"inLanguage\":\"sk-SK\",\"potentialAction\":[{\"@type\":\"ReadAction\",\"target\":[\"https:\\\/\\\/pmza.sk\\\/?p=55642\"]}]},{\"@type\":\"ImageObject\",\"inLanguage\":\"sk-SK\",\"@id\":\"https:\\\/\\\/pmza.sk\\\/?p=55642#primaryimage\",\"url\":\"https:\\\/\\\/pmza.sk\\\/wp-content\\\/uploads\\\/2023\\\/03\\\/Jarna_vychadzka_web-scaled.jpg\",\"contentUrl\":\"https:\\\/\\\/pmza.sk\\\/wp-content\\\/uploads\\\/2023\\\/03\\\/Jarna_vychadzka_web-scaled.jpg\",\"width\":2560,\"height\":2560},{\"@type\":\"BreadcrumbList\",\"@id\":\"https:\\\/\\\/pmza.sk\\\/?p=55642#breadcrumb\",\"itemListElement\":[{\"@type\":\"ListItem\",\"position\":1,\"name\":\"Domovsk\u00e1 str\u00e1nka\",\"item\":\"https:\\\/\\\/pmza.sk\\\/\"},{\"@type\":\"ListItem\",\"position\":2,\"name\":\"Jarn\u00e1 vych\u00e1dzka ku D\u0148u Zeme\"}]},{\"@type\":\"WebSite\",\"@id\":\"https:\\\/\\\/pmza.sk\\\/#website\",\"url\":\"https:\\\/\\\/pmza.sk\\\/\",\"name\":\"Pova\u017esk\u00e9 m\u00fazeum\",\"description\":\"Pova\u017esk\u00e9 m\u00fazeum v \u017diline je region\u00e1lne m\u00fazeum so s\u00eddlom v Budat\u00edne. Jeho expoz\u00edcie s\u00fa zameran\u00e9 na dejiny slovensk\u00e9ho umenia, kult\u00fary a dopravy.\",\"publisher\":{\"@id\":\"https:\\\/\\\/pmza.sk\\\/#organization\"},\"potentialAction\":[{\"@type\":\"SearchAction\",\"target\":{\"@type\":\"EntryPoint\",\"urlTemplate\":\"https:\\\/\\\/pmza.sk\\\/?s={search_term_string}\"},\"query-input\":{\"@type\":\"PropertyValueSpecification\",\"valueRequired\":true,\"valueName\":\"search_term_string\"}}],\"inLanguage\":\"sk-SK\"},{\"@type\":\"Organization\",\"@id\":\"https:\\\/\\\/pmza.sk\\\/#organization\",\"name\":\"Pova\u017esk\u00e9 m\u00fazeum\",\"url\":\"https:\\\/\\\/pmza.sk\\\/\",\"logo\":{\"@type\":\"ImageObject\",\"inLanguage\":\"sk-SK\",\"@id\":\"https:\\\/\\\/pmza.sk\\\/#\\\/schema\\\/logo\\\/image\\\/\",\"url\":\"https:\\\/\\\/pmza.sk\\\/wp-content\\\/uploads\\\/2022\\\/01\\\/logo_PM_horizontal.jpg\",\"contentUrl\":\"https:\\\/\\\/pmza.sk\\\/wp-content\\\/uploads\\\/2022\\\/01\\\/logo_PM_horizontal.jpg\",\"width\":231,\"height\":142,\"caption\":\"Pova\u017esk\u00e9 m\u00fazeum\"},\"image\":{\"@id\":\"https:\\\/\\\/pmza.sk\\\/#\\\/schema\\\/logo\\\/image\\\/\"},\"sameAs\":[\"https:\\\/\\\/www.facebook.com\\\/povazskemuzeum\",\"https:\\\/\\\/www.instagram.com\\\/povazskemuzeum\\\/\"]},{\"@type\":\"Person\",\"@id\":\"https:\\\/\\\/pmza.sk\\\/#\\\/schema\\\/person\\\/595e6a2ce731ea94dcd5d7f50a41ae33\",\"name\":\"Pova\u017esk\u00e9 m\u00fazeum\",\"image\":{\"@type\":\"ImageObject\",\"inLanguage\":\"sk-SK\",\"@id\":\"https:\\\/\\\/secure.gravatar.com\\\/avatar\\\/2bb7f1561282132fb5826dfeccc66c7996d11ee392ac6aaf7ced8a1c2027fbb2?s=96&d=mm&r=g\",\"url\":\"https:\\\/\\\/secure.gravatar.com\\\/avatar\\\/2bb7f1561282132fb5826dfeccc66c7996d11ee392ac6aaf7ced8a1c2027fbb2?s=96&d=mm&r=g\",\"contentUrl\":\"https:\\\/\\\/secure.gravatar.com\\\/avatar\\\/2bb7f1561282132fb5826dfeccc66c7996d11ee392ac6aaf7ced8a1c2027fbb2?s=96&d=mm&r=g\",\"caption\":\"Pova\u017esk\u00e9 m\u00fazeum\"}}]}<\/script>\n<!-- \/ Yoast SEO plugin. -->","yoast_head_json":{"title":"Jarn\u00e1 vych\u00e1dzka ku D\u0148u Zeme - Pova\u017esk\u00e9 m\u00fazeum","robots":{"index":"index","follow":"follow","max-snippet":"max-snippet:-1","max-image-preview":"max-image-preview:large","max-video-preview":"max-video-preview:-1"},"canonical":"https:\/\/pmza.sk\/?p=55642","og_locale":"sk_SK","og_type":"article","og_title":"Jarn\u00e1 vych\u00e1dzka ku D\u0148u Zeme - Pova\u017esk\u00e9 m\u00fazeum","og_description":"Lektorovan\u00e1 vych\u00e1dzka do Terchovej pod veden\u00edm pr\u00edrodovedn\u00fdch pracovn\u00edkov Pova\u017esk\u00e9ho m\u00fazea. Pozorovanie vt\u00e1ctva a spozn\u00e1vanie fl\u00f3ry l\u00fa\u010dnych aj lesn\u00fdch biotopov terchovsk\u00fdch lazov. Rozpr\u00e1vanie uprostred preb\u00fadzaj\u00facej sa jarnej pr\u00edrody o\u00a0hist\u00f3rii aj s\u00fa\u010dasnosti jej ochrany. K\u00a0dispoz\u00edcii bude monokul\u00e1rny \u010falekoh\u013ead na pozorovanie vt\u00e1ctva. Miestom stretnutia je autobusov\u00e1 zast\u00e1vka Terchov\u00e1, \u0160\u00edpkov\u00e1 o 11.15. Vych\u00e1dzka trv\u00e1 pribli\u017ene 5 hod\u00edn aj s [&hellip;]","og_url":"https:\/\/pmza.sk\/?p=55642","og_site_name":"Pova\u017esk\u00e9 m\u00fazeum","article_publisher":"https:\/\/www.facebook.com\/povazskemuzeum","article_published_time":"2023-03-30T07:12:03+00:00","article_modified_time":"2023-04-25T09:31:24+00:00","og_image":[{"width":2560,"height":2560,"url":"https:\/\/pmza.sk\/wp-content\/uploads\/2023\/03\/Jarna_vychadzka_web-scaled.jpg","type":"image\/jpeg"}],"author":"Pova\u017esk\u00e9 m\u00fazeum","twitter_card":"summary_large_image","twitter_misc":{"Autor":"Pova\u017esk\u00e9 m\u00fazeum","Predpokladan\u00fd \u010das \u010d\u00edtania":"1 min\u00fata"},"schema":{"@context":"https:\/\/schema.org","@graph":[{"@type":"Article","@id":"https:\/\/pmza.sk\/?p=55642#article","isPartOf":{"@id":"https:\/\/pmza.sk\/?p=55642"},"author":{"name":"Pova\u017esk\u00e9 m\u00fazeum","@id":"https:\/\/pmza.sk\/#\/schema\/person\/595e6a2ce731ea94dcd5d7f50a41ae33"},"headline":"Jarn\u00e1 vych\u00e1dzka ku D\u0148u Zeme","datePublished":"2023-03-30T07:12:03+00:00","dateModified":"2023-04-25T09:31:24+00:00","mainEntityOfPage":{"@id":"https:\/\/pmza.sk\/?p=55642"},"wordCount":146,"commentCount":0,"publisher":{"@id":"https:\/\/pmza.sk\/#organization"},"image":{"@id":"https:\/\/pmza.sk\/?p=55642#primaryimage"},"thumbnailUrl":"https:\/\/pmza.sk\/wp-content\/uploads\/2023\/03\/Jarna_vychadzka_web-scaled.jpg","articleSection":["Podujatia"],"inLanguage":"sk-SK"},{"@type":"WebPage","@id":"https:\/\/pmza.sk\/?p=55642","url":"https:\/\/pmza.sk\/?p=55642","name":"Jarn\u00e1 vych\u00e1dzka ku D\u0148u Zeme - Pova\u017esk\u00e9 m\u00fazeum","isPartOf":{"@id":"https:\/\/pmza.sk\/#website"},"primaryImageOfPage":{"@id":"https:\/\/pmza.sk\/?p=55642#primaryimage"},"image":{"@id":"https:\/\/pmza.sk\/?p=55642#primaryimage"},"thumbnailUrl":"https:\/\/pmza.sk\/wp-content\/uploads\/2023\/03\/Jarna_vychadzka_web-scaled.jpg","datePublished":"2023-03-30T07:12:03+00:00","dateModified":"2023-04-25T09:31:24+00:00","breadcrumb":{"@id":"https:\/\/pmza.sk\/?p=55642#breadcrumb"},"inLanguage":"sk-SK","potentialAction":[{"@type":"ReadAction","target":["https:\/\/pmza.sk\/?p=55642"]}]},{"@type":"ImageObject","inLanguage":"sk-SK","@id":"https:\/\/pmza.sk\/?p=55642#primaryimage","url":"https:\/\/pmza.sk\/wp-content\/uploads\/2023\/03\/Jarna_vychadzka_web-scaled.jpg","contentUrl":"https:\/\/pmza.sk\/wp-content\/uploads\/2023\/03\/Jarna_vychadzka_web-scaled.jpg","width":2560,"height":2560},{"@type":"BreadcrumbList","@id":"https:\/\/pmza.sk\/?p=55642#breadcrumb","itemListElement":[{"@type":"ListItem","position":1,"name":"Domovsk\u00e1 str\u00e1nka","item":"https:\/\/pmza.sk\/"},{"@type":"ListItem","position":2,"name":"Jarn\u00e1 vych\u00e1dzka ku D\u0148u Zeme"}]},{"@type":"WebSite","@id":"https:\/\/pmza.sk\/#website","url":"https:\/\/pmza.sk\/","name":"Pova\u017esk\u00e9 m\u00fazeum","description":"Pova\u017esk\u00e9 m\u00fazeum v \u017diline je region\u00e1lne m\u00fazeum so s\u00eddlom v Budat\u00edne. Jeho expoz\u00edcie s\u00fa zameran\u00e9 na dejiny slovensk\u00e9ho umenia, kult\u00fary a dopravy.","publisher":{"@id":"https:\/\/pmza.sk\/#organization"},"potentialAction":[{"@type":"SearchAction","target":{"@type":"EntryPoint","urlTemplate":"https:\/\/pmza.sk\/?s={search_term_string}"},"query-input":{"@type":"PropertyValueSpecification","valueRequired":true,"valueName":"search_term_string"}}],"inLanguage":"sk-SK"},{"@type":"Organization","@id":"https:\/\/pmza.sk\/#organization","name":"Pova\u017esk\u00e9 m\u00fazeum","url":"https:\/\/pmza.sk\/","logo":{"@type":"ImageObject","inLanguage":"sk-SK","@id":"https:\/\/pmza.sk\/#\/schema\/logo\/image\/","url":"https:\/\/pmza.sk\/wp-content\/uploads\/2022\/01\/logo_PM_horizontal.jpg","contentUrl":"https:\/\/pmza.sk\/wp-content\/uploads\/2022\/01\/logo_PM_horizontal.jpg","width":231,"height":142,"caption":"Pova\u017esk\u00e9 m\u00fazeum"},"image":{"@id":"https:\/\/pmza.sk\/#\/schema\/logo\/image\/"},"sameAs":["https:\/\/www.facebook.com\/povazskemuzeum","https:\/\/www.instagram.com\/povazskemuzeum\/"]},{"@type":"Person","@id":"https:\/\/pmza.sk\/#\/schema\/person\/595e6a2ce731ea94dcd5d7f50a41ae33","name":"Pova\u017esk\u00e9 m\u00fazeum","image":{"@type":"ImageObject","inLanguage":"sk-SK","@id":"https:\/\/secure.gravatar.com\/avatar\/2bb7f1561282132fb5826dfeccc66c7996d11ee392ac6aaf7ced8a1c2027fbb2?s=96&d=mm&r=g","url":"https:\/\/secure.gravatar.com\/avatar\/2bb7f1561282132fb5826dfeccc66c7996d11ee392ac6aaf7ced8a1c2027fbb2?s=96&d=mm&r=g","contentUrl":"https:\/\/secure.gravatar.com\/avatar\/2bb7f1561282132fb5826dfeccc66c7996d11ee392ac6aaf7ced8a1c2027fbb2?s=96&d=mm&r=g","caption":"Pova\u017esk\u00e9 m\u00fazeum"}}]}},"_links":{"self":[{"href":"https:\/\/pmza.sk\/index.php?rest_route=\/wp\/v2\/posts\/55642","targetHints":{"allow":["GET"]}}],"collection":[{"href":"https:\/\/pmza.sk\/index.php?rest_route=\/wp\/v2\/posts"}],"about":[{"href":"https:\/\/pmza.sk\/index.php?rest_route=\/wp\/v2\/types\/post"}],"author":[{"embeddable":true,"href":"https:\/\/pmza.sk\/index.php?rest_route=\/wp\/v2\/users\/2"}],"replies":[{"embeddable":true,"href":"https:\/\/pmza.sk\/index.php?rest_route=%2Fwp%2Fv2%2Fcomments&post=55642"}],"version-history":[{"count":0,"href":"https:\/\/pmza.sk\/index.php?rest_route=\/wp\/v2\/posts\/55642\/revisions"}],"wp:featuredmedia":[{"embeddable":true,"href":"https:\/\/pmza.sk\/index.php?rest_route=\/wp\/v2\/media\/55645"}],"wp:attachment":[{"href":"https:\/\/pmza.sk\/index.php?rest_route=%2Fwp%2Fv2%2Fmedia&parent=55642"}],"wp:term":[{"taxonomy":"category","embeddable":true,"href":"https:\/\/pmza.sk\/index.php?rest_route=%2Fwp%2Fv2%2Fcategories&post=55642"},{"taxonomy":"post_tag","embeddable":true,"href":"https:\/\/pmza.sk\/index.php?rest_route=%2Fwp%2Fv2%2Ftags&post=55642"}],"curies":[{"name":"wp","href":"https:\/\/api.w.org\/{rel}","templated":true}]}}